{"id":84136,"date":"2025-06-24T02:17:53","date_gmt":"2025-06-24T00:17:53","guid":{"rendered":"https:\/\/centcols.org\/?p=84136"},"modified":"2025-10-15T03:16:50","modified_gmt":"2025-10-15T01:16:50","slug":"yves-bochent","status":"publish","type":"post","link":"https:\/\/centcols.org\/it\/yves-bochent\/","title":{"rendered":"Yves Bochent"},"content":{"rendered":"<p>cc 6526 Yves Bochent<\/p>\n\n\n\n<p>\u00c8 con grande tristezza che ho appena appreso della morte di Yves Bochent. Si \u00e8 unito al club nel 2007 e se n'\u00e8 andato nel 2022. Era sempre devoto, sempre pronto ad aiutare, come durante il nostro RP nella Foresta Nera, dove \u00e8 stato il nostro autista e rifornitore per tutta la settimana.<\/p>\n\n\n\n<p>I nostri pensieri sono rivolti alla moglie Malou e alla sua famiglia.<\/p>\n\n\n\n<p>Pierre Mai cc 4906<\/p>\n\n\n<div class=\"wp-block-image\">\n<figure class=\"aligncenter size-large is-resized\"><img loading=\"lazy\" decoding=\"async\" width=\"1440\" height=\"1920\" src=\"https:\/\/centcols.org\/wp-content\/uploads\/2025\/06\/bochent01-1440x1920.jpg\" alt=\"\" class=\"wp-image-84137\" style=\"width:294px;height:auto\" srcset=\"https:\/\/centcols.org\/wp-content\/uploads\/2025\/06\/bochent01-1440x1920.jpg 1440w, https:\/\/centcols.org\/wp-content\/uploads\/2025\/06\/bochent01-900x1200.jpg 900w, https:\/\/centcols.org\/wp-content\/uploads\/2025\/06\/bochent01-768x1024.jpg 768w, https:\/\/centcols.org\/wp-content\/uploads\/2025\/06\/bochent01-1152x1536.jpg 1152w, https:\/\/centcols.org\/wp-content\/uploads\/2025\/06\/bochent01-1536x2048.jpg 1536w, https:\/\/centcols.org\/wp-content\/uploads\/2025\/06\/bochent01.jpg 1716w\" sizes=\"auto, (max-width: 1440px) 100vw, 1440px\" \/><\/figure>\n<\/div>\n\n\n<hr class=\"wp-block-separator has-alpha-channel-opacity is-style-default\"\/>\n\n\n\n<p>La notizia mi ha commosso molto, perch\u00e9 il nostro bretone svizzero era una persona molto speciale per me.<\/p>\n\n\n\n<p>Non lo dimenticher\u00f2 mai, perch\u00e9 \u00e8 stata una persona che mi ha lasciato un'impressione duratura, con il suo lato malizioso ma accattivante su cui si poteva sempre contare.<\/p>\n\n\n\n<p>I miei migliori auguri a Malou e a tutta la sua famiglia.<\/p>\n\n\n\n<p>Jacques Bezzola cc 3842<\/p>\n\n\n\n<hr class=\"wp-block-separator has-alpha-channel-opacity is-style-default\"\/>\n\n\n\n<p>La notizia mi ha sconvolto.&nbsp;<\/p>\n\n\n\n<p>Yves era un ometto affettuoso, che ci ha accolto nella sua casa con il suo amato Malou dopo una delle vostre passeggiate.<\/p>\n\n\n\n<p>Lo ricorder\u00f2 sempre come un uomo discreto, dinamico e sempre con il sorriso sulle labbra.<\/p>\n\n\n\n<p>I nostri pensieri sono rivolti a Malou, alla sua famiglia e al club Rivi\u00e8ra.<\/p>\n\n\n\n<p>Kenavo, amico mio!<br>Mikael VIALLE cc 5807<\/p>\n\n\n\n<hr class=\"wp-block-separator has-alpha-channel-opacity is-style-default\"\/>\n\n\n\n<p>\u00c8 una notizia che ha sconvolto anche me. Ho conosciuto Yves nel 2011, quando stavo girando la Francia il pi\u00f9 vicino possibile alla costa e ai confini. Sapendo che avevo programmato un'incursione in Svizzera per avvicinarmi il pi\u00f9 possibile ai confini, Yves Breton, svizzero, che non mi conosceva personalmente, mi ha contattato tramite i commenti sul mio blog di viaggio. Sarei passato molto vicino a casa sua e mi ha invitato a fermarmi l\u00ec.<br>Mi \u00e8 venuto incontro sul Col de la Forclaz accompagnato da Bernard Besson (cc 550) per portarmi a casa sua a Saint-Triphon.<\/p>\n\n\n\n<figure class=\"wp-block-gallery aligncenter has-nested-images columns-default is-cropped wp-block-gallery-1 is-layout-flex wp-block-gallery-is-layout-flex\">\n<figure class=\"wp-block-image size-full\"><img loading=\"lazy\" decoding=\"async\" width=\"1024\" height=\"768\" data-id=\"84138\" src=\"https:\/\/centcols.org\/wp-content\/uploads\/2025\/06\/bochent02.jpg\" alt=\"\" class=\"wp-image-84138\" srcset=\"https:\/\/centcols.org\/wp-content\/uploads\/2025\/06\/bochent02.jpg 1024w, https:\/\/centcols.org\/wp-content\/uploads\/2025\/06\/bochent02-768x576.jpg 768w\" sizes=\"auto, (max-width: 1024px) 100vw, 1024px\" \/><figcaption class=\"wp-element-caption\">primo incontro con Yves sul Col de la Forclaz<\/figcaption><\/figure>\n\n\n\n<figure class=\"wp-block-image size-full\"><img loading=\"lazy\" decoding=\"async\" width=\"576\" height=\"768\" data-id=\"84139\" src=\"https:\/\/centcols.org\/wp-content\/uploads\/2025\/06\/bochent03.jpg\" alt=\"\" class=\"wp-image-84139\"\/><figcaption class=\"wp-element-caption\">da destra a sinistra Bernard Besson, Yves Bochent e R\u00e9gis Paraz<\/figcaption><\/figure>\n<\/figure>\n\n\n\n<p>Ho ricevuto un benvenuto regale da Malou e Yves. Uno dei ricordi pi\u00f9 belli di questo viaggio. Hanno dato il massimo ed \u00e8 stato un grande piacere conoscerli.<\/p>\n\n\n<div class=\"wp-block-image\">\n<figure class=\"aligncenter size-full\"><img loading=\"lazy\" decoding=\"async\" width=\"1024\" height=\"768\" src=\"https:\/\/centcols.org\/wp-content\/uploads\/2025\/06\/bochent04.jpg\" alt=\"\" class=\"wp-image-84140\" srcset=\"https:\/\/centcols.org\/wp-content\/uploads\/2025\/06\/bochent04.jpg 1024w, https:\/\/centcols.org\/wp-content\/uploads\/2025\/06\/bochent04-768x576.jpg 768w\" sizes=\"auto, (max-width: 1024px) 100vw, 1024px\" \/><figcaption class=\"wp-element-caption\">Yves sa come intrattenere<\/figcaption><\/figure>\n<\/div>\n\n\n<p>Yves odiava pedalare sotto la pioggia. Ma questo non gli ha impedito di accompagnarmi la mattina dopo a Saint-Gingolph per la mia ultima tappa. Ha percorso pi\u00f9 di quaranta chilometri sotto la pioggia battente solo per condividere un momento di amicizia.<\/p>\n\n\n\n<p>Yves<strong> <\/strong>era un personaggio colorato la cui presenza rallegrava ogni momento. La sua vitalit\u00e0 e il suo dinamismo erano contagiosi. Generoso di cuore e di spirito, sapeva come offrire il suo tempo, il suo sorriso e la sua gentilezza a chi lo circondava. Il suo ricordo rimarr\u00e0 impresso nella mia mente come fonte di ispirazione e di calore umano.<strong>.<\/strong><br>R\u00e9gis Paraz cc 3225<\/p>","protected":false},"excerpt":{"rendered":"<p>cc 6526 Yves Bochent C\u2019est avec beaucoup de tristesse que je viens d\u2019apprendre le d\u00e9c\u00e8s d\u2019Yves Bochent. Il \u00e9tait entr\u00e9 au club en 2007 et l\u2019avait quitt\u00e9 en 2022. Toujours d\u00e9vou\u00e9, bout en train et pr\u00eat \u00e0 rendre service comme lors de notre RP en For\u00eat Noire o\u00f9 il avait \u00e9t\u00e9 notre chauffeur et ravitailleur [&hellip;]<\/p>\n","protected":false},"author":3,"featured_media":84142,"comment_status":"open","ping_status":"closed","sticky":false,"template":"","format":"standard","meta":{"_acf_changed":false,"footnotes":""},"categories":[130],"tags":[],"class_list":["post-84136","post","type-post","status-publish","format-standard","has-post-thumbnail","hentry","category-carnet-noir"],"acf":[],"yoast_head":"<!-- This site is optimized with the Yoast SEO plugin v27.2 - https:\/\/yoast.com\/product\/yoast-seo-wordpress\/ -->\n<title>Yves Bochent - Club des Cent Cols<\/title>\n<meta name=\"robots\" content=\"index, follow, max-snippet:-1, max-image-preview:large, max-video-preview:-1\" \/>\n<link rel=\"canonical\" href=\"https:\/\/centcols.org\/it\/yves-bochent\/\" \/>\n<meta property=\"og:locale\" content=\"it_IT\" \/>\n<meta property=\"og:type\" content=\"article\" \/>\n<meta property=\"og:title\" content=\"Yves Bochent - Club des Cent Cols\" \/>\n<meta property=\"og:description\" content=\"cc 6526 Yves Bochent C\u2019est avec beaucoup de tristesse que je viens d\u2019apprendre le d\u00e9c\u00e8s d\u2019Yves Bochent. Il \u00e9tait entr\u00e9 au club en 2007 et l\u2019avait quitt\u00e9 en 2022. Toujours d\u00e9vou\u00e9, bout en train et pr\u00eat \u00e0 rendre service comme lors de notre RP en For\u00eat Noire o\u00f9 il avait \u00e9t\u00e9 notre chauffeur et ravitailleur [&hellip;]\" \/>\n<meta property=\"og:url\" content=\"https:\/\/centcols.org\/it\/yves-bochent\/\" \/>\n<meta property=\"og:site_name\" content=\"Club des Cent Cols\" \/>\n<meta property=\"article:publisher\" content=\"https:\/\/www.facebook.com\/groups\/5261880558\/?locale=fr_FR\" \/>\n<meta property=\"article:published_time\" content=\"2025-06-24T00:17:53+00:00\" \/>\n<meta property=\"article:modified_time\" content=\"2025-10-15T01:16:50+00:00\" \/>\n<meta property=\"og:image\" content=\"https:\/\/centcols.org\/wp-content\/uploads\/2025\/06\/bochent05.jpg\" \/>\n\t<meta property=\"og:image:width\" content=\"800\" \/>\n\t<meta property=\"og:image:height\" content=\"450\" \/>\n\t<meta property=\"og:image:type\" content=\"image\/jpeg\" \/>\n<meta name=\"author\" content=\"Webmestre\" \/>\n<meta name=\"twitter:card\" content=\"summary_large_image\" \/>\n<meta name=\"twitter:label1\" content=\"Scritto da\" \/>\n\t<meta name=\"twitter:data1\" content=\"Webmestre\" \/>\n\t<meta name=\"twitter:label2\" content=\"Tempo di lettura stimato\" \/>\n\t<meta name=\"twitter:data2\" content=\"4 minuti\" \/>\n<script type=\"application\/ld+json\" class=\"yoast-schema-graph\">{\"@context\":\"https:\/\/schema.org\",\"@graph\":[{\"@type\":\"Article\",\"@id\":\"https:\/\/centcols.org\/yves-bochent\/#article\",\"isPartOf\":{\"@id\":\"https:\/\/centcols.org\/yves-bochent\/\"},\"author\":{\"name\":\"Webmestre\",\"@id\":\"https:\/\/centcols.org\/#\/schema\/person\/911b404fb133d8c913dd27cdcf71c8e5\"},\"headline\":\"Yves Bochent\",\"datePublished\":\"2025-06-24T00:17:53+00:00\",\"dateModified\":\"2025-10-15T01:16:50+00:00\",\"mainEntityOfPage\":{\"@id\":\"https:\/\/centcols.org\/yves-bochent\/\"},\"wordCount\":503,\"commentCount\":0,\"publisher\":{\"@id\":\"https:\/\/centcols.org\/#organization\"},\"image\":{\"@id\":\"https:\/\/centcols.org\/yves-bochent\/#primaryimage\"},\"thumbnailUrl\":\"https:\/\/centcols.org\/wp-content\/uploads\/2025\/06\/bochent05.jpg\",\"articleSection\":[\"Carnet noir\"],\"inLanguage\":\"it-IT\",\"potentialAction\":[{\"@type\":\"CommentAction\",\"name\":\"Comment\",\"target\":[\"https:\/\/centcols.org\/yves-bochent\/#respond\"]}]},{\"@type\":\"WebPage\",\"@id\":\"https:\/\/centcols.org\/yves-bochent\/\",\"url\":\"https:\/\/centcols.org\/yves-bochent\/\",\"name\":\"Yves Bochent - Club des Cent Cols\",\"isPartOf\":{\"@id\":\"https:\/\/centcols.org\/#website\"},\"primaryImageOfPage\":{\"@id\":\"https:\/\/centcols.org\/yves-bochent\/#primaryimage\"},\"image\":{\"@id\":\"https:\/\/centcols.org\/yves-bochent\/#primaryimage\"},\"thumbnailUrl\":\"https:\/\/centcols.org\/wp-content\/uploads\/2025\/06\/bochent05.jpg\",\"datePublished\":\"2025-06-24T00:17:53+00:00\",\"dateModified\":\"2025-10-15T01:16:50+00:00\",\"breadcrumb\":{\"@id\":\"https:\/\/centcols.org\/yves-bochent\/#breadcrumb\"},\"inLanguage\":\"it-IT\",\"potentialAction\":[{\"@type\":\"ReadAction\",\"target\":[\"https:\/\/centcols.org\/yves-bochent\/\"]}]},{\"@type\":\"ImageObject\",\"inLanguage\":\"it-IT\",\"@id\":\"https:\/\/centcols.org\/yves-bochent\/#primaryimage\",\"url\":\"https:\/\/centcols.org\/wp-content\/uploads\/2025\/06\/bochent05.jpg\",\"contentUrl\":\"https:\/\/centcols.org\/wp-content\/uploads\/2025\/06\/bochent05.jpg\",\"width\":800,\"height\":450},{\"@type\":\"BreadcrumbList\",\"@id\":\"https:\/\/centcols.org\/yves-bochent\/#breadcrumb\",\"itemListElement\":[{\"@type\":\"ListItem\",\"position\":1,\"name\":\"Accueil\",\"item\":\"https:\/\/centcols.org\/\"},{\"@type\":\"ListItem\",\"position\":2,\"name\":\"Gazette\",\"item\":\"https:\/\/centcols.org\/rubrique\/gazette\/\"},{\"@type\":\"ListItem\",\"position\":3,\"name\":\"Carnet noir\",\"item\":\"https:\/\/centcols.org\/rubrique\/gazette\/carnet-noir\/\"},{\"@type\":\"ListItem\",\"position\":4,\"name\":\"Yves Bochent\"}]},{\"@type\":\"WebSite\",\"@id\":\"https:\/\/centcols.org\/#website\",\"url\":\"https:\/\/centcols.org\/\",\"name\":\"Club des Cent Cols\",\"description\":\"\",\"publisher\":{\"@id\":\"https:\/\/centcols.org\/#organization\"},\"potentialAction\":[{\"@type\":\"SearchAction\",\"target\":{\"@type\":\"EntryPoint\",\"urlTemplate\":\"https:\/\/centcols.org\/?s={search_term_string}\"},\"query-input\":{\"@type\":\"PropertyValueSpecification\",\"valueRequired\":true,\"valueName\":\"search_term_string\"}}],\"inLanguage\":\"it-IT\"},{\"@type\":\"Organization\",\"@id\":\"https:\/\/centcols.org\/#organization\",\"name\":\"Club des Cent Cols\",\"url\":\"https:\/\/centcols.org\/\",\"logo\":{\"@type\":\"ImageObject\",\"inLanguage\":\"it-IT\",\"@id\":\"https:\/\/centcols.org\/#\/schema\/logo\/image\/\",\"url\":\"https:\/\/centcols.org\/wp-content\/uploads\/2025\/01\/carte-icone.png\",\"contentUrl\":\"https:\/\/centcols.org\/wp-content\/uploads\/2025\/01\/carte-icone.png\",\"width\":250,\"height\":250,\"caption\":\"Club des Cent Cols\"},\"image\":{\"@id\":\"https:\/\/centcols.org\/#\/schema\/logo\/image\/\"},\"sameAs\":[\"https:\/\/www.facebook.com\/groups\/5261880558\/?locale=fr_FR\"]},{\"@type\":\"Person\",\"@id\":\"https:\/\/centcols.org\/#\/schema\/person\/911b404fb133d8c913dd27cdcf71c8e5\",\"name\":\"Webmestre\",\"image\":{\"@type\":\"ImageObject\",\"inLanguage\":\"it-IT\",\"@id\":\"https:\/\/centcols.org\/wp-content\/litespeed\/avatar\/2d246e4b6b4f773e08515e1ffc53690b.jpg?ver=1777222892\",\"url\":\"https:\/\/centcols.org\/wp-content\/litespeed\/avatar\/2d246e4b6b4f773e08515e1ffc53690b.jpg?ver=1777222892\",\"contentUrl\":\"https:\/\/centcols.org\/wp-content\/litespeed\/avatar\/2d246e4b6b4f773e08515e1ffc53690b.jpg?ver=1777222892\",\"caption\":\"Webmestre\"},\"url\":\"https:\/\/centcols.org\/it\/author\/webmestre\/\"}]}<\/script>\n<!-- \/ Yoast SEO plugin. -->","yoast_head_json":{"title":"Yves Bochent - Club des Cent Cols","robots":{"index":"index","follow":"follow","max-snippet":"max-snippet:-1","max-image-preview":"max-image-preview:large","max-video-preview":"max-video-preview:-1"},"canonical":"https:\/\/centcols.org\/it\/yves-bochent\/","og_locale":"it_IT","og_type":"article","og_title":"Yves Bochent - Club des Cent Cols","og_description":"cc 6526 Yves Bochent C\u2019est avec beaucoup de tristesse que je viens d\u2019apprendre le d\u00e9c\u00e8s d\u2019Yves Bochent. Il \u00e9tait entr\u00e9 au club en 2007 et l\u2019avait quitt\u00e9 en 2022. Toujours d\u00e9vou\u00e9, bout en train et pr\u00eat \u00e0 rendre service comme lors de notre RP en For\u00eat Noire o\u00f9 il avait \u00e9t\u00e9 notre chauffeur et ravitailleur [&hellip;]","og_url":"https:\/\/centcols.org\/it\/yves-bochent\/","og_site_name":"Club des Cent Cols","article_publisher":"https:\/\/www.facebook.com\/groups\/5261880558\/?locale=fr_FR","article_published_time":"2025-06-24T00:17:53+00:00","article_modified_time":"2025-10-15T01:16:50+00:00","og_image":[{"width":800,"height":450,"url":"https:\/\/centcols.org\/wp-content\/uploads\/2025\/06\/bochent05.jpg","type":"image\/jpeg"}],"author":"Webmestre","twitter_card":"summary_large_image","twitter_misc":{"Scritto da":"Webmestre","Tempo di lettura stimato":"4 minuti"},"schema":{"@context":"https:\/\/schema.org","@graph":[{"@type":"Article","@id":"https:\/\/centcols.org\/yves-bochent\/#article","isPartOf":{"@id":"https:\/\/centcols.org\/yves-bochent\/"},"author":{"name":"Webmestre","@id":"https:\/\/centcols.org\/#\/schema\/person\/911b404fb133d8c913dd27cdcf71c8e5"},"headline":"Yves Bochent","datePublished":"2025-06-24T00:17:53+00:00","dateModified":"2025-10-15T01:16:50+00:00","mainEntityOfPage":{"@id":"https:\/\/centcols.org\/yves-bochent\/"},"wordCount":503,"commentCount":0,"publisher":{"@id":"https:\/\/centcols.org\/#organization"},"image":{"@id":"https:\/\/centcols.org\/yves-bochent\/#primaryimage"},"thumbnailUrl":"https:\/\/centcols.org\/wp-content\/uploads\/2025\/06\/bochent05.jpg","articleSection":["Carnet noir"],"inLanguage":"it-IT","potentialAction":[{"@type":"CommentAction","name":"Comment","target":["https:\/\/centcols.org\/yves-bochent\/#respond"]}]},{"@type":"WebPage","@id":"https:\/\/centcols.org\/yves-bochent\/","url":"https:\/\/centcols.org\/yves-bochent\/","name":"Yves Bochent - Club des Cent Cols","isPartOf":{"@id":"https:\/\/centcols.org\/#website"},"primaryImageOfPage":{"@id":"https:\/\/centcols.org\/yves-bochent\/#primaryimage"},"image":{"@id":"https:\/\/centcols.org\/yves-bochent\/#primaryimage"},"thumbnailUrl":"https:\/\/centcols.org\/wp-content\/uploads\/2025\/06\/bochent05.jpg","datePublished":"2025-06-24T00:17:53+00:00","dateModified":"2025-10-15T01:16:50+00:00","breadcrumb":{"@id":"https:\/\/centcols.org\/yves-bochent\/#breadcrumb"},"inLanguage":"it-IT","potentialAction":[{"@type":"ReadAction","target":["https:\/\/centcols.org\/yves-bochent\/"]}]},{"@type":"ImageObject","inLanguage":"it-IT","@id":"https:\/\/centcols.org\/yves-bochent\/#primaryimage","url":"https:\/\/centcols.org\/wp-content\/uploads\/2025\/06\/bochent05.jpg","contentUrl":"https:\/\/centcols.org\/wp-content\/uploads\/2025\/06\/bochent05.jpg","width":800,"height":450},{"@type":"BreadcrumbList","@id":"https:\/\/centcols.org\/yves-bochent\/#breadcrumb","itemListElement":[{"@type":"ListItem","position":1,"name":"Accueil","item":"https:\/\/centcols.org\/"},{"@type":"ListItem","position":2,"name":"Gazette","item":"https:\/\/centcols.org\/rubrique\/gazette\/"},{"@type":"ListItem","position":3,"name":"Carnet noir","item":"https:\/\/centcols.org\/rubrique\/gazette\/carnet-noir\/"},{"@type":"ListItem","position":4,"name":"Yves Bochent"}]},{"@type":"WebSite","@id":"https:\/\/centcols.org\/#website","url":"https:\/\/centcols.org\/","name":"Club des Cent Cols","description":"","publisher":{"@id":"https:\/\/centcols.org\/#organization"},"potentialAction":[{"@type":"SearchAction","target":{"@type":"EntryPoint","urlTemplate":"https:\/\/centcols.org\/?s={search_term_string}"},"query-input":{"@type":"PropertyValueSpecification","valueRequired":true,"valueName":"search_term_string"}}],"inLanguage":"it-IT"},{"@type":"Organization","@id":"https:\/\/centcols.org\/#organization","name":"Club des Cent Cols","url":"https:\/\/centcols.org\/","logo":{"@type":"ImageObject","inLanguage":"it-IT","@id":"https:\/\/centcols.org\/#\/schema\/logo\/image\/","url":"https:\/\/centcols.org\/wp-content\/uploads\/2025\/01\/carte-icone.png","contentUrl":"https:\/\/centcols.org\/wp-content\/uploads\/2025\/01\/carte-icone.png","width":250,"height":250,"caption":"Club des Cent Cols"},"image":{"@id":"https:\/\/centcols.org\/#\/schema\/logo\/image\/"},"sameAs":["https:\/\/www.facebook.com\/groups\/5261880558\/?locale=fr_FR"]},{"@type":"Person","@id":"https:\/\/centcols.org\/#\/schema\/person\/911b404fb133d8c913dd27cdcf71c8e5","name":"Webmaster","image":{"@type":"ImageObject","inLanguage":"it-IT","@id":"https:\/\/centcols.org\/wp-content\/litespeed\/avatar\/2d246e4b6b4f773e08515e1ffc53690b.jpg?ver=1777222892","url":"https:\/\/centcols.org\/wp-content\/litespeed\/avatar\/2d246e4b6b4f773e08515e1ffc53690b.jpg?ver=1777222892","contentUrl":"https:\/\/centcols.org\/wp-content\/litespeed\/avatar\/2d246e4b6b4f773e08515e1ffc53690b.jpg?ver=1777222892","caption":"Webmestre"},"url":"https:\/\/centcols.org\/it\/author\/webmestre\/"}]}},"_links":{"self":[{"href":"https:\/\/centcols.org\/it\/wp-json\/wp\/v2\/posts\/84136","targetHints":{"allow":["GET"]}}],"collection":[{"href":"https:\/\/centcols.org\/it\/wp-json\/wp\/v2\/posts"}],"about":[{"href":"https:\/\/centcols.org\/it\/wp-json\/wp\/v2\/types\/post"}],"author":[{"embeddable":true,"href":"https:\/\/centcols.org\/it\/wp-json\/wp\/v2\/users\/3"}],"replies":[{"embeddable":true,"href":"https:\/\/centcols.org\/it\/wp-json\/wp\/v2\/comments?post=84136"}],"version-history":[{"count":0,"href":"https:\/\/centcols.org\/it\/wp-json\/wp\/v2\/posts\/84136\/revisions"}],"wp:featuredmedia":[{"embeddable":true,"href":"https:\/\/centcols.org\/it\/wp-json\/wp\/v2\/media\/84142"}],"wp:attachment":[{"href":"https:\/\/centcols.org\/it\/wp-json\/wp\/v2\/media?parent=84136"}],"wp:term":[{"taxonomy":"category","embeddable":true,"href":"https:\/\/centcols.org\/it\/wp-json\/wp\/v2\/categories?post=84136"},{"taxonomy":"post_tag","embeddable":true,"href":"https:\/\/centcols.org\/it\/wp-json\/wp\/v2\/tags?post=84136"}],"curies":[{"name":"wp","href":"https:\/\/api.w.org\/{rel}","templated":true}]}}