{"id":84427,"date":"2025-06-28T20:35:50","date_gmt":"2025-06-28T18:35:50","guid":{"rendered":"https:\/\/centcols.org\/?p=84427"},"modified":"2025-09-09T13:31:35","modified_gmt":"2025-09-09T11:31:35","slug":"sabato-1-giugno-mountain-bike-svizzera","status":"publish","type":"post","link":"https:\/\/centcols.org\/it\/samedi-1er-juin-suisse-vtt\/","title":{"rendered":"Sabato 1 giugno, Svizzera MTB"},"content":{"rendered":"\n<figure class=\"wp-block-image size-full\"><img loading=\"lazy\" decoding=\"async\" width=\"733\" height=\"477\" src=\"https:\/\/centcols.org\/wp-content\/uploads\/2025\/06\/puidoux1.jpg\" alt=\"\" class=\"wp-image-84428\"\/><\/figure>\n\n\n\n<p>D\u00e9part de Puidoux village (Canton de Vaud)<br>Rendez-vous : parking du village \u00e0 9 h 30 pour le caf\u00e9, d\u00e9part \u00e0 10 h 00.<br>24 km, 800 m de d\u00e9nivel\u00e9, 6 cols : La Porte de Bret (CH-VD-0675), col de Gourze (CH-VD-0799),<br>Le Basset (CH-VD-0683), Le Pas (CH-VD-0963), les Craux (CH-VD-0958), La Golette (CH-VD-0952).<\/p>\n\n\n\n<h2 class=\"wp-block-heading\"><strong>Contact :<\/strong> <\/h2>\n\n\n\n<p>Alain Besson, Ch. des Coumenets 11. 1000 Lausanne 26<br>T\u00e9l : +41 21 544 85 20 Natel : +41 79 605 36 30 Mail : [email]&#x61;&#x31;&#x62;&#x65;&#x73;&#115;&#111;&#110;&#64;gma&#x69;&#x6c;&#x2e;&#x63;&#x6f;&#x6d;[\/email]<\/p>\n","protected":false},"excerpt":{"rendered":"<p>D\u00e9part de Puidoux village (Canton de Vaud)Rendez-vous : parking du village \u00e0 9 h 30 pour le caf\u00e9, d\u00e9part \u00e0 10 h 00.24 km, 800 m de d\u00e9nivel\u00e9, 6 cols : La Porte de Bret (CH-VD-0675), col de Gourze (CH-VD-0799),Le Basset (CH-VD-0683), Le Pas (CH-VD-0963), les Craux (CH-VD-0958), La Golette (CH-VD-0952). Contact : Alain Besson, [&hellip;]<\/p>\n","protected":false},"author":3,"featured_media":84429,"comment_status":"open","ping_status":"open","sticky":false,"template":"","format":"standard","meta":{"_acf_changed":false,"footnotes":""},"categories":[311,135,216],"tags":[],"class_list":["post-84427","post","type-post","status-publish","format-standard","has-post-thumbnail","hentry","category-les-rassemblements-de-2024","category-calendrier","category-rencontres-regionales"],"acf":[],"yoast_head":"<!-- This site is optimized with the Yoast SEO plugin v27.2 - https:\/\/yoast.com\/product\/yoast-seo-wordpress\/ -->\n<title>Samedi 1er juin, Suisse VTT - Club des Cent Cols<\/title>\n<meta name=\"robots\" content=\"index, follow, max-snippet:-1, max-image-preview:large, max-video-preview:-1\" \/>\n<link rel=\"canonical\" href=\"https:\/\/centcols.org\/it\/sabato-1-giugno-mountain-bike-svizzera\/\" \/>\n<meta property=\"og:locale\" content=\"it_IT\" \/>\n<meta property=\"og:type\" content=\"article\" \/>\n<meta property=\"og:title\" content=\"Samedi 1er juin, Suisse VTT - Club des Cent Cols\" \/>\n<meta property=\"og:description\" content=\"D\u00e9part de Puidoux village (Canton de Vaud)Rendez-vous : parking du village \u00e0 9 h 30 pour le caf\u00e9, d\u00e9part \u00e0 10 h 00.24 km, 800 m de d\u00e9nivel\u00e9, 6 cols : La Porte de Bret (CH-VD-0675), col de Gourze (CH-VD-0799),Le Basset (CH-VD-0683), Le Pas (CH-VD-0963), les Craux (CH-VD-0958), La Golette (CH-VD-0952). Contact : Alain Besson, [&hellip;]\" \/>\n<meta property=\"og:url\" content=\"https:\/\/centcols.org\/it\/sabato-1-giugno-mountain-bike-svizzera\/\" \/>\n<meta property=\"og:site_name\" content=\"Club des Cent Cols\" \/>\n<meta property=\"article:publisher\" content=\"https:\/\/www.facebook.com\/groups\/5261880558\/?locale=fr_FR\" \/>\n<meta property=\"article:published_time\" content=\"2025-06-28T18:35:50+00:00\" \/>\n<meta property=\"article:modified_time\" content=\"2025-09-09T11:31:35+00:00\" \/>\n<meta property=\"og:image\" content=\"https:\/\/centcols.org\/wp-content\/uploads\/2025\/06\/90031.jpg\" \/>\n\t<meta property=\"og:image:width\" content=\"800\" \/>\n\t<meta property=\"og:image:height\" content=\"600\" \/>\n\t<meta property=\"og:image:type\" content=\"image\/jpeg\" \/>\n<meta name=\"author\" content=\"Webmestre\" \/>\n<meta name=\"twitter:card\" content=\"summary_large_image\" \/>\n<meta name=\"twitter:label1\" content=\"Scritto da\" \/>\n\t<meta name=\"twitter:data1\" content=\"Webmestre\" \/>\n\t<meta name=\"twitter:label2\" content=\"Tempo di lettura stimato\" \/>\n\t<meta name=\"twitter:data2\" content=\"1 minuto\" \/>\n<script type=\"application\/ld+json\" class=\"yoast-schema-graph\">{\"@context\":\"https:\/\/schema.org\",\"@graph\":[{\"@type\":\"Article\",\"@id\":\"https:\/\/centcols.org\/samedi-1er-juin-suisse-vtt\/#article\",\"isPartOf\":{\"@id\":\"https:\/\/centcols.org\/samedi-1er-juin-suisse-vtt\/\"},\"author\":{\"name\":\"Webmestre\",\"@id\":\"https:\/\/centcols.org\/#\/schema\/person\/911b404fb133d8c913dd27cdcf71c8e5\"},\"headline\":\"Samedi 1er juin, Suisse VTT\",\"datePublished\":\"2025-06-28T18:35:50+00:00\",\"dateModified\":\"2025-09-09T11:31:35+00:00\",\"mainEntityOfPage\":{\"@id\":\"https:\/\/centcols.org\/samedi-1er-juin-suisse-vtt\/\"},\"wordCount\":68,\"commentCount\":0,\"publisher\":{\"@id\":\"https:\/\/centcols.org\/#organization\"},\"image\":{\"@id\":\"https:\/\/centcols.org\/samedi-1er-juin-suisse-vtt\/#primaryimage\"},\"thumbnailUrl\":\"https:\/\/centcols.org\/wp-content\/uploads\/2025\/06\/90031.jpg\",\"articleSection\":[\"2024-rassemblements\",\"Calendrier\",\"Rencontres r\u00e9gionales\"],\"inLanguage\":\"it-IT\",\"potentialAction\":[{\"@type\":\"CommentAction\",\"name\":\"Comment\",\"target\":[\"https:\/\/centcols.org\/samedi-1er-juin-suisse-vtt\/#respond\"]}]},{\"@type\":\"WebPage\",\"@id\":\"https:\/\/centcols.org\/samedi-1er-juin-suisse-vtt\/\",\"url\":\"https:\/\/centcols.org\/samedi-1er-juin-suisse-vtt\/\",\"name\":\"Samedi 1er juin, Suisse VTT - Club des Cent Cols\",\"isPartOf\":{\"@id\":\"https:\/\/centcols.org\/#website\"},\"primaryImageOfPage\":{\"@id\":\"https:\/\/centcols.org\/samedi-1er-juin-suisse-vtt\/#primaryimage\"},\"image\":{\"@id\":\"https:\/\/centcols.org\/samedi-1er-juin-suisse-vtt\/#primaryimage\"},\"thumbnailUrl\":\"https:\/\/centcols.org\/wp-content\/uploads\/2025\/06\/90031.jpg\",\"datePublished\":\"2025-06-28T18:35:50+00:00\",\"dateModified\":\"2025-09-09T11:31:35+00:00\",\"breadcrumb\":{\"@id\":\"https:\/\/centcols.org\/samedi-1er-juin-suisse-vtt\/#breadcrumb\"},\"inLanguage\":\"it-IT\",\"potentialAction\":[{\"@type\":\"ReadAction\",\"target\":[\"https:\/\/centcols.org\/samedi-1er-juin-suisse-vtt\/\"]}]},{\"@type\":\"ImageObject\",\"inLanguage\":\"it-IT\",\"@id\":\"https:\/\/centcols.org\/samedi-1er-juin-suisse-vtt\/#primaryimage\",\"url\":\"https:\/\/centcols.org\/wp-content\/uploads\/2025\/06\/90031.jpg\",\"contentUrl\":\"https:\/\/centcols.org\/wp-content\/uploads\/2025\/06\/90031.jpg\",\"width\":800,\"height\":600},{\"@type\":\"BreadcrumbList\",\"@id\":\"https:\/\/centcols.org\/samedi-1er-juin-suisse-vtt\/#breadcrumb\",\"itemListElement\":[{\"@type\":\"ListItem\",\"position\":1,\"name\":\"Accueil\",\"item\":\"https:\/\/centcols.org\/\"},{\"@type\":\"ListItem\",\"position\":2,\"name\":\"Rencontres r\u00e9gionales\",\"item\":\"https:\/\/centcols.org\/rubrique\/rencontres-regionales\/\"},{\"@type\":\"ListItem\",\"position\":3,\"name\":\"Samedi 1er juin, Suisse VTT\"}]},{\"@type\":\"WebSite\",\"@id\":\"https:\/\/centcols.org\/#website\",\"url\":\"https:\/\/centcols.org\/\",\"name\":\"Club des Cent Cols\",\"description\":\"\",\"publisher\":{\"@id\":\"https:\/\/centcols.org\/#organization\"},\"potentialAction\":[{\"@type\":\"SearchAction\",\"target\":{\"@type\":\"EntryPoint\",\"urlTemplate\":\"https:\/\/centcols.org\/?s={search_term_string}\"},\"query-input\":{\"@type\":\"PropertyValueSpecification\",\"valueRequired\":true,\"valueName\":\"search_term_string\"}}],\"inLanguage\":\"it-IT\"},{\"@type\":\"Organization\",\"@id\":\"https:\/\/centcols.org\/#organization\",\"name\":\"Club des Cent Cols\",\"url\":\"https:\/\/centcols.org\/\",\"logo\":{\"@type\":\"ImageObject\",\"inLanguage\":\"it-IT\",\"@id\":\"https:\/\/centcols.org\/#\/schema\/logo\/image\/\",\"url\":\"https:\/\/centcols.org\/wp-content\/uploads\/2025\/01\/carte-icone.png\",\"contentUrl\":\"https:\/\/centcols.org\/wp-content\/uploads\/2025\/01\/carte-icone.png\",\"width\":250,\"height\":250,\"caption\":\"Club des Cent Cols\"},\"image\":{\"@id\":\"https:\/\/centcols.org\/#\/schema\/logo\/image\/\"},\"sameAs\":[\"https:\/\/www.facebook.com\/groups\/5261880558\/?locale=fr_FR\"]},{\"@type\":\"Person\",\"@id\":\"https:\/\/centcols.org\/#\/schema\/person\/911b404fb133d8c913dd27cdcf71c8e5\",\"name\":\"Webmestre\",\"image\":{\"@type\":\"ImageObject\",\"inLanguage\":\"it-IT\",\"@id\":\"https:\/\/centcols.org\/wp-content\/litespeed\/avatar\/2d246e4b6b4f773e08515e1ffc53690b.jpg?ver=1777222892\",\"url\":\"https:\/\/centcols.org\/wp-content\/litespeed\/avatar\/2d246e4b6b4f773e08515e1ffc53690b.jpg?ver=1777222892\",\"contentUrl\":\"https:\/\/centcols.org\/wp-content\/litespeed\/avatar\/2d246e4b6b4f773e08515e1ffc53690b.jpg?ver=1777222892\",\"caption\":\"Webmestre\"},\"url\":\"https:\/\/centcols.org\/it\/author\/webmestre\/\"}]}<\/script>\n<!-- \/ Yoast SEO plugin. -->","yoast_head_json":{"title":"Sabato 1 giugno, Svizzera MTB - Club des Cent Cols","robots":{"index":"index","follow":"follow","max-snippet":"max-snippet:-1","max-image-preview":"max-image-preview:large","max-video-preview":"max-video-preview:-1"},"canonical":"https:\/\/centcols.org\/it\/sabato-1-giugno-mountain-bike-svizzera\/","og_locale":"it_IT","og_type":"article","og_title":"Samedi 1er juin, Suisse VTT - Club des Cent Cols","og_description":"D\u00e9part de Puidoux village (Canton de Vaud)Rendez-vous : parking du village \u00e0 9 h 30 pour le caf\u00e9, d\u00e9part \u00e0 10 h 00.24 km, 800 m de d\u00e9nivel\u00e9, 6 cols : La Porte de Bret (CH-VD-0675), col de Gourze (CH-VD-0799),Le Basset (CH-VD-0683), Le Pas (CH-VD-0963), les Craux (CH-VD-0958), La Golette (CH-VD-0952). Contact : Alain Besson, [&hellip;]","og_url":"https:\/\/centcols.org\/it\/sabato-1-giugno-mountain-bike-svizzera\/","og_site_name":"Club des Cent Cols","article_publisher":"https:\/\/www.facebook.com\/groups\/5261880558\/?locale=fr_FR","article_published_time":"2025-06-28T18:35:50+00:00","article_modified_time":"2025-09-09T11:31:35+00:00","og_image":[{"width":800,"height":600,"url":"https:\/\/centcols.org\/wp-content\/uploads\/2025\/06\/90031.jpg","type":"image\/jpeg"}],"author":"Webmestre","twitter_card":"summary_large_image","twitter_misc":{"Scritto da":"Webmestre","Tempo di lettura stimato":"1 minuto"},"schema":{"@context":"https:\/\/schema.org","@graph":[{"@type":"Article","@id":"https:\/\/centcols.org\/samedi-1er-juin-suisse-vtt\/#article","isPartOf":{"@id":"https:\/\/centcols.org\/samedi-1er-juin-suisse-vtt\/"},"author":{"name":"Webmestre","@id":"https:\/\/centcols.org\/#\/schema\/person\/911b404fb133d8c913dd27cdcf71c8e5"},"headline":"Samedi 1er juin, Suisse VTT","datePublished":"2025-06-28T18:35:50+00:00","dateModified":"2025-09-09T11:31:35+00:00","mainEntityOfPage":{"@id":"https:\/\/centcols.org\/samedi-1er-juin-suisse-vtt\/"},"wordCount":68,"commentCount":0,"publisher":{"@id":"https:\/\/centcols.org\/#organization"},"image":{"@id":"https:\/\/centcols.org\/samedi-1er-juin-suisse-vtt\/#primaryimage"},"thumbnailUrl":"https:\/\/centcols.org\/wp-content\/uploads\/2025\/06\/90031.jpg","articleSection":["2024-rassemblements","Calendrier","Rencontres r\u00e9gionales"],"inLanguage":"it-IT","potentialAction":[{"@type":"CommentAction","name":"Comment","target":["https:\/\/centcols.org\/samedi-1er-juin-suisse-vtt\/#respond"]}]},{"@type":"WebPage","@id":"https:\/\/centcols.org\/samedi-1er-juin-suisse-vtt\/","url":"https:\/\/centcols.org\/samedi-1er-juin-suisse-vtt\/","name":"Sabato 1 giugno, Svizzera MTB - Club des Cent Cols","isPartOf":{"@id":"https:\/\/centcols.org\/#website"},"primaryImageOfPage":{"@id":"https:\/\/centcols.org\/samedi-1er-juin-suisse-vtt\/#primaryimage"},"image":{"@id":"https:\/\/centcols.org\/samedi-1er-juin-suisse-vtt\/#primaryimage"},"thumbnailUrl":"https:\/\/centcols.org\/wp-content\/uploads\/2025\/06\/90031.jpg","datePublished":"2025-06-28T18:35:50+00:00","dateModified":"2025-09-09T11:31:35+00:00","breadcrumb":{"@id":"https:\/\/centcols.org\/samedi-1er-juin-suisse-vtt\/#breadcrumb"},"inLanguage":"it-IT","potentialAction":[{"@type":"ReadAction","target":["https:\/\/centcols.org\/samedi-1er-juin-suisse-vtt\/"]}]},{"@type":"ImageObject","inLanguage":"it-IT","@id":"https:\/\/centcols.org\/samedi-1er-juin-suisse-vtt\/#primaryimage","url":"https:\/\/centcols.org\/wp-content\/uploads\/2025\/06\/90031.jpg","contentUrl":"https:\/\/centcols.org\/wp-content\/uploads\/2025\/06\/90031.jpg","width":800,"height":600},{"@type":"BreadcrumbList","@id":"https:\/\/centcols.org\/samedi-1er-juin-suisse-vtt\/#breadcrumb","itemListElement":[{"@type":"ListItem","position":1,"name":"Accueil","item":"https:\/\/centcols.org\/"},{"@type":"ListItem","position":2,"name":"Rencontres r\u00e9gionales","item":"https:\/\/centcols.org\/rubrique\/rencontres-regionales\/"},{"@type":"ListItem","position":3,"name":"Samedi 1er juin, Suisse VTT"}]},{"@type":"WebSite","@id":"https:\/\/centcols.org\/#website","url":"https:\/\/centcols.org\/","name":"Club des Cent Cols","description":"","publisher":{"@id":"https:\/\/centcols.org\/#organization"},"potentialAction":[{"@type":"SearchAction","target":{"@type":"EntryPoint","urlTemplate":"https:\/\/centcols.org\/?s={search_term_string}"},"query-input":{"@type":"PropertyValueSpecification","valueRequired":true,"valueName":"search_term_string"}}],"inLanguage":"it-IT"},{"@type":"Organization","@id":"https:\/\/centcols.org\/#organization","name":"Club des Cent Cols","url":"https:\/\/centcols.org\/","logo":{"@type":"ImageObject","inLanguage":"it-IT","@id":"https:\/\/centcols.org\/#\/schema\/logo\/image\/","url":"https:\/\/centcols.org\/wp-content\/uploads\/2025\/01\/carte-icone.png","contentUrl":"https:\/\/centcols.org\/wp-content\/uploads\/2025\/01\/carte-icone.png","width":250,"height":250,"caption":"Club des Cent Cols"},"image":{"@id":"https:\/\/centcols.org\/#\/schema\/logo\/image\/"},"sameAs":["https:\/\/www.facebook.com\/groups\/5261880558\/?locale=fr_FR"]},{"@type":"Person","@id":"https:\/\/centcols.org\/#\/schema\/person\/911b404fb133d8c913dd27cdcf71c8e5","name":"Webmaster","image":{"@type":"ImageObject","inLanguage":"it-IT","@id":"https:\/\/centcols.org\/wp-content\/litespeed\/avatar\/2d246e4b6b4f773e08515e1ffc53690b.jpg?ver=1777222892","url":"https:\/\/centcols.org\/wp-content\/litespeed\/avatar\/2d246e4b6b4f773e08515e1ffc53690b.jpg?ver=1777222892","contentUrl":"https:\/\/centcols.org\/wp-content\/litespeed\/avatar\/2d246e4b6b4f773e08515e1ffc53690b.jpg?ver=1777222892","caption":"Webmestre"},"url":"https:\/\/centcols.org\/it\/author\/webmestre\/"}]}},"_links":{"self":[{"href":"https:\/\/centcols.org\/it\/wp-json\/wp\/v2\/posts\/84427","targetHints":{"allow":["GET"]}}],"collection":[{"href":"https:\/\/centcols.org\/it\/wp-json\/wp\/v2\/posts"}],"about":[{"href":"https:\/\/centcols.org\/it\/wp-json\/wp\/v2\/types\/post"}],"author":[{"embeddable":true,"href":"https:\/\/centcols.org\/it\/wp-json\/wp\/v2\/users\/3"}],"replies":[{"embeddable":true,"href":"https:\/\/centcols.org\/it\/wp-json\/wp\/v2\/comments?post=84427"}],"version-history":[{"count":0,"href":"https:\/\/centcols.org\/it\/wp-json\/wp\/v2\/posts\/84427\/revisions"}],"wp:featuredmedia":[{"embeddable":true,"href":"https:\/\/centcols.org\/it\/wp-json\/wp\/v2\/media\/84429"}],"wp:attachment":[{"href":"https:\/\/centcols.org\/it\/wp-json\/wp\/v2\/media?parent=84427"}],"wp:term":[{"taxonomy":"category","embeddable":true,"href":"https:\/\/centcols.org\/it\/wp-json\/wp\/v2\/categories?post=84427"},{"taxonomy":"post_tag","embeddable":true,"href":"https:\/\/centcols.org\/it\/wp-json\/wp\/v2\/tags?post=84427"}],"curies":[{"name":"wp","href":"https:\/\/api.w.org\/{rel}","templated":true}]}}