{"id":84436,"date":"2025-06-28T22:02:52","date_gmt":"2025-06-28T20:02:52","guid":{"rendered":"https:\/\/centcols.org\/?p=84436"},"modified":"2025-09-09T13:31:35","modified_gmt":"2025-09-09T11:31:35","slug":"sabato-15-giugno-grande-ovest","status":"publish","type":"post","link":"https:\/\/centcols.org\/it\/samedi-15-juin-grand-ouest\/","title":{"rendered":"Sabato 15 giugno, Grand Ouest"},"content":{"rendered":"\n<p>Rendez-vous \u00e0 9 h 00 \u00e0 l\u2019aire de pique-nique \u00e0 l\u2019entr\u00e9e sud de Saint-L\u00e9onard-des-Bois (site BPF), avant la rivi\u00e8re \u00e0 gauche, sur D258.<br>D\u00e9part \u00e0 9 h 30 pour un petit parcours de 36 km avec 584 m de d\u00e9nivel\u00e9 : Openrunner RCC2024<br>Passage au Col des Ruaudi\u00e8res (FR-53-0239) et au Col de St Sulpice (FR-53-0246)<br>Pique-nique commun ensuite pour ceux qui le peuvent, \u00e0 l\u2019aire du d\u00e9part.<\/p>\n\n\n\n<h2 class=\"wp-block-heading\"><strong>Contact<\/strong><\/h2>\n\n\n\n<p>Bernard Migot<br>T\u00e9l: 06 08 74 95 99 Mail : [email]&#98;&#x65;r&#x6e;&#x61;&#114;&#x64;m&#105;&#x67;&#111;&#x74;&#64;&#108;&#x69;v&#x65;&#46;&#102;&#x72;[\/email]<\/p>\n\n\n\n<p><\/p>\n","protected":false},"excerpt":{"rendered":"<p>Rendez-vous \u00e0 9 h 00 \u00e0 l\u2019aire de pique-nique \u00e0 l\u2019entr\u00e9e sud de Saint-L\u00e9onard-des-Bois (site BPF), avant la rivi\u00e8re \u00e0 gauche, sur D258.D\u00e9part \u00e0 9 h 30 pour un petit parcours de 36 km avec 584 m de d\u00e9nivel\u00e9 : Openrunner RCC2024Passage au Col des Ruaudi\u00e8res (FR-53-0239) et au Col de St Sulpice (FR-53-0246)Pique-nique commun [&hellip;]<\/p>\n","protected":false},"author":3,"featured_media":84437,"comment_status":"open","ping_status":"open","sticky":false,"template":"","format":"standard","meta":{"_acf_changed":false,"footnotes":""},"categories":[311,135,216],"tags":[],"class_list":["post-84436","post","type-post","status-publish","format-standard","has-post-thumbnail","hentry","category-les-rassemblements-de-2024","category-calendrier","category-rencontres-regionales"],"acf":[],"yoast_head":"<!-- This site is optimized with the Yoast SEO plugin v27.2 - https:\/\/yoast.com\/product\/yoast-seo-wordpress\/ -->\n<title>Samedi 15 juin, Grand Ouest - Club des Cent Cols<\/title>\n<meta name=\"robots\" content=\"index, follow, max-snippet:-1, max-image-preview:large, max-video-preview:-1\" \/>\n<link rel=\"canonical\" href=\"https:\/\/centcols.org\/it\/sabato-15-giugno-grande-ovest\/\" \/>\n<meta property=\"og:locale\" content=\"it_IT\" \/>\n<meta property=\"og:type\" content=\"article\" \/>\n<meta property=\"og:title\" content=\"Samedi 15 juin, Grand Ouest - Club des Cent Cols\" \/>\n<meta property=\"og:description\" content=\"Rendez-vous \u00e0 9 h 00 \u00e0 l\u2019aire de pique-nique \u00e0 l\u2019entr\u00e9e sud de Saint-L\u00e9onard-des-Bois (site BPF), avant la rivi\u00e8re \u00e0 gauche, sur D258.D\u00e9part \u00e0 9 h 30 pour un petit parcours de 36 km avec 584 m de d\u00e9nivel\u00e9 : Openrunner RCC2024Passage au Col des Ruaudi\u00e8res (FR-53-0239) et au Col de St Sulpice (FR-53-0246)Pique-nique commun [&hellip;]\" \/>\n<meta property=\"og:url\" content=\"https:\/\/centcols.org\/it\/sabato-15-giugno-grande-ovest\/\" \/>\n<meta property=\"og:site_name\" content=\"Club des Cent Cols\" \/>\n<meta property=\"article:publisher\" content=\"https:\/\/www.facebook.com\/groups\/5261880558\/?locale=fr_FR\" \/>\n<meta property=\"article:published_time\" content=\"2025-06-28T20:02:52+00:00\" \/>\n<meta property=\"article:modified_time\" content=\"2025-09-09T11:31:35+00:00\" \/>\n<meta property=\"og:image\" content=\"https:\/\/centcols.org\/wp-content\/uploads\/2025\/06\/06021.jpg\" \/>\n\t<meta property=\"og:image:width\" content=\"800\" \/>\n\t<meta property=\"og:image:height\" content=\"435\" \/>\n\t<meta property=\"og:image:type\" content=\"image\/jpeg\" \/>\n<meta name=\"author\" content=\"Webmestre\" \/>\n<meta name=\"twitter:card\" content=\"summary_large_image\" \/>\n<meta name=\"twitter:label1\" content=\"Scritto da\" \/>\n\t<meta name=\"twitter:data1\" content=\"Webmestre\" \/>\n\t<meta name=\"twitter:label2\" content=\"Tempo di lettura stimato\" \/>\n\t<meta name=\"twitter:data2\" content=\"1 minuto\" \/>\n<script type=\"application\/ld+json\" class=\"yoast-schema-graph\">{\"@context\":\"https:\/\/schema.org\",\"@graph\":[{\"@type\":\"Article\",\"@id\":\"https:\/\/centcols.org\/samedi-15-juin-grand-ouest\/#article\",\"isPartOf\":{\"@id\":\"https:\/\/centcols.org\/samedi-15-juin-grand-ouest\/\"},\"author\":{\"name\":\"Webmestre\",\"@id\":\"https:\/\/centcols.org\/#\/schema\/person\/911b404fb133d8c913dd27cdcf71c8e5\"},\"headline\":\"Samedi 15 juin, Grand Ouest\",\"datePublished\":\"2025-06-28T20:02:52+00:00\",\"dateModified\":\"2025-09-09T11:31:35+00:00\",\"mainEntityOfPage\":{\"@id\":\"https:\/\/centcols.org\/samedi-15-juin-grand-ouest\/\"},\"wordCount\":81,\"commentCount\":0,\"publisher\":{\"@id\":\"https:\/\/centcols.org\/#organization\"},\"image\":{\"@id\":\"https:\/\/centcols.org\/samedi-15-juin-grand-ouest\/#primaryimage\"},\"thumbnailUrl\":\"https:\/\/centcols.org\/wp-content\/uploads\/2025\/06\/06021.jpg\",\"articleSection\":[\"2024-rassemblements\",\"Calendrier\",\"Rencontres r\u00e9gionales\"],\"inLanguage\":\"it-IT\",\"potentialAction\":[{\"@type\":\"CommentAction\",\"name\":\"Comment\",\"target\":[\"https:\/\/centcols.org\/samedi-15-juin-grand-ouest\/#respond\"]}]},{\"@type\":\"WebPage\",\"@id\":\"https:\/\/centcols.org\/samedi-15-juin-grand-ouest\/\",\"url\":\"https:\/\/centcols.org\/samedi-15-juin-grand-ouest\/\",\"name\":\"Samedi 15 juin, Grand Ouest - Club des Cent Cols\",\"isPartOf\":{\"@id\":\"https:\/\/centcols.org\/#website\"},\"primaryImageOfPage\":{\"@id\":\"https:\/\/centcols.org\/samedi-15-juin-grand-ouest\/#primaryimage\"},\"image\":{\"@id\":\"https:\/\/centcols.org\/samedi-15-juin-grand-ouest\/#primaryimage\"},\"thumbnailUrl\":\"https:\/\/centcols.org\/wp-content\/uploads\/2025\/06\/06021.jpg\",\"datePublished\":\"2025-06-28T20:02:52+00:00\",\"dateModified\":\"2025-09-09T11:31:35+00:00\",\"breadcrumb\":{\"@id\":\"https:\/\/centcols.org\/samedi-15-juin-grand-ouest\/#breadcrumb\"},\"inLanguage\":\"it-IT\",\"potentialAction\":[{\"@type\":\"ReadAction\",\"target\":[\"https:\/\/centcols.org\/samedi-15-juin-grand-ouest\/\"]}]},{\"@type\":\"ImageObject\",\"inLanguage\":\"it-IT\",\"@id\":\"https:\/\/centcols.org\/samedi-15-juin-grand-ouest\/#primaryimage\",\"url\":\"https:\/\/centcols.org\/wp-content\/uploads\/2025\/06\/06021.jpg\",\"contentUrl\":\"https:\/\/centcols.org\/wp-content\/uploads\/2025\/06\/06021.jpg\",\"width\":800,\"height\":435},{\"@type\":\"BreadcrumbList\",\"@id\":\"https:\/\/centcols.org\/samedi-15-juin-grand-ouest\/#breadcrumb\",\"itemListElement\":[{\"@type\":\"ListItem\",\"position\":1,\"name\":\"Accueil\",\"item\":\"https:\/\/centcols.org\/\"},{\"@type\":\"ListItem\",\"position\":2,\"name\":\"Rencontres r\u00e9gionales\",\"item\":\"https:\/\/centcols.org\/rubrique\/rencontres-regionales\/\"},{\"@type\":\"ListItem\",\"position\":3,\"name\":\"Samedi 15 juin, Grand Ouest\"}]},{\"@type\":\"WebSite\",\"@id\":\"https:\/\/centcols.org\/#website\",\"url\":\"https:\/\/centcols.org\/\",\"name\":\"Club des Cent Cols\",\"description\":\"\",\"publisher\":{\"@id\":\"https:\/\/centcols.org\/#organization\"},\"potentialAction\":[{\"@type\":\"SearchAction\",\"target\":{\"@type\":\"EntryPoint\",\"urlTemplate\":\"https:\/\/centcols.org\/?s={search_term_string}\"},\"query-input\":{\"@type\":\"PropertyValueSpecification\",\"valueRequired\":true,\"valueName\":\"search_term_string\"}}],\"inLanguage\":\"it-IT\"},{\"@type\":\"Organization\",\"@id\":\"https:\/\/centcols.org\/#organization\",\"name\":\"Club des Cent Cols\",\"url\":\"https:\/\/centcols.org\/\",\"logo\":{\"@type\":\"ImageObject\",\"inLanguage\":\"it-IT\",\"@id\":\"https:\/\/centcols.org\/#\/schema\/logo\/image\/\",\"url\":\"https:\/\/centcols.org\/wp-content\/uploads\/2025\/01\/carte-icone.png\",\"contentUrl\":\"https:\/\/centcols.org\/wp-content\/uploads\/2025\/01\/carte-icone.png\",\"width\":250,\"height\":250,\"caption\":\"Club des Cent Cols\"},\"image\":{\"@id\":\"https:\/\/centcols.org\/#\/schema\/logo\/image\/\"},\"sameAs\":[\"https:\/\/www.facebook.com\/groups\/5261880558\/?locale=fr_FR\"]},{\"@type\":\"Person\",\"@id\":\"https:\/\/centcols.org\/#\/schema\/person\/911b404fb133d8c913dd27cdcf71c8e5\",\"name\":\"Webmestre\",\"image\":{\"@type\":\"ImageObject\",\"inLanguage\":\"it-IT\",\"@id\":\"https:\/\/centcols.org\/wp-content\/litespeed\/avatar\/2d246e4b6b4f773e08515e1ffc53690b.jpg?ver=1777222892\",\"url\":\"https:\/\/centcols.org\/wp-content\/litespeed\/avatar\/2d246e4b6b4f773e08515e1ffc53690b.jpg?ver=1777222892\",\"contentUrl\":\"https:\/\/centcols.org\/wp-content\/litespeed\/avatar\/2d246e4b6b4f773e08515e1ffc53690b.jpg?ver=1777222892\",\"caption\":\"Webmestre\"},\"url\":\"https:\/\/centcols.org\/it\/author\/webmestre\/\"}]}<\/script>\n<!-- \/ Yoast SEO plugin. -->","yoast_head_json":{"title":"Sabato 15 giugno, Grand Ouest - Club des Cent Cols","robots":{"index":"index","follow":"follow","max-snippet":"max-snippet:-1","max-image-preview":"max-image-preview:large","max-video-preview":"max-video-preview:-1"},"canonical":"https:\/\/centcols.org\/it\/sabato-15-giugno-grande-ovest\/","og_locale":"it_IT","og_type":"article","og_title":"Samedi 15 juin, Grand Ouest - Club des Cent Cols","og_description":"Rendez-vous \u00e0 9 h 00 \u00e0 l\u2019aire de pique-nique \u00e0 l\u2019entr\u00e9e sud de Saint-L\u00e9onard-des-Bois (site BPF), avant la rivi\u00e8re \u00e0 gauche, sur D258.D\u00e9part \u00e0 9 h 30 pour un petit parcours de 36 km avec 584 m de d\u00e9nivel\u00e9 : Openrunner RCC2024Passage au Col des Ruaudi\u00e8res (FR-53-0239) et au Col de St Sulpice (FR-53-0246)Pique-nique commun [&hellip;]","og_url":"https:\/\/centcols.org\/it\/sabato-15-giugno-grande-ovest\/","og_site_name":"Club des Cent Cols","article_publisher":"https:\/\/www.facebook.com\/groups\/5261880558\/?locale=fr_FR","article_published_time":"2025-06-28T20:02:52+00:00","article_modified_time":"2025-09-09T11:31:35+00:00","og_image":[{"width":800,"height":435,"url":"https:\/\/centcols.org\/wp-content\/uploads\/2025\/06\/06021.jpg","type":"image\/jpeg"}],"author":"Webmestre","twitter_card":"summary_large_image","twitter_misc":{"Scritto da":"Webmestre","Tempo di lettura stimato":"1 minuto"},"schema":{"@context":"https:\/\/schema.org","@graph":[{"@type":"Article","@id":"https:\/\/centcols.org\/samedi-15-juin-grand-ouest\/#article","isPartOf":{"@id":"https:\/\/centcols.org\/samedi-15-juin-grand-ouest\/"},"author":{"name":"Webmestre","@id":"https:\/\/centcols.org\/#\/schema\/person\/911b404fb133d8c913dd27cdcf71c8e5"},"headline":"Samedi 15 juin, Grand Ouest","datePublished":"2025-06-28T20:02:52+00:00","dateModified":"2025-09-09T11:31:35+00:00","mainEntityOfPage":{"@id":"https:\/\/centcols.org\/samedi-15-juin-grand-ouest\/"},"wordCount":81,"commentCount":0,"publisher":{"@id":"https:\/\/centcols.org\/#organization"},"image":{"@id":"https:\/\/centcols.org\/samedi-15-juin-grand-ouest\/#primaryimage"},"thumbnailUrl":"https:\/\/centcols.org\/wp-content\/uploads\/2025\/06\/06021.jpg","articleSection":["2024-rassemblements","Calendrier","Rencontres r\u00e9gionales"],"inLanguage":"it-IT","potentialAction":[{"@type":"CommentAction","name":"Comment","target":["https:\/\/centcols.org\/samedi-15-juin-grand-ouest\/#respond"]}]},{"@type":"WebPage","@id":"https:\/\/centcols.org\/samedi-15-juin-grand-ouest\/","url":"https:\/\/centcols.org\/samedi-15-juin-grand-ouest\/","name":"Sabato 15 giugno, Grand Ouest - Club des Cent Cols","isPartOf":{"@id":"https:\/\/centcols.org\/#website"},"primaryImageOfPage":{"@id":"https:\/\/centcols.org\/samedi-15-juin-grand-ouest\/#primaryimage"},"image":{"@id":"https:\/\/centcols.org\/samedi-15-juin-grand-ouest\/#primaryimage"},"thumbnailUrl":"https:\/\/centcols.org\/wp-content\/uploads\/2025\/06\/06021.jpg","datePublished":"2025-06-28T20:02:52+00:00","dateModified":"2025-09-09T11:31:35+00:00","breadcrumb":{"@id":"https:\/\/centcols.org\/samedi-15-juin-grand-ouest\/#breadcrumb"},"inLanguage":"it-IT","potentialAction":[{"@type":"ReadAction","target":["https:\/\/centcols.org\/samedi-15-juin-grand-ouest\/"]}]},{"@type":"ImageObject","inLanguage":"it-IT","@id":"https:\/\/centcols.org\/samedi-15-juin-grand-ouest\/#primaryimage","url":"https:\/\/centcols.org\/wp-content\/uploads\/2025\/06\/06021.jpg","contentUrl":"https:\/\/centcols.org\/wp-content\/uploads\/2025\/06\/06021.jpg","width":800,"height":435},{"@type":"BreadcrumbList","@id":"https:\/\/centcols.org\/samedi-15-juin-grand-ouest\/#breadcrumb","itemListElement":[{"@type":"ListItem","position":1,"name":"Accueil","item":"https:\/\/centcols.org\/"},{"@type":"ListItem","position":2,"name":"Rencontres r\u00e9gionales","item":"https:\/\/centcols.org\/rubrique\/rencontres-regionales\/"},{"@type":"ListItem","position":3,"name":"Samedi 15 juin, Grand Ouest"}]},{"@type":"WebSite","@id":"https:\/\/centcols.org\/#website","url":"https:\/\/centcols.org\/","name":"Club des Cent Cols","description":"","publisher":{"@id":"https:\/\/centcols.org\/#organization"},"potentialAction":[{"@type":"SearchAction","target":{"@type":"EntryPoint","urlTemplate":"https:\/\/centcols.org\/?s={search_term_string}"},"query-input":{"@type":"PropertyValueSpecification","valueRequired":true,"valueName":"search_term_string"}}],"inLanguage":"it-IT"},{"@type":"Organization","@id":"https:\/\/centcols.org\/#organization","name":"Club des Cent Cols","url":"https:\/\/centcols.org\/","logo":{"@type":"ImageObject","inLanguage":"it-IT","@id":"https:\/\/centcols.org\/#\/schema\/logo\/image\/","url":"https:\/\/centcols.org\/wp-content\/uploads\/2025\/01\/carte-icone.png","contentUrl":"https:\/\/centcols.org\/wp-content\/uploads\/2025\/01\/carte-icone.png","width":250,"height":250,"caption":"Club des Cent Cols"},"image":{"@id":"https:\/\/centcols.org\/#\/schema\/logo\/image\/"},"sameAs":["https:\/\/www.facebook.com\/groups\/5261880558\/?locale=fr_FR"]},{"@type":"Person","@id":"https:\/\/centcols.org\/#\/schema\/person\/911b404fb133d8c913dd27cdcf71c8e5","name":"Webmaster","image":{"@type":"ImageObject","inLanguage":"it-IT","@id":"https:\/\/centcols.org\/wp-content\/litespeed\/avatar\/2d246e4b6b4f773e08515e1ffc53690b.jpg?ver=1777222892","url":"https:\/\/centcols.org\/wp-content\/litespeed\/avatar\/2d246e4b6b4f773e08515e1ffc53690b.jpg?ver=1777222892","contentUrl":"https:\/\/centcols.org\/wp-content\/litespeed\/avatar\/2d246e4b6b4f773e08515e1ffc53690b.jpg?ver=1777222892","caption":"Webmestre"},"url":"https:\/\/centcols.org\/it\/author\/webmestre\/"}]}},"_links":{"self":[{"href":"https:\/\/centcols.org\/it\/wp-json\/wp\/v2\/posts\/84436","targetHints":{"allow":["GET"]}}],"collection":[{"href":"https:\/\/centcols.org\/it\/wp-json\/wp\/v2\/posts"}],"about":[{"href":"https:\/\/centcols.org\/it\/wp-json\/wp\/v2\/types\/post"}],"author":[{"embeddable":true,"href":"https:\/\/centcols.org\/it\/wp-json\/wp\/v2\/users\/3"}],"replies":[{"embeddable":true,"href":"https:\/\/centcols.org\/it\/wp-json\/wp\/v2\/comments?post=84436"}],"version-history":[{"count":0,"href":"https:\/\/centcols.org\/it\/wp-json\/wp\/v2\/posts\/84436\/revisions"}],"wp:featuredmedia":[{"embeddable":true,"href":"https:\/\/centcols.org\/it\/wp-json\/wp\/v2\/media\/84437"}],"wp:attachment":[{"href":"https:\/\/centcols.org\/it\/wp-json\/wp\/v2\/media?parent=84436"}],"wp:term":[{"taxonomy":"category","embeddable":true,"href":"https:\/\/centcols.org\/it\/wp-json\/wp\/v2\/categories?post=84436"},{"taxonomy":"post_tag","embeddable":true,"href":"https:\/\/centcols.org\/it\/wp-json\/wp\/v2\/tags?post=84436"}],"curies":[{"name":"wp","href":"https:\/\/api.w.org\/{rel}","templated":true}]}}