{"id":84764,"date":"2025-03-09T23:18:00","date_gmt":"2025-03-09T21:18:00","guid":{"rendered":"https:\/\/centcols.org\/?p=84764"},"modified":"2025-07-09T23:21:11","modified_gmt":"2025-07-09T21:21:11","slug":"il-club-ha-un-nuovo-logo","status":"publish","type":"post","link":"https:\/\/centcols.org\/it\/le-club-se-dote-dun-nouveau-logo\/","title":{"rendered":"Il club ha un nuovo logo"},"content":{"rendered":"<div class=\"wp-block-image\">\n<figure class=\"aligncenter size-full is-resized\"><img loading=\"lazy\" decoding=\"async\" width=\"712\" height=\"712\" src=\"https:\/\/centcols.org\/wp-content\/uploads\/2025\/07\/logo.jpg\" alt=\"\" class=\"wp-image-84765\" style=\"width:500px\" srcset=\"https:\/\/centcols.org\/wp-content\/uploads\/2025\/07\/logo.jpg 712w, https:\/\/centcols.org\/wp-content\/uploads\/2025\/07\/logo-150x150.jpg 150w\" sizes=\"auto, (max-width: 712px) 100vw, 712px\" \/><\/figure>\n<\/div>\n\n\n<p>L'attuale sito web del club compir\u00e0 10 anni nel 2025. Per motivi di sicurezza, per la lentezza del sito, per adattarlo agli standard di navigazione e ai nuovi terminali (computer, smartphone, ecc.) che si sono notevolmente evoluti dalla sua creazione, e per garantire che sia ben referenziato dai motori di ricerca, il Consiglio direttivo ha deciso di rinnovarlo. Il nuovo sito dovrebbe essere pronto per la primavera del 2025.<br>Nouvel \u0152il de Chamb\u00e9ry \u00e8 stata incaricata di riprogettare il sito dopo un'attenta valutazione delle offerte ricevute su nostra richiesta.<br>Il nuovo sito web avr\u00e0 un aspetto grafico nuovo e moderno, quindi ci \u00e8 sembrato opportuno cambiare anche il logo del club.<br>Durante le discussioni, \u00e8 stato deciso all'unanimit\u00e0 di progettare un nuovo logo del club per i seguenti motivi:<\/p>\n\n\n\n<ul class=\"wp-block-list\">\n<li>Manca l'elemento essenziale per un club di mountain bike: la bicicletta!<\/li>\n\n\n\n<li>Il logo ha 30 anni e non corrisponde pi\u00f9 ai criteri estetici di oggi.<\/li>\n\n\n\n<li>Un logo pi\u00f9 moderno ringiovanir\u00e0 l'immagine del Club e sar\u00e0 pi\u00f9 attraente per i nostri potenziali clienti.<br>Il comitato incaricato di ridisegnare il sito web ha realizzato un progetto lungo e approfondito, che ha permesso al Consiglio di amministrazione di approvare il nuovo logo nella riunione dell'8 febbraio 2025.<\/li>\n<\/ul>\n\n\n\n<p>Sono stati presi in considerazione aspetti importanti:<\/p>\n\n\n\n<ul class=\"wp-block-list\">\n<li>Leggibilit\u00e0 e purificazione<\/li>\n\n\n\n<li>Il design di questo logo \u00e8 minimalista e lo rende immediatamente riconoscibile, anche a dimensioni ridotte. Le forme semplici e i colori chiari lo rendono facilmente leggibile, sia su uno schermo che stampato su un supporto fisico (carta, tessuti, gadget).<\/li>\n\n\n\n<li>Adattabilit\u00e0 ai media<\/li>\n\n\n\n<li>Questo logo \u00e8 stato progettato per adattarsi al meglio a un'ampia variet\u00e0 di supporti: siti web, abbigliamento, brochure, segnaletica e persino prodotti derivati come bottiglie d'acqua e tappi. Grazie al suo design elegante, pu\u00f2 essere riprodotto fedelmente in monocromia, il che rappresenta un grande vantaggio per le applicazioni economiche o tecniche (francobolli, incisioni, ecc.).<\/li>\n\n\n\n<li>Identit\u00e0 visiva duratura Il logo \u00e8 stato progettato e realizzato utilizzando forme geometriche semplici e una tipografia moderna. Queste scelte estetiche gli conferiscono atemporalit\u00e0 e allineamento con le tendenze grafiche attuali e future.<\/li>\n\n\n\n<li>Utilizzo per un logo e un marchio forti<br>Il logo \u00e8 stato progettato come elemento di identit\u00e0 del marchio. La sua semplicit\u00e0 lo rende facile da ricordare per il pubblico.<\/li>\n\n\n\n<li>Coerenza con il Club des Cent Cols<br>Il Club des Cent Cols aveva bisogno di un logo che incarnasse la semplicit\u00e0 e l'eleganza del ciclismo, pur rimanendo funzionale per un pubblico eterogeneo. Il logo rispetta questa missione grazie a :<br>- Il suo look moderno, che attira i giovani ciclisti, rispetta i valori tradizionali del club.<br>- Una struttura chiara che evidenzia la quintessenza del messaggio (ciclismo e montagna).\n<ul class=\"wp-block-list\">\n<li>Sono state individuate le seguenti caratteristiche del Club des Cent Cols:<br>Passi di montagna<br>Ciclisti in bicicletta<br>Una strada che porta a un passo<\/li>\n<\/ul>\n<\/li>\n\n\n\n<li>Si \u00e8 deciso di utilizzare due ciclisti di entrambi i sessi. Entrambi indossano il casco per ricordare l'importanza della sicurezza in bicicletta. Per darle il riconoscimento che merita, si \u00e8 deciso di mettere la donna in primo piano. \u00c8 facilmente riconoscibile per la coda di cavallo che sporge dal casco.<\/li>\n<\/ul>\n\n\n\n<p>Enrico Alberini<br>Presidente del Club des Cent Cols<\/p>","protected":false},"excerpt":{"rendered":"<p>Le site internet actuel du club va avoir 10 ans en 2025. Pour des raisons de s\u00e9curit\u00e9, de lenteur du site, pour l\u2019adapter aux standards de navigation et aux nouveaux terminaux (ordinateurs, Smartphones\u2026) qui ont bien \u00e9volu\u00e9 depuis sa cr\u00e9ation et afin qu\u2019il soit bien r\u00e9f\u00e9renc\u00e9 par les moteurs de recherche, le CA a pris [&hellip;]<\/p>\n","protected":false},"author":3,"featured_media":84765,"comment_status":"closed","ping_status":"closed","sticky":false,"template":"","format":"standard","meta":{"_acf_changed":false,"footnotes":""},"categories":[143],"tags":[],"class_list":["post-84764","post","type-post","status-publish","format-standard","has-post-thumbnail","hentry","category-actus-club"],"acf":[],"yoast_head":"<!-- This site is optimized with the Yoast SEO plugin v27.2 - https:\/\/yoast.com\/product\/yoast-seo-wordpress\/ -->\n<title>Le club se dote d\u2019un nouveau logo - Club des Cent Cols<\/title>\n<meta name=\"robots\" content=\"index, follow, max-snippet:-1, max-image-preview:large, max-video-preview:-1\" \/>\n<link rel=\"canonical\" href=\"https:\/\/centcols.org\/it\/il-club-ha-un-nuovo-logo\/\" \/>\n<meta property=\"og:locale\" content=\"it_IT\" \/>\n<meta property=\"og:type\" content=\"article\" \/>\n<meta property=\"og:title\" content=\"Le club se dote d\u2019un nouveau logo - Club des Cent Cols\" \/>\n<meta property=\"og:description\" content=\"Le site internet actuel du club va avoir 10 ans en 2025. Pour des raisons de s\u00e9curit\u00e9, de lenteur du site, pour l\u2019adapter aux standards de navigation et aux nouveaux terminaux (ordinateurs, Smartphones\u2026) qui ont bien \u00e9volu\u00e9 depuis sa cr\u00e9ation et afin qu\u2019il soit bien r\u00e9f\u00e9renc\u00e9 par les moteurs de recherche, le CA a pris [&hellip;]\" \/>\n<meta property=\"og:url\" content=\"https:\/\/centcols.org\/it\/il-club-ha-un-nuovo-logo\/\" \/>\n<meta property=\"og:site_name\" content=\"Club des Cent Cols\" \/>\n<meta property=\"article:publisher\" content=\"https:\/\/www.facebook.com\/groups\/5261880558\/?locale=fr_FR\" \/>\n<meta property=\"article:published_time\" content=\"2025-03-09T21:18:00+00:00\" \/>\n<meta property=\"article:modified_time\" content=\"2025-07-09T21:21:11+00:00\" \/>\n<meta property=\"og:image\" content=\"https:\/\/centcols.org\/wp-content\/uploads\/2025\/07\/logo.jpg\" \/>\n\t<meta property=\"og:image:width\" content=\"712\" \/>\n\t<meta property=\"og:image:height\" content=\"712\" \/>\n\t<meta property=\"og:image:type\" content=\"image\/jpeg\" \/>\n<meta name=\"author\" content=\"Webmestre\" \/>\n<meta name=\"twitter:card\" content=\"summary_large_image\" \/>\n<meta name=\"twitter:label1\" content=\"Scritto da\" \/>\n\t<meta name=\"twitter:data1\" content=\"Webmestre\" \/>\n\t<meta name=\"twitter:label2\" content=\"Tempo di lettura stimato\" \/>\n\t<meta name=\"twitter:data2\" content=\"4 minuti\" \/>\n<script type=\"application\/ld+json\" class=\"yoast-schema-graph\">{\"@context\":\"https:\/\/schema.org\",\"@graph\":[{\"@type\":\"Article\",\"@id\":\"https:\/\/centcols.org\/le-club-se-dote-dun-nouveau-logo\/#article\",\"isPartOf\":{\"@id\":\"https:\/\/centcols.org\/le-club-se-dote-dun-nouveau-logo\/\"},\"author\":{\"name\":\"Webmestre\",\"@id\":\"https:\/\/centcols.org\/#\/schema\/person\/911b404fb133d8c913dd27cdcf71c8e5\"},\"headline\":\"Le club se dote d\u2019un nouveau logo\",\"datePublished\":\"2025-03-09T21:18:00+00:00\",\"dateModified\":\"2025-07-09T21:21:11+00:00\",\"mainEntityOfPage\":{\"@id\":\"https:\/\/centcols.org\/le-club-se-dote-dun-nouveau-logo\/\"},\"wordCount\":605,\"publisher\":{\"@id\":\"https:\/\/centcols.org\/#organization\"},\"image\":{\"@id\":\"https:\/\/centcols.org\/le-club-se-dote-dun-nouveau-logo\/#primaryimage\"},\"thumbnailUrl\":\"https:\/\/centcols.org\/wp-content\/uploads\/2025\/07\/logo.jpg\",\"articleSection\":[\"Actus-Club\"],\"inLanguage\":\"it-IT\"},{\"@type\":\"WebPage\",\"@id\":\"https:\/\/centcols.org\/le-club-se-dote-dun-nouveau-logo\/\",\"url\":\"https:\/\/centcols.org\/le-club-se-dote-dun-nouveau-logo\/\",\"name\":\"Le club se dote d\u2019un nouveau logo - Club des Cent Cols\",\"isPartOf\":{\"@id\":\"https:\/\/centcols.org\/#website\"},\"primaryImageOfPage\":{\"@id\":\"https:\/\/centcols.org\/le-club-se-dote-dun-nouveau-logo\/#primaryimage\"},\"image\":{\"@id\":\"https:\/\/centcols.org\/le-club-se-dote-dun-nouveau-logo\/#primaryimage\"},\"thumbnailUrl\":\"https:\/\/centcols.org\/wp-content\/uploads\/2025\/07\/logo.jpg\",\"datePublished\":\"2025-03-09T21:18:00+00:00\",\"dateModified\":\"2025-07-09T21:21:11+00:00\",\"breadcrumb\":{\"@id\":\"https:\/\/centcols.org\/le-club-se-dote-dun-nouveau-logo\/#breadcrumb\"},\"inLanguage\":\"it-IT\",\"potentialAction\":[{\"@type\":\"ReadAction\",\"target\":[\"https:\/\/centcols.org\/le-club-se-dote-dun-nouveau-logo\/\"]}]},{\"@type\":\"ImageObject\",\"inLanguage\":\"it-IT\",\"@id\":\"https:\/\/centcols.org\/le-club-se-dote-dun-nouveau-logo\/#primaryimage\",\"url\":\"https:\/\/centcols.org\/wp-content\/uploads\/2025\/07\/logo.jpg\",\"contentUrl\":\"https:\/\/centcols.org\/wp-content\/uploads\/2025\/07\/logo.jpg\",\"width\":712,\"height\":712},{\"@type\":\"BreadcrumbList\",\"@id\":\"https:\/\/centcols.org\/le-club-se-dote-dun-nouveau-logo\/#breadcrumb\",\"itemListElement\":[{\"@type\":\"ListItem\",\"position\":1,\"name\":\"Accueil\",\"item\":\"https:\/\/centcols.org\/\"},{\"@type\":\"ListItem\",\"position\":2,\"name\":\"Gazette\",\"item\":\"https:\/\/centcols.org\/rubrique\/gazette\/\"},{\"@type\":\"ListItem\",\"position\":3,\"name\":\"Actus-Club\",\"item\":\"https:\/\/centcols.org\/rubrique\/gazette\/actus-club\/\"},{\"@type\":\"ListItem\",\"position\":4,\"name\":\"Le club se dote d\u2019un nouveau logo\"}]},{\"@type\":\"WebSite\",\"@id\":\"https:\/\/centcols.org\/#website\",\"url\":\"https:\/\/centcols.org\/\",\"name\":\"Club des Cent Cols\",\"description\":\"\",\"publisher\":{\"@id\":\"https:\/\/centcols.org\/#organization\"},\"potentialAction\":[{\"@type\":\"SearchAction\",\"target\":{\"@type\":\"EntryPoint\",\"urlTemplate\":\"https:\/\/centcols.org\/?s={search_term_string}\"},\"query-input\":{\"@type\":\"PropertyValueSpecification\",\"valueRequired\":true,\"valueName\":\"search_term_string\"}}],\"inLanguage\":\"it-IT\"},{\"@type\":\"Organization\",\"@id\":\"https:\/\/centcols.org\/#organization\",\"name\":\"Club des Cent Cols\",\"url\":\"https:\/\/centcols.org\/\",\"logo\":{\"@type\":\"ImageObject\",\"inLanguage\":\"it-IT\",\"@id\":\"https:\/\/centcols.org\/#\/schema\/logo\/image\/\",\"url\":\"https:\/\/centcols.org\/wp-content\/uploads\/2025\/01\/carte-icone.png\",\"contentUrl\":\"https:\/\/centcols.org\/wp-content\/uploads\/2025\/01\/carte-icone.png\",\"width\":250,\"height\":250,\"caption\":\"Club des Cent Cols\"},\"image\":{\"@id\":\"https:\/\/centcols.org\/#\/schema\/logo\/image\/\"},\"sameAs\":[\"https:\/\/www.facebook.com\/groups\/5261880558\/?locale=fr_FR\"]},{\"@type\":\"Person\",\"@id\":\"https:\/\/centcols.org\/#\/schema\/person\/911b404fb133d8c913dd27cdcf71c8e5\",\"name\":\"Webmestre\",\"image\":{\"@type\":\"ImageObject\",\"inLanguage\":\"it-IT\",\"@id\":\"https:\/\/centcols.org\/wp-content\/litespeed\/avatar\/2d246e4b6b4f773e08515e1ffc53690b.jpg?ver=1777222892\",\"url\":\"https:\/\/centcols.org\/wp-content\/litespeed\/avatar\/2d246e4b6b4f773e08515e1ffc53690b.jpg?ver=1777222892\",\"contentUrl\":\"https:\/\/centcols.org\/wp-content\/litespeed\/avatar\/2d246e4b6b4f773e08515e1ffc53690b.jpg?ver=1777222892\",\"caption\":\"Webmestre\"},\"url\":\"https:\/\/centcols.org\/it\/author\/webmestre\/\"}]}<\/script>\n<!-- \/ Yoast SEO plugin. -->","yoast_head_json":{"title":"Il club ha un nuovo logo: Club des Cent Cols.","robots":{"index":"index","follow":"follow","max-snippet":"max-snippet:-1","max-image-preview":"max-image-preview:large","max-video-preview":"max-video-preview:-1"},"canonical":"https:\/\/centcols.org\/it\/il-club-ha-un-nuovo-logo\/","og_locale":"it_IT","og_type":"article","og_title":"Le club se dote d\u2019un nouveau logo - Club des Cent Cols","og_description":"Le site internet actuel du club va avoir 10 ans en 2025. Pour des raisons de s\u00e9curit\u00e9, de lenteur du site, pour l\u2019adapter aux standards de navigation et aux nouveaux terminaux (ordinateurs, Smartphones\u2026) qui ont bien \u00e9volu\u00e9 depuis sa cr\u00e9ation et afin qu\u2019il soit bien r\u00e9f\u00e9renc\u00e9 par les moteurs de recherche, le CA a pris [&hellip;]","og_url":"https:\/\/centcols.org\/it\/il-club-ha-un-nuovo-logo\/","og_site_name":"Club des Cent Cols","article_publisher":"https:\/\/www.facebook.com\/groups\/5261880558\/?locale=fr_FR","article_published_time":"2025-03-09T21:18:00+00:00","article_modified_time":"2025-07-09T21:21:11+00:00","og_image":[{"width":712,"height":712,"url":"https:\/\/centcols.org\/wp-content\/uploads\/2025\/07\/logo.jpg","type":"image\/jpeg"}],"author":"Webmestre","twitter_card":"summary_large_image","twitter_misc":{"Scritto da":"Webmestre","Tempo di lettura stimato":"4 minuti"},"schema":{"@context":"https:\/\/schema.org","@graph":[{"@type":"Article","@id":"https:\/\/centcols.org\/le-club-se-dote-dun-nouveau-logo\/#article","isPartOf":{"@id":"https:\/\/centcols.org\/le-club-se-dote-dun-nouveau-logo\/"},"author":{"name":"Webmestre","@id":"https:\/\/centcols.org\/#\/schema\/person\/911b404fb133d8c913dd27cdcf71c8e5"},"headline":"Le club se dote d\u2019un nouveau logo","datePublished":"2025-03-09T21:18:00+00:00","dateModified":"2025-07-09T21:21:11+00:00","mainEntityOfPage":{"@id":"https:\/\/centcols.org\/le-club-se-dote-dun-nouveau-logo\/"},"wordCount":605,"publisher":{"@id":"https:\/\/centcols.org\/#organization"},"image":{"@id":"https:\/\/centcols.org\/le-club-se-dote-dun-nouveau-logo\/#primaryimage"},"thumbnailUrl":"https:\/\/centcols.org\/wp-content\/uploads\/2025\/07\/logo.jpg","articleSection":["Actus-Club"],"inLanguage":"it-IT"},{"@type":"WebPage","@id":"https:\/\/centcols.org\/le-club-se-dote-dun-nouveau-logo\/","url":"https:\/\/centcols.org\/le-club-se-dote-dun-nouveau-logo\/","name":"Il club ha un nuovo logo: Club des Cent Cols.","isPartOf":{"@id":"https:\/\/centcols.org\/#website"},"primaryImageOfPage":{"@id":"https:\/\/centcols.org\/le-club-se-dote-dun-nouveau-logo\/#primaryimage"},"image":{"@id":"https:\/\/centcols.org\/le-club-se-dote-dun-nouveau-logo\/#primaryimage"},"thumbnailUrl":"https:\/\/centcols.org\/wp-content\/uploads\/2025\/07\/logo.jpg","datePublished":"2025-03-09T21:18:00+00:00","dateModified":"2025-07-09T21:21:11+00:00","breadcrumb":{"@id":"https:\/\/centcols.org\/le-club-se-dote-dun-nouveau-logo\/#breadcrumb"},"inLanguage":"it-IT","potentialAction":[{"@type":"ReadAction","target":["https:\/\/centcols.org\/le-club-se-dote-dun-nouveau-logo\/"]}]},{"@type":"ImageObject","inLanguage":"it-IT","@id":"https:\/\/centcols.org\/le-club-se-dote-dun-nouveau-logo\/#primaryimage","url":"https:\/\/centcols.org\/wp-content\/uploads\/2025\/07\/logo.jpg","contentUrl":"https:\/\/centcols.org\/wp-content\/uploads\/2025\/07\/logo.jpg","width":712,"height":712},{"@type":"BreadcrumbList","@id":"https:\/\/centcols.org\/le-club-se-dote-dun-nouveau-logo\/#breadcrumb","itemListElement":[{"@type":"ListItem","position":1,"name":"Accueil","item":"https:\/\/centcols.org\/"},{"@type":"ListItem","position":2,"name":"Gazette","item":"https:\/\/centcols.org\/rubrique\/gazette\/"},{"@type":"ListItem","position":3,"name":"Actus-Club","item":"https:\/\/centcols.org\/rubrique\/gazette\/actus-club\/"},{"@type":"ListItem","position":4,"name":"Le club se dote d\u2019un nouveau logo"}]},{"@type":"WebSite","@id":"https:\/\/centcols.org\/#website","url":"https:\/\/centcols.org\/","name":"Club des Cent Cols","description":"","publisher":{"@id":"https:\/\/centcols.org\/#organization"},"potentialAction":[{"@type":"SearchAction","target":{"@type":"EntryPoint","urlTemplate":"https:\/\/centcols.org\/?s={search_term_string}"},"query-input":{"@type":"PropertyValueSpecification","valueRequired":true,"valueName":"search_term_string"}}],"inLanguage":"it-IT"},{"@type":"Organization","@id":"https:\/\/centcols.org\/#organization","name":"Club des Cent Cols","url":"https:\/\/centcols.org\/","logo":{"@type":"ImageObject","inLanguage":"it-IT","@id":"https:\/\/centcols.org\/#\/schema\/logo\/image\/","url":"https:\/\/centcols.org\/wp-content\/uploads\/2025\/01\/carte-icone.png","contentUrl":"https:\/\/centcols.org\/wp-content\/uploads\/2025\/01\/carte-icone.png","width":250,"height":250,"caption":"Club des Cent Cols"},"image":{"@id":"https:\/\/centcols.org\/#\/schema\/logo\/image\/"},"sameAs":["https:\/\/www.facebook.com\/groups\/5261880558\/?locale=fr_FR"]},{"@type":"Person","@id":"https:\/\/centcols.org\/#\/schema\/person\/911b404fb133d8c913dd27cdcf71c8e5","name":"Webmaster","image":{"@type":"ImageObject","inLanguage":"it-IT","@id":"https:\/\/centcols.org\/wp-content\/litespeed\/avatar\/2d246e4b6b4f773e08515e1ffc53690b.jpg?ver=1777222892","url":"https:\/\/centcols.org\/wp-content\/litespeed\/avatar\/2d246e4b6b4f773e08515e1ffc53690b.jpg?ver=1777222892","contentUrl":"https:\/\/centcols.org\/wp-content\/litespeed\/avatar\/2d246e4b6b4f773e08515e1ffc53690b.jpg?ver=1777222892","caption":"Webmestre"},"url":"https:\/\/centcols.org\/it\/author\/webmestre\/"}]}},"_links":{"self":[{"href":"https:\/\/centcols.org\/it\/wp-json\/wp\/v2\/posts\/84764","targetHints":{"allow":["GET"]}}],"collection":[{"href":"https:\/\/centcols.org\/it\/wp-json\/wp\/v2\/posts"}],"about":[{"href":"https:\/\/centcols.org\/it\/wp-json\/wp\/v2\/types\/post"}],"author":[{"embeddable":true,"href":"https:\/\/centcols.org\/it\/wp-json\/wp\/v2\/users\/3"}],"replies":[{"embeddable":true,"href":"https:\/\/centcols.org\/it\/wp-json\/wp\/v2\/comments?post=84764"}],"version-history":[{"count":0,"href":"https:\/\/centcols.org\/it\/wp-json\/wp\/v2\/posts\/84764\/revisions"}],"wp:featuredmedia":[{"embeddable":true,"href":"https:\/\/centcols.org\/it\/wp-json\/wp\/v2\/media\/84765"}],"wp:attachment":[{"href":"https:\/\/centcols.org\/it\/wp-json\/wp\/v2\/media?parent=84764"}],"wp:term":[{"taxonomy":"category","embeddable":true,"href":"https:\/\/centcols.org\/it\/wp-json\/wp\/v2\/categories?post=84764"},{"taxonomy":"post_tag","embeddable":true,"href":"https:\/\/centcols.org\/it\/wp-json\/wp\/v2\/tags?post=84764"}],"curies":[{"name":"wp","href":"https:\/\/api.w.org\/{rel}","templated":true}]}}