{"id":84768,"date":"2025-02-03T08:04:18","date_gmt":"2025-02-03T06:04:18","guid":{"rendered":"https:\/\/centcols.org\/?p=84768"},"modified":"2025-07-10T08:05:58","modified_gmt":"2025-07-10T06:05:58","slug":"thonon-trieste-jean-marc-lefevre-cc-3331","status":"publish","type":"post","link":"https:\/\/centcols.org\/it\/thonon-trieste-jean-marc-lefevre-cc-3331\/","title":{"rendered":"Thonon - Trieste (Jean-Marc Lef\u00e8vre, CC 3331)"},"content":{"rendered":"<blockquote class=\"wp-block-quote is-layout-flow wp-block-quote-is-layout-flow\">\n<p>Dal Lago Lemano al Mare Adriatico (1200 km - 44 passi - 22.000 m di altitudine)<\/p>\n<\/blockquote>\n\n\n<div class=\"wp-block-image\">\n<figure class=\"aligncenter size-full\"><img loading=\"lazy\" decoding=\"async\" width=\"306\" height=\"441\" src=\"https:\/\/centcols.org\/wp-content\/uploads\/2025\/07\/st-bernardino.jpg\" alt=\"\" class=\"wp-image-84770\"\/><\/figure>\n<\/div>\n\n\n<p>\u00a0Mi sono detto molto tempo fa: \"Un giorno far\u00f2 la Thonon-Trieste\".<\/p>\n\n\n\n<p>&nbsp;Descritto da alcuni come la pi\u00f9 bella passeggiata in montagna d'Europa, il percorso si \u00e8 guadagnato la reputazione di qualit\u00e0 e difficolt\u00e0.<\/p>\n\n\n\n<p>Nel corso del 1999, la mia decisione \u00e8 stata presa: \"Far\u00f2 la Thonon-Trieste per celebrare l'anno 2000\".<\/p>\n\n\n\n<h2 class=\"wp-block-heading\">Il percorso<\/h2>\n\n\n\n<p>Il problema \u00e8 semplice: 1.200 km; 44 passi (16 dei quali superano i 2.000 metri di altezza); 2.131 metri di dislivello.<\/p>\n\n\n\n<p>Si parte da Thonon-les-Bains (Francia), si arriva presto in Svizzera, poi in Italia, poi ancora in Svizzera, e solo al 493\u00b0 km il percorso si trasforma completamente in Italia. Il percorso costeggia l'Austria, sfiora la Slovenia e termina sulle rive dell'Adriatico a due passi dalla Croazia.<\/p>\n\n\n\n<p>Non \u00e8 un ottimo percorso di carriera, Mister!<\/p>\n\n\n\n<p>L'organizzatore consiglia giustamente di fare il percorso in 12 tappe, ma io ho deciso di farlo in 10 (chiss\u00e0 perch\u00e9?).<\/p>\n\n\n\n<figure class=\"wp-block-image size-full\"><img loading=\"lazy\" decoding=\"async\" width=\"447\" height=\"301\" src=\"https:\/\/centcols.org\/wp-content\/uploads\/2025\/07\/almhutte.jpg\" alt=\"\" class=\"wp-image-84772\"\/><figcaption class=\"wp-element-caption\">Magnifici paesaggi<\/figcaption><\/figure>\n\n\n\n<h2 class=\"wp-block-heading\">Un inizio lento<\/h2>\n\n\n\n<p>Venerd\u00ec 23 giugno sono partito in auto per Thonon. Ho percorso appena 200 km quando la mia auto mostra segni di stanchezza. Ho dovuto chiamare un carro attrezzi in autostrada. Risultato: guasto all'accensione, il viaggio inizia con il piede giusto.&nbsp;<\/p>\n\n\n\n<h2 class=\"wp-block-heading\">Vivi l'avventura<\/h2>\n\n\n\n<p>&nbsp;Sabato 24 giugno, alle 8 del mattino, la mia bicicletta con le borse nuove di zecca si posa davanti al cartello di Thonon-les-Bains. Prima foto, prima pedalata, prima salita: Le Pas de Morgins, primo posto di frontiera. Questa volta \u00e8 la Svizzera - YOUPI! Viva l'avventura! ! !<\/p>\n\n\n\n<p>La prima tappa, di 140 km, mi porta a Sierre.<\/p>\n\n\n\n<h2 class=\"wp-block-heading\">Le sponde del Lago Maggiore<\/h2>\n\n\n\n<p>Il Passo del Sempione \u00e8 la prima escursione alpina di 2000 metri. Nonostante la sua lunghezza (22 km), \u00e8 facile da salire, ma ci sono molte gallerie e valanghe. In cima, l'aquila del Sempione veglia su di me durante la discesa. Prima volta in Italia in uno scenario da sogno. La tappa \u00e8 a Orasso, in mezzo alle montagne, il tipo di sosta che si sogna quando si \u00e8 stanchi ==&gt; fantastico.<\/p>\n\n\n\n<p>La mattina della terza tappa ho doppiato il Lago Maggiore e posso dire che oggi non nevica! No, c'\u00e8 il sole e fa caldo. Le rive del lago sono molto belle! Le belle residenze testimoniano la ricchezza della zona. Mi ritrovo a sognare a occhi aperti mentre mi siedo su una panchina ad ammirare le barche a vela sul lago - dopotutto sono in vacanza, ma che diavolo?<\/p>\n\n\n\n<p>La salita al San Bernardino \u00e8 piuttosto dura, quindi il 28\/28 \u00e8 utile. Un passo molto bello, con un lago blu in quota!&nbsp;<\/p>\n\n\n\n<figure class=\"wp-block-image size-full\"><img loading=\"lazy\" decoding=\"async\" width=\"451\" height=\"303\" src=\"https:\/\/centcols.org\/wp-content\/uploads\/2025\/07\/lac_majeur.jpg\" alt=\"\" class=\"wp-image-84774\"\/><figcaption class=\"wp-element-caption\">Le sponde del Lago Maggiore<\/figcaption><\/figure>\n\n\n\n<h2 class=\"wp-block-heading\">Il Passo dello Spl\u00fcgen<\/h2>\n\n\n\n<p>Questa mattina \u00e8 \"big blue\", cio\u00e8 il cielo \u00e8 magnifico, senza nuvole, blu intenso, la tappa si preannuncia calda. Subito, a colazione, attacco lo Spl\u00fcgenpass, un magnifico passo che sale a 2113 m, una salita tortuosa, non troppo ripida, senza traffico (\u00e8 troppo presto), il tipo di passo che amo. Inoltre, ho le gambe per le grandi giornate, le mani sul manubrio ==&gt; ottimo, e come bonus mi aspetta un concerto di clarinetto fino in cima, con grandi e belle mucche che pascolano tranquille.<\/p>\n\n\n\n<p>&nbsp;Che vita!<\/p>\n\n\n\n<figure class=\"wp-block-image size-full\"><img loading=\"lazy\" decoding=\"async\" width=\"446\" height=\"302\" src=\"https:\/\/centcols.org\/wp-content\/uploads\/2025\/07\/lacets_splugen-pass.jpg\" alt=\"\" class=\"wp-image-84775\"\/><figcaption class=\"wp-element-caption\">I lacci dello Spl\u00fcgenpass<\/figcaption><\/figure>\n\n\n\n<p>Sono stato anche piacevolmente sorpreso di vedere una marmotta che giocava a pochi metri da me.<\/p>\n\n\n\n<p>La discesa \u00e8 altrettanto bella, ma molto pericolosa, con tornanti, gallerie e, sorpresa, un tornante alla fine della buca!<\/p>\n\n\n\n<p>Questa quarta tappa sar\u00e0 la pi\u00f9 bella del viaggio, il tempo, il paesaggio, i passi ==&gt; grande arte!<\/p>\n\n\n\n<p>Durante la salita al San Bernina, mi sono quasi avvicinata a un ghiacciaio: che vista! \u00c8 il tipo di vista che ti lascia sognare, \u00e8 cos\u00ec bello. La giornata si conclude con la salita alla Forcola di Livigno, che \u00e8 dura, molto dura! Quando la stanchezza si \u00e8 fatta sentire, ho dovuto abbassare il piede per qualche centinaio di metri perch\u00e9 il pendio era cos\u00ec ripido.&nbsp;<\/p>\n\n\n\n<h2 class=\"wp-block-heading\">Il giorno dello Stelvio<\/h2>\n\n\n\n<p>Il punto pi\u00f9 alto di questo tour \u00e8 il Passo dello Stelvio. Con i suoi 2.758 metri, \u00e8 una tappa famosa del Giro d'Italia, con una salita di 20 km.<\/p>\n\n\n\n<p>Una leggera pioggia mi ha accompagnato per i primi chilometri, un cattivo presagio. La pendenza, a tratti irregolare, era piuttosto severa. Ho timbrato il cartellino alla dogana di Santa Maria, a 3 km dalla vetta, e da quel momento il tempo \u00e8 peggiorato. Fa freddo, piove, arranco e gli ultimi metri sono una lotta, ma ce l'ho fatta!<\/p>\n\n\n\n<p>Pensavo di mangiare lass\u00f9, ma visto il tempo non mi soffermo. Scatto una foto ricordo davanti al cartello del passo, compro qualche cartolina, indosso il gore-tex, i guanti invernali, la fascia e il casco e parto!  Mi immergo nella nebbia che avvolge la vetta. Alcuni turisti mi guardano pensierosi, incitandomi.<\/p>\n\n\n\n<figure class=\"wp-block-image size-full\"><img loading=\"lazy\" decoding=\"async\" width=\"372\" height=\"538\" src=\"https:\/\/centcols.org\/wp-content\/uploads\/2025\/07\/stelvio.jpg\" alt=\"\" class=\"wp-image-84776\"\/><figcaption class=\"wp-element-caption\">Il Passo dello Stelvio<\/figcaption><\/figure>\n\n\n\n<p>La pioggia si intensifica e presto si trasforma in nevischio. Le mie borse sono ricoperte da una sottile e gelida pellicola bianca. Sto congelando, avrei dovuto indossare i leggings. Troppo tardi, mi butto. Odio scendere dai passi di montagna sotto la pioggia, sia perch\u00e9 non \u00e8 piacevole, sia perch\u00e9 i freni sono inefficaci. In una parola, ho paura!<\/p>\n\n\n\n<p>Una cosa mi ha sorpreso: nella discesa non ho visto auto, ma solo qualche ciclista che faticava a raggiungere la cima. La risposta non si \u00e8 fatta attendere. La strada era bloccata e nessuno poteva passare: <strong>ORRORE.<\/strong><\/p>\n\n\n\n<p>Dovr\u00f2 risalire?<\/p>\n\n\n\n<p>Individuo un ostello, sono le 15, non ho mangiato, sto congelando, non so dove andare, tutto mi spinge a fermarmi. Per fortuna c'\u00e8 un ciclista francese che mi d\u00e0 subito qualche informazione:<\/p>\n\n\n\n<p>- C'\u00e8 stata una frana, la strada \u00e8 interrotta per circa 100 metri, sono in corso grandi lavori, si pu\u00f2 passare in bicicletta\" OUF ! !<\/p>\n\n\n\n<p>Gli spaghetti alla bolognese mi riscaldano un po' e mi rimetto in carreggiata per la prossima parte di questa discesa infernale.&nbsp;<\/p>\n\n\n\n<p>La strada \u00e8 effettivamente interrotta e devo mettere il piede in mezzo a un'accozzaglia di tubi, attrezzature edili, fango e cemento. Mi sono fatta strada, bilanciando instabilmente davanti agli operai stupefatti, ma non avevo scelta: che avventura! ! !<\/p>\n\n\n\n<p>Che sollievo quando ho toccato di nuovo l'asfalto.<\/p>\n\n\n\n<p>La tappa dello Stelvio mi rimarr\u00e0 impressa per molto tempo!<\/p>\n\n\n\n<p>Questa sera arrivo nel Tirolo italiano. Qui non ci sono problemi di alloggio: praticamente tutti i locali hanno \"chambres d'h\u00f4tes\", e lo chalet dove alloggio \u00e8 molto spazioso, con persone molto cordiali. Peccato che non parlino una parola di francese: qui il tedesco \u00e8 pi\u00f9 diffuso dell'italiano (l'Austria \u00e8 molto vicina).<\/p>\n\n\n\n<p>Non ho avuto problemi ad addormentarmi questa sera, perch\u00e9 la tappa \u00e8 stata lunga e difficile, 135 km e 8 ore di pedalata.<\/p>\n\n\n\n<h2 class=\"wp-block-heading\">Le Dolomiti<\/h2>\n\n\n\n<p>Il giorno dopo, una bella tappa in Tirolo e l'inizio delle Dolomiti. Alcuni bei passi, tra cui il boscoso Passo del Pallade. Un viaggio faticoso attraverso Bolzano, con un traffico intenso - la mia critica principale a questo tour \u00e8 che c'\u00e8 troppo traffico, con moto e pullman che hanno una giornata campale, dato che la regione \u00e8 cos\u00ec attraente per i turisti.<\/p>\n\n\n\n<p>Sono le 17.00 quando il temporale inizia a rimbombare, la pista di Passo Pinei \u00e8 16 %, sono stanco e fradicio. Improvvisamente vengo attratto da un ostello tirolese, al quale non posso resistere: domani sar\u00e0 giorno.<\/p>\n\n\n\n<p>Il menu di questa sera: Zuppa di pasta, patate al vapore, prosciutto e salsicce locali, torta di mele fatta in casa, il tutto servito con un po' di vino italiano!....<\/p>\n\n\n\n<figure class=\"wp-block-image size-full\"><img loading=\"lazy\" decoding=\"async\" width=\"447\" height=\"304\" src=\"https:\/\/centcols.org\/wp-content\/uploads\/2025\/07\/tyrol.jpg\" alt=\"\" class=\"wp-image-84777\"\/><figcaption class=\"wp-element-caption\">Il Tirolo italiano<\/figcaption><\/figure>\n\n\n\n<h2 class=\"wp-block-heading\">Le tre cime di Lavaredo<\/h2>\n\n\n\n<p>La settima e l'ottava tappa saranno le pi\u00f9 difficili del viaggio. Numerosi passi con forti pendenze, spesso vicine a 14% 15% o addirittura 20% per le Longeres.<\/p>\n\n\n\n<p>Passi famosi come il Pordoi, il Giau (molto impegnativo) e la Forcella Longeres, e questa salita merita di essere raccontata.<\/p>\n\n\n\n<p>Sono nel cuore delle Dolomiti da due giorni e il paesaggio superbo \u00e8 stato all'altezza delle mie aspettative, anche se \u00e8 un peccato che il tempo piovoso stia rovinando un po' tutto.<\/p>\n\n\n\n<p>Oggi sono all'ottava tappa e sto scalando la Forcella Longeres, di fronte alle Tre Cime di Lavaredo, considerate molto dure. Al passo di Misurina (dove finalmente mangio la mia prima pizza), sono perplesso: mi fermo qui o salgo sul Lavaredo?<\/p>\n\n\n\n<p>Piove, c'\u00e8 nebbia, non si vede bene, ma non importa.<\/p>\n\n\n\n<p>Se rimando la salita a domani : <\/p>\n\n\n\n<ol class=\"wp-block-list\">\n<li> Non sono sicuro che il tempo sar\u00e0 migliore<\/li>\n\n\n\n<li>&nbsp;Sar\u00e0 impossibile per me finire la THONON TRIESTE in 10 giorni. <\/li>\n<\/ol>\n\n\n\n<p>Quindi vado!<\/p>\n\n\n\n<p>La strada che porta al rifugio Di Auronzo \u00e8 una strada privata a pagamento (non per le bici), non \u00e8 molto lunga (circa 4 km), ma che dislivello! Da 16% poi 20%, alcuni dicono 23%, nei tornanti, molto duri, molto duri, ben presto non riuscivo ad andare pi\u00f9 veloce di 5 km\/h, mi sono arreso e ho finito la salita a piedi, sotto la pioggia e la nebbia.<\/p>\n\n\n\n<p>Dopo aver timbrato il mio carnet di itinerari, chiedo aiuto all'oste perch\u00e9 non riesco a trovare la strada che scende. In effetti, Forcella Longeres \u00e8 un \"cul de sac\", quindi devo ridiscendere quello che ho appena salito. \u00c8 un peccato; se lo avessi saputo, avrei lasciato le borse in fondo per alleggerire e facilitare la salita.<\/p>\n\n\n\n<figure class=\"wp-block-image size-full\"><img loading=\"lazy\" decoding=\"async\" width=\"449\" height=\"303\" src=\"https:\/\/centcols.org\/wp-content\/uploads\/2025\/07\/dolomites.jpg\" alt=\"\" class=\"wp-image-84771\"\/><figcaption class=\"wp-element-caption\">Le Dolomiti<\/figcaption><\/figure>\n\n\n\n<h2 class=\"wp-block-heading\">La fine del viaggio<\/h2>\n\n\n\n<p>La discesa verso Dobiaco \u00e8 come un biliardo, improvvisamente mi sembra di avere le ali, stasera penso che finir\u00f2 la Thonon-Trieste in tempo, la parte pi\u00f9 difficile \u00e8 passata. A Dobiaco mi fermo in un albergo molto bello. Com'\u00e8 dolce e riposante stare in una stanza confortevole, quando fuori si scatena un temporale che fa cadere torrenti d'acqua sulla citt\u00e0. Non vorrei essere fuori a quest'ora!<\/p>\n\n\n\n<p>A partire dalla tappa 9, inizia la lunga discesa verso l'Adriatico, che \u00e8 anche il momento in cui ci avviciniamo al confine con la Slovenia. Certo, ci sono ancora alcuni passi, ma non sono cos\u00ec alti o lunghi e il bel tempo \u00e8 tornato.<\/p>\n\n\n\n<p>L'ultima tappa \u00e8 poco interessante, con strade grandi e traffico intenso, attraverso Udine e poi dritti fino a Trieste. Il caldo \u00e8 opprimente in questa grande citt\u00e0 italiana e alle 15.00 scattiamo l'ultima foto davanti al cartello: il sogno \u00e8 finito!<\/p>\n\n\n\n<p>In questo momento sono felice, ho completato il trekking ALPINO senza problemi di salute o meccanici, e senza nemmeno una foratura. Certo, ho avuto difficolt\u00e0 su alcuni passi, ma che gioia poter parlare della propria AVVENTURA in seguito.<\/p>\n\n\n\n<p>S\u00ec, la Thonon-Trieste \u00e8 un percorso difficile e impegnativo, che richiede un grande sforzo fisico e di volont\u00e0, ma \u00e8 una gioia per gli occhi.<\/p>\n\n\n\n<h2 class=\"wp-block-heading\">Trieste-Chauny: il ritorno<\/h2>\n\n\n\n<p>Il problema di un tour online \u00e8 che una volta raggiunta la meta in bicicletta, si \u00e8 solo a met\u00e0 strada, e credetemi, \u00e8 una tappa lunga e faticosa. Giudicate voi stessi.<\/p>\n\n\n\n<p>Per tornare da Trieste a Thonon ho optato per il treno. Il problema \u00e8 che \u00e8 impossibile rispedire la bicicletta in treno. L'unica soluzione \u00e8 trasportarla in una borsa, ma per farlo ho dovuto smontare parzialmente la bici e portarla in spalla, insieme alle due borse laterali e alla borsa da manubrio;<\/p>\n\n\n\n<p><strong>Hai detto: GALLERIA!<\/strong><\/p>\n\n\n\n<p>Il treno parte dalla stazione di TRIESTE alle 20.10, diretto a Venezia, dove cambio treno per Losanna, ma il treno \u00e8 cos\u00ec in ritardo che ho solo 3 minuti per prendere la coincidenza, il che \u00e8 un bello spavento!<\/p>\n\n\n\n<p>Il treno era pieno di gente e ho avuto difficolt\u00e0 a trovare un posto per me e la mia bicicletta. Dopo alcune avventure che sarebbe troppo lungo descrivere qui, sono arrivato alla stazione di Losanna.<\/p>\n\n\n\n<p>Sono le 6 del mattino e c'\u00e8 un violento temporale in citt\u00e0. Sono a 2 km dal molo, quindi decido di prendere la metropolitana (molto pratica con i bagagli).<\/p>\n\n\n\n<p>Tre ore di attesa prima di prendere il battello per attraversare il lago di Ginevra e arrivare finalmente a Thonon. Ma dal porto al parcheggio dove \u00e8 parcheggiata la mia auto ci sono diversi chilometri. Il taxi mi lascia davanti. Sono le 11 quando lascio il parcheggio, altri 750 km di autostrada e alle 7 suono il campanello di casa mia.<\/p>\n\n\n\n<p>Non dormo da 35 ore! Mi sto stancando.<\/p>\n\n\n\n<p>Questa volta \u00e8 finita e dopodomani si va al lavoro!<\/p>\n\n\n\n<p><a href=\"\/it\/&\/#x6d;&#x61;&#x69;&#x6c;&#x74;&#x6f;&#58;&#106;&#101;&#97;n-ma&#x72;&#x63;&#x2e;&#x6c;&#x65;&#x66;&#101;&#118;&#114;&#101;&#50;&#64;wa&#x6e;&#x61;&#x64;&#x6f;&#x6f;&#x2e;&#102;&#114;\">Jean-Marc LEFEVRE<\/a>(luglio 2000)<\/p>\n\n\n\n<figure class=\"wp-block-gallery has-nested-images columns-3 is-cropped wp-block-gallery-1 is-layout-flex wp-block-gallery-is-layout-flex\">\n<figure class=\"wp-block-image size-full\"><a href=\"https:\/\/centcols.org\/wp-content\/uploads\/2025\/07\/lac_st-bernardino.jpg\"><img loading=\"lazy\" decoding=\"async\" width=\"451\" height=\"303\" data-id=\"84778\" src=\"https:\/\/centcols.org\/wp-content\/uploads\/2025\/07\/lac_st-bernardino.jpg\" alt=\"\" class=\"wp-image-84778\"\/><\/a><figcaption class=\"wp-element-caption\">Il lago sul passo del San Bernardino<\/figcaption><\/figure>\n\n\n\n<figure class=\"wp-block-image size-large\"><a href=\"https:\/\/centcols.org\/wp-content\/uploads\/2025\/07\/san-bernina.jpg\"><img loading=\"lazy\" decoding=\"async\" width=\"306\" height=\"442\" data-id=\"84780\" src=\"https:\/\/centcols.org\/wp-content\/uploads\/2025\/07\/san-bernina.jpg\" alt=\"\" class=\"wp-image-84780\"\/><\/a><figcaption class=\"wp-element-caption\">Ghiacciaio, sulla strada per il San Bernina<\/figcaption><\/figure>\n\n\n\n<figure class=\"wp-block-image size-large\"><a href=\"https:\/\/centcols.org\/wp-content\/uploads\/2025\/07\/passo-del-bernina.jpg\"><img loading=\"lazy\" decoding=\"async\" width=\"307\" height=\"445\" data-id=\"84779\" src=\"https:\/\/centcols.org\/wp-content\/uploads\/2025\/07\/passo-del-bernina.jpg\" alt=\"\" class=\"wp-image-84779\"\/><\/a><figcaption class=\"wp-element-caption\">La solitudine dei grandi passi!<\/figcaption><\/figure>\n\n\n\n<figure class=\"wp-block-image size-large\"><a href=\"https:\/\/centcols.org\/wp-content\/uploads\/2025\/07\/splugen.jpg\"><img loading=\"lazy\" decoding=\"async\" width=\"306\" height=\"446\" data-id=\"84781\" src=\"https:\/\/centcols.org\/wp-content\/uploads\/2025\/07\/splugen.jpg\" alt=\"\" class=\"wp-image-84781\"\/><\/a><figcaption class=\"wp-element-caption\">SPL\u00dcGEN, un magnifico villaggio di montagna (Svizzera)<\/figcaption><\/figure>\n\n\n\n<figure class=\"wp-block-image size-large\"><img loading=\"lazy\" decoding=\"async\" width=\"306\" height=\"443\" data-id=\"84782\" src=\"https:\/\/centcols.org\/wp-content\/uploads\/2025\/07\/splugen-pass.jpg\" alt=\"\" class=\"wp-image-84782\"\/><figcaption class=\"wp-element-caption\">Che vita!<br>(Spl\u00fcgenpass)<\/figcaption><\/figure>\n<\/figure>\n\n\n\n<p><\/p>","protected":false},"excerpt":{"rendered":"<p>Du lac Leman \u00e0 la mer Adriatique (1200 km &#8211; 44 cols &#8211; 22000 m de d\u00e9nivel\u00e9) \u00a0Je m&rsquo;\u00e9tais dis il y a bien longtemps : \u00ab\u00a0un jour je ferai Thonon-Trieste\u00a0\u00bb &nbsp;Cette randonn\u00e9e qualifi\u00e9e par certains, comme la plus belle randonn\u00e9e montagnarde d&rsquo;Europe, a gagn\u00e9 ses lettres de noblesse, par la qualit\u00e9 et la difficult\u00e9 [&hellip;]<\/p>\n","protected":false},"author":3,"featured_media":84771,"comment_status":"closed","ping_status":"closed","sticky":false,"template":"","format":"standard","meta":{"_acf_changed":false,"footnotes":""},"categories":[82],"tags":[],"class_list":["post-84768","post","type-post","status-publish","format-standard","has-post-thumbnail","hentry","category-voyages"],"acf":[],"yoast_head":"<!-- This site is optimized with the Yoast SEO plugin v27.2 - https:\/\/yoast.com\/product\/yoast-seo-wordpress\/ -->\n<title>Thonon - Trieste (Jean-Marc Lef\u00e8vre, CC 3331) - Club des Cent Cols<\/title>\n<meta name=\"robots\" content=\"index, follow, max-snippet:-1, max-image-preview:large, max-video-preview:-1\" \/>\n<link rel=\"canonical\" href=\"https:\/\/centcols.org\/it\/thonon-trieste-jean-marc-lefevre-cc-3331\/\" \/>\n<meta property=\"og:locale\" content=\"it_IT\" \/>\n<meta property=\"og:type\" content=\"article\" \/>\n<meta property=\"og:title\" content=\"Thonon - Trieste (Jean-Marc Lef\u00e8vre, CC 3331) - Club des Cent Cols\" \/>\n<meta property=\"og:description\" content=\"Du lac Leman \u00e0 la mer Adriatique (1200 km &#8211; 44 cols &#8211; 22000 m de d\u00e9nivel\u00e9) \u00a0Je m&rsquo;\u00e9tais dis il y a bien longtemps : \u00ab\u00a0un jour je ferai Thonon-Trieste\u00a0\u00bb &nbsp;Cette randonn\u00e9e qualifi\u00e9e par certains, comme la plus belle randonn\u00e9e montagnarde d&rsquo;Europe, a gagn\u00e9 ses lettres de noblesse, par la qualit\u00e9 et la difficult\u00e9 [&hellip;]\" \/>\n<meta property=\"og:url\" content=\"https:\/\/centcols.org\/it\/thonon-trieste-jean-marc-lefevre-cc-3331\/\" \/>\n<meta property=\"og:site_name\" content=\"Club des Cent Cols\" \/>\n<meta property=\"article:publisher\" content=\"https:\/\/www.facebook.com\/groups\/5261880558\/?locale=fr_FR\" \/>\n<meta property=\"article:published_time\" content=\"2025-02-03T06:04:18+00:00\" \/>\n<meta property=\"article:modified_time\" content=\"2025-07-10T06:05:58+00:00\" \/>\n<meta property=\"og:image\" content=\"https:\/\/centcols.org\/wp-content\/uploads\/2025\/07\/dolomites.jpg\" \/>\n\t<meta property=\"og:image:width\" content=\"449\" \/>\n\t<meta property=\"og:image:height\" content=\"303\" \/>\n\t<meta property=\"og:image:type\" content=\"image\/jpeg\" \/>\n<meta name=\"author\" content=\"Webmestre\" \/>\n<meta name=\"twitter:card\" content=\"summary_large_image\" \/>\n<meta name=\"twitter:label1\" content=\"Scritto da\" \/>\n\t<meta name=\"twitter:data1\" content=\"Webmestre\" \/>\n\t<meta name=\"twitter:label2\" content=\"Tempo di lettura stimato\" \/>\n\t<meta name=\"twitter:data2\" content=\"14 minuti\" \/>\n<script type=\"application\/ld+json\" class=\"yoast-schema-graph\">{\"@context\":\"https:\/\/schema.org\",\"@graph\":[{\"@type\":\"Article\",\"@id\":\"https:\/\/centcols.org\/thonon-trieste-jean-marc-lefevre-cc-3331\/#article\",\"isPartOf\":{\"@id\":\"https:\/\/centcols.org\/thonon-trieste-jean-marc-lefevre-cc-3331\/\"},\"author\":{\"name\":\"Webmestre\",\"@id\":\"https:\/\/centcols.org\/#\/schema\/person\/911b404fb133d8c913dd27cdcf71c8e5\"},\"headline\":\"Thonon &#8211; Trieste (Jean-Marc Lef\u00e8vre, CC 3331)\",\"datePublished\":\"2025-02-03T06:04:18+00:00\",\"dateModified\":\"2025-07-10T06:05:58+00:00\",\"mainEntityOfPage\":{\"@id\":\"https:\/\/centcols.org\/thonon-trieste-jean-marc-lefevre-cc-3331\/\"},\"wordCount\":2345,\"publisher\":{\"@id\":\"https:\/\/centcols.org\/#organization\"},\"image\":{\"@id\":\"https:\/\/centcols.org\/thonon-trieste-jean-marc-lefevre-cc-3331\/#primaryimage\"},\"thumbnailUrl\":\"https:\/\/centcols.org\/wp-content\/uploads\/2025\/07\/dolomites.jpg\",\"articleSection\":[\"Voyages\"],\"inLanguage\":\"it-IT\"},{\"@type\":\"WebPage\",\"@id\":\"https:\/\/centcols.org\/thonon-trieste-jean-marc-lefevre-cc-3331\/\",\"url\":\"https:\/\/centcols.org\/thonon-trieste-jean-marc-lefevre-cc-3331\/\",\"name\":\"Thonon - Trieste (Jean-Marc Lef\u00e8vre, CC 3331) - Club des Cent Cols\",\"isPartOf\":{\"@id\":\"https:\/\/centcols.org\/#website\"},\"primaryImageOfPage\":{\"@id\":\"https:\/\/centcols.org\/thonon-trieste-jean-marc-lefevre-cc-3331\/#primaryimage\"},\"image\":{\"@id\":\"https:\/\/centcols.org\/thonon-trieste-jean-marc-lefevre-cc-3331\/#primaryimage\"},\"thumbnailUrl\":\"https:\/\/centcols.org\/wp-content\/uploads\/2025\/07\/dolomites.jpg\",\"datePublished\":\"2025-02-03T06:04:18+00:00\",\"dateModified\":\"2025-07-10T06:05:58+00:00\",\"breadcrumb\":{\"@id\":\"https:\/\/centcols.org\/thonon-trieste-jean-marc-lefevre-cc-3331\/#breadcrumb\"},\"inLanguage\":\"it-IT\",\"potentialAction\":[{\"@type\":\"ReadAction\",\"target\":[\"https:\/\/centcols.org\/thonon-trieste-jean-marc-lefevre-cc-3331\/\"]}]},{\"@type\":\"ImageObject\",\"inLanguage\":\"it-IT\",\"@id\":\"https:\/\/centcols.org\/thonon-trieste-jean-marc-lefevre-cc-3331\/#primaryimage\",\"url\":\"https:\/\/centcols.org\/wp-content\/uploads\/2025\/07\/dolomites.jpg\",\"contentUrl\":\"https:\/\/centcols.org\/wp-content\/uploads\/2025\/07\/dolomites.jpg\",\"width\":449,\"height\":303,\"caption\":\"Les Dolomites\"},{\"@type\":\"BreadcrumbList\",\"@id\":\"https:\/\/centcols.org\/thonon-trieste-jean-marc-lefevre-cc-3331\/#breadcrumb\",\"itemListElement\":[{\"@type\":\"ListItem\",\"position\":1,\"name\":\"Accueil\",\"item\":\"https:\/\/centcols.org\/\"},{\"@type\":\"ListItem\",\"position\":2,\"name\":\"Gazette\",\"item\":\"https:\/\/centcols.org\/rubrique\/gazette\/\"},{\"@type\":\"ListItem\",\"position\":3,\"name\":\"Voyages\",\"item\":\"https:\/\/centcols.org\/rubrique\/gazette\/voyages\/\"},{\"@type\":\"ListItem\",\"position\":4,\"name\":\"Thonon &#8211; Trieste (Jean-Marc Lef\u00e8vre, CC 3331)\"}]},{\"@type\":\"WebSite\",\"@id\":\"https:\/\/centcols.org\/#website\",\"url\":\"https:\/\/centcols.org\/\",\"name\":\"Club des Cent Cols\",\"description\":\"\",\"publisher\":{\"@id\":\"https:\/\/centcols.org\/#organization\"},\"potentialAction\":[{\"@type\":\"SearchAction\",\"target\":{\"@type\":\"EntryPoint\",\"urlTemplate\":\"https:\/\/centcols.org\/?s={search_term_string}\"},\"query-input\":{\"@type\":\"PropertyValueSpecification\",\"valueRequired\":true,\"valueName\":\"search_term_string\"}}],\"inLanguage\":\"it-IT\"},{\"@type\":\"Organization\",\"@id\":\"https:\/\/centcols.org\/#organization\",\"name\":\"Club des Cent Cols\",\"url\":\"https:\/\/centcols.org\/\",\"logo\":{\"@type\":\"ImageObject\",\"inLanguage\":\"it-IT\",\"@id\":\"https:\/\/centcols.org\/#\/schema\/logo\/image\/\",\"url\":\"https:\/\/centcols.org\/wp-content\/uploads\/2025\/01\/carte-icone.png\",\"contentUrl\":\"https:\/\/centcols.org\/wp-content\/uploads\/2025\/01\/carte-icone.png\",\"width\":250,\"height\":250,\"caption\":\"Club des Cent Cols\"},\"image\":{\"@id\":\"https:\/\/centcols.org\/#\/schema\/logo\/image\/\"},\"sameAs\":[\"https:\/\/www.facebook.com\/groups\/5261880558\/?locale=fr_FR\"]},{\"@type\":\"Person\",\"@id\":\"https:\/\/centcols.org\/#\/schema\/person\/911b404fb133d8c913dd27cdcf71c8e5\",\"name\":\"Webmestre\",\"image\":{\"@type\":\"ImageObject\",\"inLanguage\":\"it-IT\",\"@id\":\"https:\/\/centcols.org\/wp-content\/litespeed\/avatar\/2d246e4b6b4f773e08515e1ffc53690b.jpg?ver=1777222892\",\"url\":\"https:\/\/centcols.org\/wp-content\/litespeed\/avatar\/2d246e4b6b4f773e08515e1ffc53690b.jpg?ver=1777222892\",\"contentUrl\":\"https:\/\/centcols.org\/wp-content\/litespeed\/avatar\/2d246e4b6b4f773e08515e1ffc53690b.jpg?ver=1777222892\",\"caption\":\"Webmestre\"},\"url\":\"https:\/\/centcols.org\/it\/author\/webmestre\/\"}]}<\/script>\n<!-- \/ Yoast SEO plugin. -->","yoast_head_json":{"title":"Thonon - Trieste (Jean-Marc Lef\u00e8vre, CC 3331) - Club des Cent Cols","robots":{"index":"index","follow":"follow","max-snippet":"max-snippet:-1","max-image-preview":"max-image-preview:large","max-video-preview":"max-video-preview:-1"},"canonical":"https:\/\/centcols.org\/it\/thonon-trieste-jean-marc-lefevre-cc-3331\/","og_locale":"it_IT","og_type":"article","og_title":"Thonon - Trieste (Jean-Marc Lef\u00e8vre, CC 3331) - Club des Cent Cols","og_description":"Du lac Leman \u00e0 la mer Adriatique (1200 km &#8211; 44 cols &#8211; 22000 m de d\u00e9nivel\u00e9) \u00a0Je m&rsquo;\u00e9tais dis il y a bien longtemps : \u00ab\u00a0un jour je ferai Thonon-Trieste\u00a0\u00bb &nbsp;Cette randonn\u00e9e qualifi\u00e9e par certains, comme la plus belle randonn\u00e9e montagnarde d&rsquo;Europe, a gagn\u00e9 ses lettres de noblesse, par la qualit\u00e9 et la difficult\u00e9 [&hellip;]","og_url":"https:\/\/centcols.org\/it\/thonon-trieste-jean-marc-lefevre-cc-3331\/","og_site_name":"Club des Cent Cols","article_publisher":"https:\/\/www.facebook.com\/groups\/5261880558\/?locale=fr_FR","article_published_time":"2025-02-03T06:04:18+00:00","article_modified_time":"2025-07-10T06:05:58+00:00","og_image":[{"width":449,"height":303,"url":"https:\/\/centcols.org\/wp-content\/uploads\/2025\/07\/dolomites.jpg","type":"image\/jpeg"}],"author":"Webmestre","twitter_card":"summary_large_image","twitter_misc":{"Scritto da":"Webmestre","Tempo di lettura stimato":"14 minuti"},"schema":{"@context":"https:\/\/schema.org","@graph":[{"@type":"Article","@id":"https:\/\/centcols.org\/thonon-trieste-jean-marc-lefevre-cc-3331\/#article","isPartOf":{"@id":"https:\/\/centcols.org\/thonon-trieste-jean-marc-lefevre-cc-3331\/"},"author":{"name":"Webmestre","@id":"https:\/\/centcols.org\/#\/schema\/person\/911b404fb133d8c913dd27cdcf71c8e5"},"headline":"Thonon &#8211; Trieste (Jean-Marc Lef\u00e8vre, CC 3331)","datePublished":"2025-02-03T06:04:18+00:00","dateModified":"2025-07-10T06:05:58+00:00","mainEntityOfPage":{"@id":"https:\/\/centcols.org\/thonon-trieste-jean-marc-lefevre-cc-3331\/"},"wordCount":2345,"publisher":{"@id":"https:\/\/centcols.org\/#organization"},"image":{"@id":"https:\/\/centcols.org\/thonon-trieste-jean-marc-lefevre-cc-3331\/#primaryimage"},"thumbnailUrl":"https:\/\/centcols.org\/wp-content\/uploads\/2025\/07\/dolomites.jpg","articleSection":["Voyages"],"inLanguage":"it-IT"},{"@type":"WebPage","@id":"https:\/\/centcols.org\/thonon-trieste-jean-marc-lefevre-cc-3331\/","url":"https:\/\/centcols.org\/thonon-trieste-jean-marc-lefevre-cc-3331\/","name":"Thonon - Trieste (Jean-Marc Lef\u00e8vre, CC 3331) - Club des Cent Cols","isPartOf":{"@id":"https:\/\/centcols.org\/#website"},"primaryImageOfPage":{"@id":"https:\/\/centcols.org\/thonon-trieste-jean-marc-lefevre-cc-3331\/#primaryimage"},"image":{"@id":"https:\/\/centcols.org\/thonon-trieste-jean-marc-lefevre-cc-3331\/#primaryimage"},"thumbnailUrl":"https:\/\/centcols.org\/wp-content\/uploads\/2025\/07\/dolomites.jpg","datePublished":"2025-02-03T06:04:18+00:00","dateModified":"2025-07-10T06:05:58+00:00","breadcrumb":{"@id":"https:\/\/centcols.org\/thonon-trieste-jean-marc-lefevre-cc-3331\/#breadcrumb"},"inLanguage":"it-IT","potentialAction":[{"@type":"ReadAction","target":["https:\/\/centcols.org\/thonon-trieste-jean-marc-lefevre-cc-3331\/"]}]},{"@type":"ImageObject","inLanguage":"it-IT","@id":"https:\/\/centcols.org\/thonon-trieste-jean-marc-lefevre-cc-3331\/#primaryimage","url":"https:\/\/centcols.org\/wp-content\/uploads\/2025\/07\/dolomites.jpg","contentUrl":"https:\/\/centcols.org\/wp-content\/uploads\/2025\/07\/dolomites.jpg","width":449,"height":303,"caption":"Les Dolomites"},{"@type":"BreadcrumbList","@id":"https:\/\/centcols.org\/thonon-trieste-jean-marc-lefevre-cc-3331\/#breadcrumb","itemListElement":[{"@type":"ListItem","position":1,"name":"Accueil","item":"https:\/\/centcols.org\/"},{"@type":"ListItem","position":2,"name":"Gazette","item":"https:\/\/centcols.org\/rubrique\/gazette\/"},{"@type":"ListItem","position":3,"name":"Voyages","item":"https:\/\/centcols.org\/rubrique\/gazette\/voyages\/"},{"@type":"ListItem","position":4,"name":"Thonon &#8211; Trieste (Jean-Marc Lef\u00e8vre, CC 3331)"}]},{"@type":"WebSite","@id":"https:\/\/centcols.org\/#website","url":"https:\/\/centcols.org\/","name":"Club des Cent Cols","description":"","publisher":{"@id":"https:\/\/centcols.org\/#organization"},"potentialAction":[{"@type":"SearchAction","target":{"@type":"EntryPoint","urlTemplate":"https:\/\/centcols.org\/?s={search_term_string}"},"query-input":{"@type":"PropertyValueSpecification","valueRequired":true,"valueName":"search_term_string"}}],"inLanguage":"it-IT"},{"@type":"Organization","@id":"https:\/\/centcols.org\/#organization","name":"Club des Cent Cols","url":"https:\/\/centcols.org\/","logo":{"@type":"ImageObject","inLanguage":"it-IT","@id":"https:\/\/centcols.org\/#\/schema\/logo\/image\/","url":"https:\/\/centcols.org\/wp-content\/uploads\/2025\/01\/carte-icone.png","contentUrl":"https:\/\/centcols.org\/wp-content\/uploads\/2025\/01\/carte-icone.png","width":250,"height":250,"caption":"Club des Cent Cols"},"image":{"@id":"https:\/\/centcols.org\/#\/schema\/logo\/image\/"},"sameAs":["https:\/\/www.facebook.com\/groups\/5261880558\/?locale=fr_FR"]},{"@type":"Person","@id":"https:\/\/centcols.org\/#\/schema\/person\/911b404fb133d8c913dd27cdcf71c8e5","name":"Webmaster","image":{"@type":"ImageObject","inLanguage":"it-IT","@id":"https:\/\/centcols.org\/wp-content\/litespeed\/avatar\/2d246e4b6b4f773e08515e1ffc53690b.jpg?ver=1777222892","url":"https:\/\/centcols.org\/wp-content\/litespeed\/avatar\/2d246e4b6b4f773e08515e1ffc53690b.jpg?ver=1777222892","contentUrl":"https:\/\/centcols.org\/wp-content\/litespeed\/avatar\/2d246e4b6b4f773e08515e1ffc53690b.jpg?ver=1777222892","caption":"Webmestre"},"url":"https:\/\/centcols.org\/it\/author\/webmestre\/"}]}},"_links":{"self":[{"href":"https:\/\/centcols.org\/it\/wp-json\/wp\/v2\/posts\/84768","targetHints":{"allow":["GET"]}}],"collection":[{"href":"https:\/\/centcols.org\/it\/wp-json\/wp\/v2\/posts"}],"about":[{"href":"https:\/\/centcols.org\/it\/wp-json\/wp\/v2\/types\/post"}],"author":[{"embeddable":true,"href":"https:\/\/centcols.org\/it\/wp-json\/wp\/v2\/users\/3"}],"replies":[{"embeddable":true,"href":"https:\/\/centcols.org\/it\/wp-json\/wp\/v2\/comments?post=84768"}],"version-history":[{"count":0,"href":"https:\/\/centcols.org\/it\/wp-json\/wp\/v2\/posts\/84768\/revisions"}],"wp:featuredmedia":[{"embeddable":true,"href":"https:\/\/centcols.org\/it\/wp-json\/wp\/v2\/media\/84771"}],"wp:attachment":[{"href":"https:\/\/centcols.org\/it\/wp-json\/wp\/v2\/media?parent=84768"}],"wp:term":[{"taxonomy":"category","embeddable":true,"href":"https:\/\/centcols.org\/it\/wp-json\/wp\/v2\/categories?post=84768"},{"taxonomy":"post_tag","embeddable":true,"href":"https:\/\/centcols.org\/it\/wp-json\/wp\/v2\/tags?post=84768"}],"curies":[{"name":"wp","href":"https:\/\/api.w.org\/{rel}","templated":true}]}}