{"id":85746,"date":"2025-08-22T15:27:51","date_gmt":"2025-08-22T13:27:51","guid":{"rendered":"https:\/\/centcols.org\/?p=85746"},"modified":"2025-10-27T15:46:42","modified_gmt":"2025-10-27T13:46:42","slug":"soggiorno-2025-vaison","status":"publish","type":"post","link":"https:\/\/centcols.org\/it\/sejour-2025-vaison\/","title":{"rendered":"Soggiorno estivo a Vaison-la-Romaine, dal 30 agosto al 6 settembre 2025"},"content":{"rendered":"\n<p><em>Ont contribu\u00e9 \u00e0 cette page de pr\u00e9sentation du s\u00e9jour Enrico Alberini, Jean Luc Matte, Christophe Badonnel et les responsables informatiques.<\/em><\/p>\n\n\n\n<p class=\"has-text-align-center\"><strong><span style=\"color: #f20606;\" class=\"stk-highlight\">Toutes les chambres individuelles ont \u00e9t\u00e9 attribu\u00e9es<\/span><\/strong><\/p>\n\n\n\n<p class=\"has-text-align-center\">Le s\u00e9jour d\u2019\u00e9t\u00e9 2025 se d\u00e9roulera du 30 ao\u00fbt au 06 septembre 2025 dans le d\u00e9partement du Vaucluse. Il a \u00e9t\u00e9 pr\u00e9par\u00e9 par une petite \u00e9quipe&nbsp; : Alain Benoist, Roland Dameron, Gilbert Dufaud, Jean Claude Fauque, Pascal Ortiz de Zarate, Jacques Sabatier, Alain Thibon, Yvelise Verchier<\/p>\n\n\n\n<p>Nous s\u00e9journerons dans le village vacances \u201cLe Hameau des Oliviers\u201d.<\/p>\n\n\n        <div class=\"toc-wrapper\" data-columns=\"3\"\n            data-headings=\"[{&quot;level&quot;:2,&quot;text&quot;:&quot;Pr\\u00e9sentation de la r\\u00e9gion&quot;,&quot;id&quot;:&quot;0-pr%C3%A9sentation-de-la-r%C3%A9gion&quot;,&quot;page&quot;:1,&quot;existing_id&quot;:true},{&quot;level&quot;:2,&quot;text&quot;:&quot;Circuits&quot;,&quot;id&quot;:&quot;1-circuits&quot;,&quot;page&quot;:1,&quot;existing_id&quot;:true},{&quot;level&quot;:3,&quot;text&quot;:&quot;Parcours ccTours Vaison 2025&quot;,&quot;id&quot;:&quot;2-parcours-cctours-vaison-2025&quot;,&quot;page&quot;:1,&quot;existing_id&quot;:true},{&quot;level&quot;:2,&quot;text&quot;:&quot;Le rassemblement international annuel Jean Perdoux&quot;,&quot;id&quot;:&quot;3-le-rassemblement-international-annuel-jean-perdoux&quot;,&quot;page&quot;:1,&quot;existing_id&quot;:true},{&quot;level&quot;:2,&quot;text&quot;:&quot;H\\u00e9bergement&quot;,&quot;id&quot;:&quot;4-h%C3%A9bergement&quot;,&quot;page&quot;:1,&quot;existing_id&quot;:true},{&quot;level&quot;:3,&quot;text&quot;:&quot;Autres h\\u00e9bergements&quot;,&quot;id&quot;:&quot;5-autres-h%C3%A9bergements&quot;,&quot;page&quot;:1,&quot;existing_id&quot;:true},{&quot;level&quot;:2,&quot;text&quot;:&quot;Note du Conseil d\\u2019Administration&quot;,&quot;id&quot;:&quot;heading-1751057926500-5&quot;,&quot;page&quot;:1,&quot;existing_id&quot;:true},{&quot;level&quot;:2,&quot;text&quot;:&quot;Inscriptions&quot;,&quot;id&quot;:&quot;6-inscriptions&quot;,&quot;page&quot;:1,&quot;existing_id&quot;:true},{&quot;level&quot;:3,&quot;text&quot;:&quot;T\\u00e9l\\u00e9charger le bulletin \\\/ download the booking form \\\/ scarica il modulo&quot;,&quot;id&quot;:&quot;7-t%C3%A9l%C3%A9charger-le-bulletin-download-the-booking-form-scarica-il-modulo&quot;,&quot;page&quot;:1,&quot;existing_id&quot;:true},{&quot;level&quot;:2,&quot;text&quot;:&quot;Livret&quot;,&quot;id&quot;:&quot;8-livret&quot;,&quot;page&quot;:1,&quot;existing_id&quot;:true},{&quot;level&quot;:2,&quot;text&quot;:&quot;Il n&#039;y a pas que le v\\u00e9lo dans la vie&quot;,&quot;id&quot;:&quot;9-il-ny-a-pas-que-le-v%C3%A9lo-dans-la-vie&quot;,&quot;page&quot;:1,&quot;existing_id&quot;:true}]\"\n            data-current-page=\"1\"\n            data-base-url=\"https:\/\/centcols.org\/it\/sejour-2025-vaison\/\">\n            <div class=\"toc-title\">\n                Sommaire            <\/div>\n            <div class=\"toc-content\" style=\"column-count: 3;\">\n                <ul class=\"toc-list\"><li class=\"toc-item toc-level-2\"><a href=\"#0-pr%C3%A9sentation-de-la-r%C3%A9gion\" class=\"toc-link\" data-same-page=\"true\">Pr\u00e9sentation de la r\u00e9gion<\/a><\/li><li class=\"toc-item toc-level-2\"><a href=\"#1-circuits\" class=\"toc-link\" data-same-page=\"true\">Circuits<\/a><ul class=\"toc-sublist\"><li class=\"toc-item toc-level-3\"><a href=\"#2-parcours-cctours-vaison-2025\" class=\"toc-link\" data-same-page=\"true\">Parcours ccTours Vaison 2025<\/a><\/li><\/ul><\/li><li class=\"toc-item toc-level-2\"><a href=\"#3-le-rassemblement-international-annuel-jean-perdoux\" class=\"toc-link\" data-same-page=\"true\">Le rassemblement international annuel Jean Perdoux<\/a><\/li><li class=\"toc-item toc-level-2\"><a href=\"#4-h%C3%A9bergement\" class=\"toc-link\" data-same-page=\"true\">H\u00e9bergement<\/a><ul class=\"toc-sublist\"><li class=\"toc-item toc-level-3\"><a href=\"#5-autres-h%C3%A9bergements\" class=\"toc-link\" data-same-page=\"true\">Autres h\u00e9bergements<\/a><\/li><\/ul><\/li><li class=\"toc-item toc-level-2\"><a href=\"#heading-1751057926500-5\" class=\"toc-link\" data-same-page=\"true\">Note du Conseil d\u2019Administration<\/a><\/li><li class=\"toc-item toc-level-2\"><a href=\"#6-inscriptions\" class=\"toc-link\" data-same-page=\"true\">Inscriptions<\/a><ul class=\"toc-sublist\"><li class=\"toc-item toc-level-3\"><a href=\"#7-t%C3%A9l%C3%A9charger-le-bulletin-download-the-booking-form-scarica-il-modulo\" class=\"toc-link\" data-same-page=\"true\">T\u00e9l\u00e9charger le bulletin \/ download the booking form \/ scarica il modulo<\/a><\/li><\/ul><\/li><li class=\"toc-item toc-level-2\"><a href=\"#8-livret\" class=\"toc-link\" data-same-page=\"true\">Livret<\/a><\/li><li class=\"toc-item toc-level-2\"><a href=\"#9-il-ny-a-pas-que-le-v%C3%A9lo-dans-la-vie\" class=\"toc-link\" data-same-page=\"true\">Il n&#039;y a pas que le v\u00e9lo dans la vie<\/a><\/li><\/ul>            <\/div>\n        <\/div>\n    \n\n\n<h2 class=\"wp-block-heading\" id=\"0-pr%C3%A9sentation-de-la-r%C3%A9gion\">Pr\u00e9sentation de la r\u00e9gion<\/h2>\n\n\n\n<p>Situ\u00e9 dans la r\u00e9gion Provence-Alpes-C\u00f4te d&rsquo;Azur, Vaison-la-Romaine est surtout connue pour son patrimoine arch\u00e9ologique dont elle tire son nom.<\/p>\n\n\n<div class=\"wp-block-image\">\n<figure class=\"aligncenter size-full\"><a href=\"https:\/\/centcols.org\/wp-content\/uploads\/2025\/08\/vaison-ventoux-provence.jpg\"><img loading=\"lazy\" decoding=\"async\" width=\"960\" height=\"420\" src=\"https:\/\/centcols.org\/wp-content\/uploads\/2025\/08\/vaison-ventoux-provence.jpg\" alt=\"\" class=\"wp-image-85751\" srcset=\"https:\/\/centcols.org\/wp-content\/uploads\/2025\/08\/vaison-ventoux-provence.jpg 960w, https:\/\/centcols.org\/wp-content\/uploads\/2025\/08\/vaison-ventoux-provence-768x336.jpg 768w\" sizes=\"auto, (max-width: 960px) 100vw, 960px\" \/><\/a><figcaption class=\"wp-element-caption\">Vaison-la-Romaine \u00a9OT-vaison<\/figcaption><\/figure>\n<\/div>\n\n<p><div class=\"leaflet-map WPLeafletMap\" style=\"height:700px; width:100%;\"><\/div><script>\nwindow.WPLeafletMapPlugin = window.WPLeafletMapPlugin || [];\nwindow.WPLeafletMapPlugin.push(function WPLeafletMapShortcode() {\/*<script>*\/\nvar baseUrl = atob('aHR0cHM6Ly90aWxlLm9wZW5zdHJlZXRtYXAub3JnL3t6fS97eH0ve3l9LnBuZw==');\nvar base = (!baseUrl && window.MQ) ?\n    window.MQ.mapLayer() : L.tileLayer(baseUrl,\n        L.Util.extend({}, {\n            detectRetina: 0,\n        },\n        {\"subdomains\":\"abc\",\"noWrap\":false,\"maxZoom\":19}        )\n    );\n    var options = L.Util.extend({}, {\n        layers: [base],\n        attributionControl: false\n    },\n    {\"zoomControl\":false,\"scrollWheelZoom\":false,\"doubleClickZoom\":false,\"fitBounds\":false,\"minZoom\":0,\"maxZoom\":19,\"maxBounds\":null,\"attribution\":\"<a href=\\\"http:\\\/\\\/leafletjs.com\\\" title=\\\"Une biblioth\\u00e8que JS pour des cartes interactives\\\">Leaflet<\\\/a>; \\u00a9 <a href=\\\"http:\\\/\\\/www.openstreetmap.org\\\/copyright\\\">OpenStreetMap<\\\/a> contributeurs\\\/contributrices\"},\n    {});\nwindow.WPLeafletMapPlugin.createMap(options).setView([44.255,5.073],12);});<\/script> <script>\nwindow.WPLeafletMapPlugin = window.WPLeafletMapPlugin || [];\nwindow.WPLeafletMapPlugin.push(function WPLeafletMarkerShortcode() {\/*<script>*\/\nvar map = window.WPLeafletMapPlugin.getCurrentMap();\nvar group = window.WPLeafletMapPlugin.getCurrentGroup();\nvar marker_options = window.WPLeafletMapPlugin.getIconOptions({\"iconUrl\":\"\\\/res\\\/lib\\\/leaflet\\\/images\\\/hotel.png\",\"iconSize\":\"24,72\",\"popupAnchor\":\"0,-32\"});\nvar marker = L.marker(\n    [44.255,5.073],\n    marker_options\n);\nvar is_image = map.is_image_map;\nif (marker_options.draggable) {\n    marker.on('dragend', function () {\n        var latlng = this.getLatLng();\n        var lat = latlng.lat;\n        var lng = latlng.lng;\n        if (is_image) {\n            console.log('leaflet-marker y=' + lat + ' x=' + lng);\n        } else {\n            console.log('leaflet-marker lat=' + lat + ' lng=' + lng);\n        }\n    });\n}\nmarker.addTo( group );\nmarker.bindPopup(window.WPLeafletMapPlugin.unescape('Le Hameau des Oliviers'));window.WPLeafletMapPlugin.markers.push( marker );\n        });<\/script><\/p>\n\n\n\n<p>Vaison-la-Romaine, class\u00e9 parmi les \u201c<strong><a href=\"https:\/\/www.vaison-ventoux-provence.com\/explorer\/vaison-ventoux\/villages-romains-medievaux\/vaison\/plus-beaux-detours-de-france\/\">Plus Beaux D\u00e9tours de France<\/a>\u201d<\/strong>, est impr\u00e9gn\u00e9e d\u2019une riche histoire qui remonte \u00e0 l\u2019antiquit\u00e9. T\u00e9moin de son pass\u00e9 glorieux, la ville abrite le plus grand parc arch\u00e9ologique de France avec ses deux <a href=\"https:\/\/www.vaison-ventoux-provence.com\/explorer\/vaison-ventoux\/nos-incontournables\/sites-antiques\/les-sites-de-puymin-et-la-villasse\/\">sites antiques<\/a>&nbsp;: <strong>Puymin<\/strong> et <strong>Villasse<\/strong>. Une immersion au c\u0153ur des deux sites, tous deux pr\u00e9serv\u00e9s avec soin, offre un aper\u00e7u fascinant de la vie des romains. Au c\u0153ur du site de Puymin, le th\u00e9\u00e2tre antique, tr\u00e9sor architectural remarquable et le mus\u00e9e Th\u00e9o Desplans o\u00f9 statues et objets de la vie quotidienne t\u00e9moignent de ces 2000 ans d\u2019histoire\u2026<\/p>\n\n\n\n<p>Le <strong>pont romain<\/strong> avec ses arches majestueuses, enjambe la<strong> rivi\u00e8re de l\u2019Ouv\u00e8ze<\/strong>, permet de passer&nbsp; de la romanit\u00e9 au c\u00f4t\u00e9 m\u00e9di\u00e9val et offre en toile de fond le Mont Ventoux.<\/p>\n\n\n\n<p>Class\u00e9e \u2018<strong>Petite Cit\u00e9 de Caract\u00e8re<\/strong>\u2019, la cit\u00e9 m\u00e9di\u00e9vale vous invite \u00e0 fl\u00e2ner \u00e0 travers ses ruelles pav\u00e9es o\u00f9 la place du March\u00e9 et sa fontaine murmurante cr\u00e9ent une atmosph\u00e8re enchanteresse. Le ch\u00e2teau comtal, point culminant de la cit\u00e9 et accroch\u00e9 sur son rocher, veille sereinement sur la ville. Boutiques et galeries d\u2019art agr\u00e9mentent votre d\u00e9couverte au c\u0153ur de la Haute Ville.<\/p>\n\n\n\n<p>Vaison-la-Romaine a la particularit\u00e9 de disposer de <strong>deux \u00e9glises cath\u00e9drales<\/strong>&nbsp;: l\u2019<strong>\u00e9glise cath\u00e9drale Notre-Dame-de-l\u2019Assomption<\/strong> situ\u00e9e au c\u0153ur de la cit\u00e9 avec ses somptueux vitraux, r\u00e9alis\u00e9s par Kim En-joong et l\u2019\u00e9glise c<strong>ath\u00e9drale de Notre-Dame-de-Nazareth<\/strong>, situ\u00e9e en contre bas du site antique de la Villasse avec son magnifique clo\u00eetre pour des moments de qui\u00e9tude et de contemplation face \u00e0 tant de beaut\u00e9 historique.<\/p>\n\n\n\n<h2 class=\"wp-block-heading\" id=\"1-circuits\">Circuits<\/h2>\n\n\n\n<p><a href=\"https:\/\/centcols.org\/wp-content\/uploads\/2025\/08\/PlaqCISC2024.pdf\" target=\"_blank\" rel=\"noreferrer noopener\">Pr\u00e9sentation du Centre international de s\u00e9jours cyclistes<\/a><\/p>\n\n\n\n<h3 class=\"wp-block-heading\" id=\"2-parcours-cctours-vaison-2025\"><a href=\"https:\/\/centcols.org\/membres\/cctours\/tours.php?lieu=Vaison&amp;an=2025\">Parcours ccTours Vaison 2025<\/a><\/h3>\n\n\n\n<p><a href=\"https:\/\/centcols.org\/wp-content\/uploads\/2025\/08\/PARCOURS-ROUTIERS.pdf\" target=\"_blank\" rel=\"noreferrer noopener\">SITUATION DES PARCOURS ROUTES<\/a><\/p>\n\n\n\n<p><a href=\"https:\/\/centcols.org\/wp-content\/uploads\/2025\/08\/PARCOURS-VTT.pdf\" target=\"_blank\" rel=\"noreferrer noopener\">SITUATION DES PARCOURS VTT<\/a><\/p>\n\n\n\n<h2 class=\"wp-block-heading\" id=\"3-le-rassemblement-international-annuel-jean-perdoux\">Le rassemblement international annuel Jean Perdoux<\/h2>\n\n\n\n<p>Le traditionnel rassemblement international annuel aura lieu le dimanche 31 ao\u00fbt 2025 \u00e0 partir de 11H00 sur la commune de Suzette \u00e0 proximit\u00e9 du <a href=\"https:\/\/centcols.org\/util\/geo\/visu.php?code=FR-84-0392\" target=\"_blank\" rel=\"noreferrer noopener\">col de Suzette FR-84-0392.<\/a><\/p>\n\n\n<div class=\"wp-block-image\">\n<figure class=\"aligncenter size-full is-resized\"><a href=\"https:\/\/centcols.org\/wp-content\/uploads\/2025\/02\/Suzette-Photo-Alain-Benoist-1200x675-1.jpg\"><img loading=\"lazy\" decoding=\"async\" width=\"1200\" height=\"675\" src=\"https:\/\/centcols.org\/wp-content\/uploads\/2025\/02\/Suzette-Photo-Alain-Benoist-1200x675-1.jpg\" alt=\"\" class=\"wp-image-85423\" style=\"width:800px\" srcset=\"https:\/\/centcols.org\/wp-content\/uploads\/2025\/02\/Suzette-Photo-Alain-Benoist-1200x675-1.jpg 1200w, https:\/\/centcols.org\/wp-content\/uploads\/2025\/02\/Suzette-Photo-Alain-Benoist-1200x675-1-768x432.jpg 768w, https:\/\/centcols.org\/wp-content\/uploads\/2025\/02\/Suzette-Photo-Alain-Benoist-1200x675-1-18x10.jpg 18w\" sizes=\"auto, (max-width: 1200px) 100vw, 1200px\" \/><\/a><figcaption class=\"wp-element-caption\">Suzette \u00a9 Alain Benoist<\/figcaption><\/figure>\n<\/div>\n\n\n<p>Un ap\u00e9ritif offert par le club sera servi sur l&rsquo;aire de pique nique situ\u00e9 sur la D90 \u00e0 la sortie du village. Tous nos membres sont invit\u00e9s \u00e0 venir partager ce moment de convivialit\u00e9 (merci de nous informer de votre pr\u00e9sence). Cet ap\u00e9ritif sera suivi d&rsquo;un buffet. Pour ceux qui ne sont pas en pension compl\u00e8te, vous pourrez en b\u00e9n\u00e9ficier. Il suffira juste de s\u2019inscrire \u00e0 ce repas d\u00e9port\u00e9 propos\u00e9 au tarif de 17 euros. (voir \u00e0 la rubrique inscriptions).<\/p>\n\n\n\n<p>Pour celles et ceux qui viendront en voiture, vous devrez la garer sur le parking situ\u00e9 \u00e0 proximit\u00e9 imm\u00e9diate du col.<\/p>\n\n\n\n<p>&nbsp;<\/p>\n\n\n\n<h2 class=\"wp-block-heading\" id=\"4-h%C3%A9bergement\">H\u00e9bergement<\/h2>\n\n\n\n<p>Situ\u00e9 en pleine nature, le Hameau des Oliviers se trouve \u00e0 une quinzaine de minutes \u00e0 pied du centre ville de Vaison-la-Romaine, village hautement r\u00e9put\u00e9 pour son histoire, son patrimoine et son art.<\/p>\n\n\n\n<figure class=\"wp-block-gallery has-nested-images columns-4 is-cropped wp-block-gallery-1 is-layout-flex wp-block-gallery-is-layout-flex\">\n<figure class=\"wp-block-image size-full\"><a href=\"https:\/\/centcols.org\/wp-content\/uploads\/2025\/08\/VAISON-Village-Vacances.jpg\"><img loading=\"lazy\" decoding=\"async\" width=\"1200\" height=\"956\" data-id=\"88027\" src=\"https:\/\/centcols.org\/wp-content\/uploads\/2025\/08\/VAISON-Village-Vacances.jpg\" alt=\"\" class=\"wp-image-88027\" srcset=\"https:\/\/centcols.org\/wp-content\/uploads\/2025\/08\/VAISON-Village-Vacances.jpg 1200w, https:\/\/centcols.org\/wp-content\/uploads\/2025\/08\/VAISON-Village-Vacances-768x612.jpg 768w\" sizes=\"auto, (max-width: 1200px) 100vw, 1200px\" \/><\/a><figcaption class=\"wp-element-caption\">Terrasse \u00a9vacancesleolagrange<\/figcaption><\/figure>\n\n\n\n<figure class=\"wp-block-image size-full\"><a href=\"https:\/\/centcols.org\/wp-content\/uploads\/2025\/08\/VAISON-Piscine.jpg\"><img loading=\"lazy\" decoding=\"async\" width=\"1200\" height=\"801\" data-id=\"88025\" src=\"https:\/\/centcols.org\/wp-content\/uploads\/2025\/08\/VAISON-Piscine.jpg\" alt=\"\" class=\"wp-image-88025\" srcset=\"https:\/\/centcols.org\/wp-content\/uploads\/2025\/08\/VAISON-Piscine.jpg 1200w, https:\/\/centcols.org\/wp-content\/uploads\/2025\/08\/VAISON-Piscine-768x513.jpg 768w\" sizes=\"auto, (max-width: 1200px) 100vw, 1200px\" \/><\/a><figcaption class=\"wp-element-caption\">Piscine \u00a9vacancesleolagrange<\/figcaption><\/figure>\n\n\n\n<figure class=\"wp-block-image size-full\"><a href=\"https:\/\/centcols.org\/wp-content\/uploads\/2025\/08\/vaison-photo-0108.jpg\"><img loading=\"lazy\" decoding=\"async\" width=\"1200\" height=\"800\" data-id=\"88023\" src=\"https:\/\/centcols.org\/wp-content\/uploads\/2025\/08\/vaison-photo-0108.jpg\" alt=\"\" class=\"wp-image-88023\" srcset=\"https:\/\/centcols.org\/wp-content\/uploads\/2025\/08\/vaison-photo-0108.jpg 1200w, https:\/\/centcols.org\/wp-content\/uploads\/2025\/08\/vaison-photo-0108-768x512.jpg 768w\" sizes=\"auto, (max-width: 1200px) 100vw, 1200px\" \/><\/a><figcaption class=\"wp-element-caption\">Bar \u00a9vacancesleolagrange<\/figcaption><\/figure>\n\n\n\n<figure class=\"wp-block-image size-full\"><a href=\"https:\/\/centcols.org\/wp-content\/uploads\/2025\/08\/vaison-photo-0135.jpg\"><img loading=\"lazy\" decoding=\"async\" width=\"1200\" height=\"800\" data-id=\"88024\" src=\"https:\/\/centcols.org\/wp-content\/uploads\/2025\/08\/vaison-photo-0135.jpg\" alt=\"\" class=\"wp-image-88024\" srcset=\"https:\/\/centcols.org\/wp-content\/uploads\/2025\/08\/vaison-photo-0135.jpg 1200w, https:\/\/centcols.org\/wp-content\/uploads\/2025\/08\/vaison-photo-0135-768x512.jpg 768w\" sizes=\"auto, (max-width: 1200px) 100vw, 1200px\" \/><\/a><figcaption class=\"wp-element-caption\">Chambre \u00a9vacancesleolagrange<\/figcaption><\/figure>\n<\/figure>\n\n\n\n<div class=\"wp-block-columns is-layout-flex wp-container-core-columns-is-layout-9d6595d7 wp-block-columns-is-layout-flex\">\n<div class=\"wp-block-column is-layout-flow wp-block-column-is-layout-flow\" style=\"flex-basis:50%\">\n<p>&nbsp;<\/p>\n\n\n\n<p><a href=\"https:\/\/cgosleolagrange.quai13.fr\/destinations\/le-hameau-des-oliviers\/\" target=\"_blank\" rel=\"noreferrer noopener\">Le Hameau des Oliviers<\/a><br>1212 chemin de Saume Longue <br>84110 Vaison-la-Romaine<\/p>\n\n\n\n<p>&nbsp;<\/p>\n\n\n\n<h3 class=\"wp-block-heading\" id=\"5-autres-h%C3%A9bergements\">Autres h\u00e9bergements<\/h3>\n\n\n\n<p><a href=\"https:\/\/www.vaison-ventoux-provence.com\/offres\/camping-du-theatre-romain-vaison-la-romaine-fr-4827018\/\" target=\"_blank\" rel=\"noreferrer noopener\">Camping du th\u00e9\u00e2tre romain<\/a><br>205 chemin du Brusquet<br>84110 Vaison-la-Romaine<\/p>\n\n\n\n<p><a href=\"https:\/\/www.vaison-ventoux-provence.com\/offres\/aire-de-stationnement-camping-cars-municipale-de-vaison-la-romaine-vaison-la-romaine-fr-4826822\/\" target=\"_blank\" rel=\"noreferrer noopener\">Aire municipale du Colombier<\/a> <br>Avenue du Chanoine Sautel<br>84110 Vaison-la-Romaine<\/p>\n<\/div>\n\n\n\n<div class=\"wp-block-column has-very-light-gray-background-color has-background is-layout-flow wp-block-column-is-layout-flow\" style=\"flex-basis:50%\">\n<h2 class=\"wp-block-heading has-text-align-center\" id=\"heading-1751057926500-5\">Note du Conseil d\u2019Administration<\/h2>\n\n\n<div class=\"wp-block-image\">\n<figure class=\"aligncenter size-full\"><img loading=\"lazy\" decoding=\"async\" width=\"100\" height=\"100\" src=\"https:\/\/centcols.org\/wp-content\/uploads\/2025\/08\/icons8-note-100.png\" alt=\"\" class=\"wp-image-88085\" srcset=\"https:\/\/centcols.org\/wp-content\/uploads\/2025\/08\/icons8-note-100.png 100w, https:\/\/centcols.org\/wp-content\/uploads\/2025\/08\/icons8-note-100-12x12.png 12w\" sizes=\"auto, (max-width: 100px) 100vw, 100px\" \/><\/figure>\n<\/div>\n\n\n<p>Si vous organisez votre h\u00e9bergement ailleurs que dans le centre de s\u00e9jour, n\u2019oubliez pas de vous inscrire en tant que \u00ab Simple Participant \u00bb :<\/p>\n\n\n\n<ul class=\"wp-block-list\">\n<li>Afin de pouvoir dimensionner correctement les \u00e9v\u00e9nements communs (sessions d\u2019information, boissons de bienvenue et de cl\u00f4ture).<\/li>\n\n\n\n<li>Pour pouvoir fournir le livret de vacances.<\/li>\n\n\n\n<li>Afin d\u2019assurer une bonne r\u00e9partition des co\u00fbts de pr\u00e9paration et d\u2019organisation.<\/li>\n<\/ul>\n<\/div>\n<\/div>\n\n\n\n<div style=\"height:18px\" aria-hidden=\"true\" class=\"wp-block-spacer\"><\/div>\n\n\n\n<h2 class=\"wp-block-heading\" id=\"6-inscriptions\">Inscriptions<\/h2>\n\n\n\n<p>Pour vous inscrire, t\u00e9l\u00e9chargez le bulletin d\u2019inscription PDF avec le lien ci-dessous. Attention, le bulletin d\u2019inscription comprend deux pages : l\u2019inscription proprement dite (veillez \u00e0 bien remplir toutes les rubriques qui vous concernent et \u00e0 signer au bas de la page), et les conditions particuli\u00e8res que vous voudrez bien signer \u00e9galement. Si vous envisagez de vous faire accompagner par votre compagnon\/compagne veillez bien \u00e0 l\u2019inscrire auparavant comme membre associ\u00e9 aupr\u00e8s de votre D\u00e9l\u00e9gu\u00e9 Territorial ou National et n\u2019oubliez pas de \u2026<\/p>\n\n\n\n<p>mettre son N\u00b0 de membre associ\u00e9 dans la case pr\u00e9vue.<br>\u201cLe Forfait Frais d\u2019Organisation\u201d doit \u00eatre souscrit par tous les membres participant au s\u00e9jour (qu\u2019ils choisissent la pension compl\u00e8te, le forfait 7 d\u00eeners, ou qu\u2019ils se logent et se nourrissent par leur propres moyens) \u00e0 l\u2019exception des seuls membres associ\u00e9s (d\u00e9cision du CA du 26 septembre 2020). Ce forfait est une participation \u00e0 toutes les prestations et services dont ils b\u00e9n\u00e9ficient en prenant part au s\u00e9jour : co\u00fbt de la pr\u00e9paration du s\u00e9jour et des circuits, \u00e9dition des cartes affich\u00e9es et du trombinoscope, plaquette du s\u00e9jour, organisation des activit\u00e9s des accompagnants, assurance du Club, etc.<\/p>\n\n\n\n<p>Les s\u00e9jours n\u2019\u00e9tant accessibles, pour des raisons l\u00e9gales, qu\u2019aux seuls membres du Club, veillez \u00e0 \u00eatre \u00e0 jour de cotisation avant d\u2019envoyer votre bulletin d\u2019inscription<\/p>\n\n\n\n<p>Vous pouvez choisir les formules :<\/p>\n\n\n\n<ul class=\"wp-block-list\">\n<li>\u201cPension Compl\u00e8te\u201d \u00e0&nbsp;506 \u20ac auquel vous devez rajouter le forfait \u201cfrais d\u2019organisation\u201d \u00e0 17 \u20ac soit un total de&nbsp;523 euros<\/li>\n\n\n\n<li>\u201cForfait 7 d\u00eeners\u201d \u00e0&nbsp;145 \u20ac si vous vous logez par vos propres moyens mais souhaitez partager les d\u00eeners avec vos amis. Vous devez rajouter le forfait \u201cfrais d\u2019organisation \u00e0 17 \u20ac soit un total de&nbsp;162 euros<\/li>\n\n\n\n<li>\u201cForfait frais d\u2019organisation\u201d \u00e0&nbsp;17 \u20ac si vous logez et assurez vos d\u00eeners par vos propres moyens (sauf les membres associ\u00e9s)<\/li>\n\n\n\n<li>Souscription facultative \u00e0 l\u2019assurance Gritchen (2,34 % du montant des prestations avec un minimum de 8\u20ac par personne soit 16\u20ac pour un couple)<\/li>\n\n\n\n<li>Si vous n\u2019\u00eates pas licenci\u00e9 FFCT, ajoutez l\u2019assurance obligatoire \u00e0 7\u20ac par personne<\/li>\n\n\n\n<li>Si vous \u00eates un couple dont un membre est membre associ\u00e9 non licenci\u00e9 \u00e0 la FFCT et que vous souhaitez souscrire \u00e0 l\u2019assurance Gritchen, vous choisissez deux forfaits \u00e0&nbsp;506 euros, un forfait frais d\u2019organisation \u00e0&nbsp;17 euros soit un total de&nbsp;1029 euros, vous ajoutez l\u2019assurance Gritchen 2,34 % x&nbsp;1029 euros =&nbsp;24,08 euros (qui est sup\u00e9rieur au minimum de 16 euros) et l\u2019assurance non FFCT \u00e0 7 euros soit un total de 1060,08 euros<\/li>\n<\/ul>\n\n\n\n<h3 class=\"wp-block-heading\" id=\"7-t%C3%A9l%C3%A9charger-le-bulletin-download-the-booking-form-scarica-il-modulo\">T\u00e9l\u00e9charger le bulletin \/ download the booking form \/ scarica il modulo<\/h3>\n\n\n\n<p><a href=\"https:\/\/centcols.org\/wp-content\/uploads\/2025\/08\/Bulletin-dinscription-pdf.jpg\" target=\"_blank\" rel=\"noreferrer noopener\">Bulletin d\u2019Inscription Vaison en fran\u00e7ais<\/a><\/p>\n\n\n\n<p><a href=\"https:\/\/centcols.org\/wp-content\/uploads\/2025\/08\/Booking-pdf.jpg\" target=\"_blank\" rel=\"noreferrer noopener\">Booking form Vaison in English<\/a><\/p>\n\n\n\n<p><a href=\"https:\/\/centcols.org\/wp-content\/uploads\/2025\/08\/Modulo-discrizione-pdf.jpg\" target=\"_blank\" rel=\"noreferrer noopener\">Modulo d\u2019iscrizione Vaison in italiano<\/a><\/p>\n\n\n\n<ul class=\"wp-block-list\">\n<li><a href=\"\/wp-content\/uploads\/2025\/06\/CGA-Residence-de-tourisme-Cent-cols1.pdf\" target=\"_blank\" rel=\"noreferrer noopener\">Conditions g\u00e9n\u00e9rales assurance Gritchen<\/a><\/li>\n\n\n\n<li><a href=\"\/wp-content\/uploads\/2025\/06\/Gritchen_Covid19_Gritchen_FR1.pdf\" target=\"_blank\" rel=\"noreferrer noopener\">Gritchen couverture Covid 19<\/a><\/li>\n<\/ul>\n\n\n\n<p><strong>La date limite de r\u00e9ception des inscriptions a \u00e9t\u00e9 fix\u00e9e au &nbsp;30\/05\/2025 .<\/strong><\/p>\n\n\n\n<h2 class=\"wp-block-heading\" id=\"8-livret\">Livret<\/h2>\n\n\n\n<p>Vous pouvez feuilleter <strong><a href=\"https:\/\/centcols.org\/wp-content\/uploads\/2025\/08\/Livret-2025-06-14.pdf\" target=\"_blank\" rel=\"noreferrer noopener\">ici<\/a><\/strong> le Livret qui sera distribu\u00e9 lors du s\u00e9jour et qui contient, outre les messages de bienvenue, des informations sur la r\u00e9gion et sur l\u2019acc\u00e8s, des \u00e9l\u00e9ments sur la s\u00e9curit\u00e9 et le descriptif d\u00e9taill\u00e9 des circuits.<\/p>\n\n\n<div class=\"wp-block-image\">\n<figure class=\"aligncenter size-full is-resized\"><a href=\"https:\/\/centcols.org\/wp-content\/uploads\/2025\/08\/Livret-2025-06-14.pdf\" target=\"_blank\" rel=\" noreferrer noopener\"><img loading=\"lazy\" decoding=\"async\" width=\"747\" height=\"1058\" src=\"https:\/\/centcols.org\/wp-content\/uploads\/2025\/08\/Livret-2025-06-14-pdf.jpg\" alt=\"\" class=\"wp-image-88014\" style=\"width:263px;height:auto\"\/><\/a><\/figure>\n<\/div>\n\n\n<h2 class=\"wp-block-heading\" id=\"9-il-ny-a-pas-que-le-v%C3%A9lo-dans-la-vie\">Il n&rsquo;y a pas que le v\u00e9lo dans la vie<\/h2>\n\n\n\n<figure class=\"wp-block-gallery has-nested-images columns-4 is-cropped wp-block-gallery-2 is-layout-flex wp-block-gallery-is-layout-flex\">\n<figure class=\"wp-block-image size-full\"><a href=\"https:\/\/centcols.org\/wp-content\/uploads\/2025\/08\/villasse.jpg\"><img loading=\"lazy\" decoding=\"async\" width=\"1200\" height=\"801\" data-id=\"88015\" src=\"https:\/\/centcols.org\/wp-content\/uploads\/2025\/08\/villasse.jpg\" alt=\"\" class=\"wp-image-88015\" srcset=\"https:\/\/centcols.org\/wp-content\/uploads\/2025\/08\/villasse.jpg 1200w, https:\/\/centcols.org\/wp-content\/uploads\/2025\/08\/villasse-768x513.jpg 768w\" sizes=\"auto, (max-width: 1200px) 100vw, 1200px\" \/><\/a><figcaption class=\"wp-element-caption\">Vaison site antique \u00a9OT-vaison<\/figcaption><\/figure>\n\n\n\n<figure class=\"wp-block-image size-full\"><a href=\"https:\/\/centcols.org\/wp-content\/uploads\/2025\/08\/site_antique_puymin.jpg\"><img loading=\"lazy\" decoding=\"async\" width=\"1200\" height=\"800\" data-id=\"88022\" src=\"https:\/\/centcols.org\/wp-content\/uploads\/2025\/08\/site_antique_puymin.jpg\" alt=\"\" class=\"wp-image-88022\" srcset=\"https:\/\/centcols.org\/wp-content\/uploads\/2025\/08\/site_antique_puymin.jpg 1200w, https:\/\/centcols.org\/wp-content\/uploads\/2025\/08\/site_antique_puymin-768x512.jpg 768w\" sizes=\"auto, (max-width: 1200px) 100vw, 1200px\" \/><\/a><figcaption class=\"wp-element-caption\">Site antique de Puymin et son mus\u00e9e \u00e0 Vaison-la-romaine le 06\/07\/2020<\/figcaption><\/figure>\n\n\n\n<figure class=\"wp-block-image size-full\"><a href=\"https:\/\/centcols.org\/wp-content\/uploads\/2025\/08\/pont-romain.jpg\"><img loading=\"lazy\" decoding=\"async\" width=\"1200\" height=\"800\" data-id=\"88016\" src=\"https:\/\/centcols.org\/wp-content\/uploads\/2025\/08\/pont-romain.jpg\" alt=\"\" class=\"wp-image-88016\" srcset=\"https:\/\/centcols.org\/wp-content\/uploads\/2025\/08\/pont-romain.jpg 1200w, https:\/\/centcols.org\/wp-content\/uploads\/2025\/08\/pont-romain-768x512.jpg 768w\" sizes=\"auto, (max-width: 1200px) 100vw, 1200px\" \/><\/a><figcaption class=\"wp-element-caption\">pont romain\u00a9OT-vaison<\/figcaption><\/figure>\n\n\n\n<figure class=\"wp-block-image size-full\"><a href=\"https:\/\/centcols.org\/wp-content\/uploads\/2025\/08\/cite_medievale.jpg\"><img loading=\"lazy\" decoding=\"async\" width=\"1200\" height=\"800\" data-id=\"88017\" src=\"https:\/\/centcols.org\/wp-content\/uploads\/2025\/08\/cite_medievale.jpg\" alt=\"\" class=\"wp-image-88017\" srcset=\"https:\/\/centcols.org\/wp-content\/uploads\/2025\/08\/cite_medievale.jpg 1200w, https:\/\/centcols.org\/wp-content\/uploads\/2025\/08\/cite_medievale-768x512.jpg 768w\" sizes=\"auto, (max-width: 1200px) 100vw, 1200px\" \/><\/a><figcaption class=\"wp-element-caption\">Vaison-la-Romaine cit\u00e9 m\u00e9di\u00e9vale \u00a9OT-vaison<\/figcaption><\/figure>\n<\/figure>\n\n\n\n<p class=\"has-text-align-center\">D\u00e9couvrir Vaison-la-Romaine<\/p>\n\n\n\n<div class=\"wp-block-columns is-layout-flex wp-container-core-columns-is-layout-9d6595d7 wp-block-columns-is-layout-flex\">\n<div class=\"wp-block-column is-layout-flow wp-block-column-is-layout-flow\">\n<ul class=\"wp-block-list\">\n<li><a href=\"https:\/\/www.vaison-ventoux-provence.com\/explorer\/vaison-ventoux\/nos-incontournables\/sites-antiques\/les-sites-de-puymin-et-la-villasse\/\" target=\"_blank\" rel=\"noreferrer noopener\">Les sites antiques de Puymin et la Villasse<\/a><\/li>\n\n\n\n<li><a href=\"https:\/\/petittrainvaison.com\/decouvrir-le-circuit\/\" target=\"_blank\" rel=\"noreferrer noopener\">Le petit train touristique<\/a><\/li>\n<\/ul>\n<\/div>\n\n\n\n<div class=\"wp-block-column is-layout-flow wp-block-column-is-layout-flow\">\n<ul class=\"wp-block-list\">\n<li><a href=\"https:\/\/www.vaison-ventoux-provence.com\/explorer\/vaison-ventoux\/villages-romains-medievaux\/vaison\/la-cite-medievale\/\" target=\"_blank\" rel=\"noreferrer noopener\">La cit\u00e9 m\u00e9di\u00e9vale<\/a><\/li>\n\n\n\n<li><a href=\"https:\/\/www.provenceromaine.com\/\" target=\"_blank\" rel=\"noreferrer noopener\">Le parc arch\u00e9ologique<\/a><\/li>\n<\/ul>\n<\/div>\n<\/div>\n\n\n\n<p class=\"has-text-align-center\">D\u00e9couvrir le patrimoine<\/p>\n\n\n\n<div class=\"wp-block-columns is-layout-flex wp-container-core-columns-is-layout-9d6595d7 wp-block-columns-is-layout-flex\">\n<div class=\"wp-block-column is-layout-flow wp-block-column-is-layout-flow\">\n<ul class=\"wp-block-list\">\n<li><a href=\"https:\/\/www.forteresse-mornas.fr\/\" target=\"_blank\" rel=\"noreferrer noopener\">Forteresse de Mornas<\/a><\/li>\n\n\n\n<li><a href=\"https:\/\/www.vaison-ventoux-provence.com\/offres\/chateau-du-barroux-le-barroux-fr-4827549\/\" target=\"_blank\" rel=\"noreferrer noopener\">Ch\u00e2teau du Barroux<\/a><\/li>\n\n\n\n<li><a href=\"https:\/\/www.chateaudethezan.com\/\" target=\"_blank\" rel=\"noreferrer noopener\">Ch\u00e2teau de Th\u00e9zan<\/a><\/li>\n<\/ul>\n<\/div>\n\n\n\n<div class=\"wp-block-column is-layout-flow wp-block-column-is-layout-flow\">\n<ul class=\"wp-block-list\">\n<li><a href=\"https:\/\/www.chateaux-ladrome.fr\/fr\/chateau-de-grignan\" target=\"_blank\" rel=\"noreferrer noopener\">Ch\u00e2teau de Grignan<\/a><\/li>\n\n\n\n<li><a href=\"https:\/\/chateau-aulan.fr\/\" target=\"_blank\" rel=\"noreferrer noopener\">Ch\u00e2teau d&rsquo;Aulan<\/a><\/li>\n<\/ul>\n<\/div>\n<\/div>\n\n\n\n\n\n\n","protected":false},"excerpt":{"rendered":"<p>Ont contribu\u00e9 \u00e0 cette page de pr\u00e9sentation du s\u00e9jour Enrico Alberini, Jean Luc Matte, Christophe Badonnel et les responsables informatiques. Toutes les chambres individuelles ont \u00e9t\u00e9 attribu\u00e9es Le s\u00e9jour d\u2019\u00e9t\u00e9 2025 se d\u00e9roulera du 30 ao\u00fbt au 06 septembre 2025 dans le d\u00e9partement du Vaucluse. Il a \u00e9t\u00e9 pr\u00e9par\u00e9 par une petite \u00e9quipe&nbsp; : Alain [&hellip;]<\/p>\n","protected":false},"author":64,"featured_media":85751,"comment_status":"open","ping_status":"closed","sticky":false,"template":"","format":"standard","meta":{"_acf_changed":false,"footnotes":""},"categories":[349,353,404,355,135,352,231],"tags":[],"class_list":["post-85746","post","type-post","status-publish","format-standard","has-post-thumbnail","hentry","category-france-pays-sejours","category-alpes-francaises-du-sud-massif-sejours","category-baronnies-provencales","category-provence-alpes-cote-dazur-region-sejours","category-calendrier","category-84-vaucluse","category-sejours"],"acf":[],"yoast_head":"<!-- This site is optimized with the Yoast SEO plugin v27.2 - https:\/\/yoast.com\/product\/yoast-seo-wordpress\/ -->\n<title>S\u00e9jour d\u2019\u00e9t\u00e9 \u00e0 Vaison-la-Romaine, 30 ao\u00fbt au 06 septembre 2025 - Club des Cent Cols<\/title>\n<meta name=\"robots\" content=\"index, follow, max-snippet:-1, max-image-preview:large, max-video-preview:-1\" \/>\n<link rel=\"canonical\" href=\"https:\/\/centcols.org\/it\/soggiorno-2025-vaison\/\" \/>\n<meta property=\"og:locale\" content=\"it_IT\" \/>\n<meta property=\"og:type\" content=\"article\" \/>\n<meta property=\"og:title\" content=\"S\u00e9jour d\u2019\u00e9t\u00e9 \u00e0 Vaison-la-Romaine, 30 ao\u00fbt au 06 septembre 2025 - Club des Cent Cols\" \/>\n<meta property=\"og:description\" content=\"Ont contribu\u00e9 \u00e0 cette page de pr\u00e9sentation du s\u00e9jour Enrico Alberini, Jean Luc Matte, Christophe Badonnel et les responsables informatiques. Toutes les chambres individuelles ont \u00e9t\u00e9 attribu\u00e9es Le s\u00e9jour d\u2019\u00e9t\u00e9 2025 se d\u00e9roulera du 30 ao\u00fbt au 06 septembre 2025 dans le d\u00e9partement du Vaucluse. Il a \u00e9t\u00e9 pr\u00e9par\u00e9 par une petite \u00e9quipe&nbsp; : Alain [&hellip;]\" \/>\n<meta property=\"og:url\" content=\"https:\/\/centcols.org\/it\/soggiorno-2025-vaison\/\" \/>\n<meta property=\"og:site_name\" content=\"Club des Cent Cols\" \/>\n<meta property=\"article:publisher\" content=\"https:\/\/www.facebook.com\/groups\/5261880558\/?locale=fr_FR\" \/>\n<meta property=\"article:published_time\" content=\"2025-08-22T13:27:51+00:00\" \/>\n<meta property=\"article:modified_time\" content=\"2025-10-27T13:46:42+00:00\" \/>\n<meta property=\"og:image\" content=\"https:\/\/centcols.org\/wp-content\/uploads\/2025\/08\/vaison-ventoux-provence.jpg\" \/>\n\t<meta property=\"og:image:width\" content=\"960\" \/>\n\t<meta property=\"og:image:height\" content=\"420\" \/>\n\t<meta property=\"og:image:type\" content=\"image\/jpeg\" \/>\n<meta name=\"author\" content=\"Christophe Badonnel\" \/>\n<meta name=\"twitter:card\" content=\"summary_large_image\" \/>\n<meta name=\"twitter:label1\" content=\"Scritto da\" \/>\n\t<meta name=\"twitter:data1\" content=\"Christophe Badonnel\" \/>\n\t<meta name=\"twitter:label2\" content=\"Tempo di lettura stimato\" \/>\n\t<meta name=\"twitter:data2\" content=\"9 minuti\" \/>\n<script type=\"application\/ld+json\" class=\"yoast-schema-graph\">{\"@context\":\"https:\/\/schema.org\",\"@graph\":[{\"@type\":\"Article\",\"@id\":\"https:\/\/centcols.org\/sejour-2025-vaison\/#article\",\"isPartOf\":{\"@id\":\"https:\/\/centcols.org\/sejour-2025-vaison\/\"},\"author\":{\"name\":\"Christophe Badonnel\",\"@id\":\"https:\/\/centcols.org\/#\/schema\/person\/5c1a9d61132fb33ccec149272abff6e1\"},\"headline\":\"S\u00e9jour d\u2019\u00e9t\u00e9 \u00e0 Vaison-la-Romaine, 30 ao\u00fbt au 06 septembre 2025\",\"datePublished\":\"2025-08-22T13:27:51+00:00\",\"dateModified\":\"2025-10-27T13:46:42+00:00\",\"mainEntityOfPage\":{\"@id\":\"https:\/\/centcols.org\/sejour-2025-vaison\/\"},\"wordCount\":1365,\"commentCount\":0,\"publisher\":{\"@id\":\"https:\/\/centcols.org\/#organization\"},\"image\":{\"@id\":\"https:\/\/centcols.org\/sejour-2025-vaison\/#primaryimage\"},\"thumbnailUrl\":\"https:\/\/centcols.org\/wp-content\/uploads\/2025\/08\/vaison-ventoux-provence.jpg\",\"articleSection\":[\"France\",\"Alpes fran\u00e7aises du sud\",\"Baronnies proven\u00e7ales\",\"Provence-Alpes-C\u00f4te d'Azur\",\"Calendrier\",\"84-Vaucluse\",\"S\u00e9jours du Club des Cent Cols\"],\"inLanguage\":\"it-IT\",\"potentialAction\":[{\"@type\":\"CommentAction\",\"name\":\"Comment\",\"target\":[\"https:\/\/centcols.org\/sejour-2025-vaison\/#respond\"]}]},{\"@type\":\"WebPage\",\"@id\":\"https:\/\/centcols.org\/sejour-2025-vaison\/\",\"url\":\"https:\/\/centcols.org\/sejour-2025-vaison\/\",\"name\":\"S\u00e9jour d\u2019\u00e9t\u00e9 \u00e0 Vaison-la-Romaine, 30 ao\u00fbt au 06 septembre 2025 - Club des Cent Cols\",\"isPartOf\":{\"@id\":\"https:\/\/centcols.org\/#website\"},\"primaryImageOfPage\":{\"@id\":\"https:\/\/centcols.org\/sejour-2025-vaison\/#primaryimage\"},\"image\":{\"@id\":\"https:\/\/centcols.org\/sejour-2025-vaison\/#primaryimage\"},\"thumbnailUrl\":\"https:\/\/centcols.org\/wp-content\/uploads\/2025\/08\/vaison-ventoux-provence.jpg\",\"datePublished\":\"2025-08-22T13:27:51+00:00\",\"dateModified\":\"2025-10-27T13:46:42+00:00\",\"breadcrumb\":{\"@id\":\"https:\/\/centcols.org\/sejour-2025-vaison\/#breadcrumb\"},\"inLanguage\":\"it-IT\",\"potentialAction\":[{\"@type\":\"ReadAction\",\"target\":[\"https:\/\/centcols.org\/sejour-2025-vaison\/\"]}]},{\"@type\":\"ImageObject\",\"inLanguage\":\"it-IT\",\"@id\":\"https:\/\/centcols.org\/sejour-2025-vaison\/#primaryimage\",\"url\":\"https:\/\/centcols.org\/wp-content\/uploads\/2025\/08\/vaison-ventoux-provence.jpg\",\"contentUrl\":\"https:\/\/centcols.org\/wp-content\/uploads\/2025\/08\/vaison-ventoux-provence.jpg\",\"width\":960,\"height\":420},{\"@type\":\"BreadcrumbList\",\"@id\":\"https:\/\/centcols.org\/sejour-2025-vaison\/#breadcrumb\",\"itemListElement\":[{\"@type\":\"ListItem\",\"position\":1,\"name\":\"Accueil\",\"item\":\"https:\/\/centcols.org\/\"},{\"@type\":\"ListItem\",\"position\":2,\"name\":\"S\u00e9jours du Club des Cent Cols\",\"item\":\"https:\/\/centcols.org\/rubrique\/sejours\/\"},{\"@type\":\"ListItem\",\"position\":3,\"name\":\"Pays\",\"item\":\"https:\/\/centcols.org\/rubrique\/sejours\/pays-sejours\/\"},{\"@type\":\"ListItem\",\"position\":4,\"name\":\"France\",\"item\":\"https:\/\/centcols.org\/rubrique\/sejours\/pays-sejours\/france-pays-sejours\/\"},{\"@type\":\"ListItem\",\"position\":5,\"name\":\"S\u00e9jour d\u2019\u00e9t\u00e9 \u00e0 Vaison-la-Romaine, 30 ao\u00fbt au 06 septembre 2025\"}]},{\"@type\":\"WebSite\",\"@id\":\"https:\/\/centcols.org\/#website\",\"url\":\"https:\/\/centcols.org\/\",\"name\":\"Club des Cent Cols\",\"description\":\"\",\"publisher\":{\"@id\":\"https:\/\/centcols.org\/#organization\"},\"potentialAction\":[{\"@type\":\"SearchAction\",\"target\":{\"@type\":\"EntryPoint\",\"urlTemplate\":\"https:\/\/centcols.org\/?s={search_term_string}\"},\"query-input\":{\"@type\":\"PropertyValueSpecification\",\"valueRequired\":true,\"valueName\":\"search_term_string\"}}],\"inLanguage\":\"it-IT\"},{\"@type\":\"Organization\",\"@id\":\"https:\/\/centcols.org\/#organization\",\"name\":\"Club des Cent Cols\",\"url\":\"https:\/\/centcols.org\/\",\"logo\":{\"@type\":\"ImageObject\",\"inLanguage\":\"it-IT\",\"@id\":\"https:\/\/centcols.org\/#\/schema\/logo\/image\/\",\"url\":\"https:\/\/centcols.org\/wp-content\/uploads\/2025\/01\/carte-icone.png\",\"contentUrl\":\"https:\/\/centcols.org\/wp-content\/uploads\/2025\/01\/carte-icone.png\",\"width\":250,\"height\":250,\"caption\":\"Club des Cent Cols\"},\"image\":{\"@id\":\"https:\/\/centcols.org\/#\/schema\/logo\/image\/\"},\"sameAs\":[\"https:\/\/www.facebook.com\/groups\/5261880558\/?locale=fr_FR\"]},{\"@type\":\"Person\",\"@id\":\"https:\/\/centcols.org\/#\/schema\/person\/5c1a9d61132fb33ccec149272abff6e1\",\"name\":\"Christophe Badonnel\",\"image\":{\"@type\":\"ImageObject\",\"inLanguage\":\"it-IT\",\"@id\":\"https:\/\/centcols.org\/wp-content\/litespeed\/avatar\/9f363966b51271bd99ebbb6ebd632889.jpg?ver=1777238111\",\"url\":\"https:\/\/centcols.org\/wp-content\/litespeed\/avatar\/9f363966b51271bd99ebbb6ebd632889.jpg?ver=1777238111\",\"contentUrl\":\"https:\/\/centcols.org\/wp-content\/litespeed\/avatar\/9f363966b51271bd99ebbb6ebd632889.jpg?ver=1777238111\",\"caption\":\"Christophe Badonnel\"},\"url\":\"https:\/\/centcols.org\/it\/author\/5799\/\"}]}<\/script>\n<!-- \/ Yoast SEO plugin. -->","yoast_head_json":{"title":"Vacanze estive a Vaison-la-Romaine, dal 30 agosto al 06 settembre 2025 - Club des Cent Cols","robots":{"index":"index","follow":"follow","max-snippet":"max-snippet:-1","max-image-preview":"max-image-preview:large","max-video-preview":"max-video-preview:-1"},"canonical":"https:\/\/centcols.org\/it\/soggiorno-2025-vaison\/","og_locale":"it_IT","og_type":"article","og_title":"S\u00e9jour d\u2019\u00e9t\u00e9 \u00e0 Vaison-la-Romaine, 30 ao\u00fbt au 06 septembre 2025 - Club des Cent Cols","og_description":"Ont contribu\u00e9 \u00e0 cette page de pr\u00e9sentation du s\u00e9jour Enrico Alberini, Jean Luc Matte, Christophe Badonnel et les responsables informatiques. Toutes les chambres individuelles ont \u00e9t\u00e9 attribu\u00e9es Le s\u00e9jour d\u2019\u00e9t\u00e9 2025 se d\u00e9roulera du 30 ao\u00fbt au 06 septembre 2025 dans le d\u00e9partement du Vaucluse. Il a \u00e9t\u00e9 pr\u00e9par\u00e9 par une petite \u00e9quipe&nbsp; : Alain [&hellip;]","og_url":"https:\/\/centcols.org\/it\/soggiorno-2025-vaison\/","og_site_name":"Club des Cent Cols","article_publisher":"https:\/\/www.facebook.com\/groups\/5261880558\/?locale=fr_FR","article_published_time":"2025-08-22T13:27:51+00:00","article_modified_time":"2025-10-27T13:46:42+00:00","og_image":[{"width":960,"height":420,"url":"https:\/\/centcols.org\/wp-content\/uploads\/2025\/08\/vaison-ventoux-provence.jpg","type":"image\/jpeg"}],"author":"Christophe Badonnel","twitter_card":"summary_large_image","twitter_misc":{"Scritto da":"Christophe Badonnel","Tempo di lettura stimato":"9 minuti"},"schema":{"@context":"https:\/\/schema.org","@graph":[{"@type":"Article","@id":"https:\/\/centcols.org\/sejour-2025-vaison\/#article","isPartOf":{"@id":"https:\/\/centcols.org\/sejour-2025-vaison\/"},"author":{"name":"Christophe Badonnel","@id":"https:\/\/centcols.org\/#\/schema\/person\/5c1a9d61132fb33ccec149272abff6e1"},"headline":"S\u00e9jour d\u2019\u00e9t\u00e9 \u00e0 Vaison-la-Romaine, 30 ao\u00fbt au 06 septembre 2025","datePublished":"2025-08-22T13:27:51+00:00","dateModified":"2025-10-27T13:46:42+00:00","mainEntityOfPage":{"@id":"https:\/\/centcols.org\/sejour-2025-vaison\/"},"wordCount":1365,"commentCount":0,"publisher":{"@id":"https:\/\/centcols.org\/#organization"},"image":{"@id":"https:\/\/centcols.org\/sejour-2025-vaison\/#primaryimage"},"thumbnailUrl":"https:\/\/centcols.org\/wp-content\/uploads\/2025\/08\/vaison-ventoux-provence.jpg","articleSection":["France","Alpes fran\u00e7aises du sud","Baronnies proven\u00e7ales","Provence-Alpes-C\u00f4te d'Azur","Calendrier","84-Vaucluse","S\u00e9jours du Club des Cent Cols"],"inLanguage":"it-IT","potentialAction":[{"@type":"CommentAction","name":"Comment","target":["https:\/\/centcols.org\/sejour-2025-vaison\/#respond"]}]},{"@type":"WebPage","@id":"https:\/\/centcols.org\/sejour-2025-vaison\/","url":"https:\/\/centcols.org\/sejour-2025-vaison\/","name":"Vacanze estive a Vaison-la-Romaine, dal 30 agosto al 06 settembre 2025 - Club des Cent Cols","isPartOf":{"@id":"https:\/\/centcols.org\/#website"},"primaryImageOfPage":{"@id":"https:\/\/centcols.org\/sejour-2025-vaison\/#primaryimage"},"image":{"@id":"https:\/\/centcols.org\/sejour-2025-vaison\/#primaryimage"},"thumbnailUrl":"https:\/\/centcols.org\/wp-content\/uploads\/2025\/08\/vaison-ventoux-provence.jpg","datePublished":"2025-08-22T13:27:51+00:00","dateModified":"2025-10-27T13:46:42+00:00","breadcrumb":{"@id":"https:\/\/centcols.org\/sejour-2025-vaison\/#breadcrumb"},"inLanguage":"it-IT","potentialAction":[{"@type":"ReadAction","target":["https:\/\/centcols.org\/sejour-2025-vaison\/"]}]},{"@type":"ImageObject","inLanguage":"it-IT","@id":"https:\/\/centcols.org\/sejour-2025-vaison\/#primaryimage","url":"https:\/\/centcols.org\/wp-content\/uploads\/2025\/08\/vaison-ventoux-provence.jpg","contentUrl":"https:\/\/centcols.org\/wp-content\/uploads\/2025\/08\/vaison-ventoux-provence.jpg","width":960,"height":420},{"@type":"BreadcrumbList","@id":"https:\/\/centcols.org\/sejour-2025-vaison\/#breadcrumb","itemListElement":[{"@type":"ListItem","position":1,"name":"Accueil","item":"https:\/\/centcols.org\/"},{"@type":"ListItem","position":2,"name":"S\u00e9jours du Club des Cent Cols","item":"https:\/\/centcols.org\/rubrique\/sejours\/"},{"@type":"ListItem","position":3,"name":"Pays","item":"https:\/\/centcols.org\/rubrique\/sejours\/pays-sejours\/"},{"@type":"ListItem","position":4,"name":"France","item":"https:\/\/centcols.org\/rubrique\/sejours\/pays-sejours\/france-pays-sejours\/"},{"@type":"ListItem","position":5,"name":"S\u00e9jour d\u2019\u00e9t\u00e9 \u00e0 Vaison-la-Romaine, 30 ao\u00fbt au 06 septembre 2025"}]},{"@type":"WebSite","@id":"https:\/\/centcols.org\/#website","url":"https:\/\/centcols.org\/","name":"Club des Cent Cols","description":"","publisher":{"@id":"https:\/\/centcols.org\/#organization"},"potentialAction":[{"@type":"SearchAction","target":{"@type":"EntryPoint","urlTemplate":"https:\/\/centcols.org\/?s={search_term_string}"},"query-input":{"@type":"PropertyValueSpecification","valueRequired":true,"valueName":"search_term_string"}}],"inLanguage":"it-IT"},{"@type":"Organization","@id":"https:\/\/centcols.org\/#organization","name":"Club des Cent Cols","url":"https:\/\/centcols.org\/","logo":{"@type":"ImageObject","inLanguage":"it-IT","@id":"https:\/\/centcols.org\/#\/schema\/logo\/image\/","url":"https:\/\/centcols.org\/wp-content\/uploads\/2025\/01\/carte-icone.png","contentUrl":"https:\/\/centcols.org\/wp-content\/uploads\/2025\/01\/carte-icone.png","width":250,"height":250,"caption":"Club des Cent Cols"},"image":{"@id":"https:\/\/centcols.org\/#\/schema\/logo\/image\/"},"sameAs":["https:\/\/www.facebook.com\/groups\/5261880558\/?locale=fr_FR"]},{"@type":"Person","@id":"https:\/\/centcols.org\/#\/schema\/person\/5c1a9d61132fb33ccec149272abff6e1","name":"Christophe Badonnel","image":{"@type":"ImageObject","inLanguage":"it-IT","@id":"https:\/\/centcols.org\/wp-content\/litespeed\/avatar\/9f363966b51271bd99ebbb6ebd632889.jpg?ver=1777238111","url":"https:\/\/centcols.org\/wp-content\/litespeed\/avatar\/9f363966b51271bd99ebbb6ebd632889.jpg?ver=1777238111","contentUrl":"https:\/\/centcols.org\/wp-content\/litespeed\/avatar\/9f363966b51271bd99ebbb6ebd632889.jpg?ver=1777238111","caption":"Christophe Badonnel"},"url":"https:\/\/centcols.org\/it\/author\/5799\/"}]}},"_links":{"self":[{"href":"https:\/\/centcols.org\/it\/wp-json\/wp\/v2\/posts\/85746","targetHints":{"allow":["GET"]}}],"collection":[{"href":"https:\/\/centcols.org\/it\/wp-json\/wp\/v2\/posts"}],"about":[{"href":"https:\/\/centcols.org\/it\/wp-json\/wp\/v2\/types\/post"}],"author":[{"embeddable":true,"href":"https:\/\/centcols.org\/it\/wp-json\/wp\/v2\/users\/64"}],"replies":[{"embeddable":true,"href":"https:\/\/centcols.org\/it\/wp-json\/wp\/v2\/comments?post=85746"}],"version-history":[{"count":0,"href":"https:\/\/centcols.org\/it\/wp-json\/wp\/v2\/posts\/85746\/revisions"}],"wp:featuredmedia":[{"embeddable":true,"href":"https:\/\/centcols.org\/it\/wp-json\/wp\/v2\/media\/85751"}],"wp:attachment":[{"href":"https:\/\/centcols.org\/it\/wp-json\/wp\/v2\/media?parent=85746"}],"wp:term":[{"taxonomy":"category","embeddable":true,"href":"https:\/\/centcols.org\/it\/wp-json\/wp\/v2\/categories?post=85746"},{"taxonomy":"post_tag","embeddable":true,"href":"https:\/\/centcols.org\/it\/wp-json\/wp\/v2\/tags?post=85746"}],"curies":[{"name":"wp","href":"https:\/\/api.w.org\/{rel}","templated":true}]}}