{"id":91054,"date":"2025-10-18T18:05:55","date_gmt":"2025-10-18T16:05:55","guid":{"rendered":"https:\/\/centcols.org\/?p=91054"},"modified":"2026-02-16T12:33:29","modified_gmt":"2026-02-16T10:33:29","slug":"ciclomontagnarde-des-volcans-2026","status":"publish","type":"post","link":"https:\/\/centcols.org\/it\/cyclomontagnarde-des-volcans-2026\/","title":{"rendered":"La ciclomontagnarde des volcans 30 e 31 maggio 2026"},"content":{"rendered":"<div style=\"height:50px\" aria-hidden=\"true\" class=\"wp-block-spacer\"><\/div>\n\n\n\n<h2 class=\"wp-block-heading\">Date<\/h2>\n\n\n\n<figure class=\"wp-block-table\"><table class=\"has-fixed-layout\"><tbody><tr><td> <strong>Un percorso di 230 km e 4.400 m di D+.<\/strong>&nbsp;da fare in 1 giorno (<strong>31 maggio<\/strong>) o 2 giorni (<strong>30 e 31 maggio<\/strong> alloggio a La Bourboule) per esplorare le montagne del D\u00f4me e visitare il massiccio del Sancy.<\/td><\/tr><tr><td><strong>Un percorso di montagna di 300 km e 5.600 m di altitudine D+.<\/strong>&nbsp;il <strong>Domenica 31<\/strong> e, dopo le montagne di D\u00f4mes e il massiccio del Sancy, si spinge fino al passo del Peyrol nelle montagne del Cantal, <strong>con la possibilit\u00e0<\/strong>&nbsp;salire&nbsp;<strong>il Puy de D\u00f4me sabato<\/strong>&nbsp;<em>per i ciclisti che effettuano uno dei due percorsi domenicali.<\/em><\/td><\/tr><tr><td><strong>Tour di scoperta di 2 giorni<\/strong>&nbsp;fino a La Bourboule e ritorno a Mozac e 1 giorno la domenica per scoprire le Combrailles.&nbsp;<\/td><\/tr><\/tbody><\/table><\/figure>\n\n\n\n<div class=\"wp-block-columns is-layout-flex wp-container-core-columns-is-layout-9d6595d7 wp-block-columns-is-layout-flex\">\n<div class=\"wp-block-column is-layout-flow wp-block-column-is-layout-flow\" style=\"flex-basis:66.66%\">\n<p class=\"has-medium-font-size\">V<em><strong>all'altezza della sfida<\/strong><\/em><\/p>\n\n\n\n<p class=\"has-medium-font-size\">Dalla faglia della Limagne ai leggendari passi del Sancy, venite a scoprire la ricchezza, la storia e la diversit\u00e0 della terra dei laghi e dei vulcani.<br>Per la Cyclomontagnarde des Volcans, ci sono tre opzioni per pedalare nel cuore di una natura incontaminata, che \u00e8 stata pi\u00f9 volte visitata dai corridori del Tour de France. Tra una salita e l'altra, si attraversano citt\u00e0 medievali e centri termali, dove si pu\u00f2 godere dell'ombra delle splendide pietre delle chiese romaniche e dei castelli tutelati.<br>Nel 2026, i ciclisti pi\u00f9 audaci potranno far rivivere un patrimonio ciclistico dimenticato. Pi\u00f9 di sessant'anni fa, la Randonn\u00e9e des Puys proponeva un percorso di 300 km con partenza da Clermont-Ferrand e l'ascesa del Pas de Peyrol come punto culminante. Nel 2026, la vetta pi\u00f9 famosa del Cantal torner\u00e0 in programma... ma prima bisogner\u00e0 attraversare i Monts Dore e resistere alla steppa del C\u00e9zallier Centrale sulla via del ritorno. Una grande avventura nel cuore dell'Alvernia!<br>Se vi iscrivete a uno dei due percorsi di domenica, avrete la possibilit\u00e0 di salire in cima al Puy de D\u00f4me il sabato. Un ottimo riscaldamento sulle pendici di un mito.<br>Salite in sella: i vulcani vi aspettano!<\/p>\n<\/div>\n\n\n\n<div class=\"wp-block-column is-layout-flow wp-block-column-is-layout-flow\" style=\"flex-basis:33.33%\"><div class=\"wp-block-image is-resized\">\n<figure class=\"aligncenter size-full\"><img loading=\"lazy\" decoding=\"async\" width=\"300\" height=\"126\" src=\"https:\/\/centcols.org\/wp-content\/uploads\/2025\/10\/Codep63-300x126-1.png\" alt=\"\" class=\"wp-image-91055\" style=\"aspect-ratio:1;object-fit:contain;width:300px\" srcset=\"https:\/\/centcols.org\/wp-content\/uploads\/2025\/10\/Codep63-300x126-1.png 300w, https:\/\/centcols.org\/wp-content\/uploads\/2025\/10\/Codep63-300x126-1-18x8.png 18w\" sizes=\"auto, (max-width: 300px) 100vw, 300px\" \/><\/figure>\n<\/div>\n\n\n<figure class=\"wp-block-image size-full\"><img loading=\"lazy\" decoding=\"async\" width=\"1500\" height=\"1002\" src=\"https:\/\/centcols.org\/wp-content\/uploads\/2025\/10\/GueryAutomne_mini.jpg\" alt=\"\" class=\"wp-image-91065\" srcset=\"https:\/\/centcols.org\/wp-content\/uploads\/2025\/10\/GueryAutomne_mini.jpg 1500w, https:\/\/centcols.org\/wp-content\/uploads\/2025\/10\/GueryAutomne_mini-1200x802.jpg 1200w, https:\/\/centcols.org\/wp-content\/uploads\/2025\/10\/GueryAutomne_mini-768x513.jpg 768w, https:\/\/centcols.org\/wp-content\/uploads\/2025\/10\/GueryAutomne_mini-18x12.jpg 18w\" sizes=\"auto, (max-width: 1500px) 100vw, 1500px\" \/><\/figure>\n<\/div>\n<\/div>\n\n\n\n<div class=\"wp-block-buttons is-layout-flex wp-block-buttons-is-layout-flex\">\n<div class=\"wp-block-button\"><a class=\"wp-block-button__link wp-element-button\" href=\"https:\/\/puy-de-dome.ffvelo.fr\/cmv_cmv\/\" target=\"_blank\" rel=\"noreferrer noopener\">Tutte le informazioni qui<\/a><\/div>\n<\/div>","protected":false},"excerpt":{"rendered":"<p>Dates Un parcours de 230 km et 4 400 m de D+&nbsp;\u00e0 faire en 1 jour (31 mai) ou 2 jours (30 et 31 Mai h\u00e9bergement \u00e0 La Bourboule) pour parcourir les monts D\u00f4me et faire le tour du massif du Sancy. Un brevet montagnard de 300 km et 5 600 m de D+&nbsp;le dimanche [&hellip;]<\/p>\n","protected":false},"author":5112,"featured_media":91059,"comment_status":"closed","ping_status":"closed","sticky":false,"template":"","format":"standard","meta":{"_acf_changed":false,"footnotes":""},"categories":[135,423],"tags":[],"class_list":["post-91054","post","type-post","status-publish","format-standard","has-post-thumbnail","hentry","category-calendrier","category-cyclomontagnardes"],"acf":[],"yoast_head":"<!-- This site is optimized with the Yoast SEO plugin v27.2 - https:\/\/yoast.com\/product\/yoast-seo-wordpress\/ -->\n<title>La cyclomontagnarde des volcans 30 et 31 mai 2026 - Club des Cent Cols<\/title>\n<meta name=\"robots\" content=\"index, follow, max-snippet:-1, max-image-preview:large, max-video-preview:-1\" \/>\n<link rel=\"canonical\" href=\"https:\/\/centcols.org\/it\/ciclomontagnarde-des-volcans-2026\/\" \/>\n<meta property=\"og:locale\" content=\"it_IT\" \/>\n<meta property=\"og:type\" content=\"article\" \/>\n<meta property=\"og:title\" content=\"La cyclomontagnarde des volcans 30 et 31 mai 2026 - Club des Cent Cols\" \/>\n<meta property=\"og:description\" content=\"Dates Un parcours de 230 km et 4 400 m de D+&nbsp;\u00e0 faire en 1 jour (31 mai) ou 2 jours (30 et 31 Mai h\u00e9bergement \u00e0 La Bourboule) pour parcourir les monts D\u00f4me et faire le tour du massif du Sancy. Un brevet montagnard de 300 km et 5 600 m de D+&nbsp;le dimanche [&hellip;]\" \/>\n<meta property=\"og:url\" content=\"https:\/\/centcols.org\/it\/ciclomontagnarde-des-volcans-2026\/\" \/>\n<meta property=\"og:site_name\" content=\"Club des Cent Cols\" \/>\n<meta property=\"article:publisher\" content=\"https:\/\/www.facebook.com\/groups\/5261880558\/?locale=fr_FR\" \/>\n<meta property=\"article:published_time\" content=\"2025-10-18T16:05:55+00:00\" \/>\n<meta property=\"article:modified_time\" content=\"2026-02-16T10:33:29+00:00\" \/>\n<meta property=\"og:image\" content=\"https:\/\/centcols.org\/wp-content\/uploads\/2025\/10\/Survol-depuis-le-puy-de-Dome-1024x680-1.jpg\" \/>\n\t<meta property=\"og:image:width\" content=\"1024\" \/>\n\t<meta property=\"og:image:height\" content=\"680\" \/>\n\t<meta property=\"og:image:type\" content=\"image\/jpeg\" \/>\n<meta name=\"author\" content=\"R\u00e9gis Paraz\" \/>\n<meta name=\"twitter:card\" content=\"summary_large_image\" \/>\n<meta name=\"twitter:label1\" content=\"Scritto da\" \/>\n\t<meta name=\"twitter:data1\" content=\"R\u00e9gis Paraz\" \/>\n\t<meta name=\"twitter:label2\" content=\"Tempo di lettura stimato\" \/>\n\t<meta name=\"twitter:data2\" content=\"3 minuti\" \/>\n<script type=\"application\/ld+json\" class=\"yoast-schema-graph\">{\"@context\":\"https:\/\/schema.org\",\"@graph\":[{\"@type\":\"Article\",\"@id\":\"https:\/\/centcols.org\/it\/cyclomontagnarde-des-volcans-2026\/#article\",\"isPartOf\":{\"@id\":\"https:\/\/centcols.org\/it\/cyclomontagnarde-des-volcans-2026\/\"},\"author\":{\"name\":\"R\u00e9gis Paraz\",\"@id\":\"https:\/\/centcols.org\/#\/schema\/person\/6733615a03fdc98c0aef104567c81e13\"},\"headline\":\"La cyclomontagnarde des volcans 30 et 31 mai 2026\",\"datePublished\":\"2025-10-18T16:05:55+00:00\",\"dateModified\":\"2026-02-16T10:33:29+00:00\",\"mainEntityOfPage\":{\"@id\":\"https:\/\/centcols.org\/it\/cyclomontagnarde-des-volcans-2026\/\"},\"wordCount\":387,\"publisher\":{\"@id\":\"https:\/\/centcols.org\/#organization\"},\"image\":{\"@id\":\"https:\/\/centcols.org\/it\/cyclomontagnarde-des-volcans-2026\/#primaryimage\"},\"thumbnailUrl\":\"https:\/\/centcols.org\/wp-content\/uploads\/2025\/10\/Survol-depuis-le-puy-de-Dome-1024x680-1.jpg\",\"articleSection\":[\"Calendrier\",\"Cyclomontagnardes\"],\"inLanguage\":\"it-IT\"},{\"@type\":\"WebPage\",\"@id\":\"https:\/\/centcols.org\/it\/cyclomontagnarde-des-volcans-2026\/\",\"url\":\"https:\/\/centcols.org\/it\/cyclomontagnarde-des-volcans-2026\/\",\"name\":\"La cyclomontagnarde des volcans 30 et 31 mai 2026 - Club des Cent Cols\",\"isPartOf\":{\"@id\":\"https:\/\/centcols.org\/#website\"},\"primaryImageOfPage\":{\"@id\":\"https:\/\/centcols.org\/it\/cyclomontagnarde-des-volcans-2026\/#primaryimage\"},\"image\":{\"@id\":\"https:\/\/centcols.org\/it\/cyclomontagnarde-des-volcans-2026\/#primaryimage\"},\"thumbnailUrl\":\"https:\/\/centcols.org\/wp-content\/uploads\/2025\/10\/Survol-depuis-le-puy-de-Dome-1024x680-1.jpg\",\"datePublished\":\"2025-10-18T16:05:55+00:00\",\"dateModified\":\"2026-02-16T10:33:29+00:00\",\"breadcrumb\":{\"@id\":\"https:\/\/centcols.org\/it\/cyclomontagnarde-des-volcans-2026\/#breadcrumb\"},\"inLanguage\":\"it-IT\",\"potentialAction\":[{\"@type\":\"ReadAction\",\"target\":[\"https:\/\/centcols.org\/it\/cyclomontagnarde-des-volcans-2026\/\"]}]},{\"@type\":\"ImageObject\",\"inLanguage\":\"it-IT\",\"@id\":\"https:\/\/centcols.org\/it\/cyclomontagnarde-des-volcans-2026\/#primaryimage\",\"url\":\"https:\/\/centcols.org\/wp-content\/uploads\/2025\/10\/Survol-depuis-le-puy-de-Dome-1024x680-1.jpg\",\"contentUrl\":\"https:\/\/centcols.org\/wp-content\/uploads\/2025\/10\/Survol-depuis-le-puy-de-Dome-1024x680-1.jpg\",\"width\":1024,\"height\":680},{\"@type\":\"BreadcrumbList\",\"@id\":\"https:\/\/centcols.org\/it\/cyclomontagnarde-des-volcans-2026\/#breadcrumb\",\"itemListElement\":[{\"@type\":\"ListItem\",\"position\":1,\"name\":\"Accueil\",\"item\":\"https:\/\/centcols.org\/\"},{\"@type\":\"ListItem\",\"position\":2,\"name\":\"Cyclomontagnardes\",\"item\":\"https:\/\/centcols.org\/rubrique\/cyclomontagnardes\/\"},{\"@type\":\"ListItem\",\"position\":3,\"name\":\"La cyclomontagnarde des volcans 30 et 31 mai 2026\"}]},{\"@type\":\"WebSite\",\"@id\":\"https:\/\/centcols.org\/#website\",\"url\":\"https:\/\/centcols.org\/\",\"name\":\"Club des Cent Cols\",\"description\":\"\",\"publisher\":{\"@id\":\"https:\/\/centcols.org\/#organization\"},\"potentialAction\":[{\"@type\":\"SearchAction\",\"target\":{\"@type\":\"EntryPoint\",\"urlTemplate\":\"https:\/\/centcols.org\/?s={search_term_string}\"},\"query-input\":{\"@type\":\"PropertyValueSpecification\",\"valueRequired\":true,\"valueName\":\"search_term_string\"}}],\"inLanguage\":\"it-IT\"},{\"@type\":\"Organization\",\"@id\":\"https:\/\/centcols.org\/#organization\",\"name\":\"Club des Cent Cols\",\"url\":\"https:\/\/centcols.org\/\",\"logo\":{\"@type\":\"ImageObject\",\"inLanguage\":\"it-IT\",\"@id\":\"https:\/\/centcols.org\/#\/schema\/logo\/image\/\",\"url\":\"https:\/\/centcols.org\/wp-content\/uploads\/2025\/01\/carte-icone.png\",\"contentUrl\":\"https:\/\/centcols.org\/wp-content\/uploads\/2025\/01\/carte-icone.png\",\"width\":250,\"height\":250,\"caption\":\"Club des Cent Cols\"},\"image\":{\"@id\":\"https:\/\/centcols.org\/#\/schema\/logo\/image\/\"},\"sameAs\":[\"https:\/\/www.facebook.com\/groups\/5261880558\/?locale=fr_FR\"]},{\"@type\":\"Person\",\"@id\":\"https:\/\/centcols.org\/#\/schema\/person\/6733615a03fdc98c0aef104567c81e13\",\"name\":\"R\u00e9gis Paraz\",\"image\":{\"@type\":\"ImageObject\",\"inLanguage\":\"it-IT\",\"@id\":\"https:\/\/centcols.org\/wp-content\/litespeed\/avatar\/e5679bd124a28f7319d109cd5c2c0dd7.jpg?ver=1777239746\",\"url\":\"https:\/\/centcols.org\/wp-content\/litespeed\/avatar\/e5679bd124a28f7319d109cd5c2c0dd7.jpg?ver=1777239746\",\"contentUrl\":\"https:\/\/centcols.org\/wp-content\/litespeed\/avatar\/e5679bd124a28f7319d109cd5c2c0dd7.jpg?ver=1777239746\",\"caption\":\"R\u00e9gis Paraz\"},\"url\":\"https:\/\/centcols.org\/it\/author\/3225\/\"}]}<\/script>\n<!-- \/ Yoast SEO plugin. -->","yoast_head_json":{"title":"La ciclomontagnarda dei volcani 30 e 31 maggio 2026 - Club des Cent Cols","robots":{"index":"index","follow":"follow","max-snippet":"max-snippet:-1","max-image-preview":"max-image-preview:large","max-video-preview":"max-video-preview:-1"},"canonical":"https:\/\/centcols.org\/it\/ciclomontagnarde-des-volcans-2026\/","og_locale":"it_IT","og_type":"article","og_title":"La cyclomontagnarde des volcans 30 et 31 mai 2026 - Club des Cent Cols","og_description":"Dates Un parcours de 230 km et 4 400 m de D+&nbsp;\u00e0 faire en 1 jour (31 mai) ou 2 jours (30 et 31 Mai h\u00e9bergement \u00e0 La Bourboule) pour parcourir les monts D\u00f4me et faire le tour du massif du Sancy. Un brevet montagnard de 300 km et 5 600 m de D+&nbsp;le dimanche [&hellip;]","og_url":"https:\/\/centcols.org\/it\/ciclomontagnarde-des-volcans-2026\/","og_site_name":"Club des Cent Cols","article_publisher":"https:\/\/www.facebook.com\/groups\/5261880558\/?locale=fr_FR","article_published_time":"2025-10-18T16:05:55+00:00","article_modified_time":"2026-02-16T10:33:29+00:00","og_image":[{"width":1024,"height":680,"url":"https:\/\/centcols.org\/wp-content\/uploads\/2025\/10\/Survol-depuis-le-puy-de-Dome-1024x680-1.jpg","type":"image\/jpeg"}],"author":"R\u00e9gis Paraz","twitter_card":"summary_large_image","twitter_misc":{"Scritto da":"R\u00e9gis Paraz","Tempo di lettura stimato":"3 minuti"},"schema":{"@context":"https:\/\/schema.org","@graph":[{"@type":"Article","@id":"https:\/\/centcols.org\/it\/cyclomontagnarde-des-volcans-2026\/#article","isPartOf":{"@id":"https:\/\/centcols.org\/it\/cyclomontagnarde-des-volcans-2026\/"},"author":{"name":"R\u00e9gis Paraz","@id":"https:\/\/centcols.org\/#\/schema\/person\/6733615a03fdc98c0aef104567c81e13"},"headline":"La cyclomontagnarde des volcans 30 et 31 mai 2026","datePublished":"2025-10-18T16:05:55+00:00","dateModified":"2026-02-16T10:33:29+00:00","mainEntityOfPage":{"@id":"https:\/\/centcols.org\/it\/cyclomontagnarde-des-volcans-2026\/"},"wordCount":387,"publisher":{"@id":"https:\/\/centcols.org\/#organization"},"image":{"@id":"https:\/\/centcols.org\/it\/cyclomontagnarde-des-volcans-2026\/#primaryimage"},"thumbnailUrl":"https:\/\/centcols.org\/wp-content\/uploads\/2025\/10\/Survol-depuis-le-puy-de-Dome-1024x680-1.jpg","articleSection":["Calendrier","Cyclomontagnardes"],"inLanguage":"it-IT"},{"@type":"WebPage","@id":"https:\/\/centcols.org\/it\/cyclomontagnarde-des-volcans-2026\/","url":"https:\/\/centcols.org\/it\/cyclomontagnarde-des-volcans-2026\/","name":"La ciclomontagnarda dei volcani 30 e 31 maggio 2026 - Club des Cent Cols","isPartOf":{"@id":"https:\/\/centcols.org\/#website"},"primaryImageOfPage":{"@id":"https:\/\/centcols.org\/it\/cyclomontagnarde-des-volcans-2026\/#primaryimage"},"image":{"@id":"https:\/\/centcols.org\/it\/cyclomontagnarde-des-volcans-2026\/#primaryimage"},"thumbnailUrl":"https:\/\/centcols.org\/wp-content\/uploads\/2025\/10\/Survol-depuis-le-puy-de-Dome-1024x680-1.jpg","datePublished":"2025-10-18T16:05:55+00:00","dateModified":"2026-02-16T10:33:29+00:00","breadcrumb":{"@id":"https:\/\/centcols.org\/it\/cyclomontagnarde-des-volcans-2026\/#breadcrumb"},"inLanguage":"it-IT","potentialAction":[{"@type":"ReadAction","target":["https:\/\/centcols.org\/it\/cyclomontagnarde-des-volcans-2026\/"]}]},{"@type":"ImageObject","inLanguage":"it-IT","@id":"https:\/\/centcols.org\/it\/cyclomontagnarde-des-volcans-2026\/#primaryimage","url":"https:\/\/centcols.org\/wp-content\/uploads\/2025\/10\/Survol-depuis-le-puy-de-Dome-1024x680-1.jpg","contentUrl":"https:\/\/centcols.org\/wp-content\/uploads\/2025\/10\/Survol-depuis-le-puy-de-Dome-1024x680-1.jpg","width":1024,"height":680},{"@type":"BreadcrumbList","@id":"https:\/\/centcols.org\/it\/cyclomontagnarde-des-volcans-2026\/#breadcrumb","itemListElement":[{"@type":"ListItem","position":1,"name":"Accueil","item":"https:\/\/centcols.org\/"},{"@type":"ListItem","position":2,"name":"Cyclomontagnardes","item":"https:\/\/centcols.org\/rubrique\/cyclomontagnardes\/"},{"@type":"ListItem","position":3,"name":"La cyclomontagnarde des volcans 30 et 31 mai 2026"}]},{"@type":"WebSite","@id":"https:\/\/centcols.org\/#website","url":"https:\/\/centcols.org\/","name":"Club des Cent Cols","description":"","publisher":{"@id":"https:\/\/centcols.org\/#organization"},"potentialAction":[{"@type":"SearchAction","target":{"@type":"EntryPoint","urlTemplate":"https:\/\/centcols.org\/?s={search_term_string}"},"query-input":{"@type":"PropertyValueSpecification","valueRequired":true,"valueName":"search_term_string"}}],"inLanguage":"it-IT"},{"@type":"Organization","@id":"https:\/\/centcols.org\/#organization","name":"Club des Cent Cols","url":"https:\/\/centcols.org\/","logo":{"@type":"ImageObject","inLanguage":"it-IT","@id":"https:\/\/centcols.org\/#\/schema\/logo\/image\/","url":"https:\/\/centcols.org\/wp-content\/uploads\/2025\/01\/carte-icone.png","contentUrl":"https:\/\/centcols.org\/wp-content\/uploads\/2025\/01\/carte-icone.png","width":250,"height":250,"caption":"Club des Cent Cols"},"image":{"@id":"https:\/\/centcols.org\/#\/schema\/logo\/image\/"},"sameAs":["https:\/\/www.facebook.com\/groups\/5261880558\/?locale=fr_FR"]},{"@type":"Person","@id":"https:\/\/centcols.org\/#\/schema\/person\/6733615a03fdc98c0aef104567c81e13","name":"R\u00e9gis Paraz","image":{"@type":"ImageObject","inLanguage":"it-IT","@id":"https:\/\/centcols.org\/wp-content\/litespeed\/avatar\/e5679bd124a28f7319d109cd5c2c0dd7.jpg?ver=1777239746","url":"https:\/\/centcols.org\/wp-content\/litespeed\/avatar\/e5679bd124a28f7319d109cd5c2c0dd7.jpg?ver=1777239746","contentUrl":"https:\/\/centcols.org\/wp-content\/litespeed\/avatar\/e5679bd124a28f7319d109cd5c2c0dd7.jpg?ver=1777239746","caption":"R\u00e9gis Paraz"},"url":"https:\/\/centcols.org\/it\/author\/3225\/"}]}},"_links":{"self":[{"href":"https:\/\/centcols.org\/it\/wp-json\/wp\/v2\/posts\/91054","targetHints":{"allow":["GET"]}}],"collection":[{"href":"https:\/\/centcols.org\/it\/wp-json\/wp\/v2\/posts"}],"about":[{"href":"https:\/\/centcols.org\/it\/wp-json\/wp\/v2\/types\/post"}],"author":[{"embeddable":true,"href":"https:\/\/centcols.org\/it\/wp-json\/wp\/v2\/users\/5112"}],"replies":[{"embeddable":true,"href":"https:\/\/centcols.org\/it\/wp-json\/wp\/v2\/comments?post=91054"}],"version-history":[{"count":0,"href":"https:\/\/centcols.org\/it\/wp-json\/wp\/v2\/posts\/91054\/revisions"}],"wp:featuredmedia":[{"embeddable":true,"href":"https:\/\/centcols.org\/it\/wp-json\/wp\/v2\/media\/91059"}],"wp:attachment":[{"href":"https:\/\/centcols.org\/it\/wp-json\/wp\/v2\/media?parent=91054"}],"wp:term":[{"taxonomy":"category","embeddable":true,"href":"https:\/\/centcols.org\/it\/wp-json\/wp\/v2\/categories?post=91054"},{"taxonomy":"post_tag","embeddable":true,"href":"https:\/\/centcols.org\/it\/wp-json\/wp\/v2\/tags?post=91054"}],"curies":[{"name":"wp","href":"https:\/\/api.w.org\/{rel}","templated":true}]}}