{"id":91093,"date":"2025-11-12T08:50:37","date_gmt":"2025-11-12T06:50:37","guid":{"rendered":"https:\/\/centcols.org\/?p=91093"},"modified":"2026-04-29T14:53:38","modified_gmt":"2026-04-29T12:53:38","slug":"vacanze-di-primavera-2026-gilette","status":"publish","type":"post","link":"https:\/\/centcols.org\/it\/sejour-printemps-2026-gilette\/","title":{"rendered":"Vacanze di primavera a Gilette (Alpi Marittime) dal 16 al 23 maggio 2026"},"content":{"rendered":"\n<p><\/p>\n\n\n\n<p><\/p>\n\n\n\n<p><em>Ont contribu\u00e9 \u00e0 cette page de pr\u00e9sentation du s\u00e9jour Jean Michel Clausse, Christophe Badonnel et les responsables informatiques.<\/em><\/p>\n\n\n\n<p class=\"has-vivid-red-color has-text-color has-link-color wp-elements-0247b8ef27ae430886a585211d9ae56b\">Les inscriptions pour Gilette 2026 sont closes.<\/p>\n\n\n\n<p class=\"has-black-color has-text-color has-link-color wp-elements-272f04722c44ffc281793bec424b8525\">Le s\u00e9jour de printemps 2026 se d\u00e9roulera du 16 au 23 mai 2026 au <a href=\"https:\/\/www.vacances-ulvf.com\/vacances-ulvf-le-domaine-de-lolivaie\/\" target=\"_blank\" rel=\"noreferrer noopener\">\u00abDomaine de l\u2019Olivaie\u00bb<\/a>, centre de vacances ULVF (Union Loisirs Vacances Familles) \u00e0 Gilette. Il a \u00e9t\u00e9 pr\u00e9par\u00e9 par une petite \u00e9quipe&nbsp; : \u00c9tienne Mayeur, Robert Charbonnier et Jean-Michel Clausse.<\/p>\n\n\n\n<p><\/p>\n\n\n        <div class=\"toc-wrapper\" data-columns=\"3\"\n            data-headings=\"[{&quot;level&quot;:2,&quot;text&quot;:&quot;Pr\\u00e9sentation de la r\\u00e9gion&quot;,&quot;id&quot;:&quot;0-pr%C3%A9sentation-de-la-r%C3%A9gion&quot;,&quot;page&quot;:1,&quot;existing_id&quot;:true},{&quot;level&quot;:2,&quot;text&quot;:&quot;Circuits&quot;,&quot;id&quot;:&quot;1-circuits&quot;,&quot;page&quot;:1,&quot;existing_id&quot;:true},{&quot;level&quot;:2,&quot;text&quot;:&quot;H\\u00e9bergement&quot;,&quot;id&quot;:&quot;4-h%C3%A9bergement&quot;,&quot;page&quot;:1,&quot;existing_id&quot;:true},{&quot;level&quot;:3,&quot;text&quot;:&quot;Autres h\\u00e9bergements&quot;,&quot;id&quot;:&quot;5-autres-h%C3%A9bergements&quot;,&quot;page&quot;:1,&quot;existing_id&quot;:true},{&quot;level&quot;:2,&quot;text&quot;:&quot;Note du Conseil d\\u2019Administration&quot;,&quot;id&quot;:&quot;heading-1751057926500-5&quot;,&quot;page&quot;:1,&quot;existing_id&quot;:true},{&quot;level&quot;:2,&quot;text&quot;:&quot;Inscriptions&quot;,&quot;id&quot;:&quot;6-inscriptions&quot;,&quot;page&quot;:1,&quot;existing_id&quot;:true},{&quot;level&quot;:3,&quot;text&quot;:&quot;T\\u00e9l\\u00e9charger le bulletin \\\/ download the booking form \\\/ scarica il modulo&quot;,&quot;id&quot;:&quot;7-t%C3%A9l%C3%A9charger-le-bulletin-download-the-booking-form-scarica-il-modulo&quot;,&quot;page&quot;:1,&quot;existing_id&quot;:true},{&quot;level&quot;:2,&quot;text&quot;:&quot;Livret&quot;,&quot;id&quot;:&quot;8-livret&quot;,&quot;page&quot;:1,&quot;existing_id&quot;:true},{&quot;level&quot;:2,&quot;text&quot;:&quot;Covoiturage&quot;,&quot;id&quot;:&quot;toc-covoiturage&quot;,&quot;page&quot;:1,&quot;existing_id&quot;:false},{&quot;level&quot;:2,&quot;text&quot;:&quot;Il n&#039;y a pas que le v\\u00e9lo dans la vie&quot;,&quot;id&quot;:&quot;9-il-ny-a-pas-que-le-v%C3%A9lo-dans-la-vie&quot;,&quot;page&quot;:1,&quot;existing_id&quot;:true}]\"\n            data-current-page=\"1\"\n            data-base-url=\"https:\/\/centcols.org\/it\/sejour-printemps-2026-gilette\/\">\n            <div class=\"toc-title\">\n                Sommaire            <\/div>\n            <div class=\"toc-content\" style=\"column-count: 3;\">\n                <ul class=\"toc-list\"><li class=\"toc-item toc-level-2\"><a href=\"#0-pr%C3%A9sentation-de-la-r%C3%A9gion\" class=\"toc-link\" data-same-page=\"true\">Pr\u00e9sentation de la r\u00e9gion<\/a><\/li><li class=\"toc-item toc-level-2\"><a href=\"#1-circuits\" class=\"toc-link\" data-same-page=\"true\">Circuits<\/a><\/li><li class=\"toc-item toc-level-2\"><a href=\"#4-h%C3%A9bergement\" class=\"toc-link\" data-same-page=\"true\">H\u00e9bergement<\/a><ul class=\"toc-sublist\"><li class=\"toc-item toc-level-3\"><a href=\"#5-autres-h%C3%A9bergements\" class=\"toc-link\" data-same-page=\"true\">Autres h\u00e9bergements<\/a><\/li><\/ul><\/li><li class=\"toc-item toc-level-2\"><a href=\"#heading-1751057926500-5\" class=\"toc-link\" data-same-page=\"true\">Note du Conseil d\u2019Administration<\/a><\/li><li class=\"toc-item toc-level-2\"><a href=\"#6-inscriptions\" class=\"toc-link\" data-same-page=\"true\">Inscriptions<\/a><ul class=\"toc-sublist\"><li class=\"toc-item toc-level-3\"><a href=\"#7-t%C3%A9l%C3%A9charger-le-bulletin-download-the-booking-form-scarica-il-modulo\" class=\"toc-link\" data-same-page=\"true\">T\u00e9l\u00e9charger le bulletin \/ download the booking form \/ scarica il modulo<\/a><\/li><\/ul><\/li><li class=\"toc-item toc-level-2\"><a href=\"#8-livret\" class=\"toc-link\" data-same-page=\"true\">Livret<\/a><\/li><li class=\"toc-item toc-level-2\"><a href=\"#toc-covoiturage\" class=\"toc-link\" data-same-page=\"true\">Covoiturage<\/a><\/li><li class=\"toc-item toc-level-2\"><a href=\"#9-il-ny-a-pas-que-le-v%C3%A9lo-dans-la-vie\" class=\"toc-link\" data-same-page=\"true\">Il n&#039;y a pas que le v\u00e9lo dans la vie<\/a><\/li><\/ul>            <\/div>\n        <\/div>\n    \n\n\n<h2 class=\"wp-block-heading\" id=\"0-pr%C3%A9sentation-de-la-r%C3%A9gion\">Pr\u00e9sentation de la r\u00e9gion<\/h2>\n\n\n\n<p>Gilette est un petit village de l\u2019arri\u00e8re-pays ni\u00e7ois perch\u00e9 sur les hauteurs (459 m) qui domine les vall\u00e9es du Var et de l\u2019Est\u00e9ron. Ses habitants sont appel\u00e9s les Gilettois.<\/p>\n\n\n<p><div class=\"leaflet-map WPLeafletMap\" style=\"height:700px; width:100%;\"><\/div><script>\nwindow.WPLeafletMapPlugin = window.WPLeafletMapPlugin || [];\nwindow.WPLeafletMapPlugin.push(function WPLeafletMapShortcode() {\/*<script>*\/\nvar baseUrl = atob('aHR0cHM6Ly90aWxlLm9wZW5zdHJlZXRtYXAub3JnL3t6fS97eH0ve3l9LnBuZw==');\nvar base = (!baseUrl && window.MQ) ?\n    window.MQ.mapLayer() : L.tileLayer(baseUrl,\n        L.Util.extend({}, {\n            detectRetina: 0,\n        },\n        {\"subdomains\":\"abc\",\"noWrap\":false,\"maxZoom\":19}        )\n    );\n    var options = L.Util.extend({}, {\n        layers: [base],\n        attributionControl: false\n    },\n    {\"zoomControl\":false,\"scrollWheelZoom\":false,\"doubleClickZoom\":false,\"fitBounds\":false,\"minZoom\":0,\"maxZoom\":19,\"maxBounds\":null,\"attribution\":\"<a href=\\\"http:\\\/\\\/leafletjs.com\\\" title=\\\"Une biblioth\\u00e8que JS pour des cartes interactives\\\">Leaflet<\\\/a>; \\u00a9 <a href=\\\"http:\\\/\\\/www.openstreetmap.org\\\/copyright\\\">OpenStreetMap<\\\/a> contributeurs\\\/contributrices\"},\n    {});\nwindow.WPLeafletMapPlugin.createMap(options).setView([43.843,7.185],12);});<\/script> <script>\nwindow.WPLeafletMapPlugin = window.WPLeafletMapPlugin || [];\nwindow.WPLeafletMapPlugin.push(function WPLeafletMarkerShortcode() {\/*<script>*\/\nvar map = window.WPLeafletMapPlugin.getCurrentMap();\nvar group = window.WPLeafletMapPlugin.getCurrentGroup();\nvar marker_options = window.WPLeafletMapPlugin.getIconOptions({\"iconUrl\":\"\\\/res\\\/lib\\\/leaflet\\\/images\\\/hotel.png\",\"iconSize\":\"24,72\",\"popupAnchor\":\"0,-32\"});\nvar marker = L.marker(\n    [43.843,7.185],\n    marker_options\n);\nvar is_image = map.is_image_map;\nif (marker_options.draggable) {\n    marker.on('dragend', function () {\n        var latlng = this.getLatLng();\n        var lat = latlng.lat;\n        var lng = latlng.lng;\n        if (is_image) {\n            console.log('leaflet-marker y=' + lat + ' x=' + lng);\n        } else {\n            console.log('leaflet-marker lat=' + lat + ' lng=' + lng);\n        }\n    });\n}\nmarker.addTo( group );\nmarker.bindPopup(window.WPLeafletMapPlugin.unescape('Le Domaine de l&amp;rsquo;Olivaie'));window.WPLeafletMapPlugin.markers.push( marker );\n        });<\/script><\/p>\n\n\n\n<div style=\"height:50px\" aria-hidden=\"true\" class=\"wp-block-spacer\"><\/div>\n\n\n\n<figure class=\"wp-block-gallery has-nested-images columns-default is-cropped wp-block-gallery-1 is-layout-flex wp-block-gallery-is-layout-flex\">\n<figure class=\"wp-block-image size-large\"><a href=\"https:\/\/centcols.org\/wp-content\/uploads\/2025\/11\/vue-densemble-du-village.jpg\"><img loading=\"lazy\" decoding=\"async\" width=\"1200\" height=\"675\" data-id=\"91825\" src=\"https:\/\/centcols.org\/wp-content\/uploads\/2025\/11\/vue-densemble-du-village.jpg\" alt=\"\" class=\"wp-image-91825\" srcset=\"https:\/\/centcols.org\/wp-content\/uploads\/2025\/11\/vue-densemble-du-village.jpg 1200w, https:\/\/centcols.org\/wp-content\/uploads\/2025\/11\/vue-densemble-du-village-768x432.jpg 768w, https:\/\/centcols.org\/wp-content\/uploads\/2025\/11\/vue-densemble-du-village-18x10.jpg 18w\" sizes=\"auto, (max-width: 1200px) 100vw, 1200px\" \/><\/a><figcaption class=\"wp-element-caption\">vue d&rsquo;ensemble du village @OTMNCA<\/figcaption><\/figure>\n<\/figure>\n\n\n\n<p>Ce pittoresque village de 1600 habitants est situ\u00e9 sur un col topographique \u00e0 35&nbsp;km de Nice et 30&nbsp;km du Parc National du Mercantour cr\u00e9\u00e9 en 1979. Ce dernier, faisant partie du projet \u00abAlpes de la Mer\u00bb associ\u00e9 \u00e0 d\u2019autres espaces prot\u00e9g\u00e9s transfrontaliers, est engag\u00e9 dans un processus de classement de son territoire au Patrimoine Mondial de l\u2019Humanit\u00e9 de l\u2019UNESCO.<br>Le village de Gilette est domin\u00e9 par le <a href=\"https:\/\/fr.wikipedia.org\/wiki\/Ch%C3%A2teau_de_Gilette\" target=\"_blank\" rel=\"noreferrer noopener\">Ch\u00e2teau de l\u2019Aiguille<\/a>, construit au XII<sup>e<\/sup> si\u00e8cle sur le piton rocheux dominant le village, par le comte de Provence Alphonse 1<sup>er<\/sup>. En 1526, les Grimaldi de Bueil y furent assi\u00e9g\u00e9s suite \u00e0 leur trahison de la Maison de Savoie. Agrandi au XVI<sup>e<\/sup> si\u00e8cle, le ch\u00e2teau fut d\u00e9truit en 1706 sur ordre de Louis XIV, en m\u00eame temps que celui de Nice. En 1793, Gilette vit la victoire de l&rsquo;arm\u00e9e fran\u00e7aise contre les arm\u00e9es sardes et autrichiennes. Les <a href=\"https:\/\/www.nicematin.com\/economie\/tourisme\/dix-ans-apres-sa-fermeture-ce-chateau-qui-domine-les-vallees-du-var-et-de-l-esteron-retrouve-enfin-son-eclat-906813\" target=\"_blank\" rel=\"noreferrer noopener\">ruines de l\u2019enceinte<\/a> fortifi\u00e9e du ch\u00e2teau ont \u00e9t\u00e9 valoris\u00e9es et s\u00e9curis\u00e9es, et <a href=\"https:\/\/www.youtube.com\/watch?v=QiDpV7jZbg0\" target=\"_blank\" rel=\"noreferrer noopener\">rouvertes au public le 28 janvier 2024<\/a>.<\/p>\n\n\n\n<p>Pour aller plus loin, partez \u00e0 la d\u00e9couverte de <a href=\"https:\/\/www.youtube.com\/watch?v=4O-coOoNUAw\" target=\"_blank\" rel=\"noreferrer noopener\">Gilette et de son territoire<\/a>.<\/p>\n\n\n\n<h2 class=\"wp-block-heading\" id=\"1-circuits\">Circuits<\/h2>\n\n\n\n<p id=\"2-parcours-cctours-vaison-2025\"><a href=\"https:\/\/centcols.org\/membres\/cctours\/tours.php?lieu=Gilette&amp;an=2026\" type=\"link\" id=\"https:\/\/centcols.org\/membres\/cctours\/tours.php?lieu=Gilette&amp;an=2026\"><strong>Parcours ccTours Gilette 2026<\/strong><\/a><\/p>\n\n\n\n<ol class=\"wp-block-list\">\n<li><a href=\"https:\/\/centcols.org\/membres\/cctours\/tours.php?lieu=Gilette&amp;an=2026&amp;genre=R\" type=\"link\" id=\"https:\/\/centcols.org\/membres\/cctours\/tours.php?lieu=Gilette&amp;an=2026&amp;genre=R\" target=\"_blank\" rel=\"noreferrer noopener\">Parcours Routiers<\/a><\/li>\n\n\n\n<li><a href=\"https:\/\/centcols.org\/membres\/cctours\/tours.php?lieu=Gilette&amp;an=2026&amp;genre=V\" target=\"_blank\" rel=\"noreferrer noopener\">Parcours VTT<\/a><\/li>\n\n\n\n<li><a href=\"https:\/\/centcols.org\/membres\/cctours\/tours.php?lieu=Gilette&amp;an=2026&amp;genre=G\" target=\"_blank\" rel=\"noreferrer noopener\">Parcours Gravier<\/a><\/li>\n<\/ol>\n\n\n\n<p>Pour vous aider \u00e0 choisir les parcours qui vous conviendront, vous trouverez ici un <br><a href=\"https:\/\/centcols.org\/wp-content\/uploads\/2026\/04\/Tableau_Difficultes.pdf\" type=\"attachment\" id=\"94997\">Tableau r\u00e9capitulatif des parcours, leur difficult\u00e9 et leur int\u00e9r\u00eat esth\u00e9tique<\/a> <br><br>Les parcours (Routiers et VTT et Gravier) permettront de passer des paysages m\u00e9diterran\u00e9ens avec oliviers, palmiers et fleurs aux paysages alpins. En effet, les massifs du Barrot et de l\u2019Argentera datent de la m\u00eame \u00e8re g\u00e9ologique que le massif alpin. Le Pays d\u2019Azur commence au niveau de la mer pour atteindre le Pic du G\u00e9las \u00e0 3143&nbsp;m et les cols de la Bonette ou de Tende (Route Royale du Sel).<br>Le d\u00e9partement des Alpes-Maritimes compte 835 cols, dont 270 \u00e0 plus de 2000&nbsp;m d\u2019altitude. Beaucoup de ces cols sont interdits d\u2019acc\u00e8s car situ\u00e9s dans le Parc National du Mercantour, mais en dehors de celui-ci il reste 662 cols sur routes, pistes ou sentiers autoris\u00e9s, de quoi satisfaire tous les amateurs de v\u00e9lo en montagne.<\/p>\n\n\n\n<p><\/p>\n\n\n\n<h2 class=\"wp-block-heading\" id=\"4-h%C3%A9bergement\">H\u00e9bergement<\/h2>\n\n\n\n<p>Le Domaine de l\u2019Olivaie est implant\u00e9 au c\u0153ur d&rsquo;un magnifique parc plant\u00e9 de flore m\u00e9diterran\u00e9enne et d\u2019oliviers bicentenaires. Les chambres et appartements nous offrent une vue imprenable sur les sommets du Mercantour.<\/p>\n\n\n\n<figure class=\"wp-block-gallery has-nested-images columns-default is-cropped wp-block-gallery-2 is-layout-flex wp-block-gallery-is-layout-flex\">\n<figure class=\"wp-block-image size-full\"><a href=\"https:\/\/centcols.org\/wp-content\/uploads\/2025\/10\/olivaie_photo_couv_1.jpg\"><img loading=\"lazy\" decoding=\"async\" width=\"1199\" height=\"900\" data-id=\"91350\" src=\"https:\/\/centcols.org\/wp-content\/uploads\/2025\/10\/olivaie_photo_couv_1.jpg\" alt=\"\" class=\"wp-image-91350\" srcset=\"https:\/\/centcols.org\/wp-content\/uploads\/2025\/10\/olivaie_photo_couv_1.jpg 1199w, https:\/\/centcols.org\/wp-content\/uploads\/2025\/10\/olivaie_photo_couv_1-768x576.jpg 768w, https:\/\/centcols.org\/wp-content\/uploads\/2025\/10\/olivaie_photo_couv_1-16x12.jpg 16w\" sizes=\"auto, (max-width: 1199px) 100vw, 1199px\" \/><\/a><\/figure>\n\n\n\n<figure class=\"wp-block-image size-full\"><a href=\"https:\/\/centcols.org\/wp-content\/uploads\/2025\/10\/olivaie_photo_couv_2.jpg\"><img loading=\"lazy\" decoding=\"async\" width=\"1199\" height=\"900\" data-id=\"91353\" src=\"https:\/\/centcols.org\/wp-content\/uploads\/2025\/10\/olivaie_photo_couv_2.jpg\" alt=\"\" class=\"wp-image-91353\" srcset=\"https:\/\/centcols.org\/wp-content\/uploads\/2025\/10\/olivaie_photo_couv_2.jpg 1199w, https:\/\/centcols.org\/wp-content\/uploads\/2025\/10\/olivaie_photo_couv_2-768x576.jpg 768w, https:\/\/centcols.org\/wp-content\/uploads\/2025\/10\/olivaie_photo_couv_2-16x12.jpg 16w\" sizes=\"auto, (max-width: 1199px) 100vw, 1199px\" \/><\/a><\/figure>\n\n\n\n<figure class=\"wp-block-image size-full\"><a href=\"https:\/\/centcols.org\/wp-content\/uploads\/2025\/10\/result_olivaie_photo_couv_3.jpg\"><img loading=\"lazy\" decoding=\"async\" width=\"1307\" height=\"872\" data-id=\"91354\" src=\"https:\/\/centcols.org\/wp-content\/uploads\/2025\/10\/result_olivaie_photo_couv_3.jpg\" alt=\"\" class=\"wp-image-91354\" srcset=\"https:\/\/centcols.org\/wp-content\/uploads\/2025\/10\/result_olivaie_photo_couv_3.jpg 1307w, https:\/\/centcols.org\/wp-content\/uploads\/2025\/10\/result_olivaie_photo_couv_3-1200x801.jpg 1200w, https:\/\/centcols.org\/wp-content\/uploads\/2025\/10\/result_olivaie_photo_couv_3-768x512.jpg 768w, https:\/\/centcols.org\/wp-content\/uploads\/2025\/10\/result_olivaie_photo_couv_3-18x12.jpg 18w\" sizes=\"auto, (max-width: 1307px) 100vw, 1307px\" \/><\/a><\/figure>\n<\/figure>\n\n\n\n<div class=\"wp-block-columns is-layout-flex wp-container-core-columns-is-layout-9d6595d7 wp-block-columns-is-layout-flex\">\n<div class=\"wp-block-column is-layout-flow wp-block-column-is-layout-flow\" style=\"flex-basis:50%\">\n<p><a href=\"https:\/\/www.vacances-ulvf.com\/vacances-ulvf-le-domaine-de-lolivaie\/\" target=\"_blank\" rel=\"noreferrer noopener\">Le Domaine de l&rsquo;Olivaie<\/a><br>3965 route de Gilette 06830 Gilette<\/p>\n\n\n\n<p><\/p>\n\n\n\n<p>&nbsp;<\/p>\n\n\n\n<h3 class=\"wp-block-heading\" id=\"5-autres-h%C3%A9bergements\">Autres h\u00e9bergements<\/h3>\n\n\n\n<p>Le village de Gilette ne poss\u00e9dant ni camping, ni aire de camping-car, le directeur du Domaine de l&rsquo;Olivaie a autoris\u00e9 \u00e0 titre exceptionnel le stationnement de 5 camping-cars sur son site.<\/p>\n\n\n\n<p>La mairie de Gilette n&rsquo;autorise pas le stationnement de ces derniers sur la voie publique.<br><\/p>\n<\/div>\n\n\n\n<div class=\"wp-block-column has-very-light-gray-background-color has-background is-layout-flow wp-block-column-is-layout-flow\" style=\"flex-basis:50%\">\n<h2 class=\"wp-block-heading has-text-align-center\" id=\"heading-1751057926500-5\">Note du Conseil d\u2019Administration<\/h2>\n\n\n<div class=\"wp-block-image\">\n<figure class=\"aligncenter size-full\"><img loading=\"lazy\" decoding=\"async\" width=\"100\" height=\"100\" src=\"https:\/\/centcols.org\/wp-content\/uploads\/2025\/08\/icons8-note-100.png\" alt=\"\" class=\"wp-image-88085\" srcset=\"https:\/\/centcols.org\/wp-content\/uploads\/2025\/08\/icons8-note-100.png 100w, https:\/\/centcols.org\/wp-content\/uploads\/2025\/08\/icons8-note-100-12x12.png 12w\" sizes=\"auto, (max-width: 100px) 100vw, 100px\" \/><\/figure>\n<\/div>\n\n\n<p>Si vous organisez votre h\u00e9bergement ailleurs que dans le centre de s\u00e9jour, n\u2019oubliez pas de vous inscrire en tant que \u00ab\u00a0simple participant\u00a0\u00bb :<\/p>\n\n\n\n<ul class=\"wp-block-list\">\n<li>Afin de pouvoir dimensionner correctement les \u00e9v\u00e9nements communs (sessions d\u2019information, boissons de bienvenue et de cl\u00f4ture).<\/li>\n\n\n\n<li>Pour pouvoir fournir le livret de vacances.<\/li>\n\n\n\n<li>Afin d\u2019assurer une bonne r\u00e9partition des co\u00fbts de pr\u00e9paration et d\u2019organisation.<\/li>\n<\/ul>\n<\/div>\n<\/div>\n\n\n\n<div style=\"height:18px\" aria-hidden=\"true\" class=\"wp-block-spacer\"><\/div>\n\n\n\n<h2 class=\"wp-block-heading\" id=\"6-inscriptions\">Inscriptions<\/h2>\n\n\n\n<p>Pour vous inscrire, t\u00e9l\u00e9chargez le bulletin d\u2019inscription PDF avec le lien ci-dessous. Attention, le bulletin d\u2019inscription comprend deux pages : l\u2019inscription proprement dite (veillez \u00e0 bien remplir toutes les rubriques qui vous concernent et \u00e0 signer au bas de la page), et les conditions particuli\u00e8res que vous voudrez bien signer \u00e9galement. Si vous envisagez de vous faire accompagner par votre compagnon\/compagne, veillez bien \u00e0 l\u2019inscrire auparavant comme membre associ\u00e9 aupr\u00e8s de votre D\u00e9l\u00e9gu\u00e9 Territorial ou National et n\u2019oubliez pas de mettre son N\u00b0 de membre associ\u00e9 dans la case pr\u00e9vue.<br>\u201cLe Forfait Frais d\u2019Organisation\u201d doit \u00eatre souscrit par tous les membres participant au s\u00e9jour (qu\u2019ils choisissent la pension compl\u00e8te, le forfait 7 d\u00eeners, ou qu\u2019ils se logent et se nourrissent par leur propres moyens) \u00e0 l\u2019exception des seuls membres associ\u00e9s (d\u00e9cision du CA du 26 septembre 2020). Ce forfait est une participation \u00e0 toutes les prestations et services dont ils b\u00e9n\u00e9ficient en prenant part au s\u00e9jour : co\u00fbt de la pr\u00e9paration du s\u00e9jour et des circuits, \u00e9dition des cartes affich\u00e9es et du trombinoscope, plaquette du s\u00e9jour, organisation des activit\u00e9s des accompagnants, assurance du Club, etc.<\/p>\n\n\n\n<p>Les s\u00e9jours n\u2019\u00e9tant accessibles, pour des raisons l\u00e9gales, qu\u2019aux seuls membres du Club, veillez \u00e0 \u00eatre \u00e0 jour de cotisation avant d\u2019envoyer votre bulletin d\u2019inscription.<\/p>\n\n\n\n<p>Vous pouvez choisir les formules :<\/p>\n\n\n\n<ul class=\"wp-block-list\">\n<li>\u201cPension compl\u00e8te\u201d \u00e0&nbsp;494&nbsp;\u20ac auquel vous devez rajouter le forfait \u201cfrais d\u2019organisation\u201d \u00e0 16&nbsp;\u20ac soit un total de&nbsp;510&nbsp;\u20ac.<\/li>\n\n\n\n<li>\u201cForfait 7 d\u00eeners\u201d \u00e0&nbsp;166&nbsp;\u20ac si vous vous logez par vos propres moyens mais souhaitez partager les d\u00eeners avec vos amis. Vous devez rajouter le forfait \u201cfrais d\u2019organisation\u201c \u00e0 16&nbsp;\u20ac soit un total de&nbsp;182&nbsp;\u20ac.<\/li>\n\n\n\n<li>\u201cForfait frais d\u2019organisation\u201d \u00e0&nbsp;16&nbsp;\u20ac si vous logez et assurez vos d\u00eeners par vos propres moyens (sauf les membres associ\u00e9s).<\/li>\n\n\n\n<li>Souscription facultative \u00e0 l\u2019assurance Gritchen (2,34 % du montant des prestations avec un minimum de 8&nbsp;\u20ac par personne soit 16&nbsp;\u20ac pour un couple).<\/li>\n\n\n\n<li>Si vous n\u2019\u00eates pas licenci\u00e9 FFCT, ajoutez l\u2019assurance obligatoire \u00e0 7&nbsp;\u20ac par personne.<\/li>\n\n\n\n<li>Si vous \u00eates un couple dont un membre est membre associ\u00e9 non licenci\u00e9 \u00e0 la FFCT et que vous souhaitez souscrire \u00e0 l\u2019assurance Gritchen, vous choisissez deux forfaits \u00e0&nbsp;494&nbsp;\u20ac, un forfait frais d\u2019organisation \u00e0&nbsp;16&nbsp;\u20ac, soit un total de 1004&nbsp;\u20ac, vous ajoutez l\u2019assurance Gritchen 2,34 % x&nbsp;1004&nbsp;\u20ac =&nbsp;23,49&nbsp;\u20ac (qui est sup\u00e9rieur au minimum de 16&nbsp;\u20ac) et l\u2019assurance non FFCT \u00e0 7&nbsp;\u20ac, soit un total de 1034,49 &nbsp;\u20ac.<\/li>\n<\/ul>\n\n\n\n<h3 class=\"wp-block-heading\" id=\"7-t%C3%A9l%C3%A9charger-le-bulletin-download-the-booking-form-scarica-il-modulo\">T\u00e9l\u00e9charger le bulletin \/ download the booking form \/ scarica il modulo<\/h3>\n\n\n\n<p><a href=\"https:\/\/centcols.org\/wp-content\/uploads\/2025\/12\/bulletin-inscription-Gilette-mod.pdf\" target=\"_blank\" rel=\"noreferrer noopener\">Bulletin d\u2019Inscription Gilette en fran\u00e7ais<\/a><\/p>\n\n\n\n<p>Pour une inscription enti\u00e8rement d\u00e9mat\u00e9rialis\u00e9e :<br>Le bulletin d\u2019inscription Gilette en fran\u00e7ais est un fichier pdf modifiable que vous pouvez ais\u00e9ment remplir et sauvegarder sur votre ordinateur avant de l\u2019envoyer par mail.<br>Pour signer le document sans l\u2019imprimer :<br>\u2022 Si vous disposez de <a href=\"https:\/\/www.adobe.com\/fr\/acrobat\/pdf-reader.html\" target=\"_blank\" rel=\"noreferrer noopener\">Adobe Acrobat Reader<\/a> vous avez, en bas de la petite barre d\u2019outils en haut \u00e0 gauche, une option \u00ab ajouter votre signature \u00bb permettant d\u2019enregistrer votre signature (dessin\u00e9e une fois \u00e0 la souris) et de la glisser-d\u00e9poser aux 3 endroits pr\u00e9vus.<br>\u2022 Sinon, la plupart des navigateurs Web (Edge, Chrome\u2026) offrent a minima, dans la barre d\u2019outils d\u2019en haut, une option \u00ab dessin \u00bb qui vous permet de signer avec la souris dans les 3 espaces pr\u00e9vus dans le bulletin.<br>Pour payer par virement : si vous n\u2019en disposez pas d\u00e9j\u00e0, vous trouverez l\u2019IBAN du club sur la page <a href=\"https:\/\/centcols.org\/comment-effectuer-son-reglement-au-club-des-cent-cols\/\" target=\"_blank\" rel=\"noreferrer noopener\">Moyens de Paiement en ligne<\/a>.<br>Option \u00ab papier \u00bb conserv\u00e9e :<br>Le bulletin d\u2019inscription pdf reste imprimable sans pr\u00e9senter la moindre diff\u00e9rence avec un bulletin non modifiable. Vous pouvez donc le remplir et le signer comme vous le souhaitez et le poster accompagn\u00e9 d\u2019un ch\u00e8que.<\/p>\n\n\n\n<p><a href=\"https:\/\/centcols.org\/wp-content\/uploads\/2025\/11\/booking-form-Gilette-in-English.pdf\" target=\"_blank\" rel=\"noreferrer noopener\">Booking form Gilette in English<\/a><\/p>\n\n\n\n<p><a href=\"https:\/\/centcols.org\/wp-content\/uploads\/2025\/11\/modulo-discrizione-Gilette-in-Italiano.pdf\" target=\"_blank\" rel=\"noreferrer noopener\">Modulo d\u2019iscrizione Gilette in italiano<\/a><\/p>\n\n\n\n<ul class=\"wp-block-list\">\n<li><a href=\"\/wp-content\/uploads\/2025\/06\/CGA-Residence-de-tourisme-Cent-cols1.pdf\" target=\"_blank\" rel=\"noreferrer noopener\">Conditions g\u00e9n\u00e9rales assurance Gritchen<\/a><\/li>\n\n\n\n<li><a href=\"\/wp-content\/uploads\/2025\/06\/Gritchen_Covid19_Gritchen_FR1.pdf\" target=\"_blank\" rel=\"noreferrer noopener\">Gritchen couverture Covid 19<\/a><\/li>\n<\/ul>\n\n\n\n<p><strong>La date limite de r\u00e9ception des inscriptions a \u00e9t\u00e9 fix\u00e9e au &nbsp;15\/03\/2026 .<\/strong><\/p>\n\n\n\n<h2 class=\"wp-block-heading\" id=\"8-livret\">Livret<\/h2>\n\n\n\n<p>Vous pouvez feuilleter <a href=\"https:\/\/centcols.org\/wp-content\/uploads\/2026\/04\/Livret-Gilette-2026.pdf\" type=\"link\" id=\"https:\/\/centcols.org\/wp-content\/uploads\/2026\/04\/Livret-Gilette-2026.pdf\"><strong>ici<\/strong> <\/a>le livret qui sera distribu\u00e9 lors du s\u00e9jour et qui contient, outre les messages de bienvenue, des informations sur la r\u00e9gion et sur l\u2019acc\u00e8s, des \u00e9l\u00e9ments sur la s\u00e9curit\u00e9 et le descriptif d\u00e9taill\u00e9 des circuits.<\/p>\n\n\n\n<h2 class=\"wp-block-heading\">Covoiturage<\/h2>\n\n\n\n<p>Si vous avez de la place dans votre v\u00e9hicule ou si vous cherchez une place de covoiturage, n&rsquo;h\u00e9sitez pas \u00e0 vous manifester en utilisant le formulaire de commentaires en bas de cet article.<\/p>\n\n\n\n<h2 class=\"wp-block-heading\" id=\"9-il-ny-a-pas-que-le-v%C3%A9lo-dans-la-vie\">Il n&rsquo;y a pas que le v\u00e9lo dans la vie<\/h2>\n\n\n\n<p class=\"has-text-align-center\">D\u00e9couvrez Gilette <\/p>\n\n\n\n<div class=\"wp-block-columns is-layout-flex wp-container-core-columns-is-layout-9d6595d7 wp-block-columns-is-layout-flex\">\n<div class=\"wp-block-column is-layout-flow wp-block-column-is-layout-flow\">\n<p><a href=\"https:\/\/www.explorenicecotedazur.com\/fiche\/point-de-vue-de-gilette-chateau-de-gilette\/\" target=\"_blank\" rel=\"noreferrer noopener\">Le Ch\u00e2teau de Gilette<\/a><\/p>\n\n\n\n<p><a href=\"https:\/\/gilette.fr\/decouverte\/\" target=\"_blank\" rel=\"noreferrer noopener\">Le moulin ol\u00e9icole<\/a><\/p>\n<\/div>\n\n\n\n<div class=\"wp-block-column is-layout-flow wp-block-column-is-layout-flow\">\n<p><a href=\"https:\/\/www.explorenicecotedazur.com\/fiche\/musee-lou-ferouil\/\" target=\"_blank\" rel=\"noreferrer noopener\">Mus\u00e9e Lou Ferouil<\/a><\/p>\n<\/div>\n<\/div>\n","protected":false},"excerpt":{"rendered":"<p>Ont contribu\u00e9 \u00e0 cette page de pr\u00e9sentation du s\u00e9jour Jean Michel Clausse, Christophe Badonnel et les responsables informatiques. Les inscriptions pour Gilette 2026 sont closes. Le s\u00e9jour de printemps 2026 se d\u00e9roulera du 16 au 23 mai 2026 au \u00abDomaine de l\u2019Olivaie\u00bb, centre de vacances ULVF (Union Loisirs Vacances Familles) \u00e0 Gilette. Il a \u00e9t\u00e9 [&hellip;]<\/p>\n","protected":false},"author":64,"featured_media":91825,"comment_status":"open","ping_status":"closed","sticky":false,"template":"","format":"standard","meta":{"_acf_changed":false,"footnotes":""},"categories":[349,353,418,355,135,231],"tags":[],"class_list":["post-91093","post","type-post","status-publish","format-standard","has-post-thumbnail","hentry","category-france-pays-sejours","category-alpes-francaises-du-sud-massif-sejours","category-06-alpes-maritimes-departement-sejours","category-provence-alpes-cote-dazur-region-sejours","category-calendrier","category-sejours"],"acf":[],"yoast_head":"<!-- This site is optimized with the Yoast SEO plugin v27.2 - https:\/\/yoast.com\/product\/yoast-seo-wordpress\/ -->\n<title>S\u00e9jour de printemps \u00e0 Gilette (Alpes-Maritimes) du 16 au 23 mai 2026 - Club des Cent Cols<\/title>\n<meta name=\"robots\" content=\"index, follow, max-snippet:-1, max-image-preview:large, max-video-preview:-1\" \/>\n<link rel=\"canonical\" href=\"https:\/\/centcols.org\/it\/vacanze-di-primavera-2026-gilette\/\" \/>\n<meta property=\"og:locale\" content=\"it_IT\" \/>\n<meta property=\"og:type\" content=\"article\" \/>\n<meta property=\"og:title\" content=\"S\u00e9jour de printemps \u00e0 Gilette (Alpes-Maritimes) du 16 au 23 mai 2026 - Club des Cent Cols\" \/>\n<meta property=\"og:description\" content=\"Ont contribu\u00e9 \u00e0 cette page de pr\u00e9sentation du s\u00e9jour Jean Michel Clausse, Christophe Badonnel et les responsables informatiques. Les inscriptions pour Gilette 2026 sont closes. Le s\u00e9jour de printemps 2026 se d\u00e9roulera du 16 au 23 mai 2026 au \u00abDomaine de l\u2019Olivaie\u00bb, centre de vacances ULVF (Union Loisirs Vacances Familles) \u00e0 Gilette. Il a \u00e9t\u00e9 [&hellip;]\" \/>\n<meta property=\"og:url\" content=\"https:\/\/centcols.org\/it\/vacanze-di-primavera-2026-gilette\/\" \/>\n<meta property=\"og:site_name\" content=\"Club des Cent Cols\" \/>\n<meta property=\"article:publisher\" content=\"https:\/\/www.facebook.com\/groups\/5261880558\/?locale=fr_FR\" \/>\n<meta property=\"article:published_time\" content=\"2025-11-12T06:50:37+00:00\" \/>\n<meta property=\"article:modified_time\" content=\"2026-04-29T12:53:38+00:00\" \/>\n<meta property=\"og:image\" content=\"https:\/\/centcols.org\/wp-content\/uploads\/2025\/11\/vue-densemble-du-village.jpg\" \/>\n\t<meta property=\"og:image:width\" content=\"1200\" \/>\n\t<meta property=\"og:image:height\" content=\"675\" \/>\n\t<meta property=\"og:image:type\" content=\"image\/jpeg\" \/>\n<meta name=\"author\" content=\"Christophe Badonnel\" \/>\n<meta name=\"twitter:card\" content=\"summary_large_image\" \/>\n<meta name=\"twitter:label1\" content=\"Scritto da\" \/>\n\t<meta name=\"twitter:data1\" content=\"Christophe Badonnel\" \/>\n\t<meta name=\"twitter:label2\" content=\"Tempo di lettura stimato\" \/>\n\t<meta name=\"twitter:data2\" content=\"9 minuti\" \/>\n<script type=\"application\/ld+json\" class=\"yoast-schema-graph\">{\"@context\":\"https:\/\/schema.org\",\"@graph\":[{\"@type\":\"Article\",\"@id\":\"https:\/\/centcols.org\/it\/sejour-printemps-2026-gilette\/#article\",\"isPartOf\":{\"@id\":\"https:\/\/centcols.org\/it\/sejour-printemps-2026-gilette\/\"},\"author\":{\"name\":\"Christophe Badonnel\",\"@id\":\"https:\/\/centcols.org\/#\/schema\/person\/5c1a9d61132fb33ccec149272abff6e1\"},\"headline\":\"S\u00e9jour de printemps \u00e0 Gilette (Alpes-Maritimes) du 16 au 23 mai 2026\",\"datePublished\":\"2025-11-12T06:50:37+00:00\",\"dateModified\":\"2026-04-29T12:53:38+00:00\",\"mainEntityOfPage\":{\"@id\":\"https:\/\/centcols.org\/it\/sejour-printemps-2026-gilette\/\"},\"wordCount\":1472,\"commentCount\":2,\"publisher\":{\"@id\":\"https:\/\/centcols.org\/#organization\"},\"image\":{\"@id\":\"https:\/\/centcols.org\/it\/sejour-printemps-2026-gilette\/#primaryimage\"},\"thumbnailUrl\":\"https:\/\/centcols.org\/wp-content\/uploads\/2025\/11\/vue-densemble-du-village.jpg\",\"articleSection\":[\"France\",\"Alpes fran\u00e7aises du sud\",\"06-Alpes-Maritimes\",\"Provence-Alpes-C\u00f4te d'Azur\",\"Calendrier\",\"S\u00e9jours du Club des Cent Cols\"],\"inLanguage\":\"it-IT\",\"potentialAction\":[{\"@type\":\"CommentAction\",\"name\":\"Comment\",\"target\":[\"https:\/\/centcols.org\/it\/sejour-printemps-2026-gilette\/#respond\"]}]},{\"@type\":\"WebPage\",\"@id\":\"https:\/\/centcols.org\/it\/sejour-printemps-2026-gilette\/\",\"url\":\"https:\/\/centcols.org\/it\/sejour-printemps-2026-gilette\/\",\"name\":\"S\u00e9jour de printemps \u00e0 Gilette (Alpes-Maritimes) du 16 au 23 mai 2026 - Club des Cent Cols\",\"isPartOf\":{\"@id\":\"https:\/\/centcols.org\/#website\"},\"primaryImageOfPage\":{\"@id\":\"https:\/\/centcols.org\/it\/sejour-printemps-2026-gilette\/#primaryimage\"},\"image\":{\"@id\":\"https:\/\/centcols.org\/it\/sejour-printemps-2026-gilette\/#primaryimage\"},\"thumbnailUrl\":\"https:\/\/centcols.org\/wp-content\/uploads\/2025\/11\/vue-densemble-du-village.jpg\",\"datePublished\":\"2025-11-12T06:50:37+00:00\",\"dateModified\":\"2026-04-29T12:53:38+00:00\",\"breadcrumb\":{\"@id\":\"https:\/\/centcols.org\/it\/sejour-printemps-2026-gilette\/#breadcrumb\"},\"inLanguage\":\"it-IT\",\"potentialAction\":[{\"@type\":\"ReadAction\",\"target\":[\"https:\/\/centcols.org\/it\/sejour-printemps-2026-gilette\/\"]}]},{\"@type\":\"ImageObject\",\"inLanguage\":\"it-IT\",\"@id\":\"https:\/\/centcols.org\/it\/sejour-printemps-2026-gilette\/#primaryimage\",\"url\":\"https:\/\/centcols.org\/wp-content\/uploads\/2025\/11\/vue-densemble-du-village.jpg\",\"contentUrl\":\"https:\/\/centcols.org\/wp-content\/uploads\/2025\/11\/vue-densemble-du-village.jpg\",\"width\":1200,\"height\":675,\"caption\":\"vue d'ensemble du village @OTMNCA\"},{\"@type\":\"BreadcrumbList\",\"@id\":\"https:\/\/centcols.org\/it\/sejour-printemps-2026-gilette\/#breadcrumb\",\"itemListElement\":[{\"@type\":\"ListItem\",\"position\":1,\"name\":\"Accueil\",\"item\":\"https:\/\/centcols.org\/\"},{\"@type\":\"ListItem\",\"position\":2,\"name\":\"S\u00e9jours du Club des Cent Cols\",\"item\":\"https:\/\/centcols.org\/rubrique\/sejours\/\"},{\"@type\":\"ListItem\",\"position\":3,\"name\":\"Pays\",\"item\":\"https:\/\/centcols.org\/rubrique\/sejours\/pays-sejours\/\"},{\"@type\":\"ListItem\",\"position\":4,\"name\":\"France\",\"item\":\"https:\/\/centcols.org\/rubrique\/sejours\/pays-sejours\/france-pays-sejours\/\"},{\"@type\":\"ListItem\",\"position\":5,\"name\":\"S\u00e9jour de printemps \u00e0 Gilette (Alpes-Maritimes) du 16 au 23 mai 2026\"}]},{\"@type\":\"WebSite\",\"@id\":\"https:\/\/centcols.org\/#website\",\"url\":\"https:\/\/centcols.org\/\",\"name\":\"Club des Cent Cols\",\"description\":\"\",\"publisher\":{\"@id\":\"https:\/\/centcols.org\/#organization\"},\"potentialAction\":[{\"@type\":\"SearchAction\",\"target\":{\"@type\":\"EntryPoint\",\"urlTemplate\":\"https:\/\/centcols.org\/?s={search_term_string}\"},\"query-input\":{\"@type\":\"PropertyValueSpecification\",\"valueRequired\":true,\"valueName\":\"search_term_string\"}}],\"inLanguage\":\"it-IT\"},{\"@type\":\"Organization\",\"@id\":\"https:\/\/centcols.org\/#organization\",\"name\":\"Club des Cent Cols\",\"url\":\"https:\/\/centcols.org\/\",\"logo\":{\"@type\":\"ImageObject\",\"inLanguage\":\"it-IT\",\"@id\":\"https:\/\/centcols.org\/#\/schema\/logo\/image\/\",\"url\":\"https:\/\/centcols.org\/wp-content\/uploads\/2025\/01\/carte-icone.png\",\"contentUrl\":\"https:\/\/centcols.org\/wp-content\/uploads\/2025\/01\/carte-icone.png\",\"width\":250,\"height\":250,\"caption\":\"Club des Cent Cols\"},\"image\":{\"@id\":\"https:\/\/centcols.org\/#\/schema\/logo\/image\/\"},\"sameAs\":[\"https:\/\/www.facebook.com\/groups\/5261880558\/?locale=fr_FR\"]},{\"@type\":\"Person\",\"@id\":\"https:\/\/centcols.org\/#\/schema\/person\/5c1a9d61132fb33ccec149272abff6e1\",\"name\":\"Christophe Badonnel\",\"image\":{\"@type\":\"ImageObject\",\"inLanguage\":\"it-IT\",\"@id\":\"https:\/\/centcols.org\/wp-content\/litespeed\/avatar\/9f363966b51271bd99ebbb6ebd632889.jpg?ver=1777238111\",\"url\":\"https:\/\/centcols.org\/wp-content\/litespeed\/avatar\/9f363966b51271bd99ebbb6ebd632889.jpg?ver=1777238111\",\"contentUrl\":\"https:\/\/centcols.org\/wp-content\/litespeed\/avatar\/9f363966b51271bd99ebbb6ebd632889.jpg?ver=1777238111\",\"caption\":\"Christophe Badonnel\"},\"url\":\"https:\/\/centcols.org\/it\/author\/5799\/\"}]}<\/script>\n<!-- \/ Yoast SEO plugin. -->","yoast_head_json":{"title":"Vacanze di primavera a Gilette (Alpi Marittime) dal 16 al 23 maggio 2026 - Club des Cent Cols","robots":{"index":"index","follow":"follow","max-snippet":"max-snippet:-1","max-image-preview":"max-image-preview:large","max-video-preview":"max-video-preview:-1"},"canonical":"https:\/\/centcols.org\/it\/vacanze-di-primavera-2026-gilette\/","og_locale":"it_IT","og_type":"article","og_title":"S\u00e9jour de printemps \u00e0 Gilette (Alpes-Maritimes) du 16 au 23 mai 2026 - Club des Cent Cols","og_description":"Ont contribu\u00e9 \u00e0 cette page de pr\u00e9sentation du s\u00e9jour Jean Michel Clausse, Christophe Badonnel et les responsables informatiques. Les inscriptions pour Gilette 2026 sont closes. Le s\u00e9jour de printemps 2026 se d\u00e9roulera du 16 au 23 mai 2026 au \u00abDomaine de l\u2019Olivaie\u00bb, centre de vacances ULVF (Union Loisirs Vacances Familles) \u00e0 Gilette. Il a \u00e9t\u00e9 [&hellip;]","og_url":"https:\/\/centcols.org\/it\/vacanze-di-primavera-2026-gilette\/","og_site_name":"Club des Cent Cols","article_publisher":"https:\/\/www.facebook.com\/groups\/5261880558\/?locale=fr_FR","article_published_time":"2025-11-12T06:50:37+00:00","article_modified_time":"2026-04-29T12:53:38+00:00","og_image":[{"width":1200,"height":675,"url":"https:\/\/centcols.org\/wp-content\/uploads\/2025\/11\/vue-densemble-du-village.jpg","type":"image\/jpeg"}],"author":"Christophe Badonnel","twitter_card":"summary_large_image","twitter_misc":{"Scritto da":"Christophe Badonnel","Tempo di lettura stimato":"9 minuti"},"schema":{"@context":"https:\/\/schema.org","@graph":[{"@type":"Article","@id":"https:\/\/centcols.org\/it\/sejour-printemps-2026-gilette\/#article","isPartOf":{"@id":"https:\/\/centcols.org\/it\/sejour-printemps-2026-gilette\/"},"author":{"name":"Christophe Badonnel","@id":"https:\/\/centcols.org\/#\/schema\/person\/5c1a9d61132fb33ccec149272abff6e1"},"headline":"S\u00e9jour de printemps \u00e0 Gilette (Alpes-Maritimes) du 16 au 23 mai 2026","datePublished":"2025-11-12T06:50:37+00:00","dateModified":"2026-04-29T12:53:38+00:00","mainEntityOfPage":{"@id":"https:\/\/centcols.org\/it\/sejour-printemps-2026-gilette\/"},"wordCount":1472,"commentCount":2,"publisher":{"@id":"https:\/\/centcols.org\/#organization"},"image":{"@id":"https:\/\/centcols.org\/it\/sejour-printemps-2026-gilette\/#primaryimage"},"thumbnailUrl":"https:\/\/centcols.org\/wp-content\/uploads\/2025\/11\/vue-densemble-du-village.jpg","articleSection":["France","Alpes fran\u00e7aises du sud","06-Alpes-Maritimes","Provence-Alpes-C\u00f4te d'Azur","Calendrier","S\u00e9jours du Club des Cent Cols"],"inLanguage":"it-IT","potentialAction":[{"@type":"CommentAction","name":"Comment","target":["https:\/\/centcols.org\/it\/sejour-printemps-2026-gilette\/#respond"]}]},{"@type":"WebPage","@id":"https:\/\/centcols.org\/it\/sejour-printemps-2026-gilette\/","url":"https:\/\/centcols.org\/it\/sejour-printemps-2026-gilette\/","name":"Vacanze di primavera a Gilette (Alpi Marittime) dal 16 al 23 maggio 2026 - Club des Cent Cols","isPartOf":{"@id":"https:\/\/centcols.org\/#website"},"primaryImageOfPage":{"@id":"https:\/\/centcols.org\/it\/sejour-printemps-2026-gilette\/#primaryimage"},"image":{"@id":"https:\/\/centcols.org\/it\/sejour-printemps-2026-gilette\/#primaryimage"},"thumbnailUrl":"https:\/\/centcols.org\/wp-content\/uploads\/2025\/11\/vue-densemble-du-village.jpg","datePublished":"2025-11-12T06:50:37+00:00","dateModified":"2026-04-29T12:53:38+00:00","breadcrumb":{"@id":"https:\/\/centcols.org\/it\/sejour-printemps-2026-gilette\/#breadcrumb"},"inLanguage":"it-IT","potentialAction":[{"@type":"ReadAction","target":["https:\/\/centcols.org\/it\/sejour-printemps-2026-gilette\/"]}]},{"@type":"ImageObject","inLanguage":"it-IT","@id":"https:\/\/centcols.org\/it\/sejour-printemps-2026-gilette\/#primaryimage","url":"https:\/\/centcols.org\/wp-content\/uploads\/2025\/11\/vue-densemble-du-village.jpg","contentUrl":"https:\/\/centcols.org\/wp-content\/uploads\/2025\/11\/vue-densemble-du-village.jpg","width":1200,"height":675,"caption":"vue d'ensemble du village @OTMNCA"},{"@type":"BreadcrumbList","@id":"https:\/\/centcols.org\/it\/sejour-printemps-2026-gilette\/#breadcrumb","itemListElement":[{"@type":"ListItem","position":1,"name":"Accueil","item":"https:\/\/centcols.org\/"},{"@type":"ListItem","position":2,"name":"S\u00e9jours du Club des Cent Cols","item":"https:\/\/centcols.org\/rubrique\/sejours\/"},{"@type":"ListItem","position":3,"name":"Pays","item":"https:\/\/centcols.org\/rubrique\/sejours\/pays-sejours\/"},{"@type":"ListItem","position":4,"name":"France","item":"https:\/\/centcols.org\/rubrique\/sejours\/pays-sejours\/france-pays-sejours\/"},{"@type":"ListItem","position":5,"name":"S\u00e9jour de printemps \u00e0 Gilette (Alpes-Maritimes) du 16 au 23 mai 2026"}]},{"@type":"WebSite","@id":"https:\/\/centcols.org\/#website","url":"https:\/\/centcols.org\/","name":"Club des Cent Cols","description":"","publisher":{"@id":"https:\/\/centcols.org\/#organization"},"potentialAction":[{"@type":"SearchAction","target":{"@type":"EntryPoint","urlTemplate":"https:\/\/centcols.org\/?s={search_term_string}"},"query-input":{"@type":"PropertyValueSpecification","valueRequired":true,"valueName":"search_term_string"}}],"inLanguage":"it-IT"},{"@type":"Organization","@id":"https:\/\/centcols.org\/#organization","name":"Club des Cent Cols","url":"https:\/\/centcols.org\/","logo":{"@type":"ImageObject","inLanguage":"it-IT","@id":"https:\/\/centcols.org\/#\/schema\/logo\/image\/","url":"https:\/\/centcols.org\/wp-content\/uploads\/2025\/01\/carte-icone.png","contentUrl":"https:\/\/centcols.org\/wp-content\/uploads\/2025\/01\/carte-icone.png","width":250,"height":250,"caption":"Club des Cent Cols"},"image":{"@id":"https:\/\/centcols.org\/#\/schema\/logo\/image\/"},"sameAs":["https:\/\/www.facebook.com\/groups\/5261880558\/?locale=fr_FR"]},{"@type":"Person","@id":"https:\/\/centcols.org\/#\/schema\/person\/5c1a9d61132fb33ccec149272abff6e1","name":"Christophe Badonnel","image":{"@type":"ImageObject","inLanguage":"it-IT","@id":"https:\/\/centcols.org\/wp-content\/litespeed\/avatar\/9f363966b51271bd99ebbb6ebd632889.jpg?ver=1777238111","url":"https:\/\/centcols.org\/wp-content\/litespeed\/avatar\/9f363966b51271bd99ebbb6ebd632889.jpg?ver=1777238111","contentUrl":"https:\/\/centcols.org\/wp-content\/litespeed\/avatar\/9f363966b51271bd99ebbb6ebd632889.jpg?ver=1777238111","caption":"Christophe Badonnel"},"url":"https:\/\/centcols.org\/it\/author\/5799\/"}]}},"_links":{"self":[{"href":"https:\/\/centcols.org\/it\/wp-json\/wp\/v2\/posts\/91093","targetHints":{"allow":["GET"]}}],"collection":[{"href":"https:\/\/centcols.org\/it\/wp-json\/wp\/v2\/posts"}],"about":[{"href":"https:\/\/centcols.org\/it\/wp-json\/wp\/v2\/types\/post"}],"author":[{"embeddable":true,"href":"https:\/\/centcols.org\/it\/wp-json\/wp\/v2\/users\/64"}],"replies":[{"embeddable":true,"href":"https:\/\/centcols.org\/it\/wp-json\/wp\/v2\/comments?post=91093"}],"version-history":[{"count":1,"href":"https:\/\/centcols.org\/it\/wp-json\/wp\/v2\/posts\/91093\/revisions"}],"predecessor-version":[{"id":95919,"href":"https:\/\/centcols.org\/it\/wp-json\/wp\/v2\/posts\/91093\/revisions\/95919"}],"wp:featuredmedia":[{"embeddable":true,"href":"https:\/\/centcols.org\/it\/wp-json\/wp\/v2\/media\/91825"}],"wp:attachment":[{"href":"https:\/\/centcols.org\/it\/wp-json\/wp\/v2\/media?parent=91093"}],"wp:term":[{"taxonomy":"category","embeddable":true,"href":"https:\/\/centcols.org\/it\/wp-json\/wp\/v2\/categories?post=91093"},{"taxonomy":"post_tag","embeddable":true,"href":"https:\/\/centcols.org\/it\/wp-json\/wp\/v2\/tags?post=91093"}],"curies":[{"name":"wp","href":"https:\/\/api.w.org\/{rel}","templated":true}]}}