{"id":91155,"date":"2025-11-14T14:03:05","date_gmt":"2025-11-14T12:03:05","guid":{"rendered":"https:\/\/centcols.org\/?p=91155"},"modified":"2026-02-12T21:29:31","modified_gmt":"2026-02-12T19:29:31","slug":"thonon-trieste-fred-singla-2025","status":"publish","type":"post","link":"https:\/\/centcols.org\/it\/thonon-trieste-fred-singla-2025\/","title":{"rendered":"Thonon Trieste: Fred Singla cc 5173"},"content":{"rendered":"<p>Dopo il <a href=\"https:\/\/centcols.org\/it\/thonon-trieste-jean-marc-lefevre-cc-3331\/\" target=\"_blank\" rel=\"noreferrer noopener\">narrato da Jean-Marc Lef\u00e8vre<\/a> e <a href=\"https:\/\/centcols.org\/it\/trieste-thonon-traversata-dellarco-alpino-in-bicicletta\/\" target=\"_blank\" rel=\"noreferrer noopener\">Philippe Chazottier<\/a> \u00e8 il turno di Fred Singla di raccontarci la sua avventura. Un magnifico viaggio in bicicletta, progettato da Georges Rossini, che collega il lago di Ginevra all'Adriatico, attraversando numerosi passi.<\/p>\n\n\n\n<figure class=\"wp-block-image size-full\"><a href=\"https:\/\/centcols.org\/wp-content\/uploads\/2025\/10\/carte-thono-trieste.jpeg\"><img loading=\"lazy\" decoding=\"async\" width=\"1307\" height=\"318\" src=\"https:\/\/centcols.org\/wp-content\/uploads\/2025\/10\/carte-thono-trieste.jpeg\" alt=\"\" class=\"wp-image-91161\" srcset=\"https:\/\/centcols.org\/wp-content\/uploads\/2025\/10\/carte-thono-trieste.jpeg 1307w, https:\/\/centcols.org\/wp-content\/uploads\/2025\/10\/carte-thono-trieste-1200x292.jpeg 1200w, https:\/\/centcols.org\/wp-content\/uploads\/2025\/10\/carte-thono-trieste-768x187.jpeg 768w, https:\/\/centcols.org\/wp-content\/uploads\/2025\/10\/carte-thono-trieste-18x4.jpeg 18w\" sizes=\"auto, (max-width: 1307px) 100vw, 1307px\" \/><\/a><\/figure>\n\n\n\n<blockquote class=\"wp-block-quote is-layout-flow wp-block-quote-is-layout-flow\">\n<p>Cliccate sul titolo della tappa sotto l'immagine per viaggiare con Fred e i suoi due amici. In ogni episodio, tutte le foto possono essere cliccate per ingrandirle.<\/p>\n<\/blockquote>\n\n\n\n<div class=\"wp-block-group has-background\" style=\"background-color:#abb7c21f\"><div class=\"wp-block-group__inner-container is-layout-constrained wp-block-group-is-layout-constrained\">\n<h2 class=\"wp-block-heading has-text-align-center\">Riepilogo delle fasi<\/h2>\n\n\n\n<div class=\"wp-block-columns is-layout-flex wp-container-core-columns-is-layout-9d6595d7 wp-block-columns-is-layout-flex\">\n<div class=\"wp-block-column is-layout-flow wp-block-column-is-layout-flow\">\n<figure class=\"wp-block-image size-large img-angles-carres\"><a href=\"https:\/\/centcols.org\/wp-content\/uploads\/2025\/10\/Thonon-Trieste-FS_etape01-01.jpg\"><img decoding=\"async\" src=\"https:\/\/centcols.org\/wp-content\/uploads\/2025\/10\/Thonon-Trieste-FS_etape01-01.jpg\" alt=\"\"\/><\/a><\/figure>\n\n\n\n<h5 class=\"wp-block-heading\"><em><a href=\"https:\/\/centcols.org\/it\/thonon-trieste-fred-singla-2025\/2\/\" target=\"_blank\" rel=\"noreferrer noopener\">Giorno 1: Thonon-les-Bains a Brig (Svizzera)<\/a><\/em><\/h5>\n<\/div>\n\n\n\n<div class=\"wp-block-column is-layout-flow wp-block-column-is-layout-flow\">\n<figure class=\"wp-block-image size-full img-angles-carres\"><img loading=\"lazy\" decoding=\"async\" width=\"1176\" height=\"785\" src=\"https:\/\/centcols.org\/wp-content\/uploads\/2025\/10\/Thonon-Trieste-FS_etape02-09.jpg\" alt=\"\" class=\"wp-image-91227\" srcset=\"https:\/\/centcols.org\/wp-content\/uploads\/2025\/10\/Thonon-Trieste-FS_etape02-09.jpg 1176w, https:\/\/centcols.org\/wp-content\/uploads\/2025\/10\/Thonon-Trieste-FS_etape02-09-768x513.jpg 768w, https:\/\/centcols.org\/wp-content\/uploads\/2025\/10\/Thonon-Trieste-FS_etape02-09-18x12.jpg 18w\" sizes=\"auto, (max-width: 1176px) 100vw, 1176px\" \/><\/figure>\n\n\n\n<h5 class=\"wp-block-heading\"><em><a href=\"https:\/\/centcols.org\/it\/thonon-trieste-fred-singla-2025\/1\/\" target=\"_blank\" rel=\"noreferrer noopener\"><\/a><a href=\"https:\/\/centcols.org\/it\/thonon-trieste-fred-singla-2025\/3\/\" target=\"_blank\" rel=\"noreferrer noopener\">Giorno 2: Briga (Svizzera) - Verbania (Italia)<\/a><\/em><\/h5>\n<\/div>\n\n\n\n<div class=\"wp-block-column is-layout-flow wp-block-column-is-layout-flow\">\n<figure class=\"wp-block-image size-full img-angles-carres\"><img loading=\"lazy\" decoding=\"async\" width=\"1200\" height=\"802\" src=\"https:\/\/centcols.org\/wp-content\/uploads\/2025\/10\/Thonon-Trieste-FS_etape03-15.jpg\" alt=\"\" class=\"wp-image-91257\" srcset=\"https:\/\/centcols.org\/wp-content\/uploads\/2025\/10\/Thonon-Trieste-FS_etape03-15.jpg 1200w, https:\/\/centcols.org\/wp-content\/uploads\/2025\/10\/Thonon-Trieste-FS_etape03-15-768x513.jpg 768w, https:\/\/centcols.org\/wp-content\/uploads\/2025\/10\/Thonon-Trieste-FS_etape03-15-18x12.jpg 18w\" sizes=\"auto, (max-width: 1200px) 100vw, 1200px\" \/><\/figure>\n\n\n\n<h5 class=\"wp-block-heading\"><em><a href=\"https:\/\/centcols.org\/it\/thonon-trieste-fred-singla-2025\/4\/\" target=\"_blank\" rel=\"noreferrer noopener\">Giorno 3: Verbania - Campodolcino<\/a><\/em><\/h5>\n<\/div>\n\n\n\n<div class=\"wp-block-column is-layout-flow wp-block-column-is-layout-flow\">\n<figure class=\"wp-block-image size-full img-angles-carres\"><img loading=\"lazy\" decoding=\"async\" width=\"1307\" height=\"873\" src=\"https:\/\/centcols.org\/wp-content\/uploads\/2025\/10\/Thonon-Trieste-FS_etape04-07.jpg\" alt=\"\" class=\"wp-image-91269\" srcset=\"https:\/\/centcols.org\/wp-content\/uploads\/2025\/10\/Thonon-Trieste-FS_etape04-07.jpg 1307w, https:\/\/centcols.org\/wp-content\/uploads\/2025\/10\/Thonon-Trieste-FS_etape04-07-1200x802.jpg 1200w, https:\/\/centcols.org\/wp-content\/uploads\/2025\/10\/Thonon-Trieste-FS_etape04-07-768x513.jpg 768w, https:\/\/centcols.org\/wp-content\/uploads\/2025\/10\/Thonon-Trieste-FS_etape04-07-18x12.jpg 18w\" sizes=\"auto, (max-width: 1307px) 100vw, 1307px\" \/><\/figure>\n\n\n\n<h5 class=\"wp-block-heading\"><em><a href=\"https:\/\/centcols.org\/it\/thonon-trieste-fred-singla-2025\/1\/\" target=\"_blank\" rel=\"noreferrer noopener\"><\/a><a href=\"https:\/\/centcols.org\/it\/thonon-trieste-fred-singla-2025\/5\/\" target=\"_blank\" rel=\"noreferrer noopener\">Giorno 4: Campodolcino a Livigno<\/a><\/em><\/h5>\n<\/div>\n\n\n\n<div class=\"wp-block-column is-layout-flow wp-block-column-is-layout-flow\">\n<figure class=\"wp-block-image size-full img-angles-carres\"><img loading=\"lazy\" decoding=\"async\" width=\"1307\" height=\"873\" src=\"https:\/\/centcols.org\/wp-content\/uploads\/2025\/10\/Thonon-Trieste-FS_etape05-12.jpg\" alt=\"\" class=\"wp-image-91319\" srcset=\"https:\/\/centcols.org\/wp-content\/uploads\/2025\/10\/Thonon-Trieste-FS_etape05-12.jpg 1307w, https:\/\/centcols.org\/wp-content\/uploads\/2025\/10\/Thonon-Trieste-FS_etape05-12-1200x802.jpg 1200w, https:\/\/centcols.org\/wp-content\/uploads\/2025\/10\/Thonon-Trieste-FS_etape05-12-768x513.jpg 768w, https:\/\/centcols.org\/wp-content\/uploads\/2025\/10\/Thonon-Trieste-FS_etape05-12-18x12.jpg 18w\" sizes=\"auto, (max-width: 1307px) 100vw, 1307px\" \/><\/figure>\n\n\n\n<h5 class=\"wp-block-heading\"><em><a href=\"https:\/\/centcols.org\/it\/thonon-trieste-fred-singla-2025\/1\/\" target=\"_blank\" rel=\"noreferrer noopener\"><\/a><a href=\"https:\/\/centcols.org\/it\/thonon-trieste-fred-singla-2025\/6\/\" target=\"_blank\" rel=\"noreferrer noopener\">Giorno 5: Livigno a Malles-Venosta<\/a><\/em><\/h5>\n<\/div>\n\n\n\n<div class=\"wp-block-column is-layout-flow wp-block-column-is-layout-flow\">\n<figure class=\"wp-block-image size-full img-angles-carres\"><img loading=\"lazy\" decoding=\"async\" width=\"1307\" height=\"873\" src=\"https:\/\/centcols.org\/wp-content\/uploads\/2025\/10\/Thonon-Trieste-FS_etape06-05.jpg\" alt=\"\" class=\"wp-image-91365\" srcset=\"https:\/\/centcols.org\/wp-content\/uploads\/2025\/10\/Thonon-Trieste-FS_etape06-05.jpg 1307w, https:\/\/centcols.org\/wp-content\/uploads\/2025\/10\/Thonon-Trieste-FS_etape06-05-1200x802.jpg 1200w, https:\/\/centcols.org\/wp-content\/uploads\/2025\/10\/Thonon-Trieste-FS_etape06-05-768x513.jpg 768w, https:\/\/centcols.org\/wp-content\/uploads\/2025\/10\/Thonon-Trieste-FS_etape06-05-18x12.jpg 18w\" sizes=\"auto, (max-width: 1307px) 100vw, 1307px\" \/><\/figure>\n\n\n\n<h5 class=\"wp-block-heading\"><em><a href=\"https:\/\/centcols.org\/it\/thonon-trieste-fred-singla-2025\/1\/\" target=\"_blank\" rel=\"noreferrer noopener\"><\/a><a href=\"https:\/\/centcols.org\/it\/thonon-trieste-fred-singla-2025\/7\/\" target=\"_blank\" rel=\"noreferrer noopener\">Giorno 6: Malles-Venosta a Bolzano<\/a><\/em><\/h5>\n<\/div>\n<\/div>\n\n\n\n<div class=\"wp-block-columns is-layout-flex wp-container-core-columns-is-layout-9d6595d7 wp-block-columns-is-layout-flex\">\n<div class=\"wp-block-column is-layout-flow wp-block-column-is-layout-flow\">\n<figure class=\"wp-block-image size-full img-angles-carres\"><img loading=\"lazy\" decoding=\"async\" width=\"1200\" height=\"802\" src=\"https:\/\/centcols.org\/wp-content\/uploads\/2025\/10\/Thonon-Trieste-FS_etape07-29.jpg\" alt=\"\" class=\"wp-image-91476\" srcset=\"https:\/\/centcols.org\/wp-content\/uploads\/2025\/10\/Thonon-Trieste-FS_etape07-29.jpg 1200w, https:\/\/centcols.org\/wp-content\/uploads\/2025\/10\/Thonon-Trieste-FS_etape07-29-768x513.jpg 768w, https:\/\/centcols.org\/wp-content\/uploads\/2025\/10\/Thonon-Trieste-FS_etape07-29-18x12.jpg 18w\" sizes=\"auto, (max-width: 1200px) 100vw, 1200px\" \/><\/figure>\n\n\n\n<h5 class=\"wp-block-heading\"><em><a href=\"https:\/\/centcols.org\/it\/thonon-trieste-fred-singla-2025\/1\/\" target=\"_blank\" rel=\"noreferrer noopener\"><\/a><a href=\"https:\/\/centcols.org\/it\/thonon-trieste-fred-singla-2025\/8\/\" target=\"_blank\" rel=\"noreferrer noopener\">7\u00b0 giorno: Bolzano - Arabba<\/a><\/em><\/h5>\n<\/div>\n\n\n\n<div class=\"wp-block-column is-layout-flow wp-block-column-is-layout-flow\">\n<figure class=\"wp-block-image size-full img-angles-carres\"><img loading=\"lazy\" decoding=\"async\" width=\"1200\" height=\"802\" src=\"https:\/\/centcols.org\/wp-content\/uploads\/2025\/10\/Thonon-Trieste-FS_etape08-05.jpg\" alt=\"\" class=\"wp-image-91511\" srcset=\"https:\/\/centcols.org\/wp-content\/uploads\/2025\/10\/Thonon-Trieste-FS_etape08-05.jpg 1200w, https:\/\/centcols.org\/wp-content\/uploads\/2025\/10\/Thonon-Trieste-FS_etape08-05-768x513.jpg 768w, https:\/\/centcols.org\/wp-content\/uploads\/2025\/10\/Thonon-Trieste-FS_etape08-05-18x12.jpg 18w\" sizes=\"auto, (max-width: 1200px) 100vw, 1200px\" \/><\/figure>\n\n\n\n<h5 class=\"wp-block-heading\"><em><a href=\"https:\/\/centcols.org\/it\/thonon-trieste-fred-singla-2025\/1\/\" target=\"_blank\" rel=\"noreferrer noopener\"><\/a><a href=\"https:\/\/centcols.org\/it\/thonon-trieste-fred-singla-2025\/9\/\" target=\"_blank\" rel=\"noreferrer noopener\">8\u00b0 giorno: giorno di riposo.  Giro intorno all'hotel.<\/a><\/em><\/h5>\n<\/div>\n\n\n\n<div class=\"wp-block-column is-layout-flow wp-block-column-is-layout-flow\">\n<figure class=\"wp-block-image size-full img-angles-carres\"><img loading=\"lazy\" decoding=\"async\" width=\"1200\" height=\"802\" src=\"https:\/\/centcols.org\/wp-content\/uploads\/2025\/10\/Thonon-Trieste-FS_etape09-07.jpg\" alt=\"\" class=\"wp-image-91566\" srcset=\"https:\/\/centcols.org\/wp-content\/uploads\/2025\/10\/Thonon-Trieste-FS_etape09-07.jpg 1200w, https:\/\/centcols.org\/wp-content\/uploads\/2025\/10\/Thonon-Trieste-FS_etape09-07-768x513.jpg 768w, https:\/\/centcols.org\/wp-content\/uploads\/2025\/10\/Thonon-Trieste-FS_etape09-07-18x12.jpg 18w\" sizes=\"auto, (max-width: 1200px) 100vw, 1200px\" \/><\/figure>\n\n\n\n<h5 class=\"wp-block-heading\"><em><a href=\"https:\/\/centcols.org\/it\/thonon-trieste-fred-singla-2025\/9\/\"><\/a><a href=\"https:\/\/centcols.org\/it\/thonon-trieste-fred-singla-2025\/#heading-1761755335652-9\"><\/a><a href=\"https:\/\/centcols.org\/it\/thonon-trieste-fred-singla-2025\/10\/\" target=\"_blank\" rel=\"noreferrer noopener\">9\u00b0 giorno: Arabba a Vigo-di-Cadore<\/a><\/em><\/h5>\n<\/div>\n\n\n\n<div class=\"wp-block-column is-layout-flow wp-block-column-is-layout-flow\">\n<figure class=\"wp-block-image size-full img-angles-carres\"><img loading=\"lazy\" decoding=\"async\" width=\"1200\" height=\"802\" src=\"https:\/\/centcols.org\/wp-content\/uploads\/2025\/10\/Thonon-Trieste-FS_etape10-16.jpg\" alt=\"\" class=\"wp-image-91612\" srcset=\"https:\/\/centcols.org\/wp-content\/uploads\/2025\/10\/Thonon-Trieste-FS_etape10-16.jpg 1200w, https:\/\/centcols.org\/wp-content\/uploads\/2025\/10\/Thonon-Trieste-FS_etape10-16-768x513.jpg 768w, https:\/\/centcols.org\/wp-content\/uploads\/2025\/10\/Thonon-Trieste-FS_etape10-16-18x12.jpg 18w\" sizes=\"auto, (max-width: 1200px) 100vw, 1200px\" \/><\/figure>\n\n\n\n<h5 class=\"wp-block-heading\"><em><a href=\"https:\/\/centcols.org\/it\/thonon-trieste-fred-singla-2025\/1\/\" target=\"_blank\" rel=\"noreferrer noopener\"><\/a><a href=\"https:\/\/centcols.org\/it\/thonon-trieste-fred-singla-2025\/11\/\" target=\"_blank\" rel=\"noreferrer noopener\">Giorno 10: da Vigo-di-Cadore a<\/a><a href=\"https:\/\/centcols.org\/it\/thonon-trieste-fred-singla-2025\/10\/\" target=\"_blank\" rel=\"noreferrer noopener\"> <\/a><a href=\"https:\/\/centcols.org\/it\/thonon-trieste-fred-singla-2025\/1\/\" target=\"_blank\" rel=\"noreferrer noopener\"><\/a><a href=\"https:\/\/centcols.org\/it\/thonon-trieste-fred-singla-2025\/#heading-1761755335652-10\">Tarcento + LE Zoncolan!<\/a><\/em><\/h5>\n<\/div>\n\n\n\n<div class=\"wp-block-column is-layout-flow wp-block-column-is-layout-flow\">\n<figure class=\"wp-block-image size-full img-angles-carres\"><img loading=\"lazy\" decoding=\"async\" width=\"1200\" height=\"802\" src=\"https:\/\/centcols.org\/wp-content\/uploads\/2025\/10\/Thonon-Trieste-FS_etape11-10.jpg\" alt=\"\" class=\"wp-image-91686\" srcset=\"https:\/\/centcols.org\/wp-content\/uploads\/2025\/10\/Thonon-Trieste-FS_etape11-10.jpg 1200w, https:\/\/centcols.org\/wp-content\/uploads\/2025\/10\/Thonon-Trieste-FS_etape11-10-768x513.jpg 768w, https:\/\/centcols.org\/wp-content\/uploads\/2025\/10\/Thonon-Trieste-FS_etape11-10-18x12.jpg 18w\" sizes=\"auto, (max-width: 1200px) 100vw, 1200px\" \/><\/figure>\n\n\n\n<h5 class=\"wp-block-heading\"><a href=\"https:\/\/centcols.org\/it\/thonon-trieste-fred-singla-2025\/12\/\" target=\"_blank\" rel=\"noreferrer noopener\"><em>11\u00b0 giorno: da Tarcento a <\/em>Trieste<\/a><\/h5>\n<\/div>\n\n\n\n<div class=\"wp-block-column is-layout-flow wp-block-column-is-layout-flow\">\n<figure class=\"wp-block-image size-full img-angles-carres\"><img loading=\"lazy\" decoding=\"async\" width=\"1200\" height=\"802\" src=\"https:\/\/centcols.org\/wp-content\/uploads\/2025\/10\/Thonon-Trieste-FS_etape12-09.jpg\" alt=\"\" class=\"wp-image-91713\" srcset=\"https:\/\/centcols.org\/wp-content\/uploads\/2025\/10\/Thonon-Trieste-FS_etape12-09.jpg 1200w, https:\/\/centcols.org\/wp-content\/uploads\/2025\/10\/Thonon-Trieste-FS_etape12-09-768x513.jpg 768w, https:\/\/centcols.org\/wp-content\/uploads\/2025\/10\/Thonon-Trieste-FS_etape12-09-18x12.jpg 18w\" sizes=\"auto, (max-width: 1200px) 100vw, 1200px\" \/><\/figure>\n\n\n\n<h5 class=\"wp-block-heading\"><em><a href=\"https:\/\/centcols.org\/it\/thonon-trieste-fred-singla-2025\/13\/\" target=\"_blank\" rel=\"noreferrer noopener\">12\u00b0 giorno: ciclismo in Slovenia e visita di Trieste<\/a><\/em><\/h5>\n<\/div>\n<\/div>\n<\/div><\/div>\n\n\n\n<h2 class=\"wp-block-heading\">Il prologo<\/h2>\n\n\n\n<p><em>Sabato 23 agosto :<\/em><\/p>\n\n\n\n<p>Ci siamo, siamo a Thonon-les-Bains! Dopo essere stata rimandata per diversi anni, l'avventura pu\u00f2 iniziare \ud83d\ude0a. Tra qualche giorno dovremmo essere a Trieste dopo aver attraversato l'arco alpino e affrontato i principali passi delle Alpi. Eccoci qui, Bruno (cc 7753) e io, ai piedi della parete e Jean-Marc al volante del Partner.<\/p>\n\n\n\n<p>Io e Jean-Marc ci conosciamo dai tempi dell'universit\u00e0. Sono 42 anni. Abbiamo visto nascere i nostri figli. Ho perso il conto dei pasti che abbiamo consumato insieme, delle feste di Capodanno e delle altre ricorrenze che abbiamo condiviso. Le nostre due coppie sono gi\u00e0 andate in vacanza insieme. Per quanto riguarda Bruno, sono passati pi\u00f9 di 25 anni da quando ci siamo conosciuti e siamo diventati amici. Ha partecipato spesso alle feste di Capodanno e alle altre cene di cui sopra. E ho perso il conto del numero di gite in bicicletta che abbiamo condiviso. Nel 2013 mi ha accompagnato in un viaggio in bicicletta in Marocco. E nel 2019 per un viaggio, sempre in bicicletta, in Colorado. \u00c8 stato dopo questo viaggio che Bruno si \u00e8 unito alla nostra grande fratellanza. Per quanto mi riguarda, sono membro dal 2000. E negli ultimi anni ho partecipato a molti viaggi CCC. La maggior parte di essi in compagnia di Bruno. E alcuni di voi mi conosceranno per il Rassemblement Pyr\u00e9n\u00e9en Bernardini, che organizzo per voi da alcuni anni.<\/p>\n\n\n\n<p>Quindi non ho assolutamente dubbi che il nostro piccolo gruppo dovrebbe funzionare bene (e ovviamente lo far\u00e0!). Questo \u00e8 tutto per la presentazione della nostra squadra. Passiamo all'attrezzatura.<br><br>Avevo programmato di partire con la mia gravel bike (che ha gli sviluppi giusti e una posizione molto comoda). Un problema tecnico a uno degli ingranaggi mi ha impedito di prenderla. Era impossibile ottenere il pezzo prima della partenza. Per quanto riguarda la Roubaix, i suoi sviluppi non mi avrebbero permesso di completare le salite difficili previste.<br>. Cos\u00ec ho dovuto acquistare una nuova moto con urgenza. Di fretta? Non proprio, perch\u00e9 avevo gi\u00e0 iniziato a guardare i modelli qualche settimana fa. La Roubaix stava iniziando a consumarsi dopo 15 anni e quasi 160.000 euro.<br>km ... (Se vuoi uccidere il tuo cane, accusalo di rabbia \ud83d\ude09 ).<br><br>Questa salita di 1300 chilometri e 25.000 metri sar\u00e0 una buona galoppata di riscaldamento per la nuova bicicletta: Orbea Orca M30, per gli addetti ai lavori.<\/p>\n\n\n<div class=\"wp-block-image\">\n<figure class=\"aligncenter size-full is-resized\"><img loading=\"lazy\" decoding=\"async\" width=\"1200\" height=\"554\" src=\"https:\/\/centcols.org\/wp-content\/uploads\/2025\/10\/Orbea-Orca-M30r.jpg\" alt=\"\" class=\"wp-image-91197\" style=\"width:800px\" srcset=\"https:\/\/centcols.org\/wp-content\/uploads\/2025\/10\/Orbea-Orca-M30r.jpg 1200w, https:\/\/centcols.org\/wp-content\/uploads\/2025\/10\/Orbea-Orca-M30r-768x355.jpg 768w, https:\/\/centcols.org\/wp-content\/uploads\/2025\/10\/Orbea-Orca-M30r-18x8.jpg 18w\" sizes=\"auto, (max-width: 1200px) 100vw, 1200px\" \/><figcaption class=\"wp-element-caption\">Ecco la bestia. E posso dire, col senno di poi, che ha svolto egregiamente il suo ruolo!<\/figcaption><\/figure>\n<\/div>\n\n\n<div class=\"wp-block-buttons is-content-justification-right is-layout-flex wp-container-core-buttons-is-layout-765c4724 wp-block-buttons-is-layout-flex\">\n<div class=\"wp-block-button\"><a class=\"wp-block-button__link has-text-color has-background has-link-color wp-element-button\" href=\"https:\/\/centcols.org\/it\/thonon-trieste-fred-singla-2025\/2\/\" style=\"color:#2a488c;background-color:#88f2fd;text-transform:uppercase\"><strong>Primo<\/strong> <strong>Passo <\/strong><\/a><\/div>\n<\/div>\n\n\n\n<!--nextpage-->\n\n\n\n<h2 class=\"wp-block-heading\"><em> Giorno 1: Thonon-les-Bains a Brig (Svizzera)<\/em><\/h2>\n\n\n\n<p>169 km - 1700 m di dislivello, 1 valico<\/p>\n\n\n\n<p>Un rapido sguardo al lago di Ginevra e si parte per Thonon-les-Bains. Partiamo per un lungo viaggio.<\/p>\n\n\n<div class=\"wp-block-image\">\n<figure class=\"aligncenter size-full\"><a href=\"https:\/\/centcols.org\/wp-content\/uploads\/2025\/10\/Thonon-Trieste-FS_etape01-01.jpg\"><img loading=\"lazy\" decoding=\"async\" width=\"1176\" height=\"785\" src=\"https:\/\/centcols.org\/wp-content\/uploads\/2025\/10\/Thonon-Trieste-FS_etape01-01.jpg\" alt=\"\" class=\"wp-image-91163\" srcset=\"https:\/\/centcols.org\/wp-content\/uploads\/2025\/10\/Thonon-Trieste-FS_etape01-01.jpg 1176w, https:\/\/centcols.org\/wp-content\/uploads\/2025\/10\/Thonon-Trieste-FS_etape01-01-768x513.jpg 768w, https:\/\/centcols.org\/wp-content\/uploads\/2025\/10\/Thonon-Trieste-FS_etape01-01-18x12.jpg 18w\" sizes=\"auto, (max-width: 1176px) 100vw, 1176px\" \/><\/a><figcaption class=\"wp-element-caption\">Lago di Ginevra<\/figcaption><\/figure>\n<\/div>\n\n\n<p>Dopo 15 km, ci imbattiamo in una strada chiusa - e chiusa era - a causa di lavori stradali. La deviazione proposta \u00e8 molto lunga e decidiamo di proseguire.<br>Meno male che \u00e8 domenica, perch\u00e9 gli operai non ci avrebbero mai fatto passare...<br>Liberano il dirupo che sovrasta la strada su cui si trova Bruno. Superiamo l'ostacolo e molto rapidamente... non c'\u00e8 pi\u00f9 strada!<\/p>\n\n\n\n<p>Dopodich\u00e9, dovremo affrontare non meno di due portali. \u00c8 di fronte alle avversit\u00e0 che il detto \"l'unione fa la forza\" trova la sua ragion d'essere. In effetti, questi ostacoli sarebbero stati quasi impossibili da superare per una sola persona.<\/p>\n\n\n\n<figure class=\"wp-block-gallery has-nested-images columns-default is-cropped wp-block-gallery-1 is-layout-flex wp-block-gallery-is-layout-flex\">\n<figure class=\"wp-block-image size-large\"><a href=\"https:\/\/centcols.org\/wp-content\/uploads\/2025\/10\/Thonon-Trieste-FS_etape01-02.jpg\"><img loading=\"lazy\" decoding=\"async\" width=\"1176\" height=\"785\" data-id=\"91164\" src=\"https:\/\/centcols.org\/wp-content\/uploads\/2025\/10\/Thonon-Trieste-FS_etape01-02.jpg\" alt=\"\" class=\"wp-image-91164\" srcset=\"https:\/\/centcols.org\/wp-content\/uploads\/2025\/10\/Thonon-Trieste-FS_etape01-02.jpg 1176w, https:\/\/centcols.org\/wp-content\/uploads\/2025\/10\/Thonon-Trieste-FS_etape01-02-768x513.jpg 768w, https:\/\/centcols.org\/wp-content\/uploads\/2025\/10\/Thonon-Trieste-FS_etape01-02-18x12.jpg 18w\" sizes=\"auto, (max-width: 1176px) 100vw, 1176px\" \/><\/a><\/figure>\n\n\n\n<figure class=\"wp-block-image size-large\"><a href=\"https:\/\/centcols.org\/wp-content\/uploads\/2025\/10\/Thonon-Trieste-FS_etape01-03.jpg\"><img loading=\"lazy\" decoding=\"async\" width=\"1176\" height=\"785\" data-id=\"91165\" src=\"https:\/\/centcols.org\/wp-content\/uploads\/2025\/10\/Thonon-Trieste-FS_etape01-03.jpg\" alt=\"\" class=\"wp-image-91165\" srcset=\"https:\/\/centcols.org\/wp-content\/uploads\/2025\/10\/Thonon-Trieste-FS_etape01-03.jpg 1176w, https:\/\/centcols.org\/wp-content\/uploads\/2025\/10\/Thonon-Trieste-FS_etape01-03-768x513.jpg 768w, https:\/\/centcols.org\/wp-content\/uploads\/2025\/10\/Thonon-Trieste-FS_etape01-03-18x12.jpg 18w\" sizes=\"auto, (max-width: 1176px) 100vw, 1176px\" \/><\/a><\/figure>\n<\/figure>\n\n\n\n<p>Abbiamo poi attraversato Abondance e Ch\u00e2tel. Ch\u00e2tel ha avuto il piacere di ospitare il Tour de France femminile qualche settimana prima.<br>Una salita dopo, arriviamo al Pas de Morgins o Col d'Abondance, che segna il confine. Abbiamo attraversato la Svizzera e siamo nel Vallese.<br>Il passo \u00e8 il primo del nostro viaggio. Ci siamo fermati l\u00ec per un po' per ammirare la splendida vista su Ch\u00e2tel.<\/p>\n\n\n\n<figure class=\"wp-block-gallery aligncenter has-nested-images columns-default is-cropped wp-block-gallery-2 is-layout-flex wp-block-gallery-is-layout-flex\">\n<figure class=\"wp-block-image size-full\"><a href=\"https:\/\/centcols.org\/wp-content\/uploads\/2025\/10\/Thonon-Trieste-FS_etape01-05a.jpg\"><img loading=\"lazy\" decoding=\"async\" width=\"942\" height=\"1246\" data-id=\"91384\" src=\"https:\/\/centcols.org\/wp-content\/uploads\/2025\/10\/Thonon-Trieste-FS_etape01-05a.jpg\" alt=\"\" class=\"wp-image-91384\" srcset=\"https:\/\/centcols.org\/wp-content\/uploads\/2025\/10\/Thonon-Trieste-FS_etape01-05a.jpg 942w, https:\/\/centcols.org\/wp-content\/uploads\/2025\/10\/Thonon-Trieste-FS_etape01-05a-907x1200.jpg 907w, https:\/\/centcols.org\/wp-content\/uploads\/2025\/10\/Thonon-Trieste-FS_etape01-05a-768x1016.jpg 768w, https:\/\/centcols.org\/wp-content\/uploads\/2025\/10\/Thonon-Trieste-FS_etape01-05a-9x12.jpg 9w\" sizes=\"auto, (max-width: 942px) 100vw, 942px\" \/><\/a><figcaption class=\"wp-element-caption\">Fred<\/figcaption><\/figure>\n\n\n\n<figure class=\"wp-block-image size-full\"><a href=\"https:\/\/centcols.org\/wp-content\/uploads\/2025\/10\/Thonon-Trieste-FS_etape01-05.jpg\"><img loading=\"lazy\" decoding=\"async\" width=\"847\" height=\"1115\" data-id=\"91383\" src=\"https:\/\/centcols.org\/wp-content\/uploads\/2025\/10\/Thonon-Trieste-FS_etape01-05.jpg\" alt=\"\" class=\"wp-image-91383\" srcset=\"https:\/\/centcols.org\/wp-content\/uploads\/2025\/10\/Thonon-Trieste-FS_etape01-05.jpg 847w, https:\/\/centcols.org\/wp-content\/uploads\/2025\/10\/Thonon-Trieste-FS_etape01-05-768x1011.jpg 768w, https:\/\/centcols.org\/wp-content\/uploads\/2025\/10\/Thonon-Trieste-FS_etape01-05-9x12.jpg 9w\" sizes=\"auto, (max-width: 847px) 100vw, 847px\" \/><\/a><figcaption class=\"wp-element-caption\">Bruno e Jean-Marc<\/figcaption><\/figure>\n<figcaption class=\"blocks-gallery-caption wp-element-caption\">La bella squadra al primo passaggio del viaggio<\/figcaption><\/figure>\n\n\n\n<p>Segue una magnifica discesa in un'ampia valle piena di frutteti.<br>Una pista ciclabile garantisce una sicurezza quasi costante. Passa ai piedi della cascata, poeticamente chiamata Pissevaches.&nbsp;<br>Il Rodano, che viene attraversato pi\u00f9 volte, ha il colore della neve che si scioglie.<br>Intorno a Sion, i frutteti lasciano il posto a magnifici vigneti su ripide colline.<\/p>\n\n\n\n<figure class=\"wp-block-gallery has-nested-images columns-default is-cropped wp-block-gallery-3 is-layout-flex wp-block-gallery-is-layout-flex\">\n<figure class=\"wp-block-image size-large\"><a href=\"https:\/\/centcols.org\/wp-content\/uploads\/2025\/10\/Thonon-Trieste-FS_etape01-04.jpg\"><img loading=\"lazy\" decoding=\"async\" width=\"1176\" height=\"785\" data-id=\"91167\" src=\"https:\/\/centcols.org\/wp-content\/uploads\/2025\/10\/Thonon-Trieste-FS_etape01-04.jpg\" alt=\"\" class=\"wp-image-91167\" srcset=\"https:\/\/centcols.org\/wp-content\/uploads\/2025\/10\/Thonon-Trieste-FS_etape01-04.jpg 1176w, https:\/\/centcols.org\/wp-content\/uploads\/2025\/10\/Thonon-Trieste-FS_etape01-04-768x513.jpg 768w, https:\/\/centcols.org\/wp-content\/uploads\/2025\/10\/Thonon-Trieste-FS_etape01-04-18x12.jpg 18w\" sizes=\"auto, (max-width: 1176px) 100vw, 1176px\" \/><\/a><figcaption class=\"wp-element-caption\">Ch\u00e2tel dal colle di Morgins<\/figcaption><\/figure>\n\n\n\n<figure class=\"wp-block-image size-large\"><a href=\"https:\/\/centcols.org\/wp-content\/uploads\/2025\/10\/Thonon-Trieste-FS_etape01-06.jpg\"><img loading=\"lazy\" decoding=\"async\" width=\"1176\" height=\"785\" data-id=\"91169\" src=\"https:\/\/centcols.org\/wp-content\/uploads\/2025\/10\/Thonon-Trieste-FS_etape01-06.jpg\" alt=\"\" class=\"wp-image-91169\" srcset=\"https:\/\/centcols.org\/wp-content\/uploads\/2025\/10\/Thonon-Trieste-FS_etape01-06.jpg 1176w, https:\/\/centcols.org\/wp-content\/uploads\/2025\/10\/Thonon-Trieste-FS_etape01-06-768x513.jpg 768w, https:\/\/centcols.org\/wp-content\/uploads\/2025\/10\/Thonon-Trieste-FS_etape01-06-18x12.jpg 18w\" sizes=\"auto, (max-width: 1176px) 100vw, 1176px\" \/><\/a><figcaption class=\"wp-element-caption\">Attraversamento del Rodano a Riddes (Svizzera)<\/figcaption><\/figure>\n\n\n\n<figure class=\"wp-block-image size-large\"><a href=\"https:\/\/centcols.org\/wp-content\/uploads\/2025\/10\/Thonon-Trieste-FS_etape01-07.jpg\"><img loading=\"lazy\" decoding=\"async\" width=\"1176\" height=\"785\" data-id=\"91168\" src=\"https:\/\/centcols.org\/wp-content\/uploads\/2025\/10\/Thonon-Trieste-FS_etape01-07.jpg\" alt=\"\" class=\"wp-image-91168\" srcset=\"https:\/\/centcols.org\/wp-content\/uploads\/2025\/10\/Thonon-Trieste-FS_etape01-07.jpg 1176w, https:\/\/centcols.org\/wp-content\/uploads\/2025\/10\/Thonon-Trieste-FS_etape01-07-768x513.jpg 768w, https:\/\/centcols.org\/wp-content\/uploads\/2025\/10\/Thonon-Trieste-FS_etape01-07-18x12.jpg 18w\" sizes=\"auto, (max-width: 1176px) 100vw, 1176px\" \/><\/a><figcaption class=\"wp-element-caption\">Vigneto di Sion.<\/figcaption><\/figure>\n\n\n\n<figure class=\"wp-block-image size-large\"><a href=\"https:\/\/centcols.org\/wp-content\/uploads\/2025\/10\/Thonon-Trieste-FS_etape01-08.jpg\"><img loading=\"lazy\" decoding=\"async\" width=\"1176\" height=\"785\" data-id=\"91166\" src=\"https:\/\/centcols.org\/wp-content\/uploads\/2025\/10\/Thonon-Trieste-FS_etape01-08.jpg\" alt=\"\" class=\"wp-image-91166\" srcset=\"https:\/\/centcols.org\/wp-content\/uploads\/2025\/10\/Thonon-Trieste-FS_etape01-08.jpg 1176w, https:\/\/centcols.org\/wp-content\/uploads\/2025\/10\/Thonon-Trieste-FS_etape01-08-768x513.jpg 768w, https:\/\/centcols.org\/wp-content\/uploads\/2025\/10\/Thonon-Trieste-FS_etape01-08-18x12.jpg 18w\" sizes=\"auto, (max-width: 1176px) 100vw, 1176px\" \/><\/a><figcaption class=\"wp-element-caption\">Vigneto di Sion<\/figcaption><\/figure>\n<\/figure>\n\n\n\n<p>Arriviamo a Brig dopo 169 km, D 1700 e un passo.<br><br>Brig, dove non ci sono pi\u00f9 strade ma stra\u00dfe. In effetti, siamo scivolati per diversi chilometri dalla parte francofona a quella tedesca.<br>Le stesse pubblicit\u00e0 che abbiamo visto in francese a Monthey, Martigny o Sion ora sono in tedesco. Cos\u00ec come i cognomi, i nomi dei villaggi e delle aziende. E la gente non parla pi\u00f9 francese...<\/p>\n\n\n<div class=\"wp-block-image\">\n<figure class=\"aligncenter size-full\"><a href=\"https:\/\/centcols.org\/wp-content\/uploads\/2025\/10\/Thonon-Trieste-FS_etape01-09.jpg\"><img loading=\"lazy\" decoding=\"async\" width=\"1176\" height=\"785\" src=\"https:\/\/centcols.org\/wp-content\/uploads\/2025\/10\/Thonon-Trieste-FS_etape01-09.jpg\" alt=\"\" class=\"wp-image-91170\" srcset=\"https:\/\/centcols.org\/wp-content\/uploads\/2025\/10\/Thonon-Trieste-FS_etape01-09.jpg 1176w, https:\/\/centcols.org\/wp-content\/uploads\/2025\/10\/Thonon-Trieste-FS_etape01-09-768x513.jpg 768w, https:\/\/centcols.org\/wp-content\/uploads\/2025\/10\/Thonon-Trieste-FS_etape01-09-18x12.jpg 18w\" sizes=\"auto, (max-width: 1176px) 100vw, 1176px\" \/><\/a><\/figure>\n<\/div>\n\n\n<p>Domani iniziano i grandi colli.<\/p>\n\n\n\n<div class=\"wp-block-buttons is-content-justification-space-between is-layout-flex wp-container-core-buttons-is-layout-3d213aab wp-block-buttons-is-layout-flex\">\n<div class=\"wp-block-button\"><a class=\"wp-block-button__link has-text-color has-background has-link-color wp-element-button\" href=\"https:\/\/centcols.org\/it\/thonon-trieste-fred-singla-2025\/\" style=\"color:#2a488c;background-color:#88f2fd;text-transform:uppercase\"><strong>Prologo<\/strong><\/a><\/div>\n\n\n\n<div class=\"wp-block-button\"><a class=\"wp-block-button__link has-text-color has-background has-link-color wp-element-button\" href=\"https:\/\/centcols.org\/it\/thonon-trieste-fred-singla-2025\/3\/\" style=\"color:#2a488c;background-color:#88f2fd;text-transform:uppercase\"><strong>Passo successivo<\/strong><\/a><\/div>\n<\/div>\n\n\n\n<!--nextpage-->\n\n\n\n<h2 class=\"wp-block-heading\"><em> Giorno 2: da Brig (Svizzera)<\/em> a Verbania (Italia)<\/h2>\n\n\n\n<p>100 km - 1500 m di den+, 1 passaggio &gt;2000<\/p>\n\n\n<div class=\"wp-block-image\">\n<figure class=\"aligncenter size-full is-resized\"><a href=\"https:\/\/centcols.org\/wp-content\/uploads\/2025\/10\/Thonon-Trieste-FS_etape02-01.jpg\"><img loading=\"lazy\" decoding=\"async\" width=\"1176\" height=\"785\" src=\"https:\/\/centcols.org\/wp-content\/uploads\/2025\/10\/Thonon-Trieste-FS_etape02-01.jpg\" alt=\"\" class=\"wp-image-91214\" style=\"width:800px\" srcset=\"https:\/\/centcols.org\/wp-content\/uploads\/2025\/10\/Thonon-Trieste-FS_etape02-01.jpg 1176w, https:\/\/centcols.org\/wp-content\/uploads\/2025\/10\/Thonon-Trieste-FS_etape02-01-768x513.jpg 768w, https:\/\/centcols.org\/wp-content\/uploads\/2025\/10\/Thonon-Trieste-FS_etape02-01-18x12.jpg 18w\" sizes=\"auto, (max-width: 1176px) 100vw, 1176px\" \/><\/a><figcaption class=\"wp-element-caption\">Bellissimo fienile su palafitte a Ried-Brig<\/figcaption><\/figure>\n<\/div>\n\n\n<p>Non c'\u00e8 riscaldamento quando lasciamo l'hotel. E per una buona ragione: \u00e8 ai piedi del passo! Partiamo di corsa.<br>Si inizia con 7 km senza traffico sulla vecchia strada che attraversa Ried. La salita offre una splendida vista sulla strada che percorreremo successivamente.  \u00c8 su palafitte e sembra aggrappata alla montagna. <\/p>\n\n\n<div class=\"wp-block-image\">\n<figure class=\"aligncenter size-full\"><a href=\"https:\/\/centcols.org\/wp-content\/uploads\/2025\/10\/Thonon-Trieste-FS_etape02-02.jpg\"><img loading=\"lazy\" decoding=\"async\" width=\"1176\" height=\"785\" src=\"https:\/\/centcols.org\/wp-content\/uploads\/2025\/10\/Thonon-Trieste-FS_etape02-02.jpg\" alt=\"\" class=\"wp-image-91215\" srcset=\"https:\/\/centcols.org\/wp-content\/uploads\/2025\/10\/Thonon-Trieste-FS_etape02-02.jpg 1176w, https:\/\/centcols.org\/wp-content\/uploads\/2025\/10\/Thonon-Trieste-FS_etape02-02-768x513.jpg 768w, https:\/\/centcols.org\/wp-content\/uploads\/2025\/10\/Thonon-Trieste-FS_etape02-02-18x12.jpg 18w\" sizes=\"auto, (max-width: 1176px) 100vw, 1176px\" \/><\/a><figcaption class=\"wp-element-caption\">Durante la salita, una vista su Briga, che sta rapidamente scomparendo in lontananza.<\/figcaption><\/figure>\n<\/div>\n\n\n<p>Al km 7 ci si ricongiunge alla strada principale. Nonostante il tunnel del Sempione, c'\u00e8 ancora molto traffico, ma per altri 5 o 6 km \u00e8 tutto ok. Poi si arriva alle numerose e lunghe paravalanghe, dove il traffico \u00e8 aumentato a causa dell'ora e il rumore \u00e8 infernale!<br>Il viaggio \u00e8 lungo, ma abbiamo avuto il tempo di goderci le belle frazioni e le cime circostanti.<\/p>\n\n\n\n<figure class=\"wp-block-gallery has-nested-images columns-default is-cropped wp-block-gallery-4 is-layout-flex wp-block-gallery-is-layout-flex\">\n<figure class=\"wp-block-image size-large\"><a href=\"https:\/\/centcols.org\/wp-content\/uploads\/2025\/10\/Thonon-Trieste-FS_etape02-04.jpg\"><img loading=\"lazy\" decoding=\"async\" width=\"1176\" height=\"543\" data-id=\"91218\" src=\"https:\/\/centcols.org\/wp-content\/uploads\/2025\/10\/Thonon-Trieste-FS_etape02-04.jpg\" alt=\"\" class=\"wp-image-91218\" srcset=\"https:\/\/centcols.org\/wp-content\/uploads\/2025\/10\/Thonon-Trieste-FS_etape02-04.jpg 1176w, https:\/\/centcols.org\/wp-content\/uploads\/2025\/10\/Thonon-Trieste-FS_etape02-04-768x355.jpg 768w, https:\/\/centcols.org\/wp-content\/uploads\/2025\/10\/Thonon-Trieste-FS_etape02-04-18x8.jpg 18w\" sizes=\"auto, (max-width: 1176px) 100vw, 1176px\" \/><\/a><\/figure>\n\n\n\n<figure class=\"wp-block-image size-large\"><a href=\"https:\/\/centcols.org\/wp-content\/uploads\/2025\/10\/Thonon-Trieste-FS_etape02-03.jpg\"><img loading=\"lazy\" decoding=\"async\" width=\"1176\" height=\"785\" data-id=\"91217\" src=\"https:\/\/centcols.org\/wp-content\/uploads\/2025\/10\/Thonon-Trieste-FS_etape02-03.jpg\" alt=\"\" class=\"wp-image-91217\" srcset=\"https:\/\/centcols.org\/wp-content\/uploads\/2025\/10\/Thonon-Trieste-FS_etape02-03.jpg 1176w, https:\/\/centcols.org\/wp-content\/uploads\/2025\/10\/Thonon-Trieste-FS_etape02-03-768x513.jpg 768w, https:\/\/centcols.org\/wp-content\/uploads\/2025\/10\/Thonon-Trieste-FS_etape02-03-18x12.jpg 18w\" sizes=\"auto, (max-width: 1176px) 100vw, 1176px\" \/><\/a><\/figure>\n<\/figure>\n\n\n\n<p>Infine, si raggiunge il Simplonpass, con la sua aquila alta 9 metri. Costruita dopo la Seconda Guerra Mondiale, simboleggia il coraggio delle \"Brigate della Libert\u00e0\".<\/p>\n\n\n\n<figure class=\"wp-block-gallery has-nested-images columns-2 is-cropped wp-block-gallery-5 is-layout-flex wp-block-gallery-is-layout-flex\">\n<figure class=\"wp-block-image size-large\"><a href=\"https:\/\/centcols.org\/wp-content\/uploads\/2025\/10\/Thonon-Trieste-FS_etape02-05.jpg\"><img loading=\"lazy\" decoding=\"async\" width=\"900\" height=\"1121\" data-id=\"91221\" src=\"https:\/\/centcols.org\/wp-content\/uploads\/2025\/10\/Thonon-Trieste-FS_etape02-05.jpg\" alt=\"\" class=\"wp-image-91221\" srcset=\"https:\/\/centcols.org\/wp-content\/uploads\/2025\/10\/Thonon-Trieste-FS_etape02-05.jpg 900w, https:\/\/centcols.org\/wp-content\/uploads\/2025\/10\/Thonon-Trieste-FS_etape02-05-768x957.jpg 768w, https:\/\/centcols.org\/wp-content\/uploads\/2025\/10\/Thonon-Trieste-FS_etape02-05-10x12.jpg 10w\" sizes=\"auto, (max-width: 900px) 100vw, 900px\" \/><\/a><\/figure>\n\n\n\n<figure class=\"wp-block-image size-large\"><a href=\"https:\/\/centcols.org\/wp-content\/uploads\/2025\/10\/Thonon-Trieste-FS_etape02-06.jpg\"><img loading=\"lazy\" decoding=\"async\" width=\"785\" height=\"1121\" data-id=\"91223\" src=\"https:\/\/centcols.org\/wp-content\/uploads\/2025\/10\/Thonon-Trieste-FS_etape02-06.jpg\" alt=\"\" class=\"wp-image-91223\" srcset=\"https:\/\/centcols.org\/wp-content\/uploads\/2025\/10\/Thonon-Trieste-FS_etape02-06.jpg 785w, https:\/\/centcols.org\/wp-content\/uploads\/2025\/10\/Thonon-Trieste-FS_etape02-06-768x1097.jpg 768w, https:\/\/centcols.org\/wp-content\/uploads\/2025\/10\/Thonon-Trieste-FS_etape02-06-8x12.jpg 8w\" sizes=\"auto, (max-width: 785px) 100vw, 785px\" \/><\/a><\/figure>\n\n\n\n<figure class=\"wp-block-image size-large\"><a href=\"https:\/\/centcols.org\/wp-content\/uploads\/2025\/10\/Thonon-Trieste-FS_etape02-07.jpg\"><img loading=\"lazy\" decoding=\"async\" width=\"1176\" height=\"785\" data-id=\"91219\" src=\"https:\/\/centcols.org\/wp-content\/uploads\/2025\/10\/Thonon-Trieste-FS_etape02-07.jpg\" alt=\"\" class=\"wp-image-91219\" srcset=\"https:\/\/centcols.org\/wp-content\/uploads\/2025\/10\/Thonon-Trieste-FS_etape02-07.jpg 1176w, https:\/\/centcols.org\/wp-content\/uploads\/2025\/10\/Thonon-Trieste-FS_etape02-07-768x513.jpg 768w, https:\/\/centcols.org\/wp-content\/uploads\/2025\/10\/Thonon-Trieste-FS_etape02-07-18x12.jpg 18w\" sizes=\"auto, (max-width: 1176px) 100vw, 1176px\" \/><\/a><\/figure>\n\n\n\n<figure class=\"wp-block-image size-large\"><a href=\"https:\/\/centcols.org\/wp-content\/uploads\/2025\/10\/Thonon-Trieste-FS_etape02-08.jpg\"><img loading=\"lazy\" decoding=\"async\" width=\"1130\" height=\"753\" data-id=\"91224\" src=\"https:\/\/centcols.org\/wp-content\/uploads\/2025\/10\/Thonon-Trieste-FS_etape02-08.jpg\" alt=\"\" class=\"wp-image-91224\" srcset=\"https:\/\/centcols.org\/wp-content\/uploads\/2025\/10\/Thonon-Trieste-FS_etape02-08.jpg 1130w, https:\/\/centcols.org\/wp-content\/uploads\/2025\/10\/Thonon-Trieste-FS_etape02-08-768x512.jpg 768w, https:\/\/centcols.org\/wp-content\/uploads\/2025\/10\/Thonon-Trieste-FS_etape02-08-18x12.jpg 18w\" sizes=\"auto, (max-width: 1130px) 100vw, 1130px\" \/><\/a><figcaption class=\"wp-element-caption\">Ospizio del Sempione<\/figcaption><\/figure>\n<\/figure>\n\n\n\n<p>La discesa comprende tante paravalanghe quanto la salita, e anche di pi\u00f9 perch\u00e9 \u00e8 pi\u00f9 lunga. Ancora alcuni bei villaggi, poco prima di rientrare in Italia.<\/p>\n\n\n<div class=\"wp-block-image\">\n<figure class=\"aligncenter size-full\"><a href=\"https:\/\/centcols.org\/wp-content\/uploads\/2025\/10\/Thonon-Trieste-FS_etape02-09.jpg\"><img loading=\"lazy\" decoding=\"async\" width=\"1176\" height=\"785\" src=\"https:\/\/centcols.org\/wp-content\/uploads\/2025\/10\/Thonon-Trieste-FS_etape02-09.jpg\" alt=\"\" class=\"wp-image-91227\" srcset=\"https:\/\/centcols.org\/wp-content\/uploads\/2025\/10\/Thonon-Trieste-FS_etape02-09.jpg 1176w, https:\/\/centcols.org\/wp-content\/uploads\/2025\/10\/Thonon-Trieste-FS_etape02-09-768x513.jpg 768w, https:\/\/centcols.org\/wp-content\/uploads\/2025\/10\/Thonon-Trieste-FS_etape02-09-18x12.jpg 18w\" sizes=\"auto, (max-width: 1176px) 100vw, 1176px\" \/><\/a><figcaption class=\"wp-element-caption\">Simplon Dorf (Svizzera)<\/figcaption><\/figure>\n<\/div>\n\n\n<p>A Domodossola, incontriamo Jean-Marc davanti alla bella stazione. Ci fermiamo per il pranzo in un'accogliente trattoria. Abbiamo poi una quarantina di km da percorrere, per lo pi\u00f9 in linea retta e con un vento abbastanza forte e ovviamente sfavorevole.<br>Dopo aver attraversato il Toce, lo seguiamo a lungo. Tutto questo ci porta ai margini del Lago Maggiore, dove si trova il nostro hotel.<\/p>\n\n\n\n<figure class=\"wp-block-gallery has-nested-images columns-default is-cropped wp-block-gallery-6 is-layout-flex wp-block-gallery-is-layout-flex\">\n<figure class=\"wp-block-image size-large\"><a href=\"https:\/\/centcols.org\/wp-content\/uploads\/2025\/10\/Thonon-Trieste-FS_etape02-10.jpg\"><img loading=\"lazy\" decoding=\"async\" width=\"1176\" height=\"785\" data-id=\"91229\" src=\"https:\/\/centcols.org\/wp-content\/uploads\/2025\/10\/Thonon-Trieste-FS_etape02-10.jpg\" alt=\"\" class=\"wp-image-91229\" srcset=\"https:\/\/centcols.org\/wp-content\/uploads\/2025\/10\/Thonon-Trieste-FS_etape02-10.jpg 1176w, https:\/\/centcols.org\/wp-content\/uploads\/2025\/10\/Thonon-Trieste-FS_etape02-10-768x513.jpg 768w, https:\/\/centcols.org\/wp-content\/uploads\/2025\/10\/Thonon-Trieste-FS_etape02-10-18x12.jpg 18w\" sizes=\"auto, (max-width: 1176px) 100vw, 1176px\" \/><\/a><figcaption class=\"wp-element-caption\">le Toce<\/figcaption><\/figure>\n\n\n\n<figure class=\"wp-block-image size-large\"><a href=\"https:\/\/centcols.org\/wp-content\/uploads\/2025\/10\/Thonon-Trieste-FS_etape02-11.jpg\"><img loading=\"lazy\" decoding=\"async\" width=\"1176\" height=\"785\" data-id=\"91228\" src=\"https:\/\/centcols.org\/wp-content\/uploads\/2025\/10\/Thonon-Trieste-FS_etape02-11.jpg\" alt=\"\" class=\"wp-image-91228\" srcset=\"https:\/\/centcols.org\/wp-content\/uploads\/2025\/10\/Thonon-Trieste-FS_etape02-11.jpg 1176w, https:\/\/centcols.org\/wp-content\/uploads\/2025\/10\/Thonon-Trieste-FS_etape02-11-768x513.jpg 768w, https:\/\/centcols.org\/wp-content\/uploads\/2025\/10\/Thonon-Trieste-FS_etape02-11-18x12.jpg 18w\" sizes=\"auto, (max-width: 1176px) 100vw, 1176px\" \/><\/a><figcaption class=\"wp-element-caption\">Verbania, sulle rive del Lago Maggiore<\/figcaption><\/figure>\n<\/figure>\n\n\n\n<p>Dopo esserci sistemati, facciamo una breve passeggiata lungo la riva del lago.<\/p>\n\n\n\n<figure class=\"wp-block-gallery has-nested-images columns-default is-cropped wp-block-gallery-7 is-layout-flex wp-block-gallery-is-layout-flex\">\n<figure class=\"wp-block-image size-large\"><a href=\"https:\/\/centcols.org\/wp-content\/uploads\/2025\/10\/Thonon-Trieste-FS_etape02-12.jpg\"><img loading=\"lazy\" decoding=\"async\" width=\"1176\" height=\"1049\" data-id=\"91389\" src=\"https:\/\/centcols.org\/wp-content\/uploads\/2025\/10\/Thonon-Trieste-FS_etape02-12.jpg\" alt=\"\" class=\"wp-image-91389\" srcset=\"https:\/\/centcols.org\/wp-content\/uploads\/2025\/10\/Thonon-Trieste-FS_etape02-12.jpg 1176w, https:\/\/centcols.org\/wp-content\/uploads\/2025\/10\/Thonon-Trieste-FS_etape02-12-768x685.jpg 768w, https:\/\/centcols.org\/wp-content\/uploads\/2025\/10\/Thonon-Trieste-FS_etape02-12-13x12.jpg 13w\" sizes=\"auto, (max-width: 1176px) 100vw, 1176px\" \/><\/a><\/figure>\n\n\n\n<figure class=\"wp-block-image size-large\"><a href=\"https:\/\/centcols.org\/wp-content\/uploads\/2025\/10\/Thonon-Trieste-FS_etape02-13.jpg\"><img loading=\"lazy\" decoding=\"async\" width=\"1176\" height=\"785\" data-id=\"91388\" src=\"https:\/\/centcols.org\/wp-content\/uploads\/2025\/10\/Thonon-Trieste-FS_etape02-13.jpg\" alt=\"\" class=\"wp-image-91388\" srcset=\"https:\/\/centcols.org\/wp-content\/uploads\/2025\/10\/Thonon-Trieste-FS_etape02-13.jpg 1176w, https:\/\/centcols.org\/wp-content\/uploads\/2025\/10\/Thonon-Trieste-FS_etape02-13-768x513.jpg 768w, https:\/\/centcols.org\/wp-content\/uploads\/2025\/10\/Thonon-Trieste-FS_etape02-13-18x12.jpg 18w\" sizes=\"auto, (max-width: 1176px) 100vw, 1176px\" \/><\/a><\/figure>\n<\/figure>\n\n\n\n<p>Una passeggiata che ci porta su una terrazza dove una buona birra \u00e8 molto apprezzata dopo 100 km, 1500 di salita e un bel passo a 2000 svizzeri.<\/p>\n\n\n<div class=\"wp-block-image\">\n<figure class=\"aligncenter size-full is-resized\"><a href=\"https:\/\/centcols.org\/wp-content\/uploads\/2025\/10\/Thonon-Trieste-FS_etape02-14.jpg\"><img loading=\"lazy\" decoding=\"async\" width=\"1176\" height=\"882\" src=\"https:\/\/centcols.org\/wp-content\/uploads\/2025\/10\/Thonon-Trieste-FS_etape02-14.jpg\" alt=\"\" class=\"wp-image-91230\" style=\"width:800px\" srcset=\"https:\/\/centcols.org\/wp-content\/uploads\/2025\/10\/Thonon-Trieste-FS_etape02-14.jpg 1176w, https:\/\/centcols.org\/wp-content\/uploads\/2025\/10\/Thonon-Trieste-FS_etape02-14-768x576.jpg 768w, https:\/\/centcols.org\/wp-content\/uploads\/2025\/10\/Thonon-Trieste-FS_etape02-14-16x12.jpg 16w\" sizes=\"auto, (max-width: 1176px) 100vw, 1176px\" \/><\/a><\/figure>\n<\/div>\n\n\n<p>Il sole sta tramontando sul Lago Maggiore e anch'io vado a letto, perch\u00e9 domani ci aspetta una giornata MOLTO dura. Forse la pi\u00f9 dura del viaggio...<\/p>\n\n\n\n<div class=\"wp-block-buttons is-content-justification-space-between is-layout-flex wp-container-core-buttons-is-layout-3d213aab wp-block-buttons-is-layout-flex\">\n<div class=\"wp-block-button\"><a class=\"wp-block-button__link has-text-color has-background has-link-color wp-element-button\" href=\"https:\/\/centcols.org\/it\/thonon-trieste-fred-singla-2025\/2\/\" style=\"color:#2a488c;background-color:#88f2fd;text-transform:uppercase\"><strong>Stadio precedente<\/strong><\/a><\/div>\n\n\n\n<div class=\"wp-block-button\"><a class=\"wp-block-button__link has-text-color has-background has-link-color wp-element-button\" href=\"https:\/\/centcols.org\/it\/thonon-trieste-fred-singla-2025\/4\/\" style=\"color:#2a488c;background-color:#88f2fd;text-transform:uppercase\"><strong>Passo successivo<\/strong><\/a><\/div>\n<\/div>\n\n\n\n<!--nextpage-->\n\n\n\n<h2 class=\"wp-block-heading\"><em> Giorno 3: da <\/em>Da Verbania a Campodolcino<\/h2>\n\n\n\n<p>167 km - 3000 m di dislivello, 3 passi<\/p>\n\n\n<div class=\"wp-block-image\">\n<figure class=\"aligncenter size-full is-resized\"><a href=\"https:\/\/centcols.org\/wp-content\/uploads\/2025\/10\/Thonon-Trieste-FS_etape02-16.jpg\"><img loading=\"lazy\" decoding=\"async\" width=\"1176\" height=\"785\" src=\"https:\/\/centcols.org\/wp-content\/uploads\/2025\/10\/Thonon-Trieste-FS_etape02-16.jpg\" alt=\"\" class=\"wp-image-91231\" style=\"width:800px\" srcset=\"https:\/\/centcols.org\/wp-content\/uploads\/2025\/10\/Thonon-Trieste-FS_etape02-16.jpg 1176w, https:\/\/centcols.org\/wp-content\/uploads\/2025\/10\/Thonon-Trieste-FS_etape02-16-768x513.jpg 768w, https:\/\/centcols.org\/wp-content\/uploads\/2025\/10\/Thonon-Trieste-FS_etape02-16-18x12.jpg 18w\" sizes=\"auto, (max-width: 1176px) 100vw, 1176px\" \/><\/a><figcaption class=\"wp-element-caption\">Alba sul Lago Maggiore<\/figcaption><\/figure>\n<\/div>\n\n\n<p>La colazione viene servita troppo tardi per noi, che vogliamo partire presto in vista della dura giornata che ci attende.<br>Bruno e io mangiamo un boccone (salsiccia, formaggio e frutta) nel parcheggio dell'hotel. In questo modo possiamo goderci una splendida alba sul Lago Maggiore.<\/p>\n\n\n<div class=\"wp-block-image\">\n<figure class=\"aligncenter size-full is-resized\"><a href=\"https:\/\/centcols.org\/wp-content\/uploads\/2025\/10\/Thonon-Trieste-FS_etape03.jpg\"><img loading=\"lazy\" decoding=\"async\" width=\"1307\" height=\"1177\" src=\"https:\/\/centcols.org\/wp-content\/uploads\/2025\/10\/Thonon-Trieste-FS_etape03.jpg\" alt=\"\" class=\"wp-image-91390\" style=\"width:800px\" srcset=\"https:\/\/centcols.org\/wp-content\/uploads\/2025\/10\/Thonon-Trieste-FS_etape03.jpg 1307w, https:\/\/centcols.org\/wp-content\/uploads\/2025\/10\/Thonon-Trieste-FS_etape03-1200x1081.jpg 1200w, https:\/\/centcols.org\/wp-content\/uploads\/2025\/10\/Thonon-Trieste-FS_etape03-768x692.jpg 768w, https:\/\/centcols.org\/wp-content\/uploads\/2025\/10\/Thonon-Trieste-FS_etape03-13x12.jpg 13w\" sizes=\"auto, (max-width: 1307px) 100vw, 1307px\" \/><\/a><\/figure>\n<\/div>\n\n\n<p>Decolliamo alle 06:45 e siamo presto in vista del grazioso villaggio di Cannobio. Seguiamo il lago per 50 km. La strada \u00e8 stretta e, nonostante l'ora, il traffico \u00e8 intenso.<br>I primi 35 km sono in Italia, con ville superbe che risalgono agli anni Venti. Gli ultimi 15 km sono in Svizzera, con case anch'esse di alto livello, ma pi\u00f9 recenti. Alcune hanno anche enormi ascensori esterni...<\/p>\n\n\n<div class=\"wp-block-image\">\n<figure class=\"aligncenter size-full is-resized\"><a href=\"https:\/\/centcols.org\/wp-content\/uploads\/2025\/10\/Thonon-Trieste-FS_etape03-01.jpg\"><img loading=\"lazy\" decoding=\"async\" width=\"1200\" height=\"802\" src=\"https:\/\/centcols.org\/wp-content\/uploads\/2025\/10\/Thonon-Trieste-FS_etape03-01.jpg\" alt=\"\" class=\"wp-image-91243\" style=\"width:800px\" srcset=\"https:\/\/centcols.org\/wp-content\/uploads\/2025\/10\/Thonon-Trieste-FS_etape03-01.jpg 1200w, https:\/\/centcols.org\/wp-content\/uploads\/2025\/10\/Thonon-Trieste-FS_etape03-01-768x513.jpg 768w, https:\/\/centcols.org\/wp-content\/uploads\/2025\/10\/Thonon-Trieste-FS_etape03-01-18x12.jpg 18w\" sizes=\"auto, (max-width: 1200px) 100vw, 1200px\" \/><\/a><figcaption class=\"wp-element-caption\">Cannobio<\/figcaption><\/figure>\n<\/div>\n\n\n<p>Dopo 80 km in pianura, siamo nel cuore delle montagne. Appaiono i primi tornanti del Passo di San Bernardino.<\/p>\n\n\n\n<figure class=\"wp-block-gallery has-nested-images columns-default is-cropped wp-block-gallery-8 is-layout-flex wp-block-gallery-is-layout-flex\">\n<figure class=\"wp-block-image size-large\"><a href=\"https:\/\/centcols.org\/wp-content\/uploads\/2025\/10\/Thonon-Trieste-FS_etape03-02.jpg\"><img loading=\"lazy\" decoding=\"async\" width=\"1200\" height=\"1138\" data-id=\"91248\" src=\"https:\/\/centcols.org\/wp-content\/uploads\/2025\/10\/Thonon-Trieste-FS_etape03-02.jpg\" alt=\"\" class=\"wp-image-91248\" srcset=\"https:\/\/centcols.org\/wp-content\/uploads\/2025\/10\/Thonon-Trieste-FS_etape03-02.jpg 1200w, https:\/\/centcols.org\/wp-content\/uploads\/2025\/10\/Thonon-Trieste-FS_etape03-02-768x728.jpg 768w, https:\/\/centcols.org\/wp-content\/uploads\/2025\/10\/Thonon-Trieste-FS_etape03-02-13x12.jpg 13w\" sizes=\"auto, (max-width: 1200px) 100vw, 1200px\" \/><\/a><figcaption class=\"wp-element-caption\">Ai piedi del passo del San Bernardino.<br>Sapevo che i riservisti svizzeri tengono le armi a casa, ma un aereo da combattimento ????...<\/figcaption><\/figure>\n\n\n\n<figure class=\"wp-block-image size-large\"><a href=\"https:\/\/centcols.org\/wp-content\/uploads\/2025\/10\/Thonon-Trieste-FS_etape03-03.jpg\"><img loading=\"lazy\" decoding=\"async\" width=\"1200\" height=\"1172\" data-id=\"91245\" src=\"https:\/\/centcols.org\/wp-content\/uploads\/2025\/10\/Thonon-Trieste-FS_etape03-03.jpg\" alt=\"\" class=\"wp-image-91245\" srcset=\"https:\/\/centcols.org\/wp-content\/uploads\/2025\/10\/Thonon-Trieste-FS_etape03-03.jpg 1200w, https:\/\/centcols.org\/wp-content\/uploads\/2025\/10\/Thonon-Trieste-FS_etape03-03-768x750.jpg 768w, https:\/\/centcols.org\/wp-content\/uploads\/2025\/10\/Thonon-Trieste-FS_etape03-03-12x12.jpg 12w\" sizes=\"auto, (max-width: 1200px) 100vw, 1200px\" \/><\/a><figcaption class=\"wp-element-caption\">Non c'\u00e8 tempo per fermarsi al caff\u00e8...<\/figcaption><\/figure>\n\n\n\n<figure class=\"wp-block-image size-large\"><a href=\"https:\/\/centcols.org\/wp-content\/uploads\/2025\/10\/Thonon-Trieste-FS_etape03-04.jpg\"><img loading=\"lazy\" decoding=\"async\" width=\"1200\" height=\"802\" data-id=\"91246\" src=\"https:\/\/centcols.org\/wp-content\/uploads\/2025\/10\/Thonon-Trieste-FS_etape03-04.jpg\" alt=\"\" class=\"wp-image-91246\" srcset=\"https:\/\/centcols.org\/wp-content\/uploads\/2025\/10\/Thonon-Trieste-FS_etape03-04.jpg 1200w, https:\/\/centcols.org\/wp-content\/uploads\/2025\/10\/Thonon-Trieste-FS_etape03-04-768x513.jpg 768w, https:\/\/centcols.org\/wp-content\/uploads\/2025\/10\/Thonon-Trieste-FS_etape03-04-18x12.jpg 18w\" sizes=\"auto, (max-width: 1200px) 100vw, 1200px\" \/><\/a><figcaption class=\"wp-element-caption\">I primi lacci del San Bernardino<\/figcaption><\/figure>\n\n\n\n<figure class=\"wp-block-image size-large\"><a href=\"https:\/\/centcols.org\/wp-content\/uploads\/2025\/10\/Thonon-Trieste-FS_etape03-05.jpg\"><img loading=\"lazy\" decoding=\"async\" width=\"1200\" height=\"802\" data-id=\"91247\" src=\"https:\/\/centcols.org\/wp-content\/uploads\/2025\/10\/Thonon-Trieste-FS_etape03-05.jpg\" alt=\"\" class=\"wp-image-91247\" srcset=\"https:\/\/centcols.org\/wp-content\/uploads\/2025\/10\/Thonon-Trieste-FS_etape03-05.jpg 1200w, https:\/\/centcols.org\/wp-content\/uploads\/2025\/10\/Thonon-Trieste-FS_etape03-05-768x513.jpg 768w, https:\/\/centcols.org\/wp-content\/uploads\/2025\/10\/Thonon-Trieste-FS_etape03-05-18x12.jpg 18w\" sizes=\"auto, (max-width: 1200px) 100vw, 1200px\" \/><\/a><figcaption class=\"wp-element-caption\">Salita a San Berdardino, ritorno veloce alla Forcola (CH-1598)<\/figcaption><\/figure>\n<\/figure>\n\n\n\n<p><br>20 km dopo, abbiamo raggiunto \"solo\" il villaggio di San Bernardino, dove si trova una bellissima basilica.<\/p>\n\n\n<div class=\"wp-block-image\">\n<figure class=\"aligncenter size-full is-resized\"><a href=\"https:\/\/centcols.org\/wp-content\/uploads\/2025\/10\/Thonon-Trieste-FS_etape03-06.jpg\"><img loading=\"lazy\" decoding=\"async\" width=\"506\" height=\"600\" src=\"https:\/\/centcols.org\/wp-content\/uploads\/2025\/10\/Thonon-Trieste-FS_etape03-06.jpg\" alt=\"\" class=\"wp-image-91249\" style=\"width:auto;height:600px\" srcset=\"https:\/\/centcols.org\/wp-content\/uploads\/2025\/10\/Thonon-Trieste-FS_etape03-06.jpg 506w, https:\/\/centcols.org\/wp-content\/uploads\/2025\/10\/Thonon-Trieste-FS_etape03-06-10x12.jpg 10w\" sizes=\"auto, (max-width: 506px) 100vw, 506px\" \/><\/a><figcaption class=\"wp-element-caption\">A San Bernardino, Chiesa Rotonda (1867 \/ 1897).<\/figcaption><\/figure>\n<\/div>\n\n\n<p>Gli ultimi tornanti sono lunghi, pi\u00f9 di 10 km, e scoraggianti. Il Passo di San Bernardino \u00e8 molto impegnativo: pi\u00f9 di 30 km e pi\u00f9 di 1.500 m di dislivello. Una barra rocciosa si affaccia sul Lago di Moesola al passo dove si riunisce la nostra piccola squadra.<\/p>\n\n\n\n<figure class=\"wp-block-gallery has-nested-images columns-3 is-cropped wp-block-gallery-9 is-layout-flex wp-block-gallery-is-layout-flex\">\n<figure class=\"wp-block-image size-large\"><a href=\"https:\/\/centcols.org\/wp-content\/uploads\/2025\/10\/Thonon-Trieste-FS_etape03-07.jpg\"><img loading=\"lazy\" decoding=\"async\" width=\"1200\" height=\"802\" data-id=\"91250\" src=\"https:\/\/centcols.org\/wp-content\/uploads\/2025\/10\/Thonon-Trieste-FS_etape03-07.jpg\" alt=\"\" class=\"wp-image-91250\" srcset=\"https:\/\/centcols.org\/wp-content\/uploads\/2025\/10\/Thonon-Trieste-FS_etape03-07.jpg 1200w, https:\/\/centcols.org\/wp-content\/uploads\/2025\/10\/Thonon-Trieste-FS_etape03-07-768x513.jpg 768w, https:\/\/centcols.org\/wp-content\/uploads\/2025\/10\/Thonon-Trieste-FS_etape03-07-18x12.jpg 18w\" sizes=\"auto, (max-width: 1200px) 100vw, 1200px\" \/><\/a><figcaption class=\"wp-element-caption\">Lacci finali del Passo di San Bernardino<\/figcaption><\/figure>\n\n\n\n<figure class=\"wp-block-image size-large\"><a href=\"https:\/\/centcols.org\/wp-content\/uploads\/2025\/10\/Thonon-Trieste-FS_etape03-08.jpg\"><img loading=\"lazy\" decoding=\"async\" width=\"1200\" height=\"643\" data-id=\"91253\" src=\"https:\/\/centcols.org\/wp-content\/uploads\/2025\/10\/Thonon-Trieste-FS_etape03-08.jpg\" alt=\"\" class=\"wp-image-91253\" srcset=\"https:\/\/centcols.org\/wp-content\/uploads\/2025\/10\/Thonon-Trieste-FS_etape03-08.jpg 1200w, https:\/\/centcols.org\/wp-content\/uploads\/2025\/10\/Thonon-Trieste-FS_etape03-08-768x412.jpg 768w, https:\/\/centcols.org\/wp-content\/uploads\/2025\/10\/Thonon-Trieste-FS_etape03-08-18x10.jpg 18w\" sizes=\"auto, (max-width: 1200px) 100vw, 1200px\" \/><\/a><figcaption class=\"wp-element-caption\">Vicino alla vetta<\/figcaption><\/figure>\n\n\n\n<figure class=\"wp-block-image size-large\"><a href=\"https:\/\/centcols.org\/wp-content\/uploads\/2025\/10\/Thonon-Trieste-FS_etape03-09.jpg\"><img loading=\"lazy\" decoding=\"async\" width=\"1200\" height=\"802\" data-id=\"91252\" src=\"https:\/\/centcols.org\/wp-content\/uploads\/2025\/10\/Thonon-Trieste-FS_etape03-09.jpg\" alt=\"\" class=\"wp-image-91252\" srcset=\"https:\/\/centcols.org\/wp-content\/uploads\/2025\/10\/Thonon-Trieste-FS_etape03-09.jpg 1200w, https:\/\/centcols.org\/wp-content\/uploads\/2025\/10\/Thonon-Trieste-FS_etape03-09-768x513.jpg 768w, https:\/\/centcols.org\/wp-content\/uploads\/2025\/10\/Thonon-Trieste-FS_etape03-09-18x12.jpg 18w\" sizes=\"auto, (max-width: 1200px) 100vw, 1200px\" \/><\/a><figcaption class=\"wp-element-caption\">Lago Moesola<\/figcaption><\/figure>\n<\/figure>\n\n\n\n<figure class=\"wp-block-gallery aligncenter has-nested-images columns-3 is-cropped wp-block-gallery-10 is-layout-flex wp-block-gallery-is-layout-flex\">\n<figure class=\"wp-block-image size-full\"><a href=\"https:\/\/centcols.org\/wp-content\/uploads\/2025\/10\/Thonon-Trieste-FS_etape03-10a.jpg\"><img loading=\"lazy\" decoding=\"async\" width=\"1008\" height=\"1246\" data-id=\"91392\" src=\"https:\/\/centcols.org\/wp-content\/uploads\/2025\/10\/Thonon-Trieste-FS_etape03-10a.jpg\" alt=\"\" class=\"wp-image-91392\" srcset=\"https:\/\/centcols.org\/wp-content\/uploads\/2025\/10\/Thonon-Trieste-FS_etape03-10a.jpg 1008w, https:\/\/centcols.org\/wp-content\/uploads\/2025\/10\/Thonon-Trieste-FS_etape03-10a-971x1200.jpg 971w, https:\/\/centcols.org\/wp-content\/uploads\/2025\/10\/Thonon-Trieste-FS_etape03-10a-768x949.jpg 768w, https:\/\/centcols.org\/wp-content\/uploads\/2025\/10\/Thonon-Trieste-FS_etape03-10a-10x12.jpg 10w\" sizes=\"auto, (max-width: 1008px) 100vw, 1008px\" \/><\/a><\/figure>\n\n\n\n<figure class=\"wp-block-image size-full\"><a href=\"https:\/\/centcols.org\/wp-content\/uploads\/2025\/10\/Thonon-Trieste-FS_etape03-10.jpg\"><img loading=\"lazy\" decoding=\"async\" width=\"674\" height=\"800\" data-id=\"91251\" src=\"https:\/\/centcols.org\/wp-content\/uploads\/2025\/10\/Thonon-Trieste-FS_etape03-10.jpg\" alt=\"\" class=\"wp-image-91251\" srcset=\"https:\/\/centcols.org\/wp-content\/uploads\/2025\/10\/Thonon-Trieste-FS_etape03-10.jpg 674w, https:\/\/centcols.org\/wp-content\/uploads\/2025\/10\/Thonon-Trieste-FS_etape03-10-10x12.jpg 10w\" sizes=\"auto, (max-width: 674px) 100vw, 674px\" \/><\/a><\/figure>\n<\/figure>\n\n\n\n<p>La lunga discesa inizia con una serie di tornanti e ci fa precipitare a Spl\u00fcgen, quasi 1000 m pi\u00f9 in basso. Questi 1000 m di discesa devono essere recuperati immediatamente, attraverso alcuni tornanti molto stretti dove Jean Marc non si \u00e8 divertito con il Partner.<br>Lo Spl\u00fcgenpass \u00e8 una salita magnifica, ma estremamente difficile. Un \"piccolo\" Stelvio? Lo vedremo dopodomani...<\/p>\n\n\n<div class=\"wp-block-image\">\n<figure class=\"aligncenter size-large is-resized\"><a href=\"https:\/\/centcols.org\/wp-content\/uploads\/2025\/10\/Thonon-Trieste-FS_etape03-13.jpg\"><img loading=\"lazy\" decoding=\"async\" width=\"1200\" height=\"802\" src=\"https:\/\/centcols.org\/wp-content\/uploads\/2025\/10\/Thonon-Trieste-FS_etape03-13.jpg\" alt=\"\" class=\"wp-image-91255\" style=\"width:800px\" srcset=\"https:\/\/centcols.org\/wp-content\/uploads\/2025\/10\/Thonon-Trieste-FS_etape03-13.jpg 1200w, https:\/\/centcols.org\/wp-content\/uploads\/2025\/10\/Thonon-Trieste-FS_etape03-13-768x513.jpg 768w, https:\/\/centcols.org\/wp-content\/uploads\/2025\/10\/Thonon-Trieste-FS_etape03-13-18x12.jpg 18w\" sizes=\"auto, (max-width: 1200px) 100vw, 1200px\" \/><\/a><figcaption class=\"wp-element-caption\">Lacci Sl\u00fcgenpass o passo dello Spluga<\/figcaption><\/figure>\n<\/div>\n\n\n<figure class=\"wp-block-gallery has-nested-images columns-default is-cropped wp-block-gallery-11 is-layout-flex wp-block-gallery-is-layout-flex\">\n<figure class=\"wp-block-image size-large\"><a href=\"https:\/\/centcols.org\/wp-content\/uploads\/2025\/10\/Thonon-Trieste-FS_etape03-11.jpg\"><img loading=\"lazy\" decoding=\"async\" width=\"1200\" height=\"802\" data-id=\"91256\" src=\"https:\/\/centcols.org\/wp-content\/uploads\/2025\/10\/Thonon-Trieste-FS_etape03-11.jpg\" alt=\"\" class=\"wp-image-91256\" srcset=\"https:\/\/centcols.org\/wp-content\/uploads\/2025\/10\/Thonon-Trieste-FS_etape03-11.jpg 1200w, https:\/\/centcols.org\/wp-content\/uploads\/2025\/10\/Thonon-Trieste-FS_etape03-11-768x513.jpg 768w, https:\/\/centcols.org\/wp-content\/uploads\/2025\/10\/Thonon-Trieste-FS_etape03-11-18x12.jpg 18w\" sizes=\"auto, (max-width: 1200px) 100vw, 1200px\" \/><\/a><figcaption class=\"wp-element-caption\">Discesa del San Bernardino<\/figcaption><\/figure>\n\n\n\n<figure class=\"wp-block-image size-large\"><a href=\"https:\/\/centcols.org\/wp-content\/uploads\/2025\/10\/Thonon-Trieste-FS_etape03-12.jpg\"><img loading=\"lazy\" decoding=\"async\" width=\"1200\" height=\"802\" data-id=\"91254\" src=\"https:\/\/centcols.org\/wp-content\/uploads\/2025\/10\/Thonon-Trieste-FS_etape03-12.jpg\" alt=\"\" class=\"wp-image-91254\" srcset=\"https:\/\/centcols.org\/wp-content\/uploads\/2025\/10\/Thonon-Trieste-FS_etape03-12.jpg 1200w, https:\/\/centcols.org\/wp-content\/uploads\/2025\/10\/Thonon-Trieste-FS_etape03-12-768x513.jpg 768w, https:\/\/centcols.org\/wp-content\/uploads\/2025\/10\/Thonon-Trieste-FS_etape03-12-18x12.jpg 18w\" sizes=\"auto, (max-width: 1200px) 100vw, 1200px\" \/><\/a><figcaption class=\"wp-element-caption\">Spl\u00fcgen<\/figcaption><\/figure>\n<\/figure>\n\n\n\n<p><br>Scendiamo poi verso lo Spluga in Italia, il passo che segna il confine. Non senza aver attraversato un \"mucchio\" di gallerie, almeno 10, e 33 curve difficili da percorrere perch\u00e9 2 auto non possono superarsi!<\/p>\n\n\n<div class=\"wp-block-image\">\n<figure class=\"aligncenter size-full is-resized\"><a href=\"https:\/\/centcols.org\/wp-content\/uploads\/2025\/10\/Thonon-Trieste-FS_etape03-15.jpg\"><img loading=\"lazy\" decoding=\"async\" width=\"1200\" height=\"802\" src=\"https:\/\/centcols.org\/wp-content\/uploads\/2025\/10\/Thonon-Trieste-FS_etape03-15.jpg\" alt=\"\" class=\"wp-image-91257\" style=\"width:800px\" srcset=\"https:\/\/centcols.org\/wp-content\/uploads\/2025\/10\/Thonon-Trieste-FS_etape03-15.jpg 1200w, https:\/\/centcols.org\/wp-content\/uploads\/2025\/10\/Thonon-Trieste-FS_etape03-15-768x513.jpg 768w, https:\/\/centcols.org\/wp-content\/uploads\/2025\/10\/Thonon-Trieste-FS_etape03-15-18x12.jpg 18w\" sizes=\"auto, (max-width: 1200px) 100vw, 1200px\" \/><\/a><figcaption class=\"wp-element-caption\">Magnifica strada con tunnel a spirale<\/figcaption><\/figure>\n<\/div>\n\n\n<p>Arriviamo a Campodolcino e veniamo accolti con un succo di frutta. Un benvenuto meritato dopo 167 km, oltre 3.000 m di dislivello e due grandi passi svizzeri (pi\u00f9 uno \"piccolo\" sul percorso).<br>Un rilascio MOLTO importante!!!<\/p>\n\n\n\n<div class=\"wp-block-buttons is-content-justification-space-between is-layout-flex wp-container-core-buttons-is-layout-3d213aab wp-block-buttons-is-layout-flex\">\n<div class=\"wp-block-button\"><a class=\"wp-block-button__link has-text-color has-background has-link-color wp-element-button\" href=\"https:\/\/centcols.org\/it\/thonon-trieste-fred-singla-2025\/3\/\" style=\"color:#2a488c;background-color:#88f2fd;text-transform:uppercase\"><strong>Stadio precedente<\/strong><\/a><\/div>\n\n\n\n<div class=\"wp-block-button\"><a class=\"wp-block-button__link has-text-color has-background has-link-color wp-element-button\" href=\"https:\/\/centcols.org\/it\/thonon-trieste-fred-singla-2025\/5\/\" style=\"color:#2a488c;background-color:#88f2fd;text-transform:uppercase\"><strong>Passo successivo<\/strong><\/a><\/div>\n<\/div>\n\n\n\n<!--nextpage-->\n\n\n\n<h2 class=\"wp-block-heading\"><em> Giorno 4: d<\/em>e Campodolcino a Livigno<\/h2>\n\n\n\n<p>106 km - 2455 m di dislivello, 3 passi di cui 2 &gt; 2000<\/p>\n\n\n\n<p>Stamattina, quando abbiamo fatto colazione, pioveva. Ma quando siamo partiti, la pioggia ha smesso di cadere e sar\u00e0 assente per tutto il giorno.<br>Su una strada bagnata, la discesa di 10 km va affrontata con cautela.<\/p>\n\n\n<div class=\"wp-block-image\">\n<figure class=\"aligncenter size-large is-resized\"><a href=\"https:\/\/centcols.org\/wp-content\/uploads\/2025\/10\/Thonon-Trieste-FS_etape04-01.jpg\"><img loading=\"lazy\" decoding=\"async\" width=\"1307\" height=\"873\" src=\"https:\/\/centcols.org\/wp-content\/uploads\/2025\/10\/Thonon-Trieste-FS_etape04-01.jpg\" alt=\"\" class=\"wp-image-91396\" style=\"width:800px\" srcset=\"https:\/\/centcols.org\/wp-content\/uploads\/2025\/10\/Thonon-Trieste-FS_etape04-01.jpg 1307w, https:\/\/centcols.org\/wp-content\/uploads\/2025\/10\/Thonon-Trieste-FS_etape04-01-1200x802.jpg 1200w, https:\/\/centcols.org\/wp-content\/uploads\/2025\/10\/Thonon-Trieste-FS_etape04-01-768x513.jpg 768w, https:\/\/centcols.org\/wp-content\/uploads\/2025\/10\/Thonon-Trieste-FS_etape04-01-18x12.jpg 18w\" sizes=\"auto, (max-width: 1307px) 100vw, 1307px\" \/><\/a><figcaption class=\"wp-element-caption\">Dopo una bella discesa da Campodolcino, raggiungiamo Borgonuovo e le cascate dell'Acquafraggia.<\/figcaption><\/figure>\n<\/div>\n\n\n<p>Dopo 800 m di discesa, siamo a Chiavenna. C'\u00e8 un distributore automatico dove possiamo comprare latte, yogurt e formaggio. Ma non ne abbiamo bisogno, avendo fatto un'ottima colazione in albergo...<\/p>\n\n\n<div class=\"wp-block-image\">\n<figure class=\"aligncenter size-full is-resized\"><a href=\"https:\/\/centcols.org\/wp-content\/uploads\/2025\/10\/Thonon-Trieste-FS_etape04-02.jpg\"><img loading=\"lazy\" decoding=\"async\" width=\"1307\" height=\"873\" src=\"https:\/\/centcols.org\/wp-content\/uploads\/2025\/10\/Thonon-Trieste-FS_etape04-02.jpg\" alt=\"\" class=\"wp-image-91261\" style=\"width:800px\" srcset=\"https:\/\/centcols.org\/wp-content\/uploads\/2025\/10\/Thonon-Trieste-FS_etape04-02.jpg 1307w, https:\/\/centcols.org\/wp-content\/uploads\/2025\/10\/Thonon-Trieste-FS_etape04-02-1200x802.jpg 1200w, https:\/\/centcols.org\/wp-content\/uploads\/2025\/10\/Thonon-Trieste-FS_etape04-02-768x513.jpg 768w, https:\/\/centcols.org\/wp-content\/uploads\/2025\/10\/Thonon-Trieste-FS_etape04-02-18x12.jpg 18w\" sizes=\"auto, (max-width: 1307px) 100vw, 1307px\" \/><\/a><figcaption class=\"wp-element-caption\">La Mera a Promontogno, siamo di nuovo in Svizzera<\/figcaption><\/figure>\n<\/div>\n\n\n<p>Lasciamo presto l'Italia e rientriamo in Svizzera. Incontriamo alcune mucche. Cosa sarebbe la Svizzera senza le sue mucche! Eppure ne abbiamo viste poche. In realt\u00e0, ci sono molti pi\u00f9... motociclisti pazzi.<\/p>\n\n\n\n<figure class=\"wp-block-gallery has-nested-images columns-default is-cropped wp-block-gallery-12 is-layout-flex wp-block-gallery-is-layout-flex\">\n<figure class=\"wp-block-image size-large\"><a href=\"https:\/\/centcols.org\/wp-content\/uploads\/2025\/10\/Thonon-Trieste-FS_etape04-03.jpg\"><img loading=\"lazy\" decoding=\"async\" width=\"1307\" height=\"873\" data-id=\"91265\" src=\"https:\/\/centcols.org\/wp-content\/uploads\/2025\/10\/Thonon-Trieste-FS_etape04-03.jpg\" alt=\"\" class=\"wp-image-91265\" srcset=\"https:\/\/centcols.org\/wp-content\/uploads\/2025\/10\/Thonon-Trieste-FS_etape04-03.jpg 1307w, https:\/\/centcols.org\/wp-content\/uploads\/2025\/10\/Thonon-Trieste-FS_etape04-03-1200x802.jpg 1200w, https:\/\/centcols.org\/wp-content\/uploads\/2025\/10\/Thonon-Trieste-FS_etape04-03-768x513.jpg 768w, https:\/\/centcols.org\/wp-content\/uploads\/2025\/10\/Thonon-Trieste-FS_etape04-03-18x12.jpg 18w\" sizes=\"auto, (max-width: 1307px) 100vw, 1307px\" \/><\/a><\/figure>\n\n\n\n<figure class=\"wp-block-image size-large\"><a href=\"https:\/\/centcols.org\/wp-content\/uploads\/2025\/10\/Thonon-Trieste-FS_etape04-05.jpg\"><img loading=\"lazy\" decoding=\"async\" width=\"1307\" height=\"873\" data-id=\"91263\" src=\"https:\/\/centcols.org\/wp-content\/uploads\/2025\/10\/Thonon-Trieste-FS_etape04-05.jpg\" alt=\"\" class=\"wp-image-91263\" srcset=\"https:\/\/centcols.org\/wp-content\/uploads\/2025\/10\/Thonon-Trieste-FS_etape04-05.jpg 1307w, https:\/\/centcols.org\/wp-content\/uploads\/2025\/10\/Thonon-Trieste-FS_etape04-05-1200x802.jpg 1200w, https:\/\/centcols.org\/wp-content\/uploads\/2025\/10\/Thonon-Trieste-FS_etape04-05-768x513.jpg 768w, https:\/\/centcols.org\/wp-content\/uploads\/2025\/10\/Thonon-Trieste-FS_etape04-05-18x12.jpg 18w\" sizes=\"auto, (max-width: 1307px) 100vw, 1307px\" \/><\/a><\/figure>\n<\/figure>\n\n\n\n<p>Abbiamo rapidamente attaccato il magnifico Passo de Maloja, che ho automaticamente inserito nella mia top 10. \u00c8 cos\u00ec bello!<\/p>\n\n\n\n<figure class=\"wp-block-gallery has-nested-images columns-4 is-cropped wp-block-gallery-13 is-layout-flex wp-block-gallery-is-layout-flex\">\n<figure class=\"wp-block-image size-large\"><a href=\"https:\/\/centcols.org\/wp-content\/uploads\/2025\/10\/Thonon-Trieste-FS_etape04-04.jpg\"><img loading=\"lazy\" decoding=\"async\" width=\"1307\" height=\"873\" data-id=\"91262\" src=\"https:\/\/centcols.org\/wp-content\/uploads\/2025\/10\/Thonon-Trieste-FS_etape04-04.jpg\" alt=\"\" class=\"wp-image-91262\" srcset=\"https:\/\/centcols.org\/wp-content\/uploads\/2025\/10\/Thonon-Trieste-FS_etape04-04.jpg 1307w, https:\/\/centcols.org\/wp-content\/uploads\/2025\/10\/Thonon-Trieste-FS_etape04-04-1200x802.jpg 1200w, https:\/\/centcols.org\/wp-content\/uploads\/2025\/10\/Thonon-Trieste-FS_etape04-04-768x513.jpg 768w, https:\/\/centcols.org\/wp-content\/uploads\/2025\/10\/Thonon-Trieste-FS_etape04-04-18x12.jpg 18w\" sizes=\"auto, (max-width: 1307px) 100vw, 1307px\" \/><\/a><figcaption class=\"wp-element-caption\">Salita al passo del Majola<\/figcaption><\/figure>\n\n\n\n<figure class=\"wp-block-image size-large\"><a href=\"https:\/\/centcols.org\/wp-content\/uploads\/2025\/10\/Thonon-Trieste-FS_etape04-08.jpg\"><img loading=\"lazy\" decoding=\"async\" width=\"1266\" height=\"1246\" data-id=\"91268\" src=\"https:\/\/centcols.org\/wp-content\/uploads\/2025\/10\/Thonon-Trieste-FS_etape04-08.jpg\" alt=\"\" class=\"wp-image-91268\" srcset=\"https:\/\/centcols.org\/wp-content\/uploads\/2025\/10\/Thonon-Trieste-FS_etape04-08.jpg 1266w, https:\/\/centcols.org\/wp-content\/uploads\/2025\/10\/Thonon-Trieste-FS_etape04-08-1200x1181.jpg 1200w, https:\/\/centcols.org\/wp-content\/uploads\/2025\/10\/Thonon-Trieste-FS_etape04-08-768x756.jpg 768w, https:\/\/centcols.org\/wp-content\/uploads\/2025\/10\/Thonon-Trieste-FS_etape04-08-12x12.jpg 12w\" sizes=\"auto, (max-width: 1266px) 100vw, 1266px\" \/><\/a><\/figure>\n\n\n\n<figure class=\"wp-block-image size-large\"><a href=\"https:\/\/centcols.org\/wp-content\/uploads\/2025\/10\/Thonon-Trieste-FS_etape04-09.jpg\"><img loading=\"lazy\" decoding=\"async\" width=\"1172\" height=\"1246\" data-id=\"91266\" src=\"https:\/\/centcols.org\/wp-content\/uploads\/2025\/10\/Thonon-Trieste-FS_etape04-09.jpg\" alt=\"\" class=\"wp-image-91266\" srcset=\"https:\/\/centcols.org\/wp-content\/uploads\/2025\/10\/Thonon-Trieste-FS_etape04-09.jpg 1172w, https:\/\/centcols.org\/wp-content\/uploads\/2025\/10\/Thonon-Trieste-FS_etape04-09-1129x1200.jpg 1129w, https:\/\/centcols.org\/wp-content\/uploads\/2025\/10\/Thonon-Trieste-FS_etape04-09-768x816.jpg 768w, https:\/\/centcols.org\/wp-content\/uploads\/2025\/10\/Thonon-Trieste-FS_etape04-09-11x12.jpg 11w\" sizes=\"auto, (max-width: 1172px) 100vw, 1172px\" \/><\/a><\/figure>\n\n\n\n<figure class=\"wp-block-image size-large\"><a href=\"https:\/\/centcols.org\/wp-content\/uploads\/2025\/10\/Thonon-Trieste-FS_etape04-06.jpg\"><img loading=\"lazy\" decoding=\"async\" width=\"1307\" height=\"873\" data-id=\"91267\" src=\"https:\/\/centcols.org\/wp-content\/uploads\/2025\/10\/Thonon-Trieste-FS_etape04-06.jpg\" alt=\"\" class=\"wp-image-91267\" srcset=\"https:\/\/centcols.org\/wp-content\/uploads\/2025\/10\/Thonon-Trieste-FS_etape04-06.jpg 1307w, https:\/\/centcols.org\/wp-content\/uploads\/2025\/10\/Thonon-Trieste-FS_etape04-06-1200x802.jpg 1200w, https:\/\/centcols.org\/wp-content\/uploads\/2025\/10\/Thonon-Trieste-FS_etape04-06-768x513.jpg 768w, https:\/\/centcols.org\/wp-content\/uploads\/2025\/10\/Thonon-Trieste-FS_etape04-06-18x12.jpg 18w\" sizes=\"auto, (max-width: 1307px) 100vw, 1307px\" \/><\/a><\/figure>\n<figcaption class=\"blocks-gallery-caption wp-element-caption\">Salita al Passo del Majola<\/figcaption><\/figure>\n\n\n\n<figure class=\"wp-block-image size-large\"><a href=\"https:\/\/centcols.org\/wp-content\/uploads\/2025\/10\/Thonon-Trieste-FS_etape04-07.jpg\"><img loading=\"lazy\" decoding=\"async\" width=\"1307\" height=\"873\" src=\"https:\/\/centcols.org\/wp-content\/uploads\/2025\/10\/Thonon-Trieste-FS_etape04-07.jpg\" alt=\"\" class=\"wp-image-91269\" srcset=\"https:\/\/centcols.org\/wp-content\/uploads\/2025\/10\/Thonon-Trieste-FS_etape04-07.jpg 1307w, https:\/\/centcols.org\/wp-content\/uploads\/2025\/10\/Thonon-Trieste-FS_etape04-07-1200x802.jpg 1200w, https:\/\/centcols.org\/wp-content\/uploads\/2025\/10\/Thonon-Trieste-FS_etape04-07-768x513.jpg 768w, https:\/\/centcols.org\/wp-content\/uploads\/2025\/10\/Thonon-Trieste-FS_etape04-07-18x12.jpg 18w\" sizes=\"auto, (max-width: 1307px) 100vw, 1307px\" \/><\/a><\/figure>\n\n\n\n<p>Alla fine della salita, si raggiunge un superbo altopiano. Inizia con un enorme lago e termina 16 km pi\u00f9 avanti a Saint Moritz.&nbsp;<\/p>\n\n\n\n<p>Siamo nella valle dell'Engandina, tra i passi del Maloja e del Bernina. A Saint Moritz c'\u00e8 il Grand H\u00f4tel des Bains ... dove non ho prenotato.<\/p>\n\n\n\n<figure class=\"wp-block-gallery has-nested-images columns-default is-cropped wp-block-gallery-14 is-layout-flex wp-block-gallery-is-layout-flex\">\n<figure class=\"wp-block-image size-large\"><a href=\"https:\/\/centcols.org\/wp-content\/uploads\/2025\/10\/Thonon-Trieste-FS_etape04-10.jpg\"><img loading=\"lazy\" decoding=\"async\" width=\"1307\" height=\"873\" data-id=\"91271\" src=\"https:\/\/centcols.org\/wp-content\/uploads\/2025\/10\/Thonon-Trieste-FS_etape04-10.jpg\" alt=\"\" class=\"wp-image-91271\" srcset=\"https:\/\/centcols.org\/wp-content\/uploads\/2025\/10\/Thonon-Trieste-FS_etape04-10.jpg 1307w, https:\/\/centcols.org\/wp-content\/uploads\/2025\/10\/Thonon-Trieste-FS_etape04-10-1200x802.jpg 1200w, https:\/\/centcols.org\/wp-content\/uploads\/2025\/10\/Thonon-Trieste-FS_etape04-10-768x513.jpg 768w, https:\/\/centcols.org\/wp-content\/uploads\/2025\/10\/Thonon-Trieste-FS_etape04-10-18x12.jpg 18w\" sizes=\"auto, (max-width: 1307px) 100vw, 1307px\" \/><\/a><figcaption class=\"wp-element-caption\">Lago di Sils nella valle dell'Engandina, tra i passi del Maloja e del Bernina.<\/figcaption><\/figure>\n\n\n\n<figure class=\"wp-block-image size-large\"><a href=\"https:\/\/centcols.org\/wp-content\/uploads\/2025\/10\/Thonon-Trieste-FS_etape04-11.jpg\"><img loading=\"lazy\" decoding=\"async\" width=\"1307\" height=\"873\" data-id=\"91270\" src=\"https:\/\/centcols.org\/wp-content\/uploads\/2025\/10\/Thonon-Trieste-FS_etape04-11.jpg\" alt=\"\" class=\"wp-image-91270\" srcset=\"https:\/\/centcols.org\/wp-content\/uploads\/2025\/10\/Thonon-Trieste-FS_etape04-11.jpg 1307w, https:\/\/centcols.org\/wp-content\/uploads\/2025\/10\/Thonon-Trieste-FS_etape04-11-1200x802.jpg 1200w, https:\/\/centcols.org\/wp-content\/uploads\/2025\/10\/Thonon-Trieste-FS_etape04-11-768x513.jpg 768w, https:\/\/centcols.org\/wp-content\/uploads\/2025\/10\/Thonon-Trieste-FS_etape04-11-18x12.jpg 18w\" sizes=\"auto, (max-width: 1307px) 100vw, 1307px\" \/><\/a><figcaption class=\"wp-element-caption\">A Sankt Moritz, Grand H\u00f4tel des Bains ... dove non avevo prenotato!<\/figcaption><\/figure>\n<\/figure>\n\n\n\n<p>Poi si sale al Passo del Bernina, il valico pi\u00f9 alto delle Alpi svizzere, aperto tutto l'anno. Qui passiamo il Bernina Express, che collega Coira (Grigioni) a Tirano (Lombardia) attraverso 195 ponti e 55 gallerie. \u00c8 sorprendente vedere un treno a questa altitudine che non sia a cremagliera. Pendenza massima di 7%, altrimenti non passa! Standard ferroviario obbligatorio.<br>Prima di raggiungere il passo, passiamo davanti a un bellissimo lago. E abbiamo la fortuna di incontrare il Bernina Express.<\/p>\n\n\n\n<figure class=\"wp-block-gallery has-nested-images columns-2 is-cropped wp-block-gallery-15 is-layout-flex wp-block-gallery-is-layout-flex\">\n<figure class=\"wp-block-image size-large\"><a href=\"https:\/\/centcols.org\/wp-content\/uploads\/2025\/10\/Thonon-Trieste-FS_etape04-12.jpg\"><img loading=\"lazy\" decoding=\"async\" width=\"1307\" height=\"873\" data-id=\"91272\" src=\"https:\/\/centcols.org\/wp-content\/uploads\/2025\/10\/Thonon-Trieste-FS_etape04-12.jpg\" alt=\"\" class=\"wp-image-91272\" srcset=\"https:\/\/centcols.org\/wp-content\/uploads\/2025\/10\/Thonon-Trieste-FS_etape04-12.jpg 1307w, https:\/\/centcols.org\/wp-content\/uploads\/2025\/10\/Thonon-Trieste-FS_etape04-12-1200x802.jpg 1200w, https:\/\/centcols.org\/wp-content\/uploads\/2025\/10\/Thonon-Trieste-FS_etape04-12-768x513.jpg 768w, https:\/\/centcols.org\/wp-content\/uploads\/2025\/10\/Thonon-Trieste-FS_etape04-12-18x12.jpg 18w\" sizes=\"auto, (max-width: 1307px) 100vw, 1307px\" \/><\/a><figcaption class=\"wp-element-caption\">Salite sul Passo del Bernina, il passo pi\u00f9 alto delle Alpi svizzere, aperto tutto l'anno.<\/figcaption><\/figure>\n\n\n\n<figure class=\"wp-block-image size-large\"><a href=\"https:\/\/centcols.org\/wp-content\/uploads\/2025\/10\/Thonon-Trieste-FS_etape04-13.jpg\"><img loading=\"lazy\" decoding=\"async\" width=\"1307\" height=\"873\" data-id=\"91274\" src=\"https:\/\/centcols.org\/wp-content\/uploads\/2025\/10\/Thonon-Trieste-FS_etape04-13.jpg\" alt=\"\" class=\"wp-image-91274\" srcset=\"https:\/\/centcols.org\/wp-content\/uploads\/2025\/10\/Thonon-Trieste-FS_etape04-13.jpg 1307w, https:\/\/centcols.org\/wp-content\/uploads\/2025\/10\/Thonon-Trieste-FS_etape04-13-1200x802.jpg 1200w, https:\/\/centcols.org\/wp-content\/uploads\/2025\/10\/Thonon-Trieste-FS_etape04-13-768x513.jpg 768w, https:\/\/centcols.org\/wp-content\/uploads\/2025\/10\/Thonon-Trieste-FS_etape04-13-18x12.jpg 18w\" sizes=\"auto, (max-width: 1307px) 100vw, 1307px\" \/><\/a><figcaption class=\"wp-element-caption\">Il Bernina Express (che collega Croire, nei Grigioni, a Tirano, in Lombardia, attraverso 195 ponti e 55 gallerie) costeggia il Lej Nair (Lago Nero).<\/figcaption><\/figure>\n<\/figure>\n\n\n\n<figure class=\"wp-block-gallery aligncenter has-nested-images columns-default is-cropped wp-block-gallery-16 is-layout-flex wp-block-gallery-is-layout-flex\">\n<figure class=\"wp-block-image size-large\"><a href=\"https:\/\/centcols.org\/wp-content\/uploads\/2025\/10\/Thonon-Trieste-FS_etape04b.jpg\"><img loading=\"lazy\" decoding=\"async\" width=\"626\" height=\"1246\" data-id=\"91401\" src=\"https:\/\/centcols.org\/wp-content\/uploads\/2025\/10\/Thonon-Trieste-FS_etape04b.jpg\" alt=\"\" class=\"wp-image-91401\" srcset=\"https:\/\/centcols.org\/wp-content\/uploads\/2025\/10\/Thonon-Trieste-FS_etape04b.jpg 626w, https:\/\/centcols.org\/wp-content\/uploads\/2025\/10\/Thonon-Trieste-FS_etape04b-603x1200.jpg 603w, https:\/\/centcols.org\/wp-content\/uploads\/2025\/10\/Thonon-Trieste-FS_etape04b-6x12.jpg 6w\" sizes=\"auto, (max-width: 626px) 100vw, 626px\" \/><\/a><\/figure>\n\n\n\n<figure class=\"wp-block-image size-large\"><a href=\"https:\/\/centcols.org\/wp-content\/uploads\/2025\/10\/Thonon-Trieste-FS_etape04a.jpg\"><img loading=\"lazy\" decoding=\"async\" width=\"611\" height=\"1246\" data-id=\"91400\" src=\"https:\/\/centcols.org\/wp-content\/uploads\/2025\/10\/Thonon-Trieste-FS_etape04a.jpg\" alt=\"\" class=\"wp-image-91400\" srcset=\"https:\/\/centcols.org\/wp-content\/uploads\/2025\/10\/Thonon-Trieste-FS_etape04a.jpg 611w, https:\/\/centcols.org\/wp-content\/uploads\/2025\/10\/Thonon-Trieste-FS_etape04a-588x1200.jpg 588w, https:\/\/centcols.org\/wp-content\/uploads\/2025\/10\/Thonon-Trieste-FS_etape04a-6x12.jpg 6w\" sizes=\"auto, (max-width: 611px) 100vw, 611px\" \/><\/a><\/figure>\n\n\n\n<figure class=\"wp-block-image size-large\"><a href=\"https:\/\/centcols.org\/wp-content\/uploads\/2025\/10\/Thonon-Trieste-FS_etape04-14.jpg\"><img loading=\"lazy\" decoding=\"async\" width=\"798\" height=\"1246\" data-id=\"91273\" src=\"https:\/\/centcols.org\/wp-content\/uploads\/2025\/10\/Thonon-Trieste-FS_etape04-14.jpg\" alt=\"\" class=\"wp-image-91273\" srcset=\"https:\/\/centcols.org\/wp-content\/uploads\/2025\/10\/Thonon-Trieste-FS_etape04-14.jpg 798w, https:\/\/centcols.org\/wp-content\/uploads\/2025\/10\/Thonon-Trieste-FS_etape04-14-769x1200.jpg 769w, https:\/\/centcols.org\/wp-content\/uploads\/2025\/10\/Thonon-Trieste-FS_etape04-14-768x1199.jpg 768w, https:\/\/centcols.org\/wp-content\/uploads\/2025\/10\/Thonon-Trieste-FS_etape04-14-8x12.jpg 8w\" sizes=\"auto, (max-width: 798px) 100vw, 798px\" \/><\/a><figcaption class=\"wp-element-caption\">Pronti per la discesa del Bernina<\/figcaption><\/figure>\n<\/figure>\n\n\n\n<p>Lungo la discesa del Bernina, altre mucche. Alcune hanno campane quadrate, altre rotonde.<\/p>\n\n\n<div class=\"wp-block-image\">\n<figure class=\"aligncenter size-large is-resized\"><a href=\"https:\/\/centcols.org\/wp-content\/uploads\/2025\/10\/Thonon-Trieste-FS_etape04-19.jpg\"><img loading=\"lazy\" decoding=\"async\" width=\"1200\" height=\"802\" src=\"https:\/\/centcols.org\/wp-content\/uploads\/2025\/10\/Thonon-Trieste-FS_etape04-19.jpg\" alt=\"\" class=\"wp-image-91287\" style=\"width:800px\" srcset=\"https:\/\/centcols.org\/wp-content\/uploads\/2025\/10\/Thonon-Trieste-FS_etape04-19.jpg 1200w, https:\/\/centcols.org\/wp-content\/uploads\/2025\/10\/Thonon-Trieste-FS_etape04-19-768x513.jpg 768w, https:\/\/centcols.org\/wp-content\/uploads\/2025\/10\/Thonon-Trieste-FS_etape04-19-18x12.jpg 18w\" sizes=\"auto, (max-width: 1200px) 100vw, 1200px\" \/><\/a><\/figure>\n<\/div>\n\n\n<p>Dobbiamo ancora risalire fino alla Forcala di Livigno, a 2313 m, in 3 km a una velocit\u00e0 media di 9%. Superiamo molte autocisterne di carburante. Capiremo perch\u00e9 quando scopriremo che Livigno \u00e8 una zona franca. \u00c8 l\u00ec che faremo il pieno di gasolio a 1,15 euro al litro. Rispetto a 1,60 euro di tutto il resto d'Italia.<br>Alla fine di una lunga discesa, arriviamo a Livigno, dove le norme urbanistiche devono essere molto severe. La maggior parte dei fiori sui balconi \u00e8 di colore identico.<\/p>\n\n\n\n<figure class=\"wp-block-gallery has-nested-images columns-default is-cropped wp-block-gallery-17 is-layout-flex wp-block-gallery-is-layout-flex\">\n<figure class=\"wp-block-image size-large\"><a href=\"https:\/\/centcols.org\/wp-content\/uploads\/2025\/10\/Thonon-Trieste-FS_etape04-15a.jpg\"><img loading=\"lazy\" decoding=\"async\" width=\"1307\" height=\"873\" data-id=\"91403\" src=\"https:\/\/centcols.org\/wp-content\/uploads\/2025\/10\/Thonon-Trieste-FS_etape04-15a.jpg\" alt=\"\" class=\"wp-image-91403\" srcset=\"https:\/\/centcols.org\/wp-content\/uploads\/2025\/10\/Thonon-Trieste-FS_etape04-15a.jpg 1307w, https:\/\/centcols.org\/wp-content\/uploads\/2025\/10\/Thonon-Trieste-FS_etape04-15a-1200x802.jpg 1200w, https:\/\/centcols.org\/wp-content\/uploads\/2025\/10\/Thonon-Trieste-FS_etape04-15a-768x513.jpg 768w, https:\/\/centcols.org\/wp-content\/uploads\/2025\/10\/Thonon-Trieste-FS_etape04-15a-18x12.jpg 18w\" sizes=\"auto, (max-width: 1307px) 100vw, 1307px\" \/><\/a><\/figure>\n\n\n\n<figure class=\"wp-block-image size-large\"><a href=\"https:\/\/centcols.org\/wp-content\/uploads\/2025\/10\/Thonon-Trieste-FS_etape04-15.jpg\"><img loading=\"lazy\" decoding=\"async\" width=\"1307\" height=\"873\" data-id=\"91275\" src=\"https:\/\/centcols.org\/wp-content\/uploads\/2025\/10\/Thonon-Trieste-FS_etape04-15.jpg\" alt=\"\" class=\"wp-image-91275\" srcset=\"https:\/\/centcols.org\/wp-content\/uploads\/2025\/10\/Thonon-Trieste-FS_etape04-15.jpg 1307w, https:\/\/centcols.org\/wp-content\/uploads\/2025\/10\/Thonon-Trieste-FS_etape04-15-1200x802.jpg 1200w, https:\/\/centcols.org\/wp-content\/uploads\/2025\/10\/Thonon-Trieste-FS_etape04-15-768x513.jpg 768w, https:\/\/centcols.org\/wp-content\/uploads\/2025\/10\/Thonon-Trieste-FS_etape04-15-18x12.jpg 18w\" sizes=\"auto, (max-width: 1307px) 100vw, 1307px\" \/><\/a><\/figure>\n\n\n\n<figure class=\"wp-block-image size-large\"><a href=\"https:\/\/centcols.org\/wp-content\/uploads\/2025\/10\/Thonon-Trieste-FS_etape04-16.jpg\"><img loading=\"lazy\" decoding=\"async\" width=\"1307\" height=\"873\" data-id=\"91276\" src=\"https:\/\/centcols.org\/wp-content\/uploads\/2025\/10\/Thonon-Trieste-FS_etape04-16.jpg\" alt=\"\" class=\"wp-image-91276\" srcset=\"https:\/\/centcols.org\/wp-content\/uploads\/2025\/10\/Thonon-Trieste-FS_etape04-16.jpg 1307w, https:\/\/centcols.org\/wp-content\/uploads\/2025\/10\/Thonon-Trieste-FS_etape04-16-1200x802.jpg 1200w, https:\/\/centcols.org\/wp-content\/uploads\/2025\/10\/Thonon-Trieste-FS_etape04-16-768x513.jpg 768w, https:\/\/centcols.org\/wp-content\/uploads\/2025\/10\/Thonon-Trieste-FS_etape04-16-18x12.jpg 18w\" sizes=\"auto, (max-width: 1307px) 100vw, 1307px\" \/><\/a><figcaption class=\"wp-element-caption\">Discesa a Livigno<\/figcaption><\/figure>\n<\/figure>\n\n\n\n<p>Livigno \u00e8 quindi una zona franca, grazie al suo isolamento. Quindi ci sono poche tasse... e molti turisti.<\/p>\n\n\n\n<p>Ci godiamo il comfort del nostro rifugio dopo 106 km, 2455 m di salita e 3 magnifici passi, di cui 2 \"2000\".<\/p>\n\n\n<div class=\"wp-block-image\">\n<figure class=\"aligncenter size-full is-resized\"><a href=\"https:\/\/centcols.org\/wp-content\/uploads\/2025\/10\/Thonon-Trieste-FS_etape04-17.jpg\"><img loading=\"lazy\" decoding=\"async\" width=\"1307\" height=\"873\" src=\"https:\/\/centcols.org\/wp-content\/uploads\/2025\/10\/Thonon-Trieste-FS_etape04-17.jpg\" alt=\"\" class=\"wp-image-91277\" style=\"width:800px\" srcset=\"https:\/\/centcols.org\/wp-content\/uploads\/2025\/10\/Thonon-Trieste-FS_etape04-17.jpg 1307w, https:\/\/centcols.org\/wp-content\/uploads\/2025\/10\/Thonon-Trieste-FS_etape04-17-1200x802.jpg 1200w, https:\/\/centcols.org\/wp-content\/uploads\/2025\/10\/Thonon-Trieste-FS_etape04-17-768x513.jpg 768w, https:\/\/centcols.org\/wp-content\/uploads\/2025\/10\/Thonon-Trieste-FS_etape04-17-18x12.jpg 18w\" sizes=\"auto, (max-width: 1307px) 100vw, 1307px\" \/><\/a><figcaption class=\"wp-element-caption\">Il nostro g\u00eete a Livigno<\/figcaption><\/figure>\n<\/div>\n\n\n<div class=\"wp-block-buttons is-content-justification-space-between is-layout-flex wp-container-core-buttons-is-layout-3d213aab wp-block-buttons-is-layout-flex\">\n<div class=\"wp-block-button\"><a class=\"wp-block-button__link has-text-color has-background has-link-color wp-element-button\" href=\"https:\/\/centcols.org\/it\/thonon-trieste-fred-singla-2025\/4\/\" style=\"color:#2a488c;background-color:#88f2fd;text-transform:uppercase\"><strong>Stadio precedente<\/strong><\/a><\/div>\n\n\n\n<div class=\"wp-block-button\"><a class=\"wp-block-button__link has-text-color has-background has-link-color wp-element-button\" href=\"https:\/\/centcols.org\/it\/thonon-trieste-fred-singla-2025\/6\/\" style=\"color:#2a488c;background-color:#88f2fd;text-transform:uppercase\"><strong>Passo successivo<\/strong><\/a><\/div>\n<\/div>\n\n\n\n<!--nextpage-->\n\n\n\n<h2 class=\"wp-block-heading\"><em> Giorno 5: da <\/em>Da Livigno a Malles-Venosta: lo Stelvio: DANTESCA, ma WAHOU!<\/h2>\n\n\n\n<p>95 km - 2200 m di den+ e \ud83c\udf27\ud83c\udf27\ud83c\udf27\ud83c\udf27<\/p>\n\n\n\n<figure class=\"wp-block-gallery has-nested-images columns-default is-cropped wp-block-gallery-18 is-layout-flex wp-block-gallery-is-layout-flex\">\n<figure class=\"wp-block-image size-full\"><a href=\"https:\/\/centcols.org\/wp-content\/uploads\/2025\/10\/Thonon-Trieste-FS_etape05-01.jpg\"><img loading=\"lazy\" decoding=\"async\" width=\"1307\" height=\"604\" data-id=\"91308\" src=\"https:\/\/centcols.org\/wp-content\/uploads\/2025\/10\/Thonon-Trieste-FS_etape05-01.jpg\" alt=\"\" class=\"wp-image-91308\" srcset=\"https:\/\/centcols.org\/wp-content\/uploads\/2025\/10\/Thonon-Trieste-FS_etape05-01.jpg 1307w, https:\/\/centcols.org\/wp-content\/uploads\/2025\/10\/Thonon-Trieste-FS_etape05-01-1200x555.jpg 1200w, https:\/\/centcols.org\/wp-content\/uploads\/2025\/10\/Thonon-Trieste-FS_etape05-01-768x355.jpg 768w, https:\/\/centcols.org\/wp-content\/uploads\/2025\/10\/Thonon-Trieste-FS_etape05-01-18x8.jpg 18w\" sizes=\"auto, (max-width: 1307px) 100vw, 1307px\" \/><\/a><figcaption class=\"wp-element-caption\">Gioved\u00ec 28, come tutti gli altri giorni, sveglia alle prime luci dell'alba.<\/figcaption><\/figure>\n\n\n\n<figure class=\"wp-block-image size-full\"><a href=\"https:\/\/centcols.org\/wp-content\/uploads\/2025\/10\/Thonon-Trieste-FS_etape05-02.jpg\"><img loading=\"lazy\" decoding=\"async\" width=\"1307\" height=\"604\" data-id=\"91309\" src=\"https:\/\/centcols.org\/wp-content\/uploads\/2025\/10\/Thonon-Trieste-FS_etape05-02.jpg\" alt=\"\" class=\"wp-image-91309\" srcset=\"https:\/\/centcols.org\/wp-content\/uploads\/2025\/10\/Thonon-Trieste-FS_etape05-02.jpg 1307w, https:\/\/centcols.org\/wp-content\/uploads\/2025\/10\/Thonon-Trieste-FS_etape05-02-1200x555.jpg 1200w, https:\/\/centcols.org\/wp-content\/uploads\/2025\/10\/Thonon-Trieste-FS_etape05-02-768x355.jpg 768w, https:\/\/centcols.org\/wp-content\/uploads\/2025\/10\/Thonon-Trieste-FS_etape05-02-18x8.jpg 18w\" sizes=\"auto, (max-width: 1307px) 100vw, 1307px\" \/><\/a><figcaption class=\"wp-element-caption\">Come ogni giorno, una colazione solida, e questo \u00e8 solo un esempio ...<\/figcaption><\/figure>\n<\/figure>\n\n\n<div class=\"wp-block-image\">\n<figure class=\"aligncenter size-full is-resized\"><a href=\"https:\/\/centcols.org\/wp-content\/uploads\/2025\/10\/Thonon-Trieste-FS_etape05-02a.jpg\"><img loading=\"lazy\" decoding=\"async\" width=\"1307\" height=\"873\" src=\"https:\/\/centcols.org\/wp-content\/uploads\/2025\/10\/Thonon-Trieste-FS_etape05-02a.jpg\" alt=\"\" class=\"wp-image-91406\" style=\"width:800px\" srcset=\"https:\/\/centcols.org\/wp-content\/uploads\/2025\/10\/Thonon-Trieste-FS_etape05-02a.jpg 1307w, https:\/\/centcols.org\/wp-content\/uploads\/2025\/10\/Thonon-Trieste-FS_etape05-02a-1200x802.jpg 1200w, https:\/\/centcols.org\/wp-content\/uploads\/2025\/10\/Thonon-Trieste-FS_etape05-02a-768x513.jpg 768w, https:\/\/centcols.org\/wp-content\/uploads\/2025\/10\/Thonon-Trieste-FS_etape05-02a-18x12.jpg 18w\" sizes=\"auto, (max-width: 1307px) 100vw, 1307px\" \/><\/a><figcaption class=\"wp-element-caption\">Lasciamo Livigno sotto la pioggia<\/figcaption><\/figure>\n<\/div>\n\n\n<p>Come si fa a scalare lo Stelvio senza auto (o bici...)? \u00c8 molto semplice: basta seguire i punti da 1 a 6:<\/p>\n\n\n\n<ol class=\"wp-block-list\">\n<li>Lasciate Livigno e iniziate la tappa del giorno scalando il Passo d'Eira.<\/li>\n\n\n\n<li>Si scende poi in una piccola valle per passare Trepalle (bellissimo affresco) tra i passi d'Eira e di Foscagno.<\/li>\n\n\n\n<li>Risaliamo al Passo di Foscagno prima di intraprendere una discesa da antologia verso Bormio sotto una pioggia battente \ud83c\udf27\ud83c\udf27. Questa discesa non ci ha risparmiato nulla: pioggia, valanghe a volont\u00e0, lavori stradali e traffico infernale. Di certo non \u00e8 stata la parte migliore del viaggio!<\/li>\n\n\n\n<li>A Bormio si incontra un cartello che annuncia la chiusura della strada.<\/li>\n\n\n\n<li>Ci imbattiamo in un tassista italiano che alza la barriera, ci passa accanto e ci dice \"Ok, \u00e8 vietato, ma non c'\u00e8 assolutamente nulla e va bene\".<\/li>\n\n\n\n<li>Rischiare, come stiamo facendo io e Bruno... ma anche un po' preoccupati. Cosa troveremo alla fine?<\/li>\n\n\n\n<li>La fortuna di avere Jean-Marc ad aspettarci in fondo, nel caso in cui dovessimo tornare gi\u00f9.<\/li>\n<\/ol>\n\n\n\n<figure class=\"wp-block-gallery has-nested-images columns-3 is-cropped wp-block-gallery-19 is-layout-flex wp-block-gallery-is-layout-flex\">\n<figure class=\"wp-block-image size-full\"><a href=\"https:\/\/centcols.org\/wp-content\/uploads\/2025\/10\/Thonon-Trieste-FS_etape05-03.jpg\"><img loading=\"lazy\" decoding=\"async\" width=\"997\" height=\"1246\" data-id=\"91310\" src=\"https:\/\/centcols.org\/wp-content\/uploads\/2025\/10\/Thonon-Trieste-FS_etape05-03.jpg\" alt=\"\" class=\"wp-image-91310\" srcset=\"https:\/\/centcols.org\/wp-content\/uploads\/2025\/10\/Thonon-Trieste-FS_etape05-03.jpg 997w, https:\/\/centcols.org\/wp-content\/uploads\/2025\/10\/Thonon-Trieste-FS_etape05-03-960x1200.jpg 960w, https:\/\/centcols.org\/wp-content\/uploads\/2025\/10\/Thonon-Trieste-FS_etape05-03-768x960.jpg 768w, https:\/\/centcols.org\/wp-content\/uploads\/2025\/10\/Thonon-Trieste-FS_etape05-03-10x12.jpg 10w\" sizes=\"auto, (max-width: 997px) 100vw, 997px\" \/><\/a><figcaption class=\"wp-element-caption\">Passo Eira (IT 2208).<\/figcaption><\/figure>\n\n\n\n<figure class=\"wp-block-image size-full\"><a href=\"https:\/\/centcols.org\/wp-content\/uploads\/2025\/10\/Thonon-Trieste-FS_etape05-05.jpg\"><img loading=\"lazy\" decoding=\"async\" width=\"1307\" height=\"873\" data-id=\"91311\" src=\"https:\/\/centcols.org\/wp-content\/uploads\/2025\/10\/Thonon-Trieste-FS_etape05-05.jpg\" alt=\"\" class=\"wp-image-91311\" srcset=\"https:\/\/centcols.org\/wp-content\/uploads\/2025\/10\/Thonon-Trieste-FS_etape05-05.jpg 1307w, https:\/\/centcols.org\/wp-content\/uploads\/2025\/10\/Thonon-Trieste-FS_etape05-05-1200x802.jpg 1200w, https:\/\/centcols.org\/wp-content\/uploads\/2025\/10\/Thonon-Trieste-FS_etape05-05-768x513.jpg 768w, https:\/\/centcols.org\/wp-content\/uploads\/2025\/10\/Thonon-Trieste-FS_etape05-05-18x12.jpg 18w\" sizes=\"auto, (max-width: 1307px) 100vw, 1307px\" \/><\/a><figcaption class=\"wp-element-caption\">Trepalle tra i Passi d'Eira e di Foscagno<\/figcaption><\/figure>\n\n\n\n<figure class=\"wp-block-image size-full\"><a href=\"https:\/\/centcols.org\/wp-content\/uploads\/2025\/10\/Thonon-Trieste-FS_etape05-06.jpg\"><img loading=\"lazy\" decoding=\"async\" width=\"1307\" height=\"1223\" data-id=\"91313\" src=\"https:\/\/centcols.org\/wp-content\/uploads\/2025\/10\/Thonon-Trieste-FS_etape05-06.jpg\" alt=\"\" class=\"wp-image-91313\" srcset=\"https:\/\/centcols.org\/wp-content\/uploads\/2025\/10\/Thonon-Trieste-FS_etape05-06.jpg 1307w, https:\/\/centcols.org\/wp-content\/uploads\/2025\/10\/Thonon-Trieste-FS_etape05-06-1200x1123.jpg 1200w, https:\/\/centcols.org\/wp-content\/uploads\/2025\/10\/Thonon-Trieste-FS_etape05-06-768x719.jpg 768w, https:\/\/centcols.org\/wp-content\/uploads\/2025\/10\/Thonon-Trieste-FS_etape05-06-13x12.jpg 13w\" sizes=\"auto, (max-width: 1307px) 100vw, 1307px\" \/><\/a><figcaption class=\"wp-element-caption\">Passo di Foscagno (IT 2292): una discesa molto impegnativa (lunga, piovosa, ghiacciata, strada danneggiata, traffico intenso, ecc.)<\/figcaption><\/figure>\n\n\n\n<figure class=\"wp-block-image size-full\"><a href=\"https:\/\/centcols.org\/wp-content\/uploads\/2025\/10\/Thonon-Trieste-FS_etape05-04.jpg\"><img loading=\"lazy\" decoding=\"async\" width=\"1307\" height=\"246\" data-id=\"91312\" src=\"https:\/\/centcols.org\/wp-content\/uploads\/2025\/10\/Thonon-Trieste-FS_etape05-04.jpg\" alt=\"\" class=\"wp-image-91312\" srcset=\"https:\/\/centcols.org\/wp-content\/uploads\/2025\/10\/Thonon-Trieste-FS_etape05-04.jpg 1307w, https:\/\/centcols.org\/wp-content\/uploads\/2025\/10\/Thonon-Trieste-FS_etape05-04-1200x226.jpg 1200w, https:\/\/centcols.org\/wp-content\/uploads\/2025\/10\/Thonon-Trieste-FS_etape05-04-768x145.jpg 768w, https:\/\/centcols.org\/wp-content\/uploads\/2025\/10\/Thonon-Trieste-FS_etape05-04-18x3.jpg 18w\" sizes=\"auto, (max-width: 1307px) 100vw, 1307px\" \/><\/a><figcaption class=\"wp-element-caption\">Affresco a Trepalle<\/figcaption><\/figure>\n<\/figure>\n\n\n\n<p>\u00c8 una salita davvero strana. Noi due siamo soli in questa vastit\u00e0.<\/p>\n\n\n\n<figure class=\"wp-block-gallery has-nested-images columns-3 is-cropped wp-block-gallery-20 is-layout-flex wp-block-gallery-is-layout-flex\">\n<figure class=\"wp-block-image size-full\"><a href=\"https:\/\/centcols.org\/wp-content\/uploads\/2025\/10\/Thonon-Trieste-FS_etape05-07.jpg\"><img loading=\"lazy\" decoding=\"async\" width=\"1307\" height=\"873\" data-id=\"91314\" src=\"https:\/\/centcols.org\/wp-content\/uploads\/2025\/10\/Thonon-Trieste-FS_etape05-07.jpg\" alt=\"\" class=\"wp-image-91314\" srcset=\"https:\/\/centcols.org\/wp-content\/uploads\/2025\/10\/Thonon-Trieste-FS_etape05-07.jpg 1307w, https:\/\/centcols.org\/wp-content\/uploads\/2025\/10\/Thonon-Trieste-FS_etape05-07-1200x802.jpg 1200w, https:\/\/centcols.org\/wp-content\/uploads\/2025\/10\/Thonon-Trieste-FS_etape05-07-768x513.jpg 768w, https:\/\/centcols.org\/wp-content\/uploads\/2025\/10\/Thonon-Trieste-FS_etape05-07-18x12.jpg 18w\" sizes=\"auto, (max-width: 1307px) 100vw, 1307px\" \/><\/a><figcaption class=\"wp-element-caption\">Primo posto di blocco, che molti veicoli superano. Anche noi ...<\/figcaption><\/figure>\n\n\n\n<figure class=\"wp-block-image size-full\"><a href=\"https:\/\/centcols.org\/wp-content\/uploads\/2025\/10\/Thonon-Trieste-FS_etape05-08.jpg\"><img loading=\"lazy\" decoding=\"async\" width=\"1307\" height=\"873\" data-id=\"91315\" src=\"https:\/\/centcols.org\/wp-content\/uploads\/2025\/10\/Thonon-Trieste-FS_etape05-08.jpg\" alt=\"\" class=\"wp-image-91315\" srcset=\"https:\/\/centcols.org\/wp-content\/uploads\/2025\/10\/Thonon-Trieste-FS_etape05-08.jpg 1307w, https:\/\/centcols.org\/wp-content\/uploads\/2025\/10\/Thonon-Trieste-FS_etape05-08-1200x802.jpg 1200w, https:\/\/centcols.org\/wp-content\/uploads\/2025\/10\/Thonon-Trieste-FS_etape05-08-768x513.jpg 768w, https:\/\/centcols.org\/wp-content\/uploads\/2025\/10\/Thonon-Trieste-FS_etape05-08-18x12.jpg 18w\" sizes=\"auto, (max-width: 1307px) 100vw, 1307px\" \/><\/a><figcaption class=\"wp-element-caption\">Due km pi\u00f9 avanti la situazione \u00e8 pi\u00f9 seria. Ma un taxi italiano alza la barriera e ci dice: \"Non c'\u00e8 niente\". Bruno e io siamo andati direttamente su ....<\/figcaption><\/figure>\n\n\n\n<figure class=\"wp-block-image size-full\"><a href=\"https:\/\/centcols.org\/wp-content\/uploads\/2025\/10\/Thonon-Trieste-FS_etape05-09.jpg\"><img loading=\"lazy\" decoding=\"async\" width=\"1307\" height=\"873\" data-id=\"91316\" src=\"https:\/\/centcols.org\/wp-content\/uploads\/2025\/10\/Thonon-Trieste-FS_etape05-09.jpg\" alt=\"\" class=\"wp-image-91316\" srcset=\"https:\/\/centcols.org\/wp-content\/uploads\/2025\/10\/Thonon-Trieste-FS_etape05-09.jpg 1307w, https:\/\/centcols.org\/wp-content\/uploads\/2025\/10\/Thonon-Trieste-FS_etape05-09-1200x802.jpg 1200w, https:\/\/centcols.org\/wp-content\/uploads\/2025\/10\/Thonon-Trieste-FS_etape05-09-768x513.jpg 768w, https:\/\/centcols.org\/wp-content\/uploads\/2025\/10\/Thonon-Trieste-FS_etape05-09-18x12.jpg 18w\" sizes=\"auto, (max-width: 1307px) 100vw, 1307px\" \/><\/a><figcaption class=\"wp-element-caption\">Un po' spaventoso. Cosa troveremo alla fine...<\/figcaption><\/figure>\n\n\n\n<figure class=\"wp-block-image size-full\"><a href=\"https:\/\/centcols.org\/wp-content\/uploads\/2025\/10\/Thonon-Trieste-FS_etape05-10.jpg\"><img loading=\"lazy\" decoding=\"async\" width=\"1262\" height=\"1246\" data-id=\"91317\" src=\"https:\/\/centcols.org\/wp-content\/uploads\/2025\/10\/Thonon-Trieste-FS_etape05-10.jpg\" alt=\"\" class=\"wp-image-91317\" srcset=\"https:\/\/centcols.org\/wp-content\/uploads\/2025\/10\/Thonon-Trieste-FS_etape05-10.jpg 1262w, https:\/\/centcols.org\/wp-content\/uploads\/2025\/10\/Thonon-Trieste-FS_etape05-10-1200x1185.jpg 1200w, https:\/\/centcols.org\/wp-content\/uploads\/2025\/10\/Thonon-Trieste-FS_etape05-10-768x758.jpg 768w, https:\/\/centcols.org\/wp-content\/uploads\/2025\/10\/Thonon-Trieste-FS_etape05-10-12x12.jpg 12w\" sizes=\"auto, (max-width: 1262px) 100vw, 1262px\" \/><\/a><figcaption class=\"wp-element-caption\">Piove... molto...<\/figcaption><\/figure>\n\n\n\n<figure class=\"wp-block-image size-large\"><a href=\"https:\/\/centcols.org\/wp-content\/uploads\/2025\/10\/Thonon-Trieste-FS_etape05-11.jpg\"><img loading=\"lazy\" decoding=\"async\" width=\"1307\" height=\"873\" data-id=\"91318\" src=\"https:\/\/centcols.org\/wp-content\/uploads\/2025\/10\/Thonon-Trieste-FS_etape05-11.jpg\" alt=\"\" class=\"wp-image-91318\" srcset=\"https:\/\/centcols.org\/wp-content\/uploads\/2025\/10\/Thonon-Trieste-FS_etape05-11.jpg 1307w, https:\/\/centcols.org\/wp-content\/uploads\/2025\/10\/Thonon-Trieste-FS_etape05-11-1200x802.jpg 1200w, https:\/\/centcols.org\/wp-content\/uploads\/2025\/10\/Thonon-Trieste-FS_etape05-11-768x513.jpg 768w, https:\/\/centcols.org\/wp-content\/uploads\/2025\/10\/Thonon-Trieste-FS_etape05-11-18x12.jpg 18w\" sizes=\"auto, (max-width: 1307px) 100vw, 1307px\" \/><\/a><figcaption class=\"wp-element-caption\">La strada \u00e8 tutta nostra. \u00c8 piacevole, ma strana e spaventosa.<\/figcaption><\/figure>\n<\/figure>\n\n\n\n<p>&nbsp;La nota positiva \u00e8 che non abbiamo visto scendere il taxi. Dopo una decina di chilometri abbiamo incrociato un'auto. Ho fatto segno di fermarsi, ma il conducente ha pensato che stessi salutando e ha ricambiato il saluto senza fermarsi. Altri 3 km e incrociamo un'altra auto (sono le uniche due che vediamo scendere). Questa risponde ai miei richiami, si ferma e il conducente conferma che \"\u00e8 acceso\". In effetti, la configurazione in alto \u00e8 identica a quella che avevamo in basso: una barriera, ma non \u00e8 bloccata, quindi \u00e8 possibile sollevarla.<br>Naturalmente, non c'\u00e8 rete! Altri 2 km e la comunicazione telefonica \u00e8 possibile. Chiamo subito Jean-Marc e gli dico: \"Vai! O questo o una deviazione di 5 ore...<br>Quando arriva, stiamo scalando altre curve. Sul versante lombardo ce ne sono 40. Confesso che, stressato dalla situazione, non le ho contate.<\/p>\n\n\n\n<figure class=\"wp-block-gallery has-nested-images columns-4 is-cropped wp-block-gallery-21 is-layout-flex wp-block-gallery-is-layout-flex\">\n<figure class=\"wp-block-image size-full\"><a href=\"https:\/\/centcols.org\/wp-content\/uploads\/2025\/10\/Thonon-Trieste-FS_etape05-12.jpg\"><img loading=\"lazy\" decoding=\"async\" width=\"1307\" height=\"873\" data-id=\"91319\" src=\"https:\/\/centcols.org\/wp-content\/uploads\/2025\/10\/Thonon-Trieste-FS_etape05-12.jpg\" alt=\"\" class=\"wp-image-91319\" srcset=\"https:\/\/centcols.org\/wp-content\/uploads\/2025\/10\/Thonon-Trieste-FS_etape05-12.jpg 1307w, https:\/\/centcols.org\/wp-content\/uploads\/2025\/10\/Thonon-Trieste-FS_etape05-12-1200x802.jpg 1200w, https:\/\/centcols.org\/wp-content\/uploads\/2025\/10\/Thonon-Trieste-FS_etape05-12-768x513.jpg 768w, https:\/\/centcols.org\/wp-content\/uploads\/2025\/10\/Thonon-Trieste-FS_etape05-12-18x12.jpg 18w\" sizes=\"auto, (max-width: 1307px) 100vw, 1307px\" \/><\/a><figcaption class=\"wp-element-caption\">Uno dei 40 lacci (48 sull'altro lato)<\/figcaption><\/figure>\n\n\n\n<figure class=\"wp-block-image size-full\"><a href=\"https:\/\/centcols.org\/wp-content\/uploads\/2025\/10\/Thonon-Trieste-FS_etape05-13.jpg\"><img loading=\"lazy\" decoding=\"async\" width=\"1307\" height=\"873\" data-id=\"91320\" src=\"https:\/\/centcols.org\/wp-content\/uploads\/2025\/10\/Thonon-Trieste-FS_etape05-13.jpg\" alt=\"\" class=\"wp-image-91320\" srcset=\"https:\/\/centcols.org\/wp-content\/uploads\/2025\/10\/Thonon-Trieste-FS_etape05-13.jpg 1307w, https:\/\/centcols.org\/wp-content\/uploads\/2025\/10\/Thonon-Trieste-FS_etape05-13-1200x802.jpg 1200w, https:\/\/centcols.org\/wp-content\/uploads\/2025\/10\/Thonon-Trieste-FS_etape05-13-768x513.jpg 768w, https:\/\/centcols.org\/wp-content\/uploads\/2025\/10\/Thonon-Trieste-FS_etape05-13-18x12.jpg 18w\" sizes=\"auto, (max-width: 1307px) 100vw, 1307px\" \/><\/a><figcaption class=\"wp-element-caption\">Finalmente ho una rete. Chiamo Jean Marc e lo invito a passare.<\/figcaption><\/figure>\n\n\n\n<figure class=\"wp-block-image size-full\"><a href=\"https:\/\/centcols.org\/wp-content\/uploads\/2025\/10\/Thonon-Trieste-FS_etape05-14.jpg\"><img loading=\"lazy\" decoding=\"async\" width=\"1307\" height=\"873\" data-id=\"91321\" src=\"https:\/\/centcols.org\/wp-content\/uploads\/2025\/10\/Thonon-Trieste-FS_etape05-14.jpg\" alt=\"\" class=\"wp-image-91321\" srcset=\"https:\/\/centcols.org\/wp-content\/uploads\/2025\/10\/Thonon-Trieste-FS_etape05-14.jpg 1307w, https:\/\/centcols.org\/wp-content\/uploads\/2025\/10\/Thonon-Trieste-FS_etape05-14-1200x802.jpg 1200w, https:\/\/centcols.org\/wp-content\/uploads\/2025\/10\/Thonon-Trieste-FS_etape05-14-768x513.jpg 768w, https:\/\/centcols.org\/wp-content\/uploads\/2025\/10\/Thonon-Trieste-FS_etape05-14-18x12.jpg 18w\" sizes=\"auto, (max-width: 1307px) 100vw, 1307px\" \/><\/a><figcaption class=\"wp-element-caption\">Sacrario militare dello Stelvio (Prima Guerra Mondiale)<\/figcaption><\/figure>\n<\/figure>\n\n\n\n<p>A 3 km dalla vetta, un rapido ritorno al passo stradale pi\u00f9 alto della Svizzera, il Passo dell'Umbrail a 2501 m. Gli ultimi chilometri sono solidi e finalmente si arriva allo Stelvio, il passo stradale pi\u00f9 alto delle Alpi italiane con i suoi 2758 m (il pi\u00f9 alto delle Alpi \u00e8 l'Iseran).<\/p>\n\n\n\n<figure class=\"wp-block-gallery has-nested-images columns-2 is-cropped wp-block-gallery-22 is-layout-flex wp-block-gallery-is-layout-flex\">\n<figure class=\"wp-block-image size-full\"><a href=\"https:\/\/centcols.org\/wp-content\/uploads\/2025\/10\/Thonon-Trieste-FS_etape05-15.jpg\"><img loading=\"lazy\" decoding=\"async\" width=\"1307\" height=\"873\" data-id=\"91322\" src=\"https:\/\/centcols.org\/wp-content\/uploads\/2025\/10\/Thonon-Trieste-FS_etape05-15.jpg\" alt=\"\" class=\"wp-image-91322\" srcset=\"https:\/\/centcols.org\/wp-content\/uploads\/2025\/10\/Thonon-Trieste-FS_etape05-15.jpg 1307w, https:\/\/centcols.org\/wp-content\/uploads\/2025\/10\/Thonon-Trieste-FS_etape05-15-1200x802.jpg 1200w, https:\/\/centcols.org\/wp-content\/uploads\/2025\/10\/Thonon-Trieste-FS_etape05-15-768x513.jpg 768w, https:\/\/centcols.org\/wp-content\/uploads\/2025\/10\/Thonon-Trieste-FS_etape05-15-18x12.jpg 18w\" sizes=\"auto, (max-width: 1307px) 100vw, 1307px\" \/><\/a><figcaption class=\"wp-element-caption\">Rapida incursione in Svizzera per il Passo dell'Umbrail (CH 2501)<\/figcaption><\/figure>\n\n\n\n<figure class=\"wp-block-image size-full\"><a href=\"https:\/\/centcols.org\/wp-content\/uploads\/2025\/10\/Thonon-Trieste-FS_etape05-16.jpg\"><img loading=\"lazy\" decoding=\"async\" width=\"1307\" height=\"873\" data-id=\"91323\" src=\"https:\/\/centcols.org\/wp-content\/uploads\/2025\/10\/Thonon-Trieste-FS_etape05-16.jpg\" alt=\"\" class=\"wp-image-91323\" srcset=\"https:\/\/centcols.org\/wp-content\/uploads\/2025\/10\/Thonon-Trieste-FS_etape05-16.jpg 1307w, https:\/\/centcols.org\/wp-content\/uploads\/2025\/10\/Thonon-Trieste-FS_etape05-16-1200x802.jpg 1200w, https:\/\/centcols.org\/wp-content\/uploads\/2025\/10\/Thonon-Trieste-FS_etape05-16-768x513.jpg 768w, https:\/\/centcols.org\/wp-content\/uploads\/2025\/10\/Thonon-Trieste-FS_etape05-16-18x12.jpg 18w\" sizes=\"auto, (max-width: 1307px) 100vw, 1307px\" \/><\/a><figcaption class=\"wp-element-caption\">Stelvio in vista!<\/figcaption><\/figure>\n<\/figure>\n\n\n<div class=\"wp-block-image\">\n<figure class=\"aligncenter size-full is-resized\"><a href=\"https:\/\/centcols.org\/wp-content\/uploads\/2025\/10\/Thonon-Trieste-FS_etape05-17.jpg\"><img loading=\"lazy\" decoding=\"async\" width=\"909\" height=\"1246\" src=\"https:\/\/centcols.org\/wp-content\/uploads\/2025\/10\/Thonon-Trieste-FS_etape05-17.jpg\" alt=\"\" class=\"wp-image-91324\" style=\"width:auto;height:500px\" srcset=\"https:\/\/centcols.org\/wp-content\/uploads\/2025\/10\/Thonon-Trieste-FS_etape05-17.jpg 909w, https:\/\/centcols.org\/wp-content\/uploads\/2025\/10\/Thonon-Trieste-FS_etape05-17-875x1200.jpg 875w, https:\/\/centcols.org\/wp-content\/uploads\/2025\/10\/Thonon-Trieste-FS_etape05-17-768x1053.jpg 768w, https:\/\/centcols.org\/wp-content\/uploads\/2025\/10\/Thonon-Trieste-FS_etape05-17-9x12.jpg 9w\" sizes=\"auto, (max-width: 909px) 100vw, 909px\" \/><\/a><\/figure>\n<\/div>\n\n\n<p>Finalmente insieme (fiuuu!), ci godiamo questa cioccolata calda. Con panna, per favore! Grazie a Jean Marc, che si occupa del catering, potremo indossare strati extra e guanti lunghi.<\/p>\n\n\n\n<figure class=\"wp-block-gallery has-nested-images columns-default is-cropped wp-block-gallery-23 is-layout-flex wp-block-gallery-is-layout-flex\">\n<figure class=\"wp-block-image size-large\"><a href=\"https:\/\/centcols.org\/wp-content\/uploads\/2025\/10\/Thonon-Trieste-FS_etape05-18.jpg\"><img loading=\"lazy\" decoding=\"async\" width=\"1307\" height=\"1170\" data-id=\"91332\" src=\"https:\/\/centcols.org\/wp-content\/uploads\/2025\/10\/Thonon-Trieste-FS_etape05-18.jpg\" alt=\"\" class=\"wp-image-91332\" srcset=\"https:\/\/centcols.org\/wp-content\/uploads\/2025\/10\/Thonon-Trieste-FS_etape05-18.jpg 1307w, https:\/\/centcols.org\/wp-content\/uploads\/2025\/10\/Thonon-Trieste-FS_etape05-18-1200x1074.jpg 1200w, https:\/\/centcols.org\/wp-content\/uploads\/2025\/10\/Thonon-Trieste-FS_etape05-18-768x687.jpg 768w, https:\/\/centcols.org\/wp-content\/uploads\/2025\/10\/Thonon-Trieste-FS_etape05-18-13x12.jpg 13w\" sizes=\"auto, (max-width: 1307px) 100vw, 1307px\" \/><\/a><\/figure>\n\n\n\n<figure class=\"wp-block-image size-large\"><a href=\"https:\/\/centcols.org\/wp-content\/uploads\/2025\/10\/Thonon-Trieste-FS_etape05-20.jpg\"><img loading=\"lazy\" decoding=\"async\" width=\"1307\" height=\"557\" data-id=\"91327\" src=\"https:\/\/centcols.org\/wp-content\/uploads\/2025\/10\/Thonon-Trieste-FS_etape05-20.jpg\" alt=\"\" class=\"wp-image-91327\" srcset=\"https:\/\/centcols.org\/wp-content\/uploads\/2025\/10\/Thonon-Trieste-FS_etape05-20.jpg 1307w, https:\/\/centcols.org\/wp-content\/uploads\/2025\/10\/Thonon-Trieste-FS_etape05-20-1200x511.jpg 1200w, https:\/\/centcols.org\/wp-content\/uploads\/2025\/10\/Thonon-Trieste-FS_etape05-20-768x327.jpg 768w, https:\/\/centcols.org\/wp-content\/uploads\/2025\/10\/Thonon-Trieste-FS_etape05-20-18x8.jpg 18w\" sizes=\"auto, (max-width: 1307px) 100vw, 1307px\" \/><\/a><figcaption class=\"wp-element-caption\">Passo dello Stelvio (IT-BZ-2758), il valico pi\u00f9 alto del viaggio<\/figcaption><\/figure>\n\n\n\n<figure class=\"wp-block-image size-large\"><a href=\"https:\/\/centcols.org\/wp-content\/uploads\/2025\/10\/Thonon-Trieste-FS_etape05-19.jpg\"><img loading=\"lazy\" decoding=\"async\" width=\"1307\" height=\"961\" data-id=\"91333\" src=\"https:\/\/centcols.org\/wp-content\/uploads\/2025\/10\/Thonon-Trieste-FS_etape05-19.jpg\" alt=\"\" class=\"wp-image-91333\" srcset=\"https:\/\/centcols.org\/wp-content\/uploads\/2025\/10\/Thonon-Trieste-FS_etape05-19.jpg 1307w, https:\/\/centcols.org\/wp-content\/uploads\/2025\/10\/Thonon-Trieste-FS_etape05-19-1200x882.jpg 1200w, https:\/\/centcols.org\/wp-content\/uploads\/2025\/10\/Thonon-Trieste-FS_etape05-19-768x565.jpg 768w, https:\/\/centcols.org\/wp-content\/uploads\/2025\/10\/Thonon-Trieste-FS_etape05-19-16x12.jpg 16w\" sizes=\"auto, (max-width: 1307px) 100vw, 1307px\" \/><\/a><\/figure>\n<\/figure>\n\n\n\n<figure class=\"wp-block-gallery has-nested-images columns-default is-cropped wp-block-gallery-24 is-layout-flex wp-block-gallery-is-layout-flex\">\n<figure class=\"wp-block-image size-large\"><a href=\"https:\/\/centcols.org\/wp-content\/uploads\/2025\/10\/Thonon-Trieste-FS_etape05-21.jpg\"><img loading=\"lazy\" decoding=\"async\" width=\"1307\" height=\"873\" data-id=\"91326\" src=\"https:\/\/centcols.org\/wp-content\/uploads\/2025\/10\/Thonon-Trieste-FS_etape05-21.jpg\" alt=\"\" class=\"wp-image-91326\" srcset=\"https:\/\/centcols.org\/wp-content\/uploads\/2025\/10\/Thonon-Trieste-FS_etape05-21.jpg 1307w, https:\/\/centcols.org\/wp-content\/uploads\/2025\/10\/Thonon-Trieste-FS_etape05-21-1200x802.jpg 1200w, https:\/\/centcols.org\/wp-content\/uploads\/2025\/10\/Thonon-Trieste-FS_etape05-21-768x513.jpg 768w, https:\/\/centcols.org\/wp-content\/uploads\/2025\/10\/Thonon-Trieste-FS_etape05-21-18x12.jpg 18w\" sizes=\"auto, (max-width: 1307px) 100vw, 1307px\" \/><\/a><figcaption class=\"wp-element-caption\">Una cioccolata calda in cima allo Stelvio, prima di quella che si preannuncia una discesa difficile<\/figcaption><\/figure>\n\n\n\n<figure class=\"wp-block-image size-large\"><a href=\"https:\/\/centcols.org\/wp-content\/uploads\/2025\/10\/Thonon-Trieste-FS_etape05-22.jpg\"><img loading=\"lazy\" decoding=\"async\" width=\"1282\" height=\"1246\" data-id=\"91325\" src=\"https:\/\/centcols.org\/wp-content\/uploads\/2025\/10\/Thonon-Trieste-FS_etape05-22.jpg\" alt=\"\" class=\"wp-image-91325\" srcset=\"https:\/\/centcols.org\/wp-content\/uploads\/2025\/10\/Thonon-Trieste-FS_etape05-22.jpg 1282w, https:\/\/centcols.org\/wp-content\/uploads\/2025\/10\/Thonon-Trieste-FS_etape05-22-1200x1166.jpg 1200w, https:\/\/centcols.org\/wp-content\/uploads\/2025\/10\/Thonon-Trieste-FS_etape05-22-768x746.jpg 768w, https:\/\/centcols.org\/wp-content\/uploads\/2025\/10\/Thonon-Trieste-FS_etape05-22-12x12.jpg 12w\" sizes=\"auto, (max-width: 1282px) 100vw, 1282px\" \/><\/a><figcaption class=\"wp-element-caption\">Ci riscaldiamo il pi\u00f9 possibile prima della discesa.<\/figcaption><\/figure>\n<\/figure>\n\n\n\n<p class=\"has-text-align-center\">La nostra discesa, sul versante altoatesino con i suoi 48 tornanti, si svolge sotto una pioggia battente \ud83c\udf27\ud83c\udf27\ud83c\udf27\ud83c\udf27.<\/p>\n\n\n\n<figure class=\"wp-block-gallery has-nested-images columns-default is-cropped wp-block-gallery-25 is-layout-flex wp-block-gallery-is-layout-flex\">\n<figure class=\"wp-block-image size-large\"><a href=\"https:\/\/centcols.org\/wp-content\/uploads\/2025\/10\/Thonon-Trieste-FS_etape05-23.jpg\"><img loading=\"lazy\" decoding=\"async\" width=\"1307\" height=\"873\" data-id=\"91329\" src=\"https:\/\/centcols.org\/wp-content\/uploads\/2025\/10\/Thonon-Trieste-FS_etape05-23.jpg\" alt=\"\" class=\"wp-image-91329\" srcset=\"https:\/\/centcols.org\/wp-content\/uploads\/2025\/10\/Thonon-Trieste-FS_etape05-23.jpg 1307w, https:\/\/centcols.org\/wp-content\/uploads\/2025\/10\/Thonon-Trieste-FS_etape05-23-1200x802.jpg 1200w, https:\/\/centcols.org\/wp-content\/uploads\/2025\/10\/Thonon-Trieste-FS_etape05-23-768x513.jpg 768w, https:\/\/centcols.org\/wp-content\/uploads\/2025\/10\/Thonon-Trieste-FS_etape05-23-18x12.jpg 18w\" sizes=\"auto, (max-width: 1307px) 100vw, 1307px\" \/><\/a><\/figure>\n\n\n\n<figure class=\"wp-block-image size-large\"><a href=\"https:\/\/centcols.org\/wp-content\/uploads\/2025\/10\/Thonon-Trieste-FS_etape05-24.jpg\"><img loading=\"lazy\" decoding=\"async\" width=\"1307\" height=\"873\" data-id=\"91328\" src=\"https:\/\/centcols.org\/wp-content\/uploads\/2025\/10\/Thonon-Trieste-FS_etape05-24.jpg\" alt=\"\" class=\"wp-image-91328\" srcset=\"https:\/\/centcols.org\/wp-content\/uploads\/2025\/10\/Thonon-Trieste-FS_etape05-24.jpg 1307w, https:\/\/centcols.org\/wp-content\/uploads\/2025\/10\/Thonon-Trieste-FS_etape05-24-1200x802.jpg 1200w, https:\/\/centcols.org\/wp-content\/uploads\/2025\/10\/Thonon-Trieste-FS_etape05-24-768x513.jpg 768w, https:\/\/centcols.org\/wp-content\/uploads\/2025\/10\/Thonon-Trieste-FS_etape05-24-18x12.jpg 18w\" sizes=\"auto, (max-width: 1307px) 100vw, 1307px\" \/><\/a><\/figure>\n<\/figure>\n\n\n\n<p>Arriviamo a Malles-Venosta bagnati fradici. La nostra stanza assume rapidamente l'aspetto di un accampamento.<\/p>\n\n\n\n<figure class=\"wp-block-gallery has-nested-images columns-default is-cropped wp-block-gallery-26 is-layout-flex wp-block-gallery-is-layout-flex\">\n<figure class=\"wp-block-image size-large\"><a href=\"https:\/\/centcols.org\/wp-content\/uploads\/2025\/10\/Thonon-Trieste-FS_etape05-25.jpg\"><img loading=\"lazy\" decoding=\"async\" width=\"1307\" height=\"873\" data-id=\"91331\" src=\"https:\/\/centcols.org\/wp-content\/uploads\/2025\/10\/Thonon-Trieste-FS_etape05-25.jpg\" alt=\"\" class=\"wp-image-91331\" srcset=\"https:\/\/centcols.org\/wp-content\/uploads\/2025\/10\/Thonon-Trieste-FS_etape05-25.jpg 1307w, https:\/\/centcols.org\/wp-content\/uploads\/2025\/10\/Thonon-Trieste-FS_etape05-25-1200x802.jpg 1200w, https:\/\/centcols.org\/wp-content\/uploads\/2025\/10\/Thonon-Trieste-FS_etape05-25-768x513.jpg 768w, https:\/\/centcols.org\/wp-content\/uploads\/2025\/10\/Thonon-Trieste-FS_etape05-25-18x12.jpg 18w\" sizes=\"auto, (max-width: 1307px) 100vw, 1307px\" \/><\/a><\/figure>\n\n\n\n<figure class=\"wp-block-image size-large\"><a href=\"https:\/\/centcols.org\/wp-content\/uploads\/2025\/10\/Thonon-Trieste-FS_etape05-26.jpg\"><img loading=\"lazy\" decoding=\"async\" width=\"1307\" height=\"873\" data-id=\"91330\" src=\"https:\/\/centcols.org\/wp-content\/uploads\/2025\/10\/Thonon-Trieste-FS_etape05-26.jpg\" alt=\"\" class=\"wp-image-91330\" srcset=\"https:\/\/centcols.org\/wp-content\/uploads\/2025\/10\/Thonon-Trieste-FS_etape05-26.jpg 1307w, https:\/\/centcols.org\/wp-content\/uploads\/2025\/10\/Thonon-Trieste-FS_etape05-26-1200x802.jpg 1200w, https:\/\/centcols.org\/wp-content\/uploads\/2025\/10\/Thonon-Trieste-FS_etape05-26-768x513.jpg 768w, https:\/\/centcols.org\/wp-content\/uploads\/2025\/10\/Thonon-Trieste-FS_etape05-26-18x12.jpg 18w\" sizes=\"auto, (max-width: 1307px) 100vw, 1307px\" \/><\/a><figcaption class=\"wp-element-caption\">Siamo nella parte italiana di lingua tedesca. Il tedesco ha di gran lunga la precedenza sull'italiano.<br>Sorprendente ...<\/figcaption><\/figure>\n<\/figure>\n\n\n\n<p>In alternativa, se volete scalare lo Stelvio senza auto, ma con tante biciclette, due giorni dopo la nostra visita ci sar\u00e0 una giornata speciale \"Stelvio senza auto\".<br>E se volete scalare lo Stelvio sotto il sole, venite in una giornata di bel tempo \ud83d\ude09 ... Sono stato felice di scalare questo passo leggendario. Certo, non l'abbiamo fatto in condizioni ottimali. Detto questo, quando stavamo preparando il viaggio, mi ero abituato all'idea che la salita potesse essere impossibile. Pensavo a una possibile tempesta di neve. Quindi sono positivo e esco da questa avventura molto contento. E, per la cronaca, il giorno dopo in vetta ha nevicato abbondantemente. Come si vede dalla webcam in vetta.<br>L'abbiamo scoperto solo il giorno dopo, ma la strada era chiusa a causa di un'allerta rossa: maltempo in Lombardia. Quindi, ovviamente, mantengo un profilo basso - \u00e8 ovvio che non avremmo dovuto passare. Ma grazie a questo tassista italiano!<\/p>\n\n\n\n<div class=\"wp-block-buttons is-content-justification-space-between is-layout-flex wp-container-core-buttons-is-layout-3d213aab wp-block-buttons-is-layout-flex\">\n<div class=\"wp-block-button\"><a class=\"wp-block-button__link has-text-color has-background has-link-color wp-element-button\" href=\"https:\/\/centcols.org\/it\/thonon-trieste-fred-singla-2025\/5\/\" style=\"color:#2a488c;background-color:#88f2fd;text-transform:uppercase\"><strong>Stadio precedente<\/strong><\/a><\/div>\n\n\n\n<div class=\"wp-block-button\"><a class=\"wp-block-button__link has-text-color has-background has-link-color wp-element-button\" href=\"https:\/\/centcols.org\/it\/thonon-trieste-fred-singla-2025\/7\/\" style=\"color:#2a488c;background-color:#88f2fd;text-transform:uppercase\"><strong>Passo successivo<\/strong><\/a><\/div>\n<\/div>\n\n\n\n<!--nextpage-->\n\n\n\n<h2 class=\"wp-block-heading\"><em> Giorno 6: da<\/em> Bauli Venosta a Bolzano<\/h2>\n\n\n\n<p>137 km - 1950 m di dislivello, 2 passi <\/p>\n\n\n\n<p>A Malles-Venosta, dove ci siamo fermati ieri, eravamo s\u00ec in Italia, ma in una regione di lingua tedesca. Tutti parlano tedesco e tutto \u00e8 scritto prima in tedesco e poi in italiano. Tutte le citt\u00e0, i luoghi e cos\u00ec via hanno due nomi... Si sente molto di pi\u00f9 l'influenza germanica che quella italiana. Noteremo questa specificit\u00e0 quasi fino a Bolzano.<br>Sapevo che la Svizzera era divisa tra diverse regioni culturali e linguistiche. Tedesco, francese, italiano e romancio, solo per citarne alcune. Lo stesso vale per il Belgio, con i suoi francofoni e olandesi. Non avevo idea che il tedesco fosse la lingua principale in alcune regioni italiane.<br><br>Siamo partiti da Malles sotto la pioggia e i primi 20 km sono stati molto spiacevoli. Dopo aver attraversato Glorenza (Glurns), abbiamo preso una pista ciclabile per 30 km. Segue l'Adige, che si \u00e8 ingrossato molto a causa del maltempo degli ultimi giorni.<\/p>\n\n\n<div class=\"wp-block-image\">\n<figure class=\"aligncenter size-full is-resized\"><a href=\"https:\/\/centcols.org\/wp-content\/uploads\/2025\/10\/Thonon-Trieste-FS_etape06-01.jpg\"><img loading=\"lazy\" decoding=\"async\" width=\"1307\" height=\"873\" src=\"https:\/\/centcols.org\/wp-content\/uploads\/2025\/10\/Thonon-Trieste-FS_etape06-01.jpg\" alt=\"\" class=\"wp-image-91361\" style=\"width:800px\" srcset=\"https:\/\/centcols.org\/wp-content\/uploads\/2025\/10\/Thonon-Trieste-FS_etape06-01.jpg 1307w, https:\/\/centcols.org\/wp-content\/uploads\/2025\/10\/Thonon-Trieste-FS_etape06-01-1200x802.jpg 1200w, https:\/\/centcols.org\/wp-content\/uploads\/2025\/10\/Thonon-Trieste-FS_etape06-01-768x513.jpg 768w, https:\/\/centcols.org\/wp-content\/uploads\/2025\/10\/Thonon-Trieste-FS_etape06-01-18x12.jpg 18w\" sizes=\"auto, (max-width: 1307px) 100vw, 1307px\" \/><\/a><figcaption class=\"wp-element-caption\">Attraversiamo Glurns (Glorenza) sotto la pioggia.<br>Sta diventando un'abitudine<\/figcaption><\/figure>\n<\/div>\n\n\n<figure class=\"wp-block-gallery has-nested-images columns-default is-cropped wp-block-gallery-27 is-layout-flex wp-block-gallery-is-layout-flex\">\n<figure class=\"wp-block-image size-large\"><a href=\"https:\/\/centcols.org\/wp-content\/uploads\/2025\/10\/Thonon-Trieste-FS_etape06-02.jpg\"><img loading=\"lazy\" decoding=\"async\" width=\"1307\" height=\"873\" data-id=\"91363\" src=\"https:\/\/centcols.org\/wp-content\/uploads\/2025\/10\/Thonon-Trieste-FS_etape06-02.jpg\" alt=\"\" class=\"wp-image-91363\" srcset=\"https:\/\/centcols.org\/wp-content\/uploads\/2025\/10\/Thonon-Trieste-FS_etape06-02.jpg 1307w, https:\/\/centcols.org\/wp-content\/uploads\/2025\/10\/Thonon-Trieste-FS_etape06-02-1200x802.jpg 1200w, https:\/\/centcols.org\/wp-content\/uploads\/2025\/10\/Thonon-Trieste-FS_etape06-02-768x513.jpg 768w, https:\/\/centcols.org\/wp-content\/uploads\/2025\/10\/Thonon-Trieste-FS_etape06-02-18x12.jpg 18w\" sizes=\"auto, (max-width: 1307px) 100vw, 1307px\" \/><\/a><\/figure>\n\n\n\n<figure class=\"wp-block-image size-large\"><a href=\"https:\/\/centcols.org\/wp-content\/uploads\/2025\/10\/Thonon-Trieste-FS_etape06-04.jpg\"><img loading=\"lazy\" decoding=\"async\" width=\"731\" height=\"1246\" data-id=\"91362\" src=\"https:\/\/centcols.org\/wp-content\/uploads\/2025\/10\/Thonon-Trieste-FS_etape06-04.jpg\" alt=\"\" class=\"wp-image-91362\" srcset=\"https:\/\/centcols.org\/wp-content\/uploads\/2025\/10\/Thonon-Trieste-FS_etape06-04.jpg 731w, https:\/\/centcols.org\/wp-content\/uploads\/2025\/10\/Thonon-Trieste-FS_etape06-04-704x1200.jpg 704w, https:\/\/centcols.org\/wp-content\/uploads\/2025\/10\/Thonon-Trieste-FS_etape06-04-7x12.jpg 7w\" sizes=\"auto, (max-width: 731px) 100vw, 731px\" \/><\/a><figcaption class=\"wp-element-caption\">Prima in tedesco, poi in italiano<\/figcaption><\/figure>\n\n\n\n<figure class=\"wp-block-image size-large\"><a href=\"https:\/\/centcols.org\/wp-content\/uploads\/2025\/10\/Thonon-Trieste-FS_etape06-03.jpg\"><img loading=\"lazy\" decoding=\"async\" width=\"1307\" height=\"873\" data-id=\"91364\" src=\"https:\/\/centcols.org\/wp-content\/uploads\/2025\/10\/Thonon-Trieste-FS_etape06-03.jpg\" alt=\"\" class=\"wp-image-91364\" srcset=\"https:\/\/centcols.org\/wp-content\/uploads\/2025\/10\/Thonon-Trieste-FS_etape06-03.jpg 1307w, https:\/\/centcols.org\/wp-content\/uploads\/2025\/10\/Thonon-Trieste-FS_etape06-03-1200x802.jpg 1200w, https:\/\/centcols.org\/wp-content\/uploads\/2025\/10\/Thonon-Trieste-FS_etape06-03-768x513.jpg 768w, https:\/\/centcols.org\/wp-content\/uploads\/2025\/10\/Thonon-Trieste-FS_etape06-03-18x12.jpg 18w\" sizes=\"auto, (max-width: 1307px) 100vw, 1307px\" \/><\/a><\/figure>\n<\/figure>\n\n\n\n<p><br>Siamo in Val Venosta, dove abbondano i meleti. Pensavo di averli gi\u00e0 visti il primo giorno in Svizzera, ma questa \u00e8 una dimensione completamente nuova. Una valle molto ampia piena di frutteti che seguiamo per 60 km. Finalmente ha smesso di piovere \ud83d\ude0a.<\/p>\n\n\n<div class=\"wp-block-image\">\n<figure class=\"aligncenter size-full is-resized\"><a href=\"https:\/\/centcols.org\/wp-content\/uploads\/2025\/10\/Thonon-Trieste-FS_etape06-05.jpg\"><img loading=\"lazy\" decoding=\"async\" width=\"1307\" height=\"873\" src=\"https:\/\/centcols.org\/wp-content\/uploads\/2025\/10\/Thonon-Trieste-FS_etape06-05.jpg\" alt=\"\" class=\"wp-image-91365\" style=\"width:800px\" srcset=\"https:\/\/centcols.org\/wp-content\/uploads\/2025\/10\/Thonon-Trieste-FS_etape06-05.jpg 1307w, https:\/\/centcols.org\/wp-content\/uploads\/2025\/10\/Thonon-Trieste-FS_etape06-05-1200x802.jpg 1200w, https:\/\/centcols.org\/wp-content\/uploads\/2025\/10\/Thonon-Trieste-FS_etape06-05-768x513.jpg 768w, https:\/\/centcols.org\/wp-content\/uploads\/2025\/10\/Thonon-Trieste-FS_etape06-05-18x12.jpg 18w\" sizes=\"auto, (max-width: 1307px) 100vw, 1307px\" \/><\/a><\/figure>\n<\/div>\n\n\n<p><br>Salita al Passo Palade invasa da motociclisti. La loro principale distrazione, dopo aver sorpassato i ciclisti con i loro motori rombanti, sembra essere l'apposizione di adesivi del club sui cartelli dei passi.<\/p>\n\n\n<div class=\"wp-block-image\">\n<figure class=\"aligncenter size-large is-resized\"><a href=\"https:\/\/centcols.org\/wp-content\/uploads\/2025\/10\/Thonon-Trieste-FS_etape06-06.jpg\"><img loading=\"lazy\" decoding=\"async\" width=\"641\" height=\"1246\" src=\"https:\/\/centcols.org\/wp-content\/uploads\/2025\/10\/Thonon-Trieste-FS_etape06-06.jpg\" alt=\"\" class=\"wp-image-91366\" style=\"width:auto;height:500px\" srcset=\"https:\/\/centcols.org\/wp-content\/uploads\/2025\/10\/Thonon-Trieste-FS_etape06-06.jpg 641w, https:\/\/centcols.org\/wp-content\/uploads\/2025\/10\/Thonon-Trieste-FS_etape06-06-617x1200.jpg 617w, https:\/\/centcols.org\/wp-content\/uploads\/2025\/10\/Thonon-Trieste-FS_etape06-06-6x12.jpg 6w\" sizes=\"auto, (max-width: 641px) 100vw, 641px\" \/><\/a><figcaption class=\"wp-element-caption\">Il confine tra le due province segna il Passo Palade<\/figcaption><\/figure>\n<\/div>\n\n<div class=\"wp-block-image\">\n<figure class=\"aligncenter size-large is-resized\"><a href=\"https:\/\/centcols.org\/wp-content\/uploads\/2025\/10\/Thonon-Trieste-FS_etape06-07.jpg\"><img loading=\"lazy\" decoding=\"async\" width=\"1238\" height=\"1246\" src=\"https:\/\/centcols.org\/wp-content\/uploads\/2025\/10\/Thonon-Trieste-FS_etape06-07.jpg\" alt=\"\" class=\"wp-image-91367\" style=\"width:600px\" srcset=\"https:\/\/centcols.org\/wp-content\/uploads\/2025\/10\/Thonon-Trieste-FS_etape06-07.jpg 1238w, https:\/\/centcols.org\/wp-content\/uploads\/2025\/10\/Thonon-Trieste-FS_etape06-07-1192x1200.jpg 1192w, https:\/\/centcols.org\/wp-content\/uploads\/2025\/10\/Thonon-Trieste-FS_etape06-07-150x150.jpg 150w, https:\/\/centcols.org\/wp-content\/uploads\/2025\/10\/Thonon-Trieste-FS_etape06-07-768x773.jpg 768w, https:\/\/centcols.org\/wp-content\/uploads\/2025\/10\/Thonon-Trieste-FS_etape06-07-12x12.jpg 12w\" sizes=\"auto, (max-width: 1238px) 100vw, 1238px\" \/><\/a><\/figure>\n<\/div>\n\n\n<p><br>A Villini dell'Alpe, come ovunque, le case sono decorate. La proprietaria di questa mi ha spiegato che \"il pap\u00e0\" era il tassista e \"la mamma\" consegnava il pane. Almeno questo \u00e8 quello che ho capito io, visto che non parlava n\u00e9 francese n\u00e9 inglese e io non parlavo italiano. Quello che ho capito perfettamente \u00e8 stato ci\u00f2 che ha detto al marito quando me ne sono andata: \"il signore dice \u00e9 molto bello\", che ho tradotto come \"il signore, ha detto che \u00e8 molto bello\".<\/p>\n\n\n\n<figure class=\"wp-block-gallery has-nested-images columns-default is-cropped wp-block-gallery-28 is-layout-flex wp-block-gallery-is-layout-flex\">\n<figure class=\"wp-block-image size-large\"><a href=\"https:\/\/centcols.org\/wp-content\/uploads\/2025\/10\/Thonon-Trieste-FS_etape06-08.jpg\"><img loading=\"lazy\" decoding=\"async\" width=\"1307\" height=\"873\" data-id=\"91370\" src=\"https:\/\/centcols.org\/wp-content\/uploads\/2025\/10\/Thonon-Trieste-FS_etape06-08.jpg\" alt=\"\" class=\"wp-image-91370\" srcset=\"https:\/\/centcols.org\/wp-content\/uploads\/2025\/10\/Thonon-Trieste-FS_etape06-08.jpg 1307w, https:\/\/centcols.org\/wp-content\/uploads\/2025\/10\/Thonon-Trieste-FS_etape06-08-1200x802.jpg 1200w, https:\/\/centcols.org\/wp-content\/uploads\/2025\/10\/Thonon-Trieste-FS_etape06-08-768x513.jpg 768w, https:\/\/centcols.org\/wp-content\/uploads\/2025\/10\/Thonon-Trieste-FS_etape06-08-18x12.jpg 18w\" sizes=\"auto, (max-width: 1307px) 100vw, 1307px\" \/><\/a><\/figure>\n\n\n\n<figure class=\"wp-block-image size-large\"><a href=\"https:\/\/centcols.org\/wp-content\/uploads\/2025\/10\/Thonon-Trieste-FS_etape06-09.jpg\"><img loading=\"lazy\" decoding=\"async\" width=\"1307\" height=\"873\" data-id=\"91369\" src=\"https:\/\/centcols.org\/wp-content\/uploads\/2025\/10\/Thonon-Trieste-FS_etape06-09.jpg\" alt=\"\" class=\"wp-image-91369\" srcset=\"https:\/\/centcols.org\/wp-content\/uploads\/2025\/10\/Thonon-Trieste-FS_etape06-09.jpg 1307w, https:\/\/centcols.org\/wp-content\/uploads\/2025\/10\/Thonon-Trieste-FS_etape06-09-1200x802.jpg 1200w, https:\/\/centcols.org\/wp-content\/uploads\/2025\/10\/Thonon-Trieste-FS_etape06-09-768x513.jpg 768w, https:\/\/centcols.org\/wp-content\/uploads\/2025\/10\/Thonon-Trieste-FS_etape06-09-18x12.jpg 18w\" sizes=\"auto, (max-width: 1307px) 100vw, 1307px\" \/><\/a><figcaption class=\"wp-element-caption\">Ho parlato con il proprietario e ho capito che, all'epoca, la mamma consegnava il pane e il pap\u00e0 guidava il taxi.<\/figcaption><\/figure>\n<\/figure>\n\n\n\n<p>\u00c8 un'altra bella pista ciclabile che ci porta al Passo della Mendola. Ha la particolarit\u00e0 di essere tra i 9 e i 20 % negli ultimi 3 km. Ah, siamo lontani dalle piste ciclabili delle Lande! Non \u00e8 lo Stelvio, ma comunque!<\/p>\n\n\n\n<figure class=\"wp-block-gallery has-nested-images columns-default is-cropped wp-block-gallery-29 is-layout-flex wp-block-gallery-is-layout-flex\">\n<figure class=\"wp-block-image size-large\"><a href=\"https:\/\/centcols.org\/wp-content\/uploads\/2025\/10\/Thonon-Trieste-FS_etape06-10.jpg\"><img loading=\"lazy\" decoding=\"async\" width=\"1307\" height=\"873\" data-id=\"91371\" src=\"https:\/\/centcols.org\/wp-content\/uploads\/2025\/10\/Thonon-Trieste-FS_etape06-10.jpg\" alt=\"\" class=\"wp-image-91371\" srcset=\"https:\/\/centcols.org\/wp-content\/uploads\/2025\/10\/Thonon-Trieste-FS_etape06-10.jpg 1307w, https:\/\/centcols.org\/wp-content\/uploads\/2025\/10\/Thonon-Trieste-FS_etape06-10-1200x802.jpg 1200w, https:\/\/centcols.org\/wp-content\/uploads\/2025\/10\/Thonon-Trieste-FS_etape06-10-768x513.jpg 768w, https:\/\/centcols.org\/wp-content\/uploads\/2025\/10\/Thonon-Trieste-FS_etape06-10-18x12.jpg 18w\" sizes=\"auto, (max-width: 1307px) 100vw, 1307px\" \/><\/a><figcaption class=\"wp-element-caption\">Pista ciclabile<\/figcaption><\/figure>\n\n\n\n<figure class=\"wp-block-image size-large\"><a href=\"https:\/\/centcols.org\/wp-content\/uploads\/2025\/10\/Thonon-Trieste-FS_etape06-11.jpg\"><img loading=\"lazy\" decoding=\"async\" width=\"1307\" height=\"724\" data-id=\"91372\" src=\"https:\/\/centcols.org\/wp-content\/uploads\/2025\/10\/Thonon-Trieste-FS_etape06-11.jpg\" alt=\"\" class=\"wp-image-91372\" srcset=\"https:\/\/centcols.org\/wp-content\/uploads\/2025\/10\/Thonon-Trieste-FS_etape06-11.jpg 1307w, https:\/\/centcols.org\/wp-content\/uploads\/2025\/10\/Thonon-Trieste-FS_etape06-11-1200x665.jpg 1200w, https:\/\/centcols.org\/wp-content\/uploads\/2025\/10\/Thonon-Trieste-FS_etape06-11-768x425.jpg 768w, https:\/\/centcols.org\/wp-content\/uploads\/2025\/10\/Thonon-Trieste-FS_etape06-11-18x10.jpg 18w\" sizes=\"auto, (max-width: 1307px) 100vw, 1307px\" \/><\/a><figcaption class=\"wp-element-caption\">Passo Mendola (IT-BZ-1363)<\/figcaption><\/figure>\n<\/figure>\n\n\n<div class=\"wp-block-image\">\n<figure class=\"aligncenter size-large is-resized\"><a href=\"https:\/\/centcols.org\/wp-content\/uploads\/2025\/10\/Thonon-Trieste-FS_etape06-15-scaled.jpg\"><img loading=\"lazy\" decoding=\"async\" width=\"1920\" height=\"1283\" src=\"https:\/\/centcols.org\/wp-content\/uploads\/2025\/10\/Thonon-Trieste-FS_etape06-15-1920x1283.jpg\" alt=\"\" class=\"wp-image-91368\" style=\"width:600px\" srcset=\"https:\/\/centcols.org\/wp-content\/uploads\/2025\/10\/Thonon-Trieste-FS_etape06-15-1920x1283.jpg 1920w, https:\/\/centcols.org\/wp-content\/uploads\/2025\/10\/Thonon-Trieste-FS_etape06-15-1200x802.jpg 1200w, https:\/\/centcols.org\/wp-content\/uploads\/2025\/10\/Thonon-Trieste-FS_etape06-15-768x513.jpg 768w, https:\/\/centcols.org\/wp-content\/uploads\/2025\/10\/Thonon-Trieste-FS_etape06-15-1536x1026.jpg 1536w, https:\/\/centcols.org\/wp-content\/uploads\/2025\/10\/Thonon-Trieste-FS_etape06-15-2048x1368.jpg 2048w, https:\/\/centcols.org\/wp-content\/uploads\/2025\/10\/Thonon-Trieste-FS_etape06-15-18x12.jpg 18w\" sizes=\"auto, (max-width: 1920px) 100vw, 1920px\" \/><\/a><figcaption class=\"wp-element-caption\">A sostegno del mio precedente commento sui motociclisti, si noti che questo cartello \u00e8 appollaiato a circa 5 m da terra!<\/figcaption><\/figure>\n<\/div>\n\n\n<p>Sulla magnifica discesa della Mendola, vista mozzafiato su Bolzano (Bolsen) e sulla valle dell'Adige.<\/p>\n\n\n\n<figure class=\"wp-block-gallery has-nested-images columns-default is-cropped wp-block-gallery-30 is-layout-flex wp-block-gallery-is-layout-flex\">\n<figure class=\"wp-block-image size-large\"><a href=\"https:\/\/centcols.org\/wp-content\/uploads\/2025\/10\/Thonon-Trieste-FS_etape06-12.jpg\"><img loading=\"lazy\" decoding=\"async\" width=\"1307\" height=\"873\" data-id=\"91374\" src=\"https:\/\/centcols.org\/wp-content\/uploads\/2025\/10\/Thonon-Trieste-FS_etape06-12.jpg\" alt=\"\" class=\"wp-image-91374\" srcset=\"https:\/\/centcols.org\/wp-content\/uploads\/2025\/10\/Thonon-Trieste-FS_etape06-12.jpg 1307w, https:\/\/centcols.org\/wp-content\/uploads\/2025\/10\/Thonon-Trieste-FS_etape06-12-1200x802.jpg 1200w, https:\/\/centcols.org\/wp-content\/uploads\/2025\/10\/Thonon-Trieste-FS_etape06-12-768x513.jpg 768w, https:\/\/centcols.org\/wp-content\/uploads\/2025\/10\/Thonon-Trieste-FS_etape06-12-18x12.jpg 18w\" sizes=\"auto, (max-width: 1307px) 100vw, 1307px\" \/><\/a><\/figure>\n\n\n\n<figure class=\"wp-block-image size-large\"><a href=\"https:\/\/centcols.org\/wp-content\/uploads\/2025\/10\/Thonon-Trieste-FS_etape06-13.jpg\"><img loading=\"lazy\" decoding=\"async\" width=\"1307\" height=\"873\" data-id=\"91373\" src=\"https:\/\/centcols.org\/wp-content\/uploads\/2025\/10\/Thonon-Trieste-FS_etape06-13.jpg\" alt=\"\" class=\"wp-image-91373\" srcset=\"https:\/\/centcols.org\/wp-content\/uploads\/2025\/10\/Thonon-Trieste-FS_etape06-13.jpg 1307w, https:\/\/centcols.org\/wp-content\/uploads\/2025\/10\/Thonon-Trieste-FS_etape06-13-1200x802.jpg 1200w, https:\/\/centcols.org\/wp-content\/uploads\/2025\/10\/Thonon-Trieste-FS_etape06-13-768x513.jpg 768w, https:\/\/centcols.org\/wp-content\/uploads\/2025\/10\/Thonon-Trieste-FS_etape06-13-18x12.jpg 18w\" sizes=\"auto, (max-width: 1307px) 100vw, 1307px\" \/><\/a><\/figure>\n<\/figure>\n\n\n\n<p>Un'altra bella pista ciclabile ci porta attraverso la valle tra i numerosi vigneti.<\/p>\n\n\n<div class=\"wp-block-image\">\n<figure class=\"aligncenter size-full is-resized\"><a href=\"https:\/\/centcols.org\/wp-content\/uploads\/2025\/10\/Thonon-Trieste-FS_etape06-14-1.jpg\"><img loading=\"lazy\" decoding=\"async\" width=\"1307\" height=\"873\" src=\"https:\/\/centcols.org\/wp-content\/uploads\/2025\/10\/Thonon-Trieste-FS_etape06-14-1.jpg\" alt=\"\" class=\"wp-image-91376\" style=\"width:800px\" srcset=\"https:\/\/centcols.org\/wp-content\/uploads\/2025\/10\/Thonon-Trieste-FS_etape06-14-1.jpg 1307w, https:\/\/centcols.org\/wp-content\/uploads\/2025\/10\/Thonon-Trieste-FS_etape06-14-1-1200x802.jpg 1200w, https:\/\/centcols.org\/wp-content\/uploads\/2025\/10\/Thonon-Trieste-FS_etape06-14-1-768x513.jpg 768w, https:\/\/centcols.org\/wp-content\/uploads\/2025\/10\/Thonon-Trieste-FS_etape06-14-1-18x12.jpg 18w\" sizes=\"auto, (max-width: 1307px) 100vw, 1307px\" \/><\/a><\/figure>\n<\/div>\n\n\n<p><br>Arrivo al nostro hotel dopo 137 km, D 1950 e 2 passi a bassa quota (1512 e 1363), ma non cos\u00ec facile! 50 km di magnifiche piste ciclabili oggi.<br><br>Domani, le Dolomiti. Incrociamo le dita per il bel tempo.<\/p>\n\n\n\n<p>Mentre lasciamo il ristorante, si scatena un enorme temporale sulle montagne che circondano la citt\u00e0. I tuoni e i lampi sono impressionanti. <\/p>\n\n\n\n<p>Suvvia, qualsiasi cosa cada stanotte non cadr\u00e0 domani... in linea di principio.<\/p>\n\n\n\n<div class=\"wp-block-buttons is-content-justification-space-between is-layout-flex wp-container-core-buttons-is-layout-3d213aab wp-block-buttons-is-layout-flex\">\n<div class=\"wp-block-button\"><a class=\"wp-block-button__link has-text-color has-background has-link-color wp-element-button\" href=\"https:\/\/centcols.org\/it\/thonon-trieste-fred-singla-2025\/6\/\" style=\"color:#2a488c;background-color:#88f2fd;text-transform:uppercase\"><strong>Stadio precedente<\/strong><\/a><\/div>\n\n\n\n<div class=\"wp-block-button\"><a class=\"wp-block-button__link has-text-color has-background has-link-color wp-element-button\" href=\"https:\/\/centcols.org\/it\/thonon-trieste-fred-singla-2025\/8\/\" style=\"color:#2a488c;background-color:#88f2fd;text-transform:uppercase\"><strong>Passo successivo<\/strong><\/a><\/div>\n<\/div>\n\n\n\n<!--nextpage-->\n\n\n\n<h2 class=\"wp-block-heading\"><em> 7\u00b0 giorno: da <\/em>Da Bolzano a Arabba<\/h2>\n\n\n\n<p>96 km - 3200 m di dislivello, 7 passi di cui 6 &gt;2000 m<\/p>\n\n\n\n<p>Per questa tappa, pedaleremo in una regione che \u00e8 il sogno di ogni ciclista amante della montagna. Per un centociclista, non \u00e8 esagerato definire le Dolomiti come una tappa obbligata. Un must, ma molto impegnativo!<\/p>\n\n\n\n<p>Ancora una volta abbiamo lasciato l'hotel sotto la pioggia. Bolzano \u00e8 una grande citt\u00e0, ma uscire dalla citt\u00e0 \u00e8 facilitato da un'ottima rete di piste ciclabili.<\/p>\n\n\n\n<p>Costeggiamo l'Isarco (Eisack), attraversandolo attraverso un curioso ponte coperto in legno. Non appena abbiamo lasciato la valle, le pendenze sono state impressionanti. Fino a quel momento non avevo indossato il 34 x 34. Ora l'ho fatto...<\/p>\n\n\n\n<figure class=\"wp-block-gallery has-nested-images columns-default is-cropped wp-block-gallery-31 is-layout-flex wp-block-gallery-is-layout-flex\">\n<figure class=\"wp-block-image size-large\"><a href=\"https:\/\/centcols.org\/wp-content\/uploads\/2025\/10\/Thonon-Trieste-FS_etape07-01.jpg\"><img loading=\"lazy\" decoding=\"async\" width=\"1200\" height=\"802\" data-id=\"91447\" src=\"https:\/\/centcols.org\/wp-content\/uploads\/2025\/10\/Thonon-Trieste-FS_etape07-01.jpg\" alt=\"\" class=\"wp-image-91447\" srcset=\"https:\/\/centcols.org\/wp-content\/uploads\/2025\/10\/Thonon-Trieste-FS_etape07-01.jpg 1200w, https:\/\/centcols.org\/wp-content\/uploads\/2025\/10\/Thonon-Trieste-FS_etape07-01-768x513.jpg 768w, https:\/\/centcols.org\/wp-content\/uploads\/2025\/10\/Thonon-Trieste-FS_etape07-01-18x12.jpg 18w\" sizes=\"auto, (max-width: 1200px) 100vw, 1200px\" \/><\/a><\/figure>\n\n\n\n<figure class=\"wp-block-image size-large\"><a href=\"https:\/\/centcols.org\/wp-content\/uploads\/2025\/10\/Thonon-Trieste-FS_etape07-02.jpg\"><img loading=\"lazy\" decoding=\"async\" width=\"1200\" height=\"802\" data-id=\"91446\" src=\"https:\/\/centcols.org\/wp-content\/uploads\/2025\/10\/Thonon-Trieste-FS_etape07-02.jpg\" alt=\"\" class=\"wp-image-91446\" srcset=\"https:\/\/centcols.org\/wp-content\/uploads\/2025\/10\/Thonon-Trieste-FS_etape07-02.jpg 1200w, https:\/\/centcols.org\/wp-content\/uploads\/2025\/10\/Thonon-Trieste-FS_etape07-02-768x513.jpg 768w, https:\/\/centcols.org\/wp-content\/uploads\/2025\/10\/Thonon-Trieste-FS_etape07-02-18x12.jpg 18w\" sizes=\"auto, (max-width: 1200px) 100vw, 1200px\" \/><\/a><figcaption class=\"wp-element-caption\">Appena usciti dalla Val d'Isarco, la strada ha iniziato a cedere MOLTO.<\/figcaption><\/figure>\n<\/figure>\n\n\n\n<p>Dopo aver attraversato Kasteltuth (Castelrotto), dove ogni casa \u00e8 pi\u00f9 decorata dell'altra, raggiungiamo il passo di Pin\u00e9i... nella nebbia. Tutti i cartelli sono ora in 3 lingue, ladino, tedesco e italiano. Cos\u00ec ci immergiamo in Runcadic o Rungaditsch o Roncadizza. Ci sono anche 3 nomi per gli abitanti? Mistero ....&nbsp;<\/p>\n\n\n\n<figure class=\"wp-block-gallery has-nested-images columns-default is-cropped wp-block-gallery-32 is-layout-flex wp-block-gallery-is-layout-flex\">\n<figure class=\"wp-block-image size-large\"><a href=\"https:\/\/centcols.org\/wp-content\/uploads\/2025\/10\/Thonon-Trieste-FS_etape07-03.jpg\"><img loading=\"lazy\" decoding=\"async\" width=\"1200\" height=\"802\" data-id=\"91452\" src=\"https:\/\/centcols.org\/wp-content\/uploads\/2025\/10\/Thonon-Trieste-FS_etape07-03.jpg\" alt=\"\" class=\"wp-image-91452\" srcset=\"https:\/\/centcols.org\/wp-content\/uploads\/2025\/10\/Thonon-Trieste-FS_etape07-03.jpg 1200w, https:\/\/centcols.org\/wp-content\/uploads\/2025\/10\/Thonon-Trieste-FS_etape07-03-768x513.jpg 768w, https:\/\/centcols.org\/wp-content\/uploads\/2025\/10\/Thonon-Trieste-FS_etape07-03-18x12.jpg 18w\" sizes=\"auto, (max-width: 1200px) 100vw, 1200px\" \/><\/a><\/figure>\n\n\n\n<figure class=\"wp-block-image size-large\"><a href=\"https:\/\/centcols.org\/wp-content\/uploads\/2025\/10\/Thonon-Trieste-FS_etape07-04.jpg\"><img loading=\"lazy\" decoding=\"async\" width=\"1200\" height=\"802\" data-id=\"91450\" src=\"https:\/\/centcols.org\/wp-content\/uploads\/2025\/10\/Thonon-Trieste-FS_etape07-04.jpg\" alt=\"\" class=\"wp-image-91450\" srcset=\"https:\/\/centcols.org\/wp-content\/uploads\/2025\/10\/Thonon-Trieste-FS_etape07-04.jpg 1200w, https:\/\/centcols.org\/wp-content\/uploads\/2025\/10\/Thonon-Trieste-FS_etape07-04-768x513.jpg 768w, https:\/\/centcols.org\/wp-content\/uploads\/2025\/10\/Thonon-Trieste-FS_etape07-04-18x12.jpg 18w\" sizes=\"auto, (max-width: 1200px) 100vw, 1200px\" \/><\/a><\/figure>\n\n\n\n<figure class=\"wp-block-image size-large\"><a href=\"https:\/\/centcols.org\/wp-content\/uploads\/2025\/10\/Thonon-Trieste-FS_etape07-05.jpg\"><img loading=\"lazy\" decoding=\"async\" width=\"1200\" height=\"802\" data-id=\"91453\" src=\"https:\/\/centcols.org\/wp-content\/uploads\/2025\/10\/Thonon-Trieste-FS_etape07-05.jpg\" alt=\"\" class=\"wp-image-91453\" srcset=\"https:\/\/centcols.org\/wp-content\/uploads\/2025\/10\/Thonon-Trieste-FS_etape07-05.jpg 1200w, https:\/\/centcols.org\/wp-content\/uploads\/2025\/10\/Thonon-Trieste-FS_etape07-05-768x513.jpg 768w, https:\/\/centcols.org\/wp-content\/uploads\/2025\/10\/Thonon-Trieste-FS_etape07-05-18x12.jpg 18w\" sizes=\"auto, (max-width: 1200px) 100vw, 1200px\" \/><\/a><\/figure>\n<figcaption class=\"blocks-gallery-caption wp-element-caption\">Kasteltuth (Castelrotto)<\/figcaption><\/figure>\n\n\n\n<figure class=\"wp-block-gallery has-nested-images columns-default is-cropped wp-block-gallery-33 is-layout-flex wp-block-gallery-is-layout-flex\">\n<figure class=\"wp-block-image size-large\"><a href=\"https:\/\/centcols.org\/wp-content\/uploads\/2025\/10\/Thonon-Trieste-FS_etape07-06.jpg\"><img loading=\"lazy\" decoding=\"async\" width=\"1200\" height=\"1079\" data-id=\"91449\" src=\"https:\/\/centcols.org\/wp-content\/uploads\/2025\/10\/Thonon-Trieste-FS_etape07-06.jpg\" alt=\"\" class=\"wp-image-91449\" srcset=\"https:\/\/centcols.org\/wp-content\/uploads\/2025\/10\/Thonon-Trieste-FS_etape07-06.jpg 1200w, https:\/\/centcols.org\/wp-content\/uploads\/2025\/10\/Thonon-Trieste-FS_etape07-06-768x691.jpg 768w, https:\/\/centcols.org\/wp-content\/uploads\/2025\/10\/Thonon-Trieste-FS_etape07-06-13x12.jpg 13w\" sizes=\"auto, (max-width: 1200px) 100vw, 1200px\" \/><\/a><figcaption class=\"wp-element-caption\">Per fortuna c'\u00e8 Villa Gabriela a ricordarci che siamo in Italia, non in Germania.<\/figcaption><\/figure>\n\n\n\n<figure class=\"wp-block-image size-large\"><a href=\"https:\/\/centcols.org\/wp-content\/uploads\/2025\/10\/Thonon-Trieste-FS_etape07-07.jpg\"><img loading=\"lazy\" decoding=\"async\" width=\"1200\" height=\"802\" data-id=\"91454\" src=\"https:\/\/centcols.org\/wp-content\/uploads\/2025\/10\/Thonon-Trieste-FS_etape07-07.jpg\" alt=\"\" class=\"wp-image-91454\" srcset=\"https:\/\/centcols.org\/wp-content\/uploads\/2025\/10\/Thonon-Trieste-FS_etape07-07.jpg 1200w, https:\/\/centcols.org\/wp-content\/uploads\/2025\/10\/Thonon-Trieste-FS_etape07-07-768x513.jpg 768w, https:\/\/centcols.org\/wp-content\/uploads\/2025\/10\/Thonon-Trieste-FS_etape07-07-18x12.jpg 18w\" sizes=\"auto, (max-width: 1200px) 100vw, 1200px\" \/><\/a><\/figure>\n\n\n\n<figure class=\"wp-block-image size-large\"><a href=\"https:\/\/centcols.org\/wp-content\/uploads\/2025\/10\/Thonon-Trieste-FS_etape07-08.jpg\"><img loading=\"lazy\" decoding=\"async\" width=\"1200\" height=\"1701\" data-id=\"91451\" src=\"https:\/\/centcols.org\/wp-content\/uploads\/2025\/10\/Thonon-Trieste-FS_etape07-08.jpg\" alt=\"\" class=\"wp-image-91451\" srcset=\"https:\/\/centcols.org\/wp-content\/uploads\/2025\/10\/Thonon-Trieste-FS_etape07-08.jpg 1200w, https:\/\/centcols.org\/wp-content\/uploads\/2025\/10\/Thonon-Trieste-FS_etape07-08-847x1200.jpg 847w, https:\/\/centcols.org\/wp-content\/uploads\/2025\/10\/Thonon-Trieste-FS_etape07-08-768x1089.jpg 768w, https:\/\/centcols.org\/wp-content\/uploads\/2025\/10\/Thonon-Trieste-FS_etape07-08-1084x1536.jpg 1084w, https:\/\/centcols.org\/wp-content\/uploads\/2025\/10\/Thonon-Trieste-FS_etape07-08-8x12.jpg 8w\" sizes=\"auto, (max-width: 1200px) 100vw, 1200px\" \/><\/a><figcaption class=\"wp-element-caption\">Tutte le voci sono in ladino, tedesco e italiano.<\/figcaption><\/figure>\n<\/figure>\n\n\n<div class=\"wp-block-image\">\n<figure class=\"aligncenter size-full is-resized\"><a href=\"https:\/\/centcols.org\/wp-content\/uploads\/2025\/10\/Thonon-Trieste-FS_etape07-09-1.jpg\"><img loading=\"lazy\" decoding=\"async\" width=\"1200\" height=\"802\" src=\"https:\/\/centcols.org\/wp-content\/uploads\/2025\/10\/Thonon-Trieste-FS_etape07-09-1.jpg\" alt=\"\" class=\"wp-image-91463\" style=\"width:800px\" srcset=\"https:\/\/centcols.org\/wp-content\/uploads\/2025\/10\/Thonon-Trieste-FS_etape07-09-1.jpg 1200w, https:\/\/centcols.org\/wp-content\/uploads\/2025\/10\/Thonon-Trieste-FS_etape07-09-1-768x513.jpg 768w, https:\/\/centcols.org\/wp-content\/uploads\/2025\/10\/Thonon-Trieste-FS_etape07-09-1-18x12.jpg 18w\" sizes=\"auto, (max-width: 1200px) 100vw, 1200px\" \/><\/a><figcaption class=\"wp-element-caption\">Arrivo a Runcadic, Rungaditsch o Roncadizza<\/figcaption><\/figure>\n<\/div>\n\n\n<p>Ho trascorso la maggior parte della mia carriera professionale alle Poste. Quindi la scelta di Jean-Marc per il picnic a Santa Crestina non pu\u00f2 che essere un cenno! Nella zona ci sono anche delle bellissime decorazioni per le case.<\/p>\n\n\n\n<figure class=\"wp-block-gallery has-nested-images columns-4 is-cropped wp-block-gallery-34 is-layout-flex wp-block-gallery-is-layout-flex\">\n<figure class=\"wp-block-image size-large\"><a href=\"https:\/\/centcols.org\/wp-content\/uploads\/2025\/10\/Thonon-Trieste-FS_etape07-10.jpg\"><img loading=\"lazy\" decoding=\"async\" width=\"1200\" height=\"802\" data-id=\"91455\" src=\"https:\/\/centcols.org\/wp-content\/uploads\/2025\/10\/Thonon-Trieste-FS_etape07-10.jpg\" alt=\"\" class=\"wp-image-91455\" srcset=\"https:\/\/centcols.org\/wp-content\/uploads\/2025\/10\/Thonon-Trieste-FS_etape07-10.jpg 1200w, https:\/\/centcols.org\/wp-content\/uploads\/2025\/10\/Thonon-Trieste-FS_etape07-10-768x513.jpg 768w, https:\/\/centcols.org\/wp-content\/uploads\/2025\/10\/Thonon-Trieste-FS_etape07-10-18x12.jpg 18w\" sizes=\"auto, (max-width: 1200px) 100vw, 1200px\" \/><\/a><figcaption class=\"wp-element-caption\">Ladino, tedesco, italiano ...<\/figcaption><\/figure>\n\n\n\n<figure class=\"wp-block-image size-large\"><a href=\"https:\/\/centcols.org\/wp-content\/uploads\/2025\/10\/Thonon-Trieste-FS_etape07-11.jpg\"><img loading=\"lazy\" decoding=\"async\" width=\"1200\" height=\"802\" data-id=\"91456\" src=\"https:\/\/centcols.org\/wp-content\/uploads\/2025\/10\/Thonon-Trieste-FS_etape07-11.jpg\" alt=\"\" class=\"wp-image-91456\" srcset=\"https:\/\/centcols.org\/wp-content\/uploads\/2025\/10\/Thonon-Trieste-FS_etape07-11.jpg 1200w, https:\/\/centcols.org\/wp-content\/uploads\/2025\/10\/Thonon-Trieste-FS_etape07-11-768x513.jpg 768w, https:\/\/centcols.org\/wp-content\/uploads\/2025\/10\/Thonon-Trieste-FS_etape07-11-18x12.jpg 18w\" sizes=\"auto, (max-width: 1200px) 100vw, 1200px\" \/><\/a><\/figure>\n\n\n\n<figure class=\"wp-block-image size-large\"><a href=\"https:\/\/centcols.org\/wp-content\/uploads\/2025\/10\/Thonon-Trieste-FS_etape07-12.jpg\"><img loading=\"lazy\" decoding=\"async\" width=\"1200\" height=\"873\" data-id=\"91458\" src=\"https:\/\/centcols.org\/wp-content\/uploads\/2025\/10\/Thonon-Trieste-FS_etape07-12.jpg\" alt=\"\" class=\"wp-image-91458\" srcset=\"https:\/\/centcols.org\/wp-content\/uploads\/2025\/10\/Thonon-Trieste-FS_etape07-12.jpg 1200w, https:\/\/centcols.org\/wp-content\/uploads\/2025\/10\/Thonon-Trieste-FS_etape07-12-768x559.jpg 768w, https:\/\/centcols.org\/wp-content\/uploads\/2025\/10\/Thonon-Trieste-FS_etape07-12-16x12.jpg 16w\" sizes=\"auto, (max-width: 1200px) 100vw, 1200px\" \/><\/a><figcaption class=\"wp-element-caption\">Una strizzatina d'occhio da parte di Jean-Marc, nella scelta della location per il picnic a Santa Crestina<\/figcaption><\/figure>\n\n\n\n<figure class=\"wp-block-image size-large\"><a href=\"https:\/\/centcols.org\/wp-content\/uploads\/2025\/10\/Thonon-Trieste-FS_etape07-13.jpg\"><img loading=\"lazy\" decoding=\"async\" width=\"1200\" height=\"802\" data-id=\"91461\" src=\"https:\/\/centcols.org\/wp-content\/uploads\/2025\/10\/Thonon-Trieste-FS_etape07-13.jpg\" alt=\"\" class=\"wp-image-91461\" srcset=\"https:\/\/centcols.org\/wp-content\/uploads\/2025\/10\/Thonon-Trieste-FS_etape07-13.jpg 1200w, https:\/\/centcols.org\/wp-content\/uploads\/2025\/10\/Thonon-Trieste-FS_etape07-13-768x513.jpg 768w, https:\/\/centcols.org\/wp-content\/uploads\/2025\/10\/Thonon-Trieste-FS_etape07-13-18x12.jpg 18w\" sizes=\"auto, (max-width: 1200px) 100vw, 1200px\" \/><\/a><\/figure>\n\n\n\n<figure class=\"wp-block-image size-large\"><a href=\"https:\/\/centcols.org\/wp-content\/uploads\/2025\/10\/Thonon-Trieste-FS_etape07-14.jpg\"><img loading=\"lazy\" decoding=\"async\" width=\"1200\" height=\"802\" data-id=\"91460\" src=\"https:\/\/centcols.org\/wp-content\/uploads\/2025\/10\/Thonon-Trieste-FS_etape07-14.jpg\" alt=\"\" class=\"wp-image-91460\" srcset=\"https:\/\/centcols.org\/wp-content\/uploads\/2025\/10\/Thonon-Trieste-FS_etape07-14.jpg 1200w, https:\/\/centcols.org\/wp-content\/uploads\/2025\/10\/Thonon-Trieste-FS_etape07-14-768x513.jpg 768w, https:\/\/centcols.org\/wp-content\/uploads\/2025\/10\/Thonon-Trieste-FS_etape07-14-18x12.jpg 18w\" sizes=\"auto, (max-width: 1200px) 100vw, 1200px\" \/><\/a><\/figure>\n\n\n\n<figure class=\"wp-block-image size-large\"><a href=\"https:\/\/centcols.org\/wp-content\/uploads\/2025\/10\/Thonon-Trieste-FS_etape07-15.jpg\"><img loading=\"lazy\" decoding=\"async\" width=\"1200\" height=\"1918\" data-id=\"91462\" src=\"https:\/\/centcols.org\/wp-content\/uploads\/2025\/10\/Thonon-Trieste-FS_etape07-15.jpg\" alt=\"\" class=\"wp-image-91462\" srcset=\"https:\/\/centcols.org\/wp-content\/uploads\/2025\/10\/Thonon-Trieste-FS_etape07-15.jpg 1200w, https:\/\/centcols.org\/wp-content\/uploads\/2025\/10\/Thonon-Trieste-FS_etape07-15-751x1200.jpg 751w, https:\/\/centcols.org\/wp-content\/uploads\/2025\/10\/Thonon-Trieste-FS_etape07-15-768x1228.jpg 768w, https:\/\/centcols.org\/wp-content\/uploads\/2025\/10\/Thonon-Trieste-FS_etape07-15-961x1536.jpg 961w, https:\/\/centcols.org\/wp-content\/uploads\/2025\/10\/Thonon-Trieste-FS_etape07-15-8x12.jpg 8w\" sizes=\"auto, (max-width: 1200px) 100vw, 1200px\" \/><\/a><\/figure>\n<figcaption class=\"blocks-gallery-caption wp-element-caption\">Santa Crestina<\/figcaption><\/figure>\n\n\n<div class=\"wp-block-image\">\n<figure class=\"aligncenter size-large is-resized\"><a href=\"https:\/\/centcols.org\/wp-content\/uploads\/2025\/10\/Thonon-Trieste-FS_etape07-16.jpg\"><img loading=\"lazy\" decoding=\"async\" width=\"1200\" height=\"802\" src=\"https:\/\/centcols.org\/wp-content\/uploads\/2025\/10\/Thonon-Trieste-FS_etape07-16.jpg\" alt=\"\" class=\"wp-image-91459\" style=\"width:800px\" srcset=\"https:\/\/centcols.org\/wp-content\/uploads\/2025\/10\/Thonon-Trieste-FS_etape07-16.jpg 1200w, https:\/\/centcols.org\/wp-content\/uploads\/2025\/10\/Thonon-Trieste-FS_etape07-16-768x513.jpg 768w, https:\/\/centcols.org\/wp-content\/uploads\/2025\/10\/Thonon-Trieste-FS_etape07-16-18x12.jpg 18w\" sizes=\"auto, (max-width: 1200px) 100vw, 1200px\" \/><\/a><\/figure>\n<\/div>\n\n\n<p>Durante la salita, un breve ritorno alla Sella del Cullac a 2018 m, ma soprattutto al Passo Gardena a 2121 m. Il maestoso Passo Gardena, direi.<\/p>\n\n\n\n<figure class=\"wp-block-gallery has-nested-images columns-5 is-cropped wp-block-gallery-35 is-layout-flex wp-block-gallery-is-layout-flex\">\n<figure class=\"wp-block-image size-full\"><a href=\"https:\/\/centcols.org\/wp-content\/uploads\/2025\/10\/Thonon-Trieste-FS_etape07-17.jpg\"><img loading=\"lazy\" decoding=\"async\" width=\"1200\" height=\"802\" data-id=\"91470\" src=\"https:\/\/centcols.org\/wp-content\/uploads\/2025\/10\/Thonon-Trieste-FS_etape07-17.jpg\" alt=\"\" class=\"wp-image-91470\" srcset=\"https:\/\/centcols.org\/wp-content\/uploads\/2025\/10\/Thonon-Trieste-FS_etape07-17.jpg 1200w, https:\/\/centcols.org\/wp-content\/uploads\/2025\/10\/Thonon-Trieste-FS_etape07-17-768x513.jpg 768w, https:\/\/centcols.org\/wp-content\/uploads\/2025\/10\/Thonon-Trieste-FS_etape07-17-18x12.jpg 18w\" sizes=\"auto, (max-width: 1200px) 100vw, 1200px\" \/><\/a><\/figure>\n\n\n\n<figure class=\"wp-block-image size-full\"><a href=\"https:\/\/centcols.org\/wp-content\/uploads\/2025\/10\/Thonon-Trieste-FS_etape07-18.jpg\"><img loading=\"lazy\" decoding=\"async\" width=\"1200\" height=\"802\" data-id=\"91468\" src=\"https:\/\/centcols.org\/wp-content\/uploads\/2025\/10\/Thonon-Trieste-FS_etape07-18.jpg\" alt=\"\" class=\"wp-image-91468\" srcset=\"https:\/\/centcols.org\/wp-content\/uploads\/2025\/10\/Thonon-Trieste-FS_etape07-18.jpg 1200w, https:\/\/centcols.org\/wp-content\/uploads\/2025\/10\/Thonon-Trieste-FS_etape07-18-768x513.jpg 768w, https:\/\/centcols.org\/wp-content\/uploads\/2025\/10\/Thonon-Trieste-FS_etape07-18-18x12.jpg 18w\" sizes=\"auto, (max-width: 1200px) 100vw, 1200px\" \/><\/a><\/figure>\n\n\n\n<figure class=\"wp-block-image size-full\"><a href=\"https:\/\/centcols.org\/wp-content\/uploads\/2025\/10\/Thonon-Trieste-FS_etape07-19.jpg\"><img loading=\"lazy\" decoding=\"async\" width=\"1200\" height=\"802\" data-id=\"91467\" src=\"https:\/\/centcols.org\/wp-content\/uploads\/2025\/10\/Thonon-Trieste-FS_etape07-19.jpg\" alt=\"\" class=\"wp-image-91467\" srcset=\"https:\/\/centcols.org\/wp-content\/uploads\/2025\/10\/Thonon-Trieste-FS_etape07-19.jpg 1200w, https:\/\/centcols.org\/wp-content\/uploads\/2025\/10\/Thonon-Trieste-FS_etape07-19-768x513.jpg 768w, https:\/\/centcols.org\/wp-content\/uploads\/2025\/10\/Thonon-Trieste-FS_etape07-19-18x12.jpg 18w\" sizes=\"auto, (max-width: 1200px) 100vw, 1200px\" \/><\/a><figcaption class=\"wp-element-caption\">Vicino al Passo Gardena<\/figcaption><\/figure>\n\n\n\n<figure class=\"wp-block-image size-full\"><a href=\"https:\/\/centcols.org\/wp-content\/uploads\/2025\/10\/Thonon-Trieste-FS_etape07-20.jpg\"><img loading=\"lazy\" decoding=\"async\" width=\"1200\" height=\"802\" data-id=\"91465\" src=\"https:\/\/centcols.org\/wp-content\/uploads\/2025\/10\/Thonon-Trieste-FS_etape07-20.jpg\" alt=\"\" class=\"wp-image-91465\" srcset=\"https:\/\/centcols.org\/wp-content\/uploads\/2025\/10\/Thonon-Trieste-FS_etape07-20.jpg 1200w, https:\/\/centcols.org\/wp-content\/uploads\/2025\/10\/Thonon-Trieste-FS_etape07-20-768x513.jpg 768w, https:\/\/centcols.org\/wp-content\/uploads\/2025\/10\/Thonon-Trieste-FS_etape07-20-18x12.jpg 18w\" sizes=\"auto, (max-width: 1200px) 100vw, 1200px\" \/><\/a><\/figure>\n\n\n\n<figure class=\"wp-block-image size-full\"><a href=\"https:\/\/centcols.org\/wp-content\/uploads\/2025\/10\/Thonon-Trieste-FS_etape07-22.jpg\"><img loading=\"lazy\" decoding=\"async\" width=\"1200\" height=\"802\" data-id=\"91464\" src=\"https:\/\/centcols.org\/wp-content\/uploads\/2025\/10\/Thonon-Trieste-FS_etape07-22.jpg\" alt=\"\" class=\"wp-image-91464\" srcset=\"https:\/\/centcols.org\/wp-content\/uploads\/2025\/10\/Thonon-Trieste-FS_etape07-22.jpg 1200w, https:\/\/centcols.org\/wp-content\/uploads\/2025\/10\/Thonon-Trieste-FS_etape07-22-768x513.jpg 768w, https:\/\/centcols.org\/wp-content\/uploads\/2025\/10\/Thonon-Trieste-FS_etape07-22-18x12.jpg 18w\" sizes=\"auto, (max-width: 1200px) 100vw, 1200px\" \/><\/a><\/figure>\n\n\n\n<figure class=\"wp-block-image size-full\"><a href=\"https:\/\/centcols.org\/wp-content\/uploads\/2025\/10\/Thonon-Trieste-FS_etape07-21.jpg\"><img loading=\"lazy\" decoding=\"async\" width=\"1200\" height=\"676\" data-id=\"91469\" src=\"https:\/\/centcols.org\/wp-content\/uploads\/2025\/10\/Thonon-Trieste-FS_etape07-21.jpg\" alt=\"\" class=\"wp-image-91469\" srcset=\"https:\/\/centcols.org\/wp-content\/uploads\/2025\/10\/Thonon-Trieste-FS_etape07-21.jpg 1200w, https:\/\/centcols.org\/wp-content\/uploads\/2025\/10\/Thonon-Trieste-FS_etape07-21-768x433.jpg 768w, https:\/\/centcols.org\/wp-content\/uploads\/2025\/10\/Thonon-Trieste-FS_etape07-21-18x10.jpg 18w\" sizes=\"auto, (max-width: 1200px) 100vw, 1200px\" \/><\/a><figcaption class=\"wp-element-caption\">Passo Gardena (IT-BZ-2121)<\/figcaption><\/figure>\n<\/figure>\n\n\n<div class=\"wp-block-image\">\n<figure class=\"aligncenter size-large is-resized\"><a href=\"https:\/\/centcols.org\/wp-content\/uploads\/2025\/10\/Thonon-Trieste-FS_etape07-23.jpg\"><img loading=\"lazy\" decoding=\"async\" width=\"1200\" height=\"1328\" src=\"https:\/\/centcols.org\/wp-content\/uploads\/2025\/10\/Thonon-Trieste-FS_etape07-23.jpg\" alt=\"\" class=\"wp-image-91466\" style=\"width:auto;height:500px\" srcset=\"https:\/\/centcols.org\/wp-content\/uploads\/2025\/10\/Thonon-Trieste-FS_etape07-23.jpg 1200w, https:\/\/centcols.org\/wp-content\/uploads\/2025\/10\/Thonon-Trieste-FS_etape07-23-1084x1200.jpg 1084w, https:\/\/centcols.org\/wp-content\/uploads\/2025\/10\/Thonon-Trieste-FS_etape07-23-768x850.jpg 768w, https:\/\/centcols.org\/wp-content\/uploads\/2025\/10\/Thonon-Trieste-FS_etape07-23-11x12.jpg 11w\" sizes=\"auto, (max-width: 1200px) 100vw, 1200px\" \/><\/a><\/figure>\n<\/div>\n\n\n<p>Tornati sulla strada principale, il Passo del Sella (il primo del suo nome) a 2231 viene superato senza danni. In seguito, ho incoraggiato Bruno ad andare a prendere la Forcella Rodella con la promessa ingannevole \"Non \u00e8 lontano ed \u00e8 facile\". Il primo punto era vero. Il secondo un po' meno...<\/p>\n\n\n\n<figure class=\"wp-block-gallery has-nested-images columns-default is-cropped wp-block-gallery-36 is-layout-flex wp-block-gallery-is-layout-flex\">\n<figure class=\"wp-block-image size-large\"><a href=\"https:\/\/centcols.org\/wp-content\/uploads\/2025\/10\/Thonon-Trieste-FS_etape07-24.jpg\"><img loading=\"lazy\" decoding=\"async\" width=\"1200\" height=\"802\" data-id=\"91472\" src=\"https:\/\/centcols.org\/wp-content\/uploads\/2025\/10\/Thonon-Trieste-FS_etape07-24.jpg\" alt=\"\" class=\"wp-image-91472\" srcset=\"https:\/\/centcols.org\/wp-content\/uploads\/2025\/10\/Thonon-Trieste-FS_etape07-24.jpg 1200w, https:\/\/centcols.org\/wp-content\/uploads\/2025\/10\/Thonon-Trieste-FS_etape07-24-768x513.jpg 768w, https:\/\/centcols.org\/wp-content\/uploads\/2025\/10\/Thonon-Trieste-FS_etape07-24-18x12.jpg 18w\" sizes=\"auto, (max-width: 1200px) 100vw, 1200px\" \/><\/a><figcaption class=\"wp-element-caption\">Di ritorno dal Gardena<\/figcaption><\/figure>\n\n\n\n<figure class=\"wp-block-image size-large\"><a href=\"https:\/\/centcols.org\/wp-content\/uploads\/2025\/10\/Thonon-Trieste-FS_etape07-25.jpg\"><img loading=\"lazy\" decoding=\"async\" width=\"1200\" height=\"802\" data-id=\"91471\" src=\"https:\/\/centcols.org\/wp-content\/uploads\/2025\/10\/Thonon-Trieste-FS_etape07-25.jpg\" alt=\"\" class=\"wp-image-91471\" srcset=\"https:\/\/centcols.org\/wp-content\/uploads\/2025\/10\/Thonon-Trieste-FS_etape07-25.jpg 1200w, https:\/\/centcols.org\/wp-content\/uploads\/2025\/10\/Thonon-Trieste-FS_etape07-25-768x513.jpg 768w, https:\/\/centcols.org\/wp-content\/uploads\/2025\/10\/Thonon-Trieste-FS_etape07-25-18x12.jpg 18w\" sizes=\"auto, (max-width: 1200px) 100vw, 1200px\" \/><\/a><figcaption class=\"wp-element-caption\">Dal passo del Sella<\/figcaption><\/figure>\n<\/figure>\n\n\n\n<figure class=\"wp-block-gallery has-nested-images columns-default is-cropped wp-block-gallery-37 is-layout-flex wp-block-gallery-is-layout-flex\">\n<figure class=\"wp-block-image size-large\"><a href=\"https:\/\/centcols.org\/wp-content\/uploads\/2025\/10\/Thonon-Trieste-FS_etape07-26.jpg\"><img loading=\"lazy\" decoding=\"async\" width=\"1200\" height=\"626\" data-id=\"91474\" src=\"https:\/\/centcols.org\/wp-content\/uploads\/2025\/10\/Thonon-Trieste-FS_etape07-26.jpg\" alt=\"\" class=\"wp-image-91474\" srcset=\"https:\/\/centcols.org\/wp-content\/uploads\/2025\/10\/Thonon-Trieste-FS_etape07-26.jpg 1200w, https:\/\/centcols.org\/wp-content\/uploads\/2025\/10\/Thonon-Trieste-FS_etape07-26-768x401.jpg 768w, https:\/\/centcols.org\/wp-content\/uploads\/2025\/10\/Thonon-Trieste-FS_etape07-26-18x9.jpg 18w\" sizes=\"auto, (max-width: 1200px) 100vw, 1200px\" \/><\/a><figcaption class=\"wp-element-caption\">A Forcella Rodella<\/figcaption><\/figure>\n\n\n\n<figure class=\"wp-block-image size-large\"><a href=\"https:\/\/centcols.org\/wp-content\/uploads\/2025\/10\/Thonon-Trieste-FS_etape07-27.jpg\"><img loading=\"lazy\" decoding=\"async\" width=\"1200\" height=\"802\" data-id=\"91473\" src=\"https:\/\/centcols.org\/wp-content\/uploads\/2025\/10\/Thonon-Trieste-FS_etape07-27.jpg\" alt=\"\" class=\"wp-image-91473\" srcset=\"https:\/\/centcols.org\/wp-content\/uploads\/2025\/10\/Thonon-Trieste-FS_etape07-27.jpg 1200w, https:\/\/centcols.org\/wp-content\/uploads\/2025\/10\/Thonon-Trieste-FS_etape07-27-768x513.jpg 768w, https:\/\/centcols.org\/wp-content\/uploads\/2025\/10\/Thonon-Trieste-FS_etape07-27-18x12.jpg 18w\" sizes=\"auto, (max-width: 1200px) 100vw, 1200px\" \/><\/a><figcaption class=\"wp-element-caption\">Forcella Rodella (IT-TN-2318<\/figcaption><\/figure>\n\n\n\n<figure class=\"wp-block-image size-large\"><a href=\"https:\/\/centcols.org\/wp-content\/uploads\/2025\/10\/Thonon-Trieste-FS_etape07-28.jpg\"><img loading=\"lazy\" decoding=\"async\" width=\"1200\" height=\"802\" data-id=\"91475\" src=\"https:\/\/centcols.org\/wp-content\/uploads\/2025\/10\/Thonon-Trieste-FS_etape07-28.jpg\" alt=\"\" class=\"wp-image-91475\" srcset=\"https:\/\/centcols.org\/wp-content\/uploads\/2025\/10\/Thonon-Trieste-FS_etape07-28.jpg 1200w, https:\/\/centcols.org\/wp-content\/uploads\/2025\/10\/Thonon-Trieste-FS_etape07-28-768x513.jpg 768w, https:\/\/centcols.org\/wp-content\/uploads\/2025\/10\/Thonon-Trieste-FS_etape07-28-18x12.jpg 18w\" sizes=\"auto, (max-width: 1200px) 100vw, 1200px\" \/><\/a><figcaption class=\"wp-element-caption\">Indietro da Forcella Rodella<\/figcaption><\/figure>\n<\/figure>\n\n\n\n<p>Il Passo del Sella, a 2244 m, \u00e8 il secondo del suo genere ed \u00e8 molto pi\u00f9 marcato del primo.<\/p>\n\n\n<div class=\"wp-block-image\">\n<figure class=\"aligncenter size-full is-resized\"><a href=\"https:\/\/centcols.org\/wp-content\/uploads\/2025\/10\/Thonon-Trieste-FS_etape07-29.jpg\"><img loading=\"lazy\" decoding=\"async\" width=\"1200\" height=\"802\" src=\"https:\/\/centcols.org\/wp-content\/uploads\/2025\/10\/Thonon-Trieste-FS_etape07-29.jpg\" alt=\"\" class=\"wp-image-91476\" style=\"width:800px\" srcset=\"https:\/\/centcols.org\/wp-content\/uploads\/2025\/10\/Thonon-Trieste-FS_etape07-29.jpg 1200w, https:\/\/centcols.org\/wp-content\/uploads\/2025\/10\/Thonon-Trieste-FS_etape07-29-768x513.jpg 768w, https:\/\/centcols.org\/wp-content\/uploads\/2025\/10\/Thonon-Trieste-FS_etape07-29-18x12.jpg 18w\" sizes=\"auto, (max-width: 1200px) 100vw, 1200px\" \/><\/a><figcaption class=\"wp-element-caption\">Tra i due passi del Sella<\/figcaption><\/figure>\n<\/div>\n\n\n<figure class=\"wp-block-gallery has-nested-images columns-default is-cropped wp-block-gallery-38 is-layout-flex wp-block-gallery-is-layout-flex\">\n<figure class=\"wp-block-image size-large\"><a href=\"https:\/\/centcols.org\/wp-content\/uploads\/2025\/10\/Thonon-Trieste-FS_etape07-31.jpg\"><img loading=\"lazy\" decoding=\"async\" width=\"1200\" height=\"802\" data-id=\"91478\" src=\"https:\/\/centcols.org\/wp-content\/uploads\/2025\/10\/Thonon-Trieste-FS_etape07-31.jpg\" alt=\"\" class=\"wp-image-91478\" srcset=\"https:\/\/centcols.org\/wp-content\/uploads\/2025\/10\/Thonon-Trieste-FS_etape07-31.jpg 1200w, https:\/\/centcols.org\/wp-content\/uploads\/2025\/10\/Thonon-Trieste-FS_etape07-31-768x513.jpg 768w, https:\/\/centcols.org\/wp-content\/uploads\/2025\/10\/Thonon-Trieste-FS_etape07-31-18x12.jpg 18w\" sizes=\"auto, (max-width: 1200px) 100vw, 1200px\" \/><\/a><\/figure>\n\n\n\n<figure class=\"wp-block-image size-large\"><a href=\"https:\/\/centcols.org\/wp-content\/uploads\/2025\/10\/Thonon-Trieste-FS_etape07-30.jpg\"><img loading=\"lazy\" decoding=\"async\" width=\"1200\" height=\"802\" data-id=\"91479\" src=\"https:\/\/centcols.org\/wp-content\/uploads\/2025\/10\/Thonon-Trieste-FS_etape07-30.jpg\" alt=\"\" class=\"wp-image-91479\" srcset=\"https:\/\/centcols.org\/wp-content\/uploads\/2025\/10\/Thonon-Trieste-FS_etape07-30.jpg 1200w, https:\/\/centcols.org\/wp-content\/uploads\/2025\/10\/Thonon-Trieste-FS_etape07-30-768x513.jpg 768w, https:\/\/centcols.org\/wp-content\/uploads\/2025\/10\/Thonon-Trieste-FS_etape07-30-18x12.jpg 18w\" sizes=\"auto, (max-width: 1200px) 100vw, 1200px\" \/><\/a><\/figure>\n\n\n\n<figure class=\"wp-block-image size-large\"><a href=\"https:\/\/centcols.org\/wp-content\/uploads\/2025\/10\/Thonon-Trieste-FS_etape07-32.jpg\"><img loading=\"lazy\" decoding=\"async\" width=\"1200\" height=\"802\" data-id=\"91477\" src=\"https:\/\/centcols.org\/wp-content\/uploads\/2025\/10\/Thonon-Trieste-FS_etape07-32.jpg\" alt=\"\" class=\"wp-image-91477\" srcset=\"https:\/\/centcols.org\/wp-content\/uploads\/2025\/10\/Thonon-Trieste-FS_etape07-32.jpg 1200w, https:\/\/centcols.org\/wp-content\/uploads\/2025\/10\/Thonon-Trieste-FS_etape07-32-768x513.jpg 768w, https:\/\/centcols.org\/wp-content\/uploads\/2025\/10\/Thonon-Trieste-FS_etape07-32-18x12.jpg 18w\" sizes=\"auto, (max-width: 1200px) 100vw, 1200px\" \/><\/a><figcaption class=\"wp-element-caption\">Vista sul passo del Sella<\/figcaption><\/figure>\n<\/figure>\n\n\n\n<p>Il prossimo passo \u00e8 il famoso Passo Pordoi. I primi chilometri sono duri, ma in linea con quanto ci si aspetta da un passo importante. \u00c8 stato nell'ultimo chilometro che le cose hanno iniziato ad andare male. Una grandinata molto violenta \u00e8 apparsa senza preavviso. In cima, ho tirato fuori la macchina fotografica per scattare una foto che non sapevo di avere. L'ho messa subito via per proteggerla dai chicchi di grandine. I chicchi di grandine erano piccoli, ma numerosi e duri sulla parete.<\/p>\n\n\n\n<figure class=\"wp-block-gallery has-nested-images columns-default is-cropped wp-block-gallery-39 is-layout-flex wp-block-gallery-is-layout-flex\">\n<figure class=\"wp-block-image size-large\"><a href=\"https:\/\/centcols.org\/wp-content\/uploads\/2025\/10\/Thonon-Trieste-FS_etape07-33.jpg\"><img loading=\"lazy\" decoding=\"async\" width=\"1200\" height=\"802\" data-id=\"91480\" src=\"https:\/\/centcols.org\/wp-content\/uploads\/2025\/10\/Thonon-Trieste-FS_etape07-33.jpg\" alt=\"\" class=\"wp-image-91480\" srcset=\"https:\/\/centcols.org\/wp-content\/uploads\/2025\/10\/Thonon-Trieste-FS_etape07-33.jpg 1200w, https:\/\/centcols.org\/wp-content\/uploads\/2025\/10\/Thonon-Trieste-FS_etape07-33-768x513.jpg 768w, https:\/\/centcols.org\/wp-content\/uploads\/2025\/10\/Thonon-Trieste-FS_etape07-33-18x12.jpg 18w\" sizes=\"auto, (max-width: 1200px) 100vw, 1200px\" \/><\/a><figcaption class=\"wp-element-caption\">Sulla facciata di un albergo, lungo la salita del Pordo<\/figcaption><\/figure>\n\n\n\n<figure class=\"wp-block-image size-large\"><a href=\"https:\/\/centcols.org\/wp-content\/uploads\/2025\/10\/Thonon-Trieste-FS_etape07-34.jpg\"><img loading=\"lazy\" decoding=\"async\" width=\"1200\" height=\"884\" data-id=\"91482\" src=\"https:\/\/centcols.org\/wp-content\/uploads\/2025\/10\/Thonon-Trieste-FS_etape07-34.jpg\" alt=\"\" class=\"wp-image-91482\" srcset=\"https:\/\/centcols.org\/wp-content\/uploads\/2025\/10\/Thonon-Trieste-FS_etape07-34.jpg 1200w, https:\/\/centcols.org\/wp-content\/uploads\/2025\/10\/Thonon-Trieste-FS_etape07-34-768x566.jpg 768w, https:\/\/centcols.org\/wp-content\/uploads\/2025\/10\/Thonon-Trieste-FS_etape07-34-16x12.jpg 16w\" sizes=\"auto, (max-width: 1200px) 100vw, 1200px\" \/><\/a><\/figure>\n\n\n\n<figure class=\"wp-block-image size-large\"><a href=\"https:\/\/centcols.org\/wp-content\/uploads\/2025\/10\/Thonon-Trieste-FS_etape07-35.jpg\"><img loading=\"lazy\" decoding=\"async\" width=\"1200\" height=\"802\" data-id=\"91481\" src=\"https:\/\/centcols.org\/wp-content\/uploads\/2025\/10\/Thonon-Trieste-FS_etape07-35.jpg\" alt=\"\" class=\"wp-image-91481\" srcset=\"https:\/\/centcols.org\/wp-content\/uploads\/2025\/10\/Thonon-Trieste-FS_etape07-35.jpg 1200w, https:\/\/centcols.org\/wp-content\/uploads\/2025\/10\/Thonon-Trieste-FS_etape07-35-768x513.jpg 768w, https:\/\/centcols.org\/wp-content\/uploads\/2025\/10\/Thonon-Trieste-FS_etape07-35-18x12.jpg 18w\" sizes=\"auto, (max-width: 1200px) 100vw, 1200px\" \/><\/a><\/figure>\n<\/figure>\n\n\n\n<p>Avevamo gi\u00e0 avuto la pioggia. Ora c'\u00e8 la grandine! Ah, bisogna essere di buon umore \ud83d\ude09\ud83d\ude04. E in cima al Pordoi c'erano 5\u00b0!<\/p>\n\n\n\n<p>Il nostro albergo \u00e8 ad Arraba, ai piedi del Pordoi. Abbiamo quindi solo 10 km da percorrere. La discesa sar\u00e0 a passo ridotto, perch\u00e9 piove e la strada \u00e8 scivolosa.<\/p>\n\n\n<div class=\"wp-block-image\">\n<figure class=\"aligncenter size-full is-resized\"><a href=\"https:\/\/centcols.org\/wp-content\/uploads\/2025\/10\/Thonon-Trieste-FS_etape07-36a.jpg\"><img loading=\"lazy\" decoding=\"async\" width=\"1200\" height=\"802\" src=\"https:\/\/centcols.org\/wp-content\/uploads\/2025\/10\/Thonon-Trieste-FS_etape07-36a.jpg\" alt=\"\" class=\"wp-image-91483\" style=\"width:800px\" srcset=\"https:\/\/centcols.org\/wp-content\/uploads\/2025\/10\/Thonon-Trieste-FS_etape07-36a.jpg 1200w, https:\/\/centcols.org\/wp-content\/uploads\/2025\/10\/Thonon-Trieste-FS_etape07-36a-768x513.jpg 768w, https:\/\/centcols.org\/wp-content\/uploads\/2025\/10\/Thonon-Trieste-FS_etape07-36a-18x12.jpg 18w\" sizes=\"auto, (max-width: 1200px) 100vw, 1200px\" \/><\/a><\/figure>\n<\/div>\n\n\n<p>Ho prenotato due notti di fila ad Arraba perch\u00e9 domani \u00e8 il giorno di riposo.<br>Due notti nello stesso hotel significano lavaggio! Le camere sono grandi, cos\u00ec come il bagno, che diventa rapidamente ingombro di panni da asciugare in bicicletta. Come al solito, ho fatto seguire qualche metro di spago e ho portato con me delle mollette. Ancora una volta, entrambi si sono rivelati molto utili.<\/p>\n\n\n\n<figure class=\"wp-block-gallery has-nested-images columns-default is-cropped wp-block-gallery-40 is-layout-flex wp-block-gallery-is-layout-flex\">\n<figure class=\"wp-block-image size-large\"><a href=\"https:\/\/centcols.org\/wp-content\/uploads\/2025\/10\/Thonon-Trieste-FS_etape07-37.jpg\"><img loading=\"lazy\" decoding=\"async\" width=\"1200\" height=\"802\" data-id=\"91486\" src=\"https:\/\/centcols.org\/wp-content\/uploads\/2025\/10\/Thonon-Trieste-FS_etape07-37.jpg\" alt=\"\" class=\"wp-image-91486\" srcset=\"https:\/\/centcols.org\/wp-content\/uploads\/2025\/10\/Thonon-Trieste-FS_etape07-37.jpg 1200w, https:\/\/centcols.org\/wp-content\/uploads\/2025\/10\/Thonon-Trieste-FS_etape07-37-768x513.jpg 768w, https:\/\/centcols.org\/wp-content\/uploads\/2025\/10\/Thonon-Trieste-FS_etape07-37-18x12.jpg 18w\" sizes=\"auto, (max-width: 1200px) 100vw, 1200px\" \/><\/a><figcaption class=\"wp-element-caption\">Siamo davvero in estate?<\/figcaption><\/figure>\n\n\n\n<figure class=\"wp-block-image size-large\"><a href=\"https:\/\/centcols.org\/wp-content\/uploads\/2025\/10\/Thonon-Trieste-FS_etape07-38.jpg\"><img loading=\"lazy\" decoding=\"async\" width=\"1200\" height=\"802\" data-id=\"91485\" src=\"https:\/\/centcols.org\/wp-content\/uploads\/2025\/10\/Thonon-Trieste-FS_etape07-38.jpg\" alt=\"\" class=\"wp-image-91485\" srcset=\"https:\/\/centcols.org\/wp-content\/uploads\/2025\/10\/Thonon-Trieste-FS_etape07-38.jpg 1200w, https:\/\/centcols.org\/wp-content\/uploads\/2025\/10\/Thonon-Trieste-FS_etape07-38-768x513.jpg 768w, https:\/\/centcols.org\/wp-content\/uploads\/2025\/10\/Thonon-Trieste-FS_etape07-38-18x12.jpg 18w\" sizes=\"auto, (max-width: 1200px) 100vw, 1200px\" \/><\/a><\/figure>\n\n\n\n<figure class=\"wp-block-image size-large\"><a href=\"https:\/\/centcols.org\/wp-content\/uploads\/2025\/10\/Thonon-Trieste-FS_etape07-39.jpg\"><img loading=\"lazy\" decoding=\"async\" width=\"1200\" height=\"802\" data-id=\"91484\" src=\"https:\/\/centcols.org\/wp-content\/uploads\/2025\/10\/Thonon-Trieste-FS_etape07-39.jpg\" alt=\"\" class=\"wp-image-91484\" srcset=\"https:\/\/centcols.org\/wp-content\/uploads\/2025\/10\/Thonon-Trieste-FS_etape07-39.jpg 1200w, https:\/\/centcols.org\/wp-content\/uploads\/2025\/10\/Thonon-Trieste-FS_etape07-39-768x513.jpg 768w, https:\/\/centcols.org\/wp-content\/uploads\/2025\/10\/Thonon-Trieste-FS_etape07-39-18x12.jpg 18w\" sizes=\"auto, (max-width: 1200px) 100vw, 1200px\" \/><\/a><\/figure>\n<\/figure>\n\n\n\n<p>La logica mi avrebbe suggerito di programmare il giorno di riposo 1 o 2 giorni prima. E non l'8\u00b0 giorno. Ma ho preferito il luogo, nel cuore delle Dolomiti, alla data. Il tempo ci dir\u00e0 se ho fatto la cosa giusta. La tappa di oggi era breve, 96 km, ma ripida, con 3.200 m di dislivello. E c'erano molti passi da percorrere, ben 7, di cui 6 \"2000\".<\/p>\n\n\n\n<div class=\"wp-block-buttons is-content-justification-space-between is-layout-flex wp-container-core-buttons-is-layout-3d213aab wp-block-buttons-is-layout-flex\">\n<div class=\"wp-block-button\"><a class=\"wp-block-button__link has-text-color has-background has-link-color wp-element-button\" href=\"https:\/\/centcols.org\/it\/thonon-trieste-fred-singla-2025\/7\/\" style=\"color:#2a488c;background-color:#88f2fd;text-transform:uppercase\"><strong>Stadio precedente<\/strong><\/a><\/div>\n\n\n\n<div class=\"wp-block-button\"><a class=\"wp-block-button__link has-text-color has-background has-link-color wp-element-button\" href=\"https:\/\/centcols.org\/it\/thonon-trieste-fred-singla-2025\/9\/\" style=\"color:#2a488c;background-color:#88f2fd;text-transform:uppercase\"><strong>Passo successivo<\/strong><\/a><\/div>\n<\/div>\n\n\n\n<!--nextpage-->\n\n\n\n<h2 class=\"wp-block-heading\"><em> Giorno 8 : <\/em>Giorno di riposo (\ud83d\ude09\ud83d\ude02). Giro intorno all'hotel.<\/h2>\n\n\n\n<p>55 km - 1460 m di dislivello, 3 passi di cui 2 &gt; 2000<\/p>\n\n\n\n<p>Un giorno di riposo non significa un giorno senza ciclismo! Ma significa una giornata un po' pi\u00f9 fresca, proprio come per i corridori del Tour de France!<br>Poich\u00e9 il tempo \u00e8 bello, la nostra biancheria si sposta dal bagno all'esterno della stanza. Siamo al primo piano, ma poich\u00e9 l'hotel si trova su una collina e noi siamo sul retro dell'edificio, abbiamo un'uscita a livello.<br>Quando usciamo, Jean-Marc, beffardo, ci chiama dal suo balcone: \"Ehi ragazzi, non doveva essere un giorno di riposo?<\/p>\n\n\n<div class=\"wp-block-image\">\n<figure class=\"aligncenter size-full is-resized\"><a href=\"https:\/\/centcols.org\/wp-content\/uploads\/2025\/10\/Thonon-Trieste-FS_etape08-01.jpg\"><img loading=\"lazy\" decoding=\"async\" width=\"461\" height=\"800\" src=\"https:\/\/centcols.org\/wp-content\/uploads\/2025\/10\/Thonon-Trieste-FS_etape08-01.jpg\" alt=\"\" class=\"wp-image-91494\" style=\"width:auto;height:600px\" srcset=\"https:\/\/centcols.org\/wp-content\/uploads\/2025\/10\/Thonon-Trieste-FS_etape08-01.jpg 461w, https:\/\/centcols.org\/wp-content\/uploads\/2025\/10\/Thonon-Trieste-FS_etape08-01-7x12.jpg 7w\" sizes=\"auto, (max-width: 461px) 100vw, 461px\" \/><\/a><\/figure>\n<\/div>\n\n\n<p> Lasciamo l'hotel verso le 10.00 e ci rendiamo subito conto che non avremo la stessa giornata di ieri. Per fortuna!<br>La vista del Pordoi \u00e8 diversa da quella che abbiamo avuto ieri con la grandine.<\/p>\n\n\n<div class=\"wp-block-image\">\n<figure class=\"aligncenter size-full is-resized\"><a href=\"https:\/\/centcols.org\/wp-content\/uploads\/2025\/10\/Thonon-Trieste-FS_etape08-02.jpg\"><img loading=\"lazy\" decoding=\"async\" width=\"1200\" height=\"802\" src=\"https:\/\/centcols.org\/wp-content\/uploads\/2025\/10\/Thonon-Trieste-FS_etape08-02.jpg\" alt=\"\" class=\"wp-image-91505\" style=\"width:800px\" srcset=\"https:\/\/centcols.org\/wp-content\/uploads\/2025\/10\/Thonon-Trieste-FS_etape08-02.jpg 1200w, https:\/\/centcols.org\/wp-content\/uploads\/2025\/10\/Thonon-Trieste-FS_etape08-02-768x513.jpg 768w, https:\/\/centcols.org\/wp-content\/uploads\/2025\/10\/Thonon-Trieste-FS_etape08-02-18x12.jpg 18w\" sizes=\"auto, (max-width: 1200px) 100vw, 1200px\" \/><\/a><figcaption class=\"wp-element-caption\">Il Pordoi come lo abbiamo visto ieri<\/figcaption><\/figure>\n<\/div>\n\n\n<p>Una bella discesa, la fine del Pordoi appunto, precede la salita al Passo Campalongo.<\/p>\n\n\n<div class=\"wp-block-image\">\n<figure class=\"aligncenter size-full is-resized\"><a href=\"https:\/\/centcols.org\/wp-content\/uploads\/2025\/10\/Thonon-Trieste-FS_etape08-03.jpg\"><img loading=\"lazy\" decoding=\"async\" width=\"1200\" height=\"1279\" src=\"https:\/\/centcols.org\/wp-content\/uploads\/2025\/10\/Thonon-Trieste-FS_etape08-03.jpg\" alt=\"\" class=\"wp-image-91508\" style=\"width:auto;height:600px\" srcset=\"https:\/\/centcols.org\/wp-content\/uploads\/2025\/10\/Thonon-Trieste-FS_etape08-03.jpg 1200w, https:\/\/centcols.org\/wp-content\/uploads\/2025\/10\/Thonon-Trieste-FS_etape08-03-1126x1200.jpg 1126w, https:\/\/centcols.org\/wp-content\/uploads\/2025\/10\/Thonon-Trieste-FS_etape08-03-768x819.jpg 768w, https:\/\/centcols.org\/wp-content\/uploads\/2025\/10\/Thonon-Trieste-FS_etape08-03-11x12.jpg 11w\" sizes=\"auto, (max-width: 1200px) 100vw, 1200px\" \/><\/a><\/figure>\n<\/div>\n\n\n<p><br>Magnifica vista sulle Dolomiti prima di scendere a Corvara in Badia. E pensare che ieri si gelava con una visibilit\u00e0 limitata a pochi metri.<\/p>\n\n\n\n<figure class=\"wp-block-gallery has-nested-images columns-default is-cropped wp-block-gallery-41 is-layout-flex wp-block-gallery-is-layout-flex\">\n<figure class=\"wp-block-image size-large\"><a href=\"https:\/\/centcols.org\/wp-content\/uploads\/2025\/10\/Thonon-Trieste-FS_etape08-04.jpg\"><img loading=\"lazy\" decoding=\"async\" width=\"1200\" height=\"802\" data-id=\"91510\" src=\"https:\/\/centcols.org\/wp-content\/uploads\/2025\/10\/Thonon-Trieste-FS_etape08-04.jpg\" alt=\"\" class=\"wp-image-91510\" srcset=\"https:\/\/centcols.org\/wp-content\/uploads\/2025\/10\/Thonon-Trieste-FS_etape08-04.jpg 1200w, https:\/\/centcols.org\/wp-content\/uploads\/2025\/10\/Thonon-Trieste-FS_etape08-04-768x513.jpg 768w, https:\/\/centcols.org\/wp-content\/uploads\/2025\/10\/Thonon-Trieste-FS_etape08-04-18x12.jpg 18w\" sizes=\"auto, (max-width: 1200px) 100vw, 1200px\" \/><\/a><\/figure>\n\n\n\n<figure class=\"wp-block-image size-large\"><a href=\"https:\/\/centcols.org\/wp-content\/uploads\/2025\/10\/Thonon-Trieste-FS_etape08-05.jpg\"><img loading=\"lazy\" decoding=\"async\" width=\"1200\" height=\"802\" data-id=\"91511\" src=\"https:\/\/centcols.org\/wp-content\/uploads\/2025\/10\/Thonon-Trieste-FS_etape08-05.jpg\" alt=\"\" class=\"wp-image-91511\" srcset=\"https:\/\/centcols.org\/wp-content\/uploads\/2025\/10\/Thonon-Trieste-FS_etape08-05.jpg 1200w, https:\/\/centcols.org\/wp-content\/uploads\/2025\/10\/Thonon-Trieste-FS_etape08-05-768x513.jpg 768w, https:\/\/centcols.org\/wp-content\/uploads\/2025\/10\/Thonon-Trieste-FS_etape08-05-18x12.jpg 18w\" sizes=\"auto, (max-width: 1200px) 100vw, 1200px\" \/><\/a><figcaption class=\"wp-element-caption\">Corvara in Badia<\/figcaption><\/figure>\n<\/figure>\n\n\n\n<p><br>A San Cassigno, un'insegna bella e molto logica per un negozio di sci e biciclette.<\/p>\n\n\n<div class=\"wp-block-image\">\n<figure class=\"aligncenter size-full is-resized\"><a href=\"https:\/\/centcols.org\/wp-content\/uploads\/2025\/10\/Thonon-Trieste-FS_etape08-07-1.jpg\"><img loading=\"lazy\" decoding=\"async\" width=\"1200\" height=\"802\" src=\"https:\/\/centcols.org\/wp-content\/uploads\/2025\/10\/Thonon-Trieste-FS_etape08-07-1.jpg\" alt=\"\" class=\"wp-image-91514\" style=\"width:600px\" srcset=\"https:\/\/centcols.org\/wp-content\/uploads\/2025\/10\/Thonon-Trieste-FS_etape08-07-1.jpg 1200w, https:\/\/centcols.org\/wp-content\/uploads\/2025\/10\/Thonon-Trieste-FS_etape08-07-1-768x513.jpg 768w, https:\/\/centcols.org\/wp-content\/uploads\/2025\/10\/Thonon-Trieste-FS_etape08-07-1-18x12.jpg 18w\" sizes=\"auto, (max-width: 1200px) 100vw, 1200px\" \/><\/a><\/figure>\n<\/div>\n\n\n<p>La lunga salita di 12 km verso il Passo di Valparola ci porta a costeggiare l'omonimo lago. E ancora panorami mozzafiato prima di raggiungere la vetta, a 2196 m di altitudine.<\/p>\n\n\n<div class=\"wp-block-image\">\n<figure class=\"aligncenter size-large is-resized\"><a href=\"https:\/\/centcols.org\/wp-content\/uploads\/2025\/10\/Thonon-Trieste-FS_etape08-06.jpg\"><img loading=\"lazy\" decoding=\"async\" width=\"1200\" height=\"634\" src=\"https:\/\/centcols.org\/wp-content\/uploads\/2025\/10\/Thonon-Trieste-FS_etape08-06.jpg\" alt=\"\" class=\"wp-image-91512\" style=\"width:800px\" srcset=\"https:\/\/centcols.org\/wp-content\/uploads\/2025\/10\/Thonon-Trieste-FS_etape08-06.jpg 1200w, https:\/\/centcols.org\/wp-content\/uploads\/2025\/10\/Thonon-Trieste-FS_etape08-06-768x406.jpg 768w, https:\/\/centcols.org\/wp-content\/uploads\/2025\/10\/Thonon-Trieste-FS_etape08-06-18x10.jpg 18w\" sizes=\"auto, (max-width: 1200px) 100vw, 1200px\" \/><\/a><figcaption class=\"wp-element-caption\">Da Costadedoi, salendo per il passo di Valparola<\/figcaption><\/figure>\n<\/div>\n\n\n<figure class=\"wp-block-gallery has-nested-images columns-default is-cropped wp-block-gallery-42 is-layout-flex wp-block-gallery-is-layout-flex\">\n<figure class=\"wp-block-image size-large\"><a href=\"https:\/\/centcols.org\/wp-content\/uploads\/2025\/10\/Thonon-Trieste-FS_etape08-08.jpg\"><img loading=\"lazy\" decoding=\"async\" width=\"1200\" height=\"802\" data-id=\"91518\" src=\"https:\/\/centcols.org\/wp-content\/uploads\/2025\/10\/Thonon-Trieste-FS_etape08-08.jpg\" alt=\"\" class=\"wp-image-91518\" srcset=\"https:\/\/centcols.org\/wp-content\/uploads\/2025\/10\/Thonon-Trieste-FS_etape08-08.jpg 1200w, https:\/\/centcols.org\/wp-content\/uploads\/2025\/10\/Thonon-Trieste-FS_etape08-08-768x513.jpg 768w, https:\/\/centcols.org\/wp-content\/uploads\/2025\/10\/Thonon-Trieste-FS_etape08-08-18x12.jpg 18w\" sizes=\"auto, (max-width: 1200px) 100vw, 1200px\" \/><\/a><figcaption class=\"wp-element-caption\">Da Armentarola<\/figcaption><\/figure>\n\n\n\n<figure class=\"wp-block-image size-large\"><a href=\"https:\/\/centcols.org\/wp-content\/uploads\/2025\/10\/Thonon-Trieste-FS_etape08-09.jpg\"><img loading=\"lazy\" decoding=\"async\" width=\"1200\" height=\"802\" data-id=\"91520\" src=\"https:\/\/centcols.org\/wp-content\/uploads\/2025\/10\/Thonon-Trieste-FS_etape08-09.jpg\" alt=\"\" class=\"wp-image-91520\" srcset=\"https:\/\/centcols.org\/wp-content\/uploads\/2025\/10\/Thonon-Trieste-FS_etape08-09.jpg 1200w, https:\/\/centcols.org\/wp-content\/uploads\/2025\/10\/Thonon-Trieste-FS_etape08-09-768x513.jpg 768w, https:\/\/centcols.org\/wp-content\/uploads\/2025\/10\/Thonon-Trieste-FS_etape08-09-18x12.jpg 18w\" sizes=\"auto, (max-width: 1200px) 100vw, 1200px\" \/><\/a><\/figure>\n\n\n\n<figure class=\"wp-block-image size-large\"><a href=\"https:\/\/centcols.org\/wp-content\/uploads\/2025\/10\/Thonon-Trieste-FS_etape08-10.jpg\"><img loading=\"lazy\" decoding=\"async\" width=\"1200\" height=\"802\" data-id=\"91516\" src=\"https:\/\/centcols.org\/wp-content\/uploads\/2025\/10\/Thonon-Trieste-FS_etape08-10.jpg\" alt=\"\" class=\"wp-image-91516\" srcset=\"https:\/\/centcols.org\/wp-content\/uploads\/2025\/10\/Thonon-Trieste-FS_etape08-10.jpg 1200w, https:\/\/centcols.org\/wp-content\/uploads\/2025\/10\/Thonon-Trieste-FS_etape08-10-768x513.jpg 768w, https:\/\/centcols.org\/wp-content\/uploads\/2025\/10\/Thonon-Trieste-FS_etape08-10-18x12.jpg 18w\" sizes=\"auto, (max-width: 1200px) 100vw, 1200px\" \/><\/a><figcaption class=\"wp-element-caption\">Lago Valparola<\/figcaption><\/figure>\n\n\n\n<figure class=\"wp-block-image size-large\"><a href=\"https:\/\/centcols.org\/wp-content\/uploads\/2025\/10\/Thonon-Trieste-FS_etape08-11.jpg\"><img loading=\"lazy\" decoding=\"async\" width=\"1200\" height=\"802\" data-id=\"91517\" src=\"https:\/\/centcols.org\/wp-content\/uploads\/2025\/10\/Thonon-Trieste-FS_etape08-11.jpg\" alt=\"\" class=\"wp-image-91517\" srcset=\"https:\/\/centcols.org\/wp-content\/uploads\/2025\/10\/Thonon-Trieste-FS_etape08-11.jpg 1200w, https:\/\/centcols.org\/wp-content\/uploads\/2025\/10\/Thonon-Trieste-FS_etape08-11-768x513.jpg 768w, https:\/\/centcols.org\/wp-content\/uploads\/2025\/10\/Thonon-Trieste-FS_etape08-11-18x12.jpg 18w\" sizes=\"auto, (max-width: 1200px) 100vw, 1200px\" \/><\/a><figcaption class=\"wp-element-caption\">Forte Tre Sassi, tra il lago e il valico<\/figcaption><\/figure>\n\n\n\n<figure class=\"wp-block-image size-large\"><a href=\"https:\/\/centcols.org\/wp-content\/uploads\/2025\/10\/Thonon-Trieste-FS_etape08-12.jpg\"><img loading=\"lazy\" decoding=\"async\" width=\"1200\" height=\"1121\" data-id=\"91519\" src=\"https:\/\/centcols.org\/wp-content\/uploads\/2025\/10\/Thonon-Trieste-FS_etape08-12.jpg\" alt=\"\" class=\"wp-image-91519\" srcset=\"https:\/\/centcols.org\/wp-content\/uploads\/2025\/10\/Thonon-Trieste-FS_etape08-12.jpg 1200w, https:\/\/centcols.org\/wp-content\/uploads\/2025\/10\/Thonon-Trieste-FS_etape08-12-768x717.jpg 768w, https:\/\/centcols.org\/wp-content\/uploads\/2025\/10\/Thonon-Trieste-FS_etape08-12-13x12.jpg 13w\" sizes=\"auto, (max-width: 1200px) 100vw, 1200px\" \/><\/a><figcaption class=\"wp-element-caption\">Da Forte Tre Sassi<\/figcaption><\/figure>\n\n\n\n<figure class=\"wp-block-image size-large\"><a href=\"https:\/\/centcols.org\/wp-content\/uploads\/2025\/10\/Thonon-Trieste-FS_etape08-13.jpg\"><img loading=\"lazy\" decoding=\"async\" width=\"1200\" height=\"802\" data-id=\"91515\" src=\"https:\/\/centcols.org\/wp-content\/uploads\/2025\/10\/Thonon-Trieste-FS_etape08-13.jpg\" alt=\"\" class=\"wp-image-91515\" srcset=\"https:\/\/centcols.org\/wp-content\/uploads\/2025\/10\/Thonon-Trieste-FS_etape08-13.jpg 1200w, https:\/\/centcols.org\/wp-content\/uploads\/2025\/10\/Thonon-Trieste-FS_etape08-13-768x513.jpg 768w, https:\/\/centcols.org\/wp-content\/uploads\/2025\/10\/Thonon-Trieste-FS_etape08-13-18x12.jpg 18w\" sizes=\"auto, (max-width: 1200px) 100vw, 1200px\" \/><\/a><\/figure>\n<\/figure>\n\n\n\n<p>Ci dirigiamo quindi verso il Passo Falzarego, dove pranziamo con dei panini.<\/p>\n\n\n<div class=\"wp-block-image\">\n<figure class=\"aligncenter size-large is-resized\"><a href=\"https:\/\/centcols.org\/wp-content\/uploads\/2025\/10\/Thonon-Trieste-FS_etape08-15.jpg\"><img loading=\"lazy\" decoding=\"async\" width=\"1200\" height=\"675\" src=\"https:\/\/centcols.org\/wp-content\/uploads\/2025\/10\/Thonon-Trieste-FS_etape08-15.jpg\" alt=\"\" class=\"wp-image-91521\" style=\"width:800px\" srcset=\"https:\/\/centcols.org\/wp-content\/uploads\/2025\/10\/Thonon-Trieste-FS_etape08-15.jpg 1200w, https:\/\/centcols.org\/wp-content\/uploads\/2025\/10\/Thonon-Trieste-FS_etape08-15-768x432.jpg 768w, https:\/\/centcols.org\/wp-content\/uploads\/2025\/10\/Thonon-Trieste-FS_etape08-15-18x10.jpg 18w\" sizes=\"auto, (max-width: 1200px) 100vw, 1200px\" \/><\/a><\/figure>\n<\/div>\n\n\n<p><br>Il Falzarego, altrimenti noto come \"falso re\", \u00e8 un luogo affollato. La funivia che porta in cima alla montagna attira la folla. Anche sulle strade c'\u00e8 molta gente. \u00c8 domenica e il tempo \u00e8 bello. Ci sono molti motociclisti. Ci sono anche molti ciclisti, per lo pi\u00f9 coppie. Non ho visto nessun gruppo o club.<br>In ogni caso, molti pi\u00f9 ciclisti di ieri sotto la grandine o di due giorni fa sotto la pioggia sullo Stelvio... \ud83e\udd14.<\/p>\n\n\n\n<figure class=\"wp-block-gallery has-nested-images columns-default is-cropped wp-block-gallery-43 is-layout-flex wp-block-gallery-is-layout-flex\">\n<figure class=\"wp-block-image size-large\"><a href=\"https:\/\/centcols.org\/wp-content\/uploads\/2025\/10\/Thonon-Trieste-FS_etape08-19.jpg\"><img loading=\"lazy\" decoding=\"async\" width=\"1200\" height=\"1124\" data-id=\"91525\" src=\"https:\/\/centcols.org\/wp-content\/uploads\/2025\/10\/Thonon-Trieste-FS_etape08-19.jpg\" alt=\"\" class=\"wp-image-91525\" srcset=\"https:\/\/centcols.org\/wp-content\/uploads\/2025\/10\/Thonon-Trieste-FS_etape08-19.jpg 1200w, https:\/\/centcols.org\/wp-content\/uploads\/2025\/10\/Thonon-Trieste-FS_etape08-19-768x719.jpg 768w, https:\/\/centcols.org\/wp-content\/uploads\/2025\/10\/Thonon-Trieste-FS_etape08-19-13x12.jpg 13w\" sizes=\"auto, (max-width: 1200px) 100vw, 1200px\" \/><\/a><figcaption class=\"wp-element-caption\">Se le gambe fanno male!<\/figcaption><\/figure>\n\n\n\n<figure class=\"wp-block-image size-large\"><a href=\"https:\/\/centcols.org\/wp-content\/uploads\/2025\/10\/Thonon-Trieste-FS_etape08-16.jpg\"><img loading=\"lazy\" decoding=\"async\" width=\"1200\" height=\"802\" data-id=\"91522\" src=\"https:\/\/centcols.org\/wp-content\/uploads\/2025\/10\/Thonon-Trieste-FS_etape08-16.jpg\" alt=\"\" class=\"wp-image-91522\" srcset=\"https:\/\/centcols.org\/wp-content\/uploads\/2025\/10\/Thonon-Trieste-FS_etape08-16.jpg 1200w, https:\/\/centcols.org\/wp-content\/uploads\/2025\/10\/Thonon-Trieste-FS_etape08-16-768x513.jpg 768w, https:\/\/centcols.org\/wp-content\/uploads\/2025\/10\/Thonon-Trieste-FS_etape08-16-18x12.jpg 18w\" sizes=\"auto, (max-width: 1200px) 100vw, 1200px\" \/><\/a><figcaption class=\"wp-element-caption\">Funivia e rifugio del Lagazuoi<\/figcaption><\/figure>\n<\/figure>\n\n\n\n<p><br>Una bella discesa di 15 km \ud83d\ude0a seguita da una salita di 4 km \ud83d\ude21, ci riporta ad Arabba dopo 55 km, D 1460 e 3 passi di cui 2 \"2000\".<\/p>\n\n\n\n<figure class=\"wp-block-gallery has-nested-images columns-default is-cropped wp-block-gallery-44 is-layout-flex wp-block-gallery-is-layout-flex\">\n<figure class=\"wp-block-image size-large\"><a href=\"https:\/\/centcols.org\/wp-content\/uploads\/2025\/10\/Thonon-Trieste-FS_etape08-17.jpg\"><img loading=\"lazy\" decoding=\"async\" width=\"1200\" height=\"802\" data-id=\"91524\" src=\"https:\/\/centcols.org\/wp-content\/uploads\/2025\/10\/Thonon-Trieste-FS_etape08-17.jpg\" alt=\"\" class=\"wp-image-91524\" srcset=\"https:\/\/centcols.org\/wp-content\/uploads\/2025\/10\/Thonon-Trieste-FS_etape08-17.jpg 1200w, https:\/\/centcols.org\/wp-content\/uploads\/2025\/10\/Thonon-Trieste-FS_etape08-17-768x513.jpg 768w, https:\/\/centcols.org\/wp-content\/uploads\/2025\/10\/Thonon-Trieste-FS_etape08-17-18x12.jpg 18w\" sizes=\"auto, (max-width: 1200px) 100vw, 1200px\" \/><\/a><\/figure>\n\n\n\n<figure class=\"wp-block-image size-large\"><a href=\"https:\/\/centcols.org\/wp-content\/uploads\/2025\/10\/Thonon-Trieste-FS_etape08-18.jpg\"><img loading=\"lazy\" decoding=\"async\" width=\"1200\" height=\"802\" data-id=\"91523\" src=\"https:\/\/centcols.org\/wp-content\/uploads\/2025\/10\/Thonon-Trieste-FS_etape08-18.jpg\" alt=\"\" class=\"wp-image-91523\" srcset=\"https:\/\/centcols.org\/wp-content\/uploads\/2025\/10\/Thonon-Trieste-FS_etape08-18.jpg 1200w, https:\/\/centcols.org\/wp-content\/uploads\/2025\/10\/Thonon-Trieste-FS_etape08-18-768x513.jpg 768w, https:\/\/centcols.org\/wp-content\/uploads\/2025\/10\/Thonon-Trieste-FS_etape08-18-18x12.jpg 18w\" sizes=\"auto, (max-width: 1200px) 100vw, 1200px\" \/><\/a><\/figure>\n<\/figure>\n\n\n<div class=\"wp-block-image\">\n<figure class=\"aligncenter size-full\"><a href=\"https:\/\/centcols.org\/wp-content\/uploads\/2025\/10\/Thonon-Trieste-FS_etape08-20.jpg\"><img loading=\"lazy\" decoding=\"async\" width=\"1200\" height=\"802\" src=\"https:\/\/centcols.org\/wp-content\/uploads\/2025\/10\/Thonon-Trieste-FS_etape08-20.jpg\" alt=\"\" class=\"wp-image-91527\" srcset=\"https:\/\/centcols.org\/wp-content\/uploads\/2025\/10\/Thonon-Trieste-FS_etape08-20.jpg 1200w, https:\/\/centcols.org\/wp-content\/uploads\/2025\/10\/Thonon-Trieste-FS_etape08-20-768x513.jpg 768w, https:\/\/centcols.org\/wp-content\/uploads\/2025\/10\/Thonon-Trieste-FS_etape08-20-18x12.jpg 18w\" sizes=\"auto, (max-width: 1200px) 100vw, 1200px\" \/><\/a><figcaption class=\"wp-element-caption\">Torna a Arabba<\/figcaption><\/figure>\n<\/div>\n\n\n<p>Il nostro bucato sta migrando di nuovo. Questa volta l'abbiamo messo al sole, dove si \u00e8 asciugato rapidamente. Per fortuna eravamo in fondo allo stabilimento ...<\/p>\n\n\n<div class=\"wp-block-image\">\n<figure class=\"aligncenter size-full is-resized\"><a href=\"https:\/\/centcols.org\/wp-content\/uploads\/2025\/10\/Thonon-Trieste-FS_etape08-21.jpg\"><img loading=\"lazy\" decoding=\"async\" width=\"1200\" height=\"802\" src=\"https:\/\/centcols.org\/wp-content\/uploads\/2025\/10\/Thonon-Trieste-FS_etape08-21.jpg\" alt=\"\" class=\"wp-image-91492\" style=\"width:600px\" srcset=\"https:\/\/centcols.org\/wp-content\/uploads\/2025\/10\/Thonon-Trieste-FS_etape08-21.jpg 1200w, https:\/\/centcols.org\/wp-content\/uploads\/2025\/10\/Thonon-Trieste-FS_etape08-21-768x513.jpg 768w, https:\/\/centcols.org\/wp-content\/uploads\/2025\/10\/Thonon-Trieste-FS_etape08-21-18x12.jpg 18w\" sizes=\"auto, (max-width: 1200px) 100vw, 1200px\" \/><\/a><\/figure>\n<\/div>\n\n\n<p>Ad Arabba, il personale dell'hotel parla ovviamente italiano e tedesco (e, fortunatamente, anche inglese). Ma soprattutto il ladino. Vicino al romancio e al friulano, il ladino \u00e8 parlato in Trentino-Alto Adige da circa 30.000 persone. I cartelli di citt\u00e0 e di passaggio sono spesso in italiano, tedesco e ladino, in quest'ordine.<br>\u00c8 cos\u00ec confuso!<\/p>\n\n\n\n<div class=\"wp-block-buttons is-content-justification-space-between is-layout-flex wp-container-core-buttons-is-layout-3d213aab wp-block-buttons-is-layout-flex\">\n<div class=\"wp-block-button\"><a class=\"wp-block-button__link has-text-color has-background has-link-color wp-element-button\" href=\"https:\/\/centcols.org\/it\/thonon-trieste-fred-singla-2025\/8\/\" style=\"color:#2a488c;background-color:#88f2fd;text-transform:uppercase\"><strong>Stadio precedente<\/strong><\/a><\/div>\n\n\n\n<div class=\"wp-block-button\"><a class=\"wp-block-button__link has-text-color has-background has-link-color wp-element-button\" href=\"https:\/\/centcols.org\/it\/thonon-trieste-fred-singla-2025\/10\/\" style=\"color:#2a488c;background-color:#88f2fd;text-transform:uppercase\"><strong>Passo successivo<\/strong><\/a><\/div>\n<\/div>\n\n\n\n<!--nextpage-->\n\n\n\n<h2 class=\"wp-block-heading\"><em> Giorno 9 : <\/em>Da Arabba a Vigo-di-Cadore lungo la Strada Regionale 48 delle Dolomiti<\/h2>\n\n\n\n<p>97 km - 2085 m di dislivello, 2 passi di cui 1 &gt; 2000<\/p>\n\n\n<div class=\"wp-block-image\">\n<figure class=\"aligncenter size-full is-resized\"><a href=\"https:\/\/centcols.org\/wp-content\/uploads\/2025\/10\/Thonon-Trieste-FS_etape09-01.jpg\"><img loading=\"lazy\" decoding=\"async\" width=\"1200\" height=\"802\" src=\"https:\/\/centcols.org\/wp-content\/uploads\/2025\/10\/Thonon-Trieste-FS_etape09-01.jpg\" alt=\"\" class=\"wp-image-91554\" style=\"width:800px\" srcset=\"https:\/\/centcols.org\/wp-content\/uploads\/2025\/10\/Thonon-Trieste-FS_etape09-01.jpg 1200w, https:\/\/centcols.org\/wp-content\/uploads\/2025\/10\/Thonon-Trieste-FS_etape09-01-768x513.jpg 768w, https:\/\/centcols.org\/wp-content\/uploads\/2025\/10\/Thonon-Trieste-FS_etape09-01-18x12.jpg 18w\" sizes=\"auto, (max-width: 1200px) 100vw, 1200px\" \/><\/a><figcaption class=\"wp-element-caption\">Il giorno si apre su Arabba.<\/figcaption><\/figure>\n<\/div>\n\n\n<p>Nella hall dell'hotel, queste magnifiche poltrone invitano a rilassarsi e a concentrarsi. Pi\u00f9 prosaicamente, pensavamo che la colazione fosse alle 07:00, ma era la met\u00e0...<\/p>\n\n\n<div class=\"wp-block-image\">\n<figure class=\"aligncenter size-full is-resized\"><a href=\"https:\/\/centcols.org\/wp-content\/uploads\/2025\/10\/Thonon-Trieste-FS_etape09-02.jpg\"><img loading=\"lazy\" decoding=\"async\" width=\"1200\" height=\"802\" src=\"https:\/\/centcols.org\/wp-content\/uploads\/2025\/10\/Thonon-Trieste-FS_etape09-02.jpg\" alt=\"\" class=\"wp-image-91556\" style=\"width:600px\" srcset=\"https:\/\/centcols.org\/wp-content\/uploads\/2025\/10\/Thonon-Trieste-FS_etape09-02.jpg 1200w, https:\/\/centcols.org\/wp-content\/uploads\/2025\/10\/Thonon-Trieste-FS_etape09-02-768x513.jpg 768w, https:\/\/centcols.org\/wp-content\/uploads\/2025\/10\/Thonon-Trieste-FS_etape09-02-18x12.jpg 18w\" sizes=\"auto, (max-width: 1200px) 100vw, 1200px\" \/><\/a><figcaption class=\"wp-element-caption\">In piena concentrazione!<\/figcaption><\/figure>\n<\/div>\n\n\n<p>Lasciamo Arabba con una bella discesa e poi una ripida salita fino a un punto panoramico da cui possiamo ammirare Caprile in fondo alla valle e la Zima di Agnar\u00e9ze.<\/p>\n\n\n\n<figure class=\"wp-block-gallery has-nested-images columns-default is-cropped wp-block-gallery-45 is-layout-flex wp-block-gallery-is-layout-flex\">\n<figure class=\"wp-block-image size-full\"><a href=\"https:\/\/centcols.org\/wp-content\/uploads\/2025\/10\/Thonon-Trieste-FS_etape09-03.jpg\"><img loading=\"lazy\" decoding=\"async\" width=\"1200\" height=\"802\" data-id=\"91557\" src=\"https:\/\/centcols.org\/wp-content\/uploads\/2025\/10\/Thonon-Trieste-FS_etape09-03.jpg\" alt=\"\" class=\"wp-image-91557\" srcset=\"https:\/\/centcols.org\/wp-content\/uploads\/2025\/10\/Thonon-Trieste-FS_etape09-03.jpg 1200w, https:\/\/centcols.org\/wp-content\/uploads\/2025\/10\/Thonon-Trieste-FS_etape09-03-768x513.jpg 768w, https:\/\/centcols.org\/wp-content\/uploads\/2025\/10\/Thonon-Trieste-FS_etape09-03-18x12.jpg 18w\" sizes=\"auto, (max-width: 1200px) 100vw, 1200px\" \/><\/a><\/figure>\n\n\n\n<figure class=\"wp-block-image size-full\"><a href=\"https:\/\/centcols.org\/wp-content\/uploads\/2025\/10\/Thonon-Trieste-FS_etape09-04.jpg\"><img loading=\"lazy\" decoding=\"async\" width=\"1200\" height=\"802\" data-id=\"91559\" src=\"https:\/\/centcols.org\/wp-content\/uploads\/2025\/10\/Thonon-Trieste-FS_etape09-04.jpg\" alt=\"\" class=\"wp-image-91559\" srcset=\"https:\/\/centcols.org\/wp-content\/uploads\/2025\/10\/Thonon-Trieste-FS_etape09-04.jpg 1200w, https:\/\/centcols.org\/wp-content\/uploads\/2025\/10\/Thonon-Trieste-FS_etape09-04-768x513.jpg 768w, https:\/\/centcols.org\/wp-content\/uploads\/2025\/10\/Thonon-Trieste-FS_etape09-04-18x12.jpg 18w\" sizes=\"auto, (max-width: 1200px) 100vw, 1200px\" \/><\/a><figcaption class=\"wp-element-caption\">Caprile, adagiato lungo il torrente Cordevole e sotto la Zima de Aragn\u00e8ze.<\/figcaption><\/figure>\n\n\n\n<figure class=\"wp-block-image size-full\"><a href=\"https:\/\/centcols.org\/wp-content\/uploads\/2025\/10\/Thonon-Trieste-FS_etape09-05.jpg\"><img loading=\"lazy\" decoding=\"async\" width=\"1200\" height=\"802\" data-id=\"91558\" src=\"https:\/\/centcols.org\/wp-content\/uploads\/2025\/10\/Thonon-Trieste-FS_etape09-05.jpg\" alt=\"\" class=\"wp-image-91558\" srcset=\"https:\/\/centcols.org\/wp-content\/uploads\/2025\/10\/Thonon-Trieste-FS_etape09-05.jpg 1200w, https:\/\/centcols.org\/wp-content\/uploads\/2025\/10\/Thonon-Trieste-FS_etape09-05-768x513.jpg 768w, https:\/\/centcols.org\/wp-content\/uploads\/2025\/10\/Thonon-Trieste-FS_etape09-05-18x12.jpg 18w\" sizes=\"auto, (max-width: 1200px) 100vw, 1200px\" \/><\/a><figcaption class=\"wp-element-caption\">Colle Santa Lucia<\/figcaption><\/figure>\n<\/figure>\n\n\n\n<p>Poi arriva la lunghissima salita del Passo di Giau: 16 km, 1235 m di dislivello, 29 curve, 8% di velocit\u00e0 media con passaggi a 15 ...<\/p>\n\n\n<div class=\"wp-block-image\">\n<figure class=\"aligncenter size-large is-resized\"><a href=\"https:\/\/centcols.org\/wp-content\/uploads\/2025\/10\/Thonon-Trieste-FS_etape09-06.jpg\"><img loading=\"lazy\" decoding=\"async\" width=\"1200\" height=\"802\" src=\"https:\/\/centcols.org\/wp-content\/uploads\/2025\/10\/Thonon-Trieste-FS_etape09-06.jpg\" alt=\"\" class=\"wp-image-91562\" style=\"width:400px\" srcset=\"https:\/\/centcols.org\/wp-content\/uploads\/2025\/10\/Thonon-Trieste-FS_etape09-06.jpg 1200w, https:\/\/centcols.org\/wp-content\/uploads\/2025\/10\/Thonon-Trieste-FS_etape09-06-768x513.jpg 768w, https:\/\/centcols.org\/wp-content\/uploads\/2025\/10\/Thonon-Trieste-FS_etape09-06-18x12.jpg 18w\" sizes=\"auto, (max-width: 1200px) 100vw, 1200px\" \/><\/a><\/figure>\n<\/div>\n\n\n<figure class=\"wp-block-gallery has-nested-images columns-default is-cropped wp-block-gallery-46 is-layout-flex wp-block-gallery-is-layout-flex\">\n<figure class=\"wp-block-image size-large\"><a href=\"https:\/\/centcols.org\/wp-content\/uploads\/2025\/10\/Thonon-Trieste-FS_etape09-08.jpg\"><img loading=\"lazy\" decoding=\"async\" width=\"1200\" height=\"802\" data-id=\"91563\" src=\"https:\/\/centcols.org\/wp-content\/uploads\/2025\/10\/Thonon-Trieste-FS_etape09-08.jpg\" alt=\"\" class=\"wp-image-91563\" srcset=\"https:\/\/centcols.org\/wp-content\/uploads\/2025\/10\/Thonon-Trieste-FS_etape09-08.jpg 1200w, https:\/\/centcols.org\/wp-content\/uploads\/2025\/10\/Thonon-Trieste-FS_etape09-08-768x513.jpg 768w, https:\/\/centcols.org\/wp-content\/uploads\/2025\/10\/Thonon-Trieste-FS_etape09-08-18x12.jpg 18w\" sizes=\"auto, (max-width: 1200px) 100vw, 1200px\" \/><\/a><figcaption class=\"wp-element-caption\">Nonostante queste cifre spaventose, il Partner continua ad andare forte.<br><\/figcaption><\/figure>\n\n\n\n<figure class=\"wp-block-image size-large\"><a href=\"https:\/\/centcols.org\/wp-content\/uploads\/2025\/10\/Thonon-Trieste-FS_etape09-09.jpg\"><img loading=\"lazy\" decoding=\"async\" width=\"1200\" height=\"802\" data-id=\"91564\" src=\"https:\/\/centcols.org\/wp-content\/uploads\/2025\/10\/Thonon-Trieste-FS_etape09-09.jpg\" alt=\"\" class=\"wp-image-91564\" srcset=\"https:\/\/centcols.org\/wp-content\/uploads\/2025\/10\/Thonon-Trieste-FS_etape09-09.jpg 1200w, https:\/\/centcols.org\/wp-content\/uploads\/2025\/10\/Thonon-Trieste-FS_etape09-09-768x513.jpg 768w, https:\/\/centcols.org\/wp-content\/uploads\/2025\/10\/Thonon-Trieste-FS_etape09-09-18x12.jpg 18w\" sizes=\"auto, (max-width: 1200px) 100vw, 1200px\" \/><\/a><figcaption class=\"wp-element-caption\">Nonostante queste cifre spaventose, Jean Marc continua ad andare forte \ud83d\ude09 .<\/figcaption><\/figure>\n<\/figure>\n\n\n<div class=\"wp-block-image\">\n<figure class=\"aligncenter size-full is-resized\"><a href=\"https:\/\/centcols.org\/wp-content\/uploads\/2025\/10\/Thonon-Trieste-FS_etape09-07.jpg\"><img loading=\"lazy\" decoding=\"async\" width=\"1200\" height=\"802\" src=\"https:\/\/centcols.org\/wp-content\/uploads\/2025\/10\/Thonon-Trieste-FS_etape09-07.jpg\" alt=\"\" class=\"wp-image-91566\" style=\"width:800px\" srcset=\"https:\/\/centcols.org\/wp-content\/uploads\/2025\/10\/Thonon-Trieste-FS_etape09-07.jpg 1200w, https:\/\/centcols.org\/wp-content\/uploads\/2025\/10\/Thonon-Trieste-FS_etape09-07-768x513.jpg 768w, https:\/\/centcols.org\/wp-content\/uploads\/2025\/10\/Thonon-Trieste-FS_etape09-07-18x12.jpg 18w\" sizes=\"auto, (max-width: 1200px) 100vw, 1200px\" \/><\/a><\/figure>\n<\/div>\n\n\n<p>Quando si raggiunge la vetta, si ha davvero la sensazione di aver conquistato un \"grande italiano\". Siamo a 2.232 metri di altitudine. Ci sono molte moto. Non ho visto l'antico confine tra l'Impero austriaco e la Repubblica di Venezia.<\/p>\n\n\n\n<figure class=\"wp-block-gallery has-nested-images columns-default is-cropped wp-block-gallery-47 is-layout-flex wp-block-gallery-is-layout-flex\">\n<figure class=\"wp-block-image size-large\"><a href=\"https:\/\/centcols.org\/wp-content\/uploads\/2025\/10\/Thonon-Trieste-FS_etape09-10.jpg\"><img loading=\"lazy\" decoding=\"async\" width=\"1200\" height=\"1179\" data-id=\"91569\" src=\"https:\/\/centcols.org\/wp-content\/uploads\/2025\/10\/Thonon-Trieste-FS_etape09-10.jpg\" alt=\"\" class=\"wp-image-91569\" srcset=\"https:\/\/centcols.org\/wp-content\/uploads\/2025\/10\/Thonon-Trieste-FS_etape09-10.jpg 1200w, https:\/\/centcols.org\/wp-content\/uploads\/2025\/10\/Thonon-Trieste-FS_etape09-10-768x755.jpg 768w, https:\/\/centcols.org\/wp-content\/uploads\/2025\/10\/Thonon-Trieste-FS_etape09-10-12x12.jpg 12w\" sizes=\"auto, (max-width: 1200px) 100vw, 1200px\" \/><\/a><\/figure>\n\n\n\n<figure class=\"wp-block-image size-large\"><a href=\"https:\/\/centcols.org\/wp-content\/uploads\/2025\/10\/Thonon-Trieste-FS_etape09-12.jpg\"><img loading=\"lazy\" decoding=\"async\" width=\"1200\" height=\"802\" data-id=\"91570\" src=\"https:\/\/centcols.org\/wp-content\/uploads\/2025\/10\/Thonon-Trieste-FS_etape09-12.jpg\" alt=\"\" class=\"wp-image-91570\" srcset=\"https:\/\/centcols.org\/wp-content\/uploads\/2025\/10\/Thonon-Trieste-FS_etape09-12.jpg 1200w, https:\/\/centcols.org\/wp-content\/uploads\/2025\/10\/Thonon-Trieste-FS_etape09-12-768x513.jpg 768w, https:\/\/centcols.org\/wp-content\/uploads\/2025\/10\/Thonon-Trieste-FS_etape09-12-18x12.jpg 18w\" sizes=\"auto, (max-width: 1200px) 100vw, 1200px\" \/><\/a><\/figure>\n\n\n\n<figure class=\"wp-block-image size-large\"><a href=\"https:\/\/centcols.org\/wp-content\/uploads\/2025\/10\/Thonon-Trieste-FS_etape09-11.jpg\"><img loading=\"lazy\" decoding=\"async\" width=\"1140\" height=\"1920\" data-id=\"91572\" src=\"https:\/\/centcols.org\/wp-content\/uploads\/2025\/10\/Thonon-Trieste-FS_etape09-11-1140x1920.jpg\" alt=\"\" class=\"wp-image-91572\" srcset=\"https:\/\/centcols.org\/wp-content\/uploads\/2025\/10\/Thonon-Trieste-FS_etape09-11-1140x1920.jpg 1140w, https:\/\/centcols.org\/wp-content\/uploads\/2025\/10\/Thonon-Trieste-FS_etape09-11-713x1200.jpg 713w, https:\/\/centcols.org\/wp-content\/uploads\/2025\/10\/Thonon-Trieste-FS_etape09-11-768x1293.jpg 768w, https:\/\/centcols.org\/wp-content\/uploads\/2025\/10\/Thonon-Trieste-FS_etape09-11-912x1536.jpg 912w, https:\/\/centcols.org\/wp-content\/uploads\/2025\/10\/Thonon-Trieste-FS_etape09-11-7x12.jpg 7w, https:\/\/centcols.org\/wp-content\/uploads\/2025\/10\/Thonon-Trieste-FS_etape09-11.jpg 1200w\" sizes=\"auto, (max-width: 1140px) 100vw, 1140px\" \/><\/a><\/figure>\n\n\n\n<figure class=\"wp-block-image size-large\"><a href=\"https:\/\/centcols.org\/wp-content\/uploads\/2025\/10\/Thonon-Trieste-FS_etape09-13.jpg\"><img loading=\"lazy\" decoding=\"async\" width=\"1200\" height=\"1121\" data-id=\"91571\" src=\"https:\/\/centcols.org\/wp-content\/uploads\/2025\/10\/Thonon-Trieste-FS_etape09-13.jpg\" alt=\"\" class=\"wp-image-91571\" srcset=\"https:\/\/centcols.org\/wp-content\/uploads\/2025\/10\/Thonon-Trieste-FS_etape09-13.jpg 1200w, https:\/\/centcols.org\/wp-content\/uploads\/2025\/10\/Thonon-Trieste-FS_etape09-13-768x717.jpg 768w, https:\/\/centcols.org\/wp-content\/uploads\/2025\/10\/Thonon-Trieste-FS_etape09-13-13x12.jpg 13w\" sizes=\"auto, (max-width: 1200px) 100vw, 1200px\" \/><\/a><\/figure>\n<\/figure>\n\n\n\n<p>Una discesa fenomenale, su una strada larga e aperta con poco traffico, fino a Cortina d'Ampezzo. Si tratta di una localit\u00e0 molto elegante, dove i ristoranti non rientrano nel nostro budget. Quindi non ci siamo soffermati.<\/p>\n\n\n\n<figure class=\"wp-block-gallery has-nested-images columns-default is-cropped wp-block-gallery-48 is-layout-flex wp-block-gallery-is-layout-flex\">\n<figure class=\"wp-block-image size-large\"><a href=\"https:\/\/centcols.org\/wp-content\/uploads\/2025\/10\/Thonon-Trieste-FS_etape09-14.jpg\"><img loading=\"lazy\" decoding=\"async\" width=\"1200\" height=\"713\" data-id=\"91575\" src=\"https:\/\/centcols.org\/wp-content\/uploads\/2025\/10\/Thonon-Trieste-FS_etape09-14.jpg\" alt=\"\" class=\"wp-image-91575\" srcset=\"https:\/\/centcols.org\/wp-content\/uploads\/2025\/10\/Thonon-Trieste-FS_etape09-14.jpg 1200w, https:\/\/centcols.org\/wp-content\/uploads\/2025\/10\/Thonon-Trieste-FS_etape09-14-768x456.jpg 768w, https:\/\/centcols.org\/wp-content\/uploads\/2025\/10\/Thonon-Trieste-FS_etape09-14-18x12.jpg 18w\" sizes=\"auto, (max-width: 1200px) 100vw, 1200px\" \/><\/a><\/figure>\n\n\n\n<figure class=\"wp-block-image size-large\"><a href=\"https:\/\/centcols.org\/wp-content\/uploads\/2025\/10\/Thonon-Trieste-FS_etape09-15.jpg\"><img loading=\"lazy\" decoding=\"async\" width=\"1200\" height=\"802\" data-id=\"91574\" src=\"https:\/\/centcols.org\/wp-content\/uploads\/2025\/10\/Thonon-Trieste-FS_etape09-15.jpg\" alt=\"\" class=\"wp-image-91574\" srcset=\"https:\/\/centcols.org\/wp-content\/uploads\/2025\/10\/Thonon-Trieste-FS_etape09-15.jpg 1200w, https:\/\/centcols.org\/wp-content\/uploads\/2025\/10\/Thonon-Trieste-FS_etape09-15-768x513.jpg 768w, https:\/\/centcols.org\/wp-content\/uploads\/2025\/10\/Thonon-Trieste-FS_etape09-15-18x12.jpg 18w\" sizes=\"auto, (max-width: 1200px) 100vw, 1200px\" \/><\/a><figcaption class=\"wp-element-caption\">Cortina d'Ampezzo<\/figcaption><\/figure>\n<\/figure>\n\n\n\n<p>Tanto pi\u00f9 che in vista c'\u00e8 un altro monumento, il Passo Tre Croci. La salita \u00e8 lunga ma non particolarmente difficile. In cima, in mezzo al nulla, troneggiano due enormi alberghi. Il sito \u00e8 il punto di partenza di numerose escursioni e gli escursionisti sono numerosi.<\/p>\n\n\n<div class=\"wp-block-image\">\n<figure class=\"aligncenter size-full\"><a href=\"https:\/\/centcols.org\/wp-content\/uploads\/2025\/10\/Thonon-Trieste-FS_etape09-16.jpg\"><img loading=\"lazy\" decoding=\"async\" width=\"1200\" height=\"802\" src=\"https:\/\/centcols.org\/wp-content\/uploads\/2025\/10\/Thonon-Trieste-FS_etape09-16.jpg\" alt=\"\" class=\"wp-image-91578\" srcset=\"https:\/\/centcols.org\/wp-content\/uploads\/2025\/10\/Thonon-Trieste-FS_etape09-16.jpg 1200w, https:\/\/centcols.org\/wp-content\/uploads\/2025\/10\/Thonon-Trieste-FS_etape09-16-768x513.jpg 768w, https:\/\/centcols.org\/wp-content\/uploads\/2025\/10\/Thonon-Trieste-FS_etape09-16-18x12.jpg 18w\" sizes=\"auto, (max-width: 1200px) 100vw, 1200px\" \/><\/a><figcaption class=\"wp-element-caption\">Alver\u00e0 sulla salita delle Tre Croci<\/figcaption><\/figure>\n<\/div>\n\n\n<p>Da quando siamo sui passi principali, siamo stati costantemente sorpassati da Ferrari, Maserati, Audi, BMW e Mercedes di modelli insoliti. E cosa dire del numero di Porsche?<br>Oggi \u00e8 affiancata da una splendida Rolls immatricolata in Svizzera.<\/p>\n\n\n\n<p>Lasciamo gli escursionisti a loro stessi e partiamo per una lunga discesa con le ultime cime marmoree della giornata.<\/p>\n\n\n\n<p>Dopo aver attraversato Laggio di Cadore, arriviamo a Vigo di Cadore dove si trova il nostro albergo: Hotel da Marco. Il simpatico proprietario si chiama Dario, quindi forse \u00e8 il figlio di Marco \ud83e\udd14.<br>In ogni caso, \u00e8 stata la mamma a preparare gli ottimi ravioli di barbabietola per il pasto.<\/p>\n\n\n\n<figure class=\"wp-block-gallery has-nested-images columns-default is-cropped wp-block-gallery-49 is-layout-flex wp-block-gallery-is-layout-flex\">\n<figure class=\"wp-block-image size-large\"><a href=\"https:\/\/centcols.org\/wp-content\/uploads\/2025\/10\/Thonon-Trieste-FS_etape09-18.jpg\"><img loading=\"lazy\" decoding=\"async\" width=\"1200\" height=\"802\" data-id=\"91580\" src=\"https:\/\/centcols.org\/wp-content\/uploads\/2025\/10\/Thonon-Trieste-FS_etape09-18.jpg\" alt=\"\" class=\"wp-image-91580\" srcset=\"https:\/\/centcols.org\/wp-content\/uploads\/2025\/10\/Thonon-Trieste-FS_etape09-18.jpg 1200w, https:\/\/centcols.org\/wp-content\/uploads\/2025\/10\/Thonon-Trieste-FS_etape09-18-768x513.jpg 768w, https:\/\/centcols.org\/wp-content\/uploads\/2025\/10\/Thonon-Trieste-FS_etape09-18-18x12.jpg 18w\" sizes=\"auto, (max-width: 1200px) 100vw, 1200px\" \/><\/a><figcaption class=\"wp-element-caption\">Aurenzo di Cadore, sulle sponde del lago di Santa Caterina (o lago di Auronzo)<\/figcaption><\/figure>\n\n\n\n<figure class=\"wp-block-image size-large\"><a href=\"https:\/\/centcols.org\/wp-content\/uploads\/2025\/10\/Thonon-Trieste-FS_etape09-19.jpg\"><img loading=\"lazy\" decoding=\"async\" width=\"1200\" height=\"802\" data-id=\"91579\" src=\"https:\/\/centcols.org\/wp-content\/uploads\/2025\/10\/Thonon-Trieste-FS_etape09-19.jpg\" alt=\"\" class=\"wp-image-91579\" srcset=\"https:\/\/centcols.org\/wp-content\/uploads\/2025\/10\/Thonon-Trieste-FS_etape09-19.jpg 1200w, https:\/\/centcols.org\/wp-content\/uploads\/2025\/10\/Thonon-Trieste-FS_etape09-19-768x513.jpg 768w, https:\/\/centcols.org\/wp-content\/uploads\/2025\/10\/Thonon-Trieste-FS_etape09-19-18x12.jpg 18w\" sizes=\"auto, (max-width: 1200px) 100vw, 1200px\" \/><\/a><figcaption class=\"wp-element-caption\">Vigo di Cadore<\/figcaption><\/figure>\n<\/figure>\n\n\n\n<p>Prima di assaggiarli, \u00e8 d'obbligo un rinfresco dopo 97 km, la D2085 e 2 passi, di cui uno \"2000\".<\/p>\n\n\n<div class=\"wp-block-image\">\n<figure class=\"aligncenter size-full is-resized\"><a href=\"https:\/\/centcols.org\/wp-content\/uploads\/2025\/10\/Thonon-Trieste-FS_etape09-20.jpg\"><img loading=\"lazy\" decoding=\"async\" width=\"1200\" height=\"950\" src=\"https:\/\/centcols.org\/wp-content\/uploads\/2025\/10\/Thonon-Trieste-FS_etape09-20.jpg\" alt=\"\" class=\"wp-image-91581\" style=\"width:800px\" srcset=\"https:\/\/centcols.org\/wp-content\/uploads\/2025\/10\/Thonon-Trieste-FS_etape09-20.jpg 1200w, https:\/\/centcols.org\/wp-content\/uploads\/2025\/10\/Thonon-Trieste-FS_etape09-20-768x608.jpg 768w, https:\/\/centcols.org\/wp-content\/uploads\/2025\/10\/Thonon-Trieste-FS_etape09-20-15x12.jpg 15w\" sizes=\"auto, (max-width: 1200px) 100vw, 1200px\" \/><\/a><\/figure>\n<\/div>\n\n\n<p>Oggi non c'era un solo tratto pianeggiante, solo salite e discese! E abbiamo superato i 1000 km dalla partenza. Trieste si avvicina!<br>O meglio, visto che Trieste non si muove, ci stiamo avvicinando a Trieste...<\/p>\n\n\n\n<div class=\"wp-block-buttons is-content-justification-space-between is-layout-flex wp-container-core-buttons-is-layout-3d213aab wp-block-buttons-is-layout-flex\">\n<div class=\"wp-block-button\"><a class=\"wp-block-button__link has-text-color has-background has-link-color wp-element-button\" href=\"https:\/\/centcols.org\/it\/thonon-trieste-fred-singla-2025\/9\/\" style=\"color:#2a488c;background-color:#88f2fd;text-transform:uppercase\"><strong>Stadio precedente<\/strong><\/a><\/div>\n\n\n\n<div class=\"wp-block-button\"><a class=\"wp-block-button__link has-text-color has-background has-link-color wp-element-button\" href=\"https:\/\/centcols.org\/it\/thonon-trieste-fred-singla-2025\/11\/\" style=\"color:#2a488c;background-color:#88f2fd;text-transform:uppercase\"><strong>Passo successivo<\/strong><\/a><\/div>\n<\/div>\n\n\n\n<!--nextpage-->\n\n\n\n<h2 class=\"wp-block-heading\"><em> Giorno 10 : <\/em>Da Vigo-di-Cadore a Tarcento + LE Zoncolan!<\/h2>\n\n\n\n<p>148 km - 2800 m di dislivello, 7 passi, tra cui l'impressionante e indimenticabile Zoncolan.<\/p>\n\n\n<div class=\"wp-block-image\">\n<figure class=\"aligncenter size-full is-resized\"><a href=\"https:\/\/centcols.org\/wp-content\/uploads\/2025\/10\/Thonon-Trieste-FS_etape10-01.jpg\"><img loading=\"lazy\" decoding=\"async\" width=\"1200\" height=\"802\" src=\"https:\/\/centcols.org\/wp-content\/uploads\/2025\/10\/Thonon-Trieste-FS_etape10-01.jpg\" alt=\"\" class=\"wp-image-91589\" style=\"width:800px\" srcset=\"https:\/\/centcols.org\/wp-content\/uploads\/2025\/10\/Thonon-Trieste-FS_etape10-01.jpg 1200w, https:\/\/centcols.org\/wp-content\/uploads\/2025\/10\/Thonon-Trieste-FS_etape10-01-768x513.jpg 768w, https:\/\/centcols.org\/wp-content\/uploads\/2025\/10\/Thonon-Trieste-FS_etape10-01-18x12.jpg 18w\" sizes=\"auto, (max-width: 1200px) 100vw, 1200px\" \/><\/a><figcaption class=\"wp-element-caption\">Chiesa Sant'Orsola del XIV secolo a Vigo-di-Cadore<\/figcaption><\/figure>\n<\/div>\n\n\n<p>Come ogni mattina, Jean Marc ci guarda partire. Oggi siamo partiti all'asciutto, ma ha iniziato a piovere molto presto. In compenso c'era nebbia fin dall'inizio. Mi diverto a scattare la stessa foto di Vigo di Cadore che ho fatto ieri al nostro arrivo. Le metter\u00f2 una accanto all'altra nel mio prossimo album.<\/p>\n\n\n<div class=\"wp-block-image\">\n<figure class=\"aligncenter size-full is-resized\"><a href=\"https:\/\/centcols.org\/wp-content\/uploads\/2025\/10\/Thonon-Trieste-FS_etape10-02.jpg\"><img loading=\"lazy\" decoding=\"async\" width=\"1200\" height=\"802\" src=\"https:\/\/centcols.org\/wp-content\/uploads\/2025\/10\/Thonon-Trieste-FS_etape10-02.jpg\" alt=\"\" class=\"wp-image-91590\" style=\"width:800px\" srcset=\"https:\/\/centcols.org\/wp-content\/uploads\/2025\/10\/Thonon-Trieste-FS_etape10-02.jpg 1200w, https:\/\/centcols.org\/wp-content\/uploads\/2025\/10\/Thonon-Trieste-FS_etape10-02-768x513.jpg 768w, https:\/\/centcols.org\/wp-content\/uploads\/2025\/10\/Thonon-Trieste-FS_etape10-02-18x12.jpg 18w\" sizes=\"auto, (max-width: 1200px) 100vw, 1200px\" \/><\/a><\/figure>\n<\/div>\n\n\n<p>A Laggio di Cadore, ho il tempo di fotografare queste isarde, a differenza delle due cerve che vedr\u00f2 pi\u00f9 tardi. Saranno molto pi\u00f9 veloci di me.<\/p>\n\n\n<div class=\"wp-block-image\">\n<figure class=\"aligncenter size-full is-resized\"><a href=\"https:\/\/centcols.org\/wp-content\/uploads\/2025\/10\/Thonon-Trieste-FS_etape10-03.jpg\"><img loading=\"lazy\" decoding=\"async\" width=\"1200\" height=\"802\" src=\"https:\/\/centcols.org\/wp-content\/uploads\/2025\/10\/Thonon-Trieste-FS_etape10-03.jpg\" alt=\"\" class=\"wp-image-91591\" style=\"width:800px\" srcset=\"https:\/\/centcols.org\/wp-content\/uploads\/2025\/10\/Thonon-Trieste-FS_etape10-03.jpg 1200w, https:\/\/centcols.org\/wp-content\/uploads\/2025\/10\/Thonon-Trieste-FS_etape10-03-768x513.jpg 768w, https:\/\/centcols.org\/wp-content\/uploads\/2025\/10\/Thonon-Trieste-FS_etape10-03-18x12.jpg 18w\" sizes=\"auto, (max-width: 1200px) 100vw, 1200px\" \/><\/a><\/figure>\n<\/div>\n\n\n<p><em><strong>Nota dell'editore:<\/strong> isard, isard... bisard, bizzarro! Siamo sulle Alpi, quindi questi sono camosci sul davanti. Ma cosa vuoi? Una volta pirenaico, sempre pirenaico! Fred ha visto alcuni isard.<\/em><\/p>\n\n\n\n<p>La prima salita, di 19 km, \u00e8 stata fatta sotto la pioggia. \u00c8 stata una salita difficile ma molto bella, che non abbiamo goduto a causa della nebbia.<br>Siamo nel mezzo di immense foreste dove la silvicoltura \u00e8 ben sviluppata. La strada che le attraversa \u00e8 assolutamente deserta.<br>Sella di Razzo \u00e8 una piccola stazione sciistica quasi abbandonata.<\/p>\n\n\n<div class=\"wp-block-image\">\n<figure class=\"aligncenter size-full is-resized\"><a href=\"https:\/\/centcols.org\/wp-content\/uploads\/2025\/10\/Thonon-Trieste-FS_etape10-04.jpg\"><img loading=\"lazy\" decoding=\"async\" width=\"800\" height=\"1200\" src=\"https:\/\/centcols.org\/wp-content\/uploads\/2025\/10\/Thonon-Trieste-FS_etape10-04.jpg\" alt=\"\" class=\"wp-image-91595\" style=\"width:auto;height:600px\" srcset=\"https:\/\/centcols.org\/wp-content\/uploads\/2025\/10\/Thonon-Trieste-FS_etape10-04.jpg 800w, https:\/\/centcols.org\/wp-content\/uploads\/2025\/10\/Thonon-Trieste-FS_etape10-04-768x1152.jpg 768w, https:\/\/centcols.org\/wp-content\/uploads\/2025\/10\/Thonon-Trieste-FS_etape10-04-8x12.jpg 8w\" sizes=\"auto, (max-width: 800px) 100vw, 800px\" \/><\/a><figcaption class=\"wp-element-caption\">Valico di Cima Campigotto<\/figcaption><\/figure>\n<\/div>\n\n\n<figure class=\"wp-block-gallery has-nested-images columns-3 is-cropped wp-block-gallery-50 is-layout-flex wp-block-gallery-is-layout-flex\">\n<figure class=\"wp-block-image size-large\"><a href=\"https:\/\/centcols.org\/wp-content\/uploads\/2025\/10\/Thonon-Trieste-FS_etape10-05.jpg\"><img loading=\"lazy\" decoding=\"async\" width=\"1200\" height=\"802\" data-id=\"91596\" src=\"https:\/\/centcols.org\/wp-content\/uploads\/2025\/10\/Thonon-Trieste-FS_etape10-05.jpg\" alt=\"\" class=\"wp-image-91596\" srcset=\"https:\/\/centcols.org\/wp-content\/uploads\/2025\/10\/Thonon-Trieste-FS_etape10-05.jpg 1200w, https:\/\/centcols.org\/wp-content\/uploads\/2025\/10\/Thonon-Trieste-FS_etape10-05-768x513.jpg 768w, https:\/\/centcols.org\/wp-content\/uploads\/2025\/10\/Thonon-Trieste-FS_etape10-05-18x12.jpg 18w\" sizes=\"auto, (max-width: 1200px) 100vw, 1200px\" \/><\/a><\/figure>\n\n\n\n<figure class=\"wp-block-image size-large\"><a href=\"https:\/\/centcols.org\/wp-content\/uploads\/2025\/10\/Thonon-Trieste-FS_etape10-20.jpg\"><img loading=\"lazy\" decoding=\"async\" width=\"1200\" height=\"802\" data-id=\"91659\" src=\"https:\/\/centcols.org\/wp-content\/uploads\/2025\/10\/Thonon-Trieste-FS_etape10-20.jpg\" alt=\"\" class=\"wp-image-91659\" srcset=\"https:\/\/centcols.org\/wp-content\/uploads\/2025\/10\/Thonon-Trieste-FS_etape10-20.jpg 1200w, https:\/\/centcols.org\/wp-content\/uploads\/2025\/10\/Thonon-Trieste-FS_etape10-20-768x513.jpg 768w, https:\/\/centcols.org\/wp-content\/uploads\/2025\/10\/Thonon-Trieste-FS_etape10-20-18x12.jpg 18w\" sizes=\"auto, (max-width: 1200px) 100vw, 1200px\" \/><\/a><figcaption class=\"wp-element-caption\">Questa mucca si chiede cosa ci facciamo qui. Anch'io...<\/figcaption><\/figure>\n\n\n\n<figure class=\"wp-block-image size-large\"><a href=\"https:\/\/centcols.org\/wp-content\/uploads\/2025\/10\/Thonon-Trieste-FS_etape10-06.jpg\"><img loading=\"lazy\" decoding=\"async\" width=\"1200\" height=\"802\" data-id=\"91597\" src=\"https:\/\/centcols.org\/wp-content\/uploads\/2025\/10\/Thonon-Trieste-FS_etape10-06.jpg\" alt=\"\" class=\"wp-image-91597\" srcset=\"https:\/\/centcols.org\/wp-content\/uploads\/2025\/10\/Thonon-Trieste-FS_etape10-06.jpg 1200w, https:\/\/centcols.org\/wp-content\/uploads\/2025\/10\/Thonon-Trieste-FS_etape10-06-768x513.jpg 768w, https:\/\/centcols.org\/wp-content\/uploads\/2025\/10\/Thonon-Trieste-FS_etape10-06-18x12.jpg 18w\" sizes=\"auto, (max-width: 1200px) 100vw, 1200px\" \/><\/a><figcaption class=\"wp-element-caption\">Forcella Rioda, ancora nella nebbia<\/figcaption><\/figure>\n<\/figure>\n\n\n\n<p>Una lunga discesa tra gli abeti su una strada gravemente danneggiata dall'inverno.<\/p>\n\n\n<div class=\"wp-block-image\">\n<figure class=\"aligncenter size-full is-resized\"><a href=\"https:\/\/centcols.org\/wp-content\/uploads\/2025\/10\/Thonon-Trieste-FS_etape10-07.jpg\"><img loading=\"lazy\" decoding=\"async\" width=\"1200\" height=\"802\" src=\"https:\/\/centcols.org\/wp-content\/uploads\/2025\/10\/Thonon-Trieste-FS_etape10-07.jpg\" alt=\"\" class=\"wp-image-91598\" style=\"width:800px\" srcset=\"https:\/\/centcols.org\/wp-content\/uploads\/2025\/10\/Thonon-Trieste-FS_etape10-07.jpg 1200w, https:\/\/centcols.org\/wp-content\/uploads\/2025\/10\/Thonon-Trieste-FS_etape10-07-768x513.jpg 768w, https:\/\/centcols.org\/wp-content\/uploads\/2025\/10\/Thonon-Trieste-FS_etape10-07-18x12.jpg 18w\" sizes=\"auto, (max-width: 1200px) 100vw, 1200px\" \/><\/a><\/figure>\n<\/div>\n\n\n<p>Ci stiamo lasciando alle spalle le Dolomiti e le loro caratteristiche vette.<br>Attraversiamo alcuni villaggi graziosi e molto isolati. Siamo in Val P\u00e9sarina, la Valle del Tempo.<\/p>\n\n\n\n<figure class=\"wp-block-gallery has-nested-images columns-2 is-cropped wp-block-gallery-51 is-layout-flex wp-block-gallery-is-layout-flex\">\n<figure class=\"wp-block-image size-large\"><a href=\"https:\/\/centcols.org\/wp-content\/uploads\/2025\/10\/Thonon-Trieste-FS_etape10-08.jpg\"><img loading=\"lazy\" decoding=\"async\" width=\"1200\" height=\"802\" data-id=\"91600\" src=\"https:\/\/centcols.org\/wp-content\/uploads\/2025\/10\/Thonon-Trieste-FS_etape10-08.jpg\" alt=\"\" class=\"wp-image-91600\" srcset=\"https:\/\/centcols.org\/wp-content\/uploads\/2025\/10\/Thonon-Trieste-FS_etape10-08.jpg 1200w, https:\/\/centcols.org\/wp-content\/uploads\/2025\/10\/Thonon-Trieste-FS_etape10-08-768x513.jpg 768w, https:\/\/centcols.org\/wp-content\/uploads\/2025\/10\/Thonon-Trieste-FS_etape10-08-18x12.jpg 18w\" sizes=\"auto, (max-width: 1200px) 100vw, 1200px\" \/><\/a><figcaption class=\"wp-element-caption\">Prato Carniro<\/figcaption><\/figure>\n\n\n\n<figure class=\"wp-block-image size-large\"><a href=\"https:\/\/centcols.org\/wp-content\/uploads\/2025\/10\/Thonon-Trieste-FS_etape10-09.jpg\"><img loading=\"lazy\" decoding=\"async\" width=\"1200\" height=\"802\" data-id=\"91599\" src=\"https:\/\/centcols.org\/wp-content\/uploads\/2025\/10\/Thonon-Trieste-FS_etape10-09.jpg\" alt=\"\" class=\"wp-image-91599\" srcset=\"https:\/\/centcols.org\/wp-content\/uploads\/2025\/10\/Thonon-Trieste-FS_etape10-09.jpg 1200w, https:\/\/centcols.org\/wp-content\/uploads\/2025\/10\/Thonon-Trieste-FS_etape10-09-768x513.jpg 768w, https:\/\/centcols.org\/wp-content\/uploads\/2025\/10\/Thonon-Trieste-FS_etape10-09-18x12.jpg 18w\" sizes=\"auto, (max-width: 1200px) 100vw, 1200px\" \/><\/a><figcaption class=\"wp-element-caption\">Val P\u00e9sarina, Valle del Tempo.<\/figcaption><\/figure>\n<\/figure>\n\n\n<div class=\"wp-block-image\">\n<figure class=\"aligncenter size-large is-resized\"><a href=\"https:\/\/centcols.org\/wp-content\/uploads\/2025\/10\/Thonon-Trieste-FS_etape10-19.jpg\"><img loading=\"lazy\" decoding=\"async\" width=\"800\" height=\"1200\" src=\"https:\/\/centcols.org\/wp-content\/uploads\/2025\/10\/Thonon-Trieste-FS_etape10-19.jpg\" alt=\"\" class=\"wp-image-91614\" style=\"width:auto;height:600px\" srcset=\"https:\/\/centcols.org\/wp-content\/uploads\/2025\/10\/Thonon-Trieste-FS_etape10-19.jpg 800w, https:\/\/centcols.org\/wp-content\/uploads\/2025\/10\/Thonon-Trieste-FS_etape10-19-768x1152.jpg 768w, https:\/\/centcols.org\/wp-content\/uploads\/2025\/10\/Thonon-Trieste-FS_etape10-19-8x12.jpg 8w\" sizes=\"auto, (max-width: 800px) 100vw, 800px\" \/><\/a><\/figure>\n<\/div>\n\n\n<p>Mentre Bruno e Jean-Marc si rifocillano, io prendo 3 barrette e 2 composte e parto per affrontare la Sella del Monte Zoncolan, nonostante il percorso gi\u00e0 lungo e ripido. <br>Incoscienza? Follia? Sfida? Passione?<\/p>\n\n\n<div class=\"wp-block-image\">\n<figure class=\"aligncenter size-full is-resized\"><a href=\"https:\/\/centcols.org\/wp-content\/uploads\/2025\/10\/Thonon-Trieste-FS_etape10-18.jpg\"><img loading=\"lazy\" decoding=\"async\" width=\"1080\" height=\"1321\" src=\"https:\/\/centcols.org\/wp-content\/uploads\/2025\/10\/Thonon-Trieste-FS_etape10-18.jpg\" alt=\"\" class=\"wp-image-91602\" style=\"width:auto;height:600px\" srcset=\"https:\/\/centcols.org\/wp-content\/uploads\/2025\/10\/Thonon-Trieste-FS_etape10-18.jpg 1080w, https:\/\/centcols.org\/wp-content\/uploads\/2025\/10\/Thonon-Trieste-FS_etape10-18-981x1200.jpg 981w, https:\/\/centcols.org\/wp-content\/uploads\/2025\/10\/Thonon-Trieste-FS_etape10-18-768x939.jpg 768w, https:\/\/centcols.org\/wp-content\/uploads\/2025\/10\/Thonon-Trieste-FS_etape10-18-10x12.jpg 10w\" sizes=\"auto, (max-width: 1080px) 100vw, 1080px\" \/><\/a><\/figure>\n<\/div>\n\n\n<p>Non l'avevo programmato, ma avevo preso nota del fatto che saremmo passati di l\u00ec. Non volendo imporre nulla a Bruno e Jean-Marc, ho lasciato la cosa al caso. Il giorno prima avevo notato che, date le distanze, era sicuro che la sosta al ristorante sarebbe stata nei pressi di Comeglians, quasi ai piedi della salita. Bingo! La fortuna volle che Jean-Marc mi chiamasse per dirmi: \u00abMi sono fermato a Comeglians e credo di aver trovato un bel ristorante\u00bb. L'occasione era troppo ghiotta... Ho lasciato i miei compagni ben sistemati e sono partito per una salita da antologia...<\/p>\n\n\n<div class=\"wp-block-image\">\n<figure class=\"aligncenter size-full is-resized\"><a href=\"https:\/\/centcols.org\/wp-content\/uploads\/2025\/10\/Thonon-Trieste-FS_etape10-10.jpg\"><img loading=\"lazy\" decoding=\"async\" width=\"1200\" height=\"802\" src=\"https:\/\/centcols.org\/wp-content\/uploads\/2025\/10\/Thonon-Trieste-FS_etape10-10.jpg\" alt=\"\" class=\"wp-image-91604\" style=\"width:800px\" srcset=\"https:\/\/centcols.org\/wp-content\/uploads\/2025\/10\/Thonon-Trieste-FS_etape10-10.jpg 1200w, https:\/\/centcols.org\/wp-content\/uploads\/2025\/10\/Thonon-Trieste-FS_etape10-10-768x513.jpg 768w, https:\/\/centcols.org\/wp-content\/uploads\/2025\/10\/Thonon-Trieste-FS_etape10-10-18x12.jpg 18w\" sizes=\"auto, (max-width: 1200px) 100vw, 1200px\" \/><\/a><figcaption class=\"wp-element-caption\">E sul versante pi\u00f9 difficile...<\/figcaption><\/figure>\n<\/div>\n\n\n<p>Gli ultimi 8 km sono formidabili. Oscillano tra i 16 e i 24 %. E anche i primi chilometri non sono una passeggiata!<\/p>\n\n\n<div class=\"wp-block-image\">\n<figure class=\"aligncenter size-full\"><a href=\"https:\/\/centcols.org\/wp-content\/uploads\/2025\/10\/Thonon-Trieste-FS_etape10-11.jpg\"><img loading=\"lazy\" decoding=\"async\" width=\"1200\" height=\"802\" src=\"https:\/\/centcols.org\/wp-content\/uploads\/2025\/10\/Thonon-Trieste-FS_etape10-11.jpg\" alt=\"\" class=\"wp-image-91606\" srcset=\"https:\/\/centcols.org\/wp-content\/uploads\/2025\/10\/Thonon-Trieste-FS_etape10-11.jpg 1200w, https:\/\/centcols.org\/wp-content\/uploads\/2025\/10\/Thonon-Trieste-FS_etape10-11-768x513.jpg 768w, https:\/\/centcols.org\/wp-content\/uploads\/2025\/10\/Thonon-Trieste-FS_etape10-11-18x12.jpg 18w\" sizes=\"auto, (max-width: 1200px) 100vw, 1200px\" \/><\/a><\/figure>\n<\/div>\n\n\n<p>Lo Zoncolan \u00e8 considerato la salita ciclistica pi\u00f9 dura d'Europa. Solo l'Angliru spagnolo pu\u00f2 essere paragonato.<br>Dato che il mio percorso verso Trieste passa ai piedi della strada, sarebbe stato un peccato non farlo...<br>Quando Bruno mi chiama per dirmi: \u00abStiamo finendo il tiramis\u00f9, poi prendiamo il caff\u00e8. Dobbiamo aspettare che tu ci raggiunga? Posso solo dire: \u00bbOh no, mi mancano ancora 5 km, pi\u00f9 la discesa dall'altra parte, quindi dovr\u00f2 fare una deviazione. Avete aspettato troppo, andate avanti e ci vediamo a Tarcento\u00ab.<br>\u00c8 vero che questi 5 km mi porteranno via... un po' di tempo (come avrebbe detto Bourvil).<\/p>\n\n\n\n<figure class=\"wp-block-gallery has-nested-images columns-default is-cropped wp-block-gallery-52 is-layout-flex wp-block-gallery-is-layout-flex\">\n<figure class=\"wp-block-image size-large\"><a href=\"https:\/\/centcols.org\/wp-content\/uploads\/2025\/10\/Thonon-Trieste-FS_etape10-12.jpg\"><img loading=\"lazy\" decoding=\"async\" width=\"1200\" height=\"802\" data-id=\"91607\" src=\"https:\/\/centcols.org\/wp-content\/uploads\/2025\/10\/Thonon-Trieste-FS_etape10-12.jpg\" alt=\"\" class=\"wp-image-91607\" srcset=\"https:\/\/centcols.org\/wp-content\/uploads\/2025\/10\/Thonon-Trieste-FS_etape10-12.jpg 1200w, https:\/\/centcols.org\/wp-content\/uploads\/2025\/10\/Thonon-Trieste-FS_etape10-12-768x513.jpg 768w, https:\/\/centcols.org\/wp-content\/uploads\/2025\/10\/Thonon-Trieste-FS_etape10-12-18x12.jpg 18w\" sizes=\"auto, (max-width: 1200px) 100vw, 1200px\" \/><\/a><\/figure>\n\n\n\n<figure class=\"wp-block-image size-large\"><a href=\"https:\/\/centcols.org\/wp-content\/uploads\/2025\/10\/Thonon-Trieste-FS_etape10-13.jpg\"><img loading=\"lazy\" decoding=\"async\" width=\"1200\" height=\"1697\" data-id=\"91608\" src=\"https:\/\/centcols.org\/wp-content\/uploads\/2025\/10\/Thonon-Trieste-FS_etape10-13.jpg\" alt=\"\" class=\"wp-image-91608\" srcset=\"https:\/\/centcols.org\/wp-content\/uploads\/2025\/10\/Thonon-Trieste-FS_etape10-13.jpg 1200w, https:\/\/centcols.org\/wp-content\/uploads\/2025\/10\/Thonon-Trieste-FS_etape10-13-849x1200.jpg 849w, https:\/\/centcols.org\/wp-content\/uploads\/2025\/10\/Thonon-Trieste-FS_etape10-13-768x1086.jpg 768w, https:\/\/centcols.org\/wp-content\/uploads\/2025\/10\/Thonon-Trieste-FS_etape10-13-1086x1536.jpg 1086w, https:\/\/centcols.org\/wp-content\/uploads\/2025\/10\/Thonon-Trieste-FS_etape10-13-8x12.jpg 8w\" sizes=\"auto, (max-width: 1200px) 100vw, 1200px\" \/><\/a><\/figure>\n<\/figure>\n\n\n\n<p>Durante la salita ho sentito la mia bici nuova di zecca lamentarsi: \u00bbDeve essere stato quel pazzo che mi ha comprato! Se solo fossi riuscito a trovare un ciclista che facesse 60 km la domenica e mi lasciasse riposare tutta la settimana!\u00bb<\/p>\n\n\n<div class=\"wp-block-image\">\n<figure class=\"aligncenter size-full is-resized\"><a href=\"https:\/\/centcols.org\/wp-content\/uploads\/2025\/10\/Thonon-Trieste-FS_etape10-14.jpg\"><img loading=\"lazy\" decoding=\"async\" width=\"1200\" height=\"802\" src=\"https:\/\/centcols.org\/wp-content\/uploads\/2025\/10\/Thonon-Trieste-FS_etape10-14.jpg\" alt=\"\" class=\"wp-image-91609\" style=\"width:800px\" srcset=\"https:\/\/centcols.org\/wp-content\/uploads\/2025\/10\/Thonon-Trieste-FS_etape10-14.jpg 1200w, https:\/\/centcols.org\/wp-content\/uploads\/2025\/10\/Thonon-Trieste-FS_etape10-14-768x513.jpg 768w, https:\/\/centcols.org\/wp-content\/uploads\/2025\/10\/Thonon-Trieste-FS_etape10-14-18x12.jpg 18w\" sizes=\"auto, (max-width: 1200px) 100vw, 1200px\" \/><\/a><\/figure>\n<\/div>\n\n\n<p>Ritorno nella valle sull'altro versante. \u00c8 meno difficile, ma vale la pena di fare delle deviazioni e c'\u00e8 una bella stazione sciistica. Dalla vetta, mi mancano circa 80 km per arrivare a Tarcento.<br>Attraversiamo pi\u00f9 volte il larghissimo Tagliamento. Deve essere enorme quando la neve si scioglie.<br>Cammino lungo la graziosa Cjaseria Lagodi Muarta.<\/p>\n\n\n\n<figure class=\"wp-block-gallery has-nested-images columns-default is-cropped wp-block-gallery-53 is-layout-flex wp-block-gallery-is-layout-flex\">\n<figure class=\"wp-block-image size-large\"><a href=\"https:\/\/centcols.org\/wp-content\/uploads\/2025\/10\/Thonon-Trieste-FS_etape10-15.jpg\"><img loading=\"lazy\" decoding=\"async\" width=\"1200\" height=\"802\" data-id=\"91611\" src=\"https:\/\/centcols.org\/wp-content\/uploads\/2025\/10\/Thonon-Trieste-FS_etape10-15.jpg\" alt=\"\" class=\"wp-image-91611\" srcset=\"https:\/\/centcols.org\/wp-content\/uploads\/2025\/10\/Thonon-Trieste-FS_etape10-15.jpg 1200w, https:\/\/centcols.org\/wp-content\/uploads\/2025\/10\/Thonon-Trieste-FS_etape10-15-768x513.jpg 768w, https:\/\/centcols.org\/wp-content\/uploads\/2025\/10\/Thonon-Trieste-FS_etape10-15-18x12.jpg 18w\" sizes=\"auto, (max-width: 1200px) 100vw, 1200px\" \/><\/a><figcaption class=\"wp-element-caption\">Discesa a valle verso Sustrio<\/figcaption><\/figure>\n\n\n\n<figure class=\"wp-block-image size-large\"><a href=\"https:\/\/centcols.org\/wp-content\/uploads\/2025\/10\/Thonon-Trieste-FS_etape10-16.jpg\"><img loading=\"lazy\" decoding=\"async\" width=\"1200\" height=\"802\" data-id=\"91612\" src=\"https:\/\/centcols.org\/wp-content\/uploads\/2025\/10\/Thonon-Trieste-FS_etape10-16.jpg\" alt=\"\" class=\"wp-image-91612\" srcset=\"https:\/\/centcols.org\/wp-content\/uploads\/2025\/10\/Thonon-Trieste-FS_etape10-16.jpg 1200w, https:\/\/centcols.org\/wp-content\/uploads\/2025\/10\/Thonon-Trieste-FS_etape10-16-768x513.jpg 768w, https:\/\/centcols.org\/wp-content\/uploads\/2025\/10\/Thonon-Trieste-FS_etape10-16-18x12.jpg 18w\" sizes=\"auto, (max-width: 1200px) 100vw, 1200px\" \/><\/a><figcaption class=\"wp-element-caption\">Lago di Cavazzo<\/figcaption><\/figure>\n<\/figure>\n\n\n\n<p class=\"has-text-align-center\">Questa sera ho molta fame... Cosa c'\u00e8 di pi\u00f9 normale dopo un tale sforzo e dopo aver saltato un pasto!<\/p>\n\n\n<div class=\"wp-block-image\">\n<figure class=\"aligncenter size-full is-resized\"><a href=\"https:\/\/centcols.org\/wp-content\/uploads\/2025\/10\/Thonon-Trieste-FS_etape10-17.jpg\"><img loading=\"lazy\" decoding=\"async\" width=\"1200\" height=\"802\" src=\"https:\/\/centcols.org\/wp-content\/uploads\/2025\/10\/Thonon-Trieste-FS_etape10-17.jpg\" alt=\"\" class=\"wp-image-91610\" style=\"width:600px\" srcset=\"https:\/\/centcols.org\/wp-content\/uploads\/2025\/10\/Thonon-Trieste-FS_etape10-17.jpg 1200w, https:\/\/centcols.org\/wp-content\/uploads\/2025\/10\/Thonon-Trieste-FS_etape10-17-768x513.jpg 768w, https:\/\/centcols.org\/wp-content\/uploads\/2025\/10\/Thonon-Trieste-FS_etape10-17-18x12.jpg 18w\" sizes=\"auto, (max-width: 1200px) 100vw, 1200px\" \/><\/a><\/figure>\n<\/div>\n\n\n<div class=\"wp-block-buttons is-content-justification-space-between is-layout-flex wp-container-core-buttons-is-layout-3d213aab wp-block-buttons-is-layout-flex\">\n<div class=\"wp-block-button\"><a class=\"wp-block-button__link has-text-color has-background has-link-color wp-element-button\" href=\"https:\/\/centcols.org\/it\/thonon-trieste-fred-singla-2025\/10\/\" style=\"color:#2a488c;background-color:#88f2fd;text-transform:uppercase\"><strong>Stadio precedente<\/strong><\/a><\/div>\n\n\n\n<div class=\"wp-block-button\"><a class=\"wp-block-button__link has-text-color has-background has-link-color wp-element-button\" href=\"https:\/\/centcols.org\/it\/thonon-trieste-fred-singla-2025\/12\/\" style=\"color:#2a488c;background-color:#88f2fd;text-transform:uppercase\"><strong>Passo successivo<\/strong><\/a><\/div>\n<\/div>\n\n\n\n<!--nextpage-->\n\n\n\n<h2 class=\"wp-block-heading\"><em> Giorno 11 : <\/em>Da Tarcento a Trieste.<\/h2>\n\n\n\n<p>127 km - 800 m di dislivello, 5 passi sopra Trieste<\/p>\n\n\n\n<p>Lasciamo Tarcento, riparata dalle montagne, sotto un sole splendido.<\/p>\n\n\n<div class=\"wp-block-image\">\n<figure class=\"aligncenter size-full is-resized\"><a href=\"https:\/\/centcols.org\/wp-content\/uploads\/2025\/10\/Thonon-Trieste-FS_etape11-01.jpg\"><img loading=\"lazy\" decoding=\"async\" width=\"1200\" height=\"802\" src=\"https:\/\/centcols.org\/wp-content\/uploads\/2025\/10\/Thonon-Trieste-FS_etape11-01.jpg\" alt=\"\" class=\"wp-image-91669\" style=\"width:800px\" srcset=\"https:\/\/centcols.org\/wp-content\/uploads\/2025\/10\/Thonon-Trieste-FS_etape11-01.jpg 1200w, https:\/\/centcols.org\/wp-content\/uploads\/2025\/10\/Thonon-Trieste-FS_etape11-01-768x513.jpg 768w, https:\/\/centcols.org\/wp-content\/uploads\/2025\/10\/Thonon-Trieste-FS_etape11-01-18x12.jpg 18w\" sizes=\"auto, (max-width: 1200px) 100vw, 1200px\" \/><\/a><\/figure>\n<\/div>\n\n\n<p>Ho trovato la strada perfetta per Jean Marc e Bruno, che amano molto i dolci. Per me sar\u00e0 una bistecca. E potremo andare tutti insieme a bere una birra.<\/p>\n\n\n\n<figure class=\"wp-block-gallery has-nested-images columns-4 is-cropped wp-block-gallery-54 is-layout-flex wp-block-gallery-is-layout-flex\">\n<figure class=\"wp-block-image size-full\"><a href=\"https:\/\/centcols.org\/wp-content\/uploads\/2025\/10\/Thonon-Trieste-FS_etape11-15.jpg\"><img loading=\"lazy\" decoding=\"async\" width=\"800\" height=\"379\" data-id=\"91671\" src=\"https:\/\/centcols.org\/wp-content\/uploads\/2025\/10\/Thonon-Trieste-FS_etape11-15.jpg\" alt=\"\" class=\"wp-image-91671\" srcset=\"https:\/\/centcols.org\/wp-content\/uploads\/2025\/10\/Thonon-Trieste-FS_etape11-15.jpg 800w, https:\/\/centcols.org\/wp-content\/uploads\/2025\/10\/Thonon-Trieste-FS_etape11-15-768x364.jpg 768w, https:\/\/centcols.org\/wp-content\/uploads\/2025\/10\/Thonon-Trieste-FS_etape11-15-18x9.jpg 18w\" sizes=\"auto, (max-width: 800px) 100vw, 800px\" \/><\/a><\/figure>\n\n\n\n<figure class=\"wp-block-image size-full\"><a href=\"https:\/\/centcols.org\/wp-content\/uploads\/2025\/10\/Thonon-Trieste-FS_etape11-16.jpg\"><img loading=\"lazy\" decoding=\"async\" width=\"800\" height=\"282\" data-id=\"91672\" src=\"https:\/\/centcols.org\/wp-content\/uploads\/2025\/10\/Thonon-Trieste-FS_etape11-16.jpg\" alt=\"\" class=\"wp-image-91672\" srcset=\"https:\/\/centcols.org\/wp-content\/uploads\/2025\/10\/Thonon-Trieste-FS_etape11-16.jpg 800w, https:\/\/centcols.org\/wp-content\/uploads\/2025\/10\/Thonon-Trieste-FS_etape11-16-768x271.jpg 768w, https:\/\/centcols.org\/wp-content\/uploads\/2025\/10\/Thonon-Trieste-FS_etape11-16-18x6.jpg 18w\" sizes=\"auto, (max-width: 800px) 100vw, 800px\" \/><\/a><\/figure>\n\n\n\n<figure class=\"wp-block-image size-full\"><a href=\"https:\/\/centcols.org\/wp-content\/uploads\/2025\/10\/Thonon-Trieste-FS_etape11-17.jpg\"><img loading=\"lazy\" decoding=\"async\" width=\"800\" height=\"407\" data-id=\"91673\" src=\"https:\/\/centcols.org\/wp-content\/uploads\/2025\/10\/Thonon-Trieste-FS_etape11-17.jpg\" alt=\"\" class=\"wp-image-91673\" srcset=\"https:\/\/centcols.org\/wp-content\/uploads\/2025\/10\/Thonon-Trieste-FS_etape11-17.jpg 800w, https:\/\/centcols.org\/wp-content\/uploads\/2025\/10\/Thonon-Trieste-FS_etape11-17-768x391.jpg 768w, https:\/\/centcols.org\/wp-content\/uploads\/2025\/10\/Thonon-Trieste-FS_etape11-17-18x9.jpg 18w\" sizes=\"auto, (max-width: 800px) 100vw, 800px\" \/><\/a><\/figure>\n<\/figure>\n\n\n\n<p>Ne aveva bisogno! Foratura dopo 14 km e a poco pi\u00f9 di 100 km dall'arrivo. Poco prima di attraversare Buttrio, la citt\u00e0 del vino.<\/p>\n\n\n\n<figure class=\"wp-block-gallery has-nested-images columns-default is-cropped wp-block-gallery-55 is-layout-flex wp-block-gallery-is-layout-flex\">\n<figure class=\"wp-block-image size-large\"><a href=\"https:\/\/centcols.org\/wp-content\/uploads\/2025\/10\/Thonon-Trieste-FS_etape11-02.jpg\"><img loading=\"lazy\" decoding=\"async\" width=\"1200\" height=\"802\" data-id=\"91676\" src=\"https:\/\/centcols.org\/wp-content\/uploads\/2025\/10\/Thonon-Trieste-FS_etape11-02.jpg\" alt=\"\" class=\"wp-image-91676\" srcset=\"https:\/\/centcols.org\/wp-content\/uploads\/2025\/10\/Thonon-Trieste-FS_etape11-02.jpg 1200w, https:\/\/centcols.org\/wp-content\/uploads\/2025\/10\/Thonon-Trieste-FS_etape11-02-768x513.jpg 768w, https:\/\/centcols.org\/wp-content\/uploads\/2025\/10\/Thonon-Trieste-FS_etape11-02-18x12.jpg 18w\" sizes=\"auto, (max-width: 1200px) 100vw, 1200px\" \/><\/a><\/figure>\n\n\n\n<figure class=\"wp-block-image size-large\"><a href=\"https:\/\/centcols.org\/wp-content\/uploads\/2025\/10\/Thonon-Trieste-FS_etape11-03.jpg\"><img loading=\"lazy\" decoding=\"async\" width=\"1200\" height=\"802\" data-id=\"91677\" src=\"https:\/\/centcols.org\/wp-content\/uploads\/2025\/10\/Thonon-Trieste-FS_etape11-03.jpg\" alt=\"\" class=\"wp-image-91677\" srcset=\"https:\/\/centcols.org\/wp-content\/uploads\/2025\/10\/Thonon-Trieste-FS_etape11-03.jpg 1200w, https:\/\/centcols.org\/wp-content\/uploads\/2025\/10\/Thonon-Trieste-FS_etape11-03-768x513.jpg 768w, https:\/\/centcols.org\/wp-content\/uploads\/2025\/10\/Thonon-Trieste-FS_etape11-03-18x12.jpg 18w\" sizes=\"auto, (max-width: 1200px) 100vw, 1200px\" \/><\/a><figcaption class=\"wp-element-caption\">Tenuta vinicola di Buttrio<\/figcaption><\/figure>\n<\/figure>\n\n\n\n<p>Passiamo poi davanti a un Bed &amp; Breakfast da paura... a meno che non sia un Bed &amp; Breakfast da paura... <\/p>\n\n\n<div class=\"wp-block-image\">\n<figure class=\"aligncenter size-full is-resized\"><a href=\"https:\/\/centcols.org\/wp-content\/uploads\/2025\/10\/Thonon-Trieste-FS_etape11-04-1.jpg\"><img loading=\"lazy\" decoding=\"async\" width=\"1200\" height=\"1395\" src=\"https:\/\/centcols.org\/wp-content\/uploads\/2025\/10\/Thonon-Trieste-FS_etape11-04-1.jpg\" alt=\"\" class=\"wp-image-91679\" style=\"width:auto;height:600px\" srcset=\"https:\/\/centcols.org\/wp-content\/uploads\/2025\/10\/Thonon-Trieste-FS_etape11-04-1.jpg 1200w, https:\/\/centcols.org\/wp-content\/uploads\/2025\/10\/Thonon-Trieste-FS_etape11-04-1-1032x1200.jpg 1032w, https:\/\/centcols.org\/wp-content\/uploads\/2025\/10\/Thonon-Trieste-FS_etape11-04-1-768x893.jpg 768w, https:\/\/centcols.org\/wp-content\/uploads\/2025\/10\/Thonon-Trieste-FS_etape11-04-1-10x12.jpg 10w\" sizes=\"auto, (max-width: 1200px) 100vw, 1200px\" \/><\/a><\/figure>\n<\/div>\n\n\n<p>Dopo 80 km, in prossimit\u00e0 di Trieste, la segnaletica diventa bilingue: italiano e sloveno.<\/p>\n\n\n<div class=\"wp-block-image\">\n<figure class=\"aligncenter size-full is-resized\"><a href=\"https:\/\/centcols.org\/wp-content\/uploads\/2025\/10\/Thonon-Trieste-FS_etape11-18.jpg\"><img loading=\"lazy\" decoding=\"async\" width=\"800\" height=\"343\" src=\"https:\/\/centcols.org\/wp-content\/uploads\/2025\/10\/Thonon-Trieste-FS_etape11-18.jpg\" alt=\"\" class=\"wp-image-91674\" style=\"width:600px\" srcset=\"https:\/\/centcols.org\/wp-content\/uploads\/2025\/10\/Thonon-Trieste-FS_etape11-18.jpg 800w, https:\/\/centcols.org\/wp-content\/uploads\/2025\/10\/Thonon-Trieste-FS_etape11-18-768x329.jpg 768w, https:\/\/centcols.org\/wp-content\/uploads\/2025\/10\/Thonon-Trieste-FS_etape11-18-18x8.jpg 18w\" sizes=\"auto, (max-width: 800px) 100vw, 800px\" \/><\/a><\/figure>\n<\/div>\n\n\n<p class=\"has-text-align-center\">Ora l'Adriatico \u00e8 in vista!<\/p>\n\n\n<div class=\"wp-block-image\">\n<figure class=\"aligncenter size-full is-resized\"><a href=\"https:\/\/centcols.org\/wp-content\/uploads\/2025\/10\/Thonon-Trieste-FS_etape11-05.jpg\"><img loading=\"lazy\" decoding=\"async\" width=\"1200\" height=\"802\" src=\"https:\/\/centcols.org\/wp-content\/uploads\/2025\/10\/Thonon-Trieste-FS_etape11-05.jpg\" alt=\"\" class=\"wp-image-91680\" style=\"width:800px\" srcset=\"https:\/\/centcols.org\/wp-content\/uploads\/2025\/10\/Thonon-Trieste-FS_etape11-05.jpg 1200w, https:\/\/centcols.org\/wp-content\/uploads\/2025\/10\/Thonon-Trieste-FS_etape11-05-768x513.jpg 768w, https:\/\/centcols.org\/wp-content\/uploads\/2025\/10\/Thonon-Trieste-FS_etape11-05-18x12.jpg 18w\" sizes=\"auto, (max-width: 1200px) 100vw, 1200px\" \/><\/a><figcaption class=\"wp-element-caption\">l'Adriatico!<\/figcaption><\/figure>\n<\/div>\n\n\n<p>Siamo arrivati a Trieste, dopo 1300 km e 23200 m di dislivello. Abbiamo attraversato 36 passi, 18 dei quali superano i 2000 metri di altezza. Tutto questo in 10 tappe pi\u00f9 1 giorno di \u00abriposo\u00bb. C'\u00e8 stata molta (troppa) pioggia, e anche grandine, ma questi sono i rischi del turismo. Quando si ha un veicolo al seguito, bisogna solo saper resistere e non usarlo...<\/p>\n\n\n<div class=\"wp-block-image\">\n<figure class=\"aligncenter size-full is-resized\"><a href=\"https:\/\/centcols.org\/wp-content\/uploads\/2025\/10\/Thonon-Trieste-FS_etape11-06-1.jpg\"><img loading=\"lazy\" decoding=\"async\" width=\"1200\" height=\"1344\" src=\"https:\/\/centcols.org\/wp-content\/uploads\/2025\/10\/Thonon-Trieste-FS_etape11-06-1.jpg\" alt=\"\" class=\"wp-image-91682\" style=\"width:600px\" srcset=\"https:\/\/centcols.org\/wp-content\/uploads\/2025\/10\/Thonon-Trieste-FS_etape11-06-1.jpg 1200w, https:\/\/centcols.org\/wp-content\/uploads\/2025\/10\/Thonon-Trieste-FS_etape11-06-1-1071x1200.jpg 1071w, https:\/\/centcols.org\/wp-content\/uploads\/2025\/10\/Thonon-Trieste-FS_etape11-06-1-768x860.jpg 768w, https:\/\/centcols.org\/wp-content\/uploads\/2025\/10\/Thonon-Trieste-FS_etape11-06-1-11x12.jpg 11w\" sizes=\"auto, (max-width: 1200px) 100vw, 1200px\" \/><\/a><\/figure>\n<\/div>\n\n\n<p>Il faro della Vittoria sul Poggio di Gretta \u00e8 visibile da lontano. C'era da aspettarselo, visto che svetta su di noi con i suoi 68 metri. Il marinaio, invece, \u00e8 alto 8 metri. Il faro ricorda il legame di Trieste con l'Italia e celebra i marinai morti in mare durante la Prima guerra mondiale.<\/p>\n\n\n<div class=\"wp-block-image\">\n<figure class=\"aligncenter size-full is-resized\"><a href=\"https:\/\/centcols.org\/wp-content\/uploads\/2025\/10\/Thonon-Trieste-FS_etape11-07.jpg\"><img loading=\"lazy\" decoding=\"async\" width=\"800\" height=\"1200\" src=\"https:\/\/centcols.org\/wp-content\/uploads\/2025\/10\/Thonon-Trieste-FS_etape11-07.jpg\" alt=\"\" class=\"wp-image-91684\" style=\"width:auto;height:600px\" srcset=\"https:\/\/centcols.org\/wp-content\/uploads\/2025\/10\/Thonon-Trieste-FS_etape11-07.jpg 800w, https:\/\/centcols.org\/wp-content\/uploads\/2025\/10\/Thonon-Trieste-FS_etape11-07-768x1152.jpg 768w, https:\/\/centcols.org\/wp-content\/uploads\/2025\/10\/Thonon-Trieste-FS_etape11-07-8x12.jpg 8w\" sizes=\"auto, (max-width: 800px) 100vw, 800px\" \/><\/a><\/figure>\n<\/div>\n\n\n<p>Con l'obiettivo raggiunto, potevamo tornare in albergo. Ma siccome un Centcolista rimane un Centcolista, figuriamoci due, siamo partiti per trovarne cinque sulle alture di Trieste. Sulle alture non \u00e8 un termine improprio. Infatti, il primo passaggio \u00e8 simile a un piccolo Zoncolan. Diversi passaggi a 20 % ci portano l\u00ec.<br>La salita continua e ci regala splendide viste sulla citt\u00e0 e sul mare.<\/p>\n\n\n\n<figure class=\"wp-block-gallery has-nested-images columns-2 is-cropped wp-block-gallery-56 is-layout-flex wp-block-gallery-is-layout-flex\">\n<figure class=\"wp-block-image size-large\"><a href=\"https:\/\/centcols.org\/wp-content\/uploads\/2025\/10\/Thonon-Trieste-FS_etape11-08.jpg\"><img loading=\"lazy\" decoding=\"async\" width=\"1200\" height=\"802\" data-id=\"91685\" src=\"https:\/\/centcols.org\/wp-content\/uploads\/2025\/10\/Thonon-Trieste-FS_etape11-08.jpg\" alt=\"\" class=\"wp-image-91685\" srcset=\"https:\/\/centcols.org\/wp-content\/uploads\/2025\/10\/Thonon-Trieste-FS_etape11-08.jpg 1200w, https:\/\/centcols.org\/wp-content\/uploads\/2025\/10\/Thonon-Trieste-FS_etape11-08-768x513.jpg 768w, https:\/\/centcols.org\/wp-content\/uploads\/2025\/10\/Thonon-Trieste-FS_etape11-08-18x12.jpg 18w\" sizes=\"auto, (max-width: 1200px) 100vw, 1200px\" \/><\/a><figcaption class=\"wp-element-caption\">La sella di Opicina \u00e8 alta solo 344 m, ma \u00e8 molto ripida da raggiungere.<\/figcaption><\/figure>\n\n\n\n<figure class=\"wp-block-image size-large\"><a href=\"https:\/\/centcols.org\/wp-content\/uploads\/2025\/10\/Thonon-Trieste-FS_etape11-09.jpg\"><img loading=\"lazy\" decoding=\"async\" width=\"1200\" height=\"802\" data-id=\"91687\" src=\"https:\/\/centcols.org\/wp-content\/uploads\/2025\/10\/Thonon-Trieste-FS_etape11-09.jpg\" alt=\"\" class=\"wp-image-91687\" srcset=\"https:\/\/centcols.org\/wp-content\/uploads\/2025\/10\/Thonon-Trieste-FS_etape11-09.jpg 1200w, https:\/\/centcols.org\/wp-content\/uploads\/2025\/10\/Thonon-Trieste-FS_etape11-09-768x513.jpg 768w, https:\/\/centcols.org\/wp-content\/uploads\/2025\/10\/Thonon-Trieste-FS_etape11-09-18x12.jpg 18w\" sizes=\"auto, (max-width: 1200px) 100vw, 1200px\" \/><\/a><figcaption class=\"wp-element-caption\">Alla sella di Trebiciano<\/figcaption><\/figure>\n\n\n\n<figure class=\"wp-block-image size-large\"><a href=\"https:\/\/centcols.org\/wp-content\/uploads\/2025\/10\/Thonon-Trieste-FS_etape11-10.jpg\"><img loading=\"lazy\" decoding=\"async\" width=\"1200\" height=\"802\" data-id=\"91686\" src=\"https:\/\/centcols.org\/wp-content\/uploads\/2025\/10\/Thonon-Trieste-FS_etape11-10.jpg\" alt=\"\" class=\"wp-image-91686\" srcset=\"https:\/\/centcols.org\/wp-content\/uploads\/2025\/10\/Thonon-Trieste-FS_etape11-10.jpg 1200w, https:\/\/centcols.org\/wp-content\/uploads\/2025\/10\/Thonon-Trieste-FS_etape11-10-768x513.jpg 768w, https:\/\/centcols.org\/wp-content\/uploads\/2025\/10\/Thonon-Trieste-FS_etape11-10-18x12.jpg 18w\" sizes=\"auto, (max-width: 1200px) 100vw, 1200px\" \/><\/a><figcaption class=\"wp-element-caption\">Trieste dall'alto<\/figcaption><\/figure>\n<\/figure>\n\n\n\n<p>Una volta attraversati i 5 passi, e dopo esserci persi in alcune enormi circonvallazioni, abbiamo potuto finalmente tornare al residence.<\/p>\n\n\n\n<p>Ieri a Trieste c'\u00e8 stato un temporale dantesco. Di conseguenza, la stanza delle biciclette del residence in cui alloggiavamo era inaccessibile. Senza pensarci due volte, il gestore ci ha dato accesso a una stanza in pi\u00f9. Le nostre biciclette saranno al sicuro l\u00ec per questi 2 giorni e 2 notti. .<br>Un Thonon Trieste ad anello giustifica una birra<\/p>\n\n\n<div class=\"wp-block-image\">\n<figure class=\"aligncenter size-full is-resized\"><a href=\"https:\/\/centcols.org\/wp-content\/uploads\/2025\/10\/Thonon-Trieste-FS_etape11-14.jpg\"><img loading=\"lazy\" decoding=\"async\" width=\"1200\" height=\"802\" src=\"https:\/\/centcols.org\/wp-content\/uploads\/2025\/10\/Thonon-Trieste-FS_etape11-14.jpg\" alt=\"\" class=\"wp-image-91691\" style=\"width:800px\" srcset=\"https:\/\/centcols.org\/wp-content\/uploads\/2025\/10\/Thonon-Trieste-FS_etape11-14.jpg 1200w, https:\/\/centcols.org\/wp-content\/uploads\/2025\/10\/Thonon-Trieste-FS_etape11-14-768x513.jpg 768w, https:\/\/centcols.org\/wp-content\/uploads\/2025\/10\/Thonon-Trieste-FS_etape11-14-18x12.jpg 18w\" sizes=\"auto, (max-width: 1200px) 100vw, 1200px\" \/><\/a><\/figure>\n<\/div>\n\n\n<p>Cena in una trattoria e passeggiata a Trieste, una citt\u00e0 bellissima. Il suo status di porto e la sua posizione geografica hanno contribuito alla sua ricchezza.<\/p>\n\n\n\n<figure class=\"wp-block-gallery has-nested-images columns-default is-cropped wp-block-gallery-57 is-layout-flex wp-block-gallery-is-layout-flex\">\n<figure class=\"wp-block-image size-large\"><a href=\"https:\/\/centcols.org\/wp-content\/uploads\/2025\/10\/Thonon-Trieste-FS_etape11-11.jpg\"><img loading=\"lazy\" decoding=\"async\" width=\"1200\" height=\"802\" data-id=\"91688\" src=\"https:\/\/centcols.org\/wp-content\/uploads\/2025\/10\/Thonon-Trieste-FS_etape11-11.jpg\" alt=\"\" class=\"wp-image-91688\" srcset=\"https:\/\/centcols.org\/wp-content\/uploads\/2025\/10\/Thonon-Trieste-FS_etape11-11.jpg 1200w, https:\/\/centcols.org\/wp-content\/uploads\/2025\/10\/Thonon-Trieste-FS_etape11-11-768x513.jpg 768w, https:\/\/centcols.org\/wp-content\/uploads\/2025\/10\/Thonon-Trieste-FS_etape11-11-18x12.jpg 18w\" sizes=\"auto, (max-width: 1200px) 100vw, 1200px\" \/><\/a><figcaption class=\"wp-element-caption\">Castello di San Guisto<\/figcaption><\/figure>\n\n\n\n<figure class=\"wp-block-image size-large\"><a href=\"https:\/\/centcols.org\/wp-content\/uploads\/2025\/10\/Thonon-Trieste-FS_etape11-12.jpg\"><img loading=\"lazy\" decoding=\"async\" width=\"1200\" height=\"802\" data-id=\"91689\" src=\"https:\/\/centcols.org\/wp-content\/uploads\/2025\/10\/Thonon-Trieste-FS_etape11-12.jpg\" alt=\"\" class=\"wp-image-91689\" srcset=\"https:\/\/centcols.org\/wp-content\/uploads\/2025\/10\/Thonon-Trieste-FS_etape11-12.jpg 1200w, https:\/\/centcols.org\/wp-content\/uploads\/2025\/10\/Thonon-Trieste-FS_etape11-12-768x513.jpg 768w, https:\/\/centcols.org\/wp-content\/uploads\/2025\/10\/Thonon-Trieste-FS_etape11-12-18x12.jpg 18w\" sizes=\"auto, (max-width: 1200px) 100vw, 1200px\" \/><\/a><\/figure>\n\n\n\n<figure class=\"wp-block-image size-large\"><a href=\"https:\/\/centcols.org\/wp-content\/uploads\/2025\/10\/Thonon-Trieste-FS_etape11-13.jpg\"><img loading=\"lazy\" decoding=\"async\" width=\"1200\" height=\"802\" data-id=\"91690\" src=\"https:\/\/centcols.org\/wp-content\/uploads\/2025\/10\/Thonon-Trieste-FS_etape11-13.jpg\" alt=\"\" class=\"wp-image-91690\" srcset=\"https:\/\/centcols.org\/wp-content\/uploads\/2025\/10\/Thonon-Trieste-FS_etape11-13.jpg 1200w, https:\/\/centcols.org\/wp-content\/uploads\/2025\/10\/Thonon-Trieste-FS_etape11-13-768x513.jpg 768w, https:\/\/centcols.org\/wp-content\/uploads\/2025\/10\/Thonon-Trieste-FS_etape11-13-18x12.jpg 18w\" sizes=\"auto, (max-width: 1200px) 100vw, 1200px\" \/><\/a><figcaption class=\"wp-element-caption\">Cattedrale di San Guisto<\/figcaption><\/figure>\n<\/figure>\n\n\n\n<p>Oggi, 127 km, D 800 e 5 passi italiani sopra Trieste. Altimetrie modeste, ma partenza dal colle zero. Non \u00e8 un viaggio facile...<br>In ogni caso, l'inverno \u00e8 finalmente finito e siamo tornati a temperature gradevoli.<br><br>\ud83d\ude0a\ud83c\udf89\ud83d\udc4d IL TRIESTE \u00c8 FATTO!!!\ud83d\ude0a\ud83c\udf89\ud83d\udc4d<br>Da Thonon, 1300 km, D 23500 e 36 passi, di cui 18 \"2000\".<br>Una grande sfida! Un viaggio itinerante, certo difficile, ma con paesaggi magnifici. Abbiamo attraversato luoghi con culture molto diverse, anche all'interno dello stesso Paese. E la maggior parte delle persone che abbiamo incontrato sono state amichevoli e accoglienti.<br>Poich\u00e9 ci fermiamo a Trieste per due notti, domani faremo un po' di turismo. Ma questo avverr\u00e0 nel pomeriggio. <br>Al mattino, la Slovenia \u00e8 troppo vicina perch\u00e9 possiamo trascinare le ruote delle nostre biciclette. <\/p>\n\n\n<div class=\"wp-block-image\">\n<figure class=\"aligncenter size-full is-resized\"><a href=\"https:\/\/centcols.org\/wp-content\/uploads\/2025\/10\/Thonon-Trieste-FS_etape12-02.jpg\"><img loading=\"lazy\" decoding=\"async\" width=\"1200\" height=\"802\" src=\"https:\/\/centcols.org\/wp-content\/uploads\/2025\/10\/Thonon-Trieste-FS_etape12-02.jpg\" alt=\"\" class=\"wp-image-91695\" style=\"width:800px\" srcset=\"https:\/\/centcols.org\/wp-content\/uploads\/2025\/10\/Thonon-Trieste-FS_etape12-02.jpg 1200w, https:\/\/centcols.org\/wp-content\/uploads\/2025\/10\/Thonon-Trieste-FS_etape12-02-768x513.jpg 768w, https:\/\/centcols.org\/wp-content\/uploads\/2025\/10\/Thonon-Trieste-FS_etape12-02-18x12.jpg 18w\" sizes=\"auto, (max-width: 1200px) 100vw, 1200px\" \/><\/a><figcaption class=\"wp-element-caption\"><em>(altro)<\/em><\/figcaption><\/figure>\n<\/div>\n\n\n<div class=\"wp-block-buttons is-content-justification-space-between is-layout-flex wp-container-core-buttons-is-layout-3d213aab wp-block-buttons-is-layout-flex\">\n<div class=\"wp-block-button\"><a class=\"wp-block-button__link has-text-color has-background has-link-color wp-element-button\" href=\"https:\/\/centcols.org\/it\/thonon-trieste-fred-singla-2025\/11\/\" style=\"color:#2a488c;background-color:#88f2fd;text-transform:uppercase\"><strong>Stadio precedente<\/strong><\/a><\/div>\n\n\n\n<div class=\"wp-block-button\"><a class=\"wp-block-button__link has-text-color has-background has-link-color wp-element-button\" href=\"https:\/\/centcols.org\/it\/thonon-trieste-fred-singla-2025\/13\/\" style=\"color:#2a488c;background-color:#88f2fd;text-transform:uppercase\"><strong>Prossima tappa: epilogo<\/strong><\/a><\/div>\n<\/div>\n\n\n\n<!--nextpage-->\n\n\n\n<h2 class=\"wp-block-heading\"><em> Giorno 12 : <\/em>mattinata in bicicletta in Slovenia e visita pomeridiana di Trieste<\/h2>\n\n\n\n<p>La Thonon - Trieste si \u00e8 conclusa, ma la giornata successiva al nostro arrivo in porto \u00e8 stata comunque intensa...<br>Mentre Jean Marc prende l'autobus per Trieste, Bruno e io passiamo la mattinata in bicicletta nella vicina Slovenia. Il confine \u00e8 davvero troppo vicino per non mettere le ruote in un nuovo Paese. La ciliegina sulla torta \u00e8 che ci sono dei passi di montagna! Come ho scritto prima, Trieste \u00e8 una grande citt\u00e0. L'autostrada o le strade principali la collegano al paese vicino. Cos\u00ec ci siamo avvicinati in auto.&nbsp;<br>Appena superato il confine, il terreno diventa piuttosto accidentato. Attraversiamo magnifici vigneti che occupano quasi tutta l'area. Come ogni regione vinicola, la zona sembra essere ricca. Le case sono imponenti e ben costruite.<\/p>\n\n\n<div class=\"wp-block-image\">\n<figure class=\"aligncenter size-full is-resized\"><a href=\"https:\/\/centcols.org\/wp-content\/uploads\/2025\/10\/Thonon-Trieste-FS_etape12-04.jpg\"><img loading=\"lazy\" decoding=\"async\" width=\"1200\" height=\"802\" src=\"https:\/\/centcols.org\/wp-content\/uploads\/2025\/10\/Thonon-Trieste-FS_etape12-04.jpg\" alt=\"\" class=\"wp-image-91710\" style=\"width:800px\" srcset=\"https:\/\/centcols.org\/wp-content\/uploads\/2025\/10\/Thonon-Trieste-FS_etape12-04.jpg 1200w, https:\/\/centcols.org\/wp-content\/uploads\/2025\/10\/Thonon-Trieste-FS_etape12-04-768x513.jpg 768w, https:\/\/centcols.org\/wp-content\/uploads\/2025\/10\/Thonon-Trieste-FS_etape12-04-18x12.jpg 18w\" sizes=\"auto, (max-width: 1200px) 100vw, 1200px\" \/><\/a><figcaption class=\"wp-element-caption\">Skopo<\/figcaption><\/figure>\n<\/div>\n\n\n<p>L'attrattiva principale del primo passo che abbiamo attraversato era che era sloveno. Non mi lascer\u00e0 alcun ricordo indelebile...<\/p>\n\n\n<div class=\"wp-block-image\">\n<figure class=\"aligncenter size-full is-resized\"><a href=\"https:\/\/centcols.org\/wp-content\/uploads\/2025\/10\/Thonon-Trieste-FS_etape12-03.jpg\"><img loading=\"lazy\" decoding=\"async\" width=\"1200\" height=\"802\" src=\"https:\/\/centcols.org\/wp-content\/uploads\/2025\/10\/Thonon-Trieste-FS_etape12-03.jpg\" alt=\"\" class=\"wp-image-91708\" style=\"width:800px\" srcset=\"https:\/\/centcols.org\/wp-content\/uploads\/2025\/10\/Thonon-Trieste-FS_etape12-03.jpg 1200w, https:\/\/centcols.org\/wp-content\/uploads\/2025\/10\/Thonon-Trieste-FS_etape12-03-768x513.jpg 768w, https:\/\/centcols.org\/wp-content\/uploads\/2025\/10\/Thonon-Trieste-FS_etape12-03-18x12.jpg 18w\" sizes=\"auto, (max-width: 1200px) 100vw, 1200px\" \/><\/a><figcaption class=\"wp-element-caption\">Preval Prevolec (SL-0333), il cui unico interesse consiste nell'essere il nostro primo lasciapassare sloveno.<\/figcaption><\/figure>\n<\/div>\n\n\n<p>Al contrario, la seconda \u00e8 molto pi\u00f9 bella e piacevole. Una bella strada si snoda e si arrampica tra i vigneti. In cima, troverete un accenno di Toscana. Tranne che per la superba barra rocciosa che si staglia all'orizzonte.<\/p>\n\n\n\n<figure class=\"wp-block-gallery has-nested-images columns-default is-cropped wp-block-gallery-58 is-layout-flex wp-block-gallery-is-layout-flex\">\n<figure class=\"wp-block-image size-large\"><a href=\"https:\/\/centcols.org\/wp-content\/uploads\/2025\/10\/Thonon-Trieste-FS_etape12-06.jpg\"><img loading=\"lazy\" decoding=\"async\" width=\"1200\" height=\"802\" data-id=\"91714\" src=\"https:\/\/centcols.org\/wp-content\/uploads\/2025\/10\/Thonon-Trieste-FS_etape12-06.jpg\" alt=\"\" class=\"wp-image-91714\" srcset=\"https:\/\/centcols.org\/wp-content\/uploads\/2025\/10\/Thonon-Trieste-FS_etape12-06.jpg 1200w, https:\/\/centcols.org\/wp-content\/uploads\/2025\/10\/Thonon-Trieste-FS_etape12-06-768x513.jpg 768w, https:\/\/centcols.org\/wp-content\/uploads\/2025\/10\/Thonon-Trieste-FS_etape12-06-18x12.jpg 18w\" sizes=\"auto, (max-width: 1200px) 100vw, 1200px\" \/><\/a><figcaption class=\"wp-element-caption\">Goski Preval (SL-0233)<\/figcaption><\/figure>\n\n\n\n<figure class=\"wp-block-image size-large\"><a href=\"https:\/\/centcols.org\/wp-content\/uploads\/2025\/10\/Thonon-Trieste-FS_etape12-07.jpg\"><img loading=\"lazy\" decoding=\"async\" width=\"1200\" height=\"802\" data-id=\"91715\" src=\"https:\/\/centcols.org\/wp-content\/uploads\/2025\/10\/Thonon-Trieste-FS_etape12-07.jpg\" alt=\"\" class=\"wp-image-91715\" srcset=\"https:\/\/centcols.org\/wp-content\/uploads\/2025\/10\/Thonon-Trieste-FS_etape12-07.jpg 1200w, https:\/\/centcols.org\/wp-content\/uploads\/2025\/10\/Thonon-Trieste-FS_etape12-07-768x513.jpg 768w, https:\/\/centcols.org\/wp-content\/uploads\/2025\/10\/Thonon-Trieste-FS_etape12-07-18x12.jpg 18w\" sizes=\"auto, (max-width: 1200px) 100vw, 1200px\" \/><\/a><figcaption class=\"wp-element-caption\">Da quando Goski Preval<\/figcaption><\/figure>\n\n\n\n<figure class=\"wp-block-image size-large\"><a href=\"https:\/\/centcols.org\/wp-content\/uploads\/2025\/10\/Thonon-Trieste-FS_etape12-08.jpg\"><img loading=\"lazy\" decoding=\"async\" width=\"1200\" height=\"802\" data-id=\"91716\" src=\"https:\/\/centcols.org\/wp-content\/uploads\/2025\/10\/Thonon-Trieste-FS_etape12-08.jpg\" alt=\"\" class=\"wp-image-91716\" srcset=\"https:\/\/centcols.org\/wp-content\/uploads\/2025\/10\/Thonon-Trieste-FS_etape12-08.jpg 1200w, https:\/\/centcols.org\/wp-content\/uploads\/2025\/10\/Thonon-Trieste-FS_etape12-08-768x513.jpg 768w, https:\/\/centcols.org\/wp-content\/uploads\/2025\/10\/Thonon-Trieste-FS_etape12-08-18x12.jpg 18w\" sizes=\"auto, (max-width: 1200px) 100vw, 1200px\" \/><\/a><figcaption class=\"wp-element-caption\">Al Goski Preval, un'aria di Toscana<\/figcaption><\/figure>\n\n\n\n<figure class=\"wp-block-image size-large\"><a href=\"https:\/\/centcols.org\/wp-content\/uploads\/2025\/10\/Thonon-Trieste-FS_etape12-09.jpg\"><img loading=\"lazy\" decoding=\"async\" width=\"1200\" height=\"802\" data-id=\"91713\" src=\"https:\/\/centcols.org\/wp-content\/uploads\/2025\/10\/Thonon-Trieste-FS_etape12-09.jpg\" alt=\"\" class=\"wp-image-91713\" srcset=\"https:\/\/centcols.org\/wp-content\/uploads\/2025\/10\/Thonon-Trieste-FS_etape12-09.jpg 1200w, https:\/\/centcols.org\/wp-content\/uploads\/2025\/10\/Thonon-Trieste-FS_etape12-09-768x513.jpg 768w, https:\/\/centcols.org\/wp-content\/uploads\/2025\/10\/Thonon-Trieste-FS_etape12-09-18x12.jpg 18w\" sizes=\"auto, (max-width: 1200px) 100vw, 1200px\" \/><\/a><figcaption class=\"wp-element-caption\">Podnanos<\/figcaption><\/figure>\n<\/figure>\n\n\n\n<p>Ci troviamo nella regione vinicola del Kras Teran. Il Terrano \u00e8 un vitigno originario della regione del Kast in Slovenia e del Carso in Italia. Produce un vino dai sapori intensi. Intenso, proprio come la nostra avventura!<\/p>\n\n\n<div class=\"wp-block-image\">\n<figure class=\"aligncenter size-full is-resized\"><a href=\"https:\/\/centcols.org\/wp-content\/uploads\/2025\/10\/Thonon-Trieste-FS_etape12-05.jpg\"><img loading=\"lazy\" decoding=\"async\" width=\"1200\" height=\"801\" src=\"https:\/\/centcols.org\/wp-content\/uploads\/2025\/10\/Thonon-Trieste-FS_etape12-05.jpg\" alt=\"\" class=\"wp-image-91711\" style=\"width:800px\" srcset=\"https:\/\/centcols.org\/wp-content\/uploads\/2025\/10\/Thonon-Trieste-FS_etape12-05.jpg 1200w, https:\/\/centcols.org\/wp-content\/uploads\/2025\/10\/Thonon-Trieste-FS_etape12-05-768x513.jpg 768w, https:\/\/centcols.org\/wp-content\/uploads\/2025\/10\/Thonon-Trieste-FS_etape12-05-18x12.jpg 18w\" sizes=\"auto, (max-width: 1200px) 100vw, 1200px\" \/><\/a><figcaption class=\"wp-element-caption\">Il Terrano \u00e8 un vitigno originario delle regioni di Kast (Slovenia) e Karts (Italia).<\/figcaption><\/figure>\n<\/div>\n\n\n<p>Si noti che in Slovenia i ciclisti sono pi\u00f9 squadrati che in Francia. E lo stesso vale per le mucche, i cervi e persino i bambini...<\/p>\n\n\n\n<figure class=\"wp-block-gallery has-nested-images columns-4 is-cropped wp-block-gallery-59 is-layout-flex wp-block-gallery-is-layout-flex\">\n<figure class=\"wp-block-image size-large\"><a href=\"https:\/\/centcols.org\/wp-content\/uploads\/2025\/10\/Thonon-Trieste-FS_etape12-12.jpg\"><img loading=\"lazy\" decoding=\"async\" width=\"1200\" height=\"882\" data-id=\"91718\" src=\"https:\/\/centcols.org\/wp-content\/uploads\/2025\/10\/Thonon-Trieste-FS_etape12-12.jpg\" alt=\"\" class=\"wp-image-91718\" srcset=\"https:\/\/centcols.org\/wp-content\/uploads\/2025\/10\/Thonon-Trieste-FS_etape12-12.jpg 1200w, https:\/\/centcols.org\/wp-content\/uploads\/2025\/10\/Thonon-Trieste-FS_etape12-12-768x564.jpg 768w, https:\/\/centcols.org\/wp-content\/uploads\/2025\/10\/Thonon-Trieste-FS_etape12-12-16x12.jpg 16w\" sizes=\"auto, (max-width: 1200px) 100vw, 1200px\" \/><\/a><\/figure>\n\n\n\n<figure class=\"wp-block-image size-large\"><a href=\"https:\/\/centcols.org\/wp-content\/uploads\/2025\/10\/Thonon-Trieste-FS_etape12-10.jpg\"><img loading=\"lazy\" decoding=\"async\" width=\"1200\" height=\"921\" data-id=\"91721\" src=\"https:\/\/centcols.org\/wp-content\/uploads\/2025\/10\/Thonon-Trieste-FS_etape12-10.jpg\" alt=\"\" class=\"wp-image-91721\" srcset=\"https:\/\/centcols.org\/wp-content\/uploads\/2025\/10\/Thonon-Trieste-FS_etape12-10.jpg 1200w, https:\/\/centcols.org\/wp-content\/uploads\/2025\/10\/Thonon-Trieste-FS_etape12-10-768x589.jpg 768w, https:\/\/centcols.org\/wp-content\/uploads\/2025\/10\/Thonon-Trieste-FS_etape12-10-16x12.jpg 16w\" sizes=\"auto, (max-width: 1200px) 100vw, 1200px\" \/><\/a><\/figure>\n\n\n\n<figure class=\"wp-block-image size-large\"><a href=\"https:\/\/centcols.org\/wp-content\/uploads\/2025\/10\/Thonon-Trieste-FS_etape12-11.jpg\"><img loading=\"lazy\" decoding=\"async\" width=\"1200\" height=\"1016\" data-id=\"91719\" src=\"https:\/\/centcols.org\/wp-content\/uploads\/2025\/10\/Thonon-Trieste-FS_etape12-11.jpg\" alt=\"\" class=\"wp-image-91719\" srcset=\"https:\/\/centcols.org\/wp-content\/uploads\/2025\/10\/Thonon-Trieste-FS_etape12-11.jpg 1200w, https:\/\/centcols.org\/wp-content\/uploads\/2025\/10\/Thonon-Trieste-FS_etape12-11-768x650.jpg 768w, https:\/\/centcols.org\/wp-content\/uploads\/2025\/10\/Thonon-Trieste-FS_etape12-11-14x12.jpg 14w\" sizes=\"auto, (max-width: 1200px) 100vw, 1200px\" \/><\/a><\/figure>\n\n\n\n<figure class=\"wp-block-image size-large\"><a href=\"https:\/\/centcols.org\/wp-content\/uploads\/2025\/10\/Thonon-Trieste-FS_etape12-13.jpg\"><img loading=\"lazy\" decoding=\"async\" width=\"1200\" height=\"1160\" data-id=\"91720\" src=\"https:\/\/centcols.org\/wp-content\/uploads\/2025\/10\/Thonon-Trieste-FS_etape12-13.jpg\" alt=\"\" class=\"wp-image-91720\" srcset=\"https:\/\/centcols.org\/wp-content\/uploads\/2025\/10\/Thonon-Trieste-FS_etape12-13.jpg 1200w, https:\/\/centcols.org\/wp-content\/uploads\/2025\/10\/Thonon-Trieste-FS_etape12-13-768x742.jpg 768w, https:\/\/centcols.org\/wp-content\/uploads\/2025\/10\/Thonon-Trieste-FS_etape12-13-12x12.jpg 12w\" sizes=\"auto, (max-width: 1200px) 100vw, 1200px\" \/><\/a><\/figure>\n<\/figure>\n\n\n\n<p>I risultati della mattinata: 54 km D 900 e i miei primi due passi sloveni.<br><\/p>\n\n\n\n<figure class=\"wp-block-gallery has-nested-images columns-default is-cropped wp-block-gallery-60 is-layout-flex wp-block-gallery-is-layout-flex\">\n<figure class=\"wp-block-image size-large\"><a href=\"https:\/\/centcols.org\/wp-content\/uploads\/2025\/10\/Thonon-Trieste-FS_etape12-14.jpg\"><img loading=\"lazy\" decoding=\"async\" width=\"1200\" height=\"802\" data-id=\"91722\" src=\"https:\/\/centcols.org\/wp-content\/uploads\/2025\/10\/Thonon-Trieste-FS_etape12-14.jpg\" alt=\"\" class=\"wp-image-91722\" srcset=\"https:\/\/centcols.org\/wp-content\/uploads\/2025\/10\/Thonon-Trieste-FS_etape12-14.jpg 1200w, https:\/\/centcols.org\/wp-content\/uploads\/2025\/10\/Thonon-Trieste-FS_etape12-14-768x513.jpg 768w, https:\/\/centcols.org\/wp-content\/uploads\/2025\/10\/Thonon-Trieste-FS_etape12-14-18x12.jpg 18w\" sizes=\"auto, (max-width: 1200px) 100vw, 1200px\" \/><\/a><\/figure>\n\n\n\n<figure class=\"wp-block-image size-large\"><a href=\"https:\/\/centcols.org\/wp-content\/uploads\/2025\/10\/Thonon-Trieste-FS_etape12-15.jpg\"><img loading=\"lazy\" decoding=\"async\" width=\"1200\" height=\"802\" data-id=\"91723\" src=\"https:\/\/centcols.org\/wp-content\/uploads\/2025\/10\/Thonon-Trieste-FS_etape12-15.jpg\" alt=\"\" class=\"wp-image-91723\" srcset=\"https:\/\/centcols.org\/wp-content\/uploads\/2025\/10\/Thonon-Trieste-FS_etape12-15.jpg 1200w, https:\/\/centcols.org\/wp-content\/uploads\/2025\/10\/Thonon-Trieste-FS_etape12-15-768x513.jpg 768w, https:\/\/centcols.org\/wp-content\/uploads\/2025\/10\/Thonon-Trieste-FS_etape12-15-18x12.jpg 18w\" sizes=\"auto, (max-width: 1200px) 100vw, 1200px\" \/><\/a><\/figure>\n<figcaption class=\"blocks-gallery-caption wp-element-caption\">Torna a Sezana<\/figcaption><\/figure>\n\n\n\n<p>Ci incontriamo con Jean Marc e dopo pranzo ci rechiamo a visitare il Castello di Miramare. Fu costruito tra il 1856 e il 1860 per Massimiliano di Hasbourg Lorena, arciduca d'Austria (e futuro imperatore del Messico) e sua moglie Carlotta del Belgio. Il suo nome si ispira allo spagnolo \u00bbmira mar\u00bb.<br>Il magnifico parco \u00e8 sufficiente di per s\u00e9 e vi abbiamo trascorso parte del pomeriggio. \u00c8 enorme e abbiamo percorso 7 km.<\/p>\n\n\n<div class=\"wp-block-image\">\n<figure class=\"aligncenter size-full is-resized\"><a href=\"https:\/\/centcols.org\/wp-content\/uploads\/2025\/10\/Thonon-Trieste-FS_etape12-16.jpg\"><img loading=\"lazy\" decoding=\"async\" width=\"1200\" height=\"802\" src=\"https:\/\/centcols.org\/wp-content\/uploads\/2025\/10\/Thonon-Trieste-FS_etape12-16.jpg\" alt=\"\" class=\"wp-image-91733\" style=\"width:800px\" srcset=\"https:\/\/centcols.org\/wp-content\/uploads\/2025\/10\/Thonon-Trieste-FS_etape12-16.jpg 1200w, https:\/\/centcols.org\/wp-content\/uploads\/2025\/10\/Thonon-Trieste-FS_etape12-16-768x513.jpg 768w, https:\/\/centcols.org\/wp-content\/uploads\/2025\/10\/Thonon-Trieste-FS_etape12-16-18x12.jpg 18w\" sizes=\"auto, (max-width: 1200px) 100vw, 1200px\" \/><\/a><figcaption class=\"wp-element-caption\">Passeggiata pomeridiana a Miramare<\/figcaption><\/figure>\n<\/div>\n\n\n<figure class=\"wp-block-gallery has-nested-images columns-default is-cropped wp-block-gallery-61 is-layout-flex wp-block-gallery-is-layout-flex\">\n<figure class=\"wp-block-image size-large\"><a href=\"https:\/\/centcols.org\/wp-content\/uploads\/2025\/10\/Thonon-Trieste-FS_etape12-23.jpg\"><img loading=\"lazy\" decoding=\"async\" width=\"1200\" height=\"802\" data-id=\"91727\" src=\"https:\/\/centcols.org\/wp-content\/uploads\/2025\/10\/Thonon-Trieste-FS_etape12-23.jpg\" alt=\"\" class=\"wp-image-91727\" srcset=\"https:\/\/centcols.org\/wp-content\/uploads\/2025\/10\/Thonon-Trieste-FS_etape12-23.jpg 1200w, https:\/\/centcols.org\/wp-content\/uploads\/2025\/10\/Thonon-Trieste-FS_etape12-23-768x513.jpg 768w, https:\/\/centcols.org\/wp-content\/uploads\/2025\/10\/Thonon-Trieste-FS_etape12-23-18x12.jpg 18w\" sizes=\"auto, (max-width: 1200px) 100vw, 1200px\" \/><\/a><\/figure>\n\n\n\n<figure class=\"wp-block-image size-large\"><a href=\"https:\/\/centcols.org\/wp-content\/uploads\/2025\/10\/Thonon-Trieste-FS_etape12-22.jpg\"><img loading=\"lazy\" decoding=\"async\" width=\"1200\" height=\"802\" data-id=\"91729\" src=\"https:\/\/centcols.org\/wp-content\/uploads\/2025\/10\/Thonon-Trieste-FS_etape12-22.jpg\" alt=\"\" class=\"wp-image-91729\" srcset=\"https:\/\/centcols.org\/wp-content\/uploads\/2025\/10\/Thonon-Trieste-FS_etape12-22.jpg 1200w, https:\/\/centcols.org\/wp-content\/uploads\/2025\/10\/Thonon-Trieste-FS_etape12-22-768x513.jpg 768w, https:\/\/centcols.org\/wp-content\/uploads\/2025\/10\/Thonon-Trieste-FS_etape12-22-18x12.jpg 18w\" sizes=\"auto, (max-width: 1200px) 100vw, 1200px\" \/><\/a><\/figure>\n\n\n\n<figure class=\"wp-block-image size-large\"><a href=\"https:\/\/centcols.org\/wp-content\/uploads\/2025\/10\/Thonon-Trieste-FS_etape12-20.jpg\"><img loading=\"lazy\" decoding=\"async\" width=\"1200\" height=\"802\" data-id=\"91730\" src=\"https:\/\/centcols.org\/wp-content\/uploads\/2025\/10\/Thonon-Trieste-FS_etape12-20.jpg\" alt=\"\" class=\"wp-image-91730\" srcset=\"https:\/\/centcols.org\/wp-content\/uploads\/2025\/10\/Thonon-Trieste-FS_etape12-20.jpg 1200w, https:\/\/centcols.org\/wp-content\/uploads\/2025\/10\/Thonon-Trieste-FS_etape12-20-768x513.jpg 768w, https:\/\/centcols.org\/wp-content\/uploads\/2025\/10\/Thonon-Trieste-FS_etape12-20-18x12.jpg 18w\" sizes=\"auto, (max-width: 1200px) 100vw, 1200px\" \/><\/a><\/figure>\n\n\n\n<figure class=\"wp-block-image size-large\"><a href=\"https:\/\/centcols.org\/wp-content\/uploads\/2025\/10\/Thonon-Trieste-FS_etape12-18.jpg\"><img loading=\"lazy\" decoding=\"async\" width=\"1200\" height=\"802\" data-id=\"91732\" src=\"https:\/\/centcols.org\/wp-content\/uploads\/2025\/10\/Thonon-Trieste-FS_etape12-18.jpg\" alt=\"\" class=\"wp-image-91732\" srcset=\"https:\/\/centcols.org\/wp-content\/uploads\/2025\/10\/Thonon-Trieste-FS_etape12-18.jpg 1200w, https:\/\/centcols.org\/wp-content\/uploads\/2025\/10\/Thonon-Trieste-FS_etape12-18-768x513.jpg 768w, https:\/\/centcols.org\/wp-content\/uploads\/2025\/10\/Thonon-Trieste-FS_etape12-18-18x12.jpg 18w\" sizes=\"auto, (max-width: 1200px) 100vw, 1200px\" \/><\/a><\/figure>\n\n\n\n<figure class=\"wp-block-image size-large\"><a href=\"https:\/\/centcols.org\/wp-content\/uploads\/2025\/10\/Thonon-Trieste-FS_etape12-19.jpg\"><img loading=\"lazy\" decoding=\"async\" width=\"1200\" height=\"802\" data-id=\"91728\" src=\"https:\/\/centcols.org\/wp-content\/uploads\/2025\/10\/Thonon-Trieste-FS_etape12-19.jpg\" alt=\"\" class=\"wp-image-91728\" srcset=\"https:\/\/centcols.org\/wp-content\/uploads\/2025\/10\/Thonon-Trieste-FS_etape12-19.jpg 1200w, https:\/\/centcols.org\/wp-content\/uploads\/2025\/10\/Thonon-Trieste-FS_etape12-19-768x513.jpg 768w, https:\/\/centcols.org\/wp-content\/uploads\/2025\/10\/Thonon-Trieste-FS_etape12-19-18x12.jpg 18w\" sizes=\"auto, (max-width: 1200px) 100vw, 1200px\" \/><\/a><\/figure>\n\n\n\n<figure class=\"wp-block-image size-large\"><a href=\"https:\/\/centcols.org\/wp-content\/uploads\/2025\/10\/Thonon-Trieste-FS_etape12-21.jpg\"><img loading=\"lazy\" decoding=\"async\" width=\"1200\" height=\"802\" data-id=\"91731\" src=\"https:\/\/centcols.org\/wp-content\/uploads\/2025\/10\/Thonon-Trieste-FS_etape12-21.jpg\" alt=\"\" class=\"wp-image-91731\" srcset=\"https:\/\/centcols.org\/wp-content\/uploads\/2025\/10\/Thonon-Trieste-FS_etape12-21.jpg 1200w, https:\/\/centcols.org\/wp-content\/uploads\/2025\/10\/Thonon-Trieste-FS_etape12-21-768x513.jpg 768w, https:\/\/centcols.org\/wp-content\/uploads\/2025\/10\/Thonon-Trieste-FS_etape12-21-18x12.jpg 18w\" sizes=\"auto, (max-width: 1200px) 100vw, 1200px\" \/><\/a><\/figure>\n<\/figure>\n\n\n<div class=\"wp-block-image\">\n<figure class=\"aligncenter size-full is-resized\"><a href=\"https:\/\/centcols.org\/wp-content\/uploads\/2025\/10\/Thonon-Trieste-FS_etape12-17.jpg\"><img loading=\"lazy\" decoding=\"async\" width=\"1200\" height=\"802\" src=\"https:\/\/centcols.org\/wp-content\/uploads\/2025\/10\/Thonon-Trieste-FS_etape12-17.jpg\" alt=\"\" class=\"wp-image-91726\" style=\"width:800px\" srcset=\"https:\/\/centcols.org\/wp-content\/uploads\/2025\/10\/Thonon-Trieste-FS_etape12-17.jpg 1200w, https:\/\/centcols.org\/wp-content\/uploads\/2025\/10\/Thonon-Trieste-FS_etape12-17-768x513.jpg 768w, https:\/\/centcols.org\/wp-content\/uploads\/2025\/10\/Thonon-Trieste-FS_etape12-17-18x12.jpg 18w\" sizes=\"auto, (max-width: 1200px) 100vw, 1200px\" \/><\/a><\/figure>\n<\/div>\n\n\n<p>Tornati al residence, abbiamo avuto appena il tempo di riprendere fiato prima di tornare nel centro di Trieste per una passeggiata e un boccone.<br>Bellissimi edifici costeggiano il nostro percorso fino a Piazza dell'Unit\u00e0 d'Italia<\/p>\n\n\n\n<figure class=\"wp-block-gallery has-nested-images columns-2 is-cropped wp-block-gallery-62 is-layout-flex wp-block-gallery-is-layout-flex\">\n<figure class=\"wp-block-image size-large\"><a href=\"https:\/\/centcols.org\/wp-content\/uploads\/2025\/10\/Thonon-Trieste-FS_etape12-24.jpg\"><img loading=\"lazy\" decoding=\"async\" width=\"1200\" height=\"844\" data-id=\"91735\" src=\"https:\/\/centcols.org\/wp-content\/uploads\/2025\/10\/Thonon-Trieste-FS_etape12-24.jpg\" alt=\"\" class=\"wp-image-91735\" srcset=\"https:\/\/centcols.org\/wp-content\/uploads\/2025\/10\/Thonon-Trieste-FS_etape12-24.jpg 1200w, https:\/\/centcols.org\/wp-content\/uploads\/2025\/10\/Thonon-Trieste-FS_etape12-24-768x540.jpg 768w, https:\/\/centcols.org\/wp-content\/uploads\/2025\/10\/Thonon-Trieste-FS_etape12-24-18x12.jpg 18w\" sizes=\"auto, (max-width: 1200px) 100vw, 1200px\" \/><\/a><\/figure>\n\n\n\n<figure class=\"wp-block-image size-large\"><a href=\"https:\/\/centcols.org\/wp-content\/uploads\/2025\/10\/Thonon-Trieste-FS_etape12-25.jpg\"><img loading=\"lazy\" decoding=\"async\" width=\"1200\" height=\"1336\" data-id=\"91736\" src=\"https:\/\/centcols.org\/wp-content\/uploads\/2025\/10\/Thonon-Trieste-FS_etape12-25.jpg\" alt=\"\" class=\"wp-image-91736\" srcset=\"https:\/\/centcols.org\/wp-content\/uploads\/2025\/10\/Thonon-Trieste-FS_etape12-25.jpg 1200w, https:\/\/centcols.org\/wp-content\/uploads\/2025\/10\/Thonon-Trieste-FS_etape12-25-1078x1200.jpg 1078w, https:\/\/centcols.org\/wp-content\/uploads\/2025\/10\/Thonon-Trieste-FS_etape12-25-768x855.jpg 768w, https:\/\/centcols.org\/wp-content\/uploads\/2025\/10\/Thonon-Trieste-FS_etape12-25-11x12.jpg 11w\" sizes=\"auto, (max-width: 1200px) 100vw, 1200px\" \/><\/a><\/figure>\n\n\n\n<figure class=\"wp-block-image size-large\"><a href=\"https:\/\/centcols.org\/wp-content\/uploads\/2025\/10\/Thonon-Trieste-FS_etape12-26.jpg\"><img loading=\"lazy\" decoding=\"async\" width=\"1200\" height=\"802\" data-id=\"91742\" src=\"https:\/\/centcols.org\/wp-content\/uploads\/2025\/10\/Thonon-Trieste-FS_etape12-26.jpg\" alt=\"\" class=\"wp-image-91742\" srcset=\"https:\/\/centcols.org\/wp-content\/uploads\/2025\/10\/Thonon-Trieste-FS_etape12-26.jpg 1200w, https:\/\/centcols.org\/wp-content\/uploads\/2025\/10\/Thonon-Trieste-FS_etape12-26-768x513.jpg 768w, https:\/\/centcols.org\/wp-content\/uploads\/2025\/10\/Thonon-Trieste-FS_etape12-26-18x12.jpg 18w\" sizes=\"auto, (max-width: 1200px) 100vw, 1200px\" \/><\/a><figcaption class=\"wp-element-caption\">Piazza dell'Unit\u00e0 d'Italia<\/figcaption><\/figure>\n<\/figure>\n\n\n\n<p><br>L'avanzamento \u00e8 rallentato da una sosta \u00abbirra\u00bb, un'altra per il pranzo e l'ultima per una sosta \u00abGelatti\u00ab.<br>Altri 7 km percorsi in questo giro. Come ho scritto sopra, una giornata intensa.<\/p>\n\n\n\n<figure class=\"wp-block-gallery has-nested-images columns-default is-cropped wp-block-gallery-63 is-layout-flex wp-block-gallery-is-layout-flex\">\n<figure class=\"wp-block-image size-large\"><a href=\"https:\/\/centcols.org\/wp-content\/uploads\/2025\/10\/Thonon-Trieste-FS_etape12-28.jpg\"><img loading=\"lazy\" decoding=\"async\" width=\"1200\" height=\"802\" data-id=\"91744\" src=\"https:\/\/centcols.org\/wp-content\/uploads\/2025\/10\/Thonon-Trieste-FS_etape12-28.jpg\" alt=\"\" class=\"wp-image-91744\" srcset=\"https:\/\/centcols.org\/wp-content\/uploads\/2025\/10\/Thonon-Trieste-FS_etape12-28.jpg 1200w, https:\/\/centcols.org\/wp-content\/uploads\/2025\/10\/Thonon-Trieste-FS_etape12-28-768x513.jpg 768w, https:\/\/centcols.org\/wp-content\/uploads\/2025\/10\/Thonon-Trieste-FS_etape12-28-18x12.jpg 18w\" sizes=\"auto, (max-width: 1200px) 100vw, 1200px\" \/><\/a><figcaption class=\"wp-element-caption\">Arrivederci Trieste!<\/figcaption><\/figure>\n\n\n\n<figure class=\"wp-block-image size-large\"><a href=\"https:\/\/centcols.org\/wp-content\/uploads\/2025\/10\/Thonon-Trieste-FS_etape12-27.jpg\"><img loading=\"lazy\" decoding=\"async\" width=\"1200\" height=\"802\" data-id=\"91743\" src=\"https:\/\/centcols.org\/wp-content\/uploads\/2025\/10\/Thonon-Trieste-FS_etape12-27.jpg\" alt=\"\" class=\"wp-image-91743\" srcset=\"https:\/\/centcols.org\/wp-content\/uploads\/2025\/10\/Thonon-Trieste-FS_etape12-27.jpg 1200w, https:\/\/centcols.org\/wp-content\/uploads\/2025\/10\/Thonon-Trieste-FS_etape12-27-768x513.jpg 768w, https:\/\/centcols.org\/wp-content\/uploads\/2025\/10\/Thonon-Trieste-FS_etape12-27-18x12.jpg 18w\" sizes=\"auto, (max-width: 1200px) 100vw, 1200px\" \/><\/a><\/figure>\n<\/figure>\n\n\n\n<p><br>La ricchezza di Trieste \u00e8 dovuta in parte al suo porto. Per molto tempo, la citt\u00e0 \u00e8 stata la porta di accesso a tutto il caff\u00e8 consumato in Italia. E se l'Italia \u00e8 la terra del caff\u00e8, Trieste ne \u00e8 la capitale. I triestini consumano il doppio del caff\u00e8 rispetto al resto del Paese. Si presenta in diverse forme. Il Capo in B \u00e8 la specialit\u00e0 della citt\u00e0. Capo sta per cappuccino e B per bicchiere. Si tratta quindi di un cappuccino in un bicchiere. Ma non \u00e8 tutto... \u00c8 pi\u00f9 dolce di un cappuccino e molto simile a un macchiato. Ah, le sfumature e le sottigliezze dei diversi \u00abmodelli\u00bb. Sottili come gli aromi del caff\u00e8 stesso!<\/p>\n\n\n\n<figure class=\"wp-block-gallery has-nested-images columns-default is-cropped wp-block-gallery-64 is-layout-flex wp-block-gallery-is-layout-flex\">\n<figure class=\"wp-block-image size-large\"><a href=\"https:\/\/centcols.org\/wp-content\/uploads\/2025\/10\/Thonon-Trieste-FS_etape12-01.jpg\"><img loading=\"lazy\" decoding=\"async\" width=\"1200\" height=\"1150\" data-id=\"91741\" src=\"https:\/\/centcols.org\/wp-content\/uploads\/2025\/10\/Thonon-Trieste-FS_etape12-01.jpg\" alt=\"\" class=\"wp-image-91741\" srcset=\"https:\/\/centcols.org\/wp-content\/uploads\/2025\/10\/Thonon-Trieste-FS_etape12-01.jpg 1200w, https:\/\/centcols.org\/wp-content\/uploads\/2025\/10\/Thonon-Trieste-FS_etape12-01-768x736.jpg 768w, https:\/\/centcols.org\/wp-content\/uploads\/2025\/10\/Thonon-Trieste-FS_etape12-01-13x12.jpg 13w\" sizes=\"auto, (max-width: 1200px) 100vw, 1200px\" \/><\/a><\/figure>\n\n\n\n<figure class=\"wp-block-image size-large\"><a href=\"https:\/\/centcols.org\/wp-content\/uploads\/2025\/10\/Thonon-Trieste-FS_etape12-29.jpg\"><img loading=\"lazy\" decoding=\"async\" width=\"1200\" height=\"1790\" data-id=\"91745\" src=\"https:\/\/centcols.org\/wp-content\/uploads\/2025\/10\/Thonon-Trieste-FS_etape12-29.jpg\" alt=\"\" class=\"wp-image-91745\" srcset=\"https:\/\/centcols.org\/wp-content\/uploads\/2025\/10\/Thonon-Trieste-FS_etape12-29.jpg 1200w, https:\/\/centcols.org\/wp-content\/uploads\/2025\/10\/Thonon-Trieste-FS_etape12-29-804x1200.jpg 804w, https:\/\/centcols.org\/wp-content\/uploads\/2025\/10\/Thonon-Trieste-FS_etape12-29-768x1146.jpg 768w, https:\/\/centcols.org\/wp-content\/uploads\/2025\/10\/Thonon-Trieste-FS_etape12-29-1030x1536.jpg 1030w, https:\/\/centcols.org\/wp-content\/uploads\/2025\/10\/Thonon-Trieste-FS_etape12-29-8x12.jpg 8w\" sizes=\"auto, (max-width: 1200px) 100vw, 1200px\" \/><\/a><\/figure>\n<\/figure>\n\n\n\n<p>Domani si torna a Castelnaudary, P\u00e9chabou e L\u00e9guevin, in quest'ordine.<br>Poich\u00e9 il percorso \u00e8 lungo, sono previste due tappe con sosta notturna ad Aix en Provence.<\/p>\n\n\n\n<div class=\"wp-block-buttons is-content-justification-space-between is-layout-flex wp-container-core-buttons-is-layout-d3c43caa wp-block-buttons-is-layout-flex\">\n<div class=\"wp-block-button\"><a class=\"wp-block-button__link has-text-color has-background has-link-color wp-element-button\" href=\"https:\/\/centcols.org\/it\/thonon-trieste-fred-singla-2025\/12\/\" style=\"color:#2a488c;background-color:#88f2fd;text-transform:uppercase\"><strong>Stadio precedente<\/strong><\/a><\/div>\n\n\n\n<div class=\"wp-block-button\"><a class=\"wp-block-button__link has-text-color has-background has-link-color wp-element-button\" href=\"https:\/\/centcols.org\/it\/thonon-trieste-fred-singla-2025\/\" style=\"color:#2a488c;background-color:#88f2fd;text-transform:uppercase\"><strong>Torna all'inizio<\/strong><\/a><\/div>\n<\/div>\n\n\n\n<p><\/p>","protected":false},"excerpt":{"rendered":"<p>Apr\u00e8s le r\u00e9cit de Jean-Marc Lef\u00e8vre et celui de Philippe Chazottier c&rsquo;est au tour de Fred Singla de nous raconter son aventure. Une magnifique randonn\u00e9e \u00e0 v\u00e9lo, con\u00e7ue par Georges Rossini, qui joint le lac L\u00e9man \u00e0 l&rsquo;Adriatique en franchissant de nombreux cols. Cliquer sur le titre de l&rsquo;\u00e9tape sous l&rsquo;image pour voyager avec Fred [&hellip;]<\/p>\n","protected":false},"author":5112,"featured_media":91787,"comment_status":"open","ping_status":"closed","sticky":false,"template":"","format":"standard","meta":{"_acf_changed":false,"footnotes":""},"categories":[82,129],"tags":[],"class_list":["post-91155","post","type-post","status-publish","format-standard","has-post-thumbnail","hentry","category-voyages","category-gazette"],"acf":[],"yoast_head":"<!-- This site is optimized with the Yoast SEO plugin v27.2 - https:\/\/yoast.com\/product\/yoast-seo-wordpress\/ -->\n<title>Randonn\u00e9e \u00e0 v\u00e9lo du lac L\u00e9man \u00e0 l&#039;Adriatique - Club des Cent Cols<\/title>\n<meta name=\"description\" content=\"Plongez dans l&#039;aventure d&#039;une randonn\u00e9e \u00e0 v\u00e9lo inoubliable, reliant le lac L\u00e9man \u00e0 Trieste par de grands cols des Alpes.\" \/>\n<meta name=\"robots\" content=\"index, follow, max-snippet:-1, max-image-preview:large, max-video-preview:-1\" \/>\n<link rel=\"canonical\" href=\"https:\/\/centcols.org\/it\/thonon-trieste-fred-singla-2025\/\" \/>\n<link rel=\"next\" href=\"https:\/\/centcols.org\/en\/thonon-trieste-fred-singla-2025\/2\/\" \/>\n<meta property=\"og:locale\" content=\"it_IT\" \/>\n<meta property=\"og:type\" content=\"article\" \/>\n<meta property=\"og:title\" content=\"Randonn\u00e9e \u00e0 v\u00e9lo du lac L\u00e9man \u00e0 l&#039;Adriatique - Club des Cent Cols\" \/>\n<meta property=\"og:description\" content=\"Plongez dans l&#039;aventure d&#039;une randonn\u00e9e \u00e0 v\u00e9lo inoubliable, reliant le lac L\u00e9man \u00e0 Trieste par de grands cols des Alpes.\" \/>\n<meta property=\"og:url\" content=\"https:\/\/centcols.org\/it\/thonon-trieste-fred-singla-2025\/\" \/>\n<meta property=\"og:site_name\" content=\"Club des Cent Cols\" \/>\n<meta property=\"article:publisher\" content=\"https:\/\/www.facebook.com\/groups\/5261880558\/?locale=fr_FR\" \/>\n<meta property=\"article:published_time\" content=\"2025-11-14T12:03:05+00:00\" \/>\n<meta property=\"article:modified_time\" content=\"2026-02-12T19:29:31+00:00\" \/>\n<meta property=\"og:image\" content=\"https:\/\/centcols.org\/wp-content\/uploads\/2025\/10\/Thonon-Trieste-FS_etape09-07-1.jpg\" \/>\n\t<meta property=\"og:image:width\" content=\"1200\" \/>\n\t<meta property=\"og:image:height\" content=\"802\" \/>\n\t<meta property=\"og:image:type\" content=\"image\/jpeg\" \/>\n<meta name=\"author\" content=\"R\u00e9gis Paraz\" \/>\n<meta name=\"twitter:card\" content=\"summary_large_image\" \/>\n<meta name=\"twitter:label1\" content=\"Scritto da\" \/>\n\t<meta name=\"twitter:data1\" content=\"R\u00e9gis Paraz\" \/>\n\t<meta name=\"twitter:label2\" content=\"Tempo di lettura stimato\" \/>\n\t<meta name=\"twitter:data2\" content=\"92 minuti\" \/>\n<script type=\"application\/ld+json\" class=\"yoast-schema-graph\">{\"@context\":\"https:\/\/schema.org\",\"@graph\":[{\"@type\":\"Article\",\"@id\":\"https:\/\/centcols.org\/en\/thonon-trieste-fred-singla-2025\/#article\",\"isPartOf\":{\"@id\":\"https:\/\/centcols.org\/en\/thonon-trieste-fred-singla-2025\/\"},\"author\":{\"name\":\"R\u00e9gis Paraz\",\"@id\":\"https:\/\/centcols.org\/#\/schema\/person\/6733615a03fdc98c0aef104567c81e13\"},\"headline\":\"Thonon Trieste : Fred Singla cc 5173\",\"datePublished\":\"2025-11-14T12:03:05+00:00\",\"dateModified\":\"2026-02-12T19:29:31+00:00\",\"mainEntityOfPage\":{\"@id\":\"https:\/\/centcols.org\/en\/thonon-trieste-fred-singla-2025\/\"},\"wordCount\":8086,\"commentCount\":34,\"publisher\":{\"@id\":\"https:\/\/centcols.org\/#organization\"},\"image\":{\"@id\":\"https:\/\/centcols.org\/en\/thonon-trieste-fred-singla-2025\/#primaryimage\"},\"thumbnailUrl\":\"https:\/\/centcols.org\/wp-content\/uploads\/2025\/10\/Thonon-Trieste-FS_etape09-07-1.jpg\",\"articleSection\":[\"Voyages\",\"Gazette\"],\"inLanguage\":\"it-IT\",\"potentialAction\":[{\"@type\":\"CommentAction\",\"name\":\"Comment\",\"target\":[\"https:\/\/centcols.org\/en\/thonon-trieste-fred-singla-2025\/#respond\"]}]},{\"@type\":\"WebPage\",\"@id\":\"https:\/\/centcols.org\/en\/thonon-trieste-fred-singla-2025\/\",\"url\":\"https:\/\/centcols.org\/en\/thonon-trieste-fred-singla-2025\/\",\"name\":\"Randonn\u00e9e \u00e0 v\u00e9lo du lac L\u00e9man \u00e0 l'Adriatique - Club des Cent Cols\",\"isPartOf\":{\"@id\":\"https:\/\/centcols.org\/#website\"},\"primaryImageOfPage\":{\"@id\":\"https:\/\/centcols.org\/en\/thonon-trieste-fred-singla-2025\/#primaryimage\"},\"image\":{\"@id\":\"https:\/\/centcols.org\/en\/thonon-trieste-fred-singla-2025\/#primaryimage\"},\"thumbnailUrl\":\"https:\/\/centcols.org\/wp-content\/uploads\/2025\/10\/Thonon-Trieste-FS_etape09-07-1.jpg\",\"datePublished\":\"2025-11-14T12:03:05+00:00\",\"dateModified\":\"2026-02-12T19:29:31+00:00\",\"description\":\"Plongez dans l'aventure d'une randonn\u00e9e \u00e0 v\u00e9lo inoubliable, reliant le lac L\u00e9man \u00e0 Trieste par de grands cols des Alpes.\",\"breadcrumb\":{\"@id\":\"https:\/\/centcols.org\/en\/thonon-trieste-fred-singla-2025\/#breadcrumb\"},\"inLanguage\":\"it-IT\",\"potentialAction\":[{\"@type\":\"ReadAction\",\"target\":[\"https:\/\/centcols.org\/en\/thonon-trieste-fred-singla-2025\/\"]}]},{\"@type\":\"ImageObject\",\"inLanguage\":\"it-IT\",\"@id\":\"https:\/\/centcols.org\/en\/thonon-trieste-fred-singla-2025\/#primaryimage\",\"url\":\"https:\/\/centcols.org\/wp-content\/uploads\/2025\/10\/Thonon-Trieste-FS_etape09-07-1.jpg\",\"contentUrl\":\"https:\/\/centcols.org\/wp-content\/uploads\/2025\/10\/Thonon-Trieste-FS_etape09-07-1.jpg\",\"width\":1200,\"height\":802},{\"@type\":\"BreadcrumbList\",\"@id\":\"https:\/\/centcols.org\/en\/thonon-trieste-fred-singla-2025\/#breadcrumb\",\"itemListElement\":[{\"@type\":\"ListItem\",\"position\":1,\"name\":\"Accueil\",\"item\":\"https:\/\/centcols.org\/\"},{\"@type\":\"ListItem\",\"position\":2,\"name\":\"Gazette\",\"item\":\"https:\/\/centcols.org\/rubrique\/gazette\/\"},{\"@type\":\"ListItem\",\"position\":3,\"name\":\"Voyages\"}]},{\"@type\":\"WebSite\",\"@id\":\"https:\/\/centcols.org\/#website\",\"url\":\"https:\/\/centcols.org\/\",\"name\":\"Club des Cent Cols\",\"description\":\"\",\"publisher\":{\"@id\":\"https:\/\/centcols.org\/#organization\"},\"potentialAction\":[{\"@type\":\"SearchAction\",\"target\":{\"@type\":\"EntryPoint\",\"urlTemplate\":\"https:\/\/centcols.org\/?s={search_term_string}\"},\"query-input\":{\"@type\":\"PropertyValueSpecification\",\"valueRequired\":true,\"valueName\":\"search_term_string\"}}],\"inLanguage\":\"it-IT\"},{\"@type\":\"Organization\",\"@id\":\"https:\/\/centcols.org\/#organization\",\"name\":\"Club des Cent Cols\",\"url\":\"https:\/\/centcols.org\/\",\"logo\":{\"@type\":\"ImageObject\",\"inLanguage\":\"it-IT\",\"@id\":\"https:\/\/centcols.org\/#\/schema\/logo\/image\/\",\"url\":\"https:\/\/centcols.org\/wp-content\/uploads\/2025\/01\/carte-icone.png\",\"contentUrl\":\"https:\/\/centcols.org\/wp-content\/uploads\/2025\/01\/carte-icone.png\",\"width\":250,\"height\":250,\"caption\":\"Club des Cent Cols\"},\"image\":{\"@id\":\"https:\/\/centcols.org\/#\/schema\/logo\/image\/\"},\"sameAs\":[\"https:\/\/www.facebook.com\/groups\/5261880558\/?locale=fr_FR\"]},{\"@type\":\"Person\",\"@id\":\"https:\/\/centcols.org\/#\/schema\/person\/6733615a03fdc98c0aef104567c81e13\",\"name\":\"R\u00e9gis Paraz\",\"image\":{\"@type\":\"ImageObject\",\"inLanguage\":\"it-IT\",\"@id\":\"https:\/\/centcols.org\/wp-content\/litespeed\/avatar\/e5679bd124a28f7319d109cd5c2c0dd7.jpg?ver=1777239746\",\"url\":\"https:\/\/centcols.org\/wp-content\/litespeed\/avatar\/e5679bd124a28f7319d109cd5c2c0dd7.jpg?ver=1777239746\",\"contentUrl\":\"https:\/\/centcols.org\/wp-content\/litespeed\/avatar\/e5679bd124a28f7319d109cd5c2c0dd7.jpg?ver=1777239746\",\"caption\":\"R\u00e9gis Paraz\"},\"url\":\"https:\/\/centcols.org\/it\/author\/3225\/\"}]}<\/script>\n<!-- \/ Yoast SEO plugin. -->","yoast_head_json":{"title":"In bicicletta dal lago di Ginevra all'Adriatico - Club des Cent Cols","description":"Immergetevi nell'avventura di un indimenticabile tour in bicicletta che collega il Lago di Ginevra a Trieste attraverso i grandi passi delle Alpi.","robots":{"index":"index","follow":"follow","max-snippet":"max-snippet:-1","max-image-preview":"max-image-preview:large","max-video-preview":"max-video-preview:-1"},"canonical":"https:\/\/centcols.org\/it\/thonon-trieste-fred-singla-2025\/","next":"https:\/\/centcols.org\/en\/thonon-trieste-fred-singla-2025\/2\/","og_locale":"it_IT","og_type":"article","og_title":"Randonn\u00e9e \u00e0 v\u00e9lo du lac L\u00e9man \u00e0 l'Adriatique - Club des Cent Cols","og_description":"Plongez dans l'aventure d'une randonn\u00e9e \u00e0 v\u00e9lo inoubliable, reliant le lac L\u00e9man \u00e0 Trieste par de grands cols des Alpes.","og_url":"https:\/\/centcols.org\/it\/thonon-trieste-fred-singla-2025\/","og_site_name":"Club des Cent Cols","article_publisher":"https:\/\/www.facebook.com\/groups\/5261880558\/?locale=fr_FR","article_published_time":"2025-11-14T12:03:05+00:00","article_modified_time":"2026-02-12T19:29:31+00:00","og_image":[{"width":1200,"height":802,"url":"https:\/\/centcols.org\/wp-content\/uploads\/2025\/10\/Thonon-Trieste-FS_etape09-07-1.jpg","type":"image\/jpeg"}],"author":"R\u00e9gis Paraz","twitter_card":"summary_large_image","twitter_misc":{"Scritto da":"R\u00e9gis Paraz","Tempo di lettura stimato":"92 minuti"},"schema":{"@context":"https:\/\/schema.org","@graph":[{"@type":"Article","@id":"https:\/\/centcols.org\/en\/thonon-trieste-fred-singla-2025\/#article","isPartOf":{"@id":"https:\/\/centcols.org\/en\/thonon-trieste-fred-singla-2025\/"},"author":{"name":"R\u00e9gis Paraz","@id":"https:\/\/centcols.org\/#\/schema\/person\/6733615a03fdc98c0aef104567c81e13"},"headline":"Thonon Trieste : Fred Singla cc 5173","datePublished":"2025-11-14T12:03:05+00:00","dateModified":"2026-02-12T19:29:31+00:00","mainEntityOfPage":{"@id":"https:\/\/centcols.org\/en\/thonon-trieste-fred-singla-2025\/"},"wordCount":8086,"commentCount":34,"publisher":{"@id":"https:\/\/centcols.org\/#organization"},"image":{"@id":"https:\/\/centcols.org\/en\/thonon-trieste-fred-singla-2025\/#primaryimage"},"thumbnailUrl":"https:\/\/centcols.org\/wp-content\/uploads\/2025\/10\/Thonon-Trieste-FS_etape09-07-1.jpg","articleSection":["Voyages","Gazette"],"inLanguage":"it-IT","potentialAction":[{"@type":"CommentAction","name":"Comment","target":["https:\/\/centcols.org\/en\/thonon-trieste-fred-singla-2025\/#respond"]}]},{"@type":"WebPage","@id":"https:\/\/centcols.org\/en\/thonon-trieste-fred-singla-2025\/","url":"https:\/\/centcols.org\/en\/thonon-trieste-fred-singla-2025\/","name":"In bicicletta dal lago di Ginevra all'Adriatico - Club des Cent Cols","isPartOf":{"@id":"https:\/\/centcols.org\/#website"},"primaryImageOfPage":{"@id":"https:\/\/centcols.org\/en\/thonon-trieste-fred-singla-2025\/#primaryimage"},"image":{"@id":"https:\/\/centcols.org\/en\/thonon-trieste-fred-singla-2025\/#primaryimage"},"thumbnailUrl":"https:\/\/centcols.org\/wp-content\/uploads\/2025\/10\/Thonon-Trieste-FS_etape09-07-1.jpg","datePublished":"2025-11-14T12:03:05+00:00","dateModified":"2026-02-12T19:29:31+00:00","description":"Immergetevi nell'avventura di un indimenticabile tour in bicicletta che collega il Lago di Ginevra a Trieste attraverso i grandi passi delle Alpi.","breadcrumb":{"@id":"https:\/\/centcols.org\/en\/thonon-trieste-fred-singla-2025\/#breadcrumb"},"inLanguage":"it-IT","potentialAction":[{"@type":"ReadAction","target":["https:\/\/centcols.org\/en\/thonon-trieste-fred-singla-2025\/"]}]},{"@type":"ImageObject","inLanguage":"it-IT","@id":"https:\/\/centcols.org\/en\/thonon-trieste-fred-singla-2025\/#primaryimage","url":"https:\/\/centcols.org\/wp-content\/uploads\/2025\/10\/Thonon-Trieste-FS_etape09-07-1.jpg","contentUrl":"https:\/\/centcols.org\/wp-content\/uploads\/2025\/10\/Thonon-Trieste-FS_etape09-07-1.jpg","width":1200,"height":802},{"@type":"BreadcrumbList","@id":"https:\/\/centcols.org\/en\/thonon-trieste-fred-singla-2025\/#breadcrumb","itemListElement":[{"@type":"ListItem","position":1,"name":"Accueil","item":"https:\/\/centcols.org\/"},{"@type":"ListItem","position":2,"name":"Gazette","item":"https:\/\/centcols.org\/rubrique\/gazette\/"},{"@type":"ListItem","position":3,"name":"Voyages"}]},{"@type":"WebSite","@id":"https:\/\/centcols.org\/#website","url":"https:\/\/centcols.org\/","name":"Club des Cent Cols","description":"","publisher":{"@id":"https:\/\/centcols.org\/#organization"},"potentialAction":[{"@type":"SearchAction","target":{"@type":"EntryPoint","urlTemplate":"https:\/\/centcols.org\/?s={search_term_string}"},"query-input":{"@type":"PropertyValueSpecification","valueRequired":true,"valueName":"search_term_string"}}],"inLanguage":"it-IT"},{"@type":"Organization","@id":"https:\/\/centcols.org\/#organization","name":"Club des Cent Cols","url":"https:\/\/centcols.org\/","logo":{"@type":"ImageObject","inLanguage":"it-IT","@id":"https:\/\/centcols.org\/#\/schema\/logo\/image\/","url":"https:\/\/centcols.org\/wp-content\/uploads\/2025\/01\/carte-icone.png","contentUrl":"https:\/\/centcols.org\/wp-content\/uploads\/2025\/01\/carte-icone.png","width":250,"height":250,"caption":"Club des Cent Cols"},"image":{"@id":"https:\/\/centcols.org\/#\/schema\/logo\/image\/"},"sameAs":["https:\/\/www.facebook.com\/groups\/5261880558\/?locale=fr_FR"]},{"@type":"Person","@id":"https:\/\/centcols.org\/#\/schema\/person\/6733615a03fdc98c0aef104567c81e13","name":"R\u00e9gis Paraz","image":{"@type":"ImageObject","inLanguage":"it-IT","@id":"https:\/\/centcols.org\/wp-content\/litespeed\/avatar\/e5679bd124a28f7319d109cd5c2c0dd7.jpg?ver=1777239746","url":"https:\/\/centcols.org\/wp-content\/litespeed\/avatar\/e5679bd124a28f7319d109cd5c2c0dd7.jpg?ver=1777239746","contentUrl":"https:\/\/centcols.org\/wp-content\/litespeed\/avatar\/e5679bd124a28f7319d109cd5c2c0dd7.jpg?ver=1777239746","caption":"R\u00e9gis Paraz"},"url":"https:\/\/centcols.org\/it\/author\/3225\/"}]}},"_links":{"self":[{"href":"https:\/\/centcols.org\/it\/wp-json\/wp\/v2\/posts\/91155","targetHints":{"allow":["GET"]}}],"collection":[{"href":"https:\/\/centcols.org\/it\/wp-json\/wp\/v2\/posts"}],"about":[{"href":"https:\/\/centcols.org\/it\/wp-json\/wp\/v2\/types\/post"}],"author":[{"embeddable":true,"href":"https:\/\/centcols.org\/it\/wp-json\/wp\/v2\/users\/5112"}],"replies":[{"embeddable":true,"href":"https:\/\/centcols.org\/it\/wp-json\/wp\/v2\/comments?post=91155"}],"version-history":[{"count":0,"href":"https:\/\/centcols.org\/it\/wp-json\/wp\/v2\/posts\/91155\/revisions"}],"wp:featuredmedia":[{"embeddable":true,"href":"https:\/\/centcols.org\/it\/wp-json\/wp\/v2\/media\/91787"}],"wp:attachment":[{"href":"https:\/\/centcols.org\/it\/wp-json\/wp\/v2\/media?parent=91155"}],"wp:term":[{"taxonomy":"category","embeddable":true,"href":"https:\/\/centcols.org\/it\/wp-json\/wp\/v2\/categories?post=91155"},{"taxonomy":"post_tag","embeddable":true,"href":"https:\/\/centcols.org\/it\/wp-json\/wp\/v2\/tags?post=91155"}],"curies":[{"name":"wp","href":"https:\/\/api.w.org\/{rel}","templated":true}]}}