{"id":91930,"date":"2025-11-12T20:04:37","date_gmt":"2025-11-12T18:04:37","guid":{"rendered":"https:\/\/centcols.org\/?p=91930"},"modified":"2026-01-22T14:02:47","modified_gmt":"2026-01-22T12:02:47","slug":"la-ciclomontagnarda-dellalta-savoia-06-e-07-giugno-2026","status":"publish","type":"post","link":"https:\/\/centcols.org\/it\/la-cyclomontagnarde-de-haute-savoie-06-et-07-juin-2026\/","title":{"rendered":"La ciclomontagnarda dell'Alta Savoia 06 e 07 giugno 2026"},"content":{"rendered":"<div style=\"height:50px\" aria-hidden=\"true\" class=\"wp-block-spacer\"><\/div>\n\n\n\n<h2 class=\"wp-block-heading\">Date<\/h2>\n\n\n\n<figure class=\"wp-block-table\"><table class=\"has-fixed-layout\"><tbody><tr><td><strong>Un percorso di 218 km con 4.3318 m di D+.<\/strong>&nbsp;da fare in 1 giorno (<strong>07 giugno<\/strong>) o 2 giorni (<strong>06 e 07 giugno<\/strong> alloggio a Samo\u00ebns) per scoprire le valli e le montagne alpine della regione di Annecy.<\/td><\/tr><tr><td><strong>Tre tour di scoperta:<\/strong><br>- uno sguardo al lago<strong> 35 km e 548 m di D+.<\/strong><br>- tra laghi e montagne <strong>75 km e 997 m di D+.<\/strong><br>- Gli\u00e8res irresistibili <strong>120 km e 2300 m di D+.<\/strong><br>da effettuarsi il sabato e\/o la domenica<br><\/td><\/tr><tr><td><strong>Due percorsi per mountain bike di 52 km e 1049 m di D+ e un percorso per famiglie di 16 km e 318 m di D+.<\/strong> da effettuarsi il sabato e\/o la domenica<\/td><\/tr><\/tbody><\/table><\/figure>\n\n\n\n<div class=\"wp-block-columns is-layout-flex wp-container-core-columns-is-layout-9d6595d7 wp-block-columns-is-layout-flex\">\n<div class=\"wp-block-column is-layout-flow wp-block-column-is-layout-flow\" style=\"flex-basis:66.66%\">\n<p class=\"has-medium-font-size\">V<em><strong>all'altezza della sfida<\/strong><\/em><\/p>\n\n\n\n<p class=\"has-medium-font-size\">Da Annecy, potrete salire sempre pi\u00f9 in alto e pi\u00f9 lontano. Uscendo dalla citt\u00e0, vi troverete su un balcone che si affaccia sul massiccio degli Aravis mentre scalate Le Grand Bornand, Le Chinaillon e il Col de la Colombi\u00e8re. Dopo essere scesi a Le Reposoir, il Col de Romme vi condurr\u00e0 nella valle di Faucigny, sede dell'industria della vite.<br>Lungo la strada che porta all'incantevole villaggio nel cuore della valle di Giffre, si passa per Samo\u00ebns, a 700 m di altitudine, sovrastato dalla piana del Col de Joux. Nel Medioevo, Samo\u00ebns significava \u00able 7 montagne\u00bb. Il Col de Joux Plane si trova a 1691 m di altitudine sulla strada tra Samo\u00ebns e Morzine. La salita da Samo\u00ebns \u00e8 la pi\u00f9 famosa, in quanto \u00e8 quella utilizzata dal Tour de France e dal Crit\u00e9rium du Dauphin\u00e9.<br>Quando il tempo \u00e8 bello, dal passo si pu\u00f2 vedere il Monte Bianco. La discesa porta a Morzine, un villaggio di 3.000 abitanti dalla tipica architettura savoiarda (chalet in fiore).<\/p>\n\n\n\n<figure class=\"wp-block-image size-full\"><img loading=\"lazy\" decoding=\"async\" width=\"768\" height=\"430\" src=\"https:\/\/centcols.org\/wp-content\/uploads\/2025\/11\/CM_2026_Profil_Haute_Savoie-768x430-1.png\" alt=\"\" class=\"wp-image-91939\" srcset=\"https:\/\/centcols.org\/wp-content\/uploads\/2025\/11\/CM_2026_Profil_Haute_Savoie-768x430-1.png 768w, https:\/\/centcols.org\/wp-content\/uploads\/2025\/11\/CM_2026_Profil_Haute_Savoie-768x430-1-18x10.png 18w\" sizes=\"auto, (max-width: 768px) 100vw, 768px\" \/><\/figure>\n\n\n\n<p class=\"has-medium-font-size\">Passerete davanti a un'altra stazione sciistica, Les Gets, un'atmosfera familiare che unisce l'eleganza e il dinamismo di un resort al fascino e all'eleganza di un villaggio incontaminato. La sua posizione sul Col des Gets le conferisce un abbondante innevamento e un eccezionale soleggiamento durante tutto l'anno. Durante tutto l'anno si pu\u00f2 godere di un'ampia gamma di attivit\u00e0 culturali e originali. Ad esempio, il Museo della Musica Meccanica. <\/p>\n<\/div>\n\n\n\n<div class=\"wp-block-column is-layout-flow wp-block-column-is-layout-flow\" style=\"flex-basis:33.33%\">\n<figure class=\"wp-block-gallery has-nested-images columns-1 is-cropped wp-block-gallery-1 is-layout-flex wp-block-gallery-is-layout-flex\">\n<figure class=\"wp-block-image size-large\"><img loading=\"lazy\" decoding=\"async\" width=\"574\" height=\"242\" data-id=\"91932\" src=\"https:\/\/centcols.org\/wp-content\/uploads\/2025\/11\/Codep-Haute-Savoie.png\" alt=\"\" class=\"wp-image-91932\" srcset=\"https:\/\/centcols.org\/wp-content\/uploads\/2025\/11\/Codep-Haute-Savoie.png 574w, https:\/\/centcols.org\/wp-content\/uploads\/2025\/11\/Codep-Haute-Savoie-18x8.png 18w\" sizes=\"auto, (max-width: 574px) 100vw, 574px\" \/><\/figure>\n\n\n\n<figure class=\"wp-block-image size-large\"><a href=\"https:\/\/centcols.org\/wp-content\/uploads\/2025\/11\/FR-74-1613-Col-de-la-Colombiere-vue-du-col-4.jpg\"><img loading=\"lazy\" decoding=\"async\" width=\"1200\" height=\"900\" data-id=\"91945\" src=\"https:\/\/centcols.org\/wp-content\/uploads\/2025\/11\/FR-74-1613-Col-de-la-Colombiere-vue-du-col-4.jpg\" alt=\"\" class=\"wp-image-91945\" srcset=\"https:\/\/centcols.org\/wp-content\/uploads\/2025\/11\/FR-74-1613-Col-de-la-Colombiere-vue-du-col-4.jpg 1200w, https:\/\/centcols.org\/wp-content\/uploads\/2025\/11\/FR-74-1613-Col-de-la-Colombiere-vue-du-col-4-768x576.jpg 768w, https:\/\/centcols.org\/wp-content\/uploads\/2025\/11\/FR-74-1613-Col-de-la-Colombiere-vue-du-col-4-16x12.jpg 16w\" sizes=\"auto, (max-width: 1200px) 100vw, 1200px\" \/><\/a><figcaption class=\"wp-element-caption\">Vista sul Col de la Colombi\u00e8re<\/figcaption><\/figure>\n<\/figure>\n<\/div>\n<\/div>\n\n\n\n<div class=\"wp-block-columns is-layout-flex wp-container-core-columns-is-layout-9d6595d7 wp-block-columns-is-layout-flex\">\n<div class=\"wp-block-column is-layout-flow wp-block-column-is-layout-flow\" style=\"flex-basis:66.66%\">\n<p class=\"has-medium-font-size\">Dopo aver attraversato una seconda volta la valle del Faucigny, il viaggio di ritorno vi porter\u00e0 a superare il Col des Fleuries, una salita di 8 km con un dislivello di 380 m, per poi immergervi nel villaggio di Thorens, patria di San Francesco di Sales, sacerdote cattolico diventato vescovo e uno dei teologi pi\u00f9 apprezzati del suo tempo. Era molto influente presso la nobilt\u00e0 locale. Proclamato santo e dottore della Chiesa, \u00e8 considerato il patrono di giornalisti e scrittori. Il Castello di Thorens conserva i suoi oggetti e le sue opere d'arte, in particolare argenteria liturgica, rifugi episcopali, sigilli e libri rari. Vicino all'ingresso del castello \u00e8 possibile trovare un rinfresco.<\/p>\n<\/div>\n\n\n\n<div class=\"wp-block-column is-layout-flow wp-block-column-is-layout-flow\" style=\"flex-basis:33.33%\"><div class=\"wp-block-image\">\n<figure class=\"aligncenter size-full\"><a href=\"https:\/\/centcols.org\/wp-content\/uploads\/2025\/11\/facade-chateaudethorens.webp\"><img loading=\"lazy\" decoding=\"async\" width=\"1080\" height=\"720\" src=\"https:\/\/centcols.org\/wp-content\/uploads\/2025\/11\/facade-chateaudethorens.webp\" alt=\"\" class=\"wp-image-91949\" srcset=\"https:\/\/centcols.org\/wp-content\/uploads\/2025\/11\/facade-chateaudethorens.webp 1080w, https:\/\/centcols.org\/wp-content\/uploads\/2025\/11\/facade-chateaudethorens-768x512.webp 768w, https:\/\/centcols.org\/wp-content\/uploads\/2025\/11\/facade-chateaudethorens-18x12.webp 18w\" sizes=\"auto, (max-width: 1080px) 100vw, 1080px\" \/><\/a><figcaption class=\"wp-element-caption\">Castello di Thorens<\/figcaption><\/figure>\n<\/div><\/div>\n<\/div>\n\n\n\n<div class=\"wp-block-buttons is-layout-flex wp-block-buttons-is-layout-flex\">\n<div class=\"wp-block-button\"><a class=\"wp-block-button__link wp-element-button\" href=\"https:\/\/cyclomontagnarde-annecy.com\/infos-pratiques\/\" target=\"_blank\" rel=\"noreferrer noopener\">Tutte le informazioni qui<\/a><\/div>\n<\/div>\n\n\n\n<p><\/p>","protected":false},"excerpt":{"rendered":"<p>Dates Un parcours de 218 km et 4 3318 m de D+&nbsp;\u00e0 faire en 1 jour (07 juin) ou 2 jours (06 et 07 juin h\u00e9bergement \u00e0 Samo\u00ebns) pour d\u00e9couvrir les vall\u00e9es et montagnes alpines de la r\u00e9gion ann\u00e9cienne. Trois parcours d\u00e9couvertes :&#8211; cIin d&rsquo;oeil sur le lac de 35 km et 548 m de [&hellip;]<\/p>\n","protected":false},"author":64,"featured_media":91945,"comment_status":"closed","ping_status":"closed","sticky":false,"template":"","format":"standard","meta":{"_acf_changed":false,"footnotes":""},"categories":[135,423],"tags":[],"class_list":["post-91930","post","type-post","status-publish","format-standard","has-post-thumbnail","hentry","category-calendrier","category-cyclomontagnardes"],"acf":[],"yoast_head":"<!-- This site is optimized with the Yoast SEO plugin v27.2 - https:\/\/yoast.com\/product\/yoast-seo-wordpress\/ -->\n<title>La cyclomontagnarde de Haute-Savoie 06 et 07 juin 2026 - Club des Cent Cols<\/title>\n<meta name=\"robots\" content=\"index, follow, max-snippet:-1, max-image-preview:large, max-video-preview:-1\" \/>\n<link rel=\"canonical\" href=\"https:\/\/centcols.org\/it\/la-ciclomontagnarda-dellalta-savoia-06-e-07-giugno-2026\/\" \/>\n<meta property=\"og:locale\" content=\"it_IT\" \/>\n<meta property=\"og:type\" content=\"article\" \/>\n<meta property=\"og:title\" content=\"La cyclomontagnarde de Haute-Savoie 06 et 07 juin 2026 - Club des Cent Cols\" \/>\n<meta property=\"og:description\" content=\"Dates Un parcours de 218 km et 4 3318 m de D+&nbsp;\u00e0 faire en 1 jour (07 juin) ou 2 jours (06 et 07 juin h\u00e9bergement \u00e0 Samo\u00ebns) pour d\u00e9couvrir les vall\u00e9es et montagnes alpines de la r\u00e9gion ann\u00e9cienne. Trois parcours d\u00e9couvertes :&#8211; cIin d&rsquo;oeil sur le lac de 35 km et 548 m de [&hellip;]\" \/>\n<meta property=\"og:url\" content=\"https:\/\/centcols.org\/it\/la-ciclomontagnarda-dellalta-savoia-06-e-07-giugno-2026\/\" \/>\n<meta property=\"og:site_name\" content=\"Club des Cent Cols\" \/>\n<meta property=\"article:publisher\" content=\"https:\/\/www.facebook.com\/groups\/5261880558\/?locale=fr_FR\" \/>\n<meta property=\"article:published_time\" content=\"2025-11-12T18:04:37+00:00\" \/>\n<meta property=\"article:modified_time\" content=\"2026-01-22T12:02:47+00:00\" \/>\n<meta property=\"og:image\" content=\"https:\/\/centcols.org\/wp-content\/uploads\/2025\/11\/FR-74-1613-Col-de-la-Colombiere-vue-du-col-4.jpg\" \/>\n\t<meta property=\"og:image:width\" content=\"1200\" \/>\n\t<meta property=\"og:image:height\" content=\"900\" \/>\n\t<meta property=\"og:image:type\" content=\"image\/jpeg\" \/>\n<meta name=\"author\" content=\"Christophe Badonnel\" \/>\n<meta name=\"twitter:card\" content=\"summary_large_image\" \/>\n<meta name=\"twitter:label1\" content=\"Scritto da\" \/>\n\t<meta name=\"twitter:data1\" content=\"Christophe Badonnel\" \/>\n\t<meta name=\"twitter:label2\" content=\"Tempo di lettura stimato\" \/>\n\t<meta name=\"twitter:data2\" content=\"4 minuti\" \/>\n<script type=\"application\/ld+json\" class=\"yoast-schema-graph\">{\"@context\":\"https:\/\/schema.org\",\"@graph\":[{\"@type\":\"Article\",\"@id\":\"https:\/\/centcols.org\/la-cyclomontagnarde-de-haute-savoie-06-et-07-juin-2026\/#article\",\"isPartOf\":{\"@id\":\"https:\/\/centcols.org\/la-cyclomontagnarde-de-haute-savoie-06-et-07-juin-2026\/\"},\"author\":{\"name\":\"Christophe Badonnel\",\"@id\":\"https:\/\/centcols.org\/#\/schema\/person\/5c1a9d61132fb33ccec149272abff6e1\"},\"headline\":\"La cyclomontagnarde de Haute-Savoie 06 et 07 juin 2026\",\"datePublished\":\"2025-11-12T18:04:37+00:00\",\"dateModified\":\"2026-01-22T12:02:47+00:00\",\"mainEntityOfPage\":{\"@id\":\"https:\/\/centcols.org\/la-cyclomontagnarde-de-haute-savoie-06-et-07-juin-2026\/\"},\"wordCount\":539,\"publisher\":{\"@id\":\"https:\/\/centcols.org\/#organization\"},\"image\":{\"@id\":\"https:\/\/centcols.org\/la-cyclomontagnarde-de-haute-savoie-06-et-07-juin-2026\/#primaryimage\"},\"thumbnailUrl\":\"https:\/\/centcols.org\/wp-content\/uploads\/2025\/11\/FR-74-1613-Col-de-la-Colombiere-vue-du-col-4.jpg\",\"articleSection\":[\"Calendrier\",\"Cyclomontagnardes\"],\"inLanguage\":\"it-IT\"},{\"@type\":\"WebPage\",\"@id\":\"https:\/\/centcols.org\/la-cyclomontagnarde-de-haute-savoie-06-et-07-juin-2026\/\",\"url\":\"https:\/\/centcols.org\/la-cyclomontagnarde-de-haute-savoie-06-et-07-juin-2026\/\",\"name\":\"La cyclomontagnarde de Haute-Savoie 06 et 07 juin 2026 - Club des Cent Cols\",\"isPartOf\":{\"@id\":\"https:\/\/centcols.org\/#website\"},\"primaryImageOfPage\":{\"@id\":\"https:\/\/centcols.org\/la-cyclomontagnarde-de-haute-savoie-06-et-07-juin-2026\/#primaryimage\"},\"image\":{\"@id\":\"https:\/\/centcols.org\/la-cyclomontagnarde-de-haute-savoie-06-et-07-juin-2026\/#primaryimage\"},\"thumbnailUrl\":\"https:\/\/centcols.org\/wp-content\/uploads\/2025\/11\/FR-74-1613-Col-de-la-Colombiere-vue-du-col-4.jpg\",\"datePublished\":\"2025-11-12T18:04:37+00:00\",\"dateModified\":\"2026-01-22T12:02:47+00:00\",\"breadcrumb\":{\"@id\":\"https:\/\/centcols.org\/la-cyclomontagnarde-de-haute-savoie-06-et-07-juin-2026\/#breadcrumb\"},\"inLanguage\":\"it-IT\",\"potentialAction\":[{\"@type\":\"ReadAction\",\"target\":[\"https:\/\/centcols.org\/la-cyclomontagnarde-de-haute-savoie-06-et-07-juin-2026\/\"]}]},{\"@type\":\"ImageObject\",\"inLanguage\":\"it-IT\",\"@id\":\"https:\/\/centcols.org\/la-cyclomontagnarde-de-haute-savoie-06-et-07-juin-2026\/#primaryimage\",\"url\":\"https:\/\/centcols.org\/wp-content\/uploads\/2025\/11\/FR-74-1613-Col-de-la-Colombiere-vue-du-col-4.jpg\",\"contentUrl\":\"https:\/\/centcols.org\/wp-content\/uploads\/2025\/11\/FR-74-1613-Col-de-la-Colombiere-vue-du-col-4.jpg\",\"width\":1200,\"height\":900,\"caption\":\"Vue sur le col de la Colombi\u00e8re\"},{\"@type\":\"BreadcrumbList\",\"@id\":\"https:\/\/centcols.org\/la-cyclomontagnarde-de-haute-savoie-06-et-07-juin-2026\/#breadcrumb\",\"itemListElement\":[{\"@type\":\"ListItem\",\"position\":1,\"name\":\"Accueil\",\"item\":\"https:\/\/centcols.org\/\"},{\"@type\":\"ListItem\",\"position\":2,\"name\":\"Cyclomontagnardes\",\"item\":\"https:\/\/centcols.org\/rubrique\/cyclomontagnardes\/\"},{\"@type\":\"ListItem\",\"position\":3,\"name\":\"La cyclomontagnarde de Haute-Savoie 06 et 07 juin 2026\"}]},{\"@type\":\"WebSite\",\"@id\":\"https:\/\/centcols.org\/#website\",\"url\":\"https:\/\/centcols.org\/\",\"name\":\"Club des Cent Cols\",\"description\":\"\",\"publisher\":{\"@id\":\"https:\/\/centcols.org\/#organization\"},\"potentialAction\":[{\"@type\":\"SearchAction\",\"target\":{\"@type\":\"EntryPoint\",\"urlTemplate\":\"https:\/\/centcols.org\/?s={search_term_string}\"},\"query-input\":{\"@type\":\"PropertyValueSpecification\",\"valueRequired\":true,\"valueName\":\"search_term_string\"}}],\"inLanguage\":\"it-IT\"},{\"@type\":\"Organization\",\"@id\":\"https:\/\/centcols.org\/#organization\",\"name\":\"Club des Cent Cols\",\"url\":\"https:\/\/centcols.org\/\",\"logo\":{\"@type\":\"ImageObject\",\"inLanguage\":\"it-IT\",\"@id\":\"https:\/\/centcols.org\/#\/schema\/logo\/image\/\",\"url\":\"https:\/\/centcols.org\/wp-content\/uploads\/2025\/01\/carte-icone.png\",\"contentUrl\":\"https:\/\/centcols.org\/wp-content\/uploads\/2025\/01\/carte-icone.png\",\"width\":250,\"height\":250,\"caption\":\"Club des Cent Cols\"},\"image\":{\"@id\":\"https:\/\/centcols.org\/#\/schema\/logo\/image\/\"},\"sameAs\":[\"https:\/\/www.facebook.com\/groups\/5261880558\/?locale=fr_FR\"]},{\"@type\":\"Person\",\"@id\":\"https:\/\/centcols.org\/#\/schema\/person\/5c1a9d61132fb33ccec149272abff6e1\",\"name\":\"Christophe Badonnel\",\"image\":{\"@type\":\"ImageObject\",\"inLanguage\":\"it-IT\",\"@id\":\"https:\/\/centcols.org\/wp-content\/litespeed\/avatar\/9f363966b51271bd99ebbb6ebd632889.jpg?ver=1777238111\",\"url\":\"https:\/\/centcols.org\/wp-content\/litespeed\/avatar\/9f363966b51271bd99ebbb6ebd632889.jpg?ver=1777238111\",\"contentUrl\":\"https:\/\/centcols.org\/wp-content\/litespeed\/avatar\/9f363966b51271bd99ebbb6ebd632889.jpg?ver=1777238111\",\"caption\":\"Christophe Badonnel\"},\"url\":\"https:\/\/centcols.org\/it\/author\/5799\/\"}]}<\/script>\n<!-- \/ Yoast SEO plugin. -->","yoast_head_json":{"title":"La ciclomontagnarda dell'Alta Savoia 06 e 07 giugno 2026 - Club des Cent Cols","robots":{"index":"index","follow":"follow","max-snippet":"max-snippet:-1","max-image-preview":"max-image-preview:large","max-video-preview":"max-video-preview:-1"},"canonical":"https:\/\/centcols.org\/it\/la-ciclomontagnarda-dellalta-savoia-06-e-07-giugno-2026\/","og_locale":"it_IT","og_type":"article","og_title":"La cyclomontagnarde de Haute-Savoie 06 et 07 juin 2026 - Club des Cent Cols","og_description":"Dates Un parcours de 218 km et 4 3318 m de D+&nbsp;\u00e0 faire en 1 jour (07 juin) ou 2 jours (06 et 07 juin h\u00e9bergement \u00e0 Samo\u00ebns) pour d\u00e9couvrir les vall\u00e9es et montagnes alpines de la r\u00e9gion ann\u00e9cienne. Trois parcours d\u00e9couvertes :&#8211; cIin d&rsquo;oeil sur le lac de 35 km et 548 m de [&hellip;]","og_url":"https:\/\/centcols.org\/it\/la-ciclomontagnarda-dellalta-savoia-06-e-07-giugno-2026\/","og_site_name":"Club des Cent Cols","article_publisher":"https:\/\/www.facebook.com\/groups\/5261880558\/?locale=fr_FR","article_published_time":"2025-11-12T18:04:37+00:00","article_modified_time":"2026-01-22T12:02:47+00:00","og_image":[{"width":1200,"height":900,"url":"https:\/\/centcols.org\/wp-content\/uploads\/2025\/11\/FR-74-1613-Col-de-la-Colombiere-vue-du-col-4.jpg","type":"image\/jpeg"}],"author":"Christophe Badonnel","twitter_card":"summary_large_image","twitter_misc":{"Scritto da":"Christophe Badonnel","Tempo di lettura stimato":"4 minuti"},"schema":{"@context":"https:\/\/schema.org","@graph":[{"@type":"Article","@id":"https:\/\/centcols.org\/la-cyclomontagnarde-de-haute-savoie-06-et-07-juin-2026\/#article","isPartOf":{"@id":"https:\/\/centcols.org\/la-cyclomontagnarde-de-haute-savoie-06-et-07-juin-2026\/"},"author":{"name":"Christophe Badonnel","@id":"https:\/\/centcols.org\/#\/schema\/person\/5c1a9d61132fb33ccec149272abff6e1"},"headline":"La cyclomontagnarde de Haute-Savoie 06 et 07 juin 2026","datePublished":"2025-11-12T18:04:37+00:00","dateModified":"2026-01-22T12:02:47+00:00","mainEntityOfPage":{"@id":"https:\/\/centcols.org\/la-cyclomontagnarde-de-haute-savoie-06-et-07-juin-2026\/"},"wordCount":539,"publisher":{"@id":"https:\/\/centcols.org\/#organization"},"image":{"@id":"https:\/\/centcols.org\/la-cyclomontagnarde-de-haute-savoie-06-et-07-juin-2026\/#primaryimage"},"thumbnailUrl":"https:\/\/centcols.org\/wp-content\/uploads\/2025\/11\/FR-74-1613-Col-de-la-Colombiere-vue-du-col-4.jpg","articleSection":["Calendrier","Cyclomontagnardes"],"inLanguage":"it-IT"},{"@type":"WebPage","@id":"https:\/\/centcols.org\/la-cyclomontagnarde-de-haute-savoie-06-et-07-juin-2026\/","url":"https:\/\/centcols.org\/la-cyclomontagnarde-de-haute-savoie-06-et-07-juin-2026\/","name":"La ciclomontagnarda dell'Alta Savoia 06 e 07 giugno 2026 - Club des Cent Cols","isPartOf":{"@id":"https:\/\/centcols.org\/#website"},"primaryImageOfPage":{"@id":"https:\/\/centcols.org\/la-cyclomontagnarde-de-haute-savoie-06-et-07-juin-2026\/#primaryimage"},"image":{"@id":"https:\/\/centcols.org\/la-cyclomontagnarde-de-haute-savoie-06-et-07-juin-2026\/#primaryimage"},"thumbnailUrl":"https:\/\/centcols.org\/wp-content\/uploads\/2025\/11\/FR-74-1613-Col-de-la-Colombiere-vue-du-col-4.jpg","datePublished":"2025-11-12T18:04:37+00:00","dateModified":"2026-01-22T12:02:47+00:00","breadcrumb":{"@id":"https:\/\/centcols.org\/la-cyclomontagnarde-de-haute-savoie-06-et-07-juin-2026\/#breadcrumb"},"inLanguage":"it-IT","potentialAction":[{"@type":"ReadAction","target":["https:\/\/centcols.org\/la-cyclomontagnarde-de-haute-savoie-06-et-07-juin-2026\/"]}]},{"@type":"ImageObject","inLanguage":"it-IT","@id":"https:\/\/centcols.org\/la-cyclomontagnarde-de-haute-savoie-06-et-07-juin-2026\/#primaryimage","url":"https:\/\/centcols.org\/wp-content\/uploads\/2025\/11\/FR-74-1613-Col-de-la-Colombiere-vue-du-col-4.jpg","contentUrl":"https:\/\/centcols.org\/wp-content\/uploads\/2025\/11\/FR-74-1613-Col-de-la-Colombiere-vue-du-col-4.jpg","width":1200,"height":900,"caption":"Vue sur le col de la Colombi\u00e8re"},{"@type":"BreadcrumbList","@id":"https:\/\/centcols.org\/la-cyclomontagnarde-de-haute-savoie-06-et-07-juin-2026\/#breadcrumb","itemListElement":[{"@type":"ListItem","position":1,"name":"Accueil","item":"https:\/\/centcols.org\/"},{"@type":"ListItem","position":2,"name":"Cyclomontagnardes","item":"https:\/\/centcols.org\/rubrique\/cyclomontagnardes\/"},{"@type":"ListItem","position":3,"name":"La cyclomontagnarde de Haute-Savoie 06 et 07 juin 2026"}]},{"@type":"WebSite","@id":"https:\/\/centcols.org\/#website","url":"https:\/\/centcols.org\/","name":"Club des Cent Cols","description":"","publisher":{"@id":"https:\/\/centcols.org\/#organization"},"potentialAction":[{"@type":"SearchAction","target":{"@type":"EntryPoint","urlTemplate":"https:\/\/centcols.org\/?s={search_term_string}"},"query-input":{"@type":"PropertyValueSpecification","valueRequired":true,"valueName":"search_term_string"}}],"inLanguage":"it-IT"},{"@type":"Organization","@id":"https:\/\/centcols.org\/#organization","name":"Club des Cent Cols","url":"https:\/\/centcols.org\/","logo":{"@type":"ImageObject","inLanguage":"it-IT","@id":"https:\/\/centcols.org\/#\/schema\/logo\/image\/","url":"https:\/\/centcols.org\/wp-content\/uploads\/2025\/01\/carte-icone.png","contentUrl":"https:\/\/centcols.org\/wp-content\/uploads\/2025\/01\/carte-icone.png","width":250,"height":250,"caption":"Club des Cent Cols"},"image":{"@id":"https:\/\/centcols.org\/#\/schema\/logo\/image\/"},"sameAs":["https:\/\/www.facebook.com\/groups\/5261880558\/?locale=fr_FR"]},{"@type":"Person","@id":"https:\/\/centcols.org\/#\/schema\/person\/5c1a9d61132fb33ccec149272abff6e1","name":"Christophe Badonnel","image":{"@type":"ImageObject","inLanguage":"it-IT","@id":"https:\/\/centcols.org\/wp-content\/litespeed\/avatar\/9f363966b51271bd99ebbb6ebd632889.jpg?ver=1777238111","url":"https:\/\/centcols.org\/wp-content\/litespeed\/avatar\/9f363966b51271bd99ebbb6ebd632889.jpg?ver=1777238111","contentUrl":"https:\/\/centcols.org\/wp-content\/litespeed\/avatar\/9f363966b51271bd99ebbb6ebd632889.jpg?ver=1777238111","caption":"Christophe Badonnel"},"url":"https:\/\/centcols.org\/it\/author\/5799\/"}]}},"_links":{"self":[{"href":"https:\/\/centcols.org\/it\/wp-json\/wp\/v2\/posts\/91930","targetHints":{"allow":["GET"]}}],"collection":[{"href":"https:\/\/centcols.org\/it\/wp-json\/wp\/v2\/posts"}],"about":[{"href":"https:\/\/centcols.org\/it\/wp-json\/wp\/v2\/types\/post"}],"author":[{"embeddable":true,"href":"https:\/\/centcols.org\/it\/wp-json\/wp\/v2\/users\/64"}],"replies":[{"embeddable":true,"href":"https:\/\/centcols.org\/it\/wp-json\/wp\/v2\/comments?post=91930"}],"version-history":[{"count":0,"href":"https:\/\/centcols.org\/it\/wp-json\/wp\/v2\/posts\/91930\/revisions"}],"wp:featuredmedia":[{"embeddable":true,"href":"https:\/\/centcols.org\/it\/wp-json\/wp\/v2\/media\/91945"}],"wp:attachment":[{"href":"https:\/\/centcols.org\/it\/wp-json\/wp\/v2\/media?parent=91930"}],"wp:term":[{"taxonomy":"category","embeddable":true,"href":"https:\/\/centcols.org\/it\/wp-json\/wp\/v2\/categories?post=91930"},{"taxonomy":"post_tag","embeddable":true,"href":"https:\/\/centcols.org\/it\/wp-json\/wp\/v2\/tags?post=91930"}],"curies":[{"name":"wp","href":"https:\/\/api.w.org\/{rel}","templated":true}]}}