{"id":92131,"date":"2025-11-17T19:38:27","date_gmt":"2025-11-17T17:38:27","guid":{"rendered":"https:\/\/centcols.org\/?p=92131"},"modified":"2025-11-18T20:13:49","modified_gmt":"2025-11-18T18:13:49","slug":"uccisione-di-dunioni-europee","status":"publish","type":"post","link":"https:\/\/centcols.org\/it\/les-traits-dunions-europeens-tue\/","title":{"rendered":"Il trattato sull'Unione europea (trattato UE)"},"content":{"rendered":"<div class=\"wp-block-columns is-layout-flex wp-container-core-columns-is-layout-9d6595d7 wp-block-columns-is-layout-flex\">\n<div class=\"wp-block-column is-layout-flow wp-block-column-is-layout-flow\" style=\"flex-basis:40%\">\n<p class=\"has-medium-font-size\">Gli itinerari ciclabili europei, organizzati congiuntamente dall'ASPTT St-Quentin e dall'Unione Europea della Bicicletta (UECT), prevedono di collegare Parigi alle capitali dell'Unione Europea in un senso o nell'altro, e pi\u00f9 in generale alle capitali europee, o addirittura di collegare le capitali tra loro.<\/p>\n\n\n\n<p class=\"has-medium-font-size\">Il primo collegamento \u00e8 stato quello tra Parigi e Lussemburgo nel 1983.<\/p>\n\n\n\n<p class=\"has-medium-font-size\">I punti di controllo sono distanziati e le strade sono il pi\u00f9 possibile tranquille e turistiche, evitando le grandi citt\u00e0 e tutte riconosciute come adatte al ciclismo.<\/p>\n\n\n\n<p class=\"has-medium-font-size\">I fanatici del ciclismo, gli amanti della vita all'aria aperta, coloro che vogliono sfuggire alle costrizioni di una vita inquinata, che vogliono visitare l'Europa in modo sportivo ma senza cronometro, per visitare, ammirare, conoscere nuove persone, scambiare idee con la gente del posto e condividere i valori dell'amicizia e della solidariet\u00e0 hanno costituito il flusso di 3893 TUE approvati dalla sua creazione.<\/p>\n\n\n<div class=\"wp-block-image\">\n<figure class=\"aligncenter size-full\"><img loading=\"lazy\" decoding=\"async\" width=\"501\" height=\"355\" src=\"https:\/\/centcols.org\/wp-content\/uploads\/2025\/11\/TUE.jpg\" alt=\"\" class=\"wp-image-92134\" srcset=\"https:\/\/centcols.org\/wp-content\/uploads\/2025\/11\/TUE.jpg 501w, https:\/\/centcols.org\/wp-content\/uploads\/2025\/11\/TUE-18x12.jpg 18w\" sizes=\"auto, (max-width: 501px) 100vw, 501px\" \/><\/figure>\n<\/div>\n\n\n<h2 class=\"wp-block-heading\">Per saperne di pi\u00f9 :<\/h2>\n\n\n\n<p><a href=\"https:\/\/uect.org\/fr\/traits-unions\/presentation\">Le caratteristiche dell'Unione Europea dell'UECT<\/a><\/p>\n<\/div>\n\n\n\n<div class=\"wp-block-column is-layout-flow wp-block-column-is-layout-flow\" style=\"flex-basis:60%\">\n<div class=\"wp-block-columns is-layout-flex wp-container-core-columns-is-layout-9d6595d7 wp-block-columns-is-layout-flex\">\n<div class=\"wp-block-column is-layout-flow wp-block-column-is-layout-flow\" style=\"flex-basis:100%\">\n<figure class=\"wp-block-table\"><table class=\"has-fixed-layout\"><tbody><tr><td><strong>Da Parigi a&nbsp;<\/strong><\/td><td>&nbsp;<strong>km&nbsp;&nbsp;<\/strong><\/td><td>&nbsp;<strong>D+&nbsp;<\/strong><\/td><td><strong>Passi<\/strong><\/td><\/tr><tr><td>AMSTERDAM<\/td><td>&nbsp;&nbsp;&nbsp;&nbsp;&nbsp;&nbsp;&nbsp;&nbsp; 610&nbsp;&nbsp;<\/td><td>&nbsp;&nbsp;&nbsp;&nbsp;&nbsp;&nbsp;&nbsp;&nbsp;&nbsp;&nbsp;&nbsp; 3 100&nbsp;&nbsp;<\/td><td>1<\/td><\/tr><tr><td>ANDORRA<\/td><td>&nbsp;&nbsp;&nbsp;&nbsp;&nbsp;&nbsp;&nbsp;&nbsp; 996&nbsp;&nbsp;<\/td><td>&nbsp;&nbsp;&nbsp;&nbsp;&nbsp;&nbsp;&nbsp;&nbsp;&nbsp; 10 900&nbsp;&nbsp;<\/td><td>7<\/td><\/tr><tr><td>ATENE<\/td><td>&nbsp;&nbsp;&nbsp;&nbsp;&nbsp; 3 682&nbsp;&nbsp;<\/td><td>&nbsp;&nbsp;&nbsp;&nbsp;&nbsp;&nbsp;&nbsp;&nbsp;&nbsp; 34 900&nbsp;&nbsp;<\/td><td>16<\/td><\/tr><tr><td>BELFORTE<\/td><td>&nbsp;&nbsp;&nbsp;&nbsp;&nbsp; 1 832&nbsp;&nbsp;<\/td><td>&nbsp;&nbsp;&nbsp;&nbsp;&nbsp;&nbsp;&nbsp;&nbsp;&nbsp; 19 300&nbsp;&nbsp;<\/td><td>1<\/td><\/tr><tr><td>BELGRADO<\/td><td>&nbsp;&nbsp;&nbsp;&nbsp;&nbsp; 2 182&nbsp;&nbsp;<\/td><td>&nbsp;&nbsp;&nbsp;&nbsp;&nbsp;&nbsp;&nbsp;&nbsp;&nbsp; 19 600&nbsp;&nbsp;<\/td><td>13<\/td><\/tr><tr><td>BERLINO<\/td><td>&nbsp;&nbsp;&nbsp;&nbsp;&nbsp; 1 166&nbsp;&nbsp;<\/td><td>&nbsp;&nbsp;&nbsp;&nbsp;&nbsp;&nbsp;&nbsp;&nbsp;&nbsp; 11 400&nbsp;&nbsp;<\/td><td>1<\/td><\/tr><tr><td>BERNA<\/td><td>&nbsp;&nbsp;&nbsp;&nbsp;&nbsp;&nbsp;&nbsp;&nbsp; 626&nbsp;&nbsp;<\/td><td>&nbsp;&nbsp;&nbsp;&nbsp;&nbsp;&nbsp;&nbsp;&nbsp;&nbsp;&nbsp;&nbsp; 6 300&nbsp;&nbsp;<\/td><td>5<\/td><\/tr><tr><td>BONN<\/td><td>&nbsp;&nbsp;&nbsp;&nbsp;&nbsp;&nbsp;&nbsp;&nbsp; 521&nbsp;&nbsp;<\/td><td>&nbsp;&nbsp;&nbsp;&nbsp;&nbsp;&nbsp;&nbsp;&nbsp;&nbsp;&nbsp;&nbsp; 5 900&nbsp;&nbsp;<\/td><td>1<\/td><\/tr><tr><td>BRATISLAVA<\/td><td>&nbsp;&nbsp;&nbsp;&nbsp;&nbsp; 1 599&nbsp;&nbsp;<\/td><td>&nbsp;&nbsp;&nbsp;&nbsp;&nbsp;&nbsp;&nbsp;&nbsp;&nbsp; 16 800&nbsp;&nbsp;<\/td><td>12<\/td><\/tr><tr><td>BRUXELLES<\/td><td>&nbsp;&nbsp;&nbsp;&nbsp;&nbsp;&nbsp;&nbsp;&nbsp; 352&nbsp;&nbsp;<\/td><td>&nbsp;&nbsp;&nbsp;&nbsp;&nbsp;&nbsp;&nbsp;&nbsp;&nbsp;&nbsp;&nbsp; 2 900&nbsp;&nbsp;<\/td><td>1<\/td><\/tr><tr><td>BUCHAREST<\/td><td>&nbsp;&nbsp;&nbsp;&nbsp;&nbsp; 3 179&nbsp;&nbsp;<\/td><td>&nbsp;&nbsp;&nbsp;&nbsp;&nbsp;&nbsp;&nbsp;&nbsp;&nbsp; 28 600&nbsp;&nbsp;<\/td><td>17<\/td><\/tr><tr><td>BUDAPEST<\/td><td>&nbsp;&nbsp;&nbsp;&nbsp;&nbsp; 1 776&nbsp;&nbsp;<\/td><td>&nbsp;&nbsp;&nbsp;&nbsp;&nbsp;&nbsp;&nbsp;&nbsp;&nbsp; 18 500&nbsp;&nbsp;<\/td><td>10<\/td><\/tr><tr><td>COPENHAGEN<\/td><td>&nbsp;&nbsp;&nbsp;&nbsp;&nbsp; 1 453&nbsp;&nbsp;<\/td><td>&nbsp;&nbsp;&nbsp;&nbsp;&nbsp;&nbsp;&nbsp;&nbsp;&nbsp; 12 200&nbsp;&nbsp;<\/td><td>3<\/td><\/tr><tr><td>DUBLINO<\/td><td>&nbsp;&nbsp;&nbsp;&nbsp;&nbsp; 1 904&nbsp;&nbsp;<\/td><td>&nbsp;&nbsp;&nbsp;&nbsp;&nbsp;&nbsp;&nbsp;&nbsp;&nbsp; 15 400&nbsp;&nbsp;<\/td><td>9<\/td><\/tr><tr><td>EDIMBURGO<\/td><td>&nbsp;&nbsp;&nbsp;&nbsp;&nbsp; 1 076&nbsp;&nbsp;<\/td><td>&nbsp;&nbsp;&nbsp;&nbsp;&nbsp;&nbsp;&nbsp;&nbsp;&nbsp;&nbsp;&nbsp; 9 800&nbsp;&nbsp;<\/td><td>3<\/td><\/tr><tr><td>LISBONA<\/td><td>&nbsp;&nbsp;&nbsp;&nbsp;&nbsp; 2 580&nbsp;&nbsp;<\/td><td>&nbsp;&nbsp;&nbsp;&nbsp;&nbsp;&nbsp;&nbsp;&nbsp;&nbsp; 28 100&nbsp;&nbsp;<\/td><td>13<\/td><\/tr><tr><td>LJUBLJANA<\/td><td>&nbsp;&nbsp;&nbsp;&nbsp;&nbsp; 1 612&nbsp;&nbsp;<\/td><td>&nbsp;&nbsp;&nbsp;&nbsp;&nbsp;&nbsp;&nbsp;&nbsp;&nbsp; 12 800&nbsp;&nbsp;<\/td><td>5<\/td><\/tr><tr><td>MADRID<\/td><td>&nbsp;&nbsp;&nbsp;&nbsp;&nbsp; 1 593&nbsp;&nbsp;<\/td><td>&nbsp;&nbsp;&nbsp;&nbsp;&nbsp;&nbsp;&nbsp;&nbsp;&nbsp; 15 900&nbsp;&nbsp;<\/td><td>8<\/td><\/tr><tr><td>MINSK<\/td><td>&nbsp;&nbsp;&nbsp;&nbsp;&nbsp; 2 613&nbsp;&nbsp;<\/td><td>&nbsp;&nbsp;&nbsp;&nbsp;&nbsp;&nbsp;&nbsp;&nbsp;&nbsp; 19 100&nbsp;&nbsp;<\/td><td>1<\/td><\/tr><tr><td>MONACO<\/td><td>&nbsp;&nbsp;&nbsp;&nbsp;&nbsp; 1 081&nbsp;&nbsp;<\/td><td>&nbsp;&nbsp;&nbsp;&nbsp;&nbsp;&nbsp;&nbsp;&nbsp;&nbsp; 15 800&nbsp;&nbsp;<\/td><td>20<\/td><\/tr><tr><td>MOSCA<\/td><td>&nbsp;&nbsp;&nbsp;&nbsp;&nbsp; 3 668&nbsp;&nbsp;<\/td><td>&nbsp;&nbsp;&nbsp;&nbsp;&nbsp;&nbsp;&nbsp;&nbsp;&nbsp; 26 100&nbsp;&nbsp;<\/td><td>1<\/td><\/tr><tr><td>OSLO<\/td><td>&nbsp;&nbsp;&nbsp;&nbsp;&nbsp; 2 540&nbsp;&nbsp;<\/td><td>&nbsp;&nbsp;&nbsp;&nbsp;&nbsp;&nbsp;&nbsp;&nbsp;&nbsp; 23 200&nbsp;&nbsp;<\/td><td>3<\/td><\/tr><tr><td>PODGORICA<\/td><td>&nbsp;&nbsp;&nbsp;&nbsp;&nbsp; 2 627&nbsp;&nbsp;<\/td><td>&nbsp;&nbsp;&nbsp;&nbsp;&nbsp;&nbsp;&nbsp;&nbsp;&nbsp; 23 800&nbsp;&nbsp;<\/td><td>5<\/td><\/tr><tr><td>PRAGA<\/td><td>&nbsp;&nbsp;&nbsp;&nbsp;&nbsp; 1 227&nbsp;&nbsp;<\/td><td>&nbsp;&nbsp;&nbsp;&nbsp;&nbsp;&nbsp;&nbsp;&nbsp;&nbsp; 11 900&nbsp;&nbsp;<\/td><td>4<\/td><\/tr><tr><td>PRISTINA<\/td><td>&nbsp;&nbsp;&nbsp;&nbsp;&nbsp; 2 927&nbsp;&nbsp;<\/td><td>&nbsp;&nbsp;&nbsp;&nbsp;&nbsp;&nbsp;&nbsp;&nbsp;&nbsp; 28 600&nbsp;&nbsp;<\/td><td>8<\/td><\/tr><tr><td>RIGA<\/td><td>&nbsp;&nbsp;&nbsp;&nbsp;&nbsp; 2 714&nbsp;&nbsp;<\/td><td>&nbsp;&nbsp;&nbsp;&nbsp;&nbsp;&nbsp;&nbsp;&nbsp;&nbsp; 18 800&nbsp;&nbsp;<\/td><td>1<\/td><\/tr><tr><td>ROMA<\/td><td>&nbsp;&nbsp;&nbsp;&nbsp;&nbsp; 1 897&nbsp;&nbsp;<\/td><td>&nbsp;&nbsp;&nbsp;&nbsp;&nbsp;&nbsp;&nbsp;&nbsp;&nbsp; 17 900&nbsp;&nbsp;<\/td><td>12<\/td><\/tr><tr><td>SAN MARINO<\/td><td>&nbsp;&nbsp;&nbsp;&nbsp;&nbsp; 1 433&nbsp;&nbsp;<\/td><td>&nbsp;&nbsp;&nbsp;&nbsp;&nbsp;&nbsp;&nbsp;&nbsp;&nbsp; 11 600&nbsp;&nbsp;<\/td><td>5<\/td><\/tr><tr><td>SARAJEVO<\/td><td>&nbsp;&nbsp;&nbsp;&nbsp;&nbsp; 2 519&nbsp;&nbsp;<\/td><td>&nbsp;&nbsp;&nbsp;&nbsp;&nbsp;&nbsp;&nbsp;&nbsp;&nbsp; 22 300&nbsp;&nbsp;<\/td><td>6<\/td><\/tr><tr><td>SKOPJE<\/td><td>&nbsp;&nbsp;&nbsp;&nbsp;&nbsp; 2 657&nbsp;&nbsp;<\/td><td>&nbsp;&nbsp;&nbsp;&nbsp;&nbsp;&nbsp;&nbsp;&nbsp;&nbsp; 23 900&nbsp;&nbsp;<\/td><td>14<\/td><\/tr><tr><td>SOFIA<\/td><td>&nbsp;&nbsp;&nbsp;&nbsp;&nbsp; 2 657&nbsp;&nbsp;<\/td><td>&nbsp;&nbsp;&nbsp;&nbsp;&nbsp;&nbsp;&nbsp;&nbsp;&nbsp; 23 900&nbsp;&nbsp;<\/td><td>14<\/td><\/tr><tr><td>STOCCOLMA<\/td><td>&nbsp;&nbsp;&nbsp;&nbsp;&nbsp; 2 151&nbsp;&nbsp;<\/td><td>&nbsp;&nbsp;&nbsp;&nbsp;&nbsp;&nbsp;&nbsp;&nbsp;&nbsp; 16 100&nbsp;&nbsp;<\/td><td>3<\/td><\/tr><tr><td>TALLINN<\/td><td>&nbsp;&nbsp;&nbsp;&nbsp;&nbsp; 3 162&nbsp;&nbsp;<\/td><td>&nbsp;&nbsp;&nbsp;&nbsp;&nbsp;&nbsp;&nbsp;&nbsp;&nbsp; 20 300&nbsp;&nbsp;<\/td><td>1<\/td><\/tr><tr><td>TIRANA<\/td><td>&nbsp;&nbsp;&nbsp;&nbsp;&nbsp; 2 837&nbsp;&nbsp;<\/td><td>&nbsp;&nbsp;&nbsp;&nbsp;&nbsp;&nbsp;&nbsp;&nbsp;&nbsp; 25 700&nbsp;&nbsp;<\/td><td>5<\/td><\/tr><tr><td>VADUZ<\/td><td>&nbsp;&nbsp;&nbsp;&nbsp;&nbsp;&nbsp;&nbsp;&nbsp; 960&nbsp;&nbsp;<\/td><td>&nbsp;&nbsp;&nbsp;&nbsp;&nbsp;&nbsp;&nbsp;&nbsp;&nbsp; 13 400&nbsp;&nbsp;<\/td><td>11<\/td><\/tr><tr><td>VARSAVIA<\/td><td>&nbsp;&nbsp;&nbsp;&nbsp;&nbsp; 1 852&nbsp;&nbsp;<\/td><td>&nbsp;&nbsp;&nbsp;&nbsp;&nbsp;&nbsp;&nbsp;&nbsp;&nbsp; 13 900&nbsp;&nbsp;<\/td><td>1<\/td><\/tr><tr><td>VIENNA<\/td><td>&nbsp;&nbsp;&nbsp;&nbsp;&nbsp; 1 539&nbsp;&nbsp;<\/td><td>&nbsp;&nbsp;&nbsp;&nbsp;&nbsp;&nbsp;&nbsp;&nbsp;&nbsp; 16 600&nbsp;&nbsp;<\/td><td>12<\/td><\/tr><tr><td>VILNIUS<\/td><td>&nbsp;&nbsp;&nbsp;&nbsp;&nbsp; 2 377&nbsp;&nbsp;<\/td><td>&nbsp;&nbsp;&nbsp;&nbsp;&nbsp;&nbsp;&nbsp;&nbsp;&nbsp; 17 600&nbsp;&nbsp;<\/td><td>1<\/td><\/tr><\/tbody><\/table><\/figure>\n<\/div>\n<\/div>\n<\/div>\n<\/div>","protected":false},"excerpt":{"rendered":"<p>Les traits d&rsquo;unions europ\u00e9ens, organis\u00e9s conjointemment par l&rsquo;ASPTT St-Quentin et l&rsquo;Union Europ\u00e9enne de cyclcotourisme (UECT) consistent \u00e0 relier, dans un sens ou dans l&rsquo;autre, Paris aux capitales de l&rsquo;Union Europ\u00e9enne, plus largement aux capitales de l&rsquo;Europe, voire de relier les capitales ente elles. La premi\u00e8re liaison fut Paris &#8211; Luxembourg en 1983. Les points de [&hellip;]<\/p>\n","protected":false},"author":5112,"featured_media":92134,"comment_status":"closed","ping_status":"closed","sticky":false,"template":"","format":"standard","meta":{"_acf_changed":false,"footnotes":""},"categories":[422],"tags":[],"class_list":["post-92131","post","type-post","status-publish","format-standard","has-post-thumbnail","hentry","category-partenaires"],"acf":[],"yoast_head":"<!-- This site is optimized with the Yoast SEO plugin v27.2 - https:\/\/yoast.com\/product\/yoast-seo-wordpress\/ -->\n<title>Les traits d&#039;unions europ\u00e9ens (TUE) - Club des Cent Cols<\/title>\n<meta name=\"robots\" content=\"index, follow, max-snippet:-1, max-image-preview:large, max-video-preview:-1\" \/>\n<link rel=\"canonical\" href=\"https:\/\/centcols.org\/it\/uccisione-di-dunioni-europee\/\" \/>\n<meta property=\"og:locale\" content=\"it_IT\" \/>\n<meta property=\"og:type\" content=\"article\" \/>\n<meta property=\"og:title\" content=\"Les traits d&#039;unions europ\u00e9ens (TUE) - Club des Cent Cols\" \/>\n<meta property=\"og:description\" content=\"Les traits d&rsquo;unions europ\u00e9ens, organis\u00e9s conjointemment par l&rsquo;ASPTT St-Quentin et l&rsquo;Union Europ\u00e9enne de cyclcotourisme (UECT) consistent \u00e0 relier, dans un sens ou dans l&rsquo;autre, Paris aux capitales de l&rsquo;Union Europ\u00e9enne, plus largement aux capitales de l&rsquo;Europe, voire de relier les capitales ente elles. La premi\u00e8re liaison fut Paris &#8211; Luxembourg en 1983. Les points de [&hellip;]\" \/>\n<meta property=\"og:url\" content=\"https:\/\/centcols.org\/it\/uccisione-di-dunioni-europee\/\" \/>\n<meta property=\"og:site_name\" content=\"Club des Cent Cols\" \/>\n<meta property=\"article:publisher\" content=\"https:\/\/www.facebook.com\/groups\/5261880558\/?locale=fr_FR\" \/>\n<meta property=\"article:published_time\" content=\"2025-11-17T17:38:27+00:00\" \/>\n<meta property=\"article:modified_time\" content=\"2025-11-18T18:13:49+00:00\" \/>\n<meta property=\"og:image\" content=\"https:\/\/centcols.org\/wp-content\/uploads\/2025\/11\/TUE.jpg\" \/>\n\t<meta property=\"og:image:width\" content=\"501\" \/>\n\t<meta property=\"og:image:height\" content=\"355\" \/>\n\t<meta property=\"og:image:type\" content=\"image\/jpeg\" \/>\n<meta name=\"author\" content=\"R\u00e9gis Paraz\" \/>\n<meta name=\"twitter:card\" content=\"summary_large_image\" \/>\n<meta name=\"twitter:label1\" content=\"Scritto da\" \/>\n\t<meta name=\"twitter:data1\" content=\"R\u00e9gis Paraz\" \/>\n\t<meta name=\"twitter:label2\" content=\"Tempo di lettura stimato\" \/>\n\t<meta name=\"twitter:data2\" content=\"3 minuti\" \/>\n<script type=\"application\/ld+json\" class=\"yoast-schema-graph\">{\"@context\":\"https:\/\/schema.org\",\"@graph\":[{\"@type\":\"Article\",\"@id\":\"https:\/\/centcols.org\/it\/uccisione-di-dunioni-europee\/#article\",\"isPartOf\":{\"@id\":\"https:\/\/centcols.org\/it\/uccisione-di-dunioni-europee\/\"},\"author\":{\"name\":\"R\u00e9gis Paraz\",\"@id\":\"https:\/\/centcols.org\/#\/schema\/person\/6733615a03fdc98c0aef104567c81e13\"},\"headline\":\"Les traits d&rsquo;unions europ\u00e9ens (TUE)\",\"datePublished\":\"2025-11-17T17:38:27+00:00\",\"dateModified\":\"2025-11-18T18:13:49+00:00\",\"mainEntityOfPage\":{\"@id\":\"https:\/\/centcols.org\/it\/uccisione-di-dunioni-europee\/\"},\"wordCount\":933,\"publisher\":{\"@id\":\"https:\/\/centcols.org\/#organization\"},\"image\":{\"@id\":\"https:\/\/centcols.org\/it\/uccisione-di-dunioni-europee\/#primaryimage\"},\"thumbnailUrl\":\"https:\/\/centcols.org\/wp-content\/uploads\/2025\/11\/TUE.jpg\",\"articleSection\":[\"Partenaires\"],\"inLanguage\":\"it-IT\"},{\"@type\":\"WebPage\",\"@id\":\"https:\/\/centcols.org\/it\/uccisione-di-dunioni-europee\/\",\"url\":\"https:\/\/centcols.org\/it\/uccisione-di-dunioni-europee\/\",\"name\":\"Les traits d'unions europ\u00e9ens (TUE) - Club des Cent Cols\",\"isPartOf\":{\"@id\":\"https:\/\/centcols.org\/#website\"},\"primaryImageOfPage\":{\"@id\":\"https:\/\/centcols.org\/it\/uccisione-di-dunioni-europee\/#primaryimage\"},\"image\":{\"@id\":\"https:\/\/centcols.org\/it\/uccisione-di-dunioni-europee\/#primaryimage\"},\"thumbnailUrl\":\"https:\/\/centcols.org\/wp-content\/uploads\/2025\/11\/TUE.jpg\",\"datePublished\":\"2025-11-17T17:38:27+00:00\",\"dateModified\":\"2025-11-18T18:13:49+00:00\",\"breadcrumb\":{\"@id\":\"https:\/\/centcols.org\/it\/uccisione-di-dunioni-europee\/#breadcrumb\"},\"inLanguage\":\"it-IT\",\"potentialAction\":[{\"@type\":\"ReadAction\",\"target\":[\"https:\/\/centcols.org\/it\/uccisione-di-dunioni-europee\/\"]}]},{\"@type\":\"ImageObject\",\"inLanguage\":\"it-IT\",\"@id\":\"https:\/\/centcols.org\/it\/uccisione-di-dunioni-europee\/#primaryimage\",\"url\":\"https:\/\/centcols.org\/wp-content\/uploads\/2025\/11\/TUE.jpg\",\"contentUrl\":\"https:\/\/centcols.org\/wp-content\/uploads\/2025\/11\/TUE.jpg\",\"width\":501,\"height\":355},{\"@type\":\"BreadcrumbList\",\"@id\":\"https:\/\/centcols.org\/it\/uccisione-di-dunioni-europee\/#breadcrumb\",\"itemListElement\":[{\"@type\":\"ListItem\",\"position\":1,\"name\":\"Accueil\",\"item\":\"https:\/\/centcols.org\/\"},{\"@type\":\"ListItem\",\"position\":2,\"name\":\"Partenaires\",\"item\":\"https:\/\/centcols.org\/rubrique\/partenaires\/\"},{\"@type\":\"ListItem\",\"position\":3,\"name\":\"Les traits d&rsquo;unions europ\u00e9ens (TUE)\"}]},{\"@type\":\"WebSite\",\"@id\":\"https:\/\/centcols.org\/#website\",\"url\":\"https:\/\/centcols.org\/\",\"name\":\"Club des Cent Cols\",\"description\":\"\",\"publisher\":{\"@id\":\"https:\/\/centcols.org\/#organization\"},\"potentialAction\":[{\"@type\":\"SearchAction\",\"target\":{\"@type\":\"EntryPoint\",\"urlTemplate\":\"https:\/\/centcols.org\/?s={search_term_string}\"},\"query-input\":{\"@type\":\"PropertyValueSpecification\",\"valueRequired\":true,\"valueName\":\"search_term_string\"}}],\"inLanguage\":\"it-IT\"},{\"@type\":\"Organization\",\"@id\":\"https:\/\/centcols.org\/#organization\",\"name\":\"Club des Cent Cols\",\"url\":\"https:\/\/centcols.org\/\",\"logo\":{\"@type\":\"ImageObject\",\"inLanguage\":\"it-IT\",\"@id\":\"https:\/\/centcols.org\/#\/schema\/logo\/image\/\",\"url\":\"https:\/\/centcols.org\/wp-content\/uploads\/2025\/01\/carte-icone.png\",\"contentUrl\":\"https:\/\/centcols.org\/wp-content\/uploads\/2025\/01\/carte-icone.png\",\"width\":250,\"height\":250,\"caption\":\"Club des Cent Cols\"},\"image\":{\"@id\":\"https:\/\/centcols.org\/#\/schema\/logo\/image\/\"},\"sameAs\":[\"https:\/\/www.facebook.com\/groups\/5261880558\/?locale=fr_FR\"]},{\"@type\":\"Person\",\"@id\":\"https:\/\/centcols.org\/#\/schema\/person\/6733615a03fdc98c0aef104567c81e13\",\"name\":\"R\u00e9gis Paraz\",\"image\":{\"@type\":\"ImageObject\",\"inLanguage\":\"it-IT\",\"@id\":\"https:\/\/centcols.org\/wp-content\/litespeed\/avatar\/e5679bd124a28f7319d109cd5c2c0dd7.jpg?ver=1777239746\",\"url\":\"https:\/\/centcols.org\/wp-content\/litespeed\/avatar\/e5679bd124a28f7319d109cd5c2c0dd7.jpg?ver=1777239746\",\"contentUrl\":\"https:\/\/centcols.org\/wp-content\/litespeed\/avatar\/e5679bd124a28f7319d109cd5c2c0dd7.jpg?ver=1777239746\",\"caption\":\"R\u00e9gis Paraz\"},\"url\":\"https:\/\/centcols.org\/it\/author\/3225\/\"}]}<\/script>\n<!-- \/ Yoast SEO plugin. -->","yoast_head_json":{"title":"Trattini europei - Club des Cent Cols","robots":{"index":"index","follow":"follow","max-snippet":"max-snippet:-1","max-image-preview":"max-image-preview:large","max-video-preview":"max-video-preview:-1"},"canonical":"https:\/\/centcols.org\/it\/uccisione-di-dunioni-europee\/","og_locale":"it_IT","og_type":"article","og_title":"Les traits d'unions europ\u00e9ens (TUE) - Club des Cent Cols","og_description":"Les traits d&rsquo;unions europ\u00e9ens, organis\u00e9s conjointemment par l&rsquo;ASPTT St-Quentin et l&rsquo;Union Europ\u00e9enne de cyclcotourisme (UECT) consistent \u00e0 relier, dans un sens ou dans l&rsquo;autre, Paris aux capitales de l&rsquo;Union Europ\u00e9enne, plus largement aux capitales de l&rsquo;Europe, voire de relier les capitales ente elles. La premi\u00e8re liaison fut Paris &#8211; Luxembourg en 1983. Les points de [&hellip;]","og_url":"https:\/\/centcols.org\/it\/uccisione-di-dunioni-europee\/","og_site_name":"Club des Cent Cols","article_publisher":"https:\/\/www.facebook.com\/groups\/5261880558\/?locale=fr_FR","article_published_time":"2025-11-17T17:38:27+00:00","article_modified_time":"2025-11-18T18:13:49+00:00","og_image":[{"width":501,"height":355,"url":"https:\/\/centcols.org\/wp-content\/uploads\/2025\/11\/TUE.jpg","type":"image\/jpeg"}],"author":"R\u00e9gis Paraz","twitter_card":"summary_large_image","twitter_misc":{"Scritto da":"R\u00e9gis Paraz","Tempo di lettura stimato":"3 minuti"},"schema":{"@context":"https:\/\/schema.org","@graph":[{"@type":"Article","@id":"https:\/\/centcols.org\/it\/uccisione-di-dunioni-europee\/#article","isPartOf":{"@id":"https:\/\/centcols.org\/it\/uccisione-di-dunioni-europee\/"},"author":{"name":"R\u00e9gis Paraz","@id":"https:\/\/centcols.org\/#\/schema\/person\/6733615a03fdc98c0aef104567c81e13"},"headline":"Les traits d&rsquo;unions europ\u00e9ens (TUE)","datePublished":"2025-11-17T17:38:27+00:00","dateModified":"2025-11-18T18:13:49+00:00","mainEntityOfPage":{"@id":"https:\/\/centcols.org\/it\/uccisione-di-dunioni-europee\/"},"wordCount":933,"publisher":{"@id":"https:\/\/centcols.org\/#organization"},"image":{"@id":"https:\/\/centcols.org\/it\/uccisione-di-dunioni-europee\/#primaryimage"},"thumbnailUrl":"https:\/\/centcols.org\/wp-content\/uploads\/2025\/11\/TUE.jpg","articleSection":["Partenaires"],"inLanguage":"it-IT"},{"@type":"WebPage","@id":"https:\/\/centcols.org\/it\/uccisione-di-dunioni-europee\/","url":"https:\/\/centcols.org\/it\/uccisione-di-dunioni-europee\/","name":"Trattini europei - Club des Cent Cols","isPartOf":{"@id":"https:\/\/centcols.org\/#website"},"primaryImageOfPage":{"@id":"https:\/\/centcols.org\/it\/uccisione-di-dunioni-europee\/#primaryimage"},"image":{"@id":"https:\/\/centcols.org\/it\/uccisione-di-dunioni-europee\/#primaryimage"},"thumbnailUrl":"https:\/\/centcols.org\/wp-content\/uploads\/2025\/11\/TUE.jpg","datePublished":"2025-11-17T17:38:27+00:00","dateModified":"2025-11-18T18:13:49+00:00","breadcrumb":{"@id":"https:\/\/centcols.org\/it\/uccisione-di-dunioni-europee\/#breadcrumb"},"inLanguage":"it-IT","potentialAction":[{"@type":"ReadAction","target":["https:\/\/centcols.org\/it\/uccisione-di-dunioni-europee\/"]}]},{"@type":"ImageObject","inLanguage":"it-IT","@id":"https:\/\/centcols.org\/it\/uccisione-di-dunioni-europee\/#primaryimage","url":"https:\/\/centcols.org\/wp-content\/uploads\/2025\/11\/TUE.jpg","contentUrl":"https:\/\/centcols.org\/wp-content\/uploads\/2025\/11\/TUE.jpg","width":501,"height":355},{"@type":"BreadcrumbList","@id":"https:\/\/centcols.org\/it\/uccisione-di-dunioni-europee\/#breadcrumb","itemListElement":[{"@type":"ListItem","position":1,"name":"Accueil","item":"https:\/\/centcols.org\/"},{"@type":"ListItem","position":2,"name":"Partenaires","item":"https:\/\/centcols.org\/rubrique\/partenaires\/"},{"@type":"ListItem","position":3,"name":"Les traits d&rsquo;unions europ\u00e9ens (TUE)"}]},{"@type":"WebSite","@id":"https:\/\/centcols.org\/#website","url":"https:\/\/centcols.org\/","name":"Club des Cent Cols","description":"","publisher":{"@id":"https:\/\/centcols.org\/#organization"},"potentialAction":[{"@type":"SearchAction","target":{"@type":"EntryPoint","urlTemplate":"https:\/\/centcols.org\/?s={search_term_string}"},"query-input":{"@type":"PropertyValueSpecification","valueRequired":true,"valueName":"search_term_string"}}],"inLanguage":"it-IT"},{"@type":"Organization","@id":"https:\/\/centcols.org\/#organization","name":"Club des Cent Cols","url":"https:\/\/centcols.org\/","logo":{"@type":"ImageObject","inLanguage":"it-IT","@id":"https:\/\/centcols.org\/#\/schema\/logo\/image\/","url":"https:\/\/centcols.org\/wp-content\/uploads\/2025\/01\/carte-icone.png","contentUrl":"https:\/\/centcols.org\/wp-content\/uploads\/2025\/01\/carte-icone.png","width":250,"height":250,"caption":"Club des Cent Cols"},"image":{"@id":"https:\/\/centcols.org\/#\/schema\/logo\/image\/"},"sameAs":["https:\/\/www.facebook.com\/groups\/5261880558\/?locale=fr_FR"]},{"@type":"Person","@id":"https:\/\/centcols.org\/#\/schema\/person\/6733615a03fdc98c0aef104567c81e13","name":"R\u00e9gis Paraz","image":{"@type":"ImageObject","inLanguage":"it-IT","@id":"https:\/\/centcols.org\/wp-content\/litespeed\/avatar\/e5679bd124a28f7319d109cd5c2c0dd7.jpg?ver=1777239746","url":"https:\/\/centcols.org\/wp-content\/litespeed\/avatar\/e5679bd124a28f7319d109cd5c2c0dd7.jpg?ver=1777239746","contentUrl":"https:\/\/centcols.org\/wp-content\/litespeed\/avatar\/e5679bd124a28f7319d109cd5c2c0dd7.jpg?ver=1777239746","caption":"R\u00e9gis Paraz"},"url":"https:\/\/centcols.org\/it\/author\/3225\/"}]}},"_links":{"self":[{"href":"https:\/\/centcols.org\/it\/wp-json\/wp\/v2\/posts\/92131","targetHints":{"allow":["GET"]}}],"collection":[{"href":"https:\/\/centcols.org\/it\/wp-json\/wp\/v2\/posts"}],"about":[{"href":"https:\/\/centcols.org\/it\/wp-json\/wp\/v2\/types\/post"}],"author":[{"embeddable":true,"href":"https:\/\/centcols.org\/it\/wp-json\/wp\/v2\/users\/5112"}],"replies":[{"embeddable":true,"href":"https:\/\/centcols.org\/it\/wp-json\/wp\/v2\/comments?post=92131"}],"version-history":[{"count":0,"href":"https:\/\/centcols.org\/it\/wp-json\/wp\/v2\/posts\/92131\/revisions"}],"wp:featuredmedia":[{"embeddable":true,"href":"https:\/\/centcols.org\/it\/wp-json\/wp\/v2\/media\/92134"}],"wp:attachment":[{"href":"https:\/\/centcols.org\/it\/wp-json\/wp\/v2\/media?parent=92131"}],"wp:term":[{"taxonomy":"category","embeddable":true,"href":"https:\/\/centcols.org\/it\/wp-json\/wp\/v2\/categories?post=92131"},{"taxonomy":"post_tag","embeddable":true,"href":"https:\/\/centcols.org\/it\/wp-json\/wp\/v2\/tags?post=92131"}],"curies":[{"name":"wp","href":"https:\/\/api.w.org\/{rel}","templated":true}]}}