{"id":92136,"date":"2025-11-17T19:56:52","date_gmt":"2025-11-17T17:56:52","guid":{"rendered":"https:\/\/centcols.org\/?p=92136"},"modified":"2026-02-09T17:17:05","modified_gmt":"2026-02-09T15:17:05","slug":"felicita-su-due-ruote","status":"publish","type":"post","link":"https:\/\/centcols.org\/it\/le-bonheur-sur-deux-roues\/","title":{"rendered":"Felicit\u00e0 su due ruote, la storia dei cicloturisti di Annemasse Voirons-Sal\u00e8ve"},"content":{"rendered":"<div class=\"wp-block-image\">\n<figure class=\"aligncenter size-full\"><a href=\"https:\/\/centcols.org\/wp-content\/uploads\/2025\/11\/Journee-dintegration-du-6-juillet-2025.jpg\"><img loading=\"lazy\" decoding=\"async\" width=\"1500\" height=\"701\" src=\"https:\/\/centcols.org\/wp-content\/uploads\/2025\/11\/Journee-dintegration-du-6-juillet-2025.jpg\" alt=\"\" class=\"wp-image-92137\" srcset=\"https:\/\/centcols.org\/wp-content\/uploads\/2025\/11\/Journee-dintegration-du-6-juillet-2025.jpg 1500w, https:\/\/centcols.org\/wp-content\/uploads\/2025\/11\/Journee-dintegration-du-6-juillet-2025-1200x561.jpg 1200w, https:\/\/centcols.org\/wp-content\/uploads\/2025\/11\/Journee-dintegration-du-6-juillet-2025-768x359.jpg 768w, https:\/\/centcols.org\/wp-content\/uploads\/2025\/11\/Journee-dintegration-du-6-juillet-2025-18x8.jpg 18w\" sizes=\"auto, (max-width: 1500px) 100vw, 1500px\" \/><\/a><figcaption class=\"wp-element-caption\">Giornata di integrazione del 6 luglio 2025<\/figcaption><\/figure>\n<\/div>\n\n\n<p>Per celebrare i 50 anni del Club des Cyclos Annemassiens Voirons-Sal\u00e8ve, l'edizione 2025 del libro \u00abLe Bonheur sur deux roues\u00bb (La felicit\u00e0 su due ruote) ripercorre la storia di un club unico nel suo genere, attraverso i ricordi, i racconti e le testimonianze di coloro che lo hanno reso vivo per mezzo secolo. Cinquant'anni di passione, amicizia, strade condivise... cinquant'anni sulle ruote di cicloturisti felici.<br><br><a href=\"https:\/\/cyclosannemassiens.fr\/wp-content\/uploads\/2025\/11\/plaquette_Bonheur2Roues_20251116.pdf\">Scarica il libretto<\/a><br><br><\/p>","protected":false},"excerpt":{"rendered":"<p>Pour c\u00e9l\u00e9brer les 50 ans du Club des Cyclos Annemassiens Voirons-Sal\u00e8ve, cette \u00e9dition 2025 du livre \u00ab\u00a0Le Bonheur sur deux roues\u00a0\u00bb retrace l\u2019histoire d\u2019un club unique, \u00e0 travers les souvenirs, r\u00e9cits et t\u00e9moignages de celles et ceux qui l\u2019ont fait vivre depuis un demi-si\u00e8cle. Cinquante ann\u00e9es de passion, d\u2019amiti\u00e9, de routes partag\u00e9es\u2026 cinquante ans dans [&hellip;]<\/p>\n","protected":false},"author":64,"featured_media":92137,"comment_status":"open","ping_status":"closed","sticky":false,"template":"","format":"standard","meta":{"_acf_changed":false,"footnotes":""},"categories":[309,129],"tags":[],"class_list":["post-92136","post","type-post","status-publish","format-standard","has-post-thumbnail","hentry","category-lectures","category-gazette"],"acf":[],"yoast_head":"<!-- This site is optimized with the Yoast SEO plugin v27.2 - https:\/\/yoast.com\/product\/yoast-seo-wordpress\/ -->\n<title>Le bonheur sur deux roues, histoire des cyclotouristes Annemassiens Voirons-Sal\u00e8ve - Club des Cent Cols<\/title>\n<meta name=\"robots\" content=\"index, follow, max-snippet:-1, max-image-preview:large, max-video-preview:-1\" \/>\n<link rel=\"canonical\" href=\"https:\/\/centcols.org\/it\/felicita-su-due-ruote\/\" \/>\n<meta property=\"og:locale\" content=\"it_IT\" \/>\n<meta property=\"og:type\" content=\"article\" \/>\n<meta property=\"og:title\" content=\"Le bonheur sur deux roues, histoire des cyclotouristes Annemassiens Voirons-Sal\u00e8ve - Club des Cent Cols\" \/>\n<meta property=\"og:description\" content=\"Pour c\u00e9l\u00e9brer les 50 ans du Club des Cyclos Annemassiens Voirons-Sal\u00e8ve, cette \u00e9dition 2025 du livre \u00ab\u00a0Le Bonheur sur deux roues\u00a0\u00bb retrace l\u2019histoire d\u2019un club unique, \u00e0 travers les souvenirs, r\u00e9cits et t\u00e9moignages de celles et ceux qui l\u2019ont fait vivre depuis un demi-si\u00e8cle. Cinquante ann\u00e9es de passion, d\u2019amiti\u00e9, de routes partag\u00e9es\u2026 cinquante ans dans [&hellip;]\" \/>\n<meta property=\"og:url\" content=\"https:\/\/centcols.org\/it\/felicita-su-due-ruote\/\" \/>\n<meta property=\"og:site_name\" content=\"Club des Cent Cols\" \/>\n<meta property=\"article:publisher\" content=\"https:\/\/www.facebook.com\/groups\/5261880558\/?locale=fr_FR\" \/>\n<meta property=\"article:published_time\" content=\"2025-11-17T17:56:52+00:00\" \/>\n<meta property=\"article:modified_time\" content=\"2026-02-09T15:17:05+00:00\" \/>\n<meta property=\"og:image\" content=\"https:\/\/centcols.org\/wp-content\/uploads\/2025\/11\/Journee-dintegration-du-6-juillet-2025.jpg\" \/>\n\t<meta property=\"og:image:width\" content=\"1500\" \/>\n\t<meta property=\"og:image:height\" content=\"701\" \/>\n\t<meta property=\"og:image:type\" content=\"image\/jpeg\" \/>\n<meta name=\"author\" content=\"Christophe Badonnel\" \/>\n<meta name=\"twitter:card\" content=\"summary_large_image\" \/>\n<meta name=\"twitter:label1\" content=\"Scritto da\" \/>\n\t<meta name=\"twitter:data1\" content=\"Christophe Badonnel\" \/>\n\t<meta name=\"twitter:label2\" content=\"Tempo di lettura stimato\" \/>\n\t<meta name=\"twitter:data2\" content=\"1 minuto\" \/>\n<script type=\"application\/ld+json\" class=\"yoast-schema-graph\">{\"@context\":\"https:\/\/schema.org\",\"@graph\":[{\"@type\":\"Article\",\"@id\":\"https:\/\/centcols.org\/le-bonheur-sur-deux-roues\/#article\",\"isPartOf\":{\"@id\":\"https:\/\/centcols.org\/le-bonheur-sur-deux-roues\/\"},\"author\":{\"name\":\"Christophe Badonnel\",\"@id\":\"https:\/\/centcols.org\/#\/schema\/person\/5c1a9d61132fb33ccec149272abff6e1\"},\"headline\":\"Le bonheur sur deux roues, histoire des cyclotouristes Annemassiens Voirons-Sal\u00e8ve\",\"datePublished\":\"2025-11-17T17:56:52+00:00\",\"dateModified\":\"2026-02-09T15:17:05+00:00\",\"mainEntityOfPage\":{\"@id\":\"https:\/\/centcols.org\/le-bonheur-sur-deux-roues\/\"},\"wordCount\":94,\"commentCount\":0,\"publisher\":{\"@id\":\"https:\/\/centcols.org\/#organization\"},\"image\":{\"@id\":\"https:\/\/centcols.org\/le-bonheur-sur-deux-roues\/#primaryimage\"},\"thumbnailUrl\":\"https:\/\/centcols.org\/wp-content\/uploads\/2025\/11\/Journee-dintegration-du-6-juillet-2025.jpg\",\"articleSection\":[\"Lectures\",\"Gazette\"],\"inLanguage\":\"it-IT\",\"potentialAction\":[{\"@type\":\"CommentAction\",\"name\":\"Comment\",\"target\":[\"https:\/\/centcols.org\/le-bonheur-sur-deux-roues\/#respond\"]}]},{\"@type\":\"WebPage\",\"@id\":\"https:\/\/centcols.org\/le-bonheur-sur-deux-roues\/\",\"url\":\"https:\/\/centcols.org\/le-bonheur-sur-deux-roues\/\",\"name\":\"Le bonheur sur deux roues, histoire des cyclotouristes Annemassiens Voirons-Sal\u00e8ve - Club des Cent Cols\",\"isPartOf\":{\"@id\":\"https:\/\/centcols.org\/#website\"},\"primaryImageOfPage\":{\"@id\":\"https:\/\/centcols.org\/le-bonheur-sur-deux-roues\/#primaryimage\"},\"image\":{\"@id\":\"https:\/\/centcols.org\/le-bonheur-sur-deux-roues\/#primaryimage\"},\"thumbnailUrl\":\"https:\/\/centcols.org\/wp-content\/uploads\/2025\/11\/Journee-dintegration-du-6-juillet-2025.jpg\",\"datePublished\":\"2025-11-17T17:56:52+00:00\",\"dateModified\":\"2026-02-09T15:17:05+00:00\",\"breadcrumb\":{\"@id\":\"https:\/\/centcols.org\/le-bonheur-sur-deux-roues\/#breadcrumb\"},\"inLanguage\":\"it-IT\",\"potentialAction\":[{\"@type\":\"ReadAction\",\"target\":[\"https:\/\/centcols.org\/le-bonheur-sur-deux-roues\/\"]}]},{\"@type\":\"ImageObject\",\"inLanguage\":\"it-IT\",\"@id\":\"https:\/\/centcols.org\/le-bonheur-sur-deux-roues\/#primaryimage\",\"url\":\"https:\/\/centcols.org\/wp-content\/uploads\/2025\/11\/Journee-dintegration-du-6-juillet-2025.jpg\",\"contentUrl\":\"https:\/\/centcols.org\/wp-content\/uploads\/2025\/11\/Journee-dintegration-du-6-juillet-2025.jpg\",\"width\":1500,\"height\":701,\"caption\":\"Journ\u00e9e d'int\u00e9gration du 6 juillet 2025\"},{\"@type\":\"BreadcrumbList\",\"@id\":\"https:\/\/centcols.org\/le-bonheur-sur-deux-roues\/#breadcrumb\",\"itemListElement\":[{\"@type\":\"ListItem\",\"position\":1,\"name\":\"Accueil\",\"item\":\"https:\/\/centcols.org\/\"},{\"@type\":\"ListItem\",\"position\":2,\"name\":\"Gazette\",\"item\":\"https:\/\/centcols.org\/rubrique\/gazette\/\"},{\"@type\":\"ListItem\",\"position\":3,\"name\":\"Lectures\",\"item\":\"https:\/\/centcols.org\/rubrique\/gazette\/lectures\/\"},{\"@type\":\"ListItem\",\"position\":4,\"name\":\"Le bonheur sur deux roues, histoire des cyclotouristes Annemassiens Voirons-Sal\u00e8ve\"}]},{\"@type\":\"WebSite\",\"@id\":\"https:\/\/centcols.org\/#website\",\"url\":\"https:\/\/centcols.org\/\",\"name\":\"Club des Cent Cols\",\"description\":\"\",\"publisher\":{\"@id\":\"https:\/\/centcols.org\/#organization\"},\"potentialAction\":[{\"@type\":\"SearchAction\",\"target\":{\"@type\":\"EntryPoint\",\"urlTemplate\":\"https:\/\/centcols.org\/?s={search_term_string}\"},\"query-input\":{\"@type\":\"PropertyValueSpecification\",\"valueRequired\":true,\"valueName\":\"search_term_string\"}}],\"inLanguage\":\"it-IT\"},{\"@type\":\"Organization\",\"@id\":\"https:\/\/centcols.org\/#organization\",\"name\":\"Club des Cent Cols\",\"url\":\"https:\/\/centcols.org\/\",\"logo\":{\"@type\":\"ImageObject\",\"inLanguage\":\"it-IT\",\"@id\":\"https:\/\/centcols.org\/#\/schema\/logo\/image\/\",\"url\":\"https:\/\/centcols.org\/wp-content\/uploads\/2025\/01\/carte-icone.png\",\"contentUrl\":\"https:\/\/centcols.org\/wp-content\/uploads\/2025\/01\/carte-icone.png\",\"width\":250,\"height\":250,\"caption\":\"Club des Cent Cols\"},\"image\":{\"@id\":\"https:\/\/centcols.org\/#\/schema\/logo\/image\/\"},\"sameAs\":[\"https:\/\/www.facebook.com\/groups\/5261880558\/?locale=fr_FR\"]},{\"@type\":\"Person\",\"@id\":\"https:\/\/centcols.org\/#\/schema\/person\/5c1a9d61132fb33ccec149272abff6e1\",\"name\":\"Christophe Badonnel\",\"image\":{\"@type\":\"ImageObject\",\"inLanguage\":\"it-IT\",\"@id\":\"https:\/\/centcols.org\/wp-content\/litespeed\/avatar\/9f363966b51271bd99ebbb6ebd632889.jpg?ver=1777238111\",\"url\":\"https:\/\/centcols.org\/wp-content\/litespeed\/avatar\/9f363966b51271bd99ebbb6ebd632889.jpg?ver=1777238111\",\"contentUrl\":\"https:\/\/centcols.org\/wp-content\/litespeed\/avatar\/9f363966b51271bd99ebbb6ebd632889.jpg?ver=1777238111\",\"caption\":\"Christophe Badonnel\"},\"url\":\"https:\/\/centcols.org\/it\/author\/5799\/\"}]}<\/script>\n<!-- \/ Yoast SEO plugin. -->","yoast_head_json":{"title":"Felicit\u00e0 su due ruote, la storia dei cicloturisti di Annemasse Voirons-Sal\u00e8ve - Club des Cent Cols","robots":{"index":"index","follow":"follow","max-snippet":"max-snippet:-1","max-image-preview":"max-image-preview:large","max-video-preview":"max-video-preview:-1"},"canonical":"https:\/\/centcols.org\/it\/felicita-su-due-ruote\/","og_locale":"it_IT","og_type":"article","og_title":"Le bonheur sur deux roues, histoire des cyclotouristes Annemassiens Voirons-Sal\u00e8ve - Club des Cent Cols","og_description":"Pour c\u00e9l\u00e9brer les 50 ans du Club des Cyclos Annemassiens Voirons-Sal\u00e8ve, cette \u00e9dition 2025 du livre \u00ab\u00a0Le Bonheur sur deux roues\u00a0\u00bb retrace l\u2019histoire d\u2019un club unique, \u00e0 travers les souvenirs, r\u00e9cits et t\u00e9moignages de celles et ceux qui l\u2019ont fait vivre depuis un demi-si\u00e8cle. Cinquante ann\u00e9es de passion, d\u2019amiti\u00e9, de routes partag\u00e9es\u2026 cinquante ans dans [&hellip;]","og_url":"https:\/\/centcols.org\/it\/felicita-su-due-ruote\/","og_site_name":"Club des Cent Cols","article_publisher":"https:\/\/www.facebook.com\/groups\/5261880558\/?locale=fr_FR","article_published_time":"2025-11-17T17:56:52+00:00","article_modified_time":"2026-02-09T15:17:05+00:00","og_image":[{"width":1500,"height":701,"url":"https:\/\/centcols.org\/wp-content\/uploads\/2025\/11\/Journee-dintegration-du-6-juillet-2025.jpg","type":"image\/jpeg"}],"author":"Christophe Badonnel","twitter_card":"summary_large_image","twitter_misc":{"Scritto da":"Christophe Badonnel","Tempo di lettura stimato":"1 minuto"},"schema":{"@context":"https:\/\/schema.org","@graph":[{"@type":"Article","@id":"https:\/\/centcols.org\/le-bonheur-sur-deux-roues\/#article","isPartOf":{"@id":"https:\/\/centcols.org\/le-bonheur-sur-deux-roues\/"},"author":{"name":"Christophe Badonnel","@id":"https:\/\/centcols.org\/#\/schema\/person\/5c1a9d61132fb33ccec149272abff6e1"},"headline":"Le bonheur sur deux roues, histoire des cyclotouristes Annemassiens Voirons-Sal\u00e8ve","datePublished":"2025-11-17T17:56:52+00:00","dateModified":"2026-02-09T15:17:05+00:00","mainEntityOfPage":{"@id":"https:\/\/centcols.org\/le-bonheur-sur-deux-roues\/"},"wordCount":94,"commentCount":0,"publisher":{"@id":"https:\/\/centcols.org\/#organization"},"image":{"@id":"https:\/\/centcols.org\/le-bonheur-sur-deux-roues\/#primaryimage"},"thumbnailUrl":"https:\/\/centcols.org\/wp-content\/uploads\/2025\/11\/Journee-dintegration-du-6-juillet-2025.jpg","articleSection":["Lectures","Gazette"],"inLanguage":"it-IT","potentialAction":[{"@type":"CommentAction","name":"Comment","target":["https:\/\/centcols.org\/le-bonheur-sur-deux-roues\/#respond"]}]},{"@type":"WebPage","@id":"https:\/\/centcols.org\/le-bonheur-sur-deux-roues\/","url":"https:\/\/centcols.org\/le-bonheur-sur-deux-roues\/","name":"Felicit\u00e0 su due ruote, la storia dei cicloturisti di Annemasse Voirons-Sal\u00e8ve - Club des Cent Cols","isPartOf":{"@id":"https:\/\/centcols.org\/#website"},"primaryImageOfPage":{"@id":"https:\/\/centcols.org\/le-bonheur-sur-deux-roues\/#primaryimage"},"image":{"@id":"https:\/\/centcols.org\/le-bonheur-sur-deux-roues\/#primaryimage"},"thumbnailUrl":"https:\/\/centcols.org\/wp-content\/uploads\/2025\/11\/Journee-dintegration-du-6-juillet-2025.jpg","datePublished":"2025-11-17T17:56:52+00:00","dateModified":"2026-02-09T15:17:05+00:00","breadcrumb":{"@id":"https:\/\/centcols.org\/le-bonheur-sur-deux-roues\/#breadcrumb"},"inLanguage":"it-IT","potentialAction":[{"@type":"ReadAction","target":["https:\/\/centcols.org\/le-bonheur-sur-deux-roues\/"]}]},{"@type":"ImageObject","inLanguage":"it-IT","@id":"https:\/\/centcols.org\/le-bonheur-sur-deux-roues\/#primaryimage","url":"https:\/\/centcols.org\/wp-content\/uploads\/2025\/11\/Journee-dintegration-du-6-juillet-2025.jpg","contentUrl":"https:\/\/centcols.org\/wp-content\/uploads\/2025\/11\/Journee-dintegration-du-6-juillet-2025.jpg","width":1500,"height":701,"caption":"Journ\u00e9e d'int\u00e9gration du 6 juillet 2025"},{"@type":"BreadcrumbList","@id":"https:\/\/centcols.org\/le-bonheur-sur-deux-roues\/#breadcrumb","itemListElement":[{"@type":"ListItem","position":1,"name":"Accueil","item":"https:\/\/centcols.org\/"},{"@type":"ListItem","position":2,"name":"Gazette","item":"https:\/\/centcols.org\/rubrique\/gazette\/"},{"@type":"ListItem","position":3,"name":"Lectures","item":"https:\/\/centcols.org\/rubrique\/gazette\/lectures\/"},{"@type":"ListItem","position":4,"name":"Le bonheur sur deux roues, histoire des cyclotouristes Annemassiens Voirons-Sal\u00e8ve"}]},{"@type":"WebSite","@id":"https:\/\/centcols.org\/#website","url":"https:\/\/centcols.org\/","name":"Club des Cent Cols","description":"","publisher":{"@id":"https:\/\/centcols.org\/#organization"},"potentialAction":[{"@type":"SearchAction","target":{"@type":"EntryPoint","urlTemplate":"https:\/\/centcols.org\/?s={search_term_string}"},"query-input":{"@type":"PropertyValueSpecification","valueRequired":true,"valueName":"search_term_string"}}],"inLanguage":"it-IT"},{"@type":"Organization","@id":"https:\/\/centcols.org\/#organization","name":"Club des Cent Cols","url":"https:\/\/centcols.org\/","logo":{"@type":"ImageObject","inLanguage":"it-IT","@id":"https:\/\/centcols.org\/#\/schema\/logo\/image\/","url":"https:\/\/centcols.org\/wp-content\/uploads\/2025\/01\/carte-icone.png","contentUrl":"https:\/\/centcols.org\/wp-content\/uploads\/2025\/01\/carte-icone.png","width":250,"height":250,"caption":"Club des Cent Cols"},"image":{"@id":"https:\/\/centcols.org\/#\/schema\/logo\/image\/"},"sameAs":["https:\/\/www.facebook.com\/groups\/5261880558\/?locale=fr_FR"]},{"@type":"Person","@id":"https:\/\/centcols.org\/#\/schema\/person\/5c1a9d61132fb33ccec149272abff6e1","name":"Christophe Badonnel","image":{"@type":"ImageObject","inLanguage":"it-IT","@id":"https:\/\/centcols.org\/wp-content\/litespeed\/avatar\/9f363966b51271bd99ebbb6ebd632889.jpg?ver=1777238111","url":"https:\/\/centcols.org\/wp-content\/litespeed\/avatar\/9f363966b51271bd99ebbb6ebd632889.jpg?ver=1777238111","contentUrl":"https:\/\/centcols.org\/wp-content\/litespeed\/avatar\/9f363966b51271bd99ebbb6ebd632889.jpg?ver=1777238111","caption":"Christophe Badonnel"},"url":"https:\/\/centcols.org\/it\/author\/5799\/"}]}},"_links":{"self":[{"href":"https:\/\/centcols.org\/it\/wp-json\/wp\/v2\/posts\/92136","targetHints":{"allow":["GET"]}}],"collection":[{"href":"https:\/\/centcols.org\/it\/wp-json\/wp\/v2\/posts"}],"about":[{"href":"https:\/\/centcols.org\/it\/wp-json\/wp\/v2\/types\/post"}],"author":[{"embeddable":true,"href":"https:\/\/centcols.org\/it\/wp-json\/wp\/v2\/users\/64"}],"replies":[{"embeddable":true,"href":"https:\/\/centcols.org\/it\/wp-json\/wp\/v2\/comments?post=92136"}],"version-history":[{"count":0,"href":"https:\/\/centcols.org\/it\/wp-json\/wp\/v2\/posts\/92136\/revisions"}],"wp:featuredmedia":[{"embeddable":true,"href":"https:\/\/centcols.org\/it\/wp-json\/wp\/v2\/media\/92137"}],"wp:attachment":[{"href":"https:\/\/centcols.org\/it\/wp-json\/wp\/v2\/media?parent=92136"}],"wp:term":[{"taxonomy":"category","embeddable":true,"href":"https:\/\/centcols.org\/it\/wp-json\/wp\/v2\/categories?post=92136"},{"taxonomy":"post_tag","embeddable":true,"href":"https:\/\/centcols.org\/it\/wp-json\/wp\/v2\/tags?post=92136"}],"curies":[{"name":"wp","href":"https:\/\/api.w.org\/{rel}","templated":true}]}}