{"id":92151,"date":"2025-11-18T19:12:45","date_gmt":"2025-11-18T17:12:45","guid":{"rendered":"https:\/\/centcols.org\/?p=92151"},"modified":"2026-03-14T16:35:36","modified_gmt":"2026-03-14T14:35:36","slug":"fr-01-virieu-le-grand-gravel","status":"publish","type":"post","link":"https:\/\/centcols.org\/it\/fr-01-virieu-le-grand-gravel\/","title":{"rendered":"FR-01 Virieu-le-Grand - Bugey - Ghiaia 53 km, D+ 950 m, 5 passaggi"},"content":{"rendered":"<iframe width=\"100%\" height=\"650\" loading=\"lazy\" src=\"https:\/\/www.openrunner.com\/embed\/554a6a414239735a5a55387a684837784e466f7455745a655665703431464549666648664f4755564d50593d3a3a3361f22ea101f864077496f82259b8d1?unit=metric\" style=\"border: none;\"><\/iframe>\n\n\n\n<div style=\"height:30px\" aria-hidden=\"true\" class=\"wp-block-spacer\"><\/div>\n\n\n\n<h2 class=\"wp-block-heading\">Descrizione dell'autore<\/h2>\n\n\n\n<p><strong>Autore&nbsp;<\/strong>Philippe CHAZOTTIER<br><strong>Corso&nbsp;<\/strong>Completato l'11 novembre 2025<br><strong>Partenza&nbsp;<\/strong>: Virieu-le-Grand en Bugey, dal parcheggio della stazione ferroviaria. Altri parcheggi vicino alla scuola o nel centro del paese.<\/p>\n\n\n\n<div style=\"height:30px\" aria-hidden=\"true\" class=\"wp-block-spacer\"><\/div>\n\n\n\n<h2 class=\"wp-block-heading\">Informazioni turistiche<\/h2>\n\n\n\n<p>Splendida vista sul Grand Colombier e sull'Avant-Pays savoyard. Attraversamento di pittoreschi villaggi.<\/p>\n\n\n\n<div style=\"height:30px\" aria-hidden=\"true\" class=\"wp-block-spacer\"><\/div>\n\n\n\n<h2 class=\"wp-block-heading\">Specifiche tecniche<\/h2>\n\n\n\n<p>95% pista ciclabile in ghiaia. Seguire il sentiero per 50 m per raggiungere il Gollet Musand. Sentiero e poi sentiero per raggiungere il Golet.<\/p>\n\n\n\n<div style=\"height:30px\" aria-hidden=\"true\" class=\"wp-block-spacer\"><\/div>\n\n\n\n<p><strong>5 collari<\/strong><\/p>\n\n\n\n<figure class=\"wp-block-table\"><table class=\"has-background\" style=\"background-color:#f0f0f0\"><tbody><tr><td>1 \u2013 Il passo dell'asino<\/td><td class=\"has-text-align-center\" data-align=\"center\">323 m<\/td><td><a href=\"https:\/\/centcols.org\/it\/util\/geo\/visu.php\/?code=FR-01-0323\" target=\"_blank\" rel=\"noreferrer noopener\">FR-01-0323<\/a><\/td><\/tr><tr><td>2 - Gollet Musand<\/td><td class=\"has-text-align-center\" data-align=\"center\">376 m<\/td><td><a href=\"https:\/\/centcols.org\/it\/util\/geo\/visu.php\/?code=FR-01-0376\" target=\"_blank\" rel=\"noreferrer noopener\">FR-01-0376<\/a><\/td><\/tr><tr><td>3 - Col du Sansonnet<\/td><td class=\"has-text-align-center\" data-align=\"center\">365 m<\/td><td><a href=\"https:\/\/centcols.org\/it\/util\/geo\/visu.php\/?code=FR-01-0355a\" target=\"_blank\" rel=\"noreferrer noopener\">FR-01-0355a<\/a><\/td><\/tr><tr><td>4 - Gollet de Selours<\/td><td class=\"has-text-align-center\" data-align=\"center\">386 m<\/td><td><a href=\"https:\/\/centcols.org\/it\/util\/geo\/visu.php\/?code=FR-01-0386\" target=\"_blank\" rel=\"noreferrer noopener\">FR-01-0386<\/a><\/td><\/tr><tr><td>5 - Le Golet<\/td><td class=\"has-text-align-center\" data-align=\"center\">474 m<\/td><td><a href=\"https:\/\/centcols.org\/it\/util\/geo\/visu.php\/?code=FR-01-0474\" target=\"_blank\" rel=\"noreferrer noopener\">FR-01-0474<\/a><\/td><\/tr><\/tbody><\/table><\/figure>\n\n\n\n<p><strong>Parole chiave<\/strong>&nbsp;: Virieu-le-Grand, Bugey, Avant-Pays, centole<\/p>\n\n\n\n<p>Link Openrunner, mappa interattiva, profilo, traccia : <a href=\"https:\/\/www.openrunner.com\/route-details\/22896257\" target=\"_blank\" rel=\"noreferrer noopener\">https:\/\/www.openrunner.com\/route-details\/22896257<\/a><\/p>\n\n\n\n<p>Questo itinerario \u00e8 offerto a titolo puramente indicativo. L'autore non si assume alcuna responsabilit\u00e0, n\u00e9 quella del Club des Cent Cols, per eventuali imponderabilit\u00e0 dovute al ciclista stesso, all'equipaggiamento utilizzato o a qualsiasi cosa abbia a che fare con la strada, le piste e i sentieri, i loro dintorni o altri utenti.<\/p>\n\n\n\n<div style=\"height:30px\" aria-hidden=\"true\" class=\"wp-block-spacer\"><\/div>\n\n\n\n<h2 class=\"wp-block-heading\">Foto<\/h2>\n\n\n\n<figure class=\"wp-block-gallery has-nested-images columns-default is-cropped wp-block-gallery-1 is-layout-flex wp-block-gallery-is-layout-flex\">\n<figure class=\"wp-block-image size-large\"><a href=\"https:\/\/centcols.org\/wp-content\/uploads\/2025\/11\/La-dent-et-le-mont-du-Chat-au-fond-a-droite.jpg\"><img loading=\"lazy\" decoding=\"async\" width=\"1200\" height=\"796\" data-id=\"92161\" src=\"https:\/\/centcols.org\/wp-content\/uploads\/2025\/11\/La-dent-et-le-mont-du-Chat-au-fond-a-droite.jpg\" alt=\"\" class=\"wp-image-92161\" srcset=\"https:\/\/centcols.org\/wp-content\/uploads\/2025\/11\/La-dent-et-le-mont-du-Chat-au-fond-a-droite.jpg 1200w, https:\/\/centcols.org\/wp-content\/uploads\/2025\/11\/La-dent-et-le-mont-du-Chat-au-fond-a-droite-768x509.jpg 768w, https:\/\/centcols.org\/wp-content\/uploads\/2025\/11\/La-dent-et-le-mont-du-Chat-au-fond-a-droite-18x12.jpg 18w\" sizes=\"auto, (max-width: 1200px) 100vw, 1200px\" \/><\/a><figcaption class=\"wp-element-caption\">Dente e Mont du Chat, a destra<\/figcaption><\/figure>\n\n\n\n<figure class=\"wp-block-image size-large\"><a href=\"https:\/\/centcols.org\/wp-content\/uploads\/2025\/11\/Lavoir-dArbignieu.jpg\"><img loading=\"lazy\" decoding=\"async\" width=\"900\" height=\"1200\" data-id=\"92162\" src=\"https:\/\/centcols.org\/wp-content\/uploads\/2025\/11\/Lavoir-dArbignieu.jpg\" alt=\"\" class=\"wp-image-92162\" srcset=\"https:\/\/centcols.org\/wp-content\/uploads\/2025\/11\/Lavoir-dArbignieu.jpg 900w, https:\/\/centcols.org\/wp-content\/uploads\/2025\/11\/Lavoir-dArbignieu-768x1024.jpg 768w, https:\/\/centcols.org\/wp-content\/uploads\/2025\/11\/Lavoir-dArbignieu-9x12.jpg 9w\" sizes=\"auto, (max-width: 900px) 100vw, 900px\" \/><\/a><figcaption class=\"wp-element-caption\">Lavatoio di Arbignieu<\/figcaption><\/figure>\n\n\n\n<figure class=\"wp-block-image size-large\"><a href=\"https:\/\/centcols.org\/wp-content\/uploads\/2025\/11\/VIRIEU-acces-pour-Le-Golet.jpg\"><img loading=\"lazy\" decoding=\"async\" width=\"899\" height=\"1123\" data-id=\"92163\" src=\"https:\/\/centcols.org\/wp-content\/uploads\/2025\/11\/VIRIEU-acces-pour-Le-Golet.jpg\" alt=\"\" class=\"wp-image-92163\" srcset=\"https:\/\/centcols.org\/wp-content\/uploads\/2025\/11\/VIRIEU-acces-pour-Le-Golet.jpg 899w, https:\/\/centcols.org\/wp-content\/uploads\/2025\/11\/VIRIEU-acces-pour-Le-Golet-768x959.jpg 768w, https:\/\/centcols.org\/wp-content\/uploads\/2025\/11\/VIRIEU-acces-pour-Le-Golet-10x12.jpg 10w\" sizes=\"auto, (max-width: 899px) 100vw, 899px\" \/><\/a><figcaption class=\"wp-element-caption\">Accesso a Le Golet<\/figcaption><\/figure>\n\n\n\n<figure class=\"wp-block-image size-large\"><a href=\"https:\/\/centcols.org\/wp-content\/uploads\/2025\/11\/vIRIEU-LE-GRAND-Saint-martin-de-Bavel.jpg\"><img loading=\"lazy\" decoding=\"async\" width=\"1200\" height=\"670\" data-id=\"92164\" src=\"https:\/\/centcols.org\/wp-content\/uploads\/2025\/11\/vIRIEU-LE-GRAND-Saint-martin-de-Bavel.jpg\" alt=\"\" class=\"wp-image-92164\" srcset=\"https:\/\/centcols.org\/wp-content\/uploads\/2025\/11\/vIRIEU-LE-GRAND-Saint-martin-de-Bavel.jpg 1200w, https:\/\/centcols.org\/wp-content\/uploads\/2025\/11\/vIRIEU-LE-GRAND-Saint-martin-de-Bavel-768x429.jpg 768w, https:\/\/centcols.org\/wp-content\/uploads\/2025\/11\/vIRIEU-LE-GRAND-Saint-martin-de-Bavel-18x10.jpg 18w\" sizes=\"auto, (max-width: 1200px) 100vw, 1200px\" \/><\/a><figcaption class=\"wp-element-caption\">Saint-Martin-de-Bavel<\/figcaption><\/figure>\n\n\n\n<figure class=\"wp-block-image size-large\"><a href=\"https:\/\/centcols.org\/wp-content\/uploads\/2025\/11\/VIRIEU-Pas-tres-long-ni-tres-difficile-mais-il-vaut-plus-quune-roupie-.jpg\"><img loading=\"lazy\" decoding=\"async\" width=\"900\" height=\"1200\" data-id=\"92165\" src=\"https:\/\/centcols.org\/wp-content\/uploads\/2025\/11\/VIRIEU-Pas-tres-long-ni-tres-difficile-mais-il-vaut-plus-quune-roupie-.jpg\" alt=\"\" class=\"wp-image-92165\" srcset=\"https:\/\/centcols.org\/wp-content\/uploads\/2025\/11\/VIRIEU-Pas-tres-long-ni-tres-difficile-mais-il-vaut-plus-quune-roupie-.jpg 900w, https:\/\/centcols.org\/wp-content\/uploads\/2025\/11\/VIRIEU-Pas-tres-long-ni-tres-difficile-mais-il-vaut-plus-quune-roupie--768x1024.jpg 768w, https:\/\/centcols.org\/wp-content\/uploads\/2025\/11\/VIRIEU-Pas-tres-long-ni-tres-difficile-mais-il-vaut-plus-quune-roupie--9x12.jpg 9w\" sizes=\"auto, (max-width: 900px) 100vw, 900px\" \/><\/a><figcaption class=\"wp-element-caption\">Non molto lungo n\u00e9 molto difficile, ma vale pi\u00f9 di una rupia!<\/figcaption><\/figure>\n\n\n\n<figure class=\"wp-block-image size-large\"><a href=\"https:\/\/centcols.org\/wp-content\/uploads\/2025\/11\/VIRIEU-Table-dorientation-vue-sur-le-Grand-Colombier-et-le-marais-de-Lavours.jpg\"><img loading=\"lazy\" decoding=\"async\" width=\"1200\" height=\"812\" data-id=\"92166\" src=\"https:\/\/centcols.org\/wp-content\/uploads\/2025\/11\/VIRIEU-Table-dorientation-vue-sur-le-Grand-Colombier-et-le-marais-de-Lavours.jpg\" alt=\"\" class=\"wp-image-92166\" srcset=\"https:\/\/centcols.org\/wp-content\/uploads\/2025\/11\/VIRIEU-Table-dorientation-vue-sur-le-Grand-Colombier-et-le-marais-de-Lavours.jpg 1200w, https:\/\/centcols.org\/wp-content\/uploads\/2025\/11\/VIRIEU-Table-dorientation-vue-sur-le-Grand-Colombier-et-le-marais-de-Lavours-768x520.jpg 768w, https:\/\/centcols.org\/wp-content\/uploads\/2025\/11\/VIRIEU-Table-dorientation-vue-sur-le-Grand-Colombier-et-le-marais-de-Lavours-18x12.jpg 18w\" sizes=\"auto, (max-width: 1200px) 100vw, 1200px\" \/><\/a><figcaption class=\"wp-element-caption\">Vista sul Grand Colombier e sulle paludi di Lavours<\/figcaption><\/figure>\n<\/figure>","protected":false},"excerpt":{"rendered":"<p>Description de l\u2019auteur Auteur&nbsp;: Philippe CHAZOTTIERParcours&nbsp;: effectu\u00e9 le 11 novembre 2025D\u00e9part&nbsp;: Virieu-le-Grand en Bugey, depuis le parking de la gare. Autres parkings pr\u00e8s de l&rsquo;\u00e9cole ou au centre du village. Descriptif touristique Belles vues sur le Grand Colombier et sur l&rsquo;Avant-Pays savoyard. Travers\u00e9e de villages pittoresques. Descriptif technique Parcours cyclable \u00e0 95%, effectu\u00e9 en gravel. [&hellip;]<\/p>\n","protected":false},"author":1726,"featured_media":92166,"comment_status":"open","ping_status":"open","sticky":false,"template":"","format":"standard","meta":{"_acf_changed":false,"footnotes":""},"categories":[303,330,451,320,334,220],"tags":[],"class_list":["post-92151","post","type-post","status-publish","format-standard","has-post-thumbnail","hentry","category-parcours-france","category-auvergne-rhone-alpes-region-parcours-membres","category-01-ain","category-gravel-type-parcours","category-jura-massif-parcours-membres","category-parcours-membres"],"acf":[],"yoast_head":"<!-- This site is optimized with the Yoast SEO plugin v27.2 - https:\/\/yoast.com\/product\/yoast-seo-wordpress\/ -->\n<title>FR-01 Virieu-le-Grand - Bugey - Gravel 53 km, D+ 950 m, 5 cols - Club des Cent Cols<\/title>\n<meta name=\"robots\" content=\"index, follow, max-snippet:-1, max-image-preview:large, max-video-preview:-1\" \/>\n<link rel=\"canonical\" href=\"https:\/\/centcols.org\/it\/fr-01-virieu-le-grand-gravel\/\" \/>\n<meta property=\"og:locale\" content=\"it_IT\" \/>\n<meta property=\"og:type\" content=\"article\" \/>\n<meta property=\"og:title\" content=\"FR-01 Virieu-le-Grand - Bugey - Gravel 53 km, D+ 950 m, 5 cols - Club des Cent Cols\" \/>\n<meta property=\"og:description\" content=\"Description de l\u2019auteur Auteur&nbsp;: Philippe CHAZOTTIERParcours&nbsp;: effectu\u00e9 le 11 novembre 2025D\u00e9part&nbsp;: Virieu-le-Grand en Bugey, depuis le parking de la gare. Autres parkings pr\u00e8s de l&rsquo;\u00e9cole ou au centre du village. Descriptif touristique Belles vues sur le Grand Colombier et sur l&rsquo;Avant-Pays savoyard. Travers\u00e9e de villages pittoresques. Descriptif technique Parcours cyclable \u00e0 95%, effectu\u00e9 en gravel. [&hellip;]\" \/>\n<meta property=\"og:url\" content=\"https:\/\/centcols.org\/it\/fr-01-virieu-le-grand-gravel\/\" \/>\n<meta property=\"og:site_name\" content=\"Club des Cent Cols\" \/>\n<meta property=\"article:publisher\" content=\"https:\/\/www.facebook.com\/groups\/5261880558\/?locale=fr_FR\" \/>\n<meta property=\"article:published_time\" content=\"2025-11-18T17:12:45+00:00\" \/>\n<meta property=\"article:modified_time\" content=\"2026-03-14T14:35:36+00:00\" \/>\n<meta property=\"og:image\" content=\"https:\/\/centcols.org\/wp-content\/uploads\/2025\/11\/VIRIEU-Table-dorientation-vue-sur-le-Grand-Colombier-et-le-marais-de-Lavours.jpg\" \/>\n\t<meta property=\"og:image:width\" content=\"1200\" \/>\n\t<meta property=\"og:image:height\" content=\"812\" \/>\n\t<meta property=\"og:image:type\" content=\"image\/jpeg\" \/>\n<meta name=\"author\" content=\"Ren\u00e9 Mercier\" \/>\n<meta name=\"twitter:card\" content=\"summary_large_image\" \/>\n<meta name=\"twitter:label1\" content=\"Scritto da\" \/>\n\t<meta name=\"twitter:data1\" content=\"Ren\u00e9 Mercier\" \/>\n\t<meta name=\"twitter:label2\" content=\"Tempo di lettura stimato\" \/>\n\t<meta name=\"twitter:data2\" content=\"3 minuti\" \/>\n<script type=\"application\/ld+json\" class=\"yoast-schema-graph\">{\"@context\":\"https:\/\/schema.org\",\"@graph\":[{\"@type\":\"Article\",\"@id\":\"https:\/\/centcols.org\/fr-01-virieu-le-grand-gravel\/#article\",\"isPartOf\":{\"@id\":\"https:\/\/centcols.org\/fr-01-virieu-le-grand-gravel\/\"},\"author\":{\"name\":\"Ren\u00e9 Mercier\",\"@id\":\"https:\/\/centcols.org\/#\/schema\/person\/0cc8f723679c98f3fb7798df5a50c018\"},\"headline\":\"FR-01 Virieu-le-Grand &#8211; Bugey &#8211; Gravel 53 km, D+ 950 m, 5 cols\",\"datePublished\":\"2025-11-18T17:12:45+00:00\",\"dateModified\":\"2026-03-14T14:35:36+00:00\",\"mainEntityOfPage\":{\"@id\":\"https:\/\/centcols.org\/fr-01-virieu-le-grand-gravel\/\"},\"wordCount\":243,\"commentCount\":0,\"publisher\":{\"@id\":\"https:\/\/centcols.org\/#organization\"},\"image\":{\"@id\":\"https:\/\/centcols.org\/fr-01-virieu-le-grand-gravel\/#primaryimage\"},\"thumbnailUrl\":\"https:\/\/centcols.org\/wp-content\/uploads\/2025\/11\/VIRIEU-Table-dorientation-vue-sur-le-Grand-Colombier-et-le-marais-de-Lavours.jpg\",\"articleSection\":[\"Parcours France\",\"Auvergne-Rh\u00f4ne-Alpes\",\"01-Ain\",\"Gravel\",\"Jura\",\"Parcours membres\"],\"inLanguage\":\"it-IT\",\"potentialAction\":[{\"@type\":\"CommentAction\",\"name\":\"Comment\",\"target\":[\"https:\/\/centcols.org\/fr-01-virieu-le-grand-gravel\/#respond\"]}]},{\"@type\":\"WebPage\",\"@id\":\"https:\/\/centcols.org\/fr-01-virieu-le-grand-gravel\/\",\"url\":\"https:\/\/centcols.org\/fr-01-virieu-le-grand-gravel\/\",\"name\":\"FR-01 Virieu-le-Grand - Bugey - Gravel 53 km, D+ 950 m, 5 cols - Club des Cent Cols\",\"isPartOf\":{\"@id\":\"https:\/\/centcols.org\/#website\"},\"primaryImageOfPage\":{\"@id\":\"https:\/\/centcols.org\/fr-01-virieu-le-grand-gravel\/#primaryimage\"},\"image\":{\"@id\":\"https:\/\/centcols.org\/fr-01-virieu-le-grand-gravel\/#primaryimage\"},\"thumbnailUrl\":\"https:\/\/centcols.org\/wp-content\/uploads\/2025\/11\/VIRIEU-Table-dorientation-vue-sur-le-Grand-Colombier-et-le-marais-de-Lavours.jpg\",\"datePublished\":\"2025-11-18T17:12:45+00:00\",\"dateModified\":\"2026-03-14T14:35:36+00:00\",\"breadcrumb\":{\"@id\":\"https:\/\/centcols.org\/fr-01-virieu-le-grand-gravel\/#breadcrumb\"},\"inLanguage\":\"it-IT\",\"potentialAction\":[{\"@type\":\"ReadAction\",\"target\":[\"https:\/\/centcols.org\/fr-01-virieu-le-grand-gravel\/\"]}]},{\"@type\":\"ImageObject\",\"inLanguage\":\"it-IT\",\"@id\":\"https:\/\/centcols.org\/fr-01-virieu-le-grand-gravel\/#primaryimage\",\"url\":\"https:\/\/centcols.org\/wp-content\/uploads\/2025\/11\/VIRIEU-Table-dorientation-vue-sur-le-Grand-Colombier-et-le-marais-de-Lavours.jpg\",\"contentUrl\":\"https:\/\/centcols.org\/wp-content\/uploads\/2025\/11\/VIRIEU-Table-dorientation-vue-sur-le-Grand-Colombier-et-le-marais-de-Lavours.jpg\",\"width\":1200,\"height\":812},{\"@type\":\"BreadcrumbList\",\"@id\":\"https:\/\/centcols.org\/fr-01-virieu-le-grand-gravel\/#breadcrumb\",\"itemListElement\":[{\"@type\":\"ListItem\",\"position\":1,\"name\":\"Accueil\",\"item\":\"https:\/\/centcols.org\/\"},{\"@type\":\"ListItem\",\"position\":2,\"name\":\"Parcours membres\",\"item\":\"https:\/\/centcols.org\/rubrique\/parcours-membres\/\"},{\"@type\":\"ListItem\",\"position\":3,\"name\":\"Pays\",\"item\":\"https:\/\/centcols.org\/rubrique\/parcours-membres\/pays-parcours-membres\/\"},{\"@type\":\"ListItem\",\"position\":4,\"name\":\"Parcours France\",\"item\":\"https:\/\/centcols.org\/rubrique\/parcours-membres\/pays-parcours-membres\/parcours-france\/\"},{\"@type\":\"ListItem\",\"position\":5,\"name\":\"FR-01 Virieu-le-Grand &#8211; Bugey &#8211; Gravel 53 km, D+ 950 m, 5 cols\"}]},{\"@type\":\"WebSite\",\"@id\":\"https:\/\/centcols.org\/#website\",\"url\":\"https:\/\/centcols.org\/\",\"name\":\"Club des Cent Cols\",\"description\":\"\",\"publisher\":{\"@id\":\"https:\/\/centcols.org\/#organization\"},\"potentialAction\":[{\"@type\":\"SearchAction\",\"target\":{\"@type\":\"EntryPoint\",\"urlTemplate\":\"https:\/\/centcols.org\/?s={search_term_string}\"},\"query-input\":{\"@type\":\"PropertyValueSpecification\",\"valueRequired\":true,\"valueName\":\"search_term_string\"}}],\"inLanguage\":\"it-IT\"},{\"@type\":\"Organization\",\"@id\":\"https:\/\/centcols.org\/#organization\",\"name\":\"Club des Cent Cols\",\"url\":\"https:\/\/centcols.org\/\",\"logo\":{\"@type\":\"ImageObject\",\"inLanguage\":\"it-IT\",\"@id\":\"https:\/\/centcols.org\/#\/schema\/logo\/image\/\",\"url\":\"https:\/\/centcols.org\/wp-content\/uploads\/2025\/01\/carte-icone.png\",\"contentUrl\":\"https:\/\/centcols.org\/wp-content\/uploads\/2025\/01\/carte-icone.png\",\"width\":250,\"height\":250,\"caption\":\"Club des Cent Cols\"},\"image\":{\"@id\":\"https:\/\/centcols.org\/#\/schema\/logo\/image\/\"},\"sameAs\":[\"https:\/\/www.facebook.com\/groups\/5261880558\/?locale=fr_FR\"]},{\"@type\":\"Person\",\"@id\":\"https:\/\/centcols.org\/#\/schema\/person\/0cc8f723679c98f3fb7798df5a50c018\",\"name\":\"Ren\u00e9 Mercier\",\"image\":{\"@type\":\"ImageObject\",\"inLanguage\":\"it-IT\",\"@id\":\"https:\/\/centcols.org\/wp-content\/litespeed\/avatar\/c2275eeaf79d4f7456274de381abeeab.jpg?ver=1777347562\",\"url\":\"https:\/\/centcols.org\/wp-content\/litespeed\/avatar\/c2275eeaf79d4f7456274de381abeeab.jpg?ver=1777347562\",\"contentUrl\":\"https:\/\/centcols.org\/wp-content\/litespeed\/avatar\/c2275eeaf79d4f7456274de381abeeab.jpg?ver=1777347562\",\"caption\":\"Ren\u00e9 Mercier\"},\"url\":\"https:\/\/centcols.org\/it\/author\/7552\/\"}]}<\/script>\n<!-- \/ Yoast SEO plugin. -->","yoast_head_json":{"title":"FR-01 Virieu-le-Grand - Bugey - Sterrato 53 km, D+ 950 m, 5 cols - Club des Cent Cols","robots":{"index":"index","follow":"follow","max-snippet":"max-snippet:-1","max-image-preview":"max-image-preview:large","max-video-preview":"max-video-preview:-1"},"canonical":"https:\/\/centcols.org\/it\/fr-01-virieu-le-grand-gravel\/","og_locale":"it_IT","og_type":"article","og_title":"FR-01 Virieu-le-Grand - Bugey - Gravel 53 km, D+ 950 m, 5 cols - Club des Cent Cols","og_description":"Description de l\u2019auteur Auteur&nbsp;: Philippe CHAZOTTIERParcours&nbsp;: effectu\u00e9 le 11 novembre 2025D\u00e9part&nbsp;: Virieu-le-Grand en Bugey, depuis le parking de la gare. Autres parkings pr\u00e8s de l&rsquo;\u00e9cole ou au centre du village. Descriptif touristique Belles vues sur le Grand Colombier et sur l&rsquo;Avant-Pays savoyard. Travers\u00e9e de villages pittoresques. Descriptif technique Parcours cyclable \u00e0 95%, effectu\u00e9 en gravel. [&hellip;]","og_url":"https:\/\/centcols.org\/it\/fr-01-virieu-le-grand-gravel\/","og_site_name":"Club des Cent Cols","article_publisher":"https:\/\/www.facebook.com\/groups\/5261880558\/?locale=fr_FR","article_published_time":"2025-11-18T17:12:45+00:00","article_modified_time":"2026-03-14T14:35:36+00:00","og_image":[{"width":1200,"height":812,"url":"https:\/\/centcols.org\/wp-content\/uploads\/2025\/11\/VIRIEU-Table-dorientation-vue-sur-le-Grand-Colombier-et-le-marais-de-Lavours.jpg","type":"image\/jpeg"}],"author":"Ren\u00e9 Mercier","twitter_card":"summary_large_image","twitter_misc":{"Scritto da":"Ren\u00e9 Mercier","Tempo di lettura stimato":"3 minuti"},"schema":{"@context":"https:\/\/schema.org","@graph":[{"@type":"Article","@id":"https:\/\/centcols.org\/fr-01-virieu-le-grand-gravel\/#article","isPartOf":{"@id":"https:\/\/centcols.org\/fr-01-virieu-le-grand-gravel\/"},"author":{"name":"Ren\u00e9 Mercier","@id":"https:\/\/centcols.org\/#\/schema\/person\/0cc8f723679c98f3fb7798df5a50c018"},"headline":"FR-01 Virieu-le-Grand &#8211; Bugey &#8211; Gravel 53 km, D+ 950 m, 5 cols","datePublished":"2025-11-18T17:12:45+00:00","dateModified":"2026-03-14T14:35:36+00:00","mainEntityOfPage":{"@id":"https:\/\/centcols.org\/fr-01-virieu-le-grand-gravel\/"},"wordCount":243,"commentCount":0,"publisher":{"@id":"https:\/\/centcols.org\/#organization"},"image":{"@id":"https:\/\/centcols.org\/fr-01-virieu-le-grand-gravel\/#primaryimage"},"thumbnailUrl":"https:\/\/centcols.org\/wp-content\/uploads\/2025\/11\/VIRIEU-Table-dorientation-vue-sur-le-Grand-Colombier-et-le-marais-de-Lavours.jpg","articleSection":["Parcours France","Auvergne-Rh\u00f4ne-Alpes","01-Ain","Gravel","Jura","Parcours membres"],"inLanguage":"it-IT","potentialAction":[{"@type":"CommentAction","name":"Comment","target":["https:\/\/centcols.org\/fr-01-virieu-le-grand-gravel\/#respond"]}]},{"@type":"WebPage","@id":"https:\/\/centcols.org\/fr-01-virieu-le-grand-gravel\/","url":"https:\/\/centcols.org\/fr-01-virieu-le-grand-gravel\/","name":"FR-01 Virieu-le-Grand - Bugey - Sterrato 53 km, D+ 950 m, 5 cols - Club des Cent Cols","isPartOf":{"@id":"https:\/\/centcols.org\/#website"},"primaryImageOfPage":{"@id":"https:\/\/centcols.org\/fr-01-virieu-le-grand-gravel\/#primaryimage"},"image":{"@id":"https:\/\/centcols.org\/fr-01-virieu-le-grand-gravel\/#primaryimage"},"thumbnailUrl":"https:\/\/centcols.org\/wp-content\/uploads\/2025\/11\/VIRIEU-Table-dorientation-vue-sur-le-Grand-Colombier-et-le-marais-de-Lavours.jpg","datePublished":"2025-11-18T17:12:45+00:00","dateModified":"2026-03-14T14:35:36+00:00","breadcrumb":{"@id":"https:\/\/centcols.org\/fr-01-virieu-le-grand-gravel\/#breadcrumb"},"inLanguage":"it-IT","potentialAction":[{"@type":"ReadAction","target":["https:\/\/centcols.org\/fr-01-virieu-le-grand-gravel\/"]}]},{"@type":"ImageObject","inLanguage":"it-IT","@id":"https:\/\/centcols.org\/fr-01-virieu-le-grand-gravel\/#primaryimage","url":"https:\/\/centcols.org\/wp-content\/uploads\/2025\/11\/VIRIEU-Table-dorientation-vue-sur-le-Grand-Colombier-et-le-marais-de-Lavours.jpg","contentUrl":"https:\/\/centcols.org\/wp-content\/uploads\/2025\/11\/VIRIEU-Table-dorientation-vue-sur-le-Grand-Colombier-et-le-marais-de-Lavours.jpg","width":1200,"height":812},{"@type":"BreadcrumbList","@id":"https:\/\/centcols.org\/fr-01-virieu-le-grand-gravel\/#breadcrumb","itemListElement":[{"@type":"ListItem","position":1,"name":"Accueil","item":"https:\/\/centcols.org\/"},{"@type":"ListItem","position":2,"name":"Parcours membres","item":"https:\/\/centcols.org\/rubrique\/parcours-membres\/"},{"@type":"ListItem","position":3,"name":"Pays","item":"https:\/\/centcols.org\/rubrique\/parcours-membres\/pays-parcours-membres\/"},{"@type":"ListItem","position":4,"name":"Parcours France","item":"https:\/\/centcols.org\/rubrique\/parcours-membres\/pays-parcours-membres\/parcours-france\/"},{"@type":"ListItem","position":5,"name":"FR-01 Virieu-le-Grand &#8211; Bugey &#8211; Gravel 53 km, D+ 950 m, 5 cols"}]},{"@type":"WebSite","@id":"https:\/\/centcols.org\/#website","url":"https:\/\/centcols.org\/","name":"Club des Cent Cols","description":"","publisher":{"@id":"https:\/\/centcols.org\/#organization"},"potentialAction":[{"@type":"SearchAction","target":{"@type":"EntryPoint","urlTemplate":"https:\/\/centcols.org\/?s={search_term_string}"},"query-input":{"@type":"PropertyValueSpecification","valueRequired":true,"valueName":"search_term_string"}}],"inLanguage":"it-IT"},{"@type":"Organization","@id":"https:\/\/centcols.org\/#organization","name":"Club des Cent Cols","url":"https:\/\/centcols.org\/","logo":{"@type":"ImageObject","inLanguage":"it-IT","@id":"https:\/\/centcols.org\/#\/schema\/logo\/image\/","url":"https:\/\/centcols.org\/wp-content\/uploads\/2025\/01\/carte-icone.png","contentUrl":"https:\/\/centcols.org\/wp-content\/uploads\/2025\/01\/carte-icone.png","width":250,"height":250,"caption":"Club des Cent Cols"},"image":{"@id":"https:\/\/centcols.org\/#\/schema\/logo\/image\/"},"sameAs":["https:\/\/www.facebook.com\/groups\/5261880558\/?locale=fr_FR"]},{"@type":"Person","@id":"https:\/\/centcols.org\/#\/schema\/person\/0cc8f723679c98f3fb7798df5a50c018","name":"Ren\u00e9 Mercier","image":{"@type":"ImageObject","inLanguage":"it-IT","@id":"https:\/\/centcols.org\/wp-content\/litespeed\/avatar\/c2275eeaf79d4f7456274de381abeeab.jpg?ver=1777347562","url":"https:\/\/centcols.org\/wp-content\/litespeed\/avatar\/c2275eeaf79d4f7456274de381abeeab.jpg?ver=1777347562","contentUrl":"https:\/\/centcols.org\/wp-content\/litespeed\/avatar\/c2275eeaf79d4f7456274de381abeeab.jpg?ver=1777347562","caption":"Ren\u00e9 Mercier"},"url":"https:\/\/centcols.org\/it\/author\/7552\/"}]}},"_links":{"self":[{"href":"https:\/\/centcols.org\/it\/wp-json\/wp\/v2\/posts\/92151","targetHints":{"allow":["GET"]}}],"collection":[{"href":"https:\/\/centcols.org\/it\/wp-json\/wp\/v2\/posts"}],"about":[{"href":"https:\/\/centcols.org\/it\/wp-json\/wp\/v2\/types\/post"}],"author":[{"embeddable":true,"href":"https:\/\/centcols.org\/it\/wp-json\/wp\/v2\/users\/1726"}],"replies":[{"embeddable":true,"href":"https:\/\/centcols.org\/it\/wp-json\/wp\/v2\/comments?post=92151"}],"version-history":[{"count":0,"href":"https:\/\/centcols.org\/it\/wp-json\/wp\/v2\/posts\/92151\/revisions"}],"wp:featuredmedia":[{"embeddable":true,"href":"https:\/\/centcols.org\/it\/wp-json\/wp\/v2\/media\/92166"}],"wp:attachment":[{"href":"https:\/\/centcols.org\/it\/wp-json\/wp\/v2\/media?parent=92151"}],"wp:term":[{"taxonomy":"category","embeddable":true,"href":"https:\/\/centcols.org\/it\/wp-json\/wp\/v2\/categories?post=92151"},{"taxonomy":"post_tag","embeddable":true,"href":"https:\/\/centcols.org\/it\/wp-json\/wp\/v2\/tags?post=92151"}],"curies":[{"name":"wp","href":"https:\/\/api.w.org\/{rel}","templated":true}]}}