{"id":92190,"date":"2025-11-21T18:14:00","date_gmt":"2025-11-21T16:14:00","guid":{"rendered":"https:\/\/centcols.org\/?p=92190"},"modified":"2026-03-14T16:32:56","modified_gmt":"2026-03-14T14:32:56","slug":"it-26-dieulefit-vtt","status":"publish","type":"post","link":"https:\/\/centcols.org\/it\/fr-26-dieulefit-vtt\/","title":{"rendered":"FR-26 Dieulefit - Mountain bike 27 km, D+ 1090 m, 7 passi"},"content":{"rendered":"<iframe width=\"100%\" height=\"650\" loading=\"lazy\" src=\"https:\/\/www.openrunner.com\/embed\/2f5875654262574b656a494435325052564d56623456334b493341784939366837797a61395a42344766633d3a3aab300024d59180835549cbefee9fc9f8?unit=metric\" style=\"border: none;\"><\/iframe>\n\n\n\n<div style=\"height:30px\" aria-hidden=\"true\" class=\"wp-block-spacer\"><\/div>\n\n\n\n<h2 class=\"wp-block-heading\">Descrizione dell'autore<\/h2>\n\n\n\n<p><strong>Autore<\/strong> Philippe CHAZOTTIER<br><strong>Corso<\/strong> effettuata il 23 settembre 2025<br><strong>Partenza<\/strong> Parcheggio: cimitero di Dieulefit. Parcheggio di fronte.<\/p>\n\n\n\n<div style=\"height:30px\" aria-hidden=\"true\" class=\"wp-block-spacer\"><\/div>\n\n\n\n<h2 class=\"wp-block-heading\">Informazioni turistiche<\/h2>\n\n\n\n<p><\/p>\n\n\n\n<div style=\"height:30px\" aria-hidden=\"true\" class=\"wp-block-spacer\"><\/div>\n\n\n\n<h2 class=\"wp-block-heading\">Specifiche tecniche<\/h2>\n\n\n\n<p>Percorso ciclabile a 70%. Pendii molto ripidi che richiedono di essere spinti e le discese pi\u00f9 ripide fatte a piedi, perch\u00e9 sono molto sassose e piene di burroni. Anche il collegamento finale con la cresta \u00e8 noioso. Primi due passi: salita su asfalto fortemente degradato. Ultimi tre passi: accesso tramite sentieri.<br>Vigilanza: questo percorso \u00e8 riservato ai centristi esperti e addestrati.<\/p>\n\n\n\n<div style=\"height:30px\" aria-hidden=\"true\" class=\"wp-block-spacer\"><\/div>\n\n\n\n<p><strong>7 collari<\/strong><\/p>\n\n\n\n<figure class=\"wp-block-table\"><table class=\"has-fixed-layout\"><tbody><tr><td>1 - Col du Pommier<\/td><td class=\"has-text-align-center\" data-align=\"center\">512 m<\/td><td><a href=\"https:\/\/centcols.org\/it\/util\/geo\/visu.php\/?code=FR-26-0512a\" target=\"_blank\" rel=\"noreferrer noopener\">FR-26-0512a<\/a><\/td><\/tr><tr><td>2 - Collet Gaudet<\/td><td class=\"has-text-align-center\" data-align=\"center\">644 m<\/td><td><a href=\"https:\/\/centcols.org\/it\/util\/geo\/visu.php\/?code=FR-26-0644\" target=\"_blank\" rel=\"noreferrer noopener\">FR-26-0644<\/a><\/td><\/tr><tr><td>3 - Col de la Croix<\/td><td class=\"has-text-align-center\" data-align=\"center\">671 m<\/td><td><a href=\"https:\/\/centcols.org\/it\/util\/geo\/visu.php\/?code=FR-26-0671\" target=\"_blank\" rel=\"noreferrer noopener\">FR-26-0671<\/a><\/td><\/tr><tr><td>4 - Col du Coulant du Pommier<\/td><td class=\"has-text-align-center\" data-align=\"center\">573 m<\/td><td><a href=\"https:\/\/centcols.org\/it\/util\/geo\/visu.php\/?code=FR-26-0573\" target=\"_blank\" rel=\"noreferrer noopener\">FR-26-0573<\/a><\/td><\/tr><tr><td>5 \u2013 Passo della Gola dell'Asino<\/td><td class=\"has-text-align-center\" data-align=\"center\">708 m<\/td><td><a href=\"https:\/\/centcols.org\/it\/util\/geo\/visu.php\/?code=FR-26-0708\" target=\"_blank\" rel=\"noreferrer noopener\">FR-26-0708<\/a><\/td><\/tr><tr><td>6 - Col de Dieu Grace<\/td><td class=\"has-text-align-center\" data-align=\"center\">587 m<\/td><td><a href=\"https:\/\/centcols.org\/it\/util\/geo\/visu.php\/?code=FR-26-0587\" target=\"_blank\" rel=\"noreferrer noopener\">FR-26-0587<\/a><\/td><\/tr><tr><td>7 - Col de la Ruche<\/td><td class=\"has-text-align-center\" data-align=\"center\">585 m<\/td><td><a href=\"https:\/\/centcols.org\/it\/util\/geo\/visu.php\/?code=FR-26-0585\" target=\"_blank\" rel=\"noreferrer noopener\">FR-26-0585<\/a><\/td><\/tr><\/tbody><\/table><\/figure>\n\n\n\n<p><strong>Parole chiave<\/strong> : Dieulefit, centole<\/p>\n\n\n\n<p>Link Openrunner, mappa interattiva, profilo, traccia : <a href=\"https:\/\/www.openrunner.com\/route-details\/22911386\" target=\"_blank\" rel=\"noreferrer noopener\">https:\/\/www.openrunner.com\/route-details\/22911386<\/a><\/p>\n\n\n\n<p>Questo itinerario \u00e8 offerto a titolo puramente indicativo. L'autore non si assume alcuna responsabilit\u00e0, n\u00e9 quella del Club des Cent Cols, per eventuali imponderabilit\u00e0 dovute al ciclista stesso, all'equipaggiamento utilizzato o a qualsiasi cosa abbia a che fare con la strada, le piste e i sentieri, i loro dintorni o altri utenti.<\/p>\n\n\n\n<div style=\"height:30px\" aria-hidden=\"true\" class=\"wp-block-spacer\"><\/div>\n\n\n\n<h2 class=\"wp-block-heading\">Foto<\/h2>\n\n\n\n<figure class=\"wp-block-gallery has-nested-images columns-default is-cropped wp-block-gallery-1 is-layout-flex wp-block-gallery-is-layout-flex\">\n<figure class=\"wp-block-image size-large\"><a href=\"https:\/\/centcols.org\/wp-content\/uploads\/2025\/11\/dieulefit-4.jpg\"><img loading=\"lazy\" decoding=\"async\" width=\"1200\" height=\"694\" data-id=\"92202\" src=\"https:\/\/centcols.org\/wp-content\/uploads\/2025\/11\/dieulefit-4.jpg\" alt=\"\" class=\"wp-image-92202\" srcset=\"https:\/\/centcols.org\/wp-content\/uploads\/2025\/11\/dieulefit-4.jpg 1200w, https:\/\/centcols.org\/wp-content\/uploads\/2025\/11\/dieulefit-4-768x444.jpg 768w, https:\/\/centcols.org\/wp-content\/uploads\/2025\/11\/dieulefit-4-18x10.jpg 18w\" sizes=\"auto, (max-width: 1200px) 100vw, 1200px\" \/><\/a><\/figure>\n\n\n\n<figure class=\"wp-block-image size-large\"><a href=\"https:\/\/centcols.org\/wp-content\/uploads\/2025\/11\/dieulefit-3.jpg\"><img loading=\"lazy\" decoding=\"async\" width=\"1199\" height=\"745\" data-id=\"92201\" src=\"https:\/\/centcols.org\/wp-content\/uploads\/2025\/11\/dieulefit-3.jpg\" alt=\"\" class=\"wp-image-92201\" srcset=\"https:\/\/centcols.org\/wp-content\/uploads\/2025\/11\/dieulefit-3.jpg 1199w, https:\/\/centcols.org\/wp-content\/uploads\/2025\/11\/dieulefit-3-768x477.jpg 768w, https:\/\/centcols.org\/wp-content\/uploads\/2025\/11\/dieulefit-3-18x12.jpg 18w\" sizes=\"auto, (max-width: 1199px) 100vw, 1199px\" \/><\/a><\/figure>\n\n\n\n<figure class=\"wp-block-image size-large\"><a href=\"https:\/\/centcols.org\/wp-content\/uploads\/2025\/11\/dieulefit-2.jpg\"><img loading=\"lazy\" decoding=\"async\" width=\"1200\" height=\"900\" data-id=\"92200\" src=\"https:\/\/centcols.org\/wp-content\/uploads\/2025\/11\/dieulefit-2.jpg\" alt=\"\" class=\"wp-image-92200\" srcset=\"https:\/\/centcols.org\/wp-content\/uploads\/2025\/11\/dieulefit-2.jpg 1200w, https:\/\/centcols.org\/wp-content\/uploads\/2025\/11\/dieulefit-2-768x576.jpg 768w, https:\/\/centcols.org\/wp-content\/uploads\/2025\/11\/dieulefit-2-16x12.jpg 16w\" sizes=\"auto, (max-width: 1200px) 100vw, 1200px\" \/><\/a><\/figure>\n\n\n\n<figure class=\"wp-block-image size-large\"><a href=\"https:\/\/centcols.org\/wp-content\/uploads\/2025\/11\/dieulefit-1-e1763742189379.jpg\"><img loading=\"lazy\" decoding=\"async\" width=\"1199\" height=\"570\" data-id=\"92199\" src=\"https:\/\/centcols.org\/wp-content\/uploads\/2025\/11\/dieulefit-1-e1763742189379.jpg\" alt=\"\" class=\"wp-image-92199\" srcset=\"https:\/\/centcols.org\/wp-content\/uploads\/2025\/11\/dieulefit-1-e1763742189379.jpg 1199w, https:\/\/centcols.org\/wp-content\/uploads\/2025\/11\/dieulefit-1-e1763742189379-768x365.jpg 768w, https:\/\/centcols.org\/wp-content\/uploads\/2025\/11\/dieulefit-1-e1763742189379-18x9.jpg 18w\" sizes=\"auto, (max-width: 1199px) 100vw, 1199px\" \/><\/a><\/figure>\n<\/figure>","protected":false},"excerpt":{"rendered":"<p>Description de l\u2019auteur Auteur : Philippe CHAZOTTIERParcours : effectu\u00e9 le 23 septembre 2025D\u00e9part : cimeti\u00e8re de Dieulefit. Parking en face. Descriptif touristique Descriptif technique Parcours cyclable \u00e0 70%. Pentes tr\u00e8s raides n\u00e9cessitant poussage et descentes les plus raides faites \u00e0 pied car fortement caillouteuses et ravin\u00e9es. Liaison de cr\u00eate finale \u00e9galement fastidieuse. Deux premiers cols [&hellip;]<\/p>\n","protected":false},"author":1726,"featured_media":92200,"comment_status":"open","ping_status":"open","sticky":false,"template":"","format":"standard","meta":{"_acf_changed":false,"footnotes":""},"categories":[303,330,319,344,325,457,220],"tags":[],"class_list":["post-92190","post","type-post","status-publish","format-standard","has-post-thumbnail","hentry","category-parcours-france","category-auvergne-rhone-alpes-region-parcours-membres","category-vtt-type-parcours","category-alpes-francaises-du-sud","category-departement","category-26-drome-departement","category-parcours-membres"],"acf":[],"yoast_head":"<!-- This site is optimized with the Yoast SEO plugin v27.2 - https:\/\/yoast.com\/product\/yoast-seo-wordpress\/ -->\n<title>FR-26 Dieulefit \u2013 VTT 27 km, D+ 1090 m, 7 cols - Club des Cent Cols<\/title>\n<meta name=\"robots\" content=\"index, follow, max-snippet:-1, max-image-preview:large, max-video-preview:-1\" \/>\n<link rel=\"canonical\" href=\"https:\/\/centcols.org\/it\/it-26-dieulefit-vtt\/\" \/>\n<meta property=\"og:locale\" content=\"it_IT\" \/>\n<meta property=\"og:type\" content=\"article\" \/>\n<meta property=\"og:title\" content=\"FR-26 Dieulefit \u2013 VTT 27 km, D+ 1090 m, 7 cols - Club des Cent Cols\" \/>\n<meta property=\"og:description\" content=\"Description de l\u2019auteur Auteur : Philippe CHAZOTTIERParcours : effectu\u00e9 le 23 septembre 2025D\u00e9part : cimeti\u00e8re de Dieulefit. Parking en face. Descriptif touristique Descriptif technique Parcours cyclable \u00e0 70%. Pentes tr\u00e8s raides n\u00e9cessitant poussage et descentes les plus raides faites \u00e0 pied car fortement caillouteuses et ravin\u00e9es. Liaison de cr\u00eate finale \u00e9galement fastidieuse. Deux premiers cols [&hellip;]\" \/>\n<meta property=\"og:url\" content=\"https:\/\/centcols.org\/it\/it-26-dieulefit-vtt\/\" \/>\n<meta property=\"og:site_name\" content=\"Club des Cent Cols\" \/>\n<meta property=\"article:publisher\" content=\"https:\/\/www.facebook.com\/groups\/5261880558\/?locale=fr_FR\" \/>\n<meta property=\"article:published_time\" content=\"2025-11-21T16:14:00+00:00\" \/>\n<meta property=\"article:modified_time\" content=\"2026-03-14T14:32:56+00:00\" \/>\n<meta property=\"og:image\" content=\"https:\/\/centcols.org\/wp-content\/uploads\/2025\/11\/dieulefit-2.jpg\" \/>\n\t<meta property=\"og:image:width\" content=\"1200\" \/>\n\t<meta property=\"og:image:height\" content=\"900\" \/>\n\t<meta property=\"og:image:type\" content=\"image\/jpeg\" \/>\n<meta name=\"author\" content=\"Ren\u00e9 Mercier\" \/>\n<meta name=\"twitter:card\" content=\"summary_large_image\" \/>\n<meta name=\"twitter:label1\" content=\"Scritto da\" \/>\n\t<meta name=\"twitter:data1\" content=\"Ren\u00e9 Mercier\" \/>\n\t<meta name=\"twitter:label2\" content=\"Tempo di lettura stimato\" \/>\n\t<meta name=\"twitter:data2\" content=\"2 minuti\" \/>\n<script type=\"application\/ld+json\" class=\"yoast-schema-graph\">{\"@context\":\"https:\/\/schema.org\",\"@graph\":[{\"@type\":\"Article\",\"@id\":\"https:\/\/centcols.org\/fr-26-dieulefit-vtt\/#article\",\"isPartOf\":{\"@id\":\"https:\/\/centcols.org\/fr-26-dieulefit-vtt\/\"},\"author\":{\"name\":\"Ren\u00e9 Mercier\",\"@id\":\"https:\/\/centcols.org\/#\/schema\/person\/0cc8f723679c98f3fb7798df5a50c018\"},\"headline\":\"FR-26 Dieulefit \u2013 VTT 27 km, D+ 1090 m, 7 cols\",\"datePublished\":\"2025-11-21T16:14:00+00:00\",\"dateModified\":\"2026-03-14T14:32:56+00:00\",\"mainEntityOfPage\":{\"@id\":\"https:\/\/centcols.org\/fr-26-dieulefit-vtt\/\"},\"wordCount\":208,\"commentCount\":0,\"publisher\":{\"@id\":\"https:\/\/centcols.org\/#organization\"},\"image\":{\"@id\":\"https:\/\/centcols.org\/fr-26-dieulefit-vtt\/#primaryimage\"},\"thumbnailUrl\":\"https:\/\/centcols.org\/wp-content\/uploads\/2025\/11\/dieulefit-2.jpg\",\"articleSection\":[\"Parcours France\",\"Auvergne-Rh\u00f4ne-Alpes\",\"VTT\",\"Alpes fran\u00e7aises du sud\",\"D\u00e9partement\",\"26-Dr\u00f4me\",\"Parcours membres\"],\"inLanguage\":\"it-IT\",\"potentialAction\":[{\"@type\":\"CommentAction\",\"name\":\"Comment\",\"target\":[\"https:\/\/centcols.org\/fr-26-dieulefit-vtt\/#respond\"]}]},{\"@type\":\"WebPage\",\"@id\":\"https:\/\/centcols.org\/fr-26-dieulefit-vtt\/\",\"url\":\"https:\/\/centcols.org\/fr-26-dieulefit-vtt\/\",\"name\":\"FR-26 Dieulefit \u2013 VTT 27 km, D+ 1090 m, 7 cols - Club des Cent Cols\",\"isPartOf\":{\"@id\":\"https:\/\/centcols.org\/#website\"},\"primaryImageOfPage\":{\"@id\":\"https:\/\/centcols.org\/fr-26-dieulefit-vtt\/#primaryimage\"},\"image\":{\"@id\":\"https:\/\/centcols.org\/fr-26-dieulefit-vtt\/#primaryimage\"},\"thumbnailUrl\":\"https:\/\/centcols.org\/wp-content\/uploads\/2025\/11\/dieulefit-2.jpg\",\"datePublished\":\"2025-11-21T16:14:00+00:00\",\"dateModified\":\"2026-03-14T14:32:56+00:00\",\"breadcrumb\":{\"@id\":\"https:\/\/centcols.org\/fr-26-dieulefit-vtt\/#breadcrumb\"},\"inLanguage\":\"it-IT\",\"potentialAction\":[{\"@type\":\"ReadAction\",\"target\":[\"https:\/\/centcols.org\/fr-26-dieulefit-vtt\/\"]}]},{\"@type\":\"ImageObject\",\"inLanguage\":\"it-IT\",\"@id\":\"https:\/\/centcols.org\/fr-26-dieulefit-vtt\/#primaryimage\",\"url\":\"https:\/\/centcols.org\/wp-content\/uploads\/2025\/11\/dieulefit-2.jpg\",\"contentUrl\":\"https:\/\/centcols.org\/wp-content\/uploads\/2025\/11\/dieulefit-2.jpg\",\"width\":1200,\"height\":900},{\"@type\":\"BreadcrumbList\",\"@id\":\"https:\/\/centcols.org\/fr-26-dieulefit-vtt\/#breadcrumb\",\"itemListElement\":[{\"@type\":\"ListItem\",\"position\":1,\"name\":\"Accueil\",\"item\":\"https:\/\/centcols.org\/\"},{\"@type\":\"ListItem\",\"position\":2,\"name\":\"Parcours membres\",\"item\":\"https:\/\/centcols.org\/rubrique\/parcours-membres\/\"},{\"@type\":\"ListItem\",\"position\":3,\"name\":\"Pays\",\"item\":\"https:\/\/centcols.org\/rubrique\/parcours-membres\/pays-parcours-membres\/\"},{\"@type\":\"ListItem\",\"position\":4,\"name\":\"Parcours France\",\"item\":\"https:\/\/centcols.org\/rubrique\/parcours-membres\/pays-parcours-membres\/parcours-france\/\"},{\"@type\":\"ListItem\",\"position\":5,\"name\":\"FR-26 Dieulefit \u2013 VTT 27 km, D+ 1090 m, 7 cols\"}]},{\"@type\":\"WebSite\",\"@id\":\"https:\/\/centcols.org\/#website\",\"url\":\"https:\/\/centcols.org\/\",\"name\":\"Club des Cent Cols\",\"description\":\"\",\"publisher\":{\"@id\":\"https:\/\/centcols.org\/#organization\"},\"potentialAction\":[{\"@type\":\"SearchAction\",\"target\":{\"@type\":\"EntryPoint\",\"urlTemplate\":\"https:\/\/centcols.org\/?s={search_term_string}\"},\"query-input\":{\"@type\":\"PropertyValueSpecification\",\"valueRequired\":true,\"valueName\":\"search_term_string\"}}],\"inLanguage\":\"it-IT\"},{\"@type\":\"Organization\",\"@id\":\"https:\/\/centcols.org\/#organization\",\"name\":\"Club des Cent Cols\",\"url\":\"https:\/\/centcols.org\/\",\"logo\":{\"@type\":\"ImageObject\",\"inLanguage\":\"it-IT\",\"@id\":\"https:\/\/centcols.org\/#\/schema\/logo\/image\/\",\"url\":\"https:\/\/centcols.org\/wp-content\/uploads\/2025\/01\/carte-icone.png\",\"contentUrl\":\"https:\/\/centcols.org\/wp-content\/uploads\/2025\/01\/carte-icone.png\",\"width\":250,\"height\":250,\"caption\":\"Club des Cent Cols\"},\"image\":{\"@id\":\"https:\/\/centcols.org\/#\/schema\/logo\/image\/\"},\"sameAs\":[\"https:\/\/www.facebook.com\/groups\/5261880558\/?locale=fr_FR\"]},{\"@type\":\"Person\",\"@id\":\"https:\/\/centcols.org\/#\/schema\/person\/0cc8f723679c98f3fb7798df5a50c018\",\"name\":\"Ren\u00e9 Mercier\",\"image\":{\"@type\":\"ImageObject\",\"inLanguage\":\"it-IT\",\"@id\":\"https:\/\/centcols.org\/wp-content\/litespeed\/avatar\/c2275eeaf79d4f7456274de381abeeab.jpg?ver=1777347562\",\"url\":\"https:\/\/centcols.org\/wp-content\/litespeed\/avatar\/c2275eeaf79d4f7456274de381abeeab.jpg?ver=1777347562\",\"contentUrl\":\"https:\/\/centcols.org\/wp-content\/litespeed\/avatar\/c2275eeaf79d4f7456274de381abeeab.jpg?ver=1777347562\",\"caption\":\"Ren\u00e9 Mercier\"},\"url\":\"https:\/\/centcols.org\/it\/author\/7552\/\"}]}<\/script>\n<!-- \/ Yoast SEO plugin. -->","yoast_head_json":{"title":"FR-26 Dieulefit - MTB 27 km, D+ 1090 m, 7 passi - Club des Cent Cols","robots":{"index":"index","follow":"follow","max-snippet":"max-snippet:-1","max-image-preview":"max-image-preview:large","max-video-preview":"max-video-preview:-1"},"canonical":"https:\/\/centcols.org\/it\/it-26-dieulefit-vtt\/","og_locale":"it_IT","og_type":"article","og_title":"FR-26 Dieulefit \u2013 VTT 27 km, D+ 1090 m, 7 cols - Club des Cent Cols","og_description":"Description de l\u2019auteur Auteur : Philippe CHAZOTTIERParcours : effectu\u00e9 le 23 septembre 2025D\u00e9part : cimeti\u00e8re de Dieulefit. Parking en face. Descriptif touristique Descriptif technique Parcours cyclable \u00e0 70%. Pentes tr\u00e8s raides n\u00e9cessitant poussage et descentes les plus raides faites \u00e0 pied car fortement caillouteuses et ravin\u00e9es. Liaison de cr\u00eate finale \u00e9galement fastidieuse. Deux premiers cols [&hellip;]","og_url":"https:\/\/centcols.org\/it\/it-26-dieulefit-vtt\/","og_site_name":"Club des Cent Cols","article_publisher":"https:\/\/www.facebook.com\/groups\/5261880558\/?locale=fr_FR","article_published_time":"2025-11-21T16:14:00+00:00","article_modified_time":"2026-03-14T14:32:56+00:00","og_image":[{"width":1200,"height":900,"url":"https:\/\/centcols.org\/wp-content\/uploads\/2025\/11\/dieulefit-2.jpg","type":"image\/jpeg"}],"author":"Ren\u00e9 Mercier","twitter_card":"summary_large_image","twitter_misc":{"Scritto da":"Ren\u00e9 Mercier","Tempo di lettura stimato":"2 minuti"},"schema":{"@context":"https:\/\/schema.org","@graph":[{"@type":"Article","@id":"https:\/\/centcols.org\/fr-26-dieulefit-vtt\/#article","isPartOf":{"@id":"https:\/\/centcols.org\/fr-26-dieulefit-vtt\/"},"author":{"name":"Ren\u00e9 Mercier","@id":"https:\/\/centcols.org\/#\/schema\/person\/0cc8f723679c98f3fb7798df5a50c018"},"headline":"FR-26 Dieulefit \u2013 VTT 27 km, D+ 1090 m, 7 cols","datePublished":"2025-11-21T16:14:00+00:00","dateModified":"2026-03-14T14:32:56+00:00","mainEntityOfPage":{"@id":"https:\/\/centcols.org\/fr-26-dieulefit-vtt\/"},"wordCount":208,"commentCount":0,"publisher":{"@id":"https:\/\/centcols.org\/#organization"},"image":{"@id":"https:\/\/centcols.org\/fr-26-dieulefit-vtt\/#primaryimage"},"thumbnailUrl":"https:\/\/centcols.org\/wp-content\/uploads\/2025\/11\/dieulefit-2.jpg","articleSection":["Parcours France","Auvergne-Rh\u00f4ne-Alpes","VTT","Alpes fran\u00e7aises du sud","D\u00e9partement","26-Dr\u00f4me","Parcours membres"],"inLanguage":"it-IT","potentialAction":[{"@type":"CommentAction","name":"Comment","target":["https:\/\/centcols.org\/fr-26-dieulefit-vtt\/#respond"]}]},{"@type":"WebPage","@id":"https:\/\/centcols.org\/fr-26-dieulefit-vtt\/","url":"https:\/\/centcols.org\/fr-26-dieulefit-vtt\/","name":"FR-26 Dieulefit - MTB 27 km, D+ 1090 m, 7 passi - Club des Cent Cols","isPartOf":{"@id":"https:\/\/centcols.org\/#website"},"primaryImageOfPage":{"@id":"https:\/\/centcols.org\/fr-26-dieulefit-vtt\/#primaryimage"},"image":{"@id":"https:\/\/centcols.org\/fr-26-dieulefit-vtt\/#primaryimage"},"thumbnailUrl":"https:\/\/centcols.org\/wp-content\/uploads\/2025\/11\/dieulefit-2.jpg","datePublished":"2025-11-21T16:14:00+00:00","dateModified":"2026-03-14T14:32:56+00:00","breadcrumb":{"@id":"https:\/\/centcols.org\/fr-26-dieulefit-vtt\/#breadcrumb"},"inLanguage":"it-IT","potentialAction":[{"@type":"ReadAction","target":["https:\/\/centcols.org\/fr-26-dieulefit-vtt\/"]}]},{"@type":"ImageObject","inLanguage":"it-IT","@id":"https:\/\/centcols.org\/fr-26-dieulefit-vtt\/#primaryimage","url":"https:\/\/centcols.org\/wp-content\/uploads\/2025\/11\/dieulefit-2.jpg","contentUrl":"https:\/\/centcols.org\/wp-content\/uploads\/2025\/11\/dieulefit-2.jpg","width":1200,"height":900},{"@type":"BreadcrumbList","@id":"https:\/\/centcols.org\/fr-26-dieulefit-vtt\/#breadcrumb","itemListElement":[{"@type":"ListItem","position":1,"name":"Accueil","item":"https:\/\/centcols.org\/"},{"@type":"ListItem","position":2,"name":"Parcours membres","item":"https:\/\/centcols.org\/rubrique\/parcours-membres\/"},{"@type":"ListItem","position":3,"name":"Pays","item":"https:\/\/centcols.org\/rubrique\/parcours-membres\/pays-parcours-membres\/"},{"@type":"ListItem","position":4,"name":"Parcours France","item":"https:\/\/centcols.org\/rubrique\/parcours-membres\/pays-parcours-membres\/parcours-france\/"},{"@type":"ListItem","position":5,"name":"FR-26 Dieulefit \u2013 VTT 27 km, D+ 1090 m, 7 cols"}]},{"@type":"WebSite","@id":"https:\/\/centcols.org\/#website","url":"https:\/\/centcols.org\/","name":"Club des Cent Cols","description":"","publisher":{"@id":"https:\/\/centcols.org\/#organization"},"potentialAction":[{"@type":"SearchAction","target":{"@type":"EntryPoint","urlTemplate":"https:\/\/centcols.org\/?s={search_term_string}"},"query-input":{"@type":"PropertyValueSpecification","valueRequired":true,"valueName":"search_term_string"}}],"inLanguage":"it-IT"},{"@type":"Organization","@id":"https:\/\/centcols.org\/#organization","name":"Club des Cent Cols","url":"https:\/\/centcols.org\/","logo":{"@type":"ImageObject","inLanguage":"it-IT","@id":"https:\/\/centcols.org\/#\/schema\/logo\/image\/","url":"https:\/\/centcols.org\/wp-content\/uploads\/2025\/01\/carte-icone.png","contentUrl":"https:\/\/centcols.org\/wp-content\/uploads\/2025\/01\/carte-icone.png","width":250,"height":250,"caption":"Club des Cent Cols"},"image":{"@id":"https:\/\/centcols.org\/#\/schema\/logo\/image\/"},"sameAs":["https:\/\/www.facebook.com\/groups\/5261880558\/?locale=fr_FR"]},{"@type":"Person","@id":"https:\/\/centcols.org\/#\/schema\/person\/0cc8f723679c98f3fb7798df5a50c018","name":"Ren\u00e9 Mercier","image":{"@type":"ImageObject","inLanguage":"it-IT","@id":"https:\/\/centcols.org\/wp-content\/litespeed\/avatar\/c2275eeaf79d4f7456274de381abeeab.jpg?ver=1777347562","url":"https:\/\/centcols.org\/wp-content\/litespeed\/avatar\/c2275eeaf79d4f7456274de381abeeab.jpg?ver=1777347562","contentUrl":"https:\/\/centcols.org\/wp-content\/litespeed\/avatar\/c2275eeaf79d4f7456274de381abeeab.jpg?ver=1777347562","caption":"Ren\u00e9 Mercier"},"url":"https:\/\/centcols.org\/it\/author\/7552\/"}]}},"_links":{"self":[{"href":"https:\/\/centcols.org\/it\/wp-json\/wp\/v2\/posts\/92190","targetHints":{"allow":["GET"]}}],"collection":[{"href":"https:\/\/centcols.org\/it\/wp-json\/wp\/v2\/posts"}],"about":[{"href":"https:\/\/centcols.org\/it\/wp-json\/wp\/v2\/types\/post"}],"author":[{"embeddable":true,"href":"https:\/\/centcols.org\/it\/wp-json\/wp\/v2\/users\/1726"}],"replies":[{"embeddable":true,"href":"https:\/\/centcols.org\/it\/wp-json\/wp\/v2\/comments?post=92190"}],"version-history":[{"count":0,"href":"https:\/\/centcols.org\/it\/wp-json\/wp\/v2\/posts\/92190\/revisions"}],"wp:featuredmedia":[{"embeddable":true,"href":"https:\/\/centcols.org\/it\/wp-json\/wp\/v2\/media\/92200"}],"wp:attachment":[{"href":"https:\/\/centcols.org\/it\/wp-json\/wp\/v2\/media?parent=92190"}],"wp:term":[{"taxonomy":"category","embeddable":true,"href":"https:\/\/centcols.org\/it\/wp-json\/wp\/v2\/categories?post=92190"},{"taxonomy":"post_tag","embeddable":true,"href":"https:\/\/centcols.org\/it\/wp-json\/wp\/v2\/tags?post=92190"}],"curies":[{"name":"wp","href":"https:\/\/api.w.org\/{rel}","templated":true}]}}