{"id":92291,"date":"2025-11-29T13:12:32","date_gmt":"2025-11-29T11:12:32","guid":{"rendered":"https:\/\/centcols.org\/?p=92291"},"modified":"2025-11-29T14:44:51","modified_gmt":"2025-11-29T12:44:51","slug":"gerald-cowham","status":"publish","type":"post","link":"https:\/\/centcols.org\/it\/gerald-cowham\/","title":{"rendered":"Gerald Cowham"},"content":{"rendered":"<p>Abbiamo appena perso un amico.<\/p>\n\n\n\n<figure class=\"wp-block-image size-full\"><img loading=\"lazy\" decoding=\"async\" width=\"1200\" height=\"900\" src=\"https:\/\/centcols.org\/wp-content\/uploads\/2025\/11\/Gerald-lors-dun-sejour-a-Valcavera-en-2018.jpg\" alt=\"\" class=\"wp-image-92292\" srcset=\"https:\/\/centcols.org\/wp-content\/uploads\/2025\/11\/Gerald-lors-dun-sejour-a-Valcavera-en-2018.jpg 1200w, https:\/\/centcols.org\/wp-content\/uploads\/2025\/11\/Gerald-lors-dun-sejour-a-Valcavera-en-2018-768x576.jpg 768w, https:\/\/centcols.org\/wp-content\/uploads\/2025\/11\/Gerald-lors-dun-sejour-a-Valcavera-en-2018-16x12.jpg 16w\" sizes=\"auto, (max-width: 1200px) 100vw, 1200px\" \/><figcaption class=\"wp-element-caption\">G\u00e9rald, durante un soggiorno a Valcavera nel 2018<\/figcaption><\/figure>\n\n\n\n<p>Entrato nel club nel 2003, G\u00e9rald ha partecipato a numerosi soggiorni. Ha lavorato per molti anni al servizio del club: traduttore (articoli del nostro sito, modulo di iscrizione ai soggiorni), autore di <a href=\"https:\/\/centcols.org\/it\/la-saga-del-parpaillon\/\">La saga del Parpaillon<\/a> (raccolta di articoli pubblicati sulla rivista dal 1970 al 2020 su questo leggendario passo). Quest'estate aveva accettato di assumere la carica di Delegato Nazionale per il Regno Unito e l'Irlanda in sostituzione di J\u00e9r\u00e9my Chandler, quest'ultimo affetto da problemi di salute.<\/p>\n\n\n\n<p>Avrebbe dovuto partecipare al soggiorno estivo a Vaison-la-Romaine, ma il 19 agosto mi ha comunicato che avrebbe dovuto rinunciare perch\u00e9 la malattia lo aveva indebolito al punto da impedirgli di affrontare il viaggio.<\/p>\n\n\n\n<p>Amorevole dell'Ubaye, per 25 anni ha soggiornato all'hotel Cheval Blanc di Barcelonnette, di cui era il cliente pi\u00f9 fedele. Attraversato il 26 giugno 2025, il Baisse de P\u00e9gui\u00e9ou FR-04-2400a \u00e8 stato il suo ultimo passo.<\/p>\n\n\n\n<p>Paulette Autric, che era la persona che lo conosceva meglio, mi diceva: \u00ab\u00c8 spensierato, non vedeva il pericolo\u00bb.<br>Christophe Badonnel CCC5799<\/p>\n\n\n<h3 class=\"wp-album-user\"><a href=\"https:\/\/centcols.org\/wp-content\/albums\/92289\/5065\/album-92289-5065-20251202-110244.jpg\" class=\"fancybox\" data-fancybox=\"album-92289-user-58\" rel=\"album-92289-user-58\" data-caption=\"9\/7\/2022 au Col de Lizzarieta. Photo @JL-Matte\" title=\"9\/7\/2022 al Colle di Lizzarieta. Foto @JL-Matte\">Album di Enrico Alberini - CC 5065<\/a><\/h3><div class=\"wp-album-hidden\"><a href=\"https:\/\/centcols.org\/wp-content\/albums\/92289\/5065\/album-92289-5065-20251202-110249.jpg\" class=\"fancybox wp-album-vh\" data-fancybox=\"album-92289-user-58\" rel=\"album-92289-user-58\" data-caption=\"09\/7\/2022 au Col de Lizzarieta. Photo  @JL-Matte\" title=\"09\/7\/2022 al Colle di Lizzarieta. Foto @JL-Matte\"><\/a><\/div>","protected":false},"excerpt":{"rendered":"<p>Nous venons de perdre un ami. Entr\u00e9 au club en 2003, G\u00e9rald a particip\u00e9 \u00e0 de nombreux s\u00e9jours. Il a \u0153uvr\u00e9 pendant de nombreuses ann\u00e9es au service du club : traducteur (articles de notre site, bulletin d&rsquo;inscription des s\u00e9jours), auteur de la saga du Parpaillon (compilation des articles parus dans la revue de 1970 \u00e0 [&hellip;]<\/p>\n","protected":false},"author":64,"featured_media":92292,"comment_status":"open","ping_status":"open","sticky":false,"template":"","format":"standard","meta":{"_acf_changed":false,"footnotes":""},"categories":[130,129],"tags":[],"class_list":["post-92291","post","type-post","status-publish","format-standard","has-post-thumbnail","hentry","category-carnet-noir","category-gazette"],"acf":[],"yoast_head":"<!-- This site is optimized with the Yoast SEO plugin v27.2 - https:\/\/yoast.com\/product\/yoast-seo-wordpress\/ -->\n<title>G\u00e9rald Cowham - Club des Cent Cols<\/title>\n<meta name=\"robots\" content=\"index, follow, max-snippet:-1, max-image-preview:large, max-video-preview:-1\" \/>\n<link rel=\"canonical\" href=\"https:\/\/centcols.org\/it\/gerald-cowham\/\" \/>\n<meta property=\"og:locale\" content=\"it_IT\" \/>\n<meta property=\"og:type\" content=\"article\" \/>\n<meta property=\"og:title\" content=\"G\u00e9rald Cowham - Club des Cent Cols\" \/>\n<meta property=\"og:description\" content=\"Nous venons de perdre un ami. Entr\u00e9 au club en 2003, G\u00e9rald a particip\u00e9 \u00e0 de nombreux s\u00e9jours. Il a \u0153uvr\u00e9 pendant de nombreuses ann\u00e9es au service du club : traducteur (articles de notre site, bulletin d&rsquo;inscription des s\u00e9jours), auteur de la saga du Parpaillon (compilation des articles parus dans la revue de 1970 \u00e0 [&hellip;]\" \/>\n<meta property=\"og:url\" content=\"https:\/\/centcols.org\/it\/gerald-cowham\/\" \/>\n<meta property=\"og:site_name\" content=\"Club des Cent Cols\" \/>\n<meta property=\"article:publisher\" content=\"https:\/\/www.facebook.com\/groups\/5261880558\/?locale=fr_FR\" \/>\n<meta property=\"article:published_time\" content=\"2025-11-29T11:12:32+00:00\" \/>\n<meta property=\"article:modified_time\" content=\"2025-11-29T12:44:51+00:00\" \/>\n<meta property=\"og:image\" content=\"https:\/\/centcols.org\/wp-content\/uploads\/2025\/11\/Gerald-lors-dun-sejour-a-Valcavera-en-2018.jpg\" \/>\n\t<meta property=\"og:image:width\" content=\"1200\" \/>\n\t<meta property=\"og:image:height\" content=\"900\" \/>\n\t<meta property=\"og:image:type\" content=\"image\/jpeg\" \/>\n<meta name=\"author\" content=\"Christophe Badonnel\" \/>\n<meta name=\"twitter:card\" content=\"summary_large_image\" \/>\n<meta name=\"twitter:label1\" content=\"Scritto da\" \/>\n\t<meta name=\"twitter:data1\" content=\"Christophe Badonnel\" \/>\n\t<meta name=\"twitter:label2\" content=\"Tempo di lettura stimato\" \/>\n\t<meta name=\"twitter:data2\" content=\"2 minuti\" \/>\n<script type=\"application\/ld+json\" class=\"yoast-schema-graph\">{\"@context\":\"https:\/\/schema.org\",\"@graph\":[{\"@type\":\"Article\",\"@id\":\"https:\/\/centcols.org\/it\/gerald-cowham\/#article\",\"isPartOf\":{\"@id\":\"https:\/\/centcols.org\/it\/gerald-cowham\/\"},\"author\":{\"name\":\"Christophe Badonnel\",\"@id\":\"https:\/\/centcols.org\/#\/schema\/person\/5c1a9d61132fb33ccec149272abff6e1\"},\"headline\":\"G\u00e9rald Cowham\",\"datePublished\":\"2025-11-29T11:12:32+00:00\",\"dateModified\":\"2025-11-29T12:44:51+00:00\",\"mainEntityOfPage\":{\"@id\":\"https:\/\/centcols.org\/it\/gerald-cowham\/\"},\"wordCount\":224,\"commentCount\":3,\"publisher\":{\"@id\":\"https:\/\/centcols.org\/#organization\"},\"image\":{\"@id\":\"https:\/\/centcols.org\/it\/gerald-cowham\/#primaryimage\"},\"thumbnailUrl\":\"https:\/\/centcols.org\/wp-content\/uploads\/2025\/11\/Gerald-lors-dun-sejour-a-Valcavera-en-2018.jpg\",\"articleSection\":[\"Carnet noir\",\"Gazette\"],\"inLanguage\":\"it-IT\",\"potentialAction\":[{\"@type\":\"CommentAction\",\"name\":\"Comment\",\"target\":[\"https:\/\/centcols.org\/it\/gerald-cowham\/#respond\"]}]},{\"@type\":\"WebPage\",\"@id\":\"https:\/\/centcols.org\/it\/gerald-cowham\/\",\"url\":\"https:\/\/centcols.org\/it\/gerald-cowham\/\",\"name\":\"G\u00e9rald Cowham - Club des Cent Cols\",\"isPartOf\":{\"@id\":\"https:\/\/centcols.org\/#website\"},\"primaryImageOfPage\":{\"@id\":\"https:\/\/centcols.org\/it\/gerald-cowham\/#primaryimage\"},\"image\":{\"@id\":\"https:\/\/centcols.org\/it\/gerald-cowham\/#primaryimage\"},\"thumbnailUrl\":\"https:\/\/centcols.org\/wp-content\/uploads\/2025\/11\/Gerald-lors-dun-sejour-a-Valcavera-en-2018.jpg\",\"datePublished\":\"2025-11-29T11:12:32+00:00\",\"dateModified\":\"2025-11-29T12:44:51+00:00\",\"breadcrumb\":{\"@id\":\"https:\/\/centcols.org\/it\/gerald-cowham\/#breadcrumb\"},\"inLanguage\":\"it-IT\",\"potentialAction\":[{\"@type\":\"ReadAction\",\"target\":[\"https:\/\/centcols.org\/it\/gerald-cowham\/\"]}]},{\"@type\":\"ImageObject\",\"inLanguage\":\"it-IT\",\"@id\":\"https:\/\/centcols.org\/it\/gerald-cowham\/#primaryimage\",\"url\":\"https:\/\/centcols.org\/wp-content\/uploads\/2025\/11\/Gerald-lors-dun-sejour-a-Valcavera-en-2018.jpg\",\"contentUrl\":\"https:\/\/centcols.org\/wp-content\/uploads\/2025\/11\/Gerald-lors-dun-sejour-a-Valcavera-en-2018.jpg\",\"width\":1200,\"height\":900,\"caption\":\"G\u00e9rald, lors d'un s\u00e9jour \u00e0 Valcavera en 2018\"},{\"@type\":\"BreadcrumbList\",\"@id\":\"https:\/\/centcols.org\/it\/gerald-cowham\/#breadcrumb\",\"itemListElement\":[{\"@type\":\"ListItem\",\"position\":1,\"name\":\"Accueil\",\"item\":\"https:\/\/centcols.org\/\"},{\"@type\":\"ListItem\",\"position\":2,\"name\":\"Gazette\",\"item\":\"https:\/\/centcols.org\/rubrique\/gazette\/\"},{\"@type\":\"ListItem\",\"position\":3,\"name\":\"G\u00e9rald Cowham\"}]},{\"@type\":\"WebSite\",\"@id\":\"https:\/\/centcols.org\/#website\",\"url\":\"https:\/\/centcols.org\/\",\"name\":\"Club des Cent Cols\",\"description\":\"\",\"publisher\":{\"@id\":\"https:\/\/centcols.org\/#organization\"},\"potentialAction\":[{\"@type\":\"SearchAction\",\"target\":{\"@type\":\"EntryPoint\",\"urlTemplate\":\"https:\/\/centcols.org\/?s={search_term_string}\"},\"query-input\":{\"@type\":\"PropertyValueSpecification\",\"valueRequired\":true,\"valueName\":\"search_term_string\"}}],\"inLanguage\":\"it-IT\"},{\"@type\":\"Organization\",\"@id\":\"https:\/\/centcols.org\/#organization\",\"name\":\"Club des Cent Cols\",\"url\":\"https:\/\/centcols.org\/\",\"logo\":{\"@type\":\"ImageObject\",\"inLanguage\":\"it-IT\",\"@id\":\"https:\/\/centcols.org\/#\/schema\/logo\/image\/\",\"url\":\"https:\/\/centcols.org\/wp-content\/uploads\/2025\/01\/carte-icone.png\",\"contentUrl\":\"https:\/\/centcols.org\/wp-content\/uploads\/2025\/01\/carte-icone.png\",\"width\":250,\"height\":250,\"caption\":\"Club des Cent Cols\"},\"image\":{\"@id\":\"https:\/\/centcols.org\/#\/schema\/logo\/image\/\"},\"sameAs\":[\"https:\/\/www.facebook.com\/groups\/5261880558\/?locale=fr_FR\"]},{\"@type\":\"Person\",\"@id\":\"https:\/\/centcols.org\/#\/schema\/person\/5c1a9d61132fb33ccec149272abff6e1\",\"name\":\"Christophe Badonnel\",\"image\":{\"@type\":\"ImageObject\",\"inLanguage\":\"it-IT\",\"@id\":\"https:\/\/centcols.org\/wp-content\/litespeed\/avatar\/9f363966b51271bd99ebbb6ebd632889.jpg?ver=1777238111\",\"url\":\"https:\/\/centcols.org\/wp-content\/litespeed\/avatar\/9f363966b51271bd99ebbb6ebd632889.jpg?ver=1777238111\",\"contentUrl\":\"https:\/\/centcols.org\/wp-content\/litespeed\/avatar\/9f363966b51271bd99ebbb6ebd632889.jpg?ver=1777238111\",\"caption\":\"Christophe Badonnel\"},\"url\":\"https:\/\/centcols.org\/it\/author\/5799\/\"}]}<\/script>\n<!-- \/ Yoast SEO plugin. -->","yoast_head_json":{"title":"G\u00e9rald Cowham - Club dei Cento Passi","robots":{"index":"index","follow":"follow","max-snippet":"max-snippet:-1","max-image-preview":"max-image-preview:large","max-video-preview":"max-video-preview:-1"},"canonical":"https:\/\/centcols.org\/it\/gerald-cowham\/","og_locale":"it_IT","og_type":"article","og_title":"G\u00e9rald Cowham - Club des Cent Cols","og_description":"Nous venons de perdre un ami. Entr\u00e9 au club en 2003, G\u00e9rald a particip\u00e9 \u00e0 de nombreux s\u00e9jours. Il a \u0153uvr\u00e9 pendant de nombreuses ann\u00e9es au service du club : traducteur (articles de notre site, bulletin d&rsquo;inscription des s\u00e9jours), auteur de la saga du Parpaillon (compilation des articles parus dans la revue de 1970 \u00e0 [&hellip;]","og_url":"https:\/\/centcols.org\/it\/gerald-cowham\/","og_site_name":"Club des Cent Cols","article_publisher":"https:\/\/www.facebook.com\/groups\/5261880558\/?locale=fr_FR","article_published_time":"2025-11-29T11:12:32+00:00","article_modified_time":"2025-11-29T12:44:51+00:00","og_image":[{"width":1200,"height":900,"url":"https:\/\/centcols.org\/wp-content\/uploads\/2025\/11\/Gerald-lors-dun-sejour-a-Valcavera-en-2018.jpg","type":"image\/jpeg"}],"author":"Christophe Badonnel","twitter_card":"summary_large_image","twitter_misc":{"Scritto da":"Christophe Badonnel","Tempo di lettura stimato":"2 minuti"},"schema":{"@context":"https:\/\/schema.org","@graph":[{"@type":"Article","@id":"https:\/\/centcols.org\/it\/gerald-cowham\/#article","isPartOf":{"@id":"https:\/\/centcols.org\/it\/gerald-cowham\/"},"author":{"name":"Christophe Badonnel","@id":"https:\/\/centcols.org\/#\/schema\/person\/5c1a9d61132fb33ccec149272abff6e1"},"headline":"G\u00e9rald Cowham","datePublished":"2025-11-29T11:12:32+00:00","dateModified":"2025-11-29T12:44:51+00:00","mainEntityOfPage":{"@id":"https:\/\/centcols.org\/it\/gerald-cowham\/"},"wordCount":224,"commentCount":3,"publisher":{"@id":"https:\/\/centcols.org\/#organization"},"image":{"@id":"https:\/\/centcols.org\/it\/gerald-cowham\/#primaryimage"},"thumbnailUrl":"https:\/\/centcols.org\/wp-content\/uploads\/2025\/11\/Gerald-lors-dun-sejour-a-Valcavera-en-2018.jpg","articleSection":["Carnet noir","Gazette"],"inLanguage":"it-IT","potentialAction":[{"@type":"CommentAction","name":"Comment","target":["https:\/\/centcols.org\/it\/gerald-cowham\/#respond"]}]},{"@type":"WebPage","@id":"https:\/\/centcols.org\/it\/gerald-cowham\/","url":"https:\/\/centcols.org\/it\/gerald-cowham\/","name":"G\u00e9rald Cowham - Club dei Cento Passi","isPartOf":{"@id":"https:\/\/centcols.org\/#website"},"primaryImageOfPage":{"@id":"https:\/\/centcols.org\/it\/gerald-cowham\/#primaryimage"},"image":{"@id":"https:\/\/centcols.org\/it\/gerald-cowham\/#primaryimage"},"thumbnailUrl":"https:\/\/centcols.org\/wp-content\/uploads\/2025\/11\/Gerald-lors-dun-sejour-a-Valcavera-en-2018.jpg","datePublished":"2025-11-29T11:12:32+00:00","dateModified":"2025-11-29T12:44:51+00:00","breadcrumb":{"@id":"https:\/\/centcols.org\/it\/gerald-cowham\/#breadcrumb"},"inLanguage":"it-IT","potentialAction":[{"@type":"ReadAction","target":["https:\/\/centcols.org\/it\/gerald-cowham\/"]}]},{"@type":"ImageObject","inLanguage":"it-IT","@id":"https:\/\/centcols.org\/it\/gerald-cowham\/#primaryimage","url":"https:\/\/centcols.org\/wp-content\/uploads\/2025\/11\/Gerald-lors-dun-sejour-a-Valcavera-en-2018.jpg","contentUrl":"https:\/\/centcols.org\/wp-content\/uploads\/2025\/11\/Gerald-lors-dun-sejour-a-Valcavera-en-2018.jpg","width":1200,"height":900,"caption":"G\u00e9rald, lors d'un s\u00e9jour \u00e0 Valcavera en 2018"},{"@type":"BreadcrumbList","@id":"https:\/\/centcols.org\/it\/gerald-cowham\/#breadcrumb","itemListElement":[{"@type":"ListItem","position":1,"name":"Accueil","item":"https:\/\/centcols.org\/"},{"@type":"ListItem","position":2,"name":"Gazette","item":"https:\/\/centcols.org\/rubrique\/gazette\/"},{"@type":"ListItem","position":3,"name":"G\u00e9rald Cowham"}]},{"@type":"WebSite","@id":"https:\/\/centcols.org\/#website","url":"https:\/\/centcols.org\/","name":"Club des Cent Cols","description":"","publisher":{"@id":"https:\/\/centcols.org\/#organization"},"potentialAction":[{"@type":"SearchAction","target":{"@type":"EntryPoint","urlTemplate":"https:\/\/centcols.org\/?s={search_term_string}"},"query-input":{"@type":"PropertyValueSpecification","valueRequired":true,"valueName":"search_term_string"}}],"inLanguage":"it-IT"},{"@type":"Organization","@id":"https:\/\/centcols.org\/#organization","name":"Club des Cent Cols","url":"https:\/\/centcols.org\/","logo":{"@type":"ImageObject","inLanguage":"it-IT","@id":"https:\/\/centcols.org\/#\/schema\/logo\/image\/","url":"https:\/\/centcols.org\/wp-content\/uploads\/2025\/01\/carte-icone.png","contentUrl":"https:\/\/centcols.org\/wp-content\/uploads\/2025\/01\/carte-icone.png","width":250,"height":250,"caption":"Club des Cent Cols"},"image":{"@id":"https:\/\/centcols.org\/#\/schema\/logo\/image\/"},"sameAs":["https:\/\/www.facebook.com\/groups\/5261880558\/?locale=fr_FR"]},{"@type":"Person","@id":"https:\/\/centcols.org\/#\/schema\/person\/5c1a9d61132fb33ccec149272abff6e1","name":"Christophe Badonnel","image":{"@type":"ImageObject","inLanguage":"it-IT","@id":"https:\/\/centcols.org\/wp-content\/litespeed\/avatar\/9f363966b51271bd99ebbb6ebd632889.jpg?ver=1777238111","url":"https:\/\/centcols.org\/wp-content\/litespeed\/avatar\/9f363966b51271bd99ebbb6ebd632889.jpg?ver=1777238111","contentUrl":"https:\/\/centcols.org\/wp-content\/litespeed\/avatar\/9f363966b51271bd99ebbb6ebd632889.jpg?ver=1777238111","caption":"Christophe Badonnel"},"url":"https:\/\/centcols.org\/it\/author\/5799\/"}]}},"_links":{"self":[{"href":"https:\/\/centcols.org\/it\/wp-json\/wp\/v2\/posts\/92291","targetHints":{"allow":["GET"]}}],"collection":[{"href":"https:\/\/centcols.org\/it\/wp-json\/wp\/v2\/posts"}],"about":[{"href":"https:\/\/centcols.org\/it\/wp-json\/wp\/v2\/types\/post"}],"author":[{"embeddable":true,"href":"https:\/\/centcols.org\/it\/wp-json\/wp\/v2\/users\/64"}],"replies":[{"embeddable":true,"href":"https:\/\/centcols.org\/it\/wp-json\/wp\/v2\/comments?post=92291"}],"version-history":[{"count":0,"href":"https:\/\/centcols.org\/it\/wp-json\/wp\/v2\/posts\/92291\/revisions"}],"wp:featuredmedia":[{"embeddable":true,"href":"https:\/\/centcols.org\/it\/wp-json\/wp\/v2\/media\/92292"}],"wp:attachment":[{"href":"https:\/\/centcols.org\/it\/wp-json\/wp\/v2\/media?parent=92291"}],"wp:term":[{"taxonomy":"category","embeddable":true,"href":"https:\/\/centcols.org\/it\/wp-json\/wp\/v2\/categories?post=92291"},{"taxonomy":"post_tag","embeddable":true,"href":"https:\/\/centcols.org\/it\/wp-json\/wp\/v2\/tags?post=92291"}],"curies":[{"name":"wp","href":"https:\/\/api.w.org\/{rel}","templated":true}]}}