{"id":92306,"date":"2025-12-05T16:55:48","date_gmt":"2025-12-05T14:55:48","guid":{"rendered":"https:\/\/centcols.org\/?p=92306"},"modified":"2026-03-14T16:05:48","modified_gmt":"2026-03-14T14:05:48","slug":"fr-30-genolhac-route","status":"publish","type":"post","link":"https:\/\/centcols.org\/it\/fr-30-genolhac-route\/","title":{"rendered":"FR-30 G\u00e9nolhac \u2013 Percorso 97 km, D+ 1660 m, 15 passi"},"content":{"rendered":"<iframe width=\"100%\" height=\"650\" loading=\"lazy\" src=\"https:\/\/www.openrunner.com\/embed\/53534b364865784c68514832506749744642634f4f4d417366742b2f513930547268446f773063446464593d3a3af4a34684940a71dbd6fcd2e19cca0bb8?unit=metric\" style=\"border: none;\"><\/iframe>\n\n\n\n<div style=\"height:30px\" aria-hidden=\"true\" class=\"wp-block-spacer\"><\/div>\n\n\n\n<h2 class=\"wp-block-heading\">Descrizione dell'autore<\/h2>\n\n\n\n<p><strong>Autore&nbsp;<\/strong>: Ren\u00e9 Mercier<br><strong>Corso&nbsp;<\/strong>: effettuato nell'agosto 2024<br><strong>Partenza&nbsp;<\/strong>: G\u00e9nolhac, dal grande parcheggio al centro del paese (place du Colombier).<\/p>\n\n\n\n<div style=\"height:30px\" aria-hidden=\"true\" class=\"wp-block-spacer\"><\/div>\n\n\n\n<h2 class=\"wp-block-heading\">Informazioni turistiche<\/h2>\n\n\n\n<p>Da G\u00e9nolhac, ai confini del Gard, attraverserete la foresta demaniale del Mas de l'Ayre, che confina con il cuore del Parco Nazionale delle C\u00e9vennes. Costeggerete l'Ard\u00e8che e la Loz\u00e8re. Se avete tempo, proseguite l'escursione fino al lago dopo Villefort (5 km A\/R) in Loz\u00e8re.<\/p>\n\n\n\n<div style=\"height:30px\" aria-hidden=\"true\" class=\"wp-block-spacer\"><\/div>\n\n\n\n<h2 class=\"wp-block-heading\">Specifiche tecniche<\/h2>\n\n\n\n<p>Il percorso \u00e8 100% su strada e ciclabile, su strade poco trafficate. Il colle del P\u00e9ras \u00e8 a pi\u00f9 di 8% su 2 km. Il Collet \u00e8 a 7% su 1 km. Il colle dell'Ancise sfiora i 10% su 500 m e la strada \u00e8 dissestata. <br>Alla partenza a G\u00e9nolhac: rubinetto dell'acqua nel parcheggio vicino al bar. Punto di approvvigionamento idrico vicino alla chiesa nel borgo di Aujac. Attenzione: dopo la partenza, negozi solo a Bess\u00e8ges e Villefort (1 km fuori dal percorso).<\/p>\n\n\n\n<div style=\"height:30px\" aria-hidden=\"true\" class=\"wp-block-spacer\"><\/div>\n\n\n\n<p><strong>15 bottiglie<\/strong><\/p>\n\n\n\n<figure class=\"wp-block-table\"><table class=\"has-background\" style=\"background-color:#f0f0f0\"><tbody><tr><td>1 \u2013 Passo di Valoussi\u00e8re<\/td><td class=\"has-text-align-center\" data-align=\"center\">501 m<\/td><td><a href=\"https:\/\/centcols.org\/it\/util\/geo\/visu.php\/?code=FR-30-0501c\" target=\"_blank\" rel=\"noreferrer noopener\">FR-30-0501c<\/a><\/td><\/tr><tr><td>2 \u2013 Passo dell'Ance<\/td><td class=\"has-text-align-center\" data-align=\"center\">501 m<\/td><td><a href=\"https:\/\/centcols.org\/it\/util\/geo\/visu.php\/?code=FR-30-0501a\" target=\"_blank\" rel=\"noreferrer noopener\">FR-30-0501a<\/a><\/td><\/tr><tr><td>3 \u2013 Colle dei Soulag\u00e9s<\/td><td class=\"has-text-align-center\" data-align=\"center\">342 m<\/td><td><a href=\"https:\/\/centcols.org\/it\/util\/geo\/visu.php\/?code=FR-30-0342\" target=\"_blank\" rel=\"noreferrer noopener\">FR-30-0342<\/a><\/td><\/tr><tr><td>4 \u2013 Passo della Matte<\/td><td class=\"has-text-align-center\" data-align=\"center\">311 m<\/td><td><a href=\"https:\/\/centcols.org\/it\/util\/geo\/visu.php\/?code=FR-30-0305\" target=\"_blank\" rel=\"noreferrer noopener\">FR-30-0305<\/a><\/td><\/tr><tr><td>5 \u2013 Il Collet<\/td><td class=\"has-text-align-center\" data-align=\"center\">497 m<\/td><td><a href=\"https:\/\/centcols.org\/it\/util\/geo\/visu.php\/?code=FR-07-0497\" target=\"_blank\" rel=\"noreferrer noopener\">FR-07-0497<\/a><\/td><\/tr><tr><td>6 \u2013 Passo del P\u00e9ras<\/td><td class=\"has-text-align-center\" data-align=\"center\">771 m<\/td><td><a href=\"https:\/\/centcols.org\/it\/util\/geo\/visu.php\/?code=FR-30-0771\" target=\"_blank\" rel=\"noreferrer noopener\">FR-30-0771<\/a><\/td><\/tr><tr><td>7 \u2013 Il Collet<\/td><td class=\"has-text-align-center\" data-align=\"center\">443 m<\/td><td><a href=\"https:\/\/centcols.org\/it\/util\/geo\/visu.php\/?code=FR-30-0420\" target=\"_blank\" rel=\"noreferrer noopener\">FR-30-0420<\/a><\/td><\/tr><tr><td>8 \u2013 Trincea di Ponteils<\/td><td class=\"has-text-align-center\" data-align=\"center\">571 m<\/td><td><a href=\"https:\/\/centcols.org\/it\/util\/geo\/visu.php\/?code=FR-30-0571\" target=\"_blank\" rel=\"noreferrer noopener\">FR-30-0571<\/a><\/td><\/tr><tr><td>9 \u2013 Trincea di Malons<\/td><td class=\"has-text-align-center\" data-align=\"center\">851 m<\/td><td><a href=\"https:\/\/centcols.org\/it\/util\/geo\/visu.php\/?code=FR-30-0851\" target=\"_blank\" rel=\"noreferrer noopener\">FR-30-0851<\/a><\/td><\/tr><tr><td>10 \u2013 Passo del Mas de l'Ayre<\/td><td class=\"has-text-align-center\" data-align=\"center\">846 m<\/td><td><a href=\"https:\/\/centcols.org\/it\/util\/geo\/visu.php\/?code=FR-30-0846\" target=\"_blank\" rel=\"noreferrer noopener\">FR-30-0846<\/a><\/td><\/tr><tr><td>11 \u2013 Collare di Villefort<\/td><td class=\"has-text-align-center\" data-align=\"center\">656 m<\/td><td><a href=\"https:\/\/centcols.org\/it\/util\/geo\/visu.php\/?code=FR-48-0656\" target=\"_blank\" rel=\"noreferrer noopener\">FR-48-0656<\/a><\/td><\/tr><tr><td>12 \u2013 Passo di Paurous<\/td><td class=\"has-text-align-center\" data-align=\"center\">577 m<\/td><td><a href=\"https:\/\/centcols.org\/it\/util\/geo\/visu.php\/?code=FR-30-0577a\" target=\"_blank\" rel=\"noreferrer noopener\">FR-30-0577a<\/a><\/td><\/tr><tr><td>13 \u2013 Passo della Banl\u00e8ve<\/td><td class=\"has-text-align-center\" data-align=\"center\">624 m<\/td><td><a href=\"https:\/\/centcols.org\/it\/util\/geo\/visu.php\/?code=FR-30-0624a\" target=\"_blank\" rel=\"noreferrer noopener\">FR-30-0624a<\/a><\/td><\/tr><tr><td>14 \u2013 Passo dell'Ancise<\/td><td class=\"has-text-align-center\" data-align=\"center\">695 m<\/td><td><a href=\"https:\/\/centcols.org\/it\/util\/geo\/visu.php\/?code=FR-30-0695a\" target=\"_blank\" rel=\"noreferrer noopener\">FR-30-0695a<\/a><\/td><\/tr><tr><td>15 \u2013 Passo di Canteperdrix<\/td><td class=\"has-text-align-center\" data-align=\"center\">545 m<\/td><td><a href=\"https:\/\/centcols.org\/it\/util\/geo\/visu.php\/?code=FR-30-0545b\" target=\"_blank\" rel=\"noreferrer noopener\">FR-30-0545b<\/a><\/td><\/tr><\/tbody><\/table><\/figure>\n\n\n\n<p><strong>Parole chiave<\/strong>&nbsp;: G\u00e9nolhac, Gard, C\u00e9vennes, Villefort, centcols<\/p>\n\n\n\n<p>Link Openrunner, mappa interattiva, profilo, traccia : <a href=\"https:\/\/www.openrunner.com\/route-details\/22968969\" target=\"_blank\" rel=\"noreferrer noopener\">https:\/\/www.openrunner.com\/route-details\/22968969<\/a><\/p>\n\n\n\n<p>Questo itinerario \u00e8 offerto a titolo puramente indicativo. L'autore non si assume alcuna responsabilit\u00e0, n\u00e9 quella del Club des Cent Cols, per eventuali imponderabilit\u00e0 dovute al ciclista stesso, all'equipaggiamento utilizzato o a qualsiasi cosa abbia a che fare con la strada, le piste e i sentieri, i loro dintorni o altri utenti.<\/p>\n\n\n\n<div style=\"height:30px\" aria-hidden=\"true\" class=\"wp-block-spacer\"><\/div>\n\n\n\n<h2 class=\"wp-block-heading\">Foto<\/h2>\n\n\n\n<figure class=\"wp-block-gallery has-nested-images columns-default is-cropped wp-block-gallery-1 is-layout-flex wp-block-gallery-is-layout-flex\">\n<figure class=\"wp-block-image size-full\"><a href=\"https:\/\/centcols.org\/wp-content\/uploads\/2025\/12\/2024-08-Vers-Genolhac-foret-domaniale-de-lAyre.jpg\"><img loading=\"lazy\" decoding=\"async\" width=\"1200\" height=\"675\" data-id=\"92316\" src=\"https:\/\/centcols.org\/wp-content\/uploads\/2025\/12\/2024-08-Vers-Genolhac-foret-domaniale-de-lAyre.jpg\" alt=\"\" class=\"wp-image-92316\" srcset=\"https:\/\/centcols.org\/wp-content\/uploads\/2025\/12\/2024-08-Vers-Genolhac-foret-domaniale-de-lAyre.jpg 1200w, https:\/\/centcols.org\/wp-content\/uploads\/2025\/12\/2024-08-Vers-Genolhac-foret-domaniale-de-lAyre-768x432.jpg 768w, https:\/\/centcols.org\/wp-content\/uploads\/2025\/12\/2024-08-Vers-Genolhac-foret-domaniale-de-lAyre-18x10.jpg 18w\" sizes=\"auto, (max-width: 1200px) 100vw, 1200px\" \/><\/a><figcaption class=\"wp-element-caption\">Foresta demaniale del Mas de l'Ayre<\/figcaption><\/figure>\n<\/figure>","protected":false},"excerpt":{"rendered":"<p>Description de l\u2019auteur Auteur&nbsp;: Ren\u00e9 MercierParcours&nbsp;: effectu\u00e9 en ao\u00fbt 2024D\u00e9part&nbsp;: G\u00e9nolhac, depuis le grand parking au centre du village (place du Colombier). Descriptif touristique Depuis G\u00e9nolhac, aux confins du Gard, vous traverserez la for\u00eat domaniale du mas de l&rsquo;Ayre qui jouxte le c\u0153ur du parc national des C\u00e9vennes. Vous longerez l&rsquo;Ard\u00e8che et la Loz\u00e8re. Si [&hellip;]<\/p>\n","protected":false},"author":1726,"featured_media":92316,"comment_status":"open","ping_status":"open","sticky":false,"template":"","format":"standard","meta":{"_acf_changed":false,"footnotes":""},"categories":[303,318,455,463,220],"tags":[],"class_list":["post-92306","post","type-post","status-publish","format-standard","has-post-thumbnail","hentry","category-parcours-france","category-route-type-parcours","category-occitanie-region-parcours-membres","category-30-gard-departement","category-parcours-membres"],"acf":[],"yoast_head":"<!-- This site is optimized with the Yoast SEO plugin v27.2 - https:\/\/yoast.com\/product\/yoast-seo-wordpress\/ -->\n<title>FR-30 G\u00e9nolhac - Route 97 km, D+ 1660 m, 15 cols - Club des Cent Cols<\/title>\n<meta name=\"robots\" content=\"index, follow, max-snippet:-1, max-image-preview:large, max-video-preview:-1\" \/>\n<link rel=\"canonical\" href=\"https:\/\/centcols.org\/it\/fr-30-genolhac-route\/\" \/>\n<meta property=\"og:locale\" content=\"it_IT\" \/>\n<meta property=\"og:type\" content=\"article\" \/>\n<meta property=\"og:title\" content=\"FR-30 G\u00e9nolhac - Route 97 km, D+ 1660 m, 15 cols - Club des Cent Cols\" \/>\n<meta property=\"og:description\" content=\"Description de l\u2019auteur Auteur&nbsp;: Ren\u00e9 MercierParcours&nbsp;: effectu\u00e9 en ao\u00fbt 2024D\u00e9part&nbsp;: G\u00e9nolhac, depuis le grand parking au centre du village (place du Colombier). Descriptif touristique Depuis G\u00e9nolhac, aux confins du Gard, vous traverserez la for\u00eat domaniale du mas de l&rsquo;Ayre qui jouxte le c\u0153ur du parc national des C\u00e9vennes. Vous longerez l&rsquo;Ard\u00e8che et la Loz\u00e8re. Si [&hellip;]\" \/>\n<meta property=\"og:url\" content=\"https:\/\/centcols.org\/it\/fr-30-genolhac-route\/\" \/>\n<meta property=\"og:site_name\" content=\"Club des Cent Cols\" \/>\n<meta property=\"article:publisher\" content=\"https:\/\/www.facebook.com\/groups\/5261880558\/?locale=fr_FR\" \/>\n<meta property=\"article:published_time\" content=\"2025-12-05T14:55:48+00:00\" \/>\n<meta property=\"article:modified_time\" content=\"2026-03-14T14:05:48+00:00\" \/>\n<meta property=\"og:image\" content=\"https:\/\/centcols.org\/wp-content\/uploads\/2025\/12\/2024-08-Vers-Genolhac-foret-domaniale-de-lAyre.jpg\" \/>\n\t<meta property=\"og:image:width\" content=\"1200\" \/>\n\t<meta property=\"og:image:height\" content=\"675\" \/>\n\t<meta property=\"og:image:type\" content=\"image\/jpeg\" \/>\n<meta name=\"author\" content=\"Ren\u00e9 Mercier\" \/>\n<meta name=\"twitter:card\" content=\"summary_large_image\" \/>\n<meta name=\"twitter:label1\" content=\"Scritto da\" \/>\n\t<meta name=\"twitter:data1\" content=\"Ren\u00e9 Mercier\" \/>\n\t<meta name=\"twitter:label2\" content=\"Tempo di lettura stimato\" \/>\n\t<meta name=\"twitter:data2\" content=\"3 minuti\" \/>\n<script type=\"application\/ld+json\" class=\"yoast-schema-graph\">{\"@context\":\"https:\/\/schema.org\",\"@graph\":[{\"@type\":\"Article\",\"@id\":\"https:\/\/centcols.org\/nl\/fr-30-genolhac-route\/#article\",\"isPartOf\":{\"@id\":\"https:\/\/centcols.org\/nl\/fr-30-genolhac-route\/\"},\"author\":{\"name\":\"Ren\u00e9 Mercier\",\"@id\":\"https:\/\/centcols.org\/#\/schema\/person\/0cc8f723679c98f3fb7798df5a50c018\"},\"headline\":\"FR-30 G\u00e9nolhac &#8211; Route 97 km, D+ 1660 m, 15 cols\",\"datePublished\":\"2025-12-05T14:55:48+00:00\",\"dateModified\":\"2026-03-14T14:05:48+00:00\",\"mainEntityOfPage\":{\"@id\":\"https:\/\/centcols.org\/nl\/fr-30-genolhac-route\/\"},\"wordCount\":396,\"commentCount\":0,\"publisher\":{\"@id\":\"https:\/\/centcols.org\/#organization\"},\"image\":{\"@id\":\"https:\/\/centcols.org\/nl\/fr-30-genolhac-route\/#primaryimage\"},\"thumbnailUrl\":\"https:\/\/centcols.org\/wp-content\/uploads\/2025\/12\/2024-08-Vers-Genolhac-foret-domaniale-de-lAyre.jpg\",\"articleSection\":[\"Parcours France\",\"Route\",\"Occitanie\",\"30-Gard\",\"Parcours membres\"],\"inLanguage\":\"it-IT\",\"potentialAction\":[{\"@type\":\"CommentAction\",\"name\":\"Comment\",\"target\":[\"https:\/\/centcols.org\/nl\/fr-30-genolhac-route\/#respond\"]}]},{\"@type\":\"WebPage\",\"@id\":\"https:\/\/centcols.org\/nl\/fr-30-genolhac-route\/\",\"url\":\"https:\/\/centcols.org\/nl\/fr-30-genolhac-route\/\",\"name\":\"FR-30 G\u00e9nolhac - Route 97 km, D+ 1660 m, 15 cols - Club des Cent Cols\",\"isPartOf\":{\"@id\":\"https:\/\/centcols.org\/#website\"},\"primaryImageOfPage\":{\"@id\":\"https:\/\/centcols.org\/nl\/fr-30-genolhac-route\/#primaryimage\"},\"image\":{\"@id\":\"https:\/\/centcols.org\/nl\/fr-30-genolhac-route\/#primaryimage\"},\"thumbnailUrl\":\"https:\/\/centcols.org\/wp-content\/uploads\/2025\/12\/2024-08-Vers-Genolhac-foret-domaniale-de-lAyre.jpg\",\"datePublished\":\"2025-12-05T14:55:48+00:00\",\"dateModified\":\"2026-03-14T14:05:48+00:00\",\"breadcrumb\":{\"@id\":\"https:\/\/centcols.org\/nl\/fr-30-genolhac-route\/#breadcrumb\"},\"inLanguage\":\"it-IT\",\"potentialAction\":[{\"@type\":\"ReadAction\",\"target\":[\"https:\/\/centcols.org\/nl\/fr-30-genolhac-route\/\"]}]},{\"@type\":\"ImageObject\",\"inLanguage\":\"it-IT\",\"@id\":\"https:\/\/centcols.org\/nl\/fr-30-genolhac-route\/#primaryimage\",\"url\":\"https:\/\/centcols.org\/wp-content\/uploads\/2025\/12\/2024-08-Vers-Genolhac-foret-domaniale-de-lAyre.jpg\",\"contentUrl\":\"https:\/\/centcols.org\/wp-content\/uploads\/2025\/12\/2024-08-Vers-Genolhac-foret-domaniale-de-lAyre.jpg\",\"width\":1200,\"height\":675},{\"@type\":\"BreadcrumbList\",\"@id\":\"https:\/\/centcols.org\/nl\/fr-30-genolhac-route\/#breadcrumb\",\"itemListElement\":[{\"@type\":\"ListItem\",\"position\":1,\"name\":\"Accueil\",\"item\":\"https:\/\/centcols.org\/\"},{\"@type\":\"ListItem\",\"position\":2,\"name\":\"Parcours membres\",\"item\":\"https:\/\/centcols.org\/rubrique\/parcours-membres\/\"},{\"@type\":\"ListItem\",\"position\":3,\"name\":\"Pays\",\"item\":\"https:\/\/centcols.org\/rubrique\/parcours-membres\/pays-parcours-membres\/\"},{\"@type\":\"ListItem\",\"position\":4,\"name\":\"Parcours France\",\"item\":\"https:\/\/centcols.org\/rubrique\/parcours-membres\/pays-parcours-membres\/parcours-france\/\"},{\"@type\":\"ListItem\",\"position\":5,\"name\":\"FR-30 G\u00e9nolhac &#8211; Route 97 km, D+ 1660 m, 15 cols\"}]},{\"@type\":\"WebSite\",\"@id\":\"https:\/\/centcols.org\/#website\",\"url\":\"https:\/\/centcols.org\/\",\"name\":\"Club des Cent Cols\",\"description\":\"\",\"publisher\":{\"@id\":\"https:\/\/centcols.org\/#organization\"},\"potentialAction\":[{\"@type\":\"SearchAction\",\"target\":{\"@type\":\"EntryPoint\",\"urlTemplate\":\"https:\/\/centcols.org\/?s={search_term_string}\"},\"query-input\":{\"@type\":\"PropertyValueSpecification\",\"valueRequired\":true,\"valueName\":\"search_term_string\"}}],\"inLanguage\":\"it-IT\"},{\"@type\":\"Organization\",\"@id\":\"https:\/\/centcols.org\/#organization\",\"name\":\"Club des Cent Cols\",\"url\":\"https:\/\/centcols.org\/\",\"logo\":{\"@type\":\"ImageObject\",\"inLanguage\":\"it-IT\",\"@id\":\"https:\/\/centcols.org\/#\/schema\/logo\/image\/\",\"url\":\"https:\/\/centcols.org\/wp-content\/uploads\/2025\/01\/carte-icone.png\",\"contentUrl\":\"https:\/\/centcols.org\/wp-content\/uploads\/2025\/01\/carte-icone.png\",\"width\":250,\"height\":250,\"caption\":\"Club des Cent Cols\"},\"image\":{\"@id\":\"https:\/\/centcols.org\/#\/schema\/logo\/image\/\"},\"sameAs\":[\"https:\/\/www.facebook.com\/groups\/5261880558\/?locale=fr_FR\"]},{\"@type\":\"Person\",\"@id\":\"https:\/\/centcols.org\/#\/schema\/person\/0cc8f723679c98f3fb7798df5a50c018\",\"name\":\"Ren\u00e9 Mercier\",\"image\":{\"@type\":\"ImageObject\",\"inLanguage\":\"it-IT\",\"@id\":\"https:\/\/centcols.org\/wp-content\/litespeed\/avatar\/c2275eeaf79d4f7456274de381abeeab.jpg?ver=1777347562\",\"url\":\"https:\/\/centcols.org\/wp-content\/litespeed\/avatar\/c2275eeaf79d4f7456274de381abeeab.jpg?ver=1777347562\",\"contentUrl\":\"https:\/\/centcols.org\/wp-content\/litespeed\/avatar\/c2275eeaf79d4f7456274de381abeeab.jpg?ver=1777347562\",\"caption\":\"Ren\u00e9 Mercier\"},\"url\":\"https:\/\/centcols.org\/it\/author\/7552\/\"}]}<\/script>\n<!-- \/ Yoast SEO plugin. -->","yoast_head_json":{"title":"FR-30 G\u00e9nolhac - Strada 97 km, D+ 1660 m, 15 passi - Club dei Cento Passi","robots":{"index":"index","follow":"follow","max-snippet":"max-snippet:-1","max-image-preview":"max-image-preview:large","max-video-preview":"max-video-preview:-1"},"canonical":"https:\/\/centcols.org\/it\/fr-30-genolhac-route\/","og_locale":"it_IT","og_type":"article","og_title":"FR-30 G\u00e9nolhac - Route 97 km, D+ 1660 m, 15 cols - Club des Cent Cols","og_description":"Description de l\u2019auteur Auteur&nbsp;: Ren\u00e9 MercierParcours&nbsp;: effectu\u00e9 en ao\u00fbt 2024D\u00e9part&nbsp;: G\u00e9nolhac, depuis le grand parking au centre du village (place du Colombier). Descriptif touristique Depuis G\u00e9nolhac, aux confins du Gard, vous traverserez la for\u00eat domaniale du mas de l&rsquo;Ayre qui jouxte le c\u0153ur du parc national des C\u00e9vennes. Vous longerez l&rsquo;Ard\u00e8che et la Loz\u00e8re. Si [&hellip;]","og_url":"https:\/\/centcols.org\/it\/fr-30-genolhac-route\/","og_site_name":"Club des Cent Cols","article_publisher":"https:\/\/www.facebook.com\/groups\/5261880558\/?locale=fr_FR","article_published_time":"2025-12-05T14:55:48+00:00","article_modified_time":"2026-03-14T14:05:48+00:00","og_image":[{"width":1200,"height":675,"url":"https:\/\/centcols.org\/wp-content\/uploads\/2025\/12\/2024-08-Vers-Genolhac-foret-domaniale-de-lAyre.jpg","type":"image\/jpeg"}],"author":"Ren\u00e9 Mercier","twitter_card":"summary_large_image","twitter_misc":{"Scritto da":"Ren\u00e9 Mercier","Tempo di lettura stimato":"3 minuti"},"schema":{"@context":"https:\/\/schema.org","@graph":[{"@type":"Article","@id":"https:\/\/centcols.org\/nl\/fr-30-genolhac-route\/#article","isPartOf":{"@id":"https:\/\/centcols.org\/nl\/fr-30-genolhac-route\/"},"author":{"name":"Ren\u00e9 Mercier","@id":"https:\/\/centcols.org\/#\/schema\/person\/0cc8f723679c98f3fb7798df5a50c018"},"headline":"FR-30 G\u00e9nolhac &#8211; Route 97 km, D+ 1660 m, 15 cols","datePublished":"2025-12-05T14:55:48+00:00","dateModified":"2026-03-14T14:05:48+00:00","mainEntityOfPage":{"@id":"https:\/\/centcols.org\/nl\/fr-30-genolhac-route\/"},"wordCount":396,"commentCount":0,"publisher":{"@id":"https:\/\/centcols.org\/#organization"},"image":{"@id":"https:\/\/centcols.org\/nl\/fr-30-genolhac-route\/#primaryimage"},"thumbnailUrl":"https:\/\/centcols.org\/wp-content\/uploads\/2025\/12\/2024-08-Vers-Genolhac-foret-domaniale-de-lAyre.jpg","articleSection":["Parcours France","Route","Occitanie","30-Gard","Parcours membres"],"inLanguage":"it-IT","potentialAction":[{"@type":"CommentAction","name":"Comment","target":["https:\/\/centcols.org\/nl\/fr-30-genolhac-route\/#respond"]}]},{"@type":"WebPage","@id":"https:\/\/centcols.org\/nl\/fr-30-genolhac-route\/","url":"https:\/\/centcols.org\/nl\/fr-30-genolhac-route\/","name":"FR-30 G\u00e9nolhac - Strada 97 km, D+ 1660 m, 15 passi - Club dei Cento Passi","isPartOf":{"@id":"https:\/\/centcols.org\/#website"},"primaryImageOfPage":{"@id":"https:\/\/centcols.org\/nl\/fr-30-genolhac-route\/#primaryimage"},"image":{"@id":"https:\/\/centcols.org\/nl\/fr-30-genolhac-route\/#primaryimage"},"thumbnailUrl":"https:\/\/centcols.org\/wp-content\/uploads\/2025\/12\/2024-08-Vers-Genolhac-foret-domaniale-de-lAyre.jpg","datePublished":"2025-12-05T14:55:48+00:00","dateModified":"2026-03-14T14:05:48+00:00","breadcrumb":{"@id":"https:\/\/centcols.org\/nl\/fr-30-genolhac-route\/#breadcrumb"},"inLanguage":"it-IT","potentialAction":[{"@type":"ReadAction","target":["https:\/\/centcols.org\/nl\/fr-30-genolhac-route\/"]}]},{"@type":"ImageObject","inLanguage":"it-IT","@id":"https:\/\/centcols.org\/nl\/fr-30-genolhac-route\/#primaryimage","url":"https:\/\/centcols.org\/wp-content\/uploads\/2025\/12\/2024-08-Vers-Genolhac-foret-domaniale-de-lAyre.jpg","contentUrl":"https:\/\/centcols.org\/wp-content\/uploads\/2025\/12\/2024-08-Vers-Genolhac-foret-domaniale-de-lAyre.jpg","width":1200,"height":675},{"@type":"BreadcrumbList","@id":"https:\/\/centcols.org\/nl\/fr-30-genolhac-route\/#breadcrumb","itemListElement":[{"@type":"ListItem","position":1,"name":"Accueil","item":"https:\/\/centcols.org\/"},{"@type":"ListItem","position":2,"name":"Parcours membres","item":"https:\/\/centcols.org\/rubrique\/parcours-membres\/"},{"@type":"ListItem","position":3,"name":"Pays","item":"https:\/\/centcols.org\/rubrique\/parcours-membres\/pays-parcours-membres\/"},{"@type":"ListItem","position":4,"name":"Parcours France","item":"https:\/\/centcols.org\/rubrique\/parcours-membres\/pays-parcours-membres\/parcours-france\/"},{"@type":"ListItem","position":5,"name":"FR-30 G\u00e9nolhac &#8211; Route 97 km, D+ 1660 m, 15 cols"}]},{"@type":"WebSite","@id":"https:\/\/centcols.org\/#website","url":"https:\/\/centcols.org\/","name":"Club des Cent Cols","description":"","publisher":{"@id":"https:\/\/centcols.org\/#organization"},"potentialAction":[{"@type":"SearchAction","target":{"@type":"EntryPoint","urlTemplate":"https:\/\/centcols.org\/?s={search_term_string}"},"query-input":{"@type":"PropertyValueSpecification","valueRequired":true,"valueName":"search_term_string"}}],"inLanguage":"it-IT"},{"@type":"Organization","@id":"https:\/\/centcols.org\/#organization","name":"Club des Cent Cols","url":"https:\/\/centcols.org\/","logo":{"@type":"ImageObject","inLanguage":"it-IT","@id":"https:\/\/centcols.org\/#\/schema\/logo\/image\/","url":"https:\/\/centcols.org\/wp-content\/uploads\/2025\/01\/carte-icone.png","contentUrl":"https:\/\/centcols.org\/wp-content\/uploads\/2025\/01\/carte-icone.png","width":250,"height":250,"caption":"Club des Cent Cols"},"image":{"@id":"https:\/\/centcols.org\/#\/schema\/logo\/image\/"},"sameAs":["https:\/\/www.facebook.com\/groups\/5261880558\/?locale=fr_FR"]},{"@type":"Person","@id":"https:\/\/centcols.org\/#\/schema\/person\/0cc8f723679c98f3fb7798df5a50c018","name":"Ren\u00e9 Mercier","image":{"@type":"ImageObject","inLanguage":"it-IT","@id":"https:\/\/centcols.org\/wp-content\/litespeed\/avatar\/c2275eeaf79d4f7456274de381abeeab.jpg?ver=1777347562","url":"https:\/\/centcols.org\/wp-content\/litespeed\/avatar\/c2275eeaf79d4f7456274de381abeeab.jpg?ver=1777347562","contentUrl":"https:\/\/centcols.org\/wp-content\/litespeed\/avatar\/c2275eeaf79d4f7456274de381abeeab.jpg?ver=1777347562","caption":"Ren\u00e9 Mercier"},"url":"https:\/\/centcols.org\/it\/author\/7552\/"}]}},"_links":{"self":[{"href":"https:\/\/centcols.org\/it\/wp-json\/wp\/v2\/posts\/92306","targetHints":{"allow":["GET"]}}],"collection":[{"href":"https:\/\/centcols.org\/it\/wp-json\/wp\/v2\/posts"}],"about":[{"href":"https:\/\/centcols.org\/it\/wp-json\/wp\/v2\/types\/post"}],"author":[{"embeddable":true,"href":"https:\/\/centcols.org\/it\/wp-json\/wp\/v2\/users\/1726"}],"replies":[{"embeddable":true,"href":"https:\/\/centcols.org\/it\/wp-json\/wp\/v2\/comments?post=92306"}],"version-history":[{"count":0,"href":"https:\/\/centcols.org\/it\/wp-json\/wp\/v2\/posts\/92306\/revisions"}],"wp:featuredmedia":[{"embeddable":true,"href":"https:\/\/centcols.org\/it\/wp-json\/wp\/v2\/media\/92316"}],"wp:attachment":[{"href":"https:\/\/centcols.org\/it\/wp-json\/wp\/v2\/media?parent=92306"}],"wp:term":[{"taxonomy":"category","embeddable":true,"href":"https:\/\/centcols.org\/it\/wp-json\/wp\/v2\/categories?post=92306"},{"taxonomy":"post_tag","embeddable":true,"href":"https:\/\/centcols.org\/it\/wp-json\/wp\/v2\/tags?post=92306"}],"curies":[{"name":"wp","href":"https:\/\/api.w.org\/{rel}","templated":true}]}}