{"id":92411,"date":"2025-12-16T16:25:44","date_gmt":"2025-12-16T14:25:44","guid":{"rendered":"https:\/\/centcols.org\/?p=92411"},"modified":"2026-03-14T15:55:03","modified_gmt":"2026-03-14T13:55:03","slug":"fr-01-punzone-alto-bugey-ghiaia","status":"publish","type":"post","link":"https:\/\/centcols.org\/it\/fr-01-poncin-haut-bugey-gravel\/","title":{"rendered":"FR-01 Poncin \u2013 Haut-Bugey \u2013 Gravel 105 km, D+ 1940 m, 12 passi"},"content":{"rendered":"<iframe width=\"100%\" height=\"650\" loading=\"lazy\" src=\"https:\/\/www.openrunner.com\/embed\/3076325147754b556f3247426f51306e676e4845386f6d6a45327471366568624c562b3876533963312f553d3a3ae11707dda85b35b89d4959813b0250d6?unit=metric\" style=\"border: none;\"><\/iframe>\n\n\n\n<div style=\"height:30px\" aria-hidden=\"true\" class=\"wp-block-spacer\"><\/div>\n\n\n\n<h2 class=\"wp-block-heading\">Descrizione dell'autore<\/h2>\n\n\n\n<p><strong>Autore<\/strong> Philippe Chazottier<br><strong>Corso<\/strong> : effettuato il 5 marzo 2025<br><strong>Partenza<\/strong> : villaggio di Poncin, parcheggio del cimitero. Due percorsi ad anello con partenza dal villaggio.<\/p>\n\n\n\n<div style=\"height:30px\" aria-hidden=\"true\" class=\"wp-block-spacer\"><\/div>\n\n\n\n<h2 class=\"wp-block-heading\">Informazioni turistiche<\/h2>\n\n\n\n<div class=\"wp-block-group is-vertical is-layout-flex wp-container-core-group-is-layout-8cf370e7 wp-block-group-is-layout-flex\">\n<div class=\"wp-block-group is-vertical is-layout-flex wp-container-core-group-is-layout-8cf370e7 wp-block-group-is-layout-flex\">\n<p>Il primo percorso si snoda sui rilievi settentrionali del Bugey. Il secondo percorso, con partenza da Poncin, si snoda nella splendida campagna del Revermont che domina la pianura della Bresse.<\/p>\n\n\n\n<p>Punti di interesse turistico vicino a Poncin:<\/p>\n<\/div>\n\n\n\n<ul class=\"wp-block-list\">\n<li>Museo del Revermont a Treffort-Cuisiat: <a href=\"https:\/\/patrimoines.ain.fr\/n\/musee-du-revermont\/n:811\" target=\"_blank\" rel=\"noreferrer noopener\">https:\/\/patrimoines.ain.fr\/n\/musee-du-revermont\/n:811<\/a><\/li>\n\n\n\n<li>coppertoria di Cerdon: <a href=\"https:\/\/www.cerdonvalleedelain.fr\/cuivrerie-de-cerdon\" target=\"_blank\" rel=\"noreferrer noopener\">https:\/\/www.cerdonvalleedelain.fr\/cuivrerie-de-cerdon<\/a><\/li>\n\n\n\n<li>caseificio del Val Ceran (contea): <a href=\"https:\/\/www.comte.com\/sur-les-routes-du-comte\/fruitiere-de-la-riviere\/\" target=\"_blank\" rel=\"noreferrer noopener\">https:\/\/www.comte.com\/sur-les-routes-du-comte\/fruitiere-de-la-riviere\/<\/a><\/li>\n\n\n\n<li>Monastero reale di Brou (Bourg-en-Bresse): <a href=\"https:\/\/www.monastere-de-brou.fr\/\" target=\"_blank\" rel=\"noreferrer noopener\">https:\/\/www.monastere-de-brou.fr\/<\/a><\/li>\n<\/ul>\n<\/div>\n\n\n\n<div style=\"height:30px\" aria-hidden=\"true\" class=\"wp-block-spacer\"><\/div>\n\n\n\n<h2 class=\"wp-block-heading\">Specifiche tecniche<\/h2>\n\n\n\n<div class=\"wp-block-group is-vertical is-layout-flex wp-container-core-group-is-layout-8cf370e7 wp-block-group-is-layout-flex\">\n<p>Percorso su strada a 95%. Due passi mulattieri: il percorso di andata e ritorno al Col des Justices (circa 4 km) pu\u00f2 essere difficile con pneumatici da 23\/25 mm, mentre il Golet aux Sourdes \u00e8 raggiungibile con la bicicletta a mano per 400 m (andata e ritorno). Per il resto, percorso senza particolari difficolt\u00e0, tranne alcune pendenze ripide nella salita al Trou du Sac.<\/p>\n\n\n\n<p>Osservazioni importanti: nel marzo 2025 la strada del Cerdon (N 1084) utilizzata in discesa era chiusa al traffico automobilistico a causa dei lavori di consolidamento della scarpata a seguito di ripetute frane tra i villaggi di Labalme e Cerdon.<br>La bellissima discesa lungo la strada denominata \u00abVieux Cerdon\u00bb \u00e8 purtroppo soggetta a frequenti restrizioni al traffico (D11).<br>Prima di intraprendere questo percorso \u00e8 consigliabile informarsi: <a href=\"https:\/\/www.inforoute01.fr\/\" target=\"_blank\" rel=\"noreferrer noopener\">https:\/\/www.inforoute01.fr\/<\/a><\/p>\n<\/div>\n\n\n\n<div style=\"height:30px\" aria-hidden=\"true\" class=\"wp-block-spacer\"><\/div>\n\n\n\n<p><strong>12 collari<\/strong><\/p>\n\n\n\n<figure class=\"wp-block-table\"><table class=\"has-fixed-layout\"><tbody><tr><td>1 \u2013 Passo di Ceignes<\/td><td class=\"has-text-align-center\" data-align=\"center\">646 m<\/td><td><a href=\"https:\/\/centcols.org\/it\/util\/geo\/visu.php\/?code=FR-01-0646\" target=\"_blank\" rel=\"noreferrer noopener\">FR-01-0646<\/a><\/td><\/tr><tr><td>2 \u2013 Golet aux Sourdes<\/td><td class=\"has-text-align-center\" data-align=\"center\">625 m<\/td><td><a href=\"https:\/\/centcols.org\/it\/util\/geo\/visu.php\/?code=FR-01-0625\" target=\"_blank\" rel=\"noreferrer noopener\">FR-01-0625<\/a><\/td><\/tr><tr><td>3 \u2013 Passo del Sappel<\/td><td class=\"has-text-align-center\" data-align=\"center\">794 m<\/td><td><a href=\"https:\/\/centcols.org\/it\/util\/geo\/visu.php\/?code=FR-01-0794\" target=\"_blank\" rel=\"noreferrer noopener\">FR-01-0794<\/a><\/td><\/tr><tr><td>4 \u2013 L'ultimo passo<\/td><td class=\"has-text-align-center\" data-align=\"center\">384 m<\/td><td><a href=\"https:\/\/centcols.org\/it\/util\/geo\/visu.php\/?code=FR-01-0384\" target=\"_blank\" rel=\"noreferrer noopener\">FR-01-0384<\/a><\/td><\/tr><tr><td>5 \u2013 Passo della Chaise<\/td><td class=\"has-text-align-center\" data-align=\"center\">420 m<\/td><td><a href=\"https:\/\/centcols.org\/it\/util\/geo\/visu.php\/?code=FR-01-0420\" target=\"_blank\" rel=\"noreferrer noopener\">FR-01-0420<\/a><\/td><\/tr><tr><td>6 \u2013 Passo della P\u00e9rouse<\/td><td class=\"has-text-align-center\" data-align=\"center\">507 m<\/td><td><a href=\"https:\/\/centcols.org\/it\/util\/geo\/visu.php\/?code=FR-01-0507\" target=\"_blank\" rel=\"noreferrer noopener\">FR-01-0507<\/a><\/td><\/tr><tr><td>7 \u2013 Trou du Sac<\/td><td class=\"has-text-align-center\" data-align=\"center\">512 m<\/td><td><a href=\"https:\/\/centcols.org\/it\/util\/geo\/visu.php\/?code=FR-01-0512\" target=\"_blank\" rel=\"noreferrer noopener\">FR-01-0512<\/a><\/td><\/tr><tr><td>8 \u2013 Collare di Francia<\/td><td class=\"has-text-align-center\" data-align=\"center\">371 m<\/td><td><a href=\"https:\/\/centcols.org\/it\/util\/geo\/visu.php\/?code=FR-01-0371\" target=\"_blank\" rel=\"noreferrer noopener\">FR-01-0371<\/a><\/td><\/tr><tr><td>9 \u2013 Colle della Rousse<\/td><td class=\"has-text-align-center\" data-align=\"center\">391 m<\/td><td><a href=\"https:\/\/centcols.org\/it\/util\/geo\/visu.php\/?code=FR-01-0380\" target=\"_blank\" rel=\"noreferrer noopener\">FR-01-0380<\/a><\/td><\/tr><tr><td>10 \u2013 Passo della Croix des Angoulures<\/td><td class=\"has-text-align-center\" data-align=\"center\">443 m<\/td><td><a href=\"https:\/\/centcols.org\/it\/util\/geo\/visu.php\/?code=FR-01-0443\" target=\"_blank\" rel=\"noreferrer noopener\">FR-01-0443<\/a><\/td><\/tr><tr><td>11 \u2013 Passo delle Giustizie<\/td><td class=\"has-text-align-center\" data-align=\"center\">563 m<\/td><td><a href=\"https:\/\/centcols.org\/it\/util\/geo\/visu.php\/?code=FR-01-0563\" target=\"_blank\" rel=\"noreferrer noopener\">FR-01-0563<\/a><\/td><\/tr><tr><td>12 \u2013 Passo della Roche<\/td><td class=\"has-text-align-center\" data-align=\"center\">401 m<\/td><td><a href=\"https:\/\/centcols.org\/it\/util\/geo\/visu.php\/?code=FR-01-0401\" target=\"_blank\" rel=\"noreferrer noopener\">FR-01-0401<\/a><\/td><\/tr><\/tbody><\/table><\/figure>\n\n\n\n<p><strong>Parole chiave<\/strong> : Poncin, Haut-Bugey, Cerdon, Revermont, centcols<\/p>\n\n\n\n<p>Link Openrunner, mappa interattiva, profilo, traccia : <a href=\"https:\/\/www.openrunner.com\/route-details\/23034707\" target=\"_blank\" rel=\"noreferrer noopener\">https:\/\/www.openrunner.com\/route-details\/23034707<\/a><\/p>\n\n\n\n<p>Questo itinerario \u00e8 offerto a titolo puramente indicativo. L'autore non si assume alcuna responsabilit\u00e0, n\u00e9 quella del Club des Cent Cols, per eventuali imponderabilit\u00e0 dovute al ciclista stesso, all'equipaggiamento utilizzato o a qualsiasi cosa abbia a che fare con la strada, le piste e i sentieri, i loro dintorni o altri utenti.<\/p>\n\n\n\n<div style=\"height:30px\" aria-hidden=\"true\" class=\"wp-block-spacer\"><\/div>\n\n\n\n<h2 class=\"wp-block-heading\">Foto<\/h2>\n\n\n\n<figure class=\"wp-block-gallery has-nested-images columns-default is-cropped wp-block-gallery-1 is-layout-flex wp-block-gallery-is-layout-flex\">\n<figure class=\"wp-block-image size-large\"><a href=\"https:\/\/centcols.org\/wp-content\/uploads\/2025\/12\/Cerdon.jpg\"><img loading=\"lazy\" decoding=\"async\" width=\"900\" height=\"1200\" data-id=\"92421\" src=\"https:\/\/centcols.org\/wp-content\/uploads\/2025\/12\/Cerdon.jpg\" alt=\"\" class=\"wp-image-92421\" srcset=\"https:\/\/centcols.org\/wp-content\/uploads\/2025\/12\/Cerdon.jpg 900w, https:\/\/centcols.org\/wp-content\/uploads\/2025\/12\/Cerdon-768x1024.jpg 768w, https:\/\/centcols.org\/wp-content\/uploads\/2025\/12\/Cerdon-9x12.jpg 9w\" sizes=\"auto, (max-width: 900px) 100vw, 900px\" \/><\/a><figcaption class=\"wp-element-caption\">Cerdon<\/figcaption><\/figure>\n\n\n\n<figure class=\"wp-block-image size-large\"><a href=\"https:\/\/centcols.org\/wp-content\/uploads\/2025\/12\/Col-du-Sappel.jpg\"><img loading=\"lazy\" decoding=\"async\" width=\"900\" height=\"1200\" data-id=\"92422\" src=\"https:\/\/centcols.org\/wp-content\/uploads\/2025\/12\/Col-du-Sappel.jpg\" alt=\"\" class=\"wp-image-92422\" srcset=\"https:\/\/centcols.org\/wp-content\/uploads\/2025\/12\/Col-du-Sappel.jpg 900w, https:\/\/centcols.org\/wp-content\/uploads\/2025\/12\/Col-du-Sappel-768x1024.jpg 768w, https:\/\/centcols.org\/wp-content\/uploads\/2025\/12\/Col-du-Sappel-9x12.jpg 9w\" sizes=\"auto, (max-width: 900px) 100vw, 900px\" \/><\/a><figcaption class=\"wp-element-caption\">Passo del Sappel<\/figcaption><\/figure>\n\n\n\n<figure class=\"wp-block-image size-large\"><a href=\"https:\/\/centcols.org\/wp-content\/uploads\/2025\/12\/Route-du-Vieux-Cerdon.jpg\"><img loading=\"lazy\" decoding=\"async\" width=\"1200\" height=\"984\" data-id=\"92423\" src=\"https:\/\/centcols.org\/wp-content\/uploads\/2025\/12\/Route-du-Vieux-Cerdon.jpg\" alt=\"\" class=\"wp-image-92423\" srcset=\"https:\/\/centcols.org\/wp-content\/uploads\/2025\/12\/Route-du-Vieux-Cerdon.jpg 1200w, https:\/\/centcols.org\/wp-content\/uploads\/2025\/12\/Route-du-Vieux-Cerdon-768x630.jpg 768w, https:\/\/centcols.org\/wp-content\/uploads\/2025\/12\/Route-du-Vieux-Cerdon-15x12.jpg 15w\" sizes=\"auto, (max-width: 1200px) 100vw, 1200px\" \/><\/a><figcaption class=\"wp-element-caption\">Strada del Vieux Cerdon<\/figcaption><\/figure>\n\n\n\n<figure class=\"wp-block-image size-large\"><a href=\"https:\/\/centcols.org\/wp-content\/uploads\/2025\/12\/Vignoble-et-village-de-Cerdon.jpg\"><img loading=\"lazy\" decoding=\"async\" width=\"900\" height=\"1200\" data-id=\"92424\" src=\"https:\/\/centcols.org\/wp-content\/uploads\/2025\/12\/Vignoble-et-village-de-Cerdon.jpg\" alt=\"\" class=\"wp-image-92424\" srcset=\"https:\/\/centcols.org\/wp-content\/uploads\/2025\/12\/Vignoble-et-village-de-Cerdon.jpg 900w, https:\/\/centcols.org\/wp-content\/uploads\/2025\/12\/Vignoble-et-village-de-Cerdon-768x1024.jpg 768w, https:\/\/centcols.org\/wp-content\/uploads\/2025\/12\/Vignoble-et-village-de-Cerdon-9x12.jpg 9w\" sizes=\"auto, (max-width: 900px) 100vw, 900px\" \/><\/a><figcaption class=\"wp-element-caption\">Vigneto e villaggio di Cerdon<\/figcaption><\/figure>\n<\/figure>","protected":false},"excerpt":{"rendered":"<p>Description de l\u2019auteur Auteur : Philippe ChazottierParcours : effectu\u00e9 le 5 mars 2025D\u00e9part : village de Poncin, parking du cimeti\u00e8re. Deux boucles au d\u00e9part du village. Descriptif touristique La premi\u00e8re boucle se d\u00e9roule sur les reliefs du nord du Bugey. La seconde boucle \u00e0 partir de Poncin se d\u00e9roule dans la belle campagne du Revermont [&hellip;]<\/p>\n","protected":false},"author":1726,"featured_media":92421,"comment_status":"open","ping_status":"open","sticky":false,"template":"","format":"standard","meta":{"_acf_changed":false,"footnotes":""},"categories":[303,330,451,320,325,334,220],"tags":[],"class_list":["post-92411","post","type-post","status-publish","format-standard","has-post-thumbnail","hentry","category-parcours-france","category-auvergne-rhone-alpes-region-parcours-membres","category-01-ain","category-gravel-type-parcours","category-departement","category-jura-massif-parcours-membres","category-parcours-membres"],"acf":[],"yoast_head":"<!-- This site is optimized with the Yoast SEO plugin v27.2 - https:\/\/yoast.com\/product\/yoast-seo-wordpress\/ -->\n<title>FR-01 Poncin - Haut-Bugey \u2013 Gravel 105 km, D+ 1940 m, 12 cols - Club des Cent Cols<\/title>\n<meta name=\"robots\" content=\"index, follow, max-snippet:-1, max-image-preview:large, max-video-preview:-1\" \/>\n<link rel=\"canonical\" href=\"https:\/\/centcols.org\/it\/fr-01-punzone-alto-bugey-ghiaia\/\" \/>\n<meta property=\"og:locale\" content=\"it_IT\" \/>\n<meta property=\"og:type\" content=\"article\" \/>\n<meta property=\"og:title\" content=\"FR-01 Poncin - Haut-Bugey \u2013 Gravel 105 km, D+ 1940 m, 12 cols - Club des Cent Cols\" \/>\n<meta property=\"og:description\" content=\"Description de l\u2019auteur Auteur : Philippe ChazottierParcours : effectu\u00e9 le 5 mars 2025D\u00e9part : village de Poncin, parking du cimeti\u00e8re. Deux boucles au d\u00e9part du village. Descriptif touristique La premi\u00e8re boucle se d\u00e9roule sur les reliefs du nord du Bugey. La seconde boucle \u00e0 partir de Poncin se d\u00e9roule dans la belle campagne du Revermont [&hellip;]\" \/>\n<meta property=\"og:url\" content=\"https:\/\/centcols.org\/it\/fr-01-punzone-alto-bugey-ghiaia\/\" \/>\n<meta property=\"og:site_name\" content=\"Club des Cent Cols\" \/>\n<meta property=\"article:publisher\" content=\"https:\/\/www.facebook.com\/groups\/5261880558\/?locale=fr_FR\" \/>\n<meta property=\"article:published_time\" content=\"2025-12-16T14:25:44+00:00\" \/>\n<meta property=\"article:modified_time\" content=\"2026-03-14T13:55:03+00:00\" \/>\n<meta property=\"og:image\" content=\"https:\/\/centcols.org\/wp-content\/uploads\/2025\/12\/Cerdon.jpg\" \/>\n\t<meta property=\"og:image:width\" content=\"900\" \/>\n\t<meta property=\"og:image:height\" content=\"1200\" \/>\n\t<meta property=\"og:image:type\" content=\"image\/jpeg\" \/>\n<meta name=\"author\" content=\"Ren\u00e9 Mercier\" \/>\n<meta name=\"twitter:card\" content=\"summary_large_image\" \/>\n<meta name=\"twitter:label1\" content=\"Scritto da\" \/>\n\t<meta name=\"twitter:data1\" content=\"Ren\u00e9 Mercier\" \/>\n\t<meta name=\"twitter:label2\" content=\"Tempo di lettura stimato\" \/>\n\t<meta name=\"twitter:data2\" content=\"3 minuti\" \/>\n<script type=\"application\/ld+json\" class=\"yoast-schema-graph\">{\"@context\":\"https:\/\/schema.org\",\"@graph\":[{\"@type\":\"Article\",\"@id\":\"https:\/\/centcols.org\/de\/fr-01-poncin-haut-bugey-gravel\/#article\",\"isPartOf\":{\"@id\":\"https:\/\/centcols.org\/de\/fr-01-poncin-haut-bugey-gravel\/\"},\"author\":{\"name\":\"Ren\u00e9 Mercier\",\"@id\":\"https:\/\/centcols.org\/#\/schema\/person\/0cc8f723679c98f3fb7798df5a50c018\"},\"headline\":\"FR-01 Poncin &#8211; Haut-Bugey \u2013 Gravel 105 km, D+ 1940 m, 12 cols\",\"datePublished\":\"2025-12-16T14:25:44+00:00\",\"dateModified\":\"2026-03-14T13:55:03+00:00\",\"mainEntityOfPage\":{\"@id\":\"https:\/\/centcols.org\/de\/fr-01-poncin-haut-bugey-gravel\/\"},\"wordCount\":430,\"commentCount\":0,\"publisher\":{\"@id\":\"https:\/\/centcols.org\/#organization\"},\"image\":{\"@id\":\"https:\/\/centcols.org\/de\/fr-01-poncin-haut-bugey-gravel\/#primaryimage\"},\"thumbnailUrl\":\"https:\/\/centcols.org\/wp-content\/uploads\/2025\/12\/Cerdon.jpg\",\"articleSection\":[\"Parcours France\",\"Auvergne-Rh\u00f4ne-Alpes\",\"01-Ain\",\"Gravel\",\"D\u00e9partement\",\"Jura\",\"Parcours membres\"],\"inLanguage\":\"it-IT\",\"potentialAction\":[{\"@type\":\"CommentAction\",\"name\":\"Comment\",\"target\":[\"https:\/\/centcols.org\/de\/fr-01-poncin-haut-bugey-gravel\/#respond\"]}]},{\"@type\":\"WebPage\",\"@id\":\"https:\/\/centcols.org\/de\/fr-01-poncin-haut-bugey-gravel\/\",\"url\":\"https:\/\/centcols.org\/de\/fr-01-poncin-haut-bugey-gravel\/\",\"name\":\"FR-01 Poncin - Haut-Bugey \u2013 Gravel 105 km, D+ 1940 m, 12 cols - Club des Cent Cols\",\"isPartOf\":{\"@id\":\"https:\/\/centcols.org\/#website\"},\"primaryImageOfPage\":{\"@id\":\"https:\/\/centcols.org\/de\/fr-01-poncin-haut-bugey-gravel\/#primaryimage\"},\"image\":{\"@id\":\"https:\/\/centcols.org\/de\/fr-01-poncin-haut-bugey-gravel\/#primaryimage\"},\"thumbnailUrl\":\"https:\/\/centcols.org\/wp-content\/uploads\/2025\/12\/Cerdon.jpg\",\"datePublished\":\"2025-12-16T14:25:44+00:00\",\"dateModified\":\"2026-03-14T13:55:03+00:00\",\"breadcrumb\":{\"@id\":\"https:\/\/centcols.org\/de\/fr-01-poncin-haut-bugey-gravel\/#breadcrumb\"},\"inLanguage\":\"it-IT\",\"potentialAction\":[{\"@type\":\"ReadAction\",\"target\":[\"https:\/\/centcols.org\/de\/fr-01-poncin-haut-bugey-gravel\/\"]}]},{\"@type\":\"ImageObject\",\"inLanguage\":\"it-IT\",\"@id\":\"https:\/\/centcols.org\/de\/fr-01-poncin-haut-bugey-gravel\/#primaryimage\",\"url\":\"https:\/\/centcols.org\/wp-content\/uploads\/2025\/12\/Cerdon.jpg\",\"contentUrl\":\"https:\/\/centcols.org\/wp-content\/uploads\/2025\/12\/Cerdon.jpg\",\"width\":900,\"height\":1200},{\"@type\":\"BreadcrumbList\",\"@id\":\"https:\/\/centcols.org\/de\/fr-01-poncin-haut-bugey-gravel\/#breadcrumb\",\"itemListElement\":[{\"@type\":\"ListItem\",\"position\":1,\"name\":\"Accueil\",\"item\":\"https:\/\/centcols.org\/\"},{\"@type\":\"ListItem\",\"position\":2,\"name\":\"Parcours membres\",\"item\":\"https:\/\/centcols.org\/rubrique\/parcours-membres\/\"},{\"@type\":\"ListItem\",\"position\":3,\"name\":\"Pays\",\"item\":\"https:\/\/centcols.org\/rubrique\/parcours-membres\/pays-parcours-membres\/\"},{\"@type\":\"ListItem\",\"position\":4,\"name\":\"Parcours France\",\"item\":\"https:\/\/centcols.org\/rubrique\/parcours-membres\/pays-parcours-membres\/parcours-france\/\"},{\"@type\":\"ListItem\",\"position\":5,\"name\":\"FR-01 Poncin &#8211; Haut-Bugey \u2013 Gravel 105 km, D+ 1940 m, 12 cols\"}]},{\"@type\":\"WebSite\",\"@id\":\"https:\/\/centcols.org\/#website\",\"url\":\"https:\/\/centcols.org\/\",\"name\":\"Club des Cent Cols\",\"description\":\"\",\"publisher\":{\"@id\":\"https:\/\/centcols.org\/#organization\"},\"potentialAction\":[{\"@type\":\"SearchAction\",\"target\":{\"@type\":\"EntryPoint\",\"urlTemplate\":\"https:\/\/centcols.org\/?s={search_term_string}\"},\"query-input\":{\"@type\":\"PropertyValueSpecification\",\"valueRequired\":true,\"valueName\":\"search_term_string\"}}],\"inLanguage\":\"it-IT\"},{\"@type\":\"Organization\",\"@id\":\"https:\/\/centcols.org\/#organization\",\"name\":\"Club des Cent Cols\",\"url\":\"https:\/\/centcols.org\/\",\"logo\":{\"@type\":\"ImageObject\",\"inLanguage\":\"it-IT\",\"@id\":\"https:\/\/centcols.org\/#\/schema\/logo\/image\/\",\"url\":\"https:\/\/centcols.org\/wp-content\/uploads\/2025\/01\/carte-icone.png\",\"contentUrl\":\"https:\/\/centcols.org\/wp-content\/uploads\/2025\/01\/carte-icone.png\",\"width\":250,\"height\":250,\"caption\":\"Club des Cent Cols\"},\"image\":{\"@id\":\"https:\/\/centcols.org\/#\/schema\/logo\/image\/\"},\"sameAs\":[\"https:\/\/www.facebook.com\/groups\/5261880558\/?locale=fr_FR\"]},{\"@type\":\"Person\",\"@id\":\"https:\/\/centcols.org\/#\/schema\/person\/0cc8f723679c98f3fb7798df5a50c018\",\"name\":\"Ren\u00e9 Mercier\",\"image\":{\"@type\":\"ImageObject\",\"inLanguage\":\"it-IT\",\"@id\":\"https:\/\/centcols.org\/wp-content\/litespeed\/avatar\/c2275eeaf79d4f7456274de381abeeab.jpg?ver=1777347562\",\"url\":\"https:\/\/centcols.org\/wp-content\/litespeed\/avatar\/c2275eeaf79d4f7456274de381abeeab.jpg?ver=1777347562\",\"contentUrl\":\"https:\/\/centcols.org\/wp-content\/litespeed\/avatar\/c2275eeaf79d4f7456274de381abeeab.jpg?ver=1777347562\",\"caption\":\"Ren\u00e9 Mercier\"},\"url\":\"https:\/\/centcols.org\/it\/author\/7552\/\"}]}<\/script>\n<!-- \/ Yoast SEO plugin. -->","yoast_head_json":{"title":"FR-01 Poncin - Haut-Bugey \u2013 Gravel 105 km, D+ 1940 m, 12 passi - Club des Cent Cols","robots":{"index":"index","follow":"follow","max-snippet":"max-snippet:-1","max-image-preview":"max-image-preview:large","max-video-preview":"max-video-preview:-1"},"canonical":"https:\/\/centcols.org\/it\/fr-01-punzone-alto-bugey-ghiaia\/","og_locale":"it_IT","og_type":"article","og_title":"FR-01 Poncin - Haut-Bugey \u2013 Gravel 105 km, D+ 1940 m, 12 cols - Club des Cent Cols","og_description":"Description de l\u2019auteur Auteur : Philippe ChazottierParcours : effectu\u00e9 le 5 mars 2025D\u00e9part : village de Poncin, parking du cimeti\u00e8re. Deux boucles au d\u00e9part du village. Descriptif touristique La premi\u00e8re boucle se d\u00e9roule sur les reliefs du nord du Bugey. La seconde boucle \u00e0 partir de Poncin se d\u00e9roule dans la belle campagne du Revermont [&hellip;]","og_url":"https:\/\/centcols.org\/it\/fr-01-punzone-alto-bugey-ghiaia\/","og_site_name":"Club des Cent Cols","article_publisher":"https:\/\/www.facebook.com\/groups\/5261880558\/?locale=fr_FR","article_published_time":"2025-12-16T14:25:44+00:00","article_modified_time":"2026-03-14T13:55:03+00:00","og_image":[{"width":900,"height":1200,"url":"https:\/\/centcols.org\/wp-content\/uploads\/2025\/12\/Cerdon.jpg","type":"image\/jpeg"}],"author":"Ren\u00e9 Mercier","twitter_card":"summary_large_image","twitter_misc":{"Scritto da":"Ren\u00e9 Mercier","Tempo di lettura stimato":"3 minuti"},"schema":{"@context":"https:\/\/schema.org","@graph":[{"@type":"Article","@id":"https:\/\/centcols.org\/de\/fr-01-poncin-haut-bugey-gravel\/#article","isPartOf":{"@id":"https:\/\/centcols.org\/de\/fr-01-poncin-haut-bugey-gravel\/"},"author":{"name":"Ren\u00e9 Mercier","@id":"https:\/\/centcols.org\/#\/schema\/person\/0cc8f723679c98f3fb7798df5a50c018"},"headline":"FR-01 Poncin &#8211; Haut-Bugey \u2013 Gravel 105 km, D+ 1940 m, 12 cols","datePublished":"2025-12-16T14:25:44+00:00","dateModified":"2026-03-14T13:55:03+00:00","mainEntityOfPage":{"@id":"https:\/\/centcols.org\/de\/fr-01-poncin-haut-bugey-gravel\/"},"wordCount":430,"commentCount":0,"publisher":{"@id":"https:\/\/centcols.org\/#organization"},"image":{"@id":"https:\/\/centcols.org\/de\/fr-01-poncin-haut-bugey-gravel\/#primaryimage"},"thumbnailUrl":"https:\/\/centcols.org\/wp-content\/uploads\/2025\/12\/Cerdon.jpg","articleSection":["Parcours France","Auvergne-Rh\u00f4ne-Alpes","01-Ain","Gravel","D\u00e9partement","Jura","Parcours membres"],"inLanguage":"it-IT","potentialAction":[{"@type":"CommentAction","name":"Comment","target":["https:\/\/centcols.org\/de\/fr-01-poncin-haut-bugey-gravel\/#respond"]}]},{"@type":"WebPage","@id":"https:\/\/centcols.org\/de\/fr-01-poncin-haut-bugey-gravel\/","url":"https:\/\/centcols.org\/de\/fr-01-poncin-haut-bugey-gravel\/","name":"FR-01 Poncin - Haut-Bugey \u2013 Gravel 105 km, D+ 1940 m, 12 passi - Club des Cent Cols","isPartOf":{"@id":"https:\/\/centcols.org\/#website"},"primaryImageOfPage":{"@id":"https:\/\/centcols.org\/de\/fr-01-poncin-haut-bugey-gravel\/#primaryimage"},"image":{"@id":"https:\/\/centcols.org\/de\/fr-01-poncin-haut-bugey-gravel\/#primaryimage"},"thumbnailUrl":"https:\/\/centcols.org\/wp-content\/uploads\/2025\/12\/Cerdon.jpg","datePublished":"2025-12-16T14:25:44+00:00","dateModified":"2026-03-14T13:55:03+00:00","breadcrumb":{"@id":"https:\/\/centcols.org\/de\/fr-01-poncin-haut-bugey-gravel\/#breadcrumb"},"inLanguage":"it-IT","potentialAction":[{"@type":"ReadAction","target":["https:\/\/centcols.org\/de\/fr-01-poncin-haut-bugey-gravel\/"]}]},{"@type":"ImageObject","inLanguage":"it-IT","@id":"https:\/\/centcols.org\/de\/fr-01-poncin-haut-bugey-gravel\/#primaryimage","url":"https:\/\/centcols.org\/wp-content\/uploads\/2025\/12\/Cerdon.jpg","contentUrl":"https:\/\/centcols.org\/wp-content\/uploads\/2025\/12\/Cerdon.jpg","width":900,"height":1200},{"@type":"BreadcrumbList","@id":"https:\/\/centcols.org\/de\/fr-01-poncin-haut-bugey-gravel\/#breadcrumb","itemListElement":[{"@type":"ListItem","position":1,"name":"Accueil","item":"https:\/\/centcols.org\/"},{"@type":"ListItem","position":2,"name":"Parcours membres","item":"https:\/\/centcols.org\/rubrique\/parcours-membres\/"},{"@type":"ListItem","position":3,"name":"Pays","item":"https:\/\/centcols.org\/rubrique\/parcours-membres\/pays-parcours-membres\/"},{"@type":"ListItem","position":4,"name":"Parcours France","item":"https:\/\/centcols.org\/rubrique\/parcours-membres\/pays-parcours-membres\/parcours-france\/"},{"@type":"ListItem","position":5,"name":"FR-01 Poncin &#8211; Haut-Bugey \u2013 Gravel 105 km, D+ 1940 m, 12 cols"}]},{"@type":"WebSite","@id":"https:\/\/centcols.org\/#website","url":"https:\/\/centcols.org\/","name":"Club des Cent Cols","description":"","publisher":{"@id":"https:\/\/centcols.org\/#organization"},"potentialAction":[{"@type":"SearchAction","target":{"@type":"EntryPoint","urlTemplate":"https:\/\/centcols.org\/?s={search_term_string}"},"query-input":{"@type":"PropertyValueSpecification","valueRequired":true,"valueName":"search_term_string"}}],"inLanguage":"it-IT"},{"@type":"Organization","@id":"https:\/\/centcols.org\/#organization","name":"Club des Cent Cols","url":"https:\/\/centcols.org\/","logo":{"@type":"ImageObject","inLanguage":"it-IT","@id":"https:\/\/centcols.org\/#\/schema\/logo\/image\/","url":"https:\/\/centcols.org\/wp-content\/uploads\/2025\/01\/carte-icone.png","contentUrl":"https:\/\/centcols.org\/wp-content\/uploads\/2025\/01\/carte-icone.png","width":250,"height":250,"caption":"Club des Cent Cols"},"image":{"@id":"https:\/\/centcols.org\/#\/schema\/logo\/image\/"},"sameAs":["https:\/\/www.facebook.com\/groups\/5261880558\/?locale=fr_FR"]},{"@type":"Person","@id":"https:\/\/centcols.org\/#\/schema\/person\/0cc8f723679c98f3fb7798df5a50c018","name":"Ren\u00e9 Mercier","image":{"@type":"ImageObject","inLanguage":"it-IT","@id":"https:\/\/centcols.org\/wp-content\/litespeed\/avatar\/c2275eeaf79d4f7456274de381abeeab.jpg?ver=1777347562","url":"https:\/\/centcols.org\/wp-content\/litespeed\/avatar\/c2275eeaf79d4f7456274de381abeeab.jpg?ver=1777347562","contentUrl":"https:\/\/centcols.org\/wp-content\/litespeed\/avatar\/c2275eeaf79d4f7456274de381abeeab.jpg?ver=1777347562","caption":"Ren\u00e9 Mercier"},"url":"https:\/\/centcols.org\/it\/author\/7552\/"}]}},"_links":{"self":[{"href":"https:\/\/centcols.org\/it\/wp-json\/wp\/v2\/posts\/92411","targetHints":{"allow":["GET"]}}],"collection":[{"href":"https:\/\/centcols.org\/it\/wp-json\/wp\/v2\/posts"}],"about":[{"href":"https:\/\/centcols.org\/it\/wp-json\/wp\/v2\/types\/post"}],"author":[{"embeddable":true,"href":"https:\/\/centcols.org\/it\/wp-json\/wp\/v2\/users\/1726"}],"replies":[{"embeddable":true,"href":"https:\/\/centcols.org\/it\/wp-json\/wp\/v2\/comments?post=92411"}],"version-history":[{"count":0,"href":"https:\/\/centcols.org\/it\/wp-json\/wp\/v2\/posts\/92411\/revisions"}],"wp:featuredmedia":[{"embeddable":true,"href":"https:\/\/centcols.org\/it\/wp-json\/wp\/v2\/media\/92421"}],"wp:attachment":[{"href":"https:\/\/centcols.org\/it\/wp-json\/wp\/v2\/media?parent=92411"}],"wp:term":[{"taxonomy":"category","embeddable":true,"href":"https:\/\/centcols.org\/it\/wp-json\/wp\/v2\/categories?post=92411"},{"taxonomy":"post_tag","embeddable":true,"href":"https:\/\/centcols.org\/it\/wp-json\/wp\/v2\/tags?post=92411"}],"curies":[{"name":"wp","href":"https:\/\/api.w.org\/{rel}","templated":true}]}}