{"id":92449,"date":"2025-12-16T19:56:37","date_gmt":"2025-12-16T17:56:37","guid":{"rendered":"https:\/\/centcols.org\/?p=92449"},"modified":"2025-12-20T15:31:53","modified_gmt":"2025-12-20T13:31:53","slug":"marc-jeanne-cc-n2541-ha-lonore","status":"publish","type":"post","link":"https:\/\/centcols.org\/it\/marc-jeanne-cc-n2541-a-l-honneur\/","title":{"rendered":"Marc Jeanne cc n\u00b02541 sotto i riflettori"},"content":{"rendered":"<blockquote class=\"wp-block-quote is-layout-flow wp-block-quote-is-layout-flow\">\n<p>Ogni anno, il premio Pierre Roques, assegnato dalla <a href=\"https:\/\/ffvelo.fr\/\" target=\"_blank\" rel=\"noreferrer noopener\">Federazione ciclistica francese<\/a>, premia l'autore o l'autrice di un racconto corredato da foto che narra un viaggio in bicicletta in autonomia. L'invio \u00e8 anonimo, sotto pseudonimo, per garantire l'imparzialit\u00e0 della giuria. Diversi membri del Club des Cent Cols sono vincitori del premio fotografico letterario, precedentemente denominato premio Charles Antonin.<\/p>\n<\/blockquote>\n\n\n\n<p>Quest'anno, il racconto premiato narra la traversata dei Pirenei lungo l'Alta Via dei Pirenei tracciata da Georges V\u00e9ron e Pierre Roques.<\/p>\n\n\n<div class=\"wp-block-image\">\n<figure class=\"aligncenter size-full\"><a href=\"https:\/\/centcols.org\/wp-content\/uploads\/2025\/12\/2022.07-Les-Pyrenees.jpg\"><img loading=\"lazy\" decoding=\"async\" width=\"1200\" height=\"900\" src=\"https:\/\/centcols.org\/wp-content\/uploads\/2025\/12\/2022.07-Les-Pyrenees.jpg\" alt=\"\" class=\"wp-image-92452\" srcset=\"https:\/\/centcols.org\/wp-content\/uploads\/2025\/12\/2022.07-Les-Pyrenees.jpg 1200w, https:\/\/centcols.org\/wp-content\/uploads\/2025\/12\/2022.07-Les-Pyrenees-768x576.jpg 768w, https:\/\/centcols.org\/wp-content\/uploads\/2025\/12\/2022.07-Les-Pyrenees-16x12.jpg 16w\" sizes=\"auto, (max-width: 1200px) 100vw, 1200px\" \/><\/a><figcaption class=\"wp-element-caption\">Marc Jeanne nella salita di Superbagn\u00e8res (\u00a9Guy Camb\u00e9ss\u00e8des)<\/figcaption><\/figure>\n<\/div>\n\n\n<p>\u00c8 stato assegnato al nostro amico Marc Jeanne, membro n. 2541 del Club des Cent Cols, per il suo racconto \u00abDans la roue de Pierre\u00bb (Sulla scia di Pierre). Gli \u00e8 stato consegnato in occasione dell'Assemblea Generale della Federazione Francese di Cicloturismo che si \u00e8 tenuta ad Albi nel weekend del 13 e 14 dicembre 2025.<\/p>\n\n\n\n<p>\u00c8 un altro bel traguardo nella carriera di Marc, ma anche un bellissimo viaggio compiuto con Brigitte (cc7387) sulla cresta dei Pirenei.<\/p>\n\n\n<div class=\"wp-block-image\">\n<figure class=\"aligncenter size-full\"><a href=\"https:\/\/centcols.org\/wp-content\/uploads\/2025\/12\/AG-FFCT-Albi-2025-GGolse.jpg\"><img loading=\"lazy\" decoding=\"async\" width=\"1200\" height=\"900\" src=\"https:\/\/centcols.org\/wp-content\/uploads\/2025\/12\/AG-FFCT-Albi-2025-GGolse.jpg\" alt=\"\" class=\"wp-image-92453\" srcset=\"https:\/\/centcols.org\/wp-content\/uploads\/2025\/12\/AG-FFCT-Albi-2025-GGolse.jpg 1200w, https:\/\/centcols.org\/wp-content\/uploads\/2025\/12\/AG-FFCT-Albi-2025-GGolse-768x576.jpg 768w, https:\/\/centcols.org\/wp-content\/uploads\/2025\/12\/AG-FFCT-Albi-2025-GGolse-16x12.jpg 16w\" sizes=\"auto, (max-width: 1200px) 100vw, 1200px\" \/><\/a><figcaption class=\"wp-element-caption\">Marc Jeanne (a destra) ha appena ricevuto il Premio fotografico-letterario Pierre Roques alla presenza della moglie Brigitte (cc 7387), che lo ha accompagnato lungo l'Alta Via dei Pirenei (foto \u00a9Georges Golse)<\/figcaption><\/figure>\n<\/div>\n\n<div class=\"wp-block-image\">\n<figure class=\"aligncenter size-full\"><a href=\"https:\/\/centcols.org\/wp-content\/uploads\/2025\/12\/AG-FFCT-Albi-2025-02-GGolse.jpg\"><img loading=\"lazy\" decoding=\"async\" width=\"768\" height=\"576\" src=\"https:\/\/centcols.org\/wp-content\/uploads\/2025\/12\/AG-FFCT-Albi-2025-02-GGolse.jpg\" alt=\"\" class=\"wp-image-92454\" srcset=\"https:\/\/centcols.org\/wp-content\/uploads\/2025\/12\/AG-FFCT-Albi-2025-02-GGolse.jpg 768w, https:\/\/centcols.org\/wp-content\/uploads\/2025\/12\/AG-FFCT-Albi-2025-02-GGolse-16x12.jpg 16w\" sizes=\"auto, (max-width: 768px) 100vw, 768px\" \/><\/a><figcaption class=\"wp-element-caption\">Marc parla del suo viaggio e della realizzazione del racconto premiato (foto \u00a9Georges Golse)<\/figcaption><\/figure>\n<\/div>\n\n\n<p>Dopo la sua pubblicazione prevista nella rivista <em>Cicloturismo<\/em> Nell'aprile 2026, il racconto sar\u00e0 pubblicato sul nostro sito nella sezione viaggi della Gazette, proprio come quello di Guy Cambess\u00e9d\u00e8s (cc 1420), vincitore della precedente edizione. <a href=\"\/it\/la-grande-transumanza-guy-cambessedes-n1420\/\">Vedi: la grande transumanza<\/a>.<\/p>\n\n\n\n<p>Il racconto del viaggio di Marc e Brigitte potrebbe anche ispirarvi a partecipare al <a href=\"\/it\/sfida-dei-pirenei-georges-veron\/\">sfida dei Pirenei Georges Veron<\/a> proposto dal Club dei Cento Passi.<\/p>","protected":false},"excerpt":{"rendered":"<p>Chaque ann\u00e9e, le prix Pierre Roques, d\u00e9cern\u00e9 par la F\u00e9d\u00e9ration Fran\u00e7aise de Cyclotourisme, r\u00e9compense l\u2019autrice, l\u2019auteur d\u2019un r\u00e9cit accompagn\u00e9 de photos qui raconte un voyage \u00e0 v\u00e9lo en autonomie. L\u2019envoi est anonyme sous un pseudo pour garantir l\u2019impartialit\u00e9 du jury. Plusieurs membres du Club des Cent Cols sont laur\u00e9ats du prix photo litt\u00e9raire, anciennement prix [&hellip;]<\/p>\n","protected":false},"author":5112,"featured_media":92452,"comment_status":"closed","ping_status":"closed","sticky":false,"template":"","format":"standard","meta":{"_acf_changed":false,"footnotes":""},"categories":[143],"tags":[],"class_list":["post-92449","post","type-post","status-publish","format-standard","has-post-thumbnail","hentry","category-actus-club"],"acf":[],"yoast_head":"<!-- This site is optimized with the Yoast SEO plugin v27.2 - https:\/\/yoast.com\/product\/yoast-seo-wordpress\/ -->\n<title>Marc Jeanne cc n\u00b02541 \u00e0 l&#039;honneur - Club des Cent Cols<\/title>\n<meta name=\"robots\" content=\"index, follow, max-snippet:-1, max-image-preview:large, max-video-preview:-1\" \/>\n<link rel=\"canonical\" href=\"https:\/\/centcols.org\/it\/marc-jeanne-cc-n2541-ha-lonore\/\" \/>\n<meta property=\"og:locale\" content=\"it_IT\" \/>\n<meta property=\"og:type\" content=\"article\" \/>\n<meta property=\"og:title\" content=\"Marc Jeanne cc n\u00b02541 \u00e0 l&#039;honneur - Club des Cent Cols\" \/>\n<meta property=\"og:description\" content=\"Chaque ann\u00e9e, le prix Pierre Roques, d\u00e9cern\u00e9 par la F\u00e9d\u00e9ration Fran\u00e7aise de Cyclotourisme, r\u00e9compense l\u2019autrice, l\u2019auteur d\u2019un r\u00e9cit accompagn\u00e9 de photos qui raconte un voyage \u00e0 v\u00e9lo en autonomie. L\u2019envoi est anonyme sous un pseudo pour garantir l\u2019impartialit\u00e9 du jury. Plusieurs membres du Club des Cent Cols sont laur\u00e9ats du prix photo litt\u00e9raire, anciennement prix [&hellip;]\" \/>\n<meta property=\"og:url\" content=\"https:\/\/centcols.org\/it\/marc-jeanne-cc-n2541-ha-lonore\/\" \/>\n<meta property=\"og:site_name\" content=\"Club des Cent Cols\" \/>\n<meta property=\"article:publisher\" content=\"https:\/\/www.facebook.com\/groups\/5261880558\/?locale=fr_FR\" \/>\n<meta property=\"article:published_time\" content=\"2025-12-16T17:56:37+00:00\" \/>\n<meta property=\"article:modified_time\" content=\"2025-12-20T13:31:53+00:00\" \/>\n<meta property=\"og:image\" content=\"https:\/\/centcols.org\/wp-content\/uploads\/2025\/12\/2022.07-Les-Pyrenees.jpg\" \/>\n\t<meta property=\"og:image:width\" content=\"1200\" \/>\n\t<meta property=\"og:image:height\" content=\"900\" \/>\n\t<meta property=\"og:image:type\" content=\"image\/jpeg\" \/>\n<meta name=\"author\" content=\"R\u00e9gis Paraz\" \/>\n<meta name=\"twitter:card\" content=\"summary_large_image\" \/>\n<meta name=\"twitter:label1\" content=\"Scritto da\" \/>\n\t<meta name=\"twitter:data1\" content=\"R\u00e9gis Paraz\" \/>\n\t<meta name=\"twitter:label2\" content=\"Tempo di lettura stimato\" \/>\n\t<meta name=\"twitter:data2\" content=\"2 minuti\" \/>\n<script type=\"application\/ld+json\" class=\"yoast-schema-graph\">{\"@context\":\"https:\/\/schema.org\",\"@graph\":[{\"@type\":\"Article\",\"@id\":\"https:\/\/centcols.org\/de\/marc-jeanne-cc-n2541-a-lhonneur\/#article\",\"isPartOf\":{\"@id\":\"https:\/\/centcols.org\/de\/marc-jeanne-cc-n2541-a-lhonneur\/\"},\"author\":{\"name\":\"R\u00e9gis Paraz\",\"@id\":\"https:\/\/centcols.org\/#\/schema\/person\/6733615a03fdc98c0aef104567c81e13\"},\"headline\":\"Marc Jeanne cc n\u00b02541 \u00e0 l&rsquo;honneur\",\"datePublished\":\"2025-12-16T17:56:37+00:00\",\"dateModified\":\"2025-12-20T13:31:53+00:00\",\"mainEntityOfPage\":{\"@id\":\"https:\/\/centcols.org\/de\/marc-jeanne-cc-n2541-a-lhonneur\/\"},\"wordCount\":339,\"publisher\":{\"@id\":\"https:\/\/centcols.org\/#organization\"},\"image\":{\"@id\":\"https:\/\/centcols.org\/de\/marc-jeanne-cc-n2541-a-lhonneur\/#primaryimage\"},\"thumbnailUrl\":\"https:\/\/centcols.org\/wp-content\/uploads\/2025\/12\/2022.07-Les-Pyrenees.jpg\",\"articleSection\":[\"Actus-Club\"],\"inLanguage\":\"it-IT\"},{\"@type\":\"WebPage\",\"@id\":\"https:\/\/centcols.org\/de\/marc-jeanne-cc-n2541-a-lhonneur\/\",\"url\":\"https:\/\/centcols.org\/de\/marc-jeanne-cc-n2541-a-lhonneur\/\",\"name\":\"Marc Jeanne cc n\u00b02541 \u00e0 l'honneur - Club des Cent Cols\",\"isPartOf\":{\"@id\":\"https:\/\/centcols.org\/#website\"},\"primaryImageOfPage\":{\"@id\":\"https:\/\/centcols.org\/de\/marc-jeanne-cc-n2541-a-lhonneur\/#primaryimage\"},\"image\":{\"@id\":\"https:\/\/centcols.org\/de\/marc-jeanne-cc-n2541-a-lhonneur\/#primaryimage\"},\"thumbnailUrl\":\"https:\/\/centcols.org\/wp-content\/uploads\/2025\/12\/2022.07-Les-Pyrenees.jpg\",\"datePublished\":\"2025-12-16T17:56:37+00:00\",\"dateModified\":\"2025-12-20T13:31:53+00:00\",\"breadcrumb\":{\"@id\":\"https:\/\/centcols.org\/de\/marc-jeanne-cc-n2541-a-lhonneur\/#breadcrumb\"},\"inLanguage\":\"it-IT\",\"potentialAction\":[{\"@type\":\"ReadAction\",\"target\":[\"https:\/\/centcols.org\/de\/marc-jeanne-cc-n2541-a-lhonneur\/\"]}]},{\"@type\":\"ImageObject\",\"inLanguage\":\"it-IT\",\"@id\":\"https:\/\/centcols.org\/de\/marc-jeanne-cc-n2541-a-lhonneur\/#primaryimage\",\"url\":\"https:\/\/centcols.org\/wp-content\/uploads\/2025\/12\/2022.07-Les-Pyrenees.jpg\",\"contentUrl\":\"https:\/\/centcols.org\/wp-content\/uploads\/2025\/12\/2022.07-Les-Pyrenees.jpg\",\"width\":1200,\"height\":900},{\"@type\":\"BreadcrumbList\",\"@id\":\"https:\/\/centcols.org\/de\/marc-jeanne-cc-n2541-a-lhonneur\/#breadcrumb\",\"itemListElement\":[{\"@type\":\"ListItem\",\"position\":1,\"name\":\"Accueil\",\"item\":\"https:\/\/centcols.org\/\"},{\"@type\":\"ListItem\",\"position\":2,\"name\":\"Gazette\",\"item\":\"https:\/\/centcols.org\/rubrique\/gazette\/\"},{\"@type\":\"ListItem\",\"position\":3,\"name\":\"Actus-Club\",\"item\":\"https:\/\/centcols.org\/rubrique\/gazette\/actus-club\/\"},{\"@type\":\"ListItem\",\"position\":4,\"name\":\"Marc Jeanne cc n\u00b02541 \u00e0 l&rsquo;honneur\"}]},{\"@type\":\"WebSite\",\"@id\":\"https:\/\/centcols.org\/#website\",\"url\":\"https:\/\/centcols.org\/\",\"name\":\"Club des Cent Cols\",\"description\":\"\",\"publisher\":{\"@id\":\"https:\/\/centcols.org\/#organization\"},\"potentialAction\":[{\"@type\":\"SearchAction\",\"target\":{\"@type\":\"EntryPoint\",\"urlTemplate\":\"https:\/\/centcols.org\/?s={search_term_string}\"},\"query-input\":{\"@type\":\"PropertyValueSpecification\",\"valueRequired\":true,\"valueName\":\"search_term_string\"}}],\"inLanguage\":\"it-IT\"},{\"@type\":\"Organization\",\"@id\":\"https:\/\/centcols.org\/#organization\",\"name\":\"Club des Cent Cols\",\"url\":\"https:\/\/centcols.org\/\",\"logo\":{\"@type\":\"ImageObject\",\"inLanguage\":\"it-IT\",\"@id\":\"https:\/\/centcols.org\/#\/schema\/logo\/image\/\",\"url\":\"https:\/\/centcols.org\/wp-content\/uploads\/2025\/01\/carte-icone.png\",\"contentUrl\":\"https:\/\/centcols.org\/wp-content\/uploads\/2025\/01\/carte-icone.png\",\"width\":250,\"height\":250,\"caption\":\"Club des Cent Cols\"},\"image\":{\"@id\":\"https:\/\/centcols.org\/#\/schema\/logo\/image\/\"},\"sameAs\":[\"https:\/\/www.facebook.com\/groups\/5261880558\/?locale=fr_FR\"]},{\"@type\":\"Person\",\"@id\":\"https:\/\/centcols.org\/#\/schema\/person\/6733615a03fdc98c0aef104567c81e13\",\"name\":\"R\u00e9gis Paraz\",\"image\":{\"@type\":\"ImageObject\",\"inLanguage\":\"it-IT\",\"@id\":\"https:\/\/centcols.org\/wp-content\/litespeed\/avatar\/e5679bd124a28f7319d109cd5c2c0dd7.jpg?ver=1777239746\",\"url\":\"https:\/\/centcols.org\/wp-content\/litespeed\/avatar\/e5679bd124a28f7319d109cd5c2c0dd7.jpg?ver=1777239746\",\"contentUrl\":\"https:\/\/centcols.org\/wp-content\/litespeed\/avatar\/e5679bd124a28f7319d109cd5c2c0dd7.jpg?ver=1777239746\",\"caption\":\"R\u00e9gis Paraz\"},\"url\":\"https:\/\/centcols.org\/it\/author\/3225\/\"}]}<\/script>\n<!-- \/ Yoast SEO plugin. -->","yoast_head_json":{"title":"Marc Jeanne cc n\u00b02541 alla ribalta - Club dei Cento Passi","robots":{"index":"index","follow":"follow","max-snippet":"max-snippet:-1","max-image-preview":"max-image-preview:large","max-video-preview":"max-video-preview:-1"},"canonical":"https:\/\/centcols.org\/it\/marc-jeanne-cc-n2541-ha-lonore\/","og_locale":"it_IT","og_type":"article","og_title":"Marc Jeanne cc n\u00b02541 \u00e0 l'honneur - Club des Cent Cols","og_description":"Chaque ann\u00e9e, le prix Pierre Roques, d\u00e9cern\u00e9 par la F\u00e9d\u00e9ration Fran\u00e7aise de Cyclotourisme, r\u00e9compense l\u2019autrice, l\u2019auteur d\u2019un r\u00e9cit accompagn\u00e9 de photos qui raconte un voyage \u00e0 v\u00e9lo en autonomie. L\u2019envoi est anonyme sous un pseudo pour garantir l\u2019impartialit\u00e9 du jury. Plusieurs membres du Club des Cent Cols sont laur\u00e9ats du prix photo litt\u00e9raire, anciennement prix [&hellip;]","og_url":"https:\/\/centcols.org\/it\/marc-jeanne-cc-n2541-ha-lonore\/","og_site_name":"Club des Cent Cols","article_publisher":"https:\/\/www.facebook.com\/groups\/5261880558\/?locale=fr_FR","article_published_time":"2025-12-16T17:56:37+00:00","article_modified_time":"2025-12-20T13:31:53+00:00","og_image":[{"width":1200,"height":900,"url":"https:\/\/centcols.org\/wp-content\/uploads\/2025\/12\/2022.07-Les-Pyrenees.jpg","type":"image\/jpeg"}],"author":"R\u00e9gis Paraz","twitter_card":"summary_large_image","twitter_misc":{"Scritto da":"R\u00e9gis Paraz","Tempo di lettura stimato":"2 minuti"},"schema":{"@context":"https:\/\/schema.org","@graph":[{"@type":"Article","@id":"https:\/\/centcols.org\/de\/marc-jeanne-cc-n2541-a-lhonneur\/#article","isPartOf":{"@id":"https:\/\/centcols.org\/de\/marc-jeanne-cc-n2541-a-lhonneur\/"},"author":{"name":"R\u00e9gis Paraz","@id":"https:\/\/centcols.org\/#\/schema\/person\/6733615a03fdc98c0aef104567c81e13"},"headline":"Marc Jeanne cc n\u00b02541 \u00e0 l&rsquo;honneur","datePublished":"2025-12-16T17:56:37+00:00","dateModified":"2025-12-20T13:31:53+00:00","mainEntityOfPage":{"@id":"https:\/\/centcols.org\/de\/marc-jeanne-cc-n2541-a-lhonneur\/"},"wordCount":339,"publisher":{"@id":"https:\/\/centcols.org\/#organization"},"image":{"@id":"https:\/\/centcols.org\/de\/marc-jeanne-cc-n2541-a-lhonneur\/#primaryimage"},"thumbnailUrl":"https:\/\/centcols.org\/wp-content\/uploads\/2025\/12\/2022.07-Les-Pyrenees.jpg","articleSection":["Actus-Club"],"inLanguage":"it-IT"},{"@type":"WebPage","@id":"https:\/\/centcols.org\/de\/marc-jeanne-cc-n2541-a-lhonneur\/","url":"https:\/\/centcols.org\/de\/marc-jeanne-cc-n2541-a-lhonneur\/","name":"Marc Jeanne cc n\u00b02541 alla ribalta - Club dei Cento Passi","isPartOf":{"@id":"https:\/\/centcols.org\/#website"},"primaryImageOfPage":{"@id":"https:\/\/centcols.org\/de\/marc-jeanne-cc-n2541-a-lhonneur\/#primaryimage"},"image":{"@id":"https:\/\/centcols.org\/de\/marc-jeanne-cc-n2541-a-lhonneur\/#primaryimage"},"thumbnailUrl":"https:\/\/centcols.org\/wp-content\/uploads\/2025\/12\/2022.07-Les-Pyrenees.jpg","datePublished":"2025-12-16T17:56:37+00:00","dateModified":"2025-12-20T13:31:53+00:00","breadcrumb":{"@id":"https:\/\/centcols.org\/de\/marc-jeanne-cc-n2541-a-lhonneur\/#breadcrumb"},"inLanguage":"it-IT","potentialAction":[{"@type":"ReadAction","target":["https:\/\/centcols.org\/de\/marc-jeanne-cc-n2541-a-lhonneur\/"]}]},{"@type":"ImageObject","inLanguage":"it-IT","@id":"https:\/\/centcols.org\/de\/marc-jeanne-cc-n2541-a-lhonneur\/#primaryimage","url":"https:\/\/centcols.org\/wp-content\/uploads\/2025\/12\/2022.07-Les-Pyrenees.jpg","contentUrl":"https:\/\/centcols.org\/wp-content\/uploads\/2025\/12\/2022.07-Les-Pyrenees.jpg","width":1200,"height":900},{"@type":"BreadcrumbList","@id":"https:\/\/centcols.org\/de\/marc-jeanne-cc-n2541-a-lhonneur\/#breadcrumb","itemListElement":[{"@type":"ListItem","position":1,"name":"Accueil","item":"https:\/\/centcols.org\/"},{"@type":"ListItem","position":2,"name":"Gazette","item":"https:\/\/centcols.org\/rubrique\/gazette\/"},{"@type":"ListItem","position":3,"name":"Actus-Club","item":"https:\/\/centcols.org\/rubrique\/gazette\/actus-club\/"},{"@type":"ListItem","position":4,"name":"Marc Jeanne cc n\u00b02541 \u00e0 l&rsquo;honneur"}]},{"@type":"WebSite","@id":"https:\/\/centcols.org\/#website","url":"https:\/\/centcols.org\/","name":"Club des Cent Cols","description":"","publisher":{"@id":"https:\/\/centcols.org\/#organization"},"potentialAction":[{"@type":"SearchAction","target":{"@type":"EntryPoint","urlTemplate":"https:\/\/centcols.org\/?s={search_term_string}"},"query-input":{"@type":"PropertyValueSpecification","valueRequired":true,"valueName":"search_term_string"}}],"inLanguage":"it-IT"},{"@type":"Organization","@id":"https:\/\/centcols.org\/#organization","name":"Club des Cent Cols","url":"https:\/\/centcols.org\/","logo":{"@type":"ImageObject","inLanguage":"it-IT","@id":"https:\/\/centcols.org\/#\/schema\/logo\/image\/","url":"https:\/\/centcols.org\/wp-content\/uploads\/2025\/01\/carte-icone.png","contentUrl":"https:\/\/centcols.org\/wp-content\/uploads\/2025\/01\/carte-icone.png","width":250,"height":250,"caption":"Club des Cent Cols"},"image":{"@id":"https:\/\/centcols.org\/#\/schema\/logo\/image\/"},"sameAs":["https:\/\/www.facebook.com\/groups\/5261880558\/?locale=fr_FR"]},{"@type":"Person","@id":"https:\/\/centcols.org\/#\/schema\/person\/6733615a03fdc98c0aef104567c81e13","name":"R\u00e9gis Paraz","image":{"@type":"ImageObject","inLanguage":"it-IT","@id":"https:\/\/centcols.org\/wp-content\/litespeed\/avatar\/e5679bd124a28f7319d109cd5c2c0dd7.jpg?ver=1777239746","url":"https:\/\/centcols.org\/wp-content\/litespeed\/avatar\/e5679bd124a28f7319d109cd5c2c0dd7.jpg?ver=1777239746","contentUrl":"https:\/\/centcols.org\/wp-content\/litespeed\/avatar\/e5679bd124a28f7319d109cd5c2c0dd7.jpg?ver=1777239746","caption":"R\u00e9gis Paraz"},"url":"https:\/\/centcols.org\/it\/author\/3225\/"}]}},"_links":{"self":[{"href":"https:\/\/centcols.org\/it\/wp-json\/wp\/v2\/posts\/92449","targetHints":{"allow":["GET"]}}],"collection":[{"href":"https:\/\/centcols.org\/it\/wp-json\/wp\/v2\/posts"}],"about":[{"href":"https:\/\/centcols.org\/it\/wp-json\/wp\/v2\/types\/post"}],"author":[{"embeddable":true,"href":"https:\/\/centcols.org\/it\/wp-json\/wp\/v2\/users\/5112"}],"replies":[{"embeddable":true,"href":"https:\/\/centcols.org\/it\/wp-json\/wp\/v2\/comments?post=92449"}],"version-history":[{"count":0,"href":"https:\/\/centcols.org\/it\/wp-json\/wp\/v2\/posts\/92449\/revisions"}],"wp:featuredmedia":[{"embeddable":true,"href":"https:\/\/centcols.org\/it\/wp-json\/wp\/v2\/media\/92452"}],"wp:attachment":[{"href":"https:\/\/centcols.org\/it\/wp-json\/wp\/v2\/media?parent=92449"}],"wp:term":[{"taxonomy":"category","embeddable":true,"href":"https:\/\/centcols.org\/it\/wp-json\/wp\/v2\/categories?post=92449"},{"taxonomy":"post_tag","embeddable":true,"href":"https:\/\/centcols.org\/it\/wp-json\/wp\/v2\/tags?post=92449"}],"curies":[{"name":"wp","href":"https:\/\/api.w.org\/{rel}","templated":true}]}}