{"id":92769,"date":"2026-03-10T23:00:23","date_gmt":"2026-03-10T21:00:23","guid":{"rendered":"https:\/\/centcols.org\/?p=92769"},"modified":"2026-04-25T17:42:05","modified_gmt":"2026-04-25T15:42:05","slug":"pausa-estiva-2026-soueix","status":"publish","type":"post","link":"https:\/\/centcols.org\/it\/sejour-ete-2026-soueix\/","title":{"rendered":"Vacanze estive a Soueix (Ari\u00e8ge) dal 5 al 12 settembre 2026"},"content":{"rendered":"\n<p><em>Ont contribu\u00e9 \u00e0 cette page de pr\u00e9sentation du s\u00e9jour Jean Michel Clausse, Corinne et Roland Dameron (commission S\u00e9jours)<\/em> et l&rsquo;\u00e9quipe informatique.<\/p>\n\n\n\n<p class=\"has-vivid-red-color has-text-color has-link-color wp-elements-96d1927c29b20becae77176f04eeeb39\"><strong><span class=\"stk-highlight\" style=\"color: #f20606;\">Toutes les chambres individuelles ont \u00e9t\u00e9 attribu\u00e9es. Si vous souhaitez vous inscrire, vous devrez partager la chambre.<\/span><\/strong><\/p>\n\n\n\n<p class=\"has-text-align-left has-black-color has-text-color has-link-color wp-elements-ff8595ac5d620a23632e319881d1a468\">Le s\u00e9jour d&rsquo;\u00e9t\u00e9 2026 se d\u00e9roulera du 5 au 12 septembre 2026 au village de vacances <a href=\"https:\/\/vv-les4chemins.fr\/\" type=\"link\" id=\"https:\/\/vv-les4chemins.fr\/\">Les 4 Chemins<\/a> \u00e0 Soueix, dans le Couserans, en Ari\u00e8ge. Il a \u00e9t\u00e9 pr\u00e9par\u00e9 par : Christophe Badonnel pour le choix de l&rsquo;h\u00e9bergeur, Guy Ruffi\u00e9 pour les reconnaissances des parcours sur place, et par Corinne Dameron, Roland Dameron et Jean-Michel Clausse pour l&rsquo;administration et la documentation.<\/p>\n\n\n\n<p><\/p>\n\n\n        <div class=\"toc-wrapper\" data-columns=\"3\"\n            data-headings=\"[{&quot;level&quot;:2,&quot;text&quot;:&quot;Pr\\u00e9sentation de la r\\u00e9gion&quot;,&quot;id&quot;:&quot;0-pr%C3%A9sentation-de-la-r%C3%A9gion&quot;,&quot;page&quot;:1,&quot;existing_id&quot;:true},{&quot;level&quot;:2,&quot;text&quot;:&quot;Circuits&quot;,&quot;id&quot;:&quot;1-circuits&quot;,&quot;page&quot;:1,&quot;existing_id&quot;:true},{&quot;level&quot;:3,&quot;text&quot;:&quot;Parcours ccTours Soueix 2026&quot;,&quot;id&quot;:&quot;2-parcours-cctours-vaison-2025&quot;,&quot;page&quot;:1,&quot;existing_id&quot;:true},{&quot;level&quot;:2,&quot;text&quot;:&quot;H\\u00e9bergement&quot;,&quot;id&quot;:&quot;4-h%C3%A9bergement&quot;,&quot;page&quot;:1,&quot;existing_id&quot;:true},{&quot;level&quot;:3,&quot;text&quot;:&quot;Autres h\\u00e9bergements&quot;,&quot;id&quot;:&quot;5-autres-h%C3%A9bergements&quot;,&quot;page&quot;:1,&quot;existing_id&quot;:true},{&quot;level&quot;:2,&quot;text&quot;:&quot;Note du Conseil d\\u2019Administration&quot;,&quot;id&quot;:&quot;heading-1751057926500-5&quot;,&quot;page&quot;:1,&quot;existing_id&quot;:true},{&quot;level&quot;:2,&quot;text&quot;:&quot;Inscriptions&quot;,&quot;id&quot;:&quot;6-inscriptions&quot;,&quot;page&quot;:1,&quot;existing_id&quot;:true},{&quot;level&quot;:3,&quot;text&quot;:&quot;T\\u00e9l\\u00e9charger le bulletin \\\/ download the booking form \\\/ scarica il modulo&quot;,&quot;id&quot;:&quot;7-t%C3%A9l%C3%A9charger-le-bulletin-download-the-booking-form-scarica-il-modulo&quot;,&quot;page&quot;:1,&quot;existing_id&quot;:true},{&quot;level&quot;:2,&quot;text&quot;:&quot;Livret&quot;,&quot;id&quot;:&quot;8-livret&quot;,&quot;page&quot;:1,&quot;existing_id&quot;:true},{&quot;level&quot;:2,&quot;text&quot;:&quot;Covoiturage&quot;,&quot;id&quot;:&quot;toc-covoiturage&quot;,&quot;page&quot;:1,&quot;existing_id&quot;:false},{&quot;level&quot;:2,&quot;text&quot;:&quot;Il n&#039;y a pas que le v\\u00e9lo dans la vie&quot;,&quot;id&quot;:&quot;9-il-ny-a-pas-que-le-v%C3%A9lo-dans-la-vie&quot;,&quot;page&quot;:1,&quot;existing_id&quot;:true}]\"\n            data-current-page=\"1\"\n            data-base-url=\"https:\/\/centcols.org\/it\/sejour-ete-2026-soueix\/\">\n            <div class=\"toc-title\">\n                Sommaire            <\/div>\n            <div class=\"toc-content\" style=\"column-count: 3;\">\n                <ul class=\"toc-list\"><li class=\"toc-item toc-level-2\"><a href=\"#0-pr%C3%A9sentation-de-la-r%C3%A9gion\" class=\"toc-link\" data-same-page=\"true\">Pr\u00e9sentation de la r\u00e9gion<\/a><\/li><li class=\"toc-item toc-level-2\"><a href=\"#1-circuits\" class=\"toc-link\" data-same-page=\"true\">Circuits<\/a><ul class=\"toc-sublist\"><li class=\"toc-item toc-level-3\"><a href=\"#2-parcours-cctours-vaison-2025\" class=\"toc-link\" data-same-page=\"true\">Parcours ccTours Soueix 2026<\/a><\/li><\/ul><\/li><li class=\"toc-item toc-level-2\"><a href=\"#4-h%C3%A9bergement\" class=\"toc-link\" data-same-page=\"true\">H\u00e9bergement<\/a><ul class=\"toc-sublist\"><li class=\"toc-item toc-level-3\"><a href=\"#5-autres-h%C3%A9bergements\" class=\"toc-link\" data-same-page=\"true\">Autres h\u00e9bergements<\/a><\/li><\/ul><\/li><li class=\"toc-item toc-level-2\"><a href=\"#heading-1751057926500-5\" class=\"toc-link\" data-same-page=\"true\">Note du Conseil d\u2019Administration<\/a><\/li><li class=\"toc-item toc-level-2\"><a href=\"#6-inscriptions\" class=\"toc-link\" data-same-page=\"true\">Inscriptions<\/a><ul class=\"toc-sublist\"><li class=\"toc-item toc-level-3\"><a href=\"#7-t%C3%A9l%C3%A9charger-le-bulletin-download-the-booking-form-scarica-il-modulo\" class=\"toc-link\" data-same-page=\"true\">T\u00e9l\u00e9charger le bulletin \/ download the booking form \/ scarica il modulo<\/a><\/li><\/ul><\/li><li class=\"toc-item toc-level-2\"><a href=\"#8-livret\" class=\"toc-link\" data-same-page=\"true\">Livret<\/a><\/li><li class=\"toc-item toc-level-2\"><a href=\"#toc-covoiturage\" class=\"toc-link\" data-same-page=\"true\">Covoiturage<\/a><\/li><li class=\"toc-item toc-level-2\"><a href=\"#9-il-ny-a-pas-que-le-v%C3%A9lo-dans-la-vie\" class=\"toc-link\" data-same-page=\"true\">Il n&#039;y a pas que le v\u00e9lo dans la vie<\/a><\/li><\/ul>            <\/div>\n        <\/div>\n    \n\n\n<h2 class=\"wp-block-heading\" id=\"0-pr%C3%A9sentation-de-la-r%C3%A9gion\">Pr\u00e9sentation de la r\u00e9gion<\/h2>\n\n\n\n<p>Soueix est un petit village du Couserans, dans la vall\u00e9e du Salat, \u00e0 15&nbsp;km au sud-est de Saint-Girons, en Ari\u00e8ge. Il se trouve \u00e0 3&nbsp;km de Seix, o\u00f9 avait eu lieu le s\u00e9jour d&rsquo;\u00e9t\u00e9 2005 dont certains se souviennent certainement.<\/p>\n\n\n<p><div class=\"leaflet-map WPLeafletMap\" style=\"height:700px; width:100%;\"><\/div><script>\nwindow.WPLeafletMapPlugin = window.WPLeafletMapPlugin || [];\nwindow.WPLeafletMapPlugin.push(function WPLeafletMapShortcode() {\/*<script>*\/\nvar baseUrl = atob('aHR0cHM6Ly90aWxlLm9wZW5zdHJlZXRtYXAub3JnL3t6fS97eH0ve3l9LnBuZw==');\nvar base = (!baseUrl && window.MQ) ?\n    window.MQ.mapLayer() : L.tileLayer(baseUrl,\n        L.Util.extend({}, {\n            detectRetina: 0,\n        },\n        {\"subdomains\":\"abc\",\"noWrap\":false,\"maxZoom\":19}        )\n    );\n    var options = L.Util.extend({}, {\n        layers: [base],\n        attributionControl: false\n    },\n    {\"zoomControl\":false,\"scrollWheelZoom\":false,\"doubleClickZoom\":false,\"fitBounds\":false,\"minZoom\":0,\"maxZoom\":19,\"maxBounds\":null,\"attribution\":\"<a href=\\\"http:\\\/\\\/leafletjs.com\\\" title=\\\"Une biblioth\\u00e8que JS pour des cartes interactives\\\">Leaflet<\\\/a>; \\u00a9 <a href=\\\"http:\\\/\\\/www.openstreetmap.org\\\/copyright\\\">OpenStreetMap<\\\/a> contributeurs\\\/contributrices\"},\n    {});\nwindow.WPLeafletMapPlugin.createMap(options).setView([42.894,1.212],12);});<\/script> <script>\nwindow.WPLeafletMapPlugin = window.WPLeafletMapPlugin || [];\nwindow.WPLeafletMapPlugin.push(function WPLeafletMarkerShortcode() {\/*<script>*\/\nvar map = window.WPLeafletMapPlugin.getCurrentMap();\nvar group = window.WPLeafletMapPlugin.getCurrentGroup();\nvar marker_options = window.WPLeafletMapPlugin.getIconOptions({\"iconUrl\":\"\\\/res\\\/lib\\\/leaflet\\\/images\\\/hotel.png\",\"iconSize\":\"24,72\",\"popupAnchor\":\"0,-32\"});\nvar marker = L.marker(\n    [42.894,1.212],\n    marker_options\n);\nvar is_image = map.is_image_map;\nif (marker_options.draggable) {\n    marker.on('dragend', function () {\n        var latlng = this.getLatLng();\n        var lat = latlng.lat;\n        var lng = latlng.lng;\n        if (is_image) {\n            console.log('leaflet-marker y=' + lat + ' x=' + lng);\n        } else {\n            console.log('leaflet-marker lat=' + lat + ' lng=' + lng);\n        }\n    });\n}\nmarker.addTo( group );\nmarker.bindPopup(window.WPLeafletMapPlugin.unescape('Les 4 Chemins'));window.WPLeafletMapPlugin.markers.push( marker );\n        });<\/script><\/p>\n\n\n\n<div style=\"height:50px\" aria-hidden=\"true\" class=\"wp-block-spacer\"><\/div>\n\n\n\n<figure class=\"wp-block-gallery has-nested-images columns-default is-cropped wp-block-gallery-1 is-layout-flex wp-block-gallery-is-layout-flex\">\n<figure class=\"wp-block-image size-full\"><a href=\"https:\/\/centcols.org\/wp-content\/uploads\/2026\/01\/Le_Salat_a_Soueix.jpg\"><img loading=\"lazy\" decoding=\"async\" width=\"960\" height=\"643\" data-id=\"92993\" src=\"https:\/\/centcols.org\/wp-content\/uploads\/2026\/01\/Le_Salat_a_Soueix.jpg\" alt=\"\" class=\"wp-image-92993\" srcset=\"https:\/\/centcols.org\/wp-content\/uploads\/2026\/01\/Le_Salat_a_Soueix.jpg 960w, https:\/\/centcols.org\/wp-content\/uploads\/2026\/01\/Le_Salat_a_Soueix-768x514.jpg 768w, https:\/\/centcols.org\/wp-content\/uploads\/2026\/01\/Le_Salat_a_Soueix-18x12.jpg 18w\" sizes=\"auto, (max-width: 960px) 100vw, 960px\" \/><\/a><figcaption class=\"wp-element-caption\">Soueix : vue sur le Salat en amont du village et \u00ab\u00a0la Tour\u00a0\u00bb. Pierre Gouget @<a href=\"https:\/\/creativecommons.org\/licenses\/by-sa\/4.0\/deed.en\" type=\"link\" id=\"https:\/\/creativecommons.org\/licenses\/by-sa\/4.0\/deed.en\">Creative Commons<\/a><\/figcaption><\/figure>\n<\/figure>\n\n\n\n<p>\u00c0 une centaine de kilom\u00e8tres au sud de Toulouse, ce petit village de 420 habitants est situ\u00e9 au bord de la rivi\u00e8re \u00ab\u00a0Le Salat\u00a0\u00bb, affluent de la Garonne qui arrose Saint-Girons. On est ici au c\u0153ur du Couserans et du Parc naturel r\u00e9gional des Pyr\u00e9n\u00e9es ari\u00e9geoises. Le Couserans est un pays de montagne, aux racines gasconnes, situ\u00e9 dans l&rsquo;ouest de l&rsquo;Ari\u00e8ge et domin\u00e9 par l&rsquo;imposant mont Valier, \u00e0 2838 m\u00e8tres.<\/p>\n\n\n\n<h2 class=\"wp-block-heading\" id=\"1-circuits\">Circuits<\/h2>\n\n\n\n<h3 class=\"wp-block-heading\" id=\"2-parcours-cctours-vaison-2025\">Parcours ccTours Soueix 2026<\/h3>\n\n\n\n<p>Ils seront mis en lien ici prochainement.<\/p>\n\n\n\n<p class=\"has-vivid-red-color has-text-color has-link-color wp-elements-10583b8251a14c1c7317c91048edbb4d\">\u00c0 chaque s\u00e9jour, le lien vers CCTours (o\u00f9 l&rsquo;on trouve tous les parcours des s\u00e9jours et rencontres r\u00e9gionales) est mis en ligne environ un mois avant le d\u00e9but du s\u00e9jour.<\/p>\n\n\n\n<p>Les parcours (routiers, VTT et gravier) permettront de sillonner le pi\u00e9mont pyr\u00e9n\u00e9en et ses nombreux villages pleins de charme, avec une belle moisson de cols accessibles et ne d\u00e9passant gu\u00e8re les 1000 m\u00e8tres d&rsquo;altitude. Les plus courageux pourront taquiner les cols \u00e0 2000, \u00e0 condition de s&rsquo;aventurer sur des sentiers escarp\u00e9s. Car le seul col \u00e0 2000 de la r\u00e9gion qui soit accessible en gravel est le fameux et magnifique Port d&rsquo;Aula.<\/p>\n\n\n\n<p><\/p>\n\n\n\n<h2 class=\"wp-block-heading\" id=\"4-h%C3%A9bergement\">H\u00e9bergement<\/h2>\n\n\n\n<p>Le village de vacances des 4 Chemins est implant\u00e9 au c\u0153ur d&rsquo;un magnifique parc.<br>L&rsquo;h\u00e9bergement se fera en chalets de deux chambres \u00e0 partager, une avec grand lit, une avec deux lits s\u00e9par\u00e9s. Pour faire de votre s\u00e9jour un moment de convivialit\u00e9 avec vos amis, nous vous invitons \u00e0 pr\u00e9ciser vos souhaits de regroupement aussi bien en individuel qu&rsquo;en couple. Nous ne disposerons que de 4 chambres individuelles \u00e0 l&rsquo;auberge l&rsquo;Escaleta situ\u00e9e \u00e0 Seix (4&nbsp;km).<\/p>\n\n\n\n<figure class=\"wp-block-gallery has-nested-images columns-default is-cropped wp-block-gallery-2 is-layout-flex wp-block-gallery-is-layout-flex\">\n<figure class=\"wp-block-image size-full\"><a href=\"https:\/\/centcols.org\/wp-content\/uploads\/2026\/01\/Soueix-4-Chemins-01.jpg\"><img loading=\"lazy\" decoding=\"async\" width=\"1280\" height=\"720\" data-id=\"94379\" src=\"https:\/\/centcols.org\/wp-content\/uploads\/2026\/01\/Soueix-4-Chemins-01.jpg\" alt=\"\" class=\"wp-image-94379\" srcset=\"https:\/\/centcols.org\/wp-content\/uploads\/2026\/01\/Soueix-4-Chemins-01.jpg 1280w, https:\/\/centcols.org\/wp-content\/uploads\/2026\/01\/Soueix-4-Chemins-01-1200x675.jpg 1200w, https:\/\/centcols.org\/wp-content\/uploads\/2026\/01\/Soueix-4-Chemins-01-768x432.jpg 768w, https:\/\/centcols.org\/wp-content\/uploads\/2026\/01\/Soueix-4-Chemins-01-18x10.jpg 18w\" sizes=\"auto, (max-width: 1280px) 100vw, 1280px\" \/><\/a><\/figure>\n\n\n\n<figure class=\"wp-block-image size-full\"><a href=\"https:\/\/centcols.org\/wp-content\/uploads\/2026\/01\/Soueix-4-Chemins-02.jpg\"><img loading=\"lazy\" decoding=\"async\" width=\"1280\" height=\"591\" data-id=\"94380\" src=\"https:\/\/centcols.org\/wp-content\/uploads\/2026\/01\/Soueix-4-Chemins-02.jpg\" alt=\"\" class=\"wp-image-94380\" srcset=\"https:\/\/centcols.org\/wp-content\/uploads\/2026\/01\/Soueix-4-Chemins-02.jpg 1280w, https:\/\/centcols.org\/wp-content\/uploads\/2026\/01\/Soueix-4-Chemins-02-1200x554.jpg 1200w, https:\/\/centcols.org\/wp-content\/uploads\/2026\/01\/Soueix-4-Chemins-02-768x355.jpg 768w, https:\/\/centcols.org\/wp-content\/uploads\/2026\/01\/Soueix-4-Chemins-02-18x8.jpg 18w\" sizes=\"auto, (max-width: 1280px) 100vw, 1280px\" \/><\/a><\/figure>\n\n\n\n<figure class=\"wp-block-image size-full\"><a href=\"https:\/\/centcols.org\/wp-content\/uploads\/2026\/01\/Soueix-4-Chemins-03.jpg\"><img loading=\"lazy\" decoding=\"async\" width=\"1280\" height=\"900\" data-id=\"94381\" src=\"https:\/\/centcols.org\/wp-content\/uploads\/2026\/01\/Soueix-4-Chemins-03.jpg\" alt=\"\" class=\"wp-image-94381\" srcset=\"https:\/\/centcols.org\/wp-content\/uploads\/2026\/01\/Soueix-4-Chemins-03.jpg 1280w, https:\/\/centcols.org\/wp-content\/uploads\/2026\/01\/Soueix-4-Chemins-03-1200x844.jpg 1200w, https:\/\/centcols.org\/wp-content\/uploads\/2026\/01\/Soueix-4-Chemins-03-768x540.jpg 768w, https:\/\/centcols.org\/wp-content\/uploads\/2026\/01\/Soueix-4-Chemins-03-18x12.jpg 18w\" sizes=\"auto, (max-width: 1280px) 100vw, 1280px\" \/><\/a><\/figure>\n<\/figure>\n\n\n\n<div class=\"wp-block-columns is-layout-flex wp-container-core-columns-is-layout-9d6595d7 wp-block-columns-is-layout-flex\">\n<div class=\"wp-block-column is-layout-flow wp-block-column-is-layout-flow\" style=\"flex-basis:50%\">\n<p><a href=\"https:\/\/vv-les4chemins.fr\/\" target=\"_blank\" rel=\"noreferrer noopener\">Village de Vacances Les 4 Chemins<\/a><br>4 All\u00e9e des Quatre Chemins<br>09140 Soueix-Rogalle<\/p>\n\n\n\n<p><\/p>\n\n\n\n<p>&nbsp;<\/p>\n\n\n\n<h3 class=\"wp-block-heading\" id=\"5-autres-h%C3%A9bergements\">Autres h\u00e9bergements<\/h3>\n\n\n\n<p>Le camping <a href=\"https:\/\/camping4saisons.com\/\">les 4 Saisons<\/a>, \u00e0 Oust, \u00e0 4&nbsp;km du village, poss\u00e8de 11 emplacements de camping-cars.<br><\/p>\n<\/div>\n\n\n\n<div class=\"wp-block-column has-very-light-gray-background-color has-background is-layout-flow wp-block-column-is-layout-flow\" style=\"flex-basis:50%\">\n<h2 class=\"wp-block-heading has-text-align-center\" id=\"heading-1751057926500-5\">Note du Conseil d\u2019Administration<\/h2>\n\n\n<div class=\"wp-block-image\">\n<figure class=\"aligncenter size-full\"><img loading=\"lazy\" decoding=\"async\" width=\"100\" height=\"100\" src=\"https:\/\/centcols.org\/wp-content\/uploads\/2025\/08\/icons8-note-100.png\" alt=\"\" class=\"wp-image-88085\" srcset=\"https:\/\/centcols.org\/wp-content\/uploads\/2025\/08\/icons8-note-100.png 100w, https:\/\/centcols.org\/wp-content\/uploads\/2025\/08\/icons8-note-100-12x12.png 12w\" sizes=\"auto, (max-width: 100px) 100vw, 100px\" \/><\/figure>\n<\/div>\n\n\n<p>Si vous organisez votre h\u00e9bergement ailleurs que dans le centre de s\u00e9jour, n\u2019oubliez pas de vous inscrire en tant que \u00ab\u00a0simple participant\u00a0\u00bb :<\/p>\n\n\n\n<ul class=\"wp-block-list\">\n<li>Afin de pouvoir dimensionner correctement les \u00e9v\u00e9nements communs (sessions d\u2019information, boissons de bienvenue et de cl\u00f4ture).<\/li>\n\n\n\n<li>Pour pouvoir fournir le livret de vacances.<\/li>\n\n\n\n<li>Afin d\u2019assurer une bonne r\u00e9partition des co\u00fbts de pr\u00e9paration et d\u2019organisation.<\/li>\n<\/ul>\n<\/div>\n<\/div>\n\n\n\n<div style=\"height:18px\" aria-hidden=\"true\" class=\"wp-block-spacer\"><\/div>\n\n\n\n<h2 class=\"wp-block-heading\" id=\"6-inscriptions\">Inscriptions<\/h2>\n\n\n\n<p>Pour vous inscrire, t\u00e9l\u00e9chargez le bulletin d\u2019inscription PDF avec le lien ci-dessous. Attention, le bulletin d\u2019inscription comprend deux pages : l\u2019inscription proprement dite (veillez \u00e0 bien remplir toutes les rubriques qui vous concernent et \u00e0 signer au bas de la page), et les conditions particuli\u00e8res que vous voudrez bien signer \u00e9galement. Si vous envisagez de vous faire accompagner par votre compagnon\/compagne, veillez bien \u00e0 l\u2019inscrire auparavant comme membre associ\u00e9 aupr\u00e8s de votre D\u00e9l\u00e9gu\u00e9 Territorial ou National et n\u2019oubliez pas de mettre son N\u00b0 de membre associ\u00e9 dans la case pr\u00e9vue.<br>\u201cLe forfait frais d\u2019organisation\u201d doit \u00eatre souscrit par tous les membres participant au s\u00e9jour (qu\u2019ils choisissent la pension compl\u00e8te, le forfait 7 d\u00eeners, ou qu\u2019ils se logent et se nourrissent par leur propres moyens) \u00e0 l\u2019exception des seuls membres associ\u00e9s (d\u00e9cision du CA du 26 septembre 2020). Ce forfait est une participation \u00e0 toutes les prestations et services dont ils b\u00e9n\u00e9ficient en prenant part au s\u00e9jour : co\u00fbt de la pr\u00e9paration du s\u00e9jour et des circuits, \u00e9dition des cartes affich\u00e9es et du trombinoscope, plaquette du s\u00e9jour, organisation des activit\u00e9s des accompagnants, assurance du Club, etc.<\/p>\n\n\n\n<p>Les s\u00e9jours n\u2019\u00e9tant accessibles, pour des raisons l\u00e9gales, qu\u2019aux seuls membres du Club, veillez \u00e0 \u00eatre \u00e0 jour de cotisation avant d\u2019envoyer votre bulletin d\u2019inscription.<\/p>\n\n\n\n<p>Vous pouvez choisir les formules :<\/p>\n\n\n\n<ul class=\"wp-block-list\">\n<li>\u201cPension compl\u00e8te\u201d \u00e0&nbsp;420&nbsp;\u20ac auquel vous devez rajouter le forfait \u201cfrais d\u2019organisation\u201d \u00e0 11&nbsp;\u20ac soit un total de&nbsp;431&nbsp;\u20ac.<\/li>\n\n\n\n<li>\u201cForfait repas 7 jours\u201d \u00e0&nbsp; 323&nbsp;\u20ac si vous vous logez par vos propres moyens mais souhaitez b\u00e9n\u00e9ficier des repas (petit d\u00e9jeuner, d\u00e9jeuner et d\u00eener). Vous devez ajouter le forfait \u201cfrais d\u2019organisation \u00e0 11&nbsp;\u20ac soit un total de&nbsp;334&nbsp;\u20ac.<\/li>\n\n\n\n<li>\u201cForfait frais d\u2019organisation\u201d \u00e0&nbsp;11&nbsp;\u20ac si vous logez et assurez tous vos repas par vos propres moyens (sauf les membres associ\u00e9s).<\/li>\n\n\n\n<li>Souscription facultative \u00e0 l\u2019assurance Gritchen (2,34 % du montant des prestations avec un minimum de 8&nbsp;\u20ac par personne soit 16&nbsp;\u20ac pour un couple).<\/li>\n\n\n\n<li>Si vous n\u2019\u00eates pas licenci\u00e9 FFCT, ajoutez l\u2019assurance obligatoire \u00e0 7&nbsp;\u20ac par personne.<\/li>\n\n\n\n<li>Si vous \u00eates un couple dont un membre est membre associ\u00e9 non licenci\u00e9 \u00e0 la FFCT et que vous souhaitez souscrire \u00e0 l\u2019assurance Gritchen, vous choisissez deux forfaits \u00e0&nbsp;420&nbsp;\u20ac, un forfait frais d\u2019organisation \u00e0&nbsp;11&nbsp;\u20ac soit un total de 851&nbsp;\u20ac, vous ajoutez l\u2019assurance Gritchen 2,34 % x&nbsp;851&nbsp;\u20ac =&nbsp;19,91&nbsp;\u20ac (qui est sup\u00e9rieur au minimum de 16&nbsp;\u20ac) et l\u2019assurance non FFCT \u00e0 7&nbsp;\u20ac, soit un total de 877,91&nbsp;\u20ac.<\/li>\n<\/ul>\n\n\n\n<h3 class=\"wp-block-heading\" id=\"7-t%C3%A9l%C3%A9charger-le-bulletin-download-the-booking-form-scarica-il-modulo\">T\u00e9l\u00e9charger le bulletin \/ download the booking form \/ scarica il modulo<\/h3>\n\n\n\n<p><strong><a href=\"https:\/\/centcols.org\/wp-content\/uploads\/2026\/03\/bulletin-inscription-Soueix.pdf\" target=\"_blank\" rel=\"noreferrer noopener\">Bulletin d\u2019Inscription Soueix en fran\u00e7ais<\/a><\/strong><\/p>\n\n\n\n<p>Pour une inscription enti\u00e8rement d\u00e9mat\u00e9rialis\u00e9e :<br>Le bulletin d\u2019inscription en fran\u00e7ais est un fichier pdf modifiable que vous pouvez ais\u00e9ment remplir et sauvegarder sur votre ordinateur avant de l\u2019envoyer par mail.<br>Pour signer le document sans l\u2019imprimer :<br>\u2022 Si vous disposez de <a href=\"https:\/\/www.adobe.com\/fr\/acrobat\/pdf-reader.html\" target=\"_blank\" rel=\"noreferrer noopener\">Adobe Acrobat Reader<\/a> vous avez, en bas de la petite barre d\u2019outils en haut \u00e0 gauche, une option \u00ab ajouter votre signature \u00bb permettant d\u2019enregistrer votre signature (dessin\u00e9e une fois \u00e0 la souris) et de la glisser-d\u00e9poser aux 3 endroits pr\u00e9vus.<br>\u2022 Sinon, la plupart des navigateurs Web (Edge, Chrome\u2026) offrent a minima, dans la barre d\u2019outils d\u2019en haut, une option \u00ab dessin \u00bb qui vous permet de signer avec la souris dans les 3 espaces pr\u00e9vus dans le bulletin.<br>Pour payer par virement : si vous n\u2019en disposez pas d\u00e9j\u00e0, vous trouverez <strong>le RIB et l\u2019IBAN<\/strong> du club sur la page <a href=\"https:\/\/centcols.org\/moyens-paiement\/\" target=\"_blank\" rel=\"noreferrer noopener\">Comment effectuer son R\u00e8glement&#8230;<\/a> juste en dessous de la liste des moyens de r\u00e8glement accept\u00e9s.<\/p>\n\n\n\n<p>Option \u00ab papier \u00bb conserv\u00e9e :<br>Le bulletin d\u2019inscription pdf reste imprimable sans pr\u00e9senter la moindre diff\u00e9rence avec un bulletin non modifiable. Vous pouvez donc le remplir et le signer comme vous le souhaitez et le poster accompagn\u00e9 d\u2019un ch\u00e8que.<\/p>\n\n\n\n<ul class=\"wp-block-list\">\n<li><a href=\"\/wp-content\/uploads\/2025\/06\/CGA-Residence-de-tourisme-Cent-cols1.pdf\" target=\"_blank\" rel=\"noreferrer noopener\">Conditions g\u00e9n\u00e9rales assurance Gritchen<\/a><\/li>\n\n\n\n<li><a href=\"\/wp-content\/uploads\/2025\/06\/Gritchen_Covid19_Gritchen_FR1.pdf\" target=\"_blank\" rel=\"noreferrer noopener\">Gritchen couverture Covid 19<\/a><\/li>\n<\/ul>\n\n\n\n<p><strong>La date limite de r\u00e9ception des inscriptions a \u00e9t\u00e9 fix\u00e9e au &nbsp;05\/07\/2026.<\/strong><\/p>\n\n\n\n<h2 class=\"wp-block-heading\" id=\"8-livret\">Livret<\/h2>\n\n\n\n<p>Vous pouvez feuilleter <strong>ici<\/strong> le Livret qui sera distribu\u00e9 lors du s\u00e9jour et qui contient, outre les messages de bienvenue, des informations sur la r\u00e9gion et sur l\u2019acc\u00e8s, des \u00e9l\u00e9ments sur la s\u00e9curit\u00e9 et le descriptif d\u00e9taill\u00e9 des circuits.<\/p>\n\n\n\n<h2 class=\"wp-block-heading\">Covoiturage<\/h2>\n\n\n\n<p>Si vous avez de la place dans votre v\u00e9hicule ou si vous cherchez une place de covoiturage, n&rsquo;h\u00e9sitez pas \u00e0 vous manifester en utilisant le formulaire de commentaires en bas de cet article<\/p>\n\n\n\n<h2 class=\"wp-block-heading\" id=\"9-il-ny-a-pas-que-le-v%C3%A9lo-dans-la-vie\">Il n&rsquo;y a pas que le v\u00e9lo dans la vie<\/h2>\n\n\n\n<p class=\"has-text-align-center\">D\u00e9couvrez Soueix<\/p>\n\n\n\n<div class=\"wp-block-columns is-layout-flex wp-container-core-columns-is-layout-9d6595d7 wp-block-columns-is-layout-flex\">\n<div class=\"wp-block-column is-layout-flow wp-block-column-is-layout-flow\">\n<p><a href=\"https:\/\/www.soueix-rogalle.fr\/\" target=\"_blank\" rel=\"noreferrer noopener\">La commune de Soueix-Rogalle<\/a><\/p>\n<\/div>\n\n\n\n<div class=\"wp-block-column is-layout-flow wp-block-column-is-layout-flow\"><\/div>\n<\/div>\n","protected":false},"excerpt":{"rendered":"<p>Ont contribu\u00e9 \u00e0 cette page de pr\u00e9sentation du s\u00e9jour Jean Michel Clausse, Corinne et Roland Dameron (commission S\u00e9jours) et l&rsquo;\u00e9quipe informatique. Toutes les chambres individuelles ont \u00e9t\u00e9 attribu\u00e9es. Si vous souhaitez vous inscrire, vous devrez partager la chambre. Le s\u00e9jour d&rsquo;\u00e9t\u00e9 2026 se d\u00e9roulera du 5 au 12 septembre 2026 au village de vacances Les [&hellip;]<\/p>\n","protected":false},"author":438,"featured_media":92993,"comment_status":"open","ping_status":"closed","sticky":false,"template":"","format":"standard","meta":{"_acf_changed":false,"footnotes":""},"categories":[466,349,135,379,231],"tags":[],"class_list":["post-92769","post","type-post","status-publish","format-standard","has-post-thumbnail","hentry","category-09-ariege","category-france-pays-sejours","category-calendrier","category-pyrenees-massif-sejours","category-sejours"],"acf":[],"yoast_head":"<!-- This site is optimized with the Yoast SEO plugin v27.2 - https:\/\/yoast.com\/product\/yoast-seo-wordpress\/ -->\n<title>S\u00e9jour d&#039;\u00e9t\u00e9 \u00e0 Soueix (Ari\u00e8ge) du 5 au 12 septembre 2026 - Club des Cent Cols<\/title>\n<meta name=\"robots\" content=\"index, follow, max-snippet:-1, max-image-preview:large, max-video-preview:-1\" \/>\n<link rel=\"canonical\" href=\"https:\/\/centcols.org\/it\/pausa-estiva-2026-soueix\/\" \/>\n<meta property=\"og:locale\" content=\"it_IT\" \/>\n<meta property=\"og:type\" content=\"article\" \/>\n<meta property=\"og:title\" content=\"S\u00e9jour d&#039;\u00e9t\u00e9 \u00e0 Soueix (Ari\u00e8ge) du 5 au 12 septembre 2026 - Club des Cent Cols\" \/>\n<meta property=\"og:description\" content=\"Ont contribu\u00e9 \u00e0 cette page de pr\u00e9sentation du s\u00e9jour Jean Michel Clausse, Corinne et Roland Dameron (commission S\u00e9jours) et l&rsquo;\u00e9quipe informatique. Toutes les chambres individuelles ont \u00e9t\u00e9 attribu\u00e9es. Si vous souhaitez vous inscrire, vous devrez partager la chambre. Le s\u00e9jour d&rsquo;\u00e9t\u00e9 2026 se d\u00e9roulera du 5 au 12 septembre 2026 au village de vacances Les [&hellip;]\" \/>\n<meta property=\"og:url\" content=\"https:\/\/centcols.org\/it\/pausa-estiva-2026-soueix\/\" \/>\n<meta property=\"og:site_name\" content=\"Club des Cent Cols\" \/>\n<meta property=\"article:publisher\" content=\"https:\/\/www.facebook.com\/groups\/5261880558\/?locale=fr_FR\" \/>\n<meta property=\"article:published_time\" content=\"2026-03-10T21:00:23+00:00\" \/>\n<meta property=\"article:modified_time\" content=\"2026-04-25T15:42:05+00:00\" \/>\n<meta property=\"og:image\" content=\"https:\/\/centcols.org\/wp-content\/uploads\/2026\/01\/Le_Salat_a_Soueix.jpg\" \/>\n\t<meta property=\"og:image:width\" content=\"960\" \/>\n\t<meta property=\"og:image:height\" content=\"643\" \/>\n\t<meta property=\"og:image:type\" content=\"image\/jpeg\" \/>\n<meta name=\"author\" content=\"Jean-Michel Clausse\" \/>\n<meta name=\"twitter:card\" content=\"summary_large_image\" \/>\n<meta name=\"twitter:label1\" content=\"Scritto da\" \/>\n\t<meta name=\"twitter:data1\" content=\"Jean-Michel Clausse\" \/>\n\t<meta name=\"twitter:label2\" content=\"Tempo di lettura stimato\" \/>\n\t<meta name=\"twitter:data2\" content=\"8 minuti\" \/>\n<script type=\"application\/ld+json\" class=\"yoast-schema-graph\">{\"@context\":\"https:\/\/schema.org\",\"@graph\":[{\"@type\":\"Article\",\"@id\":\"https:\/\/centcols.org\/sejour-ete-2026-soueix\/#article\",\"isPartOf\":{\"@id\":\"https:\/\/centcols.org\/sejour-ete-2026-soueix\/\"},\"author\":{\"name\":\"Jean-Michel Clausse\",\"@id\":\"https:\/\/centcols.org\/#\/schema\/person\/a0b5a6ad267e0e57b6a6a826970a3492\"},\"headline\":\"S\u00e9jour d&rsquo;\u00e9t\u00e9 \u00e0 Soueix (Ari\u00e8ge) du 5 au 12 septembre 2026\",\"datePublished\":\"2026-03-10T21:00:23+00:00\",\"dateModified\":\"2026-04-25T15:42:05+00:00\",\"mainEntityOfPage\":{\"@id\":\"https:\/\/centcols.org\/sejour-ete-2026-soueix\/\"},\"wordCount\":1376,\"commentCount\":0,\"publisher\":{\"@id\":\"https:\/\/centcols.org\/#organization\"},\"image\":{\"@id\":\"https:\/\/centcols.org\/sejour-ete-2026-soueix\/#primaryimage\"},\"thumbnailUrl\":\"https:\/\/centcols.org\/wp-content\/uploads\/2026\/01\/Le_Salat_a_Soueix.jpg\",\"articleSection\":[\"09-Ari\u00e8ge\",\"France\",\"Calendrier\",\"Pyr\u00e9n\u00e9es\",\"S\u00e9jours du Club des Cent Cols\"],\"inLanguage\":\"it-IT\",\"potentialAction\":[{\"@type\":\"CommentAction\",\"name\":\"Comment\",\"target\":[\"https:\/\/centcols.org\/sejour-ete-2026-soueix\/#respond\"]}]},{\"@type\":\"WebPage\",\"@id\":\"https:\/\/centcols.org\/sejour-ete-2026-soueix\/\",\"url\":\"https:\/\/centcols.org\/sejour-ete-2026-soueix\/\",\"name\":\"S\u00e9jour d'\u00e9t\u00e9 \u00e0 Soueix (Ari\u00e8ge) du 5 au 12 septembre 2026 - Club des Cent Cols\",\"isPartOf\":{\"@id\":\"https:\/\/centcols.org\/#website\"},\"primaryImageOfPage\":{\"@id\":\"https:\/\/centcols.org\/sejour-ete-2026-soueix\/#primaryimage\"},\"image\":{\"@id\":\"https:\/\/centcols.org\/sejour-ete-2026-soueix\/#primaryimage\"},\"thumbnailUrl\":\"https:\/\/centcols.org\/wp-content\/uploads\/2026\/01\/Le_Salat_a_Soueix.jpg\",\"datePublished\":\"2026-03-10T21:00:23+00:00\",\"dateModified\":\"2026-04-25T15:42:05+00:00\",\"breadcrumb\":{\"@id\":\"https:\/\/centcols.org\/sejour-ete-2026-soueix\/#breadcrumb\"},\"inLanguage\":\"it-IT\",\"potentialAction\":[{\"@type\":\"ReadAction\",\"target\":[\"https:\/\/centcols.org\/sejour-ete-2026-soueix\/\"]}]},{\"@type\":\"ImageObject\",\"inLanguage\":\"it-IT\",\"@id\":\"https:\/\/centcols.org\/sejour-ete-2026-soueix\/#primaryimage\",\"url\":\"https:\/\/centcols.org\/wp-content\/uploads\/2026\/01\/Le_Salat_a_Soueix.jpg\",\"contentUrl\":\"https:\/\/centcols.org\/wp-content\/uploads\/2026\/01\/Le_Salat_a_Soueix.jpg\",\"width\":960,\"height\":643},{\"@type\":\"BreadcrumbList\",\"@id\":\"https:\/\/centcols.org\/sejour-ete-2026-soueix\/#breadcrumb\",\"itemListElement\":[{\"@type\":\"ListItem\",\"position\":1,\"name\":\"Accueil\",\"item\":\"https:\/\/centcols.org\/\"},{\"@type\":\"ListItem\",\"position\":2,\"name\":\"S\u00e9jours du Club des Cent Cols\",\"item\":\"https:\/\/centcols.org\/rubrique\/sejours\/\"},{\"@type\":\"ListItem\",\"position\":3,\"name\":\"S\u00e9jour d&rsquo;\u00e9t\u00e9 \u00e0 Soueix (Ari\u00e8ge) du 5 au 12 septembre 2026\"}]},{\"@type\":\"WebSite\",\"@id\":\"https:\/\/centcols.org\/#website\",\"url\":\"https:\/\/centcols.org\/\",\"name\":\"Club des Cent Cols\",\"description\":\"\",\"publisher\":{\"@id\":\"https:\/\/centcols.org\/#organization\"},\"potentialAction\":[{\"@type\":\"SearchAction\",\"target\":{\"@type\":\"EntryPoint\",\"urlTemplate\":\"https:\/\/centcols.org\/?s={search_term_string}\"},\"query-input\":{\"@type\":\"PropertyValueSpecification\",\"valueRequired\":true,\"valueName\":\"search_term_string\"}}],\"inLanguage\":\"it-IT\"},{\"@type\":\"Organization\",\"@id\":\"https:\/\/centcols.org\/#organization\",\"name\":\"Club des Cent Cols\",\"url\":\"https:\/\/centcols.org\/\",\"logo\":{\"@type\":\"ImageObject\",\"inLanguage\":\"it-IT\",\"@id\":\"https:\/\/centcols.org\/#\/schema\/logo\/image\/\",\"url\":\"https:\/\/centcols.org\/wp-content\/uploads\/2025\/01\/carte-icone.png\",\"contentUrl\":\"https:\/\/centcols.org\/wp-content\/uploads\/2025\/01\/carte-icone.png\",\"width\":250,\"height\":250,\"caption\":\"Club des Cent Cols\"},\"image\":{\"@id\":\"https:\/\/centcols.org\/#\/schema\/logo\/image\/\"},\"sameAs\":[\"https:\/\/www.facebook.com\/groups\/5261880558\/?locale=fr_FR\"]},{\"@type\":\"Person\",\"@id\":\"https:\/\/centcols.org\/#\/schema\/person\/a0b5a6ad267e0e57b6a6a826970a3492\",\"name\":\"Jean-Michel Clausse\",\"image\":{\"@type\":\"ImageObject\",\"inLanguage\":\"it-IT\",\"@id\":\"https:\/\/centcols.org\/wp-content\/litespeed\/avatar\/7d214b0ac88a65f2992f5fa1fd379080.jpg?ver=1777318514\",\"url\":\"https:\/\/centcols.org\/wp-content\/litespeed\/avatar\/7d214b0ac88a65f2992f5fa1fd379080.jpg?ver=1777318514\",\"contentUrl\":\"https:\/\/centcols.org\/wp-content\/litespeed\/avatar\/7d214b0ac88a65f2992f5fa1fd379080.jpg?ver=1777318514\",\"caption\":\"Jean-Michel Clausse\"},\"url\":\"https:\/\/centcols.org\/it\/author\/1364\/\"}]}<\/script>\n<!-- \/ Yoast SEO plugin. -->","yoast_head_json":{"title":"Vacanze estive a Soueix (Ari\u00e8ge) dal 5 al 12 settembre 2026 - Club des Cent Cols","robots":{"index":"index","follow":"follow","max-snippet":"max-snippet:-1","max-image-preview":"max-image-preview:large","max-video-preview":"max-video-preview:-1"},"canonical":"https:\/\/centcols.org\/it\/pausa-estiva-2026-soueix\/","og_locale":"it_IT","og_type":"article","og_title":"S\u00e9jour d'\u00e9t\u00e9 \u00e0 Soueix (Ari\u00e8ge) du 5 au 12 septembre 2026 - Club des Cent Cols","og_description":"Ont contribu\u00e9 \u00e0 cette page de pr\u00e9sentation du s\u00e9jour Jean Michel Clausse, Corinne et Roland Dameron (commission S\u00e9jours) et l&rsquo;\u00e9quipe informatique. Toutes les chambres individuelles ont \u00e9t\u00e9 attribu\u00e9es. Si vous souhaitez vous inscrire, vous devrez partager la chambre. Le s\u00e9jour d&rsquo;\u00e9t\u00e9 2026 se d\u00e9roulera du 5 au 12 septembre 2026 au village de vacances Les [&hellip;]","og_url":"https:\/\/centcols.org\/it\/pausa-estiva-2026-soueix\/","og_site_name":"Club des Cent Cols","article_publisher":"https:\/\/www.facebook.com\/groups\/5261880558\/?locale=fr_FR","article_published_time":"2026-03-10T21:00:23+00:00","article_modified_time":"2026-04-25T15:42:05+00:00","og_image":[{"width":960,"height":643,"url":"https:\/\/centcols.org\/wp-content\/uploads\/2026\/01\/Le_Salat_a_Soueix.jpg","type":"image\/jpeg"}],"author":"Jean-Michel Clausse","twitter_card":"summary_large_image","twitter_misc":{"Scritto da":"Jean-Michel Clausse","Tempo di lettura stimato":"8 minuti"},"schema":{"@context":"https:\/\/schema.org","@graph":[{"@type":"Article","@id":"https:\/\/centcols.org\/sejour-ete-2026-soueix\/#article","isPartOf":{"@id":"https:\/\/centcols.org\/sejour-ete-2026-soueix\/"},"author":{"name":"Jean-Michel Clausse","@id":"https:\/\/centcols.org\/#\/schema\/person\/a0b5a6ad267e0e57b6a6a826970a3492"},"headline":"S\u00e9jour d&rsquo;\u00e9t\u00e9 \u00e0 Soueix (Ari\u00e8ge) du 5 au 12 septembre 2026","datePublished":"2026-03-10T21:00:23+00:00","dateModified":"2026-04-25T15:42:05+00:00","mainEntityOfPage":{"@id":"https:\/\/centcols.org\/sejour-ete-2026-soueix\/"},"wordCount":1376,"commentCount":0,"publisher":{"@id":"https:\/\/centcols.org\/#organization"},"image":{"@id":"https:\/\/centcols.org\/sejour-ete-2026-soueix\/#primaryimage"},"thumbnailUrl":"https:\/\/centcols.org\/wp-content\/uploads\/2026\/01\/Le_Salat_a_Soueix.jpg","articleSection":["09-Ari\u00e8ge","France","Calendrier","Pyr\u00e9n\u00e9es","S\u00e9jours du Club des Cent Cols"],"inLanguage":"it-IT","potentialAction":[{"@type":"CommentAction","name":"Comment","target":["https:\/\/centcols.org\/sejour-ete-2026-soueix\/#respond"]}]},{"@type":"WebPage","@id":"https:\/\/centcols.org\/sejour-ete-2026-soueix\/","url":"https:\/\/centcols.org\/sejour-ete-2026-soueix\/","name":"Vacanze estive a Soueix (Ari\u00e8ge) dal 5 al 12 settembre 2026 - Club des Cent Cols","isPartOf":{"@id":"https:\/\/centcols.org\/#website"},"primaryImageOfPage":{"@id":"https:\/\/centcols.org\/sejour-ete-2026-soueix\/#primaryimage"},"image":{"@id":"https:\/\/centcols.org\/sejour-ete-2026-soueix\/#primaryimage"},"thumbnailUrl":"https:\/\/centcols.org\/wp-content\/uploads\/2026\/01\/Le_Salat_a_Soueix.jpg","datePublished":"2026-03-10T21:00:23+00:00","dateModified":"2026-04-25T15:42:05+00:00","breadcrumb":{"@id":"https:\/\/centcols.org\/sejour-ete-2026-soueix\/#breadcrumb"},"inLanguage":"it-IT","potentialAction":[{"@type":"ReadAction","target":["https:\/\/centcols.org\/sejour-ete-2026-soueix\/"]}]},{"@type":"ImageObject","inLanguage":"it-IT","@id":"https:\/\/centcols.org\/sejour-ete-2026-soueix\/#primaryimage","url":"https:\/\/centcols.org\/wp-content\/uploads\/2026\/01\/Le_Salat_a_Soueix.jpg","contentUrl":"https:\/\/centcols.org\/wp-content\/uploads\/2026\/01\/Le_Salat_a_Soueix.jpg","width":960,"height":643},{"@type":"BreadcrumbList","@id":"https:\/\/centcols.org\/sejour-ete-2026-soueix\/#breadcrumb","itemListElement":[{"@type":"ListItem","position":1,"name":"Accueil","item":"https:\/\/centcols.org\/"},{"@type":"ListItem","position":2,"name":"S\u00e9jours du Club des Cent Cols","item":"https:\/\/centcols.org\/rubrique\/sejours\/"},{"@type":"ListItem","position":3,"name":"S\u00e9jour d&rsquo;\u00e9t\u00e9 \u00e0 Soueix (Ari\u00e8ge) du 5 au 12 septembre 2026"}]},{"@type":"WebSite","@id":"https:\/\/centcols.org\/#website","url":"https:\/\/centcols.org\/","name":"Club des Cent Cols","description":"","publisher":{"@id":"https:\/\/centcols.org\/#organization"},"potentialAction":[{"@type":"SearchAction","target":{"@type":"EntryPoint","urlTemplate":"https:\/\/centcols.org\/?s={search_term_string}"},"query-input":{"@type":"PropertyValueSpecification","valueRequired":true,"valueName":"search_term_string"}}],"inLanguage":"it-IT"},{"@type":"Organization","@id":"https:\/\/centcols.org\/#organization","name":"Club des Cent Cols","url":"https:\/\/centcols.org\/","logo":{"@type":"ImageObject","inLanguage":"it-IT","@id":"https:\/\/centcols.org\/#\/schema\/logo\/image\/","url":"https:\/\/centcols.org\/wp-content\/uploads\/2025\/01\/carte-icone.png","contentUrl":"https:\/\/centcols.org\/wp-content\/uploads\/2025\/01\/carte-icone.png","width":250,"height":250,"caption":"Club des Cent Cols"},"image":{"@id":"https:\/\/centcols.org\/#\/schema\/logo\/image\/"},"sameAs":["https:\/\/www.facebook.com\/groups\/5261880558\/?locale=fr_FR"]},{"@type":"Person","@id":"https:\/\/centcols.org\/#\/schema\/person\/a0b5a6ad267e0e57b6a6a826970a3492","name":"Jean-Michel Clausse","image":{"@type":"ImageObject","inLanguage":"it-IT","@id":"https:\/\/centcols.org\/wp-content\/litespeed\/avatar\/7d214b0ac88a65f2992f5fa1fd379080.jpg?ver=1777318514","url":"https:\/\/centcols.org\/wp-content\/litespeed\/avatar\/7d214b0ac88a65f2992f5fa1fd379080.jpg?ver=1777318514","contentUrl":"https:\/\/centcols.org\/wp-content\/litespeed\/avatar\/7d214b0ac88a65f2992f5fa1fd379080.jpg?ver=1777318514","caption":"Jean-Michel Clausse"},"url":"https:\/\/centcols.org\/it\/author\/1364\/"}]}},"_links":{"self":[{"href":"https:\/\/centcols.org\/it\/wp-json\/wp\/v2\/posts\/92769","targetHints":{"allow":["GET"]}}],"collection":[{"href":"https:\/\/centcols.org\/it\/wp-json\/wp\/v2\/posts"}],"about":[{"href":"https:\/\/centcols.org\/it\/wp-json\/wp\/v2\/types\/post"}],"author":[{"embeddable":true,"href":"https:\/\/centcols.org\/it\/wp-json\/wp\/v2\/users\/438"}],"replies":[{"embeddable":true,"href":"https:\/\/centcols.org\/it\/wp-json\/wp\/v2\/comments?post=92769"}],"version-history":[{"count":0,"href":"https:\/\/centcols.org\/it\/wp-json\/wp\/v2\/posts\/92769\/revisions"}],"wp:featuredmedia":[{"embeddable":true,"href":"https:\/\/centcols.org\/it\/wp-json\/wp\/v2\/media\/92993"}],"wp:attachment":[{"href":"https:\/\/centcols.org\/it\/wp-json\/wp\/v2\/media?parent=92769"}],"wp:term":[{"taxonomy":"category","embeddable":true,"href":"https:\/\/centcols.org\/it\/wp-json\/wp\/v2\/categories?post=92769"},{"taxonomy":"post_tag","embeddable":true,"href":"https:\/\/centcols.org\/it\/wp-json\/wp\/v2\/tags?post=92769"}],"curies":[{"name":"wp","href":"https:\/\/api.w.org\/{rel}","templated":true}]}}