{"id":92843,"date":"2026-01-28T16:33:32","date_gmt":"2026-01-28T14:33:32","guid":{"rendered":"https:\/\/centcols.org\/?p=92843"},"modified":"2026-02-11T19:52:51","modified_gmt":"2026-02-11T17:52:51","slug":"alpi-del-nord-2026","status":"publish","type":"post","link":"https:\/\/centcols.org\/it\/alpes-du-nord-2026\/","title":{"rendered":"Alpi del Nord, Col de M\u00e9raillet, sabato 13 giugno 2026"},"content":{"rendered":"\n<p>Col de M\u00e9raillet (Fr-73-1605)<\/p>\n\n\n<div class=\"wp-block-image\">\n<figure class=\"aligncenter size-full\"><img loading=\"lazy\" decoding=\"async\" width=\"800\" height=\"600\" src=\"https:\/\/centcols.org\/wp-content\/uploads\/2026\/01\/meraillet-1.jpg\" alt=\"\" class=\"wp-image-92854\" srcset=\"https:\/\/centcols.org\/wp-content\/uploads\/2026\/01\/meraillet-1.jpg 800w, https:\/\/centcols.org\/wp-content\/uploads\/2026\/01\/meraillet-1-768x576.jpg 768w, https:\/\/centcols.org\/wp-content\/uploads\/2026\/01\/meraillet-1-16x12.jpg 16w\" sizes=\"auto, (max-width: 800px) 100vw, 800px\" \/><\/figure>\n<\/div>\n\n\n<p>Rendez-vous \u00e0 Beaufort (73), parking du Capitaine Bulle \u00e0 partir de 8 h 30<br>Une aire pour camping-cars existe \u00e0 l&rsquo;entr\u00e9e de Beaufort, 6174 avenue des sports<br>Accueil \u00e0 partir de 11 h 00 au col de M\u00e9raillet sur les bords du magnifique lac de Roselend.<br>Pas de circuit impos\u00e9, il suffit de venir au rassemblement par l\u2019itin\u00e9raire de son choix.<\/p>\n\n\n\n<figure class=\"wp-block-image size-full\"><img loading=\"lazy\" decoding=\"async\" width=\"1200\" height=\"700\" src=\"https:\/\/centcols.org\/wp-content\/uploads\/2026\/01\/roselend-mba.jpg\" alt=\"\" class=\"wp-image-92863\" srcset=\"https:\/\/centcols.org\/wp-content\/uploads\/2026\/01\/roselend-mba.jpg 1200w, https:\/\/centcols.org\/wp-content\/uploads\/2026\/01\/roselend-mba-768x448.jpg 768w, https:\/\/centcols.org\/wp-content\/uploads\/2026\/01\/roselend-mba-18x12.jpg 18w\" sizes=\"auto, (max-width: 1200px) 100vw, 1200px\" \/><figcaption class=\"wp-element-caption\">Lac de Roselend<\/figcaption><\/figure>\n\n\n\n<h2 class=\"wp-block-heading\">Circuits :<\/h2>\n\n\n\n<p><strong>Route :<\/strong> Mont\u00e9e par la route jusqu\u2019au col, possibilit\u00e9 de raccourcir en utilisant les parkings situ\u00e9s plus haut. A proximit\u00e9 du col de M\u00e9raillet, col des Pr\u00e9s (FR-73-1703) et Cormet de Roselend (FR-73-1968)<br>A noter qu\u2019il y a \u00e9galement la possibilit\u00e9 de monter \u00e0 partir de Bourg-Saint-Maurice (73)<br><strong>VTT :<\/strong> Au d\u00e9part du col de M\u00e9raillet, 2 cols : Col de Sur Fr\u00eates (FR-73-1792) et Passage de la Charmette (FR-73-2058)<br>Traces gpx bient\u00f4t accessibles<\/p>\n\n\n\n<figure class=\"wp-block-image size-full\"><img loading=\"lazy\" decoding=\"async\" width=\"1200\" height=\"701\" src=\"https:\/\/centcols.org\/wp-content\/uploads\/2026\/01\/roselend-mbb.jpg\" alt=\"\" class=\"wp-image-92864\" srcset=\"https:\/\/centcols.org\/wp-content\/uploads\/2026\/01\/roselend-mbb.jpg 1200w, https:\/\/centcols.org\/wp-content\/uploads\/2026\/01\/roselend-mbb-768x449.jpg 768w, https:\/\/centcols.org\/wp-content\/uploads\/2026\/01\/roselend-mbb-18x12.jpg 18w\" sizes=\"auto, (max-width: 1200px) 100vw, 1200px\" \/><figcaption class=\"wp-element-caption\">Le Mont-Blanc<\/figcaption><\/figure>\n\n\n\n<p>Merci de faire part de votre participation!<\/p>\n\n\n\n<h2 class=\"wp-block-heading\">Contact :<\/h2>\n\n\n\n<p>Bernard Vieillard<br>T\u00e9l : +33 4 79 09 16 54<br><a href=\"&#109;&#x61;&#105;&#x6c;&#116;&#x6f;&#58;&#x62;e&#x72;e&#x67;7&#x33;&#64;&#111;&#x72;&#97;&#x6e;&#103;&#x65;&#46;&#x66;&#114;\">[email]ber&#101;&#103;&#55;&#x33;&#x40;&#x6f;&#x72;&#x61;&#x6e;ge&#46;&#102;&#114;[\/email]<\/a><\/p>\n\n\n\n<p><\/p>\n","protected":false},"excerpt":{"rendered":"<p>Col de M\u00e9raillet (Fr-73-1605) Rendez-vous \u00e0 Beaufort (73), parking du Capitaine Bulle \u00e0 partir de 8 h 30Une aire pour camping-cars existe \u00e0 l&rsquo;entr\u00e9e de Beaufort, 6174 avenue des sportsAccueil \u00e0 partir de 11 h 00 au col de M\u00e9raillet sur les bords du magnifique lac de Roselend.Pas de circuit impos\u00e9, il suffit de venir [&hellip;]<\/p>\n","protected":false},"author":136,"featured_media":92854,"comment_status":"open","ping_status":"open","sticky":false,"template":"","format":"standard","meta":{"_acf_changed":false,"footnotes":""},"categories":[465,135,216],"tags":[],"class_list":["post-92843","post","type-post","status-publish","format-standard","has-post-thumbnail","hentry","category-les-rassemblements-de-2026","category-calendrier","category-rencontres-regionales"],"acf":[],"yoast_head":"<!-- This site is optimized with the Yoast SEO plugin v27.2 - https:\/\/yoast.com\/product\/yoast-seo-wordpress\/ -->\n<title>Alpes du Nord, Col de M\u00e9raillet, samedi 13 juin 2026 - Club des Cent Cols %<\/title>\n<meta name=\"robots\" content=\"index, follow, max-snippet:-1, max-image-preview:large, max-video-preview:-1\" \/>\n<link rel=\"canonical\" href=\"https:\/\/centcols.org\/it\/alpi-del-nord-2026\/\" \/>\n<meta property=\"og:locale\" content=\"it_IT\" \/>\n<meta property=\"og:type\" content=\"article\" \/>\n<meta property=\"og:title\" content=\"Alpes du Nord, Col de M\u00e9raillet, samedi 13 juin 2026 - Club des Cent Cols %\" \/>\n<meta property=\"og:description\" content=\"Col de M\u00e9raillet (Fr-73-1605) Rendez-vous \u00e0 Beaufort (73), parking du Capitaine Bulle \u00e0 partir de 8 h 30Une aire pour camping-cars existe \u00e0 l&rsquo;entr\u00e9e de Beaufort, 6174 avenue des sportsAccueil \u00e0 partir de 11 h 00 au col de M\u00e9raillet sur les bords du magnifique lac de Roselend.Pas de circuit impos\u00e9, il suffit de venir [&hellip;]\" \/>\n<meta property=\"og:url\" content=\"https:\/\/centcols.org\/it\/alpi-del-nord-2026\/\" \/>\n<meta property=\"og:site_name\" content=\"Club des Cent Cols\" \/>\n<meta property=\"article:publisher\" content=\"https:\/\/www.facebook.com\/groups\/5261880558\/?locale=fr_FR\" \/>\n<meta property=\"article:published_time\" content=\"2026-01-28T14:33:32+00:00\" \/>\n<meta property=\"article:modified_time\" content=\"2026-02-11T17:52:51+00:00\" \/>\n<meta property=\"og:image\" content=\"https:\/\/centcols.org\/wp-content\/uploads\/2026\/01\/meraillet-1.jpg\" \/>\n\t<meta property=\"og:image:width\" content=\"800\" \/>\n\t<meta property=\"og:image:height\" content=\"600\" \/>\n\t<meta property=\"og:image:type\" content=\"image\/jpeg\" \/>\n<meta name=\"author\" content=\"Guy Harl\u00e9\" \/>\n<meta name=\"twitter:card\" content=\"summary_large_image\" \/>\n<meta name=\"twitter:label1\" content=\"Scritto da\" \/>\n\t<meta name=\"twitter:data1\" content=\"Guy Harl\u00e9\" \/>\n\t<meta name=\"twitter:label2\" content=\"Tempo di lettura stimato\" \/>\n\t<meta name=\"twitter:data2\" content=\"2 minuti\" \/>\n<script type=\"application\/ld+json\" class=\"yoast-schema-graph\">{\"@context\":\"https:\/\/schema.org\",\"@graph\":[{\"@type\":\"Article\",\"@id\":\"https:\/\/centcols.org\/es\/alpes-septentrionales-2026\/#article\",\"isPartOf\":{\"@id\":\"https:\/\/centcols.org\/es\/alpes-septentrionales-2026\/\"},\"author\":{\"name\":\"Guy Harl\u00e9\",\"@id\":\"https:\/\/centcols.org\/#\/schema\/person\/377f00da2793c0363246869bb3a344d0\"},\"headline\":\"Alpes du Nord, Col de M\u00e9raillet, samedi 13 juin 2026\",\"datePublished\":\"2026-01-28T14:33:32+00:00\",\"dateModified\":\"2026-02-11T17:52:51+00:00\",\"mainEntityOfPage\":{\"@id\":\"https:\/\/centcols.org\/es\/alpes-septentrionales-2026\/\"},\"wordCount\":174,\"commentCount\":0,\"publisher\":{\"@id\":\"https:\/\/centcols.org\/#organization\"},\"image\":{\"@id\":\"https:\/\/centcols.org\/es\/alpes-septentrionales-2026\/#primaryimage\"},\"thumbnailUrl\":\"https:\/\/centcols.org\/wp-content\/uploads\/2026\/01\/meraillet-1.jpg\",\"articleSection\":[\"2026-rassemblements\",\"Calendrier\",\"Rencontres r\u00e9gionales\"],\"inLanguage\":\"it-IT\",\"potentialAction\":[{\"@type\":\"CommentAction\",\"name\":\"Comment\",\"target\":[\"https:\/\/centcols.org\/es\/alpes-septentrionales-2026\/#respond\"]}]},{\"@type\":\"WebPage\",\"@id\":\"https:\/\/centcols.org\/es\/alpes-septentrionales-2026\/\",\"url\":\"https:\/\/centcols.org\/es\/alpes-septentrionales-2026\/\",\"name\":\"Alpes du Nord, Col de M\u00e9raillet, samedi 13 juin 2026 - Club des Cent Cols %\",\"isPartOf\":{\"@id\":\"https:\/\/centcols.org\/#website\"},\"primaryImageOfPage\":{\"@id\":\"https:\/\/centcols.org\/es\/alpes-septentrionales-2026\/#primaryimage\"},\"image\":{\"@id\":\"https:\/\/centcols.org\/es\/alpes-septentrionales-2026\/#primaryimage\"},\"thumbnailUrl\":\"https:\/\/centcols.org\/wp-content\/uploads\/2026\/01\/meraillet-1.jpg\",\"datePublished\":\"2026-01-28T14:33:32+00:00\",\"dateModified\":\"2026-02-11T17:52:51+00:00\",\"breadcrumb\":{\"@id\":\"https:\/\/centcols.org\/es\/alpes-septentrionales-2026\/#breadcrumb\"},\"inLanguage\":\"it-IT\",\"potentialAction\":[{\"@type\":\"ReadAction\",\"target\":[\"https:\/\/centcols.org\/es\/alpes-septentrionales-2026\/\"]}]},{\"@type\":\"ImageObject\",\"inLanguage\":\"it-IT\",\"@id\":\"https:\/\/centcols.org\/es\/alpes-septentrionales-2026\/#primaryimage\",\"url\":\"https:\/\/centcols.org\/wp-content\/uploads\/2026\/01\/meraillet-1.jpg\",\"contentUrl\":\"https:\/\/centcols.org\/wp-content\/uploads\/2026\/01\/meraillet-1.jpg\",\"width\":800,\"height\":600},{\"@type\":\"BreadcrumbList\",\"@id\":\"https:\/\/centcols.org\/es\/alpes-septentrionales-2026\/#breadcrumb\",\"itemListElement\":[{\"@type\":\"ListItem\",\"position\":1,\"name\":\"Accueil\",\"item\":\"https:\/\/centcols.org\/\"},{\"@type\":\"ListItem\",\"position\":2,\"name\":\"Rencontres r\u00e9gionales\",\"item\":\"https:\/\/centcols.org\/rubrique\/rencontres-regionales\/\"},{\"@type\":\"ListItem\",\"position\":3,\"name\":\"Alpes du Nord, Col de M\u00e9raillet, samedi 13 juin 2026\"}]},{\"@type\":\"WebSite\",\"@id\":\"https:\/\/centcols.org\/#website\",\"url\":\"https:\/\/centcols.org\/\",\"name\":\"Club des Cent Cols\",\"description\":\"\",\"publisher\":{\"@id\":\"https:\/\/centcols.org\/#organization\"},\"potentialAction\":[{\"@type\":\"SearchAction\",\"target\":{\"@type\":\"EntryPoint\",\"urlTemplate\":\"https:\/\/centcols.org\/?s={search_term_string}\"},\"query-input\":{\"@type\":\"PropertyValueSpecification\",\"valueRequired\":true,\"valueName\":\"search_term_string\"}}],\"inLanguage\":\"it-IT\"},{\"@type\":\"Organization\",\"@id\":\"https:\/\/centcols.org\/#organization\",\"name\":\"Club des Cent Cols\",\"url\":\"https:\/\/centcols.org\/\",\"logo\":{\"@type\":\"ImageObject\",\"inLanguage\":\"it-IT\",\"@id\":\"https:\/\/centcols.org\/#\/schema\/logo\/image\/\",\"url\":\"https:\/\/centcols.org\/wp-content\/uploads\/2025\/01\/carte-icone.png\",\"contentUrl\":\"https:\/\/centcols.org\/wp-content\/uploads\/2025\/01\/carte-icone.png\",\"width\":250,\"height\":250,\"caption\":\"Club des Cent Cols\"},\"image\":{\"@id\":\"https:\/\/centcols.org\/#\/schema\/logo\/image\/\"},\"sameAs\":[\"https:\/\/www.facebook.com\/groups\/5261880558\/?locale=fr_FR\"]},{\"@type\":\"Person\",\"@id\":\"https:\/\/centcols.org\/#\/schema\/person\/377f00da2793c0363246869bb3a344d0\",\"name\":\"Guy Harl\u00e9\",\"image\":{\"@type\":\"ImageObject\",\"inLanguage\":\"it-IT\",\"@id\":\"https:\/\/centcols.org\/wp-content\/litespeed\/avatar\/94c4de37e46cf090f296d42ab3e8d6a6.jpg?ver=1777238144\",\"url\":\"https:\/\/centcols.org\/wp-content\/litespeed\/avatar\/94c4de37e46cf090f296d42ab3e8d6a6.jpg?ver=1777238144\",\"contentUrl\":\"https:\/\/centcols.org\/wp-content\/litespeed\/avatar\/94c4de37e46cf090f296d42ab3e8d6a6.jpg?ver=1777238144\",\"caption\":\"Guy Harl\u00e9\"},\"url\":\"https:\/\/centcols.org\/it\/author\/5193\/\"}]}<\/script>\n<!-- \/ Yoast SEO plugin. -->","yoast_head_json":{"title":"Alpes du Nord, Col de M\u00e9raillet, sabato 13 giugno 2026 - Club des Cent Cols %","robots":{"index":"index","follow":"follow","max-snippet":"max-snippet:-1","max-image-preview":"max-image-preview:large","max-video-preview":"max-video-preview:-1"},"canonical":"https:\/\/centcols.org\/it\/alpi-del-nord-2026\/","og_locale":"it_IT","og_type":"article","og_title":"Alpes du Nord, Col de M\u00e9raillet, samedi 13 juin 2026 - Club des Cent Cols %","og_description":"Col de M\u00e9raillet (Fr-73-1605) Rendez-vous \u00e0 Beaufort (73), parking du Capitaine Bulle \u00e0 partir de 8 h 30Une aire pour camping-cars existe \u00e0 l&rsquo;entr\u00e9e de Beaufort, 6174 avenue des sportsAccueil \u00e0 partir de 11 h 00 au col de M\u00e9raillet sur les bords du magnifique lac de Roselend.Pas de circuit impos\u00e9, il suffit de venir [&hellip;]","og_url":"https:\/\/centcols.org\/it\/alpi-del-nord-2026\/","og_site_name":"Club des Cent Cols","article_publisher":"https:\/\/www.facebook.com\/groups\/5261880558\/?locale=fr_FR","article_published_time":"2026-01-28T14:33:32+00:00","article_modified_time":"2026-02-11T17:52:51+00:00","og_image":[{"width":800,"height":600,"url":"https:\/\/centcols.org\/wp-content\/uploads\/2026\/01\/meraillet-1.jpg","type":"image\/jpeg"}],"author":"Guy Harl\u00e9","twitter_card":"summary_large_image","twitter_misc":{"Scritto da":"Guy Harl\u00e9","Tempo di lettura stimato":"2 minuti"},"schema":{"@context":"https:\/\/schema.org","@graph":[{"@type":"Article","@id":"https:\/\/centcols.org\/es\/alpes-septentrionales-2026\/#article","isPartOf":{"@id":"https:\/\/centcols.org\/es\/alpes-septentrionales-2026\/"},"author":{"name":"Guy Harl\u00e9","@id":"https:\/\/centcols.org\/#\/schema\/person\/377f00da2793c0363246869bb3a344d0"},"headline":"Alpes du Nord, Col de M\u00e9raillet, samedi 13 juin 2026","datePublished":"2026-01-28T14:33:32+00:00","dateModified":"2026-02-11T17:52:51+00:00","mainEntityOfPage":{"@id":"https:\/\/centcols.org\/es\/alpes-septentrionales-2026\/"},"wordCount":174,"commentCount":0,"publisher":{"@id":"https:\/\/centcols.org\/#organization"},"image":{"@id":"https:\/\/centcols.org\/es\/alpes-septentrionales-2026\/#primaryimage"},"thumbnailUrl":"https:\/\/centcols.org\/wp-content\/uploads\/2026\/01\/meraillet-1.jpg","articleSection":["2026-rassemblements","Calendrier","Rencontres r\u00e9gionales"],"inLanguage":"it-IT","potentialAction":[{"@type":"CommentAction","name":"Comment","target":["https:\/\/centcols.org\/es\/alpes-septentrionales-2026\/#respond"]}]},{"@type":"WebPage","@id":"https:\/\/centcols.org\/es\/alpes-septentrionales-2026\/","url":"https:\/\/centcols.org\/es\/alpes-septentrionales-2026\/","name":"Alpes du Nord, Col de M\u00e9raillet, sabato 13 giugno 2026 - Club des Cent Cols %","isPartOf":{"@id":"https:\/\/centcols.org\/#website"},"primaryImageOfPage":{"@id":"https:\/\/centcols.org\/es\/alpes-septentrionales-2026\/#primaryimage"},"image":{"@id":"https:\/\/centcols.org\/es\/alpes-septentrionales-2026\/#primaryimage"},"thumbnailUrl":"https:\/\/centcols.org\/wp-content\/uploads\/2026\/01\/meraillet-1.jpg","datePublished":"2026-01-28T14:33:32+00:00","dateModified":"2026-02-11T17:52:51+00:00","breadcrumb":{"@id":"https:\/\/centcols.org\/es\/alpes-septentrionales-2026\/#breadcrumb"},"inLanguage":"it-IT","potentialAction":[{"@type":"ReadAction","target":["https:\/\/centcols.org\/es\/alpes-septentrionales-2026\/"]}]},{"@type":"ImageObject","inLanguage":"it-IT","@id":"https:\/\/centcols.org\/es\/alpes-septentrionales-2026\/#primaryimage","url":"https:\/\/centcols.org\/wp-content\/uploads\/2026\/01\/meraillet-1.jpg","contentUrl":"https:\/\/centcols.org\/wp-content\/uploads\/2026\/01\/meraillet-1.jpg","width":800,"height":600},{"@type":"BreadcrumbList","@id":"https:\/\/centcols.org\/es\/alpes-septentrionales-2026\/#breadcrumb","itemListElement":[{"@type":"ListItem","position":1,"name":"Accueil","item":"https:\/\/centcols.org\/"},{"@type":"ListItem","position":2,"name":"Rencontres r\u00e9gionales","item":"https:\/\/centcols.org\/rubrique\/rencontres-regionales\/"},{"@type":"ListItem","position":3,"name":"Alpes du Nord, Col de M\u00e9raillet, samedi 13 juin 2026"}]},{"@type":"WebSite","@id":"https:\/\/centcols.org\/#website","url":"https:\/\/centcols.org\/","name":"Club des Cent Cols","description":"","publisher":{"@id":"https:\/\/centcols.org\/#organization"},"potentialAction":[{"@type":"SearchAction","target":{"@type":"EntryPoint","urlTemplate":"https:\/\/centcols.org\/?s={search_term_string}"},"query-input":{"@type":"PropertyValueSpecification","valueRequired":true,"valueName":"search_term_string"}}],"inLanguage":"it-IT"},{"@type":"Organization","@id":"https:\/\/centcols.org\/#organization","name":"Club des Cent Cols","url":"https:\/\/centcols.org\/","logo":{"@type":"ImageObject","inLanguage":"it-IT","@id":"https:\/\/centcols.org\/#\/schema\/logo\/image\/","url":"https:\/\/centcols.org\/wp-content\/uploads\/2025\/01\/carte-icone.png","contentUrl":"https:\/\/centcols.org\/wp-content\/uploads\/2025\/01\/carte-icone.png","width":250,"height":250,"caption":"Club des Cent Cols"},"image":{"@id":"https:\/\/centcols.org\/#\/schema\/logo\/image\/"},"sameAs":["https:\/\/www.facebook.com\/groups\/5261880558\/?locale=fr_FR"]},{"@type":"Person","@id":"https:\/\/centcols.org\/#\/schema\/person\/377f00da2793c0363246869bb3a344d0","name":"Guy Harl\u00e9","image":{"@type":"ImageObject","inLanguage":"it-IT","@id":"https:\/\/centcols.org\/wp-content\/litespeed\/avatar\/94c4de37e46cf090f296d42ab3e8d6a6.jpg?ver=1777238144","url":"https:\/\/centcols.org\/wp-content\/litespeed\/avatar\/94c4de37e46cf090f296d42ab3e8d6a6.jpg?ver=1777238144","contentUrl":"https:\/\/centcols.org\/wp-content\/litespeed\/avatar\/94c4de37e46cf090f296d42ab3e8d6a6.jpg?ver=1777238144","caption":"Guy Harl\u00e9"},"url":"https:\/\/centcols.org\/it\/author\/5193\/"}]}},"_links":{"self":[{"href":"https:\/\/centcols.org\/it\/wp-json\/wp\/v2\/posts\/92843","targetHints":{"allow":["GET"]}}],"collection":[{"href":"https:\/\/centcols.org\/it\/wp-json\/wp\/v2\/posts"}],"about":[{"href":"https:\/\/centcols.org\/it\/wp-json\/wp\/v2\/types\/post"}],"author":[{"embeddable":true,"href":"https:\/\/centcols.org\/it\/wp-json\/wp\/v2\/users\/136"}],"replies":[{"embeddable":true,"href":"https:\/\/centcols.org\/it\/wp-json\/wp\/v2\/comments?post=92843"}],"version-history":[{"count":0,"href":"https:\/\/centcols.org\/it\/wp-json\/wp\/v2\/posts\/92843\/revisions"}],"wp:featuredmedia":[{"embeddable":true,"href":"https:\/\/centcols.org\/it\/wp-json\/wp\/v2\/media\/92854"}],"wp:attachment":[{"href":"https:\/\/centcols.org\/it\/wp-json\/wp\/v2\/media?parent=92843"}],"wp:term":[{"taxonomy":"category","embeddable":true,"href":"https:\/\/centcols.org\/it\/wp-json\/wp\/v2\/categories?post=92843"},{"taxonomy":"post_tag","embeddable":true,"href":"https:\/\/centcols.org\/it\/wp-json\/wp\/v2\/tags?post=92843"}],"curies":[{"name":"wp","href":"https:\/\/api.w.org\/{rel}","templated":true}]}}