{"id":92916,"date":"2026-01-30T19:18:10","date_gmt":"2026-01-30T17:18:10","guid":{"rendered":"https:\/\/centcols.org\/?p=92916"},"modified":"2026-01-31T18:18:02","modified_gmt":"2026-01-31T16:18:02","slug":"colle-dei-morti","status":"publish","type":"post","link":"https:\/\/centcols.org\/it\/colle-dei-morti\/","title":{"rendered":"Colle dei Morti"},"content":{"rendered":"<p>Colle dei MORTI o Colle FAUNIERA (Piemonte) 2480m <a href=\"\/it\/util\/geo\/visu.php\/?code=IT-CN-2480a\" type=\"link\" id=\"https:\/\/www.centcols.org\/util\/geo\/visu.php?code=IT-CN-2480a\">IT-CN-2480a<\/a> <\/p>\n\n\n\n<p>PENDENZA EST :<br>Affrontato per la prima volta dai corridori del Giro del \u00ab99, con il nome di \u00bbColle FAUNIERA\", il Colle dei MORTI, praticamente sconosciuto, \u00e8 comunque un passo molto grande, per il suo notevole dislivello e, soprattutto, per le sue forti e sostenute pendenze, distribuite su 15 km. Il passo ha una pendenza media di 9,2%! <br>Il Colle dei Morti sembra tagliato fuori dal mondo nel suo ambiente austero fatto di affioramenti rocciosi, barre di roccia e vasti pascoli di montagna dove pascolano poche pecore. \u00c8 un luogo di totale isolamento! Quando si sale per la prima volta su questo passo, si rimane stupiti dalla bellezza del paesaggio, che si rinnova continuamente man mano che si procede, verso nuovi orizzonti, sempre pi\u00f9 in alto, e si ha la sensazione di non vedere mai la fine della salita, di \u00ablibrarsi verso il cielo\u00bb, come ha detto uno degli organizzatori del Giro. <br>La salita inizia tranquillamente a Monteroso Grana. Usciti da Pradleves, si sale per ripide gole lungo il torrente Grana. Dopo Campomolino, la pendenza aumenta notevolmente per raggiungere il santuario di San Magno, degno di un tempio himalayano! (pendenza media: 10% su 6 km, massima 12 a 13%). Dopo il santuario, la strada diventa molto stretta e, dopo un breve tratto pianeggiante, la pendenza sale a 12%, mentre il paesaggio diventa sempre pi\u00f9 selvaggio e grandioso! Il rifugio Trofarello preannuncia gli ultimi due chilometri, dove la pendenza si attenua a 7,4% fino al bivio a destra per il Colle d'Esischie (2366 m). <a href=\"\/it\/util\/geo\/visu.php\/?code=IT-CN-2366b\" type=\"link\" id=\"https:\/\/www.centcols.org\/util\/geo\/visu.php?code=IT-CN-2366b\">IT-CN-2366b<\/a>), che porta a 20,3 km sul versante nord fino a Ponte Marmora. Colle Vallonetto (2439 m <a href=\"\/it\/util\/geo\/visu.php\/?code=IT-CN-2438\" type=\"link\" id=\"https:\/\/www.centcols.org\/util\/geo\/visu.php?code=IT-CN-2438\">IT-CN-2438<\/a>) prima di arrivare al Col dei Morti, fine della salita, ai piedi della Cima Fauniera (2515 m) sulla sinistra, raggiungibile con un sentiero.<br><br>VERSANTE SUD-EST :<br>Avvicinato da sud-est, anche il Colle dei Morti offre una salita sontuosa, quasi altrettanto dura del versante di Pradleves, e con scenari altrettanto selvaggi e belli. Sebbene il percorso inizi a un'altitudine leggermente superiore, la pendenza \u00e8 molto simile a quella del versante orientale a causa di una leggera discesa dopo Fedio. La pendenza media per i 24,2 km di salita \u00e8 di 7,1%. <br>Da Demonte inizia subito la salita, piuttosto irregolare (massimo 10,5% prima di Fedio). Segue una breve discesa fino a un ponte su un torrente e poi riprende la salita, intervallata da numerosi tratti ripidi (massimo 14% prima di Trinit\u00e0). Fino a San Giacomo, la strada attraversa alcune frazioni e il paesaggio \u00e8 riposante e boscoso. Dopo San Giacomo, la strada si restringe per risalire la parte alta della valle dell'Arma. Dopo il 12<sup>e<\/sup> Al chilometro successivo inizia la parte pi\u00f9 difficile, un tratto di 9,9 km a 9,2% con numerosi passaggi a 11% e oltre. Si sale al Colle di Valcavera (2416 m). <a href=\"\/it\/util\/geo\/visu.php\/?code=IT-CN-2429\" type=\"link\" id=\"\/util\/geo\/visu.php?code=IT-CN-2429\">IT-CN-2429<\/a>), pochi metri a sinistra della strada. <br>Anche qui colpisce l'austerit\u00e0 e la bellezza del paesaggio, soprattutto dopo il bivio del Colle di Valcavera, dove si entra nella valle dei Morti attraverso un mondo minerale sorprendente! Inizialmente pianeggiante, la strada sale ripidamente (quasi 14%) per attraversare una strettissima gola scavata nella roccia che conduce al Colle dei Morti, dominato sulla destra dalla Cima Fauniera sormontata da una croce.<br><br>Thierry PERRET<br><\/p>\n\n\n\n<figure class=\"wp-block-image size-full\"><img loading=\"lazy\" decoding=\"async\" width=\"651\" height=\"373\" src=\"https:\/\/centcols.org\/wp-content\/uploads\/2026\/01\/ColleMulo-1.jpg\" alt=\"\" class=\"wp-image-92931\" srcset=\"https:\/\/centcols.org\/wp-content\/uploads\/2026\/01\/ColleMulo-1.jpg 651w, https:\/\/centcols.org\/wp-content\/uploads\/2026\/01\/ColleMulo-1-18x10.jpg 18w\" sizes=\"auto, (max-width: 651px) 100vw, 651px\" \/><figcaption class=\"wp-element-caption\">Panorama dal Colle del Mulo (2517 m) <a href=\"\/it\/util\/geo\/visu.php\/?code=IT-CN-2517\">IT-CN-2517<\/a>)<br>Sulla sinistra si trova il colle di Valcavera, da cui parte la pista che porta al rifugio Gardetta.<br>All'estrema destra: Colle della Bandia (2403m <a href=\"\/it\/util\/geo\/visu.php\/?code=IT-CN-2408\">IT-CN-2408<\/a>)<br><\/figcaption><\/figure>\n\n\n\n<p><\/p>\n\n\n\n<figure class=\"wp-block-image size-full is-resized\"><img loading=\"lazy\" decoding=\"async\" width=\"1404\" height=\"871\" src=\"https:\/\/centcols.org\/wp-content\/uploads\/2026\/01\/Morti_profil1-2.jpg\" alt=\"\" class=\"wp-image-92932\" style=\"width:800px\" srcset=\"https:\/\/centcols.org\/wp-content\/uploads\/2026\/01\/Morti_profil1-2.jpg 1404w, https:\/\/centcols.org\/wp-content\/uploads\/2026\/01\/Morti_profil1-2-1200x744.jpg 1200w, https:\/\/centcols.org\/wp-content\/uploads\/2026\/01\/Morti_profil1-2-768x476.jpg 768w, https:\/\/centcols.org\/wp-content\/uploads\/2026\/01\/Morti_profil1-2-18x12.jpg 18w\" sizes=\"auto, (max-width: 1404px) 100vw, 1404px\" \/><figcaption class=\"wp-element-caption\">Profilo del versante orientale<\/figcaption><\/figure>\n\n\n\n<p><br><\/p>\n\n\n\n<figure class=\"wp-block-image size-large is-resized\"><img loading=\"lazy\" decoding=\"async\" width=\"1920\" height=\"1243\" src=\"https:\/\/centcols.org\/wp-content\/uploads\/2026\/01\/image-1-1920x1243.png\" alt=\"\" class=\"wp-image-92933\" style=\"width:800px\" srcset=\"https:\/\/centcols.org\/wp-content\/uploads\/2026\/01\/image-1-1920x1243.png 1920w, https:\/\/centcols.org\/wp-content\/uploads\/2026\/01\/image-1-1200x777.png 1200w, https:\/\/centcols.org\/wp-content\/uploads\/2026\/01\/image-1-768x497.png 768w, https:\/\/centcols.org\/wp-content\/uploads\/2026\/01\/image-1-1536x994.png 1536w, https:\/\/centcols.org\/wp-content\/uploads\/2026\/01\/image-1-2048x1326.png 2048w, https:\/\/centcols.org\/wp-content\/uploads\/2026\/01\/image-1-18x12.png 18w\" sizes=\"auto, (max-width: 1920px) 100vw, 1920px\" \/><figcaption class=\"wp-element-caption\">Profilo del versante sud-est<\/figcaption><\/figure>\n\n\n\n<p><br><\/p>\n\n\n\n<figure class=\"wp-block-image size-full\"><img loading=\"lazy\" decoding=\"async\" width=\"410\" height=\"280\" src=\"https:\/\/centcols.org\/wp-content\/uploads\/2026\/01\/image-2.png\" alt=\"\" class=\"wp-image-92934\" srcset=\"https:\/\/centcols.org\/wp-content\/uploads\/2026\/01\/image-2.png 410w, https:\/\/centcols.org\/wp-content\/uploads\/2026\/01\/image-2-18x12.png 18w\" sizes=\"auto, (max-width: 410px) 100vw, 410px\" \/><figcaption class=\"wp-element-caption\">Carta Istituto Geografico Centrale-Torino n. 7 VALLI MAIRA-GRANA-STURA 1\/50.000\u00b0.<\/figcaption><\/figure>\n\n\n\n<p><br><\/p>","protected":false},"excerpt":{"rendered":"<p>Colle dei MORTI ou colle FAUNIERA (Pi\u00e9mont) 2480m IT-CN-2480a VERSANT EST :Emprunt\u00e9 pour la premi\u00e8re fois par les coureurs du Giro 99, sous l&rsquo;appellation \u00ab\u00a0colle FAUNIERA\u00a0\u00bb, le colle dei MORTI, pratiquement inconnu, est cependant un tr\u00e8s grand col, tant par sa d\u00e9nivellation importante, son altitude et surtout ses forts pourcentages soutenus, \u00e9tal\u00e9s sur 15 km. [&hellip;]<\/p>\n","protected":false},"author":682,"featured_media":93001,"comment_status":"closed","ping_status":"closed","sticky":false,"template":"","format":"standard","meta":{"_acf_changed":false,"footnotes":""},"categories":[308],"tags":[],"class_list":["post-92916","post","type-post","status-publish","format-standard","has-post-thumbnail","hentry","category-cols-en-vrac"],"acf":[],"yoast_head":"<!-- This site is optimized with the Yoast SEO plugin v27.2 - https:\/\/yoast.com\/product\/yoast-seo-wordpress\/ -->\n<title>Colle dei Morti - Club des Cent Cols<\/title>\n<meta name=\"robots\" content=\"index, follow, max-snippet:-1, max-image-preview:large, max-video-preview:-1\" \/>\n<link rel=\"canonical\" href=\"https:\/\/centcols.org\/it\/colle-dei-morti\/\" \/>\n<meta property=\"og:locale\" content=\"it_IT\" \/>\n<meta property=\"og:type\" content=\"article\" \/>\n<meta property=\"og:title\" content=\"Colle dei Morti - Club des Cent Cols\" \/>\n<meta property=\"og:description\" content=\"Colle dei MORTI ou colle FAUNIERA (Pi\u00e9mont) 2480m IT-CN-2480a VERSANT EST :Emprunt\u00e9 pour la premi\u00e8re fois par les coureurs du Giro 99, sous l&rsquo;appellation \u00ab\u00a0colle FAUNIERA\u00a0\u00bb, le colle dei MORTI, pratiquement inconnu, est cependant un tr\u00e8s grand col, tant par sa d\u00e9nivellation importante, son altitude et surtout ses forts pourcentages soutenus, \u00e9tal\u00e9s sur 15 km. [&hellip;]\" \/>\n<meta property=\"og:url\" content=\"https:\/\/centcols.org\/it\/colle-dei-morti\/\" \/>\n<meta property=\"og:site_name\" content=\"Club des Cent Cols\" \/>\n<meta property=\"article:publisher\" content=\"https:\/\/www.facebook.com\/groups\/5261880558\/?locale=fr_FR\" \/>\n<meta property=\"article:published_time\" content=\"2026-01-30T17:18:10+00:00\" \/>\n<meta property=\"article:modified_time\" content=\"2026-01-31T16:18:02+00:00\" \/>\n<meta property=\"og:image\" content=\"https:\/\/centcols.org\/wp-content\/uploads\/2026\/01\/Morti_miseen-avant.webp\" \/>\n\t<meta property=\"og:image:width\" content=\"474\" \/>\n\t<meta property=\"og:image:height\" content=\"266\" \/>\n\t<meta property=\"og:image:type\" content=\"image\/webp\" \/>\n<meta name=\"author\" content=\"Paul Levart\" \/>\n<meta name=\"twitter:card\" content=\"summary_large_image\" \/>\n<meta name=\"twitter:label1\" content=\"Scritto da\" \/>\n\t<meta name=\"twitter:data1\" content=\"Paul Levart\" \/>\n\t<meta name=\"twitter:label2\" content=\"Tempo di lettura stimato\" \/>\n\t<meta name=\"twitter:data2\" content=\"5 minuti\" \/>\n<script type=\"application\/ld+json\" class=\"yoast-schema-graph\">{\"@context\":\"https:\/\/schema.org\",\"@graph\":[{\"@type\":\"Article\",\"@id\":\"https:\/\/centcols.org\/it\/colle-dei-morti\/#article\",\"isPartOf\":{\"@id\":\"https:\/\/centcols.org\/it\/colle-dei-morti\/\"},\"author\":{\"name\":\"Paul Levart\",\"@id\":\"https:\/\/centcols.org\/#\/schema\/person\/f69e64d42a30af00fb46d8cf7a1d9945\"},\"headline\":\"Colle dei Morti\",\"datePublished\":\"2026-01-30T17:18:10+00:00\",\"dateModified\":\"2026-01-31T16:18:02+00:00\",\"mainEntityOfPage\":{\"@id\":\"https:\/\/centcols.org\/it\/colle-dei-morti\/\"},\"wordCount\":652,\"publisher\":{\"@id\":\"https:\/\/centcols.org\/#organization\"},\"image\":{\"@id\":\"https:\/\/centcols.org\/it\/colle-dei-morti\/#primaryimage\"},\"thumbnailUrl\":\"https:\/\/centcols.org\/wp-content\/uploads\/2026\/01\/Morti_miseen-avant.webp\",\"articleSection\":[\"Cols en vrac\"],\"inLanguage\":\"it-IT\"},{\"@type\":\"WebPage\",\"@id\":\"https:\/\/centcols.org\/it\/colle-dei-morti\/\",\"url\":\"https:\/\/centcols.org\/it\/colle-dei-morti\/\",\"name\":\"Colle dei Morti - Club des Cent Cols\",\"isPartOf\":{\"@id\":\"https:\/\/centcols.org\/#website\"},\"primaryImageOfPage\":{\"@id\":\"https:\/\/centcols.org\/it\/colle-dei-morti\/#primaryimage\"},\"image\":{\"@id\":\"https:\/\/centcols.org\/it\/colle-dei-morti\/#primaryimage\"},\"thumbnailUrl\":\"https:\/\/centcols.org\/wp-content\/uploads\/2026\/01\/Morti_miseen-avant.webp\",\"datePublished\":\"2026-01-30T17:18:10+00:00\",\"dateModified\":\"2026-01-31T16:18:02+00:00\",\"breadcrumb\":{\"@id\":\"https:\/\/centcols.org\/it\/colle-dei-morti\/#breadcrumb\"},\"inLanguage\":\"it-IT\",\"potentialAction\":[{\"@type\":\"ReadAction\",\"target\":[\"https:\/\/centcols.org\/it\/colle-dei-morti\/\"]}]},{\"@type\":\"ImageObject\",\"inLanguage\":\"it-IT\",\"@id\":\"https:\/\/centcols.org\/it\/colle-dei-morti\/#primaryimage\",\"url\":\"https:\/\/centcols.org\/wp-content\/uploads\/2026\/01\/Morti_miseen-avant.webp\",\"contentUrl\":\"https:\/\/centcols.org\/wp-content\/uploads\/2026\/01\/Morti_miseen-avant.webp\",\"width\":474,\"height\":266},{\"@type\":\"BreadcrumbList\",\"@id\":\"https:\/\/centcols.org\/it\/colle-dei-morti\/#breadcrumb\",\"itemListElement\":[{\"@type\":\"ListItem\",\"position\":1,\"name\":\"Accueil\",\"item\":\"https:\/\/centcols.org\/\"},{\"@type\":\"ListItem\",\"position\":2,\"name\":\"Cols en vrac\",\"item\":\"https:\/\/centcols.org\/rubrique\/cols-en-vrac\/\"},{\"@type\":\"ListItem\",\"position\":3,\"name\":\"Colle dei Morti\"}]},{\"@type\":\"WebSite\",\"@id\":\"https:\/\/centcols.org\/#website\",\"url\":\"https:\/\/centcols.org\/\",\"name\":\"Club des Cent Cols\",\"description\":\"\",\"publisher\":{\"@id\":\"https:\/\/centcols.org\/#organization\"},\"potentialAction\":[{\"@type\":\"SearchAction\",\"target\":{\"@type\":\"EntryPoint\",\"urlTemplate\":\"https:\/\/centcols.org\/?s={search_term_string}\"},\"query-input\":{\"@type\":\"PropertyValueSpecification\",\"valueRequired\":true,\"valueName\":\"search_term_string\"}}],\"inLanguage\":\"it-IT\"},{\"@type\":\"Organization\",\"@id\":\"https:\/\/centcols.org\/#organization\",\"name\":\"Club des Cent Cols\",\"url\":\"https:\/\/centcols.org\/\",\"logo\":{\"@type\":\"ImageObject\",\"inLanguage\":\"it-IT\",\"@id\":\"https:\/\/centcols.org\/#\/schema\/logo\/image\/\",\"url\":\"https:\/\/centcols.org\/wp-content\/uploads\/2025\/01\/carte-icone.png\",\"contentUrl\":\"https:\/\/centcols.org\/wp-content\/uploads\/2025\/01\/carte-icone.png\",\"width\":250,\"height\":250,\"caption\":\"Club des Cent Cols\"},\"image\":{\"@id\":\"https:\/\/centcols.org\/#\/schema\/logo\/image\/\"},\"sameAs\":[\"https:\/\/www.facebook.com\/groups\/5261880558\/?locale=fr_FR\"]},{\"@type\":\"Person\",\"@id\":\"https:\/\/centcols.org\/#\/schema\/person\/f69e64d42a30af00fb46d8cf7a1d9945\",\"name\":\"Paul Levart\",\"image\":{\"@type\":\"ImageObject\",\"inLanguage\":\"it-IT\",\"@id\":\"https:\/\/centcols.org\/wp-content\/litespeed\/avatar\/b81f27ef11f03e8b6b3b3019b1b2b4d7.jpg?ver=1777205446\",\"url\":\"https:\/\/centcols.org\/wp-content\/litespeed\/avatar\/b81f27ef11f03e8b6b3b3019b1b2b4d7.jpg?ver=1777205446\",\"contentUrl\":\"https:\/\/centcols.org\/wp-content\/litespeed\/avatar\/b81f27ef11f03e8b6b3b3019b1b2b4d7.jpg?ver=1777205446\",\"caption\":\"Paul Levart\"},\"url\":\"https:\/\/centcols.org\/it\/author\/4953\/\"}]}<\/script>\n<!-- \/ Yoast SEO plugin. -->","yoast_head_json":{"title":"Colle dei Morti - Club des Cent Cols","robots":{"index":"index","follow":"follow","max-snippet":"max-snippet:-1","max-image-preview":"max-image-preview:large","max-video-preview":"max-video-preview:-1"},"canonical":"https:\/\/centcols.org\/it\/colle-dei-morti\/","og_locale":"it_IT","og_type":"article","og_title":"Colle dei Morti - Club des Cent Cols","og_description":"Colle dei MORTI ou colle FAUNIERA (Pi\u00e9mont) 2480m IT-CN-2480a VERSANT EST :Emprunt\u00e9 pour la premi\u00e8re fois par les coureurs du Giro 99, sous l&rsquo;appellation \u00ab\u00a0colle FAUNIERA\u00a0\u00bb, le colle dei MORTI, pratiquement inconnu, est cependant un tr\u00e8s grand col, tant par sa d\u00e9nivellation importante, son altitude et surtout ses forts pourcentages soutenus, \u00e9tal\u00e9s sur 15 km. [&hellip;]","og_url":"https:\/\/centcols.org\/it\/colle-dei-morti\/","og_site_name":"Club des Cent Cols","article_publisher":"https:\/\/www.facebook.com\/groups\/5261880558\/?locale=fr_FR","article_published_time":"2026-01-30T17:18:10+00:00","article_modified_time":"2026-01-31T16:18:02+00:00","og_image":[{"width":474,"height":266,"url":"https:\/\/centcols.org\/wp-content\/uploads\/2026\/01\/Morti_miseen-avant.webp","type":"image\/webp"}],"author":"Paul Levart","twitter_card":"summary_large_image","twitter_misc":{"Scritto da":"Paul Levart","Tempo di lettura stimato":"5 minuti"},"schema":{"@context":"https:\/\/schema.org","@graph":[{"@type":"Article","@id":"https:\/\/centcols.org\/it\/colle-dei-morti\/#article","isPartOf":{"@id":"https:\/\/centcols.org\/it\/colle-dei-morti\/"},"author":{"name":"Paul Levart","@id":"https:\/\/centcols.org\/#\/schema\/person\/f69e64d42a30af00fb46d8cf7a1d9945"},"headline":"Colle dei Morti","datePublished":"2026-01-30T17:18:10+00:00","dateModified":"2026-01-31T16:18:02+00:00","mainEntityOfPage":{"@id":"https:\/\/centcols.org\/it\/colle-dei-morti\/"},"wordCount":652,"publisher":{"@id":"https:\/\/centcols.org\/#organization"},"image":{"@id":"https:\/\/centcols.org\/it\/colle-dei-morti\/#primaryimage"},"thumbnailUrl":"https:\/\/centcols.org\/wp-content\/uploads\/2026\/01\/Morti_miseen-avant.webp","articleSection":["Cols en vrac"],"inLanguage":"it-IT"},{"@type":"WebPage","@id":"https:\/\/centcols.org\/it\/colle-dei-morti\/","url":"https:\/\/centcols.org\/it\/colle-dei-morti\/","name":"Colle dei Morti - Club des Cent Cols","isPartOf":{"@id":"https:\/\/centcols.org\/#website"},"primaryImageOfPage":{"@id":"https:\/\/centcols.org\/it\/colle-dei-morti\/#primaryimage"},"image":{"@id":"https:\/\/centcols.org\/it\/colle-dei-morti\/#primaryimage"},"thumbnailUrl":"https:\/\/centcols.org\/wp-content\/uploads\/2026\/01\/Morti_miseen-avant.webp","datePublished":"2026-01-30T17:18:10+00:00","dateModified":"2026-01-31T16:18:02+00:00","breadcrumb":{"@id":"https:\/\/centcols.org\/it\/colle-dei-morti\/#breadcrumb"},"inLanguage":"it-IT","potentialAction":[{"@type":"ReadAction","target":["https:\/\/centcols.org\/it\/colle-dei-morti\/"]}]},{"@type":"ImageObject","inLanguage":"it-IT","@id":"https:\/\/centcols.org\/it\/colle-dei-morti\/#primaryimage","url":"https:\/\/centcols.org\/wp-content\/uploads\/2026\/01\/Morti_miseen-avant.webp","contentUrl":"https:\/\/centcols.org\/wp-content\/uploads\/2026\/01\/Morti_miseen-avant.webp","width":474,"height":266},{"@type":"BreadcrumbList","@id":"https:\/\/centcols.org\/it\/colle-dei-morti\/#breadcrumb","itemListElement":[{"@type":"ListItem","position":1,"name":"Accueil","item":"https:\/\/centcols.org\/"},{"@type":"ListItem","position":2,"name":"Cols en vrac","item":"https:\/\/centcols.org\/rubrique\/cols-en-vrac\/"},{"@type":"ListItem","position":3,"name":"Colle dei Morti"}]},{"@type":"WebSite","@id":"https:\/\/centcols.org\/#website","url":"https:\/\/centcols.org\/","name":"Club des Cent Cols","description":"","publisher":{"@id":"https:\/\/centcols.org\/#organization"},"potentialAction":[{"@type":"SearchAction","target":{"@type":"EntryPoint","urlTemplate":"https:\/\/centcols.org\/?s={search_term_string}"},"query-input":{"@type":"PropertyValueSpecification","valueRequired":true,"valueName":"search_term_string"}}],"inLanguage":"it-IT"},{"@type":"Organization","@id":"https:\/\/centcols.org\/#organization","name":"Club des Cent Cols","url":"https:\/\/centcols.org\/","logo":{"@type":"ImageObject","inLanguage":"it-IT","@id":"https:\/\/centcols.org\/#\/schema\/logo\/image\/","url":"https:\/\/centcols.org\/wp-content\/uploads\/2025\/01\/carte-icone.png","contentUrl":"https:\/\/centcols.org\/wp-content\/uploads\/2025\/01\/carte-icone.png","width":250,"height":250,"caption":"Club des Cent Cols"},"image":{"@id":"https:\/\/centcols.org\/#\/schema\/logo\/image\/"},"sameAs":["https:\/\/www.facebook.com\/groups\/5261880558\/?locale=fr_FR"]},{"@type":"Person","@id":"https:\/\/centcols.org\/#\/schema\/person\/f69e64d42a30af00fb46d8cf7a1d9945","name":"Paul Levart","image":{"@type":"ImageObject","inLanguage":"it-IT","@id":"https:\/\/centcols.org\/wp-content\/litespeed\/avatar\/b81f27ef11f03e8b6b3b3019b1b2b4d7.jpg?ver=1777205446","url":"https:\/\/centcols.org\/wp-content\/litespeed\/avatar\/b81f27ef11f03e8b6b3b3019b1b2b4d7.jpg?ver=1777205446","contentUrl":"https:\/\/centcols.org\/wp-content\/litespeed\/avatar\/b81f27ef11f03e8b6b3b3019b1b2b4d7.jpg?ver=1777205446","caption":"Paul Levart"},"url":"https:\/\/centcols.org\/it\/author\/4953\/"}]}},"_links":{"self":[{"href":"https:\/\/centcols.org\/it\/wp-json\/wp\/v2\/posts\/92916","targetHints":{"allow":["GET"]}}],"collection":[{"href":"https:\/\/centcols.org\/it\/wp-json\/wp\/v2\/posts"}],"about":[{"href":"https:\/\/centcols.org\/it\/wp-json\/wp\/v2\/types\/post"}],"author":[{"embeddable":true,"href":"https:\/\/centcols.org\/it\/wp-json\/wp\/v2\/users\/682"}],"replies":[{"embeddable":true,"href":"https:\/\/centcols.org\/it\/wp-json\/wp\/v2\/comments?post=92916"}],"version-history":[{"count":0,"href":"https:\/\/centcols.org\/it\/wp-json\/wp\/v2\/posts\/92916\/revisions"}],"wp:featuredmedia":[{"embeddable":true,"href":"https:\/\/centcols.org\/it\/wp-json\/wp\/v2\/media\/93001"}],"wp:attachment":[{"href":"https:\/\/centcols.org\/it\/wp-json\/wp\/v2\/media?parent=92916"}],"wp:term":[{"taxonomy":"category","embeddable":true,"href":"https:\/\/centcols.org\/it\/wp-json\/wp\/v2\/categories?post=92916"},{"taxonomy":"post_tag","embeddable":true,"href":"https:\/\/centcols.org\/it\/wp-json\/wp\/v2\/tags?post=92916"}],"curies":[{"name":"wp","href":"https:\/\/api.w.org\/{rel}","templated":true}]}}