{"id":92968,"date":"2026-01-30T17:01:04","date_gmt":"2026-01-30T15:01:04","guid":{"rendered":"https:\/\/centcols.org\/?p=92968"},"modified":"2026-02-03T18:30:12","modified_gmt":"2026-02-03T16:30:12","slug":"col-de-la-bonette","status":"publish","type":"post","link":"https:\/\/centcols.org\/it\/col-de-la-bonette\/","title":{"rendered":"Col de la Bonette"},"content":{"rendered":"<p><strong>Domanda: Sogno di scalare il Col de la Bonette. Quali sono i passi accessibili nella zona di questo leggendario passo?<\/strong><\/p>\n\n\n\n<p>Risposta:<br>Ci sono sei passi, tutti sopra i 2000 metri, che possono essere attraversati in un giorno. Se la domanda di cui sopra si ripresenta spesso, \u00e8 perch\u00e9 una certa confusione \u00e8 alimentata sia da carte poco precise (a causa della loro scala), sia da cartelli che sono allettanti ma non hanno alcun rapporto con la realt\u00e0. Il cartello affisso appena fuori Jausiers, ai piedi della salita al Col de la Bonette, \u00e8 un esempio di questo tipo.<\/p>\n\n\n<div class=\"wp-block-image is-style-rounded\">\n<figure class=\"aligncenter size-thumbnail\"><a href=\"https:\/\/centcols.org\/wp-content\/uploads\/2026\/01\/Bonette1_Jausiers.jpg\" target=\"_blank\" rel=\" noreferrer noopener\"><img loading=\"lazy\" decoding=\"async\" width=\"150\" height=\"150\" src=\"https:\/\/centcols.org\/wp-content\/uploads\/2026\/01\/Bonette1_Jausiers-150x150.jpg\" alt=\"\" class=\"wp-image-92971\"\/><\/a><\/figure>\n<\/div>\n\n\n<p>Ci sono tre errori:<br>- Il Col de la Bonette non deve essere confuso con il Col de Restefond, poich\u00e9 si tratta di due passi diversi.<br>- Il Col de la Bonette non sale a 2802 m, ma a 2715 m.<br>- Non \u00e8 la strada pi\u00f9 alta d'Europa, perch\u00e9 si trova nella Sierra Nevada in Spagna (ndr: nel 2026 la strada sar\u00e0 chiusa alle auto).<\/p>\n\n\n\n<p>Cosa dice la mappa IGN TOP25 n\u00b0 3639OT?<\/p>\n\n\n<div class=\"wp-block-image is-style-rounded\">\n<figure class=\"aligncenter size-thumbnail\"><a href=\"https:\/\/centcols.org\/wp-content\/uploads\/2026\/01\/Bonette2_IGN-Top25.jpg\" target=\"_blank\" rel=\" noreferrer noopener\"><img loading=\"lazy\" decoding=\"async\" width=\"150\" height=\"150\" src=\"https:\/\/centcols.org\/wp-content\/uploads\/2026\/01\/Bonette2_IGN-Top25-150x150.jpg\" alt=\"\" class=\"wp-image-92973\"\/><\/a><\/figure>\n<\/div>\n\n\n<p>Lasciando la valle dell'Ubaye (Jausiers), la dipartimentale 64 passa vicino al \u00abFaux col de Restefond\u00bb (FR-04-2639). Nelle vicinanze, perch\u00e9 il passo \u00e8 appena sotto la strada asfaltata, su una pista R1 che porta al Col de la Mouti\u00e8re.<\/p>\n\n\n<div class=\"wp-block-image is-style-rounded\">\n<figure class=\"aligncenter size-thumbnail\"><a href=\"https:\/\/centcols.org\/wp-content\/uploads\/2026\/01\/Bonette3_FxCol_Restefond.jpg\" target=\"_blank\" rel=\" noreferrer noopener\"><img loading=\"lazy\" decoding=\"async\" width=\"150\" height=\"150\" src=\"https:\/\/centcols.org\/wp-content\/uploads\/2026\/01\/Bonette3_FxCol_Restefond-150x150.jpg\" alt=\"\" class=\"wp-image-92975\"\/><\/a><\/figure>\n<\/div>\n\n\n<p>300 m dopo il bivio della pista che porta al Col de la Mouti\u00e8re, si apre sulla sinistra una pista R1-2 che porta al Col de Restefond (FR-04-2692b) a 2680 m di altitudine. Questo passo si trova leggermente al di sopra della D64. Il nome del passo \u00e8 indicato da un cartello in cima. Nelle vicinanze sono ancora visibili i resti dei combattimenti della Seconda guerra mondiale.<br>Il sentiero prosegue lungo le pendici settentrionali della Cime des Trois Serri\u00e8res fino al Col de Raspaillon. Si tratta della vecchia strada militare che esisteva prima dell'apertura dell'anello della Bonette.<br>NOTA BENE: il Col de Restefond \u00e8 accessibile solo entrando nel Parco Nazionale del Mercantour (per 250 m!). L'accesso \u00e8 severamente vietato alle biciclette...<\/p>\n\n\n<div class=\"wp-block-image is-style-rounded\">\n<figure class=\"aligncenter size-thumbnail\"><a href=\"https:\/\/centcols.org\/wp-content\/uploads\/2026\/01\/Bonette4_Restefond.jpg\" target=\"_blank\" rel=\" noreferrer noopener\"><img loading=\"lazy\" decoding=\"async\" width=\"150\" height=\"150\" src=\"https:\/\/centcols.org\/wp-content\/uploads\/2026\/01\/Bonette4_Restefond-150x150.jpg\" alt=\"\" class=\"wp-image-92976\"\/><\/a><\/figure>\n<\/div>\n\n\n<p>Di nuovo sulla D64. Il Col de la Bonette (FR-04-2715) si apre come un varco sulla sinistra. Porta direttamente nella valle della Tin\u00e9e.<\/p>\n\n\n<div class=\"wp-block-image is-style-rounded\">\n<figure class=\"aligncenter size-thumbnail\"><a href=\"https:\/\/centcols.org\/wp-content\/uploads\/2026\/01\/Bonette5_CentCols-1.jpg\" target=\"_blank\" rel=\" noreferrer noopener\"><img loading=\"lazy\" decoding=\"async\" width=\"150\" height=\"150\" src=\"https:\/\/centcols.org\/wp-content\/uploads\/2026\/01\/Bonette5_CentCols-1-150x150.jpg\" alt=\"\" class=\"wp-image-92987\"\/><\/a><\/figure>\n<\/div>\n\n<div class=\"wp-block-image is-style-rounded\">\n<figure class=\"aligncenter size-thumbnail\"><a href=\"https:\/\/centcols.org\/wp-content\/uploads\/2026\/01\/Bonette6_LaCime-1.jpg\" target=\"_blank\" rel=\" noreferrer noopener\"><img loading=\"lazy\" decoding=\"async\" width=\"150\" height=\"150\" src=\"https:\/\/centcols.org\/wp-content\/uploads\/2026\/01\/Bonette6_LaCime-1-150x150.jpg\" alt=\"\" class=\"wp-image-92988\"\/><\/a><\/figure>\n<\/div>\n\n\n<p>Se non si attraversa il Col de la Bonette, la strada continua a salire ripidamente intorno alla cima della Bonette, passando per il punto pi\u00f9 alto: 2802 m, che spesso viene scambiato per il Col stesso. Un monumento segna la sommit\u00e0 della strada e una breve passeggiata porta alla tavola di orientamento a 2860 m, da cui si gode di una vista mozzafiato.<br>La D64 si avvicina quindi al versante meridionale.<\/p>\n\n\n<div class=\"wp-block-image is-style-rounded\">\n<figure class=\"aligncenter size-thumbnail\"><a href=\"https:\/\/centcols.org\/wp-content\/uploads\/2026\/01\/Bonette7_VersantSud.jpg\" target=\"_blank\" rel=\" noreferrer noopener\"><img loading=\"lazy\" decoding=\"async\" width=\"150\" height=\"150\" src=\"https:\/\/centcols.org\/wp-content\/uploads\/2026\/01\/Bonette7_VersantSud-150x150.jpg\" alt=\"\" class=\"wp-image-92979\"\/><\/a><\/figure>\n<\/div>\n\n\n<p>Il Col de la Bonette si apre questa volta sulla sinistra, poi, in discesa, si attraversa il Col de Raspaillon o des Granges Communes (FR-04-2513). Infine, quattro chilometri pi\u00f9 avanti, subito dopo le rovine del campo di Fourches, una pista R1 svolta a sinistra per raggiungere senza difficolt\u00e0 il Col des Fourches (FR-06-2261b), a 200 m dall'asfalto.<br>ATTENZIONE: il Col des Fourches si trova nel Parco Nazionale del Mercantour!<\/p>\n\n\n<div class=\"wp-block-image is-style-rounded\">\n<figure class=\"aligncenter size-thumbnail\"><a href=\"https:\/\/centcols.org\/wp-content\/uploads\/2026\/01\/Bonette8_VersantSud-1.jpg\" target=\"_blank\" rel=\" noreferrer noopener\"><img loading=\"lazy\" decoding=\"async\" width=\"150\" height=\"150\" src=\"https:\/\/centcols.org\/wp-content\/uploads\/2026\/01\/Bonette8_VersantSud-1-150x150.jpg\" alt=\"\" class=\"wp-image-92982\"\/><\/a><\/figure>\n<\/div>\n\n\n<p>Per una passeggiata ad anello nella valle dell'Ubaye, si pu\u00f2 tornare attraverso il Col de la Mouti\u00e8re, dove la strada da Saint-Dalmas-le-Selvage \u00e8 ora asfaltata. Il versante nord non lo \u00e8, e si pu\u00f2 scegliere se raggiungere la D64 al Faux col de Restefond attraverso i sentieri R1, oppure scendere a Bayasse (sulla salita al col de la Cayolle) e tornare a Barcelonnette attraverso la D902.<\/p>\n\n\n\n<p>Vi auguriamo un buon viaggio.<\/p>\n\n\n\n<p>Ren\u00e9 Poty<\/p>\n\n\n\n<p><\/p>","protected":false},"excerpt":{"rendered":"<p>Question : je r\u00eave de gravir le col de la Bonette, quels sont les cols accessibles dans le secteur de ce col mythique ? R\u00e9ponse :On compte six cols, tous \u00e0 plus de 2000m, qui peuvent \u00eatre franchis dans une journ\u00e9e. Si la question ci-dessus revient souvent, c&rsquo;est qu&rsquo;une certaine confusion est entretenue soit par [&hellip;]<\/p>\n","protected":false},"author":1726,"featured_media":92971,"comment_status":"closed","ping_status":"closed","sticky":false,"template":"","format":"standard","meta":{"_acf_changed":false,"footnotes":""},"categories":[308],"tags":[],"class_list":["post-92968","post","type-post","status-publish","format-standard","has-post-thumbnail","hentry","category-cols-en-vrac"],"acf":[],"yoast_head":"<!-- This site is optimized with the Yoast SEO plugin v27.2 - https:\/\/yoast.com\/product\/yoast-seo-wordpress\/ -->\n<title>Col de la Bonette - Club des Cent Cols<\/title>\n<meta name=\"robots\" content=\"index, follow, max-snippet:-1, max-image-preview:large, max-video-preview:-1\" \/>\n<link rel=\"canonical\" href=\"https:\/\/centcols.org\/it\/col-de-la-bonette\/\" \/>\n<meta property=\"og:locale\" content=\"it_IT\" \/>\n<meta property=\"og:type\" content=\"article\" \/>\n<meta property=\"og:title\" content=\"Col de la Bonette - Club des Cent Cols\" \/>\n<meta property=\"og:description\" content=\"Question : je r\u00eave de gravir le col de la Bonette, quels sont les cols accessibles dans le secteur de ce col mythique ? R\u00e9ponse :On compte six cols, tous \u00e0 plus de 2000m, qui peuvent \u00eatre franchis dans une journ\u00e9e. Si la question ci-dessus revient souvent, c&rsquo;est qu&rsquo;une certaine confusion est entretenue soit par [&hellip;]\" \/>\n<meta property=\"og:url\" content=\"https:\/\/centcols.org\/it\/col-de-la-bonette\/\" \/>\n<meta property=\"og:site_name\" content=\"Club des Cent Cols\" \/>\n<meta property=\"article:publisher\" content=\"https:\/\/www.facebook.com\/groups\/5261880558\/?locale=fr_FR\" \/>\n<meta property=\"article:published_time\" content=\"2026-01-30T15:01:04+00:00\" \/>\n<meta property=\"article:modified_time\" content=\"2026-02-03T16:30:12+00:00\" \/>\n<meta property=\"og:image\" content=\"https:\/\/centcols.org\/wp-content\/uploads\/2026\/01\/Bonette1_Jausiers.jpg\" \/>\n\t<meta property=\"og:image:width\" content=\"380\" \/>\n\t<meta property=\"og:image:height\" content=\"580\" \/>\n\t<meta property=\"og:image:type\" content=\"image\/jpeg\" \/>\n<meta name=\"author\" content=\"Ren\u00e9 Mercier\" \/>\n<meta name=\"twitter:card\" content=\"summary_large_image\" \/>\n<meta name=\"twitter:label1\" content=\"Scritto da\" \/>\n\t<meta name=\"twitter:data1\" content=\"Ren\u00e9 Mercier\" \/>\n\t<meta name=\"twitter:label2\" content=\"Tempo di lettura stimato\" \/>\n\t<meta name=\"twitter:data2\" content=\"5 minuti\" \/>\n<script type=\"application\/ld+json\" class=\"yoast-schema-graph\">{\"@context\":\"https:\/\/schema.org\",\"@graph\":[{\"@type\":\"Article\",\"@id\":\"https:\/\/centcols.org\/de\/col-de-la-bonette\/#article\",\"isPartOf\":{\"@id\":\"https:\/\/centcols.org\/de\/col-de-la-bonette\/\"},\"author\":{\"name\":\"Ren\u00e9 Mercier\",\"@id\":\"https:\/\/centcols.org\/#\/schema\/person\/0cc8f723679c98f3fb7798df5a50c018\"},\"headline\":\"Col de la Bonette\",\"datePublished\":\"2026-01-30T15:01:04+00:00\",\"dateModified\":\"2026-02-03T16:30:12+00:00\",\"mainEntityOfPage\":{\"@id\":\"https:\/\/centcols.org\/de\/col-de-la-bonette\/\"},\"wordCount\":644,\"publisher\":{\"@id\":\"https:\/\/centcols.org\/#organization\"},\"image\":{\"@id\":\"https:\/\/centcols.org\/de\/col-de-la-bonette\/#primaryimage\"},\"thumbnailUrl\":\"https:\/\/centcols.org\/wp-content\/uploads\/2026\/01\/Bonette1_Jausiers.jpg\",\"articleSection\":[\"Cols en vrac\"],\"inLanguage\":\"it-IT\"},{\"@type\":\"WebPage\",\"@id\":\"https:\/\/centcols.org\/de\/col-de-la-bonette\/\",\"url\":\"https:\/\/centcols.org\/de\/col-de-la-bonette\/\",\"name\":\"Col de la Bonette - Club des Cent Cols\",\"isPartOf\":{\"@id\":\"https:\/\/centcols.org\/#website\"},\"primaryImageOfPage\":{\"@id\":\"https:\/\/centcols.org\/de\/col-de-la-bonette\/#primaryimage\"},\"image\":{\"@id\":\"https:\/\/centcols.org\/de\/col-de-la-bonette\/#primaryimage\"},\"thumbnailUrl\":\"https:\/\/centcols.org\/wp-content\/uploads\/2026\/01\/Bonette1_Jausiers.jpg\",\"datePublished\":\"2026-01-30T15:01:04+00:00\",\"dateModified\":\"2026-02-03T16:30:12+00:00\",\"breadcrumb\":{\"@id\":\"https:\/\/centcols.org\/de\/col-de-la-bonette\/#breadcrumb\"},\"inLanguage\":\"it-IT\",\"potentialAction\":[{\"@type\":\"ReadAction\",\"target\":[\"https:\/\/centcols.org\/de\/col-de-la-bonette\/\"]}]},{\"@type\":\"ImageObject\",\"inLanguage\":\"it-IT\",\"@id\":\"https:\/\/centcols.org\/de\/col-de-la-bonette\/#primaryimage\",\"url\":\"https:\/\/centcols.org\/wp-content\/uploads\/2026\/01\/Bonette1_Jausiers.jpg\",\"contentUrl\":\"https:\/\/centcols.org\/wp-content\/uploads\/2026\/01\/Bonette1_Jausiers.jpg\",\"width\":380,\"height\":580,\"caption\":\"Bonette Restefond Cent cols\"},{\"@type\":\"BreadcrumbList\",\"@id\":\"https:\/\/centcols.org\/de\/col-de-la-bonette\/#breadcrumb\",\"itemListElement\":[{\"@type\":\"ListItem\",\"position\":1,\"name\":\"Accueil\",\"item\":\"https:\/\/centcols.org\/\"},{\"@type\":\"ListItem\",\"position\":2,\"name\":\"Cols en vrac\",\"item\":\"https:\/\/centcols.org\/rubrique\/cols-en-vrac\/\"},{\"@type\":\"ListItem\",\"position\":3,\"name\":\"Col de la Bonette\"}]},{\"@type\":\"WebSite\",\"@id\":\"https:\/\/centcols.org\/#website\",\"url\":\"https:\/\/centcols.org\/\",\"name\":\"Club des Cent Cols\",\"description\":\"\",\"publisher\":{\"@id\":\"https:\/\/centcols.org\/#organization\"},\"potentialAction\":[{\"@type\":\"SearchAction\",\"target\":{\"@type\":\"EntryPoint\",\"urlTemplate\":\"https:\/\/centcols.org\/?s={search_term_string}\"},\"query-input\":{\"@type\":\"PropertyValueSpecification\",\"valueRequired\":true,\"valueName\":\"search_term_string\"}}],\"inLanguage\":\"it-IT\"},{\"@type\":\"Organization\",\"@id\":\"https:\/\/centcols.org\/#organization\",\"name\":\"Club des Cent Cols\",\"url\":\"https:\/\/centcols.org\/\",\"logo\":{\"@type\":\"ImageObject\",\"inLanguage\":\"it-IT\",\"@id\":\"https:\/\/centcols.org\/#\/schema\/logo\/image\/\",\"url\":\"https:\/\/centcols.org\/wp-content\/uploads\/2025\/01\/carte-icone.png\",\"contentUrl\":\"https:\/\/centcols.org\/wp-content\/uploads\/2025\/01\/carte-icone.png\",\"width\":250,\"height\":250,\"caption\":\"Club des Cent Cols\"},\"image\":{\"@id\":\"https:\/\/centcols.org\/#\/schema\/logo\/image\/\"},\"sameAs\":[\"https:\/\/www.facebook.com\/groups\/5261880558\/?locale=fr_FR\"]},{\"@type\":\"Person\",\"@id\":\"https:\/\/centcols.org\/#\/schema\/person\/0cc8f723679c98f3fb7798df5a50c018\",\"name\":\"Ren\u00e9 Mercier\",\"image\":{\"@type\":\"ImageObject\",\"inLanguage\":\"it-IT\",\"@id\":\"https:\/\/centcols.org\/wp-content\/litespeed\/avatar\/c2275eeaf79d4f7456274de381abeeab.jpg?ver=1777347562\",\"url\":\"https:\/\/centcols.org\/wp-content\/litespeed\/avatar\/c2275eeaf79d4f7456274de381abeeab.jpg?ver=1777347562\",\"contentUrl\":\"https:\/\/centcols.org\/wp-content\/litespeed\/avatar\/c2275eeaf79d4f7456274de381abeeab.jpg?ver=1777347562\",\"caption\":\"Ren\u00e9 Mercier\"},\"url\":\"https:\/\/centcols.org\/it\/author\/7552\/\"}]}<\/script>\n<!-- \/ Yoast SEO plugin. -->","yoast_head_json":{"title":"Col de la Bonette - Club des Cent Cols","robots":{"index":"index","follow":"follow","max-snippet":"max-snippet:-1","max-image-preview":"max-image-preview:large","max-video-preview":"max-video-preview:-1"},"canonical":"https:\/\/centcols.org\/it\/col-de-la-bonette\/","og_locale":"it_IT","og_type":"article","og_title":"Col de la Bonette - Club des Cent Cols","og_description":"Question : je r\u00eave de gravir le col de la Bonette, quels sont les cols accessibles dans le secteur de ce col mythique ? R\u00e9ponse :On compte six cols, tous \u00e0 plus de 2000m, qui peuvent \u00eatre franchis dans une journ\u00e9e. Si la question ci-dessus revient souvent, c&rsquo;est qu&rsquo;une certaine confusion est entretenue soit par [&hellip;]","og_url":"https:\/\/centcols.org\/it\/col-de-la-bonette\/","og_site_name":"Club des Cent Cols","article_publisher":"https:\/\/www.facebook.com\/groups\/5261880558\/?locale=fr_FR","article_published_time":"2026-01-30T15:01:04+00:00","article_modified_time":"2026-02-03T16:30:12+00:00","og_image":[{"width":380,"height":580,"url":"https:\/\/centcols.org\/wp-content\/uploads\/2026\/01\/Bonette1_Jausiers.jpg","type":"image\/jpeg"}],"author":"Ren\u00e9 Mercier","twitter_card":"summary_large_image","twitter_misc":{"Scritto da":"Ren\u00e9 Mercier","Tempo di lettura stimato":"5 minuti"},"schema":{"@context":"https:\/\/schema.org","@graph":[{"@type":"Article","@id":"https:\/\/centcols.org\/de\/col-de-la-bonette\/#article","isPartOf":{"@id":"https:\/\/centcols.org\/de\/col-de-la-bonette\/"},"author":{"name":"Ren\u00e9 Mercier","@id":"https:\/\/centcols.org\/#\/schema\/person\/0cc8f723679c98f3fb7798df5a50c018"},"headline":"Col de la Bonette","datePublished":"2026-01-30T15:01:04+00:00","dateModified":"2026-02-03T16:30:12+00:00","mainEntityOfPage":{"@id":"https:\/\/centcols.org\/de\/col-de-la-bonette\/"},"wordCount":644,"publisher":{"@id":"https:\/\/centcols.org\/#organization"},"image":{"@id":"https:\/\/centcols.org\/de\/col-de-la-bonette\/#primaryimage"},"thumbnailUrl":"https:\/\/centcols.org\/wp-content\/uploads\/2026\/01\/Bonette1_Jausiers.jpg","articleSection":["Cols en vrac"],"inLanguage":"it-IT"},{"@type":"WebPage","@id":"https:\/\/centcols.org\/de\/col-de-la-bonette\/","url":"https:\/\/centcols.org\/de\/col-de-la-bonette\/","name":"Col de la Bonette - Club des Cent Cols","isPartOf":{"@id":"https:\/\/centcols.org\/#website"},"primaryImageOfPage":{"@id":"https:\/\/centcols.org\/de\/col-de-la-bonette\/#primaryimage"},"image":{"@id":"https:\/\/centcols.org\/de\/col-de-la-bonette\/#primaryimage"},"thumbnailUrl":"https:\/\/centcols.org\/wp-content\/uploads\/2026\/01\/Bonette1_Jausiers.jpg","datePublished":"2026-01-30T15:01:04+00:00","dateModified":"2026-02-03T16:30:12+00:00","breadcrumb":{"@id":"https:\/\/centcols.org\/de\/col-de-la-bonette\/#breadcrumb"},"inLanguage":"it-IT","potentialAction":[{"@type":"ReadAction","target":["https:\/\/centcols.org\/de\/col-de-la-bonette\/"]}]},{"@type":"ImageObject","inLanguage":"it-IT","@id":"https:\/\/centcols.org\/de\/col-de-la-bonette\/#primaryimage","url":"https:\/\/centcols.org\/wp-content\/uploads\/2026\/01\/Bonette1_Jausiers.jpg","contentUrl":"https:\/\/centcols.org\/wp-content\/uploads\/2026\/01\/Bonette1_Jausiers.jpg","width":380,"height":580,"caption":"Bonette Restefond Cent cols"},{"@type":"BreadcrumbList","@id":"https:\/\/centcols.org\/de\/col-de-la-bonette\/#breadcrumb","itemListElement":[{"@type":"ListItem","position":1,"name":"Accueil","item":"https:\/\/centcols.org\/"},{"@type":"ListItem","position":2,"name":"Cols en vrac","item":"https:\/\/centcols.org\/rubrique\/cols-en-vrac\/"},{"@type":"ListItem","position":3,"name":"Col de la Bonette"}]},{"@type":"WebSite","@id":"https:\/\/centcols.org\/#website","url":"https:\/\/centcols.org\/","name":"Club des Cent Cols","description":"","publisher":{"@id":"https:\/\/centcols.org\/#organization"},"potentialAction":[{"@type":"SearchAction","target":{"@type":"EntryPoint","urlTemplate":"https:\/\/centcols.org\/?s={search_term_string}"},"query-input":{"@type":"PropertyValueSpecification","valueRequired":true,"valueName":"search_term_string"}}],"inLanguage":"it-IT"},{"@type":"Organization","@id":"https:\/\/centcols.org\/#organization","name":"Club des Cent Cols","url":"https:\/\/centcols.org\/","logo":{"@type":"ImageObject","inLanguage":"it-IT","@id":"https:\/\/centcols.org\/#\/schema\/logo\/image\/","url":"https:\/\/centcols.org\/wp-content\/uploads\/2025\/01\/carte-icone.png","contentUrl":"https:\/\/centcols.org\/wp-content\/uploads\/2025\/01\/carte-icone.png","width":250,"height":250,"caption":"Club des Cent Cols"},"image":{"@id":"https:\/\/centcols.org\/#\/schema\/logo\/image\/"},"sameAs":["https:\/\/www.facebook.com\/groups\/5261880558\/?locale=fr_FR"]},{"@type":"Person","@id":"https:\/\/centcols.org\/#\/schema\/person\/0cc8f723679c98f3fb7798df5a50c018","name":"Ren\u00e9 Mercier","image":{"@type":"ImageObject","inLanguage":"it-IT","@id":"https:\/\/centcols.org\/wp-content\/litespeed\/avatar\/c2275eeaf79d4f7456274de381abeeab.jpg?ver=1777347562","url":"https:\/\/centcols.org\/wp-content\/litespeed\/avatar\/c2275eeaf79d4f7456274de381abeeab.jpg?ver=1777347562","contentUrl":"https:\/\/centcols.org\/wp-content\/litespeed\/avatar\/c2275eeaf79d4f7456274de381abeeab.jpg?ver=1777347562","caption":"Ren\u00e9 Mercier"},"url":"https:\/\/centcols.org\/it\/author\/7552\/"}]}},"_links":{"self":[{"href":"https:\/\/centcols.org\/it\/wp-json\/wp\/v2\/posts\/92968","targetHints":{"allow":["GET"]}}],"collection":[{"href":"https:\/\/centcols.org\/it\/wp-json\/wp\/v2\/posts"}],"about":[{"href":"https:\/\/centcols.org\/it\/wp-json\/wp\/v2\/types\/post"}],"author":[{"embeddable":true,"href":"https:\/\/centcols.org\/it\/wp-json\/wp\/v2\/users\/1726"}],"replies":[{"embeddable":true,"href":"https:\/\/centcols.org\/it\/wp-json\/wp\/v2\/comments?post=92968"}],"version-history":[{"count":0,"href":"https:\/\/centcols.org\/it\/wp-json\/wp\/v2\/posts\/92968\/revisions"}],"wp:featuredmedia":[{"embeddable":true,"href":"https:\/\/centcols.org\/it\/wp-json\/wp\/v2\/media\/92971"}],"wp:attachment":[{"href":"https:\/\/centcols.org\/it\/wp-json\/wp\/v2\/media?parent=92968"}],"wp:term":[{"taxonomy":"category","embeddable":true,"href":"https:\/\/centcols.org\/it\/wp-json\/wp\/v2\/categories?post=92968"},{"taxonomy":"post_tag","embeddable":true,"href":"https:\/\/centcols.org\/it\/wp-json\/wp\/v2\/tags?post=92968"}],"curies":[{"name":"wp","href":"https:\/\/api.w.org\/{rel}","templated":true}]}}