{"id":93006,"date":"2026-01-30T18:36:34","date_gmt":"2026-01-30T16:36:34","guid":{"rendered":"https:\/\/centcols.org\/?p=93006"},"modified":"2026-01-31T18:19:34","modified_gmt":"2026-01-31T16:19:34","slug":"col-de-tende","status":"publish","type":"post","link":"https:\/\/centcols.org\/it\/col-de-tende\/","title":{"rendered":"Il Col de Tende o Colle di Tenda"},"content":{"rendered":"<p>Il Col de Tende (<a href=\"\/it\/util\/geo\/visu.php\/?code=FR-06-1871\" type=\"link\" id=\"\/util\/geo\/visu.php?code=FR-06-1871\">FR-06-1871<\/a> o <a href=\"\/it\/util\/geo\/visu.php\/?code=IT-CN-1871\" type=\"link\" id=\"\/util\/geo\/visu.php?code=IT-CN-1871\">IT-CN-1871<\/a>), situato sulla dorsale franco-italiana, conduce dalla valle Roya a sud alla valle Vermenagna piemontese a nord. \u00c8 il valico pi\u00f9 basso tra Francia e Italia. Il versante francese \u00e8 mulattiero, a differenza di quello italiano, dove solo gli ultimi 600 metri sono sterrati. <br>Il sentiero inizia appena fuori dalla galleria stradale e si snoda con i suoi 46 tornanti in modo spettacolare sull'alta valle del Roya per circa 7,5 km. La vista dalla cima \u00e8 superba, ma attenzione ai frequenti temporali estivi.<\/p>\n\n\n\n<figure class=\"wp-block-image size-full\"><img loading=\"lazy\" decoding=\"async\" width=\"486\" height=\"372\" src=\"https:\/\/centcols.org\/wp-content\/uploads\/2026\/01\/col_de_tende_1-1.jpg\" alt=\"\" class=\"wp-image-93080\" srcset=\"https:\/\/centcols.org\/wp-content\/uploads\/2026\/01\/col_de_tende_1-1.jpg 486w, https:\/\/centcols.org\/wp-content\/uploads\/2026\/01\/col_de_tende_1-1-16x12.jpg 16w\" sizes=\"auto, (max-width: 486px) 100vw, 486px\" \/><figcaption class=\"wp-element-caption\">Foto scattata dal forte di Marguerie, a ovest del Col de Tende.<br>In prossimit\u00e0 della cima, sulla cresta, si pu\u00f2 vedere l'imponente mole del forte.<br>centrale. Al di l\u00e0 di questa inizia la lunga e strategica pista delle creste di Tende-Est.<\/figcaption><\/figure>\n\n\n\n<p><\/p>\n\n\n\n<figure class=\"wp-block-image size-full\"><img loading=\"lazy\" decoding=\"async\" width=\"494\" height=\"340\" src=\"https:\/\/centcols.org\/wp-content\/uploads\/2026\/01\/col_de_tende_2-1.jpg\" alt=\"\" class=\"wp-image-93081\" srcset=\"https:\/\/centcols.org\/wp-content\/uploads\/2026\/01\/col_de_tende_2-1.jpg 494w, https:\/\/centcols.org\/wp-content\/uploads\/2026\/01\/col_de_tende_2-1-18x12.jpg 18w\" sizes=\"auto, (max-width: 494px) 100vw, 494px\" \/><figcaption class=\"wp-element-caption\"><br>In fondo alla valle della Roya: la strada moderna attraverso il tunnel di Tenda.<br>A met\u00e0 della salita: il grande edificio dell'ex corpo di guardia.<\/figcaption><\/figure>\n\n\n\n<p><br>Da entrambi i lati della vetta, sentieri strategici conducono a un gran numero di passi sugli anelli \u00abOvest e Est di Tenda\u00bb (vedi TOPO 3).<\/p>\n\n\n\n<figure class=\"wp-block-image size-full\"><img loading=\"lazy\" decoding=\"async\" width=\"467\" height=\"300\" src=\"https:\/\/centcols.org\/wp-content\/uploads\/2026\/01\/col_de_tende_profil-3.gif\" alt=\"\" class=\"wp-image-93111\"\/><\/figure>\n\n\n\n<p>Ma scalare i passi non significa non interessarsi alla loro storia, e quella del Col de Tende \u00e8 particolarmente ricca. La prima menzione di una strada carrozzabile tra Ventimiglia e Borgo San Dalmazzo risale al 1178! Per tutto il Medioevo, il passo fu utilizzato dai carovanieri che trasportavano il sale nella pianura padana. La Valle Roya si arricch\u00ec di questo lucroso commercio, che veniva abbondantemente riscattato dai signori di Tenda... 16.000 muli attraversavano l'ostacolo ogni anno!<br><br>Il passo ha visto passare molti invasori, il pi\u00f9 famoso dei quali fu Carlo V nel 1536, ma ha anche visto i viaggiatori prendere una strada scomoda, aiutati da un'intera corporazione di \u00abpassatori\u00bb, conosciuti qui come \u00abcollants\u00bb o \u00abcoulants\u00bb (del passo...). I portatori potevano essere ingaggiati per attraversare a turno il passo in cinque ore per una piccola fortuna. Gi\u00e0 nel XVI secolo fu lanciato il progetto di un tunnel e i lavori iniziarono (l'ingresso di questa vecchia galleria \u00e8 visibile sul versante italiano a circa 1750 m di altitudine). Ma non se ne fece nulla per mancanza di fondi. Solo nel 1780 il re Vittorio Emanuele III (Piemonte-Sardegna) finanzi\u00f2 i lavori dell'attuale tracciato, che fu costruito dopo quattro anni di sforzi. Poco prima della met\u00e0 della salita, fu allestito un corpo di guardia con 30 uomini. Il loro compito era quello di garantire la sicurezza del percorso e di fornire assistenza ai viaggiatori, soprattutto in inverno. Questo corpo di guardia esiste ancora oggi.<\/p>\n\n\n\n<figure class=\"wp-block-image size-full\"><img loading=\"lazy\" decoding=\"async\" width=\"549\" height=\"358\" src=\"https:\/\/centcols.org\/wp-content\/uploads\/2026\/01\/col_de_tende_3-6.jpg\" alt=\"\" class=\"wp-image-93117\" srcset=\"https:\/\/centcols.org\/wp-content\/uploads\/2026\/01\/col_de_tende_3-6.jpg 549w, https:\/\/centcols.org\/wp-content\/uploads\/2026\/01\/col_de_tende_3-6-18x12.jpg 18w\" sizes=\"auto, (max-width: 549px) 100vw, 549px\" \/><figcaption class=\"wp-element-caption\">Il corpo di guardia come appariva nel XVIII secolo. La pista che viene utilizzata ancora oggi \u00e8 stata aperta grazie ai lavori eseguiti tra il 1780 e il 1784.<\/figcaption><\/figure>\n\n\n\n<p>Il percorso non era utilizzato solo per il commercio: nel 1794, le truppe rivoluzionarie attraversarono il passo e invasero il regno di Piemonte-Sardegna, mentre il 25 aprile 1945, la prima divisione FFL attravers\u00f2 il passo dopo aver liberato la Roya dagli ultimi occupanti tedeschi. L'importanza strategica \u00e8 testimoniata dalla presenza di imponenti forti militari in cima e ai lati del passo.<br><br>Godetevi la salita!<br>Ren\u00e9 POTY<\/p>\n\n\n\n<p><\/p>\n\n\n\n<figure class=\"wp-block-gallery has-nested-images columns-default is-cropped wp-block-gallery-1 is-layout-flex wp-block-gallery-is-layout-flex\">\n<figure class=\"wp-block-image size-large\"><img loading=\"lazy\" decoding=\"async\" width=\"288\" height=\"400\" data-id=\"93084\" src=\"https:\/\/centcols.org\/wp-content\/uploads\/2026\/01\/col_de_tende_4-1.jpg\" alt=\"\" class=\"wp-image-93084\" srcset=\"https:\/\/centcols.org\/wp-content\/uploads\/2026\/01\/col_de_tende_4-1.jpg 288w, https:\/\/centcols.org\/wp-content\/uploads\/2026\/01\/col_de_tende_4-1-9x12.jpg 9w\" sizes=\"auto, (max-width: 288px) 100vw, 288px\" \/><\/figure>\n\n\n\n<figure class=\"wp-block-image size-large\"><img loading=\"lazy\" decoding=\"async\" width=\"400\" height=\"240\" data-id=\"93085\" src=\"https:\/\/centcols.org\/wp-content\/uploads\/2026\/01\/col_de_tende_5.jpg\" alt=\"\" class=\"wp-image-93085\" srcset=\"https:\/\/centcols.org\/wp-content\/uploads\/2026\/01\/col_de_tende_5.jpg 400w, https:\/\/centcols.org\/wp-content\/uploads\/2026\/01\/col_de_tende_5-18x12.jpg 18w\" sizes=\"auto, (max-width: 400px) 100vw, 400px\" \/><\/figure>\n<\/figure>\n\n\n\n<p><\/p>\n\n\n\n<p><\/p>","protected":false},"excerpt":{"rendered":"<p>Le col de Tende (FR-06-1871 ou IT-CN-1871), situ\u00e9 sur la cr\u00eate franco-italienne, permet de passer de la vall\u00e9e de la Roya au sud dans la vall\u00e9e pi\u00e9montaise de Vermenagna au nord. Il s&rsquo;agit du passage le plus bas entre la France et l&rsquo;Italie. Le versant fran\u00e7ais est muletier contrairement au versant italien, dont seulement les [&hellip;]<\/p>\n","protected":false},"author":682,"featured_media":93049,"comment_status":"closed","ping_status":"closed","sticky":false,"template":"","format":"standard","meta":{"_acf_changed":false,"footnotes":""},"categories":[308],"tags":[],"class_list":["post-93006","post","type-post","status-publish","format-standard","has-post-thumbnail","hentry","category-cols-en-vrac"],"acf":[],"yoast_head":"<!-- This site is optimized with the Yoast SEO plugin v27.2 - https:\/\/yoast.com\/product\/yoast-seo-wordpress\/ -->\n<title>Le col de Tende ou colle di Tenda - Club des Cent Cols<\/title>\n<meta name=\"robots\" content=\"index, follow, max-snippet:-1, max-image-preview:large, max-video-preview:-1\" \/>\n<link rel=\"canonical\" href=\"https:\/\/centcols.org\/it\/col-de-tende\/\" \/>\n<meta property=\"og:locale\" content=\"it_IT\" \/>\n<meta property=\"og:type\" content=\"article\" \/>\n<meta property=\"og:title\" content=\"Le col de Tende ou colle di Tenda - Club des Cent Cols\" \/>\n<meta property=\"og:description\" content=\"Le col de Tende (FR-06-1871 ou IT-CN-1871), situ\u00e9 sur la cr\u00eate franco-italienne, permet de passer de la vall\u00e9e de la Roya au sud dans la vall\u00e9e pi\u00e9montaise de Vermenagna au nord. Il s&rsquo;agit du passage le plus bas entre la France et l&rsquo;Italie. Le versant fran\u00e7ais est muletier contrairement au versant italien, dont seulement les [&hellip;]\" \/>\n<meta property=\"og:url\" content=\"https:\/\/centcols.org\/it\/col-de-tende\/\" \/>\n<meta property=\"og:site_name\" content=\"Club des Cent Cols\" \/>\n<meta property=\"article:publisher\" content=\"https:\/\/www.facebook.com\/groups\/5261880558\/?locale=fr_FR\" \/>\n<meta property=\"article:published_time\" content=\"2026-01-30T16:36:34+00:00\" \/>\n<meta property=\"article:modified_time\" content=\"2026-01-31T16:19:34+00:00\" \/>\n<meta property=\"og:image\" content=\"https:\/\/centcols.org\/wp-content\/uploads\/2026\/01\/col_de_tende_carte.jpg\" \/>\n\t<meta property=\"og:image:width\" content=\"276\" \/>\n\t<meta property=\"og:image:height\" content=\"558\" \/>\n\t<meta property=\"og:image:type\" content=\"image\/jpeg\" \/>\n<meta name=\"author\" content=\"Paul Levart\" \/>\n<meta name=\"twitter:card\" content=\"summary_large_image\" \/>\n<meta name=\"twitter:label1\" content=\"Scritto da\" \/>\n\t<meta name=\"twitter:data1\" content=\"Paul Levart\" \/>\n\t<meta name=\"twitter:label2\" content=\"Tempo di lettura stimato\" \/>\n\t<meta name=\"twitter:data2\" content=\"5 minuti\" \/>\n<script type=\"application\/ld+json\" class=\"yoast-schema-graph\">{\"@context\":\"https:\/\/schema.org\",\"@graph\":[{\"@type\":\"Article\",\"@id\":\"https:\/\/centcols.org\/it\/col-de-tende\/#article\",\"isPartOf\":{\"@id\":\"https:\/\/centcols.org\/it\/col-de-tende\/\"},\"author\":{\"name\":\"Paul Levart\",\"@id\":\"https:\/\/centcols.org\/#\/schema\/person\/f69e64d42a30af00fb46d8cf7a1d9945\"},\"headline\":\"Le col de Tende ou colle di Tenda\",\"datePublished\":\"2026-01-30T16:36:34+00:00\",\"dateModified\":\"2026-01-31T16:19:34+00:00\",\"mainEntityOfPage\":{\"@id\":\"https:\/\/centcols.org\/it\/col-de-tende\/\"},\"wordCount\":607,\"publisher\":{\"@id\":\"https:\/\/centcols.org\/#organization\"},\"image\":{\"@id\":\"https:\/\/centcols.org\/it\/col-de-tende\/#primaryimage\"},\"thumbnailUrl\":\"https:\/\/centcols.org\/wp-content\/uploads\/2026\/01\/col_de_tende_carte.jpg\",\"articleSection\":[\"Cols en vrac\"],\"inLanguage\":\"it-IT\"},{\"@type\":\"WebPage\",\"@id\":\"https:\/\/centcols.org\/it\/col-de-tende\/\",\"url\":\"https:\/\/centcols.org\/it\/col-de-tende\/\",\"name\":\"Le col de Tende ou colle di Tenda - Club des Cent Cols\",\"isPartOf\":{\"@id\":\"https:\/\/centcols.org\/#website\"},\"primaryImageOfPage\":{\"@id\":\"https:\/\/centcols.org\/it\/col-de-tende\/#primaryimage\"},\"image\":{\"@id\":\"https:\/\/centcols.org\/it\/col-de-tende\/#primaryimage\"},\"thumbnailUrl\":\"https:\/\/centcols.org\/wp-content\/uploads\/2026\/01\/col_de_tende_carte.jpg\",\"datePublished\":\"2026-01-30T16:36:34+00:00\",\"dateModified\":\"2026-01-31T16:19:34+00:00\",\"breadcrumb\":{\"@id\":\"https:\/\/centcols.org\/it\/col-de-tende\/#breadcrumb\"},\"inLanguage\":\"it-IT\",\"potentialAction\":[{\"@type\":\"ReadAction\",\"target\":[\"https:\/\/centcols.org\/it\/col-de-tende\/\"]}]},{\"@type\":\"ImageObject\",\"inLanguage\":\"it-IT\",\"@id\":\"https:\/\/centcols.org\/it\/col-de-tende\/#primaryimage\",\"url\":\"https:\/\/centcols.org\/wp-content\/uploads\/2026\/01\/col_de_tende_carte.jpg\",\"contentUrl\":\"https:\/\/centcols.org\/wp-content\/uploads\/2026\/01\/col_de_tende_carte.jpg\",\"width\":276,\"height\":558},{\"@type\":\"BreadcrumbList\",\"@id\":\"https:\/\/centcols.org\/it\/col-de-tende\/#breadcrumb\",\"itemListElement\":[{\"@type\":\"ListItem\",\"position\":1,\"name\":\"Accueil\",\"item\":\"https:\/\/centcols.org\/\"},{\"@type\":\"ListItem\",\"position\":2,\"name\":\"Cols en vrac\",\"item\":\"https:\/\/centcols.org\/rubrique\/cols-en-vrac\/\"},{\"@type\":\"ListItem\",\"position\":3,\"name\":\"Le col de Tende ou colle di Tenda\"}]},{\"@type\":\"WebSite\",\"@id\":\"https:\/\/centcols.org\/#website\",\"url\":\"https:\/\/centcols.org\/\",\"name\":\"Club des Cent Cols\",\"description\":\"\",\"publisher\":{\"@id\":\"https:\/\/centcols.org\/#organization\"},\"potentialAction\":[{\"@type\":\"SearchAction\",\"target\":{\"@type\":\"EntryPoint\",\"urlTemplate\":\"https:\/\/centcols.org\/?s={search_term_string}\"},\"query-input\":{\"@type\":\"PropertyValueSpecification\",\"valueRequired\":true,\"valueName\":\"search_term_string\"}}],\"inLanguage\":\"it-IT\"},{\"@type\":\"Organization\",\"@id\":\"https:\/\/centcols.org\/#organization\",\"name\":\"Club des Cent Cols\",\"url\":\"https:\/\/centcols.org\/\",\"logo\":{\"@type\":\"ImageObject\",\"inLanguage\":\"it-IT\",\"@id\":\"https:\/\/centcols.org\/#\/schema\/logo\/image\/\",\"url\":\"https:\/\/centcols.org\/wp-content\/uploads\/2025\/01\/carte-icone.png\",\"contentUrl\":\"https:\/\/centcols.org\/wp-content\/uploads\/2025\/01\/carte-icone.png\",\"width\":250,\"height\":250,\"caption\":\"Club des Cent Cols\"},\"image\":{\"@id\":\"https:\/\/centcols.org\/#\/schema\/logo\/image\/\"},\"sameAs\":[\"https:\/\/www.facebook.com\/groups\/5261880558\/?locale=fr_FR\"]},{\"@type\":\"Person\",\"@id\":\"https:\/\/centcols.org\/#\/schema\/person\/f69e64d42a30af00fb46d8cf7a1d9945\",\"name\":\"Paul Levart\",\"image\":{\"@type\":\"ImageObject\",\"inLanguage\":\"it-IT\",\"@id\":\"https:\/\/centcols.org\/wp-content\/litespeed\/avatar\/b81f27ef11f03e8b6b3b3019b1b2b4d7.jpg?ver=1777205446\",\"url\":\"https:\/\/centcols.org\/wp-content\/litespeed\/avatar\/b81f27ef11f03e8b6b3b3019b1b2b4d7.jpg?ver=1777205446\",\"contentUrl\":\"https:\/\/centcols.org\/wp-content\/litespeed\/avatar\/b81f27ef11f03e8b6b3b3019b1b2b4d7.jpg?ver=1777205446\",\"caption\":\"Paul Levart\"},\"url\":\"https:\/\/centcols.org\/it\/author\/4953\/\"}]}<\/script>\n<!-- \/ Yoast SEO plugin. -->","yoast_head_json":{"title":"Il Col de Tende o Colle di Tenda - Club des Cent Cols","robots":{"index":"index","follow":"follow","max-snippet":"max-snippet:-1","max-image-preview":"max-image-preview:large","max-video-preview":"max-video-preview:-1"},"canonical":"https:\/\/centcols.org\/it\/col-de-tende\/","og_locale":"it_IT","og_type":"article","og_title":"Le col de Tende ou colle di Tenda - Club des Cent Cols","og_description":"Le col de Tende (FR-06-1871 ou IT-CN-1871), situ\u00e9 sur la cr\u00eate franco-italienne, permet de passer de la vall\u00e9e de la Roya au sud dans la vall\u00e9e pi\u00e9montaise de Vermenagna au nord. Il s&rsquo;agit du passage le plus bas entre la France et l&rsquo;Italie. Le versant fran\u00e7ais est muletier contrairement au versant italien, dont seulement les [&hellip;]","og_url":"https:\/\/centcols.org\/it\/col-de-tende\/","og_site_name":"Club des Cent Cols","article_publisher":"https:\/\/www.facebook.com\/groups\/5261880558\/?locale=fr_FR","article_published_time":"2026-01-30T16:36:34+00:00","article_modified_time":"2026-01-31T16:19:34+00:00","og_image":[{"width":276,"height":558,"url":"https:\/\/centcols.org\/wp-content\/uploads\/2026\/01\/col_de_tende_carte.jpg","type":"image\/jpeg"}],"author":"Paul Levart","twitter_card":"summary_large_image","twitter_misc":{"Scritto da":"Paul Levart","Tempo di lettura stimato":"5 minuti"},"schema":{"@context":"https:\/\/schema.org","@graph":[{"@type":"Article","@id":"https:\/\/centcols.org\/it\/col-de-tende\/#article","isPartOf":{"@id":"https:\/\/centcols.org\/it\/col-de-tende\/"},"author":{"name":"Paul Levart","@id":"https:\/\/centcols.org\/#\/schema\/person\/f69e64d42a30af00fb46d8cf7a1d9945"},"headline":"Le col de Tende ou colle di Tenda","datePublished":"2026-01-30T16:36:34+00:00","dateModified":"2026-01-31T16:19:34+00:00","mainEntityOfPage":{"@id":"https:\/\/centcols.org\/it\/col-de-tende\/"},"wordCount":607,"publisher":{"@id":"https:\/\/centcols.org\/#organization"},"image":{"@id":"https:\/\/centcols.org\/it\/col-de-tende\/#primaryimage"},"thumbnailUrl":"https:\/\/centcols.org\/wp-content\/uploads\/2026\/01\/col_de_tende_carte.jpg","articleSection":["Cols en vrac"],"inLanguage":"it-IT"},{"@type":"WebPage","@id":"https:\/\/centcols.org\/it\/col-de-tende\/","url":"https:\/\/centcols.org\/it\/col-de-tende\/","name":"Il Col de Tende o Colle di Tenda - Club des Cent Cols","isPartOf":{"@id":"https:\/\/centcols.org\/#website"},"primaryImageOfPage":{"@id":"https:\/\/centcols.org\/it\/col-de-tende\/#primaryimage"},"image":{"@id":"https:\/\/centcols.org\/it\/col-de-tende\/#primaryimage"},"thumbnailUrl":"https:\/\/centcols.org\/wp-content\/uploads\/2026\/01\/col_de_tende_carte.jpg","datePublished":"2026-01-30T16:36:34+00:00","dateModified":"2026-01-31T16:19:34+00:00","breadcrumb":{"@id":"https:\/\/centcols.org\/it\/col-de-tende\/#breadcrumb"},"inLanguage":"it-IT","potentialAction":[{"@type":"ReadAction","target":["https:\/\/centcols.org\/it\/col-de-tende\/"]}]},{"@type":"ImageObject","inLanguage":"it-IT","@id":"https:\/\/centcols.org\/it\/col-de-tende\/#primaryimage","url":"https:\/\/centcols.org\/wp-content\/uploads\/2026\/01\/col_de_tende_carte.jpg","contentUrl":"https:\/\/centcols.org\/wp-content\/uploads\/2026\/01\/col_de_tende_carte.jpg","width":276,"height":558},{"@type":"BreadcrumbList","@id":"https:\/\/centcols.org\/it\/col-de-tende\/#breadcrumb","itemListElement":[{"@type":"ListItem","position":1,"name":"Accueil","item":"https:\/\/centcols.org\/"},{"@type":"ListItem","position":2,"name":"Cols en vrac","item":"https:\/\/centcols.org\/rubrique\/cols-en-vrac\/"},{"@type":"ListItem","position":3,"name":"Le col de Tende ou colle di Tenda"}]},{"@type":"WebSite","@id":"https:\/\/centcols.org\/#website","url":"https:\/\/centcols.org\/","name":"Club des Cent Cols","description":"","publisher":{"@id":"https:\/\/centcols.org\/#organization"},"potentialAction":[{"@type":"SearchAction","target":{"@type":"EntryPoint","urlTemplate":"https:\/\/centcols.org\/?s={search_term_string}"},"query-input":{"@type":"PropertyValueSpecification","valueRequired":true,"valueName":"search_term_string"}}],"inLanguage":"it-IT"},{"@type":"Organization","@id":"https:\/\/centcols.org\/#organization","name":"Club des Cent Cols","url":"https:\/\/centcols.org\/","logo":{"@type":"ImageObject","inLanguage":"it-IT","@id":"https:\/\/centcols.org\/#\/schema\/logo\/image\/","url":"https:\/\/centcols.org\/wp-content\/uploads\/2025\/01\/carte-icone.png","contentUrl":"https:\/\/centcols.org\/wp-content\/uploads\/2025\/01\/carte-icone.png","width":250,"height":250,"caption":"Club des Cent Cols"},"image":{"@id":"https:\/\/centcols.org\/#\/schema\/logo\/image\/"},"sameAs":["https:\/\/www.facebook.com\/groups\/5261880558\/?locale=fr_FR"]},{"@type":"Person","@id":"https:\/\/centcols.org\/#\/schema\/person\/f69e64d42a30af00fb46d8cf7a1d9945","name":"Paul Levart","image":{"@type":"ImageObject","inLanguage":"it-IT","@id":"https:\/\/centcols.org\/wp-content\/litespeed\/avatar\/b81f27ef11f03e8b6b3b3019b1b2b4d7.jpg?ver=1777205446","url":"https:\/\/centcols.org\/wp-content\/litespeed\/avatar\/b81f27ef11f03e8b6b3b3019b1b2b4d7.jpg?ver=1777205446","contentUrl":"https:\/\/centcols.org\/wp-content\/litespeed\/avatar\/b81f27ef11f03e8b6b3b3019b1b2b4d7.jpg?ver=1777205446","caption":"Paul Levart"},"url":"https:\/\/centcols.org\/it\/author\/4953\/"}]}},"_links":{"self":[{"href":"https:\/\/centcols.org\/it\/wp-json\/wp\/v2\/posts\/93006","targetHints":{"allow":["GET"]}}],"collection":[{"href":"https:\/\/centcols.org\/it\/wp-json\/wp\/v2\/posts"}],"about":[{"href":"https:\/\/centcols.org\/it\/wp-json\/wp\/v2\/types\/post"}],"author":[{"embeddable":true,"href":"https:\/\/centcols.org\/it\/wp-json\/wp\/v2\/users\/682"}],"replies":[{"embeddable":true,"href":"https:\/\/centcols.org\/it\/wp-json\/wp\/v2\/comments?post=93006"}],"version-history":[{"count":0,"href":"https:\/\/centcols.org\/it\/wp-json\/wp\/v2\/posts\/93006\/revisions"}],"wp:featuredmedia":[{"embeddable":true,"href":"https:\/\/centcols.org\/it\/wp-json\/wp\/v2\/media\/93049"}],"wp:attachment":[{"href":"https:\/\/centcols.org\/it\/wp-json\/wp\/v2\/media?parent=93006"}],"wp:term":[{"taxonomy":"category","embeddable":true,"href":"https:\/\/centcols.org\/it\/wp-json\/wp\/v2\/categories?post=93006"},{"taxonomy":"post_tag","embeddable":true,"href":"https:\/\/centcols.org\/it\/wp-json\/wp\/v2\/tags?post=93006"}],"curies":[{"name":"wp","href":"https:\/\/api.w.org\/{rel}","templated":true}]}}