{"id":93231,"date":"2026-01-31T18:01:05","date_gmt":"2026-01-31T16:01:05","guid":{"rendered":"https:\/\/centcols.org\/?p=93231"},"modified":"2026-02-03T20:11:55","modified_gmt":"2026-02-03T18:11:55","slug":"col-du-vallon","status":"publish","type":"post","link":"https:\/\/centcols.org\/it\/col-du-vallon\/","title":{"rendered":"Il Col du Vallon"},"content":{"rendered":"<p>Il Col du Vallon o Col des Tufs (2525m, <a href=\"\/it\/util\/geo\/visu.php\/?code=FR-73-2530\" type=\"link\" id=\"\/util\/geo\/visu.php?code=FR-73-2530\">FR-73-2530<\/a>, IGN Topo 53 3434-O 048-035) \u00e8 una superba mulattiera che si apre a sud-ovest del Col de la Croix de Fer (<a href=\"\/it\/util\/geo\/visu.php\/?code=FR-73-2064a\" type=\"link\" id=\"\/util\/geo\/visu.php?code=FR-73-2064a\">FR-73-2064a<\/a>) verso il Pic de l'\u00c9tendard. Offre una magnifica vista sul massiccio di Sept-Laux a ovest e, oltre il passo, sulle magnifiche Aiguilles d'Arves a est.<\/p>\n\n\n<div class=\"wp-block-image\">\n<figure class=\"aligncenter size-full\"><img loading=\"lazy\" decoding=\"async\" width=\"332\" height=\"550\" src=\"https:\/\/centcols.org\/wp-content\/uploads\/2026\/01\/col_du_vallon_1.jpg\" alt=\"\" class=\"wp-image-93239\" srcset=\"https:\/\/centcols.org\/wp-content\/uploads\/2026\/01\/col_du_vallon_1.jpg 332w, https:\/\/centcols.org\/wp-content\/uploads\/2026\/01\/col_du_vallon_1-7x12.jpg 7w\" sizes=\"auto, (max-width: 332px) 100vw, 332px\" \/><figcaption class=\"wp-element-caption\">La pista del Col du Vallon vista dal Col de Bellard, verso nord<\/figcaption><\/figure>\n<\/div>\n\n\n<p><br>Dal Col du Vallon, un anello di soli 5 km permette di superare altri due passi a oltre 2000 m, costeggiando le rive di due laghi alimentati dallo scioglimento del ghiacciaio di Saint-Sorlin.<br>Lasciare Saint-Sorlin d'Arves e salire la strada fino al Col de la Croix de Fer a 2064 m. In cima, si gira a sinistra su un'ampia pista che costeggia il fianco della montagna quasi in piano (R1). <br><br>Alle 2069 inizia la vera salita: 3 km a una media di 15,4%. Il tracciato \u00e8 in buone condizioni, ampio e scorrevole, ma la pendenza \u00e8 molto elevata e richiede spesso di camminare. In cima, il Pic de l'\u00c9tendard (3464 m) \u00e8 visibile a sud, circondato da ghiacciai scintillanti. Scendere (R1) per circa 300 m e svoltare a sinistra su uno stretto sentiero (S2) che conduce al Col Nord des Lacs (2533 m). <a href=\"\/it\/util\/geo\/visu.php\/?code=FR-73-2533a\" type=\"link\" id=\"\/util\/geo\/visu.php?code=FR-73-2533a\">FR-73-2533a<\/a>) nelle vicinanze. La vista a est \u00e8 magnifica, mentre in basso, a ovest, si trova il blu intenso del Grand Lac.<\/p>\n\n\n<div class=\"wp-block-image\">\n<figure class=\"aligncenter size-full\"><img loading=\"lazy\" decoding=\"async\" width=\"595\" height=\"392\" src=\"https:\/\/centcols.org\/wp-content\/uploads\/2026\/01\/col_du_vallon_2.jpg\" alt=\"\" class=\"wp-image-93243\" srcset=\"https:\/\/centcols.org\/wp-content\/uploads\/2026\/01\/col_du_vallon_2.jpg 595w, https:\/\/centcols.org\/wp-content\/uploads\/2026\/01\/col_du_vallon_2-18x12.jpg 18w\" sizes=\"auto, (max-width: 595px) 100vw, 595px\" \/><figcaption class=\"wp-element-caption\">Incontro in vetta! Sullo sfondo: il ghiacciaio di Saint-Sorlin sotto il Pic de l'\u00c9tendard. Dietro il mulo, si vede l'inizio del sentiero S2 che porta al Col Sud des Lacs. In basso, il Grand Lac e la pista che ne costeggia il bordo occidentale.<\/figcaption><\/figure>\n<\/div>\n\n\n<p>Scendere il sentiero (S2) che costeggia il fianco della montagna sopra il lago orientale. Alla fine del sentiero, si gira a sinistra per raggiungere facilmente il Col Sud des Lacs (2476 m). <a href=\"\/it\/util\/geo\/visu.php\/?code=FR-73-2476b\" type=\"link\" id=\"\/util\/geo\/visu.php?code=FR-73-2476b\">FR-73-2476b<\/a>). Tornare leggermente sui propri passi, attraversare la diga del Lac Blanc e seguire il sentiero R1 lungo la sponda occidentale del Grand Lac.<\/p>\n\n\n<div class=\"wp-block-image\">\n<figure class=\"aligncenter size-full\"><img loading=\"lazy\" decoding=\"async\" width=\"594\" height=\"396\" src=\"https:\/\/centcols.org\/wp-content\/uploads\/2026\/01\/col_du_vallon_3.jpg\" alt=\"\" class=\"wp-image-93244\" srcset=\"https:\/\/centcols.org\/wp-content\/uploads\/2026\/01\/col_du_vallon_3.jpg 594w, https:\/\/centcols.org\/wp-content\/uploads\/2026\/01\/col_du_vallon_3-18x12.jpg 18w\" sizes=\"auto, (max-width: 594px) 100vw, 594px\" \/><figcaption class=\"wp-element-caption\">Sentiero R1 sulla riva occidentale del Grand Lac verso il rifugio dell'\u00c9tendard<\/figcaption><\/figure>\n<\/div>\n\n<div class=\"wp-block-image\">\n<figure class=\"aligncenter size-full\"><img loading=\"lazy\" decoding=\"async\" width=\"600\" height=\"344\" src=\"https:\/\/centcols.org\/wp-content\/uploads\/2026\/01\/col_du_vallon_4.jpg\" alt=\"\" class=\"wp-image-93245\" srcset=\"https:\/\/centcols.org\/wp-content\/uploads\/2026\/01\/col_du_vallon_4.jpg 600w, https:\/\/centcols.org\/wp-content\/uploads\/2026\/01\/col_du_vallon_4-18x10.jpg 18w\" sizes=\"auto, (max-width: 600px) 100vw, 600px\" \/><figcaption class=\"wp-element-caption\">Le cime dell'Argenti\u00e8re fanno da sfondo al Grand Lac<\/figcaption><\/figure>\n<\/div>\n\n\n<p>Si arriva al rifugio \u00c9tendard, dove \u00e8 possibile ordinare bevande e un pasto. Una breve salita (R1) riporta al Col du Vallon. Il ritorno al Col de la Croix de Fer \u00e8 facile in bicicletta (R1).<\/p>\n\n\n\n<p>Quattro passi oltre i 2000 m in 17 km, con uno scenario mozzafiato. Il Col du Vallon merita una deviazione.<\/p>\n\n\n\n<p class=\"has-text-align-left\">Ren\u00e9 Poty<\/p>\n\n\n<div class=\"wp-block-image\">\n<figure class=\"aligncenter size-full\"><img loading=\"lazy\" decoding=\"async\" width=\"510\" height=\"291\" src=\"https:\/\/centcols.org\/wp-content\/uploads\/2026\/01\/col_du_vallon_profil.gif\" alt=\"\" class=\"wp-image-93246\"\/><\/figure>\n<\/div>\n\n<div class=\"wp-block-image\">\n<figure class=\"aligncenter size-full\"><img loading=\"lazy\" decoding=\"async\" width=\"413\" height=\"702\" src=\"https:\/\/centcols.org\/wp-content\/uploads\/2026\/01\/col_du_vallon_carte.jpg\" alt=\"\" class=\"wp-image-93247\" srcset=\"https:\/\/centcols.org\/wp-content\/uploads\/2026\/01\/col_du_vallon_carte.jpg 413w, https:\/\/centcols.org\/wp-content\/uploads\/2026\/01\/col_du_vallon_carte-7x12.jpg 7w\" sizes=\"auto, (max-width: 413px) 100vw, 413px\" \/><figcaption class=\"wp-element-caption\">IGN<\/figcaption><\/figure>\n<\/div>\n\n\n<p><\/p>","protected":false},"excerpt":{"rendered":"<p>Le col du Vallon ou col des Tufs (2525m, FR-73-2530, IGN Topo 53 3434-O 048-035) est un passage muletier superbe qui s&rsquo;ouvre au sud-ouest du col de la Croix de Fer (FR-73-2064a) en direction du Pic de l&rsquo;\u00c9tendard. Il offre des points de vue grandioses sur le massif des Sept-Laux \u00e0 l&rsquo;ouest et, au-del\u00e0 du [&hellip;]<\/p>\n","protected":false},"author":682,"featured_media":93261,"comment_status":"closed","ping_status":"closed","sticky":false,"template":"","format":"standard","meta":{"_acf_changed":false,"footnotes":""},"categories":[308],"tags":[],"class_list":["post-93231","post","type-post","status-publish","format-standard","has-post-thumbnail","hentry","category-cols-en-vrac"],"acf":[],"yoast_head":"<!-- This site is optimized with the Yoast SEO plugin v27.2 - https:\/\/yoast.com\/product\/yoast-seo-wordpress\/ -->\n<title>Le col du Vallon - Club des Cent Cols<\/title>\n<meta name=\"robots\" content=\"index, follow, max-snippet:-1, max-image-preview:large, max-video-preview:-1\" \/>\n<link rel=\"canonical\" href=\"https:\/\/centcols.org\/it\/col-du-vallon\/\" \/>\n<meta property=\"og:locale\" content=\"it_IT\" \/>\n<meta property=\"og:type\" content=\"article\" \/>\n<meta property=\"og:title\" content=\"Le col du Vallon - Club des Cent Cols\" \/>\n<meta property=\"og:description\" content=\"Le col du Vallon ou col des Tufs (2525m, FR-73-2530, IGN Topo 53 3434-O 048-035) est un passage muletier superbe qui s&rsquo;ouvre au sud-ouest du col de la Croix de Fer (FR-73-2064a) en direction du Pic de l&rsquo;\u00c9tendard. Il offre des points de vue grandioses sur le massif des Sept-Laux \u00e0 l&rsquo;ouest et, au-del\u00e0 du [&hellip;]\" \/>\n<meta property=\"og:url\" content=\"https:\/\/centcols.org\/it\/col-du-vallon\/\" \/>\n<meta property=\"og:site_name\" content=\"Club des Cent Cols\" \/>\n<meta property=\"article:publisher\" content=\"https:\/\/www.facebook.com\/groups\/5261880558\/?locale=fr_FR\" \/>\n<meta property=\"article:published_time\" content=\"2026-01-31T16:01:05+00:00\" \/>\n<meta property=\"article:modified_time\" content=\"2026-02-03T18:11:55+00:00\" \/>\n<meta property=\"og:image\" content=\"https:\/\/centcols.org\/wp-content\/uploads\/2026\/01\/Vallon_mise_en_avant-1.jpg\" \/>\n\t<meta property=\"og:image:width\" content=\"800\" \/>\n\t<meta property=\"og:image:height\" content=\"499\" \/>\n\t<meta property=\"og:image:type\" content=\"image\/jpeg\" \/>\n<meta name=\"author\" content=\"Paul Levart\" \/>\n<meta name=\"twitter:card\" content=\"summary_large_image\" \/>\n<meta name=\"twitter:label1\" content=\"Scritto da\" \/>\n\t<meta name=\"twitter:data1\" content=\"Paul Levart\" \/>\n\t<meta name=\"twitter:label2\" content=\"Tempo di lettura stimato\" \/>\n\t<meta name=\"twitter:data2\" content=\"4 minuti\" \/>\n<script type=\"application\/ld+json\" class=\"yoast-schema-graph\">{\"@context\":\"https:\/\/schema.org\",\"@graph\":[{\"@type\":\"Article\",\"@id\":\"https:\/\/centcols.org\/nl\/col-du-vallon\/#article\",\"isPartOf\":{\"@id\":\"https:\/\/centcols.org\/nl\/col-du-vallon\/\"},\"author\":{\"name\":\"Paul Levart\",\"@id\":\"https:\/\/centcols.org\/#\/schema\/person\/f69e64d42a30af00fb46d8cf7a1d9945\"},\"headline\":\"Le col du Vallon\",\"datePublished\":\"2026-01-31T16:01:05+00:00\",\"dateModified\":\"2026-02-03T18:11:55+00:00\",\"mainEntityOfPage\":{\"@id\":\"https:\/\/centcols.org\/nl\/col-du-vallon\/\"},\"wordCount\":467,\"publisher\":{\"@id\":\"https:\/\/centcols.org\/#organization\"},\"image\":{\"@id\":\"https:\/\/centcols.org\/nl\/col-du-vallon\/#primaryimage\"},\"thumbnailUrl\":\"https:\/\/centcols.org\/wp-content\/uploads\/2026\/01\/Vallon_mise_en_avant-1.jpg\",\"articleSection\":[\"Cols en vrac\"],\"inLanguage\":\"it-IT\"},{\"@type\":\"WebPage\",\"@id\":\"https:\/\/centcols.org\/nl\/col-du-vallon\/\",\"url\":\"https:\/\/centcols.org\/nl\/col-du-vallon\/\",\"name\":\"Le col du Vallon - Club des Cent Cols\",\"isPartOf\":{\"@id\":\"https:\/\/centcols.org\/#website\"},\"primaryImageOfPage\":{\"@id\":\"https:\/\/centcols.org\/nl\/col-du-vallon\/#primaryimage\"},\"image\":{\"@id\":\"https:\/\/centcols.org\/nl\/col-du-vallon\/#primaryimage\"},\"thumbnailUrl\":\"https:\/\/centcols.org\/wp-content\/uploads\/2026\/01\/Vallon_mise_en_avant-1.jpg\",\"datePublished\":\"2026-01-31T16:01:05+00:00\",\"dateModified\":\"2026-02-03T18:11:55+00:00\",\"breadcrumb\":{\"@id\":\"https:\/\/centcols.org\/nl\/col-du-vallon\/#breadcrumb\"},\"inLanguage\":\"it-IT\",\"potentialAction\":[{\"@type\":\"ReadAction\",\"target\":[\"https:\/\/centcols.org\/nl\/col-du-vallon\/\"]}]},{\"@type\":\"ImageObject\",\"inLanguage\":\"it-IT\",\"@id\":\"https:\/\/centcols.org\/nl\/col-du-vallon\/#primaryimage\",\"url\":\"https:\/\/centcols.org\/wp-content\/uploads\/2026\/01\/Vallon_mise_en_avant-1.jpg\",\"contentUrl\":\"https:\/\/centcols.org\/wp-content\/uploads\/2026\/01\/Vallon_mise_en_avant-1.jpg\",\"width\":800,\"height\":499,\"caption\":\"photo F. Crinon\"},{\"@type\":\"BreadcrumbList\",\"@id\":\"https:\/\/centcols.org\/nl\/col-du-vallon\/#breadcrumb\",\"itemListElement\":[{\"@type\":\"ListItem\",\"position\":1,\"name\":\"Accueil\",\"item\":\"https:\/\/centcols.org\/\"},{\"@type\":\"ListItem\",\"position\":2,\"name\":\"Cols en vrac\",\"item\":\"https:\/\/centcols.org\/rubrique\/cols-en-vrac\/\"},{\"@type\":\"ListItem\",\"position\":3,\"name\":\"Le col du Vallon\"}]},{\"@type\":\"WebSite\",\"@id\":\"https:\/\/centcols.org\/#website\",\"url\":\"https:\/\/centcols.org\/\",\"name\":\"Club des Cent Cols\",\"description\":\"\",\"publisher\":{\"@id\":\"https:\/\/centcols.org\/#organization\"},\"potentialAction\":[{\"@type\":\"SearchAction\",\"target\":{\"@type\":\"EntryPoint\",\"urlTemplate\":\"https:\/\/centcols.org\/?s={search_term_string}\"},\"query-input\":{\"@type\":\"PropertyValueSpecification\",\"valueRequired\":true,\"valueName\":\"search_term_string\"}}],\"inLanguage\":\"it-IT\"},{\"@type\":\"Organization\",\"@id\":\"https:\/\/centcols.org\/#organization\",\"name\":\"Club des Cent Cols\",\"url\":\"https:\/\/centcols.org\/\",\"logo\":{\"@type\":\"ImageObject\",\"inLanguage\":\"it-IT\",\"@id\":\"https:\/\/centcols.org\/#\/schema\/logo\/image\/\",\"url\":\"https:\/\/centcols.org\/wp-content\/uploads\/2025\/01\/carte-icone.png\",\"contentUrl\":\"https:\/\/centcols.org\/wp-content\/uploads\/2025\/01\/carte-icone.png\",\"width\":250,\"height\":250,\"caption\":\"Club des Cent Cols\"},\"image\":{\"@id\":\"https:\/\/centcols.org\/#\/schema\/logo\/image\/\"},\"sameAs\":[\"https:\/\/www.facebook.com\/groups\/5261880558\/?locale=fr_FR\"]},{\"@type\":\"Person\",\"@id\":\"https:\/\/centcols.org\/#\/schema\/person\/f69e64d42a30af00fb46d8cf7a1d9945\",\"name\":\"Paul Levart\",\"image\":{\"@type\":\"ImageObject\",\"inLanguage\":\"it-IT\",\"@id\":\"https:\/\/centcols.org\/wp-content\/litespeed\/avatar\/b81f27ef11f03e8b6b3b3019b1b2b4d7.jpg?ver=1777205446\",\"url\":\"https:\/\/centcols.org\/wp-content\/litespeed\/avatar\/b81f27ef11f03e8b6b3b3019b1b2b4d7.jpg?ver=1777205446\",\"contentUrl\":\"https:\/\/centcols.org\/wp-content\/litespeed\/avatar\/b81f27ef11f03e8b6b3b3019b1b2b4d7.jpg?ver=1777205446\",\"caption\":\"Paul Levart\"},\"url\":\"https:\/\/centcols.org\/it\/author\/4953\/\"}]}<\/script>\n<!-- \/ Yoast SEO plugin. -->","yoast_head_json":{"title":"Il Passo del Vallon - Club des Cent Cols","robots":{"index":"index","follow":"follow","max-snippet":"max-snippet:-1","max-image-preview":"max-image-preview:large","max-video-preview":"max-video-preview:-1"},"canonical":"https:\/\/centcols.org\/it\/col-du-vallon\/","og_locale":"it_IT","og_type":"article","og_title":"Le col du Vallon - Club des Cent Cols","og_description":"Le col du Vallon ou col des Tufs (2525m, FR-73-2530, IGN Topo 53 3434-O 048-035) est un passage muletier superbe qui s&rsquo;ouvre au sud-ouest du col de la Croix de Fer (FR-73-2064a) en direction du Pic de l&rsquo;\u00c9tendard. Il offre des points de vue grandioses sur le massif des Sept-Laux \u00e0 l&rsquo;ouest et, au-del\u00e0 du [&hellip;]","og_url":"https:\/\/centcols.org\/it\/col-du-vallon\/","og_site_name":"Club des Cent Cols","article_publisher":"https:\/\/www.facebook.com\/groups\/5261880558\/?locale=fr_FR","article_published_time":"2026-01-31T16:01:05+00:00","article_modified_time":"2026-02-03T18:11:55+00:00","og_image":[{"width":800,"height":499,"url":"https:\/\/centcols.org\/wp-content\/uploads\/2026\/01\/Vallon_mise_en_avant-1.jpg","type":"image\/jpeg"}],"author":"Paul Levart","twitter_card":"summary_large_image","twitter_misc":{"Scritto da":"Paul Levart","Tempo di lettura stimato":"4 minuti"},"schema":{"@context":"https:\/\/schema.org","@graph":[{"@type":"Article","@id":"https:\/\/centcols.org\/nl\/col-du-vallon\/#article","isPartOf":{"@id":"https:\/\/centcols.org\/nl\/col-du-vallon\/"},"author":{"name":"Paul Levart","@id":"https:\/\/centcols.org\/#\/schema\/person\/f69e64d42a30af00fb46d8cf7a1d9945"},"headline":"Le col du Vallon","datePublished":"2026-01-31T16:01:05+00:00","dateModified":"2026-02-03T18:11:55+00:00","mainEntityOfPage":{"@id":"https:\/\/centcols.org\/nl\/col-du-vallon\/"},"wordCount":467,"publisher":{"@id":"https:\/\/centcols.org\/#organization"},"image":{"@id":"https:\/\/centcols.org\/nl\/col-du-vallon\/#primaryimage"},"thumbnailUrl":"https:\/\/centcols.org\/wp-content\/uploads\/2026\/01\/Vallon_mise_en_avant-1.jpg","articleSection":["Cols en vrac"],"inLanguage":"it-IT"},{"@type":"WebPage","@id":"https:\/\/centcols.org\/nl\/col-du-vallon\/","url":"https:\/\/centcols.org\/nl\/col-du-vallon\/","name":"Il Passo del Vallon - Club des Cent Cols","isPartOf":{"@id":"https:\/\/centcols.org\/#website"},"primaryImageOfPage":{"@id":"https:\/\/centcols.org\/nl\/col-du-vallon\/#primaryimage"},"image":{"@id":"https:\/\/centcols.org\/nl\/col-du-vallon\/#primaryimage"},"thumbnailUrl":"https:\/\/centcols.org\/wp-content\/uploads\/2026\/01\/Vallon_mise_en_avant-1.jpg","datePublished":"2026-01-31T16:01:05+00:00","dateModified":"2026-02-03T18:11:55+00:00","breadcrumb":{"@id":"https:\/\/centcols.org\/nl\/col-du-vallon\/#breadcrumb"},"inLanguage":"it-IT","potentialAction":[{"@type":"ReadAction","target":["https:\/\/centcols.org\/nl\/col-du-vallon\/"]}]},{"@type":"ImageObject","inLanguage":"it-IT","@id":"https:\/\/centcols.org\/nl\/col-du-vallon\/#primaryimage","url":"https:\/\/centcols.org\/wp-content\/uploads\/2026\/01\/Vallon_mise_en_avant-1.jpg","contentUrl":"https:\/\/centcols.org\/wp-content\/uploads\/2026\/01\/Vallon_mise_en_avant-1.jpg","width":800,"height":499,"caption":"photo F. Crinon"},{"@type":"BreadcrumbList","@id":"https:\/\/centcols.org\/nl\/col-du-vallon\/#breadcrumb","itemListElement":[{"@type":"ListItem","position":1,"name":"Accueil","item":"https:\/\/centcols.org\/"},{"@type":"ListItem","position":2,"name":"Cols en vrac","item":"https:\/\/centcols.org\/rubrique\/cols-en-vrac\/"},{"@type":"ListItem","position":3,"name":"Le col du Vallon"}]},{"@type":"WebSite","@id":"https:\/\/centcols.org\/#website","url":"https:\/\/centcols.org\/","name":"Club des Cent Cols","description":"","publisher":{"@id":"https:\/\/centcols.org\/#organization"},"potentialAction":[{"@type":"SearchAction","target":{"@type":"EntryPoint","urlTemplate":"https:\/\/centcols.org\/?s={search_term_string}"},"query-input":{"@type":"PropertyValueSpecification","valueRequired":true,"valueName":"search_term_string"}}],"inLanguage":"it-IT"},{"@type":"Organization","@id":"https:\/\/centcols.org\/#organization","name":"Club des Cent Cols","url":"https:\/\/centcols.org\/","logo":{"@type":"ImageObject","inLanguage":"it-IT","@id":"https:\/\/centcols.org\/#\/schema\/logo\/image\/","url":"https:\/\/centcols.org\/wp-content\/uploads\/2025\/01\/carte-icone.png","contentUrl":"https:\/\/centcols.org\/wp-content\/uploads\/2025\/01\/carte-icone.png","width":250,"height":250,"caption":"Club des Cent Cols"},"image":{"@id":"https:\/\/centcols.org\/#\/schema\/logo\/image\/"},"sameAs":["https:\/\/www.facebook.com\/groups\/5261880558\/?locale=fr_FR"]},{"@type":"Person","@id":"https:\/\/centcols.org\/#\/schema\/person\/f69e64d42a30af00fb46d8cf7a1d9945","name":"Paul Levart","image":{"@type":"ImageObject","inLanguage":"it-IT","@id":"https:\/\/centcols.org\/wp-content\/litespeed\/avatar\/b81f27ef11f03e8b6b3b3019b1b2b4d7.jpg?ver=1777205446","url":"https:\/\/centcols.org\/wp-content\/litespeed\/avatar\/b81f27ef11f03e8b6b3b3019b1b2b4d7.jpg?ver=1777205446","contentUrl":"https:\/\/centcols.org\/wp-content\/litespeed\/avatar\/b81f27ef11f03e8b6b3b3019b1b2b4d7.jpg?ver=1777205446","caption":"Paul Levart"},"url":"https:\/\/centcols.org\/it\/author\/4953\/"}]}},"_links":{"self":[{"href":"https:\/\/centcols.org\/it\/wp-json\/wp\/v2\/posts\/93231","targetHints":{"allow":["GET"]}}],"collection":[{"href":"https:\/\/centcols.org\/it\/wp-json\/wp\/v2\/posts"}],"about":[{"href":"https:\/\/centcols.org\/it\/wp-json\/wp\/v2\/types\/post"}],"author":[{"embeddable":true,"href":"https:\/\/centcols.org\/it\/wp-json\/wp\/v2\/users\/682"}],"replies":[{"embeddable":true,"href":"https:\/\/centcols.org\/it\/wp-json\/wp\/v2\/comments?post=93231"}],"version-history":[{"count":0,"href":"https:\/\/centcols.org\/it\/wp-json\/wp\/v2\/posts\/93231\/revisions"}],"wp:featuredmedia":[{"embeddable":true,"href":"https:\/\/centcols.org\/it\/wp-json\/wp\/v2\/media\/93261"}],"wp:attachment":[{"href":"https:\/\/centcols.org\/it\/wp-json\/wp\/v2\/media?parent=93231"}],"wp:term":[{"taxonomy":"category","embeddable":true,"href":"https:\/\/centcols.org\/it\/wp-json\/wp\/v2\/categories?post=93231"},{"taxonomy":"post_tag","embeddable":true,"href":"https:\/\/centcols.org\/it\/wp-json\/wp\/v2\/tags?post=93231"}],"curies":[{"name":"wp","href":"https:\/\/api.w.org\/{rel}","templated":true}]}}