{"id":93232,"date":"2026-01-31T17:28:08","date_gmt":"2026-01-31T15:28:08","guid":{"rendered":"https:\/\/centcols.org\/?p=93232"},"modified":"2026-03-15T12:32:09","modified_gmt":"2026-03-15T10:32:09","slug":"agnel-pass","status":"publish","type":"post","link":"https:\/\/centcols.org\/it\/col-agnel\/","title":{"rendered":"Passo Agnel"},"content":{"rendered":"<p>COL AGNEL \/ VALICO DELL'AGNELO: 2744M (pendio esposto a sud-est)<br>Coordinate IGN: 54 3637-O 113-048. Numero Michelin: 77-19-078-139<\/p>\n\n\n\n<p>Thierry PERRET, Cent Cols n\u00b02664 - 71700 TOURNUS.<\/p>\n\n\n\n<p>Il Col Agnel \u00e8 il collegamento tra il Parco Regionale del Queyras nelle Hautes-Alpes e la Val Varaita nel Piemonte italiano. \u00c8 proprio su questo versante piemontese che si svolge una delle salite pi\u00f9 dure delle Alpi, nella categoria dei grandi passi oltre i 2000 metri. Questo gigante poco conosciuto, che culmina a 2744 m di altitudine, supera di pochi metri il Col de l'Iseran (2764 m), il Col du Stelvio (2757 m) e la cima della Bonette (2802 m).<\/p>\n\n\n\n<p>Ma pi\u00f9 che l'altitudine, sono le pendenze elevate a colpire, soprattutto negli ultimi nove chilometri dopo il ponte sul torrente Varaita, dove il ciclista si trover\u00e0 di fronte a un muro formidabile con una pendenza media di 10%, ma dove la pendenza oscilla spesso tra 11 e 12%. La parte pi\u00f9 coraggiosa arriva al chilometro 17,5, dopo un tornante a destra, dove una salita di 300 metri a oltre 14% porta a superare la spina dorsale della Costa Ciais, le propaggini del Pic d'Asti, ben visibili a nord-est, mentre la strada risale la valle dell'Agnel con lunghi tratti rettilinei. Il percorso prevede poi una serie di otto tornanti, punteggiati da una breve zona pianeggiante (3% per 300 m) dopo il ventesimo chilometro. Questo sar\u00e0 l'unico punto in cui si potr\u00e0 prendere fiato prima di affrontare 3,3 chilometri molto difficili che vanno dagli 11 ai 12%! Gli ultimi trecento metri prima del passo saranno affrontati a soli 6,6%. Si noti che questo muro di nove chilometri si trova a un'altitudine compresa tra 1.840 m e 2.744 m, il che aumenta ulteriormente lo sforzo necessario per progredire...<\/p>\n\n\n\n<p>Il Col Agnel inizia a Torette, a 1143 m di altitudine, perch\u00e9 \u00e8 da questa frazione che inizia la vera salita. Fino a Chianale, la pendenza variabile, con alcuni tratti ripidi che vanno da 9 a 11%, offre un buon riscaldamento prima di affrontare il tratto finale. Il paesaggio di questo primo tratto \u00e8 rilassante e molto piacevole, perch\u00e9 si costeggia il lago di Castello. Dopo la vecchia dogana, il paesaggio diventa sempre pi\u00f9 minerale man mano che ci si avvicina al passo, dominato a nord-est dal Pain de Sucre (3208 m) e dal Pic d'Asti (3220 m), mentre sullo sfondo a est il Mont Viso sembra regnare sovrano dall'alto dei suoi 3841 m!<\/p>\n\n\n\n<p>Questo grandioso paesaggio \u00e8 una bella ricompensa, che corona uno sforzo di 1 ora e 38 minuti (il tempo impiegato dall'autore alla partenza da Torette).<\/p>\n\n\n<div class=\"wp-block-image\">\n<figure class=\"aligncenter size-full\"><img loading=\"lazy\" decoding=\"async\" width=\"279\" height=\"418\" src=\"https:\/\/centcols.org\/wp-content\/uploads\/2026\/01\/col_agnel_1.jpg\" alt=\"\" class=\"wp-image-93233\" srcset=\"https:\/\/centcols.org\/wp-content\/uploads\/2026\/01\/col_agnel_1.jpg 279w, https:\/\/centcols.org\/wp-content\/uploads\/2026\/01\/col_agnel_1-8x12.jpg 8w\" sizes=\"auto, (max-width: 279px) 100vw, 279px\" \/><\/figure>\n<\/div>\n\n\n<h6 class=\"wp-block-heading has-text-align-center\">Foto scattata da sud a nord. Vista del Col Agnel con il Pain de Sucre (3208 m) e il Pic d'Asti (3220 m) sullo sfondo. Si vede anche il sentiero che dal Col Agnel sale al \u00abCol Vieux d'Agnel\u00bb, una bellissima mulattiera a 2770 m.<\/h6>\n\n\n<div class=\"wp-block-image\">\n<figure class=\"aligncenter size-full\"><img loading=\"lazy\" decoding=\"async\" width=\"420\" height=\"276\" src=\"https:\/\/centcols.org\/wp-content\/uploads\/2026\/01\/col_agnel_2.jpg\" alt=\"\" class=\"wp-image-93234\" srcset=\"https:\/\/centcols.org\/wp-content\/uploads\/2026\/01\/col_agnel_2.jpg 420w, https:\/\/centcols.org\/wp-content\/uploads\/2026\/01\/col_agnel_2-18x12.jpg 18w\" sizes=\"auto, (max-width: 420px) 100vw, 420px\" \/><\/figure>\n<\/div>\n\n\n<h6 class=\"wp-block-heading has-text-align-center\">Vista del lato italiano (di profilo)<br>Il paese di Chianale e il lago di Castello si trovano in Val Varaita.<\/h6>\n\n\n<div class=\"wp-block-image\">\n<figure class=\"aligncenter size-full\"><img loading=\"lazy\" decoding=\"async\" width=\"416\" height=\"274\" src=\"https:\/\/centcols.org\/wp-content\/uploads\/2026\/01\/col_agnel_3.jpg\" alt=\"\" class=\"wp-image-93235\" srcset=\"https:\/\/centcols.org\/wp-content\/uploads\/2026\/01\/col_agnel_3.jpg 416w, https:\/\/centcols.org\/wp-content\/uploads\/2026\/01\/col_agnel_3-18x12.jpg 18w\" sizes=\"auto, (max-width: 416px) 100vw, 416px\" \/><\/figure>\n<\/div>\n\n\n<h6 class=\"wp-block-heading has-text-align-center\">Lato italiano, sfondo: Mont Viso 3841m.<\/h6>\n\n\n<div class=\"wp-block-image\">\n<figure class=\"aligncenter size-full\"><img loading=\"lazy\" decoding=\"async\" width=\"284\" height=\"402\" src=\"https:\/\/centcols.org\/wp-content\/uploads\/2026\/01\/col_agnel_carte.jpg\" alt=\"\" class=\"wp-image-93236\" srcset=\"https:\/\/centcols.org\/wp-content\/uploads\/2026\/01\/col_agnel_carte.jpg 284w, https:\/\/centcols.org\/wp-content\/uploads\/2026\/01\/col_agnel_carte-8x12.jpg 8w\" sizes=\"auto, (max-width: 284px) 100vw, 284px\" \/><\/figure>\n<\/div>\n\n\n<h6 class=\"wp-block-heading has-text-align-center\">Estratto dalla mappa TOP25 3637OT Col Agnel<\/h6>\n\n\n\n<p><\/p>\n\n\n<div class=\"wp-block-image\">\n<figure class=\"aligncenter size-full\"><img loading=\"lazy\" decoding=\"async\" width=\"1076\" height=\"770\" src=\"https:\/\/centcols.org\/wp-content\/uploads\/2026\/01\/Col-Agnel-Profil.jpg\" alt=\"\" class=\"wp-image-94463\" style=\"aspect-ratio:4\/3;object-fit:cover\" srcset=\"https:\/\/centcols.org\/wp-content\/uploads\/2026\/01\/Col-Agnel-Profil.jpg 1076w, https:\/\/centcols.org\/wp-content\/uploads\/2026\/01\/Col-Agnel-Profil-768x550.jpg 768w, https:\/\/centcols.org\/wp-content\/uploads\/2026\/01\/Col-Agnel-Profil-18x12.jpg 18w\" sizes=\"auto, (max-width: 1076px) 100vw, 1076px\" \/><\/figure>\n<\/div>\n\n\n<p><\/p>","protected":false},"excerpt":{"rendered":"<p>COL AGNEL \/ VALICO DELL&rsquo;AGNELO : 2744M (versant sud-est)Coordonn\u00e9es IGN : 54 3637-O 113-048. Michelin : 77-19-078-139 Thierry PERRET, Cent Cols n\u00b02664 &#8211; 71700 TOURNUS. Le col Agnel permet de passer du Parc R\u00e9gional du Queyras, dans les Hautes-Alpes, au Val Varaita, dans le Pi\u00e9mont italien. C&rsquo;est pr\u00e9cis\u00e9ment sur ce versant pi\u00e9montais que se d\u00e9roule [&hellip;]<\/p>\n","protected":false},"author":1993,"featured_media":93242,"comment_status":"closed","ping_status":"closed","sticky":false,"template":"","format":"standard","meta":{"_acf_changed":false,"footnotes":""},"categories":[308],"tags":[473],"class_list":["post-93232","post","type-post","status-publish","format-standard","has-post-thumbnail","hentry","category-cols-en-vrac","tag-col-agnel"],"acf":[],"yoast_head":"<!-- This site is optimized with the Yoast SEO plugin v27.2 - https:\/\/yoast.com\/product\/yoast-seo-wordpress\/ -->\n<title>Col Agnel - Club des Cent Cols<\/title>\n<meta name=\"robots\" content=\"index, follow, max-snippet:-1, max-image-preview:large, max-video-preview:-1\" \/>\n<link rel=\"canonical\" href=\"https:\/\/centcols.org\/it\/agnel-pass\/\" \/>\n<meta property=\"og:locale\" content=\"it_IT\" \/>\n<meta property=\"og:type\" content=\"article\" \/>\n<meta property=\"og:title\" content=\"Col Agnel - Club des Cent Cols\" \/>\n<meta property=\"og:description\" content=\"COL AGNEL \/ VALICO DELL&rsquo;AGNELO : 2744M (versant sud-est)Coordonn\u00e9es IGN : 54 3637-O 113-048. Michelin : 77-19-078-139 Thierry PERRET, Cent Cols n\u00b02664 &#8211; 71700 TOURNUS. Le col Agnel permet de passer du Parc R\u00e9gional du Queyras, dans les Hautes-Alpes, au Val Varaita, dans le Pi\u00e9mont italien. C&rsquo;est pr\u00e9cis\u00e9ment sur ce versant pi\u00e9montais que se d\u00e9roule [&hellip;]\" \/>\n<meta property=\"og:url\" content=\"https:\/\/centcols.org\/it\/agnel-pass\/\" \/>\n<meta property=\"og:site_name\" content=\"Club des Cent Cols\" \/>\n<meta property=\"article:publisher\" content=\"https:\/\/www.facebook.com\/groups\/5261880558\/?locale=fr_FR\" \/>\n<meta property=\"article:published_time\" content=\"2026-01-31T15:28:08+00:00\" \/>\n<meta property=\"article:modified_time\" content=\"2026-03-15T10:32:09+00:00\" \/>\n<meta property=\"og:image\" content=\"https:\/\/centcols.org\/wp-content\/uploads\/2026\/01\/col_agnel_2-1.jpg\" \/>\n\t<meta property=\"og:image:width\" content=\"420\" \/>\n\t<meta property=\"og:image:height\" content=\"276\" \/>\n\t<meta property=\"og:image:type\" content=\"image\/jpeg\" \/>\n<meta name=\"author\" content=\"Jo\u00eblle Mingat\" \/>\n<meta name=\"twitter:card\" content=\"summary_large_image\" \/>\n<meta name=\"twitter:label1\" content=\"Scritto da\" \/>\n\t<meta name=\"twitter:data1\" content=\"Jo\u00eblle Mingat\" \/>\n\t<meta name=\"twitter:label2\" content=\"Tempo di lettura stimato\" \/>\n\t<meta name=\"twitter:data2\" content=\"4 minuti\" \/>\n<script type=\"application\/ld+json\" class=\"yoast-schema-graph\">{\"@context\":\"https:\/\/schema.org\",\"@graph\":[{\"@type\":\"Article\",\"@id\":\"https:\/\/centcols.org\/col-agnel\/#article\",\"isPartOf\":{\"@id\":\"https:\/\/centcols.org\/col-agnel\/\"},\"author\":{\"name\":\"Jo\u00eblle Mingat\",\"@id\":\"https:\/\/centcols.org\/#\/schema\/person\/0afae1c765c3b4675d37457765e3e383\"},\"headline\":\"Col Agnel\",\"datePublished\":\"2026-01-31T15:28:08+00:00\",\"dateModified\":\"2026-03-15T10:32:09+00:00\",\"mainEntityOfPage\":{\"@id\":\"https:\/\/centcols.org\/col-agnel\/\"},\"wordCount\":558,\"publisher\":{\"@id\":\"https:\/\/centcols.org\/#organization\"},\"image\":{\"@id\":\"https:\/\/centcols.org\/col-agnel\/#primaryimage\"},\"thumbnailUrl\":\"https:\/\/centcols.org\/wp-content\/uploads\/2026\/01\/col_agnel_2-1.jpg\",\"keywords\":[\"col agnel\"],\"articleSection\":[\"Cols en vrac\"],\"inLanguage\":\"it-IT\"},{\"@type\":\"WebPage\",\"@id\":\"https:\/\/centcols.org\/col-agnel\/\",\"url\":\"https:\/\/centcols.org\/col-agnel\/\",\"name\":\"Col Agnel - Club des Cent Cols\",\"isPartOf\":{\"@id\":\"https:\/\/centcols.org\/#website\"},\"primaryImageOfPage\":{\"@id\":\"https:\/\/centcols.org\/col-agnel\/#primaryimage\"},\"image\":{\"@id\":\"https:\/\/centcols.org\/col-agnel\/#primaryimage\"},\"thumbnailUrl\":\"https:\/\/centcols.org\/wp-content\/uploads\/2026\/01\/col_agnel_2-1.jpg\",\"datePublished\":\"2026-01-31T15:28:08+00:00\",\"dateModified\":\"2026-03-15T10:32:09+00:00\",\"breadcrumb\":{\"@id\":\"https:\/\/centcols.org\/col-agnel\/#breadcrumb\"},\"inLanguage\":\"it-IT\",\"potentialAction\":[{\"@type\":\"ReadAction\",\"target\":[\"https:\/\/centcols.org\/col-agnel\/\"]}]},{\"@type\":\"ImageObject\",\"inLanguage\":\"it-IT\",\"@id\":\"https:\/\/centcols.org\/col-agnel\/#primaryimage\",\"url\":\"https:\/\/centcols.org\/wp-content\/uploads\/2026\/01\/col_agnel_2-1.jpg\",\"contentUrl\":\"https:\/\/centcols.org\/wp-content\/uploads\/2026\/01\/col_agnel_2-1.jpg\",\"width\":420,\"height\":276},{\"@type\":\"BreadcrumbList\",\"@id\":\"https:\/\/centcols.org\/col-agnel\/#breadcrumb\",\"itemListElement\":[{\"@type\":\"ListItem\",\"position\":1,\"name\":\"Accueil\",\"item\":\"https:\/\/centcols.org\/\"},{\"@type\":\"ListItem\",\"position\":2,\"name\":\"Cols en vrac\",\"item\":\"https:\/\/centcols.org\/rubrique\/cols-en-vrac\/\"},{\"@type\":\"ListItem\",\"position\":3,\"name\":\"Col Agnel\"}]},{\"@type\":\"WebSite\",\"@id\":\"https:\/\/centcols.org\/#website\",\"url\":\"https:\/\/centcols.org\/\",\"name\":\"Club des Cent Cols\",\"description\":\"\",\"publisher\":{\"@id\":\"https:\/\/centcols.org\/#organization\"},\"potentialAction\":[{\"@type\":\"SearchAction\",\"target\":{\"@type\":\"EntryPoint\",\"urlTemplate\":\"https:\/\/centcols.org\/?s={search_term_string}\"},\"query-input\":{\"@type\":\"PropertyValueSpecification\",\"valueRequired\":true,\"valueName\":\"search_term_string\"}}],\"inLanguage\":\"it-IT\"},{\"@type\":\"Organization\",\"@id\":\"https:\/\/centcols.org\/#organization\",\"name\":\"Club des Cent Cols\",\"url\":\"https:\/\/centcols.org\/\",\"logo\":{\"@type\":\"ImageObject\",\"inLanguage\":\"it-IT\",\"@id\":\"https:\/\/centcols.org\/#\/schema\/logo\/image\/\",\"url\":\"https:\/\/centcols.org\/wp-content\/uploads\/2025\/01\/carte-icone.png\",\"contentUrl\":\"https:\/\/centcols.org\/wp-content\/uploads\/2025\/01\/carte-icone.png\",\"width\":250,\"height\":250,\"caption\":\"Club des Cent Cols\"},\"image\":{\"@id\":\"https:\/\/centcols.org\/#\/schema\/logo\/image\/\"},\"sameAs\":[\"https:\/\/www.facebook.com\/groups\/5261880558\/?locale=fr_FR\"]},{\"@type\":\"Person\",\"@id\":\"https:\/\/centcols.org\/#\/schema\/person\/0afae1c765c3b4675d37457765e3e383\",\"name\":\"Jo\u00eblle Mingat\",\"image\":{\"@type\":\"ImageObject\",\"inLanguage\":\"it-IT\",\"@id\":\"https:\/\/centcols.org\/wp-content\/litespeed\/avatar\/8ace1c0eaf9dcc23c49d76c12a17902f.jpg?ver=1777261681\",\"url\":\"https:\/\/centcols.org\/wp-content\/litespeed\/avatar\/8ace1c0eaf9dcc23c49d76c12a17902f.jpg?ver=1777261681\",\"contentUrl\":\"https:\/\/centcols.org\/wp-content\/litespeed\/avatar\/8ace1c0eaf9dcc23c49d76c12a17902f.jpg?ver=1777261681\",\"caption\":\"Jo\u00eblle Mingat\"},\"url\":\"https:\/\/centcols.org\/it\/author\/5345\/\"}]}<\/script>\n<!-- \/ Yoast SEO plugin. -->","yoast_head_json":{"title":"Col Agnel - Club des Cent Cols","robots":{"index":"index","follow":"follow","max-snippet":"max-snippet:-1","max-image-preview":"max-image-preview:large","max-video-preview":"max-video-preview:-1"},"canonical":"https:\/\/centcols.org\/it\/agnel-pass\/","og_locale":"it_IT","og_type":"article","og_title":"Col Agnel - Club des Cent Cols","og_description":"COL AGNEL \/ VALICO DELL&rsquo;AGNELO : 2744M (versant sud-est)Coordonn\u00e9es IGN : 54 3637-O 113-048. Michelin : 77-19-078-139 Thierry PERRET, Cent Cols n\u00b02664 &#8211; 71700 TOURNUS. Le col Agnel permet de passer du Parc R\u00e9gional du Queyras, dans les Hautes-Alpes, au Val Varaita, dans le Pi\u00e9mont italien. C&rsquo;est pr\u00e9cis\u00e9ment sur ce versant pi\u00e9montais que se d\u00e9roule [&hellip;]","og_url":"https:\/\/centcols.org\/it\/agnel-pass\/","og_site_name":"Club des Cent Cols","article_publisher":"https:\/\/www.facebook.com\/groups\/5261880558\/?locale=fr_FR","article_published_time":"2026-01-31T15:28:08+00:00","article_modified_time":"2026-03-15T10:32:09+00:00","og_image":[{"width":420,"height":276,"url":"https:\/\/centcols.org\/wp-content\/uploads\/2026\/01\/col_agnel_2-1.jpg","type":"image\/jpeg"}],"author":"Jo\u00eblle Mingat","twitter_card":"summary_large_image","twitter_misc":{"Scritto da":"Jo\u00eblle Mingat","Tempo di lettura stimato":"4 minuti"},"schema":{"@context":"https:\/\/schema.org","@graph":[{"@type":"Article","@id":"https:\/\/centcols.org\/col-agnel\/#article","isPartOf":{"@id":"https:\/\/centcols.org\/col-agnel\/"},"author":{"name":"Jo\u00eblle Mingat","@id":"https:\/\/centcols.org\/#\/schema\/person\/0afae1c765c3b4675d37457765e3e383"},"headline":"Col Agnel","datePublished":"2026-01-31T15:28:08+00:00","dateModified":"2026-03-15T10:32:09+00:00","mainEntityOfPage":{"@id":"https:\/\/centcols.org\/col-agnel\/"},"wordCount":558,"publisher":{"@id":"https:\/\/centcols.org\/#organization"},"image":{"@id":"https:\/\/centcols.org\/col-agnel\/#primaryimage"},"thumbnailUrl":"https:\/\/centcols.org\/wp-content\/uploads\/2026\/01\/col_agnel_2-1.jpg","keywords":["col agnel"],"articleSection":["Cols en vrac"],"inLanguage":"it-IT"},{"@type":"WebPage","@id":"https:\/\/centcols.org\/col-agnel\/","url":"https:\/\/centcols.org\/col-agnel\/","name":"Col Agnel - Club des Cent Cols","isPartOf":{"@id":"https:\/\/centcols.org\/#website"},"primaryImageOfPage":{"@id":"https:\/\/centcols.org\/col-agnel\/#primaryimage"},"image":{"@id":"https:\/\/centcols.org\/col-agnel\/#primaryimage"},"thumbnailUrl":"https:\/\/centcols.org\/wp-content\/uploads\/2026\/01\/col_agnel_2-1.jpg","datePublished":"2026-01-31T15:28:08+00:00","dateModified":"2026-03-15T10:32:09+00:00","breadcrumb":{"@id":"https:\/\/centcols.org\/col-agnel\/#breadcrumb"},"inLanguage":"it-IT","potentialAction":[{"@type":"ReadAction","target":["https:\/\/centcols.org\/col-agnel\/"]}]},{"@type":"ImageObject","inLanguage":"it-IT","@id":"https:\/\/centcols.org\/col-agnel\/#primaryimage","url":"https:\/\/centcols.org\/wp-content\/uploads\/2026\/01\/col_agnel_2-1.jpg","contentUrl":"https:\/\/centcols.org\/wp-content\/uploads\/2026\/01\/col_agnel_2-1.jpg","width":420,"height":276},{"@type":"BreadcrumbList","@id":"https:\/\/centcols.org\/col-agnel\/#breadcrumb","itemListElement":[{"@type":"ListItem","position":1,"name":"Accueil","item":"https:\/\/centcols.org\/"},{"@type":"ListItem","position":2,"name":"Cols en vrac","item":"https:\/\/centcols.org\/rubrique\/cols-en-vrac\/"},{"@type":"ListItem","position":3,"name":"Col Agnel"}]},{"@type":"WebSite","@id":"https:\/\/centcols.org\/#website","url":"https:\/\/centcols.org\/","name":"Club des Cent Cols","description":"","publisher":{"@id":"https:\/\/centcols.org\/#organization"},"potentialAction":[{"@type":"SearchAction","target":{"@type":"EntryPoint","urlTemplate":"https:\/\/centcols.org\/?s={search_term_string}"},"query-input":{"@type":"PropertyValueSpecification","valueRequired":true,"valueName":"search_term_string"}}],"inLanguage":"it-IT"},{"@type":"Organization","@id":"https:\/\/centcols.org\/#organization","name":"Club des Cent Cols","url":"https:\/\/centcols.org\/","logo":{"@type":"ImageObject","inLanguage":"it-IT","@id":"https:\/\/centcols.org\/#\/schema\/logo\/image\/","url":"https:\/\/centcols.org\/wp-content\/uploads\/2025\/01\/carte-icone.png","contentUrl":"https:\/\/centcols.org\/wp-content\/uploads\/2025\/01\/carte-icone.png","width":250,"height":250,"caption":"Club des Cent Cols"},"image":{"@id":"https:\/\/centcols.org\/#\/schema\/logo\/image\/"},"sameAs":["https:\/\/www.facebook.com\/groups\/5261880558\/?locale=fr_FR"]},{"@type":"Person","@id":"https:\/\/centcols.org\/#\/schema\/person\/0afae1c765c3b4675d37457765e3e383","name":"Jo\u00eblle Mingat","image":{"@type":"ImageObject","inLanguage":"it-IT","@id":"https:\/\/centcols.org\/wp-content\/litespeed\/avatar\/8ace1c0eaf9dcc23c49d76c12a17902f.jpg?ver=1777261681","url":"https:\/\/centcols.org\/wp-content\/litespeed\/avatar\/8ace1c0eaf9dcc23c49d76c12a17902f.jpg?ver=1777261681","contentUrl":"https:\/\/centcols.org\/wp-content\/litespeed\/avatar\/8ace1c0eaf9dcc23c49d76c12a17902f.jpg?ver=1777261681","caption":"Jo\u00eblle Mingat"},"url":"https:\/\/centcols.org\/it\/author\/5345\/"}]}},"_links":{"self":[{"href":"https:\/\/centcols.org\/it\/wp-json\/wp\/v2\/posts\/93232","targetHints":{"allow":["GET"]}}],"collection":[{"href":"https:\/\/centcols.org\/it\/wp-json\/wp\/v2\/posts"}],"about":[{"href":"https:\/\/centcols.org\/it\/wp-json\/wp\/v2\/types\/post"}],"author":[{"embeddable":true,"href":"https:\/\/centcols.org\/it\/wp-json\/wp\/v2\/users\/1993"}],"replies":[{"embeddable":true,"href":"https:\/\/centcols.org\/it\/wp-json\/wp\/v2\/comments?post=93232"}],"version-history":[{"count":0,"href":"https:\/\/centcols.org\/it\/wp-json\/wp\/v2\/posts\/93232\/revisions"}],"wp:featuredmedia":[{"embeddable":true,"href":"https:\/\/centcols.org\/it\/wp-json\/wp\/v2\/media\/93242"}],"wp:attachment":[{"href":"https:\/\/centcols.org\/it\/wp-json\/wp\/v2\/media?parent=93232"}],"wp:term":[{"taxonomy":"category","embeddable":true,"href":"https:\/\/centcols.org\/it\/wp-json\/wp\/v2\/categories?post=93232"},{"taxonomy":"post_tag","embeddable":true,"href":"https:\/\/centcols.org\/it\/wp-json\/wp\/v2\/tags?post=93232"}],"curies":[{"name":"wp","href":"https:\/\/api.w.org\/{rel}","templated":true}]}}