{"id":93259,"date":"2026-01-31T19:30:58","date_gmt":"2026-01-31T17:30:58","guid":{"rendered":"https:\/\/centcols.org\/?p=93259"},"modified":"2026-02-02T11:05:29","modified_gmt":"2026-02-02T09:05:29","slug":"alpessud-graille-2026","status":"publish","type":"post","link":"https:\/\/centcols.org\/it\/alpessud-graille-2026\/","title":{"rendered":"Alpi del Sud, Pas de la Graille, sabato 29 agosto 2026"},"content":{"rendered":"\n<p>Pas de la Graille (<a href=\"\/util\/geo\/visu.php?code=FR-04-1597\" type=\"link\" id=\"\/util\/geo\/visu.php?code=FR-04-1597\">FR-04-1597<\/a>), Montagne de Lure<br>Pour tous, rassemblement \u00e0 11h30 au Pas de La Graille.<br>\u00c9changes, ap\u00e9ritif et buffet offerts en pr\u00e9sence d\u2019un repr\u00e9sentant de la commune de Valbelle.<br>Suivant conditions m\u00e9t\u00e9o, repli au g\u00eete ONF de la Graille (lieu priv\u00e9 \u00e0 1080 m d\u2019altitude).<\/p>\n\n\n\n<p>Pour celles et ceux qui le d\u00e9sirent :<br>Accueil \u00e0 partir de 8h00 pour le caf\u00e9 sur le parking situ\u00e9 \u00e0 l\u2019entr\u00e9e nord de Valbelle (04200).<br>Deux circuits propos\u00e9s (Route \/ VTT-Gravel), pour une ascension de la Montagne de Lure (sommet facultatif \u00e0 1826 m)<br>Les circuits \u00e9tant des allers-retours, chacun pourra am\u00e9nager son propre parcours.<\/p>\n\n\n<div class=\"wp-block-image\">\n<figure class=\"aligncenter size-full\"><img loading=\"lazy\" decoding=\"async\" width=\"800\" height=\"399\" src=\"https:\/\/centcols.org\/wp-content\/uploads\/2026\/01\/fr-04-1704.jpg\" alt=\"\" class=\"wp-image-93275\" srcset=\"https:\/\/centcols.org\/wp-content\/uploads\/2026\/01\/fr-04-1704.jpg 800w, https:\/\/centcols.org\/wp-content\/uploads\/2026\/01\/fr-04-1704-768x383.jpg 768w, https:\/\/centcols.org\/wp-content\/uploads\/2026\/01\/fr-04-1704-18x9.jpg 18w\" sizes=\"auto, (max-width: 800px) 100vw, 800px\" \/><figcaption class=\"wp-element-caption\">Vue du Pas de Saint-Barth\u00e9lemy<\/figcaption><\/figure>\n<\/div>\n\n\n<div class=\"wp-block-columns is-layout-flex wp-container-core-columns-is-layout-9d6595d7 wp-block-columns-is-layout-flex\">\n<div class=\"wp-block-column is-layout-flow wp-block-column-is-layout-flow\"><div class=\"wp-block-image\">\n<figure class=\"aligncenter size-full is-resized\"><img loading=\"lazy\" decoding=\"async\" width=\"450\" height=\"800\" src=\"https:\/\/centcols.org\/wp-content\/uploads\/2026\/01\/fr-04-1132.jpg\" alt=\"\" class=\"wp-image-93270\" style=\"aspect-ratio:0.562507932478741;width:315px;height:auto\" srcset=\"https:\/\/centcols.org\/wp-content\/uploads\/2026\/01\/fr-04-1132.jpg 450w, https:\/\/centcols.org\/wp-content\/uploads\/2026\/01\/fr-04-1132-7x12.jpg 7w\" sizes=\"auto, (max-width: 450px) 100vw, 450px\" \/><figcaption class=\"wp-element-caption\">Coulet de Nouron<\/figcaption><\/figure>\n<\/div><\/div>\n\n\n\n<div class=\"wp-block-column is-layout-flow wp-block-column-is-layout-flow\"><div class=\"wp-block-image\">\n<figure class=\"alignleft size-full\"><img loading=\"lazy\" decoding=\"async\" width=\"474\" height=\"652\" src=\"https:\/\/centcols.org\/wp-content\/uploads\/2026\/01\/fr-04-1597.jpg\" alt=\"\" class=\"wp-image-93273\" srcset=\"https:\/\/centcols.org\/wp-content\/uploads\/2026\/01\/fr-04-1597.jpg 474w, https:\/\/centcols.org\/wp-content\/uploads\/2026\/01\/fr-04-1597-9x12.jpg 9w\" sizes=\"auto, (max-width: 474px) 100vw, 474px\" \/><figcaption class=\"wp-element-caption\">Pas de la Graille<\/figcaption><\/figure>\n<\/div><\/div>\n<\/div>\n\n\n<div class=\"wp-block-image\">\n<figure class=\"aligncenter size-full\"><img loading=\"lazy\" decoding=\"async\" width=\"800\" height=\"410\" src=\"https:\/\/centcols.org\/wp-content\/uploads\/2026\/01\/fr-04-1502.jpg\" alt=\"\" class=\"wp-image-93272\" srcset=\"https:\/\/centcols.org\/wp-content\/uploads\/2026\/01\/fr-04-1502.jpg 800w, https:\/\/centcols.org\/wp-content\/uploads\/2026\/01\/fr-04-1502-768x394.jpg 768w, https:\/\/centcols.org\/wp-content\/uploads\/2026\/01\/fr-04-1502-18x9.jpg 18w\" sizes=\"auto, (max-width: 800px) 100vw, 800px\" \/><figcaption class=\"wp-element-caption\">Pas de la Croix<\/figcaption><\/figure>\n<\/div>\n\n<div class=\"wp-block-image\">\n<figure class=\"aligncenter size-full is-resized\"><img loading=\"lazy\" decoding=\"async\" width=\"639\" height=\"399\" src=\"https:\/\/centcols.org\/wp-content\/uploads\/2026\/01\/fr-04-1441.jpg\" alt=\"\" class=\"wp-image-93271\" style=\"aspect-ratio:1.601554303477754;width:681px;height:auto\" srcset=\"https:\/\/centcols.org\/wp-content\/uploads\/2026\/01\/fr-04-1441.jpg 639w, https:\/\/centcols.org\/wp-content\/uploads\/2026\/01\/fr-04-1441-18x12.jpg 18w\" sizes=\"auto, (max-width: 639px) 100vw, 639px\" \/><figcaption class=\"wp-element-caption\">Pas de Jean Richaud<\/figcaption><\/figure>\n<\/div>\n\n\n<h2 class=\"wp-block-heading\">Circuit route :<\/h2>\n\n\n\n<p>D\u00e9part de Valbelle, 53 km, 1330 m de d\u00e9nivel\u00e9, 4 cols : Col de Saint-Robert (<a href=\"\/util\/geo\/visu.php?code=FR-04-0908\" type=\"link\" id=\"\/util\/geo\/visu.php?code=FR-04-0908\">FR-04-0908<\/a>), Coulet de Nouron (1123m, <a href=\"https:\/\/www.centcols.org\/util\/geo\/visu.php?code=FR-04-1132\">FR-04-1132<\/a>), Pas de la Graille (FR-04-1597), et en option, mont\u00e9e facultative au sommet de la Montagne de Lure \u00e0 partir de la route qui conduit au Pas de Saint-Barth\u00e9lemy (<a href=\"\/util\/geo\/visu.php?code=FR-04-1704\" type=\"link\" id=\"\/util\/geo\/visu.php?code=FR-04-1704\">FR-04-1704<\/a>).<\/p>\n\n\n\n<h2 class=\"wp-block-heading\">Circuit VTT, Gravel<\/h2>\n\n\n\n<p>D\u00e9part du Col de Saint-Robert, 33 km, 1070m de d\u00e9nivel\u00e9, 7 cols : Col de Saint-Robert (FR-04-0908), Coulet de Nouron (FR-04-1132), Pas de la Graille (FR-04-1597), Pas de Saint-Barth\u00e9lemy (<a href=\"\/util\/geo\/visu.php?code=FR-04-1704\" type=\"link\" id=\"\/util\/geo\/visu.php?code=FR-04-1704\">FR-04-1704<\/a>), Basse Verde (<a href=\"\/util\/geo\/visu.php?code=FR-04-1735\" type=\"link\" id=\"\/util\/geo\/visu.php?code=FR-04-1735\">FR-04-1735<\/a>), Pas de la Croix (<a href=\"\/util\/geo\/visu.php?code=FR-04-1502\" type=\"link\" id=\"\/util\/geo\/visu.php?code=FR-04-1502\">FR-04-1502<\/a>), Pas de Jean Richaud (1435m <a href=\"\/util\/geo\/visu.php?code=FR-04-1441\" type=\"link\" id=\"\/util\/geo\/visu.php?code=FR-04-1441\">FR-04-1441<\/a>)<\/p>\n\n\n\n<p>Traces gpx bient\u00f4t disponibles<\/p>\n\n\n\n<p>Merci de bien vouloir annoncer votre pr\u00e9sence \u00e0 l&rsquo;organisateur !<\/p>\n\n\n\n<h2 class=\"wp-block-heading\">Contact<\/h2>\n\n\n\n<p>Robert Yonnet<br>T\u00e9l : +33 6 81 85 54 71<br>[email]<a href=\"&#x6d;&#x61;&#x69;&#x6c;&#x74;&#x6f;&#x3a;&#x72;&#111;&#98;&#101;&#114;&#116;&#121;&#111;nnet&#x30;&#x34;&#x40;&#x67;&#x6d;&#x61;&#x69;&#x6c;&#x2e;&#99;&#111;&#109;\">&#114;&#111;&#x62;e&#114;&#x74;&#x79;o&#110;&#x6e;&#x65;t&#48;&#x34;&#x40;g&#109;&#x61;&#x69;l&#46;&#x63;&#x6f;m<\/a>[\/email]<\/p>\n\n\n\n<p><\/p>\n","protected":false},"excerpt":{"rendered":"<p>Pas de la Graille (FR-04-1597), Montagne de LurePour tous, rassemblement \u00e0 11h30 au Pas de La Graille.\u00c9changes, ap\u00e9ritif et buffet offerts en pr\u00e9sence d\u2019un repr\u00e9sentant de la commune de Valbelle.Suivant conditions m\u00e9t\u00e9o, repli au g\u00eete ONF de la Graille (lieu priv\u00e9 \u00e0 1080 m d\u2019altitude). Pour celles et ceux qui le d\u00e9sirent :Accueil \u00e0 partir [&hellip;]<\/p>\n","protected":false},"author":136,"featured_media":93273,"comment_status":"open","ping_status":"open","sticky":false,"template":"","format":"standard","meta":{"_acf_changed":false,"footnotes":""},"categories":[465,135,216],"tags":[],"class_list":["post-93259","post","type-post","status-publish","format-standard","has-post-thumbnail","hentry","category-les-rassemblements-de-2026","category-calendrier","category-rencontres-regionales"],"acf":[],"yoast_head":"<!-- This site is optimized with the Yoast SEO plugin v27.2 - https:\/\/yoast.com\/product\/yoast-seo-wordpress\/ -->\n<title>Alpes du Sud, Pas de la Graille, samedi 29 ao\u00fbt 2026 - Club des Cent Cols<\/title>\n<meta name=\"robots\" content=\"index, follow, max-snippet:-1, max-image-preview:large, max-video-preview:-1\" \/>\n<link rel=\"canonical\" href=\"https:\/\/centcols.org\/it\/alpessud-graille-2026\/\" \/>\n<meta property=\"og:locale\" content=\"it_IT\" \/>\n<meta property=\"og:type\" content=\"article\" \/>\n<meta property=\"og:title\" content=\"Alpes du Sud, Pas de la Graille, samedi 29 ao\u00fbt 2026 - Club des Cent Cols\" \/>\n<meta property=\"og:description\" content=\"Pas de la Graille (FR-04-1597), Montagne de LurePour tous, rassemblement \u00e0 11h30 au Pas de La Graille.\u00c9changes, ap\u00e9ritif et buffet offerts en pr\u00e9sence d\u2019un repr\u00e9sentant de la commune de Valbelle.Suivant conditions m\u00e9t\u00e9o, repli au g\u00eete ONF de la Graille (lieu priv\u00e9 \u00e0 1080 m d\u2019altitude). Pour celles et ceux qui le d\u00e9sirent :Accueil \u00e0 partir [&hellip;]\" \/>\n<meta property=\"og:url\" content=\"https:\/\/centcols.org\/it\/alpessud-graille-2026\/\" \/>\n<meta property=\"og:site_name\" content=\"Club des Cent Cols\" \/>\n<meta property=\"article:publisher\" content=\"https:\/\/www.facebook.com\/groups\/5261880558\/?locale=fr_FR\" \/>\n<meta property=\"article:published_time\" content=\"2026-01-31T17:30:58+00:00\" \/>\n<meta property=\"article:modified_time\" content=\"2026-02-02T09:05:29+00:00\" \/>\n<meta property=\"og:image\" content=\"https:\/\/centcols.org\/wp-content\/uploads\/2026\/01\/fr-04-1597.jpg\" \/>\n\t<meta property=\"og:image:width\" content=\"474\" \/>\n\t<meta property=\"og:image:height\" content=\"652\" \/>\n\t<meta property=\"og:image:type\" content=\"image\/jpeg\" \/>\n<meta name=\"author\" content=\"Guy Harl\u00e9\" \/>\n<meta name=\"twitter:card\" content=\"summary_large_image\" \/>\n<meta name=\"twitter:label1\" content=\"Scritto da\" \/>\n\t<meta name=\"twitter:data1\" content=\"Guy Harl\u00e9\" \/>\n\t<meta name=\"twitter:label2\" content=\"Tempo di lettura stimato\" \/>\n\t<meta name=\"twitter:data2\" content=\"3 minuti\" \/>\n<script type=\"application\/ld+json\" class=\"yoast-schema-graph\">{\"@context\":\"https:\/\/schema.org\",\"@graph\":[{\"@type\":\"Article\",\"@id\":\"https:\/\/centcols.org\/it\/alpessud-graille-2026\/#article\",\"isPartOf\":{\"@id\":\"https:\/\/centcols.org\/it\/alpessud-graille-2026\/\"},\"author\":{\"name\":\"Guy Harl\u00e9\",\"@id\":\"https:\/\/centcols.org\/#\/schema\/person\/377f00da2793c0363246869bb3a344d0\"},\"headline\":\"Alpes du Sud, Pas de la Graille, samedi 29 ao\u00fbt 2026\",\"datePublished\":\"2026-01-31T17:30:58+00:00\",\"dateModified\":\"2026-02-02T09:05:29+00:00\",\"mainEntityOfPage\":{\"@id\":\"https:\/\/centcols.org\/it\/alpessud-graille-2026\/\"},\"wordCount\":271,\"commentCount\":1,\"publisher\":{\"@id\":\"https:\/\/centcols.org\/#organization\"},\"image\":{\"@id\":\"https:\/\/centcols.org\/it\/alpessud-graille-2026\/#primaryimage\"},\"thumbnailUrl\":\"https:\/\/centcols.org\/wp-content\/uploads\/2026\/01\/fr-04-1597.jpg\",\"articleSection\":[\"2026-rassemblements\",\"Calendrier\",\"Rencontres r\u00e9gionales\"],\"inLanguage\":\"it-IT\",\"potentialAction\":[{\"@type\":\"CommentAction\",\"name\":\"Comment\",\"target\":[\"https:\/\/centcols.org\/it\/alpessud-graille-2026\/#respond\"]}]},{\"@type\":\"WebPage\",\"@id\":\"https:\/\/centcols.org\/it\/alpessud-graille-2026\/\",\"url\":\"https:\/\/centcols.org\/it\/alpessud-graille-2026\/\",\"name\":\"Alpes du Sud, Pas de la Graille, samedi 29 ao\u00fbt 2026 - Club des Cent Cols\",\"isPartOf\":{\"@id\":\"https:\/\/centcols.org\/#website\"},\"primaryImageOfPage\":{\"@id\":\"https:\/\/centcols.org\/it\/alpessud-graille-2026\/#primaryimage\"},\"image\":{\"@id\":\"https:\/\/centcols.org\/it\/alpessud-graille-2026\/#primaryimage\"},\"thumbnailUrl\":\"https:\/\/centcols.org\/wp-content\/uploads\/2026\/01\/fr-04-1597.jpg\",\"datePublished\":\"2026-01-31T17:30:58+00:00\",\"dateModified\":\"2026-02-02T09:05:29+00:00\",\"breadcrumb\":{\"@id\":\"https:\/\/centcols.org\/it\/alpessud-graille-2026\/#breadcrumb\"},\"inLanguage\":\"it-IT\",\"potentialAction\":[{\"@type\":\"ReadAction\",\"target\":[\"https:\/\/centcols.org\/it\/alpessud-graille-2026\/\"]}]},{\"@type\":\"ImageObject\",\"inLanguage\":\"it-IT\",\"@id\":\"https:\/\/centcols.org\/it\/alpessud-graille-2026\/#primaryimage\",\"url\":\"https:\/\/centcols.org\/wp-content\/uploads\/2026\/01\/fr-04-1597.jpg\",\"contentUrl\":\"https:\/\/centcols.org\/wp-content\/uploads\/2026\/01\/fr-04-1597.jpg\",\"width\":474,\"height\":652,\"caption\":\"Pas de la Graille\"},{\"@type\":\"BreadcrumbList\",\"@id\":\"https:\/\/centcols.org\/it\/alpessud-graille-2026\/#breadcrumb\",\"itemListElement\":[{\"@type\":\"ListItem\",\"position\":1,\"name\":\"Accueil\",\"item\":\"https:\/\/centcols.org\/\"},{\"@type\":\"ListItem\",\"position\":2,\"name\":\"Rencontres r\u00e9gionales\",\"item\":\"https:\/\/centcols.org\/rubrique\/rencontres-regionales\/\"},{\"@type\":\"ListItem\",\"position\":3,\"name\":\"Alpes du Sud, Pas de la Graille, samedi 29 ao\u00fbt 2026\"}]},{\"@type\":\"WebSite\",\"@id\":\"https:\/\/centcols.org\/#website\",\"url\":\"https:\/\/centcols.org\/\",\"name\":\"Club des Cent Cols\",\"description\":\"\",\"publisher\":{\"@id\":\"https:\/\/centcols.org\/#organization\"},\"potentialAction\":[{\"@type\":\"SearchAction\",\"target\":{\"@type\":\"EntryPoint\",\"urlTemplate\":\"https:\/\/centcols.org\/?s={search_term_string}\"},\"query-input\":{\"@type\":\"PropertyValueSpecification\",\"valueRequired\":true,\"valueName\":\"search_term_string\"}}],\"inLanguage\":\"it-IT\"},{\"@type\":\"Organization\",\"@id\":\"https:\/\/centcols.org\/#organization\",\"name\":\"Club des Cent Cols\",\"url\":\"https:\/\/centcols.org\/\",\"logo\":{\"@type\":\"ImageObject\",\"inLanguage\":\"it-IT\",\"@id\":\"https:\/\/centcols.org\/#\/schema\/logo\/image\/\",\"url\":\"https:\/\/centcols.org\/wp-content\/uploads\/2025\/01\/carte-icone.png\",\"contentUrl\":\"https:\/\/centcols.org\/wp-content\/uploads\/2025\/01\/carte-icone.png\",\"width\":250,\"height\":250,\"caption\":\"Club des Cent Cols\"},\"image\":{\"@id\":\"https:\/\/centcols.org\/#\/schema\/logo\/image\/\"},\"sameAs\":[\"https:\/\/www.facebook.com\/groups\/5261880558\/?locale=fr_FR\"]},{\"@type\":\"Person\",\"@id\":\"https:\/\/centcols.org\/#\/schema\/person\/377f00da2793c0363246869bb3a344d0\",\"name\":\"Guy Harl\u00e9\",\"image\":{\"@type\":\"ImageObject\",\"inLanguage\":\"it-IT\",\"@id\":\"https:\/\/centcols.org\/wp-content\/litespeed\/avatar\/94c4de37e46cf090f296d42ab3e8d6a6.jpg?ver=1777238144\",\"url\":\"https:\/\/centcols.org\/wp-content\/litespeed\/avatar\/94c4de37e46cf090f296d42ab3e8d6a6.jpg?ver=1777238144\",\"contentUrl\":\"https:\/\/centcols.org\/wp-content\/litespeed\/avatar\/94c4de37e46cf090f296d42ab3e8d6a6.jpg?ver=1777238144\",\"caption\":\"Guy Harl\u00e9\"},\"url\":\"https:\/\/centcols.org\/it\/author\/5193\/\"}]}<\/script>\n<!-- \/ Yoast SEO plugin. -->","yoast_head_json":{"title":"Alpes du Sud, Pas de la Graille, sabato 29 agosto 2026 - Club des Cent Cols","robots":{"index":"index","follow":"follow","max-snippet":"max-snippet:-1","max-image-preview":"max-image-preview:large","max-video-preview":"max-video-preview:-1"},"canonical":"https:\/\/centcols.org\/it\/alpessud-graille-2026\/","og_locale":"it_IT","og_type":"article","og_title":"Alpes du Sud, Pas de la Graille, samedi 29 ao\u00fbt 2026 - Club des Cent Cols","og_description":"Pas de la Graille (FR-04-1597), Montagne de LurePour tous, rassemblement \u00e0 11h30 au Pas de La Graille.\u00c9changes, ap\u00e9ritif et buffet offerts en pr\u00e9sence d\u2019un repr\u00e9sentant de la commune de Valbelle.Suivant conditions m\u00e9t\u00e9o, repli au g\u00eete ONF de la Graille (lieu priv\u00e9 \u00e0 1080 m d\u2019altitude). Pour celles et ceux qui le d\u00e9sirent :Accueil \u00e0 partir [&hellip;]","og_url":"https:\/\/centcols.org\/it\/alpessud-graille-2026\/","og_site_name":"Club des Cent Cols","article_publisher":"https:\/\/www.facebook.com\/groups\/5261880558\/?locale=fr_FR","article_published_time":"2026-01-31T17:30:58+00:00","article_modified_time":"2026-02-02T09:05:29+00:00","og_image":[{"width":474,"height":652,"url":"https:\/\/centcols.org\/wp-content\/uploads\/2026\/01\/fr-04-1597.jpg","type":"image\/jpeg"}],"author":"Guy Harl\u00e9","twitter_card":"summary_large_image","twitter_misc":{"Scritto da":"Guy Harl\u00e9","Tempo di lettura stimato":"3 minuti"},"schema":{"@context":"https:\/\/schema.org","@graph":[{"@type":"Article","@id":"https:\/\/centcols.org\/it\/alpessud-graille-2026\/#article","isPartOf":{"@id":"https:\/\/centcols.org\/it\/alpessud-graille-2026\/"},"author":{"name":"Guy Harl\u00e9","@id":"https:\/\/centcols.org\/#\/schema\/person\/377f00da2793c0363246869bb3a344d0"},"headline":"Alpes du Sud, Pas de la Graille, samedi 29 ao\u00fbt 2026","datePublished":"2026-01-31T17:30:58+00:00","dateModified":"2026-02-02T09:05:29+00:00","mainEntityOfPage":{"@id":"https:\/\/centcols.org\/it\/alpessud-graille-2026\/"},"wordCount":271,"commentCount":1,"publisher":{"@id":"https:\/\/centcols.org\/#organization"},"image":{"@id":"https:\/\/centcols.org\/it\/alpessud-graille-2026\/#primaryimage"},"thumbnailUrl":"https:\/\/centcols.org\/wp-content\/uploads\/2026\/01\/fr-04-1597.jpg","articleSection":["2026-rassemblements","Calendrier","Rencontres r\u00e9gionales"],"inLanguage":"it-IT","potentialAction":[{"@type":"CommentAction","name":"Comment","target":["https:\/\/centcols.org\/it\/alpessud-graille-2026\/#respond"]}]},{"@type":"WebPage","@id":"https:\/\/centcols.org\/it\/alpessud-graille-2026\/","url":"https:\/\/centcols.org\/it\/alpessud-graille-2026\/","name":"Alpes du Sud, Pas de la Graille, sabato 29 agosto 2026 - Club des Cent Cols","isPartOf":{"@id":"https:\/\/centcols.org\/#website"},"primaryImageOfPage":{"@id":"https:\/\/centcols.org\/it\/alpessud-graille-2026\/#primaryimage"},"image":{"@id":"https:\/\/centcols.org\/it\/alpessud-graille-2026\/#primaryimage"},"thumbnailUrl":"https:\/\/centcols.org\/wp-content\/uploads\/2026\/01\/fr-04-1597.jpg","datePublished":"2026-01-31T17:30:58+00:00","dateModified":"2026-02-02T09:05:29+00:00","breadcrumb":{"@id":"https:\/\/centcols.org\/it\/alpessud-graille-2026\/#breadcrumb"},"inLanguage":"it-IT","potentialAction":[{"@type":"ReadAction","target":["https:\/\/centcols.org\/it\/alpessud-graille-2026\/"]}]},{"@type":"ImageObject","inLanguage":"it-IT","@id":"https:\/\/centcols.org\/it\/alpessud-graille-2026\/#primaryimage","url":"https:\/\/centcols.org\/wp-content\/uploads\/2026\/01\/fr-04-1597.jpg","contentUrl":"https:\/\/centcols.org\/wp-content\/uploads\/2026\/01\/fr-04-1597.jpg","width":474,"height":652,"caption":"Pas de la Graille"},{"@type":"BreadcrumbList","@id":"https:\/\/centcols.org\/it\/alpessud-graille-2026\/#breadcrumb","itemListElement":[{"@type":"ListItem","position":1,"name":"Accueil","item":"https:\/\/centcols.org\/"},{"@type":"ListItem","position":2,"name":"Rencontres r\u00e9gionales","item":"https:\/\/centcols.org\/rubrique\/rencontres-regionales\/"},{"@type":"ListItem","position":3,"name":"Alpes du Sud, Pas de la Graille, samedi 29 ao\u00fbt 2026"}]},{"@type":"WebSite","@id":"https:\/\/centcols.org\/#website","url":"https:\/\/centcols.org\/","name":"Club des Cent Cols","description":"","publisher":{"@id":"https:\/\/centcols.org\/#organization"},"potentialAction":[{"@type":"SearchAction","target":{"@type":"EntryPoint","urlTemplate":"https:\/\/centcols.org\/?s={search_term_string}"},"query-input":{"@type":"PropertyValueSpecification","valueRequired":true,"valueName":"search_term_string"}}],"inLanguage":"it-IT"},{"@type":"Organization","@id":"https:\/\/centcols.org\/#organization","name":"Club des Cent Cols","url":"https:\/\/centcols.org\/","logo":{"@type":"ImageObject","inLanguage":"it-IT","@id":"https:\/\/centcols.org\/#\/schema\/logo\/image\/","url":"https:\/\/centcols.org\/wp-content\/uploads\/2025\/01\/carte-icone.png","contentUrl":"https:\/\/centcols.org\/wp-content\/uploads\/2025\/01\/carte-icone.png","width":250,"height":250,"caption":"Club des Cent Cols"},"image":{"@id":"https:\/\/centcols.org\/#\/schema\/logo\/image\/"},"sameAs":["https:\/\/www.facebook.com\/groups\/5261880558\/?locale=fr_FR"]},{"@type":"Person","@id":"https:\/\/centcols.org\/#\/schema\/person\/377f00da2793c0363246869bb3a344d0","name":"Guy Harl\u00e9","image":{"@type":"ImageObject","inLanguage":"it-IT","@id":"https:\/\/centcols.org\/wp-content\/litespeed\/avatar\/94c4de37e46cf090f296d42ab3e8d6a6.jpg?ver=1777238144","url":"https:\/\/centcols.org\/wp-content\/litespeed\/avatar\/94c4de37e46cf090f296d42ab3e8d6a6.jpg?ver=1777238144","contentUrl":"https:\/\/centcols.org\/wp-content\/litespeed\/avatar\/94c4de37e46cf090f296d42ab3e8d6a6.jpg?ver=1777238144","caption":"Guy Harl\u00e9"},"url":"https:\/\/centcols.org\/it\/author\/5193\/"}]}},"_links":{"self":[{"href":"https:\/\/centcols.org\/it\/wp-json\/wp\/v2\/posts\/93259","targetHints":{"allow":["GET"]}}],"collection":[{"href":"https:\/\/centcols.org\/it\/wp-json\/wp\/v2\/posts"}],"about":[{"href":"https:\/\/centcols.org\/it\/wp-json\/wp\/v2\/types\/post"}],"author":[{"embeddable":true,"href":"https:\/\/centcols.org\/it\/wp-json\/wp\/v2\/users\/136"}],"replies":[{"embeddable":true,"href":"https:\/\/centcols.org\/it\/wp-json\/wp\/v2\/comments?post=93259"}],"version-history":[{"count":0,"href":"https:\/\/centcols.org\/it\/wp-json\/wp\/v2\/posts\/93259\/revisions"}],"wp:featuredmedia":[{"embeddable":true,"href":"https:\/\/centcols.org\/it\/wp-json\/wp\/v2\/media\/93273"}],"wp:attachment":[{"href":"https:\/\/centcols.org\/it\/wp-json\/wp\/v2\/media?parent=93259"}],"wp:term":[{"taxonomy":"category","embeddable":true,"href":"https:\/\/centcols.org\/it\/wp-json\/wp\/v2\/categories?post=93259"},{"taxonomy":"post_tag","embeddable":true,"href":"https:\/\/centcols.org\/it\/wp-json\/wp\/v2\/tags?post=93259"}],"curies":[{"name":"wp","href":"https:\/\/api.w.org\/{rel}","templated":true}]}}