{"id":93274,"date":"2026-02-01T17:53:37","date_gmt":"2026-02-01T15:53:37","guid":{"rendered":"https:\/\/centcols.org\/?p=93274"},"modified":"2026-02-13T22:39:23","modified_gmt":"2026-02-13T20:39:23","slug":"col-du-souchet","status":"publish","type":"post","link":"https:\/\/centcols.org\/it\/col-du-souchet\/","title":{"rendered":"Col du Souchet"},"content":{"rendered":"<p>Dal punto di vista estetico, il Col du Souchet (<a href=\"\/it\/util\/geo\/visu.php\/?code=FR-05-2365\">FR-05-2365)<\/a> \u00e8 senza dubbio una delle pi\u00f9 belle delle Alpi settentrionali. Si trova sull'altopiano dell'Emparis (o Paris) e si affaccia sul massiccio della Meije e sui suoi ghiacciai. Pu\u00f2 essere incluso in un circuito ad anello che parte dal Lac du Chambon o, in modo ancora pi\u00f9 spettacolare, in una traversata verso Le Chazelet e La Grave.<\/p>\n\n\n<div class=\"wp-block-image\">\n<figure class=\"aligncenter size-full is-resized\"><img loading=\"lazy\" decoding=\"async\" width=\"1200\" height=\"640\" src=\"https:\/\/centcols.org\/wp-content\/uploads\/2026\/02\/col-du-souchet.jpg\" alt=\"\" class=\"wp-image-93312\" style=\"width:1000px\" srcset=\"https:\/\/centcols.org\/wp-content\/uploads\/2026\/02\/col-du-souchet.jpg 1200w, https:\/\/centcols.org\/wp-content\/uploads\/2026\/02\/col-du-souchet-768x410.jpg 768w, https:\/\/centcols.org\/wp-content\/uploads\/2026\/02\/col-du-souchet-18x10.jpg 18w\" sizes=\"auto, (max-width: 1200px) 100vw, 1200px\" \/><figcaption class=\"wp-element-caption\">Mappa del Col du Souchet dal catalogo Centscols \u00aeIGN<\/figcaption><\/figure>\n<\/div>\n\n<div class=\"wp-block-image\">\n<figure class=\"aligncenter size-full is-resized\"><img loading=\"lazy\" decoding=\"async\" width=\"1200\" height=\"713\" src=\"https:\/\/centcols.org\/wp-content\/uploads\/2026\/01\/souchet-3.jpg\" alt=\"\" class=\"wp-image-93294\" style=\"width:1000px\" srcset=\"https:\/\/centcols.org\/wp-content\/uploads\/2026\/01\/souchet-3.jpg 1200w, https:\/\/centcols.org\/wp-content\/uploads\/2026\/01\/souchet-3-768x456.jpg 768w, https:\/\/centcols.org\/wp-content\/uploads\/2026\/01\/souchet-3-18x12.jpg 18w\" sizes=\"auto, (max-width: 1200px) 100vw, 1200px\" \/><figcaption class=\"wp-element-caption\">Mappa del Col du Souchet dal catalogo Centscols \u00aeIGN<\/figcaption><\/figure>\n<\/div>\n\n\n<p>Si pu\u00f2 iniziare la salita da Le Bourg-d'Oisans (34 km, ascesa: 1.641 m) o dalla diga del Lac du Chambon (20 km, ascesa: 1.320 m). Dopo aver attraversato il muro della diga, si prende la strada che sale ripidamente fino al villaggio di Mizo\u00ebn e prosegue verso il Col de Sarenne (<a href=\"\/it\/util\/geo\/visu.php\/?code=FR-38-1999\">FR-38-1999<\/a>). Sulla destra, la D25 raggiunge Besse, uno dei pi\u00f9 graziosi villaggi di montagna, con le sue case addossate a un pendio che un tempo costituiva un'attrattiva.<\/p>\n\n\n<div class=\"wp-block-image\">\n<figure class=\"aligncenter size-full\"><img loading=\"lazy\" decoding=\"async\" width=\"526\" height=\"328\" src=\"https:\/\/centcols.org\/wp-content\/uploads\/2026\/01\/vue-du-village-de-Besse.jpg\" alt=\"\" class=\"wp-image-93295\" srcset=\"https:\/\/centcols.org\/wp-content\/uploads\/2026\/01\/vue-du-village-de-Besse.jpg 526w, https:\/\/centcols.org\/wp-content\/uploads\/2026\/01\/vue-du-village-de-Besse-18x12.jpg 18w\" sizes=\"auto, (max-width: 526px) 100vw, 526px\" \/><figcaption class=\"wp-element-caption\">Il villaggio di Besse visto dai tornanti della pista che porta a Les Collets.<\/figcaption><\/figure>\n<\/div>\n\n\n<p>Alla Besse, se ne avete voglia, potete vincere un viaggio di andata e ritorno per Les Collets (<a href=\"\/it\/util\/geo\/visu.php\/?code=FR-38-2044\">FR-38-2044)<\/a> su una pista R1 che offre una vista superba sul tortuoso Col de Sarenne <a href=\"\/it\/util\/geo\/visu.php\/?code=FR-38-1999\">(FR-38-1999<\/a>) a ovest e il ghiacciaio del Mont-de-Lans e La Meije a sud.<\/p>\n\n\n<div class=\"wp-block-image\">\n<figure class=\"aligncenter size-full\"><img loading=\"lazy\" decoding=\"async\" width=\"800\" height=\"512\" src=\"https:\/\/centcols.org\/wp-content\/uploads\/2026\/02\/col_du_souchet_1-1.jpg\" alt=\"\" class=\"wp-image-93301\" srcset=\"https:\/\/centcols.org\/wp-content\/uploads\/2026\/02\/col_du_souchet_1-1.jpg 800w, https:\/\/centcols.org\/wp-content\/uploads\/2026\/02\/col_du_souchet_1-1-768x492.jpg 768w, https:\/\/centcols.org\/wp-content\/uploads\/2026\/02\/col_du_souchet_1-1-18x12.jpg 18w\" sizes=\"auto, (max-width: 800px) 100vw, 800px\" \/><figcaption class=\"wp-element-caption\">Tenerezza materna a Les Collets (<a href=\"\/it\/util\/geo\/visu.php\/?code=FR-38-2044\">FR-38-2044<\/a>).<br>Sullo sfondo, la massa scura dell'altopiano di Emparis.<br>In lontananza: il ghiacciaio del Mont-de-Lans verso il colle dello Jandri (<a href=\"\/it\/util\/geo\/visu.php\/?code=FR-38-3151\">FR-38-3151<\/a>).<\/figcaption><\/figure>\n<\/div>\n\n\n<p>Tornati a Besse, si prosegue sulla strada asfaltata fino a Les Granges du Gay. Qui inizia un'ampia pista R1 che si snoda in salita. Un avvallamento della cresta indica il Col Nazi\u00e9. <a href=\"\/it\/util\/geo\/visu.php\/?code=FR-38-1902b\">(FR-38-1902b<\/a>).<\/p>\n\n\n<div class=\"wp-block-image\">\n<figure class=\"aligncenter size-full\"><img loading=\"lazy\" decoding=\"async\" width=\"800\" height=\"463\" src=\"https:\/\/centcols.org\/wp-content\/uploads\/2026\/02\/col_du_souchet_3.jpg\" alt=\"\" class=\"wp-image-93302\" srcset=\"https:\/\/centcols.org\/wp-content\/uploads\/2026\/02\/col_du_souchet_3.jpg 800w, https:\/\/centcols.org\/wp-content\/uploads\/2026\/02\/col_du_souchet_3-768x444.jpg 768w, https:\/\/centcols.org\/wp-content\/uploads\/2026\/02\/col_du_souchet_3-18x10.jpg 18w\" sizes=\"auto, (max-width: 800px) 100vw, 800px\" \/><figcaption class=\"wp-element-caption\">A sinistra della foto, la linea di cresta inferiore corrisponde al Col Nazi\u00e9 (<a href=\"\/it\/util\/geo\/visu.php\/?code=FR-38-1902b\">FR-38-1902b<\/a>), il sentiero passa leggermente sotto il passo. Alla fine del sentiero tortuoso, si raggiunge lo Chalet Josserand a 2245 m, che segna l'inizio dell'altopiano di Emparis.<\/figcaption><\/figure>\n<\/div>\n\n\n<p>Per raggiungere l'inizio dell'altopiano si deve spingere la bicicletta attraverso l'alpeggio per 150 metri. La pista continua a salire fino a raggiungere il Col de Saint-Georges (<a href=\"\/it\/util\/geo\/visu.php\/?code=FR-38-2245a\">FR-38-2245a<\/a>) vicino allo Chalet Josserand. A destra, il sentiero R1 prosegue verso il rifugio Mouterres (pranzo). Al ritorno, si pu\u00f2 prendere questa strada per Mizo\u00ebn dopo una superba discesa a balcone sopra la diga del Lac du Chambon! Per raggiungere il Col du Souchet (<a href=\"\/it\/util\/geo\/visu.php\/?code=FR-05-2365\">FR-05-2365<\/a>), si lascia la pista a destra e si scende nell'ampia valle del Rif Tort (S1-2), si attraversa il torrente e si risale il versante opposto seguendo il sentiero segnalato (S2). Nel punto pi\u00f9 alto si arriva al Col du Souchet (<a href=\"\/it\/util\/geo\/visu.php\/?code=FR-05-2365\">FR-05-2365<\/a>). Si gode di una magnifica vista sulla Meije, sul R\u00e2teau e sui ghiacciai...<\/p>\n\n\n<div class=\"wp-block-image\">\n<figure class=\"aligncenter size-full\"><img loading=\"lazy\" decoding=\"async\" width=\"800\" height=\"477\" src=\"https:\/\/centcols.org\/wp-content\/uploads\/2026\/02\/col_du_souchet_4.jpg\" alt=\"\" class=\"wp-image-93308\" srcset=\"https:\/\/centcols.org\/wp-content\/uploads\/2026\/02\/col_du_souchet_4.jpg 800w, https:\/\/centcols.org\/wp-content\/uploads\/2026\/02\/col_du_souchet_4-768x458.jpg 768w, https:\/\/centcols.org\/wp-content\/uploads\/2026\/02\/col_du_souchet_4-18x12.jpg 18w\" sizes=\"auto, (max-width: 800px) 100vw, 800px\" \/><figcaption class=\"wp-element-caption\">Vetta del Col du Souchet.<br>Un balcone incomparabile con vista sul massiccio della Meije a 3982 m (la cima appuntita sulla sinistra).<br> Pi\u00f9 a destra: R\u00e2teau 3809m.<\/figcaption><\/figure>\n<\/div>\n\n\n<p>Se si sceglie di passare a Le Chazelet, si prosegue dritti. Il sentiero \u00e8 in parte ciclabile (S1-2) ma richiede una spinta (S3) per la discesa finale verso la D33 che porta a La Grave.<\/p>\n\n\n<div class=\"wp-block-image\">\n<figure class=\"aligncenter size-full\"><img loading=\"lazy\" decoding=\"async\" width=\"800\" height=\"458\" src=\"https:\/\/centcols.org\/wp-content\/uploads\/2026\/02\/col_du_souchet_profil.gif\" alt=\"\" class=\"wp-image-93309\"\/><figcaption class=\"wp-element-caption\">Profilo del Col du Souchet dalla diga del Lac du Chambon.<\/figcaption><\/figure>\n<\/div>\n\n\n<p>Testo e foto di Ren\u00e9 POTY.<\/p>\n\n\n\n<p>Nota dell'editore: negli itinerari dei membri troverete un percorso che attraversa il Col du Souchet. Non si tratta del percorso suggerito da Ren\u00e9 qui sopra. Si gira nella direzione opposta, offrendo splendide viste sulla Meije durante tutta la salita.<\/p>\n\n\n\n<p class=\"has-text-align-center\"><a href=\"\/it\/le-plateau-demparis-vtt\/\">Vedere il tour<\/a><\/p>","protected":false},"excerpt":{"rendered":"<p>Sur le plan esth\u00e9tique, le col du Souchet (FR-05-2365) est, sans doute, un des plus beaux qui s&rsquo;offre \u00e0 nos app\u00e9tits dans les Alpes du nord. Il se niche sur le plateau d&rsquo; Emparis (ou de Paris) et fait face au massif de la Meije et ses glaciers. On peut l&rsquo;inclure dans un circuit en [&hellip;]<\/p>\n","protected":false},"author":485,"featured_media":93442,"comment_status":"closed","ping_status":"closed","sticky":false,"template":"","format":"standard","meta":{"_acf_changed":false,"footnotes":""},"categories":[308],"tags":[],"class_list":["post-93274","post","type-post","status-publish","format-standard","has-post-thumbnail","hentry","category-cols-en-vrac"],"acf":[],"yoast_head":"<!-- This site is optimized with the Yoast SEO plugin v27.2 - https:\/\/yoast.com\/product\/yoast-seo-wordpress\/ -->\n<title>Col du Souchet - Club des Cent Cols<\/title>\n<meta name=\"robots\" content=\"index, follow, max-snippet:-1, max-image-preview:large, max-video-preview:-1\" \/>\n<link rel=\"canonical\" href=\"https:\/\/centcols.org\/it\/col-du-souchet\/\" \/>\n<meta property=\"og:locale\" content=\"it_IT\" \/>\n<meta property=\"og:type\" content=\"article\" \/>\n<meta property=\"og:title\" content=\"Col du Souchet - Club des Cent Cols\" \/>\n<meta property=\"og:description\" content=\"Sur le plan esth\u00e9tique, le col du Souchet (FR-05-2365) est, sans doute, un des plus beaux qui s&rsquo;offre \u00e0 nos app\u00e9tits dans les Alpes du nord. Il se niche sur le plateau d&rsquo; Emparis (ou de Paris) et fait face au massif de la Meije et ses glaciers. On peut l&rsquo;inclure dans un circuit en [&hellip;]\" \/>\n<meta property=\"og:url\" content=\"https:\/\/centcols.org\/it\/col-du-souchet\/\" \/>\n<meta property=\"og:site_name\" content=\"Club des Cent Cols\" \/>\n<meta property=\"article:publisher\" content=\"https:\/\/www.facebook.com\/groups\/5261880558\/?locale=fr_FR\" \/>\n<meta property=\"article:published_time\" content=\"2026-02-01T15:53:37+00:00\" \/>\n<meta property=\"article:modified_time\" content=\"2026-02-13T20:39:23+00:00\" \/>\n<meta property=\"og:image\" content=\"https:\/\/centcols.org\/wp-content\/uploads\/2026\/02\/4301.jpg\" \/>\n\t<meta property=\"og:image:width\" content=\"800\" \/>\n\t<meta property=\"og:image:height\" content=\"600\" \/>\n\t<meta property=\"og:image:type\" content=\"image\/jpeg\" \/>\n<meta name=\"author\" content=\"Jean-No\u00ebl Jagoda\" \/>\n<meta name=\"twitter:card\" content=\"summary_large_image\" \/>\n<meta name=\"twitter:label1\" content=\"Scritto da\" \/>\n\t<meta name=\"twitter:data1\" content=\"Jean-No\u00ebl Jagoda\" \/>\n\t<meta name=\"twitter:label2\" content=\"Tempo di lettura stimato\" \/>\n\t<meta name=\"twitter:data2\" content=\"5 minuti\" \/>\n<script type=\"application\/ld+json\" class=\"yoast-schema-graph\">{\"@context\":\"https:\/\/schema.org\",\"@graph\":[{\"@type\":\"Article\",\"@id\":\"https:\/\/centcols.org\/de\/erdmandelhals\/#article\",\"isPartOf\":{\"@id\":\"https:\/\/centcols.org\/de\/erdmandelhals\/\"},\"author\":{\"name\":\"Jean-No\u00ebl Jagoda\",\"@id\":\"https:\/\/centcols.org\/#\/schema\/person\/30f4299f11521fed498f98ecf9d71664\"},\"headline\":\"Col du Souchet\",\"datePublished\":\"2026-02-01T15:53:37+00:00\",\"dateModified\":\"2026-02-13T20:39:23+00:00\",\"mainEntityOfPage\":{\"@id\":\"https:\/\/centcols.org\/de\/erdmandelhals\/\"},\"wordCount\":669,\"publisher\":{\"@id\":\"https:\/\/centcols.org\/#organization\"},\"image\":{\"@id\":\"https:\/\/centcols.org\/de\/erdmandelhals\/#primaryimage\"},\"thumbnailUrl\":\"https:\/\/centcols.org\/wp-content\/uploads\/2026\/02\/4301.jpg\",\"articleSection\":[\"Cols en vrac\"],\"inLanguage\":\"it-IT\"},{\"@type\":\"WebPage\",\"@id\":\"https:\/\/centcols.org\/de\/erdmandelhals\/\",\"url\":\"https:\/\/centcols.org\/de\/erdmandelhals\/\",\"name\":\"Col du Souchet - Club des Cent Cols\",\"isPartOf\":{\"@id\":\"https:\/\/centcols.org\/#website\"},\"primaryImageOfPage\":{\"@id\":\"https:\/\/centcols.org\/de\/erdmandelhals\/#primaryimage\"},\"image\":{\"@id\":\"https:\/\/centcols.org\/de\/erdmandelhals\/#primaryimage\"},\"thumbnailUrl\":\"https:\/\/centcols.org\/wp-content\/uploads\/2026\/02\/4301.jpg\",\"datePublished\":\"2026-02-01T15:53:37+00:00\",\"dateModified\":\"2026-02-13T20:39:23+00:00\",\"breadcrumb\":{\"@id\":\"https:\/\/centcols.org\/de\/erdmandelhals\/#breadcrumb\"},\"inLanguage\":\"it-IT\",\"potentialAction\":[{\"@type\":\"ReadAction\",\"target\":[\"https:\/\/centcols.org\/de\/erdmandelhals\/\"]}]},{\"@type\":\"ImageObject\",\"inLanguage\":\"it-IT\",\"@id\":\"https:\/\/centcols.org\/de\/erdmandelhals\/#primaryimage\",\"url\":\"https:\/\/centcols.org\/wp-content\/uploads\/2026\/02\/4301.jpg\",\"contentUrl\":\"https:\/\/centcols.org\/wp-content\/uploads\/2026\/02\/4301.jpg\",\"width\":800,\"height\":600,\"caption\":\"La Meije et le R\u00e2teau vus du Col du souchet 2356m\"},{\"@type\":\"BreadcrumbList\",\"@id\":\"https:\/\/centcols.org\/de\/erdmandelhals\/#breadcrumb\",\"itemListElement\":[{\"@type\":\"ListItem\",\"position\":1,\"name\":\"Accueil\",\"item\":\"https:\/\/centcols.org\/\"},{\"@type\":\"ListItem\",\"position\":2,\"name\":\"Cols en vrac\",\"item\":\"https:\/\/centcols.org\/rubrique\/cols-en-vrac\/\"},{\"@type\":\"ListItem\",\"position\":3,\"name\":\"Col du Souchet\"}]},{\"@type\":\"WebSite\",\"@id\":\"https:\/\/centcols.org\/#website\",\"url\":\"https:\/\/centcols.org\/\",\"name\":\"Club des Cent Cols\",\"description\":\"\",\"publisher\":{\"@id\":\"https:\/\/centcols.org\/#organization\"},\"potentialAction\":[{\"@type\":\"SearchAction\",\"target\":{\"@type\":\"EntryPoint\",\"urlTemplate\":\"https:\/\/centcols.org\/?s={search_term_string}\"},\"query-input\":{\"@type\":\"PropertyValueSpecification\",\"valueRequired\":true,\"valueName\":\"search_term_string\"}}],\"inLanguage\":\"it-IT\"},{\"@type\":\"Organization\",\"@id\":\"https:\/\/centcols.org\/#organization\",\"name\":\"Club des Cent Cols\",\"url\":\"https:\/\/centcols.org\/\",\"logo\":{\"@type\":\"ImageObject\",\"inLanguage\":\"it-IT\",\"@id\":\"https:\/\/centcols.org\/#\/schema\/logo\/image\/\",\"url\":\"https:\/\/centcols.org\/wp-content\/uploads\/2025\/01\/carte-icone.png\",\"contentUrl\":\"https:\/\/centcols.org\/wp-content\/uploads\/2025\/01\/carte-icone.png\",\"width\":250,\"height\":250,\"caption\":\"Club des Cent Cols\"},\"image\":{\"@id\":\"https:\/\/centcols.org\/#\/schema\/logo\/image\/\"},\"sameAs\":[\"https:\/\/www.facebook.com\/groups\/5261880558\/?locale=fr_FR\"]},{\"@type\":\"Person\",\"@id\":\"https:\/\/centcols.org\/#\/schema\/person\/30f4299f11521fed498f98ecf9d71664\",\"name\":\"Jean-No\u00ebl Jagoda\",\"image\":{\"@type\":\"ImageObject\",\"inLanguage\":\"it-IT\",\"@id\":\"https:\/\/centcols.org\/wp-content\/litespeed\/avatar\/4a9472068cd97156227754c35cd56ded.jpg?ver=1777248804\",\"url\":\"https:\/\/centcols.org\/wp-content\/litespeed\/avatar\/4a9472068cd97156227754c35cd56ded.jpg?ver=1777248804\",\"contentUrl\":\"https:\/\/centcols.org\/wp-content\/litespeed\/avatar\/4a9472068cd97156227754c35cd56ded.jpg?ver=1777248804\",\"caption\":\"Jean-No\u00ebl Jagoda\"},\"url\":\"https:\/\/centcols.org\/it\/author\/7270\/\"}]}<\/script>\n<!-- \/ Yoast SEO plugin. -->","yoast_head_json":{"title":"Col du Souchet - Club des Cent Cols","robots":{"index":"index","follow":"follow","max-snippet":"max-snippet:-1","max-image-preview":"max-image-preview:large","max-video-preview":"max-video-preview:-1"},"canonical":"https:\/\/centcols.org\/it\/col-du-souchet\/","og_locale":"it_IT","og_type":"article","og_title":"Col du Souchet - Club des Cent Cols","og_description":"Sur le plan esth\u00e9tique, le col du Souchet (FR-05-2365) est, sans doute, un des plus beaux qui s&rsquo;offre \u00e0 nos app\u00e9tits dans les Alpes du nord. Il se niche sur le plateau d&rsquo; Emparis (ou de Paris) et fait face au massif de la Meije et ses glaciers. On peut l&rsquo;inclure dans un circuit en [&hellip;]","og_url":"https:\/\/centcols.org\/it\/col-du-souchet\/","og_site_name":"Club des Cent Cols","article_publisher":"https:\/\/www.facebook.com\/groups\/5261880558\/?locale=fr_FR","article_published_time":"2026-02-01T15:53:37+00:00","article_modified_time":"2026-02-13T20:39:23+00:00","og_image":[{"width":800,"height":600,"url":"https:\/\/centcols.org\/wp-content\/uploads\/2026\/02\/4301.jpg","type":"image\/jpeg"}],"author":"Jean-No\u00ebl Jagoda","twitter_card":"summary_large_image","twitter_misc":{"Scritto da":"Jean-No\u00ebl Jagoda","Tempo di lettura stimato":"5 minuti"},"schema":{"@context":"https:\/\/schema.org","@graph":[{"@type":"Article","@id":"https:\/\/centcols.org\/de\/erdmandelhals\/#article","isPartOf":{"@id":"https:\/\/centcols.org\/de\/erdmandelhals\/"},"author":{"name":"Jean-No\u00ebl Jagoda","@id":"https:\/\/centcols.org\/#\/schema\/person\/30f4299f11521fed498f98ecf9d71664"},"headline":"Col du Souchet","datePublished":"2026-02-01T15:53:37+00:00","dateModified":"2026-02-13T20:39:23+00:00","mainEntityOfPage":{"@id":"https:\/\/centcols.org\/de\/erdmandelhals\/"},"wordCount":669,"publisher":{"@id":"https:\/\/centcols.org\/#organization"},"image":{"@id":"https:\/\/centcols.org\/de\/erdmandelhals\/#primaryimage"},"thumbnailUrl":"https:\/\/centcols.org\/wp-content\/uploads\/2026\/02\/4301.jpg","articleSection":["Cols en vrac"],"inLanguage":"it-IT"},{"@type":"WebPage","@id":"https:\/\/centcols.org\/de\/erdmandelhals\/","url":"https:\/\/centcols.org\/de\/erdmandelhals\/","name":"Col du Souchet - Club des Cent Cols","isPartOf":{"@id":"https:\/\/centcols.org\/#website"},"primaryImageOfPage":{"@id":"https:\/\/centcols.org\/de\/erdmandelhals\/#primaryimage"},"image":{"@id":"https:\/\/centcols.org\/de\/erdmandelhals\/#primaryimage"},"thumbnailUrl":"https:\/\/centcols.org\/wp-content\/uploads\/2026\/02\/4301.jpg","datePublished":"2026-02-01T15:53:37+00:00","dateModified":"2026-02-13T20:39:23+00:00","breadcrumb":{"@id":"https:\/\/centcols.org\/de\/erdmandelhals\/#breadcrumb"},"inLanguage":"it-IT","potentialAction":[{"@type":"ReadAction","target":["https:\/\/centcols.org\/de\/erdmandelhals\/"]}]},{"@type":"ImageObject","inLanguage":"it-IT","@id":"https:\/\/centcols.org\/de\/erdmandelhals\/#primaryimage","url":"https:\/\/centcols.org\/wp-content\/uploads\/2026\/02\/4301.jpg","contentUrl":"https:\/\/centcols.org\/wp-content\/uploads\/2026\/02\/4301.jpg","width":800,"height":600,"caption":"La Meije et le R\u00e2teau vus du Col du souchet 2356m"},{"@type":"BreadcrumbList","@id":"https:\/\/centcols.org\/de\/erdmandelhals\/#breadcrumb","itemListElement":[{"@type":"ListItem","position":1,"name":"Accueil","item":"https:\/\/centcols.org\/"},{"@type":"ListItem","position":2,"name":"Cols en vrac","item":"https:\/\/centcols.org\/rubrique\/cols-en-vrac\/"},{"@type":"ListItem","position":3,"name":"Col du Souchet"}]},{"@type":"WebSite","@id":"https:\/\/centcols.org\/#website","url":"https:\/\/centcols.org\/","name":"Club des Cent Cols","description":"","publisher":{"@id":"https:\/\/centcols.org\/#organization"},"potentialAction":[{"@type":"SearchAction","target":{"@type":"EntryPoint","urlTemplate":"https:\/\/centcols.org\/?s={search_term_string}"},"query-input":{"@type":"PropertyValueSpecification","valueRequired":true,"valueName":"search_term_string"}}],"inLanguage":"it-IT"},{"@type":"Organization","@id":"https:\/\/centcols.org\/#organization","name":"Club des Cent Cols","url":"https:\/\/centcols.org\/","logo":{"@type":"ImageObject","inLanguage":"it-IT","@id":"https:\/\/centcols.org\/#\/schema\/logo\/image\/","url":"https:\/\/centcols.org\/wp-content\/uploads\/2025\/01\/carte-icone.png","contentUrl":"https:\/\/centcols.org\/wp-content\/uploads\/2025\/01\/carte-icone.png","width":250,"height":250,"caption":"Club des Cent Cols"},"image":{"@id":"https:\/\/centcols.org\/#\/schema\/logo\/image\/"},"sameAs":["https:\/\/www.facebook.com\/groups\/5261880558\/?locale=fr_FR"]},{"@type":"Person","@id":"https:\/\/centcols.org\/#\/schema\/person\/30f4299f11521fed498f98ecf9d71664","name":"Jean-No\u00ebl Jagoda","image":{"@type":"ImageObject","inLanguage":"it-IT","@id":"https:\/\/centcols.org\/wp-content\/litespeed\/avatar\/4a9472068cd97156227754c35cd56ded.jpg?ver=1777248804","url":"https:\/\/centcols.org\/wp-content\/litespeed\/avatar\/4a9472068cd97156227754c35cd56ded.jpg?ver=1777248804","contentUrl":"https:\/\/centcols.org\/wp-content\/litespeed\/avatar\/4a9472068cd97156227754c35cd56ded.jpg?ver=1777248804","caption":"Jean-No\u00ebl Jagoda"},"url":"https:\/\/centcols.org\/it\/author\/7270\/"}]}},"_links":{"self":[{"href":"https:\/\/centcols.org\/it\/wp-json\/wp\/v2\/posts\/93274","targetHints":{"allow":["GET"]}}],"collection":[{"href":"https:\/\/centcols.org\/it\/wp-json\/wp\/v2\/posts"}],"about":[{"href":"https:\/\/centcols.org\/it\/wp-json\/wp\/v2\/types\/post"}],"author":[{"embeddable":true,"href":"https:\/\/centcols.org\/it\/wp-json\/wp\/v2\/users\/485"}],"replies":[{"embeddable":true,"href":"https:\/\/centcols.org\/it\/wp-json\/wp\/v2\/comments?post=93274"}],"version-history":[{"count":0,"href":"https:\/\/centcols.org\/it\/wp-json\/wp\/v2\/posts\/93274\/revisions"}],"wp:featuredmedia":[{"embeddable":true,"href":"https:\/\/centcols.org\/it\/wp-json\/wp\/v2\/media\/93442"}],"wp:attachment":[{"href":"https:\/\/centcols.org\/it\/wp-json\/wp\/v2\/media?parent=93274"}],"wp:term":[{"taxonomy":"category","embeddable":true,"href":"https:\/\/centcols.org\/it\/wp-json\/wp\/v2\/categories?post=93274"},{"taxonomy":"post_tag","embeddable":true,"href":"https:\/\/centcols.org\/it\/wp-json\/wp\/v2\/tags?post=93274"}],"curies":[{"name":"wp","href":"https:\/\/api.w.org\/{rel}","templated":true}]}}