{"id":93328,"date":"2026-02-01T16:20:15","date_gmt":"2026-02-01T14:20:15","guid":{"rendered":"https:\/\/centcols.org\/?p=93328"},"modified":"2026-02-01T22:15:21","modified_gmt":"2026-02-01T20:15:21","slug":"col-vallee-etroite","status":"publish","type":"post","link":"https:\/\/centcols.org\/it\/col-vallee-etroite\/","title":{"rendered":"Il passo della Vall\u00e9e \u00c9troite"},"content":{"rendered":"<p>Il passo della Vall\u00e9e \u00c9troite (<a href=\"\/it\/util\/geo\/visu.php\/?code=FR-05-2445c\" type=\"link\" id=\"\/util\/geo\/visu.php?code=FR-05-2445c\">FR-05-2445c<\/a>) \u00e8 un passo discreto, messo in ombra dai suoi vicini pi\u00f9 famosi: a ovest, il Col des Rochilles (<a href=\"\/it\/util\/geo\/visu.php\/?code=FR-73-2496\" type=\"link\" id=\"\/util\/geo\/visu.php?code=FR-73-2496\">FR-05-2496<\/a>) e ad est il passo del Fr\u00e9jus (<a href=\"\/it\/util\/geo\/visu.php\/?code=FR-73-2540\" type=\"link\" id=\"\/util\/geo\/visu.php?code=FR-73-2540\">FR-73-2540<\/a> o <a href=\"\/it\/util\/geo\/visu.php\/?code=IT-TO-2540\" type=\"link\" id=\"\/util\/geo\/visu.php?code=IT-TO-2540\">IT-TO-2540<\/a>). Questo passo \u00e8 uno dei pi\u00f9 antichi valichi tradizionali tra la Maurienne (Modane) e il Piemonte (Bardon\u00e8che), ai piedi del magnifico Mont Thabor (3178 m).<\/p>\n\n\n\n<p>Il passo della Vall\u00e9e \u00c9troite \u00e8 stato incluso negli anni '30 e '40 del XX secolo.<sup>e<\/sup> All'epoca era un valico di frontiera e faceva parte della \u00abLinea Maginot\u00bb delle Alpi. Dopo gli accordi franco-italiani del 1947, la frontiera \u00e8 stata estesa fino a pochi chilometri da Melezet, ponendo la Vall\u00e9e \u00c9troite nelle mani della Francia. Anche se qui non ci sono soldati, il passo \u00e8 oggi utilizzato da molti escursionisti del GR5. Il passo della Vall\u00e9e \u00c9troite pu\u00f2 essere scalato da entrambi i lati.<\/p>\n\n\n\n<p>Ecco uno scorcio del suo versante meridionale. Si lascia Melezet su una bella strada che sale una prima rampa per raggiungere la piccola piana di Pian de Colle. A destra, sul pendio, i pizzi del Col de l'\u00c9chelle (<a href=\"\/it\/util\/geo\/visu.php\/?code=FR-05-1762\" type=\"link\" id=\"\/util\/geo\/visu.php?code=FR-05-1762\">FR-05-1762<\/a>) che porta nella valle della Clar\u00e9e in direzione di N\u00e9vache. Dopo aver attraversato il confine (simbolico), una seconda ripida rampa costeggia una piccola diga. Cinque tornanti pi\u00f9 in alto, l'asfalto lascia il posto a un'ampia pista R1 che conduce alla Plaine de Vauzenet. Sar\u00e0 cos\u00ec per tutta la salita, che si svolge a tappe successive come una gigantesca scalinata.<\/p>\n\n\n\n<p>La valle \u00e8 magnifica e chi \u00e8 esperto la vedr\u00e0 come una tipica valle glaciale, con le sue pareti verticali e i piedi ingombri di imponenti ghiaioni. I larici sono ovunque, a testimonianza del clima secco e soleggiato, e le acque limpide del torrente, che il sentiero segue per la maggior parte, ne aumentano il fascino. Dopo un ovile (quota 1711 m), ricompare l'asfalto e dopo quattro tornanti si raggiungono le \u00abGranges de La vall\u00e9e \u00c9troite\u00bb, punto di partenza di numerose escursioni. Qui si trovano alcuni rifugi accoglienti e si pu\u00f2 mangiare qualcosa per recuperare le forze in vista di ci\u00f2 che verr\u00e0... Non prendete la pista che corre tra le case, ma aggirate il borgo sul pendio a sinistra (segnavia GR5). La pista \u00e8 ancora molto ciclabile fino al Pont de la Fonderie (ai piedi delle vecchie miniere). Attenzione, questo ponte non \u00e8 quello ben visibile sulla destra (quota 1697 m), ma \u00e8 nascosto sotto i larici, pi\u00f9 a monte (seguire le indicazioni). Qui inizia la parte pi\u00f9 impegnativa della salita (vedi punto 1 della cartina allegata).<\/p>\n\n\n\n<figure class=\"wp-block-gallery has-nested-images columns-default is-cropped wp-block-gallery-1 is-layout-flex wp-block-gallery-is-layout-flex\">\n<figure class=\"wp-block-image size-full\"><img loading=\"lazy\" decoding=\"async\" width=\"244\" height=\"502\" data-id=\"93340\" src=\"https:\/\/centcols.org\/wp-content\/uploads\/2026\/02\/vallee_etroite_carte_debut.jpg\" alt=\"\" class=\"wp-image-93340\" srcset=\"https:\/\/centcols.org\/wp-content\/uploads\/2026\/02\/vallee_etroite_carte_debut.jpg 244w, https:\/\/centcols.org\/wp-content\/uploads\/2026\/02\/vallee_etroite_carte_debut-6x12.jpg 6w\" sizes=\"auto, (max-width: 244px) 100vw, 244px\" \/><figcaption class=\"wp-element-caption\"><br><br><br>IGN<\/figcaption><\/figure>\n\n\n\n<figure class=\"wp-block-image size-full\"><img loading=\"lazy\" decoding=\"async\" width=\"374\" height=\"420\" data-id=\"93341\" src=\"https:\/\/centcols.org\/wp-content\/uploads\/2026\/02\/vallee_etroite_carte_sommet.jpg\" alt=\"\" class=\"wp-image-93341\" srcset=\"https:\/\/centcols.org\/wp-content\/uploads\/2026\/02\/vallee_etroite_carte_sommet.jpg 374w, https:\/\/centcols.org\/wp-content\/uploads\/2026\/02\/vallee_etroite_carte_sommet-11x12.jpg 11w\" sizes=\"auto, (max-width: 374px) 100vw, 374px\" \/><figcaption class=\"wp-element-caption\">IGN<\/figcaption><\/figure>\n<\/figure>\n\n\n\n<p>D'ora in poi c'\u00e8 un solo sentiero. Inizia con una spinta S3 per circa 250 m, poi segue un atterraggio S2, prima di attraversare una chiusa glaciale abbastanza ripida: S3-4 per 500 m. Ma che vista dalla cima! L'erosione glaciale ha lasciato dietro di s\u00e9 una bellissima e tipica roccia screziata. Il sentiero torna parzialmente ciclabile e scende dolcemente nel Vallon e nella Plaine de Tavernette, dove il torrente serpeggia, mentre il Mont Thabor vigila sulla sinistra. Il paesaggio \u00e8 selvaggio e lo scenario magnifico. Ma questa beatitudine si scontra ben presto con la seconda difficolt\u00e0 della salita (vedi 2 sulla mappa allegata). Dobbiamo attraversare un'ultima chiusa su un sentiero cosparso di massi (S3-4 per circa 500 m), ma fiuuu! Il grosso \u00e8 fatto e raggiungiamo il colle (2445 m) abbastanza rapidamente e senza troppe difficolt\u00e0 (S1, S2). Lo scenario in vetta \u00e8 magnifico, molto selvaggio. A ovest si vede il rifugio del Mont Thabor e, andando in quella direzione, in cinque minuti si raggiunge il Passage Sainte-Marguerite, segnato da una croce.<\/p>\n\n\n\n<figure class=\"wp-block-gallery has-nested-images columns-default is-cropped wp-block-gallery-2 is-layout-flex wp-block-gallery-is-layout-flex\">\n<figure class=\"wp-block-image size-full\"><img loading=\"lazy\" decoding=\"async\" width=\"348\" height=\"542\" data-id=\"93347\" src=\"https:\/\/centcols.org\/wp-content\/uploads\/2026\/02\/vallee_etroite_photo1.jpg\" alt=\"\" class=\"wp-image-93347\" srcset=\"https:\/\/centcols.org\/wp-content\/uploads\/2026\/02\/vallee_etroite_photo1.jpg 348w, https:\/\/centcols.org\/wp-content\/uploads\/2026\/02\/vallee_etroite_photo1-8x12.jpg 8w\" sizes=\"auto, (max-width: 348px) 100vw, 348px\" \/><figcaption class=\"wp-element-caption\">Ponte della Fonderie (1910 m) sul torrente Vall\u00e9e \u00c9troite<\/figcaption><\/figure>\n\n\n\n<figure class=\"wp-block-image size-full\"><img loading=\"lazy\" decoding=\"async\" width=\"352\" height=\"534\" data-id=\"93348\" src=\"https:\/\/centcols.org\/wp-content\/uploads\/2026\/02\/vallee_etroite_photo2.jpg\" alt=\"\" class=\"wp-image-93348\" srcset=\"https:\/\/centcols.org\/wp-content\/uploads\/2026\/02\/vallee_etroite_photo2.jpg 352w, https:\/\/centcols.org\/wp-content\/uploads\/2026\/02\/vallee_etroite_photo2-8x12.jpg 8w\" sizes=\"auto, (max-width: 352px) 100vw, 352px\" \/><figcaption class=\"wp-element-caption\">Primo tratto difficile (segnato sulla mappa: 1). S3-4 per circa 500 m<\/figcaption><\/figure>\n<\/figure>\n\n\n\n<figure class=\"wp-block-gallery has-nested-images columns-default is-cropped wp-block-gallery-3 is-layout-flex wp-block-gallery-is-layout-flex\">\n<figure class=\"wp-block-image size-full\"><img loading=\"lazy\" decoding=\"async\" width=\"356\" height=\"534\" data-id=\"93349\" src=\"https:\/\/centcols.org\/wp-content\/uploads\/2026\/02\/vallee_etroite_photo3.jpg\" alt=\"\" class=\"wp-image-93349\" srcset=\"https:\/\/centcols.org\/wp-content\/uploads\/2026\/02\/vallee_etroite_photo3.jpg 356w, https:\/\/centcols.org\/wp-content\/uploads\/2026\/02\/vallee_etroite_photo3-8x12.jpg 8w\" sizes=\"auto, (max-width: 356px) 100vw, 356px\" \/><figcaption class=\"wp-element-caption\">Di nuovo in bici (S1-2) dopo le 2<sup>e<\/sup> passaggio delicato (S3-4)<br>su una distanza di circa 400 m, localizzate sulla mappa in 2<\/figcaption><\/figure>\n\n\n\n<figure class=\"wp-block-image size-full\"><img loading=\"lazy\" decoding=\"async\" width=\"526\" height=\"360\" data-id=\"93351\" src=\"https:\/\/centcols.org\/wp-content\/uploads\/2026\/02\/vallee_etroite_photo4.jpg\" alt=\"\" class=\"wp-image-93351\" srcset=\"https:\/\/centcols.org\/wp-content\/uploads\/2026\/02\/vallee_etroite_photo4.jpg 526w, https:\/\/centcols.org\/wp-content\/uploads\/2026\/02\/vallee_etroite_photo4-18x12.jpg 18w\" sizes=\"auto, (max-width: 526px) 100vw, 526px\" \/><figcaption class=\"wp-element-caption\">Cima del colle Vall\u00e9e \u00c9troite (2445 m).<br> Accesso al Passaggio a destra<br>Sainte Marguerite (2434 m). Il rifugio Mont Thabor dista circa 20 minuti<\/figcaption><\/figure>\n<\/figure>\n\n\n\n<p>La discesa sull'altro versante del Col de la Vall\u00e9e \u00c9troite si effettua al 90% in bicicletta. Prendendo il sentiero S1-2 a destra, si arriva sopra il Col de la Replanette (<a href=\"\/it\/util\/geo\/visu.php\/?code=FR-73-2338\" type=\"link\" id=\"\/util\/geo\/visu.php?code=FR-73-2338\">FR-73-2338<\/a>) e da questo passo, attraverso gli alpeggi (HS1), troviamo una pista R1-2 poi R1 fino allo chalet de la Replanette. Inizia quindi una sontuosa discesa verso la localit\u00e0 di Le Charmaix, dove si ritorna all'asfalto e a Modane, in fondo alla valle della Maurienne (1400 m di dislivello dal Col de la Vall\u00e9e \u00c9troite!).<\/p>\n\n\n\n<figure class=\"wp-block-image size-full\"><img loading=\"lazy\" decoding=\"async\" width=\"344\" height=\"518\" src=\"https:\/\/centcols.org\/wp-content\/uploads\/2026\/02\/vallee_etroite_photo5.jpg\" alt=\"\" class=\"wp-image-93357\" srcset=\"https:\/\/centcols.org\/wp-content\/uploads\/2026\/02\/vallee_etroite_photo5.jpg 344w, https:\/\/centcols.org\/wp-content\/uploads\/2026\/02\/vallee_etroite_photo5-8x12.jpg 8w\" sizes=\"auto, (max-width: 344px) 100vw, 344px\" \/><figcaption class=\"wp-element-caption\">Col de la Vall\u00e9e \u00c9troite: lato nord. Il sentiero S2 \u00e8 chiaramente visibile.<br>Foto scattata dal sentiero S1-2 che porta al colle di Replanette<\/figcaption><\/figure>\n\n\n\n<figure class=\"wp-block-image size-full\"><img loading=\"lazy\" decoding=\"async\" width=\"526\" height=\"356\" src=\"https:\/\/centcols.org\/wp-content\/uploads\/2026\/02\/vallee_etroite_photo6.jpg\" alt=\"\" class=\"wp-image-93358\" srcset=\"https:\/\/centcols.org\/wp-content\/uploads\/2026\/02\/vallee_etroite_photo6.jpg 526w, https:\/\/centcols.org\/wp-content\/uploads\/2026\/02\/vallee_etroite_photo6-18x12.jpg 18w\" sizes=\"auto, (max-width: 526px) 100vw, 526px\" \/><figcaption class=\"wp-element-caption\">Vista verso nord dal sentiero del Col de la Replanette.<br>Lo chalet di La Replanette \u00e8 visibile<\/figcaption><\/figure>\n\n\n\n<figure class=\"wp-block-image size-full is-resized\"><img loading=\"lazy\" decoding=\"async\" width=\"450\" height=\"275\" src=\"https:\/\/centcols.org\/wp-content\/uploads\/2026\/02\/vallee_etroite_profil.jpg\" alt=\"\" class=\"wp-image-93359\" style=\"width:546px;height:auto\" srcset=\"https:\/\/centcols.org\/wp-content\/uploads\/2026\/02\/vallee_etroite_profil.jpg 450w, https:\/\/centcols.org\/wp-content\/uploads\/2026\/02\/vallee_etroite_profil-18x12.jpg 18w\" sizes=\"auto, (max-width: 450px) 100vw, 450px\" \/><\/figure>\n\n\n\n<p>Testo e foto di Ren\u00e9 Poty<\/p>\n\n\n\n<p><\/p>","protected":false},"excerpt":{"rendered":"<p>Le col de la Vall\u00e9e \u00c9troite (FR-05-2445c) est un col discret, \u00e9clips\u00e9 par ses voisins plus c\u00e9l\u00e8bres : \u00e0 l&rsquo;ouest, le col des Rochilles (FR-05-2496) et \u00e0 l&rsquo;est, le col du Fr\u00e9jus (FR-73-2540 ou IT-TO-2540). Ce col est pourtant un des passages traditionnels les plus anciens entre la Maurienne (Modane) et le Pi\u00e9mont (Bardon\u00e8che) au [&hellip;]<\/p>\n","protected":false},"author":682,"featured_media":93361,"comment_status":"closed","ping_status":"closed","sticky":false,"template":"","format":"standard","meta":{"_acf_changed":false,"footnotes":""},"categories":[308],"tags":[],"class_list":["post-93328","post","type-post","status-publish","format-standard","has-post-thumbnail","hentry","category-cols-en-vrac"],"acf":[],"yoast_head":"<!-- This site is optimized with the Yoast SEO plugin v27.2 - https:\/\/yoast.com\/product\/yoast-seo-wordpress\/ -->\n<title>Le col de la Vall\u00e9e \u00c9troite - Club des Cent Cols<\/title>\n<meta name=\"robots\" content=\"index, follow, max-snippet:-1, max-image-preview:large, max-video-preview:-1\" \/>\n<link rel=\"canonical\" href=\"https:\/\/centcols.org\/it\/col-vallee-etroite\/\" \/>\n<meta property=\"og:locale\" content=\"it_IT\" \/>\n<meta property=\"og:type\" content=\"article\" \/>\n<meta property=\"og:title\" content=\"Le col de la Vall\u00e9e \u00c9troite - Club des Cent Cols\" \/>\n<meta property=\"og:description\" content=\"Le col de la Vall\u00e9e \u00c9troite (FR-05-2445c) est un col discret, \u00e9clips\u00e9 par ses voisins plus c\u00e9l\u00e8bres : \u00e0 l&rsquo;ouest, le col des Rochilles (FR-05-2496) et \u00e0 l&rsquo;est, le col du Fr\u00e9jus (FR-73-2540 ou IT-TO-2540). Ce col est pourtant un des passages traditionnels les plus anciens entre la Maurienne (Modane) et le Pi\u00e9mont (Bardon\u00e8che) au [&hellip;]\" \/>\n<meta property=\"og:url\" content=\"https:\/\/centcols.org\/it\/col-vallee-etroite\/\" \/>\n<meta property=\"og:site_name\" content=\"Club des Cent Cols\" \/>\n<meta property=\"article:publisher\" content=\"https:\/\/www.facebook.com\/groups\/5261880558\/?locale=fr_FR\" \/>\n<meta property=\"article:published_time\" content=\"2026-02-01T14:20:15+00:00\" \/>\n<meta property=\"article:modified_time\" content=\"2026-02-01T20:15:21+00:00\" \/>\n<meta property=\"og:image\" content=\"https:\/\/centcols.org\/wp-content\/uploads\/2026\/02\/vallee_etroite_mise_en_avant.jpg\" \/>\n\t<meta property=\"og:image:width\" content=\"799\" \/>\n\t<meta property=\"og:image:height\" content=\"599\" \/>\n\t<meta property=\"og:image:type\" content=\"image\/jpeg\" \/>\n<meta name=\"author\" content=\"Paul Levart\" \/>\n<meta name=\"twitter:card\" content=\"summary_large_image\" \/>\n<meta name=\"twitter:label1\" content=\"Scritto da\" \/>\n\t<meta name=\"twitter:data1\" content=\"Paul Levart\" \/>\n\t<meta name=\"twitter:label2\" content=\"Tempo di lettura stimato\" \/>\n\t<meta name=\"twitter:data2\" content=\"7 minuti\" \/>\n<script type=\"application\/ld+json\" class=\"yoast-schema-graph\">{\"@context\":\"https:\/\/schema.org\",\"@graph\":[{\"@type\":\"Article\",\"@id\":\"https:\/\/centcols.org\/col-vallee-etroite\/#article\",\"isPartOf\":{\"@id\":\"https:\/\/centcols.org\/col-vallee-etroite\/\"},\"author\":{\"name\":\"Paul Levart\",\"@id\":\"https:\/\/centcols.org\/#\/schema\/person\/f69e64d42a30af00fb46d8cf7a1d9945\"},\"headline\":\"Le col de la Vall\u00e9e \u00c9troite\",\"datePublished\":\"2026-02-01T14:20:15+00:00\",\"dateModified\":\"2026-02-01T20:15:21+00:00\",\"mainEntityOfPage\":{\"@id\":\"https:\/\/centcols.org\/col-vallee-etroite\/\"},\"wordCount\":916,\"publisher\":{\"@id\":\"https:\/\/centcols.org\/#organization\"},\"image\":{\"@id\":\"https:\/\/centcols.org\/col-vallee-etroite\/#primaryimage\"},\"thumbnailUrl\":\"https:\/\/centcols.org\/wp-content\/uploads\/2026\/02\/vallee_etroite_mise_en_avant.jpg\",\"articleSection\":[\"Cols en vrac\"],\"inLanguage\":\"it-IT\"},{\"@type\":\"WebPage\",\"@id\":\"https:\/\/centcols.org\/col-vallee-etroite\/\",\"url\":\"https:\/\/centcols.org\/col-vallee-etroite\/\",\"name\":\"Le col de la Vall\u00e9e \u00c9troite - Club des Cent Cols\",\"isPartOf\":{\"@id\":\"https:\/\/centcols.org\/#website\"},\"primaryImageOfPage\":{\"@id\":\"https:\/\/centcols.org\/col-vallee-etroite\/#primaryimage\"},\"image\":{\"@id\":\"https:\/\/centcols.org\/col-vallee-etroite\/#primaryimage\"},\"thumbnailUrl\":\"https:\/\/centcols.org\/wp-content\/uploads\/2026\/02\/vallee_etroite_mise_en_avant.jpg\",\"datePublished\":\"2026-02-01T14:20:15+00:00\",\"dateModified\":\"2026-02-01T20:15:21+00:00\",\"breadcrumb\":{\"@id\":\"https:\/\/centcols.org\/col-vallee-etroite\/#breadcrumb\"},\"inLanguage\":\"it-IT\",\"potentialAction\":[{\"@type\":\"ReadAction\",\"target\":[\"https:\/\/centcols.org\/col-vallee-etroite\/\"]}]},{\"@type\":\"ImageObject\",\"inLanguage\":\"it-IT\",\"@id\":\"https:\/\/centcols.org\/col-vallee-etroite\/#primaryimage\",\"url\":\"https:\/\/centcols.org\/wp-content\/uploads\/2026\/02\/vallee_etroite_mise_en_avant.jpg\",\"contentUrl\":\"https:\/\/centcols.org\/wp-content\/uploads\/2026\/02\/vallee_etroite_mise_en_avant.jpg\",\"width\":799,\"height\":599},{\"@type\":\"BreadcrumbList\",\"@id\":\"https:\/\/centcols.org\/col-vallee-etroite\/#breadcrumb\",\"itemListElement\":[{\"@type\":\"ListItem\",\"position\":1,\"name\":\"Accueil\",\"item\":\"https:\/\/centcols.org\/\"},{\"@type\":\"ListItem\",\"position\":2,\"name\":\"Cols en vrac\",\"item\":\"https:\/\/centcols.org\/rubrique\/cols-en-vrac\/\"},{\"@type\":\"ListItem\",\"position\":3,\"name\":\"Le col de la Vall\u00e9e \u00c9troite\"}]},{\"@type\":\"WebSite\",\"@id\":\"https:\/\/centcols.org\/#website\",\"url\":\"https:\/\/centcols.org\/\",\"name\":\"Club des Cent Cols\",\"description\":\"\",\"publisher\":{\"@id\":\"https:\/\/centcols.org\/#organization\"},\"potentialAction\":[{\"@type\":\"SearchAction\",\"target\":{\"@type\":\"EntryPoint\",\"urlTemplate\":\"https:\/\/centcols.org\/?s={search_term_string}\"},\"query-input\":{\"@type\":\"PropertyValueSpecification\",\"valueRequired\":true,\"valueName\":\"search_term_string\"}}],\"inLanguage\":\"it-IT\"},{\"@type\":\"Organization\",\"@id\":\"https:\/\/centcols.org\/#organization\",\"name\":\"Club des Cent Cols\",\"url\":\"https:\/\/centcols.org\/\",\"logo\":{\"@type\":\"ImageObject\",\"inLanguage\":\"it-IT\",\"@id\":\"https:\/\/centcols.org\/#\/schema\/logo\/image\/\",\"url\":\"https:\/\/centcols.org\/wp-content\/uploads\/2025\/01\/carte-icone.png\",\"contentUrl\":\"https:\/\/centcols.org\/wp-content\/uploads\/2025\/01\/carte-icone.png\",\"width\":250,\"height\":250,\"caption\":\"Club des Cent Cols\"},\"image\":{\"@id\":\"https:\/\/centcols.org\/#\/schema\/logo\/image\/\"},\"sameAs\":[\"https:\/\/www.facebook.com\/groups\/5261880558\/?locale=fr_FR\"]},{\"@type\":\"Person\",\"@id\":\"https:\/\/centcols.org\/#\/schema\/person\/f69e64d42a30af00fb46d8cf7a1d9945\",\"name\":\"Paul Levart\",\"image\":{\"@type\":\"ImageObject\",\"inLanguage\":\"it-IT\",\"@id\":\"https:\/\/centcols.org\/wp-content\/litespeed\/avatar\/b81f27ef11f03e8b6b3b3019b1b2b4d7.jpg?ver=1777205446\",\"url\":\"https:\/\/centcols.org\/wp-content\/litespeed\/avatar\/b81f27ef11f03e8b6b3b3019b1b2b4d7.jpg?ver=1777205446\",\"contentUrl\":\"https:\/\/centcols.org\/wp-content\/litespeed\/avatar\/b81f27ef11f03e8b6b3b3019b1b2b4d7.jpg?ver=1777205446\",\"caption\":\"Paul Levart\"},\"url\":\"https:\/\/centcols.org\/it\/author\/4953\/\"}]}<\/script>\n<!-- \/ Yoast SEO plugin. -->","yoast_head_json":{"title":"Il Passo della Vall\u00e9e \u00c9troite - Club des Cent Cols","robots":{"index":"index","follow":"follow","max-snippet":"max-snippet:-1","max-image-preview":"max-image-preview:large","max-video-preview":"max-video-preview:-1"},"canonical":"https:\/\/centcols.org\/it\/col-vallee-etroite\/","og_locale":"it_IT","og_type":"article","og_title":"Le col de la Vall\u00e9e \u00c9troite - Club des Cent Cols","og_description":"Le col de la Vall\u00e9e \u00c9troite (FR-05-2445c) est un col discret, \u00e9clips\u00e9 par ses voisins plus c\u00e9l\u00e8bres : \u00e0 l&rsquo;ouest, le col des Rochilles (FR-05-2496) et \u00e0 l&rsquo;est, le col du Fr\u00e9jus (FR-73-2540 ou IT-TO-2540). Ce col est pourtant un des passages traditionnels les plus anciens entre la Maurienne (Modane) et le Pi\u00e9mont (Bardon\u00e8che) au [&hellip;]","og_url":"https:\/\/centcols.org\/it\/col-vallee-etroite\/","og_site_name":"Club des Cent Cols","article_publisher":"https:\/\/www.facebook.com\/groups\/5261880558\/?locale=fr_FR","article_published_time":"2026-02-01T14:20:15+00:00","article_modified_time":"2026-02-01T20:15:21+00:00","og_image":[{"width":799,"height":599,"url":"https:\/\/centcols.org\/wp-content\/uploads\/2026\/02\/vallee_etroite_mise_en_avant.jpg","type":"image\/jpeg"}],"author":"Paul Levart","twitter_card":"summary_large_image","twitter_misc":{"Scritto da":"Paul Levart","Tempo di lettura stimato":"7 minuti"},"schema":{"@context":"https:\/\/schema.org","@graph":[{"@type":"Article","@id":"https:\/\/centcols.org\/col-vallee-etroite\/#article","isPartOf":{"@id":"https:\/\/centcols.org\/col-vallee-etroite\/"},"author":{"name":"Paul Levart","@id":"https:\/\/centcols.org\/#\/schema\/person\/f69e64d42a30af00fb46d8cf7a1d9945"},"headline":"Le col de la Vall\u00e9e \u00c9troite","datePublished":"2026-02-01T14:20:15+00:00","dateModified":"2026-02-01T20:15:21+00:00","mainEntityOfPage":{"@id":"https:\/\/centcols.org\/col-vallee-etroite\/"},"wordCount":916,"publisher":{"@id":"https:\/\/centcols.org\/#organization"},"image":{"@id":"https:\/\/centcols.org\/col-vallee-etroite\/#primaryimage"},"thumbnailUrl":"https:\/\/centcols.org\/wp-content\/uploads\/2026\/02\/vallee_etroite_mise_en_avant.jpg","articleSection":["Cols en vrac"],"inLanguage":"it-IT"},{"@type":"WebPage","@id":"https:\/\/centcols.org\/col-vallee-etroite\/","url":"https:\/\/centcols.org\/col-vallee-etroite\/","name":"Il Passo della Vall\u00e9e \u00c9troite - Club des Cent Cols","isPartOf":{"@id":"https:\/\/centcols.org\/#website"},"primaryImageOfPage":{"@id":"https:\/\/centcols.org\/col-vallee-etroite\/#primaryimage"},"image":{"@id":"https:\/\/centcols.org\/col-vallee-etroite\/#primaryimage"},"thumbnailUrl":"https:\/\/centcols.org\/wp-content\/uploads\/2026\/02\/vallee_etroite_mise_en_avant.jpg","datePublished":"2026-02-01T14:20:15+00:00","dateModified":"2026-02-01T20:15:21+00:00","breadcrumb":{"@id":"https:\/\/centcols.org\/col-vallee-etroite\/#breadcrumb"},"inLanguage":"it-IT","potentialAction":[{"@type":"ReadAction","target":["https:\/\/centcols.org\/col-vallee-etroite\/"]}]},{"@type":"ImageObject","inLanguage":"it-IT","@id":"https:\/\/centcols.org\/col-vallee-etroite\/#primaryimage","url":"https:\/\/centcols.org\/wp-content\/uploads\/2026\/02\/vallee_etroite_mise_en_avant.jpg","contentUrl":"https:\/\/centcols.org\/wp-content\/uploads\/2026\/02\/vallee_etroite_mise_en_avant.jpg","width":799,"height":599},{"@type":"BreadcrumbList","@id":"https:\/\/centcols.org\/col-vallee-etroite\/#breadcrumb","itemListElement":[{"@type":"ListItem","position":1,"name":"Accueil","item":"https:\/\/centcols.org\/"},{"@type":"ListItem","position":2,"name":"Cols en vrac","item":"https:\/\/centcols.org\/rubrique\/cols-en-vrac\/"},{"@type":"ListItem","position":3,"name":"Le col de la Vall\u00e9e \u00c9troite"}]},{"@type":"WebSite","@id":"https:\/\/centcols.org\/#website","url":"https:\/\/centcols.org\/","name":"Club des Cent Cols","description":"","publisher":{"@id":"https:\/\/centcols.org\/#organization"},"potentialAction":[{"@type":"SearchAction","target":{"@type":"EntryPoint","urlTemplate":"https:\/\/centcols.org\/?s={search_term_string}"},"query-input":{"@type":"PropertyValueSpecification","valueRequired":true,"valueName":"search_term_string"}}],"inLanguage":"it-IT"},{"@type":"Organization","@id":"https:\/\/centcols.org\/#organization","name":"Club des Cent Cols","url":"https:\/\/centcols.org\/","logo":{"@type":"ImageObject","inLanguage":"it-IT","@id":"https:\/\/centcols.org\/#\/schema\/logo\/image\/","url":"https:\/\/centcols.org\/wp-content\/uploads\/2025\/01\/carte-icone.png","contentUrl":"https:\/\/centcols.org\/wp-content\/uploads\/2025\/01\/carte-icone.png","width":250,"height":250,"caption":"Club des Cent Cols"},"image":{"@id":"https:\/\/centcols.org\/#\/schema\/logo\/image\/"},"sameAs":["https:\/\/www.facebook.com\/groups\/5261880558\/?locale=fr_FR"]},{"@type":"Person","@id":"https:\/\/centcols.org\/#\/schema\/person\/f69e64d42a30af00fb46d8cf7a1d9945","name":"Paul Levart","image":{"@type":"ImageObject","inLanguage":"it-IT","@id":"https:\/\/centcols.org\/wp-content\/litespeed\/avatar\/b81f27ef11f03e8b6b3b3019b1b2b4d7.jpg?ver=1777205446","url":"https:\/\/centcols.org\/wp-content\/litespeed\/avatar\/b81f27ef11f03e8b6b3b3019b1b2b4d7.jpg?ver=1777205446","contentUrl":"https:\/\/centcols.org\/wp-content\/litespeed\/avatar\/b81f27ef11f03e8b6b3b3019b1b2b4d7.jpg?ver=1777205446","caption":"Paul Levart"},"url":"https:\/\/centcols.org\/it\/author\/4953\/"}]}},"_links":{"self":[{"href":"https:\/\/centcols.org\/it\/wp-json\/wp\/v2\/posts\/93328","targetHints":{"allow":["GET"]}}],"collection":[{"href":"https:\/\/centcols.org\/it\/wp-json\/wp\/v2\/posts"}],"about":[{"href":"https:\/\/centcols.org\/it\/wp-json\/wp\/v2\/types\/post"}],"author":[{"embeddable":true,"href":"https:\/\/centcols.org\/it\/wp-json\/wp\/v2\/users\/682"}],"replies":[{"embeddable":true,"href":"https:\/\/centcols.org\/it\/wp-json\/wp\/v2\/comments?post=93328"}],"version-history":[{"count":0,"href":"https:\/\/centcols.org\/it\/wp-json\/wp\/v2\/posts\/93328\/revisions"}],"wp:featuredmedia":[{"embeddable":true,"href":"https:\/\/centcols.org\/it\/wp-json\/wp\/v2\/media\/93361"}],"wp:attachment":[{"href":"https:\/\/centcols.org\/it\/wp-json\/wp\/v2\/media?parent=93328"}],"wp:term":[{"taxonomy":"category","embeddable":true,"href":"https:\/\/centcols.org\/it\/wp-json\/wp\/v2\/categories?post=93328"},{"taxonomy":"post_tag","embeddable":true,"href":"https:\/\/centcols.org\/it\/wp-json\/wp\/v2\/tags?post=93328"}],"curies":[{"name":"wp","href":"https:\/\/api.w.org\/{rel}","templated":true}]}}