{"id":93373,"date":"2026-03-21T09:08:19","date_gmt":"2026-03-21T07:08:19","guid":{"rendered":"https:\/\/centcols.org\/?p=93373"},"modified":"2026-03-21T09:08:24","modified_gmt":"2026-03-21T07:08:24","slug":"mont-chaberton","status":"publish","type":"post","link":"https:\/\/centcols.org\/it\/le-mont-chaberton\/","title":{"rendered":"Monte Chaberton"},"content":{"rendered":"<p><em>Testo e foto di Philippe Girardin<\/em><\/p>\n\n\n\n<p>Il monte Chaberton, che raggiunge i 3131 m, \u00e8 una tappa obbligata per gli amanti della mountain bike.<\/p>\n\n\n\n<p>Il monte Chaberton e il passo dello Chaberton <a href=\"http:\/\/FR-05-2674\">(<\/a><a href=\"\/it\/util\/geo\/visu.php\/?code=FR-05-2674\">FR-05-2674<\/a><a href=\"http:\/\/FR-05-2674\">)<\/a> sono ragionevolmente accessibili in mountain bike, nonostante i 1.900 metri di dislivello che impediscono l'accesso dal versante italiano. La pista \u00e8 stata accuratamente riasfaltata fino al chilometro 10. L'undicesimo e ultimo chilometro fino al passo potrebbe essere presto riasfaltato. L'undicesimo e ultimo chilometro fino al passo potrebbe essere presto riasfaltato. Dal passo, i chilometri che portano alla vetta del Mont Chaberton sono tre, tutti percorribili a piedi per la salita. La discesa pu\u00f2 essere fatta in bicicletta, ma \u00e8 consigliata solo a discesisti esperti. A Monginevro si mormora che in futuro un impianto di risalita potrebbe garantire l'accesso. Quindi, uscite prima che il fascino dell'isolamento e il senso di avventura che questo percorso ancora emana scompaiano per sempre. \u00c8 un peccato puntare solo al passo a 2674 m. Siate abbastanza aperti e altruisti da salire fino alla vetta a 3131 m: non ve ne pentirete!<\/p>\n\n\n<div class=\"wp-block-image\">\n<figure class=\"aligncenter size-full\"><img loading=\"lazy\" decoding=\"async\" width=\"800\" height=\"475\" src=\"https:\/\/centcols.org\/wp-content\/uploads\/2026\/02\/col-et-mont-Chaberton-1.jpg\" alt=\"\" class=\"wp-image-93629\" srcset=\"https:\/\/centcols.org\/wp-content\/uploads\/2026\/02\/col-et-mont-Chaberton-1.jpg 800w, https:\/\/centcols.org\/wp-content\/uploads\/2026\/02\/col-et-mont-Chaberton-1-768x456.jpg 768w, https:\/\/centcols.org\/wp-content\/uploads\/2026\/02\/col-et-mont-Chaberton-1-18x12.jpg 18w\" sizes=\"auto, (max-width: 800px) 100vw, 800px\" \/><figcaption class=\"wp-element-caption\">Il passo Chaberton e il monte \u00a9IGN<\/figcaption><\/figure>\n<\/div>\n\n<div class=\"wp-block-image\">\n<figure class=\"aligncenter size-full\"><img loading=\"lazy\" decoding=\"async\" width=\"800\" height=\"542\" src=\"https:\/\/centcols.org\/wp-content\/uploads\/2026\/02\/Chaberton-plan-large-1.jpg\" alt=\"\" class=\"wp-image-93628\" srcset=\"https:\/\/centcols.org\/wp-content\/uploads\/2026\/02\/Chaberton-plan-large-1.jpg 800w, https:\/\/centcols.org\/wp-content\/uploads\/2026\/02\/Chaberton-plan-large-1-768x520.jpg 768w, https:\/\/centcols.org\/wp-content\/uploads\/2026\/02\/Chaberton-plan-large-1-18x12.jpg 18w\" sizes=\"auto, (max-width: 800px) 100vw, 800px\" \/><figcaption class=\"wp-element-caption\">Vista generale del Mont Chaberton \u00a9IGN<\/figcaption><\/figure>\n<\/div>\n\n\n<h2 class=\"wp-block-heading\">Un po' di storia<\/h2>\n\n\n\n<p>Il Mont Chaberton \u00e8 una cima straordinaria. Vicino al confine italiano, domina con orgoglio le citt\u00e0 di Monginevro, sul versante francese, e di Cesana-Torinese, su quello italiano, ed \u00e8 visibile da lontano. Il suo versante meridionale sembra inaccessibile, come se fosse stato scalato in un sol colpo a 1.500 metri di distanza. Prima della Seconda guerra mondiale, il Mont Chaberton era italiano e la sua parete nord era relativamente accessibile su un dolce pendio. Questa situazione strategica fece venire all'esercito italiano l'idea di dotare la cima di un forte armato di potenti cannoni.<\/p>\n\n\n<div class=\"wp-block-image\">\n<figure class=\"aligncenter size-full\"><img loading=\"lazy\" decoding=\"async\" width=\"800\" height=\"600\" src=\"https:\/\/centcols.org\/wp-content\/uploads\/2026\/02\/upscaled-modified-21.jpg\" alt=\"\" class=\"wp-image-94267\" srcset=\"https:\/\/centcols.org\/wp-content\/uploads\/2026\/02\/upscaled-modified-21.jpg 800w, https:\/\/centcols.org\/wp-content\/uploads\/2026\/02\/upscaled-modified-21-768x576.jpg 768w, https:\/\/centcols.org\/wp-content\/uploads\/2026\/02\/upscaled-modified-21-16x12.jpg 16w\" sizes=\"auto, (max-width: 800px) 100vw, 800px\" \/><figcaption class=\"wp-element-caption\">Il Monginevro, dominato dal Monte Chaberton.<\/figcaption><\/figure>\n<\/div>\n\n<div class=\"wp-block-image\">\n<figure class=\"aligncenter size-full\"><img loading=\"lazy\" decoding=\"async\" width=\"1280\" height=\"960\" src=\"https:\/\/centcols.org\/wp-content\/uploads\/2026\/02\/upscaled-modified-20-1.jpg\" alt=\"\" class=\"wp-image-94268\" srcset=\"https:\/\/centcols.org\/wp-content\/uploads\/2026\/02\/upscaled-modified-20-1.jpg 1280w, https:\/\/centcols.org\/wp-content\/uploads\/2026\/02\/upscaled-modified-20-1-1200x900.jpg 1200w, https:\/\/centcols.org\/wp-content\/uploads\/2026\/02\/upscaled-modified-20-1-768x576.jpg 768w, https:\/\/centcols.org\/wp-content\/uploads\/2026\/02\/upscaled-modified-20-1-16x12.jpg 16w\" sizes=\"auto, (max-width: 1280px) 100vw, 1280px\" \/><figcaption class=\"wp-element-caption\">Versante esposto a sud sopra Clavi\u00e8re.<\/figcaption><\/figure>\n<\/div>\n\n<div class=\"wp-block-image\">\n<figure class=\"aligncenter size-full is-resized\"><img loading=\"lazy\" decoding=\"async\" width=\"800\" height=\"600\" src=\"https:\/\/centcols.org\/wp-content\/uploads\/2026\/02\/upscaled-modified-19.jpg\" alt=\"\" class=\"wp-image-93965\" style=\"width:800px\" srcset=\"https:\/\/centcols.org\/wp-content\/uploads\/2026\/02\/upscaled-modified-19.jpg 800w, https:\/\/centcols.org\/wp-content\/uploads\/2026\/02\/upscaled-modified-19-768x576.jpg 768w, https:\/\/centcols.org\/wp-content\/uploads\/2026\/02\/upscaled-modified-19-16x12.jpg 16w\" sizes=\"auto, (max-width: 800px) 100vw, 800px\" \/><figcaption class=\"wp-element-caption\">Vista del Col des Trois Fr\u00e8res Mineurs.<\/figcaption><\/figure>\n<\/div>\n\n\n<h3 class=\"wp-block-heading\">Wikipedia<\/h3>\n\n\n\n<blockquote class=\"wp-block-quote is-layout-flow wp-block-quote-is-layout-flow\">\n<blockquote class=\"wp-block-quote is-layout-flow wp-block-quote-is-layout-flow\">\n<p>Prima della seconda guerra mondiale, le truppe italiane costruirono una batteria di otto torrette, sormontate da cannoni, rivolte verso la Francia e la citt\u00e0 di <a href=\"https:\/\/fr.wikipedia.org\/wiki\/Brian%C3%A7on\">Brian\u00e7on<\/a>. Hanno difeso il passo del Monginevro (<a href=\"\/it\/util\/geo\/visu.php\/?code=FR-05-1850\">FR-05-1850<\/a>). Per raggiungere questo obiettivo, soldati e ingegneri costruirono una strada dal villaggio di Fenils (<a href=\"http:\/\/fr.wikipedia.org\/wiki\/Val_de_Suse\">Valle di Susa<\/a>). Essi abradono la cima del Monte Chaberton per creare un glacis difensivo per le torrette. Il forte, talvolta soprannominato \u00abForte delle Nuvole\u00bb, era l'orgoglio dell'esercito italiano. All'epoca era considerato il pi\u00f9 alto e uno dei pi\u00f9 potenti forti del mondo. Pochi giorni dopo l'entrata in guerra dell'Italia, nel giugno del 1940, guidata dalla <a href=\"https:\/\/fr.wikipedia.org\/wiki\/Ouvrage_du_Janus\">forte del Giano<\/a>, la batteria italiana \u00e8 stata distrutta dal fuoco del 154<sup>e<\/sup> Reggimento di artiglieria di posizione dell'esercito francese. Alla fine della guerra, la valle di Baisses, la cima del Mont Chaberton e la batteria furono annesse alla Francia. Di conseguenza, il confine franco-italiano fu spostato all'ingresso della localit\u00e0 italiana di <a href=\"https:\/\/fr.wikipedia.org\/wiki\/Clavi%C3%A8res_(Italie)\">Clavi\u00e8re<\/a>.<br>Il forte fu costruito a partire dal 1891 grazie a un grande sforzo di manodopera. L'attuale pista fu probabilmente aperta in quel periodo. Fu utilizzata per issare uomini e attrezzature per la costruzione di una funivia. Un totale di 8 cannoni da 149 mm, tutti appollaiati su otto torrette in muratura, sovrastavano una caserma alta 113 m 18....<br>All'inizio della Seconda Guerra Mondiale, questo forte nemico italiano era una delle principali preoccupazioni del comando francese. Esso install\u00f2 mortai da 280 mm nascosti contro il pendio degli osservatori italiani sotto il Col des Gondrans (<a href=\"\/it\/util\/geo\/visu.php\/?code=FR-05-2347a\">FR-05-2347a<\/a>) e osservatori (a Janus). Allo scoppio delle ostilit\u00e0, il 21 giugno 1940 l'artiglieria francese riusc\u00ec a distruggere le batterie del Mont Chaberton e il suo deposito di munizioni. Questa impresa fu resa possibile da una scienza balistica perfettamente sviluppata (fuoco parabolico da una distanza di 10 km su un bersaglio a poche decine di metri). L'assalto dur\u00f2 tre ore e mezza, con cinquantasette colpi a segno, vanificando all'istante anni di sforzi. Le batterie del Mont Chaberton furono messe a tacere per sempre. Possiamo immaginare che questo fatto d'armi abbia motivato l'annessione della montagna da parte della Francia nel 1945.<br>Da questo racconto abbiamo capito che la strada di accesso era sul versante italiano. Sul versante francese, c'\u00e8 solo un sentiero \u00abS3-S4\u00bb che sale dal 2177 dopo una buona pista che sale dal Monginevro.<\/p>\n<\/blockquote>\n<\/blockquote>\n\n\n\n<h2 class=\"wp-block-heading\">La salita al passo a 2674 m e alla montagna a 3131 m<\/h2>\n\n\n\n<p>Si lascia la strada statale pochi chilometri a nord di Cesana-Torinese per imboccare la piccola strada asfaltata che porta a Fenils. Se provenite dalla Francia, dovrete affrontare la discesa di 8 km del colle del Monginevro, poco piacevole e pericolosa non solo per il traffico, ma anche per le numerose e lunghe gallerie.<br>La salita inizia presso un ponte poco prima di Fenils, a 1230 m di altitudine. Fin dall'inizio, la salita \u00e8 ripida. Non c'\u00e8 tregua negli 11 km che portano al passo (la percentuale media di questi 11 km \u00e8 di 13%, quindi non aspettatevi di trovare punti con meno di 8 o 9%). Bisogna quindi essere determinati.<br>Uscendo da Fenils, si raggiunge un'altitudine di 1276 metri. Qui la strada asfaltata lascia il posto a un sentiero sterrato adatto alla bicicletta. Su questo sentiero si trovano alcuni tratti pi\u00f9 sassosi che minacciano l'aderenza della ruota posteriore. \u00c8 quindi consigliabile e sicuro attraversare questi tratti insidiosi a piedi.<br>Dopo 2,5 km si arriva alla frazione di Pra Claud, a 1589 m di altitudine. All'ingresso di questa frazione c'\u00e8 un grande cartello che indica che il sentiero \u00e8 chiuso a tutti i veicoli.<\/p>\n\n\n<div class=\"wp-block-image\">\n<figure class=\"aligncenter size-full\"><img loading=\"lazy\" decoding=\"async\" width=\"800\" height=\"600\" src=\"https:\/\/centcols.org\/wp-content\/uploads\/2026\/02\/upscaled-modified-1.jpg\" alt=\"\" class=\"wp-image-93966\" style=\"object-fit:cover\" srcset=\"https:\/\/centcols.org\/wp-content\/uploads\/2026\/02\/upscaled-modified-1.jpg 800w, https:\/\/centcols.org\/wp-content\/uploads\/2026\/02\/upscaled-modified-1-768x576.jpg 768w, https:\/\/centcols.org\/wp-content\/uploads\/2026\/02\/upscaled-modified-1-16x12.jpg 16w\" sizes=\"auto, (max-width: 800px) 100vw, 800px\" \/><figcaption class=\"wp-element-caption\">Pra Claud.<\/figcaption><\/figure>\n<\/div>\n\n\n<p>Arriviamo quindi alla prima grande pila di tornanti ancora tra la vegetazione. Ai lati della pista ci sono regolarmente delle panchine di legno per riposare! Si arriva cos\u00ec a 2000 m e all'attraversamento di un torrente. La pendenza continua senza sosta e ci porta presto a 2099 m, dove si trova un'altra serie di tornanti. Sulla sinistra si trova l'inizio di un'altra pista che costeggia il fianco della montagna e si unisce alla Cresta Nera e al Colletto di Cresta Nera (<a href=\"\/it\/util\/geo\/visu.php\/?code=IT-TO-2201\">IT-TO-2201<\/a>).<\/p>\n\n\n<div class=\"wp-block-image\">\n<figure class=\"aligncenter size-full\"><img loading=\"lazy\" decoding=\"async\" width=\"800\" height=\"600\" src=\"https:\/\/centcols.org\/wp-content\/uploads\/2026\/02\/upscaled-modified-2-1.jpg\" alt=\"\" class=\"wp-image-94271\" srcset=\"https:\/\/centcols.org\/wp-content\/uploads\/2026\/02\/upscaled-modified-2-1.jpg 800w, https:\/\/centcols.org\/wp-content\/uploads\/2026\/02\/upscaled-modified-2-1-768x576.jpg 768w, https:\/\/centcols.org\/wp-content\/uploads\/2026\/02\/upscaled-modified-2-1-16x12.jpg 16w\" sizes=\"auto, (max-width: 800px) 100vw, 800px\" \/><figcaption class=\"wp-element-caption\">A 2000 m di altitudine, la montagna \u00e8 rivolta verso nord.<\/figcaption><\/figure>\n<\/div>\n\n<div class=\"wp-block-image\">\n<figure class=\"aligncenter size-full\"><img loading=\"lazy\" decoding=\"async\" width=\"800\" height=\"600\" src=\"https:\/\/centcols.org\/wp-content\/uploads\/2026\/02\/upscaled-modified-3.jpg\" alt=\"\" class=\"wp-image-94272\" srcset=\"https:\/\/centcols.org\/wp-content\/uploads\/2026\/02\/upscaled-modified-3.jpg 800w, https:\/\/centcols.org\/wp-content\/uploads\/2026\/02\/upscaled-modified-3-768x576.jpg 768w, https:\/\/centcols.org\/wp-content\/uploads\/2026\/02\/upscaled-modified-3-16x12.jpg 16w\" sizes=\"auto, (max-width: 800px) 100vw, 800px\" \/><figcaption class=\"wp-element-caption\">Altitudine 2070 m.<\/figcaption><\/figure>\n<\/div>\n\n\n<p>Da qui in poi, il mondo diventa completamente minerale. La pendenza e i ciottoli sul sentiero rendono difficile la progressione. Si sale gradualmente, con uno sforzo sostenuto, fino a raggiungere l'ingresso della valle del colle. L'uscita nella valle offre una vista impressionante sui ghiaioni e sulle masse rocciose. Si nota anche che si stanno compiendo sforzi per riabilitare il sentiero, con l'aggiunta di alcuni muretti e piattaforme di contenimento. La pendenza si attenua un po', ma la presenza di rocce sul sentiero aumenta e rende difficile la progressione.<\/p>\n\n\n\n<p>L'ultimo chilometro sotto il passo, ed \u00e8 difficile trovare il percorso effettivo della pista perch\u00e9 a questo punto \u00e8 molto spezzettata. Camminare diventa obbligatorio. Negli ultimi metri, la pista \u00e8 scomparsa ed \u00e8 stata sostituita da un sentiero. In cima al passo ci accoglie un forte vento. Un cartello indica la strada per la vetta. Si gode gi\u00e0 di una bella vista sull'Oisans, con in primo piano la vertiginosa discesa del versante francese del sentiero.<\/p>\n\n\n<div class=\"wp-block-image\">\n<figure class=\"aligncenter size-full\"><img loading=\"lazy\" decoding=\"async\" width=\"800\" height=\"600\" src=\"https:\/\/centcols.org\/wp-content\/uploads\/2026\/02\/upscaled-modified-5.jpg\" alt=\"\" class=\"wp-image-94275\" srcset=\"https:\/\/centcols.org\/wp-content\/uploads\/2026\/02\/upscaled-modified-5.jpg 800w, https:\/\/centcols.org\/wp-content\/uploads\/2026\/02\/upscaled-modified-5-768x576.jpg 768w, https:\/\/centcols.org\/wp-content\/uploads\/2026\/02\/upscaled-modified-5-16x12.jpg 16w\" sizes=\"auto, (max-width: 800px) 100vw, 800px\" \/><figcaption class=\"wp-element-caption\">Vista dal passo, versante esposto a est.<\/figcaption><\/figure>\n<\/div>\n\n<div class=\"wp-block-image\">\n<figure class=\"aligncenter size-full\"><img loading=\"lazy\" decoding=\"async\" width=\"800\" height=\"600\" src=\"https:\/\/centcols.org\/wp-content\/uploads\/2026\/02\/upscaled-modified-7.jpg\" alt=\"\" class=\"wp-image-94276\" srcset=\"https:\/\/centcols.org\/wp-content\/uploads\/2026\/02\/upscaled-modified-7.jpg 800w, https:\/\/centcols.org\/wp-content\/uploads\/2026\/02\/upscaled-modified-7-768x576.jpg 768w, https:\/\/centcols.org\/wp-content\/uploads\/2026\/02\/upscaled-modified-7-16x12.jpg 16w\" sizes=\"auto, (max-width: 800px) 100vw, 800px\" \/><figcaption class=\"wp-element-caption\">Dal passo, vista sulla Val di Susa.<\/figcaption><\/figure>\n<\/div>\n\n<div class=\"wp-block-image\">\n<figure class=\"aligncenter size-full\"><img loading=\"lazy\" decoding=\"async\" width=\"800\" height=\"600\" src=\"https:\/\/centcols.org\/wp-content\/uploads\/2026\/02\/upscaled-modified-6.jpg\" alt=\"\" class=\"wp-image-94277\" srcset=\"https:\/\/centcols.org\/wp-content\/uploads\/2026\/02\/upscaled-modified-6.jpg 800w, https:\/\/centcols.org\/wp-content\/uploads\/2026\/02\/upscaled-modified-6-768x576.jpg 768w, https:\/\/centcols.org\/wp-content\/uploads\/2026\/02\/upscaled-modified-6-16x12.jpg 16w\" sizes=\"auto, (max-width: 800px) 100vw, 800px\" \/><figcaption class=\"wp-element-caption\">Vista del colle da ovest. Oisans e il Col de la Lauze.<\/figcaption><\/figure>\n<\/div>\n\n\n<p>Fatevi coraggio, ci sono solo 450 metri di salita su 3 chilometri, il che significa una media di 15% per arrivare alla fine. Si presenta come un enorme pendio spoglio che pu\u00f2 essere scalato (molto) parzialmente in mountain bike, seguendo gli zigzag ben segnalati del sentiero. Il paesaggio \u00e8 interamente minerale. Sul terreno si trovano i resti delle aree del forte, ovvero pali metallici e filo spinato. Un enorme cavo metallico che corre per centinaia di metri sul terreno potrebbe essere la prova della funivia? Mozzafiato: la vista, naturalmente, ma non dimentichiamo il vento. Sar\u00e0 impossibile scendere dalla bicicletta per paura di essere sbattuti contro il muro o gi\u00f9 per il pendio.<\/p>\n\n\n<div class=\"wp-block-image\">\n<figure class=\"aligncenter size-full\"><img loading=\"lazy\" decoding=\"async\" width=\"800\" height=\"600\" src=\"https:\/\/centcols.org\/wp-content\/uploads\/2026\/02\/upscaled-modified-9.jpg\" alt=\"\" class=\"wp-image-94279\" srcset=\"https:\/\/centcols.org\/wp-content\/uploads\/2026\/02\/upscaled-modified-9.jpg 800w, https:\/\/centcols.org\/wp-content\/uploads\/2026\/02\/upscaled-modified-9-768x576.jpg 768w, https:\/\/centcols.org\/wp-content\/uploads\/2026\/02\/upscaled-modified-9-16x12.jpg 16w\" sizes=\"auto, (max-width: 800px) 100vw, 800px\" \/><figcaption class=\"wp-element-caption\">Dalla cima della montagna, il Col du Chaberton.<\/figcaption><\/figure>\n<\/div>\n\n<div class=\"wp-block-image\">\n<figure class=\"aligncenter size-full\"><img loading=\"lazy\" decoding=\"async\" width=\"800\" height=\"600\" src=\"https:\/\/centcols.org\/wp-content\/uploads\/2026\/02\/upscaled-modified-14.jpg\" alt=\"\" class=\"wp-image-94280\" srcset=\"https:\/\/centcols.org\/wp-content\/uploads\/2026\/02\/upscaled-modified-14.jpg 800w, https:\/\/centcols.org\/wp-content\/uploads\/2026\/02\/upscaled-modified-14-768x576.jpg 768w, https:\/\/centcols.org\/wp-content\/uploads\/2026\/02\/upscaled-modified-14-16x12.jpg 16w\" sizes=\"auto, (max-width: 800px) 100vw, 800px\" \/><figcaption class=\"wp-element-caption\">Altitudine 3000 m, le ultime rampe.<\/figcaption><\/figure>\n<\/div>\n\n\n<p>In quaranta minuti si arriva quasi sorpresi sul ghiacciaio finale e ci si chiede se la salita sia gi\u00e0 finita. La piattaforma, sorprendentemente piatta, orizzontale e senza un solo filo d'erba, \u00e8 di poche decine di metri quadrati. Intorno, pi\u00f9 di 1.500 metri di vuoto sono impressionanti. Ben nascoste dal ghiacciaio sul lato francese, sono visibili le otto torrette in muratura che fungevano da postazioni per i cannoni.<\/p>\n\n\n\n<p>Sembrano quasi intatti. Il forte stesso presenta gallerie a volta in buone condizioni e resti delle ultime nevi. Un gruppo di italiani fa un picnic nel rifugio. Gli alloggi e i dormitori si trovano molto pi\u00f9 in basso, su una piattaforma ben nascosta a nord-est.<br>Poich\u00e9 il tempo \u00e8 minaccioso, non c'\u00e8 tempo per indugiare e un temporale su questi pendii spogli deve essere una prova piuttosto spiacevole.<\/p>\n\n\n<div class=\"wp-block-image\">\n<figure class=\"aligncenter size-full\"><img loading=\"lazy\" decoding=\"async\" width=\"800\" height=\"600\" src=\"https:\/\/centcols.org\/wp-content\/uploads\/2026\/02\/upscaled-modified-11.jpg\" alt=\"\" class=\"wp-image-94281\" srcset=\"https:\/\/centcols.org\/wp-content\/uploads\/2026\/02\/upscaled-modified-11.jpg 800w, https:\/\/centcols.org\/wp-content\/uploads\/2026\/02\/upscaled-modified-11-768x576.jpg 768w, https:\/\/centcols.org\/wp-content\/uploads\/2026\/02\/upscaled-modified-11-16x12.jpg 16w\" sizes=\"auto, (max-width: 800px) 100vw, 800px\" \/><figcaption class=\"wp-element-caption\">Le torrette e il glacis.<\/figcaption><\/figure>\n<\/div>\n\n<div class=\"wp-block-image\">\n<figure class=\"aligncenter size-full\"><img loading=\"lazy\" decoding=\"async\" width=\"800\" height=\"600\" src=\"https:\/\/centcols.org\/wp-content\/uploads\/2026\/02\/upscaled-modified-12.jpg\" alt=\"\" class=\"wp-image-94282\" srcset=\"https:\/\/centcols.org\/wp-content\/uploads\/2026\/02\/upscaled-modified-12.jpg 800w, https:\/\/centcols.org\/wp-content\/uploads\/2026\/02\/upscaled-modified-12-768x576.jpg 768w, https:\/\/centcols.org\/wp-content\/uploads\/2026\/02\/upscaled-modified-12-16x12.jpg 16w\" sizes=\"auto, (max-width: 800px) 100vw, 800px\" \/><figcaption class=\"wp-element-caption\">Mont Frait\u00e8ve e le creste di Sestri\u00e8res.<\/figcaption><\/figure>\n<\/div>\n\n<div class=\"wp-block-image\">\n<figure class=\"aligncenter size-full\"><img loading=\"lazy\" decoding=\"async\" width=\"800\" height=\"600\" src=\"https:\/\/centcols.org\/wp-content\/uploads\/2026\/02\/upscaled-modified-13.jpg\" alt=\"\" class=\"wp-image-94283\" srcset=\"https:\/\/centcols.org\/wp-content\/uploads\/2026\/02\/upscaled-modified-13.jpg 800w, https:\/\/centcols.org\/wp-content\/uploads\/2026\/02\/upscaled-modified-13-768x576.jpg 768w, https:\/\/centcols.org\/wp-content\/uploads\/2026\/02\/upscaled-modified-13-16x12.jpg 16w\" sizes=\"auto, (max-width: 800px) 100vw, 800px\" \/><figcaption class=\"wp-element-caption\">All'interno del forte.<\/figcaption><\/figure>\n<\/div>\n\n\n<h2 class=\"wp-block-heading\">La discesa<\/h2>\n\n\n\n<p>Prudenza e camminata sono all'ordine del giorno per i primi chilometri di discesa, anche se un buon mountain biker con il bel tempo non avrebbe difficolt\u00e0. La pioggia leggera, che ora cade orizzontalmente, colora i ciottoli con belle sfumature di chiaro e scuro. Le continue raffiche di vento ci hanno scoraggiato dal salire in bicicletta.<\/p>\n\n\n<div class=\"wp-block-image\">\n<figure class=\"aligncenter size-full\"><img loading=\"lazy\" decoding=\"async\" width=\"800\" height=\"600\" src=\"https:\/\/centcols.org\/wp-content\/uploads\/2026\/02\/upscaled-modified-10.jpg\" alt=\"\" class=\"wp-image-94284\" srcset=\"https:\/\/centcols.org\/wp-content\/uploads\/2026\/02\/upscaled-modified-10.jpg 800w, https:\/\/centcols.org\/wp-content\/uploads\/2026\/02\/upscaled-modified-10-768x576.jpg 768w, https:\/\/centcols.org\/wp-content\/uploads\/2026\/02\/upscaled-modified-10-16x12.jpg 16w\" sizes=\"auto, (max-width: 800px) 100vw, 800px\" \/><figcaption class=\"wp-element-caption\">Il passo visto dalla cima. A sinistra, il Col des Trois Fr\u00e8res Mineurs.<\/figcaption><\/figure>\n<\/div>\n\n<div class=\"wp-block-image\">\n<figure class=\"aligncenter size-full\"><img loading=\"lazy\" decoding=\"async\" width=\"448\" height=\"600\" src=\"https:\/\/centcols.org\/wp-content\/uploads\/2026\/02\/upscaled-modified-8.jpg\" alt=\"\" class=\"wp-image-94285\" srcset=\"https:\/\/centcols.org\/wp-content\/uploads\/2026\/02\/upscaled-modified-8.jpg 448w, https:\/\/centcols.org\/wp-content\/uploads\/2026\/02\/upscaled-modified-8-9x12.jpg 9w\" sizes=\"auto, (max-width: 448px) 100vw, 448px\" \/><figcaption class=\"wp-element-caption\">Al passo.<\/figcaption><\/figure>\n<\/div>\n\n\n<p>Ci sentiamo sollevati quando raggiungiamo il passo e ci tuffiamo nel riparato versante italiano. Passiamo accanto a diversi mountain biker che stanno facendo il loro turno per scalare il passo. Ne ho contati in totale 18 in questa giornata di agosto. Guardandoli, mi rendo conto che non tutti sono attrezzati per raggiungere la vetta. C'erano tedeschi, svizzeri e italiani, ma nessun francese quel giorno. Ma questo Mont Chaberton \u00e8 stato comunque un successo!<br>Non abbiamo difficolt\u00e0 a trovare il segnavia 2099. A questo punto prendiamo la pista forestale che si dirige verso sud attraversando boschi e prati. L'obiettivo \u00e8 trovare il Colletto di Cresta Nera (<a href=\"\/it\/util\/geo\/visu.php\/?code=IT-TO-2201\">IT-TO-2201<\/a>) seguendo una facile S3 per 1,5 km. Ma \u00e8 successo qualcosa di tipico di questa zona del Piemonte italiano: siamo stati allertati e subito incuriositi da un abbaiare che \u00e8 diventato sempre pi\u00f9 forte, mentre i cani si avvicinavano a noi. Abbiamo visto due grossi patous apparire davanti a noi dalla loro area di guardia sottostante. Lungo tutto il percorso siamo stati avvisati da cartelli che indicavano la presenza di questi cani da guardia. Di fronte a questi pastori non dobbiamo commettere errori, non dobbiamo provocarli o mostrare coraggio. Ho scelto di farmi molto piccolo, proteggendomi dietro la mia bicicletta. I patous si avvicinano e mi fiutano. Per darvi un'idea delle loro dimensioni, vedo che la loro testa \u00e8 all'altezza del reggisella. Dopo avermi annusato per qualche secondo, i cani hanno deciso di abbandonarmi, probabilmente giudicando che non ero una vera minaccia per il loro branco. Per fortuna non sapevano del mio gusto per il cosciotto d'agnello. Prima di andarsene, uno dei cani si \u00e8 preoccupato di pisciare sulla mia ruota posteriore. Se ne sono andati e posso tornare sulla strada. Sono creature simpatiche e belle, ma \u00abnon sono delicate\u00bb, come dicono gli abitanti del luogo. Bisogna fare attenzione soprattutto, quindi siete stati avvertiti.<\/p>\n\n\n<div class=\"wp-block-image\">\n<figure class=\"aligncenter size-full\"><img loading=\"lazy\" decoding=\"async\" width=\"800\" height=\"600\" src=\"https:\/\/centcols.org\/wp-content\/uploads\/2026\/02\/upscaled-modified-15.jpg\" alt=\"\" class=\"wp-image-94286\" srcset=\"https:\/\/centcols.org\/wp-content\/uploads\/2026\/02\/upscaled-modified-15.jpg 800w, https:\/\/centcols.org\/wp-content\/uploads\/2026\/02\/upscaled-modified-15-768x576.jpg 768w, https:\/\/centcols.org\/wp-content\/uploads\/2026\/02\/upscaled-modified-15-16x12.jpg 16w\" sizes=\"auto, (max-width: 800px) 100vw, 800px\" \/><figcaption class=\"wp-element-caption\">Una visita dal patous.<\/figcaption><\/figure>\n<\/div>\n\n<div class=\"wp-block-image\">\n<figure class=\"aligncenter size-full\"><img loading=\"lazy\" decoding=\"async\" width=\"800\" height=\"600\" src=\"https:\/\/centcols.org\/wp-content\/uploads\/2026\/02\/upscaled-modified-16.jpg\" alt=\"\" class=\"wp-image-94287\" srcset=\"https:\/\/centcols.org\/wp-content\/uploads\/2026\/02\/upscaled-modified-16.jpg 800w, https:\/\/centcols.org\/wp-content\/uploads\/2026\/02\/upscaled-modified-16-768x576.jpg 768w, https:\/\/centcols.org\/wp-content\/uploads\/2026\/02\/upscaled-modified-16-16x12.jpg 16w\" sizes=\"auto, (max-width: 800px) 100vw, 800px\" \/><figcaption class=\"wp-element-caption\">Verso il Colletto di Cresta Nera.<\/figcaption><\/figure>\n<\/div>\n\n\n<p>Il ritorno dal Colletto di Cresta Nera \u00e8 stato tranquillo, nonostante alcuni latrati in lontananza. I freni hanno lavorato sodo in questa discesa. Tornato sulla strada per Cesana, ho trovato un po' di salita da finire. Una bella esperienza per chi ama la montagna e la sua grandiosa solitudine.<\/p>\n\n\n<div class=\"wp-block-image\">\n<figure class=\"aligncenter size-full\"><img loading=\"lazy\" decoding=\"async\" width=\"800\" height=\"600\" src=\"https:\/\/centcols.org\/wp-content\/uploads\/2026\/02\/upscaled-modified-18.jpg\" alt=\"\" class=\"wp-image-94288\" srcset=\"https:\/\/centcols.org\/wp-content\/uploads\/2026\/02\/upscaled-modified-18.jpg 800w, https:\/\/centcols.org\/wp-content\/uploads\/2026\/02\/upscaled-modified-18-768x576.jpg 768w, https:\/\/centcols.org\/wp-content\/uploads\/2026\/02\/upscaled-modified-18-16x12.jpg 16w\" sizes=\"auto, (max-width: 800px) 100vw, 800px\" \/><figcaption class=\"wp-element-caption\">La parete est del Mont Chaberton, vista dal Colletto di Cresta Nera.<\/figcaption><\/figure>\n<\/div>\n\n<div class=\"wp-block-image\">\n<figure class=\"aligncenter size-full\"><img loading=\"lazy\" decoding=\"async\" width=\"800\" height=\"600\" src=\"https:\/\/centcols.org\/wp-content\/uploads\/2026\/02\/upscaled-modified-17.jpg\" alt=\"\" class=\"wp-image-94289\" srcset=\"https:\/\/centcols.org\/wp-content\/uploads\/2026\/02\/upscaled-modified-17.jpg 800w, https:\/\/centcols.org\/wp-content\/uploads\/2026\/02\/upscaled-modified-17-768x576.jpg 768w, https:\/\/centcols.org\/wp-content\/uploads\/2026\/02\/upscaled-modified-17-16x12.jpg 16w\" sizes=\"auto, (max-width: 800px) 100vw, 800px\" \/><figcaption class=\"wp-element-caption\">Impilare i lacci tra i 2000 e i 2200 m.<\/figcaption><\/figure>\n<\/div>\n\n\n<p>Era il 7 agosto 2008 per i miei pass numero 2972 e 2973 e per me rappresentava i miei Giochi Olimpici.<\/p>","protected":false},"excerpt":{"rendered":"<p>Texte et cr\u00e9dits photos Philippe Girardin Le mont Chaberton, qui culmine \u00e0 3131&nbsp;m, est un v\u00e9ritable \u00ab\u00a0must\u00a0\u00bb accessible \u00e0 VTT. Le mont Chaberton ainsi que le col du Chaberton (FR-05-2674) sont raisonnablement accessibles \u00e0 VTT en d\u00e9pit des 1900\u00a0m de d\u00e9nivel\u00e9 qui en d\u00e9fendent l\u2019acc\u00e8s du c\u00f4t\u00e9 italien. La piste a \u00e9t\u00e9 refaite avec soin [&hellip;]<\/p>\n","protected":false},"author":485,"featured_media":94294,"comment_status":"closed","ping_status":"closed","sticky":false,"template":"","format":"standard","meta":{"_acf_changed":false,"footnotes":""},"categories":[308],"tags":[],"class_list":["post-93373","post","type-post","status-publish","format-standard","has-post-thumbnail","hentry","category-cols-en-vrac"],"acf":[],"yoast_head":"<!-- This site is optimized with the Yoast SEO plugin v27.2 - https:\/\/yoast.com\/product\/yoast-seo-wordpress\/ -->\n<title>Le mont Chaberton - Club des Cent Cols<\/title>\n<meta name=\"robots\" content=\"index, follow, max-snippet:-1, max-image-preview:large, max-video-preview:-1\" \/>\n<link rel=\"canonical\" href=\"https:\/\/centcols.org\/it\/mont-chaberton\/\" \/>\n<meta property=\"og:locale\" content=\"it_IT\" \/>\n<meta property=\"og:type\" content=\"article\" \/>\n<meta property=\"og:title\" content=\"Le mont Chaberton - Club des Cent Cols\" \/>\n<meta property=\"og:description\" content=\"Texte et cr\u00e9dits photos Philippe Girardin Le mont Chaberton, qui culmine \u00e0 3131&nbsp;m, est un v\u00e9ritable \u00ab\u00a0must\u00a0\u00bb accessible \u00e0 VTT. Le mont Chaberton ainsi que le col du Chaberton (FR-05-2674) sont raisonnablement accessibles \u00e0 VTT en d\u00e9pit des 1900\u00a0m de d\u00e9nivel\u00e9 qui en d\u00e9fendent l\u2019acc\u00e8s du c\u00f4t\u00e9 italien. La piste a \u00e9t\u00e9 refaite avec soin [&hellip;]\" \/>\n<meta property=\"og:url\" content=\"https:\/\/centcols.org\/it\/mont-chaberton\/\" \/>\n<meta property=\"og:site_name\" content=\"Club des Cent Cols\" \/>\n<meta property=\"article:publisher\" content=\"https:\/\/www.facebook.com\/groups\/5261880558\/?locale=fr_FR\" \/>\n<meta property=\"article:published_time\" content=\"2026-03-21T07:08:19+00:00\" \/>\n<meta property=\"article:modified_time\" content=\"2026-03-21T07:08:24+00:00\" \/>\n<meta property=\"og:image\" content=\"https:\/\/centcols.org\/wp-content\/uploads\/2026\/02\/8908-3.jpg\" \/>\n\t<meta property=\"og:image:width\" content=\"800\" \/>\n\t<meta property=\"og:image:height\" content=\"600\" \/>\n\t<meta property=\"og:image:type\" content=\"image\/jpeg\" \/>\n<meta name=\"author\" content=\"Jean-No\u00ebl Jagoda\" \/>\n<meta name=\"twitter:card\" content=\"summary_large_image\" \/>\n<meta name=\"twitter:label1\" content=\"Scritto da\" \/>\n\t<meta name=\"twitter:data1\" content=\"Jean-No\u00ebl Jagoda\" \/>\n\t<meta name=\"twitter:label2\" content=\"Tempo di lettura stimato\" \/>\n\t<meta name=\"twitter:data2\" content=\"14 minuti\" \/>\n<script type=\"application\/ld+json\" class=\"yoast-schema-graph\">{\"@context\":\"https:\/\/schema.org\",\"@graph\":[{\"@type\":\"Article\",\"@id\":\"https:\/\/centcols.org\/le-mont-chaberton\/#article\",\"isPartOf\":{\"@id\":\"https:\/\/centcols.org\/le-mont-chaberton\/\"},\"author\":{\"name\":\"Jean-No\u00ebl Jagoda\",\"@id\":\"https:\/\/centcols.org\/#\/schema\/person\/30f4299f11521fed498f98ecf9d71664\"},\"headline\":\"Le mont Chaberton\",\"datePublished\":\"2026-03-21T07:08:19+00:00\",\"dateModified\":\"2026-03-21T07:08:24+00:00\",\"mainEntityOfPage\":{\"@id\":\"https:\/\/centcols.org\/le-mont-chaberton\/\"},\"wordCount\":2308,\"publisher\":{\"@id\":\"https:\/\/centcols.org\/#organization\"},\"image\":{\"@id\":\"https:\/\/centcols.org\/le-mont-chaberton\/#primaryimage\"},\"thumbnailUrl\":\"https:\/\/centcols.org\/wp-content\/uploads\/2026\/02\/8908-3.jpg\",\"articleSection\":[\"Cols en vrac\"],\"inLanguage\":\"it-IT\"},{\"@type\":\"WebPage\",\"@id\":\"https:\/\/centcols.org\/le-mont-chaberton\/\",\"url\":\"https:\/\/centcols.org\/le-mont-chaberton\/\",\"name\":\"Le mont Chaberton - Club des Cent Cols\",\"isPartOf\":{\"@id\":\"https:\/\/centcols.org\/#website\"},\"primaryImageOfPage\":{\"@id\":\"https:\/\/centcols.org\/le-mont-chaberton\/#primaryimage\"},\"image\":{\"@id\":\"https:\/\/centcols.org\/le-mont-chaberton\/#primaryimage\"},\"thumbnailUrl\":\"https:\/\/centcols.org\/wp-content\/uploads\/2026\/02\/8908-3.jpg\",\"datePublished\":\"2026-03-21T07:08:19+00:00\",\"dateModified\":\"2026-03-21T07:08:24+00:00\",\"breadcrumb\":{\"@id\":\"https:\/\/centcols.org\/le-mont-chaberton\/#breadcrumb\"},\"inLanguage\":\"it-IT\",\"potentialAction\":[{\"@type\":\"ReadAction\",\"target\":[\"https:\/\/centcols.org\/le-mont-chaberton\/\"]}]},{\"@type\":\"ImageObject\",\"inLanguage\":\"it-IT\",\"@id\":\"https:\/\/centcols.org\/le-mont-chaberton\/#primaryimage\",\"url\":\"https:\/\/centcols.org\/wp-content\/uploads\/2026\/02\/8908-3.jpg\",\"contentUrl\":\"https:\/\/centcols.org\/wp-content\/uploads\/2026\/02\/8908-3.jpg\",\"width\":800,\"height\":600},{\"@type\":\"BreadcrumbList\",\"@id\":\"https:\/\/centcols.org\/le-mont-chaberton\/#breadcrumb\",\"itemListElement\":[{\"@type\":\"ListItem\",\"position\":1,\"name\":\"Accueil\",\"item\":\"https:\/\/centcols.org\/\"},{\"@type\":\"ListItem\",\"position\":2,\"name\":\"Cols en vrac\",\"item\":\"https:\/\/centcols.org\/rubrique\/cols-en-vrac\/\"},{\"@type\":\"ListItem\",\"position\":3,\"name\":\"Le mont Chaberton\"}]},{\"@type\":\"WebSite\",\"@id\":\"https:\/\/centcols.org\/#website\",\"url\":\"https:\/\/centcols.org\/\",\"name\":\"Club des Cent Cols\",\"description\":\"\",\"publisher\":{\"@id\":\"https:\/\/centcols.org\/#organization\"},\"potentialAction\":[{\"@type\":\"SearchAction\",\"target\":{\"@type\":\"EntryPoint\",\"urlTemplate\":\"https:\/\/centcols.org\/?s={search_term_string}\"},\"query-input\":{\"@type\":\"PropertyValueSpecification\",\"valueRequired\":true,\"valueName\":\"search_term_string\"}}],\"inLanguage\":\"it-IT\"},{\"@type\":\"Organization\",\"@id\":\"https:\/\/centcols.org\/#organization\",\"name\":\"Club des Cent Cols\",\"url\":\"https:\/\/centcols.org\/\",\"logo\":{\"@type\":\"ImageObject\",\"inLanguage\":\"it-IT\",\"@id\":\"https:\/\/centcols.org\/#\/schema\/logo\/image\/\",\"url\":\"https:\/\/centcols.org\/wp-content\/uploads\/2025\/01\/carte-icone.png\",\"contentUrl\":\"https:\/\/centcols.org\/wp-content\/uploads\/2025\/01\/carte-icone.png\",\"width\":250,\"height\":250,\"caption\":\"Club des Cent Cols\"},\"image\":{\"@id\":\"https:\/\/centcols.org\/#\/schema\/logo\/image\/\"},\"sameAs\":[\"https:\/\/www.facebook.com\/groups\/5261880558\/?locale=fr_FR\"]},{\"@type\":\"Person\",\"@id\":\"https:\/\/centcols.org\/#\/schema\/person\/30f4299f11521fed498f98ecf9d71664\",\"name\":\"Jean-No\u00ebl Jagoda\",\"image\":{\"@type\":\"ImageObject\",\"inLanguage\":\"it-IT\",\"@id\":\"https:\/\/centcols.org\/wp-content\/litespeed\/avatar\/4a9472068cd97156227754c35cd56ded.jpg?ver=1777248804\",\"url\":\"https:\/\/centcols.org\/wp-content\/litespeed\/avatar\/4a9472068cd97156227754c35cd56ded.jpg?ver=1777248804\",\"contentUrl\":\"https:\/\/centcols.org\/wp-content\/litespeed\/avatar\/4a9472068cd97156227754c35cd56ded.jpg?ver=1777248804\",\"caption\":\"Jean-No\u00ebl Jagoda\"},\"url\":\"https:\/\/centcols.org\/it\/author\/7270\/\"}]}<\/script>\n<!-- \/ Yoast SEO plugin. -->","yoast_head_json":{"title":"Monte Chaberton - Club des Cent Cols","robots":{"index":"index","follow":"follow","max-snippet":"max-snippet:-1","max-image-preview":"max-image-preview:large","max-video-preview":"max-video-preview:-1"},"canonical":"https:\/\/centcols.org\/it\/mont-chaberton\/","og_locale":"it_IT","og_type":"article","og_title":"Le mont Chaberton - Club des Cent Cols","og_description":"Texte et cr\u00e9dits photos Philippe Girardin Le mont Chaberton, qui culmine \u00e0 3131&nbsp;m, est un v\u00e9ritable \u00ab\u00a0must\u00a0\u00bb accessible \u00e0 VTT. Le mont Chaberton ainsi que le col du Chaberton (FR-05-2674) sont raisonnablement accessibles \u00e0 VTT en d\u00e9pit des 1900\u00a0m de d\u00e9nivel\u00e9 qui en d\u00e9fendent l\u2019acc\u00e8s du c\u00f4t\u00e9 italien. La piste a \u00e9t\u00e9 refaite avec soin [&hellip;]","og_url":"https:\/\/centcols.org\/it\/mont-chaberton\/","og_site_name":"Club des Cent Cols","article_publisher":"https:\/\/www.facebook.com\/groups\/5261880558\/?locale=fr_FR","article_published_time":"2026-03-21T07:08:19+00:00","article_modified_time":"2026-03-21T07:08:24+00:00","og_image":[{"width":800,"height":600,"url":"https:\/\/centcols.org\/wp-content\/uploads\/2026\/02\/8908-3.jpg","type":"image\/jpeg"}],"author":"Jean-No\u00ebl Jagoda","twitter_card":"summary_large_image","twitter_misc":{"Scritto da":"Jean-No\u00ebl Jagoda","Tempo di lettura stimato":"14 minuti"},"schema":{"@context":"https:\/\/schema.org","@graph":[{"@type":"Article","@id":"https:\/\/centcols.org\/le-mont-chaberton\/#article","isPartOf":{"@id":"https:\/\/centcols.org\/le-mont-chaberton\/"},"author":{"name":"Jean-No\u00ebl Jagoda","@id":"https:\/\/centcols.org\/#\/schema\/person\/30f4299f11521fed498f98ecf9d71664"},"headline":"Le mont Chaberton","datePublished":"2026-03-21T07:08:19+00:00","dateModified":"2026-03-21T07:08:24+00:00","mainEntityOfPage":{"@id":"https:\/\/centcols.org\/le-mont-chaberton\/"},"wordCount":2308,"publisher":{"@id":"https:\/\/centcols.org\/#organization"},"image":{"@id":"https:\/\/centcols.org\/le-mont-chaberton\/#primaryimage"},"thumbnailUrl":"https:\/\/centcols.org\/wp-content\/uploads\/2026\/02\/8908-3.jpg","articleSection":["Cols en vrac"],"inLanguage":"it-IT"},{"@type":"WebPage","@id":"https:\/\/centcols.org\/le-mont-chaberton\/","url":"https:\/\/centcols.org\/le-mont-chaberton\/","name":"Monte Chaberton - Club des Cent Cols","isPartOf":{"@id":"https:\/\/centcols.org\/#website"},"primaryImageOfPage":{"@id":"https:\/\/centcols.org\/le-mont-chaberton\/#primaryimage"},"image":{"@id":"https:\/\/centcols.org\/le-mont-chaberton\/#primaryimage"},"thumbnailUrl":"https:\/\/centcols.org\/wp-content\/uploads\/2026\/02\/8908-3.jpg","datePublished":"2026-03-21T07:08:19+00:00","dateModified":"2026-03-21T07:08:24+00:00","breadcrumb":{"@id":"https:\/\/centcols.org\/le-mont-chaberton\/#breadcrumb"},"inLanguage":"it-IT","potentialAction":[{"@type":"ReadAction","target":["https:\/\/centcols.org\/le-mont-chaberton\/"]}]},{"@type":"ImageObject","inLanguage":"it-IT","@id":"https:\/\/centcols.org\/le-mont-chaberton\/#primaryimage","url":"https:\/\/centcols.org\/wp-content\/uploads\/2026\/02\/8908-3.jpg","contentUrl":"https:\/\/centcols.org\/wp-content\/uploads\/2026\/02\/8908-3.jpg","width":800,"height":600},{"@type":"BreadcrumbList","@id":"https:\/\/centcols.org\/le-mont-chaberton\/#breadcrumb","itemListElement":[{"@type":"ListItem","position":1,"name":"Accueil","item":"https:\/\/centcols.org\/"},{"@type":"ListItem","position":2,"name":"Cols en vrac","item":"https:\/\/centcols.org\/rubrique\/cols-en-vrac\/"},{"@type":"ListItem","position":3,"name":"Le mont Chaberton"}]},{"@type":"WebSite","@id":"https:\/\/centcols.org\/#website","url":"https:\/\/centcols.org\/","name":"Club des Cent Cols","description":"","publisher":{"@id":"https:\/\/centcols.org\/#organization"},"potentialAction":[{"@type":"SearchAction","target":{"@type":"EntryPoint","urlTemplate":"https:\/\/centcols.org\/?s={search_term_string}"},"query-input":{"@type":"PropertyValueSpecification","valueRequired":true,"valueName":"search_term_string"}}],"inLanguage":"it-IT"},{"@type":"Organization","@id":"https:\/\/centcols.org\/#organization","name":"Club des Cent Cols","url":"https:\/\/centcols.org\/","logo":{"@type":"ImageObject","inLanguage":"it-IT","@id":"https:\/\/centcols.org\/#\/schema\/logo\/image\/","url":"https:\/\/centcols.org\/wp-content\/uploads\/2025\/01\/carte-icone.png","contentUrl":"https:\/\/centcols.org\/wp-content\/uploads\/2025\/01\/carte-icone.png","width":250,"height":250,"caption":"Club des Cent Cols"},"image":{"@id":"https:\/\/centcols.org\/#\/schema\/logo\/image\/"},"sameAs":["https:\/\/www.facebook.com\/groups\/5261880558\/?locale=fr_FR"]},{"@type":"Person","@id":"https:\/\/centcols.org\/#\/schema\/person\/30f4299f11521fed498f98ecf9d71664","name":"Jean-No\u00ebl Jagoda","image":{"@type":"ImageObject","inLanguage":"it-IT","@id":"https:\/\/centcols.org\/wp-content\/litespeed\/avatar\/4a9472068cd97156227754c35cd56ded.jpg?ver=1777248804","url":"https:\/\/centcols.org\/wp-content\/litespeed\/avatar\/4a9472068cd97156227754c35cd56ded.jpg?ver=1777248804","contentUrl":"https:\/\/centcols.org\/wp-content\/litespeed\/avatar\/4a9472068cd97156227754c35cd56ded.jpg?ver=1777248804","caption":"Jean-No\u00ebl Jagoda"},"url":"https:\/\/centcols.org\/it\/author\/7270\/"}]}},"_links":{"self":[{"href":"https:\/\/centcols.org\/it\/wp-json\/wp\/v2\/posts\/93373","targetHints":{"allow":["GET"]}}],"collection":[{"href":"https:\/\/centcols.org\/it\/wp-json\/wp\/v2\/posts"}],"about":[{"href":"https:\/\/centcols.org\/it\/wp-json\/wp\/v2\/types\/post"}],"author":[{"embeddable":true,"href":"https:\/\/centcols.org\/it\/wp-json\/wp\/v2\/users\/485"}],"replies":[{"embeddable":true,"href":"https:\/\/centcols.org\/it\/wp-json\/wp\/v2\/comments?post=93373"}],"version-history":[{"count":0,"href":"https:\/\/centcols.org\/it\/wp-json\/wp\/v2\/posts\/93373\/revisions"}],"wp:featuredmedia":[{"embeddable":true,"href":"https:\/\/centcols.org\/it\/wp-json\/wp\/v2\/media\/94294"}],"wp:attachment":[{"href":"https:\/\/centcols.org\/it\/wp-json\/wp\/v2\/media?parent=93373"}],"wp:term":[{"taxonomy":"category","embeddable":true,"href":"https:\/\/centcols.org\/it\/wp-json\/wp\/v2\/categories?post=93373"},{"taxonomy":"post_tag","embeddable":true,"href":"https:\/\/centcols.org\/it\/wp-json\/wp\/v2\/tags?post=93373"}],"curies":[{"name":"wp","href":"https:\/\/api.w.org\/{rel}","templated":true}]}}