{"id":93386,"date":"2026-02-02T17:50:30","date_gmt":"2026-02-02T15:50:30","guid":{"rendered":"https:\/\/centcols.org\/?p=93386"},"modified":"2026-02-03T09:40:03","modified_gmt":"2026-02-03T07:40:03","slug":"pirenei-bernardini-2026","status":"publish","type":"post","link":"https:\/\/centcols.org\/it\/pyrenees-bernardini-2026\/","title":{"rendered":"Raduno pirenaico \u00abBernardini\u00bb, sabato 12 settembre 2026"},"content":{"rendered":"\n<p class=\"has-medium-font-size\">Ce rassemblement se tiendra \u00e0 l\u2019issue du s\u00e9jour d\u2019\u00e9t\u00e9 du club, qui aura lieu du 5 au 12 \u00e0 Soueix en Ari\u00e8ge<br>Rendez-vous aux Cabannes, au pied du plateau de Beille, le samedi 12 septembre de 10 h 00 \u00e0 midi<br>Fred Singla, accompagn\u00e9 du pr\u00e9sident Christophe Badonnel, de Jean-Pierre Monzie et de Bruno Vienet, aura le plaisir de vous proposer fromage et vin offerts par le Club des Cent Cols<\/p>\n\n\n\n<div class=\"wp-block-columns is-layout-flex wp-container-core-columns-is-layout-9d6595d7 wp-block-columns-is-layout-flex\">\n<div class=\"wp-block-column is-layout-flow wp-block-column-is-layout-flow\">\n<figure class=\"wp-block-image size-full\"><img loading=\"lazy\" decoding=\"async\" width=\"799\" height=\"398\" src=\"https:\/\/centcols.org\/wp-content\/uploads\/2026\/02\/fr-091702b.jpg\" alt=\"\" class=\"wp-image-93425\" srcset=\"https:\/\/centcols.org\/wp-content\/uploads\/2026\/02\/fr-091702b.jpg 799w, https:\/\/centcols.org\/wp-content\/uploads\/2026\/02\/fr-091702b-768x383.jpg 768w, https:\/\/centcols.org\/wp-content\/uploads\/2026\/02\/fr-091702b-18x9.jpg 18w\" sizes=\"auto, (max-width: 799px) 100vw, 799px\" \/><\/figure>\n<\/div>\n\n\n\n<div class=\"wp-block-column is-layout-flow wp-block-column-is-layout-flow\">\n<figure class=\"wp-block-image size-full\"><img loading=\"lazy\" decoding=\"async\" width=\"799\" height=\"397\" src=\"https:\/\/centcols.org\/wp-content\/uploads\/2026\/02\/fr-09-1880.jpg\" alt=\"\" class=\"wp-image-93424\" srcset=\"https:\/\/centcols.org\/wp-content\/uploads\/2026\/02\/fr-09-1880.jpg 799w, https:\/\/centcols.org\/wp-content\/uploads\/2026\/02\/fr-09-1880-768x382.jpg 768w, https:\/\/centcols.org\/wp-content\/uploads\/2026\/02\/fr-09-1880-18x9.jpg 18w\" sizes=\"auto, (max-width: 799px) 100vw, 799px\" \/><\/figure>\n<\/div>\n<\/div>\n\n\n\n<div class=\"wp-block-columns is-layout-flex wp-container-core-columns-is-layout-9d6595d7 wp-block-columns-is-layout-flex\">\n<div class=\"wp-block-column is-layout-flow wp-block-column-is-layout-flow\"><div class=\"wp-block-image\">\n<figure class=\"aligncenter size-full\"><img loading=\"lazy\" decoding=\"async\" width=\"800\" height=\"399\" src=\"https:\/\/centcols.org\/wp-content\/uploads\/2026\/02\/fr-09-1528.jpg\" alt=\"\" class=\"wp-image-93422\" srcset=\"https:\/\/centcols.org\/wp-content\/uploads\/2026\/02\/fr-09-1528.jpg 800w, https:\/\/centcols.org\/wp-content\/uploads\/2026\/02\/fr-09-1528-768x383.jpg 768w, https:\/\/centcols.org\/wp-content\/uploads\/2026\/02\/fr-09-1528-18x9.jpg 18w\" sizes=\"auto, (max-width: 800px) 100vw, 800px\" \/><\/figure>\n<\/div><\/div>\n<\/div>\n\n\n\n<h2 class=\"wp-block-heading\">Circuits<\/h2>\n\n\n\n<p>La Bernardini vous permettra d&rsquo;affronter un must des Pyr\u00e9n\u00e9es : la mont\u00e9e du plateau de Beille<br>Ce faisant, vous franchirez 4 cols en 35 km avec 1350 m de d\u00e9nivel\u00e9 (Pas du Li\u00e8vre FR-09-0700 &#8211; Pas de la Porteille FR-09-1528 &#8211; Pas de Roland FR-09-1702b &#8211; Col de Piparlam FR-09-1880)<br>Ceux qui ont d\u00e9j\u00e0 gravi Beille pourront nous accompagner, Christophe, Bruno et moi sur un autre circuit \u00e0 partir de midi<br>En 45 km et 1550 m de d\u00e9nivel\u00e9, 4 cols, Col Dolent FR-09-1161 &#8211; Col du Sasc FR-09-1798 &#8211; Pas de l&rsquo;Escalier FR-09-1861 &#8211; Col de Larnat FR-09-1194<\/p>\n\n\n\n<p>Selon le temps, le circuit de l&rsquo;apr\u00e8s-midi pourra \u00eatre un circuit plus court, 30 km et 1375 m de d\u00e9nivel\u00e9 mais permet tout de m\u00eame de franchir 5 cols (Col Dolent FR-09-1161 &#8211; Col del Tail de Poumard FR-09-1197 &#8211; Col de Larnat FR-09-1194 &#8211; Col de Lafajole FR-09-1245a &#8211; Col de Nix FR-09-0815c).<br>Sur ce parcours, le col de Nix peut \u00eatre zapp\u00e9, ce qui raccourcit le circuit de 2 km mais surtout de 275 m de d\u00e9nivel\u00e9<\/p>\n\n\n\n<p>Le circuit de la Bernardini est routier. Les 1,5 km du parking jusqu&rsquo;au col de Piparlam (09-1880) sont muletiers mais cyclables.<br>Les deux autres circuits sont VTT, ou gravel<\/p>\n\n\n\n<p>Traces gpx bient\u00f4t disponibles<\/p>\n\n\n\n<h2 class=\"wp-block-heading\">Contact<\/h2>\n\n\n\n<p class=\"has-medium-font-size\">&nbsp;Fred Singla<br>[email]&#x35;&#49;7&#x33;&#99;c&#x63;&#x40;&#103;&#x6d;&#x61;&#105;l&#x2e;&#99;o&#x6d;[\/email]&nbsp;<br>T\u00e9l : +33 6 33 68 33 44<\/p>\n","protected":false},"excerpt":{"rendered":"<p>Ce rassemblement se tiendra \u00e0 l\u2019issue du s\u00e9jour d\u2019\u00e9t\u00e9 du club, qui aura lieu du 5 au 12 \u00e0 Soueix en Ari\u00e8geRendez-vous aux Cabannes, au pied du plateau de Beille, le samedi 12 septembre de 10 h 00 \u00e0 midiFred Singla, accompagn\u00e9 du pr\u00e9sident Christophe Badonnel, de Jean-Pierre Monzie et de Bruno Vienet, aura le [&hellip;]<\/p>\n","protected":false},"author":136,"featured_media":93422,"comment_status":"open","ping_status":"open","sticky":false,"template":"","format":"standard","meta":{"_acf_changed":false,"footnotes":""},"categories":[465,135,216],"tags":[],"class_list":["post-93386","post","type-post","status-publish","format-standard","has-post-thumbnail","hentry","category-les-rassemblements-de-2026","category-calendrier","category-rencontres-regionales"],"acf":[],"yoast_head":"<!-- This site is optimized with the Yoast SEO plugin v27.2 - https:\/\/yoast.com\/product\/yoast-seo-wordpress\/ -->\n<title>Rassemblement pyr\u00e9n\u00e9en &quot;Bernardini&quot;, samedi 12 septembre 2026 - Club des Cent Cols<\/title>\n<meta name=\"robots\" content=\"index, follow, max-snippet:-1, max-image-preview:large, max-video-preview:-1\" \/>\n<link rel=\"canonical\" href=\"https:\/\/centcols.org\/it\/pirenei-bernardini-2026\/\" \/>\n<meta property=\"og:locale\" content=\"it_IT\" \/>\n<meta property=\"og:type\" content=\"article\" \/>\n<meta property=\"og:title\" content=\"Rassemblement pyr\u00e9n\u00e9en &quot;Bernardini&quot;, samedi 12 septembre 2026 - Club des Cent Cols\" \/>\n<meta property=\"og:description\" content=\"Ce rassemblement se tiendra \u00e0 l\u2019issue du s\u00e9jour d\u2019\u00e9t\u00e9 du club, qui aura lieu du 5 au 12 \u00e0 Soueix en Ari\u00e8geRendez-vous aux Cabannes, au pied du plateau de Beille, le samedi 12 septembre de 10 h 00 \u00e0 midiFred Singla, accompagn\u00e9 du pr\u00e9sident Christophe Badonnel, de Jean-Pierre Monzie et de Bruno Vienet, aura le [&hellip;]\" \/>\n<meta property=\"og:url\" content=\"https:\/\/centcols.org\/it\/pirenei-bernardini-2026\/\" \/>\n<meta property=\"og:site_name\" content=\"Club des Cent Cols\" \/>\n<meta property=\"article:publisher\" content=\"https:\/\/www.facebook.com\/groups\/5261880558\/?locale=fr_FR\" \/>\n<meta property=\"article:published_time\" content=\"2026-02-02T15:50:30+00:00\" \/>\n<meta property=\"article:modified_time\" content=\"2026-02-03T07:40:03+00:00\" \/>\n<meta property=\"og:image\" content=\"https:\/\/centcols.org\/wp-content\/uploads\/2026\/02\/fr-09-1528.jpg\" \/>\n\t<meta property=\"og:image:width\" content=\"800\" \/>\n\t<meta property=\"og:image:height\" content=\"399\" \/>\n\t<meta property=\"og:image:type\" content=\"image\/jpeg\" \/>\n<meta name=\"author\" content=\"Guy Harl\u00e9\" \/>\n<meta name=\"twitter:card\" content=\"summary_large_image\" \/>\n<meta name=\"twitter:label1\" content=\"Scritto da\" \/>\n\t<meta name=\"twitter:data1\" content=\"Guy Harl\u00e9\" \/>\n\t<meta name=\"twitter:label2\" content=\"Tempo di lettura stimato\" \/>\n\t<meta name=\"twitter:data2\" content=\"3 minuti\" \/>\n<script type=\"application\/ld+json\" class=\"yoast-schema-graph\">{\"@context\":\"https:\/\/schema.org\",\"@graph\":[{\"@type\":\"Article\",\"@id\":\"https:\/\/centcols.org\/it\/pirenei-bernardini-2026\/#article\",\"isPartOf\":{\"@id\":\"https:\/\/centcols.org\/it\/pirenei-bernardini-2026\/\"},\"author\":{\"name\":\"Guy Harl\u00e9\",\"@id\":\"https:\/\/centcols.org\/#\/schema\/person\/377f00da2793c0363246869bb3a344d0\"},\"headline\":\"Rassemblement pyr\u00e9n\u00e9en \u00ab\u00a0Bernardini\u00a0\u00bb, samedi 12 septembre 2026\",\"datePublished\":\"2026-02-02T15:50:30+00:00\",\"dateModified\":\"2026-02-03T07:40:03+00:00\",\"mainEntityOfPage\":{\"@id\":\"https:\/\/centcols.org\/it\/pirenei-bernardini-2026\/\"},\"wordCount\":313,\"commentCount\":0,\"publisher\":{\"@id\":\"https:\/\/centcols.org\/#organization\"},\"image\":{\"@id\":\"https:\/\/centcols.org\/it\/pirenei-bernardini-2026\/#primaryimage\"},\"thumbnailUrl\":\"https:\/\/centcols.org\/wp-content\/uploads\/2026\/02\/fr-09-1528.jpg\",\"articleSection\":[\"2026-rassemblements\",\"Calendrier\",\"Rencontres r\u00e9gionales\"],\"inLanguage\":\"it-IT\",\"potentialAction\":[{\"@type\":\"CommentAction\",\"name\":\"Comment\",\"target\":[\"https:\/\/centcols.org\/it\/pirenei-bernardini-2026\/#respond\"]}]},{\"@type\":\"WebPage\",\"@id\":\"https:\/\/centcols.org\/it\/pirenei-bernardini-2026\/\",\"url\":\"https:\/\/centcols.org\/it\/pirenei-bernardini-2026\/\",\"name\":\"Rassemblement pyr\u00e9n\u00e9en \\\"Bernardini\\\", samedi 12 septembre 2026 - Club des Cent Cols\",\"isPartOf\":{\"@id\":\"https:\/\/centcols.org\/#website\"},\"primaryImageOfPage\":{\"@id\":\"https:\/\/centcols.org\/it\/pirenei-bernardini-2026\/#primaryimage\"},\"image\":{\"@id\":\"https:\/\/centcols.org\/it\/pirenei-bernardini-2026\/#primaryimage\"},\"thumbnailUrl\":\"https:\/\/centcols.org\/wp-content\/uploads\/2026\/02\/fr-09-1528.jpg\",\"datePublished\":\"2026-02-02T15:50:30+00:00\",\"dateModified\":\"2026-02-03T07:40:03+00:00\",\"breadcrumb\":{\"@id\":\"https:\/\/centcols.org\/it\/pirenei-bernardini-2026\/#breadcrumb\"},\"inLanguage\":\"it-IT\",\"potentialAction\":[{\"@type\":\"ReadAction\",\"target\":[\"https:\/\/centcols.org\/it\/pirenei-bernardini-2026\/\"]}]},{\"@type\":\"ImageObject\",\"inLanguage\":\"it-IT\",\"@id\":\"https:\/\/centcols.org\/it\/pirenei-bernardini-2026\/#primaryimage\",\"url\":\"https:\/\/centcols.org\/wp-content\/uploads\/2026\/02\/fr-09-1528.jpg\",\"contentUrl\":\"https:\/\/centcols.org\/wp-content\/uploads\/2026\/02\/fr-09-1528.jpg\",\"width\":800,\"height\":399},{\"@type\":\"BreadcrumbList\",\"@id\":\"https:\/\/centcols.org\/it\/pirenei-bernardini-2026\/#breadcrumb\",\"itemListElement\":[{\"@type\":\"ListItem\",\"position\":1,\"name\":\"Accueil\",\"item\":\"https:\/\/centcols.org\/\"},{\"@type\":\"ListItem\",\"position\":2,\"name\":\"Rencontres r\u00e9gionales\",\"item\":\"https:\/\/centcols.org\/rubrique\/rencontres-regionales\/\"},{\"@type\":\"ListItem\",\"position\":3,\"name\":\"Rassemblement pyr\u00e9n\u00e9en \u00ab\u00a0Bernardini\u00a0\u00bb, samedi 12 septembre 2026\"}]},{\"@type\":\"WebSite\",\"@id\":\"https:\/\/centcols.org\/#website\",\"url\":\"https:\/\/centcols.org\/\",\"name\":\"Club des Cent Cols\",\"description\":\"\",\"publisher\":{\"@id\":\"https:\/\/centcols.org\/#organization\"},\"potentialAction\":[{\"@type\":\"SearchAction\",\"target\":{\"@type\":\"EntryPoint\",\"urlTemplate\":\"https:\/\/centcols.org\/?s={search_term_string}\"},\"query-input\":{\"@type\":\"PropertyValueSpecification\",\"valueRequired\":true,\"valueName\":\"search_term_string\"}}],\"inLanguage\":\"it-IT\"},{\"@type\":\"Organization\",\"@id\":\"https:\/\/centcols.org\/#organization\",\"name\":\"Club des Cent Cols\",\"url\":\"https:\/\/centcols.org\/\",\"logo\":{\"@type\":\"ImageObject\",\"inLanguage\":\"it-IT\",\"@id\":\"https:\/\/centcols.org\/#\/schema\/logo\/image\/\",\"url\":\"https:\/\/centcols.org\/wp-content\/uploads\/2025\/01\/carte-icone.png\",\"contentUrl\":\"https:\/\/centcols.org\/wp-content\/uploads\/2025\/01\/carte-icone.png\",\"width\":250,\"height\":250,\"caption\":\"Club des Cent Cols\"},\"image\":{\"@id\":\"https:\/\/centcols.org\/#\/schema\/logo\/image\/\"},\"sameAs\":[\"https:\/\/www.facebook.com\/groups\/5261880558\/?locale=fr_FR\"]},{\"@type\":\"Person\",\"@id\":\"https:\/\/centcols.org\/#\/schema\/person\/377f00da2793c0363246869bb3a344d0\",\"name\":\"Guy Harl\u00e9\",\"image\":{\"@type\":\"ImageObject\",\"inLanguage\":\"it-IT\",\"@id\":\"https:\/\/centcols.org\/wp-content\/litespeed\/avatar\/94c4de37e46cf090f296d42ab3e8d6a6.jpg?ver=1777238144\",\"url\":\"https:\/\/centcols.org\/wp-content\/litespeed\/avatar\/94c4de37e46cf090f296d42ab3e8d6a6.jpg?ver=1777238144\",\"contentUrl\":\"https:\/\/centcols.org\/wp-content\/litespeed\/avatar\/94c4de37e46cf090f296d42ab3e8d6a6.jpg?ver=1777238144\",\"caption\":\"Guy Harl\u00e9\"},\"url\":\"https:\/\/centcols.org\/it\/author\/5193\/\"}]}<\/script>\n<!-- \/ Yoast SEO plugin. -->","yoast_head_json":{"title":"Rally dei Pirenei Bernardini, sabato 12 settembre 2026 - Club des Cent Cols","robots":{"index":"index","follow":"follow","max-snippet":"max-snippet:-1","max-image-preview":"max-image-preview:large","max-video-preview":"max-video-preview:-1"},"canonical":"https:\/\/centcols.org\/it\/pirenei-bernardini-2026\/","og_locale":"it_IT","og_type":"article","og_title":"Rassemblement pyr\u00e9n\u00e9en \"Bernardini\", samedi 12 septembre 2026 - Club des Cent Cols","og_description":"Ce rassemblement se tiendra \u00e0 l\u2019issue du s\u00e9jour d\u2019\u00e9t\u00e9 du club, qui aura lieu du 5 au 12 \u00e0 Soueix en Ari\u00e8geRendez-vous aux Cabannes, au pied du plateau de Beille, le samedi 12 septembre de 10 h 00 \u00e0 midiFred Singla, accompagn\u00e9 du pr\u00e9sident Christophe Badonnel, de Jean-Pierre Monzie et de Bruno Vienet, aura le [&hellip;]","og_url":"https:\/\/centcols.org\/it\/pirenei-bernardini-2026\/","og_site_name":"Club des Cent Cols","article_publisher":"https:\/\/www.facebook.com\/groups\/5261880558\/?locale=fr_FR","article_published_time":"2026-02-02T15:50:30+00:00","article_modified_time":"2026-02-03T07:40:03+00:00","og_image":[{"width":800,"height":399,"url":"https:\/\/centcols.org\/wp-content\/uploads\/2026\/02\/fr-09-1528.jpg","type":"image\/jpeg"}],"author":"Guy Harl\u00e9","twitter_card":"summary_large_image","twitter_misc":{"Scritto da":"Guy Harl\u00e9","Tempo di lettura stimato":"3 minuti"},"schema":{"@context":"https:\/\/schema.org","@graph":[{"@type":"Article","@id":"https:\/\/centcols.org\/it\/pirenei-bernardini-2026\/#article","isPartOf":{"@id":"https:\/\/centcols.org\/it\/pirenei-bernardini-2026\/"},"author":{"name":"Guy Harl\u00e9","@id":"https:\/\/centcols.org\/#\/schema\/person\/377f00da2793c0363246869bb3a344d0"},"headline":"Rassemblement pyr\u00e9n\u00e9en \u00ab\u00a0Bernardini\u00a0\u00bb, samedi 12 septembre 2026","datePublished":"2026-02-02T15:50:30+00:00","dateModified":"2026-02-03T07:40:03+00:00","mainEntityOfPage":{"@id":"https:\/\/centcols.org\/it\/pirenei-bernardini-2026\/"},"wordCount":313,"commentCount":0,"publisher":{"@id":"https:\/\/centcols.org\/#organization"},"image":{"@id":"https:\/\/centcols.org\/it\/pirenei-bernardini-2026\/#primaryimage"},"thumbnailUrl":"https:\/\/centcols.org\/wp-content\/uploads\/2026\/02\/fr-09-1528.jpg","articleSection":["2026-rassemblements","Calendrier","Rencontres r\u00e9gionales"],"inLanguage":"it-IT","potentialAction":[{"@type":"CommentAction","name":"Comment","target":["https:\/\/centcols.org\/it\/pirenei-bernardini-2026\/#respond"]}]},{"@type":"WebPage","@id":"https:\/\/centcols.org\/it\/pirenei-bernardini-2026\/","url":"https:\/\/centcols.org\/it\/pirenei-bernardini-2026\/","name":"Rally dei Pirenei Bernardini, sabato 12 settembre 2026 - Club des Cent Cols","isPartOf":{"@id":"https:\/\/centcols.org\/#website"},"primaryImageOfPage":{"@id":"https:\/\/centcols.org\/it\/pirenei-bernardini-2026\/#primaryimage"},"image":{"@id":"https:\/\/centcols.org\/it\/pirenei-bernardini-2026\/#primaryimage"},"thumbnailUrl":"https:\/\/centcols.org\/wp-content\/uploads\/2026\/02\/fr-09-1528.jpg","datePublished":"2026-02-02T15:50:30+00:00","dateModified":"2026-02-03T07:40:03+00:00","breadcrumb":{"@id":"https:\/\/centcols.org\/it\/pirenei-bernardini-2026\/#breadcrumb"},"inLanguage":"it-IT","potentialAction":[{"@type":"ReadAction","target":["https:\/\/centcols.org\/it\/pirenei-bernardini-2026\/"]}]},{"@type":"ImageObject","inLanguage":"it-IT","@id":"https:\/\/centcols.org\/it\/pirenei-bernardini-2026\/#primaryimage","url":"https:\/\/centcols.org\/wp-content\/uploads\/2026\/02\/fr-09-1528.jpg","contentUrl":"https:\/\/centcols.org\/wp-content\/uploads\/2026\/02\/fr-09-1528.jpg","width":800,"height":399},{"@type":"BreadcrumbList","@id":"https:\/\/centcols.org\/it\/pirenei-bernardini-2026\/#breadcrumb","itemListElement":[{"@type":"ListItem","position":1,"name":"Accueil","item":"https:\/\/centcols.org\/"},{"@type":"ListItem","position":2,"name":"Rencontres r\u00e9gionales","item":"https:\/\/centcols.org\/rubrique\/rencontres-regionales\/"},{"@type":"ListItem","position":3,"name":"Rassemblement pyr\u00e9n\u00e9en \u00ab\u00a0Bernardini\u00a0\u00bb, samedi 12 septembre 2026"}]},{"@type":"WebSite","@id":"https:\/\/centcols.org\/#website","url":"https:\/\/centcols.org\/","name":"Club des Cent Cols","description":"","publisher":{"@id":"https:\/\/centcols.org\/#organization"},"potentialAction":[{"@type":"SearchAction","target":{"@type":"EntryPoint","urlTemplate":"https:\/\/centcols.org\/?s={search_term_string}"},"query-input":{"@type":"PropertyValueSpecification","valueRequired":true,"valueName":"search_term_string"}}],"inLanguage":"it-IT"},{"@type":"Organization","@id":"https:\/\/centcols.org\/#organization","name":"Club des Cent Cols","url":"https:\/\/centcols.org\/","logo":{"@type":"ImageObject","inLanguage":"it-IT","@id":"https:\/\/centcols.org\/#\/schema\/logo\/image\/","url":"https:\/\/centcols.org\/wp-content\/uploads\/2025\/01\/carte-icone.png","contentUrl":"https:\/\/centcols.org\/wp-content\/uploads\/2025\/01\/carte-icone.png","width":250,"height":250,"caption":"Club des Cent Cols"},"image":{"@id":"https:\/\/centcols.org\/#\/schema\/logo\/image\/"},"sameAs":["https:\/\/www.facebook.com\/groups\/5261880558\/?locale=fr_FR"]},{"@type":"Person","@id":"https:\/\/centcols.org\/#\/schema\/person\/377f00da2793c0363246869bb3a344d0","name":"Guy Harl\u00e9","image":{"@type":"ImageObject","inLanguage":"it-IT","@id":"https:\/\/centcols.org\/wp-content\/litespeed\/avatar\/94c4de37e46cf090f296d42ab3e8d6a6.jpg?ver=1777238144","url":"https:\/\/centcols.org\/wp-content\/litespeed\/avatar\/94c4de37e46cf090f296d42ab3e8d6a6.jpg?ver=1777238144","contentUrl":"https:\/\/centcols.org\/wp-content\/litespeed\/avatar\/94c4de37e46cf090f296d42ab3e8d6a6.jpg?ver=1777238144","caption":"Guy Harl\u00e9"},"url":"https:\/\/centcols.org\/it\/author\/5193\/"}]}},"_links":{"self":[{"href":"https:\/\/centcols.org\/it\/wp-json\/wp\/v2\/posts\/93386","targetHints":{"allow":["GET"]}}],"collection":[{"href":"https:\/\/centcols.org\/it\/wp-json\/wp\/v2\/posts"}],"about":[{"href":"https:\/\/centcols.org\/it\/wp-json\/wp\/v2\/types\/post"}],"author":[{"embeddable":true,"href":"https:\/\/centcols.org\/it\/wp-json\/wp\/v2\/users\/136"}],"replies":[{"embeddable":true,"href":"https:\/\/centcols.org\/it\/wp-json\/wp\/v2\/comments?post=93386"}],"version-history":[{"count":0,"href":"https:\/\/centcols.org\/it\/wp-json\/wp\/v2\/posts\/93386\/revisions"}],"wp:featuredmedia":[{"embeddable":true,"href":"https:\/\/centcols.org\/it\/wp-json\/wp\/v2\/media\/93422"}],"wp:attachment":[{"href":"https:\/\/centcols.org\/it\/wp-json\/wp\/v2\/media?parent=93386"}],"wp:term":[{"taxonomy":"category","embeddable":true,"href":"https:\/\/centcols.org\/it\/wp-json\/wp\/v2\/categories?post=93386"},{"taxonomy":"post_tag","embeddable":true,"href":"https:\/\/centcols.org\/it\/wp-json\/wp\/v2\/tags?post=93386"}],"curies":[{"name":"wp","href":"https:\/\/api.w.org\/{rel}","templated":true}]}}