{"id":93719,"date":"2026-02-09T17:00:30","date_gmt":"2026-02-09T15:00:30","guid":{"rendered":"https:\/\/centcols.org\/?p=93719"},"modified":"2026-02-09T18:17:04","modified_gmt":"2026-02-09T16:17:04","slug":"continua-il-mio-viaggio-in-bicicletta-in-francia","status":"publish","type":"post","link":"https:\/\/centcols.org\/it\/mon-tour-de-lhexagone-a-velo-suite\/","title":{"rendered":"Il mio viaggio in bicicletta in Francia: continua"},"content":{"rendered":"<p>Dopo aver pubblicato un libro con foto, mappe e documenti (<a href=\"\/it\/il-mio-viaggio-in-bicicletta-in-francia-7600-chilometri-lungo-i-confini-francesi\/\">vedi la presentazione qui<\/a>) durante il suo tour in Francia, Pierre H\u00e9rant (cc n\u00b07946) ha scritto un secondo libro in cui racconta la sua avventura giorno per giorno.<\/p>\n\n\n<div class=\"wp-block-image\">\n<figure class=\"aligncenter size-large is-resized\"><img loading=\"lazy\" decoding=\"async\" width=\"1205\" height=\"1920\" src=\"https:\/\/centcols.org\/wp-content\/uploads\/2026\/02\/couv-tdf-pierre-herant-1205x1920.jpg\" alt=\"\" class=\"wp-image-93721\" style=\"aspect-ratio:0.628992628992629;object-fit:cover;width:400px\" srcset=\"https:\/\/centcols.org\/wp-content\/uploads\/2026\/02\/couv-tdf-pierre-herant-1205x1920.jpg 1205w, https:\/\/centcols.org\/wp-content\/uploads\/2026\/02\/couv-tdf-pierre-herant-753x1200.jpg 753w, https:\/\/centcols.org\/wp-content\/uploads\/2026\/02\/couv-tdf-pierre-herant-768x1224.jpg 768w, https:\/\/centcols.org\/wp-content\/uploads\/2026\/02\/couv-tdf-pierre-herant-964x1536.jpg 964w, https:\/\/centcols.org\/wp-content\/uploads\/2026\/02\/couv-tdf-pierre-herant-1285x2048.jpg 1285w, https:\/\/centcols.org\/wp-content\/uploads\/2026\/02\/couv-tdf-pierre-herant-8x12.jpg 8w, https:\/\/centcols.org\/wp-content\/uploads\/2026\/02\/couv-tdf-pierre-herant.jpg 1456w\" sizes=\"auto, (max-width: 1205px) 100vw, 1205px\" \/><\/figure>\n<\/div>\n\n\n<p>Libro Edizioni Christine Bonneton (diario di viaggio) pubblicato nel febbraio 2024, ISBN: 978-2-3848-7102-5 <\/p>\n\n\n\n<p><br>Pierre H\u00e9rant ha completato il pi\u00f9 lungo giro ciclistico della Francia, seguendo esattamente i confini amministrativi e terrestri del Paese.<br>In questo copioso libro tascabile, che si legge come un romanzo, l'autore racconta la sua emozionante avventura ciclistica di 84 giorni, 7.600 km e 80.000 metri di dislivello positivo, attraverso i principali colli del Tour de France nelle Alpi e nei Pirenei.<br>Pierre H\u00e9rant non si limita a pedalare, ma racconta. Il suo racconto immerge il lettore nella realt\u00e0 cruda e poetica di un trekking di lunga distanza, con i suoi panorami mozzafiato, i bivacchi improvvisati, il tempo capriccioso, i piccoli problemi, la fatica e la meraviglia.<br>Dai giorni eroici del Tour de France alle spiagge dello sbarco del D-Day, con le loro imprese e le loro tragedie, dalla memoria di Brel al confine con la pianura alle coste frastagliate del litorale basco, dalle monotone strade delle Landes ai brutali passi di montagna dei Pirenei, l'autore tesse sottilmente un racconto che unisce paesaggi sublimi, memoria collettiva, incontri memorabili e questioni ambientali.<br>Il libro comprende una sezione centrale con 60 foto a colori che mostrano i migliori paesaggi dei confini del nostro Paese.<\/p>\n\n\n\n<p>Per saperne di pi\u00f9 sulla disponibilit\u00e0 di libri: per saperne di pi\u00f9 sulla disponibilit\u00e0 di libri. <a href=\"https:\/\/www.fnac.com\/ia11080022\/Pierre-Herant\">fnac.com\/ia11080022\/Pierre-Herant<\/a><\/p>","protected":false},"excerpt":{"rendered":"<p>Apr\u00e8s avoir sorti un livre comportant photos, cartes et document aux \u00e9ditions Chamina (voir pr\u00e9sentation ici) sur son tour de la France, Pierre H\u00e9rant (cc n\u00b07946) a \u00e9crit un deuxi\u00e8me livre o\u00f9 il raconte au jour le jour son aventure. Livre Editions Christine Bonneton (r\u00e9cit de voyage) publi\u00e9 en f\u00e9vrier 2024, ISBN: 978-2-3848-7102-5 Pierre H\u00e9rant [&hellip;]<\/p>\n","protected":false},"author":5112,"featured_media":93721,"comment_status":"closed","ping_status":"closed","sticky":false,"template":"","format":"standard","meta":{"_acf_changed":false,"footnotes":""},"categories":[309],"tags":[],"class_list":["post-93719","post","type-post","status-publish","format-standard","has-post-thumbnail","hentry","category-lectures"],"acf":[],"yoast_head":"<!-- This site is optimized with the Yoast SEO plugin v27.2 - https:\/\/yoast.com\/product\/yoast-seo-wordpress\/ -->\n<title>Mon tour de l&#039;Hexagone \u00e0 v\u00e9lo : suite - Club des Cent Cols<\/title>\n<meta name=\"robots\" content=\"index, follow, max-snippet:-1, max-image-preview:large, max-video-preview:-1\" \/>\n<link rel=\"canonical\" href=\"https:\/\/centcols.org\/it\/continua-il-mio-viaggio-in-bicicletta-in-francia\/\" \/>\n<meta property=\"og:locale\" content=\"it_IT\" \/>\n<meta property=\"og:type\" content=\"article\" \/>\n<meta property=\"og:title\" content=\"Mon tour de l&#039;Hexagone \u00e0 v\u00e9lo : suite - Club des Cent Cols\" \/>\n<meta property=\"og:description\" content=\"Apr\u00e8s avoir sorti un livre comportant photos, cartes et document aux \u00e9ditions Chamina (voir pr\u00e9sentation ici) sur son tour de la France, Pierre H\u00e9rant (cc n\u00b07946) a \u00e9crit un deuxi\u00e8me livre o\u00f9 il raconte au jour le jour son aventure. Livre Editions Christine Bonneton (r\u00e9cit de voyage) publi\u00e9 en f\u00e9vrier 2024, ISBN: 978-2-3848-7102-5 Pierre H\u00e9rant [&hellip;]\" \/>\n<meta property=\"og:url\" content=\"https:\/\/centcols.org\/it\/continua-il-mio-viaggio-in-bicicletta-in-francia\/\" \/>\n<meta property=\"og:site_name\" content=\"Club des Cent Cols\" \/>\n<meta property=\"article:publisher\" content=\"https:\/\/www.facebook.com\/groups\/5261880558\/?locale=fr_FR\" \/>\n<meta property=\"article:published_time\" content=\"2026-02-09T15:00:30+00:00\" \/>\n<meta property=\"article:modified_time\" content=\"2026-02-09T16:17:04+00:00\" \/>\n<meta property=\"og:image\" content=\"https:\/\/centcols.org\/wp-content\/uploads\/2026\/02\/couv-tdf-pierre-herant.jpg\" \/>\n\t<meta property=\"og:image:width\" content=\"1456\" \/>\n\t<meta property=\"og:image:height\" content=\"2320\" \/>\n\t<meta property=\"og:image:type\" content=\"image\/jpeg\" \/>\n<meta name=\"author\" content=\"R\u00e9gis Paraz\" \/>\n<meta name=\"twitter:card\" content=\"summary_large_image\" \/>\n<meta name=\"twitter:label1\" content=\"Scritto da\" \/>\n\t<meta name=\"twitter:data1\" content=\"R\u00e9gis Paraz\" \/>\n\t<meta name=\"twitter:label2\" content=\"Tempo di lettura stimato\" \/>\n\t<meta name=\"twitter:data2\" content=\"2 minuti\" \/>\n<script type=\"application\/ld+json\" class=\"yoast-schema-graph\">{\"@context\":\"https:\/\/schema.org\",\"@graph\":[{\"@type\":\"Article\",\"@id\":\"https:\/\/centcols.org\/it\/mon-tour-de-lhexagone-a-velo-suite\/#article\",\"isPartOf\":{\"@id\":\"https:\/\/centcols.org\/it\/mon-tour-de-lhexagone-a-velo-suite\/\"},\"author\":{\"name\":\"R\u00e9gis Paraz\",\"@id\":\"https:\/\/centcols.org\/#\/schema\/person\/6733615a03fdc98c0aef104567c81e13\"},\"headline\":\"Mon tour de l&rsquo;Hexagone \u00e0 v\u00e9lo : suite\",\"datePublished\":\"2026-02-09T15:00:30+00:00\",\"dateModified\":\"2026-02-09T16:17:04+00:00\",\"mainEntityOfPage\":{\"@id\":\"https:\/\/centcols.org\/it\/mon-tour-de-lhexagone-a-velo-suite\/\"},\"wordCount\":312,\"publisher\":{\"@id\":\"https:\/\/centcols.org\/#organization\"},\"image\":{\"@id\":\"https:\/\/centcols.org\/it\/mon-tour-de-lhexagone-a-velo-suite\/#primaryimage\"},\"thumbnailUrl\":\"https:\/\/centcols.org\/wp-content\/uploads\/2026\/02\/couv-tdf-pierre-herant.jpg\",\"articleSection\":[\"Lectures\"],\"inLanguage\":\"it-IT\"},{\"@type\":\"WebPage\",\"@id\":\"https:\/\/centcols.org\/it\/mon-tour-de-lhexagone-a-velo-suite\/\",\"url\":\"https:\/\/centcols.org\/it\/mon-tour-de-lhexagone-a-velo-suite\/\",\"name\":\"Mon tour de l'Hexagone \u00e0 v\u00e9lo : suite - Club des Cent Cols\",\"isPartOf\":{\"@id\":\"https:\/\/centcols.org\/#website\"},\"primaryImageOfPage\":{\"@id\":\"https:\/\/centcols.org\/it\/mon-tour-de-lhexagone-a-velo-suite\/#primaryimage\"},\"image\":{\"@id\":\"https:\/\/centcols.org\/it\/mon-tour-de-lhexagone-a-velo-suite\/#primaryimage\"},\"thumbnailUrl\":\"https:\/\/centcols.org\/wp-content\/uploads\/2026\/02\/couv-tdf-pierre-herant.jpg\",\"datePublished\":\"2026-02-09T15:00:30+00:00\",\"dateModified\":\"2026-02-09T16:17:04+00:00\",\"breadcrumb\":{\"@id\":\"https:\/\/centcols.org\/it\/mon-tour-de-lhexagone-a-velo-suite\/#breadcrumb\"},\"inLanguage\":\"it-IT\",\"potentialAction\":[{\"@type\":\"ReadAction\",\"target\":[\"https:\/\/centcols.org\/it\/mon-tour-de-lhexagone-a-velo-suite\/\"]}]},{\"@type\":\"ImageObject\",\"inLanguage\":\"it-IT\",\"@id\":\"https:\/\/centcols.org\/it\/mon-tour-de-lhexagone-a-velo-suite\/#primaryimage\",\"url\":\"https:\/\/centcols.org\/wp-content\/uploads\/2026\/02\/couv-tdf-pierre-herant.jpg\",\"contentUrl\":\"https:\/\/centcols.org\/wp-content\/uploads\/2026\/02\/couv-tdf-pierre-herant.jpg\",\"width\":1456,\"height\":2320},{\"@type\":\"BreadcrumbList\",\"@id\":\"https:\/\/centcols.org\/it\/mon-tour-de-lhexagone-a-velo-suite\/#breadcrumb\",\"itemListElement\":[{\"@type\":\"ListItem\",\"position\":1,\"name\":\"Accueil\",\"item\":\"https:\/\/centcols.org\/\"},{\"@type\":\"ListItem\",\"position\":2,\"name\":\"Gazette\",\"item\":\"https:\/\/centcols.org\/rubrique\/gazette\/\"},{\"@type\":\"ListItem\",\"position\":3,\"name\":\"Lectures\",\"item\":\"https:\/\/centcols.org\/rubrique\/gazette\/lectures\/\"},{\"@type\":\"ListItem\",\"position\":4,\"name\":\"Mon tour de l&rsquo;Hexagone \u00e0 v\u00e9lo : suite\"}]},{\"@type\":\"WebSite\",\"@id\":\"https:\/\/centcols.org\/#website\",\"url\":\"https:\/\/centcols.org\/\",\"name\":\"Club des Cent Cols\",\"description\":\"\",\"publisher\":{\"@id\":\"https:\/\/centcols.org\/#organization\"},\"potentialAction\":[{\"@type\":\"SearchAction\",\"target\":{\"@type\":\"EntryPoint\",\"urlTemplate\":\"https:\/\/centcols.org\/?s={search_term_string}\"},\"query-input\":{\"@type\":\"PropertyValueSpecification\",\"valueRequired\":true,\"valueName\":\"search_term_string\"}}],\"inLanguage\":\"it-IT\"},{\"@type\":\"Organization\",\"@id\":\"https:\/\/centcols.org\/#organization\",\"name\":\"Club des Cent Cols\",\"url\":\"https:\/\/centcols.org\/\",\"logo\":{\"@type\":\"ImageObject\",\"inLanguage\":\"it-IT\",\"@id\":\"https:\/\/centcols.org\/#\/schema\/logo\/image\/\",\"url\":\"https:\/\/centcols.org\/wp-content\/uploads\/2025\/01\/carte-icone.png\",\"contentUrl\":\"https:\/\/centcols.org\/wp-content\/uploads\/2025\/01\/carte-icone.png\",\"width\":250,\"height\":250,\"caption\":\"Club des Cent Cols\"},\"image\":{\"@id\":\"https:\/\/centcols.org\/#\/schema\/logo\/image\/\"},\"sameAs\":[\"https:\/\/www.facebook.com\/groups\/5261880558\/?locale=fr_FR\"]},{\"@type\":\"Person\",\"@id\":\"https:\/\/centcols.org\/#\/schema\/person\/6733615a03fdc98c0aef104567c81e13\",\"name\":\"R\u00e9gis Paraz\",\"image\":{\"@type\":\"ImageObject\",\"inLanguage\":\"it-IT\",\"@id\":\"https:\/\/centcols.org\/wp-content\/litespeed\/avatar\/e5679bd124a28f7319d109cd5c2c0dd7.jpg?ver=1777239746\",\"url\":\"https:\/\/centcols.org\/wp-content\/litespeed\/avatar\/e5679bd124a28f7319d109cd5c2c0dd7.jpg?ver=1777239746\",\"contentUrl\":\"https:\/\/centcols.org\/wp-content\/litespeed\/avatar\/e5679bd124a28f7319d109cd5c2c0dd7.jpg?ver=1777239746\",\"caption\":\"R\u00e9gis Paraz\"},\"url\":\"https:\/\/centcols.org\/it\/author\/3225\/\"}]}<\/script>\n<!-- \/ Yoast SEO plugin. -->","yoast_head_json":{"title":"Il mio viaggio in bicicletta in Francia: continua - Club des Cent Cols","robots":{"index":"index","follow":"follow","max-snippet":"max-snippet:-1","max-image-preview":"max-image-preview:large","max-video-preview":"max-video-preview:-1"},"canonical":"https:\/\/centcols.org\/it\/continua-il-mio-viaggio-in-bicicletta-in-francia\/","og_locale":"it_IT","og_type":"article","og_title":"Mon tour de l'Hexagone \u00e0 v\u00e9lo : suite - Club des Cent Cols","og_description":"Apr\u00e8s avoir sorti un livre comportant photos, cartes et document aux \u00e9ditions Chamina (voir pr\u00e9sentation ici) sur son tour de la France, Pierre H\u00e9rant (cc n\u00b07946) a \u00e9crit un deuxi\u00e8me livre o\u00f9 il raconte au jour le jour son aventure. Livre Editions Christine Bonneton (r\u00e9cit de voyage) publi\u00e9 en f\u00e9vrier 2024, ISBN: 978-2-3848-7102-5 Pierre H\u00e9rant [&hellip;]","og_url":"https:\/\/centcols.org\/it\/continua-il-mio-viaggio-in-bicicletta-in-francia\/","og_site_name":"Club des Cent Cols","article_publisher":"https:\/\/www.facebook.com\/groups\/5261880558\/?locale=fr_FR","article_published_time":"2026-02-09T15:00:30+00:00","article_modified_time":"2026-02-09T16:17:04+00:00","og_image":[{"width":1456,"height":2320,"url":"https:\/\/centcols.org\/wp-content\/uploads\/2026\/02\/couv-tdf-pierre-herant.jpg","type":"image\/jpeg"}],"author":"R\u00e9gis Paraz","twitter_card":"summary_large_image","twitter_misc":{"Scritto da":"R\u00e9gis Paraz","Tempo di lettura stimato":"2 minuti"},"schema":{"@context":"https:\/\/schema.org","@graph":[{"@type":"Article","@id":"https:\/\/centcols.org\/it\/mon-tour-de-lhexagone-a-velo-suite\/#article","isPartOf":{"@id":"https:\/\/centcols.org\/it\/mon-tour-de-lhexagone-a-velo-suite\/"},"author":{"name":"R\u00e9gis Paraz","@id":"https:\/\/centcols.org\/#\/schema\/person\/6733615a03fdc98c0aef104567c81e13"},"headline":"Mon tour de l&rsquo;Hexagone \u00e0 v\u00e9lo : suite","datePublished":"2026-02-09T15:00:30+00:00","dateModified":"2026-02-09T16:17:04+00:00","mainEntityOfPage":{"@id":"https:\/\/centcols.org\/it\/mon-tour-de-lhexagone-a-velo-suite\/"},"wordCount":312,"publisher":{"@id":"https:\/\/centcols.org\/#organization"},"image":{"@id":"https:\/\/centcols.org\/it\/mon-tour-de-lhexagone-a-velo-suite\/#primaryimage"},"thumbnailUrl":"https:\/\/centcols.org\/wp-content\/uploads\/2026\/02\/couv-tdf-pierre-herant.jpg","articleSection":["Lectures"],"inLanguage":"it-IT"},{"@type":"WebPage","@id":"https:\/\/centcols.org\/it\/mon-tour-de-lhexagone-a-velo-suite\/","url":"https:\/\/centcols.org\/it\/mon-tour-de-lhexagone-a-velo-suite\/","name":"Il mio viaggio in bicicletta in Francia: continua - Club des Cent Cols","isPartOf":{"@id":"https:\/\/centcols.org\/#website"},"primaryImageOfPage":{"@id":"https:\/\/centcols.org\/it\/mon-tour-de-lhexagone-a-velo-suite\/#primaryimage"},"image":{"@id":"https:\/\/centcols.org\/it\/mon-tour-de-lhexagone-a-velo-suite\/#primaryimage"},"thumbnailUrl":"https:\/\/centcols.org\/wp-content\/uploads\/2026\/02\/couv-tdf-pierre-herant.jpg","datePublished":"2026-02-09T15:00:30+00:00","dateModified":"2026-02-09T16:17:04+00:00","breadcrumb":{"@id":"https:\/\/centcols.org\/it\/mon-tour-de-lhexagone-a-velo-suite\/#breadcrumb"},"inLanguage":"it-IT","potentialAction":[{"@type":"ReadAction","target":["https:\/\/centcols.org\/it\/mon-tour-de-lhexagone-a-velo-suite\/"]}]},{"@type":"ImageObject","inLanguage":"it-IT","@id":"https:\/\/centcols.org\/it\/mon-tour-de-lhexagone-a-velo-suite\/#primaryimage","url":"https:\/\/centcols.org\/wp-content\/uploads\/2026\/02\/couv-tdf-pierre-herant.jpg","contentUrl":"https:\/\/centcols.org\/wp-content\/uploads\/2026\/02\/couv-tdf-pierre-herant.jpg","width":1456,"height":2320},{"@type":"BreadcrumbList","@id":"https:\/\/centcols.org\/it\/mon-tour-de-lhexagone-a-velo-suite\/#breadcrumb","itemListElement":[{"@type":"ListItem","position":1,"name":"Accueil","item":"https:\/\/centcols.org\/"},{"@type":"ListItem","position":2,"name":"Gazette","item":"https:\/\/centcols.org\/rubrique\/gazette\/"},{"@type":"ListItem","position":3,"name":"Lectures","item":"https:\/\/centcols.org\/rubrique\/gazette\/lectures\/"},{"@type":"ListItem","position":4,"name":"Mon tour de l&rsquo;Hexagone \u00e0 v\u00e9lo : suite"}]},{"@type":"WebSite","@id":"https:\/\/centcols.org\/#website","url":"https:\/\/centcols.org\/","name":"Club des Cent Cols","description":"","publisher":{"@id":"https:\/\/centcols.org\/#organization"},"potentialAction":[{"@type":"SearchAction","target":{"@type":"EntryPoint","urlTemplate":"https:\/\/centcols.org\/?s={search_term_string}"},"query-input":{"@type":"PropertyValueSpecification","valueRequired":true,"valueName":"search_term_string"}}],"inLanguage":"it-IT"},{"@type":"Organization","@id":"https:\/\/centcols.org\/#organization","name":"Club des Cent Cols","url":"https:\/\/centcols.org\/","logo":{"@type":"ImageObject","inLanguage":"it-IT","@id":"https:\/\/centcols.org\/#\/schema\/logo\/image\/","url":"https:\/\/centcols.org\/wp-content\/uploads\/2025\/01\/carte-icone.png","contentUrl":"https:\/\/centcols.org\/wp-content\/uploads\/2025\/01\/carte-icone.png","width":250,"height":250,"caption":"Club des Cent Cols"},"image":{"@id":"https:\/\/centcols.org\/#\/schema\/logo\/image\/"},"sameAs":["https:\/\/www.facebook.com\/groups\/5261880558\/?locale=fr_FR"]},{"@type":"Person","@id":"https:\/\/centcols.org\/#\/schema\/person\/6733615a03fdc98c0aef104567c81e13","name":"R\u00e9gis Paraz","image":{"@type":"ImageObject","inLanguage":"it-IT","@id":"https:\/\/centcols.org\/wp-content\/litespeed\/avatar\/e5679bd124a28f7319d109cd5c2c0dd7.jpg?ver=1777239746","url":"https:\/\/centcols.org\/wp-content\/litespeed\/avatar\/e5679bd124a28f7319d109cd5c2c0dd7.jpg?ver=1777239746","contentUrl":"https:\/\/centcols.org\/wp-content\/litespeed\/avatar\/e5679bd124a28f7319d109cd5c2c0dd7.jpg?ver=1777239746","caption":"R\u00e9gis Paraz"},"url":"https:\/\/centcols.org\/it\/author\/3225\/"}]}},"_links":{"self":[{"href":"https:\/\/centcols.org\/it\/wp-json\/wp\/v2\/posts\/93719","targetHints":{"allow":["GET"]}}],"collection":[{"href":"https:\/\/centcols.org\/it\/wp-json\/wp\/v2\/posts"}],"about":[{"href":"https:\/\/centcols.org\/it\/wp-json\/wp\/v2\/types\/post"}],"author":[{"embeddable":true,"href":"https:\/\/centcols.org\/it\/wp-json\/wp\/v2\/users\/5112"}],"replies":[{"embeddable":true,"href":"https:\/\/centcols.org\/it\/wp-json\/wp\/v2\/comments?post=93719"}],"version-history":[{"count":0,"href":"https:\/\/centcols.org\/it\/wp-json\/wp\/v2\/posts\/93719\/revisions"}],"wp:featuredmedia":[{"embeddable":true,"href":"https:\/\/centcols.org\/it\/wp-json\/wp\/v2\/media\/93721"}],"wp:attachment":[{"href":"https:\/\/centcols.org\/it\/wp-json\/wp\/v2\/media?parent=93719"}],"wp:term":[{"taxonomy":"category","embeddable":true,"href":"https:\/\/centcols.org\/it\/wp-json\/wp\/v2\/categories?post=93719"},{"taxonomy":"post_tag","embeddable":true,"href":"https:\/\/centcols.org\/it\/wp-json\/wp\/v2\/tags?post=93719"}],"curies":[{"name":"wp","href":"https:\/\/api.w.org\/{rel}","templated":true}]}}