{"id":94047,"date":"2026-02-14T19:30:54","date_gmt":"2026-02-14T17:30:54","guid":{"rendered":"https:\/\/centcols.org\/?p=94047"},"modified":"2026-04-03T10:44:36","modified_gmt":"2026-04-03T08:44:36","slug":"collare-della-porta-2","status":"publish","type":"post","link":"https:\/\/centcols.org\/it\/col-de-porte\/","title":{"rendered":"Col de Porte"},"content":{"rendered":"\n<blockquote class=\"wp-block-quote is-layout-flow wp-block-quote-is-layout-flow\">\n<p class=\"has-text-align-left\"><em>Un article de G\u00e9rard Galland<\/em> <em>et et Christian Jeandey<\/em><\/p>\n<\/blockquote>\n\n\n\n<p>Le&nbsp;<strong>col de Porte<\/strong>&nbsp;<a href=\"\/util\/geo\/visu.php?code=FR-38-1326b\" target=\"_blank\" rel=\"noreferrer noopener\">FR-38-1326b<\/a><\/p>\n\n\n<div class=\"wp-block-image\">\n<figure class=\"aligncenter size-full is-resized\"><img loading=\"lazy\" decoding=\"async\" width=\"819\" height=\"1092\" src=\"https:\/\/centcols.org\/wp-content\/uploads\/2026\/02\/panneau-col-de-porte.jpg\" alt=\"\" class=\"wp-image-94049\" style=\"width:auto;height:600px\" srcset=\"https:\/\/centcols.org\/wp-content\/uploads\/2026\/02\/panneau-col-de-porte.jpg 819w, https:\/\/centcols.org\/wp-content\/uploads\/2026\/02\/panneau-col-de-porte-768x1024.jpg 768w, https:\/\/centcols.org\/wp-content\/uploads\/2026\/02\/panneau-col-de-porte-9x12.jpg 9w\" sizes=\"auto, (max-width: 819px) 100vw, 819px\" \/><figcaption class=\"wp-element-caption\">col de Porte<\/figcaption><\/figure>\n<\/div>\n\n        <div class=\"toc-wrapper\" data-columns=\"2\"\n            data-headings=\"[{&quot;level&quot;:2,&quot;text&quot;:&quot;Toponymie&quot;,&quot;id&quot;:&quot;toc-toponymie&quot;,&quot;page&quot;:1,&quot;existing_id&quot;:false},{&quot;level&quot;:2,&quot;text&quot;:&quot;Situation g\\u00e9ographique&quot;,&quot;id&quot;:&quot;toc-situation-geographique&quot;,&quot;page&quot;:1,&quot;existing_id&quot;:false},{&quot;level&quot;:3,&quot;text&quot;:&quot;Massif&quot;,&quot;id&quot;:&quot;toc-massif&quot;,&quot;page&quot;:1,&quot;existing_id&quot;:false},{&quot;level&quot;:3,&quot;text&quot;:&quot;G\\u00e9ologie&nbsp;du massif de la Chartreuse&quot;,&quot;id&quot;:&quot;toc-geologie-du-massif-de-la-chartreuse&quot;,&quot;page&quot;:1,&quot;existing_id&quot;:false},{&quot;level&quot;:3,&quot;text&quot;:&quot;Hydrographie&quot;,&quot;id&quot;:&quot;toc-hydrographie&quot;,&quot;page&quot;:1,&quot;existing_id&quot;:false},{&quot;level&quot;:2,&quot;text&quot;:&quot;Acc\\u00e8s&quot;,&quot;id&quot;:&quot;toc-acces&quot;,&quot;page&quot;:1,&quot;existing_id&quot;:false},{&quot;level&quot;:3,&quot;text&quot;:&quot;Versant sud&quot;,&quot;id&quot;:&quot;toc-versant-sud&quot;,&quot;page&quot;:1,&quot;existing_id&quot;:false},{&quot;level&quot;:3,&quot;text&quot;:&quot;Versant nord&quot;,&quot;id&quot;:&quot;toc-versant-nord&quot;,&quot;page&quot;:1,&quot;existing_id&quot;:false},{&quot;level&quot;:2,&quot;text&quot;:&quot;Situation administrative&quot;,&quot;id&quot;:&quot;toc-situation-administrative&quot;,&quot;page&quot;:1,&quot;existing_id&quot;:false},{&quot;level&quot;:2,&quot;text&quot;:&quot;\\u00c0 voir \\u2013 tourisme&quot;,&quot;id&quot;:&quot;toc-a-voir-tourisme&quot;,&quot;page&quot;:1,&quot;existing_id&quot;:false},{&quot;level&quot;:3,&quot;text&quot;:&quot;Versant sud&quot;,&quot;id&quot;:&quot;toc-versant-sud-1&quot;,&quot;page&quot;:1,&quot;existing_id&quot;:false},{&quot;level&quot;:3,&quot;text&quot;:&quot;Versant nord&quot;,&quot;id&quot;:&quot;toc-versant-nord-1&quot;,&quot;page&quot;:1,&quot;existing_id&quot;:false},{&quot;level&quot;:3,&quot;text&quot;:&quot;Au col&quot;,&quot;id&quot;:&quot;toc-au-col&quot;,&quot;page&quot;:1,&quot;existing_id&quot;:false},{&quot;level&quot;:2,&quot;text&quot;:&quot;Cyclisme et cyclotourisme&quot;,&quot;id&quot;:&quot;toc-cyclisme-et-cyclotourisme&quot;,&quot;page&quot;:1,&quot;existing_id&quot;:false},{&quot;level&quot;:2,&quot;text&quot;:&quot;Profil&quot;,&quot;id&quot;:&quot;toc-profil&quot;,&quot;page&quot;:1,&quot;existing_id&quot;:false}]\"\n            data-current-page=\"1\"\n            data-base-url=\"https:\/\/centcols.org\/it\/col-de-porte\/\">\n            <div class=\"toc-title\">\n                Sommaire            <\/div>\n            <div class=\"toc-content\" style=\"column-count: 2;\">\n                <ul class=\"toc-list\"><li class=\"toc-item toc-level-2\"><a href=\"#toc-toponymie\" class=\"toc-link\" data-same-page=\"true\">Toponymie<\/a><\/li><li class=\"toc-item toc-level-2\"><a href=\"#toc-situation-geographique\" class=\"toc-link\" data-same-page=\"true\">Situation g\u00e9ographique<\/a><ul class=\"toc-sublist\"><li class=\"toc-item toc-level-3\"><a href=\"#toc-massif\" class=\"toc-link\" data-same-page=\"true\">Massif<\/a><\/li><li class=\"toc-item toc-level-3\"><a href=\"#toc-geologie-du-massif-de-la-chartreuse\" class=\"toc-link\" data-same-page=\"true\">G\u00e9ologie&nbsp;du massif de la Chartreuse<\/a><\/li><li class=\"toc-item toc-level-3\"><a href=\"#toc-hydrographie\" class=\"toc-link\" data-same-page=\"true\">Hydrographie<\/a><\/li><\/ul><\/li><li class=\"toc-item toc-level-2\"><a href=\"#toc-acces\" class=\"toc-link\" data-same-page=\"true\">Acc\u00e8s<\/a><ul class=\"toc-sublist\"><li class=\"toc-item toc-level-3\"><a href=\"#toc-versant-sud\" class=\"toc-link\" data-same-page=\"true\">Versant sud<\/a><\/li><li class=\"toc-item toc-level-3\"><a href=\"#toc-versant-nord\" class=\"toc-link\" data-same-page=\"true\">Versant nord<\/a><\/li><\/ul><\/li><li class=\"toc-item toc-level-2\"><a href=\"#toc-situation-administrative\" class=\"toc-link\" data-same-page=\"true\">Situation administrative<\/a><\/li><li class=\"toc-item toc-level-2\"><a href=\"#toc-a-voir-tourisme\" class=\"toc-link\" data-same-page=\"true\">\u00c0 voir \u2013 tourisme<\/a><ul class=\"toc-sublist\"><li class=\"toc-item toc-level-3\"><a href=\"#toc-versant-sud-1\" class=\"toc-link\" data-same-page=\"true\">Versant sud<\/a><\/li><li class=\"toc-item toc-level-3\"><a href=\"#toc-versant-nord-1\" class=\"toc-link\" data-same-page=\"true\">Versant nord<\/a><\/li><li class=\"toc-item toc-level-3\"><a href=\"#toc-au-col\" class=\"toc-link\" data-same-page=\"true\">Au col<\/a><\/li><\/ul><\/li><li class=\"toc-item toc-level-2\"><a href=\"#toc-cyclisme-et-cyclotourisme\" class=\"toc-link\" data-same-page=\"true\">Cyclisme et cyclotourisme<\/a><\/li><li class=\"toc-item toc-level-2\"><a href=\"#toc-profil\" class=\"toc-link\" data-same-page=\"true\">Profil<\/a><\/li><\/ul>            <\/div>\n        <\/div>\n    \n\n\n<h2 class=\"wp-block-heading\">Toponymie<\/h2>\n\n\n\n<p>Porte est le nom de nombreux lieux-dits, le nom de plusieurs communes commence par porte.<br>Dans le catalogue des cols de France on trouve :<\/p>\n\n\n\n<ul class=\"wp-block-list\">\n<li>147 cols contenant \u00ab Porte \u00bb dans le nom complet (sous diverses formes : Porte, Portes, Porteille, Portette , Entreporte, etc \u2026)<\/li>\n\n\n\n<li>3 cols de Porte, 3 cols de la Porte, 3 Pas de la Porte (et 1 Pas de la Porte \u00c9troite), 2 pas de Porte, 2 bocca alle Porte, 1 la Porte, 4 cols de Portes et 9 cols des Portes, etc\u2026<\/li>\n\n\n\n<li>Le terme Porte est \u00e9galement utilis\u00e9 22 fois comme synonyme de col.<\/li>\n<\/ul>\n\n\n\n<div style=\"height:45px\" aria-hidden=\"true\" class=\"wp-block-spacer\"><\/div>\n\n\n\n<h2 class=\"wp-block-heading\">Situation g\u00e9ographique<\/h2>\n\n\n\n<h3 class=\"wp-block-heading\">Massif<\/h3>\n\n\n\n<p>Le col de Porte est situ\u00e9 au sud du <a href=\"https:\/\/fr.wikipedia.org\/wiki\/Massif_de_la_Chartreuse\" target=\"_blank\" rel=\"noreferrer noopener\">massif de la Chartreuse<\/a>.<br>C\u2019est le col le plus au sud (et le point le plus haut) de la d\u00e9pression nord-sud qui traverse le massif (avec les 3 cols : Granier (<a href=\"\/util\/geo\/visu.php?code=FR-73-1134\" target=\"_blank\" rel=\"noreferrer noopener\">FR-73-1134<\/a> ), Cucheron (<a href=\"\/util\/geo\/visu.php?code=FR-38-1139\" target=\"_blank\" rel=\"noreferrer noopener\">FR-38-1139<\/a>) et Porte).<br>Il se situe entre le <a href=\"https:\/\/fr.wikipedia.org\/wiki\/Charmant_Som\" target=\"_blank\" rel=\"noreferrer noopener\">Charmant Som<\/a> au nord-ouest et la <a href=\"https:\/\/fr.wikipedia.org\/wiki\/Pin%C3%A9a\" target=\"_blank\" rel=\"noreferrer noopener\">Pin\u00e9a <\/a>\u00e0 l\u2019ouest (d&rsquo;une part \u00e0 l\u2019ouest de la D512), et <a href=\"https:\/\/fr.wikipedia.org\/wiki\/Chamechaude\" target=\"_blank\" rel=\"noreferrer noopener\">Chamechaude<\/a> \u00e0 l&rsquo;est d&rsquo;autre part.<br>Les deux images issues du site <a href=\"http:\/\/www.geol-alp.com\/chartreuse\/6_sites_ch\/col_porte.html\" target=\"_blank\" rel=\"noreferrer noopener\">geol-alp de Maurice Gidon<\/a> illustrent bien la position du col de Porte.<\/p>\n\n\n<div class=\"wp-block-image\">\n<figure class=\"aligncenter size-full is-resized\"><img loading=\"lazy\" decoding=\"async\" width=\"700\" height=\"459\" src=\"https:\/\/centcols.org\/wp-content\/uploads\/2026\/02\/versant-sud-col-de-porte-1.jpg\" alt=\"\" class=\"wp-image-94091\" style=\"width:800px\" srcset=\"https:\/\/centcols.org\/wp-content\/uploads\/2026\/02\/versant-sud-col-de-porte-1.jpg 700w, https:\/\/centcols.org\/wp-content\/uploads\/2026\/02\/versant-sud-col-de-porte-1-18x12.jpg 18w\" sizes=\"auto, (max-width: 700px) 100vw, 700px\" \/><figcaption class=\"wp-element-caption\">Le versant sud du col de Porte vu du SE, d&rsquo;avion<\/figcaption><\/figure>\n<\/div>\n\n<div class=\"wp-block-image\">\n<figure class=\"aligncenter size-full is-resized\"><img loading=\"lazy\" decoding=\"async\" width=\"700\" height=\"416\" src=\"https:\/\/centcols.org\/wp-content\/uploads\/2026\/02\/versant-septentrional-col-de-porte-1.jpg\" alt=\"\" class=\"wp-image-94052\" style=\"width:800px\" srcset=\"https:\/\/centcols.org\/wp-content\/uploads\/2026\/02\/versant-septentrional-col-de-porte-1.jpg 700w, https:\/\/centcols.org\/wp-content\/uploads\/2026\/02\/versant-septentrional-col-de-porte-1-18x12.jpg 18w\" sizes=\"auto, (max-width: 700px) 100vw, 700px\" \/><figcaption class=\"wp-element-caption\">Le versant septentrional du col de Porte,<br>vu du NW depuis l&rsquo;\u00e9chine montant \u00e0 l&rsquo;\u00e9paule sud du Charmant Som<\/figcaption><\/figure>\n<\/div>\n\n\n<h3 class=\"wp-block-heading\">G\u00e9ologie&nbsp;du massif de la Chartreuse<\/h3>\n\n\n\n<p>Le massif de la Chartreuse est constitu\u00e9 d\u2019un empilement de calcaires et de marnes comprim\u00e9s et pliss\u00e9s lors du soul\u00e8vement de la cha\u00eene des Alpes. La roche calcaire t\u00e9moigne d\u2019une origine marine qui remonte \u00e0 plus de 150 millions d\u2019ann\u00e9es (Jurassique puis Cr\u00e9tac\u00e9). Les reliefs sont eux alpins, issus de la d\u00e9formation de cette couverture s\u00e9dimentaire qui s\u2019est amorc\u00e9e il y a un peu plus de 20 millions d\u2019ann\u00e9es. Au cours des 2 derniers millions d\u2019ann\u00e9es, le refroidissement du climat sur Terre provoque le d\u00e9veloppement p\u00e9riodique des glaciers dans les Alpes. Le massif est alors occup\u00e9 par d\u2019\u00e9normes flux de glace, ne laissant d\u00e9passer que les plus hauts sommets (Chamechaude, le grand Som, le mont Granier, etc\u2026). Ces lents et puissants flux de glaces approfondissent et \u00e9largissent les vall\u00e9es p\u00e9riph\u00e9riques (Trou\u00e9e des Marches au nord-est et Gr\u00e9sivaudan au sud). Plus de 1000&nbsp;m d\u2019\u00e9paisseur de glace ceinturent le massif et d\u00e9bordent parfois dans son c\u0153ur (\u00e0 Saint-Pierre-d\u2019Entremont), modelant les reliefs selon la r\u00e9sistance des roches. Le retrait des glaciers laisse un paysage transform\u00e9 sur lequel l\u2019\u00e9rosion fluviale a aujourd\u2019hui repris ses droits, creusant et remaniant les d\u00e9p\u00f4ts morainiques. Les derni\u00e8res p\u00e9riodes glaciaires se sont achev\u00e9es il y a pr\u00e8s de 13 000 ans (glaciation du W\u00fcrm) [<a href=\"https:\/\/geoparc.parcdesbauges.com\/la-geologie-du-massif\/la-geologie-du-massif-pour-tous\/#_msocom_1\" target=\"_blank\" rel=\"noreferrer noopener\">G\u00e9ologie des Pr\u00e9alpes<\/a>]. Pour les sp\u00e9cialistes et plus de d\u00e9tails, voir sur le site de Maurice Gidon.<br>Des d\u00e9p\u00f4ts fluvioglaciaires et morainiques s\u2019observent le plus souvent au bord des routes dans les vall\u00e9es menant au c\u0153ur du massif. Le col de Porte est le point haut le plus m\u00e9ridional de la longue d\u00e9pression \u00ab des trois cols \u00bb, ouverte sur toute la longueur du massif de la Chartreuse, du nord au sud, creus\u00e9e dans les marnes qui portent le nom de Narbonne (hameau de Saint-Martin-le-Vinoux).<br>Il faut aussi rappeler que le massif de la Chartreuse est karstique, c\u2019est-\u00e0-dire qu\u2019il existe un important r\u00e9seau de grottes et de gouffres (quelque 100 km de galeries) provoqu\u00e9 par la lente dissolution du calcaire par l\u2019eau. Ces r\u00e9seaux constituent le point de faiblesse de la montagne qui, combin\u00e9 avec des pluies abondantes, a conduit \u00e0 l\u2019effondrement majeur du <a href=\"https:\/\/fr.wikipedia.org\/wiki\/Mont_Granier\" target=\"_blank\" rel=\"noreferrer noopener\">mont Granier<\/a> en novembre 1248 et encore r\u00e9cemment \u00e0 une s\u00e9rie d\u2019\u00e9boulements en mai 2016.<\/p>\n\n\n\n<h3 class=\"wp-block-heading\">Hydrographie<\/h3>\n\n\n\n<ul class=\"wp-block-list\">\n<li>Versant sud : le ruisseau de Sarcenas pend sa source pr\u00e8s du col de Porte, il s\u2019\u00e9coule \u00e0 l\u2019ouest de la D512 (entre le col de Porte et le col de Palaquit (<a href=\"\/util\/geo\/visu.php?code=FR-38-1154b\" target=\"_blank\" rel=\"noreferrer noopener\">FR-38-1154b<\/a>), c\u2019est un affluent de la Vence pr\u00e8s de Quaix en Chartreuse. La Vence se jette dans l\u2019Is\u00e8re \u00e0 Saint-\u00c9gr\u00e8ve.<\/li>\n\n\n\n<li>Versant nord : le Ruisseau de Porte prend sa source au nord du col, c\u2019est un affluent du Torrent de Fontanil puis du Ruisseau des Corbeilliers, puis du Guiers Mort (\u00e0 La Diat). Le Guiers Mort converge avec le Guiers Vif \u00e0 Entre-deux-Guiers pour former le Guiers qui se jette dans le Rh\u00f4ne en aval de Saint-Genix-sur-Guiers (Savoie).<\/li>\n<\/ul>\n\n\n\n<div style=\"height:45px\" aria-hidden=\"true\" class=\"wp-block-spacer\"><\/div>\n\n\n\n<h2 class=\"wp-block-heading\">Acc\u00e8s<\/h2>\n\n\n\n<h3 class=\"wp-block-heading\">Versant sud<\/h3>\n\n\n<div class=\"wp-block-image\">\n<figure class=\"aligncenter size-full is-resized\"><img loading=\"lazy\" decoding=\"async\" width=\"1008\" height=\"768\" src=\"https:\/\/centcols.org\/wp-content\/uploads\/2026\/02\/acces-col-de-porte.jpg\" alt=\"\" class=\"wp-image-94058\" style=\"width:800px\" srcset=\"https:\/\/centcols.org\/wp-content\/uploads\/2026\/02\/acces-col-de-porte.jpg 1008w, https:\/\/centcols.org\/wp-content\/uploads\/2026\/02\/acces-col-de-porte-768x585.jpg 768w, https:\/\/centcols.org\/wp-content\/uploads\/2026\/02\/acces-col-de-porte-16x12.jpg 16w\" sizes=\"auto, (max-width: 1008px) 100vw, 1008px\" \/><\/figure>\n<\/div>\n\n\n<p>De Grenoble apr\u00e8s avoir travers\u00e9 l\u2019Is\u00e8re on rejoint la Tronche sur la rive droite de l\u2019Is\u00e8re, la route de Chartreuse (D512) d\u00e9marre au carrefour (altitude 233m), le col de Porte est distant de 15&nbsp;km, elle traverse Corenc (\u00e0 12&nbsp;km \u2013 468&nbsp;m) avant de rejoindre le col de Vence (<a href=\"\/util\/geo\/visu.php?code=FR-38-0782\" target=\"_blank\" rel=\"noreferrer noopener\">FR-38-0782<\/a>) \u00e0 8,5km puis Le-Sappey-en-Chartreuse (\u00e0 4&nbsp;km, 1045&nbsp;m). La route passe ensuite au col de Palaquit (<a href=\"\/util\/geo\/visu.php?code=FR-38-1154b\" target=\"_blank\" rel=\"noreferrer noopener\">FR-38-1154b<\/a>) (\u00e0 2,5&nbsp;km).<br>Deux variantes sont possibles :<br>De Grenoble, Porte de France la D57 conduit au col de Cl\u00e9menci\u00e8re (<a href=\"\/util\/geo\/visu.php?code=FR-38-0622\" target=\"_blank\" rel=\"noreferrer noopener\">FR-38-0622<\/a>), en 5&nbsp;km, de l\u00e0 deux possibilit\u00e9s :<\/p>\n\n\n\n<ul class=\"wp-block-list\">\n<li>rejoindre le col de Vence en 4&nbsp;km par la D57f. Distance totale 17,5&nbsp;km<\/li>\n\n\n\n<li>ou, en poursuivant par la D57, une courte descente (1,5&nbsp;km) conduit au carrefour (561&nbsp;m) avec la route venant de Quaix-en-Chartreuse. La route remonte ensuite en 6,5&nbsp;km \u00e0 Sarcenas (1080&nbsp;m). De Sarcenas, il reste 1&nbsp;km pour rejoindre le col de Palaquit. Distance totale 16,8&nbsp;km.<\/li>\n<\/ul>\n\n\n\n<h3 class=\"wp-block-heading\">Versant nord<\/h3>\n\n\n<div class=\"wp-block-image\">\n<figure class=\"aligncenter size-full is-resized\"><img loading=\"lazy\" decoding=\"async\" width=\"972\" height=\"728\" src=\"https:\/\/centcols.org\/wp-content\/uploads\/2026\/02\/acces-nord-col-de-porte.jpg\" alt=\"\" class=\"wp-image-94059\" style=\"width:800px\" srcset=\"https:\/\/centcols.org\/wp-content\/uploads\/2026\/02\/acces-nord-col-de-porte.jpg 972w, https:\/\/centcols.org\/wp-content\/uploads\/2026\/02\/acces-nord-col-de-porte-768x575.jpg 768w, https:\/\/centcols.org\/wp-content\/uploads\/2026\/02\/acces-nord-col-de-porte-16x12.jpg 16w\" sizes=\"auto, (max-width: 972px) 100vw, 972px\" \/><\/figure>\n<\/div>\n\n\n<p>En venant de Saint-Pierre-de-Chartreuse par la D512 (\u00e0 9,5&nbsp;km \u2013 900&nbsp;m dans l\u2019axe de la d\u00e9pression nord-sud du massif), il faudra d\u2019abord descendre \u00e0 La Diat (\u00e0 8,2&nbsp;km \u2013 794&nbsp;m) o\u00f9 apr\u00e8s le franchissement du Guiers commence la mont\u00e9e. \u00c0 7,4&nbsp;km du col (811&nbsp;m) on laisse sur la gauche la D57b (vers Saint-Hugues-de-Chartreuse et le col du Coq (<a href=\"\/util\/geo\/visu.php?code=FR-38-1434\" type=\"link\" id=\"\/util\/geo\/visu.php?code=FR-38-1434\" target=\"_blank\" rel=\"noreferrer noopener\">FR-38-1434<\/a>). \u00c0 4,6&nbsp;km du col \u2013 982&nbsp;m, nouveau carrefour avec la D57b vers Saint-Hugues.<br>De Saint-Laurent-du-Pont (\u00e0 18&nbsp;km du col \u2013 415&nbsp;m), il faut remonter la vall\u00e9e du Guiers Mort sur 1&nbsp;km pour rejoindre la D512 \u00e0 La Diat.<br>De Saint-Hugues-de-Chartreuse (au pied du col du Coq), \u00e0 7,8&nbsp;km du col de Porte \u2013 899&nbsp;m, par la D57b on traverse le hameau de Cherlieu (\u00e0 5,8&nbsp;km \u2013 946&nbsp;m) avant de rejoindre la D512 (\u00e0 4,6&nbsp;km du col \u2013 982&nbsp;m).<\/p>\n\n\n\n<div style=\"height:45px\" aria-hidden=\"true\" class=\"wp-block-spacer\"><\/div>\n\n\n\n<h2 class=\"wp-block-heading\">Situation administrative<\/h2>\n\n\n\n<p>Le col de Porte est situ\u00e9 sur la commune de Sarcenas. La limite avec la commune de Saint-Pierre-de-Chartreuse est \u00e0 800&nbsp;m au nord du col.<\/p>\n\n\n\n<div style=\"height:45px\" aria-hidden=\"true\" class=\"wp-block-spacer\"><\/div>\n\n\n\n<h2 class=\"wp-block-heading\">\u00c0 voir \u2013 tourisme<\/h2>\n\n\n\n<h3 class=\"wp-block-heading\">Versant sud<\/h3>\n\n\n\n<ul class=\"wp-block-list\">\n<li>Grenoble<\/li>\n<\/ul>\n\n\n\n<h3 class=\"wp-block-heading\">Versant nord<\/h3>\n\n\n\n<ul class=\"wp-block-list\">\n<li>Site du monast\u00e8re de la Grande Chartreuse (le monast\u00e8re ne se visite pas) et <a href=\"https:\/\/fr.wikipedia.org\/wiki\/Mus%C3%A9e_de_la_Grande_Chartreuse\" target=\"_blank\" rel=\"noreferrer noopener\">mus\u00e9e de la Grande Chartreuse<\/a>. Acc\u00e8s depuis la vall\u00e9e du Guiers par la D103 (route du D\u00e9sert), 1,5&nbsp;km en aval de La Diat.<\/li>\n\n\n\n<li>L&rsquo;\u00e9glise de Saint-Hugues-de-Chartreuse abrite le <a href=\"https:\/\/musees.isere.fr\/musee\/musee-arcabas-en-chartreuse\" target=\"_blank\" rel=\"noreferrer noopener\">mus\u00e9e Arcabas en Chartreuse<\/a> d\u00e9di\u00e9 \u00e0 l&rsquo;\u0153uvre de l&rsquo;artiste (111 \u0153uvres d\u2019art sacr\u00e9 contemporain).<\/li>\n<\/ul>\n\n\n\n<h3 class=\"wp-block-heading\">Au col<\/h3>\n\n\n\n<p class=\"has-medium-font-size\"><strong>Ski<\/strong><\/p>\n\n\n\n<ul class=\"wp-block-list\">\n<li>Implant\u00e9 entre 1200 et 1650 m\u00e8tres d&rsquo;altitude, le domaine skiable de col de Porte repr\u00e9sente 3 kilom\u00e8tres de pistes de ski desservies par 5 remont\u00e9es m\u00e9caniques.<\/li>\n\n\n\n<li>Le domaine de ski nordique comporte 3 pistes : 1 verte, 1 bleue et 1 rouge. 15 kilom\u00e8tres de pistes.<\/li>\n<\/ul>\n\n\n\n<p class=\"has-medium-font-size\"><br><strong>Le col de Porte constitue un point de d\u00e9part :<\/strong><\/p>\n\n\n\n<ul class=\"wp-block-list\">\n<li> Ascension directe de Chamechaude, point culminant du massif de la Chartreuse, et de la Pin\u00e9a.<\/li>\n\n\n\n<li>La Chartreuse \u00e9tant par sa topographie un massif isol\u00e9, Chamechaude se trouve \u00eatre le 3<sup>e<\/sup> sommet plus pro\u00e9minent des Alpes fran\u00e7aises apr\u00e8s le mont Blanc et la Barre des \u00c9crins avec 1771&nbsp;m de d\u00e9nivel\u00e9e depuis le seuil des Marches (311&nbsp;m) !<\/li>\n\n\n\n<li>Route du Charmant Som (construite entre 1932 et 1937). Au bout de la route : chalet, auberge et fromagerie.<\/li>\n<\/ul>\n\n\n\n<div style=\"height:45px\" aria-hidden=\"true\" class=\"wp-block-spacer\"><\/div>\n\n\n\n<h2 class=\"wp-block-heading\">Cyclisme et cyclotourisme<\/h2>\n\n\n\n<p>Jusqu\u2019en 2009 l&rsquo;Union Sportive de Saint-\u00c9gr\u00e8ve (section Cyclotourisme) \u2013 USSE a organis\u00e9 le<br>BRC (Brevet de randonneur de Chartreuse).<br>Ce brevet \u00e9tait organis\u00e9 en inversant le sens \u00e0 chaque \u00e9dition. Pour la version repr\u00e9sent\u00e9e par le profil ci-dessous, le parcours commen\u00e7ait en Nord-Is\u00e8re et en Savoie (avec les cols de la Placette, des Mille Martyrs, de Banchet et de l\u2019\u00c9pine) puis la travers\u00e9e nord-sud du massif de Chartreuse avec le col du Granier, le col du Cucheron et le col de Porte et \u00e0 la descente le col de Palaquit.<br>Le col de Porte \u00e9tait donc au programme au d\u00e9part de l\u2019\u00e9preuve depuis Saint-\u00c9gr\u00e8ve et Quaix-en-Chartreuse ou en toute fin de parcours depuis Saint-Pierre-de-Chartreuse.<br>Pour beaucoup de cyclotouristes \u00ab r\u00e9gionaux \u00bb ce brevet \u00e9tait consid\u00e9r\u00e9 comme une bonne pr\u00e9paration au BRA.<\/p>\n\n\n<div class=\"wp-block-image\">\n<figure class=\"aligncenter size-full is-resized\"><img loading=\"lazy\" decoding=\"async\" width=\"1385\" height=\"794\" src=\"https:\/\/centcols.org\/wp-content\/uploads\/2026\/02\/profil-brc.jpg\" alt=\"\" class=\"wp-image-94060\" style=\"width:800px\" srcset=\"https:\/\/centcols.org\/wp-content\/uploads\/2026\/02\/profil-brc.jpg 1385w, https:\/\/centcols.org\/wp-content\/uploads\/2026\/02\/profil-brc-1200x688.jpg 1200w, https:\/\/centcols.org\/wp-content\/uploads\/2026\/02\/profil-brc-768x440.jpg 768w, https:\/\/centcols.org\/wp-content\/uploads\/2026\/02\/profil-brc-18x10.jpg 18w\" sizes=\"auto, (max-width: 1385px) 100vw, 1385px\" \/><\/figure>\n<\/div>\n\n\n<p>De 2015 \u00e0 2017, le club de Voiron a organis\u00e9 le <a href=\"https:\/\/cyclotourisme-mag.com\/sorties\/brevet-de-randonneur-voiron-chartreuse\/?utm_source=chatgpt.com\" target=\"_blank\" rel=\"noreferrer noopener\">Brevet de Randonneur Voiron-Chartreuse<\/a><\/p>\n\n\n\n<div style=\"height:45px\" aria-hidden=\"true\" class=\"wp-block-spacer\"><\/div>\n\n\n\n<h2 class=\"wp-block-heading\">Profil<\/h2>\n\n\n\n<p>Pour la grimp\u00e9e \u00ab classique \u00bb de 15&nbsp;km depuis Grenoble (La Tronche), les passages les plus difficiles sont situ\u00e9s au niveau de Corenc. (versant sud)<\/p>\n\n\n<div class=\"wp-block-image\">\n<figure class=\"aligncenter size-full is-resized\"><img loading=\"lazy\" decoding=\"async\" width=\"1008\" height=\"615\" src=\"https:\/\/centcols.org\/wp-content\/uploads\/2026\/02\/profil-sud-col-de-porte.jpg\" alt=\"\" class=\"wp-image-94061\" style=\"width:801px\" srcset=\"https:\/\/centcols.org\/wp-content\/uploads\/2026\/02\/profil-sud-col-de-porte.jpg 1008w, https:\/\/centcols.org\/wp-content\/uploads\/2026\/02\/profil-sud-col-de-porte-768x469.jpg 768w, https:\/\/centcols.org\/wp-content\/uploads\/2026\/02\/profil-sud-col-de-porte-18x12.jpg 18w\" sizes=\"auto, (max-width: 1008px) 100vw, 1008px\" \/><\/figure>\n<\/div>\n\n\n<p>Par le nord, depuis la Diat (8&nbsp;km), le d\u00e9but est assez facile, mais la route se redresse quand on p\u00e9n\u00e8tre dans la for\u00eat apr\u00e8s le carrefour vers Cherlieu et Saint-Hugues.<\/p>\n\n\n<div class=\"wp-block-image\">\n<figure class=\"aligncenter size-full is-resized\"><img loading=\"lazy\" decoding=\"async\" width=\"1196\" height=\"717\" src=\"https:\/\/centcols.org\/wp-content\/uploads\/2026\/02\/profil-nord-col-de-porte.jpg\" alt=\"\" class=\"wp-image-94062\" style=\"width:800px\" srcset=\"https:\/\/centcols.org\/wp-content\/uploads\/2026\/02\/profil-nord-col-de-porte.jpg 1196w, https:\/\/centcols.org\/wp-content\/uploads\/2026\/02\/profil-nord-col-de-porte-768x460.jpg 768w, https:\/\/centcols.org\/wp-content\/uploads\/2026\/02\/profil-nord-col-de-porte-18x12.jpg 18w\" sizes=\"auto, (max-width: 1196px) 100vw, 1196px\" \/><\/figure>\n<\/div>","protected":false},"excerpt":{"rendered":"<p>Un article de G\u00e9rard Galland et et Christian Jeandey Le&nbsp;col de Porte&nbsp;FR-38-1326b Toponymie Porte est le nom de nombreux lieux-dits, le nom de plusieurs communes commence par porte.Dans le catalogue des cols de France on trouve : Situation g\u00e9ographique Massif Le col de Porte est situ\u00e9 au sud du massif de la Chartreuse.C\u2019est le col [&hellip;]<\/p>\n","protected":false},"author":5112,"featured_media":94099,"comment_status":"closed","ping_status":"open","sticky":false,"template":"","format":"standard","meta":{"_acf_changed":false,"footnotes":""},"categories":[308],"tags":[],"class_list":["post-94047","post","type-post","status-publish","format-standard","has-post-thumbnail","hentry","category-cols-en-vrac"],"acf":[],"yoast_head":"<!-- This site is optimized with the Yoast SEO plugin v27.2 - https:\/\/yoast.com\/product\/yoast-seo-wordpress\/ -->\n<title>Col de Porte - Club des Cent Cols<\/title>\n<meta name=\"robots\" content=\"index, follow, max-snippet:-1, max-image-preview:large, max-video-preview:-1\" \/>\n<link rel=\"canonical\" href=\"https:\/\/centcols.org\/it\/collare-della-porta-2\/\" \/>\n<meta property=\"og:locale\" content=\"it_IT\" \/>\n<meta property=\"og:type\" content=\"article\" \/>\n<meta property=\"og:title\" content=\"Col de Porte - Club des Cent Cols\" \/>\n<meta property=\"og:description\" content=\"Un article de G\u00e9rard Galland et et Christian Jeandey Le&nbsp;col de Porte&nbsp;FR-38-1326b Toponymie Porte est le nom de nombreux lieux-dits, le nom de plusieurs communes commence par porte.Dans le catalogue des cols de France on trouve : Situation g\u00e9ographique Massif Le col de Porte est situ\u00e9 au sud du massif de la Chartreuse.C\u2019est le col [&hellip;]\" \/>\n<meta property=\"og:url\" content=\"https:\/\/centcols.org\/it\/collare-della-porta-2\/\" \/>\n<meta property=\"og:site_name\" content=\"Club des Cent Cols\" \/>\n<meta property=\"article:publisher\" content=\"https:\/\/www.facebook.com\/groups\/5261880558\/?locale=fr_FR\" \/>\n<meta property=\"article:published_time\" content=\"2026-02-14T17:30:54+00:00\" \/>\n<meta property=\"article:modified_time\" content=\"2026-04-03T08:44:36+00:00\" \/>\n<meta property=\"og:image\" content=\"https:\/\/centcols.org\/wp-content\/uploads\/2026\/02\/col-de-porte.jpg\" \/>\n\t<meta property=\"og:image:width\" content=\"800\" \/>\n\t<meta property=\"og:image:height\" content=\"532\" \/>\n\t<meta property=\"og:image:type\" content=\"image\/jpeg\" \/>\n<meta name=\"author\" content=\"R\u00e9gis Paraz\" \/>\n<meta name=\"twitter:card\" content=\"summary_large_image\" \/>\n<meta name=\"twitter:label1\" content=\"Scritto da\" \/>\n\t<meta name=\"twitter:data1\" content=\"R\u00e9gis Paraz\" \/>\n\t<meta name=\"twitter:label2\" content=\"Tempo di lettura stimato\" \/>\n\t<meta name=\"twitter:data2\" content=\"10 minuti\" \/>\n<script type=\"application\/ld+json\" class=\"yoast-schema-graph\">{\"@context\":\"https:\/\/schema.org\",\"@graph\":[{\"@type\":\"Article\",\"@id\":\"https:\/\/centcols.org\/de\/turkragen\/#article\",\"isPartOf\":{\"@id\":\"https:\/\/centcols.org\/de\/turkragen\/\"},\"author\":{\"name\":\"R\u00e9gis Paraz\",\"@id\":\"https:\/\/centcols.org\/#\/schema\/person\/6733615a03fdc98c0aef104567c81e13\"},\"headline\":\"Col de Porte\",\"datePublished\":\"2026-02-14T17:30:54+00:00\",\"dateModified\":\"2026-04-03T08:44:36+00:00\",\"mainEntityOfPage\":{\"@id\":\"https:\/\/centcols.org\/de\/turkragen\/\"},\"wordCount\":1558,\"publisher\":{\"@id\":\"https:\/\/centcols.org\/#organization\"},\"image\":{\"@id\":\"https:\/\/centcols.org\/de\/turkragen\/#primaryimage\"},\"thumbnailUrl\":\"https:\/\/centcols.org\/wp-content\/uploads\/2026\/02\/col-de-porte.jpg\",\"articleSection\":[\"Cols en vrac\"],\"inLanguage\":\"it-IT\"},{\"@type\":\"WebPage\",\"@id\":\"https:\/\/centcols.org\/de\/turkragen\/\",\"url\":\"https:\/\/centcols.org\/de\/turkragen\/\",\"name\":\"Col de Porte - Club des Cent Cols\",\"isPartOf\":{\"@id\":\"https:\/\/centcols.org\/#website\"},\"primaryImageOfPage\":{\"@id\":\"https:\/\/centcols.org\/de\/turkragen\/#primaryimage\"},\"image\":{\"@id\":\"https:\/\/centcols.org\/de\/turkragen\/#primaryimage\"},\"thumbnailUrl\":\"https:\/\/centcols.org\/wp-content\/uploads\/2026\/02\/col-de-porte.jpg\",\"datePublished\":\"2026-02-14T17:30:54+00:00\",\"dateModified\":\"2026-04-03T08:44:36+00:00\",\"breadcrumb\":{\"@id\":\"https:\/\/centcols.org\/de\/turkragen\/#breadcrumb\"},\"inLanguage\":\"it-IT\",\"potentialAction\":[{\"@type\":\"ReadAction\",\"target\":[\"https:\/\/centcols.org\/de\/turkragen\/\"]}]},{\"@type\":\"ImageObject\",\"inLanguage\":\"it-IT\",\"@id\":\"https:\/\/centcols.org\/de\/turkragen\/#primaryimage\",\"url\":\"https:\/\/centcols.org\/wp-content\/uploads\/2026\/02\/col-de-porte.jpg\",\"contentUrl\":\"https:\/\/centcols.org\/wp-content\/uploads\/2026\/02\/col-de-porte.jpg\",\"width\":800,\"height\":532},{\"@type\":\"BreadcrumbList\",\"@id\":\"https:\/\/centcols.org\/de\/turkragen\/#breadcrumb\",\"itemListElement\":[{\"@type\":\"ListItem\",\"position\":1,\"name\":\"Accueil\",\"item\":\"https:\/\/centcols.org\/\"},{\"@type\":\"ListItem\",\"position\":2,\"name\":\"Cols en vrac\",\"item\":\"https:\/\/centcols.org\/rubrique\/cols-en-vrac\/\"},{\"@type\":\"ListItem\",\"position\":3,\"name\":\"Col de Porte\"}]},{\"@type\":\"WebSite\",\"@id\":\"https:\/\/centcols.org\/#website\",\"url\":\"https:\/\/centcols.org\/\",\"name\":\"Club des Cent Cols\",\"description\":\"\",\"publisher\":{\"@id\":\"https:\/\/centcols.org\/#organization\"},\"potentialAction\":[{\"@type\":\"SearchAction\",\"target\":{\"@type\":\"EntryPoint\",\"urlTemplate\":\"https:\/\/centcols.org\/?s={search_term_string}\"},\"query-input\":{\"@type\":\"PropertyValueSpecification\",\"valueRequired\":true,\"valueName\":\"search_term_string\"}}],\"inLanguage\":\"it-IT\"},{\"@type\":\"Organization\",\"@id\":\"https:\/\/centcols.org\/#organization\",\"name\":\"Club des Cent Cols\",\"url\":\"https:\/\/centcols.org\/\",\"logo\":{\"@type\":\"ImageObject\",\"inLanguage\":\"it-IT\",\"@id\":\"https:\/\/centcols.org\/#\/schema\/logo\/image\/\",\"url\":\"https:\/\/centcols.org\/wp-content\/uploads\/2025\/01\/carte-icone.png\",\"contentUrl\":\"https:\/\/centcols.org\/wp-content\/uploads\/2025\/01\/carte-icone.png\",\"width\":250,\"height\":250,\"caption\":\"Club des Cent Cols\"},\"image\":{\"@id\":\"https:\/\/centcols.org\/#\/schema\/logo\/image\/\"},\"sameAs\":[\"https:\/\/www.facebook.com\/groups\/5261880558\/?locale=fr_FR\"]},{\"@type\":\"Person\",\"@id\":\"https:\/\/centcols.org\/#\/schema\/person\/6733615a03fdc98c0aef104567c81e13\",\"name\":\"R\u00e9gis Paraz\",\"image\":{\"@type\":\"ImageObject\",\"inLanguage\":\"it-IT\",\"@id\":\"https:\/\/centcols.org\/wp-content\/litespeed\/avatar\/e5679bd124a28f7319d109cd5c2c0dd7.jpg?ver=1777239746\",\"url\":\"https:\/\/centcols.org\/wp-content\/litespeed\/avatar\/e5679bd124a28f7319d109cd5c2c0dd7.jpg?ver=1777239746\",\"contentUrl\":\"https:\/\/centcols.org\/wp-content\/litespeed\/avatar\/e5679bd124a28f7319d109cd5c2c0dd7.jpg?ver=1777239746\",\"caption\":\"R\u00e9gis Paraz\"},\"url\":\"https:\/\/centcols.org\/it\/author\/3225\/\"}]}<\/script>\n<!-- \/ Yoast SEO plugin. -->","yoast_head_json":{"title":"Col de Porte - Club des Cent Cols","robots":{"index":"index","follow":"follow","max-snippet":"max-snippet:-1","max-image-preview":"max-image-preview:large","max-video-preview":"max-video-preview:-1"},"canonical":"https:\/\/centcols.org\/it\/collare-della-porta-2\/","og_locale":"it_IT","og_type":"article","og_title":"Col de Porte - Club des Cent Cols","og_description":"Un article de G\u00e9rard Galland et et Christian Jeandey Le&nbsp;col de Porte&nbsp;FR-38-1326b Toponymie Porte est le nom de nombreux lieux-dits, le nom de plusieurs communes commence par porte.Dans le catalogue des cols de France on trouve : Situation g\u00e9ographique Massif Le col de Porte est situ\u00e9 au sud du massif de la Chartreuse.C\u2019est le col [&hellip;]","og_url":"https:\/\/centcols.org\/it\/collare-della-porta-2\/","og_site_name":"Club des Cent Cols","article_publisher":"https:\/\/www.facebook.com\/groups\/5261880558\/?locale=fr_FR","article_published_time":"2026-02-14T17:30:54+00:00","article_modified_time":"2026-04-03T08:44:36+00:00","og_image":[{"width":800,"height":532,"url":"https:\/\/centcols.org\/wp-content\/uploads\/2026\/02\/col-de-porte.jpg","type":"image\/jpeg"}],"author":"R\u00e9gis Paraz","twitter_card":"summary_large_image","twitter_misc":{"Scritto da":"R\u00e9gis Paraz","Tempo di lettura stimato":"10 minuti"},"schema":{"@context":"https:\/\/schema.org","@graph":[{"@type":"Article","@id":"https:\/\/centcols.org\/de\/turkragen\/#article","isPartOf":{"@id":"https:\/\/centcols.org\/de\/turkragen\/"},"author":{"name":"R\u00e9gis Paraz","@id":"https:\/\/centcols.org\/#\/schema\/person\/6733615a03fdc98c0aef104567c81e13"},"headline":"Col de Porte","datePublished":"2026-02-14T17:30:54+00:00","dateModified":"2026-04-03T08:44:36+00:00","mainEntityOfPage":{"@id":"https:\/\/centcols.org\/de\/turkragen\/"},"wordCount":1558,"publisher":{"@id":"https:\/\/centcols.org\/#organization"},"image":{"@id":"https:\/\/centcols.org\/de\/turkragen\/#primaryimage"},"thumbnailUrl":"https:\/\/centcols.org\/wp-content\/uploads\/2026\/02\/col-de-porte.jpg","articleSection":["Cols en vrac"],"inLanguage":"it-IT"},{"@type":"WebPage","@id":"https:\/\/centcols.org\/de\/turkragen\/","url":"https:\/\/centcols.org\/de\/turkragen\/","name":"Col de Porte - Club des Cent Cols","isPartOf":{"@id":"https:\/\/centcols.org\/#website"},"primaryImageOfPage":{"@id":"https:\/\/centcols.org\/de\/turkragen\/#primaryimage"},"image":{"@id":"https:\/\/centcols.org\/de\/turkragen\/#primaryimage"},"thumbnailUrl":"https:\/\/centcols.org\/wp-content\/uploads\/2026\/02\/col-de-porte.jpg","datePublished":"2026-02-14T17:30:54+00:00","dateModified":"2026-04-03T08:44:36+00:00","breadcrumb":{"@id":"https:\/\/centcols.org\/de\/turkragen\/#breadcrumb"},"inLanguage":"it-IT","potentialAction":[{"@type":"ReadAction","target":["https:\/\/centcols.org\/de\/turkragen\/"]}]},{"@type":"ImageObject","inLanguage":"it-IT","@id":"https:\/\/centcols.org\/de\/turkragen\/#primaryimage","url":"https:\/\/centcols.org\/wp-content\/uploads\/2026\/02\/col-de-porte.jpg","contentUrl":"https:\/\/centcols.org\/wp-content\/uploads\/2026\/02\/col-de-porte.jpg","width":800,"height":532},{"@type":"BreadcrumbList","@id":"https:\/\/centcols.org\/de\/turkragen\/#breadcrumb","itemListElement":[{"@type":"ListItem","position":1,"name":"Accueil","item":"https:\/\/centcols.org\/"},{"@type":"ListItem","position":2,"name":"Cols en vrac","item":"https:\/\/centcols.org\/rubrique\/cols-en-vrac\/"},{"@type":"ListItem","position":3,"name":"Col de Porte"}]},{"@type":"WebSite","@id":"https:\/\/centcols.org\/#website","url":"https:\/\/centcols.org\/","name":"Club des Cent Cols","description":"","publisher":{"@id":"https:\/\/centcols.org\/#organization"},"potentialAction":[{"@type":"SearchAction","target":{"@type":"EntryPoint","urlTemplate":"https:\/\/centcols.org\/?s={search_term_string}"},"query-input":{"@type":"PropertyValueSpecification","valueRequired":true,"valueName":"search_term_string"}}],"inLanguage":"it-IT"},{"@type":"Organization","@id":"https:\/\/centcols.org\/#organization","name":"Club des Cent Cols","url":"https:\/\/centcols.org\/","logo":{"@type":"ImageObject","inLanguage":"it-IT","@id":"https:\/\/centcols.org\/#\/schema\/logo\/image\/","url":"https:\/\/centcols.org\/wp-content\/uploads\/2025\/01\/carte-icone.png","contentUrl":"https:\/\/centcols.org\/wp-content\/uploads\/2025\/01\/carte-icone.png","width":250,"height":250,"caption":"Club des Cent Cols"},"image":{"@id":"https:\/\/centcols.org\/#\/schema\/logo\/image\/"},"sameAs":["https:\/\/www.facebook.com\/groups\/5261880558\/?locale=fr_FR"]},{"@type":"Person","@id":"https:\/\/centcols.org\/#\/schema\/person\/6733615a03fdc98c0aef104567c81e13","name":"R\u00e9gis Paraz","image":{"@type":"ImageObject","inLanguage":"it-IT","@id":"https:\/\/centcols.org\/wp-content\/litespeed\/avatar\/e5679bd124a28f7319d109cd5c2c0dd7.jpg?ver=1777239746","url":"https:\/\/centcols.org\/wp-content\/litespeed\/avatar\/e5679bd124a28f7319d109cd5c2c0dd7.jpg?ver=1777239746","contentUrl":"https:\/\/centcols.org\/wp-content\/litespeed\/avatar\/e5679bd124a28f7319d109cd5c2c0dd7.jpg?ver=1777239746","caption":"R\u00e9gis Paraz"},"url":"https:\/\/centcols.org\/it\/author\/3225\/"}]}},"_links":{"self":[{"href":"https:\/\/centcols.org\/it\/wp-json\/wp\/v2\/posts\/94047","targetHints":{"allow":["GET"]}}],"collection":[{"href":"https:\/\/centcols.org\/it\/wp-json\/wp\/v2\/posts"}],"about":[{"href":"https:\/\/centcols.org\/it\/wp-json\/wp\/v2\/types\/post"}],"author":[{"embeddable":true,"href":"https:\/\/centcols.org\/it\/wp-json\/wp\/v2\/users\/5112"}],"replies":[{"embeddable":true,"href":"https:\/\/centcols.org\/it\/wp-json\/wp\/v2\/comments?post=94047"}],"version-history":[{"count":0,"href":"https:\/\/centcols.org\/it\/wp-json\/wp\/v2\/posts\/94047\/revisions"}],"wp:featuredmedia":[{"embeddable":true,"href":"https:\/\/centcols.org\/it\/wp-json\/wp\/v2\/media\/94099"}],"wp:attachment":[{"href":"https:\/\/centcols.org\/it\/wp-json\/wp\/v2\/media?parent=94047"}],"wp:term":[{"taxonomy":"category","embeddable":true,"href":"https:\/\/centcols.org\/it\/wp-json\/wp\/v2\/categories?post=94047"},{"taxonomy":"post_tag","embeddable":true,"href":"https:\/\/centcols.org\/it\/wp-json\/wp\/v2\/tags?post=94047"}],"curies":[{"name":"wp","href":"https:\/\/api.w.org\/{rel}","templated":true}]}}