{"id":94329,"date":"2026-03-10T20:08:15","date_gmt":"2026-03-10T18:08:15","guid":{"rendered":"https:\/\/centcols.org\/?p=94329"},"modified":"2026-03-23T19:22:56","modified_gmt":"2026-03-23T17:22:56","slug":"fr-83-aups-vtt","status":"publish","type":"post","link":"https:\/\/centcols.org\/it\/fr-83-aups-vtt\/","title":{"rendered":"FR-83 Aups - Mountain bike 39 km, D+ 950 m, 10 passi"},"content":{"rendered":"<iframe width=\"100%\" height=\"650\" loading=\"lazy\" src=\"https:\/\/www.openrunner.com\/embed.html?code=38322b3759446d6835433177585373706453446f56756c7264643076374a707672727337697661555735733d3a3a5b77f09222e630ed0d43e864462d7a95&#038;lang=fr&#038;unit=metric\" style=\"border: none;\"><\/iframe>\n\n\n\n<div style=\"height:30px\" aria-hidden=\"true\" class=\"wp-block-spacer\"><\/div>\n\n\n\n<h2 class=\"wp-block-heading\">Descrizione dell'autore<\/h2>\n\n\n\n<p><strong>Autore<\/strong> Philippe Chazottier<br><strong>Corso<\/strong> effettuata il 26 febbraio 2026<br><strong>Partenza<\/strong> Aups, parcheggio del cimitero.<\/p>\n\n\n\n<div style=\"height:30px\" aria-hidden=\"true\" class=\"wp-block-spacer\"><\/div>\n\n\n\n<h2 class=\"wp-block-heading\">Informazioni turistiche<\/h2>\n\n\n\n<p>Questo percorso nell'Haut-Var \u00e8 situato in una zona vicina alle principali attrazioni turistiche ma lontana dalla folla, con un tratto su un crinale.<br>Si consiglia di fare una deviazione per scoprire il villaggio di <a href=\"https:\/\/www.les-plus-beaux-villages-de-france.org\/fr\/nos-villages\/tourtour\/\" target=\"_blank\" rel=\"noreferrer noopener\">Tourtour<\/a> soprannominato \u00abil villaggio nel cielo di Provenza\u00bb. Il villaggio di\u2019<a href=\"https:\/\/www.provenceweb.fr\/f\/var\/aups\/aups.htm\" target=\"_blank\" rel=\"noreferrer noopener\">Aups<\/a> merita anch'essa un momento di riflessione.<\/p>\n\n\n\n<div style=\"height:30px\" aria-hidden=\"true\" class=\"wp-block-spacer\"><\/div>\n\n\n\n<h2 class=\"wp-block-heading\">Specifiche tecniche<\/h2>\n\n\n\n<p>Ciclabile a 80%, questo percorso non \u00e8 consigliato per gli sterrati. Si consiglia di seguire la direzione suggerita, poich\u00e9 il tratto di sentiero dalla cappella di Saint-Priest \u00e8 in discesa.<br>Dal Col de la Bigue si pu\u00f2 fare ritorno all'Aire du Loup. <a href=\"\/it\/util\/geo\/visu.php\/?code=FR-83-0950\" target=\"_blank\" rel=\"noreferrer noopener\">FR-83-0950<\/a>.<\/p>\n\n\n\n<div style=\"height:30px\" aria-hidden=\"true\" class=\"wp-block-spacer\"><\/div>\n\n\n\n<p><strong>10 collari<\/strong><\/p>\n\n\n\n<figure class=\"wp-block-table\"><table class=\"has-background\" style=\"background-color:#f0f0f0\"><tbody><tr><td>1 - Col de la Grande Colle<\/td><td class=\"has-text-align-left\" data-align=\"left\">749 m<\/td><td class=\"has-text-align-center\" data-align=\"center\"><a href=\"\/it\/util\/geo\/visu.php\/?code=FR-83-0751a\" target=\"_blank\" rel=\"noreferrer noopener\">FR-83-0751a<\/a><\/td><\/tr><tr><td>2 - Selle de Camp Redon<\/td><td class=\"has-text-align-left\" data-align=\"left\">689 m<\/td><td class=\"has-text-align-center\" data-align=\"center\"><a href=\"\/it\/util\/geo\/visu.php\/?code=FR-83-0689\" target=\"_blank\" rel=\"noreferrer noopener\">FR-83-0689<\/a><\/td><\/tr><tr><td>3 - Collet des Moulieres<\/td><td class=\"has-text-align-left\" data-align=\"left\">731 m<\/td><td class=\"has-text-align-center\" data-align=\"center\"><a href=\"\/it\/util\/geo\/visu.php\/?code=FR-83-0731\" target=\"_blank\" rel=\"noreferrer noopener\">FR-83-0731<\/a><\/td><\/tr><tr><td>4 - Collet des Clappes<\/td><td class=\"has-text-align-left\" data-align=\"left\">742 m<\/td><td class=\"has-text-align-center\" data-align=\"center\"><a href=\"\/it\/util\/geo\/visu.php\/?code=FR-83-0742\" target=\"_blank\" rel=\"noreferrer noopener\">FR-83-0742<\/a><\/td><\/tr><tr><td>5 - Collet de Valuegne<\/td><td class=\"has-text-align-left\" data-align=\"left\">756 m<\/td><td class=\"has-text-align-center\" data-align=\"center\"><a href=\"\/it\/util\/geo\/visu.php\/?code=FR-83-0756\" target=\"_blank\" rel=\"noreferrer noopener\">FR-83-0756<\/a><\/td><\/tr><tr><td>6 - Pinza<\/td><td class=\"has-text-align-left\" data-align=\"left\">752 m<\/td><td class=\"has-text-align-center\" data-align=\"center\"><a href=\"\/it\/util\/geo\/visu.php\/?code=FR-83-0752a\" target=\"_blank\" rel=\"noreferrer noopener\">FR-83-0752a<\/a><\/td><\/tr><tr><td>7 - Pas du Bresc<\/td><td class=\"has-text-align-left\" data-align=\"left\">957 m<\/td><td class=\"has-text-align-center\" data-align=\"center\"><a href=\"\/it\/util\/geo\/visu.php\/?code=FR-83-0957\" target=\"_blank\" rel=\"noreferrer noopener\">FR-83-0957<\/a><\/td><\/tr><tr><td>8 - Collet de Saint Priest<\/td><td class=\"has-text-align-left\" data-align=\"left\">1029 m<\/td><td class=\"has-text-align-center\" data-align=\"center\"><a href=\"\/it\/util\/geo\/visu.php\/?code=FR-83-1029\" target=\"_blank\" rel=\"noreferrer noopener\">FR-83-1029<\/a><\/td><\/tr><tr><td>9 - Colletto di Liesse<\/td><td class=\"has-text-align-left\" data-align=\"left\">953 m<\/td><td class=\"has-text-align-center\" data-align=\"center\"><a href=\"\/it\/util\/geo\/visu.php\/?code=FR-83-0953\" target=\"_blank\" rel=\"noreferrer noopener\">FR-83-0953<\/a><\/td><\/tr><tr><td>10 - Col de la Bigue<\/td><td class=\"has-text-align-left\" data-align=\"left\">792 m<\/td><td class=\"has-text-align-center\" data-align=\"center\"><a href=\"\/it\/util\/geo\/visu.php\/?code=FR-83-0792\" target=\"_blank\" rel=\"noreferrer noopener\">FR-83-0792<\/a><\/td><\/tr><\/tbody><\/table><\/figure>\n\n\n\n<p><strong>Parole chiave<\/strong> Aups, Tourtour, Haut-Var, Saint-Priest, centole<\/p>\n\n\n\n<p>Link Openrunner, mappa interattiva, profilo, traccia : <a href=\"https:\/\/www.openrunner.com\/route-details\/23501233\" target=\"_blank\" rel=\"noreferrer noopener\">https:\/\/www.openrunner.com\/route-details\/23501233<\/a><\/p>\n\n\n\n<p>Questo itinerario \u00e8 offerto a titolo puramente indicativo. L'autore non si assume alcuna responsabilit\u00e0, n\u00e9 quella del Club des Cent Cols, per eventuali imponderabilit\u00e0 dovute al ciclista stesso, all'equipaggiamento utilizzato o a qualsiasi cosa abbia a che fare con la strada, le piste e i sentieri, i loro dintorni o altri utenti.<\/p>\n\n\n\n<div style=\"height:30px\" aria-hidden=\"true\" class=\"wp-block-spacer\"><\/div>\n\n\n\n<h2 class=\"wp-block-heading\">Foto<\/h2>\n\n\n\n<figure class=\"wp-block-gallery has-nested-images columns-default is-cropped wp-block-gallery-1 is-layout-flex wp-block-gallery-is-layout-flex\">\n<figure class=\"wp-block-image size-full\"><a href=\"https:\/\/centcols.org\/wp-content\/uploads\/2026\/03\/Chapelle-Saint-priest.jpg\"><img loading=\"lazy\" decoding=\"async\" width=\"637\" height=\"850\" data-id=\"94337\" src=\"https:\/\/centcols.org\/wp-content\/uploads\/2026\/03\/Chapelle-Saint-priest.jpg\" alt=\"\" class=\"wp-image-94337\" srcset=\"https:\/\/centcols.org\/wp-content\/uploads\/2026\/03\/Chapelle-Saint-priest.jpg 637w, https:\/\/centcols.org\/wp-content\/uploads\/2026\/03\/Chapelle-Saint-priest-9x12.jpg 9w\" sizes=\"auto, (max-width: 637px) 100vw, 637px\" \/><\/a><figcaption class=\"wp-element-caption\">Cappella di Saint-Priest<\/figcaption><\/figure>\n\n\n\n<figure class=\"wp-block-image size-full\"><a href=\"https:\/\/centcols.org\/wp-content\/uploads\/2026\/03\/Le-camp-de-Canjuers-de-lautre-cote-de-la-piste.jpg\"><img loading=\"lazy\" decoding=\"async\" width=\"1199\" height=\"742\" data-id=\"94338\" src=\"https:\/\/centcols.org\/wp-content\/uploads\/2026\/03\/Le-camp-de-Canjuers-de-lautre-cote-de-la-piste.jpg\" alt=\"\" class=\"wp-image-94338\" srcset=\"https:\/\/centcols.org\/wp-content\/uploads\/2026\/03\/Le-camp-de-Canjuers-de-lautre-cote-de-la-piste.jpg 1199w, https:\/\/centcols.org\/wp-content\/uploads\/2026\/03\/Le-camp-de-Canjuers-de-lautre-cote-de-la-piste-768x475.jpg 768w, https:\/\/centcols.org\/wp-content\/uploads\/2026\/03\/Le-camp-de-Canjuers-de-lautre-cote-de-la-piste-18x12.jpg 18w\" sizes=\"auto, (max-width: 1199px) 100vw, 1199px\" \/><\/a><figcaption class=\"wp-element-caption\">Campo di Canjuers dall'altra parte della pista<\/figcaption><\/figure>\n\n\n\n<figure class=\"wp-block-image size-full\"><a href=\"https:\/\/centcols.org\/wp-content\/uploads\/2026\/03\/Nous-ne-nous-sommes-pas-risques-.jpg\"><img loading=\"lazy\" decoding=\"async\" width=\"637\" height=\"850\" data-id=\"94339\" src=\"https:\/\/centcols.org\/wp-content\/uploads\/2026\/03\/Nous-ne-nous-sommes-pas-risques-.jpg\" alt=\"\" class=\"wp-image-94339\" srcset=\"https:\/\/centcols.org\/wp-content\/uploads\/2026\/03\/Nous-ne-nous-sommes-pas-risques-.jpg 637w, https:\/\/centcols.org\/wp-content\/uploads\/2026\/03\/Nous-ne-nous-sommes-pas-risques--9x12.jpg 9w\" sizes=\"auto, (max-width: 637px) 100vw, 637px\" \/><\/a><figcaption class=\"wp-element-caption\">Non abbiamo rischiato<\/figcaption><\/figure>\n\n\n\n<figure class=\"wp-block-image size-full\"><a href=\"https:\/\/centcols.org\/wp-content\/uploads\/2026\/03\/Vue-depuis-la-crete.jpg\"><img loading=\"lazy\" decoding=\"async\" width=\"1200\" height=\"741\" data-id=\"94340\" src=\"https:\/\/centcols.org\/wp-content\/uploads\/2026\/03\/Vue-depuis-la-crete.jpg\" alt=\"\" class=\"wp-image-94340\" srcset=\"https:\/\/centcols.org\/wp-content\/uploads\/2026\/03\/Vue-depuis-la-crete.jpg 1200w, https:\/\/centcols.org\/wp-content\/uploads\/2026\/03\/Vue-depuis-la-crete-768x474.jpg 768w, https:\/\/centcols.org\/wp-content\/uploads\/2026\/03\/Vue-depuis-la-crete-18x12.jpg 18w\" sizes=\"auto, (max-width: 1200px) 100vw, 1200px\" \/><\/a><figcaption class=\"wp-element-caption\">Vista dal crinale<\/figcaption><\/figure>\n<\/figure>","protected":false},"excerpt":{"rendered":"<p>Description de l&rsquo;auteur Auteur : Philippe ChazottierParcours : effectu\u00e9 le 26 f\u00e9vrier 2026D\u00e9part : Aups, parking du cimeti\u00e8re. Descriptif touristique Ce parcours dans le Haut-Var est trac\u00e9 dans une r\u00e9gion proche des centres d\u2019int\u00e9r\u00eat touristique tout en restant \u00e0 l\u2019abri de la foule, avec une partie en ligne de cr\u00eate.Il est recommand\u00e9 de faire un [&hellip;]<\/p>\n","protected":false},"author":1726,"featured_media":94340,"comment_status":"open","ping_status":"open","sticky":false,"template":"","format":"standard","meta":{"_acf_changed":false,"footnotes":""},"categories":[303,319,344,343,342,220],"tags":[],"class_list":["post-94329","post","type-post","status-publish","format-standard","has-post-thumbnail","hentry","category-parcours-france","category-vtt-type-parcours","category-alpes-francaises-du-sud","category-provence-alpes-cote-dazur-parcours-membres","category-83-var","category-parcours-membres"],"acf":[],"yoast_head":"<!-- This site is optimized with the Yoast SEO plugin v27.2 - https:\/\/yoast.com\/product\/yoast-seo-wordpress\/ -->\n<title>FR-83 Aups - VTT 39\u00a0km, D+ 950\u00a0m, 10\u00a0cols - Club des Cent Cols<\/title>\n<meta name=\"robots\" content=\"index, follow, max-snippet:-1, max-image-preview:large, max-video-preview:-1\" \/>\n<link rel=\"canonical\" href=\"https:\/\/centcols.org\/it\/fr-83-aups-vtt\/\" \/>\n<meta property=\"og:locale\" content=\"it_IT\" \/>\n<meta property=\"og:type\" content=\"article\" \/>\n<meta property=\"og:title\" content=\"FR-83 Aups - VTT 39\u00a0km, D+ 950\u00a0m, 10\u00a0cols - Club des Cent Cols\" \/>\n<meta property=\"og:description\" content=\"Description de l&rsquo;auteur Auteur : Philippe ChazottierParcours : effectu\u00e9 le 26 f\u00e9vrier 2026D\u00e9part : Aups, parking du cimeti\u00e8re. Descriptif touristique Ce parcours dans le Haut-Var est trac\u00e9 dans une r\u00e9gion proche des centres d\u2019int\u00e9r\u00eat touristique tout en restant \u00e0 l\u2019abri de la foule, avec une partie en ligne de cr\u00eate.Il est recommand\u00e9 de faire un [&hellip;]\" \/>\n<meta property=\"og:url\" content=\"https:\/\/centcols.org\/it\/fr-83-aups-vtt\/\" \/>\n<meta property=\"og:site_name\" content=\"Club des Cent Cols\" \/>\n<meta property=\"article:publisher\" content=\"https:\/\/www.facebook.com\/groups\/5261880558\/?locale=fr_FR\" \/>\n<meta property=\"article:published_time\" content=\"2026-03-10T18:08:15+00:00\" \/>\n<meta property=\"article:modified_time\" content=\"2026-03-23T17:22:56+00:00\" \/>\n<meta property=\"og:image\" content=\"https:\/\/centcols.org\/wp-content\/uploads\/2026\/03\/Vue-depuis-la-crete.jpg\" \/>\n\t<meta property=\"og:image:width\" content=\"1200\" \/>\n\t<meta property=\"og:image:height\" content=\"741\" \/>\n\t<meta property=\"og:image:type\" content=\"image\/jpeg\" \/>\n<meta name=\"author\" content=\"Ren\u00e9 Mercier\" \/>\n<meta name=\"twitter:card\" content=\"summary_large_image\" \/>\n<meta name=\"twitter:label1\" content=\"Scritto da\" \/>\n\t<meta name=\"twitter:data1\" content=\"Ren\u00e9 Mercier\" \/>\n\t<meta name=\"twitter:label2\" content=\"Tempo di lettura stimato\" \/>\n\t<meta name=\"twitter:data2\" content=\"3 minuti\" \/>\n<script type=\"application\/ld+json\" class=\"yoast-schema-graph\">{\"@context\":\"https:\/\/schema.org\",\"@graph\":[{\"@type\":\"Article\",\"@id\":\"https:\/\/centcols.org\/en\/fr-83-aups-vtt\/#article\",\"isPartOf\":{\"@id\":\"https:\/\/centcols.org\/en\/fr-83-aups-vtt\/\"},\"author\":{\"name\":\"Ren\u00e9 Mercier\",\"@id\":\"https:\/\/centcols.org\/#\/schema\/person\/0cc8f723679c98f3fb7798df5a50c018\"},\"headline\":\"FR-83 Aups &#8211; VTT 39\u00a0km, D+ 950\u00a0m, 10\u00a0cols\",\"datePublished\":\"2026-03-10T18:08:15+00:00\",\"dateModified\":\"2026-03-23T17:22:56+00:00\",\"mainEntityOfPage\":{\"@id\":\"https:\/\/centcols.org\/en\/fr-83-aups-vtt\/\"},\"wordCount\":327,\"commentCount\":0,\"publisher\":{\"@id\":\"https:\/\/centcols.org\/#organization\"},\"image\":{\"@id\":\"https:\/\/centcols.org\/en\/fr-83-aups-vtt\/#primaryimage\"},\"thumbnailUrl\":\"https:\/\/centcols.org\/wp-content\/uploads\/2026\/03\/Vue-depuis-la-crete.jpg\",\"articleSection\":[\"Parcours France\",\"VTT\",\"Alpes fran\u00e7aises du sud\",\"Provence-Alpes-C\u00f4te d'Azur\",\"83-Var\",\"Parcours membres\"],\"inLanguage\":\"it-IT\",\"potentialAction\":[{\"@type\":\"CommentAction\",\"name\":\"Comment\",\"target\":[\"https:\/\/centcols.org\/en\/fr-83-aups-vtt\/#respond\"]}]},{\"@type\":\"WebPage\",\"@id\":\"https:\/\/centcols.org\/en\/fr-83-aups-vtt\/\",\"url\":\"https:\/\/centcols.org\/en\/fr-83-aups-vtt\/\",\"name\":\"FR-83 Aups - VTT 39\u00a0km, D+ 950\u00a0m, 10\u00a0cols - Club des Cent Cols\",\"isPartOf\":{\"@id\":\"https:\/\/centcols.org\/#website\"},\"primaryImageOfPage\":{\"@id\":\"https:\/\/centcols.org\/en\/fr-83-aups-vtt\/#primaryimage\"},\"image\":{\"@id\":\"https:\/\/centcols.org\/en\/fr-83-aups-vtt\/#primaryimage\"},\"thumbnailUrl\":\"https:\/\/centcols.org\/wp-content\/uploads\/2026\/03\/Vue-depuis-la-crete.jpg\",\"datePublished\":\"2026-03-10T18:08:15+00:00\",\"dateModified\":\"2026-03-23T17:22:56+00:00\",\"breadcrumb\":{\"@id\":\"https:\/\/centcols.org\/en\/fr-83-aups-vtt\/#breadcrumb\"},\"inLanguage\":\"it-IT\",\"potentialAction\":[{\"@type\":\"ReadAction\",\"target\":[\"https:\/\/centcols.org\/en\/fr-83-aups-vtt\/\"]}]},{\"@type\":\"ImageObject\",\"inLanguage\":\"it-IT\",\"@id\":\"https:\/\/centcols.org\/en\/fr-83-aups-vtt\/#primaryimage\",\"url\":\"https:\/\/centcols.org\/wp-content\/uploads\/2026\/03\/Vue-depuis-la-crete.jpg\",\"contentUrl\":\"https:\/\/centcols.org\/wp-content\/uploads\/2026\/03\/Vue-depuis-la-crete.jpg\",\"width\":1200,\"height\":741},{\"@type\":\"BreadcrumbList\",\"@id\":\"https:\/\/centcols.org\/en\/fr-83-aups-vtt\/#breadcrumb\",\"itemListElement\":[{\"@type\":\"ListItem\",\"position\":1,\"name\":\"Accueil\",\"item\":\"https:\/\/centcols.org\/\"},{\"@type\":\"ListItem\",\"position\":2,\"name\":\"Parcours membres\",\"item\":\"https:\/\/centcols.org\/rubrique\/parcours-membres\/\"},{\"@type\":\"ListItem\",\"position\":3,\"name\":\"Pays\",\"item\":\"https:\/\/centcols.org\/rubrique\/parcours-membres\/pays-parcours-membres\/\"},{\"@type\":\"ListItem\",\"position\":4,\"name\":\"Parcours France\",\"item\":\"https:\/\/centcols.org\/rubrique\/parcours-membres\/pays-parcours-membres\/parcours-france\/\"},{\"@type\":\"ListItem\",\"position\":5,\"name\":\"FR-83 Aups &#8211; VTT 39\u00a0km, D+ 950\u00a0m, 10\u00a0cols\"}]},{\"@type\":\"WebSite\",\"@id\":\"https:\/\/centcols.org\/#website\",\"url\":\"https:\/\/centcols.org\/\",\"name\":\"Club des Cent Cols\",\"description\":\"\",\"publisher\":{\"@id\":\"https:\/\/centcols.org\/#organization\"},\"potentialAction\":[{\"@type\":\"SearchAction\",\"target\":{\"@type\":\"EntryPoint\",\"urlTemplate\":\"https:\/\/centcols.org\/?s={search_term_string}\"},\"query-input\":{\"@type\":\"PropertyValueSpecification\",\"valueRequired\":true,\"valueName\":\"search_term_string\"}}],\"inLanguage\":\"it-IT\"},{\"@type\":\"Organization\",\"@id\":\"https:\/\/centcols.org\/#organization\",\"name\":\"Club des Cent Cols\",\"url\":\"https:\/\/centcols.org\/\",\"logo\":{\"@type\":\"ImageObject\",\"inLanguage\":\"it-IT\",\"@id\":\"https:\/\/centcols.org\/#\/schema\/logo\/image\/\",\"url\":\"https:\/\/centcols.org\/wp-content\/uploads\/2025\/01\/carte-icone.png\",\"contentUrl\":\"https:\/\/centcols.org\/wp-content\/uploads\/2025\/01\/carte-icone.png\",\"width\":250,\"height\":250,\"caption\":\"Club des Cent Cols\"},\"image\":{\"@id\":\"https:\/\/centcols.org\/#\/schema\/logo\/image\/\"},\"sameAs\":[\"https:\/\/www.facebook.com\/groups\/5261880558\/?locale=fr_FR\"]},{\"@type\":\"Person\",\"@id\":\"https:\/\/centcols.org\/#\/schema\/person\/0cc8f723679c98f3fb7798df5a50c018\",\"name\":\"Ren\u00e9 Mercier\",\"image\":{\"@type\":\"ImageObject\",\"inLanguage\":\"it-IT\",\"@id\":\"https:\/\/centcols.org\/wp-content\/litespeed\/avatar\/c2275eeaf79d4f7456274de381abeeab.jpg?ver=1777347562\",\"url\":\"https:\/\/centcols.org\/wp-content\/litespeed\/avatar\/c2275eeaf79d4f7456274de381abeeab.jpg?ver=1777347562\",\"contentUrl\":\"https:\/\/centcols.org\/wp-content\/litespeed\/avatar\/c2275eeaf79d4f7456274de381abeeab.jpg?ver=1777347562\",\"caption\":\"Ren\u00e9 Mercier\"},\"url\":\"https:\/\/centcols.org\/it\/author\/7552\/\"}]}<\/script>\n<!-- \/ Yoast SEO plugin. -->","yoast_head_json":{"title":"FR-83 Aups - Mountain bike 39 km, D+ 950 m, 10 passi - Club des Cent Cols","robots":{"index":"index","follow":"follow","max-snippet":"max-snippet:-1","max-image-preview":"max-image-preview:large","max-video-preview":"max-video-preview:-1"},"canonical":"https:\/\/centcols.org\/it\/fr-83-aups-vtt\/","og_locale":"it_IT","og_type":"article","og_title":"FR-83 Aups - VTT 39\u00a0km, D+ 950\u00a0m, 10\u00a0cols - Club des Cent Cols","og_description":"Description de l&rsquo;auteur Auteur : Philippe ChazottierParcours : effectu\u00e9 le 26 f\u00e9vrier 2026D\u00e9part : Aups, parking du cimeti\u00e8re. Descriptif touristique Ce parcours dans le Haut-Var est trac\u00e9 dans une r\u00e9gion proche des centres d\u2019int\u00e9r\u00eat touristique tout en restant \u00e0 l\u2019abri de la foule, avec une partie en ligne de cr\u00eate.Il est recommand\u00e9 de faire un [&hellip;]","og_url":"https:\/\/centcols.org\/it\/fr-83-aups-vtt\/","og_site_name":"Club des Cent Cols","article_publisher":"https:\/\/www.facebook.com\/groups\/5261880558\/?locale=fr_FR","article_published_time":"2026-03-10T18:08:15+00:00","article_modified_time":"2026-03-23T17:22:56+00:00","og_image":[{"width":1200,"height":741,"url":"https:\/\/centcols.org\/wp-content\/uploads\/2026\/03\/Vue-depuis-la-crete.jpg","type":"image\/jpeg"}],"author":"Ren\u00e9 Mercier","twitter_card":"summary_large_image","twitter_misc":{"Scritto da":"Ren\u00e9 Mercier","Tempo di lettura stimato":"3 minuti"},"schema":{"@context":"https:\/\/schema.org","@graph":[{"@type":"Article","@id":"https:\/\/centcols.org\/en\/fr-83-aups-vtt\/#article","isPartOf":{"@id":"https:\/\/centcols.org\/en\/fr-83-aups-vtt\/"},"author":{"name":"Ren\u00e9 Mercier","@id":"https:\/\/centcols.org\/#\/schema\/person\/0cc8f723679c98f3fb7798df5a50c018"},"headline":"FR-83 Aups &#8211; VTT 39\u00a0km, D+ 950\u00a0m, 10\u00a0cols","datePublished":"2026-03-10T18:08:15+00:00","dateModified":"2026-03-23T17:22:56+00:00","mainEntityOfPage":{"@id":"https:\/\/centcols.org\/en\/fr-83-aups-vtt\/"},"wordCount":327,"commentCount":0,"publisher":{"@id":"https:\/\/centcols.org\/#organization"},"image":{"@id":"https:\/\/centcols.org\/en\/fr-83-aups-vtt\/#primaryimage"},"thumbnailUrl":"https:\/\/centcols.org\/wp-content\/uploads\/2026\/03\/Vue-depuis-la-crete.jpg","articleSection":["Parcours France","VTT","Alpes fran\u00e7aises du sud","Provence-Alpes-C\u00f4te d'Azur","83-Var","Parcours membres"],"inLanguage":"it-IT","potentialAction":[{"@type":"CommentAction","name":"Comment","target":["https:\/\/centcols.org\/en\/fr-83-aups-vtt\/#respond"]}]},{"@type":"WebPage","@id":"https:\/\/centcols.org\/en\/fr-83-aups-vtt\/","url":"https:\/\/centcols.org\/en\/fr-83-aups-vtt\/","name":"FR-83 Aups - Mountain bike 39 km, D+ 950 m, 10 passi - Club des Cent Cols","isPartOf":{"@id":"https:\/\/centcols.org\/#website"},"primaryImageOfPage":{"@id":"https:\/\/centcols.org\/en\/fr-83-aups-vtt\/#primaryimage"},"image":{"@id":"https:\/\/centcols.org\/en\/fr-83-aups-vtt\/#primaryimage"},"thumbnailUrl":"https:\/\/centcols.org\/wp-content\/uploads\/2026\/03\/Vue-depuis-la-crete.jpg","datePublished":"2026-03-10T18:08:15+00:00","dateModified":"2026-03-23T17:22:56+00:00","breadcrumb":{"@id":"https:\/\/centcols.org\/en\/fr-83-aups-vtt\/#breadcrumb"},"inLanguage":"it-IT","potentialAction":[{"@type":"ReadAction","target":["https:\/\/centcols.org\/en\/fr-83-aups-vtt\/"]}]},{"@type":"ImageObject","inLanguage":"it-IT","@id":"https:\/\/centcols.org\/en\/fr-83-aups-vtt\/#primaryimage","url":"https:\/\/centcols.org\/wp-content\/uploads\/2026\/03\/Vue-depuis-la-crete.jpg","contentUrl":"https:\/\/centcols.org\/wp-content\/uploads\/2026\/03\/Vue-depuis-la-crete.jpg","width":1200,"height":741},{"@type":"BreadcrumbList","@id":"https:\/\/centcols.org\/en\/fr-83-aups-vtt\/#breadcrumb","itemListElement":[{"@type":"ListItem","position":1,"name":"Accueil","item":"https:\/\/centcols.org\/"},{"@type":"ListItem","position":2,"name":"Parcours membres","item":"https:\/\/centcols.org\/rubrique\/parcours-membres\/"},{"@type":"ListItem","position":3,"name":"Pays","item":"https:\/\/centcols.org\/rubrique\/parcours-membres\/pays-parcours-membres\/"},{"@type":"ListItem","position":4,"name":"Parcours France","item":"https:\/\/centcols.org\/rubrique\/parcours-membres\/pays-parcours-membres\/parcours-france\/"},{"@type":"ListItem","position":5,"name":"FR-83 Aups &#8211; VTT 39\u00a0km, D+ 950\u00a0m, 10\u00a0cols"}]},{"@type":"WebSite","@id":"https:\/\/centcols.org\/#website","url":"https:\/\/centcols.org\/","name":"Club des Cent Cols","description":"","publisher":{"@id":"https:\/\/centcols.org\/#organization"},"potentialAction":[{"@type":"SearchAction","target":{"@type":"EntryPoint","urlTemplate":"https:\/\/centcols.org\/?s={search_term_string}"},"query-input":{"@type":"PropertyValueSpecification","valueRequired":true,"valueName":"search_term_string"}}],"inLanguage":"it-IT"},{"@type":"Organization","@id":"https:\/\/centcols.org\/#organization","name":"Club des Cent Cols","url":"https:\/\/centcols.org\/","logo":{"@type":"ImageObject","inLanguage":"it-IT","@id":"https:\/\/centcols.org\/#\/schema\/logo\/image\/","url":"https:\/\/centcols.org\/wp-content\/uploads\/2025\/01\/carte-icone.png","contentUrl":"https:\/\/centcols.org\/wp-content\/uploads\/2025\/01\/carte-icone.png","width":250,"height":250,"caption":"Club des Cent Cols"},"image":{"@id":"https:\/\/centcols.org\/#\/schema\/logo\/image\/"},"sameAs":["https:\/\/www.facebook.com\/groups\/5261880558\/?locale=fr_FR"]},{"@type":"Person","@id":"https:\/\/centcols.org\/#\/schema\/person\/0cc8f723679c98f3fb7798df5a50c018","name":"Ren\u00e9 Mercier","image":{"@type":"ImageObject","inLanguage":"it-IT","@id":"https:\/\/centcols.org\/wp-content\/litespeed\/avatar\/c2275eeaf79d4f7456274de381abeeab.jpg?ver=1777347562","url":"https:\/\/centcols.org\/wp-content\/litespeed\/avatar\/c2275eeaf79d4f7456274de381abeeab.jpg?ver=1777347562","contentUrl":"https:\/\/centcols.org\/wp-content\/litespeed\/avatar\/c2275eeaf79d4f7456274de381abeeab.jpg?ver=1777347562","caption":"Ren\u00e9 Mercier"},"url":"https:\/\/centcols.org\/it\/author\/7552\/"}]}},"_links":{"self":[{"href":"https:\/\/centcols.org\/it\/wp-json\/wp\/v2\/posts\/94329","targetHints":{"allow":["GET"]}}],"collection":[{"href":"https:\/\/centcols.org\/it\/wp-json\/wp\/v2\/posts"}],"about":[{"href":"https:\/\/centcols.org\/it\/wp-json\/wp\/v2\/types\/post"}],"author":[{"embeddable":true,"href":"https:\/\/centcols.org\/it\/wp-json\/wp\/v2\/users\/1726"}],"replies":[{"embeddable":true,"href":"https:\/\/centcols.org\/it\/wp-json\/wp\/v2\/comments?post=94329"}],"version-history":[{"count":0,"href":"https:\/\/centcols.org\/it\/wp-json\/wp\/v2\/posts\/94329\/revisions"}],"wp:featuredmedia":[{"embeddable":true,"href":"https:\/\/centcols.org\/it\/wp-json\/wp\/v2\/media\/94340"}],"wp:attachment":[{"href":"https:\/\/centcols.org\/it\/wp-json\/wp\/v2\/media?parent=94329"}],"wp:term":[{"taxonomy":"category","embeddable":true,"href":"https:\/\/centcols.org\/it\/wp-json\/wp\/v2\/categories?post=94329"},{"taxonomy":"post_tag","embeddable":true,"href":"https:\/\/centcols.org\/it\/wp-json\/wp\/v2\/tags?post=94329"}],"curies":[{"name":"wp","href":"https:\/\/api.w.org\/{rel}","templated":true}]}}