{"id":95249,"date":"2026-04-17T09:24:14","date_gmt":"2026-04-17T07:24:14","guid":{"rendered":"https:\/\/centcols.org\/?p=95249"},"modified":"2026-04-28T03:58:06","modified_gmt":"2026-04-28T01:58:06","slug":"un-giorno-memorabile-philippe-carrez-n3092","status":"publish","type":"post","link":"https:\/\/centcols.org\/it\/une-journee-memorable-philippe-carrez-n3092\/","title":{"rendered":"Un giorno da ricordare: Philippe Carrez - N\u00b03092"},"content":{"rendered":"<p>Domenica 21 agosto 1988<\/p>\n\n\n\n<p>Per questa prima escursione nella regione di Foix, il tempo non ispirava molta fiducia. Ma non importava, dovevamo andare, perch\u00e9 il programma era fitto: quattro B.P.F., diversi passi e un bel po' di chilometri da percorrere.<\/p>\n\n\n\n<div class=\"wp-block-media-text is-stacked-on-mobile\"><figure class=\"wp-block-media-text__media\"><img loading=\"lazy\" decoding=\"async\" width=\"481\" height=\"614\" src=\"https:\/\/centcols.org\/wp-content\/uploads\/2026\/04\/philippe-carrez.jpg\" alt=\"\" class=\"wp-image-95483 size-full\" srcset=\"https:\/\/centcols.org\/wp-content\/uploads\/2026\/04\/philippe-carrez.jpg 481w, https:\/\/centcols.org\/wp-content\/uploads\/2026\/04\/philippe-carrez-9x12.jpg 9w\" sizes=\"auto, (max-width: 481px) 100vw, 481px\" \/><\/figure><div class=\"wp-block-media-text__content\">\n<p>Al primo bivio, propongo a Thierry di girare a sinistra per 200 metri per superare il Col de Py. Cos\u00ec ne avremo un'altra, e la vittoria sar\u00e0 rapida. E visto che abbiamo preso questa strada, perch\u00e9 non continuare a percorrerla per fare le due successive? Cinque chilometri di deviazioni per fare tre passi facili e la giornata \u00e8 iniziata bene.<\/p>\n\n\n\n<p>La spesa di mezzogiorno viene fatta in un negozio di alimentari del paese piuttosto sudicio (e anche la commessa lo \u00e8), poi \u00e8 una discesa di un passo che ci raffredda e ci costringe a rallentare per sentire meno freddo. E viva agosto!<\/p>\n\n\n\n<p>La seconda B.P.F. della giornata \u00e8 stata quella di La Fajolle, un piccolo villaggio sperduto in fondo a una valle stretta e affascinante. Certo, qualche macchina ci aveva superato lungo la strada, ma non ci aspettavamo di trovare cos\u00ec tanta gente qui. Ha un'aria festosa. Ma dopo aver girovagato in lungo e in largo per il villaggio, abbiamo dovuto fare i conti con la realt\u00e0: non c'era un solo negozio dove poter timbrare le nostre carte. Abbiamo provato al municipio, ma era chiuso. Di domenica, si direbbe! Poi si \u00e8 affiancato un 4\u00d74 e l'autista ci ha chiesto cosa stessimo cercando. Dopo averci spiegato cosa stavamo cercando, ci ha detto che in assenza del sindaco, Madame Martin aveva l'unico timbro del villaggio e ci ha condotto da lei. La signora Martin ci porta al piano superiore, in una stanza molto buia, rivestita di legno, dove il modernismo non ha ancora preso piede. Mentre le chiedo informazioni sul villaggio, lei va in fondo alla credenza a prendere il prezioso timbro per le nostre mappe. Ci spiega che mentre in estate ci sono quasi duecento abitanti, in inverno ce ne sono solo dieci e la strada \u00e8 spesso bloccata dalla neve.<\/p>\n<\/div><\/div>\n\n\n\n<p>Ripartiamo per il Col du Pradel, a 1680 m di altitudine. Anche qui, per essere un piccolo passo, siamo rimasti sorpresi dal numero di auto. Il luogo \u00e8 evidentemente molto conosciuto dalla gente del posto. Nonostante le nuvole pesanti, la vista \u00e8 superba. Per questo ci prendiamo qualche momento di riposo: il tempo per me di mangiare una mela seduto sull'erba e per Thierry di scattare qualche foto. Poi si scende a 900 m, sempre a bassa velocit\u00e0 a causa del freddo, della pendenza molto elevata e dei tornanti molto stretti.<\/p>\n\n\n\n<p>Al primo bivio giriamo a destra e iniziamo subito a salire verso il Col de Chioula a 1431 metri. Dopo una bella salita, ho raggiunto la vetta un po\u00bb dopo Thierry e quando l'ho raggiunto mi ha detto: \u00bbSai cosa mi succede? No, non \u00e8 quello, ma ho dimenticato la macchina fotografica in cima al Col du Pradel\u00bb. Ahi, ahi! \u00c8 piuttosto fastidioso. Beh, Thierry non ha trentasei soluzioni. O torna subito indietro a prenderla, sperando che nessuno gliel'abbia sottratta nel frattempo. Per farlo, deve ridiscendere il Col de Chioula, risalire il Col de Pradel e le sue terribili pendenze, recuperare la macchina fotografica, se \u00e8 ancora l\u00ec, poi ridiscendere il Pradel e infine risalire il Chioula. \u00c8 una passeggiata nel parco! In tutto ci sono volute quasi due ore ed erano gi\u00e0 le 16.00. Il tempo si fa sempre pi\u00f9 minaccioso e non siamo ancora tornati a Foix. Thierry esita un po\u00ab e io non voglio andare con lui perch\u00e9 sento che mi sto stancando. E poi fare tutta questa strada per non trovare nulla. Inoltre, alla fine di agosto il buio si fa presto, soprattutto quando piove, e Thierry non ha le luci.<\/p>\n\n\n\n<p>Pu\u00f2 anche scegliere di abbandonare la sua macchina al suo triste destino, persa da sola in cima a un passo di montagna. Certo, gli \u00e8 costata pi\u00f9 di mille franchi, ma non ha mai funzionato bene, quindi... No, gli d\u00e0 un po' fastidio.<\/p>\n\n\n\n<p>Non resta che una soluzione. Continuiamo come al solito e poi torniamo a Foix in auto. La proposta \u00e8 stata approvata all'unanimit\u00e0. Certo, ci vorr\u00e0 pi\u00f9 tempo che in bicicletta per tornare in cima al Col du Pradel, ma in fondo, con il maltempo e la notte in arrivo, i turisti non resteranno lass\u00f9 a lungo. Conforto quindi Thierry perch\u00e9, con un po' di fortuna, nessuno avr\u00e0 visto la sua macchina fotografica. Tanto pi\u00f9 che probabilmente si trova nell'erba appena fuori dalla strada, proprio dove mi sono seduto a mangiare la mia mela.<\/p>\n\n\n\n<p>Cos\u00ec siamo ripartiti. Durante la discesa dal passo, quando abbiamo raggiunto la bellissima strada delle Corniche, la pioggia violenta e gelida ci ha raggiunto. Era stata minacciosa per tanto tempo. Una rapida sosta sotto un albero e, per la prima volta in tutta la giornata, abbiamo indossato le nostre giacche da pellegrino. La pioggia ci ha protetto abbastanza bene, almeno per un po', ma il vento non \u00e8 stato un granch\u00e9. Questa \u00e8 la mia prima vera esperienza di discesa da un passo di montagna con la giacca da pellegrino. Con una vela come questa, non c'\u00e8 bisogno di frenare molto. Ha anche il vantaggio di isolare dal freddo.<\/p>\n\n\n\n<p>\u00c8 cos\u00ec che siamo arrivati a Lordat, la terza B.P.F. della giornata. Nel tardo pomeriggio di domenica, con i piedi fradici e il viso gocciolante, eravamo alla ricerca di un ipotetico timbro per le nostre carte. Gli abitanti del villaggio avrebbero pensato che fossimo pazzi. Il villaggio \u00e8 deserto sotto la pioggia e ci dividiamo per trovare un possibile negozio. Dopo dieci minuti di vagabondaggio per le stradine, trovo Thierry che chiacchiera con alcune persone. Per caso, si \u00e8 imbattuto nella famiglia del sindaco. Il sindaco, un uomo anziano, era in un capannone a fare chiss\u00e0 cosa. Finalmente arriva e gli spieghiamo la nostra attivit\u00e0, bagnandoci sempre di pi\u00f9 mentre la pioggia continua a cadere. Ci invita a seguirlo a casa sua, dove \u00e8 custodito l'unico francobollo del villaggio. Ci apre la porta di casa e poi cerca di aprire un cassetto della credenza, ma senza successo. Il cassetto \u00e8 incastrato e il figlio viene in soccorso. Assistiamo alla scena dall'esterno, un po' divertiti dalla situazione, mentre proteggiamo le nostre carte dalla pioggia. L'unico problema \u00e8 che il cassetto continua a rifiutarsi di aprirsi. Dopo aver scalato cos\u00ec tanti passi, percorso cos\u00ec tanti chilometri, sfidato la pioggia e il freddo e infine fallito a causa di un cassetto recalcitrante, \u00e8 sufficiente per essere delusi. No, ecco, il cassetto \u00e8 finalmente aperto. Il sindaco potr\u00e0 timbrare le nostre carte. Ma il sindaco, che lo fa da tanto tempo, non sa ancora dove metterlo e mi ritrovo con un timbro accanto alla casella giusta. Beh, non importa, non sono poi cos\u00ec lontano e, dopo tanti sforzi da parte sua, non ho intenzione di rimproverarlo.<\/p>\n\n\n\n<p>Manca solo un altro piccolo passo da attraversare e siamo quasi tornati a Foix. Quando abbiamo raggiunto la N20, la pioggia era finalmente cessata e abbiamo potuto togliere le giacche da pellegrino. Dopo una rapida discussione, abbiamo deciso di tornare indietro lungo la strada principale il pi\u00f9 velocemente possibile, poich\u00e9 non c'era tempo per le visite turistiche e dovevamo ancora tornare a prendere la macchina fotografica. I 16 chilometri sono stati percorsi a 40 km\/h, con Thierry e io che abbiamo fatto dei bei tratti.<\/p>\n\n\n\n<p>A Foix, abbiamo deciso di fare una pausa per un po' di tempo e di prendere una piccola pausa. Verso le 20.00 di domenica, nella piazza principale non c'era quasi pi\u00f9 un caff\u00e8 aperto. Nonostante l'umidit\u00e0 e la temperatura fresca, abbiamo deciso di sederci sulla terrazza che si affaccia sulla piazza. \u00c8 gi\u00e0 molto buio e la citt\u00e0 \u00e8 quasi deserta. A due tavoli di distanza, un gruppo di uomini sta chiacchierando davanti a un drink. Con le gambe distese al massimo per rilassarmi, il mio sguardo vaga in direzione di un alto edificio. All'improvviso, vedo una figura saltare dal secondo piano. \u00c8 stato un salto superbo, come dal trampolino di una piscina, ma le auto parcheggiate sotto mi hanno impedito di vedere l'atterraggio. Tuttavia, ho potuto sentire chiaramente un forte schianto. Potete immaginare il mio stupore. Mi voltai immediatamente verso Thierry, che non aveva battuto ciglio. Il gruppo di uomini continuava a chiacchierare tranquillamente. Probabilmente ero l'unico testimone della scena. Spiego a Thierry quello che ho visto, ma lui sembra sorpreso da quello che dico. Ma anche lui aveva sentito il rumore. Propongo di andare a vedere cosa sta succedendo.<\/p>\n\n\n\n<p>Abbiamo preso le nostre biciclette dal muro accanto a noi e abbiamo attraversato la piazza principale, ma non volevamo avere fretta. Non ha senso farsi investire da un'auto solo perch\u00e9 dobbiamo salvare qualcuno! Quando abbiamo raggiunto il luogo dell'incidente, abbiamo trovato una giovane donna stesa a terra, che si lamentava nel tentativo di muoversi. Nella caduta \u00e8 finita sul cofano di un'auto parcheggiata e poi \u00e8 ricaduta sul marciapiede. L'auto era molto ammaccata, mentre il piede destro della nostra acrobata era molto gonfio e il suo viso sanguinava. Durante il tragitto, ho notato l'ingresso di un ospedale a pochi passi da noi, cos\u00ec ho suggerito a Thierry di andare a cercare aiuto. Nel frattempo, mi occupai della giovane donna, cercando di confortarla e spiegandole che i soccorsi sarebbero arrivati presto. Ma i soccorsi non arrivavano e anch'io cominciavo a spazientirmi. Ripenso a un recente fatto di cronaca in cui un uomo era morto quasi davanti a un ospedale perch\u00e9 nessuno voleva venire. Un po' ansioso, cerco di rassicurarmi. Tuttavia, i servizi di emergenza non erano ancora arrivati e io non sapevo cosa dire a questa giovane donna che stava diventando sempre pi\u00f9 agitata nonostante il dolore. Finalmente accorrono alcune infermiere, seguite da vicino da Thierry. Ma solo per sentirsi dire che non possono trasportarla e che dobbiamo chiamare i vigili del fuoco. Quando vi ho detto che non eravamo lontani dalla mia notizia! Da quello che dicono capisco anche che la paziente stava cercando di scappare da uno degli edifici dell'ospedale.<\/p>\n\n\n\n<p>Ma per Thierry e me la giornata non era ancora finita, perch\u00e9 dovevamo ancora tornare a prendere la macchina fotografica. Cos\u00ec, dopo aver chiesto di poter partire, ci siamo diretti verso la mia auto parcheggiata poco pi\u00f9 avanti. Durante il tragitto, abbiamo incrociato il bus di soccorso dei vigili del fuoco ed \u00e8 stato con la mente pi\u00f9 calma che ho acceso il motore, dirigendomi verso il Col de Pradel.<\/p>\n\n\n\n<p>La notte \u00e8 scesa completamente e la pioggia ha ricominciato a cadere. Ma ora siamo caldi e asciutti. I 42 km fino ad Ax-les-Thermes sono facilmente percorribili, ma la parte pi\u00f9 difficile deve ancora arrivare: una salita di 15 km fino al passo. La strada \u00e8 molto stretta ed \u00e8 praticamente impossibile superarsi. Fortunatamente sono le 21 circa e nessuno, a parte noi, ha la brillante idea di avventurarsi su questa strada. Con i fari accesi, affronto la salita. La pendenza \u00e8 elevata e le curve sono cos\u00ec strette che devo usare spesso la prima marcia. Ma nelle curve i fari illuminano solo la strada e non riesco a vedere il bordo della strada. La mia vertiginosa discesa in bicicletta mi ricorda che intorno all'auto deve esserci il vuoto. Non \u00e8 molto rassicurante! Per aumentare l'ansia, stiamo entrando nella nebbia. La spia dell'olio sul cruscotto \u00e8 accesa da tempo e tremo al pensiero di un guasto in mezzo al nulla e nel cuore della notte. Ma Thierry \u00e8 al mio fianco e parla e mi rassicura un po'. Pensare che stiamo correndo tutti questi rischi per una macchina fotografica che non funziona, che rischia di essere completamente distrutta dalla pioggia che non smette mai di cadere e che qualcuno avr\u00e0 sicuramente gi\u00e0 raccolto.<\/p>\n\n\n\n<p>Dopo mezz'ora, abbiamo finalmente raggiunto la cima e ho fermato l'auto. Thierry \u00e8 uscito da solo, sfidando le intemperie, alla ricerca della sua macchina fotografica. Ho osservato la scena per un po', al sicuro nell'auto. Ma i fari non erano puntati nella direzione giusta e lui non riusciva a vedere nulla. Cos\u00ec ho fatto un'inversione a U non molto rassicurante, cercando di illuminare il punto in cui penso si trovi la macchina fotografica. Thierry non riusciva ancora a trovare nulla e, poich\u00e9 pensavo che guardasse nella direzione opposta, ho deciso di uscire. Ho trovato subito il posto dove avevo mangiato la mela, le bucce erano ancora l\u00ec, e ho visto subito la macchina. Anche Thierry l'ha vista e abbiamo messo le mani su di essa nello stesso momento. Finalmente siamo felici e quasi sollevati. Quasi solo perch\u00e9 c'\u00e8 ancora la discesa da fare. Ma questa volta il nostro spirito \u00e8 alto e un po' di musica nell'autoradio ci rallegra.<\/p>\n\n\n\n<p>Verso le 23, siamo finalmente approdati in una pizzeria rimasta aperta, dove abbiamo potuto finalmente mangiare qualcosa. Il resto del percorso \u00e8 stato una pura formalit\u00e0 e solo dopo mezzanotte abbiamo potuto goderci un meritato riposo. Mentre ero sdraiato nel mio piumone, ho pensato che alla fine avevamo fatto bene: 163 km, 10 passi, 4 B.P.F., una persona salvata, una macchina fotografica ritrovata e nemmeno un infortunio. Tutto sommato, una buona domenica.<\/p>\n\n\n\n<p><a href=\"\/it\/&\/#109;&#x61;&#105;&#x6c;&#116;&#x6f;:&#x63;a&#x72;r&#101;&#x7a;&#46;&#x70;&#104;&#x69;&#108;&#x69;p&#x70;e&#x40;f&#114;&#x65;&#101;&#x2e;&#102;&#x72;\">Philippe Carrez<\/a><\/p>","protected":false},"excerpt":{"rendered":"<p>Dimanche 21 ao\u00fbt 1988 Pour cette premi\u00e8re excursion dans la r\u00e9gion de Foix, le temps n\u2019inspirait gu\u00e8re confiance. Mais tant pis, il fallait y aller car le programme \u00e9tait charg\u00e9 : quatre B.P.F., un certain nombre de cols et pas mal de kilom\u00e8tres en perspective. D\u2019abord une petite route d\u00e9partementale tranquille pour quitter Foix et [&hellip;]<\/p>\n","protected":false},"author":5112,"featured_media":95255,"comment_status":"closed","ping_status":"closed","sticky":false,"template":"","format":"standard","meta":{"_acf_changed":false,"footnotes":""},"categories":[84],"tags":[],"class_list":["post-95249","post","type-post","status-publish","format-standard","has-post-thumbnail","hentry","category-recits"],"acf":[],"yoast_head":"<!-- This site is optimized with the Yoast SEO plugin v27.2 - https:\/\/yoast.com\/product\/yoast-seo-wordpress\/ -->\n<title>Une journ\u00e9e m\u00e9morable : Philippe Carrez \u2013 N\u00b03092 - Club des Cent Cols<\/title>\n<meta name=\"robots\" content=\"index, follow, max-snippet:-1, max-image-preview:large, max-video-preview:-1\" \/>\n<link rel=\"canonical\" href=\"https:\/\/centcols.org\/it\/un-giorno-memorabile-philippe-carrez-n3092\/\" \/>\n<meta property=\"og:locale\" content=\"it_IT\" \/>\n<meta property=\"og:type\" content=\"article\" \/>\n<meta property=\"og:title\" content=\"Une journ\u00e9e m\u00e9morable : Philippe Carrez \u2013 N\u00b03092 - Club des Cent Cols\" \/>\n<meta property=\"og:description\" content=\"Dimanche 21 ao\u00fbt 1988 Pour cette premi\u00e8re excursion dans la r\u00e9gion de Foix, le temps n\u2019inspirait gu\u00e8re confiance. Mais tant pis, il fallait y aller car le programme \u00e9tait charg\u00e9 : quatre B.P.F., un certain nombre de cols et pas mal de kilom\u00e8tres en perspective. D\u2019abord une petite route d\u00e9partementale tranquille pour quitter Foix et [&hellip;]\" \/>\n<meta property=\"og:url\" content=\"https:\/\/centcols.org\/it\/un-giorno-memorabile-philippe-carrez-n3092\/\" \/>\n<meta property=\"og:site_name\" content=\"Club des Cent Cols\" \/>\n<meta property=\"article:publisher\" content=\"https:\/\/www.facebook.com\/groups\/5261880558\/?locale=fr_FR\" \/>\n<meta property=\"article:published_time\" content=\"2026-04-17T07:24:14+00:00\" \/>\n<meta property=\"article:modified_time\" content=\"2026-04-28T01:58:06+00:00\" \/>\n<meta property=\"og:image\" content=\"https:\/\/centcols.org\/wp-content\/uploads\/2026\/04\/carrez-16-9.png\" \/>\n\t<meta property=\"og:image:width\" content=\"800\" \/>\n\t<meta property=\"og:image:height\" content=\"450\" \/>\n\t<meta property=\"og:image:type\" content=\"image\/png\" \/>\n<meta name=\"author\" content=\"R\u00e9gis Paraz\" \/>\n<meta name=\"twitter:card\" content=\"summary_large_image\" \/>\n<meta name=\"twitter:label1\" content=\"Scritto da\" \/>\n\t<meta name=\"twitter:data1\" content=\"R\u00e9gis Paraz\" \/>\n\t<meta name=\"twitter:label2\" content=\"Tempo di lettura stimato\" \/>\n\t<meta name=\"twitter:data2\" content=\"13 minuti\" \/>\n<script type=\"application\/ld+json\" class=\"yoast-schema-graph\">{\"@context\":\"https:\/\/schema.org\",\"@graph\":[{\"@type\":\"Article\",\"@id\":\"https:\/\/centcols.org\/es\/une-journee-memorable-philippe-carrez-n3092\/#article\",\"isPartOf\":{\"@id\":\"https:\/\/centcols.org\/es\/une-journee-memorable-philippe-carrez-n3092\/\"},\"author\":{\"name\":\"R\u00e9gis Paraz\",\"@id\":\"https:\/\/centcols.org\/#\/schema\/person\/6733615a03fdc98c0aef104567c81e13\"},\"headline\":\"Une journ\u00e9e m\u00e9morable : Philippe Carrez \u2013 N\u00b03092\",\"datePublished\":\"2026-04-17T07:24:14+00:00\",\"dateModified\":\"2026-04-28T01:58:06+00:00\",\"mainEntityOfPage\":{\"@id\":\"https:\/\/centcols.org\/es\/une-journee-memorable-philippe-carrez-n3092\/\"},\"wordCount\":2604,\"publisher\":{\"@id\":\"https:\/\/centcols.org\/#organization\"},\"image\":{\"@id\":\"https:\/\/centcols.org\/es\/une-journee-memorable-philippe-carrez-n3092\/#primaryimage\"},\"thumbnailUrl\":\"https:\/\/centcols.org\/wp-content\/uploads\/2026\/04\/carrez-16-9.png\",\"articleSection\":[\"R\u00e9cits\"],\"inLanguage\":\"it-IT\"},{\"@type\":\"WebPage\",\"@id\":\"https:\/\/centcols.org\/es\/une-journee-memorable-philippe-carrez-n3092\/\",\"url\":\"https:\/\/centcols.org\/es\/une-journee-memorable-philippe-carrez-n3092\/\",\"name\":\"Une journ\u00e9e m\u00e9morable : Philippe Carrez \u2013 N\u00b03092 - Club des Cent Cols\",\"isPartOf\":{\"@id\":\"https:\/\/centcols.org\/#website\"},\"primaryImageOfPage\":{\"@id\":\"https:\/\/centcols.org\/es\/une-journee-memorable-philippe-carrez-n3092\/#primaryimage\"},\"image\":{\"@id\":\"https:\/\/centcols.org\/es\/une-journee-memorable-philippe-carrez-n3092\/#primaryimage\"},\"thumbnailUrl\":\"https:\/\/centcols.org\/wp-content\/uploads\/2026\/04\/carrez-16-9.png\",\"datePublished\":\"2026-04-17T07:24:14+00:00\",\"dateModified\":\"2026-04-28T01:58:06+00:00\",\"breadcrumb\":{\"@id\":\"https:\/\/centcols.org\/es\/une-journee-memorable-philippe-carrez-n3092\/#breadcrumb\"},\"inLanguage\":\"it-IT\",\"potentialAction\":[{\"@type\":\"ReadAction\",\"target\":[\"https:\/\/centcols.org\/es\/une-journee-memorable-philippe-carrez-n3092\/\"]}]},{\"@type\":\"ImageObject\",\"inLanguage\":\"it-IT\",\"@id\":\"https:\/\/centcols.org\/es\/une-journee-memorable-philippe-carrez-n3092\/#primaryimage\",\"url\":\"https:\/\/centcols.org\/wp-content\/uploads\/2026\/04\/carrez-16-9.png\",\"contentUrl\":\"https:\/\/centcols.org\/wp-content\/uploads\/2026\/04\/carrez-16-9.png\",\"width\":800,\"height\":450},{\"@type\":\"BreadcrumbList\",\"@id\":\"https:\/\/centcols.org\/es\/une-journee-memorable-philippe-carrez-n3092\/#breadcrumb\",\"itemListElement\":[{\"@type\":\"ListItem\",\"position\":1,\"name\":\"Accueil\",\"item\":\"https:\/\/centcols.org\/\"},{\"@type\":\"ListItem\",\"position\":2,\"name\":\"Gazette\",\"item\":\"https:\/\/centcols.org\/rubrique\/gazette\/\"},{\"@type\":\"ListItem\",\"position\":3,\"name\":\"R\u00e9cits\",\"item\":\"https:\/\/centcols.org\/rubrique\/gazette\/recits\/\"},{\"@type\":\"ListItem\",\"position\":4,\"name\":\"Une journ\u00e9e m\u00e9morable : Philippe Carrez \u2013 N\u00b03092\"}]},{\"@type\":\"WebSite\",\"@id\":\"https:\/\/centcols.org\/#website\",\"url\":\"https:\/\/centcols.org\/\",\"name\":\"Club des Cent Cols\",\"description\":\"\",\"publisher\":{\"@id\":\"https:\/\/centcols.org\/#organization\"},\"potentialAction\":[{\"@type\":\"SearchAction\",\"target\":{\"@type\":\"EntryPoint\",\"urlTemplate\":\"https:\/\/centcols.org\/?s={search_term_string}\"},\"query-input\":{\"@type\":\"PropertyValueSpecification\",\"valueRequired\":true,\"valueName\":\"search_term_string\"}}],\"inLanguage\":\"it-IT\"},{\"@type\":\"Organization\",\"@id\":\"https:\/\/centcols.org\/#organization\",\"name\":\"Club des Cent Cols\",\"url\":\"https:\/\/centcols.org\/\",\"logo\":{\"@type\":\"ImageObject\",\"inLanguage\":\"it-IT\",\"@id\":\"https:\/\/centcols.org\/#\/schema\/logo\/image\/\",\"url\":\"https:\/\/centcols.org\/wp-content\/uploads\/2025\/01\/carte-icone.png\",\"contentUrl\":\"https:\/\/centcols.org\/wp-content\/uploads\/2025\/01\/carte-icone.png\",\"width\":250,\"height\":250,\"caption\":\"Club des Cent Cols\"},\"image\":{\"@id\":\"https:\/\/centcols.org\/#\/schema\/logo\/image\/\"},\"sameAs\":[\"https:\/\/www.facebook.com\/groups\/5261880558\/?locale=fr_FR\"]},{\"@type\":\"Person\",\"@id\":\"https:\/\/centcols.org\/#\/schema\/person\/6733615a03fdc98c0aef104567c81e13\",\"name\":\"R\u00e9gis Paraz\",\"image\":{\"@type\":\"ImageObject\",\"inLanguage\":\"it-IT\",\"@id\":\"https:\/\/centcols.org\/wp-content\/litespeed\/avatar\/e5679bd124a28f7319d109cd5c2c0dd7.jpg?ver=1777239746\",\"url\":\"https:\/\/centcols.org\/wp-content\/litespeed\/avatar\/e5679bd124a28f7319d109cd5c2c0dd7.jpg?ver=1777239746\",\"contentUrl\":\"https:\/\/centcols.org\/wp-content\/litespeed\/avatar\/e5679bd124a28f7319d109cd5c2c0dd7.jpg?ver=1777239746\",\"caption\":\"R\u00e9gis Paraz\"},\"url\":\"https:\/\/centcols.org\/it\/author\/3225\/\"}]}<\/script>\n<!-- \/ Yoast SEO plugin. -->","yoast_head_json":{"title":"Un giorno da ricordare: Philippe Carrez - N\u00b03092 - Club des Cent Cols","robots":{"index":"index","follow":"follow","max-snippet":"max-snippet:-1","max-image-preview":"max-image-preview:large","max-video-preview":"max-video-preview:-1"},"canonical":"https:\/\/centcols.org\/it\/un-giorno-memorabile-philippe-carrez-n3092\/","og_locale":"it_IT","og_type":"article","og_title":"Une journ\u00e9e m\u00e9morable : Philippe Carrez \u2013 N\u00b03092 - Club des Cent Cols","og_description":"Dimanche 21 ao\u00fbt 1988 Pour cette premi\u00e8re excursion dans la r\u00e9gion de Foix, le temps n\u2019inspirait gu\u00e8re confiance. Mais tant pis, il fallait y aller car le programme \u00e9tait charg\u00e9 : quatre B.P.F., un certain nombre de cols et pas mal de kilom\u00e8tres en perspective. D\u2019abord une petite route d\u00e9partementale tranquille pour quitter Foix et [&hellip;]","og_url":"https:\/\/centcols.org\/it\/un-giorno-memorabile-philippe-carrez-n3092\/","og_site_name":"Club des Cent Cols","article_publisher":"https:\/\/www.facebook.com\/groups\/5261880558\/?locale=fr_FR","article_published_time":"2026-04-17T07:24:14+00:00","article_modified_time":"2026-04-28T01:58:06+00:00","og_image":[{"width":800,"height":450,"url":"https:\/\/centcols.org\/wp-content\/uploads\/2026\/04\/carrez-16-9.png","type":"image\/png"}],"author":"R\u00e9gis Paraz","twitter_card":"summary_large_image","twitter_misc":{"Scritto da":"R\u00e9gis Paraz","Tempo di lettura stimato":"13 minuti"},"schema":{"@context":"https:\/\/schema.org","@graph":[{"@type":"Article","@id":"https:\/\/centcols.org\/es\/une-journee-memorable-philippe-carrez-n3092\/#article","isPartOf":{"@id":"https:\/\/centcols.org\/es\/une-journee-memorable-philippe-carrez-n3092\/"},"author":{"name":"R\u00e9gis Paraz","@id":"https:\/\/centcols.org\/#\/schema\/person\/6733615a03fdc98c0aef104567c81e13"},"headline":"Une journ\u00e9e m\u00e9morable : Philippe Carrez \u2013 N\u00b03092","datePublished":"2026-04-17T07:24:14+00:00","dateModified":"2026-04-28T01:58:06+00:00","mainEntityOfPage":{"@id":"https:\/\/centcols.org\/es\/une-journee-memorable-philippe-carrez-n3092\/"},"wordCount":2604,"publisher":{"@id":"https:\/\/centcols.org\/#organization"},"image":{"@id":"https:\/\/centcols.org\/es\/une-journee-memorable-philippe-carrez-n3092\/#primaryimage"},"thumbnailUrl":"https:\/\/centcols.org\/wp-content\/uploads\/2026\/04\/carrez-16-9.png","articleSection":["R\u00e9cits"],"inLanguage":"it-IT"},{"@type":"WebPage","@id":"https:\/\/centcols.org\/es\/une-journee-memorable-philippe-carrez-n3092\/","url":"https:\/\/centcols.org\/es\/une-journee-memorable-philippe-carrez-n3092\/","name":"Un giorno da ricordare: Philippe Carrez - N\u00b03092 - Club des Cent Cols","isPartOf":{"@id":"https:\/\/centcols.org\/#website"},"primaryImageOfPage":{"@id":"https:\/\/centcols.org\/es\/une-journee-memorable-philippe-carrez-n3092\/#primaryimage"},"image":{"@id":"https:\/\/centcols.org\/es\/une-journee-memorable-philippe-carrez-n3092\/#primaryimage"},"thumbnailUrl":"https:\/\/centcols.org\/wp-content\/uploads\/2026\/04\/carrez-16-9.png","datePublished":"2026-04-17T07:24:14+00:00","dateModified":"2026-04-28T01:58:06+00:00","breadcrumb":{"@id":"https:\/\/centcols.org\/es\/une-journee-memorable-philippe-carrez-n3092\/#breadcrumb"},"inLanguage":"it-IT","potentialAction":[{"@type":"ReadAction","target":["https:\/\/centcols.org\/es\/une-journee-memorable-philippe-carrez-n3092\/"]}]},{"@type":"ImageObject","inLanguage":"it-IT","@id":"https:\/\/centcols.org\/es\/une-journee-memorable-philippe-carrez-n3092\/#primaryimage","url":"https:\/\/centcols.org\/wp-content\/uploads\/2026\/04\/carrez-16-9.png","contentUrl":"https:\/\/centcols.org\/wp-content\/uploads\/2026\/04\/carrez-16-9.png","width":800,"height":450},{"@type":"BreadcrumbList","@id":"https:\/\/centcols.org\/es\/une-journee-memorable-philippe-carrez-n3092\/#breadcrumb","itemListElement":[{"@type":"ListItem","position":1,"name":"Accueil","item":"https:\/\/centcols.org\/"},{"@type":"ListItem","position":2,"name":"Gazette","item":"https:\/\/centcols.org\/rubrique\/gazette\/"},{"@type":"ListItem","position":3,"name":"R\u00e9cits","item":"https:\/\/centcols.org\/rubrique\/gazette\/recits\/"},{"@type":"ListItem","position":4,"name":"Une journ\u00e9e m\u00e9morable : Philippe Carrez \u2013 N\u00b03092"}]},{"@type":"WebSite","@id":"https:\/\/centcols.org\/#website","url":"https:\/\/centcols.org\/","name":"Club des Cent Cols","description":"","publisher":{"@id":"https:\/\/centcols.org\/#organization"},"potentialAction":[{"@type":"SearchAction","target":{"@type":"EntryPoint","urlTemplate":"https:\/\/centcols.org\/?s={search_term_string}"},"query-input":{"@type":"PropertyValueSpecification","valueRequired":true,"valueName":"search_term_string"}}],"inLanguage":"it-IT"},{"@type":"Organization","@id":"https:\/\/centcols.org\/#organization","name":"Club des Cent Cols","url":"https:\/\/centcols.org\/","logo":{"@type":"ImageObject","inLanguage":"it-IT","@id":"https:\/\/centcols.org\/#\/schema\/logo\/image\/","url":"https:\/\/centcols.org\/wp-content\/uploads\/2025\/01\/carte-icone.png","contentUrl":"https:\/\/centcols.org\/wp-content\/uploads\/2025\/01\/carte-icone.png","width":250,"height":250,"caption":"Club des Cent Cols"},"image":{"@id":"https:\/\/centcols.org\/#\/schema\/logo\/image\/"},"sameAs":["https:\/\/www.facebook.com\/groups\/5261880558\/?locale=fr_FR"]},{"@type":"Person","@id":"https:\/\/centcols.org\/#\/schema\/person\/6733615a03fdc98c0aef104567c81e13","name":"R\u00e9gis Paraz","image":{"@type":"ImageObject","inLanguage":"it-IT","@id":"https:\/\/centcols.org\/wp-content\/litespeed\/avatar\/e5679bd124a28f7319d109cd5c2c0dd7.jpg?ver=1777239746","url":"https:\/\/centcols.org\/wp-content\/litespeed\/avatar\/e5679bd124a28f7319d109cd5c2c0dd7.jpg?ver=1777239746","contentUrl":"https:\/\/centcols.org\/wp-content\/litespeed\/avatar\/e5679bd124a28f7319d109cd5c2c0dd7.jpg?ver=1777239746","caption":"R\u00e9gis Paraz"},"url":"https:\/\/centcols.org\/it\/author\/3225\/"}]}},"_links":{"self":[{"href":"https:\/\/centcols.org\/it\/wp-json\/wp\/v2\/posts\/95249","targetHints":{"allow":["GET"]}}],"collection":[{"href":"https:\/\/centcols.org\/it\/wp-json\/wp\/v2\/posts"}],"about":[{"href":"https:\/\/centcols.org\/it\/wp-json\/wp\/v2\/types\/post"}],"author":[{"embeddable":true,"href":"https:\/\/centcols.org\/it\/wp-json\/wp\/v2\/users\/5112"}],"replies":[{"embeddable":true,"href":"https:\/\/centcols.org\/it\/wp-json\/wp\/v2\/comments?post=95249"}],"version-history":[{"count":1,"href":"https:\/\/centcols.org\/it\/wp-json\/wp\/v2\/posts\/95249\/revisions"}],"predecessor-version":[{"id":95890,"href":"https:\/\/centcols.org\/it\/wp-json\/wp\/v2\/posts\/95249\/revisions\/95890"}],"wp:featuredmedia":[{"embeddable":true,"href":"https:\/\/centcols.org\/it\/wp-json\/wp\/v2\/media\/95255"}],"wp:attachment":[{"href":"https:\/\/centcols.org\/it\/wp-json\/wp\/v2\/media?parent=95249"}],"wp:term":[{"taxonomy":"category","embeddable":true,"href":"https:\/\/centcols.org\/it\/wp-json\/wp\/v2\/categories?post=95249"},{"taxonomy":"post_tag","embeddable":true,"href":"https:\/\/centcols.org\/it\/wp-json\/wp\/v2\/tags?post=95249"}],"curies":[{"name":"wp","href":"https:\/\/api.w.org\/{rel}","templated":true}]}}