{"id":95257,"date":"2026-04-18T06:26:58","date_gmt":"2026-04-18T04:26:58","guid":{"rendered":"https:\/\/centcols.org\/?p=95257"},"modified":"2026-04-18T06:56:09","modified_gmt":"2026-04-18T04:56:09","slug":"rassegna-stampa-radio-video-archivi","status":"publish","type":"post","link":"https:\/\/centcols.org\/it\/revue-de-presse-radio-videos-archives\/","title":{"rendered":"Rassegna stampa, radio e video - Archivio"},"content":{"rendered":"<p>Qui potete trovare tutti gli articoli di stampa, i programmi radiofonici e i video dedicati al Club des Cent Cols tra il 1990 e il 2022.<\/p>\n\n\n\n<details class=\"wp-block-details has-medium-font-size is-layout-flow wp-block-details-is-layout-flow\"><summary>Prima del 2010<\/summary>\n<div style=\"height:20px\" aria-hidden=\"true\" class=\"wp-block-spacer\"><\/div>\n\n\n\n<div class=\"wp-block-query is-layout-flow wp-block-query-is-layout-flow\"><ul class=\"wp-block-post-template is-layout-flow wp-block-post-template-is-layout-flow\"><li class=\"wp-block-post post-79304 post type-post status-publish format-standard has-post-thumbnail hentry category-articles-de-presse-et-videos category-476\">\n\n<div style=\"height:15px\" aria-hidden=\"true\" class=\"wp-block-spacer\"><\/div>\n\n\n<h5 class=\"wp-block-post-title\"><a href=\"https:\/\/centcols.org\/it\/le-cycle-juin-1990\/\" target=\"_self\" >Il ciclo di giugno 1990<\/a><\/h5>\n<\/li><li class=\"wp-block-post post-95273 post type-post status-publish format-standard hentry category-476\">\n\n<div style=\"height:15px\" aria-hidden=\"true\" class=\"wp-block-spacer\"><\/div>\n\n\n<h5 class=\"wp-block-post-title\"><a href=\"https:\/\/centcols.org\/it\/disparition-de-louis-nucera-2\/\" target=\"_self\" >13\/08\/00 : Morte di Louis Nucera. Michel de Br\u00e9bisson ha voluto riprodurre l'articolo di Le Monde scritto da un amico di Louis.<\/a><\/h5>\n<\/li><li class=\"wp-block-post post-95275 post type-post status-publish format-standard hentry category-476\">\n\n<div style=\"height:15px\" aria-hidden=\"true\" class=\"wp-block-spacer\"><\/div>\n\n\n<h5 class=\"wp-block-post-title\"><a href=\"https:\/\/centcols.org\/it\/louis-nucera-article-monde\/\" target=\"_self\" >23\/09\/00: Michel de Br\u00e9bisson ci invia un articolo pubblicato su Le Monde il 13\/09\/2000<\/a><\/h5>\n<\/li><li class=\"wp-block-post post-95277 post type-post status-publish format-standard has-post-thumbnail hentry category-477\">\n\n<div style=\"height:15px\" aria-hidden=\"true\" class=\"wp-block-spacer\"><\/div>\n\n\n<h5 class=\"wp-block-post-title\"><a href=\"https:\/\/centcols.org\/it\/27-12-02-un-article-consacre-au-professeur-claude-got-n1861-paru-dans-le-panorama-du-medecin-du-10-10-02-2\/\" target=\"_self\" >27\/12\/02: Articolo dedicato al Professor Claude Got (N\u00b01861) pubblicato su \"Panorama du m\u00e9decin\" il 10\/10\/02.<\/a><\/h5>\n<\/li><li class=\"wp-block-post post-95280 post type-post status-publish format-standard hentry category-475\">\n\n<div style=\"height:15px\" aria-hidden=\"true\" class=\"wp-block-spacer\"><\/div>\n\n\n<h5 class=\"wp-block-post-title\"><a href=\"https:\/\/centcols.org\/it\/article-de-presse-cyclotourisme-juin-2004\/\" target=\"_self\" >21\/06\/04: Articolo di stampa di Cyclotourisme, giugno 2004<\/a><\/h5>\n<\/li><li class=\"wp-block-post post-95282 post type-post status-publish format-standard has-post-thumbnail hentry category-475\">\n\n<div style=\"height:15px\" aria-hidden=\"true\" class=\"wp-block-spacer\"><\/div>\n\n\n<h5 class=\"wp-block-post-title\"><a href=\"https:\/\/centcols.org\/it\/sept-cols-en-24-heures\/\" target=\"_self\" >27\/08\/04: sette passaggi in 24 ore!<\/a><\/h5>\n<\/li><li class=\"wp-block-post post-95285 post type-post status-publish format-standard has-post-thumbnail hentry category-475\">\n\n<div style=\"height:15px\" aria-hidden=\"true\" class=\"wp-block-spacer\"><\/div>\n\n\n<h5 class=\"wp-block-post-title\"><a href=\"https:\/\/centcols.org\/it\/26-10-04-article-de-presse-paru-dans-cyclo-passion-de-juillet-2004-2\/\" target=\"_self\" >26\/10\/04: articolo di stampa pubblicato su Cyclo-passion nel luglio 2004<\/a><\/h5>\n<\/li><li class=\"wp-block-post post-95288 post type-post status-publish format-standard has-post-thumbnail hentry category-479\">\n\n<div style=\"height:15px\" aria-hidden=\"true\" class=\"wp-block-spacer\"><\/div>\n\n\n<h5 class=\"wp-block-post-title\"><a href=\"https:\/\/centcols.org\/it\/article-du-dauphine-libere-avril-2005\/\" target=\"_self\" >16\/05\/05: articolo del Dauphin\u00e9 Lib\u00e9r\u00e9 del 27 aprile 2005: appassionati cacciatori di passi<\/a><\/h5>\n<\/li><li class=\"wp-block-post post-95291 post type-post status-publish format-standard has-post-thumbnail hentry category-479\">\n\n<div style=\"height:15px\" aria-hidden=\"true\" class=\"wp-block-spacer\"><\/div>\n\n\n<h5 class=\"wp-block-post-title\"><a href=\"https:\/\/centcols.org\/it\/22-05-05-article-de-lhebdo-des-savoies-du-22-avril-2005-le-club-des-cent-cols-2\/\" target=\"_self\" >22\/05\/05: articolo dell'Hebdo des Savoies del 22 aprile 2005: il Club des Cent Cols<\/a><\/h5>\n<\/li><li class=\"wp-block-post post-95294 post type-post status-publish format-standard has-post-thumbnail hentry category-479\">\n\n<div style=\"height:15px\" aria-hidden=\"true\" class=\"wp-block-spacer\"><\/div>\n\n\n<h5 class=\"wp-block-post-title\"><a href=\"https:\/\/centcols.org\/it\/rticle-du-dauphine-libere-juin-2005\/\" target=\"_self\" >22\/06\/05: articolo del Dauphin\u00e9-Lib\u00e9r\u00e9 del 18 giugno 2005: il millesimo valico di Jean Perdoux<\/a><\/h5>\n<\/li><li class=\"wp-block-post post-95297 post type-post status-publish format-standard has-post-thumbnail hentry category-479\">\n\n<div style=\"height:15px\" aria-hidden=\"true\" class=\"wp-block-spacer\"><\/div>\n\n\n<h5 class=\"wp-block-post-title\"><a href=\"https:\/\/centcols.org\/it\/article-du-midi-libre-juillet-2005\/\" target=\"_self\" >15\/07\/05: articolo tratto dal Midi-Libre del 4 luglio 2005<\/a><\/h5>\n<\/li><li class=\"wp-block-post post-95300 post type-post status-publish format-standard hentry category-479\">\n\n<div style=\"height:15px\" aria-hidden=\"true\" class=\"wp-block-spacer\"><\/div>\n\n\n<h5 class=\"wp-block-post-title\"><a href=\"https:\/\/centcols.org\/it\/chronique-de-philippe-reltienr-france-inter\/\" target=\"_self\" >22\/07\/05: Per saperne di pi\u00f9 sulla rubrica di Philippe Reltien su France-Inter del 19 luglio 2005<\/a><\/h5>\n<\/li><li class=\"wp-block-post post-95303 post type-post status-publish format-standard has-post-thumbnail hentry category-479\">\n\n<div style=\"height:15px\" aria-hidden=\"true\" class=\"wp-block-spacer\"><\/div>\n\n\n<h5 class=\"wp-block-post-title\"><a href=\"https:\/\/centcols.org\/it\/blif-bulletin-de-la-ligue-ile-de-france\/\" target=\"_self\" >28\/07\/05: Estratto dal BLIF (Bollettino della Lega dell'Isola di Francia)<\/a><\/h5>\n<\/li><li class=\"wp-block-post post-95306 post type-post status-publish format-standard hentry category-479\">\n\n<div style=\"height:15px\" aria-hidden=\"true\" class=\"wp-block-spacer\"><\/div>\n\n\n<h5 class=\"wp-block-post-title\"><a href=\"https:\/\/centcols.org\/it\/extrait-de-lemission-de-radio-de-stephane-conchon\/\" target=\"_self\" >27\/08\/05: Ascoltate un estratto del programma radiofonico di St\u00e9phane Conchon \"Laissez-vous transporter\".<\/a><\/h5>\n<\/li><li class=\"wp-block-post post-95309 post type-post status-publish format-standard has-post-thumbnail hentry category-479\">\n\n<div style=\"height:15px\" aria-hidden=\"true\" class=\"wp-block-spacer\"><\/div>\n\n\n<h5 class=\"wp-block-post-title\"><a href=\"https:\/\/centcols.org\/it\/dominique-bonnemain-ardent-defenseur-du-cyclisme\/\" target=\"_self\" >12\/11\/05: Articolo pubblicato nel numero autunnale 2005 della rivista \"V\u00e9lo Romand\": Dominique Bonnemain, ardente difensore della bicicletta<\/a><\/h5>\n<\/li><li class=\"wp-block-post post-95312 post type-post status-publish format-standard has-post-thumbnail hentry category-479\">\n\n<div style=\"height:15px\" aria-hidden=\"true\" class=\"wp-block-spacer\"><\/div>\n\n\n<h5 class=\"wp-block-post-title\"><a href=\"https:\/\/centcols.org\/it\/tijd-du-2-juillet-2005\/\" target=\"_self\" >28\/12\/05: Articolo di stampa pubblicato su De TIJD il 2 luglio 2005<\/a><\/h5>\n<\/li><li class=\"wp-block-post post-95320 post type-post status-publish format-standard has-post-thumbnail hentry category-480\">\n\n<div style=\"height:15px\" aria-hidden=\"true\" class=\"wp-block-spacer\"><\/div>\n\n\n<h5 class=\"wp-block-post-title\"><a href=\"https:\/\/centcols.org\/it\/depeche-du-midi-du-9-janvier-2006\/\" target=\"_self\" >11\/01\/06: Articolo di stampa pubblicato su La D\u00e9p\u00eache du Midi il 9 gennaio 2006<\/a><\/h5>\n<\/li><li class=\"wp-block-post post-95323 post type-post status-publish format-standard has-post-thumbnail hentry category-480\">\n\n<div style=\"height:15px\" aria-hidden=\"true\" class=\"wp-block-spacer\"><\/div>\n\n\n<h5 class=\"wp-block-post-title\"><a href=\"https:\/\/centcols.org\/it\/nord-eclair-du-3-novembre-2005\/\" target=\"_self\" >02\/02\/06: Articolo di stampa pubblicato su Nord-Eclair il 3 novembre 2005<\/a><\/h5>\n<\/li><li class=\"wp-block-post post-95326 post type-post status-publish format-standard has-post-thumbnail hentry category-480\">\n\n<div style=\"height:15px\" aria-hidden=\"true\" class=\"wp-block-spacer\"><\/div>\n\n\n<h5 class=\"wp-block-post-title\"><a href=\"https:\/\/centcols.org\/it\/gazette-des-sports21\/\" target=\"_self\" >11\/02\/06: Articolo pubblicato sulla Gazette des Sports n. 21.<\/a><\/h5>\n<\/li><li class=\"wp-block-post post-95327 post type-post status-publish format-standard has-post-thumbnail hentry category-480\">\n\n<div style=\"height:15px\" aria-hidden=\"true\" class=\"wp-block-spacer\"><\/div>\n\n\n<h5 class=\"wp-block-post-title\"><a href=\"https:\/\/centcols.org\/it\/cycle-mag-fevrier-2006\/\" target=\"_self\" >02\/03\/06: Articolo di stampa pubblicato su Cycle-mag di febbraio 2006<\/a><\/h5>\n<\/li><li class=\"wp-block-post post-95328 post type-post status-publish format-standard has-post-thumbnail hentry category-480\">\n\n<div style=\"height:15px\" aria-hidden=\"true\" class=\"wp-block-spacer\"><\/div>\n\n\n<h5 class=\"wp-block-post-title\"><a href=\"https:\/\/centcols.org\/it\/republicain-lorrain-18-mars-2006\/\" target=\"_self\" >26\/03\/06: Articolo pubblicato sul R\u00e9publicain Lorrain del 18 marzo 2006.<\/a><\/h5>\n<\/li><li class=\"wp-block-post post-95330 post type-post status-publish format-standard has-post-thumbnail hentry category-480\">\n\n<div style=\"height:15px\" aria-hidden=\"true\" class=\"wp-block-spacer\"><\/div>\n\n\n<h5 class=\"wp-block-post-title\"><a href=\"https:\/\/centcols.org\/it\/le-cycle-de-juin-2006\/\" target=\"_self\" >30\/05\/06: Due articoli di stampa pubblicati su Le Cycle nel giugno 2006<\/a><\/h5>\n<\/li><li class=\"wp-block-post post-95329 post type-post status-publish format-standard has-post-thumbnail hentry category-480\">\n\n<div style=\"height:15px\" aria-hidden=\"true\" class=\"wp-block-spacer\"><\/div>\n\n\n<h5 class=\"wp-block-post-title\"><a href=\"https:\/\/centcols.org\/it\/christophe-riviere\/\" target=\"_self\" >15\/05\/06: Articolo di stampa pubblicato sul Dauphin\u00e9-Lib\u00e9r\u00e9 il 3 maggio 2006. Christophe Rivi\u00e8re \u00e8 sacerdote e membro del Club des Cent Cols.<\/a><\/h5>\n<\/li><li class=\"wp-block-post post-95331 post type-post status-publish format-standard has-post-thumbnail hentry category-480\">\n\n<div style=\"height:15px\" aria-hidden=\"true\" class=\"wp-block-spacer\"><\/div>\n\n\n<h5 class=\"wp-block-post-title\"><a href=\"https:\/\/centcols.org\/it\/nouveau-col-pyrenees\/\" target=\"_self\" >14\/09\/06 : Articolo di giornale: Un nuovo passo nei Pirenei<\/a><\/h5>\n<\/li><li class=\"wp-block-post post-81186 post type-post status-publish format-standard hentry category-250\">\n\n<div style=\"height:15px\" aria-hidden=\"true\" class=\"wp-block-spacer\"><\/div>\n\n\n<h5 class=\"wp-block-post-title\"><a href=\"https:\/\/centcols.org\/it\/extrait-du-bulletin-municipal-de-mollans\/\" target=\"_self\" >29\/03\/2007 Estratto dal bollettino comunale di Mollans.<\/a><\/h5>\n<\/li><li class=\"wp-block-post post-81182 post type-post status-publish format-standard has-post-thumbnail hentry category-250\">\n\n<div style=\"height:15px\" aria-hidden=\"true\" class=\"wp-block-spacer\"><\/div>\n\n\n<h5 class=\"wp-block-post-title\"><a href=\"https:\/\/centcols.org\/it\/extrait-magazine-entreprises-rhone-alpes-pierre-brivet\/\" target=\"_self\" >26\/04\/2007 Estratto dalla rivista Entreprises Rh\u00f4ne-Alpes: Pierre Brivet, l'uomo delle 6.000 cime.<\/a><\/h5>\n<\/li><li class=\"wp-block-post post-95347 post type-post status-publish format-standard has-post-thumbnail hentry category-250\">\n\n<div style=\"height:15px\" aria-hidden=\"true\" class=\"wp-block-spacer\"><\/div>\n\n\n<h5 class=\"wp-block-post-title\"><a href=\"https:\/\/centcols.org\/it\/dauphine-libere-mai-2007\/\" target=\"_self\" >18\/04\/2007 Articolo di stampa pubblicato sul Dauphin\u00e9-Lib\u00e9r\u00e9 il 15 maggio 2007. (Christophe Rivi\u00e8re \u00e8 sacerdote e membro del Club des Cent Cols).<\/a><\/h5>\n<\/li><li class=\"wp-block-post post-95348 post type-post status-publish format-standard hentry category-250\">\n\n<div style=\"height:15px\" aria-hidden=\"true\" class=\"wp-block-spacer\"><\/div>\n\n\n<h5 class=\"wp-block-post-title\"><a href=\"https:\/\/centcols.org\/it\/interview-jp-adam\/\" target=\"_self\" >29\/07\/2007 Intervista a Jean-Pierre Adam durante la leggendaria tappa del Tour de France<\/a><\/h5>\n<\/li><li class=\"wp-block-post post-95350 post type-post status-publish format-standard has-post-thumbnail hentry category-250\">\n\n<div style=\"height:15px\" aria-hidden=\"true\" class=\"wp-block-spacer\"><\/div>\n\n\n<h5 class=\"wp-block-post-title\"><a href=\"https:\/\/centcols.org\/it\/cyclotourisme-octobre-2007\/\" target=\"_self\" >21\/10\/2007 Articolo tratto dal numero di ottobre 2007 della rivista Cyclotourisme<\/a><\/h5>\n<\/li><li class=\"wp-block-post post-95351 post type-post status-publish format-standard hentry category-250\">\n\n<div style=\"height:15px\" aria-hidden=\"true\" class=\"wp-block-spacer\"><\/div>\n\n\n<h5 class=\"wp-block-post-title\"><a href=\"https:\/\/centcols.org\/it\/voyage-gerard-gruffat-2007\/\" target=\"_self\" >19\/12\/2007 Due articoli di stampa sul viaggio di G\u00e9rard Gruffat (n. 5987) in Nord Europa<\/a><\/h5>\n<\/li><li class=\"wp-block-post post-81230 post type-post status-publish format-standard has-post-thumbnail hentry category-249\">\n\n<div style=\"height:15px\" aria-hidden=\"true\" class=\"wp-block-spacer\"><\/div>\n\n\n<h5 class=\"wp-block-post-title\"><a href=\"https:\/\/centcols.org\/it\/articles-de-la-revue-cyclotourisme\/\" target=\"_self\" >14\/01\/2008 Articoli della rivista Cyclotourisme<\/a><\/h5>\n<\/li><li class=\"wp-block-post post-81229 post type-post status-publish format-standard hentry category-249\">\n\n<div style=\"height:15px\" aria-hidden=\"true\" class=\"wp-block-spacer\"><\/div>\n\n\n<h5 class=\"wp-block-post-title\"><a href=\"https:\/\/centcols.org\/it\/article-de-presse-des-nouvelles-caledonniennes-du-30-janvier-2008\/\" target=\"_self\" >16\/02\/2008 Articolo di stampa su Nouvelles Cal\u00e9donniennes del 30 gennaio 2008<\/a><\/h5>\n<\/li><li class=\"wp-block-post post-81227 post type-post status-publish format-standard has-post-thumbnail hentry category-249\">\n\n<div style=\"height:15px\" aria-hidden=\"true\" class=\"wp-block-spacer\"><\/div>\n\n\n<h5 class=\"wp-block-post-title\"><a href=\"https:\/\/centcols.org\/it\/article-de-presse-de-sud-ouest-du-08-mars-2008\/\" target=\"_self\" >08\/03\/2008 Articolo di stampa di Sud-Ouest dell'08 marzo 2008<\/a><\/h5>\n<\/li><li class=\"wp-block-post post-95475 post type-post status-publish format-standard has-post-thumbnail hentry category-249\">\n\n<div style=\"height:15px\" aria-hidden=\"true\" class=\"wp-block-spacer\"><\/div>\n\n\n<h5 class=\"wp-block-post-title\"><a href=\"https:\/\/centcols.org\/it\/au-depart-du-paris-pekin\/\" target=\"_self\" >20\/03\/2008 I Centocoli alla partenza della Parigi-Pechino<\/a><\/h5>\n<\/li><li class=\"wp-block-post post-81184 post type-post status-publish format-standard has-post-thumbnail hentry category-249\">\n\n<div style=\"height:15px\" aria-hidden=\"true\" class=\"wp-block-spacer\"><\/div>\n\n\n<h5 class=\"wp-block-post-title\"><a href=\"https:\/\/centcols.org\/it\/article-de-presse-de-cyclotourisme-de-mai-2008\/\" target=\"_self\" >13\/05\/2008 Articolo di Cyclotourisme, maggio 2008<\/a><\/h5>\n<\/li><li class=\"wp-block-post post-81180 post type-post status-publish format-standard has-post-thumbnail hentry category-249\">\n\n<div style=\"height:15px\" aria-hidden=\"true\" class=\"wp-block-spacer\"><\/div>\n\n\n<h5 class=\"wp-block-post-title\"><a href=\"https:\/\/centcols.org\/it\/26-05-08-article-de-presse-de-la-provence-du-17-mai-2008\/\" target=\"_self\" >26\/05\/08 Articolo di stampa da La Provence del 17 maggio 2008<\/a><\/h5>\n<\/li><li class=\"wp-block-post post-81176 post type-post status-publish format-standard has-post-thumbnail hentry category-249\">\n\n<div style=\"height:15px\" aria-hidden=\"true\" class=\"wp-block-spacer\"><\/div>\n\n\n<h5 class=\"wp-block-post-title\"><a href=\"https:\/\/centcols.org\/it\/article-de-presse-du-dauphine-libere-de-mai-2008\/\" target=\"_self\" >02\/06\/2008 Articolo di stampa da Le Dauphin\u00e9-Lib\u00e9r\u00e9<\/a><\/h5>\n<\/li><li class=\"wp-block-post post-81153 post type-post status-publish format-standard has-post-thumbnail hentry category-249\">\n\n<div style=\"height:15px\" aria-hidden=\"true\" class=\"wp-block-spacer\"><\/div>\n\n\n<h5 class=\"wp-block-post-title\"><a href=\"https:\/\/centcols.org\/it\/article-de-presse-de-lhebdo-des-savoie-de-sept-2008\/\" target=\"_self\" >12\/09\/2008 Articolo di stampa dell'Hebdo des Savoie<\/a><\/h5>\n<\/li><li class=\"wp-block-post post-81137 post type-post status-publish format-standard has-post-thumbnail hentry category-249\">\n\n<div style=\"height:15px\" aria-hidden=\"true\" class=\"wp-block-spacer\"><\/div>\n\n\n<h5 class=\"wp-block-post-title\"><a href=\"https:\/\/centcols.org\/it\/article-de-presse-du-midi-libre-du-28-septembre-2008\/\" target=\"_self\" >30\/09\/2008 Articolo di stampa di Midi-Libre<\/a><\/h5>\n<\/li><li class=\"wp-block-post post-81143 post type-post status-publish format-standard has-post-thumbnail hentry category-249\">\n\n<div style=\"height:15px\" aria-hidden=\"true\" class=\"wp-block-spacer\"><\/div>\n\n\n<h5 class=\"wp-block-post-title\"><a href=\"https:\/\/centcols.org\/it\/article-de-presse-de-cyclotourisme-doctobre-2008\/\" target=\"_self\" >13\/10\/2008 Articolo di stampa di Cyclotourisme, ottobre 2008<\/a><\/h5>\n<\/li><li class=\"wp-block-post post-81141 post type-post status-publish format-standard has-post-thumbnail hentry category-249\">\n\n<div style=\"height:15px\" aria-hidden=\"true\" class=\"wp-block-spacer\"><\/div>\n\n\n<h5 class=\"wp-block-post-title\"><a href=\"https:\/\/centcols.org\/it\/article-de-presse-de-la-provence-du-28-octobre-2008\/\" target=\"_self\" >29\/10\/2008 Articolo di stampa da La Provence<\/a><\/h5>\n<\/li><li class=\"wp-block-post post-81129 post type-post status-publish format-standard has-post-thumbnail hentry category-249\">\n\n<div style=\"height:15px\" aria-hidden=\"true\" class=\"wp-block-spacer\"><\/div>\n\n\n<h5 class=\"wp-block-post-title\"><a href=\"https:\/\/centcols.org\/it\/article-de-presse-de-lhebdo-des-savoie-du-6-novembre-2008\/\" target=\"_self\" >06\/11\/2008 Articolo di stampa da L'Hebdo des Savoie<\/a><\/h5>\n<\/li><li class=\"wp-block-post post-81133 post type-post status-publish format-standard has-post-thumbnail hentry category-249\">\n\n<div style=\"height:15px\" aria-hidden=\"true\" class=\"wp-block-spacer\"><\/div>\n\n\n<h5 class=\"wp-block-post-title\"><a href=\"https:\/\/centcols.org\/it\/trois-articles-de-presse-sur-jean-claude-hiram\/\" target=\"_self\" >20\/11\/2008 Tre articoli di stampa su Jean-Claude Hiram<\/a><\/h5>\n<\/li><li class=\"wp-block-post post-81131 post type-post status-publish format-standard has-post-thumbnail hentry category-249\">\n\n<div style=\"height:15px\" aria-hidden=\"true\" class=\"wp-block-spacer\"><\/div>\n\n\n<h5 class=\"wp-block-post-title\"><a href=\"https:\/\/centcols.org\/it\/article-de-presse-de-la-provence-du-23-novembre-2008\/\" target=\"_self\" >24\/11\/2008 Articolo di stampa da La Provence<\/a><\/h5>\n<\/li><li class=\"wp-block-post post-81127 post type-post status-publish format-standard has-post-thumbnail hentry category-249\">\n\n<div style=\"height:15px\" aria-hidden=\"true\" class=\"wp-block-spacer\"><\/div>\n\n\n<h5 class=\"wp-block-post-title\"><a href=\"https:\/\/centcols.org\/it\/le-club-des-cent-cols-honore\/\" target=\"_self\" >11\/12\/2008 Il Club Cent Cols \u00e8 stato premiato<\/a><\/h5>\n<\/li><li class=\"wp-block-post post-81125 post type-post status-publish format-standard has-post-thumbnail hentry category-249\">\n\n<div style=\"height:15px\" aria-hidden=\"true\" class=\"wp-block-spacer\"><\/div>\n\n\n<h5 class=\"wp-block-post-title\"><a href=\"https:\/\/centcols.org\/it\/article-de-presse-de-cyclotourisme-de-decembre-2008\/\" target=\"_self\" >28\/12\/2008 Articolo di stampa di Cyclotourisme, dicembre 2008<\/a><\/h5>\n<\/li><li class=\"wp-block-post post-81149 post type-post status-publish format-standard has-post-thumbnail hentry category-247\">\n\n<div style=\"height:15px\" aria-hidden=\"true\" class=\"wp-block-spacer\"><\/div>\n\n\n<h5 class=\"wp-block-post-title\"><a href=\"https:\/\/centcols.org\/it\/article-de-presse-du-republicain-lorrain-du-03-janvier-2009\/\" target=\"_self\" >13\/01\/2009 Articolo di stampa del R\u00e9publicain-Lorrain del 03 gennaio 2009<\/a><\/h5>\n<\/li><li class=\"wp-block-post post-81151 post type-post status-publish format-standard has-post-thumbnail hentry category-247\">\n\n<div style=\"height:15px\" aria-hidden=\"true\" class=\"wp-block-spacer\"><\/div>\n\n\n<h5 class=\"wp-block-post-title\"><a href=\"https:\/\/centcols.org\/it\/article-de-presse-du-dauphine-libere-du-05-janvier-2009\/\" target=\"_self\" >14\/01\/2009 Articolo di stampa da Le Dauphin\u00e9-Lib\u00e9r\u00e9<\/a><\/h5>\n<\/li><li class=\"wp-block-post post-81147 post type-post status-publish format-standard has-post-thumbnail hentry category-247\">\n\n<div style=\"height:15px\" aria-hidden=\"true\" class=\"wp-block-spacer\"><\/div>\n\n\n<h5 class=\"wp-block-post-title\"><a href=\"https:\/\/centcols.org\/it\/03-06-09-interview-du-professeur-got-parue-dans-la-revue-tandem-de-mai-2009\/\" target=\"_self\" >03\/06\/09: Intervista al professor Got pubblicata nel numero di maggio 2009 della rivista Tandem<\/a><\/h5>\n<\/li><li class=\"wp-block-post post-81145 post type-post status-publish format-standard has-post-thumbnail hentry category-247\">\n\n<div style=\"height:15px\" aria-hidden=\"true\" class=\"wp-block-spacer\"><\/div>\n\n\n<h5 class=\"wp-block-post-title\"><a href=\"https:\/\/centcols.org\/it\/couverture-de-la-revue-cyclotourisme-de-juin-2009-photo-de-francis-touzeau\/\" target=\"_self\" >10\/06\/2009 Copertina del numero di giugno 2009 di Cyclotourisme (foto di Francis Touzeau)<\/a><\/h5>\n<\/li><li class=\"wp-block-post post-81117 post type-post status-publish format-standard has-post-thumbnail hentry category-247\">\n\n<div style=\"height:15px\" aria-hidden=\"true\" class=\"wp-block-spacer\"><\/div>\n\n\n<h5 class=\"wp-block-post-title\"><a href=\"https:\/\/centcols.org\/it\/2000eme-col-de-luigi-spina-sella-cercevesa-m-1870\/\" target=\"_self\" >14\/07\/2009 Il 2000\u00b0 passo di Luigi Spina: Sella Cercevesa - m.1870<\/a><\/h5>\n<\/li><li class=\"wp-block-post post-81113 post type-post status-publish format-standard has-post-thumbnail hentry category-247\">\n\n<div style=\"height:15px\" aria-hidden=\"true\" class=\"wp-block-spacer\"><\/div>\n\n\n<h5 class=\"wp-block-post-title\"><a href=\"https:\/\/centcols.org\/it\/article-de-presse-du-dauphine-libere-du-20-aout-2009\/\" target=\"_self\" >20\/08\/2009 Articolo di stampa da Le Dauphin\u00e9-Lib\u00e9r\u00e9<\/a><\/h5>\n<\/li><li class=\"wp-block-post post-81052 post type-post status-publish format-standard has-post-thumbnail hentry category-247\">\n\n<div style=\"height:15px\" aria-hidden=\"true\" class=\"wp-block-spacer\"><\/div>\n\n\n<h5 class=\"wp-block-post-title\"><a href=\"https:\/\/centcols.org\/it\/article-de-presse-du-dauphine-libere-du-28-septembre-2009\/\" target=\"_self\" >28\/09\/2009 Articolo di stampa da Le Dauphin\u00e9-Lib\u00e9r\u00e9<\/a><\/h5>\n<\/li><li class=\"wp-block-post post-81051 post type-post status-publish format-standard hentry category-247\">\n\n<div style=\"height:15px\" aria-hidden=\"true\" class=\"wp-block-spacer\"><\/div>\n\n\n<h5 class=\"wp-block-post-title\"><a href=\"https:\/\/centcols.org\/it\/concentration-velocio-au-col-de-pavezin-le-27-septembre-2009\/\" target=\"_self\" >28\/09\/2009 Concentrazione di V\u00e9locio al Col de Pavezin il 27 settembre 2009<\/a><\/h5>\n<\/li><li class=\"wp-block-post post-81049 post type-post status-publish format-standard has-post-thumbnail hentry category-247\">\n\n<div style=\"height:15px\" aria-hidden=\"true\" class=\"wp-block-spacer\"><\/div>\n\n\n<h5 class=\"wp-block-post-title\"><a href=\"https:\/\/centcols.org\/it\/article-de-presse-de-tour-magazine-doctobre-2009\/\" target=\"_self\" >13\/10\/2009 Articolo di stampa dalla rivista Tour, ottobre 2009<\/a><\/h5>\n<\/li><\/ul>\n\n<\/div>\n<\/details>\n\n\n\n<details class=\"wp-block-details has-medium-font-size is-layout-flow wp-block-details-is-layout-flow\"><summary>Anno 2010<\/summary>\n<div style=\"height:20px\" aria-hidden=\"true\" class=\"wp-block-spacer\"><\/div>\n\n\n\n<div class=\"wp-block-query is-layout-flow wp-block-query-is-layout-flow\"><ul class=\"wp-block-post-template is-layout-flow wp-block-post-template-is-layout-flow\"><li class=\"wp-block-post post-81036 post type-post status-publish format-standard has-post-thumbnail hentry category-articles-de-presse-et-videos category-240\">\n\n<div style=\"height:15px\" aria-hidden=\"true\" class=\"wp-block-spacer\"><\/div>\n\n\n<h5 class=\"wp-block-post-title\"><a href=\"https:\/\/centcols.org\/it\/article-de-presse-du-republicain-lorrain-du-24-janvier-2010\/\" target=\"_self\" >Articolo di stampa del R\u00e9publicain-Lorrain del 24 gennaio 2010<\/a><\/h5>\n<\/li><li class=\"wp-block-post post-81028 post type-post status-publish format-standard has-post-thumbnail hentry category-articles-de-presse-et-videos category-240\">\n\n<div style=\"height:15px\" aria-hidden=\"true\" class=\"wp-block-spacer\"><\/div>\n\n\n<h5 class=\"wp-block-post-title\"><a href=\"https:\/\/centcols.org\/it\/article-de-presse-de-cyclotourisme-de-mars-2010\/\" target=\"_self\" >Articolo di stampa di Cyclotourisme, marzo 2010<\/a><\/h5>\n<\/li><li class=\"wp-block-post post-81019 post type-post status-publish format-standard hentry category-articles-de-presse-et-videos category-240\">\n\n<div style=\"height:15px\" aria-hidden=\"true\" class=\"wp-block-spacer\"><\/div>\n\n\n<h5 class=\"wp-block-post-title\"><a href=\"https:\/\/centcols.org\/it\/article-de-presse-de-tour-spezial-alpen-2010\/\" target=\"_self\" >Comunicato stampa del TOUR Spezial Alpen 2010<\/a><\/h5>\n<\/li><li class=\"wp-block-post post-81015 post type-post status-publish format-standard has-post-thumbnail hentry category-articles-de-presse-et-videos category-240\">\n\n<div style=\"height:15px\" aria-hidden=\"true\" class=\"wp-block-spacer\"><\/div>\n\n\n<h5 class=\"wp-block-post-title\"><a href=\"https:\/\/centcols.org\/it\/article-de-presse-de-ouest-france-du-29-mai-2010\/\" target=\"_self\" >Articolo di stampa di Ouest-France del 29 maggio 2010<\/a><\/h5>\n<\/li><li class=\"wp-block-post post-80988 post type-post status-publish format-standard has-post-thumbnail hentry category-articles-de-presse-et-videos category-240\">\n\n<div style=\"height:15px\" aria-hidden=\"true\" class=\"wp-block-spacer\"><\/div>\n\n\n<h5 class=\"wp-block-post-title\"><a href=\"https:\/\/centcols.org\/it\/article-de-presse-de-haute-savoie-mag-magazine-du-conseil-general-n129-juillet-aout-2010\/\" target=\"_self\" >Articolo tratto da \"Haute-Savoie MAG\", rivista del Conseil G\u00e9n\u00e9ral n. 129 luglio-agosto 2010.<\/a><\/h5>\n<\/li><li class=\"wp-block-post post-80985 post type-post status-publish format-standard has-post-thumbnail hentry category-articles-de-presse-et-videos category-240\">\n\n<div style=\"height:15px\" aria-hidden=\"true\" class=\"wp-block-spacer\"><\/div>\n\n\n<h5 class=\"wp-block-post-title\"><a href=\"https:\/\/centcols.org\/it\/article-de-presse-de-mag-savoie-mont-blanc-n7-printemps-ete-2010\/\" target=\"_self\" >Articolo di stampa tratto da \"MAG Savoia-Mont-Blanc\" N\u00b07 Primavera-Estate 2010<\/a><\/h5>\n<\/li><li class=\"wp-block-post post-80979 post type-post status-publish format-standard has-post-thumbnail hentry category-articles-de-presse-et-videos category-240\">\n\n<div style=\"height:15px\" aria-hidden=\"true\" class=\"wp-block-spacer\"><\/div>\n\n\n<h5 class=\"wp-block-post-title\"><a href=\"https:\/\/centcols.org\/it\/article-de-presse-du-parisien-du-28-aout-2010\/\" target=\"_self\" >Articolo di stampa tratto da Le Parisien, 28 agosto 2010<\/a><\/h5>\n<\/li><li class=\"wp-block-post post-80976 post type-post status-publish format-standard has-post-thumbnail hentry category-articles-de-presse-et-videos category-240\">\n\n<div style=\"height:15px\" aria-hidden=\"true\" class=\"wp-block-spacer\"><\/div>\n\n\n<h5 class=\"wp-block-post-title\"><a href=\"https:\/\/centcols.org\/it\/articles-de-presse-de-cyclotourisme-doctobre-2010\/\" target=\"_self\" >Articoli di stampa di Cyclotourisme di ottobre 2010<\/a><\/h5>\n<\/li><li class=\"wp-block-post post-80952 post type-post status-publish format-standard has-post-thumbnail hentry category-articles-de-presse-et-videos category-240\">\n\n<div style=\"height:15px\" aria-hidden=\"true\" class=\"wp-block-spacer\"><\/div>\n\n\n<h5 class=\"wp-block-post-title\"><a href=\"https:\/\/centcols.org\/it\/article-de-presse-du-dauphine-libere-du-7-decembre-2010\/\" target=\"_self\" >Articolo di stampa del Dauphin\u00e9-Lib\u00e9r\u00e9 del 7 dicembre 2010<\/a><\/h5>\n<\/li><li class=\"wp-block-post post-80950 post type-post status-publish format-standard has-post-thumbnail hentry category-articles-de-presse-et-videos category-239\">\n\n<div style=\"height:15px\" aria-hidden=\"true\" class=\"wp-block-spacer\"><\/div>\n\n\n<h5 class=\"wp-block-post-title\"><a href=\"https:\/\/centcols.org\/it\/article-de-presse-de-lessor-savoyard-du-16-juin-2011\/\" target=\"_self\" >Articolo di stampa pubblicato su Essor Savoyard il 16 giugno 2011<\/a><\/h5>\n<\/li><li class=\"wp-block-post post-80946 post type-post status-publish format-standard has-post-thumbnail hentry category-articles-de-presse-et-videos category-239\">\n\n<div style=\"height:15px\" aria-hidden=\"true\" class=\"wp-block-spacer\"><\/div>\n\n\n<h5 class=\"wp-block-post-title\"><a href=\"https:\/\/centcols.org\/it\/article-de-presse-du-dauphine-libere-du-24-juillet-2011\/\" target=\"_self\" >Articolo di stampa del Dauphin\u00e9-Lib\u00e9r\u00e9 del 24 luglio 2011<\/a><\/h5>\n<\/li><li class=\"wp-block-post post-80938 post type-post status-publish format-standard has-post-thumbnail hentry category-articles-de-presse-et-videos category-239\">\n\n<div style=\"height:15px\" aria-hidden=\"true\" class=\"wp-block-spacer\"><\/div>\n\n\n<h5 class=\"wp-block-post-title\"><a href=\"https:\/\/centcols.org\/it\/article-de-presse-du-dauphine-libere-du-24-aout-2011\/\" target=\"_self\" >Articolo di stampa del Dauphin\u00e9-Lib\u00e9r\u00e9 del 24 agosto 2011<\/a><\/h5>\n<\/li><li class=\"wp-block-post post-80936 post type-post status-publish format-standard has-post-thumbnail hentry category-revue-de-presse category-articles-de-presse-et-videos category-239\">\n\n<div style=\"height:15px\" aria-hidden=\"true\" class=\"wp-block-spacer\"><\/div>\n\n\n<h5 class=\"wp-block-post-title\"><a href=\"https:\/\/centcols.org\/it\/renato-baccanelli-a-escalade-le-galibier-a-velo-et-tenue-depoque-1910\/\" target=\"_self\" >Renato Baccanelli ha scalato il Galibier in bicicletta con abiti d'epoca del 1910<\/a><\/h5>\n<\/li><li class=\"wp-block-post post-85109 post type-post status-publish format-standard has-post-thumbnail hentry category-revue-de-presse category-articles-de-presse-et-videos category-237\">\n\n<div style=\"height:15px\" aria-hidden=\"true\" class=\"wp-block-spacer\"><\/div>\n\n\n<h5 class=\"wp-block-post-title\"><a href=\"https:\/\/centcols.org\/it\/interview-de-regis-paraz-sur-france-bleu-pays-de-savoie\/\" target=\"_self\" >Intervista a R\u00e9gis Paraz su France Bleu Pays de Savoie,<\/a><\/h5>\n<\/li><li class=\"wp-block-post post-80927 post type-post status-publish format-standard has-post-thumbnail hentry category-articles-de-presse-et-videos category-237\">\n\n<div style=\"height:15px\" aria-hidden=\"true\" class=\"wp-block-spacer\"><\/div>\n\n\n<h5 class=\"wp-block-post-title\"><a href=\"https:\/\/centcols.org\/it\/article-de-presse-de-lessor-savoyard-du-9-fevrier-2012\/\" target=\"_self\" >Articolo di stampa dell'Essor Savoyard, 9 febbraio 2012<\/a><\/h5>\n<\/li><li class=\"wp-block-post post-80925 post type-post status-publish format-standard has-post-thumbnail hentry category-articles-de-presse-et-videos category-237\">\n\n<div style=\"height:15px\" aria-hidden=\"true\" class=\"wp-block-spacer\"><\/div>\n\n\n<h5 class=\"wp-block-post-title\"><a href=\"https:\/\/centcols.org\/it\/article-de-presse-de-velo-magazine-de-mars-2012\/\" target=\"_self\" >Articolo di stampa tratto da V\u00e9lo Magazine, marzo 2012<\/a><\/h5>\n<\/li><li class=\"wp-block-post post-80918 post type-post status-publish format-standard has-post-thumbnail hentry category-articles-de-presse-et-videos category-237\">\n\n<div style=\"height:15px\" aria-hidden=\"true\" class=\"wp-block-spacer\"><\/div>\n\n\n<h5 class=\"wp-block-post-title\"><a href=\"https:\/\/centcols.org\/it\/article-de-presse-du-progres-fr-du-12-mai-2012\/\" target=\"_self\" >Articolo di stampa tratto da Le Progr\u00e8s.fr del 12 maggio 2012<\/a><\/h5>\n<\/li><li class=\"wp-block-post post-80920 post type-post status-publish format-standard has-post-thumbnail hentry category-articles-de-presse-et-videos category-237\">\n\n<div style=\"height:15px\" aria-hidden=\"true\" class=\"wp-block-spacer\"><\/div>\n\n\n<h5 class=\"wp-block-post-title\"><a href=\"https:\/\/centcols.org\/it\/article-de-presse-de-alpes-magazine-de-juin-juillet-2012\/\" target=\"_self\" >Articolo di stampa tratto da Alpes Magazine, giugno\/luglio 2012<\/a><\/h5>\n<\/li><li class=\"wp-block-post post-80916 post type-post status-publish format-standard has-post-thumbnail hentry category-articles-de-presse-et-videos category-237\">\n\n<div style=\"height:15px\" aria-hidden=\"true\" class=\"wp-block-spacer\"><\/div>\n\n\n<h5 class=\"wp-block-post-title\"><a href=\"https:\/\/centcols.org\/it\/article-de-presse-du-dauphine-libere-du-2-juillet-2012\/\" target=\"_self\" >Articolo di stampa del Dauphin\u00e9-Lib\u00e9r\u00e9 del 2 luglio 2012<\/a><\/h5>\n<\/li><li class=\"wp-block-post post-80914 post type-post status-publish format-standard has-post-thumbnail hentry category-articles-de-presse-et-videos category-237\">\n\n<div style=\"height:15px\" aria-hidden=\"true\" class=\"wp-block-spacer\"><\/div>\n\n\n<h5 class=\"wp-block-post-title\"><a href=\"https:\/\/centcols.org\/it\/article-de-presse-du-cycle-de-juillet-2012\/\" target=\"_self\" >Articolo della stampa ciclistica, luglio 2012<\/a><\/h5>\n<\/li><li class=\"wp-block-post post-80908 post type-post status-publish format-standard has-post-thumbnail hentry category-articles-de-presse-et-videos category-237\">\n\n<div style=\"height:15px\" aria-hidden=\"true\" class=\"wp-block-spacer\"><\/div>\n\n\n<h5 class=\"wp-block-post-title\"><a href=\"https:\/\/centcols.org\/it\/article-de-presse-du-dauphine-libere-du-3-aout-2012\/\" target=\"_self\" >Articolo di stampa del Dauphin\u00e9-Lib\u00e9r\u00e9 del 3 agosto 2012<\/a><\/h5>\n<\/li><li class=\"wp-block-post post-80895 post type-post status-publish format-standard has-post-thumbnail hentry category-articles-de-presse-et-videos category-237\">\n\n<div style=\"height:15px\" aria-hidden=\"true\" class=\"wp-block-spacer\"><\/div>\n\n\n<h5 class=\"wp-block-post-title\"><a href=\"https:\/\/centcols.org\/it\/article-de-presse-de-cyclo-passion-de-septembre-2012\/\" target=\"_self\" >Articolo stampa di Cyclo Passion, settembre 2012<\/a><\/h5>\n<\/li><li class=\"wp-block-post post-80893 post type-post status-publish format-standard has-post-thumbnail hentry category-articles-de-presse-et-videos category-237\">\n\n<div style=\"height:15px\" aria-hidden=\"true\" class=\"wp-block-spacer\"><\/div>\n\n\n<h5 class=\"wp-block-post-title\"><a href=\"https:\/\/centcols.org\/it\/article-de-presse-de-cyclotourisme-de-octobre-2012\/\" target=\"_self\" >Articolo di Cyclotourisme, ottobre 2012<\/a><\/h5>\n<\/li><li class=\"wp-block-post post-80891 post type-post status-publish format-standard has-post-thumbnail hentry category-articles-de-presse-et-videos category-237\">\n\n<div style=\"height:15px\" aria-hidden=\"true\" class=\"wp-block-spacer\"><\/div>\n\n\n<h5 class=\"wp-block-post-title\"><a href=\"https:\/\/centcols.org\/it\/article-de-presse-de-cyclotourisme-de-decembre-2012\/\" target=\"_self\" >Articolo di Cyclotourisme del dicembre 2012<\/a><\/h5>\n<\/li><li class=\"wp-block-post post-80848 post type-post status-publish format-standard has-post-thumbnail hentry category-articles-de-presse-et-videos category-236\">\n\n<div style=\"height:15px\" aria-hidden=\"true\" class=\"wp-block-spacer\"><\/div>\n\n\n<h5 class=\"wp-block-post-title\"><a href=\"https:\/\/centcols.org\/it\/henri-dusseau-fete-ses-80-ans-au-col-du-galibier-le-25-07-13\/\" target=\"_self\" >Henri Dusseau festeggia il suo 80\u00b0 compleanno al Col du Galibier il 25\/07\/13<\/a><\/h5>\n<\/li><li class=\"wp-block-post post-80846 post type-post status-publish format-standard has-post-thumbnail hentry category-236\">\n\n<div style=\"height:15px\" aria-hidden=\"true\" class=\"wp-block-spacer\"><\/div>\n\n\n<h5 class=\"wp-block-post-title\"><a href=\"https:\/\/centcols.org\/it\/article-de-presse-de-cyclotourisme-de-septembre-2013\/\" target=\"_self\" >Articolo di Cyclotourisme, settembre 2013<\/a><\/h5>\n<\/li><li class=\"wp-block-post post-80841 post type-post status-publish format-standard has-post-thumbnail hentry category-236\">\n\n<div style=\"height:15px\" aria-hidden=\"true\" class=\"wp-block-spacer\"><\/div>\n\n\n<h5 class=\"wp-block-post-title\"><a href=\"https:\/\/centcols.org\/it\/articles-dans-cyclotourisme-de-decembre-2013\/\" target=\"_self\" >Articoli nel numero di dicembre 2013 di Cyclotourisme<\/a><\/h5>\n<\/li><li class=\"wp-block-post post-81378 post type-post status-publish format-standard has-post-thumbnail hentry category-articles-de-presse-et-videos category-258\">\n\n<div style=\"height:15px\" aria-hidden=\"true\" class=\"wp-block-spacer\"><\/div>\n\n\n<h5 class=\"wp-block-post-title\"><a href=\"https:\/\/centcols.org\/it\/article-de-presse-du-cycle-de-juin-2015\/\" target=\"_self\" >Articolo di giugno 2015 sulla stampa del ciclo<\/a><\/h5>\n<\/li><li class=\"wp-block-post post-81861 post type-post status-publish format-standard has-post-thumbnail hentry category-articles-de-presse-et-videos category-277\">\n\n<div style=\"height:15px\" aria-hidden=\"true\" class=\"wp-block-spacer\"><\/div>\n\n\n<h5 class=\"wp-block-post-title\"><a href=\"https:\/\/centcols.org\/it\/article-revue-cyclotourisme-doctobre-2016\/\" target=\"_self\" >Articolo nel numero di ottobre 2016 della rivista Cyclotourisme.<\/a><\/h5>\n<\/li><li class=\"wp-block-post post-81870 post type-post status-publish format-standard has-post-thumbnail hentry category-articles-de-presse-et-videos category-277\">\n\n<div style=\"height:15px\" aria-hidden=\"true\" class=\"wp-block-spacer\"><\/div>\n\n\n<h5 class=\"wp-block-post-title\"><a href=\"https:\/\/centcols.org\/it\/article-paru-dans-la-gazette-du-vercors\/\" target=\"_self\" >Articolo pubblicato nella Gazette du Vercors<\/a><\/h5>\n<\/li><li class=\"wp-block-post post-81872 post type-post status-publish format-standard has-post-thumbnail hentry category-revue-de-presse category-articles-de-presse-et-videos category-277\">\n\n<div style=\"height:15px\" aria-hidden=\"true\" class=\"wp-block-spacer\"><\/div>\n\n\n<h5 class=\"wp-block-post-title\"><a href=\"https:\/\/centcols.org\/it\/henri-dusseau-recompense\/\" target=\"_self\" >Henri Dusseau premiato<\/a><\/h5>\n<\/li><li class=\"wp-block-post post-81881 post type-post status-publish format-standard has-post-thumbnail hentry category-articles-de-presse-et-videos category-278\">\n\n<div style=\"height:15px\" aria-hidden=\"true\" class=\"wp-block-spacer\"><\/div>\n\n\n<h5 class=\"wp-block-post-title\"><a href=\"https:\/\/centcols.org\/it\/article-paru-dans-la-revue-cyclotourisme-de-janvier-2017\/\" target=\"_self\" >Articolo pubblicato nel numero di gennaio 2017 della rivista Cyclotourisme<\/a><\/h5>\n<\/li><li class=\"wp-block-post post-82028 post type-post status-publish format-standard has-post-thumbnail hentry category-283 category-articles-de-presse-et-videos\">\n\n<div style=\"height:15px\" aria-hidden=\"true\" class=\"wp-block-spacer\"><\/div>\n\n\n<h5 class=\"wp-block-post-title\"><a href=\"https:\/\/centcols.org\/it\/sejour-dargeles-article-de-lindependant-du-18-avril-2018\/\" target=\"_self\" >Soggiorno di Argel\u00e8s: articolo tratto da l'Ind\u00e9pendant, 18 aprile 2018<\/a><\/h5>\n<\/li><li class=\"wp-block-post post-82166 post type-post status-publish format-standard hentry category-283 category-articles-de-presse-et-videos\">\n\n<div style=\"height:15px\" aria-hidden=\"true\" class=\"wp-block-spacer\"><\/div>\n\n\n<h5 class=\"wp-block-post-title\"><a href=\"https:\/\/centcols.org\/it\/sejour-de-st-maurice-video-de-la-rts-du-2-septembre-2018\/\" target=\"_self\" >Soggiorno di St-Maurice: video RTS del 2 settembre 2018.<\/a><\/h5>\n<\/li><li class=\"wp-block-post post-82164 post type-post status-publish format-standard hentry category-285 category-articles-de-presse-et-videos\">\n\n<div style=\"height:15px\" aria-hidden=\"true\" class=\"wp-block-spacer\"><\/div>\n\n\n<h5 class=\"wp-block-post-title\"><a href=\"https:\/\/centcols.org\/it\/sejour-de-st-die-video-de-viavosges-du-23-juillet-2019\/\" target=\"_self\" >Soggiorno a St-Di\u00e9: video di vi\u00e0Vosges del 23 luglio 2019<\/a><\/h5>\n<\/li><\/ul>\n\n<\/div>\n\n\n\n<p><\/p>\n<\/details>\n\n\n\n<details class=\"wp-block-details has-medium-font-size is-layout-flow wp-block-details-is-layout-flow\"><summary>2020<\/summary>\n<div style=\"height:20px\" aria-hidden=\"true\" class=\"wp-block-spacer\"><\/div>\n\n\n\n<div class=\"wp-block-query is-layout-flow wp-block-query-is-layout-flow\"><ul class=\"wp-block-post-template is-layout-flow wp-block-post-template-is-layout-flow\"><li class=\"wp-block-post post-82222 post type-post status-publish format-standard has-post-thumbnail hentry category-revue-de-presse category-287 category-articles-de-presse-et-videos\">\n\n<div style=\"height:15px\" aria-hidden=\"true\" class=\"wp-block-spacer\"><\/div>\n\n\n<h5 class=\"wp-block-post-title\"><a href=\"https:\/\/centcols.org\/it\/felicien-missilier-cc-n-800-100-ans\/\" target=\"_self\" >F\u00e9licien Missilier CC N\u00b0 800 - 100 anni<\/a><\/h5>\n<\/li><li class=\"wp-block-post post-82204 post type-post status-publish format-standard hentry category-287 category-articles-de-presse-et-videos\">\n\n<div style=\"height:15px\" aria-hidden=\"true\" class=\"wp-block-spacer\"><\/div>\n\n\n<h5 class=\"wp-block-post-title\"><a href=\"https:\/\/centcols.org\/it\/revue-le-cycle-mars-2020\/\" target=\"_self\" >Rivista \"Le Cycle\" marzo 2020<\/a><\/h5>\n<\/li><li class=\"wp-block-post post-82205 post type-post status-publish format-standard hentry category-287 category-articles-de-presse-et-videos\">\n\n<div style=\"height:15px\" aria-hidden=\"true\" class=\"wp-block-spacer\"><\/div>\n\n\n<h5 class=\"wp-block-post-title\"><a href=\"https:\/\/centcols.org\/it\/revue-anglaise-cycle-magazine-taster-avril-mai-2020\/\" target=\"_self\" >Degustazione della rivista Cycle - aprile\/maggio 2020<\/a><\/h5>\n<\/li><li class=\"wp-block-post post-82221 post type-post status-publish format-standard hentry category-287 category-articles-de-presse-et-videos\">\n\n<div style=\"height:15px\" aria-hidden=\"true\" class=\"wp-block-spacer\"><\/div>\n\n\n<h5 class=\"wp-block-post-title\"><a href=\"https:\/\/centcols.org\/it\/magazine-velo-vert-avril-2020\/\" target=\"_self\" >Rivista V\u00e9lo Vert - Aprile 2020<\/a><\/h5>\n<\/li><li class=\"wp-block-post post-82236 post type-post status-publish format-standard hentry category-287 category-articles-de-presse-et-videos\">\n\n<div style=\"height:15px\" aria-hidden=\"true\" class=\"wp-block-spacer\"><\/div>\n\n\n<h5 class=\"wp-block-post-title\"><a href=\"https:\/\/centcols.org\/it\/cyclomag-aout-2020\/\" target=\"_self\" >Ciclomag - Agosto 2020<\/a><\/h5>\n<\/li><li class=\"wp-block-post post-82237 post type-post status-publish format-standard has-post-thumbnail hentry category-287 category-articles-de-presse-et-videos\">\n\n<div style=\"height:15px\" aria-hidden=\"true\" class=\"wp-block-spacer\"><\/div>\n\n\n<h5 class=\"wp-block-post-title\"><a href=\"https:\/\/centcols.org\/it\/sejour-de-chessy-les-mines-article-du-pays-roannais\/\" target=\"_self\" >Soggiorno a Chessy-les-Mines - Pays Roannais articolo<\/a><\/h5>\n<\/li><li class=\"wp-block-post post-82269 post type-post status-publish format-standard has-post-thumbnail hentry category-292 category-carnet-noir category-articles-de-presse-et-videos\">\n\n<div style=\"height:15px\" aria-hidden=\"true\" class=\"wp-block-spacer\"><\/div>\n\n\n<h5 class=\"wp-block-post-title\"><a href=\"https:\/\/centcols.org\/it\/jean-dejean-cc-n-1043\/\" target=\"_self\" >Jean D\u00e9jean CC n. 1043<\/a><\/h5>\n<\/li><li class=\"wp-block-post post-82288 post type-post status-publish format-standard has-post-thumbnail hentry category-292 category-articles-de-presse-et-videos\">\n\n<div style=\"height:15px\" aria-hidden=\"true\" class=\"wp-block-spacer\"><\/div>\n\n\n<h5 class=\"wp-block-post-title\"><a href=\"https:\/\/centcols.org\/it\/rassemblement-du-26-juin-2021-au-col-du-tra-article-du-dauphine-libere\/\" target=\"_self\" >Raduno del 26 giugno 2021 al Col du Tra, articolo del Dauphin\u00e9 Lib\u00e9r\u00e9<\/a><\/h5>\n<\/li><li class=\"wp-block-post post-82303 post type-post status-publish format-standard has-post-thumbnail hentry category-292 category-articles-de-presse-et-videos\">\n\n<div style=\"height:15px\" aria-hidden=\"true\" class=\"wp-block-spacer\"><\/div>\n\n\n<h5 class=\"wp-block-post-title\"><a href=\"https:\/\/centcols.org\/it\/dauphine-libere-article-du-9-aout-2021\/\" target=\"_self\" >Dauphin\u00e9 Lib\u00e9r\u00e9, articolo del 9 agosto 2021<\/a><\/h5>\n<\/li><li class=\"wp-block-post post-82346 post type-post status-publish format-standard has-post-thumbnail hentry category-296 category-revue-de-presse category-articles-de-presse-et-videos\">\n\n<div style=\"height:15px\" aria-hidden=\"true\" class=\"wp-block-spacer\"><\/div>\n\n\n<h5 class=\"wp-block-post-title\"><a href=\"https:\/\/centcols.org\/it\/des-nouvelles-de-la-bretagne-et-de-michel-fouville-qui-fait-la-une-dans-ouest-france-dimanche-3-7-2022\/\" target=\"_self\" >Notizie dalla Bretagna e da Michel Fouville sulla prima pagina di Ouest-France domenica 3\/7\/2022<\/a><\/h5>\n<\/li><li class=\"wp-block-post post-82347 post type-post status-publish format-standard hentry category-296 category-articles-de-presse-et-videos\">\n\n<div style=\"height:15px\" aria-hidden=\"true\" class=\"wp-block-spacer\"><\/div>\n\n\n<h5 class=\"wp-block-post-title\"><a href=\"https:\/\/centcols.org\/it\/anniversaire-des-50-ans-article-sur-dauphine-libere-edition-grenoble-du-30-6-2022\/\" target=\"_self\" >50\u00b0 anniversario, articolo del Dauphin\u00e9 Lib\u00e9r\u00e9 (edizione di Grenoble) del 30\/6\/2022<\/a><\/h5>\n<\/li><li class=\"wp-block-post post-82348 post type-post status-publish format-standard hentry category-296 category-articles-de-presse-et-videos\">\n\n<div style=\"height:15px\" aria-hidden=\"true\" class=\"wp-block-spacer\"><\/div>\n\n\n<h5 class=\"wp-block-post-title\"><a href=\"https:\/\/centcols.org\/it\/les-cent-cols-ont-defie-ceux-du-pays-basque\/\" target=\"_self\" >I \"Cent cols\" hanno sfidato quelli del Paese Basco<\/a><\/h5>\n<\/li><li class=\"wp-block-post post-82401 post type-post status-publish format-standard hentry category-292 category-articles-de-presse-et-videos\">\n\n<div style=\"height:15px\" aria-hidden=\"true\" class=\"wp-block-spacer\"><\/div>\n\n\n<h5 class=\"wp-block-post-title\"><a href=\"https:\/\/centcols.org\/it\/article-paru-sur-la-gazzetta-dello-sport-du-08-11-2021\/\" target=\"_self\" >Articolo pubblicato sulla Gazzetta dello Sport il 08\/11\/2021<\/a><\/h5>\n<\/li><li class=\"wp-block-post post-82402 post type-post status-publish format-standard hentry category-296 category-articles-de-presse-et-videos\">\n\n<div style=\"height:15px\" aria-hidden=\"true\" class=\"wp-block-spacer\"><\/div>\n\n\n<h5 class=\"wp-block-post-title\"><a href=\"https:\/\/centcols.org\/it\/article-paru-sur-le-dauphine-libere-du-08-11-2022\/\" target=\"_self\" >Articolo pubblicato sul Dauphin\u00e9 Liber\u00e9 l'08\/11\/2022<\/a><\/h5>\n<\/li><li class=\"wp-block-post post-82403 post type-post status-publish format-standard hentry category-296 category-articles-de-presse-et-videos\">\n\n<div style=\"height:15px\" aria-hidden=\"true\" class=\"wp-block-spacer\"><\/div>\n\n\n<h5 class=\"wp-block-post-title\"><a href=\"https:\/\/centcols.org\/it\/article-sur-cyclomag-du-09-11-2022\/\" target=\"_self\" >Articolo di Cyclomag del 09\/11\/2022<\/a><\/h5>\n<\/li><\/ul>\n\n<\/div>\n\n\n\n<p><\/p>\n<\/details>","protected":false},"excerpt":{"rendered":"<p>Qui potete trovare tutti gli articoli di stampa, i programmi radiofonici e i video dedicati al Club des Cent Cols tra il 1990 e il 2022.<\/p>","protected":false},"author":5112,"featured_media":95409,"comment_status":"closed","ping_status":"closed","sticky":false,"template":"","format":"standard","meta":{"_acf_changed":false,"footnotes":""},"categories":[133],"tags":[],"class_list":["post-95257","post","type-post","status-publish","format-standard","has-post-thumbnail","hentry","category-revue-de-presse"],"acf":[],"yoast_head":"<!-- This site is optimized with the Yoast SEO plugin v27.2 - https:\/\/yoast.com\/product\/yoast-seo-wordpress\/ -->\n<title>Revue de presse, radio &amp; vid\u00e9os \u2014 Archives - Club des Cent Cols<\/title>\n<meta name=\"robots\" content=\"index, follow, max-snippet:-1, max-image-preview:large, max-video-preview:-1\" \/>\n<link rel=\"canonical\" href=\"https:\/\/centcols.org\/it\/rassegna-stampa-radio-video-archivi\/\" \/>\n<meta property=\"og:locale\" content=\"it_IT\" \/>\n<meta property=\"og:type\" content=\"article\" \/>\n<meta property=\"og:title\" content=\"Revue de presse, radio &amp; vid\u00e9os \u2014 Archives - Club des Cent Cols\" \/>\n<meta property=\"og:description\" content=\"Retrouvez ici l&rsquo;ensemble des articles de presse, \u00e9missions de radio et vid\u00e9os consacr\u00e9s au Club des Cent Cols entre 1990 et 2022.\" \/>\n<meta property=\"og:url\" content=\"https:\/\/centcols.org\/it\/rassegna-stampa-radio-video-archivi\/\" \/>\n<meta property=\"og:site_name\" content=\"Club des Cent Cols\" \/>\n<meta property=\"article:publisher\" content=\"https:\/\/www.facebook.com\/groups\/5261880558\/?locale=fr_FR\" \/>\n<meta property=\"article:published_time\" content=\"2026-04-18T04:26:58+00:00\" \/>\n<meta property=\"article:modified_time\" content=\"2026-04-18T04:56:09+00:00\" \/>\n<meta property=\"og:image\" content=\"https:\/\/centcols.org\/wp-content\/uploads\/2026\/04\/media1.jpg\" \/>\n\t<meta property=\"og:image:width\" content=\"1000\" \/>\n\t<meta property=\"og:image:height\" content=\"667\" \/>\n\t<meta property=\"og:image:type\" content=\"image\/jpeg\" \/>\n<meta name=\"author\" content=\"R\u00e9gis Paraz\" \/>\n<meta name=\"twitter:card\" content=\"summary_large_image\" \/>\n<meta name=\"twitter:label1\" content=\"Scritto da\" \/>\n\t<meta name=\"twitter:data1\" content=\"R\u00e9gis Paraz\" \/>\n\t<meta name=\"twitter:label2\" content=\"Tempo di lettura stimato\" \/>\n\t<meta name=\"twitter:data2\" content=\"1 minuto\" \/>\n<script type=\"application\/ld+json\" class=\"yoast-schema-graph\">{\"@context\":\"https:\/\/schema.org\",\"@graph\":[{\"@type\":\"Article\",\"@id\":\"https:\/\/centcols.org\/de\/revue-de-presse-radio-videos-archives\/#article\",\"isPartOf\":{\"@id\":\"https:\/\/centcols.org\/de\/revue-de-presse-radio-videos-archives\/\"},\"author\":{\"name\":\"R\u00e9gis Paraz\",\"@id\":\"https:\/\/centcols.org\/#\/schema\/person\/6733615a03fdc98c0aef104567c81e13\"},\"headline\":\"Revue de presse, radio &amp; vid\u00e9os \u2014 Archives\",\"datePublished\":\"2026-04-18T04:26:58+00:00\",\"dateModified\":\"2026-04-18T04:56:09+00:00\",\"mainEntityOfPage\":{\"@id\":\"https:\/\/centcols.org\/de\/revue-de-presse-radio-videos-archives\/\"},\"wordCount\":36,\"publisher\":{\"@id\":\"https:\/\/centcols.org\/#organization\"},\"image\":{\"@id\":\"https:\/\/centcols.org\/de\/revue-de-presse-radio-videos-archives\/#primaryimage\"},\"thumbnailUrl\":\"https:\/\/centcols.org\/wp-content\/uploads\/2026\/04\/media1.jpg\",\"articleSection\":[\"Revue de presse\"],\"inLanguage\":\"it-IT\"},{\"@type\":\"WebPage\",\"@id\":\"https:\/\/centcols.org\/de\/revue-de-presse-radio-videos-archives\/\",\"url\":\"https:\/\/centcols.org\/de\/revue-de-presse-radio-videos-archives\/\",\"name\":\"Revue de presse, radio &amp; vid\u00e9os \u2014 Archives - Club des Cent Cols\",\"isPartOf\":{\"@id\":\"https:\/\/centcols.org\/#website\"},\"primaryImageOfPage\":{\"@id\":\"https:\/\/centcols.org\/de\/revue-de-presse-radio-videos-archives\/#primaryimage\"},\"image\":{\"@id\":\"https:\/\/centcols.org\/de\/revue-de-presse-radio-videos-archives\/#primaryimage\"},\"thumbnailUrl\":\"https:\/\/centcols.org\/wp-content\/uploads\/2026\/04\/media1.jpg\",\"datePublished\":\"2026-04-18T04:26:58+00:00\",\"dateModified\":\"2026-04-18T04:56:09+00:00\",\"breadcrumb\":{\"@id\":\"https:\/\/centcols.org\/de\/revue-de-presse-radio-videos-archives\/#breadcrumb\"},\"inLanguage\":\"it-IT\",\"potentialAction\":[{\"@type\":\"ReadAction\",\"target\":[\"https:\/\/centcols.org\/de\/revue-de-presse-radio-videos-archives\/\"]}]},{\"@type\":\"ImageObject\",\"inLanguage\":\"it-IT\",\"@id\":\"https:\/\/centcols.org\/de\/revue-de-presse-radio-videos-archives\/#primaryimage\",\"url\":\"https:\/\/centcols.org\/wp-content\/uploads\/2026\/04\/media1.jpg\",\"contentUrl\":\"https:\/\/centcols.org\/wp-content\/uploads\/2026\/04\/media1.jpg\",\"width\":1000,\"height\":667},{\"@type\":\"BreadcrumbList\",\"@id\":\"https:\/\/centcols.org\/de\/revue-de-presse-radio-videos-archives\/#breadcrumb\",\"itemListElement\":[{\"@type\":\"ListItem\",\"position\":1,\"name\":\"Accueil\",\"item\":\"https:\/\/centcols.org\/\"},{\"@type\":\"ListItem\",\"position\":2,\"name\":\"Gazette\",\"item\":\"https:\/\/centcols.org\/rubrique\/gazette\/\"},{\"@type\":\"ListItem\",\"position\":3,\"name\":\"Revue de presse\",\"item\":\"https:\/\/centcols.org\/rubrique\/gazette\/revue-de-presse\/\"},{\"@type\":\"ListItem\",\"position\":4,\"name\":\"Revue de presse, radio &amp; vid\u00e9os \u2014 Archives\"}]},{\"@type\":\"WebSite\",\"@id\":\"https:\/\/centcols.org\/#website\",\"url\":\"https:\/\/centcols.org\/\",\"name\":\"Club des Cent Cols\",\"description\":\"\",\"publisher\":{\"@id\":\"https:\/\/centcols.org\/#organization\"},\"potentialAction\":[{\"@type\":\"SearchAction\",\"target\":{\"@type\":\"EntryPoint\",\"urlTemplate\":\"https:\/\/centcols.org\/?s={search_term_string}\"},\"query-input\":{\"@type\":\"PropertyValueSpecification\",\"valueRequired\":true,\"valueName\":\"search_term_string\"}}],\"inLanguage\":\"it-IT\"},{\"@type\":\"Organization\",\"@id\":\"https:\/\/centcols.org\/#organization\",\"name\":\"Club des Cent Cols\",\"url\":\"https:\/\/centcols.org\/\",\"logo\":{\"@type\":\"ImageObject\",\"inLanguage\":\"it-IT\",\"@id\":\"https:\/\/centcols.org\/#\/schema\/logo\/image\/\",\"url\":\"https:\/\/centcols.org\/wp-content\/uploads\/2025\/01\/carte-icone.png\",\"contentUrl\":\"https:\/\/centcols.org\/wp-content\/uploads\/2025\/01\/carte-icone.png\",\"width\":250,\"height\":250,\"caption\":\"Club des Cent Cols\"},\"image\":{\"@id\":\"https:\/\/centcols.org\/#\/schema\/logo\/image\/\"},\"sameAs\":[\"https:\/\/www.facebook.com\/groups\/5261880558\/?locale=fr_FR\"]},{\"@type\":\"Person\",\"@id\":\"https:\/\/centcols.org\/#\/schema\/person\/6733615a03fdc98c0aef104567c81e13\",\"name\":\"R\u00e9gis Paraz\",\"image\":{\"@type\":\"ImageObject\",\"inLanguage\":\"it-IT\",\"@id\":\"https:\/\/centcols.org\/wp-content\/litespeed\/avatar\/e5679bd124a28f7319d109cd5c2c0dd7.jpg?ver=1777239746\",\"url\":\"https:\/\/centcols.org\/wp-content\/litespeed\/avatar\/e5679bd124a28f7319d109cd5c2c0dd7.jpg?ver=1777239746\",\"contentUrl\":\"https:\/\/centcols.org\/wp-content\/litespeed\/avatar\/e5679bd124a28f7319d109cd5c2c0dd7.jpg?ver=1777239746\",\"caption\":\"R\u00e9gis Paraz\"},\"url\":\"https:\/\/centcols.org\/it\/author\/3225\/\"}]}<\/script>\n<!-- \/ Yoast SEO plugin. -->","yoast_head_json":{"title":"Rassegna stampa, radio e video - Archivio - Club des Cent Cols","robots":{"index":"index","follow":"follow","max-snippet":"max-snippet:-1","max-image-preview":"max-image-preview:large","max-video-preview":"max-video-preview:-1"},"canonical":"https:\/\/centcols.org\/it\/rassegna-stampa-radio-video-archivi\/","og_locale":"it_IT","og_type":"article","og_title":"Revue de presse, radio &amp; vid\u00e9os \u2014 Archives - Club des Cent Cols","og_description":"Retrouvez ici l&rsquo;ensemble des articles de presse, \u00e9missions de radio et vid\u00e9os consacr\u00e9s au Club des Cent Cols entre 1990 et 2022.","og_url":"https:\/\/centcols.org\/it\/rassegna-stampa-radio-video-archivi\/","og_site_name":"Club des Cent Cols","article_publisher":"https:\/\/www.facebook.com\/groups\/5261880558\/?locale=fr_FR","article_published_time":"2026-04-18T04:26:58+00:00","article_modified_time":"2026-04-18T04:56:09+00:00","og_image":[{"width":1000,"height":667,"url":"https:\/\/centcols.org\/wp-content\/uploads\/2026\/04\/media1.jpg","type":"image\/jpeg"}],"author":"R\u00e9gis Paraz","twitter_card":"summary_large_image","twitter_misc":{"Scritto da":"R\u00e9gis Paraz","Tempo di lettura stimato":"1 minuto"},"schema":{"@context":"https:\/\/schema.org","@graph":[{"@type":"Article","@id":"https:\/\/centcols.org\/de\/revue-de-presse-radio-videos-archives\/#article","isPartOf":{"@id":"https:\/\/centcols.org\/de\/revue-de-presse-radio-videos-archives\/"},"author":{"name":"R\u00e9gis Paraz","@id":"https:\/\/centcols.org\/#\/schema\/person\/6733615a03fdc98c0aef104567c81e13"},"headline":"Revue de presse, radio &amp; vid\u00e9os \u2014 Archives","datePublished":"2026-04-18T04:26:58+00:00","dateModified":"2026-04-18T04:56:09+00:00","mainEntityOfPage":{"@id":"https:\/\/centcols.org\/de\/revue-de-presse-radio-videos-archives\/"},"wordCount":36,"publisher":{"@id":"https:\/\/centcols.org\/#organization"},"image":{"@id":"https:\/\/centcols.org\/de\/revue-de-presse-radio-videos-archives\/#primaryimage"},"thumbnailUrl":"https:\/\/centcols.org\/wp-content\/uploads\/2026\/04\/media1.jpg","articleSection":["Revue de presse"],"inLanguage":"it-IT"},{"@type":"WebPage","@id":"https:\/\/centcols.org\/de\/revue-de-presse-radio-videos-archives\/","url":"https:\/\/centcols.org\/de\/revue-de-presse-radio-videos-archives\/","name":"Rassegna stampa, radio e video - Archivio - Club des Cent Cols","isPartOf":{"@id":"https:\/\/centcols.org\/#website"},"primaryImageOfPage":{"@id":"https:\/\/centcols.org\/de\/revue-de-presse-radio-videos-archives\/#primaryimage"},"image":{"@id":"https:\/\/centcols.org\/de\/revue-de-presse-radio-videos-archives\/#primaryimage"},"thumbnailUrl":"https:\/\/centcols.org\/wp-content\/uploads\/2026\/04\/media1.jpg","datePublished":"2026-04-18T04:26:58+00:00","dateModified":"2026-04-18T04:56:09+00:00","breadcrumb":{"@id":"https:\/\/centcols.org\/de\/revue-de-presse-radio-videos-archives\/#breadcrumb"},"inLanguage":"it-IT","potentialAction":[{"@type":"ReadAction","target":["https:\/\/centcols.org\/de\/revue-de-presse-radio-videos-archives\/"]}]},{"@type":"ImageObject","inLanguage":"it-IT","@id":"https:\/\/centcols.org\/de\/revue-de-presse-radio-videos-archives\/#primaryimage","url":"https:\/\/centcols.org\/wp-content\/uploads\/2026\/04\/media1.jpg","contentUrl":"https:\/\/centcols.org\/wp-content\/uploads\/2026\/04\/media1.jpg","width":1000,"height":667},{"@type":"BreadcrumbList","@id":"https:\/\/centcols.org\/de\/revue-de-presse-radio-videos-archives\/#breadcrumb","itemListElement":[{"@type":"ListItem","position":1,"name":"Accueil","item":"https:\/\/centcols.org\/"},{"@type":"ListItem","position":2,"name":"Gazette","item":"https:\/\/centcols.org\/rubrique\/gazette\/"},{"@type":"ListItem","position":3,"name":"Revue de presse","item":"https:\/\/centcols.org\/rubrique\/gazette\/revue-de-presse\/"},{"@type":"ListItem","position":4,"name":"Revue de presse, radio &amp; vid\u00e9os \u2014 Archives"}]},{"@type":"WebSite","@id":"https:\/\/centcols.org\/#website","url":"https:\/\/centcols.org\/","name":"Club des Cent Cols","description":"","publisher":{"@id":"https:\/\/centcols.org\/#organization"},"potentialAction":[{"@type":"SearchAction","target":{"@type":"EntryPoint","urlTemplate":"https:\/\/centcols.org\/?s={search_term_string}"},"query-input":{"@type":"PropertyValueSpecification","valueRequired":true,"valueName":"search_term_string"}}],"inLanguage":"it-IT"},{"@type":"Organization","@id":"https:\/\/centcols.org\/#organization","name":"Club des Cent Cols","url":"https:\/\/centcols.org\/","logo":{"@type":"ImageObject","inLanguage":"it-IT","@id":"https:\/\/centcols.org\/#\/schema\/logo\/image\/","url":"https:\/\/centcols.org\/wp-content\/uploads\/2025\/01\/carte-icone.png","contentUrl":"https:\/\/centcols.org\/wp-content\/uploads\/2025\/01\/carte-icone.png","width":250,"height":250,"caption":"Club des Cent Cols"},"image":{"@id":"https:\/\/centcols.org\/#\/schema\/logo\/image\/"},"sameAs":["https:\/\/www.facebook.com\/groups\/5261880558\/?locale=fr_FR"]},{"@type":"Person","@id":"https:\/\/centcols.org\/#\/schema\/person\/6733615a03fdc98c0aef104567c81e13","name":"R\u00e9gis Paraz","image":{"@type":"ImageObject","inLanguage":"it-IT","@id":"https:\/\/centcols.org\/wp-content\/litespeed\/avatar\/e5679bd124a28f7319d109cd5c2c0dd7.jpg?ver=1777239746","url":"https:\/\/centcols.org\/wp-content\/litespeed\/avatar\/e5679bd124a28f7319d109cd5c2c0dd7.jpg?ver=1777239746","contentUrl":"https:\/\/centcols.org\/wp-content\/litespeed\/avatar\/e5679bd124a28f7319d109cd5c2c0dd7.jpg?ver=1777239746","caption":"R\u00e9gis Paraz"},"url":"https:\/\/centcols.org\/it\/author\/3225\/"}]}},"_links":{"self":[{"href":"https:\/\/centcols.org\/it\/wp-json\/wp\/v2\/posts\/95257","targetHints":{"allow":["GET"]}}],"collection":[{"href":"https:\/\/centcols.org\/it\/wp-json\/wp\/v2\/posts"}],"about":[{"href":"https:\/\/centcols.org\/it\/wp-json\/wp\/v2\/types\/post"}],"author":[{"embeddable":true,"href":"https:\/\/centcols.org\/it\/wp-json\/wp\/v2\/users\/5112"}],"replies":[{"embeddable":true,"href":"https:\/\/centcols.org\/it\/wp-json\/wp\/v2\/comments?post=95257"}],"version-history":[{"count":0,"href":"https:\/\/centcols.org\/it\/wp-json\/wp\/v2\/posts\/95257\/revisions"}],"wp:featuredmedia":[{"embeddable":true,"href":"https:\/\/centcols.org\/it\/wp-json\/wp\/v2\/media\/95409"}],"wp:attachment":[{"href":"https:\/\/centcols.org\/it\/wp-json\/wp\/v2\/media?parent=95257"}],"wp:term":[{"taxonomy":"category","embeddable":true,"href":"https:\/\/centcols.org\/it\/wp-json\/wp\/v2\/categories?post=95257"},{"taxonomy":"post_tag","embeddable":true,"href":"https:\/\/centcols.org\/it\/wp-json\/wp\/v2\/tags?post=95257"}],"curies":[{"name":"wp","href":"https:\/\/api.w.org\/{rel}","templated":true}]}}