{"id":95273,"date":"2000-08-13T22:25:00","date_gmt":"2000-08-13T20:25:00","guid":{"rendered":"https:\/\/centcols.org\/?p=95273"},"modified":"2026-04-17T22:26:58","modified_gmt":"2026-04-17T20:26:58","slug":"scomparsa-di-louis-nucera-2","status":"publish","type":"post","link":"https:\/\/centcols.org\/it\/disparition-de-louis-nucera-2\/","title":{"rendered":"13\/08\/00 : Morte di Louis Nucera. Michel de Br\u00e9bisson ha voluto riprodurre l'articolo di Le Monde scritto da un amico di Louis."},"content":{"rendered":"<h2 class=\"wp-block-heading\">Louis Nucera<\/h2>\n\n\n\n<h3 class=\"wp-block-heading\">La passione per la letteratura, l'amicizia e il ciclismo<\/h3>\n\n\n\n<p><strong>MERCOLEDI' 9 agosto<\/strong>Louis Nucera \u00e8 morto in bicicletta, investito da un automobilista, a Carros (Alpi Marittime), nell'entroterra di Nizza, dove aveva pedalato spesso. La bicicletta era una delle sue passioni, insieme alla letteratura e all'amicizia. I suoi amici si sentivano molto soli e abbandonati. Uno dei suoi libri migliori, Le Roi Ren\u00e9, ripercorreva la carriera di Ren\u00e9 Vietto. Era uno dei modelli di Louis, perch\u00e9 amava lo stile e il coraggio. Alla fine di ogni estate, gli chiedevo: \"Hai fatto una bella corsa? Quanti chilometri? E la seconda domanda arrivava subito: \"Quante pagine? Le due cose erano inseparabili, le prestazioni del \"campione\" e quelle dello scrittore...<\/p>\n\n\n\n<p>Nato a Nizza il 17 luglio 1928, Louis Nucera \u00e8 cresciuto con il ricordo della Prima guerra mondiale. Ascoltava religiosamente le storie che gli zii gli raccontavano all'ora di cena. Questo ha prodotto bambini molto riflessivi e sognatori. Il padre di Nucera mor\u00ec nel 1933 e la madre \"invecchi\u00f2 improvvisamente in modo irreparabile\". Questo tipo di frase riassume lo stile di Louis: scrittore molto classico, sapeva organizzare la cospirazione della grammatica e delle emozioni.<\/p>\n\n\n\n<p>Dopo la morte del padre, Luigi Nucera fu costretto a guadagnarsi da vivere, diventando \"telefonista\" in una banca. Lo stesso Jean Giono aveva lavorato in una filiale di questa banca. Era un ottimo auspicio. Nucera si dedic\u00f2 poi al giornalismo. Questo gli permise di incontrare Joseph Kessel, Georges Brassens e Jean Cocteau. I suoi maestri o i suoi mentori letterari. Mentori magici. Il primo convinse Louis Nucera che la lingua francese era una sorta di \"monastero\" in cui bisognava entrare con grande attenzione. Il secondo diede lezioni di modestia e il terzo di educazione. Cocteau diceva che bisognava cancellare dai propri testi la fatica che si era fatta per scriverli. Louis Nucera ha conservato tutte e tre le lezioni. Nei suoi romanzi (L'Ami, 1974; Avenue des Diables-Bleus, 1979; Chemin de la Lanterne, 1981; Le Kiosque \u00e0 musique, 1984; La Chanson de Maria, 1989; Le Ruban rouge, 1991...), ritraeva con delicatezza il piccolo popolo della sua citt\u00e0, il piccolo popolo di cui era l'erede. Ma si \u00e8 chiesto: perch\u00e9 \"piccolo popolo\"?<\/p>\n\n\n\n<h3 class=\"wp-block-heading\">LA GENTILEZZA DELLA DISPERAZIONE<\/h3>\n\n\n\n<p>Forse il suo libro pi\u00f9 bello \u00e8 Mes Ports d'attache, pubblicato nel 1994. In esso compie una sorta di tour degli amici perduti. Ci presenta due amanti delle passeggiate in bicicletta, Henry Miller e Vladimir Nabokov. E, naturalmente, Cocteau, Brassens e Kessel. Louis Nucera era un maestro nell'arte del ritratto. Diceva, ad esempio, che \"il volto di Kessel interpretava i movimenti del suo cuore, come il cielo e il mare interpretano i capricci del tempo\". \u00c8 superbo.<\/p>\n\n\n\n<p>Lo scorso inverno, Louis Nucera ha riunito le sue rubriche dal 1994 al 1999 sotto il titolo Une bouff\u00e9e d'air frais (Le Cherche Midi, 2000). Vi si vedeva un uomo guidato dal desiderio di ammirare, di rendere giustizia alla bellezza delle cose e a quella di certe persone. Stava facendo l'inventario delle sue passioni e preferenze. Amava le persone delicate, la gentilezza della disperazione, la pittura degli stati d'animo, il tango, l'alchimia dei sentimenti, il 18\u00b0 arrondissement, i vecchi quartieri di Nizza, i paesaggi francesi... e gli insegnanti che trasmettono ai loro alunni, dal fondo dell'aula vicino al termosifone, il gusto della lettura. Nel suo entusiasmo, Louis Nucera mescolava i vincitori del Tour de France con i campioni della letteratura. Aveva letto molto, ma non ostentava la sua erudizione. Rimaneva una questione di cuore.<\/p>\n\n\n\n<p>Le epoche sono fatte per essere denigrate\", brontolava Flaubert, quando era di cattivo umore. Louis Nucera avrebbe voluto contraddire questo pessimismo, ma guardava il nostro mondo come un moralista. E ci\u00f2 che osservava troppo spesso lo rattristava. Infatti, come non arrabbiarsi quando i discorsi di un rocker o di un presentatore televisivo sono pi\u00f9 importanti delle parole degli scrittori? Eppure, per Nucera, gli scrittori erano \"gli inviati della bellezza sulla terra\". Tuttavia, anche quando denuncia la fiera della vanit\u00e0, nelle sue pagine si respira la gioia della scrittura. Difensore e servitore della lingua francese, Louis Nucera aveva quello che noi chiamiamo stile, sia nelle lodi che nelle critiche. Al giorno d'oggi, questo non \u00e8 cos\u00ec comune.<\/p>\n\n\n\n<p><strong>Fran\u00e7ois Bott<\/strong><\/p>\n\n\n\n<blockquote class=\"wp-block-quote is-layout-flow wp-block-quote-is-layout-flow\">\n<p>Louis Nucera ha pubblicato il suo primo romanzo, L'Obstin\u00e9, nel 1970 con Julliard. La maggior parte delle sue opere \u00e8 stata successivamente pubblicata da Grasset. Ha scritto numerosi articoli per \u00abLe monde des livres\u00bb a partire dai primi anni Ottanta. Per le sue opere ha vinto numerosi premi, tra cui il Prix litt\u00e9raire de la R\u00e9sistance (1975) per Dora (Latt\u00e8s), il Prix Interalli\u00e9 (1981) per Chemin de la Lanterne, il Grand Prix de litt\u00e9rature sportive (1987) per Mes rayons de soleil e il Prix Jacques Chardonne (1991) per Le Ruban rouge. Infine, nel 1993, l'Acad\u00e9mie fran\u00e7aise gli ha assegnato il Grand Prix de litt\u00e9rature per la sua opera.<\/p>\n<\/blockquote>","protected":false},"excerpt":{"rendered":"<p>Louis Nucera La passion de la litt\u00e9rature, de l&rsquo;amiti\u00e9 et du v\u00e9lo MERCREDI 9 ao\u00fbt, Louis Nucera est mort \u00e0 bicyclette, renvers\u00e9 par un automobiliste, \u00e0 Carros (Alpes-Maritimes), dans cette arri\u00e8re-pays ni\u00e7ois qu&rsquo;il avait si souvent parcouru. Le v\u00e9lo \u00e9tait une de ses passions avec la litt\u00e9rature et l&rsquo;amiti\u00e9. Ses amis se sentent tr\u00e8s seuls [&hellip;]<\/p>\n","protected":false},"author":3,"featured_media":0,"comment_status":"closed","ping_status":"closed","sticky":false,"template":"","format":"standard","meta":{"_acf_changed":false,"footnotes":""},"categories":[476],"tags":[],"class_list":["post-95273","post","type-post","status-publish","format-standard","hentry","category-476"],"acf":[],"yoast_head":"<!-- This site is optimized with the Yoast SEO plugin v27.2 - https:\/\/yoast.com\/product\/yoast-seo-wordpress\/ -->\n<title>13\/08\/00 : disparition de Louis Nucera. Michel de Br\u00e9bisson a souhait\u00e9 faire reproduire le papier du Monde \u00e9crit par un des amis de Louis - Club des Cent Cols<\/title>\n<meta name=\"robots\" content=\"index, follow, max-snippet:-1, max-image-preview:large, max-video-preview:-1\" \/>\n<link rel=\"canonical\" href=\"https:\/\/centcols.org\/it\/scomparsa-di-louis-nucera-2\/\" \/>\n<meta property=\"og:locale\" content=\"it_IT\" \/>\n<meta property=\"og:type\" content=\"article\" \/>\n<meta property=\"og:title\" content=\"13\/08\/00 : disparition de Louis Nucera. Michel de Br\u00e9bisson a souhait\u00e9 faire reproduire le papier du Monde \u00e9crit par un des amis de Louis - Club des Cent Cols\" \/>\n<meta property=\"og:description\" content=\"Louis Nucera La passion de la litt\u00e9rature, de l&rsquo;amiti\u00e9 et du v\u00e9lo MERCREDI 9 ao\u00fbt, Louis Nucera est mort \u00e0 bicyclette, renvers\u00e9 par un automobiliste, \u00e0 Carros (Alpes-Maritimes), dans cette arri\u00e8re-pays ni\u00e7ois qu&rsquo;il avait si souvent parcouru. Le v\u00e9lo \u00e9tait une de ses passions avec la litt\u00e9rature et l&rsquo;amiti\u00e9. Ses amis se sentent tr\u00e8s seuls [&hellip;]\" \/>\n<meta property=\"og:url\" content=\"https:\/\/centcols.org\/it\/scomparsa-di-louis-nucera-2\/\" \/>\n<meta property=\"og:site_name\" content=\"Club des Cent Cols\" \/>\n<meta property=\"article:publisher\" content=\"https:\/\/www.facebook.com\/groups\/5261880558\/?locale=fr_FR\" \/>\n<meta property=\"article:published_time\" content=\"2000-08-13T20:25:00+00:00\" \/>\n<meta property=\"article:modified_time\" content=\"2026-04-17T20:26:58+00:00\" \/>\n<meta name=\"author\" content=\"Webmestre\" \/>\n<meta name=\"twitter:card\" content=\"summary_large_image\" \/>\n<meta name=\"twitter:label1\" content=\"Scritto da\" \/>\n\t<meta name=\"twitter:data1\" content=\"Webmestre\" \/>\n\t<meta name=\"twitter:label2\" content=\"Tempo di lettura stimato\" \/>\n\t<meta name=\"twitter:data2\" content=\"4 minuti\" \/>\n<script type=\"application\/ld+json\" class=\"yoast-schema-graph\">{\"@context\":\"https:\/\/schema.org\",\"@graph\":[{\"@type\":\"Article\",\"@id\":\"https:\/\/centcols.org\/es\/disparition-de-louis-nucera-2\/#article\",\"isPartOf\":{\"@id\":\"https:\/\/centcols.org\/es\/disparition-de-louis-nucera-2\/\"},\"author\":{\"name\":\"Webmestre\",\"@id\":\"https:\/\/centcols.org\/#\/schema\/person\/911b404fb133d8c913dd27cdcf71c8e5\"},\"headline\":\"13\/08\/00 : disparition de Louis Nucera. Michel de Br\u00e9bisson a souhait\u00e9 faire reproduire le papier du Monde \u00e9crit par un des amis de Louis\",\"datePublished\":\"2000-08-13T20:25:00+00:00\",\"dateModified\":\"2026-04-17T20:26:58+00:00\",\"mainEntityOfPage\":{\"@id\":\"https:\/\/centcols.org\/es\/disparition-de-louis-nucera-2\/\"},\"wordCount\":966,\"publisher\":{\"@id\":\"https:\/\/centcols.org\/#organization\"},\"articleSection\":[\"2000\"],\"inLanguage\":\"it-IT\"},{\"@type\":\"WebPage\",\"@id\":\"https:\/\/centcols.org\/es\/disparition-de-louis-nucera-2\/\",\"url\":\"https:\/\/centcols.org\/es\/disparition-de-louis-nucera-2\/\",\"name\":\"13\/08\/00 : disparition de Louis Nucera. Michel de Br\u00e9bisson a souhait\u00e9 faire reproduire le papier du Monde \u00e9crit par un des amis de Louis - Club des Cent Cols\",\"isPartOf\":{\"@id\":\"https:\/\/centcols.org\/#website\"},\"datePublished\":\"2000-08-13T20:25:00+00:00\",\"dateModified\":\"2026-04-17T20:26:58+00:00\",\"breadcrumb\":{\"@id\":\"https:\/\/centcols.org\/es\/disparition-de-louis-nucera-2\/#breadcrumb\"},\"inLanguage\":\"it-IT\",\"potentialAction\":[{\"@type\":\"ReadAction\",\"target\":[\"https:\/\/centcols.org\/es\/disparition-de-louis-nucera-2\/\"]}]},{\"@type\":\"BreadcrumbList\",\"@id\":\"https:\/\/centcols.org\/es\/disparition-de-louis-nucera-2\/#breadcrumb\",\"itemListElement\":[{\"@type\":\"ListItem\",\"position\":1,\"name\":\"Accueil\",\"item\":\"https:\/\/centcols.org\/\"},{\"@type\":\"ListItem\",\"position\":2,\"name\":\"Articles de presse et vid\u00e9os\",\"item\":\"https:\/\/centcols.org\/rubrique\/articles-de-presse-et-videos\/\"},{\"@type\":\"ListItem\",\"position\":3,\"name\":\"2000\",\"item\":\"https:\/\/centcols.org\/es\/rubrique\/articles-de-presse-et-videos\/2000\/\"},{\"@type\":\"ListItem\",\"position\":4,\"name\":\"13\/08\/00 : disparition de Louis Nucera. Michel de Br\u00e9bisson a souhait\u00e9 faire reproduire le papier du Monde \u00e9crit par un des amis de Louis\"}]},{\"@type\":\"WebSite\",\"@id\":\"https:\/\/centcols.org\/#website\",\"url\":\"https:\/\/centcols.org\/\",\"name\":\"Club des Cent Cols\",\"description\":\"\",\"publisher\":{\"@id\":\"https:\/\/centcols.org\/#organization\"},\"potentialAction\":[{\"@type\":\"SearchAction\",\"target\":{\"@type\":\"EntryPoint\",\"urlTemplate\":\"https:\/\/centcols.org\/?s={search_term_string}\"},\"query-input\":{\"@type\":\"PropertyValueSpecification\",\"valueRequired\":true,\"valueName\":\"search_term_string\"}}],\"inLanguage\":\"it-IT\"},{\"@type\":\"Organization\",\"@id\":\"https:\/\/centcols.org\/#organization\",\"name\":\"Club des Cent Cols\",\"url\":\"https:\/\/centcols.org\/\",\"logo\":{\"@type\":\"ImageObject\",\"inLanguage\":\"it-IT\",\"@id\":\"https:\/\/centcols.org\/#\/schema\/logo\/image\/\",\"url\":\"https:\/\/centcols.org\/wp-content\/uploads\/2025\/01\/carte-icone.png\",\"contentUrl\":\"https:\/\/centcols.org\/wp-content\/uploads\/2025\/01\/carte-icone.png\",\"width\":250,\"height\":250,\"caption\":\"Club des Cent Cols\"},\"image\":{\"@id\":\"https:\/\/centcols.org\/#\/schema\/logo\/image\/\"},\"sameAs\":[\"https:\/\/www.facebook.com\/groups\/5261880558\/?locale=fr_FR\"]},{\"@type\":\"Person\",\"@id\":\"https:\/\/centcols.org\/#\/schema\/person\/911b404fb133d8c913dd27cdcf71c8e5\",\"name\":\"Webmestre\",\"image\":{\"@type\":\"ImageObject\",\"inLanguage\":\"it-IT\",\"@id\":\"https:\/\/centcols.org\/wp-content\/litespeed\/avatar\/2d246e4b6b4f773e08515e1ffc53690b.jpg?ver=1777222892\",\"url\":\"https:\/\/centcols.org\/wp-content\/litespeed\/avatar\/2d246e4b6b4f773e08515e1ffc53690b.jpg?ver=1777222892\",\"contentUrl\":\"https:\/\/centcols.org\/wp-content\/litespeed\/avatar\/2d246e4b6b4f773e08515e1ffc53690b.jpg?ver=1777222892\",\"caption\":\"Webmestre\"},\"url\":\"https:\/\/centcols.org\/it\/author\/webmestre\/\"}]}<\/script>\n<!-- \/ Yoast SEO plugin. -->","yoast_head_json":{"title":"13\/08\/00 : Morte di Louis Nucera. Michel de Br\u00e9bisson ha voluto riprodurre l'articolo apparso su Le Monde scritto da uno degli amici di Louis - Club des Cent Cols","robots":{"index":"index","follow":"follow","max-snippet":"max-snippet:-1","max-image-preview":"max-image-preview:large","max-video-preview":"max-video-preview:-1"},"canonical":"https:\/\/centcols.org\/it\/scomparsa-di-louis-nucera-2\/","og_locale":"it_IT","og_type":"article","og_title":"13\/08\/00 : disparition de Louis Nucera. Michel de Br\u00e9bisson a souhait\u00e9 faire reproduire le papier du Monde \u00e9crit par un des amis de Louis - Club des Cent Cols","og_description":"Louis Nucera La passion de la litt\u00e9rature, de l&rsquo;amiti\u00e9 et du v\u00e9lo MERCREDI 9 ao\u00fbt, Louis Nucera est mort \u00e0 bicyclette, renvers\u00e9 par un automobiliste, \u00e0 Carros (Alpes-Maritimes), dans cette arri\u00e8re-pays ni\u00e7ois qu&rsquo;il avait si souvent parcouru. Le v\u00e9lo \u00e9tait une de ses passions avec la litt\u00e9rature et l&rsquo;amiti\u00e9. Ses amis se sentent tr\u00e8s seuls [&hellip;]","og_url":"https:\/\/centcols.org\/it\/scomparsa-di-louis-nucera-2\/","og_site_name":"Club des Cent Cols","article_publisher":"https:\/\/www.facebook.com\/groups\/5261880558\/?locale=fr_FR","article_published_time":"2000-08-13T20:25:00+00:00","article_modified_time":"2026-04-17T20:26:58+00:00","author":"Webmestre","twitter_card":"summary_large_image","twitter_misc":{"Scritto da":"Webmestre","Tempo di lettura stimato":"4 minuti"},"schema":{"@context":"https:\/\/schema.org","@graph":[{"@type":"Article","@id":"https:\/\/centcols.org\/es\/disparition-de-louis-nucera-2\/#article","isPartOf":{"@id":"https:\/\/centcols.org\/es\/disparition-de-louis-nucera-2\/"},"author":{"name":"Webmestre","@id":"https:\/\/centcols.org\/#\/schema\/person\/911b404fb133d8c913dd27cdcf71c8e5"},"headline":"13\/08\/00 : disparition de Louis Nucera. Michel de Br\u00e9bisson a souhait\u00e9 faire reproduire le papier du Monde \u00e9crit par un des amis de Louis","datePublished":"2000-08-13T20:25:00+00:00","dateModified":"2026-04-17T20:26:58+00:00","mainEntityOfPage":{"@id":"https:\/\/centcols.org\/es\/disparition-de-louis-nucera-2\/"},"wordCount":966,"publisher":{"@id":"https:\/\/centcols.org\/#organization"},"articleSection":["2000"],"inLanguage":"it-IT"},{"@type":"WebPage","@id":"https:\/\/centcols.org\/es\/disparition-de-louis-nucera-2\/","url":"https:\/\/centcols.org\/es\/disparition-de-louis-nucera-2\/","name":"13\/08\/00 : Morte di Louis Nucera. Michel de Br\u00e9bisson ha voluto riprodurre l'articolo apparso su Le Monde scritto da uno degli amici di Louis - Club des Cent Cols","isPartOf":{"@id":"https:\/\/centcols.org\/#website"},"datePublished":"2000-08-13T20:25:00+00:00","dateModified":"2026-04-17T20:26:58+00:00","breadcrumb":{"@id":"https:\/\/centcols.org\/es\/disparition-de-louis-nucera-2\/#breadcrumb"},"inLanguage":"it-IT","potentialAction":[{"@type":"ReadAction","target":["https:\/\/centcols.org\/es\/disparition-de-louis-nucera-2\/"]}]},{"@type":"BreadcrumbList","@id":"https:\/\/centcols.org\/es\/disparition-de-louis-nucera-2\/#breadcrumb","itemListElement":[{"@type":"ListItem","position":1,"name":"Accueil","item":"https:\/\/centcols.org\/"},{"@type":"ListItem","position":2,"name":"Articles de presse et vid\u00e9os","item":"https:\/\/centcols.org\/rubrique\/articles-de-presse-et-videos\/"},{"@type":"ListItem","position":3,"name":"2000","item":"https:\/\/centcols.org\/es\/rubrique\/articles-de-presse-et-videos\/2000\/"},{"@type":"ListItem","position":4,"name":"13\/08\/00 : disparition de Louis Nucera. Michel de Br\u00e9bisson a souhait\u00e9 faire reproduire le papier du Monde \u00e9crit par un des amis de Louis"}]},{"@type":"WebSite","@id":"https:\/\/centcols.org\/#website","url":"https:\/\/centcols.org\/","name":"Club des Cent Cols","description":"","publisher":{"@id":"https:\/\/centcols.org\/#organization"},"potentialAction":[{"@type":"SearchAction","target":{"@type":"EntryPoint","urlTemplate":"https:\/\/centcols.org\/?s={search_term_string}"},"query-input":{"@type":"PropertyValueSpecification","valueRequired":true,"valueName":"search_term_string"}}],"inLanguage":"it-IT"},{"@type":"Organization","@id":"https:\/\/centcols.org\/#organization","name":"Club des Cent Cols","url":"https:\/\/centcols.org\/","logo":{"@type":"ImageObject","inLanguage":"it-IT","@id":"https:\/\/centcols.org\/#\/schema\/logo\/image\/","url":"https:\/\/centcols.org\/wp-content\/uploads\/2025\/01\/carte-icone.png","contentUrl":"https:\/\/centcols.org\/wp-content\/uploads\/2025\/01\/carte-icone.png","width":250,"height":250,"caption":"Club des Cent Cols"},"image":{"@id":"https:\/\/centcols.org\/#\/schema\/logo\/image\/"},"sameAs":["https:\/\/www.facebook.com\/groups\/5261880558\/?locale=fr_FR"]},{"@type":"Person","@id":"https:\/\/centcols.org\/#\/schema\/person\/911b404fb133d8c913dd27cdcf71c8e5","name":"Webmaster","image":{"@type":"ImageObject","inLanguage":"it-IT","@id":"https:\/\/centcols.org\/wp-content\/litespeed\/avatar\/2d246e4b6b4f773e08515e1ffc53690b.jpg?ver=1777222892","url":"https:\/\/centcols.org\/wp-content\/litespeed\/avatar\/2d246e4b6b4f773e08515e1ffc53690b.jpg?ver=1777222892","contentUrl":"https:\/\/centcols.org\/wp-content\/litespeed\/avatar\/2d246e4b6b4f773e08515e1ffc53690b.jpg?ver=1777222892","caption":"Webmestre"},"url":"https:\/\/centcols.org\/it\/author\/webmestre\/"}]}},"_links":{"self":[{"href":"https:\/\/centcols.org\/it\/wp-json\/wp\/v2\/posts\/95273","targetHints":{"allow":["GET"]}}],"collection":[{"href":"https:\/\/centcols.org\/it\/wp-json\/wp\/v2\/posts"}],"about":[{"href":"https:\/\/centcols.org\/it\/wp-json\/wp\/v2\/types\/post"}],"author":[{"embeddable":true,"href":"https:\/\/centcols.org\/it\/wp-json\/wp\/v2\/users\/3"}],"replies":[{"embeddable":true,"href":"https:\/\/centcols.org\/it\/wp-json\/wp\/v2\/comments?post=95273"}],"version-history":[{"count":0,"href":"https:\/\/centcols.org\/it\/wp-json\/wp\/v2\/posts\/95273\/revisions"}],"wp:attachment":[{"href":"https:\/\/centcols.org\/it\/wp-json\/wp\/v2\/media?parent=95273"}],"wp:term":[{"taxonomy":"category","embeddable":true,"href":"https:\/\/centcols.org\/it\/wp-json\/wp\/v2\/categories?post=95273"},{"taxonomy":"post_tag","embeddable":true,"href":"https:\/\/centcols.org\/it\/wp-json\/wp\/v2\/tags?post=95273"}],"curies":[{"name":"wp","href":"https:\/\/api.w.org\/{rel}","templated":true}]}}