{"id":95475,"date":"2008-03-20T20:24:00","date_gmt":"2008-03-20T18:24:00","guid":{"rendered":"https:\/\/centcols.org\/?p=95475"},"modified":"2026-04-19T20:26:11","modified_gmt":"2026-04-19T18:26:11","slug":"partenza-da-parigi-pechino","status":"publish","type":"post","link":"https:\/\/centcols.org\/it\/au-depart-du-paris-pekin\/","title":{"rendered":"20\/03\/2008 I Centocoli alla partenza della Parigi-Pechino"},"content":{"rendered":"<p><a class=\"iframe-fancybox\" href=\"https:\/\/centcols.org\/voyages\/parispekin\/blog.php\" target=\"_blank\" rel=\"noopener\">Messaggi di testo dei partecipanti<\/a><\/p>\n\n\n\n<p><a class=\"iframe-fancybox\" href=\"http:\/\/centcols.org\/it\/quoi_de_neuf\/2008\/paris-pekin\/participants.htm\/\" target=\"_blank\" rel=\"noopener\">Elenco dei partecipanti<\/a><\/p>\n\n\n\n<p>Pi\u00f9 a sud, l'evento di Agay si \u00e8 concluso. Domenica 16 marzo 2008, circa 100 scalatori della regione parigina sono venuti a salutare e a dare il loro sostegno ai 19 compagni di viaggio tra i 105 ciclisti e gli organizzatori provenienti da diversi Paesi.<br>Di et\u00e0 compresa tra i 19 e i 76 anni, partono per un'avventura di 12.000 km da Parigi a Pechino.<\/p>\n\n\n\n<p>Il tempo era cupo, ma con qualche raggio di sole, e il villaggio di partenza era in fermento fin dalle prime luci dell'alba.<br>I nostri membri, tutti affilati sulle nuove biciclette assegnate a ciascuno di loro un mese fa, erano a volte sorridenti, a volte un po' nervosi, come spesso accade negli ultimi minuti prima dei grandi brevetti.<\/p>\n\n\n\n<p>Dopo una foto ufficiale davanti alla Torre Eiffel (la prossima sar\u00e0 davanti alla Grande Muraglia), \u00e8 stato difficile riunire tutti i membri per la foto di gruppo dei 100 cols come previsto, soprattutto perch\u00e9 la maggior parte di loro non si conosceva. Avranno sicuramente il tempo di rimediare durante questi 5 mesi insieme.<br>Ecco quindi alcuni ritratti di coloro che, pi\u00f9 o meno noti tra noi, potrebbero indossare i nostri colori in cima ai grandi passi del Kirghizistan o della Cina.<\/p>\n\n\n\n<p>Auguriamo loro un viaggio sicuro e il coraggio di raggiungere queste terre lontane.<\/p>\n\n\n\n<p>Didier REMOND - DT01<\/p>\n\n\n\n<p>Grazie ai vari fotografi che mi hanno inviato le loro foto: B.Mareuil, C.Proponet, Marie-Lou Cauchon.<\/p>\n\n\n\n<figure class=\"wp-block-gallery has-nested-images columns-3 is-cropped wp-block-gallery-1 is-layout-flex wp-block-gallery-is-layout-flex\">\n<figure class=\"wp-block-image size-full\"><img loading=\"lazy\" decoding=\"async\" width=\"375\" height=\"500\" data-id=\"81199\" src=\"https:\/\/centcols.org\/wp-content\/uploads\/2025\/05\/paris-pekin-23.jpg\" alt=\"\" class=\"wp-image-81199\"\/><\/figure>\n\n\n\n<figure class=\"wp-block-image size-full\"><img loading=\"lazy\" decoding=\"async\" width=\"640\" height=\"480\" data-id=\"81200\" src=\"https:\/\/centcols.org\/wp-content\/uploads\/2025\/05\/paris-pekin-24.jpg\" alt=\"\" class=\"wp-image-81200\"\/><\/figure>\n\n\n\n<figure class=\"wp-block-image size-full\"><img loading=\"lazy\" decoding=\"async\" width=\"640\" height=\"480\" data-id=\"81201\" src=\"https:\/\/centcols.org\/wp-content\/uploads\/2025\/05\/paris-pekin-25.jpg\" alt=\"\" class=\"wp-image-81201\"\/><\/figure>\n\n\n\n<figure class=\"wp-block-image size-large\"><img decoding=\"async\" src=\"https:\/\/centcols.org\/wp-content\/uploads\/2025\/05\/paris-pekin-26.jpg\" alt=\"\"\/><\/figure>\n\n\n\n<figure class=\"wp-block-image size-large\"><img decoding=\"async\" src=\"https:\/\/centcols.org\/wp-content\/uploads\/2025\/05\/paris-pekin-27.jpg\" alt=\"\"\/><\/figure>\n\n\n\n<figure class=\"wp-block-image size-full\"><img loading=\"lazy\" decoding=\"async\" width=\"640\" height=\"480\" data-id=\"81204\" src=\"https:\/\/centcols.org\/wp-content\/uploads\/2025\/05\/paris-pekin-28.jpg\" alt=\"\" class=\"wp-image-81204\"\/><\/figure>\n\n\n\n<figure class=\"wp-block-image size-full\"><img loading=\"lazy\" decoding=\"async\" width=\"640\" height=\"480\" data-id=\"81205\" src=\"https:\/\/centcols.org\/wp-content\/uploads\/2025\/05\/paris-pekin-01.jpg\" alt=\"\" class=\"wp-image-81205\"\/><\/figure>\n\n\n\n<figure class=\"wp-block-image size-large\"><img decoding=\"async\" src=\"https:\/\/centcols.org\/wp-content\/uploads\/2025\/05\/paris-pekin-02.jpg\" alt=\"\"\/><\/figure>\n\n\n\n<figure class=\"wp-block-image size-large\"><img decoding=\"async\" src=\"https:\/\/centcols.org\/wp-content\/uploads\/2025\/05\/paris-pekin-03.jpg\" alt=\"\"\/><\/figure>\n\n\n\n<figure class=\"wp-block-image size-large\"><img decoding=\"async\" src=\"https:\/\/centcols.org\/wp-content\/uploads\/2025\/05\/paris-pekin-04.jpg\" alt=\"\"\/><\/figure>\n\n\n\n<figure class=\"wp-block-image size-full\"><img decoding=\"async\" data-id=\"81211\" src=\"https:\/\/centcols.org\/wp-content\/uploads\/2025\/05\/paris-pekin-05.jpg\" alt=\"\" class=\"wp-image-81211\"\/><\/figure>\n\n\n\n<figure class=\"wp-block-image size-full\"><img decoding=\"async\" data-id=\"81212\" src=\"https:\/\/centcols.org\/wp-content\/uploads\/2025\/05\/paris-pekin-06.jpg\" alt=\"\" class=\"wp-image-81212\"\/><\/figure>\n\n\n\n<figure class=\"wp-block-image size-full\"><img decoding=\"async\" data-id=\"81213\" src=\"https:\/\/centcols.org\/wp-content\/uploads\/2025\/05\/paris-pekin-07.jpg\" alt=\"\" class=\"wp-image-81213\"\/><\/figure>\n\n\n\n<figure class=\"wp-block-image size-full\"><img decoding=\"async\" data-id=\"81214\" src=\"https:\/\/centcols.org\/wp-content\/uploads\/2025\/05\/paris-pekin-08.jpg\" alt=\"\" class=\"wp-image-81214\"\/><\/figure>\n\n\n\n<figure class=\"wp-block-image size-full\"><img decoding=\"async\" data-id=\"81215\" src=\"https:\/\/centcols.org\/wp-content\/uploads\/2025\/05\/paris-pekin-09.jpg\" alt=\"\" class=\"wp-image-81215\"\/><\/figure>\n\n\n\n<figure class=\"wp-block-image size-full\"><img decoding=\"async\" data-id=\"81216\" src=\"https:\/\/centcols.org\/wp-content\/uploads\/2025\/05\/paris-pekin-10.jpg\" alt=\"\" class=\"wp-image-81216\"\/><\/figure>\n\n\n\n<figure class=\"wp-block-image size-full\"><img decoding=\"async\" data-id=\"81217\" src=\"https:\/\/centcols.org\/wp-content\/uploads\/2025\/05\/paris-pekin-11.jpg\" alt=\"\" class=\"wp-image-81217\"\/><\/figure>\n\n\n\n<figure class=\"wp-block-image size-full\"><img decoding=\"async\" data-id=\"81218\" src=\"https:\/\/centcols.org\/wp-content\/uploads\/2025\/05\/paris-pekin-12.jpg\" alt=\"\" class=\"wp-image-81218\"\/><\/figure>\n\n\n\n<figure class=\"wp-block-image size-full\"><img decoding=\"async\" data-id=\"81219\" src=\"https:\/\/centcols.org\/wp-content\/uploads\/2025\/05\/paris-pekin-13.jpg\" alt=\"\" class=\"wp-image-81219\"\/><\/figure>\n\n\n\n<figure class=\"wp-block-image size-full\"><img decoding=\"async\" data-id=\"81220\" src=\"https:\/\/centcols.org\/wp-content\/uploads\/2025\/05\/paris-pekin-14.jpg\" alt=\"\" class=\"wp-image-81220\"\/><\/figure>\n\n\n\n<figure class=\"wp-block-image size-full\"><img decoding=\"async\" data-id=\"81221\" src=\"https:\/\/centcols.org\/wp-content\/uploads\/2025\/05\/paris-pekin-15.jpg\" alt=\"\" class=\"wp-image-81221\"\/><\/figure>\n\n\n\n<figure class=\"wp-block-image size-full\"><img decoding=\"async\" data-id=\"81222\" src=\"https:\/\/centcols.org\/wp-content\/uploads\/2025\/05\/paris-pekin-16.jpg\" alt=\"\" class=\"wp-image-81222\"\/><\/figure>\n\n\n\n<figure class=\"wp-block-image size-full\"><img decoding=\"async\" data-id=\"81223\" src=\"https:\/\/centcols.org\/wp-content\/uploads\/2025\/05\/paris-pekin-17.jpg\" alt=\"\" class=\"wp-image-81223\"\/><\/figure>\n\n\n\n<figure class=\"wp-block-image size-full\"><img decoding=\"async\" data-id=\"81224\" src=\"https:\/\/centcols.org\/wp-content\/uploads\/2025\/05\/paris-pekin-18.jpg\" alt=\"\" class=\"wp-image-81224\"\/><\/figure>\n\n\n\n<figure class=\"wp-block-image size-full\"><img decoding=\"async\" data-id=\"81225\" src=\"https:\/\/centcols.org\/wp-content\/uploads\/2025\/05\/paris-pekin-19.jpg\" alt=\"\" class=\"wp-image-81225\"\/><\/figure>\n\n\n\n<figure class=\"wp-block-image size-full\"><img decoding=\"async\" data-id=\"81226\" src=\"https:\/\/centcols.org\/wp-content\/uploads\/2025\/05\/paris-pekin-20.jpg\" alt=\"\" class=\"wp-image-81226\"\/><\/figure>\n\n\n\n<figure class=\"wp-block-image size-full\"><img decoding=\"async\" data-id=\"81199\" src=\"https:\/\/centcols.org\/wp-content\/uploads\/2025\/05\/paris-pekin-21.jpg\" alt=\"\" class=\"wp-image-81199\"\/><\/figure>\n\n\n\n<figure class=\"wp-block-image size-full\"><img decoding=\"async\" data-id=\"81200\" src=\"https:\/\/centcols.org\/wp-content\/uploads\/2025\/05\/paris-pekin-22.jpg\" alt=\"\" class=\"wp-image-81200\"\/><\/figure>\n<\/figure>","protected":false},"excerpt":{"rendered":"<p>Les texto des participants Liste des participants Alors que plus au sud le s\u00e9jour d\u2019Agay se terminait. Le dimanche 16 mars 2008, quelques 100 cols franciliens sont venir dire un au revoir et apporter leur soutien aux 19 confr\u00e8res parmi les 105 cyclos et organisateurs de diff\u00e9rents pays.\u00c2g\u00e9s de 19 \u00e0 76 ans, ils partent [&hellip;]<\/p>\n","protected":false},"author":5112,"featured_media":81212,"comment_status":"closed","ping_status":"closed","sticky":false,"template":"","format":"standard","meta":{"_acf_changed":false,"footnotes":""},"categories":[249],"tags":[],"class_list":["post-95475","post","type-post","status-publish","format-standard","has-post-thumbnail","hentry","category-249"],"acf":[],"yoast_head":"<!-- This site is optimized with the Yoast SEO plugin v27.2 - https:\/\/yoast.com\/product\/yoast-seo-wordpress\/ -->\n<title>20\/03\/2008 Les Cent-Cols au d\u00e9part du Paris-P\u00e9kin - Club des Cent Cols<\/title>\n<meta name=\"robots\" content=\"index, follow, max-snippet:-1, max-image-preview:large, max-video-preview:-1\" \/>\n<link rel=\"canonical\" href=\"https:\/\/centcols.org\/it\/partenza-da-parigi-pechino\/\" \/>\n<meta property=\"og:locale\" content=\"it_IT\" \/>\n<meta property=\"og:type\" content=\"article\" \/>\n<meta property=\"og:title\" content=\"20\/03\/2008 Les Cent-Cols au d\u00e9part du Paris-P\u00e9kin - Club des Cent Cols\" \/>\n<meta property=\"og:description\" content=\"Les texto des participants Liste des participants Alors que plus au sud le s\u00e9jour d\u2019Agay se terminait. Le dimanche 16 mars 2008, quelques 100 cols franciliens sont venir dire un au revoir et apporter leur soutien aux 19 confr\u00e8res parmi les 105 cyclos et organisateurs de diff\u00e9rents pays.\u00c2g\u00e9s de 19 \u00e0 76 ans, ils partent [&hellip;]\" \/>\n<meta property=\"og:url\" content=\"https:\/\/centcols.org\/it\/partenza-da-parigi-pechino\/\" \/>\n<meta property=\"og:site_name\" content=\"Club des Cent Cols\" \/>\n<meta property=\"article:publisher\" content=\"https:\/\/www.facebook.com\/groups\/5261880558\/?locale=fr_FR\" \/>\n<meta property=\"article:published_time\" content=\"2008-03-20T18:24:00+00:00\" \/>\n<meta property=\"article:modified_time\" content=\"2026-04-19T18:26:11+00:00\" \/>\n<meta property=\"og:image\" content=\"https:\/\/centcols.org\/wp-content\/uploads\/2025\/05\/paris-pekin-08.jpg\" \/>\n\t<meta property=\"og:image:width\" content=\"640\" \/>\n\t<meta property=\"og:image:height\" content=\"480\" \/>\n\t<meta property=\"og:image:type\" content=\"image\/jpeg\" \/>\n<meta name=\"author\" content=\"R\u00e9gis Paraz\" \/>\n<meta name=\"twitter:card\" content=\"summary_large_image\" \/>\n<meta name=\"twitter:label1\" content=\"Scritto da\" \/>\n\t<meta name=\"twitter:data1\" content=\"R\u00e9gis Paraz\" \/>\n\t<meta name=\"twitter:label2\" content=\"Tempo di lettura stimato\" \/>\n\t<meta name=\"twitter:data2\" content=\"8 minuti\" \/>\n<script type=\"application\/ld+json\" class=\"yoast-schema-graph\">{\"@context\":\"https:\/\/schema.org\",\"@graph\":[{\"@type\":\"Article\",\"@id\":\"https:\/\/centcols.org\/it\/au-depart-du-paris-pekin\/#article\",\"isPartOf\":{\"@id\":\"https:\/\/centcols.org\/it\/au-depart-du-paris-pekin\/\"},\"author\":{\"name\":\"R\u00e9gis Paraz\",\"@id\":\"https:\/\/centcols.org\/#\/schema\/person\/6733615a03fdc98c0aef104567c81e13\"},\"headline\":\"20\/03\/2008 Les Cent-Cols au d\u00e9part du Paris-P\u00e9kin\",\"datePublished\":\"2008-03-20T18:24:00+00:00\",\"dateModified\":\"2026-04-19T18:26:11+00:00\",\"mainEntityOfPage\":{\"@id\":\"https:\/\/centcols.org\/it\/au-depart-du-paris-pekin\/\"},\"wordCount\":278,\"publisher\":{\"@id\":\"https:\/\/centcols.org\/#organization\"},\"image\":{\"@id\":\"https:\/\/centcols.org\/it\/au-depart-du-paris-pekin\/#primaryimage\"},\"thumbnailUrl\":\"https:\/\/centcols.org\/wp-content\/uploads\/2025\/05\/paris-pekin-08.jpg\",\"articleSection\":[\"2008\"],\"inLanguage\":\"it-IT\"},{\"@type\":\"WebPage\",\"@id\":\"https:\/\/centcols.org\/it\/au-depart-du-paris-pekin\/\",\"url\":\"https:\/\/centcols.org\/it\/au-depart-du-paris-pekin\/\",\"name\":\"20\/03\/2008 Les Cent-Cols au d\u00e9part du Paris-P\u00e9kin - Club des Cent Cols\",\"isPartOf\":{\"@id\":\"https:\/\/centcols.org\/#website\"},\"primaryImageOfPage\":{\"@id\":\"https:\/\/centcols.org\/it\/au-depart-du-paris-pekin\/#primaryimage\"},\"image\":{\"@id\":\"https:\/\/centcols.org\/it\/au-depart-du-paris-pekin\/#primaryimage\"},\"thumbnailUrl\":\"https:\/\/centcols.org\/wp-content\/uploads\/2025\/05\/paris-pekin-08.jpg\",\"datePublished\":\"2008-03-20T18:24:00+00:00\",\"dateModified\":\"2026-04-19T18:26:11+00:00\",\"breadcrumb\":{\"@id\":\"https:\/\/centcols.org\/it\/au-depart-du-paris-pekin\/#breadcrumb\"},\"inLanguage\":\"it-IT\",\"potentialAction\":[{\"@type\":\"ReadAction\",\"target\":[\"https:\/\/centcols.org\/it\/au-depart-du-paris-pekin\/\"]}]},{\"@type\":\"ImageObject\",\"inLanguage\":\"it-IT\",\"@id\":\"https:\/\/centcols.org\/it\/au-depart-du-paris-pekin\/#primaryimage\",\"url\":\"https:\/\/centcols.org\/wp-content\/uploads\/2025\/05\/paris-pekin-08.jpg\",\"contentUrl\":\"https:\/\/centcols.org\/wp-content\/uploads\/2025\/05\/paris-pekin-08.jpg\",\"width\":640,\"height\":480},{\"@type\":\"BreadcrumbList\",\"@id\":\"https:\/\/centcols.org\/it\/au-depart-du-paris-pekin\/#breadcrumb\",\"itemListElement\":[{\"@type\":\"ListItem\",\"position\":1,\"name\":\"Accueil\",\"item\":\"https:\/\/centcols.org\/\"},{\"@type\":\"ListItem\",\"position\":2,\"name\":\"Articles de presse et vid\u00e9os\",\"item\":\"https:\/\/centcols.org\/rubrique\/articles-de-presse-et-videos\/\"},{\"@type\":\"ListItem\",\"position\":3,\"name\":\"2008\",\"item\":\"https:\/\/centcols.org\/rubrique\/articles-de-presse-et-videos\/2008\/\"},{\"@type\":\"ListItem\",\"position\":4,\"name\":\"20\/03\/2008 Les Cent-Cols au d\u00e9part du Paris-P\u00e9kin\"}]},{\"@type\":\"WebSite\",\"@id\":\"https:\/\/centcols.org\/#website\",\"url\":\"https:\/\/centcols.org\/\",\"name\":\"Club des Cent Cols\",\"description\":\"\",\"publisher\":{\"@id\":\"https:\/\/centcols.org\/#organization\"},\"potentialAction\":[{\"@type\":\"SearchAction\",\"target\":{\"@type\":\"EntryPoint\",\"urlTemplate\":\"https:\/\/centcols.org\/?s={search_term_string}\"},\"query-input\":{\"@type\":\"PropertyValueSpecification\",\"valueRequired\":true,\"valueName\":\"search_term_string\"}}],\"inLanguage\":\"it-IT\"},{\"@type\":\"Organization\",\"@id\":\"https:\/\/centcols.org\/#organization\",\"name\":\"Club des Cent Cols\",\"url\":\"https:\/\/centcols.org\/\",\"logo\":{\"@type\":\"ImageObject\",\"inLanguage\":\"it-IT\",\"@id\":\"https:\/\/centcols.org\/#\/schema\/logo\/image\/\",\"url\":\"https:\/\/centcols.org\/wp-content\/uploads\/2025\/01\/carte-icone.png\",\"contentUrl\":\"https:\/\/centcols.org\/wp-content\/uploads\/2025\/01\/carte-icone.png\",\"width\":250,\"height\":250,\"caption\":\"Club des Cent Cols\"},\"image\":{\"@id\":\"https:\/\/centcols.org\/#\/schema\/logo\/image\/\"},\"sameAs\":[\"https:\/\/www.facebook.com\/groups\/5261880558\/?locale=fr_FR\"]},{\"@type\":\"Person\",\"@id\":\"https:\/\/centcols.org\/#\/schema\/person\/6733615a03fdc98c0aef104567c81e13\",\"name\":\"R\u00e9gis Paraz\",\"image\":{\"@type\":\"ImageObject\",\"inLanguage\":\"it-IT\",\"@id\":\"https:\/\/centcols.org\/wp-content\/litespeed\/avatar\/e5679bd124a28f7319d109cd5c2c0dd7.jpg?ver=1777239746\",\"url\":\"https:\/\/centcols.org\/wp-content\/litespeed\/avatar\/e5679bd124a28f7319d109cd5c2c0dd7.jpg?ver=1777239746\",\"contentUrl\":\"https:\/\/centcols.org\/wp-content\/litespeed\/avatar\/e5679bd124a28f7319d109cd5c2c0dd7.jpg?ver=1777239746\",\"caption\":\"R\u00e9gis Paraz\"},\"url\":\"https:\/\/centcols.org\/it\/author\/3225\/\"}]}<\/script>\n<!-- \/ Yoast SEO plugin. -->","yoast_head_json":{"title":"20\/03\/2008 I Cent-Col alla partenza della Parigi-Pechino - Club des Cent Cols","robots":{"index":"index","follow":"follow","max-snippet":"max-snippet:-1","max-image-preview":"max-image-preview:large","max-video-preview":"max-video-preview:-1"},"canonical":"https:\/\/centcols.org\/it\/partenza-da-parigi-pechino\/","og_locale":"it_IT","og_type":"article","og_title":"20\/03\/2008 Les Cent-Cols au d\u00e9part du Paris-P\u00e9kin - Club des Cent Cols","og_description":"Les texto des participants Liste des participants Alors que plus au sud le s\u00e9jour d\u2019Agay se terminait. Le dimanche 16 mars 2008, quelques 100 cols franciliens sont venir dire un au revoir et apporter leur soutien aux 19 confr\u00e8res parmi les 105 cyclos et organisateurs de diff\u00e9rents pays.\u00c2g\u00e9s de 19 \u00e0 76 ans, ils partent [&hellip;]","og_url":"https:\/\/centcols.org\/it\/partenza-da-parigi-pechino\/","og_site_name":"Club des Cent Cols","article_publisher":"https:\/\/www.facebook.com\/groups\/5261880558\/?locale=fr_FR","article_published_time":"2008-03-20T18:24:00+00:00","article_modified_time":"2026-04-19T18:26:11+00:00","og_image":[{"width":640,"height":480,"url":"https:\/\/centcols.org\/wp-content\/uploads\/2025\/05\/paris-pekin-08.jpg","type":"image\/jpeg"}],"author":"R\u00e9gis Paraz","twitter_card":"summary_large_image","twitter_misc":{"Scritto da":"R\u00e9gis Paraz","Tempo di lettura stimato":"8 minuti"},"schema":{"@context":"https:\/\/schema.org","@graph":[{"@type":"Article","@id":"https:\/\/centcols.org\/it\/au-depart-du-paris-pekin\/#article","isPartOf":{"@id":"https:\/\/centcols.org\/it\/au-depart-du-paris-pekin\/"},"author":{"name":"R\u00e9gis Paraz","@id":"https:\/\/centcols.org\/#\/schema\/person\/6733615a03fdc98c0aef104567c81e13"},"headline":"20\/03\/2008 Les Cent-Cols au d\u00e9part du Paris-P\u00e9kin","datePublished":"2008-03-20T18:24:00+00:00","dateModified":"2026-04-19T18:26:11+00:00","mainEntityOfPage":{"@id":"https:\/\/centcols.org\/it\/au-depart-du-paris-pekin\/"},"wordCount":278,"publisher":{"@id":"https:\/\/centcols.org\/#organization"},"image":{"@id":"https:\/\/centcols.org\/it\/au-depart-du-paris-pekin\/#primaryimage"},"thumbnailUrl":"https:\/\/centcols.org\/wp-content\/uploads\/2025\/05\/paris-pekin-08.jpg","articleSection":["2008"],"inLanguage":"it-IT"},{"@type":"WebPage","@id":"https:\/\/centcols.org\/it\/au-depart-du-paris-pekin\/","url":"https:\/\/centcols.org\/it\/au-depart-du-paris-pekin\/","name":"20\/03\/2008 I Cent-Col alla partenza della Parigi-Pechino - Club des Cent Cols","isPartOf":{"@id":"https:\/\/centcols.org\/#website"},"primaryImageOfPage":{"@id":"https:\/\/centcols.org\/it\/au-depart-du-paris-pekin\/#primaryimage"},"image":{"@id":"https:\/\/centcols.org\/it\/au-depart-du-paris-pekin\/#primaryimage"},"thumbnailUrl":"https:\/\/centcols.org\/wp-content\/uploads\/2025\/05\/paris-pekin-08.jpg","datePublished":"2008-03-20T18:24:00+00:00","dateModified":"2026-04-19T18:26:11+00:00","breadcrumb":{"@id":"https:\/\/centcols.org\/it\/au-depart-du-paris-pekin\/#breadcrumb"},"inLanguage":"it-IT","potentialAction":[{"@type":"ReadAction","target":["https:\/\/centcols.org\/it\/au-depart-du-paris-pekin\/"]}]},{"@type":"ImageObject","inLanguage":"it-IT","@id":"https:\/\/centcols.org\/it\/au-depart-du-paris-pekin\/#primaryimage","url":"https:\/\/centcols.org\/wp-content\/uploads\/2025\/05\/paris-pekin-08.jpg","contentUrl":"https:\/\/centcols.org\/wp-content\/uploads\/2025\/05\/paris-pekin-08.jpg","width":640,"height":480},{"@type":"BreadcrumbList","@id":"https:\/\/centcols.org\/it\/au-depart-du-paris-pekin\/#breadcrumb","itemListElement":[{"@type":"ListItem","position":1,"name":"Accueil","item":"https:\/\/centcols.org\/"},{"@type":"ListItem","position":2,"name":"Articles de presse et vid\u00e9os","item":"https:\/\/centcols.org\/rubrique\/articles-de-presse-et-videos\/"},{"@type":"ListItem","position":3,"name":"2008","item":"https:\/\/centcols.org\/rubrique\/articles-de-presse-et-videos\/2008\/"},{"@type":"ListItem","position":4,"name":"20\/03\/2008 Les Cent-Cols au d\u00e9part du Paris-P\u00e9kin"}]},{"@type":"WebSite","@id":"https:\/\/centcols.org\/#website","url":"https:\/\/centcols.org\/","name":"Club des Cent Cols","description":"","publisher":{"@id":"https:\/\/centcols.org\/#organization"},"potentialAction":[{"@type":"SearchAction","target":{"@type":"EntryPoint","urlTemplate":"https:\/\/centcols.org\/?s={search_term_string}"},"query-input":{"@type":"PropertyValueSpecification","valueRequired":true,"valueName":"search_term_string"}}],"inLanguage":"it-IT"},{"@type":"Organization","@id":"https:\/\/centcols.org\/#organization","name":"Club des Cent Cols","url":"https:\/\/centcols.org\/","logo":{"@type":"ImageObject","inLanguage":"it-IT","@id":"https:\/\/centcols.org\/#\/schema\/logo\/image\/","url":"https:\/\/centcols.org\/wp-content\/uploads\/2025\/01\/carte-icone.png","contentUrl":"https:\/\/centcols.org\/wp-content\/uploads\/2025\/01\/carte-icone.png","width":250,"height":250,"caption":"Club des Cent Cols"},"image":{"@id":"https:\/\/centcols.org\/#\/schema\/logo\/image\/"},"sameAs":["https:\/\/www.facebook.com\/groups\/5261880558\/?locale=fr_FR"]},{"@type":"Person","@id":"https:\/\/centcols.org\/#\/schema\/person\/6733615a03fdc98c0aef104567c81e13","name":"R\u00e9gis Paraz","image":{"@type":"ImageObject","inLanguage":"it-IT","@id":"https:\/\/centcols.org\/wp-content\/litespeed\/avatar\/e5679bd124a28f7319d109cd5c2c0dd7.jpg?ver=1777239746","url":"https:\/\/centcols.org\/wp-content\/litespeed\/avatar\/e5679bd124a28f7319d109cd5c2c0dd7.jpg?ver=1777239746","contentUrl":"https:\/\/centcols.org\/wp-content\/litespeed\/avatar\/e5679bd124a28f7319d109cd5c2c0dd7.jpg?ver=1777239746","caption":"R\u00e9gis Paraz"},"url":"https:\/\/centcols.org\/it\/author\/3225\/"}]}},"_links":{"self":[{"href":"https:\/\/centcols.org\/it\/wp-json\/wp\/v2\/posts\/95475","targetHints":{"allow":["GET"]}}],"collection":[{"href":"https:\/\/centcols.org\/it\/wp-json\/wp\/v2\/posts"}],"about":[{"href":"https:\/\/centcols.org\/it\/wp-json\/wp\/v2\/types\/post"}],"author":[{"embeddable":true,"href":"https:\/\/centcols.org\/it\/wp-json\/wp\/v2\/users\/5112"}],"replies":[{"embeddable":true,"href":"https:\/\/centcols.org\/it\/wp-json\/wp\/v2\/comments?post=95475"}],"version-history":[{"count":0,"href":"https:\/\/centcols.org\/it\/wp-json\/wp\/v2\/posts\/95475\/revisions"}],"wp:featuredmedia":[{"embeddable":true,"href":"https:\/\/centcols.org\/it\/wp-json\/wp\/v2\/media\/81212"}],"wp:attachment":[{"href":"https:\/\/centcols.org\/it\/wp-json\/wp\/v2\/media?parent=95475"}],"wp:term":[{"taxonomy":"category","embeddable":true,"href":"https:\/\/centcols.org\/it\/wp-json\/wp\/v2\/categories?post=95475"},{"taxonomy":"post_tag","embeddable":true,"href":"https:\/\/centcols.org\/it\/wp-json\/wp\/v2\/tags?post=95475"}],"curies":[{"name":"wp","href":"https:\/\/api.w.org\/{rel}","templated":true}]}}