{"id":231,"count":42,"description":"We organiseren drie reizen per jaar naar de verschillende bergketens van West-Europa, in de lente, zomer en herfst. Aan het begin van de zomerreis is er een internationale bijeenkomst waar alle leden, of ze nu ingeschreven zijn voor de reis of niet, samen kunnen komen voor een paar goede woorden en een gezellig drankje. Tijdens de herfstreis wordt de jaarlijkse Algemene Vergadering gehouden.","link":"https:\/\/centcols.org\/nl\/rubrique\/sejours\/","name":"Vakanties met de Club des Cent Cols","slug":"blijft","taxonomy":"category","parent":0,"meta":[],"acf":[],"yoast_head":"<!-- This site is optimized with the Yoast SEO plugin v27.2 - https:\/\/yoast.com\/product\/yoast-seo-wordpress\/ -->\n<title>S\u00e9jours du Club des Cent Cols - Club des Cent Cols<\/title>\n<meta name=\"robots\" content=\"index, follow, max-snippet:-1, max-image-preview:large, max-video-preview:-1\" \/>\n<link rel=\"canonical\" href=\"https:\/\/centcols.org\/nl\/ga-naar\/blijft\/\" \/>\n<meta property=\"og:locale\" content=\"nl_BE\" \/>\n<meta property=\"og:type\" content=\"article\" \/>\n<meta property=\"og:title\" content=\"S\u00e9jours du Club des Cent Cols - Club des Cent Cols\" \/>\n<meta property=\"og:description\" content=\"Nous organisons trois s\u00e9jours annuels sur les diff\u00e9rents massifs montagneux d\u2019Europe occidentale, au printemps, en \u00e9t\u00e9 et en automne. Au d\u00e9but du s\u00e9jour d\u2019\u00e9t\u00e9, un rassemblement international permet \u00e0 tous les membres, inscrits ou non au s\u00e9jour, de se retrouver pour quelques bons mots et le pot de l\u2019amiti\u00e9. Le s\u00e9jour d\u2019automne est le s\u00e9jour qui correspond \u00e0 l\u2019organisation de l\u2019Assembl\u00e9e G\u00e9n\u00e9rale.\" \/>\n<meta property=\"og:url\" content=\"https:\/\/centcols.org\/nl\/ga-naar\/blijft\/\" \/>\n<meta property=\"og:site_name\" content=\"Club des Cent Cols\" \/>\n<meta name=\"twitter:card\" content=\"summary_large_image\" \/>\n<script type=\"application\/ld+json\" class=\"yoast-schema-graph\">{\"@context\":\"https:\/\/schema.org\",\"@graph\":[{\"@type\":\"CollectionPage\",\"@id\":\"https:\/\/centcols.org\/rubrique\/sejours\/\",\"url\":\"https:\/\/centcols.org\/rubrique\/sejours\/\",\"name\":\"S\u00e9jours du Club des Cent Cols - Club des Cent Cols\",\"isPartOf\":{\"@id\":\"https:\/\/centcols.org\/#website\"},\"breadcrumb\":{\"@id\":\"https:\/\/centcols.org\/rubrique\/sejours\/#breadcrumb\"},\"inLanguage\":\"nl-BE\"},{\"@type\":\"BreadcrumbList\",\"@id\":\"https:\/\/centcols.org\/rubrique\/sejours\/#breadcrumb\",\"itemListElement\":[{\"@type\":\"ListItem\",\"position\":1,\"name\":\"Accueil\",\"item\":\"https:\/\/centcols.org\/\"},{\"@type\":\"ListItem\",\"position\":2,\"name\":\"S\u00e9jours du Club des Cent Cols\"}]},{\"@type\":\"WebSite\",\"@id\":\"https:\/\/centcols.org\/#website\",\"url\":\"https:\/\/centcols.org\/\",\"name\":\"Club des Cent Cols\",\"description\":\"\",\"publisher\":{\"@id\":\"https:\/\/centcols.org\/#organization\"},\"potentialAction\":[{\"@type\":\"SearchAction\",\"target\":{\"@type\":\"EntryPoint\",\"urlTemplate\":\"https:\/\/centcols.org\/?s={search_term_string}\"},\"query-input\":{\"@type\":\"PropertyValueSpecification\",\"valueRequired\":true,\"valueName\":\"search_term_string\"}}],\"inLanguage\":\"nl-BE\"},{\"@type\":\"Organization\",\"@id\":\"https:\/\/centcols.org\/#organization\",\"name\":\"Club des Cent Cols\",\"url\":\"https:\/\/centcols.org\/\",\"logo\":{\"@type\":\"ImageObject\",\"inLanguage\":\"nl-BE\",\"@id\":\"https:\/\/centcols.org\/#\/schema\/logo\/image\/\",\"url\":\"https:\/\/centcols.org\/wp-content\/uploads\/2025\/01\/carte-icone.png\",\"contentUrl\":\"https:\/\/centcols.org\/wp-content\/uploads\/2025\/01\/carte-icone.png\",\"width\":250,\"height\":250,\"caption\":\"Club des Cent Cols\"},\"image\":{\"@id\":\"https:\/\/centcols.org\/#\/schema\/logo\/image\/\"},\"sameAs\":[\"https:\/\/www.facebook.com\/groups\/5261880558\/?locale=fr_FR\"]}]}<\/script>\n<!-- \/ Yoast SEO plugin. -->","yoast_head_json":{"title":"S\u00e9jours du Club des Cent Cols - Club des Cent Cols","robots":{"index":"index","follow":"follow","max-snippet":"max-snippet:-1","max-image-preview":"max-image-preview:large","max-video-preview":"max-video-preview:-1"},"canonical":"https:\/\/centcols.org\/nl\/ga-naar\/blijft\/","og_locale":"nl_BE","og_type":"article","og_title":"S\u00e9jours du Club des Cent Cols - Club des Cent Cols","og_description":"Nous organisons trois s\u00e9jours annuels sur les diff\u00e9rents massifs montagneux d\u2019Europe occidentale, au printemps, en \u00e9t\u00e9 et en automne. Au d\u00e9but du s\u00e9jour d\u2019\u00e9t\u00e9, un rassemblement international permet \u00e0 tous les membres, inscrits ou non au s\u00e9jour, de se retrouver pour quelques bons mots et le pot de l\u2019amiti\u00e9. Le s\u00e9jour d\u2019automne est le s\u00e9jour qui correspond \u00e0 l\u2019organisation de l\u2019Assembl\u00e9e G\u00e9n\u00e9rale.","og_url":"https:\/\/centcols.org\/nl\/ga-naar\/blijft\/","og_site_name":"Club des Cent Cols","twitter_card":"summary_large_image","schema":{"@context":"https:\/\/schema.org","@graph":[{"@type":"CollectionPage","@id":"https:\/\/centcols.org\/rubrique\/sejours\/","url":"https:\/\/centcols.org\/rubrique\/sejours\/","name":"Club des Cent Cols vakantie - Club des Cent Cols","isPartOf":{"@id":"https:\/\/centcols.org\/#website"},"breadcrumb":{"@id":"https:\/\/centcols.org\/rubrique\/sejours\/#breadcrumb"},"inLanguage":"nl-BE"},{"@type":"BreadcrumbList","@id":"https:\/\/centcols.org\/rubrique\/sejours\/#breadcrumb","itemListElement":[{"@type":"ListItem","position":1,"name":"Accueil","item":"https:\/\/centcols.org\/"},{"@type":"ListItem","position":2,"name":"S\u00e9jours du Club des Cent Cols"}]},{"@type":"WebSite","@id":"https:\/\/centcols.org\/#website","url":"https:\/\/centcols.org\/","name":"Club van Cent Cols","description":"","publisher":{"@id":"https:\/\/centcols.org\/#organization"},"potentialAction":[{"@type":"SearchAction","target":{"@type":"EntryPoint","urlTemplate":"https:\/\/centcols.org\/?s={search_term_string}"},"query-input":{"@type":"PropertyValueSpecification","valueRequired":true,"valueName":"search_term_string"}}],"inLanguage":"nl-BE"},{"@type":"Organization","@id":"https:\/\/centcols.org\/#organization","name":"Club van Cent Cols","url":"https:\/\/centcols.org\/","logo":{"@type":"ImageObject","inLanguage":"nl-BE","@id":"https:\/\/centcols.org\/#\/schema\/logo\/image\/","url":"https:\/\/centcols.org\/wp-content\/uploads\/2025\/01\/carte-icone.png","contentUrl":"https:\/\/centcols.org\/wp-content\/uploads\/2025\/01\/carte-icone.png","width":250,"height":250,"caption":"Club des Cent Cols"},"image":{"@id":"https:\/\/centcols.org\/#\/schema\/logo\/image\/"},"sameAs":["https:\/\/www.facebook.com\/groups\/5261880558\/?locale=fr_FR"]}]}},"_links":{"self":[{"href":"https:\/\/centcols.org\/nl\/wp-json\/wp\/v2\/categories\/231","targetHints":{"allow":["GET"]}}],"collection":[{"href":"https:\/\/centcols.org\/nl\/wp-json\/wp\/v2\/categories"}],"about":[{"href":"https:\/\/centcols.org\/nl\/wp-json\/wp\/v2\/taxonomies\/category"}],"wp:post_type":[{"href":"https:\/\/centcols.org\/nl\/wp-json\/wp\/v2\/posts?categories=231"}],"curies":[{"name":"wp","href":"https:\/\/api.w.org\/{rel}","templated":true}]}}