{"id":73135,"date":"2023-05-15T17:04:23","date_gmt":"2023-05-15T15:04:23","guid":{"rendered":"https:\/\/centcols.org\/?page_id=73135"},"modified":"2025-10-15T03:28:37","modified_gmt":"2025-10-15T01:28:37","slug":"grenspassen-en-niet-grenspassen","status":"publish","type":"post","link":"https:\/\/centcols.org\/nl\/cols-frontaliers-ou-non\/","title":{"rendered":"Alpenpassen die vroeger grensovergangen waren ... en die zo zijn geworden"},"content":{"rendered":"<p class=\"has-medium-font-size\"><strong>Een pas wordt gedefinieerd door zijn locatie op een waterscheiding. <\/strong>(LPE). Dit LPE is vaak een administratieve grens en als het een grens tussen 2 staten is, heeft de pas een \u00abtop-of-the-range\u00bb status van <strong>grenspas<\/strong>&nbsp;... en het zal in de catalogi van beide landen verschijnen.<\/p>\n\n\n\n<p class=\"has-medium-font-size\">Deze status is misschien niet permanent, want verdragen hebben in de loop van de geschiedenis grenzen verlegd.<\/p>\n\n\n\n<p class=\"has-medium-font-size\">Hier zijn een paar voorbeelden:<\/p>\n\n\n\n<div class=\"wp-block-columns is-layout-flex wp-container-core-columns-is-layout-9d6595d7 wp-block-columns-is-layout-flex\">\n<div class=\"wp-block-column is-layout-flow wp-block-column-is-layout-flow\" style=\"flex-basis:66.66%\">\n<p class=\"has-medium-font-size\"><strong>Frankrijk en Itali\u00eb :<\/strong><\/p>\n\n\n\n<p class=\"has-medium-font-size\">Met het Verdrag van Turijn (1860) en de aansluiting van het hertogdom Savoie en het graafschap Nice bij Frankrijk, hielden verschillende passen in onze Alpen op grenspassen te zijn (bijv. de Galibier en Bonette) en werden andere passen grenspassen (Mont-Cenis en Vescavo - maar dit zouden slechts grenspassen blijven tot 1946 met het Verdrag van Parijs).<\/p>\n<\/div>\n\n\n\n<div class=\"wp-block-column is-layout-flow wp-block-column-is-layout-flow\" style=\"flex-basis:33.33%\"><div class=\"wp-block-image is-resized\">\n<figure class=\"aligncenter size-full\"><img loading=\"lazy\" decoding=\"async\" width=\"563\" height=\"540\" src=\"https:\/\/centcols.org\/wp-content\/uploads\/2023\/05\/GG1.jpg\" alt=\"\" class=\"wp-image-87993\"\/><\/figure>\n<\/div><\/div>\n<\/div>\n\n\n\n<p class=\"has-medium-font-size\"><strong>Oostenrijk en Itali\u00eb :<\/strong><\/p>\n\n\n\n<p class=\"has-medium-font-size\">In 1919, met het Verdrag van Saint-Germain, werd de&nbsp;<strong>Trentin<\/strong>&nbsp;&nbsp;(Welsch-Tirol) en de&nbsp;<strong>Zuid-Tirol<\/strong>&nbsp;(S\u00fcdTirol), genaamd&nbsp;<strong>Zuid-Tirol<\/strong>&nbsp;werden door Oostenrijk aan Itali\u00eb afgestaan. (Provincies Trento en Bolzano).<\/p>\n\n\n\n<p class=\"has-medium-font-size\">&nbsp;De Stelvio is niet langer een grensovergang en de Brenner wordt er een.<\/p>\n\n\n\n<figure class=\"wp-block-image size-full is-resized\"><img loading=\"lazy\" decoding=\"async\" width=\"536\" height=\"365\" src=\"https:\/\/centcols.org\/wp-content\/uploads\/2023\/05\/Austria-Hungary_ethnic_1890.jpg\" alt=\"\" class=\"wp-image-87992\"\/><figcaption class=\"wp-element-caption\"><br><em>In rood de grens tussen Itali\u00eb en het Oostenrijks-Hongaarse Rijk (v\u00f3\u00f3r het Verdrag van Saint Germain)<\/em><br><em>Blauwe grenzen: Itali\u00eb\/Oostenrijk, Itali\u00eb\/Joegoslavi\u00eb en Oostenrijk\/Joegoslavi\u00eb (na het verdrag)<\/em><\/figcaption><\/figure>\n\n\n\n<p class=\"has-medium-font-size\"><strong>Verder naar het oosten, tussen Itali\u00eb en Joegoslavi\u00eb: <\/strong><\/p>\n\n\n\n<p class=\"has-medium-font-size\">Met het Verdrag van Saint Germain en Laye (1919) werd de grens naar het oosten verlegd en verschillende passen hielden op grenspassen te zijn (bijv. Passo di Solarie), die in 1947 met het Verdrag van Parijs weer grenspassen werden.<\/p>\n\n\n\n<p class=\"has-medium-font-size\">Anderen, zoals Preval Vr\u0161i\u010d (of Passo di Moistrocca) staken de grens alleen over tussen 1919 en 1947.<\/p>\n\n\n<div class=\"wp-block-image\">\n<figure class=\"aligncenter size-full\"><img loading=\"lazy\" decoding=\"async\" width=\"1165\" height=\"557\" src=\"https:\/\/centcols.org\/wp-content\/uploads\/2023\/05\/GG3.jpg\" alt=\"\" class=\"wp-image-87994\" srcset=\"https:\/\/centcols.org\/wp-content\/uploads\/2023\/05\/GG3.jpg 1165w, https:\/\/centcols.org\/wp-content\/uploads\/2023\/05\/GG3-768x367.jpg 768w\" sizes=\"auto, (max-width: 1165px) 100vw, 1165px\" \/><figcaption class=\"wp-element-caption\"><br><em>In rood de grens voor (links) en na (rechts) het Verdrag van Saint Germain.<\/em><\/figcaption><\/figure>\n<\/div>\n\n\n<p class=\"has-medium-font-size\">Het artikel (op de website van Cyclotouristes Grenoblois): \u00ab&nbsp;<strong><u><a href=\"https:\/\/cyclotouristes-grenoblois.assoconnect.com\/articles\/132096-ces-cols-des-alpes-qui-furent-frontaliers-et-ceux-qui-le-sont-devenus\" target=\"_blank\" rel=\"noreferrer noopener\">Alpenpassen die vroeger grensovergangen waren ... en die zo zijn geworden&nbsp;<\/a><\/u><\/strong>\u00bbEen gedetailleerd overzicht van de veranderingen die hebben plaatsgevonden langs de Alpenboog sinds 1860.<\/p>","protected":false},"excerpt":{"rendered":"<p>Un col est d\u00e9fini par sa situation sur une ligne de partage des eaux (LPE). Cette LPE est souvent une limite administrative et si celle-ci est une fronti\u00e8re entre 2 \u00e9tats, le col aura un statut \u00ab&nbsp;haut de gamme&nbsp;\u00bb de col frontalier&nbsp;\u2026 et il figurera dans le catalogue de chacun des deux pays. Ce statut [&hellip;]<\/p>\n","protected":false},"author":3,"featured_media":83794,"comment_status":"open","ping_status":"closed","sticky":false,"template":"","format":"standard","meta":{"_acf_changed":false,"footnotes":""},"categories":[89],"tags":[],"class_list":["post-73135","post","type-post","status-publish","format-standard","has-post-thumbnail","hentry","category-documentaires"],"acf":[],"yoast_head":"<!-- This site is optimized with the Yoast SEO plugin v27.2 - https:\/\/yoast.com\/product\/yoast-seo-wordpress\/ -->\n<title>Ces cols des Alpes qui furent frontaliers \u2026 et ceux qui le sont devenus - Club des Cent Cols<\/title>\n<meta name=\"robots\" content=\"index, follow, max-snippet:-1, max-image-preview:large, max-video-preview:-1\" \/>\n<link rel=\"canonical\" href=\"https:\/\/centcols.org\/nl\/grenspassen-en-niet-grenspassen\/\" \/>\n<meta property=\"og:locale\" content=\"nl_BE\" \/>\n<meta property=\"og:type\" content=\"article\" \/>\n<meta property=\"og:title\" content=\"Ces cols des Alpes qui furent frontaliers \u2026 et ceux qui le sont devenus - Club des Cent Cols\" \/>\n<meta property=\"og:description\" content=\"Un col est d\u00e9fini par sa situation sur une ligne de partage des eaux (LPE). Cette LPE est souvent une limite administrative et si celle-ci est une fronti\u00e8re entre 2 \u00e9tats, le col aura un statut \u00ab&nbsp;haut de gamme&nbsp;\u00bb de col frontalier&nbsp;\u2026 et il figurera dans le catalogue de chacun des deux pays. Ce statut [&hellip;]\" \/>\n<meta property=\"og:url\" content=\"https:\/\/centcols.org\/nl\/grenspassen-en-niet-grenspassen\/\" \/>\n<meta property=\"og:site_name\" content=\"Club des Cent Cols\" \/>\n<meta property=\"article:publisher\" content=\"https:\/\/www.facebook.com\/groups\/5261880558\/?locale=fr_FR\" \/>\n<meta property=\"article:published_time\" content=\"2023-05-15T15:04:23+00:00\" \/>\n<meta property=\"article:modified_time\" content=\"2025-10-15T01:28:37+00:00\" \/>\n<meta property=\"og:image\" content=\"https:\/\/centcols.org\/wp-content\/uploads\/2023\/05\/bonette01.jpg\" \/>\n\t<meta property=\"og:image:width\" content=\"800\" \/>\n\t<meta property=\"og:image:height\" content=\"391\" \/>\n\t<meta property=\"og:image:type\" content=\"image\/jpeg\" \/>\n<meta name=\"author\" content=\"Webmestre\" \/>\n<meta name=\"twitter:card\" content=\"summary_large_image\" \/>\n<meta name=\"twitter:label1\" content=\"Geschreven door\" \/>\n\t<meta name=\"twitter:data1\" content=\"Webmestre\" \/>\n\t<meta name=\"twitter:label2\" content=\"Geschatte leestijd\" \/>\n\t<meta name=\"twitter:data2\" content=\"3 minuten\" \/>\n<script type=\"application\/ld+json\" class=\"yoast-schema-graph\">{\"@context\":\"https:\/\/schema.org\",\"@graph\":[{\"@type\":\"Article\",\"@id\":\"https:\/\/centcols.org\/cols-frontaliers-ou-non\/#article\",\"isPartOf\":{\"@id\":\"https:\/\/centcols.org\/cols-frontaliers-ou-non\/\"},\"author\":{\"name\":\"Webmestre\",\"@id\":\"https:\/\/centcols.org\/#\/schema\/person\/911b404fb133d8c913dd27cdcf71c8e5\"},\"headline\":\"Ces cols des Alpes qui furent frontaliers \u2026 et ceux qui le sont devenus\",\"datePublished\":\"2023-05-15T15:04:23+00:00\",\"dateModified\":\"2025-10-15T01:28:37+00:00\",\"mainEntityOfPage\":{\"@id\":\"https:\/\/centcols.org\/cols-frontaliers-ou-non\/\"},\"wordCount\":371,\"commentCount\":0,\"publisher\":{\"@id\":\"https:\/\/centcols.org\/#organization\"},\"image\":{\"@id\":\"https:\/\/centcols.org\/cols-frontaliers-ou-non\/#primaryimage\"},\"thumbnailUrl\":\"https:\/\/centcols.org\/wp-content\/uploads\/2023\/05\/bonette01.jpg\",\"articleSection\":[\"Documentaires\"],\"inLanguage\":\"nl-BE\",\"potentialAction\":[{\"@type\":\"CommentAction\",\"name\":\"Comment\",\"target\":[\"https:\/\/centcols.org\/cols-frontaliers-ou-non\/#respond\"]}]},{\"@type\":\"WebPage\",\"@id\":\"https:\/\/centcols.org\/cols-frontaliers-ou-non\/\",\"url\":\"https:\/\/centcols.org\/cols-frontaliers-ou-non\/\",\"name\":\"Ces cols des Alpes qui furent frontaliers \u2026 et ceux qui le sont devenus - Club des Cent Cols\",\"isPartOf\":{\"@id\":\"https:\/\/centcols.org\/#website\"},\"primaryImageOfPage\":{\"@id\":\"https:\/\/centcols.org\/cols-frontaliers-ou-non\/#primaryimage\"},\"image\":{\"@id\":\"https:\/\/centcols.org\/cols-frontaliers-ou-non\/#primaryimage\"},\"thumbnailUrl\":\"https:\/\/centcols.org\/wp-content\/uploads\/2023\/05\/bonette01.jpg\",\"datePublished\":\"2023-05-15T15:04:23+00:00\",\"dateModified\":\"2025-10-15T01:28:37+00:00\",\"breadcrumb\":{\"@id\":\"https:\/\/centcols.org\/cols-frontaliers-ou-non\/#breadcrumb\"},\"inLanguage\":\"nl-BE\",\"potentialAction\":[{\"@type\":\"ReadAction\",\"target\":[\"https:\/\/centcols.org\/cols-frontaliers-ou-non\/\"]}]},{\"@type\":\"ImageObject\",\"inLanguage\":\"nl-BE\",\"@id\":\"https:\/\/centcols.org\/cols-frontaliers-ou-non\/#primaryimage\",\"url\":\"https:\/\/centcols.org\/wp-content\/uploads\/2023\/05\/bonette01.jpg\",\"contentUrl\":\"https:\/\/centcols.org\/wp-content\/uploads\/2023\/05\/bonette01.jpg\",\"width\":800,\"height\":391},{\"@type\":\"BreadcrumbList\",\"@id\":\"https:\/\/centcols.org\/cols-frontaliers-ou-non\/#breadcrumb\",\"itemListElement\":[{\"@type\":\"ListItem\",\"position\":1,\"name\":\"Accueil\",\"item\":\"https:\/\/centcols.org\/\"},{\"@type\":\"ListItem\",\"position\":2,\"name\":\"Gazette\",\"item\":\"https:\/\/centcols.org\/rubrique\/gazette\/\"},{\"@type\":\"ListItem\",\"position\":3,\"name\":\"Documentaires\",\"item\":\"https:\/\/centcols.org\/rubrique\/gazette\/documentaires\/\"},{\"@type\":\"ListItem\",\"position\":4,\"name\":\"Ces cols des Alpes qui furent frontaliers \u2026 et ceux qui le sont devenus\"}]},{\"@type\":\"WebSite\",\"@id\":\"https:\/\/centcols.org\/#website\",\"url\":\"https:\/\/centcols.org\/\",\"name\":\"Club des Cent Cols\",\"description\":\"\",\"publisher\":{\"@id\":\"https:\/\/centcols.org\/#organization\"},\"potentialAction\":[{\"@type\":\"SearchAction\",\"target\":{\"@type\":\"EntryPoint\",\"urlTemplate\":\"https:\/\/centcols.org\/?s={search_term_string}\"},\"query-input\":{\"@type\":\"PropertyValueSpecification\",\"valueRequired\":true,\"valueName\":\"search_term_string\"}}],\"inLanguage\":\"nl-BE\"},{\"@type\":\"Organization\",\"@id\":\"https:\/\/centcols.org\/#organization\",\"name\":\"Club des Cent Cols\",\"url\":\"https:\/\/centcols.org\/\",\"logo\":{\"@type\":\"ImageObject\",\"inLanguage\":\"nl-BE\",\"@id\":\"https:\/\/centcols.org\/#\/schema\/logo\/image\/\",\"url\":\"https:\/\/centcols.org\/wp-content\/uploads\/2025\/01\/carte-icone.png\",\"contentUrl\":\"https:\/\/centcols.org\/wp-content\/uploads\/2025\/01\/carte-icone.png\",\"width\":250,\"height\":250,\"caption\":\"Club des Cent Cols\"},\"image\":{\"@id\":\"https:\/\/centcols.org\/#\/schema\/logo\/image\/\"},\"sameAs\":[\"https:\/\/www.facebook.com\/groups\/5261880558\/?locale=fr_FR\"]},{\"@type\":\"Person\",\"@id\":\"https:\/\/centcols.org\/#\/schema\/person\/911b404fb133d8c913dd27cdcf71c8e5\",\"name\":\"Webmestre\",\"image\":{\"@type\":\"ImageObject\",\"inLanguage\":\"nl-BE\",\"@id\":\"https:\/\/centcols.org\/wp-content\/litespeed\/avatar\/2d246e4b6b4f773e08515e1ffc53690b.jpg?ver=1777222892\",\"url\":\"https:\/\/centcols.org\/wp-content\/litespeed\/avatar\/2d246e4b6b4f773e08515e1ffc53690b.jpg?ver=1777222892\",\"contentUrl\":\"https:\/\/centcols.org\/wp-content\/litespeed\/avatar\/2d246e4b6b4f773e08515e1ffc53690b.jpg?ver=1777222892\",\"caption\":\"Webmestre\"},\"url\":\"https:\/\/centcols.org\/nl\/author\/webmestre\/\"}]}<\/script>\n<!-- \/ Yoast SEO plugin. -->","yoast_head_json":{"title":"Alpenpassen die vroeger grensovergangen waren ... en die dat nu zijn - Club des Cent Cols","robots":{"index":"index","follow":"follow","max-snippet":"max-snippet:-1","max-image-preview":"max-image-preview:large","max-video-preview":"max-video-preview:-1"},"canonical":"https:\/\/centcols.org\/nl\/grenspassen-en-niet-grenspassen\/","og_locale":"nl_BE","og_type":"article","og_title":"Ces cols des Alpes qui furent frontaliers \u2026 et ceux qui le sont devenus - Club des Cent Cols","og_description":"Un col est d\u00e9fini par sa situation sur une ligne de partage des eaux (LPE). Cette LPE est souvent une limite administrative et si celle-ci est une fronti\u00e8re entre 2 \u00e9tats, le col aura un statut \u00ab&nbsp;haut de gamme&nbsp;\u00bb de col frontalier&nbsp;\u2026 et il figurera dans le catalogue de chacun des deux pays. Ce statut [&hellip;]","og_url":"https:\/\/centcols.org\/nl\/grenspassen-en-niet-grenspassen\/","og_site_name":"Club des Cent Cols","article_publisher":"https:\/\/www.facebook.com\/groups\/5261880558\/?locale=fr_FR","article_published_time":"2023-05-15T15:04:23+00:00","article_modified_time":"2025-10-15T01:28:37+00:00","og_image":[{"width":800,"height":391,"url":"https:\/\/centcols.org\/wp-content\/uploads\/2023\/05\/bonette01.jpg","type":"image\/jpeg"}],"author":"Webmestre","twitter_card":"summary_large_image","twitter_misc":{"Geschreven door":"Webmestre","Geschatte leestijd":"3 minuten"},"schema":{"@context":"https:\/\/schema.org","@graph":[{"@type":"Article","@id":"https:\/\/centcols.org\/cols-frontaliers-ou-non\/#article","isPartOf":{"@id":"https:\/\/centcols.org\/cols-frontaliers-ou-non\/"},"author":{"name":"Webmestre","@id":"https:\/\/centcols.org\/#\/schema\/person\/911b404fb133d8c913dd27cdcf71c8e5"},"headline":"Ces cols des Alpes qui furent frontaliers \u2026 et ceux qui le sont devenus","datePublished":"2023-05-15T15:04:23+00:00","dateModified":"2025-10-15T01:28:37+00:00","mainEntityOfPage":{"@id":"https:\/\/centcols.org\/cols-frontaliers-ou-non\/"},"wordCount":371,"commentCount":0,"publisher":{"@id":"https:\/\/centcols.org\/#organization"},"image":{"@id":"https:\/\/centcols.org\/cols-frontaliers-ou-non\/#primaryimage"},"thumbnailUrl":"https:\/\/centcols.org\/wp-content\/uploads\/2023\/05\/bonette01.jpg","articleSection":["Documentaires"],"inLanguage":"nl-BE","potentialAction":[{"@type":"CommentAction","name":"Comment","target":["https:\/\/centcols.org\/cols-frontaliers-ou-non\/#respond"]}]},{"@type":"WebPage","@id":"https:\/\/centcols.org\/cols-frontaliers-ou-non\/","url":"https:\/\/centcols.org\/cols-frontaliers-ou-non\/","name":"Alpenpassen die vroeger grensovergangen waren ... en die dat nu zijn - Club des Cent Cols","isPartOf":{"@id":"https:\/\/centcols.org\/#website"},"primaryImageOfPage":{"@id":"https:\/\/centcols.org\/cols-frontaliers-ou-non\/#primaryimage"},"image":{"@id":"https:\/\/centcols.org\/cols-frontaliers-ou-non\/#primaryimage"},"thumbnailUrl":"https:\/\/centcols.org\/wp-content\/uploads\/2023\/05\/bonette01.jpg","datePublished":"2023-05-15T15:04:23+00:00","dateModified":"2025-10-15T01:28:37+00:00","breadcrumb":{"@id":"https:\/\/centcols.org\/cols-frontaliers-ou-non\/#breadcrumb"},"inLanguage":"nl-BE","potentialAction":[{"@type":"ReadAction","target":["https:\/\/centcols.org\/cols-frontaliers-ou-non\/"]}]},{"@type":"ImageObject","inLanguage":"nl-BE","@id":"https:\/\/centcols.org\/cols-frontaliers-ou-non\/#primaryimage","url":"https:\/\/centcols.org\/wp-content\/uploads\/2023\/05\/bonette01.jpg","contentUrl":"https:\/\/centcols.org\/wp-content\/uploads\/2023\/05\/bonette01.jpg","width":800,"height":391},{"@type":"BreadcrumbList","@id":"https:\/\/centcols.org\/cols-frontaliers-ou-non\/#breadcrumb","itemListElement":[{"@type":"ListItem","position":1,"name":"Accueil","item":"https:\/\/centcols.org\/"},{"@type":"ListItem","position":2,"name":"Gazette","item":"https:\/\/centcols.org\/rubrique\/gazette\/"},{"@type":"ListItem","position":3,"name":"Documentaires","item":"https:\/\/centcols.org\/rubrique\/gazette\/documentaires\/"},{"@type":"ListItem","position":4,"name":"Ces cols des Alpes qui furent frontaliers \u2026 et ceux qui le sont devenus"}]},{"@type":"WebSite","@id":"https:\/\/centcols.org\/#website","url":"https:\/\/centcols.org\/","name":"Club van Cent Cols","description":"","publisher":{"@id":"https:\/\/centcols.org\/#organization"},"potentialAction":[{"@type":"SearchAction","target":{"@type":"EntryPoint","urlTemplate":"https:\/\/centcols.org\/?s={search_term_string}"},"query-input":{"@type":"PropertyValueSpecification","valueRequired":true,"valueName":"search_term_string"}}],"inLanguage":"nl-BE"},{"@type":"Organization","@id":"https:\/\/centcols.org\/#organization","name":"Club van Cent Cols","url":"https:\/\/centcols.org\/","logo":{"@type":"ImageObject","inLanguage":"nl-BE","@id":"https:\/\/centcols.org\/#\/schema\/logo\/image\/","url":"https:\/\/centcols.org\/wp-content\/uploads\/2025\/01\/carte-icone.png","contentUrl":"https:\/\/centcols.org\/wp-content\/uploads\/2025\/01\/carte-icone.png","width":250,"height":250,"caption":"Club des Cent Cols"},"image":{"@id":"https:\/\/centcols.org\/#\/schema\/logo\/image\/"},"sameAs":["https:\/\/www.facebook.com\/groups\/5261880558\/?locale=fr_FR"]},{"@type":"Person","@id":"https:\/\/centcols.org\/#\/schema\/person\/911b404fb133d8c913dd27cdcf71c8e5","name":"Webmaster","image":{"@type":"ImageObject","inLanguage":"nl-BE","@id":"https:\/\/centcols.org\/wp-content\/litespeed\/avatar\/2d246e4b6b4f773e08515e1ffc53690b.jpg?ver=1777222892","url":"https:\/\/centcols.org\/wp-content\/litespeed\/avatar\/2d246e4b6b4f773e08515e1ffc53690b.jpg?ver=1777222892","contentUrl":"https:\/\/centcols.org\/wp-content\/litespeed\/avatar\/2d246e4b6b4f773e08515e1ffc53690b.jpg?ver=1777222892","caption":"Webmestre"},"url":"https:\/\/centcols.org\/nl\/author\/webmestre\/"}]}},"_links":{"self":[{"href":"https:\/\/centcols.org\/nl\/wp-json\/wp\/v2\/posts\/73135","targetHints":{"allow":["GET"]}}],"collection":[{"href":"https:\/\/centcols.org\/nl\/wp-json\/wp\/v2\/posts"}],"about":[{"href":"https:\/\/centcols.org\/nl\/wp-json\/wp\/v2\/types\/post"}],"author":[{"embeddable":true,"href":"https:\/\/centcols.org\/nl\/wp-json\/wp\/v2\/users\/3"}],"replies":[{"embeddable":true,"href":"https:\/\/centcols.org\/nl\/wp-json\/wp\/v2\/comments?post=73135"}],"version-history":[{"count":0,"href":"https:\/\/centcols.org\/nl\/wp-json\/wp\/v2\/posts\/73135\/revisions"}],"wp:featuredmedia":[{"embeddable":true,"href":"https:\/\/centcols.org\/nl\/wp-json\/wp\/v2\/media\/83794"}],"wp:attachment":[{"href":"https:\/\/centcols.org\/nl\/wp-json\/wp\/v2\/media?parent=73135"}],"wp:term":[{"taxonomy":"category","embeddable":true,"href":"https:\/\/centcols.org\/nl\/wp-json\/wp\/v2\/categories?post=73135"},{"taxonomy":"post_tag","embeddable":true,"href":"https:\/\/centcols.org\/nl\/wp-json\/wp\/v2\/tags?post=73135"}],"curies":[{"name":"wp","href":"https:\/\/api.w.org\/{rel}","templated":true}]}}