{"id":79453,"date":"2025-02-05T10:05:39","date_gmt":"2025-02-05T08:05:39","guid":{"rendered":"https:\/\/centcols.org\/le-port-du-casque-obligatoire-a-velo\/"},"modified":"2025-10-15T03:35:28","modified_gmt":"2025-10-15T01:35:28","slug":"helmen-moeten-worden-gedragen-tijdens-het-fietsen","status":"publish","type":"post","link":"https:\/\/centcols.org\/nl\/le-port-du-casque-obligatoire-a-velo\/","title":{"rendered":"Is het dragen van een helm tijdens het fietsen verplicht?"},"content":{"rendered":"<p>Onlangs (januari 2022) kwam in de Franse Senaat de vraag aan de orde om de verplichting om een helm te dragen, die momenteel alleen verplicht is voor kinderen tot 12 jaar, uit te breiden naar alle fietsers.<\/p>\n\n\n\n<p>Als fietser die al jaren een helm draagt, was mijn eerste ingeving om \u00abja, natuurlijk\u00bb te zeggen. Want, zoals ik persoonlijk heb ervaren tijdens een val, het dragen van een helm verbetert duidelijk de veiligheid van fietsers. Hoewel het geen absolute bescherming is (helmen zijn licht), zal naarmate het aantal fietsers toeneemt - en dat is wat er op dit moment gebeurt - hun veiligheid een belangrijk en terugkerend onderwerp worden.<\/p>\n\n\n\n<p>Ik vroeg me zelfs af hoe iemand tegen het dragen van helmen kon zijn: we zetten dagelijks <br>schoenen om je voeten te beschermen en draag je geen helm om je hoofd te beschermen als je fietst?<\/p>\n\n\n\n<p>Tot mijn grote verbazing vond ik na wat onderzoek een aantal goede redenen:<\/p>\n\n\n\n<ol class=\"wp-block-list\">\n<li>Ongevallenstudies tonen aan dat de overgrote meerderheid van de hoofdletsels bij fietsers (met uitzondering van mountainbikers) wordt veroorzaakt door zijdelingse botsingen (motorvoertuigen), waarvoor het dragen van een helm weinig nut heeft.<br><\/li>\n\n\n\n<li>Landen met een lange cultuur van dagelijks fietsen (Nederland, Denemarken en Duitsland bijvoorbeeld) hebben helmen niet verplicht gesteld. Daar moet een reden voor zijn!<br><\/li>\n\n\n\n<li>Drie landen in de wereld hebben het verplicht gesteld: Australi\u00eb, Nieuw-Zeeland en enkele provincies in Canada. Het resultaat is ten eerste dat het aantal ongelukken niet is gedaald (dat is natuurlijk reden 1), maar vooral dat het fietsen is gedaald.<br>Het is het tegenovergestelde van wat we zoeken: op onze straten en wegen zijn 1.000 fietsers zonder helm beter dan 1.000 automobilisten, en de voordelen van fietsen (in termen van volksgezondheid versus een zittende levensstijl, of het verminderen van vervuiling) wegen veel zwaarder dan de risico's.<br><br>De conclusie ligt voor de hand: <strong>JA tegen het dragen van een helm,<\/strong> op individuele basis, <strong>NEE tegen haar verplichting<\/strong>.<\/li>\n<\/ol>\n\n\n\n<p class=\"has-text-align-right\">Denis Chouquet-Stringer<br>CCC 6183<br>April 2022<\/p>","protected":false},"excerpt":{"rendered":"<p>La question s\u2019est pos\u00e9e r\u00e9cemment (janvier 2022) au s\u00e9nat fran\u00e7ais d\u2019\u00e9tendre \u00e0 tous les cyclistes l&rsquo;obligation du port du casque, actuellement exig\u00e9 uniquement pour les enfants jusqu\u2019\u00e0 12 ans. En tant que pratiquant, cyclotouriste, casqu\u00e9 depuis des ann\u00e9es, ma premi\u00e8re intuition a \u00e9t\u00e9 de r\u00e9pondre \u00ab oui, bien s\u00fbr \u00bb. Car, j\u2019en ai fait l\u2019exp\u00e9rience [&hellip;]<\/p>\n","protected":false},"author":3,"featured_media":84379,"comment_status":"open","ping_status":"closed","sticky":false,"template":"","format":"standard","meta":{"_acf_changed":false,"footnotes":""},"categories":[445],"tags":[],"class_list":["post-79453","post","type-post","status-publish","format-standard","has-post-thumbnail","hentry","category-tribune"],"acf":[],"yoast_head":"<!-- This site is optimized with the Yoast SEO plugin v27.2 - https:\/\/yoast.com\/product\/yoast-seo-wordpress\/ -->\n<title>Le port du casque obligatoire \u00e0 v\u00e9lo ? - Club des Cent Cols<\/title>\n<meta name=\"robots\" content=\"index, follow, max-snippet:-1, max-image-preview:large, max-video-preview:-1\" \/>\n<link rel=\"canonical\" href=\"https:\/\/centcols.org\/nl\/helmen-moeten-worden-gedragen-tijdens-het-fietsen\/\" \/>\n<meta property=\"og:locale\" content=\"nl_BE\" \/>\n<meta property=\"og:type\" content=\"article\" \/>\n<meta property=\"og:title\" content=\"Le port du casque obligatoire \u00e0 v\u00e9lo ? - Club des Cent Cols\" \/>\n<meta property=\"og:description\" content=\"La question s\u2019est pos\u00e9e r\u00e9cemment (janvier 2022) au s\u00e9nat fran\u00e7ais d\u2019\u00e9tendre \u00e0 tous les cyclistes l&rsquo;obligation du port du casque, actuellement exig\u00e9 uniquement pour les enfants jusqu\u2019\u00e0 12 ans. En tant que pratiquant, cyclotouriste, casqu\u00e9 depuis des ann\u00e9es, ma premi\u00e8re intuition a \u00e9t\u00e9 de r\u00e9pondre \u00ab oui, bien s\u00fbr \u00bb. Car, j\u2019en ai fait l\u2019exp\u00e9rience [&hellip;]\" \/>\n<meta property=\"og:url\" content=\"https:\/\/centcols.org\/nl\/helmen-moeten-worden-gedragen-tijdens-het-fietsen\/\" \/>\n<meta property=\"og:site_name\" content=\"Club des Cent Cols\" \/>\n<meta property=\"article:publisher\" content=\"https:\/\/www.facebook.com\/groups\/5261880558\/?locale=fr_FR\" \/>\n<meta property=\"article:published_time\" content=\"2025-02-05T08:05:39+00:00\" \/>\n<meta property=\"article:modified_time\" content=\"2025-10-15T01:35:28+00:00\" \/>\n<meta property=\"og:image\" content=\"https:\/\/centcols.org\/wp-content\/uploads\/2025\/02\/casques.jpg\" \/>\n\t<meta property=\"og:image:width\" content=\"900\" \/>\n\t<meta property=\"og:image:height\" content=\"491\" \/>\n\t<meta property=\"og:image:type\" content=\"image\/jpeg\" \/>\n<meta name=\"author\" content=\"Webmestre\" \/>\n<meta name=\"twitter:card\" content=\"summary_large_image\" \/>\n<meta name=\"twitter:label1\" content=\"Geschreven door\" \/>\n\t<meta name=\"twitter:data1\" content=\"Webmestre\" \/>\n\t<meta name=\"twitter:label2\" content=\"Geschatte leestijd\" \/>\n\t<meta name=\"twitter:data2\" content=\"2 minuten\" \/>\n<script type=\"application\/ld+json\" class=\"yoast-schema-graph\">{\"@context\":\"https:\/\/schema.org\",\"@graph\":[{\"@type\":\"Article\",\"@id\":\"https:\/\/centcols.org\/le-port-du-casque-obligatoire-a-velo\/#article\",\"isPartOf\":{\"@id\":\"https:\/\/centcols.org\/le-port-du-casque-obligatoire-a-velo\/\"},\"author\":{\"name\":\"Webmestre\",\"@id\":\"https:\/\/centcols.org\/#\/schema\/person\/911b404fb133d8c913dd27cdcf71c8e5\"},\"headline\":\"Le port du casque obligatoire \u00e0 v\u00e9lo ?\",\"datePublished\":\"2025-02-05T08:05:39+00:00\",\"dateModified\":\"2025-10-15T01:35:28+00:00\",\"mainEntityOfPage\":{\"@id\":\"https:\/\/centcols.org\/le-port-du-casque-obligatoire-a-velo\/\"},\"wordCount\":390,\"commentCount\":0,\"publisher\":{\"@id\":\"https:\/\/centcols.org\/#organization\"},\"image\":{\"@id\":\"https:\/\/centcols.org\/le-port-du-casque-obligatoire-a-velo\/#primaryimage\"},\"thumbnailUrl\":\"https:\/\/centcols.org\/wp-content\/uploads\/2025\/02\/casques.jpg\",\"articleSection\":[\"Tribune\"],\"inLanguage\":\"nl-BE\",\"potentialAction\":[{\"@type\":\"CommentAction\",\"name\":\"Comment\",\"target\":[\"https:\/\/centcols.org\/le-port-du-casque-obligatoire-a-velo\/#respond\"]}]},{\"@type\":\"WebPage\",\"@id\":\"https:\/\/centcols.org\/le-port-du-casque-obligatoire-a-velo\/\",\"url\":\"https:\/\/centcols.org\/le-port-du-casque-obligatoire-a-velo\/\",\"name\":\"Le port du casque obligatoire \u00e0 v\u00e9lo ? - Club des Cent Cols\",\"isPartOf\":{\"@id\":\"https:\/\/centcols.org\/#website\"},\"primaryImageOfPage\":{\"@id\":\"https:\/\/centcols.org\/le-port-du-casque-obligatoire-a-velo\/#primaryimage\"},\"image\":{\"@id\":\"https:\/\/centcols.org\/le-port-du-casque-obligatoire-a-velo\/#primaryimage\"},\"thumbnailUrl\":\"https:\/\/centcols.org\/wp-content\/uploads\/2025\/02\/casques.jpg\",\"datePublished\":\"2025-02-05T08:05:39+00:00\",\"dateModified\":\"2025-10-15T01:35:28+00:00\",\"breadcrumb\":{\"@id\":\"https:\/\/centcols.org\/le-port-du-casque-obligatoire-a-velo\/#breadcrumb\"},\"inLanguage\":\"nl-BE\",\"potentialAction\":[{\"@type\":\"ReadAction\",\"target\":[\"https:\/\/centcols.org\/le-port-du-casque-obligatoire-a-velo\/\"]}]},{\"@type\":\"ImageObject\",\"inLanguage\":\"nl-BE\",\"@id\":\"https:\/\/centcols.org\/le-port-du-casque-obligatoire-a-velo\/#primaryimage\",\"url\":\"https:\/\/centcols.org\/wp-content\/uploads\/2025\/02\/casques.jpg\",\"contentUrl\":\"https:\/\/centcols.org\/wp-content\/uploads\/2025\/02\/casques.jpg\",\"width\":900,\"height\":491},{\"@type\":\"BreadcrumbList\",\"@id\":\"https:\/\/centcols.org\/le-port-du-casque-obligatoire-a-velo\/#breadcrumb\",\"itemListElement\":[{\"@type\":\"ListItem\",\"position\":1,\"name\":\"Accueil\",\"item\":\"https:\/\/centcols.org\/\"},{\"@type\":\"ListItem\",\"position\":2,\"name\":\"Gazette\",\"item\":\"https:\/\/centcols.org\/rubrique\/gazette\/\"},{\"@type\":\"ListItem\",\"position\":3,\"name\":\"Tribune\",\"item\":\"https:\/\/centcols.org\/rubrique\/gazette\/tribune\/\"},{\"@type\":\"ListItem\",\"position\":4,\"name\":\"Le port du casque obligatoire \u00e0 v\u00e9lo ?\"}]},{\"@type\":\"WebSite\",\"@id\":\"https:\/\/centcols.org\/#website\",\"url\":\"https:\/\/centcols.org\/\",\"name\":\"Club des Cent Cols\",\"description\":\"\",\"publisher\":{\"@id\":\"https:\/\/centcols.org\/#organization\"},\"potentialAction\":[{\"@type\":\"SearchAction\",\"target\":{\"@type\":\"EntryPoint\",\"urlTemplate\":\"https:\/\/centcols.org\/?s={search_term_string}\"},\"query-input\":{\"@type\":\"PropertyValueSpecification\",\"valueRequired\":true,\"valueName\":\"search_term_string\"}}],\"inLanguage\":\"nl-BE\"},{\"@type\":\"Organization\",\"@id\":\"https:\/\/centcols.org\/#organization\",\"name\":\"Club des Cent Cols\",\"url\":\"https:\/\/centcols.org\/\",\"logo\":{\"@type\":\"ImageObject\",\"inLanguage\":\"nl-BE\",\"@id\":\"https:\/\/centcols.org\/#\/schema\/logo\/image\/\",\"url\":\"https:\/\/centcols.org\/wp-content\/uploads\/2025\/01\/carte-icone.png\",\"contentUrl\":\"https:\/\/centcols.org\/wp-content\/uploads\/2025\/01\/carte-icone.png\",\"width\":250,\"height\":250,\"caption\":\"Club des Cent Cols\"},\"image\":{\"@id\":\"https:\/\/centcols.org\/#\/schema\/logo\/image\/\"},\"sameAs\":[\"https:\/\/www.facebook.com\/groups\/5261880558\/?locale=fr_FR\"]},{\"@type\":\"Person\",\"@id\":\"https:\/\/centcols.org\/#\/schema\/person\/911b404fb133d8c913dd27cdcf71c8e5\",\"name\":\"Webmestre\",\"image\":{\"@type\":\"ImageObject\",\"inLanguage\":\"nl-BE\",\"@id\":\"https:\/\/centcols.org\/wp-content\/litespeed\/avatar\/2d246e4b6b4f773e08515e1ffc53690b.jpg?ver=1777222892\",\"url\":\"https:\/\/centcols.org\/wp-content\/litespeed\/avatar\/2d246e4b6b4f773e08515e1ffc53690b.jpg?ver=1777222892\",\"contentUrl\":\"https:\/\/centcols.org\/wp-content\/litespeed\/avatar\/2d246e4b6b4f773e08515e1ffc53690b.jpg?ver=1777222892\",\"caption\":\"Webmestre\"},\"url\":\"https:\/\/centcols.org\/nl\/author\/webmestre\/\"}]}<\/script>\n<!-- \/ Yoast SEO plugin. -->","yoast_head_json":{"title":"Is het dragen van een helm verplicht bij het fietsen? - Club van Cent Cols","robots":{"index":"index","follow":"follow","max-snippet":"max-snippet:-1","max-image-preview":"max-image-preview:large","max-video-preview":"max-video-preview:-1"},"canonical":"https:\/\/centcols.org\/nl\/helmen-moeten-worden-gedragen-tijdens-het-fietsen\/","og_locale":"nl_BE","og_type":"article","og_title":"Le port du casque obligatoire \u00e0 v\u00e9lo ? - Club des Cent Cols","og_description":"La question s\u2019est pos\u00e9e r\u00e9cemment (janvier 2022) au s\u00e9nat fran\u00e7ais d\u2019\u00e9tendre \u00e0 tous les cyclistes l&rsquo;obligation du port du casque, actuellement exig\u00e9 uniquement pour les enfants jusqu\u2019\u00e0 12 ans. En tant que pratiquant, cyclotouriste, casqu\u00e9 depuis des ann\u00e9es, ma premi\u00e8re intuition a \u00e9t\u00e9 de r\u00e9pondre \u00ab oui, bien s\u00fbr \u00bb. Car, j\u2019en ai fait l\u2019exp\u00e9rience [&hellip;]","og_url":"https:\/\/centcols.org\/nl\/helmen-moeten-worden-gedragen-tijdens-het-fietsen\/","og_site_name":"Club des Cent Cols","article_publisher":"https:\/\/www.facebook.com\/groups\/5261880558\/?locale=fr_FR","article_published_time":"2025-02-05T08:05:39+00:00","article_modified_time":"2025-10-15T01:35:28+00:00","og_image":[{"width":900,"height":491,"url":"https:\/\/centcols.org\/wp-content\/uploads\/2025\/02\/casques.jpg","type":"image\/jpeg"}],"author":"Webmestre","twitter_card":"summary_large_image","twitter_misc":{"Geschreven door":"Webmestre","Geschatte leestijd":"2 minuten"},"schema":{"@context":"https:\/\/schema.org","@graph":[{"@type":"Article","@id":"https:\/\/centcols.org\/le-port-du-casque-obligatoire-a-velo\/#article","isPartOf":{"@id":"https:\/\/centcols.org\/le-port-du-casque-obligatoire-a-velo\/"},"author":{"name":"Webmestre","@id":"https:\/\/centcols.org\/#\/schema\/person\/911b404fb133d8c913dd27cdcf71c8e5"},"headline":"Le port du casque obligatoire \u00e0 v\u00e9lo ?","datePublished":"2025-02-05T08:05:39+00:00","dateModified":"2025-10-15T01:35:28+00:00","mainEntityOfPage":{"@id":"https:\/\/centcols.org\/le-port-du-casque-obligatoire-a-velo\/"},"wordCount":390,"commentCount":0,"publisher":{"@id":"https:\/\/centcols.org\/#organization"},"image":{"@id":"https:\/\/centcols.org\/le-port-du-casque-obligatoire-a-velo\/#primaryimage"},"thumbnailUrl":"https:\/\/centcols.org\/wp-content\/uploads\/2025\/02\/casques.jpg","articleSection":["Tribune"],"inLanguage":"nl-BE","potentialAction":[{"@type":"CommentAction","name":"Comment","target":["https:\/\/centcols.org\/le-port-du-casque-obligatoire-a-velo\/#respond"]}]},{"@type":"WebPage","@id":"https:\/\/centcols.org\/le-port-du-casque-obligatoire-a-velo\/","url":"https:\/\/centcols.org\/le-port-du-casque-obligatoire-a-velo\/","name":"Is het dragen van een helm verplicht bij het fietsen? - Club van Cent Cols","isPartOf":{"@id":"https:\/\/centcols.org\/#website"},"primaryImageOfPage":{"@id":"https:\/\/centcols.org\/le-port-du-casque-obligatoire-a-velo\/#primaryimage"},"image":{"@id":"https:\/\/centcols.org\/le-port-du-casque-obligatoire-a-velo\/#primaryimage"},"thumbnailUrl":"https:\/\/centcols.org\/wp-content\/uploads\/2025\/02\/casques.jpg","datePublished":"2025-02-05T08:05:39+00:00","dateModified":"2025-10-15T01:35:28+00:00","breadcrumb":{"@id":"https:\/\/centcols.org\/le-port-du-casque-obligatoire-a-velo\/#breadcrumb"},"inLanguage":"nl-BE","potentialAction":[{"@type":"ReadAction","target":["https:\/\/centcols.org\/le-port-du-casque-obligatoire-a-velo\/"]}]},{"@type":"ImageObject","inLanguage":"nl-BE","@id":"https:\/\/centcols.org\/le-port-du-casque-obligatoire-a-velo\/#primaryimage","url":"https:\/\/centcols.org\/wp-content\/uploads\/2025\/02\/casques.jpg","contentUrl":"https:\/\/centcols.org\/wp-content\/uploads\/2025\/02\/casques.jpg","width":900,"height":491},{"@type":"BreadcrumbList","@id":"https:\/\/centcols.org\/le-port-du-casque-obligatoire-a-velo\/#breadcrumb","itemListElement":[{"@type":"ListItem","position":1,"name":"Accueil","item":"https:\/\/centcols.org\/"},{"@type":"ListItem","position":2,"name":"Gazette","item":"https:\/\/centcols.org\/rubrique\/gazette\/"},{"@type":"ListItem","position":3,"name":"Tribune","item":"https:\/\/centcols.org\/rubrique\/gazette\/tribune\/"},{"@type":"ListItem","position":4,"name":"Le port du casque obligatoire \u00e0 v\u00e9lo ?"}]},{"@type":"WebSite","@id":"https:\/\/centcols.org\/#website","url":"https:\/\/centcols.org\/","name":"Club van Cent Cols","description":"","publisher":{"@id":"https:\/\/centcols.org\/#organization"},"potentialAction":[{"@type":"SearchAction","target":{"@type":"EntryPoint","urlTemplate":"https:\/\/centcols.org\/?s={search_term_string}"},"query-input":{"@type":"PropertyValueSpecification","valueRequired":true,"valueName":"search_term_string"}}],"inLanguage":"nl-BE"},{"@type":"Organization","@id":"https:\/\/centcols.org\/#organization","name":"Club van Cent Cols","url":"https:\/\/centcols.org\/","logo":{"@type":"ImageObject","inLanguage":"nl-BE","@id":"https:\/\/centcols.org\/#\/schema\/logo\/image\/","url":"https:\/\/centcols.org\/wp-content\/uploads\/2025\/01\/carte-icone.png","contentUrl":"https:\/\/centcols.org\/wp-content\/uploads\/2025\/01\/carte-icone.png","width":250,"height":250,"caption":"Club des Cent Cols"},"image":{"@id":"https:\/\/centcols.org\/#\/schema\/logo\/image\/"},"sameAs":["https:\/\/www.facebook.com\/groups\/5261880558\/?locale=fr_FR"]},{"@type":"Person","@id":"https:\/\/centcols.org\/#\/schema\/person\/911b404fb133d8c913dd27cdcf71c8e5","name":"Webmaster","image":{"@type":"ImageObject","inLanguage":"nl-BE","@id":"https:\/\/centcols.org\/wp-content\/litespeed\/avatar\/2d246e4b6b4f773e08515e1ffc53690b.jpg?ver=1777222892","url":"https:\/\/centcols.org\/wp-content\/litespeed\/avatar\/2d246e4b6b4f773e08515e1ffc53690b.jpg?ver=1777222892","contentUrl":"https:\/\/centcols.org\/wp-content\/litespeed\/avatar\/2d246e4b6b4f773e08515e1ffc53690b.jpg?ver=1777222892","caption":"Webmestre"},"url":"https:\/\/centcols.org\/nl\/author\/webmestre\/"}]}},"_links":{"self":[{"href":"https:\/\/centcols.org\/nl\/wp-json\/wp\/v2\/posts\/79453","targetHints":{"allow":["GET"]}}],"collection":[{"href":"https:\/\/centcols.org\/nl\/wp-json\/wp\/v2\/posts"}],"about":[{"href":"https:\/\/centcols.org\/nl\/wp-json\/wp\/v2\/types\/post"}],"author":[{"embeddable":true,"href":"https:\/\/centcols.org\/nl\/wp-json\/wp\/v2\/users\/3"}],"replies":[{"embeddable":true,"href":"https:\/\/centcols.org\/nl\/wp-json\/wp\/v2\/comments?post=79453"}],"version-history":[{"count":0,"href":"https:\/\/centcols.org\/nl\/wp-json\/wp\/v2\/posts\/79453\/revisions"}],"wp:featuredmedia":[{"embeddable":true,"href":"https:\/\/centcols.org\/nl\/wp-json\/wp\/v2\/media\/84379"}],"wp:attachment":[{"href":"https:\/\/centcols.org\/nl\/wp-json\/wp\/v2\/media?parent=79453"}],"wp:term":[{"taxonomy":"category","embeddable":true,"href":"https:\/\/centcols.org\/nl\/wp-json\/wp\/v2\/categories?post=79453"},{"taxonomy":"post_tag","embeddable":true,"href":"https:\/\/centcols.org\/nl\/wp-json\/wp\/v2\/tags?post=79453"}],"curies":[{"name":"wp","href":"https:\/\/api.w.org\/{rel}","templated":true}]}}