{"id":79467,"date":"2025-02-05T10:06:51","date_gmt":"2025-02-05T08:06:51","guid":{"rendered":"https:\/\/centcols.org\/de-briancon-a-lizoard-puis-saint-veran\/"},"modified":"2025-09-13T07:29:20","modified_gmt":"2025-09-13T05:29:20","slug":"van-briancon-naar-lizoard-en-dan-naar-saint-veran","status":"publish","type":"post","link":"https:\/\/centcols.org\/nl\/de-briancon-a-lizoard-puis-saint-veran\/","title":{"rendered":"Van Brian\u00e7on naar Izoard, dan Saint-V\u00e9ran"},"content":{"rendered":"<p class=\"has-medium-font-size\"><strong>Zaterdag 5 augustus,<\/strong><\/p>\n\n\n\n<p class=\"has-medium-font-size\">Einde van ons verblijf in Le Grand-Bornand. Dit weekend was zeker het meest<br>druk op de Franse wegen. Bison-Fut\u00e9 ziet de donkere kant, maar wij zien de rooskleurige kant - het leven van een echte gepensioneerde. In plaats van naar Valence, de A9 en de Rh\u00f4ne-vallei, gaan we zaterdagochtend naar de Hautes-Alpes, met Brian\u00e7on aan de voet van de Izoard als ons eerste doel. <\/p>\n\n\n\n<p class=\"has-medium-font-size\">Morgen, zondag, zal het verkeer vloeiender zijn, dus laten we het beste van de dag maken door een wandeling te maken over de binnenwegen.<\/p>\n\n\n\n<div class=\"wp-block-columns is-layout-flex wp-container-core-columns-is-layout-9d6595d7 wp-block-columns-is-layout-flex\">\n<div class=\"wp-block-column is-layout-flow wp-block-column-is-layout-flow\" style=\"flex-basis:50%\">\n<p>In plaats van naar Valence, de A9 en de Rh\u00f4ne-vallei, gaan we deze zaterdagochtend naar de Hautes-Alpes, met Brian\u00e7on aan de voet van de Izoard als ons eerste doel.<\/p>\n\n\n\n<p>Morgen, zondag, zal het verkeer vloeiender zijn, dus laten we het beste van de dag maken door een wandeling te maken over de binnenwegen.<\/p>\n\n\n\n<p>Voorlopig rijden we door het Val Sulens, via Saint-F\u00e9reol, als afscheid van de route die ik deze zomer zo vaak heb afgelegd.<\/p>\n\n\n\n<p>Na Albertville neemt de GPS het over. De finish staat gepland voor Brian\u00e7on rond 10.40 uur. Dat is een beetje laat om de Col de l'Izoard aan te pakken,<br>maar het is haalbaar met de mogelijkheid van verfrissingen<br>naar de schuilplaats van Napol\u00e9on, bijna bovenaan de pas.<\/p>\n<\/div>\n\n\n\n<div class=\"wp-block-column is-layout-flow wp-block-column-is-layout-flow\" style=\"flex-basis:50%\">\n<figure class=\"wp-block-image size-full is-resized\"><img loading=\"lazy\" decoding=\"async\" width=\"355\" height=\"496\" src=\"https:\/\/centcols.org\/wp-content\/uploads\/2025\/02\/Eglise-Val-Sulens-2.jpg\" alt=\"\" class=\"wp-image-79471\"\/><figcaption class=\"wp-element-caption\">De kerk van Serraval in Val Sulens<\/figcaption><\/figure>\n<\/div>\n<\/div>\n\n\n\n<div class=\"wp-block-group\"><div class=\"wp-block-group__inner-container is-layout-flow wp-block-group-is-layout-flow\">\n<p class=\"has-medium-font-size\">Hallo Itali\u00eb, hallo Bardonecchia. We kunnen wel zeggen dat we op de terugweg van vakantie een omweg hebben gemaakt naar Itali\u00eb. Hoe chic! Het duurde maar twintig minuten, genoeg tijd om te beseffen dat de Alpen veel verder reiken dan onze grenzen. En zodra we de stad verlieten, kreeg de weg de <strong>col de l'Echelle<\/strong> die ons terugbrengt naar Frankrijk. Er is geen grens meer, maar de staat van de weg is duidelijk genoeg om ons te ori\u00ebnteren. Smalle, hobbelige weg, wachten op subsidies en dan ineens een mooi wegdek, wegmarkeringen, een bredere weg. Dit is Frankrijk dat de rode loper voor ons uitrolt. Zelfs de begroeiing is in orde.<br><br>Na de nogal dorre transalpiene helling slingert de weg zich door een goed bebost bos dat is overgenomen door picknickers. Het is nu middag en hoewel onze plannen zijn gedwarsboomd, komt er toch nog iets goeds uit het onverwachte, want hier zijn we in de <strong>De vallei van Clar\u00e9e<\/strong>. Ik denk al jaren na over deze vallei, sinds februari 1980 om precies te zijn. Waarom zoveel precisie? Dankzij GMP<br>weer.<\/p>\n<\/div><\/div>\n\n\n\n<p class=\"has-medium-font-size\">Bij die gelegenheid beklom ik de <strong>Vars doorgeven<\/strong> op de fiets, in de zon, in een kristalhelder landschap, en ik wees op het BPF voor deze pas. Wat heeft dit te maken met de Clar\u00e9e-vallei? Ik ben er geweest. Ik herinner me dat ik een van de eerste boeken las, of liever verslond, dat een nieuw venster op de literatuur opende, dat van de streekroman. Het was \u00abLa soupe aux herbes sauvages\u00bb van Emilie Carles. Ik herinner me nog steeds die momenten die ik doorbracht in de zon van een kamer met lambrisering, met de geur van hout, achter een raam met uitzicht op de besneeuwde bergen. De ochtendzon op de sneeuw, de warmte, de zachtheid van een bergg\u00eete en de getuigenis van Emilie Carles, vaandeldrager in een strijd om de Clar\u00e9e-vallei te verdedigen, zij een gepensioneerde berglerares en ik een jonge lerares in die tijd. Het is iets wat je nooit vergeet.<\/p>\n\n\n\n<p class=\"has-medium-font-size\">Hier zijn we dan. Aan de voet van de pas gaan we rechtsaf richting de <strong>Hoge Clar\u00e9e-vallei<\/strong>, Het is een heel eind van Brian\u00e7on. Gezien de tijd is het te laat om nog voor de lunch te rijden, dus nu we hier toch zijn, kunnen we net zo goed de plaats bezoeken en ervan genieten. We bereiken het einde van de vallei, waar de weg ophoudt voor automobilisten. De rest is aan de wandelaars, en tegen de tijd dat we de volle parkeerplaats bereiken, zijn velen van hen al op pad gegaan. <\/p>\n\n\n\n<p class=\"has-medium-font-size\">\u00c0 <strong>N\u00e9vache<\/strong> vonden we onze gelukkige plek in een weiland, aan de oever van de Clar\u00e9e, die op slechts vijf meter van ons stroomt. De herberg ligt aan de andere kant van de weg en de serveerster draagt onze borden in deze bucolische omgeving, onze voeten in het gras, de valleibodem die in de verte verdwijnt, de bergen met hun steile, steenachtige hellingen aan de ene kant, de beek vlakbij, die ons deze weldadige koelte biedt, vergezeld van een welkom briesje. Op dit moment, zaterdagmiddag, denken we aan de Rh\u00f4nevallei, die zeker geblokkeerd wordt door temperaturen die de 40\u00b0C naderen. We voelen ons zo thuis hier aan deze kant van de wereld! Wat de hitte betreft, die zie ik niet zitten met het oog op wat ons te wachten staat. En daar kwam ik al snel achter toen, nadat we onze weg richting Brian\u00e7on hadden hervat, de thermometer onvermijdelijk steeg naarmate de weg afdaalde. Bij Val-des-Pr\u00e9s was het bijna 38\u00b0C en bij Brian\u00e7on bereikte het 40\u00b0C.<br><\/p>\n\n\n<div class=\"wp-block-image is-resized\">\n<figure class=\"aligncenter size-full\"><img loading=\"lazy\" decoding=\"async\" width=\"517\" height=\"365\" src=\"https:\/\/centcols.org\/wp-content\/uploads\/2025\/02\/Briancon-1.jpg\" alt=\"\" class=\"wp-image-79470\"\/><figcaption class=\"wp-element-caption\">Brian\u00e7on, gezien vanaf de eerste hellingen van de Isoard<\/figcaption><\/figure>\n<\/div>\n\n\n<p class=\"has-medium-font-size\">Le <strong>col d'Izoard <\/strong>begint zodra je de stad verlaat. En vanaf de eerste omwentelingen van het stuur valt de straf. Ik had moeten zeggen: zet mijn fiets in de oven in plaats van erop te stappen, want de hitte is zo verstikkend, net als in een oven. Het enige positieve punt was dat de wind gunstig stond. Ik vind het jammer voor deze ene keer, want op de zeldzame momenten dat het tegenzit, voel ik een schijn van koelte die me een beetje opvrolijkt. Maar het duurt niet lang. I<br>Ik speel met mijn computer en geef kilometers en hoogtewinst weer. Ik aarzel om de<br>Temperatuur, ik ben te bang om mijn moreel voorgoed te verliezen. En toch ben ik hier. 39\u00b0C, en dan blijft het met tienden stijgen. Ik ook, en de helling is niet erg vergevingsgezind. Ik heb besloten te stoppen bij 40\u00b0C. Bij 41\u00b0C zeg ik tegen mezelf dat ik gek ben, vorige maand 64 jaar geworden, het is niet verstandig, ik ben niet jong meer. Bij 41,2\u00b0C zet ik mijn meter op het uur. Het heeft geen zin om naar de temperatuur op het display te blijven kijken, het werkt demotiverend. Ik besef dat de hitte moeilijk te verdragen is. Mijn kan water, arm ding, is net als ik, een kwartier geleden nog lauw, maar nu is het een echte bouillon, een smakeloze kruidenthee. Opeens, o wonder, wat schaduw! Het is niet dat het ineens lekker is, het is gewoon wat beter, niet het gevoel hebben dat de zon je huid verbrandt, twee of drie graden verliezen, dat is het begin van geluk. Bovendien lijkt de helling zachter te worden. De kilometers tikken voorbij, in slow motion natuurlijk, maar met elke kilometer die van het totaal wordt afgetrokken, neemt de hoop toe, ook al verzwakt het lichaam. <\/p>\n\n\n\n<p class=\"has-medium-font-size\">Verleden <strong>Cervi\u00e8res <\/strong>Ik heb eindelijk mijn kruissnelheid gevonden, die schommelt tussen 10 en 12 km\/u. Een beetje schaduw en een paar haarspeldbochten breken de eentonigheid van de klim en bieden stukken waar de wind de fietser afwisselend duwt of afkoelt. Het wordt een automatisme. In de verte is de top te zien. De grens van 2000 meter is nu gepasseerd. De laatste paar switchbacks lijken krapper en de helling steiler. Hoe dan ook, hier is de schuilhut van Napol\u00e9on. Ik stop hier om van het bergbriesje te genieten.<\/p>\n\n\n\n<p class=\"has-medium-font-size\">Bij navraag blijkt er een souvenirwinkel boven aan de pas te zijn, dus daar zal ik mijn BPF valideren. De laatste kilometer is een waar genot, het gevoel de race te hebben gewonnen, het doel te hebben bereikt, een lang gekoesterd project te hebben verwezenlijkt.<br><\/p>\n\n\n<div class=\"wp-block-image is-resized\">\n<figure class=\"aligncenter size-full\"><img loading=\"lazy\" decoding=\"async\" width=\"502\" height=\"393\" src=\"https:\/\/centcols.org\/wp-content\/uploads\/2025\/02\/Isoard-1.jpg\" alt=\"\" class=\"wp-image-79469\"\/><figcaption class=\"wp-element-caption\">In de laatste kilometer van de Col de l'Isoard - 2360 meter<\/figcaption><\/figure>\n<\/div>\n\n\n<p class=\"has-medium-font-size\">Het is klaar, het zit in de tas. Nu gaan we genieten. Het uitzicht is prachtig aan beide zijden van de pas. Aan de linkerkant staat een gedateerde stele uit 1934, een herinnering aan passerende toeristen dat deze prachtige Alpenroute de vrucht is van menselijke arbeid en dat deze passen waar wij zweten voor onze ontspanning, anderen daar zwoegden om hun brood te verdienen. Het panorama is uitzonderlijk, met deze vlakke, gladde bergen, bedekt met een soort zand, die in een rechte, glooiende lijn naar het dal afdalen, alsof alles volgens plan verloopt.<br>glijdend naar de bodem. Hellingen alleen voor koorddansers, met af en toe een lijdende boom die zich vastklampt, of rotsen die de lucht in wijzen en door hun stijfheid de erosie lijken te trotseren. En het beste moet nog komen. <\/p>\n\n\n\n<p class=\"has-medium-font-size\">Zodra de afdaling begint, komt de Casse D\u00e9serte site in zicht, een mineraal landschap waar erosie alles op zijn weg heeft gerold en duizelingwekkende steile hellingen heeft gevormd met daarboven een schaars bos van grillige pieken.<br>Enkele van de mooiste pagina's van de Tour de France zijn op deze hellingen geschreven. Een gedenksteen van campionissimo Fausto Coppi en kampioen Louison Bobet herinnert voorbijgangers hieraan. <\/p>\n\n\n\n<figure class=\"wp-block-gallery aligncenter has-nested-images columns-default is-cropped wp-block-gallery-1 is-layout-flex wp-block-gallery-is-layout-flex\">\n<figure class=\"wp-block-image size-full\"><img loading=\"lazy\" decoding=\"async\" width=\"441\" height=\"333\" data-id=\"79468\" src=\"https:\/\/centcols.org\/wp-content\/uploads\/2025\/02\/Casse-deserte.jpg\" alt=\"\" class=\"wp-image-79468\"\/><figcaption class=\"wp-element-caption\">La Casse d\u00e9serte<\/figcaption><\/figure>\n\n\n\n<figure class=\"wp-block-image size-full\"><img loading=\"lazy\" decoding=\"async\" width=\"432\" height=\"325\" data-id=\"79472\" src=\"https:\/\/centcols.org\/wp-content\/uploads\/2025\/02\/Stele-Coppi-Bobet-1.jpg\" alt=\"\" class=\"wp-image-79472\"\/><figcaption class=\"wp-element-caption\">De stele van Coppi en Bobet<\/figcaption><\/figure>\n<\/figure>\n\n\n\n<p class=\"has-medium-font-size\">De afdaling naar Brunissard en vervolgens Arvieux is als inzoomen op de valleibodem. Het is ook een moment van herstel en snelheid dat het gevoel van hitte verzacht.<br><\/p>\n\n\n\n<p class=\"has-medium-font-size\">Maar een splitsing in de weg betekent al het einde van de speeltijd. Hier is de vallei van de Guil, waar ik omhoog klim voordat ik rechtsaf sla richting <strong>Saint-V\u00e9ran<\/strong>. Tussen haakjes, <strong>Ch\u00e2teau-Queyras<\/strong> biedt een prachtig uitzicht op het middeleeuwse kasteel, waar Vauban opnieuw regeerde.<br><\/p>\n\n\n<div class=\"wp-block-image is-resized\">\n<figure class=\"aligncenter size-full\"><img loading=\"lazy\" decoding=\"async\" width=\"500\" height=\"339\" src=\"https:\/\/centcols.org\/wp-content\/uploads\/2025\/02\/Chateau-Queyras.jpg\" alt=\"\" class=\"wp-image-90025\" srcset=\"https:\/\/centcols.org\/wp-content\/uploads\/2025\/02\/Chateau-Queyras.jpg 500w, https:\/\/centcols.org\/wp-content\/uploads\/2025\/02\/Chateau-Queyras-18x12.jpg 18w\" sizes=\"auto, (max-width: 500px) 100vw, 500px\" \/><figcaption class=\"wp-element-caption\">Chateau-Queyras<\/figcaption><\/figure>\n<\/div>\n\n\n<p class=\"has-medium-font-size\">Ik weet dat <strong>St-V\u00e9ran<\/strong> is de hoogste gemeente van Europa op meer dan 2000 meter hoogte. Ik heb het snel uitgerekend, vanaf 2360 meter bij l'Izoard en na 15 kilometer afdaling zou ik op ongeveer 1000 meter hoogte moeten zijn, dus ik moet nog ongeveer 1000 meter klimmen.<br><\/p>\n\n\n\n<p class=\"has-medium-font-size\">Gezien de staat van frisheid van de man, ga ik mijn beklimming van Golgotha, mijn kruisweg in het kort, maar vrijwillig toestemmen. Later zullen herinneringen de episode verfraaien. Je moet iets vinden om je te motiveren als de zon op je rug staat te schijnen, als je benen de pedalen intrappen en de weg in slow motion voorbij gaat, als elke bocht waarachter je je hoop stelt, de moeilijkheid alleen maar vergroot.<br><\/p>\n\n\n\n<p class=\"has-medium-font-size\">Wat kun je zeggen over Queyras? Ik kan de wijn niet ophemelen, mijn oordeel zou te subjectief zijn. Toch zou ik de schoonheid omschrijven als sober, dor en mineraal. De zon be\u00efnvloedt me natuurlijk, maar je moet begrijpen waar ik vandaan kom, Grand-Bornand, Haute-Savoie, met zijn brede, groene valleien, toegankelijke, beboste bergen en vriendelijke wegen waar ik 's ochtends altijd langs reed. Nu is het bijna 17.00 uur en zit ik al bijna 4 uur op het asfalt, als op een grill. Ik zou niet zeggen dat ik zweet, in feite druppel ik water, het zweet maakt kleine stroompjes langs mijn schenen. Mijn benen gloeien koperrood, net als na een douche. Op dit punt ga ik het redden, ik ga vooruit, als een duif in de regen, onverstoord door de elementen. Ik ga naar boven, naar dat dorp waar ik eindelijk de huizen boven de leegte kan zien uitsteken. <\/p>\n\n\n\n<p class=\"has-medium-font-size\">En de laatste twee kilometer zijn het zwaarst, niet alleen vanwege de staat van de fietser, maar ook echt het steilst.<\/p>\n\n\n<div class=\"wp-block-image\">\n<figure class=\"aligncenter size-full\"><img loading=\"lazy\" decoding=\"async\" width=\"382\" height=\"514\" src=\"https:\/\/centcols.org\/wp-content\/uploads\/2025\/02\/St-Veran.jpg\" alt=\"\" class=\"wp-image-90027\" srcset=\"https:\/\/centcols.org\/wp-content\/uploads\/2025\/02\/St-Veran.jpg 382w, https:\/\/centcols.org\/wp-content\/uploads\/2025\/02\/St-Veran-9x12.jpg 9w\" sizes=\"auto, (max-width: 382px) 100vw, 382px\" \/><figcaption class=\"wp-element-caption\">In een straat in Saint-V\u00e9ran<\/figcaption><\/figure>\n<\/div>\n\n\n<p class=\"has-medium-font-size\"><br><strong>Saint-V\u00e9ran,<\/strong> een van de mooiste dorpen van Frankrijk, een appellation gedistilleerd tot de laatste druppel, over het algemeen terecht, maar een appellation die... toeristen aantrekt. En zoals vaak het geval is, wordt de gemotoriseerde menigte buiten het dorp gehouden, in ruil voor parkeergeld. Parkeren 1, 2, 3...<br><\/p>\n\n\n\n<p class=\"has-medium-font-size\">We houden ons nu bezig met ons onderkomen voor vanavond. We nemen de eerste straat naar Les Chalets du Villard, waar we een hotel vinden dat erg in de stijl van de bergen is, hout en steen, opgaand in het landschap zonder iets dat onze aandacht trekt. Het interieur maakt dat we hier vanavond willen slapen en eten, wat het hoogtepunt van onze vakantie zou worden. <\/p>\n\n\n\n<p class=\"has-medium-font-size\">Helaas was het hotel volgeboekt. De omgeving was goed en de eigenaar ook. Hij bracht<br>Hij besteedde ruim 15 minuten aan telefoneren om zijn collega's in het gebied te polsen voordat hij een basis vond in Abri\u00e8s, in de vallei. Bovendien gaf hij me de beroemde stempel in een van de zes vakjes op mijn BPF-kaart voor de Hautes-Alpes. Het was zeker een drankje waard, knus in een goede leunstoel. Dan besef je dat sommige bieren beter smaken dan andere. La premi\u00e8re gorg\u00e9e de bi\u00e8re (De eerste slok bier) van Philippe Delerm is een boek dat de kleine geneugten van het dagelijks leven beschrijft die vaak onopgemerkt blijven. Wat zou hij hebben geschreven als hij het had gedronken in Saint-V\u00e9ran aan het eind van een vermoeiende middag? Een groot geluk, zeker.<\/p>\n\n\n\n<p class=\"has-medium-font-size\"><br>Om eerlijk te zijn zijn we er niet aan toegekomen om door het hele dorp Saint-V\u00e9ran te lopen, vanwege de tijd, de hitte en onze vermoeidheid, maar we hebben wel de tijd genomen om een aantal van de smalle straatjes op film vast te leggen en natuurlijk de grote traditionele huizen die dienen als woningen, stallen en opslagplaatsen voor gewassen. De open zolders laten de lucht circuleren om het hooi te drogen. Het verweerde hout, dat alomtegenwoordig is in deze gebouwen, vormt een bedreiging in het geval van brand; deze huizen zijn potenti\u00eble midzomerbranden. De meeste van deze huizen dateren uit de 17e en 18e eeuw en hebben hun charme van weleer behouden. Dit dorp heeft een verrassend goed bewaarde en duurzame ziel en verleden. We verlaten met spijt Saint-V\u00e9ran, waar we graag hadden willen overnachten.<br><\/p>\n\n\n\n<figure class=\"wp-block-gallery has-nested-images columns-default is-cropped wp-block-gallery-2 is-layout-flex wp-block-gallery-is-layout-flex\">\n<figure class=\"wp-block-image size-full\"><img loading=\"lazy\" decoding=\"async\" width=\"432\" height=\"330\" data-id=\"90028\" src=\"https:\/\/centcols.org\/wp-content\/uploads\/2025\/02\/St-Veran-Grenier.jpg\" alt=\"\" class=\"wp-image-90028\" srcset=\"https:\/\/centcols.org\/wp-content\/uploads\/2025\/02\/St-Veran-Grenier.jpg 432w, https:\/\/centcols.org\/wp-content\/uploads\/2025\/02\/St-Veran-Grenier-16x12.jpg 16w\" sizes=\"auto, (max-width: 432px) 100vw, 432px\" \/><figcaption class=\"wp-element-caption\">St V\u00e9ran - Typische zolder<\/figcaption><\/figure>\n\n\n\n<figure class=\"wp-block-image size-full\"><img loading=\"lazy\" decoding=\"async\" width=\"429\" height=\"324\" data-id=\"90029\" src=\"https:\/\/centcols.org\/wp-content\/uploads\/2025\/02\/Abries.jpg\" alt=\"\" class=\"wp-image-90029\" srcset=\"https:\/\/centcols.org\/wp-content\/uploads\/2025\/02\/Abries.jpg 429w, https:\/\/centcols.org\/wp-content\/uploads\/2025\/02\/Abries-16x12.jpg 16w\" sizes=\"auto, (max-width: 429px) 100vw, 429px\" \/><figcaption class=\"wp-element-caption\">Abri\u00e8s - kille ochtend<\/figcaption><\/figure>\n<\/figure>\n\n\n\n<p class=\"has-medium-font-size\"><br>Om 19.00 uur checken we in bij Chalet Lanza in Abri\u00e8s, een bescheiden familiehotel in de Alpen waar de rustieke keuken ons deze avond zal vullen. Na de 41\u00b0C van de Izoard is een korte wandeling voor het slapengaan welkom in dit dorp op de drempel van Itali\u00eb. De avondwandeling langs de oevers van de Guil, een stroom die net boven ons in de bergen is ontstaan, brengt ons die aangename koelte die ons voorbereidt om te gaan slapen.<br><\/p>\n\n\n\n<p class=\"has-medium-font-size\">En de volgende dag levert de berg een van zijn meteorologische trucjes waar we aan gewend beginnen te raken, maar die ons altijd weer verrassen: een kleine 12\u00b0C met daarbovenop een onweersbui. De Italiaanse handelaren die speciaal voor deze zondagmarkt waren gekomen, trokken zich terug onder hun doeken. En we gaan terug naar de H\u00e9rault, Abri\u00e8s, de laatste halte van onze zomervakantie 2017, achter ons latend.<br><\/p>\n\n\n\n<div class=\"wp-block-columns is-layout-flex wp-container-core-columns-is-layout-9d6595d7 wp-block-columns-is-layout-flex\">\n<div class=\"wp-block-column is-layout-flow wp-block-column-is-layout-flow\" style=\"flex-basis:33.33%\">\n<p class=\"has-vivid-cyan-blue-color has-text-color has-medium-font-size\">Tekst en foto's:<br>Ren\u00e9 BALDELLON<br>CC Vias.<\/p>\n<\/div>\n\n\n\n<div class=\"wp-block-column is-layout-flow wp-block-column-is-layout-flow\" style=\"flex-basis:66.66%\">\n<figure class=\"wp-block-image size-full\"><img loading=\"lazy\" decoding=\"async\" width=\"458\" height=\"404\" src=\"https:\/\/centcols.org\/wp-content\/uploads\/2025\/02\/CBaldellon.jpg\" alt=\"\" class=\"wp-image-90030\" srcset=\"https:\/\/centcols.org\/wp-content\/uploads\/2025\/02\/CBaldellon.jpg 458w, https:\/\/centcols.org\/wp-content\/uploads\/2025\/02\/CBaldellon-14x12.jpg 14w\" sizes=\"auto, (max-width: 458px) 100vw, 458px\" \/><\/figure>\n<\/div>\n<\/div>\n\n\n\n<div class=\"wp-block-columns is-layout-flex wp-container-core-columns-is-layout-9d6595d7 wp-block-columns-is-layout-flex\">\n<div class=\"wp-block-column is-layout-flow wp-block-column-is-layout-flow\" style=\"flex-basis:100%\"><\/div>\n<\/div>","protected":false},"excerpt":{"rendered":"<p>Samedi 5 ao\u00fbt, Fin de notre s\u00e9jour au Grand-Bornand. Ce week-end est certainement le pluscharg\u00e9 sur les routes de France. Bison-Fut\u00e9 voit noir et nous, nous voyons la vie en rose, une vraie vie de retrait\u00e9s. Plut\u00f4t que rejoindre Valence, l\u2019A9 et la vall\u00e9e du Rh\u00f4ne, c\u2019est vers les Hautes-Alpes que nous nous dirigeons ce [&hellip;]<\/p>\n","protected":false},"author":2,"featured_media":79468,"comment_status":"open","ping_status":"closed","sticky":false,"template":"","format":"standard","meta":{"_acf_changed":false,"footnotes":""},"categories":[82,129],"tags":[],"class_list":["post-79467","post","type-post","status-publish","format-standard","has-post-thumbnail","hentry","category-voyages","category-gazette"],"acf":[],"yoast_head":"<!-- This site is optimized with the Yoast SEO plugin v27.2 - https:\/\/yoast.com\/product\/yoast-seo-wordpress\/ -->\n<title>De Brian\u00e7on \u00e0 l&#039;Izoard, puis Saint-V\u00e9ran - Club des Cent Cols<\/title>\n<meta name=\"robots\" content=\"index, follow, max-snippet:-1, max-image-preview:large, max-video-preview:-1\" \/>\n<link rel=\"canonical\" href=\"https:\/\/centcols.org\/nl\/van-briancon-naar-lizoard-en-dan-naar-saint-veran\/\" \/>\n<meta property=\"og:locale\" content=\"nl_BE\" \/>\n<meta property=\"og:type\" content=\"article\" \/>\n<meta property=\"og:title\" content=\"De Brian\u00e7on \u00e0 l&#039;Izoard, puis Saint-V\u00e9ran - Club des Cent Cols\" \/>\n<meta property=\"og:description\" content=\"Samedi 5 ao\u00fbt, Fin de notre s\u00e9jour au Grand-Bornand. Ce week-end est certainement le pluscharg\u00e9 sur les routes de France. Bison-Fut\u00e9 voit noir et nous, nous voyons la vie en rose, une vraie vie de retrait\u00e9s. Plut\u00f4t que rejoindre Valence, l\u2019A9 et la vall\u00e9e du Rh\u00f4ne, c\u2019est vers les Hautes-Alpes que nous nous dirigeons ce [&hellip;]\" \/>\n<meta property=\"og:url\" content=\"https:\/\/centcols.org\/nl\/van-briancon-naar-lizoard-en-dan-naar-saint-veran\/\" \/>\n<meta property=\"og:site_name\" content=\"Club des Cent Cols\" \/>\n<meta property=\"article:publisher\" content=\"https:\/\/www.facebook.com\/groups\/5261880558\/?locale=fr_FR\" \/>\n<meta property=\"article:published_time\" content=\"2025-02-05T08:06:51+00:00\" \/>\n<meta property=\"article:modified_time\" content=\"2025-09-13T05:29:20+00:00\" \/>\n<meta property=\"og:image\" content=\"https:\/\/centcols.org\/wp-content\/uploads\/2025\/02\/Casse-deserte.jpg\" \/>\n\t<meta property=\"og:image:width\" content=\"441\" \/>\n\t<meta property=\"og:image:height\" content=\"333\" \/>\n\t<meta property=\"og:image:type\" content=\"image\/jpeg\" \/>\n<meta name=\"author\" content=\"fabien\" \/>\n<meta name=\"twitter:card\" content=\"summary_large_image\" \/>\n<meta name=\"twitter:label1\" content=\"Geschreven door\" \/>\n\t<meta name=\"twitter:data1\" content=\"fabien\" \/>\n\t<meta name=\"twitter:label2\" content=\"Geschatte leestijd\" \/>\n\t<meta name=\"twitter:data2\" content=\"15 minuten\" \/>\n<script type=\"application\/ld+json\" class=\"yoast-schema-graph\">{\"@context\":\"https:\/\/schema.org\",\"@graph\":[{\"@type\":\"Article\",\"@id\":\"https:\/\/centcols.org\/de-briancon-a-lizoard-puis-saint-veran\/#article\",\"isPartOf\":{\"@id\":\"https:\/\/centcols.org\/de-briancon-a-lizoard-puis-saint-veran\/\"},\"author\":{\"name\":\"fabien\",\"@id\":\"https:\/\/centcols.org\/#\/schema\/person\/fcdb31e57ffa95295c9683ffdda82afa\"},\"headline\":\"De Brian\u00e7on \u00e0 l&rsquo;Izoard, puis Saint-V\u00e9ran\",\"datePublished\":\"2025-02-05T08:06:51+00:00\",\"dateModified\":\"2025-09-13T05:29:20+00:00\",\"mainEntityOfPage\":{\"@id\":\"https:\/\/centcols.org\/de-briancon-a-lizoard-puis-saint-veran\/\"},\"wordCount\":2635,\"commentCount\":0,\"publisher\":{\"@id\":\"https:\/\/centcols.org\/#organization\"},\"image\":{\"@id\":\"https:\/\/centcols.org\/de-briancon-a-lizoard-puis-saint-veran\/#primaryimage\"},\"thumbnailUrl\":\"https:\/\/centcols.org\/wp-content\/uploads\/2025\/02\/Casse-deserte.jpg\",\"articleSection\":[\"Voyages\",\"Gazette\"],\"inLanguage\":\"nl-BE\",\"potentialAction\":[{\"@type\":\"CommentAction\",\"name\":\"Comment\",\"target\":[\"https:\/\/centcols.org\/de-briancon-a-lizoard-puis-saint-veran\/#respond\"]}]},{\"@type\":\"WebPage\",\"@id\":\"https:\/\/centcols.org\/de-briancon-a-lizoard-puis-saint-veran\/\",\"url\":\"https:\/\/centcols.org\/de-briancon-a-lizoard-puis-saint-veran\/\",\"name\":\"De Brian\u00e7on \u00e0 l'Izoard, puis Saint-V\u00e9ran - Club des Cent Cols\",\"isPartOf\":{\"@id\":\"https:\/\/centcols.org\/#website\"},\"primaryImageOfPage\":{\"@id\":\"https:\/\/centcols.org\/de-briancon-a-lizoard-puis-saint-veran\/#primaryimage\"},\"image\":{\"@id\":\"https:\/\/centcols.org\/de-briancon-a-lizoard-puis-saint-veran\/#primaryimage\"},\"thumbnailUrl\":\"https:\/\/centcols.org\/wp-content\/uploads\/2025\/02\/Casse-deserte.jpg\",\"datePublished\":\"2025-02-05T08:06:51+00:00\",\"dateModified\":\"2025-09-13T05:29:20+00:00\",\"breadcrumb\":{\"@id\":\"https:\/\/centcols.org\/de-briancon-a-lizoard-puis-saint-veran\/#breadcrumb\"},\"inLanguage\":\"nl-BE\",\"potentialAction\":[{\"@type\":\"ReadAction\",\"target\":[\"https:\/\/centcols.org\/de-briancon-a-lizoard-puis-saint-veran\/\"]}]},{\"@type\":\"ImageObject\",\"inLanguage\":\"nl-BE\",\"@id\":\"https:\/\/centcols.org\/de-briancon-a-lizoard-puis-saint-veran\/#primaryimage\",\"url\":\"https:\/\/centcols.org\/wp-content\/uploads\/2025\/02\/Casse-deserte.jpg\",\"contentUrl\":\"https:\/\/centcols.org\/wp-content\/uploads\/2025\/02\/Casse-deserte.jpg\",\"width\":441,\"height\":333},{\"@type\":\"BreadcrumbList\",\"@id\":\"https:\/\/centcols.org\/de-briancon-a-lizoard-puis-saint-veran\/#breadcrumb\",\"itemListElement\":[{\"@type\":\"ListItem\",\"position\":1,\"name\":\"Accueil\",\"item\":\"https:\/\/centcols.org\/\"},{\"@type\":\"ListItem\",\"position\":2,\"name\":\"Gazette\",\"item\":\"https:\/\/centcols.org\/rubrique\/gazette\/\"},{\"@type\":\"ListItem\",\"position\":3,\"name\":\"Voyages\",\"item\":\"https:\/\/centcols.org\/rubrique\/gazette\/voyages\/\"},{\"@type\":\"ListItem\",\"position\":4,\"name\":\"De Brian\u00e7on \u00e0 l&rsquo;Izoard, puis Saint-V\u00e9ran\"}]},{\"@type\":\"WebSite\",\"@id\":\"https:\/\/centcols.org\/#website\",\"url\":\"https:\/\/centcols.org\/\",\"name\":\"Club des Cent Cols\",\"description\":\"\",\"publisher\":{\"@id\":\"https:\/\/centcols.org\/#organization\"},\"potentialAction\":[{\"@type\":\"SearchAction\",\"target\":{\"@type\":\"EntryPoint\",\"urlTemplate\":\"https:\/\/centcols.org\/?s={search_term_string}\"},\"query-input\":{\"@type\":\"PropertyValueSpecification\",\"valueRequired\":true,\"valueName\":\"search_term_string\"}}],\"inLanguage\":\"nl-BE\"},{\"@type\":\"Organization\",\"@id\":\"https:\/\/centcols.org\/#organization\",\"name\":\"Club des Cent Cols\",\"url\":\"https:\/\/centcols.org\/\",\"logo\":{\"@type\":\"ImageObject\",\"inLanguage\":\"nl-BE\",\"@id\":\"https:\/\/centcols.org\/#\/schema\/logo\/image\/\",\"url\":\"https:\/\/centcols.org\/wp-content\/uploads\/2025\/01\/carte-icone.png\",\"contentUrl\":\"https:\/\/centcols.org\/wp-content\/uploads\/2025\/01\/carte-icone.png\",\"width\":250,\"height\":250,\"caption\":\"Club des Cent Cols\"},\"image\":{\"@id\":\"https:\/\/centcols.org\/#\/schema\/logo\/image\/\"},\"sameAs\":[\"https:\/\/www.facebook.com\/groups\/5261880558\/?locale=fr_FR\"]},{\"@type\":\"Person\",\"@id\":\"https:\/\/centcols.org\/#\/schema\/person\/fcdb31e57ffa95295c9683ffdda82afa\",\"name\":\"fabien\",\"image\":{\"@type\":\"ImageObject\",\"inLanguage\":\"nl-BE\",\"@id\":\"https:\/\/centcols.org\/wp-content\/litespeed\/avatar\/9065528d4c1ba02f0faf2b7616b2a195.jpg?ver=1777225983\",\"url\":\"https:\/\/centcols.org\/wp-content\/litespeed\/avatar\/9065528d4c1ba02f0faf2b7616b2a195.jpg?ver=1777225983\",\"contentUrl\":\"https:\/\/centcols.org\/wp-content\/litespeed\/avatar\/9065528d4c1ba02f0faf2b7616b2a195.jpg?ver=1777225983\",\"caption\":\"fabien\"},\"url\":\"https:\/\/centcols.org\/nl\/author\/fabien\/\"}]}<\/script>\n<!-- \/ Yoast SEO plugin. -->","yoast_head_json":{"title":"Van Brian\u00e7on naar Izoard, dan Saint-V\u00e9ran - Club des Cent Cols","robots":{"index":"index","follow":"follow","max-snippet":"max-snippet:-1","max-image-preview":"max-image-preview:large","max-video-preview":"max-video-preview:-1"},"canonical":"https:\/\/centcols.org\/nl\/van-briancon-naar-lizoard-en-dan-naar-saint-veran\/","og_locale":"nl_BE","og_type":"article","og_title":"De Brian\u00e7on \u00e0 l'Izoard, puis Saint-V\u00e9ran - Club des Cent Cols","og_description":"Samedi 5 ao\u00fbt, Fin de notre s\u00e9jour au Grand-Bornand. Ce week-end est certainement le pluscharg\u00e9 sur les routes de France. Bison-Fut\u00e9 voit noir et nous, nous voyons la vie en rose, une vraie vie de retrait\u00e9s. Plut\u00f4t que rejoindre Valence, l\u2019A9 et la vall\u00e9e du Rh\u00f4ne, c\u2019est vers les Hautes-Alpes que nous nous dirigeons ce [&hellip;]","og_url":"https:\/\/centcols.org\/nl\/van-briancon-naar-lizoard-en-dan-naar-saint-veran\/","og_site_name":"Club des Cent Cols","article_publisher":"https:\/\/www.facebook.com\/groups\/5261880558\/?locale=fr_FR","article_published_time":"2025-02-05T08:06:51+00:00","article_modified_time":"2025-09-13T05:29:20+00:00","og_image":[{"width":441,"height":333,"url":"https:\/\/centcols.org\/wp-content\/uploads\/2025\/02\/Casse-deserte.jpg","type":"image\/jpeg"}],"author":"fabien","twitter_card":"summary_large_image","twitter_misc":{"Geschreven door":"fabien","Geschatte leestijd":"15 minuten"},"schema":{"@context":"https:\/\/schema.org","@graph":[{"@type":"Article","@id":"https:\/\/centcols.org\/de-briancon-a-lizoard-puis-saint-veran\/#article","isPartOf":{"@id":"https:\/\/centcols.org\/de-briancon-a-lizoard-puis-saint-veran\/"},"author":{"name":"fabien","@id":"https:\/\/centcols.org\/#\/schema\/person\/fcdb31e57ffa95295c9683ffdda82afa"},"headline":"De Brian\u00e7on \u00e0 l&rsquo;Izoard, puis Saint-V\u00e9ran","datePublished":"2025-02-05T08:06:51+00:00","dateModified":"2025-09-13T05:29:20+00:00","mainEntityOfPage":{"@id":"https:\/\/centcols.org\/de-briancon-a-lizoard-puis-saint-veran\/"},"wordCount":2635,"commentCount":0,"publisher":{"@id":"https:\/\/centcols.org\/#organization"},"image":{"@id":"https:\/\/centcols.org\/de-briancon-a-lizoard-puis-saint-veran\/#primaryimage"},"thumbnailUrl":"https:\/\/centcols.org\/wp-content\/uploads\/2025\/02\/Casse-deserte.jpg","articleSection":["Voyages","Gazette"],"inLanguage":"nl-BE","potentialAction":[{"@type":"CommentAction","name":"Comment","target":["https:\/\/centcols.org\/de-briancon-a-lizoard-puis-saint-veran\/#respond"]}]},{"@type":"WebPage","@id":"https:\/\/centcols.org\/de-briancon-a-lizoard-puis-saint-veran\/","url":"https:\/\/centcols.org\/de-briancon-a-lizoard-puis-saint-veran\/","name":"Van Brian\u00e7on naar Izoard, dan Saint-V\u00e9ran - Club des Cent Cols","isPartOf":{"@id":"https:\/\/centcols.org\/#website"},"primaryImageOfPage":{"@id":"https:\/\/centcols.org\/de-briancon-a-lizoard-puis-saint-veran\/#primaryimage"},"image":{"@id":"https:\/\/centcols.org\/de-briancon-a-lizoard-puis-saint-veran\/#primaryimage"},"thumbnailUrl":"https:\/\/centcols.org\/wp-content\/uploads\/2025\/02\/Casse-deserte.jpg","datePublished":"2025-02-05T08:06:51+00:00","dateModified":"2025-09-13T05:29:20+00:00","breadcrumb":{"@id":"https:\/\/centcols.org\/de-briancon-a-lizoard-puis-saint-veran\/#breadcrumb"},"inLanguage":"nl-BE","potentialAction":[{"@type":"ReadAction","target":["https:\/\/centcols.org\/de-briancon-a-lizoard-puis-saint-veran\/"]}]},{"@type":"ImageObject","inLanguage":"nl-BE","@id":"https:\/\/centcols.org\/de-briancon-a-lizoard-puis-saint-veran\/#primaryimage","url":"https:\/\/centcols.org\/wp-content\/uploads\/2025\/02\/Casse-deserte.jpg","contentUrl":"https:\/\/centcols.org\/wp-content\/uploads\/2025\/02\/Casse-deserte.jpg","width":441,"height":333},{"@type":"BreadcrumbList","@id":"https:\/\/centcols.org\/de-briancon-a-lizoard-puis-saint-veran\/#breadcrumb","itemListElement":[{"@type":"ListItem","position":1,"name":"Accueil","item":"https:\/\/centcols.org\/"},{"@type":"ListItem","position":2,"name":"Gazette","item":"https:\/\/centcols.org\/rubrique\/gazette\/"},{"@type":"ListItem","position":3,"name":"Voyages","item":"https:\/\/centcols.org\/rubrique\/gazette\/voyages\/"},{"@type":"ListItem","position":4,"name":"De Brian\u00e7on \u00e0 l&rsquo;Izoard, puis Saint-V\u00e9ran"}]},{"@type":"WebSite","@id":"https:\/\/centcols.org\/#website","url":"https:\/\/centcols.org\/","name":"Club van Cent Cols","description":"","publisher":{"@id":"https:\/\/centcols.org\/#organization"},"potentialAction":[{"@type":"SearchAction","target":{"@type":"EntryPoint","urlTemplate":"https:\/\/centcols.org\/?s={search_term_string}"},"query-input":{"@type":"PropertyValueSpecification","valueRequired":true,"valueName":"search_term_string"}}],"inLanguage":"nl-BE"},{"@type":"Organization","@id":"https:\/\/centcols.org\/#organization","name":"Club van Cent Cols","url":"https:\/\/centcols.org\/","logo":{"@type":"ImageObject","inLanguage":"nl-BE","@id":"https:\/\/centcols.org\/#\/schema\/logo\/image\/","url":"https:\/\/centcols.org\/wp-content\/uploads\/2025\/01\/carte-icone.png","contentUrl":"https:\/\/centcols.org\/wp-content\/uploads\/2025\/01\/carte-icone.png","width":250,"height":250,"caption":"Club des Cent Cols"},"image":{"@id":"https:\/\/centcols.org\/#\/schema\/logo\/image\/"},"sameAs":["https:\/\/www.facebook.com\/groups\/5261880558\/?locale=fr_FR"]},{"@type":"Person","@id":"https:\/\/centcols.org\/#\/schema\/person\/fcdb31e57ffa95295c9683ffdda82afa","name":"fabien","image":{"@type":"ImageObject","inLanguage":"nl-BE","@id":"https:\/\/centcols.org\/wp-content\/litespeed\/avatar\/9065528d4c1ba02f0faf2b7616b2a195.jpg?ver=1777225983","url":"https:\/\/centcols.org\/wp-content\/litespeed\/avatar\/9065528d4c1ba02f0faf2b7616b2a195.jpg?ver=1777225983","contentUrl":"https:\/\/centcols.org\/wp-content\/litespeed\/avatar\/9065528d4c1ba02f0faf2b7616b2a195.jpg?ver=1777225983","caption":"fabien"},"url":"https:\/\/centcols.org\/nl\/author\/fabien\/"}]}},"_links":{"self":[{"href":"https:\/\/centcols.org\/nl\/wp-json\/wp\/v2\/posts\/79467","targetHints":{"allow":["GET"]}}],"collection":[{"href":"https:\/\/centcols.org\/nl\/wp-json\/wp\/v2\/posts"}],"about":[{"href":"https:\/\/centcols.org\/nl\/wp-json\/wp\/v2\/types\/post"}],"author":[{"embeddable":true,"href":"https:\/\/centcols.org\/nl\/wp-json\/wp\/v2\/users\/2"}],"replies":[{"embeddable":true,"href":"https:\/\/centcols.org\/nl\/wp-json\/wp\/v2\/comments?post=79467"}],"version-history":[{"count":0,"href":"https:\/\/centcols.org\/nl\/wp-json\/wp\/v2\/posts\/79467\/revisions"}],"wp:featuredmedia":[{"embeddable":true,"href":"https:\/\/centcols.org\/nl\/wp-json\/wp\/v2\/media\/79468"}],"wp:attachment":[{"href":"https:\/\/centcols.org\/nl\/wp-json\/wp\/v2\/media?parent=79467"}],"wp:term":[{"taxonomy":"category","embeddable":true,"href":"https:\/\/centcols.org\/nl\/wp-json\/wp\/v2\/categories?post=79467"},{"taxonomy":"post_tag","embeddable":true,"href":"https:\/\/centcols.org\/nl\/wp-json\/wp\/v2\/tags?post=79467"}],"curies":[{"name":"wp","href":"https:\/\/api.w.org\/{rel}","templated":true}]}}