{"id":79479,"date":"2025-02-05T10:06:51","date_gmt":"2025-02-05T08:06:51","guid":{"rendered":"https:\/\/centcols.org\/la-cyclomontagnarde-des-vosges-du-sud-une-premiere\/"},"modified":"2025-06-06T13:22:02","modified_gmt":"2025-06-06T11:22:02","slug":"la-cyclomontagnarde-des-vosges-du-sud","status":"publish","type":"post","link":"https:\/\/centcols.org\/nl\/la-cyclomontagnarde-des-vosges-du-sud\/","title":{"rendered":"La cyclomontagnarde des Vosges du sud 5 en 6 juli 2025"},"content":{"rendered":"<p class=\"has-medium-font-size\">Voor het massief van de Vogezen is een cyclomontagnarde niets nieuws. Er worden er al heel lang verschillende georganiseerd, in verschillende sectoren, aan de Elzasser kant van de Haut-Rhinois, in het noordelijke deel van de Bas-Rhinois en zelfs in het hart van het departement Vogezen vanuit Saint-Di\u00e9-des-Vosges.&nbsp;<\/p>\n\n\n\n<p class=\"has-medium-font-size\">Aan de zuidelijke rand van het departement Vogezen ligt de stad <strong>Remiremont<\/strong>, bijgenaamd \u00ab&nbsp;<strong>La Belle des Vosges<\/strong>&nbsp;\u00bbDiep genesteld in de heuvels van de Vogezen op een hoogte van bijna 400 m. Het is de poort naar de <a href=\"https:\/\/fr.wikipedia.org\/wiki\/Parc_naturel_r%C3%A9gional_des_Ballons_des_Vosges\"><strong>Regionaal Natuurpark Ballons des Vosges<\/strong><\/a> ,en de nabijgelegen hoge toppen van de Vogezen.<\/p>\n\n\n\n<p class=\"has-medium-font-size\">Een tiental passen van de Vogezen (FR-88) of Haut-Sa\u00f4nois (FR-70) staat op het programma, evenals de beroemde Planche des Belles Filles, die optioneel is.<\/p>\n\n\n\n<p class=\"has-medium-font-size\">De organisator biedt een reeks opties:<\/p>\n\n\n\n<p><strong>Zaterdag 5 en zondag 6 juli<\/strong>&nbsp;De cyclomontagnarde over 2 dagen (start en finish in Remiremont) met of zonder de beklimming van de Planche des Belles Filles op de tweede dag. 115 km - 2187 m D+ of 127 km - 2682 m D+.<\/p>\n\n\n\n<p>Zondag 9 juli: La cyclomontagnarde in 1 dag, met of zonder de Planche des Belles Filles: 218 km - 4183 m D+ of 232 km - 4748m D+.<\/p>\n\n\n\n<p class=\"has-medium-font-size\">Er staan ook een aantal \u00abontdekkingsroutes\u00bb op het programma, waaronder een aantal gravelroutes.<\/p>\n\n\n\n<p>Onder de leden van CODEP 88 bevinden zich ook enkele leden van de Club des Cents Cols (Christophe Badonnel, Fran\u00e7ois Li\u00e9nard, Jean-Philippe Grandadam en Jean-Marie Duluard). Veel leden van de Club des Cent Cols hebben gereageerd op hun uitnodiging en hebben zich al ingeschreven. Op zaterdagavond wordt er een clubreceptie gehouden in Remiremont.<\/p>\n\n\n\n<p>Daarnaast zal Denis Mathieu, Territoriaal Afgevaardigde van de Club des Cent Cols voor de zone Oost, op beide dagen aanwezig zijn om aan leden, niet-leden, deelnemers en bezoekers de hulpmiddelen te presenteren die de club ter beschikking stelt aan haar leden om hen in staat te stellen hun passie voor mountainbiken ten volle te beleven:<\/p>\n\n\n\n<ul class=\"wp-block-list\">\n<li>de wereldwijde catalogus van halsbanden,<\/li>\n\n\n\n<li>ccWay, de software waarmee je de bergpassen in een bepaald geografisch gebied van over de hele wereld kunt selecteren,<\/li>\n<\/ul>\n\n\n\n<p class=\"has-medium-font-size\"><a href=\"https:\/\/www.sportsnconnect.com\/calendrier-evenements\/view\/28625\/cyclomontagnarde-des-vosges-du-sud\" target=\"_blank\" rel=\"noreferrer noopener\">Cursusinformatie en online inschrijven <strong>hier <\/strong><\/a><\/p>\n\n\n\n<p><\/p>","protected":false},"excerpt":{"rendered":"<p>Pour le Massif des Vosges, une cyclomontagnarde n\u2019est pas r\u00e9ellement une nouveaut\u00e9. Plusieurs y ont \u00e9t\u00e9 organis\u00e9es depuis longtemps et dans diff\u00e9rents secteurs, sur le versant alsacien haut-rhinois, ou dans la partie nord bas-rhinoise et m\u00eame au c\u0153ur du d\u00e9partement vosgien depuis Saint-Di\u00e9-des-Vosges.&nbsp; Situ\u00e9 aux confins sud du d\u00e9partement des Vosges, la ville de Remiremont, [&hellip;]<\/p>\n","protected":false},"author":2,"featured_media":83897,"comment_status":"open","ping_status":"closed","sticky":false,"template":"","format":"standard","meta":{"_acf_changed":false,"footnotes":""},"categories":[135,423],"tags":[],"class_list":["post-79479","post","type-post","status-publish","format-standard","has-post-thumbnail","hentry","category-calendrier","category-cyclomontagnardes"],"acf":[],"yoast_head":"<!-- This site is optimized with the Yoast SEO plugin v27.2 - https:\/\/yoast.com\/product\/yoast-seo-wordpress\/ -->\n<title>La cyclomontagnarde des Vosges du sud 5 et 6 juillet 2025 - Club des Cent Cols<\/title>\n<meta name=\"robots\" content=\"index, follow, max-snippet:-1, max-image-preview:large, max-video-preview:-1\" \/>\n<link rel=\"canonical\" href=\"https:\/\/centcols.org\/nl\/la-cyclomontagnarde-des-vosges-du-sud\/\" \/>\n<meta property=\"og:locale\" content=\"nl_BE\" \/>\n<meta property=\"og:type\" content=\"article\" \/>\n<meta property=\"og:title\" content=\"La cyclomontagnarde des Vosges du sud 5 et 6 juillet 2025 - Club des Cent Cols\" \/>\n<meta property=\"og:description\" content=\"Pour le Massif des Vosges, une cyclomontagnarde n\u2019est pas r\u00e9ellement une nouveaut\u00e9. Plusieurs y ont \u00e9t\u00e9 organis\u00e9es depuis longtemps et dans diff\u00e9rents secteurs, sur le versant alsacien haut-rhinois, ou dans la partie nord bas-rhinoise et m\u00eame au c\u0153ur du d\u00e9partement vosgien depuis Saint-Di\u00e9-des-Vosges.&nbsp; Situ\u00e9 aux confins sud du d\u00e9partement des Vosges, la ville de Remiremont, [&hellip;]\" \/>\n<meta property=\"og:url\" content=\"https:\/\/centcols.org\/nl\/la-cyclomontagnarde-des-vosges-du-sud\/\" \/>\n<meta property=\"og:site_name\" content=\"Club des Cent Cols\" \/>\n<meta property=\"article:publisher\" content=\"https:\/\/www.facebook.com\/groups\/5261880558\/?locale=fr_FR\" \/>\n<meta property=\"article:published_time\" content=\"2025-02-05T08:06:51+00:00\" \/>\n<meta property=\"article:modified_time\" content=\"2025-06-06T11:22:02+00:00\" \/>\n<meta property=\"og:image\" content=\"https:\/\/centcols.org\/wp-content\/uploads\/2025\/02\/CM_2025_Vosges.jpg\" \/>\n\t<meta property=\"og:image:width\" content=\"1200\" \/>\n\t<meta property=\"og:image:height\" content=\"675\" \/>\n\t<meta property=\"og:image:type\" content=\"image\/jpeg\" \/>\n<meta name=\"author\" content=\"fabien\" \/>\n<meta name=\"twitter:card\" content=\"summary_large_image\" \/>\n<meta name=\"twitter:label1\" content=\"Geschreven door\" \/>\n\t<meta name=\"twitter:data1\" content=\"fabien\" \/>\n\t<meta name=\"twitter:label2\" content=\"Geschatte leestijd\" \/>\n\t<meta name=\"twitter:data2\" content=\"2 minuten\" \/>\n<script type=\"application\/ld+json\" class=\"yoast-schema-graph\">{\"@context\":\"https:\/\/schema.org\",\"@graph\":[{\"@type\":\"Article\",\"@id\":\"https:\/\/centcols.org\/la-cyclomontagnarde-des-vosges-du-sud\/#article\",\"isPartOf\":{\"@id\":\"https:\/\/centcols.org\/la-cyclomontagnarde-des-vosges-du-sud\/\"},\"author\":{\"name\":\"fabien\",\"@id\":\"https:\/\/centcols.org\/#\/schema\/person\/fcdb31e57ffa95295c9683ffdda82afa\"},\"headline\":\"La cyclomontagnarde des Vosges du sud 5 et 6 juillet 2025\",\"datePublished\":\"2025-02-05T08:06:51+00:00\",\"dateModified\":\"2025-06-06T11:22:02+00:00\",\"mainEntityOfPage\":{\"@id\":\"https:\/\/centcols.org\/la-cyclomontagnarde-des-vosges-du-sud\/\"},\"wordCount\":385,\"commentCount\":0,\"publisher\":{\"@id\":\"https:\/\/centcols.org\/#organization\"},\"image\":{\"@id\":\"https:\/\/centcols.org\/la-cyclomontagnarde-des-vosges-du-sud\/#primaryimage\"},\"thumbnailUrl\":\"https:\/\/centcols.org\/wp-content\/uploads\/2025\/02\/CM_2025_Vosges.jpg\",\"articleSection\":[\"Calendrier\",\"Cyclomontagnardes\"],\"inLanguage\":\"nl-BE\",\"potentialAction\":[{\"@type\":\"CommentAction\",\"name\":\"Comment\",\"target\":[\"https:\/\/centcols.org\/la-cyclomontagnarde-des-vosges-du-sud\/#respond\"]}]},{\"@type\":\"WebPage\",\"@id\":\"https:\/\/centcols.org\/la-cyclomontagnarde-des-vosges-du-sud\/\",\"url\":\"https:\/\/centcols.org\/la-cyclomontagnarde-des-vosges-du-sud\/\",\"name\":\"La cyclomontagnarde des Vosges du sud 5 et 6 juillet 2025 - Club des Cent Cols\",\"isPartOf\":{\"@id\":\"https:\/\/centcols.org\/#website\"},\"primaryImageOfPage\":{\"@id\":\"https:\/\/centcols.org\/la-cyclomontagnarde-des-vosges-du-sud\/#primaryimage\"},\"image\":{\"@id\":\"https:\/\/centcols.org\/la-cyclomontagnarde-des-vosges-du-sud\/#primaryimage\"},\"thumbnailUrl\":\"https:\/\/centcols.org\/wp-content\/uploads\/2025\/02\/CM_2025_Vosges.jpg\",\"datePublished\":\"2025-02-05T08:06:51+00:00\",\"dateModified\":\"2025-06-06T11:22:02+00:00\",\"breadcrumb\":{\"@id\":\"https:\/\/centcols.org\/la-cyclomontagnarde-des-vosges-du-sud\/#breadcrumb\"},\"inLanguage\":\"nl-BE\",\"potentialAction\":[{\"@type\":\"ReadAction\",\"target\":[\"https:\/\/centcols.org\/la-cyclomontagnarde-des-vosges-du-sud\/\"]}]},{\"@type\":\"ImageObject\",\"inLanguage\":\"nl-BE\",\"@id\":\"https:\/\/centcols.org\/la-cyclomontagnarde-des-vosges-du-sud\/#primaryimage\",\"url\":\"https:\/\/centcols.org\/wp-content\/uploads\/2025\/02\/CM_2025_Vosges.jpg\",\"contentUrl\":\"https:\/\/centcols.org\/wp-content\/uploads\/2025\/02\/CM_2025_Vosges.jpg\",\"width\":1200,\"height\":675},{\"@type\":\"BreadcrumbList\",\"@id\":\"https:\/\/centcols.org\/la-cyclomontagnarde-des-vosges-du-sud\/#breadcrumb\",\"itemListElement\":[{\"@type\":\"ListItem\",\"position\":1,\"name\":\"Accueil\",\"item\":\"https:\/\/centcols.org\/\"},{\"@type\":\"ListItem\",\"position\":2,\"name\":\"Cyclomontagnardes\",\"item\":\"https:\/\/centcols.org\/rubrique\/cyclomontagnardes\/\"},{\"@type\":\"ListItem\",\"position\":3,\"name\":\"La cyclomontagnarde des Vosges du sud 5 et 6 juillet 2025\"}]},{\"@type\":\"WebSite\",\"@id\":\"https:\/\/centcols.org\/#website\",\"url\":\"https:\/\/centcols.org\/\",\"name\":\"Club des Cent Cols\",\"description\":\"\",\"publisher\":{\"@id\":\"https:\/\/centcols.org\/#organization\"},\"potentialAction\":[{\"@type\":\"SearchAction\",\"target\":{\"@type\":\"EntryPoint\",\"urlTemplate\":\"https:\/\/centcols.org\/?s={search_term_string}\"},\"query-input\":{\"@type\":\"PropertyValueSpecification\",\"valueRequired\":true,\"valueName\":\"search_term_string\"}}],\"inLanguage\":\"nl-BE\"},{\"@type\":\"Organization\",\"@id\":\"https:\/\/centcols.org\/#organization\",\"name\":\"Club des Cent Cols\",\"url\":\"https:\/\/centcols.org\/\",\"logo\":{\"@type\":\"ImageObject\",\"inLanguage\":\"nl-BE\",\"@id\":\"https:\/\/centcols.org\/#\/schema\/logo\/image\/\",\"url\":\"https:\/\/centcols.org\/wp-content\/uploads\/2025\/01\/carte-icone.png\",\"contentUrl\":\"https:\/\/centcols.org\/wp-content\/uploads\/2025\/01\/carte-icone.png\",\"width\":250,\"height\":250,\"caption\":\"Club des Cent Cols\"},\"image\":{\"@id\":\"https:\/\/centcols.org\/#\/schema\/logo\/image\/\"},\"sameAs\":[\"https:\/\/www.facebook.com\/groups\/5261880558\/?locale=fr_FR\"]},{\"@type\":\"Person\",\"@id\":\"https:\/\/centcols.org\/#\/schema\/person\/fcdb31e57ffa95295c9683ffdda82afa\",\"name\":\"fabien\",\"image\":{\"@type\":\"ImageObject\",\"inLanguage\":\"nl-BE\",\"@id\":\"https:\/\/centcols.org\/wp-content\/litespeed\/avatar\/9065528d4c1ba02f0faf2b7616b2a195.jpg?ver=1777225983\",\"url\":\"https:\/\/centcols.org\/wp-content\/litespeed\/avatar\/9065528d4c1ba02f0faf2b7616b2a195.jpg?ver=1777225983\",\"contentUrl\":\"https:\/\/centcols.org\/wp-content\/litespeed\/avatar\/9065528d4c1ba02f0faf2b7616b2a195.jpg?ver=1777225983\",\"caption\":\"fabien\"},\"url\":\"https:\/\/centcols.org\/nl\/author\/fabien\/\"}]}<\/script>\n<!-- \/ Yoast SEO plugin. -->","yoast_head_json":{"title":"La cyclomontagnarde des Vosges du sud 5 en 6 juli 2025 - Club des Cent Cols","robots":{"index":"index","follow":"follow","max-snippet":"max-snippet:-1","max-image-preview":"max-image-preview:large","max-video-preview":"max-video-preview:-1"},"canonical":"https:\/\/centcols.org\/nl\/la-cyclomontagnarde-des-vosges-du-sud\/","og_locale":"nl_BE","og_type":"article","og_title":"La cyclomontagnarde des Vosges du sud 5 et 6 juillet 2025 - Club des Cent Cols","og_description":"Pour le Massif des Vosges, une cyclomontagnarde n\u2019est pas r\u00e9ellement une nouveaut\u00e9. Plusieurs y ont \u00e9t\u00e9 organis\u00e9es depuis longtemps et dans diff\u00e9rents secteurs, sur le versant alsacien haut-rhinois, ou dans la partie nord bas-rhinoise et m\u00eame au c\u0153ur du d\u00e9partement vosgien depuis Saint-Di\u00e9-des-Vosges.&nbsp; Situ\u00e9 aux confins sud du d\u00e9partement des Vosges, la ville de Remiremont, [&hellip;]","og_url":"https:\/\/centcols.org\/nl\/la-cyclomontagnarde-des-vosges-du-sud\/","og_site_name":"Club des Cent Cols","article_publisher":"https:\/\/www.facebook.com\/groups\/5261880558\/?locale=fr_FR","article_published_time":"2025-02-05T08:06:51+00:00","article_modified_time":"2025-06-06T11:22:02+00:00","og_image":[{"width":1200,"height":675,"url":"https:\/\/centcols.org\/wp-content\/uploads\/2025\/02\/CM_2025_Vosges.jpg","type":"image\/jpeg"}],"author":"fabien","twitter_card":"summary_large_image","twitter_misc":{"Geschreven door":"fabien","Geschatte leestijd":"2 minuten"},"schema":{"@context":"https:\/\/schema.org","@graph":[{"@type":"Article","@id":"https:\/\/centcols.org\/la-cyclomontagnarde-des-vosges-du-sud\/#article","isPartOf":{"@id":"https:\/\/centcols.org\/la-cyclomontagnarde-des-vosges-du-sud\/"},"author":{"name":"fabien","@id":"https:\/\/centcols.org\/#\/schema\/person\/fcdb31e57ffa95295c9683ffdda82afa"},"headline":"La cyclomontagnarde des Vosges du sud 5 et 6 juillet 2025","datePublished":"2025-02-05T08:06:51+00:00","dateModified":"2025-06-06T11:22:02+00:00","mainEntityOfPage":{"@id":"https:\/\/centcols.org\/la-cyclomontagnarde-des-vosges-du-sud\/"},"wordCount":385,"commentCount":0,"publisher":{"@id":"https:\/\/centcols.org\/#organization"},"image":{"@id":"https:\/\/centcols.org\/la-cyclomontagnarde-des-vosges-du-sud\/#primaryimage"},"thumbnailUrl":"https:\/\/centcols.org\/wp-content\/uploads\/2025\/02\/CM_2025_Vosges.jpg","articleSection":["Calendrier","Cyclomontagnardes"],"inLanguage":"nl-BE","potentialAction":[{"@type":"CommentAction","name":"Comment","target":["https:\/\/centcols.org\/la-cyclomontagnarde-des-vosges-du-sud\/#respond"]}]},{"@type":"WebPage","@id":"https:\/\/centcols.org\/la-cyclomontagnarde-des-vosges-du-sud\/","url":"https:\/\/centcols.org\/la-cyclomontagnarde-des-vosges-du-sud\/","name":"La cyclomontagnarde des Vosges du sud 5 en 6 juli 2025 - Club des Cent Cols","isPartOf":{"@id":"https:\/\/centcols.org\/#website"},"primaryImageOfPage":{"@id":"https:\/\/centcols.org\/la-cyclomontagnarde-des-vosges-du-sud\/#primaryimage"},"image":{"@id":"https:\/\/centcols.org\/la-cyclomontagnarde-des-vosges-du-sud\/#primaryimage"},"thumbnailUrl":"https:\/\/centcols.org\/wp-content\/uploads\/2025\/02\/CM_2025_Vosges.jpg","datePublished":"2025-02-05T08:06:51+00:00","dateModified":"2025-06-06T11:22:02+00:00","breadcrumb":{"@id":"https:\/\/centcols.org\/la-cyclomontagnarde-des-vosges-du-sud\/#breadcrumb"},"inLanguage":"nl-BE","potentialAction":[{"@type":"ReadAction","target":["https:\/\/centcols.org\/la-cyclomontagnarde-des-vosges-du-sud\/"]}]},{"@type":"ImageObject","inLanguage":"nl-BE","@id":"https:\/\/centcols.org\/la-cyclomontagnarde-des-vosges-du-sud\/#primaryimage","url":"https:\/\/centcols.org\/wp-content\/uploads\/2025\/02\/CM_2025_Vosges.jpg","contentUrl":"https:\/\/centcols.org\/wp-content\/uploads\/2025\/02\/CM_2025_Vosges.jpg","width":1200,"height":675},{"@type":"BreadcrumbList","@id":"https:\/\/centcols.org\/la-cyclomontagnarde-des-vosges-du-sud\/#breadcrumb","itemListElement":[{"@type":"ListItem","position":1,"name":"Accueil","item":"https:\/\/centcols.org\/"},{"@type":"ListItem","position":2,"name":"Cyclomontagnardes","item":"https:\/\/centcols.org\/rubrique\/cyclomontagnardes\/"},{"@type":"ListItem","position":3,"name":"La cyclomontagnarde des Vosges du sud 5 et 6 juillet 2025"}]},{"@type":"WebSite","@id":"https:\/\/centcols.org\/#website","url":"https:\/\/centcols.org\/","name":"Club van Cent Cols","description":"","publisher":{"@id":"https:\/\/centcols.org\/#organization"},"potentialAction":[{"@type":"SearchAction","target":{"@type":"EntryPoint","urlTemplate":"https:\/\/centcols.org\/?s={search_term_string}"},"query-input":{"@type":"PropertyValueSpecification","valueRequired":true,"valueName":"search_term_string"}}],"inLanguage":"nl-BE"},{"@type":"Organization","@id":"https:\/\/centcols.org\/#organization","name":"Club van Cent Cols","url":"https:\/\/centcols.org\/","logo":{"@type":"ImageObject","inLanguage":"nl-BE","@id":"https:\/\/centcols.org\/#\/schema\/logo\/image\/","url":"https:\/\/centcols.org\/wp-content\/uploads\/2025\/01\/carte-icone.png","contentUrl":"https:\/\/centcols.org\/wp-content\/uploads\/2025\/01\/carte-icone.png","width":250,"height":250,"caption":"Club des Cent Cols"},"image":{"@id":"https:\/\/centcols.org\/#\/schema\/logo\/image\/"},"sameAs":["https:\/\/www.facebook.com\/groups\/5261880558\/?locale=fr_FR"]},{"@type":"Person","@id":"https:\/\/centcols.org\/#\/schema\/person\/fcdb31e57ffa95295c9683ffdda82afa","name":"fabien","image":{"@type":"ImageObject","inLanguage":"nl-BE","@id":"https:\/\/centcols.org\/wp-content\/litespeed\/avatar\/9065528d4c1ba02f0faf2b7616b2a195.jpg?ver=1777225983","url":"https:\/\/centcols.org\/wp-content\/litespeed\/avatar\/9065528d4c1ba02f0faf2b7616b2a195.jpg?ver=1777225983","contentUrl":"https:\/\/centcols.org\/wp-content\/litespeed\/avatar\/9065528d4c1ba02f0faf2b7616b2a195.jpg?ver=1777225983","caption":"fabien"},"url":"https:\/\/centcols.org\/nl\/author\/fabien\/"}]}},"_links":{"self":[{"href":"https:\/\/centcols.org\/nl\/wp-json\/wp\/v2\/posts\/79479","targetHints":{"allow":["GET"]}}],"collection":[{"href":"https:\/\/centcols.org\/nl\/wp-json\/wp\/v2\/posts"}],"about":[{"href":"https:\/\/centcols.org\/nl\/wp-json\/wp\/v2\/types\/post"}],"author":[{"embeddable":true,"href":"https:\/\/centcols.org\/nl\/wp-json\/wp\/v2\/users\/2"}],"replies":[{"embeddable":true,"href":"https:\/\/centcols.org\/nl\/wp-json\/wp\/v2\/comments?post=79479"}],"version-history":[{"count":0,"href":"https:\/\/centcols.org\/nl\/wp-json\/wp\/v2\/posts\/79479\/revisions"}],"wp:featuredmedia":[{"embeddable":true,"href":"https:\/\/centcols.org\/nl\/wp-json\/wp\/v2\/media\/83897"}],"wp:attachment":[{"href":"https:\/\/centcols.org\/nl\/wp-json\/wp\/v2\/media?parent=79479"}],"wp:term":[{"taxonomy":"category","embeddable":true,"href":"https:\/\/centcols.org\/nl\/wp-json\/wp\/v2\/categories?post=79479"},{"taxonomy":"post_tag","embeddable":true,"href":"https:\/\/centcols.org\/nl\/wp-json\/wp\/v2\/tags?post=79479"}],"curies":[{"name":"wp","href":"https:\/\/api.w.org\/{rel}","templated":true}]}}