{"id":79498,"date":"2025-02-05T10:07:17","date_gmt":"2025-02-05T08:07:17","guid":{"rendered":"https:\/\/centcols.org\/convention-club-ami-avec-lamicale-des-cyclos-cardiaques\/"},"modified":"2025-08-27T17:18:45","modified_gmt":"2025-08-27T15:18:45","slug":"club-ami-overeenkomst-met-lamicale-des-cyclos-cardiaques","status":"publish","type":"post","link":"https:\/\/centcols.org\/nl\/convention-club-ami-avec-lamicale-des-cyclos-cardiaques\/","title":{"rendered":"Club ami\u00ab overeenkomst met Amicale des Cyclos Cardiaques"},"content":{"rendered":"<p class=\"has-medium-font-size\">Op verzoek van Andr\u00e9 Liotier, lid van de Club des Cent Cols en de Amicale des cyclos cardiaques, stelde Bernard Giraudeau aan de leden van de Raad van Bestuur van de club voor om het volgende te ondertekenen <strong>een <\/strong><strong>\u00ab\u00a0<\/strong><strong>CLUB AMI<\/strong><strong>\u00ab\u00a0<\/strong><strong> van de Amicale des cyclos cardiaques.<\/strong><\/p>\n\n\n\n<p class=\"has-medium-font-size\">ACC-voorzitter Jo\u00ebl Grandjean nam de overeenkomst, die op 18 februari werd ondertekend, in ontvangst. De overeenkomst zal officieel worden gepubliceerd in de nieuwsbrief \u00abC\u0153ur et V\u00e9lo\u00bb, nummer 155, in juni 2023.<\/p>\n\n\n\n<p class=\"has-medium-font-size\">We hebben een voorproefje van de publicatie gekregen:<\/p>\n\n\n\n<figure class=\"wp-block-image size-large is-resized\"><img decoding=\"async\" src=\"https:\/\/centcols.org\/wp-content\/uploads\/2025\/08\/Image1.png\" alt=\"\" style=\"width:785px;height:214px\"\/><\/figure>\n\n\n\n<p class=\"has-medium-font-size\">Waarom heb je een overeenkomst getekend met de ACC?<\/p>\n\n\n\n<p class=\"has-medium-font-size\">Als we het als fietsers hebben over \u00abspierkracht\u00bb, denken we meteen aan de werking van de kuitspieren (ten onrechte) en de dij- en bilspieren (ten onrechte), maar nooit aan die van de hartspier. En toch is de activiteit van deze spier fenomenaal en onmisbaar, maar hij blijft het doelwit van veel invaliderende pathologie\u00ebn.<\/p>\n\n\n\n<p class=\"has-medium-font-size\">Na een botsing of een rijfout op de grond belanden, laat fietsers meestal achter met tijdelijke morele, fysieke en esthetische nawerkingen. Dit is te zien in <a href=\"https:\/\/centcols.org\/wp-content\/uploads\/2025\/08\/Accidentologie-74-1.pdf\" target=\"_blank\" rel=\"noreferrer noopener\">Ongevallen in Haute-Savoie<\/a>, die we hebben ontvangen van Codep74.<\/p>\n\n\n\n<p class=\"has-medium-font-size\">Net als een val van een fiets of mountainbike kunnen hartfalen of een hartongeval vaak niet worden voorkomen. Maar in het geval van hartaandoeningen zijn de nawerkingen niet van voorbijgaande aard: als de ziekte eenmaal is vastgesteld, vereist deze constante aandacht en wordt deze een vaak zorgwekkende aanwezigheid.<\/p>\n\n\n\n<p class=\"has-medium-font-size\">De ACC is zich hier terdege van bewust en biedt haar hulp en expertise aan leden van de \u00abbevriende\u00bb club aan:<\/p>\n\n\n\n<p class=\"has-medium-font-size\">Op verzoek van de voorzitter van de Club Ami kan de Amicale des Cyclos Cardiaques contact opnemen met een lid van de Club des Cent Cols dat een hartprobleem heeft gehad, om hen te helpen hun zelfvertrouwen terug te winnen door de voordelen van fietsen voor de cardiovasculaire gezondheid te demonstreren.&nbsp;&nbsp;&nbsp;&nbsp;&nbsp;&nbsp;&nbsp;<\/p>\n\n\n\n<p class=\"has-medium-font-size\">De ACC publiceert ook elk kwartaal een nieuwsbrief boordevol medische documentatie en persoonlijke ervaringen.<\/p>\n\n\n\n<p class=\"has-medium-font-size\">Elk kwartaal nodigen we je uit om de nieuwsbrief \u00abC\u0153ur et v\u00e9lo\u00bb te lezen.<\/p>","protected":false},"excerpt":{"rendered":"<p>Sur la demande originelle d\u2019Andr\u00e9 Liotier, membre du Club des Cent Cols et de l\u2019Amicale des cyclos cardiaques, Bernard Giraudeau a propos\u00e9 aux membres du CA du club la signature d\u2019une convention de \u00ab\u00a0CLUB AMI\u00ab\u00a0 de l\u2019Amicale des cyclos cardiaques. Le pr\u00e9sident de l\u2019ACC, Jo\u00ebl Grandjean a re\u00e7u cette convention sign\u00e9e le 18 f\u00e9vrier dernier. [&hellip;]<\/p>\n","protected":false},"author":2,"featured_media":79499,"comment_status":"closed","ping_status":"closed","sticky":false,"template":"","format":"standard","meta":{"_acf_changed":false,"footnotes":""},"categories":[422],"tags":[],"class_list":["post-79498","post","type-post","status-publish","format-standard","has-post-thumbnail","hentry","category-partenaires"],"acf":[],"yoast_head":"<!-- This site is optimized with the Yoast SEO plugin v27.2 - https:\/\/yoast.com\/product\/yoast-seo-wordpress\/ -->\n<title>Convention &quot;Club ami&quot; avec l\u2019Amicale des Cyclos Cardiaques - Club des Cent Cols<\/title>\n<meta name=\"robots\" content=\"index, follow, max-snippet:-1, max-image-preview:large, max-video-preview:-1\" \/>\n<link rel=\"canonical\" href=\"https:\/\/centcols.org\/nl\/club-ami-overeenkomst-met-lamicale-des-cyclos-cardiaques\/\" \/>\n<meta property=\"og:locale\" content=\"nl_BE\" \/>\n<meta property=\"og:type\" content=\"article\" \/>\n<meta property=\"og:title\" content=\"Convention &quot;Club ami&quot; avec l\u2019Amicale des Cyclos Cardiaques - Club des Cent Cols\" \/>\n<meta property=\"og:description\" content=\"Sur la demande originelle d\u2019Andr\u00e9 Liotier, membre du Club des Cent Cols et de l\u2019Amicale des cyclos cardiaques, Bernard Giraudeau a propos\u00e9 aux membres du CA du club la signature d\u2019une convention de \u00ab\u00a0CLUB AMI\u00ab\u00a0 de l\u2019Amicale des cyclos cardiaques. Le pr\u00e9sident de l\u2019ACC, Jo\u00ebl Grandjean a re\u00e7u cette convention sign\u00e9e le 18 f\u00e9vrier dernier. [&hellip;]\" \/>\n<meta property=\"og:url\" content=\"https:\/\/centcols.org\/nl\/club-ami-overeenkomst-met-lamicale-des-cyclos-cardiaques\/\" \/>\n<meta property=\"og:site_name\" content=\"Club des Cent Cols\" \/>\n<meta property=\"article:publisher\" content=\"https:\/\/www.facebook.com\/groups\/5261880558\/?locale=fr_FR\" \/>\n<meta property=\"article:published_time\" content=\"2025-02-05T08:07:17+00:00\" \/>\n<meta property=\"article:modified_time\" content=\"2025-08-27T15:18:45+00:00\" \/>\n<meta property=\"og:image\" content=\"https:\/\/centcols.org\/wp-content\/uploads\/2025\/02\/Image1-2.png\" \/>\n\t<meta property=\"og:image:width\" content=\"605\" \/>\n\t<meta property=\"og:image:height\" content=\"165\" \/>\n\t<meta property=\"og:image:type\" content=\"image\/png\" \/>\n<meta name=\"author\" content=\"fabien\" \/>\n<meta name=\"twitter:card\" content=\"summary_large_image\" \/>\n<meta name=\"twitter:label1\" content=\"Geschreven door\" \/>\n\t<meta name=\"twitter:data1\" content=\"fabien\" \/>\n\t<meta name=\"twitter:label2\" content=\"Geschatte leestijd\" \/>\n\t<meta name=\"twitter:data2\" content=\"3 minuten\" \/>\n<script type=\"application\/ld+json\" class=\"yoast-schema-graph\">{\"@context\":\"https:\/\/schema.org\",\"@graph\":[{\"@type\":\"Article\",\"@id\":\"https:\/\/centcols.org\/convention-club-ami-avec-lamicale-des-cyclos-cardiaques\/#article\",\"isPartOf\":{\"@id\":\"https:\/\/centcols.org\/convention-club-ami-avec-lamicale-des-cyclos-cardiaques\/\"},\"author\":{\"name\":\"fabien\",\"@id\":\"https:\/\/centcols.org\/#\/schema\/person\/fcdb31e57ffa95295c9683ffdda82afa\"},\"headline\":\"Convention \u00ab\u00a0Club ami\u00a0\u00bb avec l\u2019Amicale des Cyclos Cardiaques\",\"datePublished\":\"2025-02-05T08:07:17+00:00\",\"dateModified\":\"2025-08-27T15:18:45+00:00\",\"mainEntityOfPage\":{\"@id\":\"https:\/\/centcols.org\/convention-club-ami-avec-lamicale-des-cyclos-cardiaques\/\"},\"wordCount\":382,\"publisher\":{\"@id\":\"https:\/\/centcols.org\/#organization\"},\"image\":{\"@id\":\"https:\/\/centcols.org\/convention-club-ami-avec-lamicale-des-cyclos-cardiaques\/#primaryimage\"},\"thumbnailUrl\":\"https:\/\/centcols.org\/wp-content\/uploads\/2025\/02\/Image1-2.png\",\"articleSection\":[\"Partenaires\"],\"inLanguage\":\"nl-BE\"},{\"@type\":\"WebPage\",\"@id\":\"https:\/\/centcols.org\/convention-club-ami-avec-lamicale-des-cyclos-cardiaques\/\",\"url\":\"https:\/\/centcols.org\/convention-club-ami-avec-lamicale-des-cyclos-cardiaques\/\",\"name\":\"Convention \\\"Club ami\\\" avec l\u2019Amicale des Cyclos Cardiaques - Club des Cent Cols\",\"isPartOf\":{\"@id\":\"https:\/\/centcols.org\/#website\"},\"primaryImageOfPage\":{\"@id\":\"https:\/\/centcols.org\/convention-club-ami-avec-lamicale-des-cyclos-cardiaques\/#primaryimage\"},\"image\":{\"@id\":\"https:\/\/centcols.org\/convention-club-ami-avec-lamicale-des-cyclos-cardiaques\/#primaryimage\"},\"thumbnailUrl\":\"https:\/\/centcols.org\/wp-content\/uploads\/2025\/02\/Image1-2.png\",\"datePublished\":\"2025-02-05T08:07:17+00:00\",\"dateModified\":\"2025-08-27T15:18:45+00:00\",\"breadcrumb\":{\"@id\":\"https:\/\/centcols.org\/convention-club-ami-avec-lamicale-des-cyclos-cardiaques\/#breadcrumb\"},\"inLanguage\":\"nl-BE\",\"potentialAction\":[{\"@type\":\"ReadAction\",\"target\":[\"https:\/\/centcols.org\/convention-club-ami-avec-lamicale-des-cyclos-cardiaques\/\"]}]},{\"@type\":\"ImageObject\",\"inLanguage\":\"nl-BE\",\"@id\":\"https:\/\/centcols.org\/convention-club-ami-avec-lamicale-des-cyclos-cardiaques\/#primaryimage\",\"url\":\"https:\/\/centcols.org\/wp-content\/uploads\/2025\/02\/Image1-2.png\",\"contentUrl\":\"https:\/\/centcols.org\/wp-content\/uploads\/2025\/02\/Image1-2.png\",\"width\":605,\"height\":165},{\"@type\":\"BreadcrumbList\",\"@id\":\"https:\/\/centcols.org\/convention-club-ami-avec-lamicale-des-cyclos-cardiaques\/#breadcrumb\",\"itemListElement\":[{\"@type\":\"ListItem\",\"position\":1,\"name\":\"Accueil\",\"item\":\"https:\/\/centcols.org\/\"},{\"@type\":\"ListItem\",\"position\":2,\"name\":\"Partenaires\",\"item\":\"https:\/\/centcols.org\/rubrique\/partenaires\/\"},{\"@type\":\"ListItem\",\"position\":3,\"name\":\"Convention \u00ab\u00a0Club ami\u00a0\u00bb avec l\u2019Amicale des Cyclos Cardiaques\"}]},{\"@type\":\"WebSite\",\"@id\":\"https:\/\/centcols.org\/#website\",\"url\":\"https:\/\/centcols.org\/\",\"name\":\"Club des Cent Cols\",\"description\":\"\",\"publisher\":{\"@id\":\"https:\/\/centcols.org\/#organization\"},\"potentialAction\":[{\"@type\":\"SearchAction\",\"target\":{\"@type\":\"EntryPoint\",\"urlTemplate\":\"https:\/\/centcols.org\/?s={search_term_string}\"},\"query-input\":{\"@type\":\"PropertyValueSpecification\",\"valueRequired\":true,\"valueName\":\"search_term_string\"}}],\"inLanguage\":\"nl-BE\"},{\"@type\":\"Organization\",\"@id\":\"https:\/\/centcols.org\/#organization\",\"name\":\"Club des Cent Cols\",\"url\":\"https:\/\/centcols.org\/\",\"logo\":{\"@type\":\"ImageObject\",\"inLanguage\":\"nl-BE\",\"@id\":\"https:\/\/centcols.org\/#\/schema\/logo\/image\/\",\"url\":\"https:\/\/centcols.org\/wp-content\/uploads\/2025\/01\/carte-icone.png\",\"contentUrl\":\"https:\/\/centcols.org\/wp-content\/uploads\/2025\/01\/carte-icone.png\",\"width\":250,\"height\":250,\"caption\":\"Club des Cent Cols\"},\"image\":{\"@id\":\"https:\/\/centcols.org\/#\/schema\/logo\/image\/\"},\"sameAs\":[\"https:\/\/www.facebook.com\/groups\/5261880558\/?locale=fr_FR\"]},{\"@type\":\"Person\",\"@id\":\"https:\/\/centcols.org\/#\/schema\/person\/fcdb31e57ffa95295c9683ffdda82afa\",\"name\":\"fabien\",\"image\":{\"@type\":\"ImageObject\",\"inLanguage\":\"nl-BE\",\"@id\":\"https:\/\/centcols.org\/wp-content\/litespeed\/avatar\/9065528d4c1ba02f0faf2b7616b2a195.jpg?ver=1777225983\",\"url\":\"https:\/\/centcols.org\/wp-content\/litespeed\/avatar\/9065528d4c1ba02f0faf2b7616b2a195.jpg?ver=1777225983\",\"contentUrl\":\"https:\/\/centcols.org\/wp-content\/litespeed\/avatar\/9065528d4c1ba02f0faf2b7616b2a195.jpg?ver=1777225983\",\"caption\":\"fabien\"},\"url\":\"https:\/\/centcols.org\/nl\/author\/fabien\/\"}]}<\/script>\n<!-- \/ Yoast SEO plugin. -->","yoast_head_json":{"title":"Club ami\" overeenkomst met Amicale des Cyclos Cardiaques - Club des Cent Cols","robots":{"index":"index","follow":"follow","max-snippet":"max-snippet:-1","max-image-preview":"max-image-preview:large","max-video-preview":"max-video-preview:-1"},"canonical":"https:\/\/centcols.org\/nl\/club-ami-overeenkomst-met-lamicale-des-cyclos-cardiaques\/","og_locale":"nl_BE","og_type":"article","og_title":"Convention \"Club ami\" avec l\u2019Amicale des Cyclos Cardiaques - Club des Cent Cols","og_description":"Sur la demande originelle d\u2019Andr\u00e9 Liotier, membre du Club des Cent Cols et de l\u2019Amicale des cyclos cardiaques, Bernard Giraudeau a propos\u00e9 aux membres du CA du club la signature d\u2019une convention de \u00ab\u00a0CLUB AMI\u00ab\u00a0 de l\u2019Amicale des cyclos cardiaques. Le pr\u00e9sident de l\u2019ACC, Jo\u00ebl Grandjean a re\u00e7u cette convention sign\u00e9e le 18 f\u00e9vrier dernier. [&hellip;]","og_url":"https:\/\/centcols.org\/nl\/club-ami-overeenkomst-met-lamicale-des-cyclos-cardiaques\/","og_site_name":"Club des Cent Cols","article_publisher":"https:\/\/www.facebook.com\/groups\/5261880558\/?locale=fr_FR","article_published_time":"2025-02-05T08:07:17+00:00","article_modified_time":"2025-08-27T15:18:45+00:00","og_image":[{"width":605,"height":165,"url":"https:\/\/centcols.org\/wp-content\/uploads\/2025\/02\/Image1-2.png","type":"image\/png"}],"author":"fabien","twitter_card":"summary_large_image","twitter_misc":{"Geschreven door":"fabien","Geschatte leestijd":"3 minuten"},"schema":{"@context":"https:\/\/schema.org","@graph":[{"@type":"Article","@id":"https:\/\/centcols.org\/convention-club-ami-avec-lamicale-des-cyclos-cardiaques\/#article","isPartOf":{"@id":"https:\/\/centcols.org\/convention-club-ami-avec-lamicale-des-cyclos-cardiaques\/"},"author":{"name":"fabien","@id":"https:\/\/centcols.org\/#\/schema\/person\/fcdb31e57ffa95295c9683ffdda82afa"},"headline":"Convention \u00ab\u00a0Club ami\u00a0\u00bb avec l\u2019Amicale des Cyclos Cardiaques","datePublished":"2025-02-05T08:07:17+00:00","dateModified":"2025-08-27T15:18:45+00:00","mainEntityOfPage":{"@id":"https:\/\/centcols.org\/convention-club-ami-avec-lamicale-des-cyclos-cardiaques\/"},"wordCount":382,"publisher":{"@id":"https:\/\/centcols.org\/#organization"},"image":{"@id":"https:\/\/centcols.org\/convention-club-ami-avec-lamicale-des-cyclos-cardiaques\/#primaryimage"},"thumbnailUrl":"https:\/\/centcols.org\/wp-content\/uploads\/2025\/02\/Image1-2.png","articleSection":["Partenaires"],"inLanguage":"nl-BE"},{"@type":"WebPage","@id":"https:\/\/centcols.org\/convention-club-ami-avec-lamicale-des-cyclos-cardiaques\/","url":"https:\/\/centcols.org\/convention-club-ami-avec-lamicale-des-cyclos-cardiaques\/","name":"Club ami\" overeenkomst met Amicale des Cyclos Cardiaques - Club des Cent Cols","isPartOf":{"@id":"https:\/\/centcols.org\/#website"},"primaryImageOfPage":{"@id":"https:\/\/centcols.org\/convention-club-ami-avec-lamicale-des-cyclos-cardiaques\/#primaryimage"},"image":{"@id":"https:\/\/centcols.org\/convention-club-ami-avec-lamicale-des-cyclos-cardiaques\/#primaryimage"},"thumbnailUrl":"https:\/\/centcols.org\/wp-content\/uploads\/2025\/02\/Image1-2.png","datePublished":"2025-02-05T08:07:17+00:00","dateModified":"2025-08-27T15:18:45+00:00","breadcrumb":{"@id":"https:\/\/centcols.org\/convention-club-ami-avec-lamicale-des-cyclos-cardiaques\/#breadcrumb"},"inLanguage":"nl-BE","potentialAction":[{"@type":"ReadAction","target":["https:\/\/centcols.org\/convention-club-ami-avec-lamicale-des-cyclos-cardiaques\/"]}]},{"@type":"ImageObject","inLanguage":"nl-BE","@id":"https:\/\/centcols.org\/convention-club-ami-avec-lamicale-des-cyclos-cardiaques\/#primaryimage","url":"https:\/\/centcols.org\/wp-content\/uploads\/2025\/02\/Image1-2.png","contentUrl":"https:\/\/centcols.org\/wp-content\/uploads\/2025\/02\/Image1-2.png","width":605,"height":165},{"@type":"BreadcrumbList","@id":"https:\/\/centcols.org\/convention-club-ami-avec-lamicale-des-cyclos-cardiaques\/#breadcrumb","itemListElement":[{"@type":"ListItem","position":1,"name":"Accueil","item":"https:\/\/centcols.org\/"},{"@type":"ListItem","position":2,"name":"Partenaires","item":"https:\/\/centcols.org\/rubrique\/partenaires\/"},{"@type":"ListItem","position":3,"name":"Convention \u00ab\u00a0Club ami\u00a0\u00bb avec l\u2019Amicale des Cyclos Cardiaques"}]},{"@type":"WebSite","@id":"https:\/\/centcols.org\/#website","url":"https:\/\/centcols.org\/","name":"Club van Cent Cols","description":"","publisher":{"@id":"https:\/\/centcols.org\/#organization"},"potentialAction":[{"@type":"SearchAction","target":{"@type":"EntryPoint","urlTemplate":"https:\/\/centcols.org\/?s={search_term_string}"},"query-input":{"@type":"PropertyValueSpecification","valueRequired":true,"valueName":"search_term_string"}}],"inLanguage":"nl-BE"},{"@type":"Organization","@id":"https:\/\/centcols.org\/#organization","name":"Club van Cent Cols","url":"https:\/\/centcols.org\/","logo":{"@type":"ImageObject","inLanguage":"nl-BE","@id":"https:\/\/centcols.org\/#\/schema\/logo\/image\/","url":"https:\/\/centcols.org\/wp-content\/uploads\/2025\/01\/carte-icone.png","contentUrl":"https:\/\/centcols.org\/wp-content\/uploads\/2025\/01\/carte-icone.png","width":250,"height":250,"caption":"Club des Cent Cols"},"image":{"@id":"https:\/\/centcols.org\/#\/schema\/logo\/image\/"},"sameAs":["https:\/\/www.facebook.com\/groups\/5261880558\/?locale=fr_FR"]},{"@type":"Person","@id":"https:\/\/centcols.org\/#\/schema\/person\/fcdb31e57ffa95295c9683ffdda82afa","name":"fabien","image":{"@type":"ImageObject","inLanguage":"nl-BE","@id":"https:\/\/centcols.org\/wp-content\/litespeed\/avatar\/9065528d4c1ba02f0faf2b7616b2a195.jpg?ver=1777225983","url":"https:\/\/centcols.org\/wp-content\/litespeed\/avatar\/9065528d4c1ba02f0faf2b7616b2a195.jpg?ver=1777225983","contentUrl":"https:\/\/centcols.org\/wp-content\/litespeed\/avatar\/9065528d4c1ba02f0faf2b7616b2a195.jpg?ver=1777225983","caption":"fabien"},"url":"https:\/\/centcols.org\/nl\/author\/fabien\/"}]}},"_links":{"self":[{"href":"https:\/\/centcols.org\/nl\/wp-json\/wp\/v2\/posts\/79498","targetHints":{"allow":["GET"]}}],"collection":[{"href":"https:\/\/centcols.org\/nl\/wp-json\/wp\/v2\/posts"}],"about":[{"href":"https:\/\/centcols.org\/nl\/wp-json\/wp\/v2\/types\/post"}],"author":[{"embeddable":true,"href":"https:\/\/centcols.org\/nl\/wp-json\/wp\/v2\/users\/2"}],"replies":[{"embeddable":true,"href":"https:\/\/centcols.org\/nl\/wp-json\/wp\/v2\/comments?post=79498"}],"version-history":[{"count":0,"href":"https:\/\/centcols.org\/nl\/wp-json\/wp\/v2\/posts\/79498\/revisions"}],"wp:featuredmedia":[{"embeddable":true,"href":"https:\/\/centcols.org\/nl\/wp-json\/wp\/v2\/media\/79499"}],"wp:attachment":[{"href":"https:\/\/centcols.org\/nl\/wp-json\/wp\/v2\/media?parent=79498"}],"wp:term":[{"taxonomy":"category","embeddable":true,"href":"https:\/\/centcols.org\/nl\/wp-json\/wp\/v2\/categories?post=79498"},{"taxonomy":"post_tag","embeddable":true,"href":"https:\/\/centcols.org\/nl\/wp-json\/wp\/v2\/tags?post=79498"}],"curies":[{"name":"wp","href":"https:\/\/api.w.org\/{rel}","templated":true}]}}