{"id":79506,"date":"2025-02-05T10:07:17","date_gmt":"2025-02-05T08:07:17","guid":{"rendered":"https:\/\/centcols.org\/le-brevet-de-randonneur-des-alpes-bra\/"},"modified":"2025-09-13T07:14:53","modified_gmt":"2025-09-13T05:14:53","slug":"het-alpenbrevet-voor-trekkers","status":"publish","type":"post","link":"https:\/\/centcols.org\/nl\/le-brevet-de-randonneur-des-alpes-bra\/","title":{"rendered":"Het Brevet de Randonneur des Alpes (BRA) 12 en 13 juli 2025"},"content":{"rendered":"<div class=\"wp-block-columns is-layout-flex wp-container-core-columns-is-layout-9d6595d7 wp-block-columns-is-layout-flex\">\n<div class=\"wp-block-column is-layout-flow wp-block-column-is-layout-flow\" style=\"flex-basis:66.66%\">\n<p class=\"has-medium-font-size\">De BRA werd in 1936 opgericht door Gustave Darchieux en wordt georganiseerd door de Cyclotouristes Grenoblois.<\/p>\n\n\n\n<p class=\"has-medium-font-size\">De 51<sup>th<\/sup> Brevet de Randonneur des Alpes vindt plaats op 12 en 13 juli 2025.<br><em>(Zaterdag 12 en zondag 13 voor de <strong>BAC <\/strong>(Brevet Alpin de Cyclotourisme) en zondag 13 voor het traditionele 1-daagse evenement).<\/em><\/p>\n<\/div>\n\n\n\n<div class=\"wp-block-column is-layout-flow wp-block-column-is-layout-flow\" style=\"flex-basis:33.33%\"><div class=\"wp-block-image is-resized\">\n<figure class=\"aligncenter size-full\"><img loading=\"lazy\" decoding=\"async\" width=\"495\" height=\"469\" src=\"https:\/\/centcols.org\/wp-content\/uploads\/2025\/02\/CTG.jpg\" alt=\"\" class=\"wp-image-79507\" style=\"aspect-ratio:1;object-fit:contain;width:300px\"\/><\/figure>\n<\/div><\/div>\n<\/div>\n\n\n\n<p><a href=\"https:\/\/www.bra-brevet-de-randonneur-des-alpes.fr\/\">Alle info hier<\/a><\/p>","protected":false},"excerpt":{"rendered":"<p>Le BRA a \u00e9t\u00e9 cr\u00e9\u00e9 en 1936 par Gustave Darchieux et est organis\u00e9 par les Cyclotouristes Grenoblois. Le 51\u00e8me Brevet de Randonneur des Alpes aura lieu les&nbsp; 12 et 13 juillet 2025.(Le samedi 12 et dimanche 13 pour le BAC (Brevet Alpin de Cyclotourisme) et le dimanche 13 pour l\u2019\u00e9preuve traditionnelle en 1 jour). Toutes [&hellip;]<\/p>\n","protected":false},"author":2,"featured_media":83896,"comment_status":"open","ping_status":"closed","sticky":false,"template":"","format":"standard","meta":{"_acf_changed":false,"footnotes":""},"categories":[135,423],"tags":[],"class_list":["post-79506","post","type-post","status-publish","format-standard","has-post-thumbnail","hentry","category-calendrier","category-cyclomontagnardes"],"acf":[],"yoast_head":"<!-- This site is optimized with the Yoast SEO plugin v27.2 - https:\/\/yoast.com\/product\/yoast-seo-wordpress\/ -->\n<title>Le Brevet de Randonneur des Alpes (BRA) 12 et 13 juillet 2025 - Club des Cent Cols<\/title>\n<meta name=\"robots\" content=\"index, follow, max-snippet:-1, max-image-preview:large, max-video-preview:-1\" \/>\n<link rel=\"canonical\" href=\"https:\/\/centcols.org\/nl\/het-alpenbrevet-voor-trekkers\/\" \/>\n<meta property=\"og:locale\" content=\"nl_BE\" \/>\n<meta property=\"og:type\" content=\"article\" \/>\n<meta property=\"og:title\" content=\"Le Brevet de Randonneur des Alpes (BRA) 12 et 13 juillet 2025 - Club des Cent Cols\" \/>\n<meta property=\"og:description\" content=\"Le BRA a \u00e9t\u00e9 cr\u00e9\u00e9 en 1936 par Gustave Darchieux et est organis\u00e9 par les Cyclotouristes Grenoblois. Le 51\u00e8me Brevet de Randonneur des Alpes aura lieu les&nbsp; 12 et 13 juillet 2025.(Le samedi 12 et dimanche 13 pour le BAC (Brevet Alpin de Cyclotourisme) et le dimanche 13 pour l\u2019\u00e9preuve traditionnelle en 1 jour). Toutes [&hellip;]\" \/>\n<meta property=\"og:url\" content=\"https:\/\/centcols.org\/nl\/het-alpenbrevet-voor-trekkers\/\" \/>\n<meta property=\"og:site_name\" content=\"Club des Cent Cols\" \/>\n<meta property=\"article:publisher\" content=\"https:\/\/www.facebook.com\/groups\/5261880558\/?locale=fr_FR\" \/>\n<meta property=\"article:published_time\" content=\"2025-02-05T08:07:17+00:00\" \/>\n<meta property=\"article:modified_time\" content=\"2025-09-13T05:14:53+00:00\" \/>\n<meta property=\"og:image\" content=\"https:\/\/centcols.org\/wp-content\/uploads\/2025\/02\/Bra2025r.jpg\" \/>\n\t<meta property=\"og:image:width\" content=\"1600\" \/>\n\t<meta property=\"og:image:height\" content=\"900\" \/>\n\t<meta property=\"og:image:type\" content=\"image\/jpeg\" \/>\n<meta name=\"author\" content=\"fabien\" \/>\n<meta name=\"twitter:card\" content=\"summary_large_image\" \/>\n<meta name=\"twitter:label1\" content=\"Geschreven door\" \/>\n\t<meta name=\"twitter:data1\" content=\"fabien\" \/>\n\t<meta name=\"twitter:label2\" content=\"Geschatte leestijd\" \/>\n\t<meta name=\"twitter:data2\" content=\"1 minuut\" \/>\n<script type=\"application\/ld+json\" class=\"yoast-schema-graph\">{\"@context\":\"https:\/\/schema.org\",\"@graph\":[{\"@type\":\"Article\",\"@id\":\"https:\/\/centcols.org\/le-brevet-de-randonneur-des-alpes-bra\/#article\",\"isPartOf\":{\"@id\":\"https:\/\/centcols.org\/le-brevet-de-randonneur-des-alpes-bra\/\"},\"author\":{\"name\":\"fabien\",\"@id\":\"https:\/\/centcols.org\/#\/schema\/person\/fcdb31e57ffa95295c9683ffdda82afa\"},\"headline\":\"Le Brevet de Randonneur des Alpes (BRA) 12 et 13 juillet 2025\",\"datePublished\":\"2025-02-05T08:07:17+00:00\",\"dateModified\":\"2025-09-13T05:14:53+00:00\",\"mainEntityOfPage\":{\"@id\":\"https:\/\/centcols.org\/le-brevet-de-randonneur-des-alpes-bra\/\"},\"wordCount\":62,\"commentCount\":0,\"publisher\":{\"@id\":\"https:\/\/centcols.org\/#organization\"},\"image\":{\"@id\":\"https:\/\/centcols.org\/le-brevet-de-randonneur-des-alpes-bra\/#primaryimage\"},\"thumbnailUrl\":\"https:\/\/centcols.org\/wp-content\/uploads\/2025\/02\/Bra2025r.jpg\",\"articleSection\":[\"Calendrier\",\"Cyclomontagnardes\"],\"inLanguage\":\"nl-BE\",\"potentialAction\":[{\"@type\":\"CommentAction\",\"name\":\"Comment\",\"target\":[\"https:\/\/centcols.org\/le-brevet-de-randonneur-des-alpes-bra\/#respond\"]}]},{\"@type\":\"WebPage\",\"@id\":\"https:\/\/centcols.org\/le-brevet-de-randonneur-des-alpes-bra\/\",\"url\":\"https:\/\/centcols.org\/le-brevet-de-randonneur-des-alpes-bra\/\",\"name\":\"Le Brevet de Randonneur des Alpes (BRA) 12 et 13 juillet 2025 - Club des Cent Cols\",\"isPartOf\":{\"@id\":\"https:\/\/centcols.org\/#website\"},\"primaryImageOfPage\":{\"@id\":\"https:\/\/centcols.org\/le-brevet-de-randonneur-des-alpes-bra\/#primaryimage\"},\"image\":{\"@id\":\"https:\/\/centcols.org\/le-brevet-de-randonneur-des-alpes-bra\/#primaryimage\"},\"thumbnailUrl\":\"https:\/\/centcols.org\/wp-content\/uploads\/2025\/02\/Bra2025r.jpg\",\"datePublished\":\"2025-02-05T08:07:17+00:00\",\"dateModified\":\"2025-09-13T05:14:53+00:00\",\"breadcrumb\":{\"@id\":\"https:\/\/centcols.org\/le-brevet-de-randonneur-des-alpes-bra\/#breadcrumb\"},\"inLanguage\":\"nl-BE\",\"potentialAction\":[{\"@type\":\"ReadAction\",\"target\":[\"https:\/\/centcols.org\/le-brevet-de-randonneur-des-alpes-bra\/\"]}]},{\"@type\":\"ImageObject\",\"inLanguage\":\"nl-BE\",\"@id\":\"https:\/\/centcols.org\/le-brevet-de-randonneur-des-alpes-bra\/#primaryimage\",\"url\":\"https:\/\/centcols.org\/wp-content\/uploads\/2025\/02\/Bra2025r.jpg\",\"contentUrl\":\"https:\/\/centcols.org\/wp-content\/uploads\/2025\/02\/Bra2025r.jpg\",\"width\":1600,\"height\":900},{\"@type\":\"BreadcrumbList\",\"@id\":\"https:\/\/centcols.org\/le-brevet-de-randonneur-des-alpes-bra\/#breadcrumb\",\"itemListElement\":[{\"@type\":\"ListItem\",\"position\":1,\"name\":\"Accueil\",\"item\":\"https:\/\/centcols.org\/\"},{\"@type\":\"ListItem\",\"position\":2,\"name\":\"Cyclomontagnardes\",\"item\":\"https:\/\/centcols.org\/rubrique\/cyclomontagnardes\/\"},{\"@type\":\"ListItem\",\"position\":3,\"name\":\"Le Brevet de Randonneur des Alpes (BRA) 12 et 13 juillet 2025\"}]},{\"@type\":\"WebSite\",\"@id\":\"https:\/\/centcols.org\/#website\",\"url\":\"https:\/\/centcols.org\/\",\"name\":\"Club des Cent Cols\",\"description\":\"\",\"publisher\":{\"@id\":\"https:\/\/centcols.org\/#organization\"},\"potentialAction\":[{\"@type\":\"SearchAction\",\"target\":{\"@type\":\"EntryPoint\",\"urlTemplate\":\"https:\/\/centcols.org\/?s={search_term_string}\"},\"query-input\":{\"@type\":\"PropertyValueSpecification\",\"valueRequired\":true,\"valueName\":\"search_term_string\"}}],\"inLanguage\":\"nl-BE\"},{\"@type\":\"Organization\",\"@id\":\"https:\/\/centcols.org\/#organization\",\"name\":\"Club des Cent Cols\",\"url\":\"https:\/\/centcols.org\/\",\"logo\":{\"@type\":\"ImageObject\",\"inLanguage\":\"nl-BE\",\"@id\":\"https:\/\/centcols.org\/#\/schema\/logo\/image\/\",\"url\":\"https:\/\/centcols.org\/wp-content\/uploads\/2025\/01\/carte-icone.png\",\"contentUrl\":\"https:\/\/centcols.org\/wp-content\/uploads\/2025\/01\/carte-icone.png\",\"width\":250,\"height\":250,\"caption\":\"Club des Cent Cols\"},\"image\":{\"@id\":\"https:\/\/centcols.org\/#\/schema\/logo\/image\/\"},\"sameAs\":[\"https:\/\/www.facebook.com\/groups\/5261880558\/?locale=fr_FR\"]},{\"@type\":\"Person\",\"@id\":\"https:\/\/centcols.org\/#\/schema\/person\/fcdb31e57ffa95295c9683ffdda82afa\",\"name\":\"fabien\",\"image\":{\"@type\":\"ImageObject\",\"inLanguage\":\"nl-BE\",\"@id\":\"https:\/\/centcols.org\/wp-content\/litespeed\/avatar\/9065528d4c1ba02f0faf2b7616b2a195.jpg?ver=1777225983\",\"url\":\"https:\/\/centcols.org\/wp-content\/litespeed\/avatar\/9065528d4c1ba02f0faf2b7616b2a195.jpg?ver=1777225983\",\"contentUrl\":\"https:\/\/centcols.org\/wp-content\/litespeed\/avatar\/9065528d4c1ba02f0faf2b7616b2a195.jpg?ver=1777225983\",\"caption\":\"fabien\"},\"url\":\"https:\/\/centcols.org\/nl\/author\/fabien\/\"}]}<\/script>\n<!-- \/ Yoast SEO plugin. -->","yoast_head_json":{"title":"Brevet de Randonneur des Alpes (BRA) 12 en 13 juli 2025 - Club des Cent Cols","robots":{"index":"index","follow":"follow","max-snippet":"max-snippet:-1","max-image-preview":"max-image-preview:large","max-video-preview":"max-video-preview:-1"},"canonical":"https:\/\/centcols.org\/nl\/het-alpenbrevet-voor-trekkers\/","og_locale":"nl_BE","og_type":"article","og_title":"Le Brevet de Randonneur des Alpes (BRA) 12 et 13 juillet 2025 - Club des Cent Cols","og_description":"Le BRA a \u00e9t\u00e9 cr\u00e9\u00e9 en 1936 par Gustave Darchieux et est organis\u00e9 par les Cyclotouristes Grenoblois. Le 51\u00e8me Brevet de Randonneur des Alpes aura lieu les&nbsp; 12 et 13 juillet 2025.(Le samedi 12 et dimanche 13 pour le BAC (Brevet Alpin de Cyclotourisme) et le dimanche 13 pour l\u2019\u00e9preuve traditionnelle en 1 jour). Toutes [&hellip;]","og_url":"https:\/\/centcols.org\/nl\/het-alpenbrevet-voor-trekkers\/","og_site_name":"Club des Cent Cols","article_publisher":"https:\/\/www.facebook.com\/groups\/5261880558\/?locale=fr_FR","article_published_time":"2025-02-05T08:07:17+00:00","article_modified_time":"2025-09-13T05:14:53+00:00","og_image":[{"width":1600,"height":900,"url":"https:\/\/centcols.org\/wp-content\/uploads\/2025\/02\/Bra2025r.jpg","type":"image\/jpeg"}],"author":"fabien","twitter_card":"summary_large_image","twitter_misc":{"Geschreven door":"fabien","Geschatte leestijd":"1 minuut"},"schema":{"@context":"https:\/\/schema.org","@graph":[{"@type":"Article","@id":"https:\/\/centcols.org\/le-brevet-de-randonneur-des-alpes-bra\/#article","isPartOf":{"@id":"https:\/\/centcols.org\/le-brevet-de-randonneur-des-alpes-bra\/"},"author":{"name":"fabien","@id":"https:\/\/centcols.org\/#\/schema\/person\/fcdb31e57ffa95295c9683ffdda82afa"},"headline":"Le Brevet de Randonneur des Alpes (BRA) 12 et 13 juillet 2025","datePublished":"2025-02-05T08:07:17+00:00","dateModified":"2025-09-13T05:14:53+00:00","mainEntityOfPage":{"@id":"https:\/\/centcols.org\/le-brevet-de-randonneur-des-alpes-bra\/"},"wordCount":62,"commentCount":0,"publisher":{"@id":"https:\/\/centcols.org\/#organization"},"image":{"@id":"https:\/\/centcols.org\/le-brevet-de-randonneur-des-alpes-bra\/#primaryimage"},"thumbnailUrl":"https:\/\/centcols.org\/wp-content\/uploads\/2025\/02\/Bra2025r.jpg","articleSection":["Calendrier","Cyclomontagnardes"],"inLanguage":"nl-BE","potentialAction":[{"@type":"CommentAction","name":"Comment","target":["https:\/\/centcols.org\/le-brevet-de-randonneur-des-alpes-bra\/#respond"]}]},{"@type":"WebPage","@id":"https:\/\/centcols.org\/le-brevet-de-randonneur-des-alpes-bra\/","url":"https:\/\/centcols.org\/le-brevet-de-randonneur-des-alpes-bra\/","name":"Brevet de Randonneur des Alpes (BRA) 12 en 13 juli 2025 - Club des Cent Cols","isPartOf":{"@id":"https:\/\/centcols.org\/#website"},"primaryImageOfPage":{"@id":"https:\/\/centcols.org\/le-brevet-de-randonneur-des-alpes-bra\/#primaryimage"},"image":{"@id":"https:\/\/centcols.org\/le-brevet-de-randonneur-des-alpes-bra\/#primaryimage"},"thumbnailUrl":"https:\/\/centcols.org\/wp-content\/uploads\/2025\/02\/Bra2025r.jpg","datePublished":"2025-02-05T08:07:17+00:00","dateModified":"2025-09-13T05:14:53+00:00","breadcrumb":{"@id":"https:\/\/centcols.org\/le-brevet-de-randonneur-des-alpes-bra\/#breadcrumb"},"inLanguage":"nl-BE","potentialAction":[{"@type":"ReadAction","target":["https:\/\/centcols.org\/le-brevet-de-randonneur-des-alpes-bra\/"]}]},{"@type":"ImageObject","inLanguage":"nl-BE","@id":"https:\/\/centcols.org\/le-brevet-de-randonneur-des-alpes-bra\/#primaryimage","url":"https:\/\/centcols.org\/wp-content\/uploads\/2025\/02\/Bra2025r.jpg","contentUrl":"https:\/\/centcols.org\/wp-content\/uploads\/2025\/02\/Bra2025r.jpg","width":1600,"height":900},{"@type":"BreadcrumbList","@id":"https:\/\/centcols.org\/le-brevet-de-randonneur-des-alpes-bra\/#breadcrumb","itemListElement":[{"@type":"ListItem","position":1,"name":"Accueil","item":"https:\/\/centcols.org\/"},{"@type":"ListItem","position":2,"name":"Cyclomontagnardes","item":"https:\/\/centcols.org\/rubrique\/cyclomontagnardes\/"},{"@type":"ListItem","position":3,"name":"Le Brevet de Randonneur des Alpes (BRA) 12 et 13 juillet 2025"}]},{"@type":"WebSite","@id":"https:\/\/centcols.org\/#website","url":"https:\/\/centcols.org\/","name":"Club van Cent Cols","description":"","publisher":{"@id":"https:\/\/centcols.org\/#organization"},"potentialAction":[{"@type":"SearchAction","target":{"@type":"EntryPoint","urlTemplate":"https:\/\/centcols.org\/?s={search_term_string}"},"query-input":{"@type":"PropertyValueSpecification","valueRequired":true,"valueName":"search_term_string"}}],"inLanguage":"nl-BE"},{"@type":"Organization","@id":"https:\/\/centcols.org\/#organization","name":"Club van Cent Cols","url":"https:\/\/centcols.org\/","logo":{"@type":"ImageObject","inLanguage":"nl-BE","@id":"https:\/\/centcols.org\/#\/schema\/logo\/image\/","url":"https:\/\/centcols.org\/wp-content\/uploads\/2025\/01\/carte-icone.png","contentUrl":"https:\/\/centcols.org\/wp-content\/uploads\/2025\/01\/carte-icone.png","width":250,"height":250,"caption":"Club des Cent Cols"},"image":{"@id":"https:\/\/centcols.org\/#\/schema\/logo\/image\/"},"sameAs":["https:\/\/www.facebook.com\/groups\/5261880558\/?locale=fr_FR"]},{"@type":"Person","@id":"https:\/\/centcols.org\/#\/schema\/person\/fcdb31e57ffa95295c9683ffdda82afa","name":"fabien","image":{"@type":"ImageObject","inLanguage":"nl-BE","@id":"https:\/\/centcols.org\/wp-content\/litespeed\/avatar\/9065528d4c1ba02f0faf2b7616b2a195.jpg?ver=1777225983","url":"https:\/\/centcols.org\/wp-content\/litespeed\/avatar\/9065528d4c1ba02f0faf2b7616b2a195.jpg?ver=1777225983","contentUrl":"https:\/\/centcols.org\/wp-content\/litespeed\/avatar\/9065528d4c1ba02f0faf2b7616b2a195.jpg?ver=1777225983","caption":"fabien"},"url":"https:\/\/centcols.org\/nl\/author\/fabien\/"}]}},"_links":{"self":[{"href":"https:\/\/centcols.org\/nl\/wp-json\/wp\/v2\/posts\/79506","targetHints":{"allow":["GET"]}}],"collection":[{"href":"https:\/\/centcols.org\/nl\/wp-json\/wp\/v2\/posts"}],"about":[{"href":"https:\/\/centcols.org\/nl\/wp-json\/wp\/v2\/types\/post"}],"author":[{"embeddable":true,"href":"https:\/\/centcols.org\/nl\/wp-json\/wp\/v2\/users\/2"}],"replies":[{"embeddable":true,"href":"https:\/\/centcols.org\/nl\/wp-json\/wp\/v2\/comments?post=79506"}],"version-history":[{"count":0,"href":"https:\/\/centcols.org\/nl\/wp-json\/wp\/v2\/posts\/79506\/revisions"}],"wp:featuredmedia":[{"embeddable":true,"href":"https:\/\/centcols.org\/nl\/wp-json\/wp\/v2\/media\/83896"}],"wp:attachment":[{"href":"https:\/\/centcols.org\/nl\/wp-json\/wp\/v2\/media?parent=79506"}],"wp:term":[{"taxonomy":"category","embeddable":true,"href":"https:\/\/centcols.org\/nl\/wp-json\/wp\/v2\/categories?post=79506"},{"taxonomy":"post_tag","embeddable":true,"href":"https:\/\/centcols.org\/nl\/wp-json\/wp\/v2\/tags?post=79506"}],"curies":[{"name":"wp","href":"https:\/\/api.w.org\/{rel}","templated":true}]}}