{"id":79512,"date":"2025-02-05T10:07:17","date_gmt":"2025-02-05T08:07:17","guid":{"rendered":"https:\/\/centcols.org\/des-feminines-dans-laction\/"},"modified":"2025-09-13T07:15:54","modified_gmt":"2025-09-13T05:15:54","slug":"vrouwen-in-actie","status":"publish","type":"post","link":"https:\/\/centcols.org\/nl\/des-feminines-dans-laction\/","title":{"rendered":"Vrouwen, door vrouwen, voor vrouwen"},"content":{"rendered":"\n<blockquote class=\"wp-block-quote is-layout-flow wp-block-quote-is-layout-flow\">\n<p>Une chronique de Fran\u00e7oise Valluche cc 6808<\/p>\n<\/blockquote>\n\n\n        <div class=\"toc-wrapper\" data-columns=\"1\"\n            data-headings=\"[{&quot;level&quot;:2,&quot;text&quot;:&quot;Article 4 : Des f\\u00e9minines dans l\\u2019action&quot;,&quot;id&quot;:&quot;toc-article-4-des-feminines-dans-laction&quot;,&quot;page&quot;:1,&quot;existing_id&quot;:false},{&quot;level&quot;:2,&quot;text&quot;:&quot;Article 3 : Mixit\\u00e9 et Parit\\u00e9, les femmes au sein des structures&quot;,&quot;id&quot;:&quot;toc-article-3-mixite-et-parite-les-femmes-au-sein-des-structures&quot;,&quot;page&quot;:1,&quot;existing_id&quot;:false},{&quot;level&quot;:2,&quot;text&quot;:&quot;Article 2 : Les Femmes vues par les Femmes&quot;,&quot;id&quot;:&quot;toc-article-2-les-femmes-vues-par-les-femmes&quot;,&quot;page&quot;:1,&quot;existing_id&quot;:false},{&quot;level&quot;:2,&quot;text&quot;:&quot;Article 1 : Les Femmes par les Femmes&quot;,&quot;id&quot;:&quot;toc-article-1-les-femmes-par-les-femmes&quot;,&quot;page&quot;:1,&quot;existing_id&quot;:false}]\"\n            data-current-page=\"1\"\n            data-base-url=\"https:\/\/centcols.org\/nl\/des-feminines-dans-laction\/\">\n            <div class=\"toc-title\">\n                Sommaire de la chronique            <\/div>\n            <div class=\"toc-content\" style=\"column-count: 1;\">\n                <ul class=\"toc-list\"><li class=\"toc-item toc-level-2\"><a href=\"#toc-article-4-des-feminines-dans-laction\" class=\"toc-link\" data-same-page=\"true\">Article 4 : Des f\u00e9minines dans l\u2019action<\/a><\/li><li class=\"toc-item toc-level-2\"><a href=\"#toc-article-3-mixite-et-parite-les-femmes-au-sein-des-structures\" class=\"toc-link\" data-same-page=\"true\">Article 3 : Mixit\u00e9 et Parit\u00e9, les femmes au sein des structures<\/a><\/li><li class=\"toc-item toc-level-2\"><a href=\"#toc-article-2-les-femmes-vues-par-les-femmes\" class=\"toc-link\" data-same-page=\"true\">Article 2 : Les Femmes vues par les Femmes<\/a><\/li><li class=\"toc-item toc-level-2\"><a href=\"#toc-article-1-les-femmes-par-les-femmes\" class=\"toc-link\" data-same-page=\"true\">Article 1 : Les Femmes par les Femmes<\/a><\/li><\/ul>            <\/div>\n        <\/div>\n    \n\n\n<h2 class=\"wp-block-heading\">Article 4 : Des f\u00e9minines dans l\u2019action<\/h2>\n\n\n\n<p>En cette p\u00e9riode de l\u2019ann\u00e9e l\u2019activit\u00e9 v\u00e9lo est diverse et de nombreux b\u00e9n\u00e9voles font de leur mieux pour assurer toutes les organisations au sein de leurs clubs, des CODEP et des COREG.<\/p>\n\n\n\n<p>Tout d\u2019abord f\u00e9licitations aux nouveaux adh\u00e9rents, adh\u00e9rentes au club des Centcols , et aux chasseuses de cols repr\u00e9sent\u00e9es sur la revue 2023.<\/p>\n\n\n\n<p>Parmi ces b\u00e9n\u00e9voles, des f\u00e9minines.<br>Je me permets de nommer les f\u00e9minines membres du COREG AURA engag\u00e9es dans diverses commissions :<\/p>\n\n\n\n<ul class=\"wp-block-list\">\n<li>Danielle GUILLEMOT, responsable de la commission tourisme s\u00e9jour<\/li>\n\n\n\n<li>Janette FRAIOLI, responsable de la commission f\u00e9minine<\/li>\n\n\n\n<li>Monique LABORDE, responsable de la commission Jeunes<\/li>\n\n\n\n<li>Fran\u00e7oise VALLUCHE, responsable de la commission handicap<\/li>\n\n\n\n<li>Jocelyne LEFEBVRE, responsable de la commission challenge<\/li>\n<\/ul>\n\n\n\n<p>Dans chacune de ces commissions, des s\u00e9jours sont organis\u00e9s, et elles ont r\u00e9ussi&nbsp;avec succ\u00e8s ces organisations en collaboration avec les membres de chacune&nbsp;des commissions.<\/p>\n\n\n\n<p>Au sein de ce COREG AURA (Ndlr : Comit\u00e9 R\u00e9gional Auvergne \u2013 Rh\u00f4ne-Alpes), la pr\u00e9sidente est second\u00e9e par 3 autres f\u00e9minines&nbsp;(la tr\u00e9sori\u00e8re, la tr\u00e9sori\u00e8re adjointe, et la secr\u00e9taire adjointe).<br>Au total 8 f\u00e9minines sur 15 membres, la parit\u00e9 est acquise.<br><br>Simplement des f\u00e9minines engag\u00e9es dans des structures avec souvent le constat&nbsp;que beaucoup de temps est donn\u00e9 pour le plaisir de tous et un peu moins pour le v\u00e9lo.<\/p>\n\n\n\n<p>La difficult\u00e9 en cette p\u00e9riode est de recruter des f\u00e9minines dans les clubs et les&nbsp;structures. Heureusement, la communication par les r\u00e9seaux sociaux est un atout.<\/p>\n\n\n\n<p>Au vu des&nbsp;participations dans des organisations sp\u00e9cifiques la jeune g\u00e9n\u00e9ration se sent&nbsp;moins impliqu\u00e9e.&nbsp;Esp\u00e9rons que cette tendance s\u2019inverse, c\u2019est aussi une grande satisfaction pour&nbsp;chacune d\u2019entre elles lorsque leur mission est r\u00e9ussie.<\/p>\n\n\n\n<hr class=\"wp-block-separator has-alpha-channel-opacity\"\/>\n\n\n\n<h2 class=\"wp-block-heading\">Article 3 : Mixit\u00e9 et Parit\u00e9, les femmes au sein des structures<\/h2>\n\n\n\n<p>Au cours de l\u2019article 2, je mettais l\u2019accent sur la n\u00e9cessit\u00e9 de franchir le pas et de s\u2019investir dans le b\u00e9n\u00e9volat au sein des clubs et des structures au moment o\u00f9 les clubs, les CODEP, les COREG et la F\u00e9d\u00e9ration font appel \u00e0 des candidatures hommes et femmes.<\/p>\n\n\n\n<p>Depuis l\u2019article, la plupart des Assembl\u00e9es G\u00e9n\u00e9rales se sont d\u00e9roul\u00e9es.<\/p>\n\n\n<div class=\"wp-block-image\">\n<figure class=\"aligncenter size-full\"><img loading=\"lazy\" decoding=\"async\" width=\"552\" height=\"736\" src=\"https:\/\/centcols.org\/wp-content\/uploads\/2025\/02\/Lydie-Chenot.jpg\" alt=\"\" class=\"wp-image-79474\"\/><figcaption class=\"wp-element-caption\">Lydie Chenot<\/figcaption><\/figure>\n<\/div>\n\n\n<p>Je mettrai \u00e0 l\u2019Honneur aujourd\u2019hui l\u2019\u00e9lue f\u00e9minine, membre du comit\u00e9 directeur au sein de la F\u00e9d\u00e9ration Fran\u00e7aise de Cyclotourisme commission F\u00e9minine, <strong>Lydie CHENOT<\/strong> de la r\u00e9gion Grand Est et membre du Club des Cent Cols.<br>Elle avait pour mission au cours de l\u2019AG F\u00e9d\u00e9rale les 11 et 12 D\u00e9cembre \u00e0 NIORT de pr\u00e9senter le rapport sur la mixit\u00e9.<br>En effet, une nouvelle directive sur la loi du sport pr\u00e9voit le renouvellement des instances dirigeantes, avec la parit\u00e9 hommes&nbsp;\/ femmes dans les F\u00e9d\u00e9rations sportives.<\/p>\n\n\n\n<p>Pour m\u00e9moire&nbsp;:<\/p>\n\n\n\n<ul class=\"wp-block-list\">\n<li>La parit\u00e9 = 50% hommes \u2013 50% femmes &nbsp;&nbsp;&nbsp;<\/li>\n\n\n\n<li>La mixit\u00e9 = 30% femmes<\/li>\n<\/ul>\n\n\n\n<p>Vous pouvez voir ce rapport \u00ab&nbsp;de la mixit\u00e9 \u00e0 la parit\u00e9, la F\u00e9d\u00e9ration y travaille&nbsp;\u00bb sur la revue F\u00e9d\u00e9rale papier page 50 ou sur le site <a href=\"https:\/\/cyclotourisme-mag.com\/2022\/12\/20\/de-la-mixite-a-la-parite-la-federation-y-travaille\/\">Ffv\u00e9lo.fr<\/a><\/p>\n\n\n\n<p>Cette revue met \u00e9galement \u00e0 l\u2019Honneur les <a href=\"https:\/\/cyclotourisme-mag.com\/2022\/11\/09\/assemblee-generale-du-cinquantenaire-du-club-des-cent-cols\/\"><strong>50 ans<\/strong> du <strong>club des Cent Cols<\/strong> <\/a>en page 24 et 25.<\/p>\n\n\n\n<p>Je nommerai \u00e9galement <strong>Nadine GIRAUDEAU<\/strong> qui est intervenue au cours de cette AG f\u00e9d\u00e9rale \u00e0 Niort pour pr\u00e9senter le club des Cent Cols et tenir le stand du club.<\/p>\n\n\n\n<p><strong>Statistique&nbsp;<\/strong>: dans les Comit\u00e9s R\u00e9gionaux et les Comit\u00e9s D\u00e9partementaux seulement 15 % de F\u00e9minines et souvent \u00e0 des postes de secr\u00e9taire.<br>Au cours de l\u2019Atelier d\u00e9bat sur ce sujet mixit\u00e9 parit\u00e9, il a \u00e9t\u00e9 abord\u00e9 divers param\u00e8tres pour fid\u00e9liser les f\u00e9minines et aborder les besoins \u00e0 partager l\u2019exp\u00e9rience au sein des structures.<br>Attirer des nouvelles adh\u00e9rentes dans les clubs (allure dans les groupes \u2013 communication r\u00e9seaux sociaux \u2013 accueil famille \u2013 site des clubs\u2026).<\/p>\n\n\n\n<p>Ce sujet devient \u00e9vident dans nos structures, il y va de la p\u00e9rennit\u00e9 de nos clubs.<\/p>\n\n\n\n<p>Personnellement dans mon CODEP63 pour le renouvellement de notre bureau 1 seul candidat. Il remplacera la tr\u00e9sori\u00e8re d\u00e9missionnaire depuis L\u2019AG 2021.<\/p>\n\n\n\n<p>J\u2019ai \u00e9t\u00e9 \u00e9lue au poste de <strong>pr\u00e9sidente <\/strong>pour remplacer \u00e9galement le Pr\u00e9sident d\u00e9missionnaire depuis l\u2019AG 2021. J\u2019\u00e9tais secr\u00e9taire depuis 1995.<\/p>\n\n\n\n<p>Crise du B\u00e9n\u00e9vole dans nos clubs. Et dans le bureau du club des Cent Cols des postes pour les f\u00e9minines aussi.<\/p>\n\n\n\n<p>C\u2019est un sujet \u00e0 mettre en \u00e9vidence dans nos clubs.<\/p>\n\n\n\n<p>Ann\u00e9e v\u00e9lo 2023 dans le Puy De D\u00f4me avec le <strong>passage du Tour de France<\/strong> et le d\u00e9part du <strong>tour F\u00e9minin \u00e0 Clermont-Ferrand<\/strong>. L\u2019accent sera mis sur les f\u00e9minines lors de la F\u00eate Du V\u00e9lo les 13 et 14 Mai.<\/p>\n\n\n\n<p>A chacun chacune d\u2019apporter un petit plus pour changer notre pratique.<\/p>\n\n\n\n<hr class=\"wp-block-separator has-alpha-channel-opacity\"\/>\n\n\n\n<h2 class=\"wp-block-heading\">Article 2 : Les Femmes vues par les Femmes<\/h2>\n\n\n\n<p>Lors de mon premier article j\u2019avais projet d\u2019\u00e9crire sur le sujet : Femmes B\u00e9n\u00e9volat, et<br>femmes dans les structures.<br>La p\u00e9riode \u00e9tant propice aux Assembl\u00e9es G\u00e9n\u00e9rales dans les clubs, Les Comit\u00e9 R\u00e9gionaux et notre<br>F\u00e9d\u00e9ration, il est fait appel aux candidats hommes ou femmes.<br>Pas facile de faire le premier pas, milles excuses, trop \u00e2g\u00e9s (\u00e2g\u00e9es), pas le temps, la famille, pas envie<br>de s\u2019investir, les r\u00e9unions, l\u2019informatique, d\u00e9j\u00e0 engag\u00e9(\u00e9e) par ailleurs, et bien d\u2019autres encore. Et<br>l\u2019on poursuit son chemin le travail \u00e9tant tout assur\u00e9 par les membres b\u00e9n\u00e9voles d\u00e9j\u00e0 \u00e9lus.<br>Oui mais il faut que notre loisir soit partag\u00e9, et ces b\u00e9n\u00e9voles consacrent un peu moins de leur<br>temps \u00e0 pratiquer notre loisir, le v\u00e9lo, cyclotourisme, route ou VTT, ou se consacrer \u00e0 faire \u00e9voluer<br>leur liste de cols.<br>Il est \u00e9vident que le temps dont on dispose lorsque nous nous engageons comme simple membre,<br>ou responsable dans diverses commissions, sera forc\u00e9ment impact\u00e9.<br>Mais la parit\u00e9 n\u2019est pas encore atteinte dans de nombreux Clubs, CODEP, COREG. Il est important<br>que les f\u00e9minines apportent leur regard sur notre activit\u00e9, qu\u2019elles ne soient pas simplement acteur.<br>Lorsque l\u2019on a franchi ce premier pas, nous avons beaucoup \u00e0 apprendre, \u00e0 observer, mais aussi \u00e0<br>donner de notre savoir sur le terrain. C\u2019est un investissement, vous aurez des retours positifs et<br>parfois des d\u00e9sagr\u00e9ments.<br>Je peux dire que personnellement j\u2019ai \u00e9t\u00e9 plong\u00e9 rapidement dans le bureau de mon club suite \u00e0 un<br>d\u00e9saccord. (Pour une autre page \u2026 Mon parcours).<br>F\u00e9licitations aux f\u00e9minines qui ont donn\u00e9 ou donnent de leur temps \u00e0 notre club, mais je suppose<br>que le bureau n\u2019est pas complet, alors peut-\u00eatre une candidate \u00e0 notre prochaine AG.<br>Pour info votre Comit\u00e9 R\u00e9gional Auvergne Rh\u00f4ne-Alpes, la pr\u00e9sidente Mme Catherine BORGEAIS-<br>ROUET, a actuellement 14 membres actifs dont 8 f\u00e9minines. Personnellement je suis responsable de<br>la commission Handicap.<br>Et Lydie CHENOT une amie que j\u2019ai fait inscrire au Cent cols avec son mari, a \u00e9t\u00e9 \u00e9lue \u00e0 la commission<br>f\u00e9minine de notre F\u00e9d\u00e9ration FFCT lors de la derni\u00e8re AG.<br>Les F\u00e9minines \u00e0 vos postes **** tout \u00e0 votre honneur<\/p>\n\n\n\n<hr class=\"wp-block-separator has-alpha-channel-opacity\"\/>\n\n\n\n<h2 class=\"wp-block-heading\">Article 1 : Les Femmes par les Femmes<\/h2>\n\n\n\n<p>Femmes, la pratique du v\u00e9lo, son int\u00e9r\u00eat.<br>Comme chacun, bien sur chacune, nous avons toutes fait du v\u00e9lo. Avec le d\u00e9veloppement de cette activit\u00e9, et selon le temps dont nous disposons, nous avons peut-\u00eatre \u00e9t\u00e9 amen\u00e9e \u00e0 pratiquer cette activit\u00e9 seule, en famille ou en club, en sportive ou en toute libert\u00e9.<br>Actuellement le <em>boom<\/em> du VAE fait que nous voyons plus de f\u00e9minines de tout \u00e2ge avec ce type de v\u00e9lo, route ou VTT, mais roulant sans \u00eatre licenci\u00e9es et n\u2019appartenant pas \u00e0 un club.<br>Ce que j\u2019en pense : tr\u00e8s bonne initiative de leur part, qu\u2019il soit avec ou sans assistance, cela \u00e9largit un champ d\u2019activit\u00e9 essentiel : Sport, Sant\u00e9, d\u00e9placement personnel, sans oublier la partie tourisme et culture.<br>Donc il y a un travail de fond \u00e0 r\u00e9aliser pour le rouler ensemble.<br>Ce sujet reste vaste, alors je propose de suivre cette page avec divers sujets.<br>Fran\u00e7oise Valluche membre 6808<\/p>\n","protected":false},"excerpt":{"rendered":"<p>Une chronique de Fran\u00e7oise Valluche cc 6808 Article 4 : Des f\u00e9minines dans l\u2019action En cette p\u00e9riode de l\u2019ann\u00e9e l\u2019activit\u00e9 v\u00e9lo est diverse et de nombreux b\u00e9n\u00e9voles font de leur mieux pour assurer toutes les organisations au sein de leurs clubs, des CODEP et des COREG. Tout d\u2019abord f\u00e9licitations aux nouveaux adh\u00e9rents, adh\u00e9rentes au club [&hellip;]<\/p>\n","protected":false},"author":3,"featured_media":84382,"comment_status":"closed","ping_status":"closed","sticky":false,"template":"","format":"standard","meta":{"_acf_changed":false,"footnotes":""},"categories":[445],"tags":[],"class_list":["post-79512","post","type-post","status-publish","format-standard","has-post-thumbnail","hentry","category-tribune"],"acf":[],"yoast_head":"<!-- This site is optimized with the Yoast SEO plugin v27.2 - https:\/\/yoast.com\/product\/yoast-seo-wordpress\/ -->\n<title>Les femmes, par les femmes, pour les femmes - Club des Cent Cols<\/title>\n<meta name=\"robots\" content=\"index, follow, max-snippet:-1, max-image-preview:large, max-video-preview:-1\" \/>\n<link rel=\"canonical\" href=\"https:\/\/centcols.org\/nl\/vrouwen-in-actie\/\" \/>\n<meta property=\"og:locale\" content=\"nl_BE\" \/>\n<meta property=\"og:type\" content=\"article\" \/>\n<meta property=\"og:title\" content=\"Les femmes, par les femmes, pour les femmes - Club des Cent Cols\" \/>\n<meta property=\"og:description\" content=\"Une chronique de Fran\u00e7oise Valluche cc 6808 Article 4 : Des f\u00e9minines dans l\u2019action En cette p\u00e9riode de l\u2019ann\u00e9e l\u2019activit\u00e9 v\u00e9lo est diverse et de nombreux b\u00e9n\u00e9voles font de leur mieux pour assurer toutes les organisations au sein de leurs clubs, des CODEP et des COREG. Tout d\u2019abord f\u00e9licitations aux nouveaux adh\u00e9rents, adh\u00e9rentes au club [&hellip;]\" \/>\n<meta property=\"og:url\" content=\"https:\/\/centcols.org\/nl\/vrouwen-in-actie\/\" \/>\n<meta property=\"og:site_name\" content=\"Club des Cent Cols\" \/>\n<meta property=\"article:publisher\" content=\"https:\/\/www.facebook.com\/groups\/5261880558\/?locale=fr_FR\" \/>\n<meta property=\"article:published_time\" content=\"2025-02-05T08:07:17+00:00\" \/>\n<meta property=\"article:modified_time\" content=\"2025-09-13T05:15:54+00:00\" \/>\n<meta property=\"og:image\" content=\"https:\/\/centcols.org\/wp-content\/uploads\/2025\/02\/femmesaction.jpg\" \/>\n\t<meta property=\"og:image:width\" content=\"900\" \/>\n\t<meta property=\"og:image:height\" content=\"491\" \/>\n\t<meta property=\"og:image:type\" content=\"image\/jpeg\" \/>\n<meta name=\"author\" content=\"Webmestre\" \/>\n<meta name=\"twitter:card\" content=\"summary_large_image\" \/>\n<meta name=\"twitter:label1\" content=\"Geschreven door\" \/>\n\t<meta name=\"twitter:data1\" content=\"Webmestre\" \/>\n\t<meta name=\"twitter:label2\" content=\"Geschatte leestijd\" \/>\n\t<meta name=\"twitter:data2\" content=\"7 minuten\" \/>\n<script type=\"application\/ld+json\" class=\"yoast-schema-graph\">{\"@context\":\"https:\/\/schema.org\",\"@graph\":[{\"@type\":\"Article\",\"@id\":\"https:\/\/centcols.org\/des-feminines-dans-laction\/#article\",\"isPartOf\":{\"@id\":\"https:\/\/centcols.org\/des-feminines-dans-laction\/\"},\"author\":{\"name\":\"Webmestre\",\"@id\":\"https:\/\/centcols.org\/#\/schema\/person\/911b404fb133d8c913dd27cdcf71c8e5\"},\"headline\":\"Les femmes, par les femmes, pour les femmes\",\"datePublished\":\"2025-02-05T08:07:17+00:00\",\"dateModified\":\"2025-09-13T05:15:54+00:00\",\"mainEntityOfPage\":{\"@id\":\"https:\/\/centcols.org\/des-feminines-dans-laction\/\"},\"wordCount\":1401,\"publisher\":{\"@id\":\"https:\/\/centcols.org\/#organization\"},\"image\":{\"@id\":\"https:\/\/centcols.org\/des-feminines-dans-laction\/#primaryimage\"},\"thumbnailUrl\":\"https:\/\/centcols.org\/wp-content\/uploads\/2025\/02\/femmesaction.jpg\",\"articleSection\":[\"Tribune\"],\"inLanguage\":\"nl-BE\"},{\"@type\":\"WebPage\",\"@id\":\"https:\/\/centcols.org\/des-feminines-dans-laction\/\",\"url\":\"https:\/\/centcols.org\/des-feminines-dans-laction\/\",\"name\":\"Les femmes, par les femmes, pour les femmes - Club des Cent Cols\",\"isPartOf\":{\"@id\":\"https:\/\/centcols.org\/#website\"},\"primaryImageOfPage\":{\"@id\":\"https:\/\/centcols.org\/des-feminines-dans-laction\/#primaryimage\"},\"image\":{\"@id\":\"https:\/\/centcols.org\/des-feminines-dans-laction\/#primaryimage\"},\"thumbnailUrl\":\"https:\/\/centcols.org\/wp-content\/uploads\/2025\/02\/femmesaction.jpg\",\"datePublished\":\"2025-02-05T08:07:17+00:00\",\"dateModified\":\"2025-09-13T05:15:54+00:00\",\"breadcrumb\":{\"@id\":\"https:\/\/centcols.org\/des-feminines-dans-laction\/#breadcrumb\"},\"inLanguage\":\"nl-BE\",\"potentialAction\":[{\"@type\":\"ReadAction\",\"target\":[\"https:\/\/centcols.org\/des-feminines-dans-laction\/\"]}]},{\"@type\":\"ImageObject\",\"inLanguage\":\"nl-BE\",\"@id\":\"https:\/\/centcols.org\/des-feminines-dans-laction\/#primaryimage\",\"url\":\"https:\/\/centcols.org\/wp-content\/uploads\/2025\/02\/femmesaction.jpg\",\"contentUrl\":\"https:\/\/centcols.org\/wp-content\/uploads\/2025\/02\/femmesaction.jpg\",\"width\":900,\"height\":491},{\"@type\":\"BreadcrumbList\",\"@id\":\"https:\/\/centcols.org\/des-feminines-dans-laction\/#breadcrumb\",\"itemListElement\":[{\"@type\":\"ListItem\",\"position\":1,\"name\":\"Accueil\",\"item\":\"https:\/\/centcols.org\/\"},{\"@type\":\"ListItem\",\"position\":2,\"name\":\"Gazette\",\"item\":\"https:\/\/centcols.org\/rubrique\/gazette\/\"},{\"@type\":\"ListItem\",\"position\":3,\"name\":\"Tribune\",\"item\":\"https:\/\/centcols.org\/rubrique\/gazette\/tribune\/\"},{\"@type\":\"ListItem\",\"position\":4,\"name\":\"Les femmes, par les femmes, pour les femmes\"}]},{\"@type\":\"WebSite\",\"@id\":\"https:\/\/centcols.org\/#website\",\"url\":\"https:\/\/centcols.org\/\",\"name\":\"Club des Cent Cols\",\"description\":\"\",\"publisher\":{\"@id\":\"https:\/\/centcols.org\/#organization\"},\"potentialAction\":[{\"@type\":\"SearchAction\",\"target\":{\"@type\":\"EntryPoint\",\"urlTemplate\":\"https:\/\/centcols.org\/?s={search_term_string}\"},\"query-input\":{\"@type\":\"PropertyValueSpecification\",\"valueRequired\":true,\"valueName\":\"search_term_string\"}}],\"inLanguage\":\"nl-BE\"},{\"@type\":\"Organization\",\"@id\":\"https:\/\/centcols.org\/#organization\",\"name\":\"Club des Cent Cols\",\"url\":\"https:\/\/centcols.org\/\",\"logo\":{\"@type\":\"ImageObject\",\"inLanguage\":\"nl-BE\",\"@id\":\"https:\/\/centcols.org\/#\/schema\/logo\/image\/\",\"url\":\"https:\/\/centcols.org\/wp-content\/uploads\/2025\/01\/carte-icone.png\",\"contentUrl\":\"https:\/\/centcols.org\/wp-content\/uploads\/2025\/01\/carte-icone.png\",\"width\":250,\"height\":250,\"caption\":\"Club des Cent Cols\"},\"image\":{\"@id\":\"https:\/\/centcols.org\/#\/schema\/logo\/image\/\"},\"sameAs\":[\"https:\/\/www.facebook.com\/groups\/5261880558\/?locale=fr_FR\"]},{\"@type\":\"Person\",\"@id\":\"https:\/\/centcols.org\/#\/schema\/person\/911b404fb133d8c913dd27cdcf71c8e5\",\"name\":\"Webmestre\",\"image\":{\"@type\":\"ImageObject\",\"inLanguage\":\"nl-BE\",\"@id\":\"https:\/\/centcols.org\/wp-content\/litespeed\/avatar\/2d246e4b6b4f773e08515e1ffc53690b.jpg?ver=1777222892\",\"url\":\"https:\/\/centcols.org\/wp-content\/litespeed\/avatar\/2d246e4b6b4f773e08515e1ffc53690b.jpg?ver=1777222892\",\"contentUrl\":\"https:\/\/centcols.org\/wp-content\/litespeed\/avatar\/2d246e4b6b4f773e08515e1ffc53690b.jpg?ver=1777222892\",\"caption\":\"Webmestre\"},\"url\":\"https:\/\/centcols.org\/nl\/author\/webmestre\/\"}]}<\/script>\n<!-- \/ Yoast SEO plugin. -->","yoast_head_json":{"title":"Vrouwen, door vrouwen, voor vrouwen - Club des Cent Cols","robots":{"index":"index","follow":"follow","max-snippet":"max-snippet:-1","max-image-preview":"max-image-preview:large","max-video-preview":"max-video-preview:-1"},"canonical":"https:\/\/centcols.org\/nl\/vrouwen-in-actie\/","og_locale":"nl_BE","og_type":"article","og_title":"Les femmes, par les femmes, pour les femmes - Club des Cent Cols","og_description":"Une chronique de Fran\u00e7oise Valluche cc 6808 Article 4 : Des f\u00e9minines dans l\u2019action En cette p\u00e9riode de l\u2019ann\u00e9e l\u2019activit\u00e9 v\u00e9lo est diverse et de nombreux b\u00e9n\u00e9voles font de leur mieux pour assurer toutes les organisations au sein de leurs clubs, des CODEP et des COREG. Tout d\u2019abord f\u00e9licitations aux nouveaux adh\u00e9rents, adh\u00e9rentes au club [&hellip;]","og_url":"https:\/\/centcols.org\/nl\/vrouwen-in-actie\/","og_site_name":"Club des Cent Cols","article_publisher":"https:\/\/www.facebook.com\/groups\/5261880558\/?locale=fr_FR","article_published_time":"2025-02-05T08:07:17+00:00","article_modified_time":"2025-09-13T05:15:54+00:00","og_image":[{"width":900,"height":491,"url":"https:\/\/centcols.org\/wp-content\/uploads\/2025\/02\/femmesaction.jpg","type":"image\/jpeg"}],"author":"Webmestre","twitter_card":"summary_large_image","twitter_misc":{"Geschreven door":"Webmestre","Geschatte leestijd":"7 minuten"},"schema":{"@context":"https:\/\/schema.org","@graph":[{"@type":"Article","@id":"https:\/\/centcols.org\/des-feminines-dans-laction\/#article","isPartOf":{"@id":"https:\/\/centcols.org\/des-feminines-dans-laction\/"},"author":{"name":"Webmestre","@id":"https:\/\/centcols.org\/#\/schema\/person\/911b404fb133d8c913dd27cdcf71c8e5"},"headline":"Les femmes, par les femmes, pour les femmes","datePublished":"2025-02-05T08:07:17+00:00","dateModified":"2025-09-13T05:15:54+00:00","mainEntityOfPage":{"@id":"https:\/\/centcols.org\/des-feminines-dans-laction\/"},"wordCount":1401,"publisher":{"@id":"https:\/\/centcols.org\/#organization"},"image":{"@id":"https:\/\/centcols.org\/des-feminines-dans-laction\/#primaryimage"},"thumbnailUrl":"https:\/\/centcols.org\/wp-content\/uploads\/2025\/02\/femmesaction.jpg","articleSection":["Tribune"],"inLanguage":"nl-BE"},{"@type":"WebPage","@id":"https:\/\/centcols.org\/des-feminines-dans-laction\/","url":"https:\/\/centcols.org\/des-feminines-dans-laction\/","name":"Vrouwen, door vrouwen, voor vrouwen - Club des Cent Cols","isPartOf":{"@id":"https:\/\/centcols.org\/#website"},"primaryImageOfPage":{"@id":"https:\/\/centcols.org\/des-feminines-dans-laction\/#primaryimage"},"image":{"@id":"https:\/\/centcols.org\/des-feminines-dans-laction\/#primaryimage"},"thumbnailUrl":"https:\/\/centcols.org\/wp-content\/uploads\/2025\/02\/femmesaction.jpg","datePublished":"2025-02-05T08:07:17+00:00","dateModified":"2025-09-13T05:15:54+00:00","breadcrumb":{"@id":"https:\/\/centcols.org\/des-feminines-dans-laction\/#breadcrumb"},"inLanguage":"nl-BE","potentialAction":[{"@type":"ReadAction","target":["https:\/\/centcols.org\/des-feminines-dans-laction\/"]}]},{"@type":"ImageObject","inLanguage":"nl-BE","@id":"https:\/\/centcols.org\/des-feminines-dans-laction\/#primaryimage","url":"https:\/\/centcols.org\/wp-content\/uploads\/2025\/02\/femmesaction.jpg","contentUrl":"https:\/\/centcols.org\/wp-content\/uploads\/2025\/02\/femmesaction.jpg","width":900,"height":491},{"@type":"BreadcrumbList","@id":"https:\/\/centcols.org\/des-feminines-dans-laction\/#breadcrumb","itemListElement":[{"@type":"ListItem","position":1,"name":"Accueil","item":"https:\/\/centcols.org\/"},{"@type":"ListItem","position":2,"name":"Gazette","item":"https:\/\/centcols.org\/rubrique\/gazette\/"},{"@type":"ListItem","position":3,"name":"Tribune","item":"https:\/\/centcols.org\/rubrique\/gazette\/tribune\/"},{"@type":"ListItem","position":4,"name":"Les femmes, par les femmes, pour les femmes"}]},{"@type":"WebSite","@id":"https:\/\/centcols.org\/#website","url":"https:\/\/centcols.org\/","name":"Club van Cent Cols","description":"","publisher":{"@id":"https:\/\/centcols.org\/#organization"},"potentialAction":[{"@type":"SearchAction","target":{"@type":"EntryPoint","urlTemplate":"https:\/\/centcols.org\/?s={search_term_string}"},"query-input":{"@type":"PropertyValueSpecification","valueRequired":true,"valueName":"search_term_string"}}],"inLanguage":"nl-BE"},{"@type":"Organization","@id":"https:\/\/centcols.org\/#organization","name":"Club van Cent Cols","url":"https:\/\/centcols.org\/","logo":{"@type":"ImageObject","inLanguage":"nl-BE","@id":"https:\/\/centcols.org\/#\/schema\/logo\/image\/","url":"https:\/\/centcols.org\/wp-content\/uploads\/2025\/01\/carte-icone.png","contentUrl":"https:\/\/centcols.org\/wp-content\/uploads\/2025\/01\/carte-icone.png","width":250,"height":250,"caption":"Club des Cent Cols"},"image":{"@id":"https:\/\/centcols.org\/#\/schema\/logo\/image\/"},"sameAs":["https:\/\/www.facebook.com\/groups\/5261880558\/?locale=fr_FR"]},{"@type":"Person","@id":"https:\/\/centcols.org\/#\/schema\/person\/911b404fb133d8c913dd27cdcf71c8e5","name":"Webmaster","image":{"@type":"ImageObject","inLanguage":"nl-BE","@id":"https:\/\/centcols.org\/wp-content\/litespeed\/avatar\/2d246e4b6b4f773e08515e1ffc53690b.jpg?ver=1777222892","url":"https:\/\/centcols.org\/wp-content\/litespeed\/avatar\/2d246e4b6b4f773e08515e1ffc53690b.jpg?ver=1777222892","contentUrl":"https:\/\/centcols.org\/wp-content\/litespeed\/avatar\/2d246e4b6b4f773e08515e1ffc53690b.jpg?ver=1777222892","caption":"Webmestre"},"url":"https:\/\/centcols.org\/nl\/author\/webmestre\/"}]}},"_links":{"self":[{"href":"https:\/\/centcols.org\/nl\/wp-json\/wp\/v2\/posts\/79512","targetHints":{"allow":["GET"]}}],"collection":[{"href":"https:\/\/centcols.org\/nl\/wp-json\/wp\/v2\/posts"}],"about":[{"href":"https:\/\/centcols.org\/nl\/wp-json\/wp\/v2\/types\/post"}],"author":[{"embeddable":true,"href":"https:\/\/centcols.org\/nl\/wp-json\/wp\/v2\/users\/3"}],"replies":[{"embeddable":true,"href":"https:\/\/centcols.org\/nl\/wp-json\/wp\/v2\/comments?post=79512"}],"version-history":[{"count":0,"href":"https:\/\/centcols.org\/nl\/wp-json\/wp\/v2\/posts\/79512\/revisions"}],"wp:featuredmedia":[{"embeddable":true,"href":"https:\/\/centcols.org\/nl\/wp-json\/wp\/v2\/media\/84382"}],"wp:attachment":[{"href":"https:\/\/centcols.org\/nl\/wp-json\/wp\/v2\/media?parent=79512"}],"wp:term":[{"taxonomy":"category","embeddable":true,"href":"https:\/\/centcols.org\/nl\/wp-json\/wp\/v2\/categories?post=79512"},{"taxonomy":"post_tag","embeddable":true,"href":"https:\/\/centcols.org\/nl\/wp-json\/wp\/v2\/tags?post=79512"}],"curies":[{"name":"wp","href":"https:\/\/api.w.org\/{rel}","templated":true}]}}