{"id":79571,"date":"2022-12-21T09:39:26","date_gmt":"2022-12-21T07:39:26","guid":{"rendered":"https:\/\/centcols.org\/michel-minard\/"},"modified":"2025-05-13T13:59:24","modified_gmt":"2025-05-13T11:59:24","slug":"michel-minard","status":"publish","type":"post","link":"https:\/\/centcols.org\/nl\/michel-minard\/","title":{"rendered":"Michel Minard"},"content":{"rendered":"<p id=\"block-b1046b76-0cd5-4d51-a3d9-d92b537dcfbd\">Voordat we Michel (nr. 1361) leerden kennen, reden we in de jaren 90 vaak met zijn zoon Philippe. Philippe was toen ook een actief lid van de Cent Cols.<\/p>\n\n\n\n<p id=\"block-9f1afa02-14e2-458c-bd6d-0d1e1d8aaa27\">De eerste keer dat we Michel ontmoetten was tijdens ons verblijf in Gilette in april 2015. Hij had toen iets meer dan 1300 passen beklommen en vertelde ons dat zijn doel was om de 1500 te halen. Wij vonden dat een erg ambitieus doel, gezien Michels imposante lichaamsbouw en leeftijd.<\/p>\n\n\n\n<p id=\"block-4e0b2f08-12ee-4675-bd9b-7dde50c05090\">Maar dat was zonder te rekenen op zijn koppigheid en doorzettingsvermogen, want hij ging veel verder dan dit doel. Hij belichaamde <em>de stille kracht<\/em>, We kwamen hem weer tegen op elk van onze reizen met de CCC. Hij weigerde categorisch om over te stappen naar de VAE en bleef maar zeggen: \u00abDit is de laatste keer dat ik meedoe...\u00bb.\u00bb<\/p>\n\n\n\n<p id=\"block-777925d0-2b48-4740-9350-2fbd50742ff3\">Het verlies van zijn vrouw Colette in 2008 heeft hem erg geraakt en hij sprak vaak over haar nagedachtenis.<\/p>\n\n\n\n<p id=\"block-5f9eaa21-2959-468a-ac31-b31d3e812061\">Op 85-jarige leeftijd is hij rustig heengegaan, zoals hij altijd heeft gedaan, en we zullen het kleine kampeerbusje dat zijn enige voertuig was niet meer zien aankomen op onze volgende bijeenkomsten.<\/p>\n\n\n\n<h4 class=\"wp-block-heading has-vivid-cyan-blue-color has-text-color has-medium-font-size\">Claude en Michel RABUTEAU<\/h4>\n\n\n\n<hr class=\"wp-block-separator has-alpha-channel-opacity\" id=\"block-1ea2c44e-7c28-43bf-b7d1-97344c6277a9\"\/>\n\n\n\n<p id=\"block-69210167-fc25-414a-b492-941afe0fb013\">Michel was een zeer innemende man, vooral vanwege de glitches die hij had tijdens zijn verblijven, waarvan ik er 2 zal noemen.<\/p>\n\n\n\n<p id=\"block-2527cb47-1f9f-4135-b452-cf8a11a3ba40\">In 2014, tijdens zijn verblijf in Bussang, ging hij kijken hoe de Tour de Col des Croix beklom. Een politieagent verbood hem terug over te steken om zijn picknick op de fiets aan de andere kant van de weg op te halen, waardoor hij hongerig achterbleef.<\/p>\n\n\n\n<p id=\"block-bb6df826-7445-4b9d-80f9-a933bdf2d745\">In Gilette hadden Guy Moreau en Laurent Cornet een kortere route voor hem bedacht en hem naar het beginpunt van het circuit gebracht met de instructie om elkaar op dezelfde plek te ontmoeten. Bij zijn terugkeer was Michel nergens te bekennen en na lang wachten besloten ze terug te keren naar het centrum in de veronderstelling dat hij alleen was teruggegaan.<\/p>\n\n\n\n<p id=\"block-15bd0152-dbca-4e9b-89d4-d0911c91c900\">Toen het tijd was voor het avondeten, was Michel nog steeds vermist. Telefoontjes naar de politie, naar zijn zus... maar wat een opluchting toen we hem in het centrum zagen aankomen.<\/p>\n\n\n\n<p id=\"block-b57c75b8-eb1d-4c99-ac98-34856ac477d7\">Michel was altijd een beetje verdwaald, maar zo vriendelijk.<\/p>\n\n\n\n<h4 class=\"wp-block-heading has-vivid-cyan-blue-color has-text-color has-medium-font-size\">Alain Brault<\/h4>\n\n\n\n<hr class=\"wp-block-separator has-alpha-channel-opacity\" id=\"block-d309d582-4a22-480b-b13d-c6e314ee2c5b\"\/>\n\n\n\n<p id=\"block-ea6e9b43-d884-4b42-8b06-cfc16c80f60d\">Alain, je vergeet te vermelden dat het bij Gillette de pizzadame was die hem terugbracht naar het centrum, de geluksvogel!<\/p>\n\n\n\n<h4 class=\"wp-block-heading has-vivid-cyan-blue-color has-text-color has-medium-font-size\">Guy Harl\u00e9<\/h4>\n\n\n\n<hr class=\"wp-block-separator has-alpha-channel-opacity\" id=\"block-a19bdfb8-b4f7-4f17-a4b9-351e33a5653a\"\/>\n\n\n\n<p id=\"block-82002d06-7773-42a6-b21d-149739d3db32\">Michel liet nooit iemand onverschillig. We hadden een natuurlijke sympathie voor hem omdat hij vaak niet synchroon liep met onze schema's als we weg waren. Zijn routes waren vaak ge\u00efmproviseerd. In Lozari, in 2013, was er een ongelukje: hij vertrok met zijn fiets om geld te halen bij een geldautomaat. Toen hij terugkwam bij zijn camper, was hij zijn portemonnee en al zijn papieren kwijt... en ook het geld dat hij net had opgenomen. De andere leden hebben allemaal bijgedragen om zijn terugkeer naar het Franse vasteland te garanderen. Het verlies van zijn vrouw had hem erg aangegrepen. Hij was een goede vriend.<\/p>\n\n\n\n<h4 class=\"wp-block-heading has-vivid-cyan-blue-color has-text-color has-medium-font-size\">Max Tissot<\/h4>\n\n\n\n<hr class=\"wp-block-separator has-alpha-channel-opacity\" id=\"block-3401b557-b182-4541-8ed6-11135a0f538b\"\/>\n\n\n\n<p id=\"block-cd2f0cbf-2d58-4beb-8789-a235448ec1c0\">Michel Minard is mijn kindertijd en mijn schooltijd,<br>Elke ochtend als ik naar school ging, zag ik hem in Dijon, op zijn fiets, op de Boulevard Kennedy op weg naar zijn werk...<br>Toen ik begon met wielrennen, was hij bij de TCF-club in Dijon.<br>Toen we elkaar ontmoetten op een rally... was ik de FEE zoon.<br>Veel verdriet en emotie...<\/p>\n\n\n\n<h4 class=\"wp-block-heading has-vivid-cyan-blue-color has-text-color has-medium-font-size\">Philippe Fee<\/h4>\n\n\n\n<hr class=\"wp-block-separator has-alpha-channel-opacity\" id=\"block-4f6256f3-0dd1-44d4-aa84-a6d0a1c5b654\"\/>\n\n\n\n<p id=\"block-0e4d49c1-a5d3-4292-b337-25788703a5dd\">Net als jullie heb ik Michel op verschillende reizen ontmoet en zijn wilskracht op of naast zijn fiets gemeten. Ik waardeerde zijn zenitude in Ghysonnaccia, waar we een bungalow deelden.<\/p>\n\n\n\n<h4 class=\"wp-block-heading has-vivid-cyan-blue-color has-text-color has-medium-font-size\">Guy Chaurin<\/h4>\n\n\n\n<hr class=\"wp-block-separator has-alpha-channel-opacity\" id=\"block-4eb02aa6-84d6-43de-872a-af0ebf98fdbf\"\/>\n\n\n\n<p id=\"block-61b9b76a-d519-47af-9748-29e682689082\">Ik zie hem nog de passen zoeken met een 200.000 Michelin-kaart, volhardend tot het einde!<br>Tot zover het te laat komen voor het avondeten ...<\/p>\n\n\n\n<h4 class=\"wp-block-heading has-vivid-cyan-blue-color has-text-color has-medium-font-size\">Bernard Chinal<\/h4>\n\n\n\n<hr class=\"wp-block-separator has-alpha-channel-opacity\" id=\"block-24330a19-19ed-467c-b2b8-558d7d65b14e\"\/>\n\n\n\n<p id=\"block-073b2542-8065-47b0-aaa4-26169821dd6b\">Ik vond het heerlijk om met hem te praten. Dat deed ik weer op de Algemene Vergadering. Als je in goede gezondheid verkeert en nog steeds alert bent, denk je dat je eeuwig zult leven, dat alles doorgaat. Als je ziet dat je familie en vrienden je verlaten, realiseer je je dat je slechts op doorreis bent.<\/p>\n\n\n\n<h4 class=\"wp-block-heading has-vivid-cyan-blue-color has-text-color has-medium-font-size\">Alain Schoebel<\/h4>\n\n\n\n<hr class=\"wp-block-separator has-alpha-channel-opacity\" id=\"block-35c4a003-4a3f-4d49-bf70-cc564ff57aa1\"\/>\n\n\n\n<p id=\"block-95409a9e-9fe9-493c-b8ca-6fc5ebae9cc3\">Een gedachte voor zijn familie. Maurice en ik gingen soms met hem wandelen. Ik ben erg verdrietig om hem te zien gaan, hij was zo'n aardige man.<\/p>\n\n\n\n<h4 class=\"wp-block-heading has-vivid-cyan-blue-color has-text-color has-medium-font-size\">Marie-Th\u00e9r\u00e8se Frumy<\/h4>","protected":false},"excerpt":{"rendered":"<p>Avant de conna\u00eetre Michel (N\u00b01361), nous avions souvent roul\u00e9 en compagnie de son fils Philippe dans les ann\u00e9es 90. Ce dernier \u00e9tait \u00e9galement \u00e0 l\u2019\u00e9poque un membre actif aux Cent Cols. La premi\u00e8re rencontre avec Michel se fit au cours du s\u00e9jour de Gilette en avril 2015. Comptant \u00e0 peine plus de 1300 cols \u00e0 [&hellip;]<\/p>\n","protected":false},"author":58,"featured_media":0,"comment_status":"open","ping_status":"open","sticky":false,"template":"","format":"standard","meta":{"_acf_changed":false,"footnotes":""},"categories":[130,129],"tags":[],"class_list":["post-79571","post","type-post","status-publish","format-standard","hentry","category-carnet-noir","category-gazette"],"acf":[],"yoast_head":"<!-- This site is optimized with the Yoast SEO plugin v27.2 - https:\/\/yoast.com\/product\/yoast-seo-wordpress\/ -->\n<title>Michel Minard - Club des Cent Cols<\/title>\n<meta name=\"robots\" content=\"index, follow, max-snippet:-1, max-image-preview:large, max-video-preview:-1\" \/>\n<link rel=\"canonical\" href=\"https:\/\/centcols.org\/nl\/michel-minard\/\" \/>\n<meta property=\"og:locale\" content=\"nl_BE\" \/>\n<meta property=\"og:type\" content=\"article\" \/>\n<meta property=\"og:title\" content=\"Michel Minard - Club des Cent Cols\" \/>\n<meta property=\"og:description\" content=\"Avant de conna\u00eetre Michel (N\u00b01361), nous avions souvent roul\u00e9 en compagnie de son fils Philippe dans les ann\u00e9es 90. Ce dernier \u00e9tait \u00e9galement \u00e0 l\u2019\u00e9poque un membre actif aux Cent Cols. La premi\u00e8re rencontre avec Michel se fit au cours du s\u00e9jour de Gilette en avril 2015. Comptant \u00e0 peine plus de 1300 cols \u00e0 [&hellip;]\" \/>\n<meta property=\"og:url\" content=\"https:\/\/centcols.org\/nl\/michel-minard\/\" \/>\n<meta property=\"og:site_name\" content=\"Club des Cent Cols\" \/>\n<meta property=\"article:publisher\" content=\"https:\/\/www.facebook.com\/groups\/5261880558\/?locale=fr_FR\" \/>\n<meta property=\"article:published_time\" content=\"2022-12-21T07:39:26+00:00\" \/>\n<meta property=\"article:modified_time\" content=\"2025-05-13T11:59:24+00:00\" \/>\n<meta name=\"author\" content=\"Enrico Alberini\" \/>\n<meta name=\"twitter:card\" content=\"summary_large_image\" \/>\n<meta name=\"twitter:label1\" content=\"Geschreven door\" \/>\n\t<meta name=\"twitter:data1\" content=\"Enrico Alberini\" \/>\n\t<meta name=\"twitter:label2\" content=\"Geschatte leestijd\" \/>\n\t<meta name=\"twitter:data2\" content=\"4 minuten\" \/>\n<script type=\"application\/ld+json\" class=\"yoast-schema-graph\">{\"@context\":\"https:\/\/schema.org\",\"@graph\":[{\"@type\":\"Article\",\"@id\":\"https:\/\/centcols.org\/michel-minard\/#article\",\"isPartOf\":{\"@id\":\"https:\/\/centcols.org\/michel-minard\/\"},\"author\":{\"name\":\"Enrico Alberini\",\"@id\":\"https:\/\/centcols.org\/#\/schema\/person\/86c3ec6889d88501a29fccac614bebf8\"},\"headline\":\"Michel Minard\",\"datePublished\":\"2022-12-21T07:39:26+00:00\",\"dateModified\":\"2025-05-13T11:59:24+00:00\",\"mainEntityOfPage\":{\"@id\":\"https:\/\/centcols.org\/michel-minard\/\"},\"wordCount\":761,\"commentCount\":0,\"publisher\":{\"@id\":\"https:\/\/centcols.org\/#organization\"},\"articleSection\":[\"Carnet noir\",\"Gazette\"],\"inLanguage\":\"nl-BE\",\"potentialAction\":[{\"@type\":\"CommentAction\",\"name\":\"Comment\",\"target\":[\"https:\/\/centcols.org\/michel-minard\/#respond\"]}]},{\"@type\":\"WebPage\",\"@id\":\"https:\/\/centcols.org\/michel-minard\/\",\"url\":\"https:\/\/centcols.org\/michel-minard\/\",\"name\":\"Michel Minard - Club des Cent Cols\",\"isPartOf\":{\"@id\":\"https:\/\/centcols.org\/#website\"},\"datePublished\":\"2022-12-21T07:39:26+00:00\",\"dateModified\":\"2025-05-13T11:59:24+00:00\",\"breadcrumb\":{\"@id\":\"https:\/\/centcols.org\/michel-minard\/#breadcrumb\"},\"inLanguage\":\"nl-BE\",\"potentialAction\":[{\"@type\":\"ReadAction\",\"target\":[\"https:\/\/centcols.org\/michel-minard\/\"]}]},{\"@type\":\"BreadcrumbList\",\"@id\":\"https:\/\/centcols.org\/michel-minard\/#breadcrumb\",\"itemListElement\":[{\"@type\":\"ListItem\",\"position\":1,\"name\":\"Accueil\",\"item\":\"https:\/\/centcols.org\/\"},{\"@type\":\"ListItem\",\"position\":2,\"name\":\"Gazette\",\"item\":\"https:\/\/centcols.org\/rubrique\/gazette\/\"},{\"@type\":\"ListItem\",\"position\":3,\"name\":\"Michel Minard\"}]},{\"@type\":\"WebSite\",\"@id\":\"https:\/\/centcols.org\/#website\",\"url\":\"https:\/\/centcols.org\/\",\"name\":\"Club des Cent Cols\",\"description\":\"\",\"publisher\":{\"@id\":\"https:\/\/centcols.org\/#organization\"},\"potentialAction\":[{\"@type\":\"SearchAction\",\"target\":{\"@type\":\"EntryPoint\",\"urlTemplate\":\"https:\/\/centcols.org\/?s={search_term_string}\"},\"query-input\":{\"@type\":\"PropertyValueSpecification\",\"valueRequired\":true,\"valueName\":\"search_term_string\"}}],\"inLanguage\":\"nl-BE\"},{\"@type\":\"Organization\",\"@id\":\"https:\/\/centcols.org\/#organization\",\"name\":\"Club des Cent Cols\",\"url\":\"https:\/\/centcols.org\/\",\"logo\":{\"@type\":\"ImageObject\",\"inLanguage\":\"nl-BE\",\"@id\":\"https:\/\/centcols.org\/#\/schema\/logo\/image\/\",\"url\":\"https:\/\/centcols.org\/wp-content\/uploads\/2025\/01\/carte-icone.png\",\"contentUrl\":\"https:\/\/centcols.org\/wp-content\/uploads\/2025\/01\/carte-icone.png\",\"width\":250,\"height\":250,\"caption\":\"Club des Cent Cols\"},\"image\":{\"@id\":\"https:\/\/centcols.org\/#\/schema\/logo\/image\/\"},\"sameAs\":[\"https:\/\/www.facebook.com\/groups\/5261880558\/?locale=fr_FR\"]},{\"@type\":\"Person\",\"@id\":\"https:\/\/centcols.org\/#\/schema\/person\/86c3ec6889d88501a29fccac614bebf8\",\"name\":\"Enrico Alberini\",\"image\":{\"@type\":\"ImageObject\",\"inLanguage\":\"nl-BE\",\"@id\":\"https:\/\/centcols.org\/wp-content\/litespeed\/avatar\/1b26e36a18d85acc8b0f860f9628213f.jpg?ver=1777240766\",\"url\":\"https:\/\/centcols.org\/wp-content\/litespeed\/avatar\/1b26e36a18d85acc8b0f860f9628213f.jpg?ver=1777240766\",\"contentUrl\":\"https:\/\/centcols.org\/wp-content\/litespeed\/avatar\/1b26e36a18d85acc8b0f860f9628213f.jpg?ver=1777240766\",\"caption\":\"Enrico Alberini\"},\"url\":\"https:\/\/centcols.org\/nl\/author\/5065\/\"}]}<\/script>\n<!-- \/ Yoast SEO plugin. -->","yoast_head_json":{"title":"Michel Minard - Club des Cent Cols","robots":{"index":"index","follow":"follow","max-snippet":"max-snippet:-1","max-image-preview":"max-image-preview:large","max-video-preview":"max-video-preview:-1"},"canonical":"https:\/\/centcols.org\/nl\/michel-minard\/","og_locale":"nl_BE","og_type":"article","og_title":"Michel Minard - Club des Cent Cols","og_description":"Avant de conna\u00eetre Michel (N\u00b01361), nous avions souvent roul\u00e9 en compagnie de son fils Philippe dans les ann\u00e9es 90. Ce dernier \u00e9tait \u00e9galement \u00e0 l\u2019\u00e9poque un membre actif aux Cent Cols. La premi\u00e8re rencontre avec Michel se fit au cours du s\u00e9jour de Gilette en avril 2015. Comptant \u00e0 peine plus de 1300 cols \u00e0 [&hellip;]","og_url":"https:\/\/centcols.org\/nl\/michel-minard\/","og_site_name":"Club des Cent Cols","article_publisher":"https:\/\/www.facebook.com\/groups\/5261880558\/?locale=fr_FR","article_published_time":"2022-12-21T07:39:26+00:00","article_modified_time":"2025-05-13T11:59:24+00:00","author":"Enrico Alberini","twitter_card":"summary_large_image","twitter_misc":{"Geschreven door":"Enrico Alberini","Geschatte leestijd":"4 minuten"},"schema":{"@context":"https:\/\/schema.org","@graph":[{"@type":"Article","@id":"https:\/\/centcols.org\/michel-minard\/#article","isPartOf":{"@id":"https:\/\/centcols.org\/michel-minard\/"},"author":{"name":"Enrico Alberini","@id":"https:\/\/centcols.org\/#\/schema\/person\/86c3ec6889d88501a29fccac614bebf8"},"headline":"Michel Minard","datePublished":"2022-12-21T07:39:26+00:00","dateModified":"2025-05-13T11:59:24+00:00","mainEntityOfPage":{"@id":"https:\/\/centcols.org\/michel-minard\/"},"wordCount":761,"commentCount":0,"publisher":{"@id":"https:\/\/centcols.org\/#organization"},"articleSection":["Carnet noir","Gazette"],"inLanguage":"nl-BE","potentialAction":[{"@type":"CommentAction","name":"Comment","target":["https:\/\/centcols.org\/michel-minard\/#respond"]}]},{"@type":"WebPage","@id":"https:\/\/centcols.org\/michel-minard\/","url":"https:\/\/centcols.org\/michel-minard\/","name":"Michel Minard - Club des Cent Cols","isPartOf":{"@id":"https:\/\/centcols.org\/#website"},"datePublished":"2022-12-21T07:39:26+00:00","dateModified":"2025-05-13T11:59:24+00:00","breadcrumb":{"@id":"https:\/\/centcols.org\/michel-minard\/#breadcrumb"},"inLanguage":"nl-BE","potentialAction":[{"@type":"ReadAction","target":["https:\/\/centcols.org\/michel-minard\/"]}]},{"@type":"BreadcrumbList","@id":"https:\/\/centcols.org\/michel-minard\/#breadcrumb","itemListElement":[{"@type":"ListItem","position":1,"name":"Accueil","item":"https:\/\/centcols.org\/"},{"@type":"ListItem","position":2,"name":"Gazette","item":"https:\/\/centcols.org\/rubrique\/gazette\/"},{"@type":"ListItem","position":3,"name":"Michel Minard"}]},{"@type":"WebSite","@id":"https:\/\/centcols.org\/#website","url":"https:\/\/centcols.org\/","name":"Club van Cent Cols","description":"","publisher":{"@id":"https:\/\/centcols.org\/#organization"},"potentialAction":[{"@type":"SearchAction","target":{"@type":"EntryPoint","urlTemplate":"https:\/\/centcols.org\/?s={search_term_string}"},"query-input":{"@type":"PropertyValueSpecification","valueRequired":true,"valueName":"search_term_string"}}],"inLanguage":"nl-BE"},{"@type":"Organization","@id":"https:\/\/centcols.org\/#organization","name":"Club van Cent Cols","url":"https:\/\/centcols.org\/","logo":{"@type":"ImageObject","inLanguage":"nl-BE","@id":"https:\/\/centcols.org\/#\/schema\/logo\/image\/","url":"https:\/\/centcols.org\/wp-content\/uploads\/2025\/01\/carte-icone.png","contentUrl":"https:\/\/centcols.org\/wp-content\/uploads\/2025\/01\/carte-icone.png","width":250,"height":250,"caption":"Club des Cent Cols"},"image":{"@id":"https:\/\/centcols.org\/#\/schema\/logo\/image\/"},"sameAs":["https:\/\/www.facebook.com\/groups\/5261880558\/?locale=fr_FR"]},{"@type":"Person","@id":"https:\/\/centcols.org\/#\/schema\/person\/86c3ec6889d88501a29fccac614bebf8","name":"Enrico Alberini","image":{"@type":"ImageObject","inLanguage":"nl-BE","@id":"https:\/\/centcols.org\/wp-content\/litespeed\/avatar\/1b26e36a18d85acc8b0f860f9628213f.jpg?ver=1777240766","url":"https:\/\/centcols.org\/wp-content\/litespeed\/avatar\/1b26e36a18d85acc8b0f860f9628213f.jpg?ver=1777240766","contentUrl":"https:\/\/centcols.org\/wp-content\/litespeed\/avatar\/1b26e36a18d85acc8b0f860f9628213f.jpg?ver=1777240766","caption":"Enrico Alberini"},"url":"https:\/\/centcols.org\/nl\/author\/5065\/"}]}},"_links":{"self":[{"href":"https:\/\/centcols.org\/nl\/wp-json\/wp\/v2\/posts\/79571","targetHints":{"allow":["GET"]}}],"collection":[{"href":"https:\/\/centcols.org\/nl\/wp-json\/wp\/v2\/posts"}],"about":[{"href":"https:\/\/centcols.org\/nl\/wp-json\/wp\/v2\/types\/post"}],"author":[{"embeddable":true,"href":"https:\/\/centcols.org\/nl\/wp-json\/wp\/v2\/users\/58"}],"replies":[{"embeddable":true,"href":"https:\/\/centcols.org\/nl\/wp-json\/wp\/v2\/comments?post=79571"}],"version-history":[{"count":0,"href":"https:\/\/centcols.org\/nl\/wp-json\/wp\/v2\/posts\/79571\/revisions"}],"wp:attachment":[{"href":"https:\/\/centcols.org\/nl\/wp-json\/wp\/v2\/media?parent=79571"}],"wp:term":[{"taxonomy":"category","embeddable":true,"href":"https:\/\/centcols.org\/nl\/wp-json\/wp\/v2\/categories?post=79571"},{"taxonomy":"post_tag","embeddable":true,"href":"https:\/\/centcols.org\/nl\/wp-json\/wp\/v2\/tags?post=79571"}],"curies":[{"name":"wp","href":"https:\/\/api.w.org\/{rel}","templated":true}]}}