{"id":79572,"date":"2022-12-21T10:57:26","date_gmt":"2022-12-21T08:57:26","guid":{"rendered":"https:\/\/centcols.org\/constant-van-waterschoot\/"},"modified":"2025-09-13T09:10:11","modified_gmt":"2025-09-13T07:10:11","slug":"constant-van-waterschoot","status":"publish","type":"post","link":"https:\/\/centcols.org\/nl\/constant-van-waterschoot\/","title":{"rendered":"Constant Van Waterschoot"},"content":{"rendered":"<figure class=\"wp-block-image size-full\"><img loading=\"lazy\" decoding=\"async\" width=\"189\" height=\"240\" src=\"https:\/\/centcols.org\/wp-content\/uploads\/2022\/12\/image.jpeg\" alt=\"\" class=\"wp-image-90078\" srcset=\"https:\/\/centcols.org\/wp-content\/uploads\/2022\/12\/image.jpeg 189w, https:\/\/centcols.org\/wp-content\/uploads\/2022\/12\/image-9x12.jpeg 9w\" sizes=\"auto, (max-width: 189px) 100vw, 189px\" \/><\/figure>\n\n\n\n<p>Constant was de eerste TD van Nederland die werd benoemd sinds de functie in 2003 werd gecre\u00eberd. Hij bleef in functie tot 2021, toen hij om gezondheidsredenen besloot terug te treden. Voor zijn lange en waardevolle dienst werd hem een diploma uitgereikt op de AVA van Annecy 2022. Ik wil mijn medeleven betuigen aan zijn familie.<\/p>\n\n\n\n<h4 class=\"wp-block-heading\">Enrico Alberini, voorzitter van de CCC<\/h4>\n\n\n\n<hr class=\"wp-block-separator has-alpha-channel-opacity\"\/>\n\n\n\n<p>Droevig nieuws, een paar dagen na het overlijden van onze vriend Michel. Toen ik secretaris-generaal was, had ik af en toe contact met hem gehad, en dat was altijd heel vriendschappelijk geweest... En toen kwam hij een keer op reis (ik kan me absoluut niet herinneren welke) en hebben we elkaar echt ontmoet... en net zo vriendschappelijk.<\/p>\n\n\n\n<h4 class=\"wp-block-heading\">Thierry Arbeid<\/h4>","protected":false},"excerpt":{"rendered":"<p>Constant a \u00e9t\u00e9 le premier DT des Pays-Bas, nomm\u00e9 depuis la cr\u00e9ation de cette fonction en 2003. Il a continu\u00e9 \u00e0 servir jusqu\u2019en 2021, date \u00e0 laquelle, pour des raisons de sant\u00e9, il a d\u00e9cid\u00e9 de renoncer \u00e0 son poste. Pour ces pr\u00e9cieux et longs services, il a re\u00e7u un dipl\u00f4me \u00e0 l\u2019AG d\u2019Annecy 2022. [&hellip;]<\/p>\n","protected":false},"author":3,"featured_media":79573,"comment_status":"open","ping_status":"open","sticky":false,"template":"","format":"standard","meta":{"_acf_changed":false,"footnotes":""},"categories":[130,129],"tags":[],"class_list":["post-79572","post","type-post","status-publish","format-standard","has-post-thumbnail","hentry","category-carnet-noir","category-gazette"],"acf":[],"yoast_head":"<!-- This site is optimized with the Yoast SEO plugin v27.2 - https:\/\/yoast.com\/product\/yoast-seo-wordpress\/ -->\n<title>Constant Van Waterschoot - Club des Cent Cols<\/title>\n<meta name=\"robots\" content=\"index, follow, max-snippet:-1, max-image-preview:large, max-video-preview:-1\" \/>\n<link rel=\"canonical\" href=\"https:\/\/centcols.org\/nl\/constant-van-waterschoot\/\" \/>\n<meta property=\"og:locale\" content=\"nl_BE\" \/>\n<meta property=\"og:type\" content=\"article\" \/>\n<meta property=\"og:title\" content=\"Constant Van Waterschoot - Club des Cent Cols\" \/>\n<meta property=\"og:description\" content=\"Constant a \u00e9t\u00e9 le premier DT des Pays-Bas, nomm\u00e9 depuis la cr\u00e9ation de cette fonction en 2003. Il a continu\u00e9 \u00e0 servir jusqu\u2019en 2021, date \u00e0 laquelle, pour des raisons de sant\u00e9, il a d\u00e9cid\u00e9 de renoncer \u00e0 son poste. Pour ces pr\u00e9cieux et longs services, il a re\u00e7u un dipl\u00f4me \u00e0 l\u2019AG d\u2019Annecy 2022. [&hellip;]\" \/>\n<meta property=\"og:url\" content=\"https:\/\/centcols.org\/nl\/constant-van-waterschoot\/\" \/>\n<meta property=\"og:site_name\" content=\"Club des Cent Cols\" \/>\n<meta property=\"article:publisher\" content=\"https:\/\/www.facebook.com\/groups\/5261880558\/?locale=fr_FR\" \/>\n<meta property=\"article:published_time\" content=\"2022-12-21T08:57:26+00:00\" \/>\n<meta property=\"article:modified_time\" content=\"2025-09-13T07:10:11+00:00\" \/>\n<meta property=\"og:image\" content=\"https:\/\/centcols.org\/wp-content\/uploads\/2025\/02\/Capture-decran-2022-12-21-144002.jpg\" \/>\n\t<meta property=\"og:image:width\" content=\"189\" \/>\n\t<meta property=\"og:image:height\" content=\"240\" \/>\n\t<meta property=\"og:image:type\" content=\"image\/jpeg\" \/>\n<meta name=\"author\" content=\"Webmestre\" \/>\n<meta name=\"twitter:card\" content=\"summary_large_image\" \/>\n<meta name=\"twitter:label1\" content=\"Geschreven door\" \/>\n\t<meta name=\"twitter:data1\" content=\"Webmestre\" \/>\n\t<meta name=\"twitter:label2\" content=\"Geschatte leestijd\" \/>\n\t<meta name=\"twitter:data2\" content=\"2 minuten\" \/>\n<script type=\"application\/ld+json\" class=\"yoast-schema-graph\">{\"@context\":\"https:\/\/schema.org\",\"@graph\":[{\"@type\":\"Article\",\"@id\":\"https:\/\/centcols.org\/constant-van-waterschoot\/#article\",\"isPartOf\":{\"@id\":\"https:\/\/centcols.org\/constant-van-waterschoot\/\"},\"author\":{\"name\":\"Webmestre\",\"@id\":\"https:\/\/centcols.org\/#\/schema\/person\/911b404fb133d8c913dd27cdcf71c8e5\"},\"headline\":\"Constant Van Waterschoot\",\"datePublished\":\"2022-12-21T08:57:26+00:00\",\"dateModified\":\"2025-09-13T07:10:11+00:00\",\"mainEntityOfPage\":{\"@id\":\"https:\/\/centcols.org\/constant-van-waterschoot\/\"},\"wordCount\":149,\"commentCount\":0,\"publisher\":{\"@id\":\"https:\/\/centcols.org\/#organization\"},\"image\":{\"@id\":\"https:\/\/centcols.org\/constant-van-waterschoot\/#primaryimage\"},\"thumbnailUrl\":\"https:\/\/centcols.org\/wp-content\/uploads\/2025\/02\/Capture-decran-2022-12-21-144002.jpg\",\"articleSection\":[\"Carnet noir\",\"Gazette\"],\"inLanguage\":\"nl-BE\",\"potentialAction\":[{\"@type\":\"CommentAction\",\"name\":\"Comment\",\"target\":[\"https:\/\/centcols.org\/constant-van-waterschoot\/#respond\"]}]},{\"@type\":\"WebPage\",\"@id\":\"https:\/\/centcols.org\/constant-van-waterschoot\/\",\"url\":\"https:\/\/centcols.org\/constant-van-waterschoot\/\",\"name\":\"Constant Van Waterschoot - Club des Cent Cols\",\"isPartOf\":{\"@id\":\"https:\/\/centcols.org\/#website\"},\"primaryImageOfPage\":{\"@id\":\"https:\/\/centcols.org\/constant-van-waterschoot\/#primaryimage\"},\"image\":{\"@id\":\"https:\/\/centcols.org\/constant-van-waterschoot\/#primaryimage\"},\"thumbnailUrl\":\"https:\/\/centcols.org\/wp-content\/uploads\/2025\/02\/Capture-decran-2022-12-21-144002.jpg\",\"datePublished\":\"2022-12-21T08:57:26+00:00\",\"dateModified\":\"2025-09-13T07:10:11+00:00\",\"breadcrumb\":{\"@id\":\"https:\/\/centcols.org\/constant-van-waterschoot\/#breadcrumb\"},\"inLanguage\":\"nl-BE\",\"potentialAction\":[{\"@type\":\"ReadAction\",\"target\":[\"https:\/\/centcols.org\/constant-van-waterschoot\/\"]}]},{\"@type\":\"ImageObject\",\"inLanguage\":\"nl-BE\",\"@id\":\"https:\/\/centcols.org\/constant-van-waterschoot\/#primaryimage\",\"url\":\"https:\/\/centcols.org\/wp-content\/uploads\/2025\/02\/Capture-decran-2022-12-21-144002.jpg\",\"contentUrl\":\"https:\/\/centcols.org\/wp-content\/uploads\/2025\/02\/Capture-decran-2022-12-21-144002.jpg\",\"width\":189,\"height\":240},{\"@type\":\"BreadcrumbList\",\"@id\":\"https:\/\/centcols.org\/constant-van-waterschoot\/#breadcrumb\",\"itemListElement\":[{\"@type\":\"ListItem\",\"position\":1,\"name\":\"Accueil\",\"item\":\"https:\/\/centcols.org\/\"},{\"@type\":\"ListItem\",\"position\":2,\"name\":\"Gazette\",\"item\":\"https:\/\/centcols.org\/rubrique\/gazette\/\"},{\"@type\":\"ListItem\",\"position\":3,\"name\":\"Constant Van Waterschoot\"}]},{\"@type\":\"WebSite\",\"@id\":\"https:\/\/centcols.org\/#website\",\"url\":\"https:\/\/centcols.org\/\",\"name\":\"Club des Cent Cols\",\"description\":\"\",\"publisher\":{\"@id\":\"https:\/\/centcols.org\/#organization\"},\"potentialAction\":[{\"@type\":\"SearchAction\",\"target\":{\"@type\":\"EntryPoint\",\"urlTemplate\":\"https:\/\/centcols.org\/?s={search_term_string}\"},\"query-input\":{\"@type\":\"PropertyValueSpecification\",\"valueRequired\":true,\"valueName\":\"search_term_string\"}}],\"inLanguage\":\"nl-BE\"},{\"@type\":\"Organization\",\"@id\":\"https:\/\/centcols.org\/#organization\",\"name\":\"Club des Cent Cols\",\"url\":\"https:\/\/centcols.org\/\",\"logo\":{\"@type\":\"ImageObject\",\"inLanguage\":\"nl-BE\",\"@id\":\"https:\/\/centcols.org\/#\/schema\/logo\/image\/\",\"url\":\"https:\/\/centcols.org\/wp-content\/uploads\/2025\/01\/carte-icone.png\",\"contentUrl\":\"https:\/\/centcols.org\/wp-content\/uploads\/2025\/01\/carte-icone.png\",\"width\":250,\"height\":250,\"caption\":\"Club des Cent Cols\"},\"image\":{\"@id\":\"https:\/\/centcols.org\/#\/schema\/logo\/image\/\"},\"sameAs\":[\"https:\/\/www.facebook.com\/groups\/5261880558\/?locale=fr_FR\"]},{\"@type\":\"Person\",\"@id\":\"https:\/\/centcols.org\/#\/schema\/person\/911b404fb133d8c913dd27cdcf71c8e5\",\"name\":\"Webmestre\",\"image\":{\"@type\":\"ImageObject\",\"inLanguage\":\"nl-BE\",\"@id\":\"https:\/\/centcols.org\/wp-content\/litespeed\/avatar\/2d246e4b6b4f773e08515e1ffc53690b.jpg?ver=1777222892\",\"url\":\"https:\/\/centcols.org\/wp-content\/litespeed\/avatar\/2d246e4b6b4f773e08515e1ffc53690b.jpg?ver=1777222892\",\"contentUrl\":\"https:\/\/centcols.org\/wp-content\/litespeed\/avatar\/2d246e4b6b4f773e08515e1ffc53690b.jpg?ver=1777222892\",\"caption\":\"Webmestre\"},\"url\":\"https:\/\/centcols.org\/nl\/author\/webmestre\/\"}]}<\/script>\n<!-- \/ Yoast SEO plugin. -->","yoast_head_json":{"title":"Constant Van Waterschoot - Club des Cent Cols","robots":{"index":"index","follow":"follow","max-snippet":"max-snippet:-1","max-image-preview":"max-image-preview:large","max-video-preview":"max-video-preview:-1"},"canonical":"https:\/\/centcols.org\/nl\/constant-van-waterschoot\/","og_locale":"nl_BE","og_type":"article","og_title":"Constant Van Waterschoot - Club des Cent Cols","og_description":"Constant a \u00e9t\u00e9 le premier DT des Pays-Bas, nomm\u00e9 depuis la cr\u00e9ation de cette fonction en 2003. Il a continu\u00e9 \u00e0 servir jusqu\u2019en 2021, date \u00e0 laquelle, pour des raisons de sant\u00e9, il a d\u00e9cid\u00e9 de renoncer \u00e0 son poste. Pour ces pr\u00e9cieux et longs services, il a re\u00e7u un dipl\u00f4me \u00e0 l\u2019AG d\u2019Annecy 2022. [&hellip;]","og_url":"https:\/\/centcols.org\/nl\/constant-van-waterschoot\/","og_site_name":"Club des Cent Cols","article_publisher":"https:\/\/www.facebook.com\/groups\/5261880558\/?locale=fr_FR","article_published_time":"2022-12-21T08:57:26+00:00","article_modified_time":"2025-09-13T07:10:11+00:00","og_image":[{"width":189,"height":240,"url":"https:\/\/centcols.org\/wp-content\/uploads\/2025\/02\/Capture-decran-2022-12-21-144002.jpg","type":"image\/jpeg"}],"author":"Webmestre","twitter_card":"summary_large_image","twitter_misc":{"Geschreven door":"Webmestre","Geschatte leestijd":"2 minuten"},"schema":{"@context":"https:\/\/schema.org","@graph":[{"@type":"Article","@id":"https:\/\/centcols.org\/constant-van-waterschoot\/#article","isPartOf":{"@id":"https:\/\/centcols.org\/constant-van-waterschoot\/"},"author":{"name":"Webmestre","@id":"https:\/\/centcols.org\/#\/schema\/person\/911b404fb133d8c913dd27cdcf71c8e5"},"headline":"Constant Van Waterschoot","datePublished":"2022-12-21T08:57:26+00:00","dateModified":"2025-09-13T07:10:11+00:00","mainEntityOfPage":{"@id":"https:\/\/centcols.org\/constant-van-waterschoot\/"},"wordCount":149,"commentCount":0,"publisher":{"@id":"https:\/\/centcols.org\/#organization"},"image":{"@id":"https:\/\/centcols.org\/constant-van-waterschoot\/#primaryimage"},"thumbnailUrl":"https:\/\/centcols.org\/wp-content\/uploads\/2025\/02\/Capture-decran-2022-12-21-144002.jpg","articleSection":["Carnet noir","Gazette"],"inLanguage":"nl-BE","potentialAction":[{"@type":"CommentAction","name":"Comment","target":["https:\/\/centcols.org\/constant-van-waterschoot\/#respond"]}]},{"@type":"WebPage","@id":"https:\/\/centcols.org\/constant-van-waterschoot\/","url":"https:\/\/centcols.org\/constant-van-waterschoot\/","name":"Constant Van Waterschoot - Club des Cent Cols","isPartOf":{"@id":"https:\/\/centcols.org\/#website"},"primaryImageOfPage":{"@id":"https:\/\/centcols.org\/constant-van-waterschoot\/#primaryimage"},"image":{"@id":"https:\/\/centcols.org\/constant-van-waterschoot\/#primaryimage"},"thumbnailUrl":"https:\/\/centcols.org\/wp-content\/uploads\/2025\/02\/Capture-decran-2022-12-21-144002.jpg","datePublished":"2022-12-21T08:57:26+00:00","dateModified":"2025-09-13T07:10:11+00:00","breadcrumb":{"@id":"https:\/\/centcols.org\/constant-van-waterschoot\/#breadcrumb"},"inLanguage":"nl-BE","potentialAction":[{"@type":"ReadAction","target":["https:\/\/centcols.org\/constant-van-waterschoot\/"]}]},{"@type":"ImageObject","inLanguage":"nl-BE","@id":"https:\/\/centcols.org\/constant-van-waterschoot\/#primaryimage","url":"https:\/\/centcols.org\/wp-content\/uploads\/2025\/02\/Capture-decran-2022-12-21-144002.jpg","contentUrl":"https:\/\/centcols.org\/wp-content\/uploads\/2025\/02\/Capture-decran-2022-12-21-144002.jpg","width":189,"height":240},{"@type":"BreadcrumbList","@id":"https:\/\/centcols.org\/constant-van-waterschoot\/#breadcrumb","itemListElement":[{"@type":"ListItem","position":1,"name":"Accueil","item":"https:\/\/centcols.org\/"},{"@type":"ListItem","position":2,"name":"Gazette","item":"https:\/\/centcols.org\/rubrique\/gazette\/"},{"@type":"ListItem","position":3,"name":"Constant Van Waterschoot"}]},{"@type":"WebSite","@id":"https:\/\/centcols.org\/#website","url":"https:\/\/centcols.org\/","name":"Club van Cent Cols","description":"","publisher":{"@id":"https:\/\/centcols.org\/#organization"},"potentialAction":[{"@type":"SearchAction","target":{"@type":"EntryPoint","urlTemplate":"https:\/\/centcols.org\/?s={search_term_string}"},"query-input":{"@type":"PropertyValueSpecification","valueRequired":true,"valueName":"search_term_string"}}],"inLanguage":"nl-BE"},{"@type":"Organization","@id":"https:\/\/centcols.org\/#organization","name":"Club van Cent Cols","url":"https:\/\/centcols.org\/","logo":{"@type":"ImageObject","inLanguage":"nl-BE","@id":"https:\/\/centcols.org\/#\/schema\/logo\/image\/","url":"https:\/\/centcols.org\/wp-content\/uploads\/2025\/01\/carte-icone.png","contentUrl":"https:\/\/centcols.org\/wp-content\/uploads\/2025\/01\/carte-icone.png","width":250,"height":250,"caption":"Club des Cent Cols"},"image":{"@id":"https:\/\/centcols.org\/#\/schema\/logo\/image\/"},"sameAs":["https:\/\/www.facebook.com\/groups\/5261880558\/?locale=fr_FR"]},{"@type":"Person","@id":"https:\/\/centcols.org\/#\/schema\/person\/911b404fb133d8c913dd27cdcf71c8e5","name":"Webmaster","image":{"@type":"ImageObject","inLanguage":"nl-BE","@id":"https:\/\/centcols.org\/wp-content\/litespeed\/avatar\/2d246e4b6b4f773e08515e1ffc53690b.jpg?ver=1777222892","url":"https:\/\/centcols.org\/wp-content\/litespeed\/avatar\/2d246e4b6b4f773e08515e1ffc53690b.jpg?ver=1777222892","contentUrl":"https:\/\/centcols.org\/wp-content\/litespeed\/avatar\/2d246e4b6b4f773e08515e1ffc53690b.jpg?ver=1777222892","caption":"Webmestre"},"url":"https:\/\/centcols.org\/nl\/author\/webmestre\/"}]}},"_links":{"self":[{"href":"https:\/\/centcols.org\/nl\/wp-json\/wp\/v2\/posts\/79572","targetHints":{"allow":["GET"]}}],"collection":[{"href":"https:\/\/centcols.org\/nl\/wp-json\/wp\/v2\/posts"}],"about":[{"href":"https:\/\/centcols.org\/nl\/wp-json\/wp\/v2\/types\/post"}],"author":[{"embeddable":true,"href":"https:\/\/centcols.org\/nl\/wp-json\/wp\/v2\/users\/3"}],"replies":[{"embeddable":true,"href":"https:\/\/centcols.org\/nl\/wp-json\/wp\/v2\/comments?post=79572"}],"version-history":[{"count":0,"href":"https:\/\/centcols.org\/nl\/wp-json\/wp\/v2\/posts\/79572\/revisions"}],"wp:featuredmedia":[{"embeddable":true,"href":"https:\/\/centcols.org\/nl\/wp-json\/wp\/v2\/media\/79573"}],"wp:attachment":[{"href":"https:\/\/centcols.org\/nl\/wp-json\/wp\/v2\/media?parent=79572"}],"wp:term":[{"taxonomy":"category","embeddable":true,"href":"https:\/\/centcols.org\/nl\/wp-json\/wp\/v2\/categories?post=79572"},{"taxonomy":"post_tag","embeddable":true,"href":"https:\/\/centcols.org\/nl\/wp-json\/wp\/v2\/tags?post=79572"}],"curies":[{"name":"wp","href":"https:\/\/api.w.org\/{rel}","templated":true}]}}