{"id":79574,"date":"2023-01-15T10:57:26","date_gmt":"2023-01-15T08:57:26","guid":{"rendered":"https:\/\/centcols.org\/paul-fabre\/"},"modified":"2025-09-13T08:43:50","modified_gmt":"2025-09-13T06:43:50","slug":"paul-fabre","status":"publish","type":"post","link":"https:\/\/centcols.org\/nl\/paul-fabre\/","title":{"rendered":"Paul Fabre"},"content":{"rendered":"<figure class=\"wp-block-image size-full is-resized\"><img loading=\"lazy\" decoding=\"async\" width=\"1276\" height=\"1588\" src=\"https:\/\/centcols.org\/wp-content\/uploads\/2023\/01\/Paul_Fabre01.jpg\" alt=\"\" class=\"wp-image-87974\" style=\"width:auto;height:600px\" srcset=\"https:\/\/centcols.org\/wp-content\/uploads\/2023\/01\/Paul_Fabre01.jpg 1276w, https:\/\/centcols.org\/wp-content\/uploads\/2023\/01\/Paul_Fabre01-964x1200.jpg 964w, https:\/\/centcols.org\/wp-content\/uploads\/2023\/01\/Paul_Fabre01-768x956.jpg 768w, https:\/\/centcols.org\/wp-content\/uploads\/2023\/01\/Paul_Fabre01-1234x1536.jpg 1234w\" sizes=\"auto, (max-width: 1276px) 100vw, 1276px\" \/><\/figure>\n\n\n\n<p>Paul Fabre (1935-2023), Cent Cols nr. 1733 sinds 1982<br>Eddius was geen meedogenloze klimmer: hij had zo'n twintig jaar geleden zijn teller geblokkeerd. Maar hij wist als geen ander hoe hij het verhaal van een rit moest vertellen, en de veteraan-fietser verstopte zich onder een eminent universitair docent en auteur van werken over taalkunde.<\/p>\n\n\n\n<h2 class=\"wp-block-heading\">Auteur van hoogte<\/h2>\n\n\n\n<p>&nbsp;Ik herinner me die dag in september 2000, toen ik aan het hoofd stond van een peloton van een honderdtal fietsers die vanuit heel Frankrijk naar Beaune waren gekomen voor de bijeenkomst van leden van de Amicale des Diagonalistes, waarvan u voorzitter was. In het wiel van uw twee secretaresses werd u omringd door uw naaste fietsgezellen, veredeld door Messire Eddius. Ik pikte een paar flarden van je grappen op en voelde een echt gevoel van frustratie over het feit dat ik geen deel uitmaakte van die eerste kring... (en ik citeer je) \u00abvan serieuze volwassenen die deze kinderachtige spelletjes spelen op de leeftijd van het billenkoek geven\u00bb. Ik had geen kans om deel uit te maken van die eerste kring, want omdat ik op 400 kilometer van Al\u00e8s woon, was het voor mij onmogelijk om me aan te sluiten bij Albert, Emile, Guy en alle anderen die uren en dagenlang jullie route deelden, rond Frankrijk of op de Diagonaal, van Parijs naar Brest of van Hendaye naar Compostela.<br>Toen ik je in maart 2015 vroeg om het voorwoord te schrijven voor de biografie van Patrick Plaine die ik net had geschreven, kon ik niet vermoeden dat we allebei aan een lang avontuur zouden beginnen, waarin onze computers onze wandelaars zouden vervangen en onze toetsenborden hun pedalen. Er zijn precies 42 edities die ik voor jou heb gemaakt, waarvan er 35 openbaar te koop zijn, de andere 7 zijn boeken die jij alleen aan je vrienden en familie wilde geven. We hebben vele lange uren samen doorgebracht, jij die de routes ontwierp, ik die de weg voor je plaveide, het geheugenverlies van je oude computer probeerde te repareren, roeiend door je pagina's in het Occitaans, maar gelukkig en medeplichtig als alle ridders van je ost.<\/p>\n\n\n\n<figure class=\"wp-block-image size-full\"><img loading=\"lazy\" decoding=\"async\" width=\"1200\" height=\"807\" src=\"https:\/\/centcols.org\/wp-content\/uploads\/2023\/01\/Paul_Fabre_1200-1.jpg\" alt=\"\" class=\"wp-image-87975\" style=\"object-fit:cover\" srcset=\"https:\/\/centcols.org\/wp-content\/uploads\/2023\/01\/Paul_Fabre_1200-1.jpg 1200w, https:\/\/centcols.org\/wp-content\/uploads\/2023\/01\/Paul_Fabre_1200-1-768x516.jpg 768w\" sizes=\"auto, (max-width: 1200px) 100vw, 1200px\" \/><\/figure>\n\n\n\n<p>Dank je, Paul, dat je me hebt ge\u00efntroduceerd in de wereld van de troubadours en dat nobele woord paratge, dat ik in mijn onwetendheid absoluut partage wilde spellen. Bedankt dat je me hebt ge\u00efntroduceerd in de po\u00ebtische wereld van je geliefde Paul Val\u00e9ry, door me te leren luisteren naar de muziek van zijn verzen in plaats van te proberen er wijs uit te worden. Bedankt dat je me de wijze filosofie van Montaigne hebt geleerd. Bedankt dat je zoveel tijd hebt genomen om me meer dan duizend e-mails te schrijven, waarin we vaak grapjes maakten als kinderen...<\/p>\n\n\n\n<p><br>&nbsp;&nbsp; &nbsp;&nbsp; Nogmaals bedankt dat je me hebt uitgenodigd om een laatste Diagonaal met je te delen, door me te vragen je 80 snapshots van mijn levensreis te sturen, die je me hebt teruggestuurd met 8 verzen van elk 8 voet, gepersonaliseerde gedichten die me diep hebben geraakt. We hebben er een boek van gemaakt, waarvan jij de titel koos: TOGETHER.<br>&nbsp;&nbsp; &nbsp;&nbsp; Ik weet, Paul, dat je vertrokken bent om je te voegen bij je geliefde Fran\u00e7oise, en dat je niet vergeten bent je zesde fiets mee te nemen, de prachtige Follis die ze je gaf voor je zeventigste verjaardag. En ik weet ook dat je \u00ablange rechte stukken zult trekken op je grootste versnelling\u00bb met Pierre, Raymond, Micheline, Emile, Patrick, en al diegenen die naast je reden en die ons verlaten hebben, in je wiel. En ik weet nog steeds dat je het vernuft zult vinden om hun momentum af te snijden op honderd meter van de top van een pas, ongetwijfeld zo prestigieus als een Portet d'Aspet of een Cabar\u00e9tou. Na de Prins van Portet te zijn geweest, zal Messire Eddius ook de Prins van het Paradijs zijn.<br>Vaarwel Paul, jij \u00d4 mais grande para sempre, vaarwel Maestro en bedankt. Hartelijk dank.<\/p>\n\n\n\n<h4 class=\"wp-block-heading\">Gilbert Jaccon, Cent Cols n\u00b0 3497, Beaune<\/h4>\n\n\n\n<hr class=\"wp-block-separator has-css-opacity\"\/>\n\n\n\n<figure class=\"wp-block-image size-full\"><img loading=\"lazy\" decoding=\"async\" width=\"1831\" height=\"1508\" src=\"https:\/\/centcols.org\/wp-content\/uploads\/2023\/01\/Paul_Fabre.jpg\" alt=\"\" class=\"wp-image-85754\" style=\"object-fit:cover\" srcset=\"https:\/\/centcols.org\/wp-content\/uploads\/2023\/01\/Paul_Fabre.jpg 1831w, https:\/\/centcols.org\/wp-content\/uploads\/2023\/01\/Paul_Fabre-1200x988.jpg 1200w, https:\/\/centcols.org\/wp-content\/uploads\/2023\/01\/Paul_Fabre-768x633.jpg 768w, https:\/\/centcols.org\/wp-content\/uploads\/2023\/01\/Paul_Fabre-1536x1265.jpg 1536w\" sizes=\"auto, (max-width: 1831px) 100vw, 1831px\" \/><\/figure>\n\n\n\n<p>Mijn beste herinneringen aan fietsen met Paul Fabre, alias Eddius, zijn de 25e Cent-Cols concentratie op Mas de la Barque op 17 augustus 1997, en in het bijzonder de klim van Concoules naar Genolhac die eraan voorafging. Het was een lange, ongelijke klim door het bos, waarbij Eddius, hijzelf op de fiets en wij op de tandem, ons een lezing gaf over de oorsprong van de namen van regionale passen zoals Canteperdrix, Lancise, Banl\u00e8ve en Malpertus.<\/p>\n\n\n\n<p>Henri Bosc en een paar anderen sloten zich aan, en toen we naar het bord voor de Col du Pr\u00e9 de la Dame (FR-30-1474) fietsten, hielden we Henri tegen aan de bagagedrager, zodat Eddius als eerste de pas kon passeren en zo zijn positie als voorzitter van de Amicale des Diagonalistes hoog kon houden!<\/p>\n\n\n\n<p>Henri had natuurlijk gedaan alsof hij aanstoot nam aan de gestolen overwinning van zijn collega en zo de legende van hun oratorische rivaliteit gevoed, waarbij ook hun vrienden uit het Centraal Massief betrokken waren, Jean Fournol en Jean Barri\u00e9, die dat weekend ook in Concoules waren en die in hun verhalen terug te vinden waren onder aristocratische of middeleeuwse pseudoniemen ...<\/p>\n\n\n\n<p>Paul Fabre wist zijn eruditie binnen ons bereik te brengen, zie zijn \u00abQue sais-je\u00bb over persoonsnamen in Frankrijk, en van al zijn geschriften herinneren we ons vooral zijn briljante lofrede op alles wat klein is, die verscheen toen hij Le Petit Diagonaliste overnam, in nummer 25 van november 1994. Ik ben dit nummer, dat Jean-Philippe Battu een paar jaar geleden online heeft gezet, (tijdelijk?) kwijtgeraakt. Als iemand het heeft, wil ik het graag voor je scannen.<\/p>\n\n\n\n<p>We zullen Eddius niet snel vergeten en ik wil graag van deze gelegenheid gebruik maken om diegenen te feliciteren die onze broederschap springlevend houden, zoals blijkt uit de vele berichten die in het nieuwe jaar zijn gepubliceerd en die slechts het topje van de ijsberg zijn.<\/p>\n\n\n\n<h4 class=\"wp-block-heading kt-adv-heading_67ddc2-6f wp-block-kadence-advancedheading has-vivid-cyan-blue-color has-text-color\">Marc Liaudon<\/h4>\n\n\n\n<p>Gisteren vernam ik het droevige nieuws van het overlijden van Paul Fabre. Hij was een bekende binnen de FFCT, een groot wielertoerist maar bovenal een groot schrijver en heeft ons een aanzienlijk oeuvre nagelaten...<br>Ik weet niet of hij lid was van de club des cent cols?<br>Eddius, zoals zijn vele vrienden hem graag noemden, is gisteren 12 januari overleden.<br>Ik ben momenteel een van zijn laatste boeken aan het lezen: \u00abUne ivresse continue ou saga d'un Cycliste ordinaire\u00bb, dat nu een andere smaak krijgt...<\/p>\n\n\n\n<h4 class=\"wp-block-heading kt-adv-heading_aeff33-cf wp-block-kadence-advancedheading has-vivid-cyan-blue-color has-text-color\">Jean-Marc Lev\u00e8vre<\/h4>\n\n\n\n<hr class=\"wp-block-separator has-css-opacity\"\/>\n\n\n\n<p>Inderdaad triest nieuws.  We hebben een groot wandelaar en een goede schrijver verloren.  Eddius was natuurlijk in 1982 teruggekeerd naar de CCC, net als zijn 3 metgezellen van de \u2019Chemins \u00e0 trois voies\u2019 die de Camino de Santiago waren begonnen, waaronder Henri Bosc, die de laatste van de groep is gebleven.<br>Vrede zij met zijn ziel en condoleances voor zijn familie.&nbsp;<\/p>\n\n\n\n<h4 class=\"wp-block-heading kt-adv-heading_0cf096-84 wp-block-kadence-advancedheading has-vivid-cyan-blue-color has-text-color\">Didier R\u00e9mond<\/h4>\n\n\n\n<hr class=\"wp-block-separator has-css-opacity\"\/>\n\n\n\n<p>Het vertrek van onze vriend Eddius is het zoveelste verdriet voor wielertoeristen, want onze vrienden uit de Pyrenee\u00ebn verlaten ons \u00e9\u00e9n voor \u00e9\u00e9n en laten ons achter met een andere Henri.<br>Helaas&nbsp;<\/p>\n\n\n\n<h4 class=\"wp-block-heading kt-adv-heading_2b3884-cb wp-block-kadence-advancedheading has-vivid-cyan-blue-color has-text-color\">Henri Dusseau<\/h4>\n\n\n\n<hr class=\"wp-block-separator has-css-opacity\"\/>\n\n\n\n<p><\/p>","protected":false},"excerpt":{"rendered":"<p>Paul Fabre (1935-2023), Cent Cols n\u00b0 1733 depuis 1982Eddius n\u2019\u00e9tait pas un grimpeur acharn\u00e9&nbsp;: il avait bloqu\u00e9 son compteur il y a une vingtaine d\u2019ann\u00e9es. Mais il savait raconter une randonn\u00e9e comme personne, le cyclotouriste \u00e9m\u00e9rite cachant un \u00e9minent professeur d\u2019universit\u00e9, auteur d\u2019ouvrages de linguistique. Auteur de hauteur &nbsp;Je me souviens de ce jour de [&hellip;]<\/p>\n","protected":false},"author":3,"featured_media":85754,"comment_status":"open","ping_status":"open","sticky":false,"template":"","format":"standard","meta":{"_acf_changed":false,"footnotes":""},"categories":[130,129],"tags":[],"class_list":["post-79574","post","type-post","status-publish","format-standard","has-post-thumbnail","hentry","category-carnet-noir","category-gazette"],"acf":[],"yoast_head":"<!-- This site is optimized with the Yoast SEO plugin v27.2 - https:\/\/yoast.com\/product\/yoast-seo-wordpress\/ -->\n<title>Paul Fabre - Club des Cent Cols<\/title>\n<meta name=\"robots\" content=\"index, follow, max-snippet:-1, max-image-preview:large, max-video-preview:-1\" \/>\n<link rel=\"canonical\" href=\"https:\/\/centcols.org\/nl\/paul-fabre\/\" \/>\n<meta property=\"og:locale\" content=\"nl_BE\" \/>\n<meta property=\"og:type\" content=\"article\" \/>\n<meta property=\"og:title\" content=\"Paul Fabre - Club des Cent Cols\" \/>\n<meta property=\"og:description\" content=\"Paul Fabre (1935-2023), Cent Cols n\u00b0 1733 depuis 1982Eddius n\u2019\u00e9tait pas un grimpeur acharn\u00e9&nbsp;: il avait bloqu\u00e9 son compteur il y a une vingtaine d\u2019ann\u00e9es. Mais il savait raconter une randonn\u00e9e comme personne, le cyclotouriste \u00e9m\u00e9rite cachant un \u00e9minent professeur d\u2019universit\u00e9, auteur d\u2019ouvrages de linguistique. Auteur de hauteur &nbsp;Je me souviens de ce jour de [&hellip;]\" \/>\n<meta property=\"og:url\" content=\"https:\/\/centcols.org\/nl\/paul-fabre\/\" \/>\n<meta property=\"og:site_name\" content=\"Club des Cent Cols\" \/>\n<meta property=\"article:publisher\" content=\"https:\/\/www.facebook.com\/groups\/5261880558\/?locale=fr_FR\" \/>\n<meta property=\"article:published_time\" content=\"2023-01-15T08:57:26+00:00\" \/>\n<meta property=\"article:modified_time\" content=\"2025-09-13T06:43:50+00:00\" \/>\n<meta property=\"og:image\" content=\"https:\/\/centcols.org\/wp-content\/uploads\/2023\/01\/Paul_Fabre.jpg\" \/>\n\t<meta property=\"og:image:width\" content=\"1831\" \/>\n\t<meta property=\"og:image:height\" content=\"1508\" \/>\n\t<meta property=\"og:image:type\" content=\"image\/jpeg\" \/>\n<meta name=\"author\" content=\"Webmestre\" \/>\n<meta name=\"twitter:card\" content=\"summary_large_image\" \/>\n<meta name=\"twitter:label1\" content=\"Geschreven door\" \/>\n\t<meta name=\"twitter:data1\" content=\"Webmestre\" \/>\n\t<meta name=\"twitter:label2\" content=\"Geschatte leestijd\" \/>\n\t<meta name=\"twitter:data2\" content=\"7 minuten\" \/>\n<script type=\"application\/ld+json\" class=\"yoast-schema-graph\">{\"@context\":\"https:\/\/schema.org\",\"@graph\":[{\"@type\":\"Article\",\"@id\":\"https:\/\/centcols.org\/paul-fabre\/#article\",\"isPartOf\":{\"@id\":\"https:\/\/centcols.org\/paul-fabre\/\"},\"author\":{\"name\":\"Webmestre\",\"@id\":\"https:\/\/centcols.org\/#\/schema\/person\/911b404fb133d8c913dd27cdcf71c8e5\"},\"headline\":\"Paul Fabre\",\"datePublished\":\"2023-01-15T08:57:26+00:00\",\"dateModified\":\"2025-09-13T06:43:50+00:00\",\"mainEntityOfPage\":{\"@id\":\"https:\/\/centcols.org\/paul-fabre\/\"},\"wordCount\":1239,\"commentCount\":0,\"publisher\":{\"@id\":\"https:\/\/centcols.org\/#organization\"},\"image\":{\"@id\":\"https:\/\/centcols.org\/paul-fabre\/#primaryimage\"},\"thumbnailUrl\":\"https:\/\/centcols.org\/wp-content\/uploads\/2023\/01\/Paul_Fabre.jpg\",\"articleSection\":[\"Carnet noir\",\"Gazette\"],\"inLanguage\":\"nl-BE\",\"potentialAction\":[{\"@type\":\"CommentAction\",\"name\":\"Comment\",\"target\":[\"https:\/\/centcols.org\/paul-fabre\/#respond\"]}]},{\"@type\":\"WebPage\",\"@id\":\"https:\/\/centcols.org\/paul-fabre\/\",\"url\":\"https:\/\/centcols.org\/paul-fabre\/\",\"name\":\"Paul Fabre - Club des Cent Cols\",\"isPartOf\":{\"@id\":\"https:\/\/centcols.org\/#website\"},\"primaryImageOfPage\":{\"@id\":\"https:\/\/centcols.org\/paul-fabre\/#primaryimage\"},\"image\":{\"@id\":\"https:\/\/centcols.org\/paul-fabre\/#primaryimage\"},\"thumbnailUrl\":\"https:\/\/centcols.org\/wp-content\/uploads\/2023\/01\/Paul_Fabre.jpg\",\"datePublished\":\"2023-01-15T08:57:26+00:00\",\"dateModified\":\"2025-09-13T06:43:50+00:00\",\"breadcrumb\":{\"@id\":\"https:\/\/centcols.org\/paul-fabre\/#breadcrumb\"},\"inLanguage\":\"nl-BE\",\"potentialAction\":[{\"@type\":\"ReadAction\",\"target\":[\"https:\/\/centcols.org\/paul-fabre\/\"]}]},{\"@type\":\"ImageObject\",\"inLanguage\":\"nl-BE\",\"@id\":\"https:\/\/centcols.org\/paul-fabre\/#primaryimage\",\"url\":\"https:\/\/centcols.org\/wp-content\/uploads\/2023\/01\/Paul_Fabre.jpg\",\"contentUrl\":\"https:\/\/centcols.org\/wp-content\/uploads\/2023\/01\/Paul_Fabre.jpg\",\"width\":1831,\"height\":1508},{\"@type\":\"BreadcrumbList\",\"@id\":\"https:\/\/centcols.org\/paul-fabre\/#breadcrumb\",\"itemListElement\":[{\"@type\":\"ListItem\",\"position\":1,\"name\":\"Accueil\",\"item\":\"https:\/\/centcols.org\/\"},{\"@type\":\"ListItem\",\"position\":2,\"name\":\"Gazette\",\"item\":\"https:\/\/centcols.org\/rubrique\/gazette\/\"},{\"@type\":\"ListItem\",\"position\":3,\"name\":\"Paul Fabre\"}]},{\"@type\":\"WebSite\",\"@id\":\"https:\/\/centcols.org\/#website\",\"url\":\"https:\/\/centcols.org\/\",\"name\":\"Club des Cent Cols\",\"description\":\"\",\"publisher\":{\"@id\":\"https:\/\/centcols.org\/#organization\"},\"potentialAction\":[{\"@type\":\"SearchAction\",\"target\":{\"@type\":\"EntryPoint\",\"urlTemplate\":\"https:\/\/centcols.org\/?s={search_term_string}\"},\"query-input\":{\"@type\":\"PropertyValueSpecification\",\"valueRequired\":true,\"valueName\":\"search_term_string\"}}],\"inLanguage\":\"nl-BE\"},{\"@type\":\"Organization\",\"@id\":\"https:\/\/centcols.org\/#organization\",\"name\":\"Club des Cent Cols\",\"url\":\"https:\/\/centcols.org\/\",\"logo\":{\"@type\":\"ImageObject\",\"inLanguage\":\"nl-BE\",\"@id\":\"https:\/\/centcols.org\/#\/schema\/logo\/image\/\",\"url\":\"https:\/\/centcols.org\/wp-content\/uploads\/2025\/01\/carte-icone.png\",\"contentUrl\":\"https:\/\/centcols.org\/wp-content\/uploads\/2025\/01\/carte-icone.png\",\"width\":250,\"height\":250,\"caption\":\"Club des Cent Cols\"},\"image\":{\"@id\":\"https:\/\/centcols.org\/#\/schema\/logo\/image\/\"},\"sameAs\":[\"https:\/\/www.facebook.com\/groups\/5261880558\/?locale=fr_FR\"]},{\"@type\":\"Person\",\"@id\":\"https:\/\/centcols.org\/#\/schema\/person\/911b404fb133d8c913dd27cdcf71c8e5\",\"name\":\"Webmestre\",\"image\":{\"@type\":\"ImageObject\",\"inLanguage\":\"nl-BE\",\"@id\":\"https:\/\/centcols.org\/wp-content\/litespeed\/avatar\/2d246e4b6b4f773e08515e1ffc53690b.jpg?ver=1777222892\",\"url\":\"https:\/\/centcols.org\/wp-content\/litespeed\/avatar\/2d246e4b6b4f773e08515e1ffc53690b.jpg?ver=1777222892\",\"contentUrl\":\"https:\/\/centcols.org\/wp-content\/litespeed\/avatar\/2d246e4b6b4f773e08515e1ffc53690b.jpg?ver=1777222892\",\"caption\":\"Webmestre\"},\"url\":\"https:\/\/centcols.org\/nl\/author\/webmestre\/\"}]}<\/script>\n<!-- \/ Yoast SEO plugin. -->","yoast_head_json":{"title":"Paul Fabre - Club des Cent Cols","robots":{"index":"index","follow":"follow","max-snippet":"max-snippet:-1","max-image-preview":"max-image-preview:large","max-video-preview":"max-video-preview:-1"},"canonical":"https:\/\/centcols.org\/nl\/paul-fabre\/","og_locale":"nl_BE","og_type":"article","og_title":"Paul Fabre - Club des Cent Cols","og_description":"Paul Fabre (1935-2023), Cent Cols n\u00b0 1733 depuis 1982Eddius n\u2019\u00e9tait pas un grimpeur acharn\u00e9&nbsp;: il avait bloqu\u00e9 son compteur il y a une vingtaine d\u2019ann\u00e9es. Mais il savait raconter une randonn\u00e9e comme personne, le cyclotouriste \u00e9m\u00e9rite cachant un \u00e9minent professeur d\u2019universit\u00e9, auteur d\u2019ouvrages de linguistique. Auteur de hauteur &nbsp;Je me souviens de ce jour de [&hellip;]","og_url":"https:\/\/centcols.org\/nl\/paul-fabre\/","og_site_name":"Club des Cent Cols","article_publisher":"https:\/\/www.facebook.com\/groups\/5261880558\/?locale=fr_FR","article_published_time":"2023-01-15T08:57:26+00:00","article_modified_time":"2025-09-13T06:43:50+00:00","og_image":[{"width":1831,"height":1508,"url":"https:\/\/centcols.org\/wp-content\/uploads\/2023\/01\/Paul_Fabre.jpg","type":"image\/jpeg"}],"author":"Webmestre","twitter_card":"summary_large_image","twitter_misc":{"Geschreven door":"Webmestre","Geschatte leestijd":"7 minuten"},"schema":{"@context":"https:\/\/schema.org","@graph":[{"@type":"Article","@id":"https:\/\/centcols.org\/paul-fabre\/#article","isPartOf":{"@id":"https:\/\/centcols.org\/paul-fabre\/"},"author":{"name":"Webmestre","@id":"https:\/\/centcols.org\/#\/schema\/person\/911b404fb133d8c913dd27cdcf71c8e5"},"headline":"Paul Fabre","datePublished":"2023-01-15T08:57:26+00:00","dateModified":"2025-09-13T06:43:50+00:00","mainEntityOfPage":{"@id":"https:\/\/centcols.org\/paul-fabre\/"},"wordCount":1239,"commentCount":0,"publisher":{"@id":"https:\/\/centcols.org\/#organization"},"image":{"@id":"https:\/\/centcols.org\/paul-fabre\/#primaryimage"},"thumbnailUrl":"https:\/\/centcols.org\/wp-content\/uploads\/2023\/01\/Paul_Fabre.jpg","articleSection":["Carnet noir","Gazette"],"inLanguage":"nl-BE","potentialAction":[{"@type":"CommentAction","name":"Comment","target":["https:\/\/centcols.org\/paul-fabre\/#respond"]}]},{"@type":"WebPage","@id":"https:\/\/centcols.org\/paul-fabre\/","url":"https:\/\/centcols.org\/paul-fabre\/","name":"Paul Fabre - Club des Cent Cols","isPartOf":{"@id":"https:\/\/centcols.org\/#website"},"primaryImageOfPage":{"@id":"https:\/\/centcols.org\/paul-fabre\/#primaryimage"},"image":{"@id":"https:\/\/centcols.org\/paul-fabre\/#primaryimage"},"thumbnailUrl":"https:\/\/centcols.org\/wp-content\/uploads\/2023\/01\/Paul_Fabre.jpg","datePublished":"2023-01-15T08:57:26+00:00","dateModified":"2025-09-13T06:43:50+00:00","breadcrumb":{"@id":"https:\/\/centcols.org\/paul-fabre\/#breadcrumb"},"inLanguage":"nl-BE","potentialAction":[{"@type":"ReadAction","target":["https:\/\/centcols.org\/paul-fabre\/"]}]},{"@type":"ImageObject","inLanguage":"nl-BE","@id":"https:\/\/centcols.org\/paul-fabre\/#primaryimage","url":"https:\/\/centcols.org\/wp-content\/uploads\/2023\/01\/Paul_Fabre.jpg","contentUrl":"https:\/\/centcols.org\/wp-content\/uploads\/2023\/01\/Paul_Fabre.jpg","width":1831,"height":1508},{"@type":"BreadcrumbList","@id":"https:\/\/centcols.org\/paul-fabre\/#breadcrumb","itemListElement":[{"@type":"ListItem","position":1,"name":"Accueil","item":"https:\/\/centcols.org\/"},{"@type":"ListItem","position":2,"name":"Gazette","item":"https:\/\/centcols.org\/rubrique\/gazette\/"},{"@type":"ListItem","position":3,"name":"Paul Fabre"}]},{"@type":"WebSite","@id":"https:\/\/centcols.org\/#website","url":"https:\/\/centcols.org\/","name":"Club van Cent Cols","description":"","publisher":{"@id":"https:\/\/centcols.org\/#organization"},"potentialAction":[{"@type":"SearchAction","target":{"@type":"EntryPoint","urlTemplate":"https:\/\/centcols.org\/?s={search_term_string}"},"query-input":{"@type":"PropertyValueSpecification","valueRequired":true,"valueName":"search_term_string"}}],"inLanguage":"nl-BE"},{"@type":"Organization","@id":"https:\/\/centcols.org\/#organization","name":"Club van Cent Cols","url":"https:\/\/centcols.org\/","logo":{"@type":"ImageObject","inLanguage":"nl-BE","@id":"https:\/\/centcols.org\/#\/schema\/logo\/image\/","url":"https:\/\/centcols.org\/wp-content\/uploads\/2025\/01\/carte-icone.png","contentUrl":"https:\/\/centcols.org\/wp-content\/uploads\/2025\/01\/carte-icone.png","width":250,"height":250,"caption":"Club des Cent Cols"},"image":{"@id":"https:\/\/centcols.org\/#\/schema\/logo\/image\/"},"sameAs":["https:\/\/www.facebook.com\/groups\/5261880558\/?locale=fr_FR"]},{"@type":"Person","@id":"https:\/\/centcols.org\/#\/schema\/person\/911b404fb133d8c913dd27cdcf71c8e5","name":"Webmaster","image":{"@type":"ImageObject","inLanguage":"nl-BE","@id":"https:\/\/centcols.org\/wp-content\/litespeed\/avatar\/2d246e4b6b4f773e08515e1ffc53690b.jpg?ver=1777222892","url":"https:\/\/centcols.org\/wp-content\/litespeed\/avatar\/2d246e4b6b4f773e08515e1ffc53690b.jpg?ver=1777222892","contentUrl":"https:\/\/centcols.org\/wp-content\/litespeed\/avatar\/2d246e4b6b4f773e08515e1ffc53690b.jpg?ver=1777222892","caption":"Webmestre"},"url":"https:\/\/centcols.org\/nl\/author\/webmestre\/"}]}},"_links":{"self":[{"href":"https:\/\/centcols.org\/nl\/wp-json\/wp\/v2\/posts\/79574","targetHints":{"allow":["GET"]}}],"collection":[{"href":"https:\/\/centcols.org\/nl\/wp-json\/wp\/v2\/posts"}],"about":[{"href":"https:\/\/centcols.org\/nl\/wp-json\/wp\/v2\/types\/post"}],"author":[{"embeddable":true,"href":"https:\/\/centcols.org\/nl\/wp-json\/wp\/v2\/users\/3"}],"replies":[{"embeddable":true,"href":"https:\/\/centcols.org\/nl\/wp-json\/wp\/v2\/comments?post=79574"}],"version-history":[{"count":0,"href":"https:\/\/centcols.org\/nl\/wp-json\/wp\/v2\/posts\/79574\/revisions"}],"wp:featuredmedia":[{"embeddable":true,"href":"https:\/\/centcols.org\/nl\/wp-json\/wp\/v2\/media\/85754"}],"wp:attachment":[{"href":"https:\/\/centcols.org\/nl\/wp-json\/wp\/v2\/media?parent=79574"}],"wp:term":[{"taxonomy":"category","embeddable":true,"href":"https:\/\/centcols.org\/nl\/wp-json\/wp\/v2\/categories?post=79574"},{"taxonomy":"post_tag","embeddable":true,"href":"https:\/\/centcols.org\/nl\/wp-json\/wp\/v2\/tags?post=79574"}],"curies":[{"name":"wp","href":"https:\/\/api.w.org\/{rel}","templated":true}]}}