{"id":79583,"date":"2023-04-26T10:57:26","date_gmt":"2023-04-26T08:57:26","guid":{"rendered":"https:\/\/centcols.org\/jean-paul-cuffolo\/"},"modified":"2025-09-13T08:38:47","modified_gmt":"2025-09-13T06:38:47","slug":"jean-paul-cuffolo","status":"publish","type":"post","link":"https:\/\/centcols.org\/nl\/jean-paul-cuffolo\/","title":{"rendered":"Jean-Paul Cuffolo"},"content":{"rendered":"<div class=\"wp-block-columns is-layout-flex wp-container-core-columns-is-layout-9d6595d7 wp-block-columns-is-layout-flex\">\n<div class=\"wp-block-column is-layout-flow wp-block-column-is-layout-flow\" style=\"flex-basis:33.33%\">\n<figure class=\"wp-block-image size-full\"><img loading=\"lazy\" decoding=\"async\" width=\"301\" height=\"521\" src=\"https:\/\/centcols.org\/wp-content\/uploads\/2025\/02\/JP-Cuffolo-1.png\" alt=\"\" class=\"wp-image-79585\"\/><\/figure>\n<\/div>\n\n\n\n<div class=\"wp-block-column is-layout-flow wp-block-column-is-layout-flow\" style=\"flex-basis:66.66%\">\n<p class=\"has-medium-font-size\"><strong>Jean-Paul Cuffolo<\/strong>, cent cols n\u00b01899 verliet ons op paasavond, net na zijn zeventigste verjaardag. <\/p>\n\n\n\n<p class=\"has-medium-font-size\">Hij was al meer dan een jaar ziek, maar in een laatste bericht vertelde hij me dat hij het wilde volhouden tot een laatste paaspijl. Jean-Paul was al meer dan veertig jaar lid van CT Albertvillois en had het avontuur van verschillende pijlen en van Parijs Brest meegemaakt. <\/p>\n\n\n\n<p class=\"has-medium-font-size\">Maar bovenal was hij een meedogenloze verzamelaar. Hoewel hij ziek was, struinde hij vorig jaar de toevoegingen af om voor zichzelf twee rolstoelpassen te vinden en presenteerde een lijst, helaas definitief, van 3587 passen, waaronder 321 2000. Het is een bewijs van zijn doorzettingsvermogen en zijn vele mountainbike uitstapjes, waar zijn legendarische voorzichtigheid vaak werd misbruikt!&nbsp;<\/p>\n\n\n\n<p class=\"has-medium-font-size\">Jean-Paul was ook een uitstekende gitarist en zanger. Hij was ook leraar boekhouding, waarbij de strengheid van zijn lijst met kragen het resultaat is van een lichte beroepsdeformatie!&nbsp;<\/p>\n\n\n\n<h4 class=\"wp-block-heading kt-adv-heading72064_14b8e3-70 wp-block-kadence-advancedheading has-vivid-cyan-blue-color has-text-color\">Fran\u00e7ois Rieu - Hoofdredacteur<\/h4>\n<\/div>\n<\/div>\n\n\n\n<p class=\"has-medium-font-size\">&nbsp;<\/p>","protected":false},"excerpt":{"rendered":"<p>Jean-Paul Cuffolo, cent cols n\u00b01899 nous a quitt\u00e9s la veille de P\u00e2ques juste apr\u00e8s ses septante ans. Malade depuis plus d&rsquo;un an, il m&rsquo;avait dit dans un dernier message vouloir tenir jusqu&rsquo;\u00e0 une derni\u00e8re fl\u00e8che pascale.&nbsp;Adh\u00e9rent des CT Albertvillois depuis plus de quarante ans, Jean-Paul avait v\u00e9cu l&rsquo;aventure de plusieurs fl\u00e8ches, et de Paris Brest. [&hellip;]<\/p>\n","protected":false},"author":3,"featured_media":79584,"comment_status":"open","ping_status":"open","sticky":false,"template":"","format":"standard","meta":{"_acf_changed":false,"footnotes":""},"categories":[130,129],"tags":[],"class_list":["post-79583","post","type-post","status-publish","format-standard","has-post-thumbnail","hentry","category-carnet-noir","category-gazette"],"acf":[],"yoast_head":"<!-- This site is optimized with the Yoast SEO plugin v27.2 - https:\/\/yoast.com\/product\/yoast-seo-wordpress\/ -->\n<title>Jean-Paul Cuffolo - Club des Cent Cols<\/title>\n<meta name=\"robots\" content=\"index, follow, max-snippet:-1, max-image-preview:large, max-video-preview:-1\" \/>\n<link rel=\"canonical\" href=\"https:\/\/centcols.org\/nl\/jean-paul-cuffolo\/\" \/>\n<meta property=\"og:locale\" content=\"nl_BE\" \/>\n<meta property=\"og:type\" content=\"article\" \/>\n<meta property=\"og:title\" content=\"Jean-Paul Cuffolo - Club des Cent Cols\" \/>\n<meta property=\"og:description\" content=\"Jean-Paul Cuffolo, cent cols n\u00b01899 nous a quitt\u00e9s la veille de P\u00e2ques juste apr\u00e8s ses septante ans. Malade depuis plus d&rsquo;un an, il m&rsquo;avait dit dans un dernier message vouloir tenir jusqu&rsquo;\u00e0 une derni\u00e8re fl\u00e8che pascale.&nbsp;Adh\u00e9rent des CT Albertvillois depuis plus de quarante ans, Jean-Paul avait v\u00e9cu l&rsquo;aventure de plusieurs fl\u00e8ches, et de Paris Brest. [&hellip;]\" \/>\n<meta property=\"og:url\" content=\"https:\/\/centcols.org\/nl\/jean-paul-cuffolo\/\" \/>\n<meta property=\"og:site_name\" content=\"Club des Cent Cols\" \/>\n<meta property=\"article:publisher\" content=\"https:\/\/www.facebook.com\/groups\/5261880558\/?locale=fr_FR\" \/>\n<meta property=\"article:published_time\" content=\"2023-04-26T08:57:26+00:00\" \/>\n<meta property=\"article:modified_time\" content=\"2025-09-13T06:38:47+00:00\" \/>\n<meta property=\"og:image\" content=\"https:\/\/centcols.org\/wp-content\/uploads\/2025\/02\/JP-Cuffolo-e1747139252497.png\" \/>\n\t<meta property=\"og:image:width\" content=\"301\" \/>\n\t<meta property=\"og:image:height\" content=\"232\" \/>\n\t<meta property=\"og:image:type\" content=\"image\/png\" \/>\n<meta name=\"author\" content=\"Webmestre\" \/>\n<meta name=\"twitter:card\" content=\"summary_large_image\" \/>\n<meta name=\"twitter:label1\" content=\"Geschreven door\" \/>\n\t<meta name=\"twitter:data1\" content=\"Webmestre\" \/>\n\t<meta name=\"twitter:label2\" content=\"Geschatte leestijd\" \/>\n\t<meta name=\"twitter:data2\" content=\"2 minuten\" \/>\n<script type=\"application\/ld+json\" class=\"yoast-schema-graph\">{\"@context\":\"https:\/\/schema.org\",\"@graph\":[{\"@type\":\"Article\",\"@id\":\"https:\/\/centcols.org\/jean-paul-cuffolo\/#article\",\"isPartOf\":{\"@id\":\"https:\/\/centcols.org\/jean-paul-cuffolo\/\"},\"author\":{\"name\":\"Webmestre\",\"@id\":\"https:\/\/centcols.org\/#\/schema\/person\/911b404fb133d8c913dd27cdcf71c8e5\"},\"headline\":\"Jean-Paul Cuffolo\",\"datePublished\":\"2023-04-26T08:57:26+00:00\",\"dateModified\":\"2025-09-13T06:38:47+00:00\",\"mainEntityOfPage\":{\"@id\":\"https:\/\/centcols.org\/jean-paul-cuffolo\/\"},\"wordCount\":169,\"commentCount\":0,\"publisher\":{\"@id\":\"https:\/\/centcols.org\/#organization\"},\"image\":{\"@id\":\"https:\/\/centcols.org\/jean-paul-cuffolo\/#primaryimage\"},\"thumbnailUrl\":\"https:\/\/centcols.org\/wp-content\/uploads\/2025\/02\/JP-Cuffolo-e1747139252497.png\",\"articleSection\":[\"Carnet noir\",\"Gazette\"],\"inLanguage\":\"nl-BE\",\"potentialAction\":[{\"@type\":\"CommentAction\",\"name\":\"Comment\",\"target\":[\"https:\/\/centcols.org\/jean-paul-cuffolo\/#respond\"]}]},{\"@type\":\"WebPage\",\"@id\":\"https:\/\/centcols.org\/jean-paul-cuffolo\/\",\"url\":\"https:\/\/centcols.org\/jean-paul-cuffolo\/\",\"name\":\"Jean-Paul Cuffolo - Club des Cent Cols\",\"isPartOf\":{\"@id\":\"https:\/\/centcols.org\/#website\"},\"primaryImageOfPage\":{\"@id\":\"https:\/\/centcols.org\/jean-paul-cuffolo\/#primaryimage\"},\"image\":{\"@id\":\"https:\/\/centcols.org\/jean-paul-cuffolo\/#primaryimage\"},\"thumbnailUrl\":\"https:\/\/centcols.org\/wp-content\/uploads\/2025\/02\/JP-Cuffolo-e1747139252497.png\",\"datePublished\":\"2023-04-26T08:57:26+00:00\",\"dateModified\":\"2025-09-13T06:38:47+00:00\",\"breadcrumb\":{\"@id\":\"https:\/\/centcols.org\/jean-paul-cuffolo\/#breadcrumb\"},\"inLanguage\":\"nl-BE\",\"potentialAction\":[{\"@type\":\"ReadAction\",\"target\":[\"https:\/\/centcols.org\/jean-paul-cuffolo\/\"]}]},{\"@type\":\"ImageObject\",\"inLanguage\":\"nl-BE\",\"@id\":\"https:\/\/centcols.org\/jean-paul-cuffolo\/#primaryimage\",\"url\":\"https:\/\/centcols.org\/wp-content\/uploads\/2025\/02\/JP-Cuffolo-e1747139252497.png\",\"contentUrl\":\"https:\/\/centcols.org\/wp-content\/uploads\/2025\/02\/JP-Cuffolo-e1747139252497.png\",\"width\":301,\"height\":232},{\"@type\":\"BreadcrumbList\",\"@id\":\"https:\/\/centcols.org\/jean-paul-cuffolo\/#breadcrumb\",\"itemListElement\":[{\"@type\":\"ListItem\",\"position\":1,\"name\":\"Accueil\",\"item\":\"https:\/\/centcols.org\/\"},{\"@type\":\"ListItem\",\"position\":2,\"name\":\"Gazette\",\"item\":\"https:\/\/centcols.org\/rubrique\/gazette\/\"},{\"@type\":\"ListItem\",\"position\":3,\"name\":\"Jean-Paul Cuffolo\"}]},{\"@type\":\"WebSite\",\"@id\":\"https:\/\/centcols.org\/#website\",\"url\":\"https:\/\/centcols.org\/\",\"name\":\"Club des Cent Cols\",\"description\":\"\",\"publisher\":{\"@id\":\"https:\/\/centcols.org\/#organization\"},\"potentialAction\":[{\"@type\":\"SearchAction\",\"target\":{\"@type\":\"EntryPoint\",\"urlTemplate\":\"https:\/\/centcols.org\/?s={search_term_string}\"},\"query-input\":{\"@type\":\"PropertyValueSpecification\",\"valueRequired\":true,\"valueName\":\"search_term_string\"}}],\"inLanguage\":\"nl-BE\"},{\"@type\":\"Organization\",\"@id\":\"https:\/\/centcols.org\/#organization\",\"name\":\"Club des Cent Cols\",\"url\":\"https:\/\/centcols.org\/\",\"logo\":{\"@type\":\"ImageObject\",\"inLanguage\":\"nl-BE\",\"@id\":\"https:\/\/centcols.org\/#\/schema\/logo\/image\/\",\"url\":\"https:\/\/centcols.org\/wp-content\/uploads\/2025\/01\/carte-icone.png\",\"contentUrl\":\"https:\/\/centcols.org\/wp-content\/uploads\/2025\/01\/carte-icone.png\",\"width\":250,\"height\":250,\"caption\":\"Club des Cent Cols\"},\"image\":{\"@id\":\"https:\/\/centcols.org\/#\/schema\/logo\/image\/\"},\"sameAs\":[\"https:\/\/www.facebook.com\/groups\/5261880558\/?locale=fr_FR\"]},{\"@type\":\"Person\",\"@id\":\"https:\/\/centcols.org\/#\/schema\/person\/911b404fb133d8c913dd27cdcf71c8e5\",\"name\":\"Webmestre\",\"image\":{\"@type\":\"ImageObject\",\"inLanguage\":\"nl-BE\",\"@id\":\"https:\/\/centcols.org\/wp-content\/litespeed\/avatar\/2d246e4b6b4f773e08515e1ffc53690b.jpg?ver=1777222892\",\"url\":\"https:\/\/centcols.org\/wp-content\/litespeed\/avatar\/2d246e4b6b4f773e08515e1ffc53690b.jpg?ver=1777222892\",\"contentUrl\":\"https:\/\/centcols.org\/wp-content\/litespeed\/avatar\/2d246e4b6b4f773e08515e1ffc53690b.jpg?ver=1777222892\",\"caption\":\"Webmestre\"},\"url\":\"https:\/\/centcols.org\/nl\/author\/webmestre\/\"}]}<\/script>\n<!-- \/ Yoast SEO plugin. -->","yoast_head_json":{"title":"Jean-Paul Cuffolo - Club des Cent Cols","robots":{"index":"index","follow":"follow","max-snippet":"max-snippet:-1","max-image-preview":"max-image-preview:large","max-video-preview":"max-video-preview:-1"},"canonical":"https:\/\/centcols.org\/nl\/jean-paul-cuffolo\/","og_locale":"nl_BE","og_type":"article","og_title":"Jean-Paul Cuffolo - Club des Cent Cols","og_description":"Jean-Paul Cuffolo, cent cols n\u00b01899 nous a quitt\u00e9s la veille de P\u00e2ques juste apr\u00e8s ses septante ans. Malade depuis plus d&rsquo;un an, il m&rsquo;avait dit dans un dernier message vouloir tenir jusqu&rsquo;\u00e0 une derni\u00e8re fl\u00e8che pascale.&nbsp;Adh\u00e9rent des CT Albertvillois depuis plus de quarante ans, Jean-Paul avait v\u00e9cu l&rsquo;aventure de plusieurs fl\u00e8ches, et de Paris Brest. [&hellip;]","og_url":"https:\/\/centcols.org\/nl\/jean-paul-cuffolo\/","og_site_name":"Club des Cent Cols","article_publisher":"https:\/\/www.facebook.com\/groups\/5261880558\/?locale=fr_FR","article_published_time":"2023-04-26T08:57:26+00:00","article_modified_time":"2025-09-13T06:38:47+00:00","og_image":[{"width":301,"height":232,"url":"https:\/\/centcols.org\/wp-content\/uploads\/2025\/02\/JP-Cuffolo-e1747139252497.png","type":"image\/png"}],"author":"Webmestre","twitter_card":"summary_large_image","twitter_misc":{"Geschreven door":"Webmestre","Geschatte leestijd":"2 minuten"},"schema":{"@context":"https:\/\/schema.org","@graph":[{"@type":"Article","@id":"https:\/\/centcols.org\/jean-paul-cuffolo\/#article","isPartOf":{"@id":"https:\/\/centcols.org\/jean-paul-cuffolo\/"},"author":{"name":"Webmestre","@id":"https:\/\/centcols.org\/#\/schema\/person\/911b404fb133d8c913dd27cdcf71c8e5"},"headline":"Jean-Paul Cuffolo","datePublished":"2023-04-26T08:57:26+00:00","dateModified":"2025-09-13T06:38:47+00:00","mainEntityOfPage":{"@id":"https:\/\/centcols.org\/jean-paul-cuffolo\/"},"wordCount":169,"commentCount":0,"publisher":{"@id":"https:\/\/centcols.org\/#organization"},"image":{"@id":"https:\/\/centcols.org\/jean-paul-cuffolo\/#primaryimage"},"thumbnailUrl":"https:\/\/centcols.org\/wp-content\/uploads\/2025\/02\/JP-Cuffolo-e1747139252497.png","articleSection":["Carnet noir","Gazette"],"inLanguage":"nl-BE","potentialAction":[{"@type":"CommentAction","name":"Comment","target":["https:\/\/centcols.org\/jean-paul-cuffolo\/#respond"]}]},{"@type":"WebPage","@id":"https:\/\/centcols.org\/jean-paul-cuffolo\/","url":"https:\/\/centcols.org\/jean-paul-cuffolo\/","name":"Jean-Paul Cuffolo - Club des Cent Cols","isPartOf":{"@id":"https:\/\/centcols.org\/#website"},"primaryImageOfPage":{"@id":"https:\/\/centcols.org\/jean-paul-cuffolo\/#primaryimage"},"image":{"@id":"https:\/\/centcols.org\/jean-paul-cuffolo\/#primaryimage"},"thumbnailUrl":"https:\/\/centcols.org\/wp-content\/uploads\/2025\/02\/JP-Cuffolo-e1747139252497.png","datePublished":"2023-04-26T08:57:26+00:00","dateModified":"2025-09-13T06:38:47+00:00","breadcrumb":{"@id":"https:\/\/centcols.org\/jean-paul-cuffolo\/#breadcrumb"},"inLanguage":"nl-BE","potentialAction":[{"@type":"ReadAction","target":["https:\/\/centcols.org\/jean-paul-cuffolo\/"]}]},{"@type":"ImageObject","inLanguage":"nl-BE","@id":"https:\/\/centcols.org\/jean-paul-cuffolo\/#primaryimage","url":"https:\/\/centcols.org\/wp-content\/uploads\/2025\/02\/JP-Cuffolo-e1747139252497.png","contentUrl":"https:\/\/centcols.org\/wp-content\/uploads\/2025\/02\/JP-Cuffolo-e1747139252497.png","width":301,"height":232},{"@type":"BreadcrumbList","@id":"https:\/\/centcols.org\/jean-paul-cuffolo\/#breadcrumb","itemListElement":[{"@type":"ListItem","position":1,"name":"Accueil","item":"https:\/\/centcols.org\/"},{"@type":"ListItem","position":2,"name":"Gazette","item":"https:\/\/centcols.org\/rubrique\/gazette\/"},{"@type":"ListItem","position":3,"name":"Jean-Paul Cuffolo"}]},{"@type":"WebSite","@id":"https:\/\/centcols.org\/#website","url":"https:\/\/centcols.org\/","name":"Club van Cent Cols","description":"","publisher":{"@id":"https:\/\/centcols.org\/#organization"},"potentialAction":[{"@type":"SearchAction","target":{"@type":"EntryPoint","urlTemplate":"https:\/\/centcols.org\/?s={search_term_string}"},"query-input":{"@type":"PropertyValueSpecification","valueRequired":true,"valueName":"search_term_string"}}],"inLanguage":"nl-BE"},{"@type":"Organization","@id":"https:\/\/centcols.org\/#organization","name":"Club van Cent Cols","url":"https:\/\/centcols.org\/","logo":{"@type":"ImageObject","inLanguage":"nl-BE","@id":"https:\/\/centcols.org\/#\/schema\/logo\/image\/","url":"https:\/\/centcols.org\/wp-content\/uploads\/2025\/01\/carte-icone.png","contentUrl":"https:\/\/centcols.org\/wp-content\/uploads\/2025\/01\/carte-icone.png","width":250,"height":250,"caption":"Club des Cent Cols"},"image":{"@id":"https:\/\/centcols.org\/#\/schema\/logo\/image\/"},"sameAs":["https:\/\/www.facebook.com\/groups\/5261880558\/?locale=fr_FR"]},{"@type":"Person","@id":"https:\/\/centcols.org\/#\/schema\/person\/911b404fb133d8c913dd27cdcf71c8e5","name":"Webmaster","image":{"@type":"ImageObject","inLanguage":"nl-BE","@id":"https:\/\/centcols.org\/wp-content\/litespeed\/avatar\/2d246e4b6b4f773e08515e1ffc53690b.jpg?ver=1777222892","url":"https:\/\/centcols.org\/wp-content\/litespeed\/avatar\/2d246e4b6b4f773e08515e1ffc53690b.jpg?ver=1777222892","contentUrl":"https:\/\/centcols.org\/wp-content\/litespeed\/avatar\/2d246e4b6b4f773e08515e1ffc53690b.jpg?ver=1777222892","caption":"Webmestre"},"url":"https:\/\/centcols.org\/nl\/author\/webmestre\/"}]}},"_links":{"self":[{"href":"https:\/\/centcols.org\/nl\/wp-json\/wp\/v2\/posts\/79583","targetHints":{"allow":["GET"]}}],"collection":[{"href":"https:\/\/centcols.org\/nl\/wp-json\/wp\/v2\/posts"}],"about":[{"href":"https:\/\/centcols.org\/nl\/wp-json\/wp\/v2\/types\/post"}],"author":[{"embeddable":true,"href":"https:\/\/centcols.org\/nl\/wp-json\/wp\/v2\/users\/3"}],"replies":[{"embeddable":true,"href":"https:\/\/centcols.org\/nl\/wp-json\/wp\/v2\/comments?post=79583"}],"version-history":[{"count":0,"href":"https:\/\/centcols.org\/nl\/wp-json\/wp\/v2\/posts\/79583\/revisions"}],"wp:featuredmedia":[{"embeddable":true,"href":"https:\/\/centcols.org\/nl\/wp-json\/wp\/v2\/media\/79584"}],"wp:attachment":[{"href":"https:\/\/centcols.org\/nl\/wp-json\/wp\/v2\/media?parent=79583"}],"wp:term":[{"taxonomy":"category","embeddable":true,"href":"https:\/\/centcols.org\/nl\/wp-json\/wp\/v2\/categories?post=79583"},{"taxonomy":"post_tag","embeddable":true,"href":"https:\/\/centcols.org\/nl\/wp-json\/wp\/v2\/tags?post=79583"}],"curies":[{"name":"wp","href":"https:\/\/api.w.org\/{rel}","templated":true}]}}