{"id":79592,"date":"2023-10-16T10:57:26","date_gmt":"2023-10-16T08:57:26","guid":{"rendered":"https:\/\/centcols.org\/marcel-bioud\/"},"modified":"2025-05-13T13:57:23","modified_gmt":"2025-05-13T11:57:23","slug":"marcel-bioud","status":"publish","type":"post","link":"https:\/\/centcols.org\/nl\/marcel-bioud\/","title":{"rendered":"Marcel Bioud"},"content":{"rendered":"<div class=\"wp-block-image\">\n<figure class=\"aligncenter size-full\"><img loading=\"lazy\" decoding=\"async\" width=\"1920\" height=\"1080\" src=\"https:\/\/centcols.org\/wp-content\/uploads\/2025\/02\/marcel-bioud-02.jpg\" alt=\"\" class=\"wp-image-79661\" srcset=\"https:\/\/centcols.org\/wp-content\/uploads\/2025\/02\/marcel-bioud-02.jpg 1920w, https:\/\/centcols.org\/wp-content\/uploads\/2025\/02\/marcel-bioud-02-1200x675.jpg 1200w, https:\/\/centcols.org\/wp-content\/uploads\/2025\/02\/marcel-bioud-02-768x432.jpg 768w, https:\/\/centcols.org\/wp-content\/uploads\/2025\/02\/marcel-bioud-02-1536x864.jpg 1536w, https:\/\/centcols.org\/wp-content\/uploads\/2025\/02\/marcel-bioud-02-600x338.jpg 600w\" sizes=\"auto, (max-width: 1920px) 100vw, 1920px\" \/><\/figure>\n<\/div>\n\n\n<p>Beste Cent-Cols vrienden,<\/p>\n\n\n\n<p>Met groot verdriet heb ik zojuist kennis genomen van het overlijden van onze oude vriend<br>Marcel Bioud.<\/p>\n\n\n\n<p>Marcel was 90 jaar oud en een van de eerste leden van onze Confr\u00e9rie (nr. 12).<\/p>\n\n\n\n<p>Zijn eerste lijst met passen verraste velen. Niet alleen presenteerde hij een lijst<br>van enkele honderden passen, maar een groot aantal van deze passen waren<br>muilezeldrijvers! De mountainbike bestond niet, dus Marcel had een oude fiets in elkaar geflanst.<br>alle terreinen.<\/p>\n\n\n\n<p>Het was ook Marcel die de eerste lijst met passen in de Noordelijke Alpen opstelde in<br>het uitvinden van de Michelin-co\u00f6rdinaten.<\/p>\n\n\n\n<p>We hadden het genoegen om hem weer te zien in Col Luitel tijdens onze laatste<br>het evenement van vorig jaar.<br><\/p>\n\n\n\n<p style=\"font-style:normal;font-weight:900\">Jean Perdoux - CCC nr. 1<\/p>\n\n\n\n<p><\/p>\n\n\n\n<p><\/p>","protected":false},"excerpt":{"rendered":"<p>Chers amis Cent-Cols, Je viens d&rsquo;apprendre avec une grande tristesse le d\u00e9c\u00e8s de notre vieil amiMarcel Bioud. Marcel avait 90 ans, il fut l&rsquo;un des premiers inscrits \u00e0 notre Confr\u00e9rie (n\u00b012). Sa premi\u00e8re liste de cols \u00e9tonna beaucoup. Non seulement il pr\u00e9senta une listede plusieurs centaines de cols mais un grand nombre de ces cols [&hellip;]<\/p>\n","protected":false},"author":58,"featured_media":79661,"comment_status":"open","ping_status":"open","sticky":false,"template":"","format":"standard","meta":{"_acf_changed":false,"footnotes":""},"categories":[130,129],"tags":[],"class_list":["post-79592","post","type-post","status-publish","format-standard","has-post-thumbnail","hentry","category-carnet-noir","category-gazette"],"acf":[],"yoast_head":"<!-- This site is optimized with the Yoast SEO plugin v27.2 - https:\/\/yoast.com\/product\/yoast-seo-wordpress\/ -->\n<title>Marcel Bioud - Club des Cent Cols<\/title>\n<meta name=\"robots\" content=\"index, follow, max-snippet:-1, max-image-preview:large, max-video-preview:-1\" \/>\n<link rel=\"canonical\" href=\"https:\/\/centcols.org\/nl\/marcel-bioud\/\" \/>\n<meta property=\"og:locale\" content=\"nl_BE\" \/>\n<meta property=\"og:type\" content=\"article\" \/>\n<meta property=\"og:title\" content=\"Marcel Bioud - Club des Cent Cols\" \/>\n<meta property=\"og:description\" content=\"Chers amis Cent-Cols, Je viens d&rsquo;apprendre avec une grande tristesse le d\u00e9c\u00e8s de notre vieil amiMarcel Bioud. Marcel avait 90 ans, il fut l&rsquo;un des premiers inscrits \u00e0 notre Confr\u00e9rie (n\u00b012). Sa premi\u00e8re liste de cols \u00e9tonna beaucoup. Non seulement il pr\u00e9senta une listede plusieurs centaines de cols mais un grand nombre de ces cols [&hellip;]\" \/>\n<meta property=\"og:url\" content=\"https:\/\/centcols.org\/nl\/marcel-bioud\/\" \/>\n<meta property=\"og:site_name\" content=\"Club des Cent Cols\" \/>\n<meta property=\"article:publisher\" content=\"https:\/\/www.facebook.com\/groups\/5261880558\/?locale=fr_FR\" \/>\n<meta property=\"article:published_time\" content=\"2023-10-16T08:57:26+00:00\" \/>\n<meta property=\"article:modified_time\" content=\"2025-05-13T11:57:23+00:00\" \/>\n<meta property=\"og:image\" content=\"https:\/\/centcols.org\/wp-content\/uploads\/2025\/02\/marcel-bioud-02.jpg\" \/>\n\t<meta property=\"og:image:width\" content=\"1920\" \/>\n\t<meta property=\"og:image:height\" content=\"1080\" \/>\n\t<meta property=\"og:image:type\" content=\"image\/jpeg\" \/>\n<meta name=\"author\" content=\"Enrico Alberini\" \/>\n<meta name=\"twitter:card\" content=\"summary_large_image\" \/>\n<meta name=\"twitter:label1\" content=\"Geschreven door\" \/>\n\t<meta name=\"twitter:data1\" content=\"Enrico Alberini\" \/>\n\t<meta name=\"twitter:label2\" content=\"Geschatte leestijd\" \/>\n\t<meta name=\"twitter:data2\" content=\"1 minuut\" \/>\n<script type=\"application\/ld+json\" class=\"yoast-schema-graph\">{\"@context\":\"https:\/\/schema.org\",\"@graph\":[{\"@type\":\"Article\",\"@id\":\"https:\/\/centcols.org\/marcel-bioud\/#article\",\"isPartOf\":{\"@id\":\"https:\/\/centcols.org\/marcel-bioud\/\"},\"author\":{\"name\":\"Enrico Alberini\",\"@id\":\"https:\/\/centcols.org\/#\/schema\/person\/86c3ec6889d88501a29fccac614bebf8\"},\"headline\":\"Marcel Bioud\",\"datePublished\":\"2023-10-16T08:57:26+00:00\",\"dateModified\":\"2025-05-13T11:57:23+00:00\",\"mainEntityOfPage\":{\"@id\":\"https:\/\/centcols.org\/marcel-bioud\/\"},\"wordCount\":126,\"commentCount\":1,\"publisher\":{\"@id\":\"https:\/\/centcols.org\/#organization\"},\"image\":{\"@id\":\"https:\/\/centcols.org\/marcel-bioud\/#primaryimage\"},\"thumbnailUrl\":\"https:\/\/centcols.org\/wp-content\/uploads\/2025\/02\/marcel-bioud-02.jpg\",\"articleSection\":[\"Carnet noir\",\"Gazette\"],\"inLanguage\":\"nl-BE\",\"potentialAction\":[{\"@type\":\"CommentAction\",\"name\":\"Comment\",\"target\":[\"https:\/\/centcols.org\/marcel-bioud\/#respond\"]}]},{\"@type\":\"WebPage\",\"@id\":\"https:\/\/centcols.org\/marcel-bioud\/\",\"url\":\"https:\/\/centcols.org\/marcel-bioud\/\",\"name\":\"Marcel Bioud - Club des Cent Cols\",\"isPartOf\":{\"@id\":\"https:\/\/centcols.org\/#website\"},\"primaryImageOfPage\":{\"@id\":\"https:\/\/centcols.org\/marcel-bioud\/#primaryimage\"},\"image\":{\"@id\":\"https:\/\/centcols.org\/marcel-bioud\/#primaryimage\"},\"thumbnailUrl\":\"https:\/\/centcols.org\/wp-content\/uploads\/2025\/02\/marcel-bioud-02.jpg\",\"datePublished\":\"2023-10-16T08:57:26+00:00\",\"dateModified\":\"2025-05-13T11:57:23+00:00\",\"breadcrumb\":{\"@id\":\"https:\/\/centcols.org\/marcel-bioud\/#breadcrumb\"},\"inLanguage\":\"nl-BE\",\"potentialAction\":[{\"@type\":\"ReadAction\",\"target\":[\"https:\/\/centcols.org\/marcel-bioud\/\"]}]},{\"@type\":\"ImageObject\",\"inLanguage\":\"nl-BE\",\"@id\":\"https:\/\/centcols.org\/marcel-bioud\/#primaryimage\",\"url\":\"https:\/\/centcols.org\/wp-content\/uploads\/2025\/02\/marcel-bioud-02.jpg\",\"contentUrl\":\"https:\/\/centcols.org\/wp-content\/uploads\/2025\/02\/marcel-bioud-02.jpg\",\"width\":1920,\"height\":1080},{\"@type\":\"BreadcrumbList\",\"@id\":\"https:\/\/centcols.org\/marcel-bioud\/#breadcrumb\",\"itemListElement\":[{\"@type\":\"ListItem\",\"position\":1,\"name\":\"Accueil\",\"item\":\"https:\/\/centcols.org\/\"},{\"@type\":\"ListItem\",\"position\":2,\"name\":\"Gazette\",\"item\":\"https:\/\/centcols.org\/rubrique\/gazette\/\"},{\"@type\":\"ListItem\",\"position\":3,\"name\":\"Carnet noir\",\"item\":\"https:\/\/centcols.org\/rubrique\/gazette\/carnet-noir\/\"},{\"@type\":\"ListItem\",\"position\":4,\"name\":\"Marcel Bioud\"}]},{\"@type\":\"WebSite\",\"@id\":\"https:\/\/centcols.org\/#website\",\"url\":\"https:\/\/centcols.org\/\",\"name\":\"Club des Cent Cols\",\"description\":\"\",\"publisher\":{\"@id\":\"https:\/\/centcols.org\/#organization\"},\"potentialAction\":[{\"@type\":\"SearchAction\",\"target\":{\"@type\":\"EntryPoint\",\"urlTemplate\":\"https:\/\/centcols.org\/?s={search_term_string}\"},\"query-input\":{\"@type\":\"PropertyValueSpecification\",\"valueRequired\":true,\"valueName\":\"search_term_string\"}}],\"inLanguage\":\"nl-BE\"},{\"@type\":\"Organization\",\"@id\":\"https:\/\/centcols.org\/#organization\",\"name\":\"Club des Cent Cols\",\"url\":\"https:\/\/centcols.org\/\",\"logo\":{\"@type\":\"ImageObject\",\"inLanguage\":\"nl-BE\",\"@id\":\"https:\/\/centcols.org\/#\/schema\/logo\/image\/\",\"url\":\"https:\/\/centcols.org\/wp-content\/uploads\/2025\/01\/carte-icone.png\",\"contentUrl\":\"https:\/\/centcols.org\/wp-content\/uploads\/2025\/01\/carte-icone.png\",\"width\":250,\"height\":250,\"caption\":\"Club des Cent Cols\"},\"image\":{\"@id\":\"https:\/\/centcols.org\/#\/schema\/logo\/image\/\"},\"sameAs\":[\"https:\/\/www.facebook.com\/groups\/5261880558\/?locale=fr_FR\"]},{\"@type\":\"Person\",\"@id\":\"https:\/\/centcols.org\/#\/schema\/person\/86c3ec6889d88501a29fccac614bebf8\",\"name\":\"Enrico Alberini\",\"image\":{\"@type\":\"ImageObject\",\"inLanguage\":\"nl-BE\",\"@id\":\"https:\/\/centcols.org\/wp-content\/litespeed\/avatar\/1b26e36a18d85acc8b0f860f9628213f.jpg?ver=1777240766\",\"url\":\"https:\/\/centcols.org\/wp-content\/litespeed\/avatar\/1b26e36a18d85acc8b0f860f9628213f.jpg?ver=1777240766\",\"contentUrl\":\"https:\/\/centcols.org\/wp-content\/litespeed\/avatar\/1b26e36a18d85acc8b0f860f9628213f.jpg?ver=1777240766\",\"caption\":\"Enrico Alberini\"},\"url\":\"https:\/\/centcols.org\/nl\/author\/5065\/\"}]}<\/script>\n<!-- \/ Yoast SEO plugin. -->","yoast_head_json":{"title":"Marcel Bioud - Club des Cent Cols","robots":{"index":"index","follow":"follow","max-snippet":"max-snippet:-1","max-image-preview":"max-image-preview:large","max-video-preview":"max-video-preview:-1"},"canonical":"https:\/\/centcols.org\/nl\/marcel-bioud\/","og_locale":"nl_BE","og_type":"article","og_title":"Marcel Bioud - Club des Cent Cols","og_description":"Chers amis Cent-Cols, Je viens d&rsquo;apprendre avec une grande tristesse le d\u00e9c\u00e8s de notre vieil amiMarcel Bioud. Marcel avait 90 ans, il fut l&rsquo;un des premiers inscrits \u00e0 notre Confr\u00e9rie (n\u00b012). Sa premi\u00e8re liste de cols \u00e9tonna beaucoup. Non seulement il pr\u00e9senta une listede plusieurs centaines de cols mais un grand nombre de ces cols [&hellip;]","og_url":"https:\/\/centcols.org\/nl\/marcel-bioud\/","og_site_name":"Club des Cent Cols","article_publisher":"https:\/\/www.facebook.com\/groups\/5261880558\/?locale=fr_FR","article_published_time":"2023-10-16T08:57:26+00:00","article_modified_time":"2025-05-13T11:57:23+00:00","og_image":[{"width":1920,"height":1080,"url":"https:\/\/centcols.org\/wp-content\/uploads\/2025\/02\/marcel-bioud-02.jpg","type":"image\/jpeg"}],"author":"Enrico Alberini","twitter_card":"summary_large_image","twitter_misc":{"Geschreven door":"Enrico Alberini","Geschatte leestijd":"1 minuut"},"schema":{"@context":"https:\/\/schema.org","@graph":[{"@type":"Article","@id":"https:\/\/centcols.org\/marcel-bioud\/#article","isPartOf":{"@id":"https:\/\/centcols.org\/marcel-bioud\/"},"author":{"name":"Enrico Alberini","@id":"https:\/\/centcols.org\/#\/schema\/person\/86c3ec6889d88501a29fccac614bebf8"},"headline":"Marcel Bioud","datePublished":"2023-10-16T08:57:26+00:00","dateModified":"2025-05-13T11:57:23+00:00","mainEntityOfPage":{"@id":"https:\/\/centcols.org\/marcel-bioud\/"},"wordCount":126,"commentCount":1,"publisher":{"@id":"https:\/\/centcols.org\/#organization"},"image":{"@id":"https:\/\/centcols.org\/marcel-bioud\/#primaryimage"},"thumbnailUrl":"https:\/\/centcols.org\/wp-content\/uploads\/2025\/02\/marcel-bioud-02.jpg","articleSection":["Carnet noir","Gazette"],"inLanguage":"nl-BE","potentialAction":[{"@type":"CommentAction","name":"Comment","target":["https:\/\/centcols.org\/marcel-bioud\/#respond"]}]},{"@type":"WebPage","@id":"https:\/\/centcols.org\/marcel-bioud\/","url":"https:\/\/centcols.org\/marcel-bioud\/","name":"Marcel Bioud - Club des Cent Cols","isPartOf":{"@id":"https:\/\/centcols.org\/#website"},"primaryImageOfPage":{"@id":"https:\/\/centcols.org\/marcel-bioud\/#primaryimage"},"image":{"@id":"https:\/\/centcols.org\/marcel-bioud\/#primaryimage"},"thumbnailUrl":"https:\/\/centcols.org\/wp-content\/uploads\/2025\/02\/marcel-bioud-02.jpg","datePublished":"2023-10-16T08:57:26+00:00","dateModified":"2025-05-13T11:57:23+00:00","breadcrumb":{"@id":"https:\/\/centcols.org\/marcel-bioud\/#breadcrumb"},"inLanguage":"nl-BE","potentialAction":[{"@type":"ReadAction","target":["https:\/\/centcols.org\/marcel-bioud\/"]}]},{"@type":"ImageObject","inLanguage":"nl-BE","@id":"https:\/\/centcols.org\/marcel-bioud\/#primaryimage","url":"https:\/\/centcols.org\/wp-content\/uploads\/2025\/02\/marcel-bioud-02.jpg","contentUrl":"https:\/\/centcols.org\/wp-content\/uploads\/2025\/02\/marcel-bioud-02.jpg","width":1920,"height":1080},{"@type":"BreadcrumbList","@id":"https:\/\/centcols.org\/marcel-bioud\/#breadcrumb","itemListElement":[{"@type":"ListItem","position":1,"name":"Accueil","item":"https:\/\/centcols.org\/"},{"@type":"ListItem","position":2,"name":"Gazette","item":"https:\/\/centcols.org\/rubrique\/gazette\/"},{"@type":"ListItem","position":3,"name":"Carnet noir","item":"https:\/\/centcols.org\/rubrique\/gazette\/carnet-noir\/"},{"@type":"ListItem","position":4,"name":"Marcel Bioud"}]},{"@type":"WebSite","@id":"https:\/\/centcols.org\/#website","url":"https:\/\/centcols.org\/","name":"Club van Cent Cols","description":"","publisher":{"@id":"https:\/\/centcols.org\/#organization"},"potentialAction":[{"@type":"SearchAction","target":{"@type":"EntryPoint","urlTemplate":"https:\/\/centcols.org\/?s={search_term_string}"},"query-input":{"@type":"PropertyValueSpecification","valueRequired":true,"valueName":"search_term_string"}}],"inLanguage":"nl-BE"},{"@type":"Organization","@id":"https:\/\/centcols.org\/#organization","name":"Club van Cent Cols","url":"https:\/\/centcols.org\/","logo":{"@type":"ImageObject","inLanguage":"nl-BE","@id":"https:\/\/centcols.org\/#\/schema\/logo\/image\/","url":"https:\/\/centcols.org\/wp-content\/uploads\/2025\/01\/carte-icone.png","contentUrl":"https:\/\/centcols.org\/wp-content\/uploads\/2025\/01\/carte-icone.png","width":250,"height":250,"caption":"Club des Cent Cols"},"image":{"@id":"https:\/\/centcols.org\/#\/schema\/logo\/image\/"},"sameAs":["https:\/\/www.facebook.com\/groups\/5261880558\/?locale=fr_FR"]},{"@type":"Person","@id":"https:\/\/centcols.org\/#\/schema\/person\/86c3ec6889d88501a29fccac614bebf8","name":"Enrico Alberini","image":{"@type":"ImageObject","inLanguage":"nl-BE","@id":"https:\/\/centcols.org\/wp-content\/litespeed\/avatar\/1b26e36a18d85acc8b0f860f9628213f.jpg?ver=1777240766","url":"https:\/\/centcols.org\/wp-content\/litespeed\/avatar\/1b26e36a18d85acc8b0f860f9628213f.jpg?ver=1777240766","contentUrl":"https:\/\/centcols.org\/wp-content\/litespeed\/avatar\/1b26e36a18d85acc8b0f860f9628213f.jpg?ver=1777240766","caption":"Enrico Alberini"},"url":"https:\/\/centcols.org\/nl\/author\/5065\/"}]}},"_links":{"self":[{"href":"https:\/\/centcols.org\/nl\/wp-json\/wp\/v2\/posts\/79592","targetHints":{"allow":["GET"]}}],"collection":[{"href":"https:\/\/centcols.org\/nl\/wp-json\/wp\/v2\/posts"}],"about":[{"href":"https:\/\/centcols.org\/nl\/wp-json\/wp\/v2\/types\/post"}],"author":[{"embeddable":true,"href":"https:\/\/centcols.org\/nl\/wp-json\/wp\/v2\/users\/58"}],"replies":[{"embeddable":true,"href":"https:\/\/centcols.org\/nl\/wp-json\/wp\/v2\/comments?post=79592"}],"version-history":[{"count":0,"href":"https:\/\/centcols.org\/nl\/wp-json\/wp\/v2\/posts\/79592\/revisions"}],"wp:featuredmedia":[{"embeddable":true,"href":"https:\/\/centcols.org\/nl\/wp-json\/wp\/v2\/media\/79661"}],"wp:attachment":[{"href":"https:\/\/centcols.org\/nl\/wp-json\/wp\/v2\/media?parent=79592"}],"wp:term":[{"taxonomy":"category","embeddable":true,"href":"https:\/\/centcols.org\/nl\/wp-json\/wp\/v2\/categories?post=79592"},{"taxonomy":"post_tag","embeddable":true,"href":"https:\/\/centcols.org\/nl\/wp-json\/wp\/v2\/tags?post=79592"}],"curies":[{"name":"wp","href":"https:\/\/api.w.org\/{rel}","templated":true}]}}